{"id":2134,"date":"2025-09-03T20:23:24","date_gmt":"2025-09-04T00:23:24","guid":{"rendered":"https:\/\/www.upla.cl\/titulosygrados\/?p=2134"},"modified":"2025-11-18T19:14:10","modified_gmt":"2025-11-18T22:14:10","slug":"titulaciones-upla-2025-aqui-el-listado-de-carreras-y-participantes","status":"publish","type":"post","link":"https:\/\/www.upla.cl\/titulosygrados\/2025\/09\/03\/titulaciones-upla-2025-aqui-el-listado-de-carreras-y-participantes\/","title":{"rendered":"Titulaciones UPLA 2025: Aqu\u00ed el listado de carreras y participantes"},"content":{"rendered":"<p>[et_pb_section fb_built=\u00bb1&#8243; admin_label=\u00bbHeader\u00bb _builder_version=\u00bb4.27.4&#8243; background_color=\u00bbrgba(0,0,0,0.64)\u00bb background_image=\u00bbhttps:\/\/www.upla.cl\/titulosygrados\/wp-content\/uploads\/2024\/06\/postgradooficial.png\u00bb background_blend=\u00bboverlay\u00bb custom_margin=\u00bb|||\u00bb custom_padding=\u00bb20vw|0px|0|0px|false|false\u00bb global_colors_info=\u00bb{}\u00bb][et_pb_row column_structure=\u00bb3_4,1_4&#8243; padding_top_bottom_link_1=\u00bbfalse\u00bb padding_left_right_link_1=\u00bbtrue\u00bb _builder_version=\u00bb4.16&#8243; background_size=\u00bbinitial\u00bb background_position=\u00bbtop_left\u00bb background_repeat=\u00bbrepeat\u00bb max_width=\u00bb1160px\u00bb custom_margin=\u00bb|||||false\u00bb custom_padding=\u00bb27px|0px|0|0px|false|false\u00bb use_custom_width=\u00bbon\u00bb custom_width_px=\u00bb1160px\u00bb global_colors_info=\u00bb{}\u00bb][et_pb_column type=\u00bb3_4&#8243; _builder_version=\u00bb4.16&#8243; background_color=\u00bb#ffffff\u00bb custom_padding=\u00bb40px|40px|0px|40px\u00bb global_colors_info=\u00bb{}\u00bb custom_padding__hover=\u00bb|||\u00bb][et_pb_post_title author=\u00bboff\u00bb date_format=\u00bbj M Y\u00bb categories=\u00bboff\u00bb comments=\u00bboff\u00bb featured_image=\u00bboff\u00bb _builder_version=\u00bb4.25.2&#8243; _module_preset=\u00bbdefault\u00bb title_font=\u00bb|700|||||||\u00bb title_font_size=\u00bb30px\u00bb global_colors_info=\u00bb{}\u00bb][\/et_pb_post_title][et_pb_divider color=\u00bb#098cf2&#8243; divider_weight=\u00bb4px\u00bb _builder_version=\u00bb4.16&#8243; max_width=\u00bb140px\u00bb height=\u00bb4px\u00bb locked=\u00bboff\u00bb global_colors_info=\u00bb{}\u00bb][\/et_pb_divider][\/et_pb_column][et_pb_column type=\u00bb1_4&#8243; _builder_version=\u00bb4.16&#8243; custom_padding=\u00bb|||\u00bb global_colors_info=\u00bb{}\u00bb custom_padding__hover=\u00bb|||\u00bb][\/et_pb_column][\/et_pb_row][\/et_pb_section][et_pb_section fb_built=\u00bb1&#8243; disabled_on=\u00bboff|off|off\u00bb _builder_version=\u00bb4.22.0&#8243; _module_preset=\u00bbdefault\u00bb custom_padding=\u00bb50px||70px|||\u00bb global_colors_info=\u00bb{}\u00bb][et_pb_row use_custom_gutter=\u00bbon\u00bb gutter_width=\u00bb1&#8243; _builder_version=\u00bb4.22.2&#8243; _module_preset=\u00bbdefault\u00bb width=\u00bb90%\u00bb max_width=\u00bb2560px\u00bb custom_padding=\u00bb||9px|||\u00bb global_colors_info=\u00bb{}\u00bb][et_pb_column type=\u00bb4_4&#8243; _builder_version=\u00bb4.17.6&#8243; _module_preset=\u00bbdefault\u00bb global_colors_info=\u00bb{}\u00bb][et_pb_text admin_label=\u00bbTexto informativo\u00bb _builder_version=\u00bb4.27.4&#8243; _module_preset=\u00bbdefault\u00bb text_font_size=\u00bb18px\u00bb global_colors_info=\u00bb{}\u00bb]<\/p>\n<p>La Universidad de Playa Ancha, a trav\u00e9s de su <strong>Oficina de T\u00edtulos y Grados,<\/strong> da a conocer las fechas y los listados de participantes de las <strong>Ceremonias de<\/strong> <strong>Titulaci\u00f3n 2025 para las carreras en el Campus Valpara\u00edso)<\/strong>, eventos que se realizar\u00e1n en el Aula Dr. F\u00e9lix Morales Pettorino de Casa Central (Av. Playa Ancha 850, Playa Ancha, Valpara\u00edso) en los meses de octubre y noviembre de 2025.<\/p>\n<p>Destacamos en esta ocasi\u00f3n que alrededor de novecientos ser\u00e1 el grupo de exestudiantes que recibir\u00e1 su certificado.<\/p>\n<p>[\/et_pb_text][\/et_pb_column][\/et_pb_row][\/et_pb_section][et_pb_section fb_built=\u00bb1&#8243; disabled_on=\u00bboff|off|off\u00bb _builder_version=\u00bb4.27.4&#8243; _module_preset=\u00bbdefault\u00bb background_color=\u00bbrgba(12,113,195,0.12)\u00bb width=\u00bb100%\u00bb max_width=\u00bb100%\u00bb min_height=\u00bb160.1px\u00bb custom_margin=\u00bb46px||-3px|||\u00bb custom_padding=\u00bb5px|||||\u00bb global_colors_info=\u00bb{}\u00bb][et_pb_row use_custom_gutter=\u00bbon\u00bb gutter_width=\u00bb1&#8243; _builder_version=\u00bb4.25.2&#8243; _module_preset=\u00bbdefault\u00bb width=\u00bb96%\u00bb max_width=\u00bb2560px\u00bb module_alignment=\u00bbleft\u00bb custom_padding=\u00bb||9px|3%|false|false\u00bb global_colors_info=\u00bb{}\u00bb][et_pb_column type=\u00bb4_4&#8243; _builder_version=\u00bb4.17.6&#8243; _module_preset=\u00bbdefault\u00bb global_colors_info=\u00bb{}\u00bb][et_pb_blurb title=\u00bbFACULTAD DE CIENCIAS SOCIALES\u00bb use_icon=\u00bbon\u00bb font_icon=\u00bb&#xf073;||fa||400&#8243; icon_color=\u00bb#009bdb\u00bb icon_placement=\u00bbleft\u00bb image_icon_width=\u00bb53px\u00bb content_max_width=\u00bb1100px\u00bb admin_label=\u00bbAnuncio: Ceremonia de titulaci\u00f3n: jueves 9 de noviembre de 2023 10.30 horas\u00bb _builder_version=\u00bb4.27.4&#8243; _module_preset=\u00bbdefault\u00bb header_font=\u00bb|800||on|||||\u00bb header_text_color=\u00bb#303030&#8243; header_font_size=\u00bb27px\u00bb body_font=\u00bb||||||||\u00bb body_text_color=\u00bb#0099cc\u00bb body_font_size=\u00bb16px\u00bb custom_margin=\u00bb||-1px|||\u00bb global_colors_info=\u00bb{}\u00bb]<\/p>\n<h1><strong>Jueves 2 de octubre de 2025, 10.30 horas<\/strong><\/h1>\n<p>Aula Dr. F\u00e9lix Morales Pettorino, Casa Central, Universidad de Playa Ancha.<\/p>\n<p>[\/et_pb_blurb][\/et_pb_column][\/et_pb_row][et_pb_row column_structure=\u00bb1_3,1_3,1_3&#8243; use_custom_gutter=\u00bbon\u00bb disabled_on=\u00bboff|off|off\u00bb _builder_version=\u00bb4.22.0&#8243; _module_preset=\u00bbdefault\u00bb width=\u00bb94%\u00bb max_width=\u00bb2560px\u00bb custom_padding=\u00bb18px||18px|||\u00bb global_colors_info=\u00bb{}\u00bb][et_pb_column type=\u00bb1_3&#8243; _builder_version=\u00bb4.17.6&#8243; _module_preset=\u00bbdefault\u00bb global_colors_info=\u00bb{}\u00bb][et_pb_toggle title=\u00bbBIBLIOTECOLOG\u00cdA\u00bb open_toggle_text_color=\u00bb#000000&#8243; open_toggle_background_color=\u00bb#FFFFFF\u00bb closed_toggle_background_color=\u00bb#FFFFFF\u00bb icon_color=\u00bb#009bdb\u00bb toggle_icon=\u00bb&#xe048;||divi||400&#8243; use_icon_font_size=\u00bbon\u00bb icon_font_size=\u00bb26px\u00bb open_icon_color=\u00bb#009bdb\u00bb open_toggle_icon=\u00bb&#xe047;||divi||400&#8243; open_use_icon_font_size=\u00bbon\u00bb open_icon_font_size=\u00bb26px\u00bb disabled_on=\u00bboff|off|off\u00bb admin_label=\u00bbProfesor o profesora de Educaci\u00f3n B\u00e1sica\u00bb _builder_version=\u00bb4.27.4&#8243; _module_preset=\u00bbdefault\u00bb title_text_color=\u00bb#000000&#8243; title_font=\u00bb|700||on|||||\u00bb border_radii=\u00bboff||20px||20px\u00bb global_colors_info=\u00bb{}\u00bb]<\/p>\n<table border=\"0\" cellpadding=\"0\" cellspacing=\"0\" width=\"100%\" style=\"border-collapse: collapse; width: 100%;\">\n<tbody>\n<tr>\n<td style=\"width: 65pt;\"><strong>Apellido paterno<\/strong><\/td>\n<td style=\"width: 65pt;\"><strong>Apellido materno<\/strong><\/td>\n<td style=\"width: 65pt;\"><strong>Nombres<\/strong><\/td>\n<\/tr>\n<tr height=\"20\" style=\"height: 15.0pt;\">\n<td height=\"20\" width=\"87\" style=\"height: 15.0pt; width: 65pt;\">Aceituno<\/td>\n<td width=\"87\" style=\"width: 65pt;\">S\u00e1nchez<\/td>\n<td width=\"87\" style=\"width: 65pt;\">Angie Alexandra<\/td>\n<\/tr>\n<tr height=\"20\" style=\"height: 15.0pt;\">\n<td height=\"20\" style=\"height: 15.0pt;\">Arancibia<\/td>\n<td>Guerra<\/td>\n<td>Mariana Ximena<\/td>\n<\/tr>\n<tr height=\"20\" style=\"height: 15.0pt;\">\n<td height=\"20\" style=\"height: 15.0pt;\">Bravo<\/td>\n<td>Toro<\/td>\n<td>Vicente Jos\u00e9 Mar\u00eda<\/td>\n<\/tr>\n<tr height=\"20\" style=\"height: 15.0pt;\">\n<td height=\"20\" style=\"height: 15.0pt;\">Bustamante<\/td>\n<td>Encina<\/td>\n<td>Tamara Elizabeth<\/td>\n<\/tr>\n<tr height=\"20\" style=\"height: 15.0pt;\">\n<td height=\"20\" style=\"height: 15.0pt;\">Carrillo<\/td>\n<td>Riquelme<\/td>\n<td>Roc\u00edo Macarena<\/td>\n<\/tr>\n<tr height=\"20\" style=\"height: 15.0pt;\">\n<td height=\"20\" style=\"height: 15.0pt;\">Castro<\/td>\n<td>Mayea<\/td>\n<td>Isabel Alejandra<\/td>\n<\/tr>\n<tr height=\"20\" style=\"height: 15.0pt;\">\n<td height=\"20\" style=\"height: 15.0pt;\">Cisternas<\/td>\n<td>Rojas<\/td>\n<td>Camila Bel\u00e9n<\/td>\n<\/tr>\n<tr height=\"20\" style=\"height: 15.0pt;\">\n<td height=\"20\" style=\"height: 15.0pt;\">Collarte<\/td>\n<td>Placencia<\/td>\n<td>Jos\u00e9 Luis<\/td>\n<\/tr>\n<tr height=\"20\" style=\"height: 15.0pt;\">\n<td height=\"20\" style=\"height: 15.0pt;\">Donoso<\/td>\n<td>Sep\u00falveda<\/td>\n<td>Gabriela Del Pilar<\/td>\n<\/tr>\n<tr height=\"20\" style=\"height: 15.0pt;\">\n<td height=\"20\" style=\"height: 15.0pt;\">G\u00f3mez<\/td>\n<td>Camus<\/td>\n<td>Marjorie Victoria Del Carmen<\/td>\n<\/tr>\n<tr height=\"20\" style=\"height: 15.0pt;\">\n<td height=\"20\" style=\"height: 15.0pt;\">Mardones<\/td>\n<td>Gatill\u00f3n<\/td>\n<td>Scarlette Uberlinda<\/td>\n<\/tr>\n<tr height=\"20\" style=\"height: 15.0pt;\">\n<td height=\"20\" style=\"height: 15.0pt;\">Meza<\/td>\n<td>Mart\u00ednez<\/td>\n<td>Rosario Francisca Teresa Mar\u00eda<\/td>\n<\/tr>\n<tr height=\"20\" style=\"height: 15.0pt;\">\n<td height=\"20\" style=\"height: 15.0pt;\">Prado<\/td>\n<td>Madariaga<\/td>\n<td>Tom\u00e1s Enrique<\/td>\n<\/tr>\n<tr height=\"20\" style=\"height: 15.0pt;\">\n<td height=\"20\" style=\"height: 15.0pt;\">Provoste<\/td>\n<td>Pe\u00f1a<\/td>\n<td>Evelyn Maribel<\/td>\n<\/tr>\n<tr height=\"20\" style=\"height: 15.0pt;\">\n<td height=\"20\" style=\"height: 15.0pt;\">Rolle<\/td>\n<td>Pe\u00f1a<\/td>\n<td>Catalina Bel\u00e9n<\/td>\n<\/tr>\n<tr height=\"20\" style=\"height: 15.0pt;\">\n<td height=\"20\" style=\"height: 15.0pt;\">Sanhueza<\/td>\n<td>Acu\u00f1a<\/td>\n<td>Katherine Yenny<\/td>\n<\/tr>\n<tr height=\"20\" style=\"height: 15.0pt;\">\n<td height=\"20\" style=\"height: 15.0pt;\">Valdebenito<\/td>\n<td>Valenzuela<\/td>\n<td>Carolina Andrea<\/td>\n<\/tr>\n<tr height=\"20\" style=\"height: 15.0pt;\">\n<td height=\"20\" style=\"height: 15.0pt;\">Valladares<\/td>\n<td>Cort\u00e9s<\/td>\n<td>Fabi\u00e1n Esteban<\/td>\n<\/tr>\n<tr height=\"20\" style=\"height: 15.0pt;\">\n<td height=\"20\" style=\"height: 15.0pt;\">Valverde<\/td>\n<td>Parra<\/td>\n<td>Camila Soledad<\/td>\n<\/tr>\n<\/tbody>\n<\/table>\n<p>[\/et_pb_toggle][\/et_pb_column][et_pb_column type=\u00bb1_3&#8243; _builder_version=\u00bb4.17.6&#8243; _module_preset=\u00bbdefault\u00bb global_colors_info=\u00bb{}\u00bb][et_pb_toggle title=\u00bbPERIODISMO\u00bb open_toggle_text_color=\u00bb#000000&#8243; open_toggle_background_color=\u00bb#FFFFFF\u00bb closed_toggle_background_color=\u00bb#FFFFFF\u00bb icon_color=\u00bb#009bdb\u00bb toggle_icon=\u00bb&#xe048;||divi||400&#8243; use_icon_font_size=\u00bbon\u00bb icon_font_size=\u00bb26px\u00bb open_icon_color=\u00bb#009bdb\u00bb open_toggle_icon=\u00bb&#xe047;||divi||400&#8243; open_use_icon_font_size=\u00bbon\u00bb open_icon_font_size=\u00bb26px\u00bb disabled_on=\u00bboff|off|off\u00bb admin_label=\u00bbProfesor o profesora de Educaci\u00f3n B\u00e1sica, menci\u00f3n en Lengua Castellana y Comunicaci\u00f3n\u00bb _builder_version=\u00bb4.27.4&#8243; _module_preset=\u00bbdefault\u00bb title_text_color=\u00bb#000000&#8243; title_font=\u00bb|700||on|||||\u00bb border_radii=\u00bboff||20px||20px\u00bb global_colors_info=\u00bb{}\u00bb]<\/p>\n<table border=\"0\" cellpadding=\"0\" cellspacing=\"0\" width=\"100%\" style=\"border-collapse: collapse; width: 100%; height: 624px;\">\n<tbody>\n<tr style=\"height: 24px;\">\n<td style=\"width: 65pt; height: 24px;\"><strong>Apellido paterno<\/strong><\/td>\n<td style=\"width: 65pt; height: 24px;\"><strong>Apellido materno<\/strong><\/td>\n<td style=\"width: 65pt; height: 24px;\"><strong>Nombres<\/strong><\/td>\n<\/tr>\n<tr height=\"20\" style=\"height: 15.0pt;\">\n<td height=\"20\" width=\"87\" style=\"height: 15px; width: 65pt;\">Aravena<\/td>\n<td width=\"87\" style=\"width: 65pt; height: 15px;\">Mery<\/td>\n<td width=\"87\" style=\"width: 65pt; height: 15px;\">Johans Alexanders<\/td>\n<\/tr>\n<tr height=\"20\" style=\"height: 15.0pt;\">\n<td height=\"20\" style=\"height: 15px;\">Armijo<\/td>\n<td style=\"height: 15px;\">Quintanilla<\/td>\n<td style=\"height: 15px;\">Fabi\u00e1n Alonso<\/td>\n<\/tr>\n<tr height=\"20\" style=\"height: 15.0pt;\">\n<td height=\"20\" style=\"height: 15px;\">Aros<\/td>\n<td style=\"height: 15px;\">Vicent<\/td>\n<td style=\"height: 15px;\">Rodrigo Alfonso<\/td>\n<\/tr>\n<tr height=\"20\" style=\"height: 15.0pt;\">\n<td height=\"20\" style=\"height: 15px;\">Bustamante<\/td>\n<td style=\"height: 15px;\">Aravena<\/td>\n<td style=\"height: 15px;\">Fabrizio Alfredo<\/td>\n<\/tr>\n<tr height=\"20\" style=\"height: 15.0pt;\">\n<td height=\"20\" style=\"height: 15px;\">Calder\u00f3n<\/td>\n<td style=\"height: 15px;\">Valenzuela<\/td>\n<td style=\"height: 15px;\">Juan Pablo<\/td>\n<\/tr>\n<tr height=\"20\" style=\"height: 15.0pt;\">\n<td height=\"20\" style=\"height: 15px;\">Campa\u00f1a<\/td>\n<td style=\"height: 15px;\">Ponce<\/td>\n<td style=\"height: 15px;\">Javiera Bel\u00e9n<\/td>\n<\/tr>\n<tr height=\"20\" style=\"height: 15.0pt;\">\n<td height=\"20\" style=\"height: 15px;\">Cerna<\/td>\n<td style=\"height: 15px;\">Mendoza<\/td>\n<td style=\"height: 15px;\">Fabi\u00e1n Andre<\/td>\n<\/tr>\n<tr height=\"20\" style=\"height: 15.0pt;\">\n<td height=\"20\" style=\"height: 15px;\">Chamizo<\/td>\n<td style=\"height: 15px;\">Vergara<\/td>\n<td style=\"height: 15px;\">Constanza Sof\u00eda<\/td>\n<\/tr>\n<tr height=\"20\" style=\"height: 15.0pt;\">\n<td height=\"20\" style=\"height: 15px;\">Cobelli<\/td>\n<td style=\"height: 15px;\">Huerta<\/td>\n<td style=\"height: 15px;\">Gabriel Ignacio<\/td>\n<\/tr>\n<tr height=\"20\" style=\"height: 15.0pt;\">\n<td height=\"20\" style=\"height: 15px;\">Coronado<\/td>\n<td style=\"height: 15px;\">Toro<\/td>\n<td style=\"height: 15px;\">Consuelo Bel\u00e9n<\/td>\n<\/tr>\n<tr height=\"20\" style=\"height: 15.0pt;\">\n<td height=\"20\" style=\"height: 15px;\">Cortez<\/td>\n<td style=\"height: 15px;\">Catal\u00e1n<\/td>\n<td style=\"height: 15px;\">Jiagoda Judith<\/td>\n<\/tr>\n<tr height=\"20\" style=\"height: 15.0pt;\">\n<td height=\"20\" style=\"height: 15px;\">Fuentes<\/td>\n<td style=\"height: 15px;\">\u00c1lamos<\/td>\n<td style=\"height: 15px;\">Valentina Ignacia<\/td>\n<\/tr>\n<tr height=\"20\" style=\"height: 15.0pt;\">\n<td height=\"20\" style=\"height: 15px;\">Gaete<\/td>\n<td style=\"height: 15px;\">Mondaca<\/td>\n<td style=\"height: 15px;\">Javiera Constanza<\/td>\n<\/tr>\n<tr height=\"20\" style=\"height: 15.0pt;\">\n<td height=\"20\" style=\"height: 15px;\">G\u00e1lvez<\/td>\n<td style=\"height: 15px;\">Estay<\/td>\n<td style=\"height: 15px;\">Mat\u00edas Guillermo<\/td>\n<\/tr>\n<tr height=\"20\" style=\"height: 15.0pt;\">\n<td height=\"20\" style=\"height: 15px;\">Godoy<\/td>\n<td style=\"height: 15px;\">Aravena<\/td>\n<td style=\"height: 15px;\">Diego Exequiel<\/td>\n<\/tr>\n<tr height=\"20\" style=\"height: 15.0pt;\">\n<td height=\"20\" style=\"height: 15px;\">Godoy<\/td>\n<td style=\"height: 15px;\">Garc\u00eda<\/td>\n<td style=\"height: 15px;\">Rub\u00e9n Octavio<\/td>\n<\/tr>\n<tr height=\"20\" style=\"height: 15.0pt;\">\n<td height=\"20\" style=\"height: 15px;\">Gonz\u00e1lez<\/td>\n<td style=\"height: 15px;\">D\u00edaz<\/td>\n<td style=\"height: 15px;\">Laura Catalina<\/td>\n<\/tr>\n<tr height=\"20\" style=\"height: 15.0pt;\">\n<td height=\"20\" style=\"height: 15px;\">Guerra<\/td>\n<td style=\"height: 15px;\">Bascu\u00f1\u00e1n<\/td>\n<td style=\"height: 15px;\">Catalina Alessandra<\/td>\n<\/tr>\n<tr height=\"20\" style=\"height: 15.0pt;\">\n<td height=\"20\" style=\"height: 15px;\">Jorquera<\/td>\n<td style=\"height: 15px;\">Pangue<\/td>\n<td style=\"height: 15px;\">Yessenia Constanza<\/td>\n<\/tr>\n<tr height=\"20\" style=\"height: 15.0pt;\">\n<td height=\"20\" style=\"height: 15px;\">Latorre<\/td>\n<td style=\"height: 15px;\">Galleguillos<\/td>\n<td style=\"height: 15px;\">Ana\u00eds Almendra<\/td>\n<\/tr>\n<tr height=\"20\" style=\"height: 15.0pt;\">\n<td height=\"20\" style=\"height: 15px;\">Menares<\/td>\n<td style=\"height: 15px;\">Catal\u00e1n<\/td>\n<td style=\"height: 15px;\">Nicol\u00e1s Ignacio<\/td>\n<\/tr>\n<tr height=\"20\" style=\"height: 15.0pt;\">\n<td height=\"20\" style=\"height: 15px;\">M\u00e9ndez<\/td>\n<td style=\"height: 15px;\">Bravo<\/td>\n<td style=\"height: 15px;\">Geraldine Yanina<\/td>\n<\/tr>\n<tr height=\"20\" style=\"height: 15.0pt;\">\n<td height=\"20\" style=\"height: 15px;\">Miranda<\/td>\n<td style=\"height: 15px;\">Silva<\/td>\n<td style=\"height: 15px;\">Francisca Paola<\/td>\n<\/tr>\n<tr height=\"20\" style=\"height: 15.0pt;\">\n<td height=\"20\" style=\"height: 15px;\">Miranda<\/td>\n<td style=\"height: 15px;\">Torres<\/td>\n<td style=\"height: 15px;\">Camila Gabriela<\/td>\n<\/tr>\n<tr height=\"20\" style=\"height: 15.0pt;\">\n<td height=\"20\" style=\"height: 15px;\">Monsalve<\/td>\n<td style=\"height: 15px;\">Medina<\/td>\n<td style=\"height: 15px;\">Vicente<\/td>\n<\/tr>\n<tr height=\"20\" style=\"height: 15.0pt;\">\n<td height=\"20\" style=\"height: 15px;\">Mora<\/td>\n<td style=\"height: 15px;\">Meza<\/td>\n<td style=\"height: 15px;\">Lucas Mat\u00edas<\/td>\n<\/tr>\n<tr height=\"20\" style=\"height: 15.0pt;\">\n<td height=\"20\" style=\"height: 15px;\">Mu\u00f1oz<\/td>\n<td style=\"height: 15px;\">Castro<\/td>\n<td style=\"height: 15px;\">Vinka Irina<\/td>\n<\/tr>\n<tr height=\"20\" style=\"height: 15.0pt;\">\n<td height=\"20\" style=\"height: 15px;\">Past\u00e9n<\/td>\n<td style=\"height: 15px;\">Estay<\/td>\n<td style=\"height: 15px;\">Thabata Alyn<\/td>\n<\/tr>\n<tr height=\"20\" style=\"height: 15.0pt;\">\n<td height=\"20\" style=\"height: 15px;\">P\u00e9rez<\/td>\n<td style=\"height: 15px;\">Cardoza<\/td>\n<td style=\"height: 15px;\">Mat\u00edas Nicol\u00e1s Gonzalo<\/td>\n<\/tr>\n<tr height=\"20\" style=\"height: 15.0pt;\">\n<td height=\"20\" style=\"height: 15px;\">P\u00e9rez<\/td>\n<td style=\"height: 15px;\">Mon\u00e1rdez<\/td>\n<td style=\"height: 15px;\">Constanza Javiera<\/td>\n<\/tr>\n<tr height=\"20\" style=\"height: 15.0pt;\">\n<td height=\"20\" style=\"height: 15px;\">Pinto<\/td>\n<td style=\"height: 15px;\">Arredondo<\/td>\n<td style=\"height: 15px;\">Michelle Cherie<\/td>\n<\/tr>\n<tr height=\"20\" style=\"height: 15.0pt;\">\n<td height=\"20\" style=\"height: 15px;\">Ram\u00edrez<\/td>\n<td style=\"height: 15px;\">Tapia<\/td>\n<td style=\"height: 15px;\">Fernanda Esther<\/td>\n<\/tr>\n<tr height=\"20\" style=\"height: 15.0pt;\">\n<td height=\"20\" style=\"height: 15px;\">Rocco<\/td>\n<td style=\"height: 15px;\">Ezquero<\/td>\n<td style=\"height: 15px;\">Valentina Paz<\/td>\n<\/tr>\n<tr height=\"20\" style=\"height: 15.0pt;\">\n<td height=\"20\" style=\"height: 15px;\">Silva<\/td>\n<td style=\"height: 15px;\">Gallegos<\/td>\n<td style=\"height: 15px;\">Andre Ignacio<\/td>\n<\/tr>\n<tr height=\"20\" style=\"height: 15.0pt;\">\n<td height=\"20\" style=\"height: 15px;\">Tapia<\/td>\n<td style=\"height: 15px;\">Mu\u00f1oz<\/td>\n<td style=\"height: 15px;\">Basti\u00e1n Nicol\u00e1s<\/td>\n<\/tr>\n<tr height=\"20\" style=\"height: 15.0pt;\">\n<td height=\"20\" style=\"height: 15px;\">Toledo<\/td>\n<td style=\"height: 15px;\">Guzm\u00e1n<\/td>\n<td style=\"height: 15px;\">Juan Antonio<\/td>\n<\/tr>\n<tr height=\"20\" style=\"height: 15.0pt;\">\n<td height=\"20\" style=\"height: 15px;\">Toledo<\/td>\n<td style=\"height: 15px;\">N\u00fa\u00f1ez<\/td>\n<td style=\"height: 15px;\">Mauricio Ignacio<\/td>\n<\/tr>\n<tr height=\"20\" style=\"height: 15.0pt;\">\n<td height=\"20\" style=\"height: 15px;\">Valderrama<\/td>\n<td style=\"height: 15px;\">Z\u00fa\u00f1iga<\/td>\n<td style=\"height: 15px;\">Rub\u00e9n Ignacio<\/td>\n<\/tr>\n<tr height=\"20\" style=\"height: 15.0pt;\">\n<td height=\"20\" style=\"height: 15px;\">Vergara<\/td>\n<td style=\"height: 15px;\">Salazar<\/td>\n<td style=\"height: 15px;\">Hugo Ignacio<\/td>\n<\/tr>\n<tr height=\"20\" style=\"height: 15.0pt;\">\n<td height=\"20\" style=\"height: 15px;\">Vilches<\/td>\n<td style=\"height: 15px;\">Menares<\/td>\n<td style=\"height: 15px;\">Valentina Javiera<\/td>\n<\/tr>\n<\/tbody>\n<\/table>\n<p>[\/et_pb_toggle][\/et_pb_column][et_pb_column type=\u00bb1_3&#8243; _builder_version=\u00bb4.17.6&#8243; _module_preset=\u00bbdefault\u00bb global_colors_info=\u00bb{}\u00bb][et_pb_toggle title=\u00bbSOCIOLOG\u00cdA\u00bb open_toggle_text_color=\u00bb#000000&#8243; open_toggle_background_color=\u00bb#FFFFFF\u00bb closed_toggle_background_color=\u00bb#FFFFFF\u00bb icon_color=\u00bb#009bdb\u00bb toggle_icon=\u00bb&#xe048;||divi||400&#8243; use_icon_font_size=\u00bbon\u00bb icon_font_size=\u00bb26px\u00bb open_icon_color=\u00bb#009bdb\u00bb open_toggle_icon=\u00bb&#xe047;||divi||400&#8243; open_use_icon_font_size=\u00bbon\u00bb open_icon_font_size=\u00bb26px\u00bb disabled_on=\u00bboff|off|off\u00bb admin_label=\u00bbEducador o Educadora de P\u00e1rvulos\u00bb _builder_version=\u00bb4.27.4&#8243; _module_preset=\u00bbdefault\u00bb title_text_color=\u00bb#000000&#8243; title_font=\u00bb|700||on|||||\u00bb border_radii=\u00bboff||20px||20px\u00bb global_colors_info=\u00bb{}\u00bb]<\/p>\n<table border=\"0\" cellpadding=\"0\" cellspacing=\"0\" width=\"100%\" style=\"border-collapse: collapse; width: 100%; height: 254px;\">\n<tbody>\n<tr>\n<td style=\"width: 65pt;\"><strong>Apellido paterno<\/strong><\/td>\n<td style=\"width: 65pt;\"><strong>Apellido materno<\/strong><\/td>\n<td style=\"width: 65pt;\"><strong>Nombres<\/strong><\/td>\n<\/tr>\n<tr height=\"20\" style=\"height: 15.0pt;\">\n<td height=\"20\" width=\"87\" style=\"height: 14px; width: 65pt;\">Arancibia<\/td>\n<td width=\"87\" style=\"width: 65pt; height: 14px;\">Salinas<\/td>\n<td width=\"87\" style=\"width: 65pt; height: 14px;\">Diego Fernando<\/td>\n<\/tr>\n<tr height=\"20\" style=\"height: 15.0pt;\">\n<td height=\"20\" style=\"height: 15px;\">Bustos<\/td>\n<td style=\"height: 15px;\">Az\u00faa<\/td>\n<td style=\"height: 15px;\">Jorge Emilio<\/td>\n<\/tr>\n<tr height=\"20\" style=\"height: 15.0pt;\">\n<td height=\"20\" style=\"height: 15px;\">Carrasco<\/td>\n<td style=\"height: 15px;\">Ramos<\/td>\n<td style=\"height: 15px;\">Ignacio Andr\u00e9s<\/td>\n<\/tr>\n<tr height=\"20\" style=\"height: 15.0pt;\">\n<td height=\"20\" style=\"height: 15px;\">Castro<\/td>\n<td style=\"height: 15px;\">Llanos<\/td>\n<td style=\"height: 15px;\">Francisca Ignacia<\/td>\n<\/tr>\n<tr height=\"20\" style=\"height: 15.0pt;\">\n<td height=\"20\" style=\"height: 15px;\">Flores<\/td>\n<td style=\"height: 15px;\">Moreno<\/td>\n<td style=\"height: 15px;\">Claudio Gonzalo<\/td>\n<\/tr>\n<tr height=\"20\" style=\"height: 15.0pt;\">\n<td height=\"20\" style=\"height: 15px;\">Flores<\/td>\n<td style=\"height: 15px;\">Pacheco<\/td>\n<td style=\"height: 15px;\">Luis An\u00edbal<\/td>\n<\/tr>\n<tr height=\"20\" style=\"height: 15.0pt;\">\n<td height=\"20\" style=\"height: 15px;\">Fort<\/td>\n<td style=\"height: 15px;\">D\u00edaz<\/td>\n<td style=\"height: 15px;\">Rodolfo Javier<\/td>\n<\/tr>\n<tr height=\"20\" style=\"height: 15.0pt;\">\n<td height=\"20\" style=\"height: 15px;\">G\u00f3mez<\/td>\n<td style=\"height: 15px;\">Tapia<\/td>\n<td style=\"height: 15px;\">Pablo Ignacio Mois\u00e9s<\/td>\n<\/tr>\n<tr height=\"20\" style=\"height: 15.0pt;\">\n<td height=\"20\" style=\"height: 15px;\">Gonz\u00e1lez<\/td>\n<td style=\"height: 15px;\">Dahmen<\/td>\n<td style=\"height: 15px;\">Javiera Andrea<\/td>\n<\/tr>\n<tr height=\"20\" style=\"height: 15.0pt;\">\n<td height=\"20\" style=\"height: 15px;\">Mart\u00ednez<\/td>\n<td style=\"height: 15px;\">Ballesteros<\/td>\n<td style=\"height: 15px;\">Loreto Francisca<\/td>\n<\/tr>\n<tr height=\"20\" style=\"height: 15.0pt;\">\n<td height=\"20\" style=\"height: 15px;\">Muga<\/td>\n<td style=\"height: 15px;\">Mu\u00f1oz<\/td>\n<td style=\"height: 15px;\">Byron Javier<\/td>\n<\/tr>\n<tr height=\"20\" style=\"height: 15.0pt;\">\n<td height=\"20\" style=\"height: 15px;\">Nervi<\/td>\n<td style=\"height: 15px;\">Guerrero<\/td>\n<td style=\"height: 15px;\">Fernanda Franshesca Mikaela<\/td>\n<\/tr>\n<tr height=\"20\" style=\"height: 15.0pt;\">\n<td height=\"20\" style=\"height: 15px;\">Peirano<\/td>\n<td style=\"height: 15px;\">Godoy<\/td>\n<td style=\"height: 15px;\">Alessandra Andrea<\/td>\n<\/tr>\n<tr height=\"20\" style=\"height: 15.0pt;\">\n<td height=\"20\" style=\"height: 15px;\">Segura<\/td>\n<td style=\"height: 15px;\">Vega<\/td>\n<td style=\"height: 15px;\">Gloria Estefan\u00eda<\/td>\n<\/tr>\n<tr height=\"20\" style=\"height: 15.0pt;\">\n<td height=\"20\" style=\"height: 15px;\">Soto<\/td>\n<td style=\"height: 15px;\">Salazar<\/td>\n<td style=\"height: 15px;\">Nicol\u00e1s Leonardo<\/td>\n<\/tr>\n<tr height=\"20\" style=\"height: 15.0pt;\">\n<td height=\"20\" style=\"height: 15px;\">Soto<\/td>\n<td style=\"height: 15px;\">Vargas<\/td>\n<td style=\"height: 15px;\">Nelson Francisco<\/td>\n<\/tr>\n<tr height=\"20\" style=\"height: 15.0pt;\">\n<td height=\"20\" style=\"height: 15px;\">Zurita<\/td>\n<td style=\"height: 15px;\">Mel\u00edn<\/td>\n<td style=\"height: 15px;\">Paula Viviana<\/td>\n<\/tr>\n<\/tbody>\n<\/table>\n<p>[\/et_pb_toggle][\/et_pb_column][\/et_pb_row][et_pb_row use_custom_gutter=\u00bbon\u00bb disabled_on=\u00bboff|off|off\u00bb _builder_version=\u00bb4.22.0&#8243; _module_preset=\u00bbdefault\u00bb width=\u00bb94%\u00bb max_width=\u00bb2560px\u00bb custom_padding=\u00bb18px||18px|||\u00bb global_colors_info=\u00bb{}\u00bb][et_pb_column type=\u00bb4_4&#8243; _builder_version=\u00bb4.17.6&#8243; _module_preset=\u00bbdefault\u00bb global_colors_info=\u00bb{}\u00bb][et_pb_blurb use_icon=\u00bbon\u00bb font_icon=\u00bb&#x45;||divi||400&#8243; icon_color=\u00bb#009bdb\u00bb icon_placement=\u00bbleft\u00bb image_icon_width=\u00bb53px\u00bb content_max_width=\u00bb1100px\u00bb admin_label=\u00bbAnuncio: Ceremonia de titulaci\u00f3n: jueves 9 de noviembre de 2023 10.30 horas\u00bb _builder_version=\u00bb4.27.4&#8243; _module_preset=\u00bbdefault\u00bb header_font=\u00bb|800||on|||||\u00bb header_text_color=\u00bb#303030&#8243; header_font_size=\u00bb27px\u00bb body_font=\u00bb||||||||\u00bb body_text_color=\u00bb#0099cc\u00bb body_font_size=\u00bb16px\u00bb custom_margin=\u00bb||-1px|||\u00bb global_colors_info=\u00bb{}\u00bb]<\/p>\n<h1><strong>Jueves 2 de octubre de 2025, 15.30 horas<\/strong><\/h1>\n<p>Aula Dr. F\u00e9lix Morales Pettorino, Casa Central, Universidad de Playa Ancha.<\/p>\n<p>[\/et_pb_blurb][\/et_pb_column][\/et_pb_row][et_pb_row column_structure=\u00bb1_3,1_3,1_3&#8243; use_custom_gutter=\u00bbon\u00bb disabled_on=\u00bboff|off|off\u00bb _builder_version=\u00bb4.22.0&#8243; _module_preset=\u00bbdefault\u00bb width=\u00bb94%\u00bb max_width=\u00bb2560px\u00bb custom_padding=\u00bb18px||18px|||\u00bb global_colors_info=\u00bb{}\u00bb][et_pb_column type=\u00bb1_3&#8243; _builder_version=\u00bb4.17.6&#8243; _module_preset=\u00bbdefault\u00bb global_colors_info=\u00bb{}\u00bb][et_pb_toggle title=\u00bbPSICOLOG\u00cdA\u00bb open_toggle_text_color=\u00bb#000000&#8243; open_toggle_background_color=\u00bb#FFFFFF\u00bb closed_toggle_background_color=\u00bb#FFFFFF\u00bb icon_color=\u00bb#009bdb\u00bb toggle_icon=\u00bb&#xe048;||divi||400&#8243; use_icon_font_size=\u00bbon\u00bb icon_font_size=\u00bb26px\u00bb open_icon_color=\u00bb#009bdb\u00bb open_toggle_icon=\u00bb&#xe047;||divi||400&#8243; open_use_icon_font_size=\u00bbon\u00bb open_icon_font_size=\u00bb26px\u00bb disabled_on=\u00bboff|off|off\u00bb admin_label=\u00bbEducador o Educadora de P\u00e1rvulos\u00bb _builder_version=\u00bb4.27.4&#8243; _module_preset=\u00bbdefault\u00bb title_text_color=\u00bb#000000&#8243; title_font=\u00bb|700||on|||||\u00bb border_radii=\u00bboff||20px||20px\u00bb global_colors_info=\u00bb{}\u00bb]<\/p>\n<table width=\"100%\" style=\"width: 100%;\">\n<tbody>\n<tr>\n<td><strong>Apellido paterno<\/strong><\/td>\n<td><strong>Apellido materno<\/strong><\/td>\n<td><strong>Nombres<\/strong><\/td>\n<\/tr>\n<tr>\n<td width=\"87\">Acevedo<\/td>\n<td width=\"87\">Barraza<\/td>\n<td width=\"87\">Rub\u00e9n Dar\u00edo<\/td>\n<\/tr>\n<tr>\n<td>\u00c1guila<\/td>\n<td>Pacheco<\/td>\n<td>Danae Andrea<\/td>\n<\/tr>\n<tr>\n<td>Aguilera<\/td>\n<td>Figueroa<\/td>\n<td>Luis Ra\u00fal<\/td>\n<\/tr>\n<tr>\n<td>Alfaro<\/td>\n<td>Cancino<\/td>\n<td>Marcelo Antonio<\/td>\n<\/tr>\n<tr>\n<td>Allendes<\/td>\n<td>Torres<\/td>\n<td>Valentina Isidora<\/td>\n<\/tr>\n<tr>\n<td>Alvarado<\/td>\n<td>Peralta<\/td>\n<td>Constanza Evelyn<\/td>\n<\/tr>\n<tr>\n<td>Alvarez<\/td>\n<td>Pe\u00f1a<\/td>\n<td>Simon Patricio<\/td>\n<\/tr>\n<tr>\n<td>\u00c1lvarez<\/td>\n<td>Castro<\/td>\n<td>Valentina Javiera<\/td>\n<\/tr>\n<tr>\n<td>Andrade<\/td>\n<td>Guerrero<\/td>\n<td>Mart\u00edn Gerardo<\/td>\n<\/tr>\n<tr>\n<td>Araya<\/td>\n<td>Caris<\/td>\n<td>Joset Adelineyn<\/td>\n<\/tr>\n<tr>\n<td>Araya<\/td>\n<td>Valdivia<\/td>\n<td>Sof\u00eda Antonia<\/td>\n<\/tr>\n<tr>\n<td>Araya<\/td>\n<td>Vega<\/td>\n<td>Ariaknne Danniella<\/td>\n<\/tr>\n<tr>\n<td>Arriagada<\/td>\n<td>Allende<\/td>\n<td>Paula Konnie<\/td>\n<\/tr>\n<tr>\n<td>Barahona<\/td>\n<td>Retamal<\/td>\n<td>Aracelly Ayleen<\/td>\n<\/tr>\n<tr>\n<td>Barra<\/td>\n<td>Sep\u00falveda<\/td>\n<td>Daniela Francisca<\/td>\n<\/tr>\n<tr>\n<td>Barrera<\/td>\n<td>Carrasco<\/td>\n<td>Javiera Paz<\/td>\n<\/tr>\n<tr>\n<td>Berr\u00edos<\/td>\n<td>Lucero<\/td>\n<td>Melian Paz<\/td>\n<\/tr>\n<tr>\n<td>Brito<\/td>\n<td>Leiva<\/td>\n<td>Kathalina Scarlette<\/td>\n<\/tr>\n<tr>\n<td>Cairo<\/td>\n<td>Gonz\u00e1lez<\/td>\n<td>Lucas Mat\u00edas<\/td>\n<\/tr>\n<tr>\n<td>Carrasco<\/td>\n<td>Cortez<\/td>\n<td>Camila Esperanza<\/td>\n<\/tr>\n<tr>\n<td>Carvajal<\/td>\n<td>Irarr\u00e1zabal<\/td>\n<td>Paloma Ana\u00eds<\/td>\n<\/tr>\n<tr>\n<td>Castro<\/td>\n<td>Brice\u00f1o<\/td>\n<td>B\u00e1rbara Andrea<\/td>\n<\/tr>\n<tr>\n<td>Chiu<\/td>\n<td>Vera<\/td>\n<td>Jord\u00e1n Augusto Miao<\/td>\n<\/tr>\n<tr>\n<td>Concha<\/td>\n<td>Gonz\u00e1lez<\/td>\n<td>Bel\u00e9n Jireh<\/td>\n<\/tr>\n<tr>\n<td>Concha<\/td>\n<td>Montenegro<\/td>\n<td>Valery Fernanda<\/td>\n<\/tr>\n<tr>\n<td>Cordero<\/td>\n<td>Gallardo<\/td>\n<td>Sandra Iris<\/td>\n<\/tr>\n<tr>\n<td>Cruz<\/td>\n<td>Alegr\u00eda<\/td>\n<td>Diego Alexander<\/td>\n<\/tr>\n<tr>\n<td>Delgadillo<\/td>\n<td>Ram\u00edrez<\/td>\n<td>Javiera Almendra<\/td>\n<\/tr>\n<tr>\n<td>D\u00edaz<\/td>\n<td>Altamirano<\/td>\n<td>Karellys Scarlett<\/td>\n<\/tr>\n<tr>\n<td>Espinoza<\/td>\n<td>Contreras<\/td>\n<td>Sebasti\u00e1n Esteban<\/td>\n<\/tr>\n<tr>\n<td>Estroz<\/td>\n<td>Guti\u00e9rrez<\/td>\n<td>Javiera Catalina<\/td>\n<\/tr>\n<tr>\n<td>Fuentes<\/td>\n<td>D\u00edaz<\/td>\n<td>Angel Osvaldo<\/td>\n<\/tr>\n<tr>\n<td>Fuentes<\/td>\n<td>Urz\u00faa<\/td>\n<td>Felipe Ricardo<\/td>\n<\/tr>\n<tr>\n<td>Galarse<\/td>\n<td>Quilodr\u00e1n<\/td>\n<td>Juli\u00e1n Benjam\u00edn<\/td>\n<\/tr>\n<tr>\n<td>Godoy<\/td>\n<td>N\u00fa\u00f1ez<\/td>\n<td>Sof\u00eda Monserrat<\/td>\n<\/tr>\n<tr>\n<td>Gonz\u00e1lez<\/td>\n<td>Esparza<\/td>\n<td>Bel\u00e9n Ignacia<\/td>\n<\/tr>\n<tr>\n<td>Gonz\u00e1lez<\/td>\n<td>Salazar<\/td>\n<td>Claudia Andrea<\/td>\n<\/tr>\n<tr>\n<td>Henr\u00edquez<\/td>\n<td>Hern\u00e1ndez<\/td>\n<td>Felipe Ignacio<\/td>\n<\/tr>\n<tr>\n<td>Ignes<\/td>\n<td>Matamala<\/td>\n<td>Cindy Eileen<\/td>\n<\/tr>\n<tr>\n<td>Inostroza<\/td>\n<td>Canelo<\/td>\n<td>Kevin Yoel<\/td>\n<\/tr>\n<tr>\n<td>Jim\u00e9nez<\/td>\n<td>Vera<\/td>\n<td>Sebasti\u00e1n Felipe<\/td>\n<\/tr>\n<tr>\n<td>Lillo<\/td>\n<td>Pino<\/td>\n<td>Sof\u00eda Antonia De Jes\u00fas<\/td>\n<\/tr>\n<tr>\n<td>Mancilla<\/td>\n<td>Campos<\/td>\n<td>Alejandro Andr\u00e9s<\/td>\n<\/tr>\n<tr>\n<td>Mar\u00edn<\/td>\n<td>Peralta<\/td>\n<td>Vicente Eduardo<\/td>\n<\/tr>\n<tr>\n<td>Millon<\/td>\n<td>Parra<\/td>\n<td>Felipe Andr\u00e9s<\/td>\n<\/tr>\n<tr>\n<td>Montesinos<\/td>\n<td>Santib\u00e1\u00f1ez<\/td>\n<td>Javiera Patricia Elo\u00edsa<\/td>\n<\/tr>\n<tr>\n<td>Moreno<\/td>\n<td>Nieto<\/td>\n<td>Carolina Andrea<\/td>\n<\/tr>\n<tr>\n<td>Mu\u00f1oz<\/td>\n<td>\u00c1lvarez<\/td>\n<td>Ivette Javiera<\/td>\n<\/tr>\n<tr>\n<td>Mu\u00f1oz<\/td>\n<td>L\u00f3pez<\/td>\n<td>Paula Andrea<\/td>\n<\/tr>\n<tr>\n<td>Mu\u00f1oz<\/td>\n<td>Rivera<\/td>\n<td>Michelle Nayade<\/td>\n<\/tr>\n<tr>\n<td>Navarro<\/td>\n<td>Vargas<\/td>\n<td>Valentina Paz<\/td>\n<\/tr>\n<tr>\n<td>N\u00fa\u00f1ez<\/td>\n<td>Hidalgo<\/td>\n<td>Ana\u00eds Bel\u00e9n<\/td>\n<\/tr>\n<tr>\n<td>Olivares<\/td>\n<td>Gallardo<\/td>\n<td>Daniela Andrea<\/td>\n<\/tr>\n<tr>\n<td>Olivares<\/td>\n<td>Moreno<\/td>\n<td>Teresa Alexandra<\/td>\n<\/tr>\n<tr>\n<td>Olivares<\/td>\n<td>Olivares<\/td>\n<td>Carla Ana\u00eds<\/td>\n<\/tr>\n<tr>\n<td>Pinto<\/td>\n<td>Carmona<\/td>\n<td>Camila Lidia<\/td>\n<\/tr>\n<tr>\n<td>Piqu\u00e9<\/td>\n<td>Mu\u00f1oz<\/td>\n<td>Natalia Beatriz<\/td>\n<\/tr>\n<tr>\n<td>Poblete<\/td>\n<td>Fern\u00e1ndez<\/td>\n<td>Javier Ignacio<\/td>\n<\/tr>\n<tr>\n<td>Quinteros<\/td>\n<td>Madrid<\/td>\n<td>Flaviana Antonia<\/td>\n<\/tr>\n<tr>\n<td>Ram\u00edrez<\/td>\n<td>Donoso<\/td>\n<td>Cristian Am\u00e9rico<\/td>\n<\/tr>\n<tr>\n<td>Rioseco<\/td>\n<td>Morales<\/td>\n<td>Amanda Paz<\/td>\n<\/tr>\n<tr>\n<td>Robledo<\/td>\n<td>Banda<\/td>\n<td>Nadiel Amaro<\/td>\n<\/tr>\n<tr>\n<td>Rojas<\/td>\n<td>Leiva<\/td>\n<td>Masiel Andrea<\/td>\n<\/tr>\n<tr>\n<td>Rojas<\/td>\n<td>Serrano<\/td>\n<td>Noelia Yasm\u00edn<\/td>\n<\/tr>\n<tr>\n<td>Romero<\/td>\n<td>Carvajal<\/td>\n<td>Grace Del Rosario<\/td>\n<\/tr>\n<tr>\n<td>Rosales<\/td>\n<td>Manivet<\/td>\n<td>Victoria Elizabeth<\/td>\n<\/tr>\n<tr>\n<td>Rubio<\/td>\n<td>Vergara<\/td>\n<td>Ver\u00f3nica Valentina<\/td>\n<\/tr>\n<tr>\n<td>San Mart\u00edn<\/td>\n<td>Sagredo<\/td>\n<td>Yasenka Ninoska<\/td>\n<\/tr>\n<tr>\n<td>Tapia<\/td>\n<td>Fuentes<\/td>\n<td>Mackarena Fernanda<\/td>\n<\/tr>\n<tr>\n<td>Tapia<\/td>\n<td>Olivares<\/td>\n<td>Valentina Daniela<\/td>\n<\/tr>\n<tr>\n<td>Toro<\/td>\n<td>Baez<\/td>\n<td>Catalina Scarleth<\/td>\n<\/tr>\n<tr>\n<td>Torres<\/td>\n<td>Z\u00fa\u00f1iga<\/td>\n<td>Leonardo Felipe Ignacio<\/td>\n<\/tr>\n<tr>\n<td>Trejo<\/td>\n<td>Ram\u00edrez<\/td>\n<td>Camila Fernanda<\/td>\n<\/tr>\n<tr>\n<td>Trivi\u00f1o<\/td>\n<td>Vergara<\/td>\n<td>Jhon Norrmani<\/td>\n<\/tr>\n<tr>\n<td>Ulloa<\/td>\n<td>Bustos<\/td>\n<td>Renzo Patricio<\/td>\n<\/tr>\n<tr>\n<td>V\u00e1squez<\/td>\n<td>Aguirre<\/td>\n<td>Mackarena Erica Mar\u00eda<\/td>\n<\/tr>\n<tr>\n<td>V\u00e9liz<\/td>\n<td>Maldonado<\/td>\n<td>Kevin Eduardo<\/td>\n<\/tr>\n<tr>\n<td>Vergara<\/td>\n<td>Palma<\/td>\n<td>Mar\u00eda Joaquina<\/td>\n<\/tr>\n<tr>\n<td>Vidal<\/td>\n<td>Esp\u00f3sito<\/td>\n<td>Andrea Natalia<\/td>\n<\/tr>\n<tr>\n<td>Vilches<\/td>\n<td>Sol\u00eds<\/td>\n<td>Ivette Constanza<\/td>\n<\/tr>\n<tr>\n<td>Villablanca<\/td>\n<td>Risnik<\/td>\n<td>Constanza Anays<\/td>\n<\/tr>\n<tr>\n<td>Villarroel<\/td>\n<td>N\u00fa\u00f1ez<\/td>\n<td>Jezebel Anastasia<\/td>\n<\/tr>\n<\/tbody>\n<\/table>\n<p>[\/et_pb_toggle][\/et_pb_column][et_pb_column type=\u00bb1_3&#8243; _builder_version=\u00bb4.17.6&#8243; _module_preset=\u00bbdefault\u00bb global_colors_info=\u00bb{}\u00bb][\/et_pb_column][et_pb_column type=\u00bb1_3&#8243; _builder_version=\u00bb4.17.6&#8243; _module_preset=\u00bbdefault\u00bb global_colors_info=\u00bb{}\u00bb][\/et_pb_column][\/et_pb_row][\/et_pb_section][et_pb_section fb_built=\u00bb1&#8243; disabled_on=\u00bboff|off|off\u00bb _builder_version=\u00bb4.27.0&#8243; _module_preset=\u00bbdefault\u00bb background_color=\u00bbRGBA(255,255,255,0)\u00bb width=\u00bb100%\u00bb max_width=\u00bb100%\u00bb min_height=\u00bb160.1px\u00bb custom_margin=\u00bb46px||-3px|||\u00bb custom_padding=\u00bb5px|||||\u00bb global_colors_info=\u00bb{}\u00bb][et_pb_row use_custom_gutter=\u00bbon\u00bb gutter_width=\u00bb1&#8243; _builder_version=\u00bb4.25.2&#8243; _module_preset=\u00bbdefault\u00bb width=\u00bb96%\u00bb max_width=\u00bb2560px\u00bb module_alignment=\u00bbleft\u00bb custom_padding=\u00bb||9px|3%|false|false\u00bb global_colors_info=\u00bb{}\u00bb][et_pb_column type=\u00bb4_4&#8243; _builder_version=\u00bb4.17.6&#8243; _module_preset=\u00bbdefault\u00bb global_colors_info=\u00bb{}\u00bb][et_pb_blurb title=\u00bbFACULTAD DE CIENCIAS DE LA EDUCACI\u00d3N\u00bb use_icon=\u00bbon\u00bb font_icon=\u00bb&#xf073;||fa||400&#8243; icon_color=\u00bb#009bdb\u00bb icon_placement=\u00bbleft\u00bb image_icon_width=\u00bb53px\u00bb content_max_width=\u00bb1100px\u00bb admin_label=\u00bbAnuncio: Ceremonia de titulaci\u00f3n: jueves 9 de noviembre de 2023 10.30 horas\u00bb _builder_version=\u00bb4.27.4&#8243; _module_preset=\u00bbdefault\u00bb header_font=\u00bb|800||on|||||\u00bb header_text_color=\u00bb#303030&#8243; header_font_size=\u00bb27px\u00bb body_font=\u00bb||||||||\u00bb body_text_color=\u00bb#0099cc\u00bb body_font_size=\u00bb16px\u00bb custom_margin=\u00bb||-1px|||\u00bb global_colors_info=\u00bb{}\u00bb]<\/p>\n<h1><strong>Martes 7 de octubre de 2025, 10.30 horas<\/strong><\/h1>\n<p>Aula Dr. F\u00e9lix Morales Pettorino, Casa Central, Universidad de Playa Ancha.<\/p>\n<p>[\/et_pb_blurb][\/et_pb_column][\/et_pb_row][et_pb_row column_structure=\u00bb1_3,1_3,1_3&#8243; use_custom_gutter=\u00bbon\u00bb disabled_on=\u00bboff|off|off\u00bb _builder_version=\u00bb4.22.0&#8243; _module_preset=\u00bbdefault\u00bb width=\u00bb94%\u00bb max_width=\u00bb2560px\u00bb custom_padding=\u00bb18px||18px|||\u00bb global_colors_info=\u00bb{}\u00bb][et_pb_column type=\u00bb1_3&#8243; _builder_version=\u00bb4.17.6&#8243; _module_preset=\u00bbdefault\u00bb global_colors_info=\u00bb{}\u00bb][et_pb_toggle title=\u00bbPEDAGOG\u00cdA EN EDUCACI\u00d3N DIFERENCIAL\u00bb open_toggle_text_color=\u00bb#000000&#8243; open_toggle_background_color=\u00bb#FFFFFF\u00bb closed_toggle_background_color=\u00bb#FFFFFF\u00bb icon_color=\u00bb#009bdb\u00bb toggle_icon=\u00bb&#xe048;||divi||400&#8243; use_icon_font_size=\u00bbon\u00bb icon_font_size=\u00bb26px\u00bb open_icon_color=\u00bb#009bdb\u00bb open_toggle_icon=\u00bb&#xe047;||divi||400&#8243; open_use_icon_font_size=\u00bbon\u00bb open_icon_font_size=\u00bb26px\u00bb disabled_on=\u00bboff|off|off\u00bb admin_label=\u00bbEducador o Educadora de P\u00e1rvulos\u00bb _builder_version=\u00bb4.27.4&#8243; _module_preset=\u00bbdefault\u00bb title_text_color=\u00bb#000000&#8243; title_font=\u00bb|700||on|||||\u00bb border_radii=\u00bboff||20px||20px\u00bb global_colors_info=\u00bb{}\u00bb]<\/p>\n<table border=\"0\" cellpadding=\"0\" cellspacing=\"0\" width=\"90%\" style=\"border-collapse: collapse; width: 90%;\">\n<tbody>\n<tr>\n<td style=\"width: 86.2188px;\"><strong>Apellido paterno<\/strong><\/td>\n<td style=\"width: 85.0312px;\"><strong>Apellido materno<\/strong><\/td>\n<td style=\"width: 84.75px;\"><strong>Nombres<\/strong><\/td>\n<\/tr>\n<tr height=\"20\" style=\"height: 15.0pt;\">\n<td height=\"20\" style=\"height: 15pt; width: 86.2188px;\">Alvarado<\/td>\n<td style=\"width: 85.0312px;\">Barrientos<\/td>\n<td style=\"width: 84.75px;\">Gisel Macarena<\/td>\n<\/tr>\n<tr height=\"20\" style=\"height: 15.0pt;\">\n<td height=\"20\" style=\"height: 15pt; width: 86.2188px;\">Araus<\/td>\n<td style=\"width: 85.0312px;\">Carter<\/td>\n<td style=\"width: 84.75px;\">Jeanett Ang\u00e9lica<\/td>\n<\/tr>\n<tr height=\"20\" style=\"height: 15.0pt;\">\n<td height=\"20\" style=\"height: 15pt; width: 86.2188px;\">Avenda\u00f1o<\/td>\n<td style=\"width: 85.0312px;\">Puente<\/td>\n<td style=\"width: 84.75px;\">Rita Cristina<\/td>\n<\/tr>\n<tr height=\"20\" style=\"height: 15.0pt;\">\n<td height=\"20\" style=\"height: 15pt; width: 86.2188px;\">Barrera<\/td>\n<td style=\"width: 85.0312px;\">G\u00f3mez<\/td>\n<td style=\"width: 84.75px;\">Monserrat Sof\u00eda<\/td>\n<\/tr>\n<tr height=\"20\" style=\"height: 15.0pt;\">\n<td height=\"20\" style=\"height: 15pt; width: 86.2188px;\">Barr\u00eda<\/td>\n<td style=\"width: 85.0312px;\">Ibarra<\/td>\n<td style=\"width: 84.75px;\">Javiera Cristina<\/td>\n<\/tr>\n<tr height=\"20\" style=\"height: 15.0pt;\">\n<td height=\"20\" style=\"height: 15pt; width: 86.2188px;\">Briones<\/td>\n<td style=\"width: 85.0312px;\">Toledo<\/td>\n<td style=\"width: 84.75px;\">Valentina Fernanda Paola<\/td>\n<\/tr>\n<tr height=\"20\" style=\"height: 15.0pt;\">\n<td height=\"20\" style=\"height: 15pt; width: 86.2188px;\">Cabello<\/td>\n<td style=\"width: 85.0312px;\"><\/td>\n<td style=\"width: 84.75px;\">Ludmila<\/td>\n<\/tr>\n<tr height=\"20\" style=\"height: 15.0pt;\">\n<td height=\"20\" style=\"height: 15pt; width: 86.2188px;\">Carrasco<\/td>\n<td style=\"width: 85.0312px;\">M\u00e1rquez<\/td>\n<td style=\"width: 84.75px;\">Daniela Hanai<\/td>\n<\/tr>\n<tr height=\"20\" style=\"height: 15.0pt;\">\n<td height=\"20\" style=\"height: 15pt; width: 86.2188px;\">Carrasco<\/td>\n<td style=\"width: 85.0312px;\">Vivanco<\/td>\n<td style=\"width: 84.75px;\">Kathleen Irina<\/td>\n<\/tr>\n<tr height=\"20\" style=\"height: 15.0pt;\">\n<td height=\"20\" style=\"height: 15pt; width: 86.2188px;\">Castillo<\/td>\n<td style=\"width: 85.0312px;\">Z\u00fa\u00f1iga<\/td>\n<td style=\"width: 84.75px;\">Catalina Javiera<\/td>\n<\/tr>\n<tr height=\"20\" style=\"height: 15.0pt;\">\n<td height=\"20\" style=\"height: 15pt; width: 86.2188px;\">Castro<\/td>\n<td style=\"width: 85.0312px;\">Fern\u00e1ndez<\/td>\n<td style=\"width: 84.75px;\">Yamilet Millaray<\/td>\n<\/tr>\n<tr height=\"20\" style=\"height: 15.0pt;\">\n<td height=\"20\" style=\"height: 15pt; width: 86.2188px;\">Cris\u00f3stomo<\/td>\n<td style=\"width: 85.0312px;\">Leal<\/td>\n<td style=\"width: 84.75px;\">Hugo Jos\u00e9<\/td>\n<\/tr>\n<tr height=\"20\" style=\"height: 15.0pt;\">\n<td height=\"20\" style=\"height: 15pt; width: 86.2188px;\">Cueto<\/td>\n<td style=\"width: 85.0312px;\">Olivares<\/td>\n<td style=\"width: 84.75px;\">Javiera Paz<\/td>\n<\/tr>\n<tr height=\"20\" style=\"height: 15.0pt;\">\n<td height=\"20\" style=\"height: 15pt; width: 86.2188px;\">Fajardo<\/td>\n<td style=\"width: 85.0312px;\">Lafuente<\/td>\n<td style=\"width: 84.75px;\">Valentina Libertad<\/td>\n<\/tr>\n<tr height=\"20\" style=\"height: 15.0pt;\">\n<td height=\"20\" style=\"height: 15pt; width: 86.2188px;\">Fern\u00e1ndez<\/td>\n<td style=\"width: 85.0312px;\">Mena<\/td>\n<td style=\"width: 84.75px;\">Karla Ignacia<\/td>\n<\/tr>\n<tr height=\"20\" style=\"height: 15.0pt;\">\n<td height=\"20\" style=\"height: 15pt; width: 86.2188px;\">Fuenzalida<\/td>\n<td style=\"width: 85.0312px;\">Retamal<\/td>\n<td style=\"width: 84.75px;\">Germ\u00e1n Alejandro<\/td>\n<\/tr>\n<tr height=\"20\" style=\"height: 15.0pt;\">\n<td height=\"20\" style=\"height: 15pt; width: 86.2188px;\">Gajardo<\/td>\n<td style=\"width: 85.0312px;\">Rodr\u00edguez<\/td>\n<td style=\"width: 84.75px;\">Bel\u00e9n Alejandra<\/td>\n<\/tr>\n<tr height=\"20\" style=\"height: 15.0pt;\">\n<td height=\"20\" style=\"height: 15pt; width: 86.2188px;\">Guesalaga<\/td>\n<td style=\"width: 85.0312px;\">Cebrero<\/td>\n<td style=\"width: 84.75px;\">M\u00f3nica Eliana<\/td>\n<\/tr>\n<tr height=\"20\" style=\"height: 15.0pt;\">\n<td height=\"20\" style=\"height: 15pt; width: 86.2188px;\">Hern\u00e1ndez<\/td>\n<td style=\"width: 85.0312px;\">Saa<\/td>\n<td style=\"width: 84.75px;\">Paz Bel\u00e9n<\/td>\n<\/tr>\n<tr height=\"20\" style=\"height: 15.0pt;\">\n<td height=\"20\" style=\"height: 15pt; width: 86.2188px;\">Herrera<\/td>\n<td style=\"width: 85.0312px;\">Tapia<\/td>\n<td style=\"width: 84.75px;\">Melanie Andrea<\/td>\n<\/tr>\n<tr height=\"20\" style=\"height: 15.0pt;\">\n<td height=\"20\" style=\"height: 15pt; width: 86.2188px;\">Ladr\u00f3n De Guevara<\/td>\n<td style=\"width: 85.0312px;\">Pardo<\/td>\n<td style=\"width: 84.75px;\">Isidora Mar\u00eda<\/td>\n<\/tr>\n<tr height=\"20\" style=\"height: 15.0pt;\">\n<td height=\"20\" style=\"height: 15pt; width: 86.2188px;\">Latoja<\/td>\n<td style=\"width: 85.0312px;\">Araya<\/td>\n<td style=\"width: 84.75px;\">Fernanda Ignacia<\/td>\n<\/tr>\n<tr height=\"20\" style=\"height: 15.0pt;\">\n<td height=\"20\" style=\"height: 15pt; width: 86.2188px;\">Lira<\/td>\n<td style=\"width: 85.0312px;\">Cisternas<\/td>\n<td style=\"width: 84.75px;\">Gianinna Macarena<\/td>\n<\/tr>\n<tr height=\"20\" style=\"height: 15.0pt;\">\n<td height=\"20\" style=\"height: 15pt; width: 86.2188px;\">Mattus<\/td>\n<td style=\"width: 85.0312px;\">Neira<\/td>\n<td style=\"width: 84.75px;\">Valeria Andrea<\/td>\n<\/tr>\n<tr height=\"20\" style=\"height: 15.0pt;\">\n<td height=\"20\" style=\"height: 15pt; width: 86.2188px;\">Medina<\/td>\n<td style=\"width: 85.0312px;\">Jim\u00e9nez<\/td>\n<td style=\"width: 84.75px;\">Amanda Silvana<\/td>\n<\/tr>\n<tr height=\"20\" style=\"height: 15.0pt;\">\n<td height=\"20\" style=\"height: 15pt; width: 86.2188px;\">Mella<\/td>\n<td style=\"width: 85.0312px;\">Tapia<\/td>\n<td style=\"width: 84.75px;\">Evelyn Alejandra<\/td>\n<\/tr>\n<tr height=\"20\" style=\"height: 15.0pt;\">\n<td height=\"20\" style=\"height: 15pt; width: 86.2188px;\">Orellana<\/td>\n<td style=\"width: 85.0312px;\">Alfaro<\/td>\n<td style=\"width: 84.75px;\">Nallarey De Los Angeles<\/td>\n<\/tr>\n<tr height=\"20\" style=\"height: 15.0pt;\">\n<td height=\"20\" style=\"height: 15pt; width: 86.2188px;\">Orellana<\/td>\n<td style=\"width: 85.0312px;\">Machuca<\/td>\n<td style=\"width: 84.75px;\">Natalia Alejandra<\/td>\n<\/tr>\n<tr height=\"20\" style=\"height: 15.0pt;\">\n<td height=\"20\" style=\"height: 15pt; width: 86.2188px;\">Pilar<\/td>\n<td style=\"width: 85.0312px;\">Espinoza<\/td>\n<td style=\"width: 84.75px;\">Alannys Antonia<\/td>\n<\/tr>\n<tr height=\"20\" style=\"height: 15.0pt;\">\n<td height=\"20\" style=\"height: 15pt; width: 86.2188px;\">Pizarro<\/td>\n<td style=\"width: 85.0312px;\">Valero<\/td>\n<td style=\"width: 84.75px;\">Paula Lorena<\/td>\n<\/tr>\n<tr height=\"20\" style=\"height: 15.0pt;\">\n<td height=\"20\" style=\"height: 15pt; width: 86.2188px;\">Ram\u00edrez<\/td>\n<td style=\"width: 85.0312px;\">Olivares<\/td>\n<td style=\"width: 84.75px;\">Alejandra Millaray<\/td>\n<\/tr>\n<tr height=\"20\" style=\"height: 15.0pt;\">\n<td height=\"20\" style=\"height: 15pt; width: 86.2188px;\">Riffo<\/td>\n<td style=\"width: 85.0312px;\">Curill\u00e1n<\/td>\n<td style=\"width: 84.75px;\">Jacqueline Nicole<\/td>\n<\/tr>\n<tr height=\"20\" style=\"height: 15.0pt;\">\n<td height=\"20\" style=\"height: 15pt; width: 86.2188px;\">Rivas<\/td>\n<td style=\"width: 85.0312px;\">\u00c1vila<\/td>\n<td style=\"width: 84.75px;\">Paulina Alejandra<\/td>\n<\/tr>\n<tr height=\"20\" style=\"height: 15.0pt;\">\n<td height=\"20\" style=\"height: 15pt; width: 86.2188px;\">Salazar<\/td>\n<td style=\"width: 85.0312px;\">Beiza<\/td>\n<td style=\"width: 84.75px;\">Cinthya Sarai<\/td>\n<\/tr>\n<tr height=\"20\" style=\"height: 15.0pt;\">\n<td height=\"20\" style=\"height: 15pt; width: 86.2188px;\">San Mart\u00edn<\/td>\n<td style=\"width: 85.0312px;\">Silva<\/td>\n<td style=\"width: 84.75px;\">Mar\u00eda Jes\u00fas<\/td>\n<\/tr>\n<tr height=\"20\" style=\"height: 15.0pt;\">\n<td height=\"20\" style=\"height: 15pt; width: 86.2188px;\">Santander<\/td>\n<td style=\"width: 85.0312px;\">Gallegos<\/td>\n<td style=\"width: 84.75px;\">Isidora Yali<\/td>\n<\/tr>\n<tr height=\"20\" style=\"height: 15.0pt;\">\n<td height=\"20\" style=\"height: 15pt; width: 86.2188px;\">Solar<\/td>\n<td style=\"width: 85.0312px;\">Bast\u00edas<\/td>\n<td style=\"width: 84.75px;\">Carolina Isidora<\/td>\n<\/tr>\n<tr height=\"20\" style=\"height: 15.0pt;\">\n<td height=\"20\" style=\"height: 15pt; width: 86.2188px;\">Soto<\/td>\n<td style=\"width: 85.0312px;\">Ch\u00e1vez<\/td>\n<td style=\"width: 84.75px;\">Josefina Carolina<\/td>\n<\/tr>\n<tr height=\"20\" style=\"height: 15.0pt;\">\n<td height=\"20\" style=\"height: 15pt; width: 86.2188px;\">Tapia<\/td>\n<td style=\"width: 85.0312px;\">Candia<\/td>\n<td style=\"width: 84.75px;\">Sigrid Romina<\/td>\n<\/tr>\n<tr height=\"20\" style=\"height: 15.0pt;\">\n<td height=\"20\" style=\"height: 15pt; width: 86.2188px;\">Tapia<\/td>\n<td style=\"width: 85.0312px;\">Fares<\/td>\n<td style=\"width: 84.75px;\">Valentina Paz Bel\u00e9n<\/td>\n<\/tr>\n<tr height=\"20\" style=\"height: 15.0pt;\">\n<td height=\"20\" style=\"height: 15pt; width: 86.2188px;\">Tapia<\/td>\n<td style=\"width: 85.0312px;\">Gaete<\/td>\n<td style=\"width: 84.75px;\">Yessenia Roxana<\/td>\n<\/tr>\n<tr height=\"20\" style=\"height: 15.0pt;\">\n<td height=\"20\" style=\"height: 15pt; width: 86.2188px;\">Tello<\/td>\n<td style=\"width: 85.0312px;\">Rojas<\/td>\n<td style=\"width: 84.75px;\">Francisca Lorena<\/td>\n<\/tr>\n<tr height=\"20\" style=\"height: 15.0pt;\">\n<td height=\"20\" style=\"height: 15pt; width: 86.2188px;\">Troncoso<\/td>\n<td style=\"width: 85.0312px;\">M\u00e1rquez<\/td>\n<td style=\"width: 84.75px;\">Catalina Raquel<\/td>\n<\/tr>\n<tr height=\"20\" style=\"height: 15.0pt;\">\n<td height=\"20\" style=\"height: 15pt; width: 86.2188px;\">Villarroel<\/td>\n<td style=\"width: 85.0312px;\">Hern\u00e1ndez<\/td>\n<td style=\"width: 84.75px;\">Stefania Danaes<\/td>\n<\/tr>\n<tr height=\"20\" style=\"height: 15.0pt;\">\n<td height=\"20\" style=\"height: 15pt; width: 86.2188px;\">Zamorano<\/td>\n<td style=\"width: 85.0312px;\">Le\u00f3n<\/td>\n<td style=\"width: 84.75px;\">Jaime Andr\u00e9s<\/td>\n<\/tr>\n<\/tbody>\n<\/table>\n<p>[\/et_pb_toggle][\/et_pb_column][et_pb_column type=\u00bb1_3&#8243; _builder_version=\u00bb4.17.6&#8243; _module_preset=\u00bbdefault\u00bb global_colors_info=\u00bb{}\u00bb][\/et_pb_column][et_pb_column type=\u00bb1_3&#8243; _builder_version=\u00bb4.17.6&#8243; _module_preset=\u00bbdefault\u00bb global_colors_info=\u00bb{}\u00bb][\/et_pb_column][\/et_pb_row][et_pb_row use_custom_gutter=\u00bbon\u00bb gutter_width=\u00bb1&#8243; _builder_version=\u00bb4.27.0&#8243; _module_preset=\u00bbdefault\u00bb background_color=\u00bbRGBA(255,255,255,0)\u00bb width=\u00bb96%\u00bb max_width=\u00bb2560px\u00bb module_alignment=\u00bbleft\u00bb min_height=\u00bb114.2px\u00bb custom_padding=\u00bb||9px|3%|false|false\u00bb global_colors_info=\u00bb{}\u00bb][et_pb_column type=\u00bb4_4&#8243; _builder_version=\u00bb4.17.6&#8243; _module_preset=\u00bbdefault\u00bb global_colors_info=\u00bb{}\u00bb][et_pb_blurb use_icon=\u00bbon\u00bb font_icon=\u00bb&#x45;||divi||400&#8243; icon_color=\u00bb#009bdb\u00bb icon_placement=\u00bbleft\u00bb image_icon_width=\u00bb53px\u00bb content_max_width=\u00bb1100px\u00bb admin_label=\u00bbAnuncio: Ceremonia de titulaci\u00f3n: jueves 9 de noviembre de 2023 10.30 horas\u00bb _builder_version=\u00bb4.27.4&#8243; _module_preset=\u00bbdefault\u00bb header_font=\u00bb|800||on|||||\u00bb header_text_color=\u00bb#303030&#8243; header_font_size=\u00bb27px\u00bb body_font=\u00bb||||||||\u00bb body_text_color=\u00bb#0099cc\u00bb body_font_size=\u00bb16px\u00bb custom_margin=\u00bb||-1px|||\u00bb global_colors_info=\u00bb{}\u00bb]<\/p>\n<h1><strong>Martes 7 de octubre de 2025<\/strong><strong>, 15.30 horas<\/strong><\/h1>\n<p>Aula Dr. F\u00e9lix Morales Pettorino, Casa Central, Universidad de Playa Ancha.<\/p>\n<p>[\/et_pb_blurb][\/et_pb_column][\/et_pb_row][et_pb_row column_structure=\u00bb1_3,1_3,1_3&#8243; use_custom_gutter=\u00bbon\u00bb disabled_on=\u00bboff|off|off\u00bb _builder_version=\u00bb4.22.0&#8243; _module_preset=\u00bbdefault\u00bb width=\u00bb94%\u00bb max_width=\u00bb2560px\u00bb custom_padding=\u00bb18px||18px|||\u00bb global_colors_info=\u00bb{}\u00bb][et_pb_column type=\u00bb1_3&#8243; _builder_version=\u00bb4.17.6&#8243; _module_preset=\u00bbdefault\u00bb global_colors_info=\u00bb{}\u00bb][et_pb_toggle title=\u00bbEDUCACI\u00d3N PARVULARIA\u00bb open_toggle_text_color=\u00bb#000000&#8243; open_toggle_background_color=\u00bb#FFFFFF\u00bb closed_toggle_background_color=\u00bb#FFFFFF\u00bb icon_color=\u00bb#009bdb\u00bb toggle_icon=\u00bb&#xe048;||divi||400&#8243; use_icon_font_size=\u00bbon\u00bb icon_font_size=\u00bb26px\u00bb open_icon_color=\u00bb#009bdb\u00bb open_toggle_icon=\u00bb&#xe047;||divi||400&#8243; open_use_icon_font_size=\u00bbon\u00bb open_icon_font_size=\u00bb26px\u00bb disabled_on=\u00bboff|off|off\u00bb admin_label=\u00bbEducador o Educadora de P\u00e1rvulos\u00bb _builder_version=\u00bb4.27.4&#8243; _module_preset=\u00bbdefault\u00bb title_text_color=\u00bb#000000&#8243; title_font=\u00bb|700||on|||||\u00bb border_radii=\u00bboff||20px||20px\u00bb global_colors_info=\u00bb{}\u00bb]<\/p>\n<table width=\"90%\" style=\"width: 90%;\">\n<tbody>\n<tr>\n<td><strong>Apellido paterno<\/strong><\/td>\n<td><strong>Apellido materno<\/strong><\/td>\n<td><strong>Nombres<\/strong><\/td>\n<\/tr>\n<tr>\n<td width=\"87\">\u00c1lvarez<\/td>\n<td width=\"87\">Vera<\/td>\n<td width=\"87\">Yasm\u00edn Macarena<\/td>\n<\/tr>\n<tr>\n<td>Ar\u00e1nguiz<\/td>\n<td>Bernales<\/td>\n<td>Catalina Noem\u00ed<\/td>\n<\/tr>\n<tr>\n<td>Astudillo<\/td>\n<td>Astudillo<\/td>\n<td>Scarlett Mabel<\/td>\n<\/tr>\n<tr>\n<td>Gallardo<\/td>\n<td>Y\u00e1\u00f1ez<\/td>\n<td>Natalia Eliana<\/td>\n<\/tr>\n<tr>\n<td>Garrido<\/td>\n<td>Barrueto<\/td>\n<td>Alexandra Giovanna<\/td>\n<\/tr>\n<tr>\n<td>Gonz\u00e1lez<\/td>\n<td>Alca\u00edno<\/td>\n<td>Isidora Valentina<\/td>\n<\/tr>\n<tr>\n<td>Guerra<\/td>\n<td>Hidalgo<\/td>\n<td>Zulema Alejandra<\/td>\n<\/tr>\n<tr>\n<td>Illanes<\/td>\n<td>Garrido<\/td>\n<td>Fernanda Esperanza<\/td>\n<\/tr>\n<tr>\n<td>Madrid<\/td>\n<td>V\u00e1squez<\/td>\n<td>Sarai Melanie<\/td>\n<\/tr>\n<tr>\n<td>Miranda<\/td>\n<td>Catal\u00e1n<\/td>\n<td>Abigail Fernanda<\/td>\n<\/tr>\n<tr>\n<td>Mu\u00f1oz<\/td>\n<td>Carrasco<\/td>\n<td>Pamela Andrea<\/td>\n<\/tr>\n<tr>\n<td>Mu\u00f1oz<\/td>\n<td>Silva<\/td>\n<td>Tatiana Danisa<\/td>\n<\/tr>\n<tr>\n<td>N\u00fa\u00f1ez<\/td>\n<td>Hern\u00e1ndez<\/td>\n<td>Valery Scarlett<\/td>\n<\/tr>\n<tr>\n<td>Ortega<\/td>\n<td>Palominos<\/td>\n<td>Francisca Andrea<\/td>\n<\/tr>\n<tr>\n<td>Ossand\u00f3n<\/td>\n<td>Estay<\/td>\n<td>Antonia Sof\u00eda<\/td>\n<\/tr>\n<tr>\n<td>Saavedra<\/td>\n<td>Gonz\u00e1lez<\/td>\n<td>Macarena Alejandra<\/td>\n<\/tr>\n<tr>\n<td>Vald\u00e9s<\/td>\n<td>Cort\u00e9s<\/td>\n<td>Giliam Alexia<\/td>\n<\/tr>\n<\/tbody>\n<\/table>\n<p>[\/et_pb_toggle][\/et_pb_column][et_pb_column type=\u00bb1_3&#8243; _builder_version=\u00bb4.17.6&#8243; _module_preset=\u00bbdefault\u00bb global_colors_info=\u00bb{}\u00bb][et_pb_toggle title=\u00bbPEDAGOG\u00cdA EN EDUCACI\u00d3N B\u00c1SICA\u00bb open_toggle_text_color=\u00bb#000000&#8243; open_toggle_background_color=\u00bb#FFFFFF\u00bb closed_toggle_background_color=\u00bb#FFFFFF\u00bb icon_color=\u00bb#009bdb\u00bb toggle_icon=\u00bb&#xe048;||divi||400&#8243; use_icon_font_size=\u00bbon\u00bb icon_font_size=\u00bb26px\u00bb open_icon_color=\u00bb#009bdb\u00bb open_toggle_icon=\u00bb&#xe047;||divi||400&#8243; open_use_icon_font_size=\u00bbon\u00bb open_icon_font_size=\u00bb26px\u00bb disabled_on=\u00bboff|off|off\u00bb admin_label=\u00bbEducador o Educadora de P\u00e1rvulos\u00bb _builder_version=\u00bb4.27.4&#8243; _module_preset=\u00bbdefault\u00bb title_text_color=\u00bb#000000&#8243; title_font=\u00bb|700||on|||||\u00bb border_radii=\u00bboff||20px||20px\u00bb global_colors_info=\u00bb{}\u00bb]<\/p>\n<table border=\"0\" cellpadding=\"0\" cellspacing=\"0\" width=\"90%\" style=\"border-collapse: collapse; width: 90%;\">\n<tbody>\n<tr>\n<td style=\"width: 65pt;\"><strong>Apellido paterno<\/strong><\/td>\n<td style=\"width: 65pt;\"><strong>Apellido materno<\/strong><\/td>\n<td style=\"width: 65pt;\"><strong>Nombres<\/strong><\/td>\n<\/tr>\n<tr height=\"20\" style=\"height: 15.0pt;\">\n<td height=\"20\" width=\"87\" style=\"height: 15.0pt; width: 65pt;\">Alarc\u00f3n<\/td>\n<td width=\"87\" style=\"width: 65pt;\">Urrutia<\/td>\n<td width=\"87\" style=\"width: 65pt;\">Javiera Andrea<\/td>\n<\/tr>\n<tr height=\"20\" style=\"height: 15.0pt;\">\n<td height=\"20\" style=\"height: 15.0pt;\">Astudillo<\/td>\n<td>Concha<\/td>\n<td>Laura Thais Alexandra<\/td>\n<\/tr>\n<tr height=\"20\" style=\"height: 15.0pt;\">\n<td height=\"20\" style=\"height: 15.0pt;\">Betancour<\/td>\n<td>Escobar<\/td>\n<td>Savka Nayeli Bel\u00e9n<\/td>\n<\/tr>\n<tr height=\"20\" style=\"height: 15.0pt;\">\n<td height=\"20\" style=\"height: 15.0pt;\">Bruce<\/td>\n<td>Cardozo<\/td>\n<td>Maritza Carolina<\/td>\n<\/tr>\n<tr height=\"20\" style=\"height: 15.0pt;\">\n<td height=\"20\" style=\"height: 15.0pt;\">Calder\u00f3n<\/td>\n<td>Araya<\/td>\n<td>Diego Andr\u00e9s<\/td>\n<\/tr>\n<tr height=\"20\" style=\"height: 15.0pt;\">\n<td height=\"20\" style=\"height: 15.0pt;\">Calder\u00f3n<\/td>\n<td>Gaete<\/td>\n<td>Valentina Alexandra<\/td>\n<\/tr>\n<tr height=\"20\" style=\"height: 15.0pt;\">\n<td height=\"20\" style=\"height: 15.0pt;\">Contreras<\/td>\n<td>Gonz\u00e1lez<\/td>\n<td>Natalia Alejandra<\/td>\n<\/tr>\n<tr height=\"20\" style=\"height: 15.0pt;\">\n<td height=\"20\" style=\"height: 15.0pt;\">C\u00f3rdova<\/td>\n<td>Lemus<\/td>\n<td>Basti\u00e1n Alexander<\/td>\n<\/tr>\n<tr height=\"20\" style=\"height: 15.0pt;\">\n<td height=\"20\" style=\"height: 15.0pt;\">Fuentes<\/td>\n<td>Hern\u00e1ndez<\/td>\n<td>Fernanda Bel\u00e9n<\/td>\n<\/tr>\n<tr height=\"20\" style=\"height: 15.0pt;\">\n<td height=\"20\" style=\"height: 15.0pt;\">Gallardo<\/td>\n<td>Vargas<\/td>\n<td>Daniela Carolina<\/td>\n<\/tr>\n<tr height=\"20\" style=\"height: 15.0pt;\">\n<td height=\"20\" style=\"height: 15.0pt;\">Gonz\u00e1lez<\/td>\n<td>Saavedra<\/td>\n<td>Javiera Belinda<\/td>\n<\/tr>\n<tr height=\"20\" style=\"height: 15.0pt;\">\n<td height=\"20\" style=\"height: 15.0pt;\">Hern\u00e1ndez<\/td>\n<td>Ruiz<\/td>\n<td>Valentina Ignacia<\/td>\n<\/tr>\n<tr height=\"20\" style=\"height: 15.0pt;\">\n<td height=\"20\" style=\"height: 15.0pt;\">Lagos<\/td>\n<td>Salinas<\/td>\n<td>Constanza Teresita<\/td>\n<\/tr>\n<tr height=\"20\" style=\"height: 15.0pt;\">\n<td height=\"20\" style=\"height: 15.0pt;\">Limbergher<\/td>\n<td>Lagos<\/td>\n<td>Oscar Felipe Ignacio<\/td>\n<\/tr>\n<tr height=\"20\" style=\"height: 15.0pt;\">\n<td height=\"20\" style=\"height: 15.0pt;\">Mendiolaza<\/td>\n<td>Baker<\/td>\n<td>Camila Ester<\/td>\n<\/tr>\n<tr height=\"20\" style=\"height: 15.0pt;\">\n<td height=\"20\" style=\"height: 15.0pt;\">Meza<\/td>\n<td>Meza<\/td>\n<td>Francisca Javiera<\/td>\n<\/tr>\n<tr height=\"20\" style=\"height: 15.0pt;\">\n<td height=\"20\" style=\"height: 15.0pt;\">Oyarzo<\/td>\n<td>Alemparte<\/td>\n<td>Sof\u00eda Paz<\/td>\n<\/tr>\n<tr height=\"20\" style=\"height: 15.0pt;\">\n<td height=\"20\" style=\"height: 15.0pt;\">Poblete<\/td>\n<td>Moya<\/td>\n<td>Catalina Beatriz<\/td>\n<\/tr>\n<tr height=\"20\" style=\"height: 15.0pt;\">\n<td height=\"20\" style=\"height: 15.0pt;\">Prieto<\/td>\n<td>P\u00e9rez<\/td>\n<td>Valeska Patricia<\/td>\n<\/tr>\n<tr height=\"20\" style=\"height: 15.0pt;\">\n<td height=\"20\" style=\"height: 15.0pt;\">Rivera<\/td>\n<td>Sald\u00edvar<\/td>\n<td>Camila Fernanda<\/td>\n<\/tr>\n<tr height=\"20\" style=\"height: 15.0pt;\">\n<td height=\"20\" style=\"height: 15.0pt;\">Riveros<\/td>\n<td>V\u00e9liz<\/td>\n<td>Mar\u00eda Jos\u00e9<\/td>\n<\/tr>\n<tr height=\"20\" style=\"height: 15.0pt;\">\n<td height=\"20\" style=\"height: 15.0pt;\">Rojas<\/td>\n<td>Zamorano<\/td>\n<td>Millaray Rayen Antonia<\/td>\n<\/tr>\n<tr height=\"20\" style=\"height: 15.0pt;\">\n<td height=\"20\" style=\"height: 15.0pt;\">Romero<\/td>\n<td>D\u00edaz<\/td>\n<td>Daniel Esteban<\/td>\n<\/tr>\n<tr height=\"20\" style=\"height: 15.0pt;\">\n<td height=\"20\" style=\"height: 15.0pt;\">Silva<\/td>\n<td>Rom\u00e1n<\/td>\n<td>Valentina Liliana<\/td>\n<\/tr>\n<tr height=\"20\" style=\"height: 15.0pt;\">\n<td height=\"20\" style=\"height: 15.0pt;\">Vald\u00e9s<\/td>\n<td>Jorquera<\/td>\n<td>Estefany Alejandra<\/td>\n<\/tr>\n<tr height=\"20\" style=\"height: 15.0pt;\">\n<td height=\"20\" style=\"height: 15.0pt;\">Z\u00fa\u00f1iga<\/td>\n<td>Cort\u00e9s<\/td>\n<td>Jennifer Beatriz<\/td>\n<\/tr>\n<\/tbody>\n<\/table>\n<p>[\/et_pb_toggle][\/et_pb_column][et_pb_column type=\u00bb1_3&#8243; _builder_version=\u00bb4.17.6&#8243; _module_preset=\u00bbdefault\u00bb global_colors_info=\u00bb{}\u00bb][et_pb_toggle title=\u00bbEducaci\u00f3n T\u00e9cnico-Profesional\u00bb open_toggle_text_color=\u00bb#000000&#8243; open_toggle_background_color=\u00bb#FFFFFF\u00bb closed_toggle_background_color=\u00bb#FFFFFF\u00bb icon_color=\u00bb#009bdb\u00bb toggle_icon=\u00bb&#xe048;||divi||400&#8243; use_icon_font_size=\u00bbon\u00bb icon_font_size=\u00bb26px\u00bb open_icon_color=\u00bb#009bdb\u00bb open_toggle_icon=\u00bb&#xe047;||divi||400&#8243; open_use_icon_font_size=\u00bbon\u00bb open_icon_font_size=\u00bb26px\u00bb disabled_on=\u00bboff|off|off\u00bb admin_label=\u00bbEducador o Educadora de P\u00e1rvulos\u00bb _builder_version=\u00bb4.27.4&#8243; _module_preset=\u00bbdefault\u00bb title_text_color=\u00bb#000000&#8243; title_font=\u00bb|700||on|||||\u00bb border_radii=\u00bboff||20px||20px\u00bb global_colors_info=\u00bb{}\u00bb]<\/p>\n<table border=\"0\" cellpadding=\"0\" cellspacing=\"0\" width=\"90%\" style=\"border-collapse: collapse; width: 90%;\">\n<tbody>\n<tr>\n<td style=\"width: 65pt;\"><strong>Apellido paterno<\/strong><\/td>\n<td style=\"width: 65pt;\"><strong>Apellido materno<\/strong><\/td>\n<td style=\"width: 65pt;\"><strong>Nombres<\/strong><\/td>\n<\/tr>\n<tr height=\"20\" style=\"height: 15.0pt;\">\n<td height=\"20\" width=\"87\" style=\"height: 15.0pt; width: 65pt;\">Meli\u00e1n<\/td>\n<td width=\"87\" style=\"width: 65pt;\">Ulloa<\/td>\n<td width=\"87\" style=\"width: 65pt;\">Walter Antonio<\/td>\n<\/tr>\n<\/tbody>\n<\/table>\n<p>[\/et_pb_toggle][\/et_pb_column][\/et_pb_row][\/et_pb_section][et_pb_section fb_built=\u00bb1&#8243; disabled_on=\u00bboff|off|off\u00bb _builder_version=\u00bb4.27.4&#8243; _module_preset=\u00bbdefault\u00bb background_color=\u00bbrgba(12,113,195,0.12)\u00bb width=\u00bb100%\u00bb max_width=\u00bb100%\u00bb min_height=\u00bb160.1px\u00bb custom_margin=\u00bb46px||-3px|||\u00bb custom_padding=\u00bb5px||80px|||\u00bb global_colors_info=\u00bb{}\u00bb][et_pb_row use_custom_gutter=\u00bbon\u00bb gutter_width=\u00bb1&#8243; _builder_version=\u00bb4.25.2&#8243; _module_preset=\u00bbdefault\u00bb width=\u00bb96%\u00bb max_width=\u00bb2560px\u00bb module_alignment=\u00bbleft\u00bb custom_padding=\u00bb||9px|3%|false|false\u00bb global_colors_info=\u00bb{}\u00bb][et_pb_column type=\u00bb4_4&#8243; _builder_version=\u00bb4.17.6&#8243; _module_preset=\u00bbdefault\u00bb global_colors_info=\u00bb{}\u00bb][et_pb_blurb title=\u00bbFACULTAD DE HUMANIDADES\u00bb use_icon=\u00bbon\u00bb font_icon=\u00bb&#xf073;||fa||400&#8243; icon_color=\u00bb#009bdb\u00bb icon_placement=\u00bbleft\u00bb image_icon_width=\u00bb53px\u00bb content_max_width=\u00bb1100px\u00bb admin_label=\u00bbAnuncio: Ceremonia de titulaci\u00f3n: jueves 9 de noviembre de 2023 10.30 horas\u00bb _builder_version=\u00bb4.27.4&#8243; _module_preset=\u00bbdefault\u00bb header_font=\u00bb|800||on|||||\u00bb header_text_color=\u00bb#303030&#8243; header_font_size=\u00bb27px\u00bb body_font=\u00bb||||||||\u00bb body_text_color=\u00bb#0099cc\u00bb body_font_size=\u00bb16px\u00bb custom_margin=\u00bb||-1px|||\u00bb global_colors_info=\u00bb{}\u00bb]<\/p>\n<h1><strong>Mi\u00e9rcoles 15 de octubre de 2025, 10.30 horas<\/strong><\/h1>\n<p>Aula Dr. F\u00e9lix Morales Pettorino, Casa Central, Universidad de Playa Ancha.<\/p>\n<p>[\/et_pb_blurb][\/et_pb_column][\/et_pb_row][et_pb_row column_structure=\u00bb1_3,1_3,1_3&#8243; use_custom_gutter=\u00bbon\u00bb disabled_on=\u00bboff|off|off\u00bb _builder_version=\u00bb4.22.0&#8243; _module_preset=\u00bbdefault\u00bb width=\u00bb94%\u00bb max_width=\u00bb2560px\u00bb custom_padding=\u00bb18px||18px|||\u00bb global_colors_info=\u00bb{}\u00bb][et_pb_column type=\u00bb1_3&#8243; _builder_version=\u00bb4.17.6&#8243; _module_preset=\u00bbdefault\u00bb global_colors_info=\u00bb{}\u00bb][et_pb_toggle title=\u00bbADMINISTRACI\u00d3N TUR\u00cdSTICA MULTILING\u00dcE\u00bb open_toggle_text_color=\u00bb#000000&#8243; open_toggle_background_color=\u00bb#FFFFFF\u00bb closed_toggle_background_color=\u00bb#FFFFFF\u00bb icon_color=\u00bb#009bdb\u00bb toggle_icon=\u00bb&#xe048;||divi||400&#8243; use_icon_font_size=\u00bbon\u00bb icon_font_size=\u00bb26px\u00bb open_icon_color=\u00bb#009bdb\u00bb open_toggle_icon=\u00bb&#xe047;||divi||400&#8243; open_use_icon_font_size=\u00bbon\u00bb open_icon_font_size=\u00bb26px\u00bb disabled_on=\u00bboff|off|off\u00bb admin_label=\u00bbEducador o Educadora de P\u00e1rvulos\u00bb _builder_version=\u00bb4.27.4&#8243; _module_preset=\u00bbdefault\u00bb title_text_color=\u00bb#000000&#8243; title_font=\u00bb|700||on|||||\u00bb border_radii=\u00bboff||20px||20px\u00bb global_colors_info=\u00bb{}\u00bb]<\/p>\n<table width=\"100%\" style=\"width: 100%;\">\n<tbody>\n<tr>\n<td><strong>Apellido paterno<\/strong><\/td>\n<td><strong>Apellido materno<\/strong><\/td>\n<td><strong>Nombres<\/strong><\/td>\n<\/tr>\n<tr>\n<td width=\"87\">Allende<\/td>\n<td width=\"87\">C\u00e1ceres<\/td>\n<td width=\"87\">Nicol\u00e1s Alejandro<\/td>\n<\/tr>\n<tr>\n<td>Araos<\/td>\n<td>Araos<\/td>\n<td>Jorge Andr\u00e9s<\/td>\n<\/tr>\n<tr>\n<td>Esc\u00e1rate<\/td>\n<td>Lara<\/td>\n<td>Giovanni Francisco<\/td>\n<\/tr>\n<tr>\n<td>Flores<\/td>\n<td>Aravena<\/td>\n<td>Beatriz Antonia<\/td>\n<\/tr>\n<tr>\n<td>Garc\u00eda<\/td>\n<td>Contreras<\/td>\n<td>Ailyne Solange Alejandra<\/td>\n<\/tr>\n<tr>\n<td>G\u00f3mez<\/td>\n<td>Leiva<\/td>\n<td>Josefa Estela<\/td>\n<\/tr>\n<tr>\n<td>Leal<\/td>\n<td>Munster<\/td>\n<td>Geraldine Estefan\u00eda<\/td>\n<\/tr>\n<tr>\n<td>L\u00f3pez<\/td>\n<td>Castro<\/td>\n<td>Javiera Paz<\/td>\n<\/tr>\n<tr>\n<td>Lucero<\/td>\n<td>Arroyo<\/td>\n<td>Constanza Valentina<\/td>\n<\/tr>\n<tr>\n<td>Molina<\/td>\n<td>Torres<\/td>\n<td>Ivanna Eugenia<\/td>\n<\/tr>\n<tr>\n<td>Mu\u00f1oz<\/td>\n<td>Vigueras<\/td>\n<td>Sof\u00eda Bel\u00e9n<\/td>\n<\/tr>\n<tr>\n<td>N\u00fa\u00f1ez<\/td>\n<td>Fern\u00e1ndez<\/td>\n<td>Roc\u00edo Bel\u00e9n<\/td>\n<\/tr>\n<tr>\n<td>Ogaz<\/td>\n<td>Ch\u00e1vez<\/td>\n<td>Daniela Constanza<\/td>\n<\/tr>\n<tr>\n<td>Olivares<\/td>\n<td>Gonz\u00e1lez<\/td>\n<td>Dylan Patricio<\/td>\n<\/tr>\n<tr>\n<td>P\u00e9rez<\/td>\n<td>Lazcano<\/td>\n<td>Francisca De Los Angeles<\/td>\n<\/tr>\n<tr>\n<td>Raffernau<\/td>\n<td>D\u00edaz<\/td>\n<td>Laura Cristina<\/td>\n<\/tr>\n<tr>\n<td>Soto<\/td>\n<td>Henr\u00edquez<\/td>\n<td>Mart\u00edn Ignacio<\/td>\n<\/tr>\n<tr>\n<td>Vargas<\/td>\n<td>Guerra<\/td>\n<td>Karina Eliana<\/td>\n<\/tr>\n<tr>\n<td>Z\u00fa\u00f1iga<\/td>\n<td>Manr\u00edquez<\/td>\n<td>Sof\u00eda Ignacia<\/td>\n<\/tr>\n<\/tbody>\n<\/table>\n<p>[\/et_pb_toggle][\/et_pb_column][et_pb_column type=\u00bb1_3&#8243; _builder_version=\u00bb4.17.6&#8243; _module_preset=\u00bbdefault\u00bb global_colors_info=\u00bb{}\u00bb][et_pb_toggle title=\u00bbADMINISTRACI\u00d3N TUR\u00cdSTICA MULTILING\u00dcE &#8211; T\u00c9CNICO EN TURISMO\u00bb open_toggle_text_color=\u00bb#000000&#8243; open_toggle_background_color=\u00bb#FFFFFF\u00bb closed_toggle_background_color=\u00bb#FFFFFF\u00bb icon_color=\u00bb#009bdb\u00bb toggle_icon=\u00bb&#xe048;||divi||400&#8243; use_icon_font_size=\u00bbon\u00bb icon_font_size=\u00bb26px\u00bb open_icon_color=\u00bb#009bdb\u00bb open_toggle_icon=\u00bb&#xe047;||divi||400&#8243; open_use_icon_font_size=\u00bbon\u00bb open_icon_font_size=\u00bb26px\u00bb disabled_on=\u00bboff|off|off\u00bb admin_label=\u00bbEducador o Educadora de P\u00e1rvulos\u00bb _builder_version=\u00bb4.27.4&#8243; _module_preset=\u00bbdefault\u00bb title_text_color=\u00bb#000000&#8243; title_font=\u00bb|700||on|||||\u00bb border_radii=\u00bboff||20px||20px\u00bb global_colors_info=\u00bb{}\u00bb]<\/p>\n<table border=\"0\" cellpadding=\"0\" cellspacing=\"0\" width=\"100%\" style=\"border-collapse: collapse; width: 100%;\">\n<tbody>\n<tr>\n<td style=\"width: 65pt;\"><strong>Apellido paterno<\/strong><\/td>\n<td style=\"width: 65pt;\"><strong>Apellido materno<\/strong><\/td>\n<td style=\"width: 65pt;\"><strong>Nombres<\/strong><\/td>\n<\/tr>\n<tr height=\"20\" style=\"height: 15.0pt;\">\n<td height=\"20\" width=\"87\" style=\"height: 15.0pt; width: 65pt;\">\u00c1lvarez<\/td>\n<td width=\"87\" style=\"width: 65pt;\">V\u00e9liz<\/td>\n<td width=\"87\" style=\"width: 65pt;\">Alain Ra\u00fal<\/td>\n<\/tr>\n<tr height=\"20\" style=\"height: 15.0pt;\">\n<td height=\"20\" style=\"height: 15.0pt;\">Bravo<\/td>\n<td>Benavides<\/td>\n<td>Guillermo Andr\u00e9s<\/td>\n<\/tr>\n<tr height=\"20\" style=\"height: 15.0pt;\">\n<td height=\"20\" style=\"height: 15.0pt;\">D\u00edaz<\/td>\n<td>Saavedra<\/td>\n<td>Misael Kevin<\/td>\n<\/tr>\n<tr height=\"20\" style=\"height: 15.0pt;\">\n<td height=\"20\" style=\"height: 15.0pt;\">Miranda<\/td>\n<td>Campos<\/td>\n<td>Nicol\u00e1s Marcelo<\/td>\n<\/tr>\n<tr height=\"20\" style=\"height: 15.0pt;\">\n<td height=\"20\" style=\"height: 15.0pt;\">Osorio<\/td>\n<td>Millar<\/td>\n<td>Antonia Ignacia<\/td>\n<\/tr>\n<tr height=\"20\" style=\"height: 15.0pt;\">\n<td height=\"20\" style=\"height: 15.0pt;\">Pacheco<\/td>\n<td>Norambuena<\/td>\n<td>Valentina Amanda<\/td>\n<\/tr>\n<tr height=\"20\" style=\"height: 15.0pt;\">\n<td height=\"20\" style=\"height: 15.0pt;\">Puentes<\/td>\n<td>Silva<\/td>\n<td>Valentina Ignacia<\/td>\n<\/tr>\n<tr height=\"20\" style=\"height: 15.0pt;\">\n<td height=\"20\" style=\"height: 15.0pt;\">Rojas<\/td>\n<td>\u00c1vila<\/td>\n<td>Constanza Dennise<\/td>\n<\/tr>\n<tr height=\"20\" style=\"height: 15.0pt;\">\n<td height=\"20\" style=\"height: 15.0pt;\">Silva<\/td>\n<td>Adasme<\/td>\n<td>Francisca Catalina<\/td>\n<\/tr>\n<\/tbody>\n<\/table>\n<p>[\/et_pb_toggle][\/et_pb_column][et_pb_column type=\u00bb1_3&#8243; _builder_version=\u00bb4.17.6&#8243; _module_preset=\u00bbdefault\u00bb global_colors_info=\u00bb{}\u00bb][et_pb_toggle title=\u00bbPEDAGOG\u00cdA EN INGL\u00c9S (diurno)\u00bb open_toggle_text_color=\u00bb#000000&#8243; open_toggle_background_color=\u00bb#FFFFFF\u00bb closed_toggle_background_color=\u00bb#FFFFFF\u00bb icon_color=\u00bb#009bdb\u00bb toggle_icon=\u00bb&#xe048;||divi||400&#8243; use_icon_font_size=\u00bbon\u00bb icon_font_size=\u00bb26px\u00bb open_icon_color=\u00bb#009bdb\u00bb open_toggle_icon=\u00bb&#xe047;||divi||400&#8243; open_use_icon_font_size=\u00bbon\u00bb open_icon_font_size=\u00bb26px\u00bb disabled_on=\u00bboff|off|off\u00bb admin_label=\u00bbEducador o Educadora de P\u00e1rvulos\u00bb _builder_version=\u00bb4.27.4&#8243; _module_preset=\u00bbdefault\u00bb title_text_color=\u00bb#000000&#8243; title_font=\u00bb|700||on|||||\u00bb border_radii=\u00bboff||20px||20px\u00bb global_colors_info=\u00bb{}\u00bb]<\/p>\n<table width=\"100%\" style=\"width: 100%;\">\n<tbody>\n<tr>\n<td><strong>Apellido paterno<\/strong><\/td>\n<td><strong>Apellido materno<\/strong><\/td>\n<td><strong>Nombres<\/strong><\/td>\n<\/tr>\n<tr>\n<td width=\"87\">Acu\u00f1a<\/td>\n<td width=\"87\">Elizondo<\/td>\n<td width=\"87\">Crystal Alexandra<\/td>\n<\/tr>\n<tr>\n<td>\u00c1lvarez<\/td>\n<td>P\u00e1ez<\/td>\n<td>Jorge Andr\u00e9s<\/td>\n<\/tr>\n<tr>\n<td>Arce<\/td>\n<td>V\u00e9liz<\/td>\n<td>Catalina Ignacia<\/td>\n<\/tr>\n<tr>\n<td>Ben\u00edtez<\/td>\n<td>Ram\u00edrez<\/td>\n<td>Javiera Constanza<\/td>\n<\/tr>\n<tr>\n<td>Campos<\/td>\n<td>Ram\u00edrez<\/td>\n<td>Mar\u00eda Ignacia<\/td>\n<\/tr>\n<tr>\n<td>Carrasco<\/td>\n<td>Liberona<\/td>\n<td>Gabriela Andreas<\/td>\n<\/tr>\n<tr>\n<td>Catricura<\/td>\n<td>Fuentes<\/td>\n<td>Fabi\u00e1n Gerson<\/td>\n<\/tr>\n<tr>\n<td>Cornejo<\/td>\n<td>Cornejo<\/td>\n<td>Javiera Paz<\/td>\n<\/tr>\n<tr>\n<td>De La Rosa<\/td>\n<td>P\u00e9rez<\/td>\n<td>Carla Mar\u00eda Paz<\/td>\n<\/tr>\n<tr>\n<td>Dur\u00e1n<\/td>\n<td>Pino<\/td>\n<td>Jos\u00e9 Daniel<\/td>\n<\/tr>\n<tr>\n<td>Encina<\/td>\n<td>Manr\u00edquez<\/td>\n<td>Jorge Alfredo<\/td>\n<\/tr>\n<tr>\n<td>Flores<\/td>\n<td>Alborta<\/td>\n<td>Axel Esteban<\/td>\n<\/tr>\n<tr>\n<td>Gallardo<\/td>\n<td>Labra\u00f1a<\/td>\n<td>Danae Elizabeth Bel\u00e9n<\/td>\n<\/tr>\n<tr>\n<td>Gonz\u00e1lez<\/td>\n<td>Santib\u00e1\u00f1ez<\/td>\n<td>Makarena Roc\u00edo<\/td>\n<\/tr>\n<tr>\n<td>Hern\u00e1ndez<\/td>\n<td>Vargas<\/td>\n<td>Fiorella De Los Angeles<\/td>\n<\/tr>\n<tr>\n<td>Leiva<\/td>\n<td>Sep\u00falveda<\/td>\n<td>Mat\u00edas Jes\u00fas<\/td>\n<\/tr>\n<tr>\n<td>Mariante<\/td>\n<td>Arru\u00e9<\/td>\n<td>Sandra Melina<\/td>\n<\/tr>\n<tr>\n<td>Moreno<\/td>\n<td>Carvajal<\/td>\n<td>Krisna Emilia<\/td>\n<\/tr>\n<tr>\n<td>Ovalle<\/td>\n<td>Palacios<\/td>\n<td>Ang\u00e9lica Yamilet<\/td>\n<\/tr>\n<tr>\n<td>Pe\u00f1a<\/td>\n<td>Vargas<\/td>\n<td>Constanza Andrea<\/td>\n<\/tr>\n<tr>\n<td>P\u00e9rez<\/td>\n<td>Vergara<\/td>\n<td>Yhessabett Anggell<\/td>\n<\/tr>\n<tr>\n<td>Pizarro<\/td>\n<td>Silva<\/td>\n<td>Macarena Alejandra<\/td>\n<\/tr>\n<tr>\n<td>Ponce<\/td>\n<td>Lira<\/td>\n<td>Maximiliano Andr\u00e9s<\/td>\n<\/tr>\n<tr>\n<td>Ram\u00edrez<\/td>\n<td>Pe\u00f1a<\/td>\n<td>Aylen Cecilia<\/td>\n<\/tr>\n<tr>\n<td>Rifo<\/td>\n<td>Osorio<\/td>\n<td>Catalina Ghislaine<\/td>\n<\/tr>\n<tr>\n<td>Rivera<\/td>\n<td>Duarte<\/td>\n<td>Juan Pablo<\/td>\n<\/tr>\n<tr>\n<td>Rosales<\/td>\n<td>Contreras<\/td>\n<td>Camila Alejandra<\/td>\n<\/tr>\n<tr>\n<td>Rubio<\/td>\n<td>Bravo<\/td>\n<td>Juan Pablo<\/td>\n<\/tr>\n<tr>\n<td>Salinas<\/td>\n<td>Hern\u00e1ndez<\/td>\n<td>Juan Carlos Mart\u00edn<\/td>\n<\/tr>\n<tr>\n<td>Soto<\/td>\n<td>Silva<\/td>\n<td>Danitza Scarlett<\/td>\n<\/tr>\n<tr>\n<td>Torres<\/td>\n<td>Guerrero<\/td>\n<td>Cinthya Elizabeth<\/td>\n<\/tr>\n<tr>\n<td>Villalobos<\/td>\n<td>Villalobos<\/td>\n<td>Miyarai Antonia<\/td>\n<\/tr>\n<\/tbody>\n<\/table>\n<p>[\/et_pb_toggle][\/et_pb_column][\/et_pb_row][et_pb_row column_structure=\u00bb1_3,1_3,1_3&#8243; use_custom_gutter=\u00bbon\u00bb disabled_on=\u00bboff|off|off\u00bb _builder_version=\u00bb4.22.0&#8243; _module_preset=\u00bbdefault\u00bb width=\u00bb94%\u00bb max_width=\u00bb2560px\u00bb custom_padding=\u00bb18px||18px|||\u00bb global_colors_info=\u00bb{}\u00bb][et_pb_column type=\u00bb1_3&#8243; _builder_version=\u00bb4.17.6&#8243; _module_preset=\u00bbdefault\u00bb global_colors_info=\u00bb{}\u00bb][et_pb_toggle title=\u00bbPEDAGOG\u00cdA EN INGL\u00c9S (VESPERTINO)\u00bb open_toggle_text_color=\u00bb#000000&#8243; open_toggle_background_color=\u00bb#FFFFFF\u00bb closed_toggle_background_color=\u00bb#FFFFFF\u00bb icon_color=\u00bb#009bdb\u00bb toggle_icon=\u00bb&#xe048;||divi||400&#8243; use_icon_font_size=\u00bbon\u00bb icon_font_size=\u00bb26px\u00bb open_icon_color=\u00bb#009bdb\u00bb open_toggle_icon=\u00bb&#xe047;||divi||400&#8243; open_use_icon_font_size=\u00bbon\u00bb open_icon_font_size=\u00bb26px\u00bb disabled_on=\u00bboff|off|off\u00bb admin_label=\u00bbEducador o Educadora de P\u00e1rvulos\u00bb _builder_version=\u00bb4.27.4&#8243; _module_preset=\u00bbdefault\u00bb title_text_color=\u00bb#000000&#8243; title_font=\u00bb|700||on|||||\u00bb border_radii=\u00bboff||20px||20px\u00bb global_colors_info=\u00bb{}\u00bb]<\/p>\n<table border=\"0\" cellpadding=\"0\" cellspacing=\"0\" width=\"100%\" style=\"border-collapse: collapse; width: 100%;\">\n<tbody>\n<tr>\n<td style=\"width: 65pt;\"><strong>Apellido paterno<\/strong><\/td>\n<td style=\"width: 65pt;\"><strong>Apellido materno<\/strong><\/td>\n<td style=\"width: 65pt;\"><strong>Nombres<\/strong><\/td>\n<\/tr>\n<tr height=\"20\" style=\"height: 15.0pt;\">\n<td height=\"20\" width=\"87\" style=\"height: 15.0pt; width: 65pt;\">Araya<\/td>\n<td width=\"87\" style=\"width: 65pt;\">Riveros<\/td>\n<td width=\"87\" style=\"width: 65pt;\">Marcela de Lourdes<\/td>\n<\/tr>\n<tr height=\"20\" style=\"height: 15.0pt;\">\n<td height=\"20\" style=\"height: 15.0pt;\">Gonz\u00e1lez<\/td>\n<td>Olivares<\/td>\n<td>Catalina Michelle<\/td>\n<\/tr>\n<tr height=\"20\" style=\"height: 15.0pt;\">\n<td height=\"20\" style=\"height: 15.0pt;\">Rojas<\/td>\n<td>Maureira<\/td>\n<td>Josua Eleazar<\/td>\n<\/tr>\n<\/tbody>\n<\/table>\n<p>[\/et_pb_toggle][\/et_pb_column][et_pb_column type=\u00bb1_3&#8243; _builder_version=\u00bb4.17.6&#8243; _module_preset=\u00bbdefault\u00bb global_colors_info=\u00bb{}\u00bb][et_pb_toggle title=\u00bbTRADUCCI\u00d3N E INTERPRETACI\u00d3N INGL\u00c9S-ESPA\u00d1OL\u00bb open_toggle_text_color=\u00bb#000000&#8243; open_toggle_background_color=\u00bb#FFFFFF\u00bb closed_toggle_background_color=\u00bb#FFFFFF\u00bb icon_color=\u00bb#009bdb\u00bb toggle_icon=\u00bb&#xe048;||divi||400&#8243; use_icon_font_size=\u00bbon\u00bb icon_font_size=\u00bb26px\u00bb open_icon_color=\u00bb#009bdb\u00bb open_toggle_icon=\u00bb&#xe047;||divi||400&#8243; open_use_icon_font_size=\u00bbon\u00bb open_icon_font_size=\u00bb26px\u00bb disabled_on=\u00bboff|off|off\u00bb admin_label=\u00bbEducador o Educadora de P\u00e1rvulos\u00bb _builder_version=\u00bb4.27.4&#8243; _module_preset=\u00bbdefault\u00bb title_text_color=\u00bb#000000&#8243; title_font=\u00bb|700||on|||||\u00bb border_radii=\u00bboff||20px||20px\u00bb global_colors_info=\u00bb{}\u00bb]<\/p>\n<table border=\"0\" cellpadding=\"0\" cellspacing=\"0\" width=\"100%\" style=\"border-collapse: collapse; width: 100%; height: 144px;\">\n<tbody>\n<tr style=\"height: 24px;\">\n<td style=\"width: 86.125px; height: 24px;\"><strong>Apellido paterno<\/strong><\/td>\n<td style=\"width: 84.8359px; height: 24px;\"><strong>Apellido materno<\/strong><\/td>\n<td style=\"width: 85.0391px; height: 24px;\"><strong>Nombres<\/strong><\/td>\n<\/tr>\n<tr height=\"20\" style=\"height: 15.0pt;\">\n<td height=\"20\" style=\"height: 15px; width: 86.125px;\">\u00c1vila<\/td>\n<td style=\"width: 84.8359px; height: 15px;\">Alarc\u00f3n<\/td>\n<td style=\"width: 85.0391px; height: 15px;\">Damaris Mical<\/td>\n<\/tr>\n<tr height=\"20\" style=\"height: 15.0pt;\">\n<td height=\"20\" style=\"height: 15px; width: 86.125px;\">Donoso<\/td>\n<td style=\"width: 84.8359px; height: 15px;\">Bast\u00edas<\/td>\n<td style=\"width: 85.0391px; height: 15px;\">Cristian Eduardo<\/td>\n<\/tr>\n<tr height=\"20\" style=\"height: 15.0pt;\">\n<td height=\"20\" style=\"height: 15px; width: 86.125px;\">Guerrero<\/td>\n<td style=\"width: 84.8359px; height: 15px;\">Guerra<\/td>\n<td style=\"width: 85.0391px; height: 15px;\">Javier Ignacio<\/td>\n<\/tr>\n<tr height=\"20\" style=\"height: 15.0pt;\">\n<td height=\"20\" style=\"height: 15px; width: 86.125px;\">Ladr\u00f3n De Guevara<\/td>\n<td style=\"width: 84.8359px; height: 15px;\">Herrera<\/td>\n<td style=\"width: 85.0391px; height: 15px;\">Gabriel Fabi\u00e1n<\/td>\n<\/tr>\n<tr height=\"20\" style=\"height: 15.0pt;\">\n<td height=\"20\" style=\"height: 15px; width: 86.125px;\">Meza<\/td>\n<td style=\"width: 84.8359px; height: 15px;\">Castro<\/td>\n<td style=\"width: 85.0391px; height: 15px;\">Felipe Antonio<\/td>\n<\/tr>\n<tr height=\"20\" style=\"height: 15.0pt;\">\n<td height=\"20\" style=\"height: 15px; width: 86.125px;\">Pallauta<\/td>\n<td style=\"width: 84.8359px; height: 15px;\">Lisera<\/td>\n<td style=\"width: 85.0391px; height: 15px;\">Marcela Patricia Andrea<\/td>\n<\/tr>\n<tr height=\"20\" style=\"height: 15.0pt;\">\n<td height=\"20\" style=\"height: 15px; width: 86.125px;\">Quezada<\/td>\n<td style=\"width: 84.8359px; height: 15px;\">Cer\u00f3n<\/td>\n<td style=\"width: 85.0391px; height: 15px;\">Daniela Maritza<\/td>\n<\/tr>\n<tr height=\"20\" style=\"height: 15.0pt;\">\n<td height=\"20\" style=\"height: 15px; width: 86.125px;\">Retamal<\/td>\n<td style=\"width: 84.8359px; height: 15px;\">Paredes<\/td>\n<td style=\"width: 85.0391px; height: 15px;\">Camilo Andr\u00e9s<\/td>\n<\/tr>\n<\/tbody>\n<\/table>\n<p>[\/et_pb_toggle][\/et_pb_column][et_pb_column type=\u00bb1_3&#8243; _builder_version=\u00bb4.17.6&#8243; _module_preset=\u00bbdefault\u00bb global_colors_info=\u00bb{}\u00bb][\/et_pb_column][\/et_pb_row][et_pb_row use_custom_gutter=\u00bbon\u00bb disabled_on=\u00bboff|off|off\u00bb _builder_version=\u00bb4.22.0&#8243; _module_preset=\u00bbdefault\u00bb width=\u00bb94%\u00bb max_width=\u00bb2560px\u00bb custom_padding=\u00bb18px||18px|||\u00bb global_colors_info=\u00bb{}\u00bb][et_pb_column type=\u00bb4_4&#8243; _builder_version=\u00bb4.17.6&#8243; _module_preset=\u00bbdefault\u00bb global_colors_info=\u00bb{}\u00bb][et_pb_blurb use_icon=\u00bbon\u00bb font_icon=\u00bb&#x45;||divi||400&#8243; icon_color=\u00bb#009bdb\u00bb icon_placement=\u00bbleft\u00bb image_icon_width=\u00bb53px\u00bb content_max_width=\u00bb1100px\u00bb admin_label=\u00bbAnuncio: Ceremonia de titulaci\u00f3n: jueves 9 de noviembre de 2023 10.30 horas\u00bb _builder_version=\u00bb4.27.4&#8243; _module_preset=\u00bbdefault\u00bb header_font=\u00bb|800||on|||||\u00bb header_text_color=\u00bb#303030&#8243; header_font_size=\u00bb27px\u00bb body_font=\u00bb||||||||\u00bb body_text_color=\u00bb#0099cc\u00bb body_font_size=\u00bb16px\u00bb custom_margin=\u00bb||-1px|||\u00bb global_colors_info=\u00bb{}\u00bb]<\/p>\n<h1><strong>Mi\u00e9rcoles 15 de octubre de 2025, 15.30 horas<\/strong><\/h1>\n<p>Aula Dr. F\u00e9lix Morales Pettorino, Casa Central, Universidad de Playa Ancha.<\/p>\n<p>[\/et_pb_blurb][\/et_pb_column][\/et_pb_row][et_pb_row column_structure=\u00bb1_3,1_3,1_3&#8243; use_custom_gutter=\u00bbon\u00bb disabled_on=\u00bboff|off|off\u00bb _builder_version=\u00bb4.22.0&#8243; _module_preset=\u00bbdefault\u00bb width=\u00bb94%\u00bb max_width=\u00bb2560px\u00bb custom_padding=\u00bb18px||18px|||\u00bb global_colors_info=\u00bb{}\u00bb][et_pb_column type=\u00bb1_3&#8243; _builder_version=\u00bb4.17.6&#8243; _module_preset=\u00bbdefault\u00bb global_colors_info=\u00bb{}\u00bb][et_pb_toggle title=\u00bbLICENCIATURA EN FILOSOF\u00cdA\u00bb open_toggle_text_color=\u00bb#000000&#8243; open_toggle_background_color=\u00bb#FFFFFF\u00bb closed_toggle_background_color=\u00bb#FFFFFF\u00bb icon_color=\u00bb#009bdb\u00bb toggle_icon=\u00bb&#xe048;||divi||400&#8243; use_icon_font_size=\u00bbon\u00bb icon_font_size=\u00bb26px\u00bb open_icon_color=\u00bb#009bdb\u00bb open_toggle_icon=\u00bb&#xe047;||divi||400&#8243; open_use_icon_font_size=\u00bbon\u00bb open_icon_font_size=\u00bb26px\u00bb disabled_on=\u00bboff|off|off\u00bb admin_label=\u00bbEducador o Educadora de P\u00e1rvulos\u00bb _builder_version=\u00bb4.27.4&#8243; _module_preset=\u00bbdefault\u00bb title_text_color=\u00bb#000000&#8243; title_font=\u00bb|700||on|||||\u00bb border_radii=\u00bboff||20px||20px\u00bb global_colors_info=\u00bb{}\u00bb]<\/p>\n<table border=\"1\" style=\"border-collapse: collapse; width: 100%;\">\n<tbody>\n<tr>\n<td style=\"width: 33.3333%;\"><strong>Apellido paterno<\/strong><\/td>\n<td style=\"width: 33.3333%;\"><strong>Apellido materno<\/strong><\/td>\n<td style=\"width: 33.3333%;\"><strong>Nombres<\/strong><\/td>\n<\/tr>\n<tr>\n<td style=\"width: 33.3333%;\">Estay<\/td>\n<td style=\"width: 33.3333%;\">Caama\u00f1o<\/td>\n<td style=\"width: 33.3333%;\">Camila Fernanda<\/td>\n<\/tr>\n<\/tbody>\n<\/table>\n<p>[\/et_pb_toggle][\/et_pb_column][et_pb_column type=\u00bb1_3&#8243; _builder_version=\u00bb4.17.6&#8243; _module_preset=\u00bbdefault\u00bb global_colors_info=\u00bb{}\u00bb][et_pb_toggle title=\u00bbLICENCIATURA EN HISTORIA\u00bb open_toggle_text_color=\u00bb#000000&#8243; open_toggle_background_color=\u00bb#FFFFFF\u00bb closed_toggle_background_color=\u00bb#FFFFFF\u00bb icon_color=\u00bb#009bdb\u00bb toggle_icon=\u00bb&#xe048;||divi||400&#8243; use_icon_font_size=\u00bbon\u00bb icon_font_size=\u00bb26px\u00bb open_icon_color=\u00bb#009bdb\u00bb open_toggle_icon=\u00bb&#xe047;||divi||400&#8243; open_use_icon_font_size=\u00bbon\u00bb open_icon_font_size=\u00bb26px\u00bb disabled_on=\u00bboff|off|off\u00bb admin_label=\u00bbEducador o Educadora de P\u00e1rvulos\u00bb _builder_version=\u00bb4.27.4&#8243; _module_preset=\u00bbdefault\u00bb title_text_color=\u00bb#000000&#8243; title_font=\u00bb|700||on|||||\u00bb border_radii=\u00bboff||20px||20px\u00bb global_colors_info=\u00bb{}\u00bb]<\/p>\n<table border=\"1\" style=\"border-collapse: collapse; width: 100%;\">\n<tbody>\n<tr>\n<td style=\"width: 33.3333%;\"><strong>Apellido paterno<\/strong><\/td>\n<td style=\"width: 33.3333%;\"><strong>Apellido materno<\/strong><\/td>\n<td style=\"width: 33.3333%;\"><strong>Nombres<\/strong><\/td>\n<\/tr>\n<tr>\n<td style=\"width: 33.3333%;\">C\u00e1rdenas<\/td>\n<td style=\"width: 33.3333%;\">D\u00edaz<\/td>\n<td style=\"width: 33.3333%;\">Cristian Alejandro<\/td>\n<\/tr>\n<\/tbody>\n<\/table>\n<p>Cristian Alejandro<\/p>\n<p>[\/et_pb_toggle][\/et_pb_column][et_pb_column type=\u00bb1_3&#8243; _builder_version=\u00bb4.17.6&#8243; _module_preset=\u00bbdefault\u00bb global_colors_info=\u00bb{}\u00bb][et_pb_toggle title=\u00bbPEDAGOG\u00cdA EN Castellano (diurno)\u00bb open_toggle_text_color=\u00bb#000000&#8243; open_toggle_background_color=\u00bb#FFFFFF\u00bb closed_toggle_background_color=\u00bb#FFFFFF\u00bb icon_color=\u00bb#009bdb\u00bb toggle_icon=\u00bb&#xe048;||divi||400&#8243; use_icon_font_size=\u00bbon\u00bb icon_font_size=\u00bb26px\u00bb open_icon_color=\u00bb#009bdb\u00bb open_toggle_icon=\u00bb&#xe047;||divi||400&#8243; open_use_icon_font_size=\u00bbon\u00bb open_icon_font_size=\u00bb26px\u00bb disabled_on=\u00bboff|off|off\u00bb admin_label=\u00bbEducador o Educadora de P\u00e1rvulos\u00bb _builder_version=\u00bb4.27.4&#8243; _module_preset=\u00bbdefault\u00bb title_text_color=\u00bb#000000&#8243; title_font=\u00bb|700||on|||||\u00bb border_radii=\u00bboff||20px||20px\u00bb global_colors_info=\u00bb{}\u00bb]<\/p>\n<table border=\"0\" cellpadding=\"0\" cellspacing=\"0\" width=\"100%\" style=\"border-collapse: collapse; width: 100%;\">\n<tbody>\n<tr height=\"20\" style=\"height: 15.0pt;\">\n<td height=\"20\" width=\"87\" style=\"height: 15.0pt; width: 65pt;\"><strong>Apellido paterno<\/strong><\/td>\n<td width=\"87\" style=\"width: 65pt;\"><strong>Apellido materno<\/strong><\/td>\n<td width=\"87\" style=\"width: 65pt;\"><strong>Nombres<\/strong><\/td>\n<\/tr>\n<tr height=\"20\" style=\"height: 15.0pt;\">\n<td height=\"20\" style=\"height: 15.0pt;\">Araya<\/td>\n<td>Mondaca<\/td>\n<td>Nicol\u00e1s Vicente<\/td>\n<\/tr>\n<tr height=\"20\" style=\"height: 15.0pt;\">\n<td height=\"20\" style=\"height: 15.0pt;\">Astudillo<\/td>\n<td>Arcila<\/td>\n<td>Damarie Yaritza<\/td>\n<\/tr>\n<tr height=\"20\" style=\"height: 15.0pt;\">\n<td height=\"20\" style=\"height: 15.0pt;\">Becerra<\/td>\n<td>Mu\u00f1oz<\/td>\n<td>Luna Alen<\/td>\n<\/tr>\n<tr height=\"20\" style=\"height: 15.0pt;\">\n<td height=\"20\" style=\"height: 15.0pt;\">Bustos<\/td>\n<td>Miranda<\/td>\n<td>Iv\u00e1n Maximiliano<\/td>\n<\/tr>\n<tr height=\"20\" style=\"height: 15.0pt;\">\n<td height=\"20\" style=\"height: 15.0pt;\">C\u00e1ceres<\/td>\n<td>Vald\u00e9s<\/td>\n<td>Cecilia Irma<\/td>\n<\/tr>\n<tr height=\"20\" style=\"height: 15.0pt;\">\n<td height=\"20\" style=\"height: 15.0pt;\">Castro<\/td>\n<td>Dendal<\/td>\n<td>Danyeli Araceli<\/td>\n<\/tr>\n<tr height=\"20\" style=\"height: 15.0pt;\">\n<td height=\"20\" style=\"height: 15.0pt;\">Chand\u00eda<\/td>\n<td>D\u00edaz<\/td>\n<td>Agust\u00edn El\u00edas<\/td>\n<\/tr>\n<tr height=\"20\" style=\"height: 15.0pt;\">\n<td height=\"20\" style=\"height: 15.0pt;\">C\u00f3rdova<\/td>\n<td>Gonz\u00e1lez<\/td>\n<td>Luisa Ignacia<\/td>\n<\/tr>\n<tr height=\"20\" style=\"height: 15.0pt;\">\n<td height=\"20\" style=\"height: 15.0pt;\">Cueto<\/td>\n<td>Pimentel<\/td>\n<td>Camila Fernanda<\/td>\n<\/tr>\n<tr height=\"20\" style=\"height: 15.0pt;\">\n<td height=\"20\" style=\"height: 15.0pt;\">Dur\u00e1n<\/td>\n<td>Madrid<\/td>\n<td>Genesis Gabriela<\/td>\n<\/tr>\n<tr height=\"20\" style=\"height: 15.0pt;\">\n<td height=\"20\" style=\"height: 15.0pt;\">Espinoza<\/td>\n<td>Irarr\u00e1zabal<\/td>\n<td>Teresa Catalina<\/td>\n<\/tr>\n<tr height=\"20\" style=\"height: 15.0pt;\">\n<td height=\"20\" style=\"height: 15.0pt;\">Gargurevich<\/td>\n<td>Tapia<\/td>\n<td>Irina Begonia<\/td>\n<\/tr>\n<tr height=\"20\" style=\"height: 15.0pt;\">\n<td height=\"20\" style=\"height: 15.0pt;\">Gonz\u00e1lez<\/td>\n<td>Palacios<\/td>\n<td>Genesis Francisca<\/td>\n<\/tr>\n<tr height=\"20\" style=\"height: 15.0pt;\">\n<td height=\"20\" style=\"height: 15.0pt;\">Herrera<\/td>\n<td>Dur\u00e1n<\/td>\n<td>Amanda Zoe<\/td>\n<\/tr>\n<tr height=\"20\" style=\"height: 15.0pt;\">\n<td height=\"20\" style=\"height: 15.0pt;\">Huerta<\/td>\n<td>Bahamondes<\/td>\n<td>Francisco Javier<\/td>\n<\/tr>\n<tr height=\"20\" style=\"height: 15.0pt;\">\n<td height=\"20\" style=\"height: 15.0pt;\">Lagos<\/td>\n<td>Fern\u00e1ndez<\/td>\n<td>Itamar Alexandra<\/td>\n<\/tr>\n<tr height=\"20\" style=\"height: 15.0pt;\">\n<td height=\"20\" style=\"height: 15.0pt;\">Maldonado<\/td>\n<td>Esc\u00e1rate<\/td>\n<td>Basti\u00e1n Andr\u00e9s<\/td>\n<\/tr>\n<tr height=\"20\" style=\"height: 15.0pt;\">\n<td height=\"20\" style=\"height: 15.0pt;\">Maldonado<\/td>\n<td>N\u00fa\u00f1ez<\/td>\n<td>Debora Amparo<\/td>\n<\/tr>\n<tr height=\"20\" style=\"height: 15.0pt;\">\n<td height=\"20\" style=\"height: 15.0pt;\">Mena<\/td>\n<td>Armijo<\/td>\n<td>Patricio Alejandro<\/td>\n<\/tr>\n<tr height=\"20\" style=\"height: 15.0pt;\">\n<td height=\"20\" style=\"height: 15.0pt;\">Palacios<\/td>\n<td>Parada<\/td>\n<td>Elena Bel\u00e9n<\/td>\n<\/tr>\n<tr height=\"20\" style=\"height: 15.0pt;\">\n<td height=\"20\" style=\"height: 15.0pt;\">Pineda<\/td>\n<td>Garrido<\/td>\n<td>Kiara Alejandra<\/td>\n<\/tr>\n<tr height=\"20\" style=\"height: 15.0pt;\">\n<td height=\"20\" style=\"height: 15.0pt;\">Pizarro<\/td>\n<td>Cortez<\/td>\n<td>Katherine Ignacia<\/td>\n<\/tr>\n<tr height=\"20\" style=\"height: 15.0pt;\">\n<td height=\"20\" style=\"height: 15.0pt;\">Risso<\/td>\n<td>Calder\u00f3n<\/td>\n<td>Gabriela Alejandra<\/td>\n<\/tr>\n<tr height=\"20\" style=\"height: 15.0pt;\">\n<td height=\"20\" style=\"height: 15.0pt;\">Ruz<\/td>\n<td>Peralta<\/td>\n<td>Sof\u00eda Victoria<\/td>\n<\/tr>\n<tr height=\"20\" style=\"height: 15.0pt;\">\n<td height=\"20\" style=\"height: 15.0pt;\">Soto<\/td>\n<td>Ahumada<\/td>\n<td>Katherine Fernanda<\/td>\n<\/tr>\n<tr height=\"20\" style=\"height: 15.0pt;\">\n<td height=\"20\" style=\"height: 15.0pt;\">Tiara<\/td>\n<td>Pizarro<\/td>\n<td>Fayra Nour Digna<\/td>\n<\/tr>\n<tr height=\"20\" style=\"height: 15.0pt;\">\n<td height=\"20\" style=\"height: 15.0pt;\">Toro<\/td>\n<td>Cepeda<\/td>\n<td>Amanda Elisa<\/td>\n<\/tr>\n<tr height=\"20\" style=\"height: 15.0pt;\">\n<td height=\"20\" style=\"height: 15.0pt;\">Valencia<\/td>\n<td>Silva<\/td>\n<td>Mauricio Fernando<\/td>\n<\/tr>\n<tr height=\"20\" style=\"height: 15.0pt;\">\n<td height=\"20\" style=\"height: 15.0pt;\">V\u00e1squez<\/td>\n<td>Zapata<\/td>\n<td>Ignacio Alejandro<\/td>\n<\/tr>\n<tr height=\"20\" style=\"height: 15.0pt;\">\n<td height=\"20\" style=\"height: 15.0pt;\">Vergara<\/td>\n<td>Amaro<\/td>\n<td>Ariana Francisca<\/td>\n<\/tr>\n<tr height=\"20\" style=\"height: 15.0pt;\">\n<td height=\"20\" style=\"height: 15.0pt;\">Villacura<\/td>\n<td>Ruz<\/td>\n<td>Valentina Alejandra<\/td>\n<\/tr>\n<tr height=\"20\" style=\"height: 15.0pt;\">\n<td height=\"20\" style=\"height: 15.0pt;\">Villaz\u00f3n<\/td>\n<td>Contreras<\/td>\n<td>Marion Alondra<\/td>\n<\/tr>\n<tr height=\"20\" style=\"height: 15.0pt;\">\n<td height=\"20\" style=\"height: 15.0pt;\">Zamora<\/td>\n<td>Segura<\/td>\n<td>Diego Marcelo<\/td>\n<\/tr>\n<tr height=\"20\" style=\"height: 15.0pt;\">\n<td height=\"20\" style=\"height: 15.0pt;\">Zenteno<\/td>\n<td>Saavedra<\/td>\n<td>Catalina Ana\u00eds<\/td>\n<\/tr>\n<\/tbody>\n<\/table>\n<p>[\/et_pb_toggle][\/et_pb_column][\/et_pb_row][et_pb_row column_structure=\u00bb1_3,1_3,1_3&#8243; use_custom_gutter=\u00bbon\u00bb disabled_on=\u00bboff|off|off\u00bb _builder_version=\u00bb4.22.0&#8243; _module_preset=\u00bbdefault\u00bb width=\u00bb94%\u00bb max_width=\u00bb2560px\u00bb custom_padding=\u00bb18px||18px|||\u00bb global_colors_info=\u00bb{}\u00bb][et_pb_column type=\u00bb1_3&#8243; _builder_version=\u00bb4.17.6&#8243; _module_preset=\u00bbdefault\u00bb global_colors_info=\u00bb{}\u00bb][et_pb_toggle title=\u00bbPedagog\u00eda en Castellano (vespertino)\u00bb open_toggle_text_color=\u00bb#000000&#8243; open_toggle_background_color=\u00bb#FFFFFF\u00bb closed_toggle_background_color=\u00bb#FFFFFF\u00bb icon_color=\u00bb#009bdb\u00bb toggle_icon=\u00bb&#xe048;||divi||400&#8243; use_icon_font_size=\u00bbon\u00bb icon_font_size=\u00bb26px\u00bb open_icon_color=\u00bb#009bdb\u00bb open_toggle_icon=\u00bb&#xe047;||divi||400&#8243; open_use_icon_font_size=\u00bbon\u00bb open_icon_font_size=\u00bb26px\u00bb disabled_on=\u00bboff|off|off\u00bb admin_label=\u00bbEducador o Educadora de P\u00e1rvulos\u00bb _builder_version=\u00bb4.27.4&#8243; _module_preset=\u00bbdefault\u00bb title_text_color=\u00bb#000000&#8243; title_font=\u00bb|700||on|||||\u00bb border_radii=\u00bboff||20px||20px\u00bb global_colors_info=\u00bb{}\u00bb]<\/p>\n<table border=\"1\" style=\"border-collapse: collapse; width: 100%;\">\n<tbody>\n<tr>\n<td style=\"width: 33.3333%;\"><strong>Apellido paterno<\/strong><\/td>\n<td style=\"width: 33.3333%;\"><strong>Apellido materno<\/strong><\/td>\n<td style=\"width: 33.3333%;\"><strong>Nombres<\/strong><\/td>\n<\/tr>\n<tr>\n<td style=\"width: 33.3333%;\">Ancavil<\/td>\n<td style=\"width: 33.3333%;\">V\u00e1squez<\/td>\n<td style=\"width: 33.3333%;\">Valeria Gisell<\/td>\n<\/tr>\n<\/tbody>\n<\/table>\n<p>[\/et_pb_toggle][\/et_pb_column][et_pb_column type=\u00bb1_3&#8243; _builder_version=\u00bb4.17.6&#8243; _module_preset=\u00bbdefault\u00bb global_colors_info=\u00bb{}\u00bb][et_pb_toggle title=\u00bbPEDAGOG\u00cdA EN FILOSOF\u00cdA\u00bb open_toggle_text_color=\u00bb#000000&#8243; open_toggle_background_color=\u00bb#FFFFFF\u00bb closed_toggle_background_color=\u00bb#FFFFFF\u00bb icon_color=\u00bb#009bdb\u00bb toggle_icon=\u00bb&#xe048;||divi||400&#8243; use_icon_font_size=\u00bbon\u00bb icon_font_size=\u00bb26px\u00bb open_icon_color=\u00bb#009bdb\u00bb open_toggle_icon=\u00bb&#xe047;||divi||400&#8243; open_use_icon_font_size=\u00bbon\u00bb open_icon_font_size=\u00bb26px\u00bb disabled_on=\u00bboff|off|off\u00bb admin_label=\u00bbEducador o Educadora de P\u00e1rvulos\u00bb _builder_version=\u00bb4.27.4&#8243; _module_preset=\u00bbdefault\u00bb title_text_color=\u00bb#000000&#8243; title_font=\u00bb|700||on|||||\u00bb border_radii=\u00bboff||20px||20px\u00bb global_colors_info=\u00bb{}\u00bb]<\/p>\n<table border=\"1\" style=\"border-collapse: collapse; width: 100%;\">\n<tbody>\n<tr>\n<td style=\"width: 33.3333%;\"><strong>Apellido paterno<\/strong><\/td>\n<td style=\"width: 33.3333%;\"><strong>Apellido materno<\/strong><\/td>\n<td style=\"width: 33.3333%;\"><strong>Nombres<\/strong><\/td>\n<\/tr>\n<tr>\n<td style=\"width: 33.3333%;\">Brandt<\/td>\n<td style=\"width: 33.3333%;\">Ortega<\/td>\n<td style=\"width: 33.3333%;\">Brithany Scarleth<\/td>\n<\/tr>\n<tr>\n<td style=\"width: 33.3333%;\">Torreblanca<\/td>\n<td style=\"width: 33.3333%;\">Arancibia<\/td>\n<td style=\"width: 33.3333%;\">Francisco Javier<\/td>\n<\/tr>\n<\/tbody>\n<\/table>\n<p>[\/et_pb_toggle][\/et_pb_column][et_pb_column type=\u00bb1_3&#8243; _builder_version=\u00bb4.17.6&#8243; _module_preset=\u00bbdefault\u00bb global_colors_info=\u00bb{}\u00bb][et_pb_toggle title=\u00bbPEDAGOG\u00cdA EN HISTORIA Y GEOGRAF\u00cdA (Diurno)\u00bb open_toggle_text_color=\u00bb#000000&#8243; open_toggle_background_color=\u00bb#FFFFFF\u00bb closed_toggle_background_color=\u00bb#FFFFFF\u00bb icon_color=\u00bb#009bdb\u00bb toggle_icon=\u00bb&#xe048;||divi||400&#8243; use_icon_font_size=\u00bbon\u00bb icon_font_size=\u00bb26px\u00bb open_icon_color=\u00bb#009bdb\u00bb open_toggle_icon=\u00bb&#xe047;||divi||400&#8243; open_use_icon_font_size=\u00bbon\u00bb open_icon_font_size=\u00bb26px\u00bb disabled_on=\u00bboff|off|off\u00bb admin_label=\u00bbEducador o Educadora de P\u00e1rvulos\u00bb _builder_version=\u00bb4.27.4&#8243; _module_preset=\u00bbdefault\u00bb title_text_color=\u00bb#000000&#8243; title_font=\u00bb|700||on|||||\u00bb border_radii=\u00bboff||20px||20px\u00bb global_colors_info=\u00bb{}\u00bb]<\/p>\n<table border=\"0\" cellpadding=\"0\" cellspacing=\"0\" width=\"100%\" style=\"border-collapse: collapse; width: 100%; height: 329px;\">\n<tbody>\n<tr>\n<td style=\"width: 65pt;\"><strong>Apellido paterno<\/strong><\/td>\n<td style=\"width: 65pt;\"><strong>Apellido materno<\/strong><\/td>\n<td style=\"width: 65pt;\"><strong>Nombres<\/strong><\/td>\n<\/tr>\n<tr height=\"20\" style=\"height: 15.0pt;\">\n<td height=\"20\" width=\"87\" style=\"height: 14px; width: 65pt;\">Aguilar<\/td>\n<td width=\"87\" style=\"width: 65pt; height: 14px;\">Torres<\/td>\n<td width=\"87\" style=\"width: 65pt; height: 14px;\">Juan Ignacio<\/td>\n<\/tr>\n<tr height=\"20\" style=\"height: 15.0pt;\">\n<td height=\"20\" style=\"height: 15px;\">Aguilera<\/td>\n<td style=\"height: 15px;\">Guerra<\/td>\n<td style=\"height: 15px;\">Crist\u00f3bal Gonzalo<\/td>\n<\/tr>\n<tr height=\"20\" style=\"height: 15.0pt;\">\n<td height=\"20\" style=\"height: 15px;\">Ampuero<\/td>\n<td style=\"height: 15px;\">Palma<\/td>\n<td style=\"height: 15px;\">Isabel Mireya<\/td>\n<\/tr>\n<tr height=\"20\" style=\"height: 15.0pt;\">\n<td height=\"20\" style=\"height: 15px;\">Andaur<\/td>\n<td style=\"height: 15px;\">Robles<\/td>\n<td style=\"height: 15px;\">Ignacio Alfredo<\/td>\n<\/tr>\n<tr height=\"20\" style=\"height: 15.0pt;\">\n<td height=\"20\" style=\"height: 15px;\">Arancibia<\/td>\n<td style=\"height: 15px;\">Cisterna<\/td>\n<td style=\"height: 15px;\">Basti\u00e1n Yeremi<\/td>\n<\/tr>\n<tr height=\"20\" style=\"height: 15.0pt;\">\n<td height=\"20\" style=\"height: 15px;\">Astudillo<\/td>\n<td style=\"height: 15px;\">S\u00e1ez<\/td>\n<td style=\"height: 15px;\">\u00c1mbar Denisse<\/td>\n<\/tr>\n<tr height=\"20\" style=\"height: 15.0pt;\">\n<td height=\"20\" style=\"height: 15px;\">Caicea<\/td>\n<td style=\"height: 15px;\">Caicea<\/td>\n<td style=\"height: 15px;\">Catalina Antonia<\/td>\n<\/tr>\n<tr height=\"20\" style=\"height: 15.0pt;\">\n<td height=\"20\" style=\"height: 15px;\">D\u00edaz<\/td>\n<td style=\"height: 15px;\">Espinoza<\/td>\n<td style=\"height: 15px;\">Nicole Elizabeth<\/td>\n<\/tr>\n<tr height=\"20\" style=\"height: 15.0pt;\">\n<td height=\"20\" style=\"height: 15px;\">Godoy<\/td>\n<td style=\"height: 15px;\">Estay<\/td>\n<td style=\"height: 15px;\">Claudio Javier<\/td>\n<\/tr>\n<tr height=\"20\" style=\"height: 15.0pt;\">\n<td height=\"20\" style=\"height: 15px;\">Gonz\u00e1lez<\/td>\n<td style=\"height: 15px;\">Marabol\u00ed<\/td>\n<td style=\"height: 15px;\">Valentina Gabriela<\/td>\n<\/tr>\n<tr height=\"20\" style=\"height: 15.0pt;\">\n<td height=\"20\" style=\"height: 15px;\">Lav\u00edn<\/td>\n<td style=\"height: 15px;\">Veas<\/td>\n<td style=\"height: 15px;\">Fabi\u00e1n Nicol\u00e1s<\/td>\n<\/tr>\n<tr height=\"20\" style=\"height: 15.0pt;\">\n<td height=\"20\" style=\"height: 15px;\">Maturana<\/td>\n<td style=\"height: 15px;\">Mu\u00f1oz<\/td>\n<td style=\"height: 15px;\">Adri\u00e1n Orlando<\/td>\n<\/tr>\n<tr height=\"20\" style=\"height: 15.0pt;\">\n<td height=\"20\" style=\"height: 15px;\">Montenegro<\/td>\n<td style=\"height: 15px;\">Zamora<\/td>\n<td style=\"height: 15px;\">Samuel Ignacio<\/td>\n<\/tr>\n<tr height=\"20\" style=\"height: 15.0pt;\">\n<td height=\"20\" style=\"height: 15px;\">Mu\u00f1oz<\/td>\n<td style=\"height: 15px;\">Orellana<\/td>\n<td style=\"height: 15px;\">Luis Andr\u00e9s Jes\u00fas<\/td>\n<\/tr>\n<tr height=\"20\" style=\"height: 15.0pt;\">\n<td height=\"20\" style=\"height: 15px;\">Ram\u00edrez<\/td>\n<td style=\"height: 15px;\">Frohlich<\/td>\n<td style=\"height: 15px;\">Aaron Benjam\u00edn Franco<\/td>\n<\/tr>\n<tr height=\"20\" style=\"height: 15.0pt;\">\n<td height=\"20\" style=\"height: 15px;\">Rojo<\/td>\n<td style=\"height: 15px;\">Madariaga<\/td>\n<td style=\"height: 15px;\">Javiera Antonia<\/td>\n<\/tr>\n<tr height=\"20\" style=\"height: 15.0pt;\">\n<td height=\"20\" style=\"height: 15px;\">Salazar<\/td>\n<td style=\"height: 15px;\">Contreras<\/td>\n<td style=\"height: 15px;\">Ivana Isabella<\/td>\n<\/tr>\n<tr height=\"20\" style=\"height: 15.0pt;\">\n<td height=\"20\" style=\"height: 15px;\">Serrano<\/td>\n<td style=\"height: 15px;\">Rojas<\/td>\n<td style=\"height: 15px;\">Mario Basti\u00e1n Javier<\/td>\n<\/tr>\n<tr height=\"20\" style=\"height: 15.0pt;\">\n<td height=\"20\" style=\"height: 15px;\">Silva<\/td>\n<td style=\"height: 15px;\">Guajardo<\/td>\n<td style=\"height: 15px;\">Sebasti\u00e1n Ignacio<\/td>\n<\/tr>\n<tr height=\"20\" style=\"height: 15.0pt;\">\n<td height=\"20\" style=\"height: 15px;\">Torres<\/td>\n<td style=\"height: 15px;\">Rozas<\/td>\n<td style=\"height: 15px;\">Jos\u00e9 Eduardo<\/td>\n<\/tr>\n<tr height=\"20\" style=\"height: 15.0pt;\">\n<td height=\"20\" style=\"height: 15px;\">Zamora<\/td>\n<td style=\"height: 15px;\">Ponce<\/td>\n<td style=\"height: 15px;\">Sara Bel\u00e9n<\/td>\n<\/tr>\n<tr height=\"20\" style=\"height: 15.0pt;\">\n<td height=\"20\" style=\"height: 15px;\">Zuleta<\/td>\n<td style=\"height: 15px;\">D\u00edaz<\/td>\n<td style=\"height: 15px;\">Almendra Carolina Del Rosario<\/td>\n<\/tr>\n<\/tbody>\n<\/table>\n<p>[\/et_pb_toggle][\/et_pb_column][\/et_pb_row][et_pb_row column_structure=\u00bb1_3,1_3,1_3&#8243; use_custom_gutter=\u00bbon\u00bb disabled_on=\u00bboff|off|off\u00bb _builder_version=\u00bb4.22.0&#8243; _module_preset=\u00bbdefault\u00bb width=\u00bb94%\u00bb max_width=\u00bb2560px\u00bb custom_padding=\u00bb18px||18px|||\u00bb global_colors_info=\u00bb{}\u00bb][et_pb_column type=\u00bb1_3&#8243; _builder_version=\u00bb4.17.6&#8243; _module_preset=\u00bbdefault\u00bb global_colors_info=\u00bb{}\u00bb][et_pb_toggle title=\u00bbPEDAGOG\u00cdA EN HISTORIA Y GEOGRAF\u00cdA (Vespertino)\u00bb open_toggle_text_color=\u00bb#000000&#8243; open_toggle_background_color=\u00bb#FFFFFF\u00bb closed_toggle_background_color=\u00bb#FFFFFF\u00bb icon_color=\u00bb#009bdb\u00bb toggle_icon=\u00bb&#xe048;||divi||400&#8243; use_icon_font_size=\u00bbon\u00bb icon_font_size=\u00bb26px\u00bb open_icon_color=\u00bb#009bdb\u00bb open_toggle_icon=\u00bb&#xe047;||divi||400&#8243; open_use_icon_font_size=\u00bbon\u00bb open_icon_font_size=\u00bb26px\u00bb disabled_on=\u00bboff|off|off\u00bb admin_label=\u00bbEducador o Educadora de P\u00e1rvulos\u00bb _builder_version=\u00bb4.27.4&#8243; _module_preset=\u00bbdefault\u00bb title_text_color=\u00bb#000000&#8243; title_font=\u00bb|700||on|||||\u00bb border_radii=\u00bboff||20px||20px\u00bb global_colors_info=\u00bb{}\u00bb]<\/p>\n<table border=\"1\" style=\"border-collapse: collapse; width: 100%;\">\n<tbody>\n<tr>\n<td style=\"width: 33.3333%;\"><strong>Apellido paterno<\/strong><\/td>\n<td style=\"width: 33.3333%;\"><strong>Apellido materno<\/strong><\/td>\n<td style=\"width: 33.3333%;\"><strong>Nombres<\/strong><\/td>\n<\/tr>\n<tr>\n<td style=\"width: 33.3333%;\">Riveros<\/td>\n<td style=\"width: 33.3333%;\">Bello<\/td>\n<td style=\"width: 33.3333%;\">Nicol\u00e1s Gonzalo<\/td>\n<\/tr>\n<\/tbody>\n<\/table>\n<p>[\/et_pb_toggle][\/et_pb_column][et_pb_column type=\u00bb1_3&#8243; _builder_version=\u00bb4.17.6&#8243; _module_preset=\u00bbdefault\u00bb global_colors_info=\u00bb{}\u00bb][\/et_pb_column][et_pb_column type=\u00bb1_3&#8243; _builder_version=\u00bb4.17.6&#8243; _module_preset=\u00bbdefault\u00bb global_colors_info=\u00bb{}\u00bb][\/et_pb_column][\/et_pb_row][\/et_pb_section][et_pb_section fb_built=\u00bb1&#8243; disabled_on=\u00bboff|off|off\u00bb _builder_version=\u00bb4.27.4&#8243; _module_preset=\u00bbdefault\u00bb background_color=\u00bb#FFFFFF\u00bb width=\u00bb100%\u00bb max_width=\u00bb100%\u00bb min_height=\u00bb423.7px\u00bb custom_padding=\u00bb48px||51px|||\u00bb global_colors_info=\u00bb{}\u00bb][et_pb_row use_custom_gutter=\u00bbon\u00bb gutter_width=\u00bb1&#8243; _builder_version=\u00bb4.25.2&#8243; _module_preset=\u00bbdefault\u00bb width=\u00bb96%\u00bb max_width=\u00bb2560px\u00bb module_alignment=\u00bbleft\u00bb min_height=\u00bb70.4px\u00bb custom_padding=\u00bb||9px|3%|false|false\u00bb global_colors_info=\u00bb{}\u00bb][et_pb_column type=\u00bb4_4&#8243; _builder_version=\u00bb4.17.6&#8243; _module_preset=\u00bbdefault\u00bb global_colors_info=\u00bb{}\u00bb][et_pb_blurb title=\u00bbCarreras T\u00e9cnicas de Nivel Superior (ITEC)\u00bb use_icon=\u00bbon\u00bb font_icon=\u00bb&#xf19d;||fa||900&#8243; icon_color=\u00bbrgba(0,0,0,0.47)\u00bb icon_placement=\u00bbleft\u00bb image_icon_width=\u00bb53px\u00bb content_max_width=\u00bb1100px\u00bb admin_label=\u00bbAnuncio: Ceremonia de titulaci\u00f3n: jueves 9 de noviembre de 2023 10.30 horas\u00bb _builder_version=\u00bb4.27.4&#8243; _module_preset=\u00bbdefault\u00bb header_font=\u00bb|800||on|||||\u00bb header_text_color=\u00bb#303030&#8243; header_font_size=\u00bb27px\u00bb body_font=\u00bb||||||||\u00bb body_text_color=\u00bb#0099cc\u00bb body_font_size=\u00bb16px\u00bb custom_margin=\u00bb||-1px|||\u00bb global_colors_info=\u00bb{}\u00bb]<\/p>\n<h1><strong>Martes 21 de octubre de 2025, 16.00 horas<\/strong><\/h1>\n<p>Aula Dr. F\u00e9lix Morales Pettorino, Casa Central, Universidad de Playa Ancha.<\/p>\n<p>[\/et_pb_blurb][\/et_pb_column][\/et_pb_row][et_pb_row column_structure=\u00bb1_3,1_3,1_3&#8243; use_custom_gutter=\u00bbon\u00bb disabled_on=\u00bboff|off|off\u00bb _builder_version=\u00bb4.22.0&#8243; _module_preset=\u00bbdefault\u00bb width=\u00bb94%\u00bb max_width=\u00bb2560px\u00bb custom_padding=\u00bb48px||18px|||\u00bb global_colors_info=\u00bb{}\u00bb][et_pb_column type=\u00bb1_3&#8243; _builder_version=\u00bb4.17.6&#8243; _module_preset=\u00bbdefault\u00bb global_colors_info=\u00bb{}\u00bb][et_pb_toggle title=\u00bbT\u00e9cnico en Administraci\u00f3n P\u00fablica\u00bb open_toggle_text_color=\u00bb#000000&#8243; open_toggle_background_color=\u00bb#FFFFFF\u00bb closed_toggle_background_color=\u00bb#FFFFFF\u00bb icon_color=\u00bb#009bdb\u00bb toggle_icon=\u00bb&#xe048;||divi||400&#8243; use_icon_font_size=\u00bbon\u00bb icon_font_size=\u00bb26px\u00bb open_icon_color=\u00bb#009bdb\u00bb open_toggle_icon=\u00bb&#xe047;||divi||400&#8243; open_use_icon_font_size=\u00bbon\u00bb open_icon_font_size=\u00bb26px\u00bb disabled_on=\u00bboff|off|off\u00bb admin_label=\u00bbIngeniera inform\u00e1tica o ingeniero inform\u00e1tico, menci\u00f3n en Gesti\u00f3n de la Informaci\u00f3n\u00bb _builder_version=\u00bb4.27.4&#8243; _module_preset=\u00bbdefault\u00bb title_text_color=\u00bb#000000&#8243; title_font=\u00bb|700||on|||||\u00bb border_radii=\u00bboff||20px||20px\u00bb global_colors_info=\u00bb{}\u00bb]<\/p>\n<table border=\"0\" cellpadding=\"0\" cellspacing=\"0\" width=\"100%\" style=\"border-collapse: collapse; width: 100%;\">\n<tbody>\n<tr>\n<td style=\"width: 65pt;\"><strong>Apellido paterno<\/strong><\/td>\n<td style=\"width: 65pt;\"><strong>Apellido materno<\/strong><\/td>\n<td style=\"width: 65pt;\"><strong>Nombres<\/strong><\/td>\n<\/tr>\n<tr height=\"20\" style=\"height: 15.0pt;\">\n<td height=\"20\" width=\"87\" style=\"height: 15.0pt; width: 65pt;\">Albornoz<\/td>\n<td width=\"87\" style=\"width: 65pt;\">Rebolledo<\/td>\n<td width=\"87\" style=\"width: 65pt;\">Claudia Andrea<\/td>\n<\/tr>\n<tr height=\"20\" style=\"height: 15.0pt;\">\n<td height=\"20\" style=\"height: 15.0pt;\">Rojas<\/td>\n<td>Gualter<\/td>\n<td>Sebasti\u00e1n Ignacio<\/td>\n<\/tr>\n<tr height=\"20\" style=\"height: 15.0pt;\">\n<td height=\"20\" style=\"height: 15.0pt;\">Villa<\/td>\n<td>Lobos<\/td>\n<td>Lorena Del Carmen<\/td>\n<\/tr>\n<tr height=\"20\" style=\"height: 15.0pt;\">\n<td height=\"20\" style=\"height: 15.0pt;\">Yeuto<\/td>\n<td>Z\u00fa\u00f1iga<\/td>\n<td>Erika Carmen<\/td>\n<\/tr>\n<\/tbody>\n<\/table>\n<p>[\/et_pb_toggle][\/et_pb_column][et_pb_column type=\u00bb1_3&#8243; _builder_version=\u00bb4.17.6&#8243; _module_preset=\u00bbdefault\u00bb global_colors_info=\u00bb{}\u00bb][et_pb_toggle title=\u00bbAnalista Qu\u00edmico\u00bb open_toggle_text_color=\u00bb#000000&#8243; open_toggle_background_color=\u00bb#FFFFFF\u00bb closed_toggle_background_color=\u00bb#FFFFFF\u00bb icon_color=\u00bb#009bdb\u00bb toggle_icon=\u00bb&#xe048;||divi||400&#8243; use_icon_font_size=\u00bbon\u00bb icon_font_size=\u00bb26px\u00bb open_icon_color=\u00bb#009bdb\u00bb open_toggle_icon=\u00bb&#xe047;||divi||400&#8243; open_use_icon_font_size=\u00bbon\u00bb open_icon_font_size=\u00bb26px\u00bb disabled_on=\u00bboff|off|off\u00bb admin_label=\u00bbIngeniera inform\u00e1tica o ingeniero inform\u00e1tico, menci\u00f3n en Gesti\u00f3n de la Informaci\u00f3n\u00bb _builder_version=\u00bb4.27.4&#8243; _module_preset=\u00bbdefault\u00bb title_text_color=\u00bb#000000&#8243; title_font=\u00bb|700||on|||||\u00bb border_radii=\u00bboff||20px||20px\u00bb global_colors_info=\u00bb{}\u00bb]<\/p>\n<table border=\"1\" style=\"border-collapse: collapse; width: 100%;\">\n<tbody>\n<tr>\n<td style=\"width: 33.3333%;\"><strong>Apellido paterno<\/strong><\/td>\n<td style=\"width: 33.3333%;\"><strong>Apellido materno<\/strong><\/td>\n<td style=\"width: 33.3333%;\"><strong>Nombres<\/strong><\/td>\n<\/tr>\n<tr>\n<td style=\"width: 33.3333%;\">Rodr\u00edguez<\/td>\n<td style=\"width: 33.3333%;\">Soza<\/td>\n<td style=\"width: 33.3333%;\">Silvia Elizabeth<\/td>\n<\/tr>\n<\/tbody>\n<\/table>\n<p>[\/et_pb_toggle][\/et_pb_column][et_pb_column type=\u00bb1_3&#8243; _builder_version=\u00bb4.17.6&#8243; _module_preset=\u00bbdefault\u00bb global_colors_info=\u00bb{}\u00bb][et_pb_toggle title=\u00bbContador General\u00bb open_toggle_text_color=\u00bb#000000&#8243; open_toggle_background_color=\u00bb#FFFFFF\u00bb closed_toggle_background_color=\u00bb#FFFFFF\u00bb icon_color=\u00bb#009bdb\u00bb toggle_icon=\u00bb&#xe048;||divi||400&#8243; use_icon_font_size=\u00bbon\u00bb icon_font_size=\u00bb26px\u00bb open_icon_color=\u00bb#009bdb\u00bb open_toggle_icon=\u00bb&#xe047;||divi||400&#8243; open_use_icon_font_size=\u00bbon\u00bb open_icon_font_size=\u00bb26px\u00bb disabled_on=\u00bboff|off|off\u00bb admin_label=\u00bbIngeniera inform\u00e1tica o ingeniero inform\u00e1tico, menci\u00f3n en Gesti\u00f3n de la Informaci\u00f3n\u00bb _builder_version=\u00bb4.27.4&#8243; _module_preset=\u00bbdefault\u00bb title_text_color=\u00bb#000000&#8243; title_font=\u00bb|700||on|||||\u00bb border_radii=\u00bboff||20px||20px\u00bb global_colors_info=\u00bb{}\u00bb]<\/p>\n<table border=\"1\" style=\"border-collapse: collapse; width: 100%;\">\n<tbody>\n<tr>\n<td style=\"width: 33.3333%;\"><strong>Apellido paterno<\/strong><\/td>\n<td style=\"width: 33.3333%;\"><strong>Apellido materno<\/strong><\/td>\n<td style=\"width: 33.3333%;\"><strong>Nombres<\/strong><\/td>\n<\/tr>\n<tr>\n<td style=\"width: 33.3333%;\">Leyton<\/td>\n<td style=\"width: 33.3333%;\">P\u00e9rez<\/td>\n<td style=\"width: 33.3333%;\">Francisco Javier<\/td>\n<\/tr>\n<\/tbody>\n<\/table>\n<p>[\/et_pb_toggle][\/et_pb_column][\/et_pb_row][et_pb_row column_structure=\u00bb1_3,1_3,1_3&#8243; use_custom_gutter=\u00bbon\u00bb disabled_on=\u00bboff|off|off\u00bb _builder_version=\u00bb4.22.0&#8243; _module_preset=\u00bbdefault\u00bb width=\u00bb94%\u00bb max_width=\u00bb2560px\u00bb custom_padding=\u00bb48px||18px|||\u00bb global_colors_info=\u00bb{}\u00bb][et_pb_column type=\u00bb1_3&#8243; _builder_version=\u00bb4.17.6&#8243; _module_preset=\u00bbdefault\u00bb global_colors_info=\u00bb{}\u00bb][et_pb_toggle title=\u00bbT\u00e9cnico en Contabilidad General\u00bb open_toggle_text_color=\u00bb#000000&#8243; open_toggle_background_color=\u00bb#FFFFFF\u00bb closed_toggle_background_color=\u00bb#FFFFFF\u00bb icon_color=\u00bb#009bdb\u00bb toggle_icon=\u00bb&#xe048;||divi||400&#8243; use_icon_font_size=\u00bbon\u00bb icon_font_size=\u00bb26px\u00bb open_icon_color=\u00bb#009bdb\u00bb open_toggle_icon=\u00bb&#xe047;||divi||400&#8243; open_use_icon_font_size=\u00bbon\u00bb open_icon_font_size=\u00bb26px\u00bb disabled_on=\u00bboff|off|off\u00bb admin_label=\u00bbIngeniera inform\u00e1tica o ingeniero inform\u00e1tico, menci\u00f3n en Gesti\u00f3n de la Informaci\u00f3n\u00bb _builder_version=\u00bb4.27.4&#8243; _module_preset=\u00bbdefault\u00bb title_text_color=\u00bb#000000&#8243; title_font=\u00bb|700||on|||||\u00bb border_radii=\u00bboff||20px||20px\u00bb global_colors_info=\u00bb{}\u00bb]<\/p>\n<table border=\"0\" cellpadding=\"0\" cellspacing=\"0\" width=\"100%\" style=\"border-collapse: collapse; width: 100%;\">\n<tbody>\n<tr>\n<td style=\"width: 65pt;\"><strong>Apellido paterno<\/strong><\/td>\n<td style=\"width: 65pt;\"><strong>Apellido materno<\/strong><\/td>\n<td style=\"width: 65pt;\"><strong>Nombres<\/strong><\/td>\n<\/tr>\n<tr height=\"20\" style=\"height: 15.0pt;\">\n<td height=\"20\" width=\"87\" style=\"height: 15.0pt; width: 65pt;\">Astudillo<\/td>\n<td width=\"87\" style=\"width: 65pt;\">Isler<\/td>\n<td width=\"87\" style=\"width: 65pt;\">Cecilia del Carmen<\/td>\n<\/tr>\n<tr height=\"20\" style=\"height: 15.0pt;\">\n<td height=\"20\" style=\"height: 15.0pt;\">C\u00f3rdova<\/td>\n<td>Fredes<\/td>\n<td>Cinthia Andrea<\/td>\n<\/tr>\n<tr height=\"20\" style=\"height: 15.0pt;\">\n<td height=\"20\" style=\"height: 15.0pt;\">Gonz\u00e1lez<\/td>\n<td>Toro<\/td>\n<td>Natacha Janina<\/td>\n<\/tr>\n<tr height=\"20\" style=\"height: 15.0pt;\">\n<td height=\"20\" style=\"height: 15.0pt;\">Jim\u00e9nez<\/td>\n<td>Gonz\u00e1lez<\/td>\n<td>Nicolet Alexandra<\/td>\n<\/tr>\n<tr height=\"20\" style=\"height: 15.0pt;\">\n<td height=\"20\" style=\"height: 15.0pt;\">Olmedo<\/td>\n<td>Parraguez<\/td>\n<td>Mar\u00eda Luisa<\/td>\n<\/tr>\n<tr height=\"20\" style=\"height: 15.0pt;\">\n<td height=\"20\" style=\"height: 15.0pt;\">Oyanedel<\/td>\n<td>D\u00edaz<\/td>\n<td>Junette Elaine<\/td>\n<\/tr>\n<\/tbody>\n<\/table>\n<p>[\/et_pb_toggle][\/et_pb_column][et_pb_column type=\u00bb1_3&#8243; _builder_version=\u00bb4.17.6&#8243; _module_preset=\u00bbdefault\u00bb global_colors_info=\u00bb{}\u00bb][et_pb_toggle title=\u00bbT\u00e9cnico en Administraci\u00f3n de Recursos Humanos\u00bb open_toggle_text_color=\u00bb#000000&#8243; open_toggle_background_color=\u00bb#FFFFFF\u00bb closed_toggle_background_color=\u00bb#FFFFFF\u00bb icon_color=\u00bb#009bdb\u00bb toggle_icon=\u00bb&#xe048;||divi||400&#8243; use_icon_font_size=\u00bbon\u00bb icon_font_size=\u00bb26px\u00bb open_icon_color=\u00bb#009bdb\u00bb open_toggle_icon=\u00bb&#xe047;||divi||400&#8243; open_use_icon_font_size=\u00bbon\u00bb open_icon_font_size=\u00bb26px\u00bb disabled_on=\u00bboff|off|off\u00bb admin_label=\u00bbIngeniera inform\u00e1tica o ingeniero inform\u00e1tico, menci\u00f3n en Gesti\u00f3n de la Informaci\u00f3n\u00bb _builder_version=\u00bb4.27.4&#8243; _module_preset=\u00bbdefault\u00bb title_text_color=\u00bb#000000&#8243; title_font=\u00bb|700||on|||||\u00bb border_radii=\u00bboff||20px||20px\u00bb global_colors_info=\u00bb{}\u00bb]<\/p>\n<table border=\"0\" cellpadding=\"0\" cellspacing=\"0\" width=\"100%\" style=\"border-collapse: collapse; width: 100%; height: 174px;\">\n<tbody>\n<tr style=\"height: 24px;\">\n<td style=\"width: 65pt; height: 24px;\"><strong>Apellido paterno<\/strong><\/td>\n<td style=\"width: 65pt; height: 24px;\"><strong>Apellido materno<\/strong><\/td>\n<td style=\"width: 65pt; height: 24px;\"><strong>Nombres<\/strong><\/td>\n<\/tr>\n<tr height=\"20\" style=\"height: 15.0pt;\">\n<td height=\"20\" width=\"87\" style=\"height: 15px; width: 65pt;\">Carvallo<\/td>\n<td width=\"87\" style=\"width: 65pt; height: 15px;\">Lucero<\/td>\n<td width=\"87\" style=\"width: 65pt; height: 15px;\">Valery Constanza<\/td>\n<\/tr>\n<tr height=\"20\" style=\"height: 15.0pt;\">\n<td height=\"20\" style=\"height: 15px;\">Collao<\/td>\n<td style=\"height: 15px;\">Salas<\/td>\n<td style=\"height: 15px;\">Franci Alejandra<\/td>\n<\/tr>\n<tr height=\"20\" style=\"height: 15.0pt;\">\n<td height=\"20\" style=\"height: 15px;\">D\u00edaz<\/td>\n<td style=\"height: 15px;\">Loyola<\/td>\n<td style=\"height: 15px;\">Gracia Victoria<\/td>\n<\/tr>\n<tr height=\"20\" style=\"height: 15.0pt;\">\n<td height=\"20\" style=\"height: 15px;\">Gonz\u00e1lez<\/td>\n<td style=\"height: 15px;\">Araos<\/td>\n<td style=\"height: 15px;\">Yesenia Alejandra<\/td>\n<\/tr>\n<tr height=\"20\" style=\"height: 15.0pt;\">\n<td height=\"20\" style=\"height: 15px;\">Guajardo<\/td>\n<td style=\"height: 15px;\">Silva<\/td>\n<td style=\"height: 15px;\">Hilda Myriam<\/td>\n<\/tr>\n<tr height=\"20\" style=\"height: 15.0pt;\">\n<td height=\"20\" style=\"height: 15px;\">Jara<\/td>\n<td style=\"height: 15px;\">Calder\u00f3n<\/td>\n<td style=\"height: 15px;\">Valeska Fabiola<\/td>\n<\/tr>\n<tr height=\"20\" style=\"height: 15.0pt;\">\n<td height=\"20\" style=\"height: 15px;\">Pe\u00f1a<\/td>\n<td style=\"height: 15px;\">Vergara<\/td>\n<td style=\"height: 15px;\">Elizabeth Eliana<\/td>\n<\/tr>\n<tr height=\"20\" style=\"height: 15.0pt;\">\n<td height=\"20\" style=\"height: 15px;\">Quezada<\/td>\n<td style=\"height: 15px;\">Olivares<\/td>\n<td style=\"height: 15px;\">Karen Jessie<\/td>\n<\/tr>\n<tr height=\"20\" style=\"height: 15.0pt;\">\n<td height=\"20\" style=\"height: 15px;\">Saavedra<\/td>\n<td style=\"height: 15px;\">Garc\u00eda<\/td>\n<td style=\"height: 15px;\">Priscilla Ester<\/td>\n<\/tr>\n<tr height=\"20\" style=\"height: 15.0pt;\">\n<td height=\"20\" style=\"height: 15px;\">Vel\u00e1squez<\/td>\n<td style=\"height: 15px;\">Pincol<\/td>\n<td style=\"height: 15px;\">Juan Carlos<\/td>\n<\/tr>\n<\/tbody>\n<\/table>\n<p>[\/et_pb_toggle][\/et_pb_column][et_pb_column type=\u00bb1_3&#8243; _builder_version=\u00bb4.17.6&#8243; _module_preset=\u00bbdefault\u00bb global_colors_info=\u00bb{}\u00bb][et_pb_toggle title=\u00bbT\u00e9cnico en Educaci\u00f3n Parvularia\u00bb open_toggle_text_color=\u00bb#000000&#8243; open_toggle_background_color=\u00bb#FFFFFF\u00bb closed_toggle_background_color=\u00bb#FFFFFF\u00bb icon_color=\u00bb#009bdb\u00bb toggle_icon=\u00bb&#xe048;||divi||400&#8243; use_icon_font_size=\u00bbon\u00bb icon_font_size=\u00bb26px\u00bb open_icon_color=\u00bb#009bdb\u00bb open_toggle_icon=\u00bb&#xe047;||divi||400&#8243; open_use_icon_font_size=\u00bbon\u00bb open_icon_font_size=\u00bb26px\u00bb disabled_on=\u00bboff|off|off\u00bb admin_label=\u00bbIngeniera inform\u00e1tica o ingeniero inform\u00e1tico, menci\u00f3n en Gesti\u00f3n de la Informaci\u00f3n\u00bb _builder_version=\u00bb4.27.4&#8243; _module_preset=\u00bbdefault\u00bb title_text_color=\u00bb#000000&#8243; title_font=\u00bb|700||on|||||\u00bb border_radii=\u00bboff||20px||20px\u00bb global_colors_info=\u00bb{}\u00bb]<\/p>\n<table border=\"0\" cellpadding=\"0\" cellspacing=\"0\" width=\"100%\" style=\"border-collapse: collapse; width: 100%;\">\n<tbody>\n<tr>\n<td style=\"width: 65pt;\"><strong>Apellido paterno<\/strong><\/td>\n<td style=\"width: 65pt;\"><strong>Apellido materno<\/strong><\/td>\n<td style=\"width: 65pt;\"><strong>Nombres<\/strong><\/td>\n<\/tr>\n<tr height=\"20\" style=\"height: 15.0pt;\">\n<td height=\"20\" width=\"87\" style=\"height: 15.0pt; width: 65pt;\">\u00c1lvarez<\/td>\n<td width=\"87\" style=\"width: 65pt;\">Mujica<\/td>\n<td width=\"87\" style=\"width: 65pt;\">Mariana Nataly<\/td>\n<\/tr>\n<tr height=\"20\" style=\"height: 15.0pt;\">\n<td height=\"20\" style=\"height: 15.0pt;\">Araya<\/td>\n<td>\u00c1lvarez<\/td>\n<td>Gigi Hortencia Valentina<\/td>\n<\/tr>\n<tr height=\"20\" style=\"height: 15.0pt;\">\n<td height=\"20\" style=\"height: 15.0pt;\">Astudillo<\/td>\n<td>Isler<\/td>\n<td>Iris Jessica<\/td>\n<\/tr>\n<tr height=\"20\" style=\"height: 15.0pt;\">\n<td height=\"20\" style=\"height: 15.0pt;\">Caro<\/td>\n<td>Molina<\/td>\n<td>Nicole Estefan\u00eda<\/td>\n<\/tr>\n<tr height=\"20\" style=\"height: 15.0pt;\">\n<td height=\"20\" style=\"height: 15.0pt;\">Cruz<\/td>\n<td>Miranda<\/td>\n<td>Yasm\u00edn Del Carmen<\/td>\n<\/tr>\n<tr height=\"20\" style=\"height: 15.0pt;\">\n<td height=\"20\" style=\"height: 15.0pt;\">D\u00edaz<\/td>\n<td>Espinosa<\/td>\n<td>Mar\u00eda Francisca Ignacia<\/td>\n<\/tr>\n<tr height=\"20\" style=\"height: 15.0pt;\">\n<td height=\"20\" style=\"height: 15.0pt;\">D\u00edaz<\/td>\n<td>Riquelme<\/td>\n<td>Camila Constanza<\/td>\n<\/tr>\n<tr height=\"20\" style=\"height: 15.0pt;\">\n<td height=\"20\" style=\"height: 15.0pt;\">Espinoza<\/td>\n<td>Concha<\/td>\n<td>Ayleen Fernanda<\/td>\n<\/tr>\n<tr height=\"20\" style=\"height: 15.0pt;\">\n<td height=\"20\" style=\"height: 15.0pt;\">Galaz<\/td>\n<td>Valenzuela<\/td>\n<td>Viviana Carolina<\/td>\n<\/tr>\n<tr height=\"20\" style=\"height: 15.0pt;\">\n<td height=\"20\" style=\"height: 15.0pt;\">Morriz<\/td>\n<td>Salazar<\/td>\n<td>Damaris Elo\u00edsa<\/td>\n<\/tr>\n<tr height=\"20\" style=\"height: 15.0pt;\">\n<td height=\"20\" style=\"height: 15.0pt;\">Puelles<\/td>\n<td>Navia<\/td>\n<td>Vanessa Jacqueline<\/td>\n<\/tr>\n<tr height=\"20\" style=\"height: 15.0pt;\">\n<td height=\"20\" style=\"height: 15.0pt;\">Saint-Jean<\/td>\n<td>Bustamante<\/td>\n<td>P\u00eda Catalina<\/td>\n<\/tr>\n<tr height=\"20\" style=\"height: 15.0pt;\">\n<td height=\"20\" style=\"height: 15.0pt;\">Ugalde<\/td>\n<td>Castillo<\/td>\n<td>Ivette Del Carmen<\/td>\n<\/tr>\n<\/tbody>\n<\/table>\n<p>[\/et_pb_toggle][\/et_pb_column][\/et_pb_row][et_pb_row column_structure=\u00bb1_3,1_3,1_3&#8243; use_custom_gutter=\u00bbon\u00bb disabled_on=\u00bboff|off|off\u00bb _builder_version=\u00bb4.22.0&#8243; _module_preset=\u00bbdefault\u00bb width=\u00bb94%\u00bb max_width=\u00bb2560px\u00bb custom_padding=\u00bb48px||18px|||\u00bb global_colors_info=\u00bb{}\u00bb][et_pb_column type=\u00bb1_3&#8243; _builder_version=\u00bb4.17.6&#8243; _module_preset=\u00bbdefault\u00bb global_colors_info=\u00bb{}\u00bb][et_pb_toggle title=\u00bbT\u00e9cnico en Administraci\u00f3n Log\u00edstica\u00bb open_toggle_text_color=\u00bb#000000&#8243; open_toggle_background_color=\u00bb#FFFFFF\u00bb closed_toggle_background_color=\u00bb#FFFFFF\u00bb icon_color=\u00bb#009bdb\u00bb toggle_icon=\u00bb&#xe048;||divi||400&#8243; use_icon_font_size=\u00bbon\u00bb icon_font_size=\u00bb26px\u00bb open_icon_color=\u00bb#009bdb\u00bb open_toggle_icon=\u00bb&#xe047;||divi||400&#8243; open_use_icon_font_size=\u00bbon\u00bb open_icon_font_size=\u00bb26px\u00bb disabled_on=\u00bboff|off|off\u00bb admin_label=\u00bbIngeniera inform\u00e1tica o ingeniero inform\u00e1tico, menci\u00f3n en Gesti\u00f3n de la Informaci\u00f3n\u00bb _builder_version=\u00bb4.27.4&#8243; _module_preset=\u00bbdefault\u00bb title_text_color=\u00bb#000000&#8243; title_font=\u00bb|700||on|||||\u00bb border_radii=\u00bboff||20px||20px\u00bb global_colors_info=\u00bb{}\u00bb]<\/p>\n<table border=\"0\" cellpadding=\"0\" cellspacing=\"0\" width=\"100%\" style=\"border-collapse: collapse; width: 100%;\">\n<tbody>\n<tr>\n<td style=\"width: 65pt;\"><strong>Apellido paterno<\/strong><\/td>\n<td style=\"width: 65pt;\"><strong>Apellido materno<\/strong><\/td>\n<td style=\"width: 65pt;\"><strong>Nombres<\/strong><\/td>\n<\/tr>\n<tr height=\"20\" style=\"height: 15.0pt;\">\n<td height=\"20\" width=\"87\" style=\"height: 15.0pt; width: 65pt;\">Abarca<\/td>\n<td width=\"87\" style=\"width: 65pt;\">S\u00e1nchez<\/td>\n<td width=\"87\" style=\"width: 65pt;\">Jord\u00e1n Nataly<\/td>\n<\/tr>\n<tr height=\"20\" style=\"height: 15.0pt;\">\n<td height=\"20\" style=\"height: 15.0pt;\">Aguirre<\/td>\n<td>Garrido<\/td>\n<td>Scarlet Adriana<\/td>\n<\/tr>\n<tr height=\"20\" style=\"height: 15.0pt;\">\n<td height=\"20\" style=\"height: 15.0pt;\">Bravo<\/td>\n<td>Vivar<\/td>\n<td>Evelyn Angely<\/td>\n<\/tr>\n<tr height=\"20\" style=\"height: 15.0pt;\">\n<td height=\"20\" style=\"height: 15.0pt;\">Mart\u00ednez<\/td>\n<td>Puebla<\/td>\n<td>Lorena Margarita<\/td>\n<\/tr>\n<\/tbody>\n<\/table>\n<p>[\/et_pb_toggle][\/et_pb_column][et_pb_column type=\u00bb1_3&#8243; _builder_version=\u00bb4.17.6&#8243; _module_preset=\u00bbdefault\u00bb global_colors_info=\u00bb{}\u00bb][et_pb_toggle title=\u00bbT\u00e9cnico en Interpretaci\u00f3n de Lengua de Se\u00f1as\u00bb open_toggle_text_color=\u00bb#000000&#8243; open_toggle_background_color=\u00bb#FFFFFF\u00bb closed_toggle_background_color=\u00bb#FFFFFF\u00bb icon_color=\u00bb#009bdb\u00bb toggle_icon=\u00bb&#xe048;||divi||400&#8243; use_icon_font_size=\u00bbon\u00bb icon_font_size=\u00bb26px\u00bb open_icon_color=\u00bb#009bdb\u00bb open_toggle_icon=\u00bb&#xe047;||divi||400&#8243; open_use_icon_font_size=\u00bbon\u00bb open_icon_font_size=\u00bb26px\u00bb disabled_on=\u00bboff|off|off\u00bb admin_label=\u00bbIngeniera inform\u00e1tica o ingeniero inform\u00e1tico, menci\u00f3n en Gesti\u00f3n de la Informaci\u00f3n\u00bb _builder_version=\u00bb4.27.4&#8243; _module_preset=\u00bbdefault\u00bb title_text_color=\u00bb#000000&#8243; title_font=\u00bb|700||on|||||\u00bb border_radii=\u00bboff||20px||20px\u00bb global_colors_info=\u00bb{}\u00bb]<\/p>\n<table border=\"0\" cellpadding=\"0\" cellspacing=\"0\" width=\"100%\" style=\"border-collapse: collapse; width: 100%; height: 204px;\">\n<tbody>\n<tr style=\"height: 24px;\">\n<td style=\"width: 65pt; height: 24px;\"><strong>Apellido paterno<\/strong><\/td>\n<td style=\"width: 65pt; height: 24px;\"><strong>Apellido materno<\/strong><\/td>\n<td style=\"width: 65pt; height: 24px;\"><strong>Nombres<\/strong><\/td>\n<\/tr>\n<tr height=\"20\" style=\"height: 15.0pt;\">\n<td height=\"20\" width=\"87\" style=\"height: 15px; width: 65pt;\">Alarc\u00f3n<\/td>\n<td width=\"87\" style=\"width: 65pt; height: 15px;\">Mac-Lean<\/td>\n<td width=\"87\" style=\"width: 65pt; height: 15px;\">Belinda Victoria<\/td>\n<\/tr>\n<tr height=\"20\" style=\"height: 15.0pt;\">\n<td height=\"20\" style=\"height: 15px;\">Chamorro<\/td>\n<td style=\"height: 15px;\">Leiva<\/td>\n<td style=\"height: 15px;\">Eduardo Alejandro<\/td>\n<\/tr>\n<tr height=\"20\" style=\"height: 15.0pt;\">\n<td height=\"20\" style=\"height: 15px;\">D\u00edaz<\/td>\n<td style=\"height: 15px;\">Vargas<\/td>\n<td style=\"height: 15px;\">Monserrat de Los Angeles<\/td>\n<\/tr>\n<tr height=\"20\" style=\"height: 15.0pt;\">\n<td height=\"20\" style=\"height: 15px;\">Dur\u00e1n<\/td>\n<td style=\"height: 15px;\">Vega<\/td>\n<td style=\"height: 15px;\">Karina Ang\u00e9lica<\/td>\n<\/tr>\n<tr height=\"20\" style=\"height: 15.0pt;\">\n<td height=\"20\" style=\"height: 15px;\">Fajardo<\/td>\n<td style=\"height: 15px;\">Lucas<\/td>\n<td style=\"height: 15px;\">Ayleen Valentina<\/td>\n<\/tr>\n<tr height=\"20\" style=\"height: 15.0pt;\">\n<td height=\"20\" style=\"height: 15px;\">G\u00f3mez<\/td>\n<td style=\"height: 15px;\">L\u00f3pez<\/td>\n<td style=\"height: 15px;\">Francisca Esperanza<\/td>\n<\/tr>\n<tr height=\"20\" style=\"height: 15.0pt;\">\n<td height=\"20\" style=\"height: 15px;\">Guajardo<\/td>\n<td style=\"height: 15px;\">N\u00fa\u00f1ez<\/td>\n<td style=\"height: 15px;\">Luis Alejandro<\/td>\n<\/tr>\n<tr height=\"20\" style=\"height: 15.0pt;\">\n<td height=\"20\" style=\"height: 15px;\">Ilarriaga<\/td>\n<td style=\"height: 15px;\">Guzm\u00e1n<\/td>\n<td style=\"height: 15px;\">Claudia Laura<\/td>\n<\/tr>\n<tr height=\"20\" style=\"height: 15.0pt;\">\n<td height=\"20\" style=\"height: 15px;\">Inostroza<\/td>\n<td style=\"height: 15px;\">Sanhueza<\/td>\n<td style=\"height: 15px;\">Genesis Aixa<\/td>\n<\/tr>\n<tr height=\"20\" style=\"height: 15.0pt;\">\n<td height=\"20\" style=\"height: 15px;\">Ram\u00edrez<\/td>\n<td style=\"height: 15px;\">C\u00e1rcamo<\/td>\n<td style=\"height: 15px;\">Leonor Margarita<\/td>\n<\/tr>\n<tr height=\"20\" style=\"height: 15.0pt;\">\n<td height=\"20\" style=\"height: 15px;\">Salas<\/td>\n<td style=\"height: 15px;\">Mart\u00ednez<\/td>\n<td style=\"height: 15px;\">Marcela Anita<\/td>\n<\/tr>\n<tr height=\"20\" style=\"height: 15.0pt;\">\n<td height=\"20\" style=\"height: 15px;\">Tapia<\/td>\n<td style=\"height: 15px;\">Ahumada<\/td>\n<td style=\"height: 15px;\">Daniela Roc\u00edo<\/td>\n<\/tr>\n<\/tbody>\n<\/table>\n<p>[\/et_pb_toggle][\/et_pb_column][et_pb_column type=\u00bb1_3&#8243; _builder_version=\u00bb4.17.6&#8243; _module_preset=\u00bbdefault\u00bb global_colors_info=\u00bb{}\u00bb][\/et_pb_column][\/et_pb_row][\/et_pb_section][et_pb_section fb_built=\u00bb1&#8243; disabled_on=\u00bboff|off|off\u00bb _builder_version=\u00bb4.27.0&#8243; _module_preset=\u00bbdefault\u00bb background_color=\u00bbrgba(12,113,195,0.12)\u00bb width=\u00bb100%\u00bb max_width=\u00bb100%\u00bb min_height=\u00bb160.1px\u00bb custom_margin=\u00bb46px||-3px|||\u00bb custom_padding=\u00bb5px|||||\u00bb global_colors_info=\u00bb{}\u00bb][et_pb_row use_custom_gutter=\u00bbon\u00bb gutter_width=\u00bb1&#8243; _builder_version=\u00bb4.25.2&#8243; _module_preset=\u00bbdefault\u00bb width=\u00bb96%\u00bb max_width=\u00bb2560px\u00bb module_alignment=\u00bbleft\u00bb custom_padding=\u00bb||9px|3%|false|false\u00bb global_colors_info=\u00bb{}\u00bb][et_pb_column type=\u00bb4_4&#8243; _builder_version=\u00bb4.17.6&#8243; _module_preset=\u00bbdefault\u00bb global_colors_info=\u00bb{}\u00bb][et_pb_blurb title=\u00bbFACULTAD DE INGENIER\u00cdA\u00bb use_icon=\u00bbon\u00bb font_icon=\u00bb&#xf073;||fa||400&#8243; icon_color=\u00bb#009bdb\u00bb icon_placement=\u00bbleft\u00bb image_icon_width=\u00bb53px\u00bb content_max_width=\u00bb1100px\u00bb admin_label=\u00bbAnuncio: Ceremonia de titulaci\u00f3n: jueves 9 de noviembre de 2023 10.30 horas\u00bb _builder_version=\u00bb4.27.4&#8243; _module_preset=\u00bbdefault\u00bb header_font=\u00bb|800||on|||||\u00bb header_text_color=\u00bb#303030&#8243; header_font_size=\u00bb27px\u00bb body_font=\u00bb||||||||\u00bb body_text_color=\u00bb#0099cc\u00bb body_font_size=\u00bb16px\u00bb custom_margin=\u00bb||-1px|||\u00bb global_colors_info=\u00bb{}\u00bb]<\/p>\n<h1><strong>Mi\u00e9rcoles 5 de noviembre de 2025, 10.30 horas<\/strong><\/h1>\n<p>Aula Dr. F\u00e9lix Morales Pettorino, Casa Central, Universidad de Playa Ancha.<\/p>\n<p>[\/et_pb_blurb][\/et_pb_column][\/et_pb_row][et_pb_row column_structure=\u00bb1_3,1_3,1_3&#8243; use_custom_gutter=\u00bbon\u00bb disabled_on=\u00bboff|off|off\u00bb _builder_version=\u00bb4.22.0&#8243; _module_preset=\u00bbdefault\u00bb width=\u00bb94%\u00bb max_width=\u00bb2560px\u00bb custom_padding=\u00bb18px||18px|||\u00bb global_colors_info=\u00bb{}\u00bb][et_pb_column type=\u00bb1_3&#8243; _builder_version=\u00bb4.17.6&#8243; _module_preset=\u00bbdefault\u00bb global_colors_info=\u00bb{}\u00bb][et_pb_toggle title=\u00bbINGENIER\u00cdA CIVIL AMBIENTAL\u00bb open_toggle_text_color=\u00bb#000000&#8243; open_toggle_background_color=\u00bb#FFFFFF\u00bb closed_toggle_background_color=\u00bb#FFFFFF\u00bb icon_color=\u00bb#009bdb\u00bb toggle_icon=\u00bb&#xe048;||divi||400&#8243; use_icon_font_size=\u00bbon\u00bb icon_font_size=\u00bb26px\u00bb open_icon_color=\u00bb#009bdb\u00bb open_toggle_icon=\u00bb&#xe047;||divi||400&#8243; open_use_icon_font_size=\u00bbon\u00bb open_icon_font_size=\u00bb26px\u00bb disabled_on=\u00bboff|off|off\u00bb admin_label=\u00bbEducador o Educadora de P\u00e1rvulos\u00bb _builder_version=\u00bb4.27.4&#8243; _module_preset=\u00bbdefault\u00bb title_text_color=\u00bb#000000&#8243; title_font=\u00bb|700||on|||||\u00bb border_radii=\u00bboff||20px||20px\u00bb global_colors_info=\u00bb{}\u00bb]<\/p>\n<table border=\"0\" cellpadding=\"0\" cellspacing=\"0\" width=\"100%\" style=\"border-collapse: collapse; width: 100%;\">\n<tbody>\n<tr>\n<td style=\"width: 65pt;\"><strong>Apellido paterno<\/strong><\/td>\n<td style=\"width: 65pt;\"><strong>Apellido materno<\/strong><\/td>\n<td style=\"width: 65pt;\"><strong>Nombres<\/strong><\/td>\n<\/tr>\n<tr height=\"20\" style=\"height: 15.0pt;\">\n<td height=\"20\" width=\"87\" style=\"height: 15.0pt; width: 65pt;\">Aguilera<\/td>\n<td width=\"87\" style=\"width: 65pt;\">Pinto<\/td>\n<td width=\"87\" style=\"width: 65pt;\">Claudia Ver\u00f3nica<\/td>\n<\/tr>\n<tr height=\"20\" style=\"height: 15.0pt;\">\n<td height=\"20\" style=\"height: 15.0pt;\">\u00c1lvarez<\/td>\n<td>Zamora<\/td>\n<td>Gonzalo Eduardo<\/td>\n<\/tr>\n<tr height=\"20\" style=\"height: 15.0pt;\">\n<td height=\"20\" style=\"height: 15.0pt;\">Barrera<\/td>\n<td>N\u00fa\u00f1ez<\/td>\n<td>Carolina Soledad<\/td>\n<\/tr>\n<tr height=\"20\" style=\"height: 15.0pt;\">\n<td height=\"20\" style=\"height: 15.0pt;\">Mu\u00f1oz<\/td>\n<td>Alarc\u00f3n<\/td>\n<td>Valentina Fernanda<\/td>\n<\/tr>\n<tr height=\"20\" style=\"height: 15.0pt;\">\n<td height=\"20\" style=\"height: 15.0pt;\">Pe\u00f1a<\/td>\n<td>Bruna<\/td>\n<td>Francisca Javiera<\/td>\n<\/tr>\n<\/tbody>\n<\/table>\n<p>[\/et_pb_toggle][\/et_pb_column][et_pb_column type=\u00bb1_3&#8243; _builder_version=\u00bb4.17.6&#8243; _module_preset=\u00bbdefault\u00bb global_colors_info=\u00bb{}\u00bb][et_pb_toggle title=\u00bbINGENIER\u00cdA CIVIL INDUSTRIAL\u00bb open_toggle_text_color=\u00bb#000000&#8243; open_toggle_background_color=\u00bb#FFFFFF\u00bb closed_toggle_background_color=\u00bb#FFFFFF\u00bb icon_color=\u00bb#009bdb\u00bb toggle_icon=\u00bb&#xe048;||divi||400&#8243; use_icon_font_size=\u00bbon\u00bb icon_font_size=\u00bb26px\u00bb open_icon_color=\u00bb#009bdb\u00bb open_toggle_icon=\u00bb&#xe047;||divi||400&#8243; open_use_icon_font_size=\u00bbon\u00bb open_icon_font_size=\u00bb26px\u00bb disabled_on=\u00bboff|off|off\u00bb admin_label=\u00bbEducador o Educadora de P\u00e1rvulos\u00bb _builder_version=\u00bb4.27.4&#8243; _module_preset=\u00bbdefault\u00bb title_text_color=\u00bb#000000&#8243; title_font=\u00bb|700||on|||||\u00bb border_radii=\u00bboff||20px||20px\u00bb global_colors_info=\u00bb{}\u00bb]<\/p>\n<table border=\"0\" cellpadding=\"0\" cellspacing=\"0\" width=\"100%\" style=\"border-collapse: collapse; width: 100%;\">\n<tbody>\n<tr>\n<td style=\"width: 65pt;\"><strong>Apellido paterno<\/strong><\/td>\n<td style=\"width: 65pt;\"><strong>Apellido materno<\/strong><\/td>\n<td style=\"width: 65pt;\"><strong>Nombres<\/strong><\/td>\n<\/tr>\n<tr height=\"20\" style=\"height: 15.0pt;\">\n<td height=\"20\" width=\"87\" style=\"height: 15.0pt; width: 65pt;\">Araya<\/td>\n<td width=\"87\" style=\"width: 65pt;\">Aguilera<\/td>\n<td width=\"87\" style=\"width: 65pt;\">Marcelo Eduardo<\/td>\n<\/tr>\n<tr height=\"20\" style=\"height: 15.0pt;\">\n<td height=\"20\" style=\"height: 15.0pt;\">Avio<\/td>\n<td>P\u00e9rez<\/td>\n<td>Benjam\u00edn Jos\u00e9<\/td>\n<\/tr>\n<tr height=\"20\" style=\"height: 15.0pt;\">\n<td height=\"20\" style=\"height: 15.0pt;\">Barrera<\/td>\n<td>Caqueo<\/td>\n<td>Gabriel Christian Lorenzo<\/td>\n<\/tr>\n<tr height=\"20\" style=\"height: 15.0pt;\">\n<td height=\"20\" style=\"height: 15.0pt;\">Fern\u00e1ndez<\/td>\n<td>Guajardo<\/td>\n<td>Valentina Ignacia<\/td>\n<\/tr>\n<tr height=\"20\" style=\"height: 15.0pt;\">\n<td height=\"20\" style=\"height: 15.0pt;\">Fleming<\/td>\n<td>Oyanadel<\/td>\n<td>Mat\u00edas Ignacio<\/td>\n<\/tr>\n<tr height=\"20\" style=\"height: 15.0pt;\">\n<td height=\"20\" style=\"height: 15.0pt;\">Flores<\/td>\n<td>Rojo<\/td>\n<td>Catalina Andrea<\/td>\n<\/tr>\n<tr height=\"20\" style=\"height: 15.0pt;\">\n<td height=\"20\" style=\"height: 15.0pt;\">Gatica<\/td>\n<td>Vergara<\/td>\n<td>Ignacia Beatriz<\/td>\n<\/tr>\n<tr height=\"20\" style=\"height: 15.0pt;\">\n<td height=\"20\" style=\"height: 15.0pt;\">Gonz\u00e1lez<\/td>\n<td>Tapia<\/td>\n<td>Constanza Javiera<\/td>\n<\/tr>\n<tr height=\"20\" style=\"height: 15.0pt;\">\n<td height=\"20\" style=\"height: 15.0pt;\">Guti\u00e9rrez<\/td>\n<td>Soto<\/td>\n<td>Pablo Antonio<\/td>\n<\/tr>\n<tr height=\"20\" style=\"height: 15.0pt;\">\n<td height=\"20\" style=\"height: 15.0pt;\">Mu\u00f1oz<\/td>\n<td>Cabrera<\/td>\n<td>Felipe Fernando<\/td>\n<\/tr>\n<tr height=\"20\" style=\"height: 15.0pt;\">\n<td height=\"20\" style=\"height: 15.0pt;\">Olgu\u00edn<\/td>\n<td>Salazar<\/td>\n<td>Felipe Alejandro<\/td>\n<\/tr>\n<tr height=\"20\" style=\"height: 15.0pt;\">\n<td height=\"20\" style=\"height: 15.0pt;\">Olivares<\/td>\n<td>R\u00edos<\/td>\n<td>Katherine Alicia<\/td>\n<\/tr>\n<tr height=\"20\" style=\"height: 15.0pt;\">\n<td height=\"20\" style=\"height: 15.0pt;\">Olmos<\/td>\n<td>Alegr\u00eda<\/td>\n<td>Valentina Soledad<\/td>\n<\/tr>\n<tr height=\"20\" style=\"height: 15.0pt;\">\n<td height=\"20\" style=\"height: 15.0pt;\">Otto<\/td>\n<td>Presmitta<\/td>\n<td>Jorge Enrique<\/td>\n<\/tr>\n<tr height=\"20\" style=\"height: 15.0pt;\">\n<td height=\"20\" style=\"height: 15.0pt;\">Pacheco<\/td>\n<td>Rojas<\/td>\n<td>Cesia Carla<\/td>\n<\/tr>\n<tr height=\"20\" style=\"height: 15.0pt;\">\n<td height=\"20\" style=\"height: 15.0pt;\">P\u00e9rez<\/td>\n<td>Roa<\/td>\n<td>Nelson Edwards<\/td>\n<\/tr>\n<tr height=\"20\" style=\"height: 15.0pt;\">\n<td height=\"20\" style=\"height: 15.0pt;\">Ponce<\/td>\n<td>Arellano<\/td>\n<td>Basti\u00e1n Jes\u00fas<\/td>\n<\/tr>\n<tr height=\"20\" style=\"height: 15.0pt;\">\n<td height=\"20\" style=\"height: 15.0pt;\">Reyes<\/td>\n<td>Santiagos<\/td>\n<td>Sebasti\u00e1n Ignacio Alejandro<\/td>\n<\/tr>\n<tr height=\"20\" style=\"height: 15.0pt;\">\n<td height=\"20\" style=\"height: 15.0pt;\">Romero<\/td>\n<td>Delgado<\/td>\n<td>Alonso Avelino<\/td>\n<\/tr>\n<tr height=\"20\" style=\"height: 15.0pt;\">\n<td height=\"20\" style=\"height: 15.0pt;\">Salinas<\/td>\n<td>Parra<\/td>\n<td>Diego Alejandro<\/td>\n<\/tr>\n<\/tbody>\n<\/table>\n<p>[\/et_pb_toggle][\/et_pb_column][et_pb_column type=\u00bb1_3&#8243; _builder_version=\u00bb4.17.6&#8243; _module_preset=\u00bbdefault\u00bb global_colors_info=\u00bb{}\u00bb][et_pb_toggle title=\u00bbINGENIER\u00cdA AMBIENTAL\u00bb open_toggle_text_color=\u00bb#000000&#8243; open_toggle_background_color=\u00bb#FFFFFF\u00bb closed_toggle_background_color=\u00bb#FFFFFF\u00bb icon_color=\u00bb#009bdb\u00bb toggle_icon=\u00bb&#xe048;||divi||400&#8243; use_icon_font_size=\u00bbon\u00bb icon_font_size=\u00bb26px\u00bb open_icon_color=\u00bb#009bdb\u00bb open_toggle_icon=\u00bb&#xe047;||divi||400&#8243; open_use_icon_font_size=\u00bbon\u00bb open_icon_font_size=\u00bb26px\u00bb disabled_on=\u00bboff|off|off\u00bb admin_label=\u00bbEducador o Educadora de P\u00e1rvulos\u00bb _builder_version=\u00bb4.27.4&#8243; _module_preset=\u00bbdefault\u00bb title_text_color=\u00bb#000000&#8243; title_font=\u00bb|700||on|||||\u00bb border_radii=\u00bboff||20px||20px\u00bb global_colors_info=\u00bb{}\u00bb]<\/p>\n<table border=\"0\" cellpadding=\"0\" cellspacing=\"0\" width=\"100%\" style=\"border-collapse: collapse; width: 100%;\">\n<tbody>\n<tr>\n<td style=\"width: 65pt;\"><strong>Apellido paterno<\/strong><\/td>\n<td style=\"width: 65pt;\"><strong>Apellido materno<\/strong><\/td>\n<td style=\"width: 65pt;\"><strong>Nombres<\/strong><\/td>\n<\/tr>\n<tr height=\"20\" style=\"height: 15.0pt;\">\n<td height=\"20\" width=\"87\" style=\"height: 15.0pt; width: 65pt;\">Hidalgo<\/td>\n<td width=\"87\" style=\"width: 65pt;\">Montecino<\/td>\n<td width=\"87\" style=\"width: 65pt;\">Rodrigo Nicol\u00e1s<\/td>\n<\/tr>\n<tr height=\"20\" style=\"height: 15.0pt;\">\n<td height=\"20\" style=\"height: 15.0pt;\">L\u00f3pez<\/td>\n<td>Castro<\/td>\n<td>Viviana Macarena<\/td>\n<\/tr>\n<tr height=\"20\" style=\"height: 15.0pt;\">\n<td height=\"20\" style=\"height: 15.0pt;\">Rodr\u00edguez<\/td>\n<td>Castillo<\/td>\n<td>Carolina Patricia<\/td>\n<\/tr>\n<\/tbody>\n<\/table>\n<p>[\/et_pb_toggle][\/et_pb_column][\/et_pb_row][et_pb_row column_structure=\u00bb1_3,1_3,1_3&#8243; use_custom_gutter=\u00bbon\u00bb disabled_on=\u00bboff|off|off\u00bb _builder_version=\u00bb4.22.0&#8243; _module_preset=\u00bbdefault\u00bb width=\u00bb94%\u00bb max_width=\u00bb2560px\u00bb custom_padding=\u00bb18px||18px|||\u00bb global_colors_info=\u00bb{}\u00bb][et_pb_column type=\u00bb1_3&#8243; _builder_version=\u00bb4.17.6&#8243; _module_preset=\u00bbdefault\u00bb global_colors_info=\u00bb{}\u00bb][et_pb_toggle title=\u00bbINGENIER\u00cdA EN ESTAD\u00cdSTICA\u00bb open_toggle_text_color=\u00bb#000000&#8243; open_toggle_background_color=\u00bb#FFFFFF\u00bb closed_toggle_background_color=\u00bb#FFFFFF\u00bb icon_color=\u00bb#009bdb\u00bb toggle_icon=\u00bb&#xe048;||divi||400&#8243; use_icon_font_size=\u00bbon\u00bb icon_font_size=\u00bb26px\u00bb open_icon_color=\u00bb#009bdb\u00bb open_toggle_icon=\u00bb&#xe047;||divi||400&#8243; open_use_icon_font_size=\u00bbon\u00bb open_icon_font_size=\u00bb26px\u00bb disabled_on=\u00bboff|off|off\u00bb admin_label=\u00bbEducador o Educadora de P\u00e1rvulos\u00bb _builder_version=\u00bb4.27.4&#8243; _module_preset=\u00bbdefault\u00bb title_text_color=\u00bb#000000&#8243; title_font=\u00bb|700||on|||||\u00bb border_radii=\u00bboff||20px||20px\u00bb global_colors_info=\u00bb{}\u00bb]<\/p>\n<table border=\"1\" style=\"border-collapse: collapse; width: 100%;\">\n<tbody>\n<tr>\n<td style=\"width: 33.3333%;\"><strong>Apellido paterno<\/strong><\/td>\n<td style=\"width: 33.3333%;\"><strong>Apellido materno<\/strong><\/td>\n<td style=\"width: 33.3333%;\"><strong>Nombres<\/strong><\/td>\n<\/tr>\n<tr>\n<td style=\"width: 33.3333%;\">Okubo<\/td>\n<td style=\"width: 33.3333%;\">Tobar<\/td>\n<td style=\"width: 33.3333%;\">Arm\u00e1n Dag\u00f3<\/td>\n<\/tr>\n<\/tbody>\n<\/table>\n<p>[\/et_pb_toggle][\/et_pb_column][et_pb_column type=\u00bb1_3&#8243; _builder_version=\u00bb4.17.6&#8243; _module_preset=\u00bbdefault\u00bb global_colors_info=\u00bb{}\u00bb][et_pb_toggle title=\u00bbINGENIER\u00cdA EN INFORM\u00c1TICA\u00bb open_toggle_text_color=\u00bb#000000&#8243; open_toggle_background_color=\u00bb#FFFFFF\u00bb closed_toggle_background_color=\u00bb#FFFFFF\u00bb icon_color=\u00bb#009bdb\u00bb toggle_icon=\u00bb&#xe048;||divi||400&#8243; use_icon_font_size=\u00bbon\u00bb icon_font_size=\u00bb26px\u00bb open_icon_color=\u00bb#009bdb\u00bb open_toggle_icon=\u00bb&#xe047;||divi||400&#8243; open_use_icon_font_size=\u00bbon\u00bb open_icon_font_size=\u00bb26px\u00bb disabled_on=\u00bboff|off|off\u00bb admin_label=\u00bbEducador o Educadora de P\u00e1rvulos\u00bb _builder_version=\u00bb4.27.4&#8243; _module_preset=\u00bbdefault\u00bb title_text_color=\u00bb#000000&#8243; title_font=\u00bb|700||on|||||\u00bb border_radii=\u00bboff||20px||20px\u00bb global_colors_info=\u00bb{}\u00bb]<\/p>\n<table border=\"0\" cellpadding=\"0\" cellspacing=\"0\" width=\"100%\" style=\"border-collapse: collapse; width: 100%;\">\n<tbody>\n<tr>\n<td style=\"width: 65pt;\"><strong>Apellido paterno<\/strong><\/td>\n<td style=\"width: 65pt;\"><strong>Apellido materno<\/strong><\/td>\n<td style=\"width: 65pt;\"><strong>Nombres<\/strong><\/td>\n<\/tr>\n<tr height=\"20\" style=\"height: 15.0pt;\">\n<td height=\"20\" width=\"87\" style=\"height: 15.0pt; width: 65pt;\">Aros<\/td>\n<td width=\"87\" style=\"width: 65pt;\">Espinoza<\/td>\n<td width=\"87\" style=\"width: 65pt;\">Camilo Andr\u00e9s<\/td>\n<\/tr>\n<tr height=\"20\" style=\"height: 15.0pt;\">\n<td height=\"20\" style=\"height: 15.0pt;\">Briones<\/td>\n<td>Quezada<\/td>\n<td>Camilo Jaime<\/td>\n<\/tr>\n<tr height=\"20\" style=\"height: 15.0pt;\">\n<td height=\"20\" style=\"height: 15.0pt;\">Cepeda<\/td>\n<td>Zamorano<\/td>\n<td>Nicol\u00e1s Esteban<\/td>\n<\/tr>\n<tr height=\"20\" style=\"height: 15.0pt;\">\n<td height=\"20\" style=\"height: 15.0pt;\">Estay<\/td>\n<td>Encalada<\/td>\n<td>Felipe Francisco<\/td>\n<\/tr>\n<tr height=\"20\" style=\"height: 15.0pt;\">\n<td height=\"20\" style=\"height: 15.0pt;\">Meza<\/td>\n<td>Villal\u00f3n<\/td>\n<td>Jos\u00e9 Ren\u00e9<\/td>\n<\/tr>\n<tr height=\"20\" style=\"height: 15.0pt;\">\n<td height=\"20\" style=\"height: 15.0pt;\">Oyaneder<\/td>\n<td>Jofr\u00e9<\/td>\n<td>Gabriela Diyarelly<\/td>\n<\/tr>\n<tr height=\"20\" style=\"height: 15.0pt;\">\n<td height=\"20\" style=\"height: 15.0pt;\">Ponce<\/td>\n<td>Lira<\/td>\n<td>Esteban Adolfo<\/td>\n<\/tr>\n<tr height=\"20\" style=\"height: 15.0pt;\">\n<td height=\"20\" style=\"height: 15.0pt;\">Tapia<\/td>\n<td>Cort\u00e9s<\/td>\n<td>Luis Felipe<\/td>\n<\/tr>\n<\/tbody>\n<\/table>\n<p>[\/et_pb_toggle][\/et_pb_column][et_pb_column type=\u00bb1_3&#8243; _builder_version=\u00bb4.17.6&#8243; _module_preset=\u00bbdefault\u00bb global_colors_info=\u00bb{}\u00bb][\/et_pb_column][\/et_pb_row][\/et_pb_section][et_pb_section fb_built=\u00bb1&#8243; disabled_on=\u00bboff|off|off\u00bb _builder_version=\u00bb4.27.4&#8243; _module_preset=\u00bbdefault\u00bb background_color=\u00bb#FFFFFF\u00bb width=\u00bb100%\u00bb max_width=\u00bb100%\u00bb custom_margin=\u00bb46px|||||\u00bb custom_padding=\u00bb5px|||||\u00bb global_colors_info=\u00bb{}\u00bb][et_pb_row use_custom_gutter=\u00bbon\u00bb gutter_width=\u00bb1&#8243; _builder_version=\u00bb4.25.2&#8243; _module_preset=\u00bbdefault\u00bb width=\u00bb96%\u00bb max_width=\u00bb2560px\u00bb module_alignment=\u00bbleft\u00bb custom_padding=\u00bb||9px|3%|false|false\u00bb global_colors_info=\u00bb{}\u00bb][et_pb_column type=\u00bb4_4&#8243; _builder_version=\u00bb4.17.6&#8243; _module_preset=\u00bbdefault\u00bb global_colors_info=\u00bb{}\u00bb][et_pb_blurb title=\u00bbFACULTAD DE ARTE\u00bb use_icon=\u00bbon\u00bb font_icon=\u00bb&#xf073;||fa||400&#8243; icon_color=\u00bb#009bdb\u00bb icon_placement=\u00bbleft\u00bb image_icon_width=\u00bb53px\u00bb content_max_width=\u00bb1100px\u00bb admin_label=\u00bbAnuncio: Ceremonia de titulaci\u00f3n: jueves 9 de noviembre de 2023 10.30 horas\u00bb _builder_version=\u00bb4.27.4&#8243; _module_preset=\u00bbdefault\u00bb header_font=\u00bb|800||on|||||\u00bb header_text_color=\u00bb#303030&#8243; header_font_size=\u00bb27px\u00bb body_font=\u00bb||||||||\u00bb body_text_color=\u00bb#0099cc\u00bb body_font_size=\u00bb16px\u00bb custom_margin=\u00bb||-1px|||\u00bb global_colors_info=\u00bb{}\u00bb]<\/p>\n<h1><strong>Jueves 6 de noviembre, 10.30 horas<\/strong><\/h1>\n<p>Aula Dr. F\u00e9lix Morales Pettorino, Casa Central, Universidad de Playa Ancha.<\/p>\n<p>[\/et_pb_blurb][\/et_pb_column][\/et_pb_row][et_pb_row column_structure=\u00bb1_3,1_3,1_3&#8243; use_custom_gutter=\u00bbon\u00bb disabled_on=\u00bboff|off|off\u00bb _builder_version=\u00bb4.22.0&#8243; _module_preset=\u00bbdefault\u00bb width=\u00bb94%\u00bb max_width=\u00bb2560px\u00bb custom_padding=\u00bb18px||18px|||\u00bb global_colors_info=\u00bb{}\u00bb][et_pb_column type=\u00bb1_3&#8243; _builder_version=\u00bb4.17.6&#8243; _module_preset=\u00bbdefault\u00bb global_colors_info=\u00bb{}\u00bb][et_pb_toggle title=\u00bbLICENCIATURA EN ARTE\u00bb open_toggle_text_color=\u00bb#000000&#8243; open_toggle_background_color=\u00bb#FFFFFF\u00bb closed_toggle_background_color=\u00bb#FFFFFF\u00bb icon_color=\u00bb#009bdb\u00bb toggle_icon=\u00bb&#xe048;||divi||400&#8243; use_icon_font_size=\u00bbon\u00bb icon_font_size=\u00bb26px\u00bb open_icon_color=\u00bb#009bdb\u00bb open_toggle_icon=\u00bb&#xe047;||divi||400&#8243; open_use_icon_font_size=\u00bbon\u00bb open_icon_font_size=\u00bb26px\u00bb disabled_on=\u00bboff|off|off\u00bb admin_label=\u00bbProfesor o profesora de Educaci\u00f3n B\u00e1sica\u00bb _builder_version=\u00bb4.27.4&#8243; _module_preset=\u00bbdefault\u00bb title_text_color=\u00bb#000000&#8243; title_font=\u00bb|700||on|||||\u00bb border_radii=\u00bboff||20px||20px\u00bb global_colors_info=\u00bb{}\u00bb]<\/p>\n<table border=\"0\" cellpadding=\"0\" cellspacing=\"0\" width=\"100%\" style=\"border-collapse: collapse; width: 100%; height: 435px;\">\n<tbody>\n<tr>\n<td style=\"width: 65pt;\"><strong>Apellido paterno<\/strong><\/td>\n<td style=\"width: 65pt;\"><strong>Apellido materno<\/strong><\/td>\n<td style=\"width: 65pt;\"><strong>Nombres<\/strong><\/td>\n<\/tr>\n<tr height=\"20\" style=\"height: 15.0pt;\">\n<td height=\"20\" width=\"87\" style=\"height: 15px; width: 65pt;\">\u00c1guila<\/td>\n<td width=\"87\" style=\"width: 65pt; height: 15px;\">Contreras<\/td>\n<td width=\"87\" style=\"width: 65pt; height: 15px;\">Isaac Enoc<\/td>\n<\/tr>\n<tr height=\"20\" style=\"height: 15.0pt;\">\n<td height=\"20\" style=\"height: 15px;\">Cabal<\/td>\n<td style=\"height: 15px;\">Becerra<\/td>\n<td style=\"height: 15px;\">Mar\u00eda Ignacia<\/td>\n<\/tr>\n<tr height=\"20\" style=\"height: 15.0pt;\">\n<td height=\"20\" style=\"height: 15px;\">Devia<\/td>\n<td style=\"height: 15px;\">Contreras<\/td>\n<td style=\"height: 15px;\">Catalina Ignacia<\/td>\n<\/tr>\n<tr height=\"20\" style=\"height: 15.0pt;\">\n<td height=\"20\" style=\"height: 15px;\">Escalona<\/td>\n<td style=\"height: 15px;\">Gonz\u00e1lez<\/td>\n<td style=\"height: 15px;\">Bel\u00e9n Alejandra<\/td>\n<\/tr>\n<tr height=\"20\" style=\"height: 15.0pt;\">\n<td height=\"20\" style=\"height: 15px;\">Fuentes<\/td>\n<td style=\"height: 15px;\">Ponce<\/td>\n<td style=\"height: 15px;\">Javiera Fernanda<\/td>\n<\/tr>\n<tr height=\"20\" style=\"height: 15.0pt;\">\n<td height=\"20\" style=\"height: 15px;\">Gajardo<\/td>\n<td style=\"height: 15px;\">Rodr\u00edguez<\/td>\n<td style=\"height: 15px;\">Javiera Camila<\/td>\n<\/tr>\n<tr height=\"20\" style=\"height: 15.0pt;\">\n<td height=\"20\" style=\"height: 15px;\">Gonz\u00e1lez<\/td>\n<td style=\"height: 15px;\">\u00c1lvarez<\/td>\n<td style=\"height: 15px;\">Diana Yohana<\/td>\n<\/tr>\n<tr height=\"20\" style=\"height: 15.0pt;\">\n<td height=\"20\" style=\"height: 15px;\">Guti\u00e9rrez<\/td>\n<td style=\"height: 15px;\">Mu\u00f1oz<\/td>\n<td style=\"height: 15px;\">Emily Nicole<\/td>\n<\/tr>\n<tr height=\"20\" style=\"height: 15.0pt;\">\n<td height=\"20\" style=\"height: 15px;\">Henr\u00edquez<\/td>\n<td style=\"height: 15px;\">C\u00e1ceres<\/td>\n<td style=\"height: 15px;\">Jazm\u00edn Janina<\/td>\n<\/tr>\n<tr height=\"20\" style=\"height: 15.0pt;\">\n<td height=\"20\" style=\"height: 15px;\">Hern\u00e1ndez<\/td>\n<td style=\"height: 15px;\">V\u00e1squez<\/td>\n<td style=\"height: 15px;\">Vicente Wladimir<\/td>\n<\/tr>\n<tr height=\"20\" style=\"height: 15.0pt;\">\n<td height=\"20\" style=\"height: 15px;\">Lloyd<\/td>\n<td style=\"height: 15px;\">Le\u00f3n<\/td>\n<td style=\"height: 15px;\">Andrew Jeremy<\/td>\n<\/tr>\n<tr height=\"20\" style=\"height: 15.0pt;\">\n<td height=\"20\" style=\"height: 15px;\">Marchant<\/td>\n<td style=\"height: 15px;\">Cantillano<\/td>\n<td style=\"height: 15px;\">Dania Andrea<\/td>\n<\/tr>\n<tr height=\"20\" style=\"height: 15.0pt;\">\n<td height=\"20\" style=\"height: 15px;\">Molina<\/td>\n<td style=\"height: 15px;\">Rivera<\/td>\n<td style=\"height: 15px;\">Camila Alejandra<\/td>\n<\/tr>\n<tr height=\"20\" style=\"height: 15.0pt;\">\n<td height=\"20\" style=\"height: 15px;\">Mu\u00f1oz<\/td>\n<td style=\"height: 15px;\">Mu\u00f1oz<\/td>\n<td style=\"height: 15px;\">Mar\u00eda Jos\u00e9<\/td>\n<\/tr>\n<tr height=\"20\" style=\"height: 15.0pt;\">\n<td height=\"20\" style=\"height: 15px;\">Olivares<\/td>\n<td style=\"height: 15px;\">Guzm\u00e1n<\/td>\n<td style=\"height: 15px;\">Andrea Jordana<\/td>\n<\/tr>\n<tr height=\"20\" style=\"height: 15.0pt;\">\n<td height=\"20\" style=\"height: 15px;\">Past\u00e9n<\/td>\n<td style=\"height: 15px;\">Henr\u00edquez<\/td>\n<td style=\"height: 15px;\">Camila Alejandra<\/td>\n<\/tr>\n<tr height=\"20\" style=\"height: 15.0pt;\">\n<td height=\"20\" style=\"height: 15px;\">Pe\u00f1a<\/td>\n<td style=\"height: 15px;\">Zamorano<\/td>\n<td style=\"height: 15px;\">M\u00f3nica Isabel<\/td>\n<\/tr>\n<tr height=\"20\" style=\"height: 15.0pt;\">\n<td height=\"20\" style=\"height: 15px;\">Pe\u00f1afiel<\/td>\n<td style=\"height: 15px;\">Casas<\/td>\n<td style=\"height: 15px;\">Ver\u00f3nica Andrea<\/td>\n<\/tr>\n<tr height=\"20\" style=\"height: 15.0pt;\">\n<td height=\"20\" style=\"height: 15px;\">P\u00e9rez<\/td>\n<td style=\"height: 15px;\">Rojas<\/td>\n<td style=\"height: 15px;\">Javiera Amelia<\/td>\n<\/tr>\n<tr height=\"20\" style=\"height: 15.0pt;\">\n<td height=\"20\" style=\"height: 15px;\">Ramos<\/td>\n<td style=\"height: 15px;\">Rodr\u00edguez<\/td>\n<td style=\"height: 15px;\">Sara Alberta<\/td>\n<\/tr>\n<tr height=\"20\" style=\"height: 15.0pt;\">\n<td height=\"20\" style=\"height: 15px;\">Rodr\u00edguez<\/td>\n<td style=\"height: 15px;\">Saavedra<\/td>\n<td style=\"height: 15px;\">Loreto Andrea<\/td>\n<\/tr>\n<tr height=\"20\" style=\"height: 15.0pt;\">\n<td height=\"20\" style=\"height: 15px;\">Salinas<\/td>\n<td style=\"height: 15px;\">Gallardo<\/td>\n<td style=\"height: 15px;\">Nelson Ulises<\/td>\n<\/tr>\n<tr height=\"20\" style=\"height: 15.0pt;\">\n<td height=\"20\" style=\"height: 15px;\">Torres<\/td>\n<td style=\"height: 15px;\">Manquel<\/td>\n<td style=\"height: 15px;\">David Andr\u00e9s<\/td>\n<\/tr>\n<tr height=\"20\" style=\"height: 15.0pt;\">\n<td height=\"20\" style=\"height: 15px;\">Valenzuela<\/td>\n<td style=\"height: 15px;\">Fa\u00fandez<\/td>\n<td style=\"height: 15px;\">Nico<\/td>\n<\/tr>\n<tr height=\"20\" style=\"height: 15.0pt;\">\n<td height=\"20\" style=\"height: 15px;\">Valenzuela<\/td>\n<td style=\"height: 15px;\">Santander<\/td>\n<td style=\"height: 15px;\">Francisca Bel\u00e9n<\/td>\n<\/tr>\n<tr height=\"20\" style=\"height: 15.0pt;\">\n<td height=\"20\" style=\"height: 15px;\">Vega<\/td>\n<td style=\"height: 15px;\">Rodr\u00edguez<\/td>\n<td style=\"height: 15px;\">Benjam\u00edn Marcelo Andr\u00e9s<\/td>\n<\/tr>\n<tr height=\"20\" style=\"height: 15.0pt;\">\n<td height=\"20\" style=\"height: 15px;\">Vergara<\/td>\n<td style=\"height: 15px;\">Orrego<\/td>\n<td style=\"height: 15px;\">Mariel Natalia<\/td>\n<\/tr>\n<tr height=\"20\" style=\"height: 15.0pt;\">\n<td height=\"20\" style=\"height: 15px;\">Villalobos<\/td>\n<td style=\"height: 15px;\">Ayala<\/td>\n<td style=\"height: 15px;\">Isidora Monserrat<\/td>\n<\/tr>\n<tr height=\"20\" style=\"height: 15.0pt;\">\n<td height=\"20\" style=\"height: 15px;\">Y\u00e1\u00f1ez<\/td>\n<td style=\"height: 15px;\">Orellana<\/td>\n<td style=\"height: 15px;\">Amaru Pascual<\/td>\n<\/tr>\n<\/tbody>\n<\/table>\n<p>[\/et_pb_toggle][\/et_pb_column][et_pb_column type=\u00bb1_3&#8243; _builder_version=\u00bb4.17.6&#8243; _module_preset=\u00bbdefault\u00bb global_colors_info=\u00bb{}\u00bb][et_pb_toggle title=\u00bbDIBUJANTE PROYECTISTA\u00bb open_toggle_text_color=\u00bb#000000&#8243; open_toggle_background_color=\u00bb#FFFFFF\u00bb closed_toggle_background_color=\u00bb#FFFFFF\u00bb icon_color=\u00bb#009bdb\u00bb toggle_icon=\u00bb&#xe048;||divi||400&#8243; use_icon_font_size=\u00bbon\u00bb icon_font_size=\u00bb26px\u00bb open_icon_color=\u00bb#009bdb\u00bb open_toggle_icon=\u00bb&#xe047;||divi||400&#8243; open_use_icon_font_size=\u00bbon\u00bb open_icon_font_size=\u00bb26px\u00bb disabled_on=\u00bboff|off|off\u00bb admin_label=\u00bbProfesor o profesora de Educaci\u00f3n B\u00e1sica\u00bb _builder_version=\u00bb4.27.4&#8243; _module_preset=\u00bbdefault\u00bb title_text_color=\u00bb#000000&#8243; title_font=\u00bb|700||on|||||\u00bb border_radii=\u00bboff||20px||20px\u00bb global_colors_info=\u00bb{}\u00bb]<\/p>\n<table border=\"0\" cellpadding=\"0\" cellspacing=\"0\" width=\"100%\" style=\"border-collapse: collapse; width: 100%;\">\n<tbody>\n<tr>\n<td style=\"width: 65pt;\"><strong>Apellido paterno<\/strong><\/td>\n<td style=\"width: 65pt;\"><strong>Apellido materno<\/strong><\/td>\n<td style=\"width: 65pt;\"><strong>Nombres<\/strong><\/td>\n<\/tr>\n<tr height=\"20\" style=\"height: 15.0pt;\">\n<td height=\"20\" width=\"87\" style=\"height: 15.0pt; width: 65pt;\">Acu\u00f1a<\/td>\n<td width=\"87\" style=\"width: 65pt;\">Badilla<\/td>\n<td width=\"87\" style=\"width: 65pt;\">Gabriel Alfredo<\/td>\n<\/tr>\n<tr height=\"20\" style=\"height: 15.0pt;\">\n<td height=\"20\" style=\"height: 15.0pt;\">Aguilera<\/td>\n<td>Montecinos<\/td>\n<td>Branco Iv\u00e1n<\/td>\n<\/tr>\n<tr height=\"20\" style=\"height: 15.0pt;\">\n<td height=\"20\" style=\"height: 15.0pt;\">Mora<\/td>\n<td>Fa\u00fandez<\/td>\n<td>Gabriel Alejandro<\/td>\n<\/tr>\n<tr height=\"20\" style=\"height: 15.0pt;\">\n<td height=\"20\" style=\"height: 15.0pt;\">Roa<\/td>\n<td>Pasache<\/td>\n<td>Rodrigo Sebasti\u00e1n<\/td>\n<\/tr>\n<\/tbody>\n<\/table>\n<p>[\/et_pb_toggle][\/et_pb_column][et_pb_column type=\u00bb1_3&#8243; _builder_version=\u00bb4.17.6&#8243; _module_preset=\u00bbdefault\u00bb global_colors_info=\u00bb{}\u00bb][et_pb_toggle title=\u00bbDISE\u00d1O GR\u00c1FICO\u00bb open_toggle_text_color=\u00bb#000000&#8243; open_toggle_background_color=\u00bb#FFFFFF\u00bb closed_toggle_background_color=\u00bb#FFFFFF\u00bb icon_color=\u00bb#009bdb\u00bb toggle_icon=\u00bb&#xe048;||divi||400&#8243; use_icon_font_size=\u00bbon\u00bb icon_font_size=\u00bb26px\u00bb open_icon_color=\u00bb#009bdb\u00bb open_toggle_icon=\u00bb&#xe047;||divi||400&#8243; open_use_icon_font_size=\u00bbon\u00bb open_icon_font_size=\u00bb26px\u00bb disabled_on=\u00bboff|off|off\u00bb admin_label=\u00bbEducador o Educadora de P\u00e1rvulos\u00bb _builder_version=\u00bb4.27.4&#8243; _module_preset=\u00bbdefault\u00bb title_text_color=\u00bb#000000&#8243; title_font=\u00bb|700||on|||||\u00bb border_radii=\u00bboff||20px||20px\u00bb global_colors_info=\u00bb{}\u00bb]<\/p>\n<table border=\"0\" cellpadding=\"0\" cellspacing=\"0\" width=\"100%\" style=\"border-collapse: collapse; width: 100%;\">\n<tbody>\n<tr>\n<td style=\"width: 65pt;\"><strong>Apellido paterno<\/strong><\/td>\n<td style=\"width: 65pt;\"><strong>Apellido materno<\/strong><\/td>\n<td style=\"width: 65pt;\"><strong>Nombres<\/strong><\/td>\n<\/tr>\n<tr height=\"20\" style=\"height: 15.0pt;\">\n<td height=\"20\" width=\"87\" style=\"height: 15.0pt; width: 65pt;\">Olivares<\/td>\n<td width=\"87\" style=\"width: 65pt;\">Leiton<\/td>\n<td width=\"87\" style=\"width: 65pt;\">Javiera Ignacia<\/td>\n<\/tr>\n<tr height=\"20\" style=\"height: 15.0pt;\">\n<td height=\"20\" style=\"height: 15.0pt;\">S\u00e1nchez<\/td>\n<td>Jara<\/td>\n<td>Carolina Azusena<\/td>\n<\/tr>\n<tr height=\"20\" style=\"height: 15.0pt;\">\n<td height=\"20\" style=\"height: 15.0pt;\">Sanhueza<\/td>\n<td>Manr\u00edquez<\/td>\n<td>Marco Antonio<\/td>\n<\/tr>\n<\/tbody>\n<\/table>\n<p>[\/et_pb_toggle][\/et_pb_column][\/et_pb_row][et_pb_row column_structure=\u00bb1_3,1_3,1_3&#8243; use_custom_gutter=\u00bbon\u00bb disabled_on=\u00bboff|off|off\u00bb _builder_version=\u00bb4.22.0&#8243; _module_preset=\u00bbdefault\u00bb width=\u00bb94%\u00bb max_width=\u00bb2560px\u00bb custom_padding=\u00bb18px||18px|||\u00bb global_colors_info=\u00bb{}\u00bb][et_pb_column type=\u00bb1_3&#8243; _builder_version=\u00bb4.17.6&#8243; _module_preset=\u00bbdefault\u00bb global_colors_info=\u00bb{}\u00bb][et_pb_toggle title=\u00bbTEATRO\u00bb open_toggle_text_color=\u00bb#000000&#8243; open_toggle_background_color=\u00bb#FFFFFF\u00bb closed_toggle_background_color=\u00bb#FFFFFF\u00bb icon_color=\u00bb#009bdb\u00bb toggle_icon=\u00bb&#xe048;||divi||400&#8243; use_icon_font_size=\u00bbon\u00bb icon_font_size=\u00bb26px\u00bb open_icon_color=\u00bb#009bdb\u00bb open_toggle_icon=\u00bb&#xe047;||divi||400&#8243; open_use_icon_font_size=\u00bbon\u00bb open_icon_font_size=\u00bb26px\u00bb disabled_on=\u00bboff|off|off\u00bb admin_label=\u00bbEducador o Educadora de P\u00e1rvulos\u00bb _builder_version=\u00bb4.27.4&#8243; _module_preset=\u00bbdefault\u00bb title_text_color=\u00bb#000000&#8243; title_font=\u00bb|700||on|||||\u00bb border_radii=\u00bboff||20px||20px\u00bb global_colors_info=\u00bb{}\u00bb]<\/p>\n<table border=\"0\" cellpadding=\"0\" cellspacing=\"0\" width=\"100%\" style=\"border-collapse: collapse; width: 100%;\">\n<tbody>\n<tr>\n<td style=\"width: 65pt;\"><strong>Apellido paterno<\/strong><\/td>\n<td style=\"width: 65pt;\"><strong>Apellido materno<\/strong><\/td>\n<td style=\"width: 65pt;\"><strong>Nombres<\/strong><\/td>\n<\/tr>\n<tr height=\"20\" style=\"height: 15.0pt;\">\n<td height=\"20\" width=\"87\" style=\"height: 15.0pt; width: 65pt;\">Aranda<\/td>\n<td width=\"87\" style=\"width: 65pt;\">Brown<\/td>\n<td width=\"87\" style=\"width: 65pt;\">Carolina Paz<\/td>\n<\/tr>\n<tr height=\"20\" style=\"height: 15.0pt;\">\n<td height=\"20\" style=\"height: 15.0pt;\">Barraza<\/td>\n<td>Garrido<\/td>\n<td>Antonia Monserrat<\/td>\n<\/tr>\n<tr height=\"20\" style=\"height: 15.0pt;\">\n<td height=\"20\" style=\"height: 15.0pt;\">Campos<\/td>\n<td>Gonz\u00e1lez<\/td>\n<td>Annays Simoney<\/td>\n<\/tr>\n<tr height=\"20\" style=\"height: 15.0pt;\">\n<td height=\"20\" style=\"height: 15.0pt;\">Fuentes<\/td>\n<td>Mella<\/td>\n<td>Tamara Bel\u00e9n<\/td>\n<\/tr>\n<tr height=\"20\" style=\"height: 15.0pt;\">\n<td height=\"20\" style=\"height: 15.0pt;\">Hern\u00e1ndez<\/td>\n<td>San Mart\u00edn<\/td>\n<td>Francisca Alejandra<\/td>\n<\/tr>\n<tr height=\"20\" style=\"height: 15.0pt;\">\n<td height=\"20\" style=\"height: 15.0pt;\">Miranda<\/td>\n<td>Galdames<\/td>\n<td>Mat\u00edas Ignacio<\/td>\n<\/tr>\n<tr height=\"20\" style=\"height: 15.0pt;\">\n<td height=\"20\" style=\"height: 15.0pt;\">Mora<\/td>\n<td>Sierralta<\/td>\n<td>Camila Bel\u00e9n<\/td>\n<\/tr>\n<tr height=\"20\" style=\"height: 15.0pt;\">\n<td height=\"20\" style=\"height: 15.0pt;\">Morales<\/td>\n<td>Vidal<\/td>\n<td>Michelle Alejandra<\/td>\n<\/tr>\n<tr height=\"20\" style=\"height: 15.0pt;\">\n<td height=\"20\" style=\"height: 15.0pt;\">Mu\u00f1oz<\/td>\n<td>Huentelaf<\/td>\n<td>Victoria Eugenia<\/td>\n<\/tr>\n<tr height=\"20\" style=\"height: 15.0pt;\">\n<td height=\"20\" style=\"height: 15.0pt;\">N\u00fa\u00f1ez<\/td>\n<td>Wilson<\/td>\n<td>Mar\u00eda Ignacia<\/td>\n<\/tr>\n<tr height=\"20\" style=\"height: 15.0pt;\">\n<td height=\"20\" style=\"height: 15.0pt;\">Salvatierra<\/td>\n<td>Gonz\u00e1lez<\/td>\n<td>Mar\u00eda Jes\u00fas<\/td>\n<\/tr>\n<tr height=\"20\" style=\"height: 15.0pt;\">\n<td height=\"20\" style=\"height: 15.0pt;\">Sobrino<\/td>\n<td>D\u00b4Ottone<\/td>\n<td>Claudia Antonia<\/td>\n<\/tr>\n<tr height=\"20\" style=\"height: 15.0pt;\">\n<td height=\"20\" style=\"height: 15.0pt;\">Tapia<\/td>\n<td>Hern\u00e1ndez<\/td>\n<td>Paula Catalina Montserrat<\/td>\n<\/tr>\n<tr height=\"20\" style=\"height: 15.0pt;\">\n<td height=\"20\" style=\"height: 15.0pt;\">Torres<\/td>\n<td>Rojas<\/td>\n<td>Alondra Esperanza<\/td>\n<\/tr>\n<tr height=\"20\" style=\"height: 15.0pt;\">\n<td height=\"20\" style=\"height: 15.0pt;\">Urrejola<\/td>\n<td>Mart\u00ednez<\/td>\n<td>Manuel Ignacio<\/td>\n<\/tr>\n<tr height=\"20\" style=\"height: 15.0pt;\">\n<td height=\"20\" style=\"height: 15.0pt;\">Valenzuela<\/td>\n<td>Silva<\/td>\n<td>Manuel Alonso<\/td>\n<\/tr>\n<\/tbody>\n<\/table>\n<p>[\/et_pb_toggle][\/et_pb_column][et_pb_column type=\u00bb1_3&#8243; _builder_version=\u00bb4.17.6&#8243; _module_preset=\u00bbdefault\u00bb global_colors_info=\u00bb{}\u00bb][et_pb_toggle title=\u00bbDISE\u00d1O\u00bb open_toggle_text_color=\u00bb#000000&#8243; open_toggle_background_color=\u00bb#FFFFFF\u00bb closed_toggle_background_color=\u00bb#FFFFFF\u00bb icon_color=\u00bb#009bdb\u00bb toggle_icon=\u00bb&#xe048;||divi||400&#8243; use_icon_font_size=\u00bbon\u00bb icon_font_size=\u00bb26px\u00bb open_icon_color=\u00bb#009bdb\u00bb open_toggle_icon=\u00bb&#xe047;||divi||400&#8243; open_use_icon_font_size=\u00bbon\u00bb open_icon_font_size=\u00bb26px\u00bb disabled_on=\u00bboff|off|off\u00bb admin_label=\u00bbProfesor o profesora de Educaci\u00f3n B\u00e1sica, menci\u00f3n en Lengua Castellana y Comunicaci\u00f3n\u00bb _builder_version=\u00bb4.27.4&#8243; _module_preset=\u00bbdefault\u00bb title_text_color=\u00bb#000000&#8243; title_font=\u00bb|700||on|||||\u00bb border_radii=\u00bboff||20px||20px\u00bb global_colors_info=\u00bb{}\u00bb]<\/p>\n<table border=\"0\" cellpadding=\"0\" cellspacing=\"0\" width=\"100%\" style=\"border-collapse: collapse; width: 100%;\">\n<tbody>\n<tr>\n<td style=\"width: 65pt;\"><strong>Apellido paterno<\/strong><\/td>\n<td style=\"width: 65pt;\"><strong>Apellido materno<\/strong><\/td>\n<td style=\"width: 65pt;\"><strong>Nombres<\/strong><\/td>\n<\/tr>\n<tr height=\"20\" style=\"height: 15.0pt;\">\n<td height=\"20\" width=\"87\" style=\"height: 15.0pt; width: 65pt;\">Albarrac\u00edn<\/td>\n<td width=\"87\" style=\"width: 65pt;\">Troncoso<\/td>\n<td width=\"87\" style=\"width: 65pt;\">Ana\u00eds Sayen<\/td>\n<\/tr>\n<tr height=\"20\" style=\"height: 15.0pt;\">\n<td height=\"20\" style=\"height: 15.0pt;\">Caroca<\/td>\n<td>Poblete<\/td>\n<td>Valentina Paz<\/td>\n<\/tr>\n<tr height=\"20\" style=\"height: 15.0pt;\">\n<td height=\"20\" style=\"height: 15.0pt;\">Past\u00e9n<\/td>\n<td>Huerta<\/td>\n<td>Lisbeth Carolina<\/td>\n<\/tr>\n<tr height=\"20\" style=\"height: 15.0pt;\">\n<td height=\"20\" style=\"height: 15.0pt;\">Rojas<\/td>\n<td>Escobar<\/td>\n<td>Constanza Ignacia<\/td>\n<\/tr>\n<tr height=\"20\" style=\"height: 15.0pt;\">\n<td height=\"20\" style=\"height: 15.0pt;\">Vallejos<\/td>\n<td>Hidalgo<\/td>\n<td>Valentina Andrea<\/td>\n<\/tr>\n<tr height=\"20\" style=\"height: 15.0pt;\">\n<td height=\"20\" style=\"height: 15.0pt;\">Villablanca<\/td>\n<td>Horta<\/td>\n<td>Sebasti\u00e1n Nicol\u00e1s<\/td>\n<\/tr>\n<\/tbody>\n<\/table>\n<p>[\/et_pb_toggle][\/et_pb_column][et_pb_column type=\u00bb1_3&#8243; _builder_version=\u00bb4.17.6&#8243; _module_preset=\u00bbdefault\u00bb global_colors_info=\u00bb{}\u00bb][\/et_pb_column][\/et_pb_row][et_pb_row use_custom_gutter=\u00bbon\u00bb disabled_on=\u00bboff|off|off\u00bb _builder_version=\u00bb4.22.0&#8243; _module_preset=\u00bbdefault\u00bb width=\u00bb94%\u00bb max_width=\u00bb2560px\u00bb custom_padding=\u00bb18px||18px|||\u00bb global_colors_info=\u00bb{}\u00bb][et_pb_column type=\u00bb4_4&#8243; _builder_version=\u00bb4.17.6&#8243; _module_preset=\u00bbdefault\u00bb global_colors_info=\u00bb{}\u00bb][et_pb_blurb use_icon=\u00bbon\u00bb font_icon=\u00bb&#x45;||divi||400&#8243; icon_color=\u00bb#009bdb\u00bb icon_placement=\u00bbleft\u00bb image_icon_width=\u00bb53px\u00bb content_max_width=\u00bb1100px\u00bb admin_label=\u00bbAnuncio: Ceremonia de titulaci\u00f3n: jueves 9 de noviembre de 2023 10.30 horas\u00bb _builder_version=\u00bb4.27.4&#8243; _module_preset=\u00bbdefault\u00bb header_font=\u00bb|800||on|||||\u00bb header_text_color=\u00bb#303030&#8243; header_font_size=\u00bb27px\u00bb body_font=\u00bb||||||||\u00bb body_text_color=\u00bb#0099cc\u00bb body_font_size=\u00bb16px\u00bb custom_margin=\u00bb||-1px|||\u00bb global_colors_info=\u00bb{}\u00bb]<\/p>\n<h1><strong>Jueves 6 de noviembre de 2025<\/strong><strong>, 15.30 horas<\/strong><\/h1>\n<p>Aula Dr. F\u00e9lix Morales Pettorino, Casa Central, Universidad de Playa Ancha.<\/p>\n<p>[\/et_pb_blurb][\/et_pb_column][\/et_pb_row][et_pb_row column_structure=\u00bb1_3,1_3,1_3&#8243; use_custom_gutter=\u00bbon\u00bb disabled_on=\u00bboff|off|off\u00bb _builder_version=\u00bb4.22.0&#8243; _module_preset=\u00bbdefault\u00bb width=\u00bb94%\u00bb max_width=\u00bb2560px\u00bb custom_padding=\u00bb18px||18px|||\u00bb global_colors_info=\u00bb{}\u00bb][et_pb_column type=\u00bb1_3&#8243; _builder_version=\u00bb4.17.6&#8243; _module_preset=\u00bbdefault\u00bb global_colors_info=\u00bb{}\u00bb][et_pb_toggle title=\u00bbPEDAGOG\u00cdA EN EDUCACI\u00d3N MUSICAL\u00bb open_toggle_text_color=\u00bb#000000&#8243; open_toggle_background_color=\u00bb#FFFFFF\u00bb closed_toggle_background_color=\u00bb#FFFFFF\u00bb icon_color=\u00bb#009bdb\u00bb toggle_icon=\u00bb&#xe048;||divi||400&#8243; use_icon_font_size=\u00bbon\u00bb icon_font_size=\u00bb26px\u00bb open_icon_color=\u00bb#009bdb\u00bb open_toggle_icon=\u00bb&#xe047;||divi||400&#8243; open_use_icon_font_size=\u00bbon\u00bb open_icon_font_size=\u00bb26px\u00bb disabled_on=\u00bboff|off|off\u00bb admin_label=\u00bbProfesor o profesora de Educaci\u00f3n B\u00e1sica, menci\u00f3n en Lengua Castellana y Comunicaci\u00f3n\u00bb _builder_version=\u00bb4.27.4&#8243; _module_preset=\u00bbdefault\u00bb title_text_color=\u00bb#000000&#8243; title_font=\u00bb|700||on|||||\u00bb border_radii=\u00bboff||20px||20px\u00bb global_colors_info=\u00bb{}\u00bb]<\/p>\n<table border=\"0\" cellpadding=\"0\" cellspacing=\"0\" width=\"100%\" style=\"border-collapse: collapse; width: 100%;\">\n<tbody>\n<tr>\n<td style=\"width: 65pt;\"><strong>Apellido paterno<\/strong><\/td>\n<td style=\"width: 65pt;\"><strong>Apellido materno<\/strong><\/td>\n<td style=\"width: 65pt;\"><strong>Nombres<\/strong><\/td>\n<\/tr>\n<tr height=\"20\" style=\"height: 15.0pt;\">\n<td height=\"20\" width=\"87\" style=\"height: 15.0pt; width: 65pt;\">Alfaro<\/td>\n<td width=\"87\" style=\"width: 65pt;\">Delgado<\/td>\n<td width=\"87\" style=\"width: 65pt;\">Alex Roggiers Fabi\u00e1n<\/td>\n<\/tr>\n<tr height=\"20\" style=\"height: 15.0pt;\">\n<td height=\"20\" style=\"height: 15.0pt;\">Araya<\/td>\n<td>Carmona<\/td>\n<td>Rigoberto Nicol\u00e1s<\/td>\n<\/tr>\n<tr height=\"20\" style=\"height: 15.0pt;\">\n<td height=\"20\" style=\"height: 15.0pt;\">Barcenas<\/td>\n<td>Villegas<\/td>\n<td>Dylan Mateo<\/td>\n<\/tr>\n<tr height=\"20\" style=\"height: 15.0pt;\">\n<td height=\"20\" style=\"height: 15.0pt;\">Burgos<\/td>\n<td>Cubillos<\/td>\n<td>Juan Sebasti\u00e1n Alfonso<\/td>\n<\/tr>\n<tr height=\"20\" style=\"height: 15.0pt;\">\n<td height=\"20\" style=\"height: 15.0pt;\">Cabeza<\/td>\n<td>Vega<\/td>\n<td>Diego Ignacio<\/td>\n<\/tr>\n<tr height=\"20\" style=\"height: 15.0pt;\">\n<td height=\"20\" style=\"height: 15.0pt;\">Cerda<\/td>\n<td>Le\u00f3n<\/td>\n<td>Alejandro Juvenal<\/td>\n<\/tr>\n<tr height=\"20\" style=\"height: 15.0pt;\">\n<td height=\"20\" style=\"height: 15.0pt;\">Chapa<\/td>\n<td>Riquelme<\/td>\n<td>Bayron Kevin<\/td>\n<\/tr>\n<tr height=\"20\" style=\"height: 15.0pt;\">\n<td height=\"20\" style=\"height: 15.0pt;\">Concha<\/td>\n<td>Jorquera<\/td>\n<td>Roberto Alejandro<\/td>\n<\/tr>\n<tr height=\"20\" style=\"height: 15.0pt;\">\n<td height=\"20\" style=\"height: 15.0pt;\">Concha<\/td>\n<td>Pacheco<\/td>\n<td>Mauricio Andr\u00e9s<\/td>\n<\/tr>\n<tr height=\"20\" style=\"height: 15.0pt;\">\n<td height=\"20\" style=\"height: 15.0pt;\">Cort\u00e9s<\/td>\n<td>D\u00edaz<\/td>\n<td>Miguel Nehemias<\/td>\n<\/tr>\n<tr height=\"20\" style=\"height: 15.0pt;\">\n<td height=\"20\" style=\"height: 15.0pt;\">D\u00edaz<\/td>\n<td>Far\u00edas<\/td>\n<td>Esteban Ignacio<\/td>\n<\/tr>\n<tr height=\"20\" style=\"height: 15.0pt;\">\n<td height=\"20\" style=\"height: 15.0pt;\">Galaz<\/td>\n<td>D\u00edaz<\/td>\n<td>Lorenzo Leandro Luis<\/td>\n<\/tr>\n<tr height=\"20\" style=\"height: 15.0pt;\">\n<td height=\"20\" style=\"height: 15.0pt;\">Iturrieta<\/td>\n<td>D\u00edaz<\/td>\n<td>Manuel Enrique<\/td>\n<\/tr>\n<tr height=\"20\" style=\"height: 15.0pt;\">\n<td height=\"20\" style=\"height: 15.0pt;\">Leiva<\/td>\n<td>Vel\u00e1squez<\/td>\n<td>Oliver Andr\u00e9s<\/td>\n<\/tr>\n<tr height=\"20\" style=\"height: 15.0pt;\">\n<td height=\"20\" style=\"height: 15.0pt;\">Olivera<\/td>\n<td>Vidal<\/td>\n<td>Thais Nicole<\/td>\n<\/tr>\n<tr height=\"20\" style=\"height: 15.0pt;\">\n<td height=\"20\" style=\"height: 15.0pt;\">Oporto<\/td>\n<td>Ceballos<\/td>\n<td>Sebasti\u00e1n Ignacio<\/td>\n<\/tr>\n<tr height=\"20\" style=\"height: 15.0pt;\">\n<td height=\"20\" style=\"height: 15.0pt;\">Pedraza<\/td>\n<td>Oyarzo<\/td>\n<td>Cristopher Roberto Andr\u00e9s<\/td>\n<\/tr>\n<tr height=\"20\" style=\"height: 15.0pt;\">\n<td height=\"20\" style=\"height: 15.0pt;\">Roco<\/td>\n<td>Z\u00fa\u00f1iga<\/td>\n<td>Joaqu\u00edn Eduardo<\/td>\n<\/tr>\n<tr height=\"20\" style=\"height: 15.0pt;\">\n<td height=\"20\" style=\"height: 15.0pt;\">Ruz<\/td>\n<td>Gonz\u00e1lez<\/td>\n<td>Paloma Ignacia<\/td>\n<\/tr>\n<tr height=\"20\" style=\"height: 15.0pt;\">\n<td height=\"20\" style=\"height: 15.0pt;\">Salinas<\/td>\n<td>P\u00e9rez<\/td>\n<td>Javiera Valentina<\/td>\n<\/tr>\n<tr height=\"20\" style=\"height: 15.0pt;\">\n<td height=\"20\" style=\"height: 15.0pt;\">San Mart\u00edn<\/td>\n<td>Fern\u00e1ndez<\/td>\n<td>Mat\u00edas Nicol\u00e1s<\/td>\n<\/tr>\n<tr height=\"20\" style=\"height: 15.0pt;\">\n<td height=\"20\" style=\"height: 15.0pt;\">Trivi\u00f1o<\/td>\n<td>Beltr\u00e1n<\/td>\n<td>Francisca Michelle<\/td>\n<\/tr>\n<tr height=\"20\" style=\"height: 15.0pt;\">\n<td height=\"20\" style=\"height: 15.0pt;\">Vald\u00e9s<\/td>\n<td>Navarrete<\/td>\n<td>Francisca Paulina<\/td>\n<\/tr>\n<tr height=\"20\" style=\"height: 15.0pt;\">\n<td height=\"20\" style=\"height: 15.0pt;\">Vargas<\/td>\n<td>Huenchu\u00f1ir<\/td>\n<td>Daniel El\u00edas<\/td>\n<\/tr>\n<tr height=\"20\" style=\"height: 15.0pt;\">\n<td height=\"20\" style=\"height: 15.0pt;\">Zamora<\/td>\n<td>Romero<\/td>\n<td>Tiare Bel\u00e9n<\/td>\n<\/tr>\n<\/tbody>\n<\/table>\n<p>[\/et_pb_toggle][\/et_pb_column][et_pb_column type=\u00bb1_3&#8243; _builder_version=\u00bb4.17.6&#8243; _module_preset=\u00bbdefault\u00bb global_colors_info=\u00bb{}\u00bb][et_pb_toggle title=\u00bbPEDAGOG\u00cdA EN ARTES PL\u00c1STICAS\u00bb open_toggle_text_color=\u00bb#000000&#8243; open_toggle_background_color=\u00bb#FFFFFF\u00bb closed_toggle_background_color=\u00bb#FFFFFF\u00bb icon_color=\u00bb#009bdb\u00bb toggle_icon=\u00bb&#xe048;||divi||400&#8243; use_icon_font_size=\u00bbon\u00bb icon_font_size=\u00bb26px\u00bb open_icon_color=\u00bb#009bdb\u00bb open_toggle_icon=\u00bb&#xe047;||divi||400&#8243; open_use_icon_font_size=\u00bbon\u00bb open_icon_font_size=\u00bb26px\u00bb disabled_on=\u00bboff|off|off\u00bb admin_label=\u00bbEducador o Educadora de P\u00e1rvulos\u00bb _builder_version=\u00bb4.27.4&#8243; _module_preset=\u00bbdefault\u00bb title_text_color=\u00bb#000000&#8243; title_font=\u00bb|700||on|||||\u00bb border_radii=\u00bboff||20px||20px\u00bb global_colors_info=\u00bb{}\u00bb]<\/p>\n<table width=\"100%\" style=\"width: 100%;\">\n<tbody>\n<tr>\n<td><strong>Apellido paterno<\/strong><\/td>\n<td><strong>Apellido materno<\/strong><\/td>\n<td><strong>Nombres<\/strong><\/td>\n<\/tr>\n<tr>\n<td width=\"87\">Araneda<\/td>\n<td width=\"87\">Lugaro<\/td>\n<td width=\"87\">Andrea Solange<\/td>\n<\/tr>\n<tr>\n<td>Araya<\/td>\n<td>Loyola<\/td>\n<td>Ellizabeth Fernanda<\/td>\n<\/tr>\n<tr>\n<td>Araya<\/td>\n<td>Oro<\/td>\n<td>Ginger Valeska Paz<\/td>\n<\/tr>\n<tr>\n<td>Bustamante<\/td>\n<td>Mena<\/td>\n<td>Paloma Andrea<\/td>\n<\/tr>\n<tr>\n<td>Caballero<\/td>\n<td>C\u00e9spedes<\/td>\n<td>Sandra Beatriz<\/td>\n<\/tr>\n<tr>\n<td>Cortez<\/td>\n<td>Vergara<\/td>\n<td>Nick<\/td>\n<\/tr>\n<tr>\n<td>Garc\u00eda<\/td>\n<td>Daque<\/td>\n<td>Josefa Valentina<\/td>\n<\/tr>\n<tr>\n<td>Garrido<\/td>\n<td>Llanquileo<\/td>\n<td>Millaray Elisa<\/td>\n<\/tr>\n<tr>\n<td>G\u00f3mez<\/td>\n<td>Baeza<\/td>\n<td>Camila Mercedes<\/td>\n<\/tr>\n<tr>\n<td>G\u00f3mez<\/td>\n<td>Reyes<\/td>\n<td>Antonia Susana<\/td>\n<\/tr>\n<tr>\n<td>Guzman<\/td>\n<td>Ossand\u00f3n<\/td>\n<td>Constanza\u00a0 Bel\u00e9n<\/td>\n<\/tr>\n<tr>\n<td>Inostroza<\/td>\n<td>Vega<\/td>\n<td>William Osvaldo<\/td>\n<\/tr>\n<tr>\n<td>Navea<\/td>\n<td>Trigo<\/td>\n<td>Javiera Catalina<\/td>\n<\/tr>\n<tr>\n<td>P\u00e9rez<\/td>\n<td>Franco<\/td>\n<td>Anixid Selene<\/td>\n<\/tr>\n<tr>\n<td>Pizarro<\/td>\n<td>Trigo<\/td>\n<td>Camila Javiera<\/td>\n<\/tr>\n<tr>\n<td>Porter<\/td>\n<td>Schiappacasse<\/td>\n<td>Javiera Catalina<\/td>\n<\/tr>\n<tr>\n<td>Rojas<\/td>\n<td>Araya<\/td>\n<td>Pedro Javier<\/td>\n<\/tr>\n<tr>\n<td>Sep\u00falveda<\/td>\n<td>Galdames<\/td>\n<td>Mariahjose<\/td>\n<\/tr>\n<tr>\n<td>Silva<\/td>\n<td>Araya<\/td>\n<td>Maximiliano Alonso<\/td>\n<\/tr>\n<tr>\n<td>Valencia<\/td>\n<td>Guzm\u00e1n<\/td>\n<td>Camila Bel\u00e9n<\/td>\n<\/tr>\n<tr>\n<td>Vega\u00a0<\/td>\n<td>Canelo<\/td>\n<td>Fernanda Iara<\/td>\n<\/tr>\n<tr>\n<td>Villarroel<\/td>\n<td>Aros<\/td>\n<td>Fernanda Aracelli<\/td>\n<\/tr>\n<\/tbody>\n<\/table>\n<p>[\/et_pb_toggle][\/et_pb_column][et_pb_column type=\u00bb1_3&#8243; _builder_version=\u00bb4.17.6&#8243; _module_preset=\u00bbdefault\u00bb global_colors_info=\u00bb{}\u00bb][\/et_pb_column][\/et_pb_row][\/et_pb_section][et_pb_section fb_built=\u00bb1&#8243; disabled_on=\u00bboff|off|off\u00bb _builder_version=\u00bb4.27.0&#8243; _module_preset=\u00bbdefault\u00bb background_color=\u00bbRGBA(12,113,195,0.12)\u00bb width=\u00bb100%\u00bb max_width=\u00bb100%\u00bb custom_margin=\u00bb46px|||||\u00bb custom_padding=\u00bb5px|||||\u00bb global_colors_info=\u00bb{}\u00bb][et_pb_row use_custom_gutter=\u00bbon\u00bb gutter_width=\u00bb1&#8243; _builder_version=\u00bb4.25.2&#8243; _module_preset=\u00bbdefault\u00bb width=\u00bb96%\u00bb max_width=\u00bb2560px\u00bb module_alignment=\u00bbleft\u00bb custom_padding=\u00bb||9px|3%|false|false\u00bb global_colors_info=\u00bb{}\u00bb][et_pb_column type=\u00bb4_4&#8243; _builder_version=\u00bb4.17.6&#8243; _module_preset=\u00bbdefault\u00bb global_colors_info=\u00bb{}\u00bb][et_pb_blurb title=\u00bbFACULTAD DE CIENCIAS DE LA SALUD\u00bb use_icon=\u00bbon\u00bb font_icon=\u00bb&#xf073;||fa||400&#8243; icon_color=\u00bb#009bdb\u00bb icon_placement=\u00bbleft\u00bb image_icon_width=\u00bb53px\u00bb content_max_width=\u00bb1100px\u00bb admin_label=\u00bbAnuncio: Ceremonia de titulaci\u00f3n: jueves 9 de noviembre de 2023 10.30 horas\u00bb _builder_version=\u00bb4.27.4&#8243; _module_preset=\u00bbdefault\u00bb header_font=\u00bb|800||on|||||\u00bb header_text_color=\u00bb#303030&#8243; header_font_size=\u00bb27px\u00bb body_font=\u00bb||||||||\u00bb body_text_color=\u00bb#0099cc\u00bb body_font_size=\u00bb16px\u00bb custom_margin=\u00bb||-1px|||\u00bb global_colors_info=\u00bb{}\u00bb]<\/p>\n<h1><strong>Jueves 13 de noviembre de 2025, 10.30 horas<\/strong><\/h1>\n<p>Aula Dr. F\u00e9lix Morales Pettorino, Casa Central, Universidad de Playa Ancha.<\/p>\n<p>[\/et_pb_blurb][\/et_pb_column][\/et_pb_row][et_pb_row column_structure=\u00bb1_3,1_3,1_3&#8243; use_custom_gutter=\u00bbon\u00bb disabled_on=\u00bboff|off|off\u00bb _builder_version=\u00bb4.22.0&#8243; _module_preset=\u00bbdefault\u00bb width=\u00bb94%\u00bb max_width=\u00bb2560px\u00bb custom_padding=\u00bb18px||18px|||\u00bb global_colors_info=\u00bb{}\u00bb][et_pb_column type=\u00bb1_3&#8243; _builder_version=\u00bb4.17.6&#8243; _module_preset=\u00bbdefault\u00bb global_colors_info=\u00bb{}\u00bb][et_pb_toggle title=\u00bbFonoaudiolog\u00eda\u00bb open_toggle_text_color=\u00bb#000000&#8243; open_toggle_background_color=\u00bb#FFFFFF\u00bb closed_toggle_background_color=\u00bb#FFFFFF\u00bb icon_color=\u00bb#009bdb\u00bb toggle_icon=\u00bb&#xe048;||divi||400&#8243; use_icon_font_size=\u00bbon\u00bb icon_font_size=\u00bb26px\u00bb open_icon_color=\u00bb#009bdb\u00bb open_toggle_icon=\u00bb&#xe047;||divi||400&#8243; open_use_icon_font_size=\u00bbon\u00bb open_icon_font_size=\u00bb26px\u00bb disabled_on=\u00bboff|off|off\u00bb admin_label=\u00bbEducador o Educadora de P\u00e1rvulos\u00bb _builder_version=\u00bb4.27.4&#8243; _module_preset=\u00bbdefault\u00bb title_text_color=\u00bb#000000&#8243; title_font=\u00bb|700||on|||||\u00bb border_radii=\u00bboff||20px||20px\u00bb global_colors_info=\u00bb{}\u00bb]<\/p>\n<table border=\"0\" cellpadding=\"0\" cellspacing=\"0\" width=\"100%\" style=\"border-collapse: collapse; width: 100%; height: 585px;\">\n<tbody>\n<tr>\n<td style=\"width: 65pt;\"><strong>Apellido paterno<\/strong><\/td>\n<td style=\"width: 65pt;\"><strong>Apellido materno<\/strong><\/td>\n<td style=\"width: 65pt;\"><strong>Nombres<\/strong><\/td>\n<\/tr>\n<tr height=\"20\" style=\"height: 15.0pt;\">\n<td height=\"20\" width=\"87\" style=\"height: 15px; width: 65pt;\">Abarca<\/td>\n<td width=\"87\" style=\"width: 65pt; height: 15px;\">Far\u00edas<\/td>\n<td width=\"87\" style=\"width: 65pt; height: 15px;\">Vaithiare Daphne Nahat<\/td>\n<\/tr>\n<tr height=\"20\" style=\"height: 15.0pt;\">\n<td height=\"20\" style=\"height: 15px;\">Adasme<\/td>\n<td style=\"height: 15px;\">L\u00f3pez<\/td>\n<td style=\"height: 15px;\">Tabata Roc\u00edo<\/td>\n<\/tr>\n<tr height=\"20\" style=\"height: 15.0pt;\">\n<td height=\"20\" style=\"height: 15px;\">Barraza<\/td>\n<td style=\"height: 15px;\">Fern\u00e1ndez<\/td>\n<td style=\"height: 15px;\">Paula Francisca<\/td>\n<\/tr>\n<tr height=\"20\" style=\"height: 15.0pt;\">\n<td height=\"20\" style=\"height: 15px;\">Caama\u00f1o<\/td>\n<td style=\"height: 15px;\">Dom\u00ednguez<\/td>\n<td style=\"height: 15px;\">Fernanda Franchesca<\/td>\n<\/tr>\n<tr height=\"20\" style=\"height: 15.0pt;\">\n<td height=\"20\" style=\"height: 15px;\">C\u00e1rcamo<\/td>\n<td style=\"height: 15px;\">Malleo<\/td>\n<td style=\"height: 15px;\">Thiare Bel\u00e9n<\/td>\n<\/tr>\n<tr height=\"20\" style=\"height: 15.0pt;\">\n<td height=\"20\" style=\"height: 15px;\">Carre\u00f1o<\/td>\n<td style=\"height: 15px;\">Contreras<\/td>\n<td style=\"height: 15px;\">Debora Bel\u00e9n<\/td>\n<\/tr>\n<tr height=\"20\" style=\"height: 15.0pt;\">\n<td height=\"20\" style=\"height: 15px;\">Catal\u00e1n<\/td>\n<td style=\"height: 15px;\">Donoso<\/td>\n<td style=\"height: 15px;\">Francisca Isidora<\/td>\n<\/tr>\n<tr height=\"20\" style=\"height: 15.0pt;\">\n<td height=\"20\" style=\"height: 15px;\">Cort\u00e9s<\/td>\n<td style=\"height: 15px;\">Fuentes<\/td>\n<td style=\"height: 15px;\">Fernanda Daniela<\/td>\n<\/tr>\n<tr height=\"20\" style=\"height: 15.0pt;\">\n<td height=\"20\" style=\"height: 15px;\">Espinoza<\/td>\n<td style=\"height: 15px;\">Moraga<\/td>\n<td style=\"height: 15px;\">Lisset Dayanna<\/td>\n<\/tr>\n<tr height=\"20\" style=\"height: 15.0pt;\">\n<td height=\"20\" style=\"height: 15px;\">Espinoza<\/td>\n<td style=\"height: 15px;\">Villegas<\/td>\n<td style=\"height: 15px;\">Carolina Isabel<\/td>\n<\/tr>\n<tr height=\"20\" style=\"height: 15.0pt;\">\n<td height=\"20\" style=\"height: 15px;\">Fuentes<\/td>\n<td style=\"height: 15px;\">Montiel<\/td>\n<td style=\"height: 15px;\">Natalia Andrea<\/td>\n<\/tr>\n<tr height=\"20\" style=\"height: 15.0pt;\">\n<td height=\"20\" style=\"height: 15px;\">Guardia<\/td>\n<td style=\"height: 15px;\">Del Pino<\/td>\n<td style=\"height: 15px;\">Marisol Andrea<\/td>\n<\/tr>\n<tr height=\"20\" style=\"height: 15.0pt;\">\n<td height=\"20\" style=\"height: 15px;\">Herrera<\/td>\n<td style=\"height: 15px;\">Berm\u00fadez<\/td>\n<td style=\"height: 15px;\">Luna Almendra<\/td>\n<\/tr>\n<tr height=\"20\" style=\"height: 15.0pt;\">\n<td height=\"20\" style=\"height: 15px;\">Howes<\/td>\n<td style=\"height: 15px;\">Osorio<\/td>\n<td style=\"height: 15px;\">Thyare Nicole<\/td>\n<\/tr>\n<tr height=\"20\" style=\"height: 15.0pt;\">\n<td height=\"20\" style=\"height: 15px;\">Lagos<\/td>\n<td style=\"height: 15px;\">S\u00e1ez<\/td>\n<td style=\"height: 15px;\">Constanza Catalina<\/td>\n<\/tr>\n<tr height=\"20\" style=\"height: 15.0pt;\">\n<td height=\"20\" style=\"height: 15px;\">Lizana<\/td>\n<td style=\"height: 15px;\">S\u00e1nchez<\/td>\n<td style=\"height: 15px;\">Valentina Francisca<\/td>\n<\/tr>\n<tr height=\"20\" style=\"height: 15.0pt;\">\n<td height=\"20\" style=\"height: 15px;\">Marambio<\/td>\n<td style=\"height: 15px;\">Burgos<\/td>\n<td style=\"height: 15px;\">Paula Carolina<\/td>\n<\/tr>\n<tr height=\"20\" style=\"height: 15.0pt;\">\n<td height=\"20\" style=\"height: 15px;\">Mart\u00ednez<\/td>\n<td style=\"height: 15px;\">Zambrano<\/td>\n<td style=\"height: 15px;\">Alexandra Mar\u00eda Jos\u00e9<\/td>\n<\/tr>\n<tr height=\"20\" style=\"height: 15.0pt;\">\n<td height=\"20\" style=\"height: 15px;\">Medina<\/td>\n<td style=\"height: 15px;\">Bahamondes<\/td>\n<td style=\"height: 15px;\">Catalina Ester<\/td>\n<\/tr>\n<tr height=\"20\" style=\"height: 15.0pt;\">\n<td height=\"20\" style=\"height: 15px;\">Medina<\/td>\n<td style=\"height: 15px;\">Mena<\/td>\n<td style=\"height: 15px;\">Marcela Magdalena<\/td>\n<\/tr>\n<tr height=\"20\" style=\"height: 15.0pt;\">\n<td height=\"20\" style=\"height: 15px;\">Mu\u00f1oz<\/td>\n<td style=\"height: 15px;\">Argando\u00f1a<\/td>\n<td style=\"height: 15px;\">Constanza Alejandra<\/td>\n<\/tr>\n<tr height=\"20\" style=\"height: 15.0pt;\">\n<td height=\"20\" style=\"height: 15px;\">Paredes<\/td>\n<td style=\"height: 15px;\">Navarro<\/td>\n<td style=\"height: 15px;\">Editha Mar\u00eda<\/td>\n<\/tr>\n<tr height=\"20\" style=\"height: 15.0pt;\">\n<td height=\"20\" style=\"height: 15px;\">Pe\u00f1a<\/td>\n<td style=\"height: 15px;\">Lazcano<\/td>\n<td style=\"height: 15px;\">Graciela Ignacia<\/td>\n<\/tr>\n<tr height=\"20\" style=\"height: 15.0pt;\">\n<td height=\"20\" style=\"height: 15px;\">Pizarro<\/td>\n<td style=\"height: 15px;\">Gonzalez<\/td>\n<td style=\"height: 15px;\">Denisa Alejandra<\/td>\n<\/tr>\n<tr height=\"20\" style=\"height: 15.0pt;\">\n<td height=\"20\" style=\"height: 15px;\">Ram\u00edrez<\/td>\n<td style=\"height: 15px;\">Ulloa<\/td>\n<td style=\"height: 15px;\">Camila Ignacia<\/td>\n<\/tr>\n<tr height=\"20\" style=\"height: 15.0pt;\">\n<td height=\"20\" style=\"height: 15px;\">Riquelme<\/td>\n<td style=\"height: 15px;\">Aravena<\/td>\n<td style=\"height: 15px;\">Victoria Isabel<\/td>\n<\/tr>\n<tr height=\"20\" style=\"height: 15.0pt;\">\n<td height=\"20\" style=\"height: 15px;\">Rodr\u00edguez<\/td>\n<td style=\"height: 15px;\">Espinoza<\/td>\n<td style=\"height: 15px;\">Camila Paz Andrea<\/td>\n<\/tr>\n<tr height=\"20\" style=\"height: 15.0pt;\">\n<td height=\"20\" style=\"height: 15px;\">Sald\u00edas<\/td>\n<td style=\"height: 15px;\">Sendra<\/td>\n<td style=\"height: 15px;\">Fernanda Valentina<\/td>\n<\/tr>\n<tr height=\"20\" style=\"height: 15.0pt;\">\n<td height=\"20\" style=\"height: 15px;\">Sanda\u00f1a<\/td>\n<td style=\"height: 15px;\">Jacobs<\/td>\n<td style=\"height: 15px;\">Fernanda Valentina<\/td>\n<\/tr>\n<tr height=\"20\" style=\"height: 15.0pt;\">\n<td height=\"20\" style=\"height: 15px;\">Santillana<\/td>\n<td style=\"height: 15px;\">Mu\u00f1oz<\/td>\n<td style=\"height: 15px;\">Jeremy Sebasti\u00e1n<\/td>\n<\/tr>\n<tr height=\"20\" style=\"height: 15.0pt;\">\n<td height=\"20\" style=\"height: 15px;\">Sariego<\/td>\n<td style=\"height: 15px;\">Pacheco<\/td>\n<td style=\"height: 15px;\">Yazm\u00edn Nathalie Cristy<\/td>\n<\/tr>\n<tr height=\"20\" style=\"height: 15.0pt;\">\n<td height=\"20\" style=\"height: 15px;\">Su\u00e1rez<\/td>\n<td style=\"height: 15px;\">Araya<\/td>\n<td style=\"height: 15px;\">Angela Teresa<\/td>\n<\/tr>\n<tr height=\"20\" style=\"height: 15.0pt;\">\n<td height=\"20\" style=\"height: 15px;\">Toledo<\/td>\n<td style=\"height: 15px;\">N\u00fa\u00f1ez<\/td>\n<td style=\"height: 15px;\">Constanza Bel\u00e9n<\/td>\n<\/tr>\n<tr height=\"20\" style=\"height: 15.0pt;\">\n<td height=\"20\" style=\"height: 15px;\">Torres<\/td>\n<td style=\"height: 15px;\">Lorca<\/td>\n<td style=\"height: 15px;\">Katherine Camila<\/td>\n<\/tr>\n<tr height=\"20\" style=\"height: 15.0pt;\">\n<td height=\"20\" style=\"height: 15px;\">Troncoso<\/td>\n<td style=\"height: 15px;\">Reyes<\/td>\n<td style=\"height: 15px;\">Skrishna Mar\u00eda Esther<\/td>\n<\/tr>\n<tr height=\"20\" style=\"height: 15.0pt;\">\n<td height=\"20\" style=\"height: 15px;\">Valencia<\/td>\n<td style=\"height: 15px;\">R\u00edos<\/td>\n<td style=\"height: 15px;\">Mar\u00eda Sof\u00eda<\/td>\n<\/tr>\n<tr height=\"20\" style=\"height: 15.0pt;\">\n<td height=\"20\" style=\"height: 15px;\">Valenzuela<\/td>\n<td style=\"height: 15px;\">Alarc\u00f3n<\/td>\n<td style=\"height: 15px;\">Scarlet Bel\u00e9n<\/td>\n<\/tr>\n<tr height=\"20\" style=\"height: 15.0pt;\">\n<td height=\"20\" style=\"height: 15px;\">Vargas<\/td>\n<td style=\"height: 15px;\">Carrizo<\/td>\n<td style=\"height: 15px;\">Cristhy Katherine<\/td>\n<\/tr>\n<tr height=\"20\" style=\"height: 15.0pt;\">\n<td height=\"20\" style=\"height: 15px;\">Vergara<\/td>\n<td style=\"height: 15px;\">Mendoza<\/td>\n<td style=\"height: 15px;\">Mar\u00eda Jos\u00e9<\/td>\n<\/tr>\n<\/tbody>\n<\/table>\n<p>[\/et_pb_toggle][\/et_pb_column][et_pb_column type=\u00bb1_3&#8243; _builder_version=\u00bb4.17.6&#8243; _module_preset=\u00bbdefault\u00bb global_colors_info=\u00bb{}\u00bb][et_pb_toggle title=\u00bbNutrici\u00f3n y Diet\u00e9tica\u00bb open_toggle_text_color=\u00bb#000000&#8243; open_toggle_background_color=\u00bb#FFFFFF\u00bb closed_toggle_background_color=\u00bb#FFFFFF\u00bb icon_color=\u00bb#009bdb\u00bb toggle_icon=\u00bb&#xe048;||divi||400&#8243; use_icon_font_size=\u00bbon\u00bb icon_font_size=\u00bb26px\u00bb open_icon_color=\u00bb#009bdb\u00bb open_toggle_icon=\u00bb&#xe047;||divi||400&#8243; open_use_icon_font_size=\u00bbon\u00bb open_icon_font_size=\u00bb26px\u00bb disabled_on=\u00bboff|off|off\u00bb admin_label=\u00bbProfesor o profesora de Educaci\u00f3n B\u00e1sica\u00bb _builder_version=\u00bb4.27.4&#8243; _module_preset=\u00bbdefault\u00bb title_text_color=\u00bb#000000&#8243; title_font=\u00bb|700||on|||||\u00bb border_radii=\u00bboff||20px||20px\u00bb global_colors_info=\u00bb{}\u00bb]<\/p>\n<table width=\"100%\" style=\"width: 100%;\">\n<tbody>\n<tr>\n<td><strong>Apellido paterno<\/strong><\/td>\n<td><strong>Apellido materno<\/strong><\/td>\n<td><strong>Nombres<\/strong><\/td>\n<\/tr>\n<tr>\n<td width=\"87\">Aberbuch<\/td>\n<td width=\"87\">Pierbattisti<\/td>\n<td width=\"87\">Mijal Yarden<\/td>\n<\/tr>\n<tr>\n<td>Arredondo<\/td>\n<td>Pizarro<\/td>\n<td>Leslie Katherine<\/td>\n<\/tr>\n<tr>\n<td>Campos<\/td>\n<td>Bernal<\/td>\n<td>Daniela Paz Bel\u00e9n<\/td>\n<\/tr>\n<tr>\n<td>Canales<\/td>\n<td>Campos<\/td>\n<td>Cristina Skarlet<\/td>\n<\/tr>\n<tr>\n<td>Carrasco<\/td>\n<td>Zamorano<\/td>\n<td>Yerka Catalina<\/td>\n<\/tr>\n<tr>\n<td>Concha<\/td>\n<td>Dur\u00e1n<\/td>\n<td>Elizabeth Alejandra<\/td>\n<\/tr>\n<tr>\n<td>Contreras<\/td>\n<td>Salinas<\/td>\n<td>David Isai<\/td>\n<\/tr>\n<tr>\n<td>Cordero<\/td>\n<td>Aracena<\/td>\n<td>Sebasti\u00e1n Valent\u00edn<\/td>\n<\/tr>\n<tr>\n<td>Cort\u00e9s<\/td>\n<td>Carmona<\/td>\n<td>Ailyn Javiera<\/td>\n<\/tr>\n<tr>\n<td>Cortez<\/td>\n<td>Rubio<\/td>\n<td>Patricia Cecilia<\/td>\n<\/tr>\n<tr>\n<td>D\u00edaz<\/td>\n<td>Flores<\/td>\n<td>\u00c1mbar Ana\u00eds<\/td>\n<\/tr>\n<tr>\n<td>Eguiluz<\/td>\n<td>Ponce<\/td>\n<td>Francisca Ignacia<\/td>\n<\/tr>\n<tr>\n<td>Fritz<\/td>\n<td>Contreras<\/td>\n<td>Victoria Gabriela<\/td>\n<\/tr>\n<tr>\n<td>Gallegos<\/td>\n<td>Torrealba<\/td>\n<td>Pablo Alejandro<\/td>\n<\/tr>\n<tr>\n<td>Gonz\u00e1lez<\/td>\n<td>O\u00f1ate<\/td>\n<td>Lilian Patricia<\/td>\n<\/tr>\n<tr>\n<td>Henr\u00edquez<\/td>\n<td>Contreras<\/td>\n<td>Estefan\u00eda Alexandra<\/td>\n<\/tr>\n<tr>\n<td>Ibarra<\/td>\n<td>D\u00edaz<\/td>\n<td>Escarlet Bel\u00e9n Carolina<\/td>\n<\/tr>\n<tr>\n<td>Illesca<\/td>\n<td>Moscoso<\/td>\n<td>Roc\u00edo Almendra<\/td>\n<\/tr>\n<tr>\n<td>Iturrieta<\/td>\n<td>P\u00e1ez<\/td>\n<td>Camilo Ignacio<\/td>\n<\/tr>\n<tr>\n<td>Layana<\/td>\n<td>Rivera<\/td>\n<td>Melanie Carolina<\/td>\n<\/tr>\n<tr>\n<td>L\u00f3pez<\/td>\n<td>Galaz<\/td>\n<td>L\u00eda Gianinna<\/td>\n<\/tr>\n<tr>\n<td>Lucero<\/td>\n<td>Zeas<\/td>\n<td>Catalina\u00a0<\/td>\n<\/tr>\n<tr>\n<td>Mu\u00f1oz<\/td>\n<td>D\u00edaz<\/td>\n<td>Mar\u00eda Jos\u00e9<\/td>\n<\/tr>\n<tr>\n<td>N\u00fa\u00f1ez<\/td>\n<td>Fern\u00e1ndez<\/td>\n<td>Constanza Paz<\/td>\n<\/tr>\n<tr>\n<td>N\u00fa\u00f1ez<\/td>\n<td>S\u00e1nchez<\/td>\n<td>Catalina Antonia<\/td>\n<\/tr>\n<tr>\n<td>Olivares<\/td>\n<td>Tello<\/td>\n<td>Camila Paz<\/td>\n<\/tr>\n<tr>\n<td>Ossand\u00f3n<\/td>\n<td>Del Pino<\/td>\n<td>Eduardo Antonio<\/td>\n<\/tr>\n<tr>\n<td>Pais<\/td>\n<td>Arellano<\/td>\n<td>Annais Bel\u00e9n<\/td>\n<\/tr>\n<tr>\n<td>Reyes<\/td>\n<td>Contreras<\/td>\n<td>Nicol\u00e1s Mart\u00edn<\/td>\n<\/tr>\n<tr>\n<td>Rodr\u00edguez<\/td>\n<td>Millai<\/td>\n<td>Arely Ornella<\/td>\n<\/tr>\n<tr>\n<td>Salda\u00f1a<\/td>\n<td>Pi\u00f1a<\/td>\n<td>Barbara Nicol<\/td>\n<\/tr>\n<tr>\n<td>Segura<\/td>\n<td>De La Pe\u00f1a<\/td>\n<td>Makarena Paz<\/td>\n<\/tr>\n<tr>\n<td>V\u00e9liz<\/td>\n<td>Jim\u00e9nez<\/td>\n<td>Constanza Paz<\/td>\n<\/tr>\n<tr>\n<td>Vera<\/td>\n<td>Ib\u00e1\u00f1ez<\/td>\n<td>Angela Sof\u00eda<\/td>\n<\/tr>\n<tr>\n<td>Vera<\/td>\n<td>Palacios<\/td>\n<td>Catalina Paula<\/td>\n<\/tr>\n<tr>\n<td>Vergara<\/td>\n<td>Gaete<\/td>\n<td>Gabriela Fernanda<\/td>\n<\/tr>\n<\/tbody>\n<\/table>\n<p>[\/et_pb_toggle][\/et_pb_column][et_pb_column type=\u00bb1_3&#8243; _builder_version=\u00bb4.17.6&#8243; _module_preset=\u00bbdefault\u00bb global_colors_info=\u00bb{}\u00bb][\/et_pb_column][\/et_pb_row][et_pb_row use_custom_gutter=\u00bbon\u00bb disabled_on=\u00bboff|off|off\u00bb _builder_version=\u00bb4.22.0&#8243; _module_preset=\u00bbdefault\u00bb width=\u00bb94%\u00bb max_width=\u00bb2560px\u00bb custom_padding=\u00bb18px||18px|||\u00bb global_colors_info=\u00bb{}\u00bb][et_pb_column type=\u00bb4_4&#8243; _builder_version=\u00bb4.17.6&#8243; _module_preset=\u00bbdefault\u00bb global_colors_info=\u00bb{}\u00bb][et_pb_blurb use_icon=\u00bbon\u00bb font_icon=\u00bb&#x45;||divi||400&#8243; icon_color=\u00bb#009bdb\u00bb icon_placement=\u00bbleft\u00bb image_icon_width=\u00bb53px\u00bb content_max_width=\u00bb1100px\u00bb admin_label=\u00bbAnuncio: Ceremonia de titulaci\u00f3n: jueves 9 de noviembre de 2023 10.30 horas\u00bb _builder_version=\u00bb4.27.4&#8243; _module_preset=\u00bbdefault\u00bb header_font=\u00bb|800||on|||||\u00bb header_text_color=\u00bb#303030&#8243; header_font_size=\u00bb27px\u00bb body_font=\u00bb||||||||\u00bb body_text_color=\u00bb#0099cc\u00bb body_font_size=\u00bb16px\u00bb custom_margin=\u00bb||-1px|||\u00bb global_colors_info=\u00bb{}\u00bb]<\/p>\n<h1><strong>Jueves 13 de noviembre de 2025<\/strong><strong>, 15.30 horas<\/strong><\/h1>\n<p>Aula Dr. F\u00e9lix Morales Pettorino, Casa Central, Universidad de Playa Ancha.<\/p>\n<p>[\/et_pb_blurb][\/et_pb_column][\/et_pb_row][et_pb_row column_structure=\u00bb1_3,1_3,1_3&#8243; use_custom_gutter=\u00bbon\u00bb disabled_on=\u00bboff|off|off\u00bb _builder_version=\u00bb4.22.0&#8243; _module_preset=\u00bbdefault\u00bb width=\u00bb94%\u00bb max_width=\u00bb2560px\u00bb custom_padding=\u00bb18px||18px|||\u00bb global_colors_info=\u00bb{}\u00bb][et_pb_column type=\u00bb1_3&#8243; _builder_version=\u00bb4.17.6&#8243; _module_preset=\u00bbdefault\u00bb global_colors_info=\u00bb{}\u00bb][et_pb_toggle title=\u00bbEnfermer\u00eda\u00bb open_toggle_text_color=\u00bb#000000&#8243; open_toggle_background_color=\u00bb#FFFFFF\u00bb closed_toggle_background_color=\u00bb#FFFFFF\u00bb icon_color=\u00bb#009bdb\u00bb toggle_icon=\u00bb&#xe048;||divi||400&#8243; use_icon_font_size=\u00bbon\u00bb icon_font_size=\u00bb26px\u00bb open_icon_color=\u00bb#009bdb\u00bb open_toggle_icon=\u00bb&#xe047;||divi||400&#8243; open_use_icon_font_size=\u00bbon\u00bb open_icon_font_size=\u00bb26px\u00bb disabled_on=\u00bboff|off|off\u00bb admin_label=\u00bbProfesor o profesora de Educaci\u00f3n B\u00e1sica, menci\u00f3n en Lengua Castellana y Comunicaci\u00f3n\u00bb _builder_version=\u00bb4.27.4&#8243; _module_preset=\u00bbdefault\u00bb title_text_color=\u00bb#000000&#8243; title_font=\u00bb|700||on|||||\u00bb border_radii=\u00bboff||20px||20px\u00bb global_colors_info=\u00bb{}\u00bb]<\/p>\n<table border=\"0\" cellpadding=\"0\" cellspacing=\"0\" width=\"100%\" style=\"border-collapse: collapse; width: 100%;\">\n<tbody>\n<tr>\n<td style=\"width: 65pt;\"><strong>Apellido paterno<\/strong><\/td>\n<td style=\"width: 65pt;\"><strong>Apellido materno<\/strong><\/td>\n<td style=\"width: 65pt;\"><strong>Nombres<\/strong><\/td>\n<\/tr>\n<tr height=\"20\" style=\"height: 15.0pt;\">\n<td height=\"20\" width=\"87\" style=\"height: 15.0pt; width: 65pt;\">Aburto<\/td>\n<td width=\"87\" style=\"width: 65pt;\">Tapia<\/td>\n<td width=\"87\" style=\"width: 65pt;\">Jessica Almendra Betsabet<\/td>\n<\/tr>\n<tr height=\"20\" style=\"height: 15.0pt;\">\n<td height=\"20\" style=\"height: 15.0pt;\">Aguayo<\/td>\n<td>Videla<\/td>\n<td>Camila Bel\u00e9n<\/td>\n<\/tr>\n<tr height=\"20\" style=\"height: 15.0pt;\">\n<td height=\"20\" style=\"height: 15.0pt;\">Aguilera<\/td>\n<td>Jaure<\/td>\n<td>Rosa Lidia<\/td>\n<\/tr>\n<tr height=\"20\" style=\"height: 15.0pt;\">\n<td height=\"20\" style=\"height: 15.0pt;\">\u00c1lamos<\/td>\n<td>Vicencio<\/td>\n<td>Macarena Andrea<\/td>\n<\/tr>\n<tr height=\"20\" style=\"height: 15.0pt;\">\n<td height=\"20\" style=\"height: 15.0pt;\">Albornoz<\/td>\n<td>Monz\u00f3n<\/td>\n<td>Marlene Alejandra<\/td>\n<\/tr>\n<tr height=\"20\" style=\"height: 15.0pt;\">\n<td height=\"20\" style=\"height: 15.0pt;\">Alfaro<\/td>\n<td>Mart\u00ednez<\/td>\n<td>Nayaret Scarlet Keisy<\/td>\n<\/tr>\n<tr height=\"20\" style=\"height: 15.0pt;\">\n<td height=\"20\" style=\"height: 15.0pt;\">Arcila<\/td>\n<td>Gonz\u00e1lez<\/td>\n<td>Giuliana Constanza<\/td>\n<\/tr>\n<tr height=\"20\" style=\"height: 15.0pt;\">\n<td height=\"20\" style=\"height: 15.0pt;\">Aros<\/td>\n<td>D\u00edaz<\/td>\n<td>Daniela Isabel<\/td>\n<\/tr>\n<tr height=\"20\" style=\"height: 15.0pt;\">\n<td height=\"20\" style=\"height: 15.0pt;\">Baham\u00f3ndez<\/td>\n<td>Badillo<\/td>\n<td>Rodrigo Javier<\/td>\n<\/tr>\n<tr height=\"20\" style=\"height: 15.0pt;\">\n<td height=\"20\" style=\"height: 15.0pt;\">Brito<\/td>\n<td>Vicencio<\/td>\n<td>Nadia Catalina<\/td>\n<\/tr>\n<tr height=\"20\" style=\"height: 15.0pt;\">\n<td height=\"20\" style=\"height: 15.0pt;\">C\u00e1rcamo<\/td>\n<td>Acosta<\/td>\n<td>Aranza Bel\u00e9n<\/td>\n<\/tr>\n<tr height=\"20\" style=\"height: 15.0pt;\">\n<td height=\"20\" style=\"height: 15.0pt;\">C\u00e1rcamo<\/td>\n<td>Ahumada<\/td>\n<td>Ashlie Isolina<\/td>\n<\/tr>\n<tr height=\"20\" style=\"height: 15.0pt;\">\n<td height=\"20\" style=\"height: 15.0pt;\">Carmona<\/td>\n<td>D\u00edaz<\/td>\n<td>Piedad Oriele<\/td>\n<\/tr>\n<tr height=\"20\" style=\"height: 15.0pt;\">\n<td height=\"20\" style=\"height: 15.0pt;\">Chicui<\/td>\n<td>Mu\u00f1oz<\/td>\n<td>Alondra De Jes\u00fas<\/td>\n<\/tr>\n<tr height=\"20\" style=\"height: 15.0pt;\">\n<td height=\"20\" style=\"height: 15.0pt;\">Cisternas<\/td>\n<td>Lobos<\/td>\n<td>Rodrigo Alonso<\/td>\n<\/tr>\n<tr height=\"20\" style=\"height: 15.0pt;\">\n<td height=\"20\" style=\"height: 15.0pt;\">Clavijo<\/td>\n<td>Tobar<\/td>\n<td>Macarena Andrea<\/td>\n<\/tr>\n<tr height=\"20\" style=\"height: 15.0pt;\">\n<td height=\"20\" style=\"height: 15.0pt;\">Collante<\/td>\n<td>Godoy<\/td>\n<td>Allyson Alessandra Del Carmen<\/td>\n<\/tr>\n<tr height=\"20\" style=\"height: 15.0pt;\">\n<td height=\"20\" style=\"height: 15.0pt;\">Contreras<\/td>\n<td>Olivares<\/td>\n<td>Javiera Valentina<\/td>\n<\/tr>\n<tr height=\"20\" style=\"height: 15.0pt;\">\n<td height=\"20\" style=\"height: 15.0pt;\">Duques<\/td>\n<td>Pe\u00f1a<\/td>\n<td>Annalee Bel\u00e9n<\/td>\n<\/tr>\n<tr height=\"20\" style=\"height: 15.0pt;\">\n<td height=\"20\" style=\"height: 15.0pt;\">Far\u00edas<\/td>\n<td>D\u00edaz<\/td>\n<td>Antonia Beatriz<\/td>\n<\/tr>\n<tr height=\"20\" style=\"height: 15.0pt;\">\n<td height=\"20\" style=\"height: 15.0pt;\">Garrido<\/td>\n<td>Aguilera<\/td>\n<td>Scarlett Montserrat<\/td>\n<\/tr>\n<tr height=\"20\" style=\"height: 15.0pt;\">\n<td height=\"20\" style=\"height: 15.0pt;\">Gonz\u00e1lez<\/td>\n<td>Oyanedel<\/td>\n<td>Kevin Andr\u00e9s<\/td>\n<\/tr>\n<tr height=\"20\" style=\"height: 15.0pt;\">\n<td height=\"20\" style=\"height: 15.0pt;\">Gonz\u00e1lez<\/td>\n<td>Pereira<\/td>\n<td>Camilo Ariel<\/td>\n<\/tr>\n<tr height=\"20\" style=\"height: 15.0pt;\">\n<td height=\"20\" style=\"height: 15.0pt;\">Hidalgo<\/td>\n<td>Corval\u00e1n<\/td>\n<td>Aranza Abigail<\/td>\n<\/tr>\n<tr height=\"20\" style=\"height: 15.0pt;\">\n<td height=\"20\" style=\"height: 15.0pt;\">Leal<\/td>\n<td>Mej\u00edas<\/td>\n<td>Javiera Patricia<\/td>\n<\/tr>\n<tr height=\"20\" style=\"height: 15.0pt;\">\n<td height=\"20\" style=\"height: 15.0pt;\">Llanca<\/td>\n<td>Bas\u00e1ez<\/td>\n<td>Crishna Oriele<\/td>\n<\/tr>\n<tr height=\"20\" style=\"height: 15.0pt;\">\n<td height=\"20\" style=\"height: 15.0pt;\">Lucero<\/td>\n<td>Espinoza<\/td>\n<td>Caroline Anthonella<\/td>\n<\/tr>\n<tr height=\"20\" style=\"height: 15.0pt;\">\n<td height=\"20\" style=\"height: 15.0pt;\">Marchant<\/td>\n<td>Marchant<\/td>\n<td>Sebasti\u00e1n Andr\u00e9s<\/td>\n<\/tr>\n<tr height=\"20\" style=\"height: 15.0pt;\">\n<td height=\"20\" style=\"height: 15.0pt;\">Mar\u00edn<\/td>\n<td>Severino<\/td>\n<td>Argie Antonella<\/td>\n<\/tr>\n<tr height=\"20\" style=\"height: 15.0pt;\">\n<td height=\"20\" style=\"height: 15.0pt;\">M\u00e9ndez<\/td>\n<td>Carvajal<\/td>\n<td>Sophia Bel\u00e9n<\/td>\n<\/tr>\n<tr height=\"20\" style=\"height: 15.0pt;\">\n<td height=\"20\" style=\"height: 15.0pt;\">Muga<\/td>\n<td>Mej\u00edas<\/td>\n<td>Constanza Michelle<\/td>\n<\/tr>\n<tr height=\"20\" style=\"height: 15.0pt;\">\n<td height=\"20\" style=\"height: 15.0pt;\">Mu\u00f1oz<\/td>\n<td>\u00d3rdenes<\/td>\n<td>Alejandra Elizabeth<\/td>\n<\/tr>\n<tr height=\"20\" style=\"height: 15.0pt;\">\n<td height=\"20\" style=\"height: 15.0pt;\">Olivares<\/td>\n<td>Bernal<\/td>\n<td>Melissa Carolina<\/td>\n<\/tr>\n<tr height=\"20\" style=\"height: 15.0pt;\">\n<td height=\"20\" style=\"height: 15.0pt;\">Ortiz<\/td>\n<td>Pardo<\/td>\n<td>Ignacia Marisol<\/td>\n<\/tr>\n<tr height=\"20\" style=\"height: 15.0pt;\">\n<td height=\"20\" style=\"height: 15.0pt;\">Parra<\/td>\n<td>Domingues<\/td>\n<td>Mariana<\/td>\n<\/tr>\n<tr height=\"20\" style=\"height: 15.0pt;\">\n<td height=\"20\" style=\"height: 15.0pt;\">Pradena<\/td>\n<td>Flores<\/td>\n<td>Maite Camila<\/td>\n<\/tr>\n<tr height=\"20\" style=\"height: 15.0pt;\">\n<td height=\"20\" style=\"height: 15.0pt;\">Pu\u00f1o<\/td>\n<td>Escobar<\/td>\n<td>Anahis Bel\u00e9n<\/td>\n<\/tr>\n<tr height=\"20\" style=\"height: 15.0pt;\">\n<td height=\"20\" style=\"height: 15.0pt;\">Ram\u00edrez<\/td>\n<td>Menares<\/td>\n<td>Paulina De La Cruz<\/td>\n<\/tr>\n<tr height=\"20\" style=\"height: 15.0pt;\">\n<td height=\"20\" style=\"height: 15.0pt;\">Ram\u00edrez<\/td>\n<td>Valdebenito<\/td>\n<td>Macarena Ignacia<\/td>\n<\/tr>\n<tr height=\"20\" style=\"height: 15.0pt;\">\n<td height=\"20\" style=\"height: 15.0pt;\">Riquelme<\/td>\n<td>Hern\u00e1ndez<\/td>\n<td>Felipe Andr\u00e9s<\/td>\n<\/tr>\n<tr height=\"20\" style=\"height: 15.0pt;\">\n<td height=\"20\" style=\"height: 15.0pt;\">Roblero<\/td>\n<td>Aranda<\/td>\n<td>Estefany Graciela<\/td>\n<\/tr>\n<tr height=\"20\" style=\"height: 15.0pt;\">\n<td height=\"20\" style=\"height: 15.0pt;\">Rodr\u00edguez<\/td>\n<td>Bustamante<\/td>\n<td>Consuelo Marlen<\/td>\n<\/tr>\n<tr height=\"20\" style=\"height: 15.0pt;\">\n<td height=\"20\" style=\"height: 15.0pt;\">Rojas<\/td>\n<td>Castro<\/td>\n<td>Fernanda Bel\u00e9n<\/td>\n<\/tr>\n<tr height=\"20\" style=\"height: 15.0pt;\">\n<td height=\"20\" style=\"height: 15.0pt;\">Rojas<\/td>\n<td>Llaullau<\/td>\n<td>Katherine Contanza<\/td>\n<\/tr>\n<tr height=\"20\" style=\"height: 15.0pt;\">\n<td height=\"20\" style=\"height: 15.0pt;\">Saavedra<\/td>\n<td>Gaete<\/td>\n<td>Polet Wayteare<\/td>\n<\/tr>\n<tr height=\"20\" style=\"height: 15.0pt;\">\n<td height=\"20\" style=\"height: 15.0pt;\">Segovia<\/td>\n<td>Alfaro<\/td>\n<td>Mar\u00eda Javiera<\/td>\n<\/tr>\n<tr height=\"20\" style=\"height: 15.0pt;\">\n<td height=\"20\" style=\"height: 15.0pt;\">Silva<\/td>\n<td>Guzm\u00e1n<\/td>\n<td>Karla Andrea<\/td>\n<\/tr>\n<tr height=\"20\" style=\"height: 15.0pt;\">\n<td height=\"20\" style=\"height: 15.0pt;\">Sol\u00eds<\/td>\n<td>Ponce<\/td>\n<td>Francisca Alejandra<\/td>\n<\/tr>\n<tr height=\"20\" style=\"height: 15.0pt;\">\n<td height=\"20\" style=\"height: 15.0pt;\">Tello<\/td>\n<td>Rojas<\/td>\n<td>Paulina Camila<\/td>\n<\/tr>\n<tr height=\"20\" style=\"height: 15.0pt;\">\n<td height=\"20\" style=\"height: 15.0pt;\">Uma\u00f1a<\/td>\n<td>Vergara<\/td>\n<td>Valeska Alejandra<\/td>\n<\/tr>\n<tr height=\"20\" style=\"height: 15.0pt;\">\n<td height=\"20\" style=\"height: 15.0pt;\">Urra<\/td>\n<td>Ponce<\/td>\n<td>Yuzareth Susje<\/td>\n<\/tr>\n<tr height=\"20\" style=\"height: 15.0pt;\">\n<td height=\"20\" style=\"height: 15.0pt;\">Vargas<\/td>\n<td>Meneses<\/td>\n<td>Leandro Ignacio<\/td>\n<\/tr>\n<tr height=\"20\" style=\"height: 15.0pt;\">\n<td height=\"20\" style=\"height: 15.0pt;\">V\u00e1squez<\/td>\n<td>Carvajal<\/td>\n<td>Francisca Paz<\/td>\n<\/tr>\n<tr height=\"20\" style=\"height: 15.0pt;\">\n<td height=\"20\" style=\"height: 15.0pt;\">V\u00e1squez<\/td>\n<td>Pino<\/td>\n<td>Catalina Francesca<\/td>\n<\/tr>\n<tr height=\"20\" style=\"height: 15.0pt;\">\n<td height=\"20\" style=\"height: 15.0pt;\">Vega<\/td>\n<td>Mesa<\/td>\n<td>Eduardo Ismael<\/td>\n<\/tr>\n<tr height=\"20\" style=\"height: 15.0pt;\">\n<td height=\"20\" style=\"height: 15.0pt;\">Villarroel<\/td>\n<td>Pereira<\/td>\n<td>Catalina Andrea<\/td>\n<\/tr>\n<tr height=\"20\" style=\"height: 15.0pt;\">\n<td height=\"20\" style=\"height: 15.0pt;\">Williams<\/td>\n<td>Salazar<\/td>\n<td>Renata Aeleen<\/td>\n<\/tr>\n<tr height=\"20\" style=\"height: 15.0pt;\">\n<td height=\"20\" style=\"height: 15.0pt;\">Zamora<\/td>\n<td>D\u00edaz<\/td>\n<td>Danay Elizabeth<\/td>\n<\/tr>\n<\/tbody>\n<\/table>\n<p>[\/et_pb_toggle][\/et_pb_column][et_pb_column type=\u00bb1_3&#8243; _builder_version=\u00bb4.17.6&#8243; _module_preset=\u00bbdefault\u00bb global_colors_info=\u00bb{}\u00bb][\/et_pb_column][et_pb_column type=\u00bb1_3&#8243; _builder_version=\u00bb4.17.6&#8243; _module_preset=\u00bbdefault\u00bb global_colors_info=\u00bb{}\u00bb][\/et_pb_column][\/et_pb_row][\/et_pb_section][et_pb_section fb_built=\u00bb1&#8243; disabled_on=\u00bboff|off|off\u00bb _builder_version=\u00bb4.27.0&#8243; _module_preset=\u00bbdefault\u00bb background_color=\u00bbRGBA(255,255,255,0)\u00bb width=\u00bb100%\u00bb max_width=\u00bb100%\u00bb min_height=\u00bb160.1px\u00bb custom_margin=\u00bb46px||-3px|||\u00bb custom_padding=\u00bb5px|||||\u00bb global_colors_info=\u00bb{}\u00bb][et_pb_row use_custom_gutter=\u00bbon\u00bb gutter_width=\u00bb1&#8243; _builder_version=\u00bb4.25.2&#8243; _module_preset=\u00bbdefault\u00bb width=\u00bb96%\u00bb max_width=\u00bb2560px\u00bb module_alignment=\u00bbleft\u00bb custom_padding=\u00bb||9px|3%|false|false\u00bb global_colors_info=\u00bb{}\u00bb][et_pb_column type=\u00bb4_4&#8243; _builder_version=\u00bb4.17.6&#8243; _module_preset=\u00bbdefault\u00bb global_colors_info=\u00bb{}\u00bb][et_pb_blurb title=\u00bbFACULTAD DE CIENCIAS DE LA ACTIVIDAD F\u00cdSICA Y DEL DEPORTE\u00bb use_icon=\u00bbon\u00bb font_icon=\u00bb&#xf073;||fa||400&#8243; icon_color=\u00bb#009bdb\u00bb icon_placement=\u00bbleft\u00bb image_icon_width=\u00bb53px\u00bb content_max_width=\u00bb1100px\u00bb admin_label=\u00bbAnuncio: Ceremonia de titulaci\u00f3n: jueves 9 de noviembre de 2023 10.30 horas\u00bb _builder_version=\u00bb4.27.4&#8243; _module_preset=\u00bbdefault\u00bb header_font=\u00bb|800||on|||||\u00bb header_text_color=\u00bb#303030&#8243; header_font_size=\u00bb27px\u00bb body_font=\u00bb||||||||\u00bb body_text_color=\u00bb#0099cc\u00bb body_font_size=\u00bb16px\u00bb custom_margin=\u00bb||-1px|||\u00bb global_colors_info=\u00bb{}\u00bb]<\/p>\n<h1><strong>Martes 18 de noviembre de 2025, 10.30 horas<\/strong><\/h1>\n<p>Aula Dr. F\u00e9lix Morales Pettorino, Casa Central, Universidad de Playa Ancha.<\/p>\n<p>[\/et_pb_blurb][\/et_pb_column][\/et_pb_row][et_pb_row column_structure=\u00bb1_3,1_3,1_3&#8243; use_custom_gutter=\u00bbon\u00bb disabled_on=\u00bboff|off|off\u00bb _builder_version=\u00bb4.22.0&#8243; _module_preset=\u00bbdefault\u00bb width=\u00bb94%\u00bb max_width=\u00bb2560px\u00bb custom_padding=\u00bb18px||18px|||\u00bb global_colors_info=\u00bb{}\u00bb][et_pb_column type=\u00bb1_3&#8243; _builder_version=\u00bb4.17.6&#8243; _module_preset=\u00bbdefault\u00bb global_colors_info=\u00bb{}\u00bb][et_pb_toggle title=\u00bbPEDAGOG\u00cdA EN EDUCACI\u00d3N F\u00cdSICA\u00bb open_toggle_text_color=\u00bb#000000&#8243; open_toggle_background_color=\u00bb#FFFFFF\u00bb closed_toggle_background_color=\u00bb#FFFFFF\u00bb icon_color=\u00bb#009bdb\u00bb toggle_icon=\u00bb&#xe048;||divi||400&#8243; use_icon_font_size=\u00bbon\u00bb icon_font_size=\u00bb26px\u00bb open_icon_color=\u00bb#009bdb\u00bb open_toggle_icon=\u00bb&#xe047;||divi||400&#8243; open_use_icon_font_size=\u00bbon\u00bb open_icon_font_size=\u00bb26px\u00bb disabled_on=\u00bboff|off|off\u00bb admin_label=\u00bbEducador o Educadora de P\u00e1rvulos\u00bb _builder_version=\u00bb4.27.4&#8243; _module_preset=\u00bbdefault\u00bb title_text_color=\u00bb#000000&#8243; title_font=\u00bb|700||on|||||\u00bb border_radii=\u00bboff||20px||20px\u00bb global_colors_info=\u00bb{}\u00bb]<\/p>\n<table border=\"0\" cellpadding=\"0\" cellspacing=\"0\" width=\"100%\" style=\"border-collapse: collapse; width: 100%;\">\n<tbody>\n<tr height=\"20\" style=\"height: 15.0pt;\">\n<td height=\"20\" width=\"87\" style=\"height: 15.0pt; width: 65pt;\"><strong>Apellido paterno<\/strong><\/td>\n<td width=\"87\" style=\"width: 65pt;\"><strong>Apellido materno<\/strong><\/td>\n<td width=\"87\" style=\"width: 65pt;\"><strong>Nombres<\/strong><\/td>\n<\/tr>\n<tr height=\"20\" style=\"height: 15.0pt;\">\n<td height=\"20\" style=\"height: 15.0pt;\">Aguirre<\/td>\n<td>Montenegro<\/td>\n<td>Massiel Thais<\/td>\n<\/tr>\n<tr height=\"20\" style=\"height: 15.0pt;\">\n<td height=\"20\" style=\"height: 15.0pt;\">Arancibia<\/td>\n<td>V\u00e1squez<\/td>\n<td>Evelyn Yasm\u00edn<\/td>\n<\/tr>\n<tr height=\"20\" style=\"height: 15.0pt;\">\n<td height=\"20\" style=\"height: 15.0pt;\">Cabrera<\/td>\n<td>Cabrera<\/td>\n<td>Gabriela Del Carmen<\/td>\n<\/tr>\n<tr height=\"20\" style=\"height: 15.0pt;\">\n<td height=\"20\" style=\"height: 15.0pt;\">Collado<\/td>\n<td>Ledezma<\/td>\n<td>Marianela Constanza<\/td>\n<\/tr>\n<tr height=\"20\" style=\"height: 15.0pt;\">\n<td height=\"20\" style=\"height: 15.0pt;\">Contreras<\/td>\n<td>Mu\u00f1oz<\/td>\n<td>Romina Stephany<\/td>\n<\/tr>\n<tr height=\"20\" style=\"height: 15.0pt;\">\n<td height=\"20\" style=\"height: 15.0pt;\">Cueto<\/td>\n<td>Gallardo<\/td>\n<td>Camila Lisette<\/td>\n<\/tr>\n<tr height=\"20\" style=\"height: 15.0pt;\">\n<td height=\"20\" style=\"height: 15.0pt;\">Millaqu\u00e9n<\/td>\n<td>Cortez<\/td>\n<td>Fernanda Valentina<\/td>\n<\/tr>\n<tr height=\"20\" style=\"height: 15.0pt;\">\n<td height=\"20\" style=\"height: 15.0pt;\">Ortiz<\/td>\n<td>Campos<\/td>\n<td>Javiera A\u00edda<\/td>\n<\/tr>\n<tr height=\"20\" style=\"height: 15.0pt;\">\n<td height=\"20\" style=\"height: 15.0pt;\">Pe\u00f1a<\/td>\n<td>Silva<\/td>\n<td>Vania Katherin Alejandra<\/td>\n<\/tr>\n<tr height=\"20\" style=\"height: 15.0pt;\">\n<td height=\"20\" style=\"height: 15.0pt;\">P\u00e9rez<\/td>\n<td>Castro<\/td>\n<td>Nataly Cecilia<\/td>\n<\/tr>\n<tr height=\"20\" style=\"height: 15.0pt;\">\n<td height=\"20\" style=\"height: 15.0pt;\">Soto<\/td>\n<td>Higuera<\/td>\n<td>Nitzy Bel\u00e9n<\/td>\n<\/tr>\n<tr height=\"20\" style=\"height: 15.0pt;\">\n<td height=\"20\" style=\"height: 15.0pt;\">Zambra<\/td>\n<td>Araya<\/td>\n<td>Francisca Javiera<\/td>\n<\/tr>\n<tr height=\"20\" style=\"height: 15.0pt;\">\n<td height=\"20\" style=\"height: 15.0pt;\">Ag\u00fcero<\/td>\n<td>Ag\u00fcero<\/td>\n<td>Francisco Javier<\/td>\n<\/tr>\n<tr height=\"20\" style=\"height: 15.0pt;\">\n<td height=\"20\" style=\"height: 15.0pt;\">Ahumada<\/td>\n<td>Vera<\/td>\n<td>Patricio Alejandro<\/td>\n<\/tr>\n<tr height=\"20\" style=\"height: 15.0pt;\">\n<td height=\"20\" style=\"height: 15.0pt;\">Alvarado<\/td>\n<td>Reyes<\/td>\n<td>Bayron Andr\u00e9s<\/td>\n<\/tr>\n<tr height=\"20\" style=\"height: 15.0pt;\">\n<td height=\"20\" style=\"height: 15.0pt;\">Carter<\/td>\n<td>Romero<\/td>\n<td>Ronald William<\/td>\n<\/tr>\n<tr height=\"20\" style=\"height: 15.0pt;\">\n<td height=\"20\" style=\"height: 15.0pt;\">Chaparro<\/td>\n<td>Puebla<\/td>\n<td>Joaqu\u00edn Alberto<\/td>\n<\/tr>\n<tr height=\"20\" style=\"height: 15.0pt;\">\n<td height=\"20\" style=\"height: 15.0pt;\">Cort\u00e9s<\/td>\n<td>Bravo<\/td>\n<td>Nicol\u00e1s Alexander<\/td>\n<\/tr>\n<tr height=\"20\" style=\"height: 15.0pt;\">\n<td height=\"20\" style=\"height: 15.0pt;\">Cort\u00e9s<\/td>\n<td>Espejo<\/td>\n<td>Jos\u00e9 Armando<\/td>\n<\/tr>\n<tr height=\"20\" style=\"height: 15.0pt;\">\n<td height=\"20\" style=\"height: 15.0pt;\">Cuello<\/td>\n<td>Lamas<\/td>\n<td>Sebasti\u00e1n Ignacio<\/td>\n<\/tr>\n<tr height=\"20\" style=\"height: 15.0pt;\">\n<td height=\"20\" style=\"height: 15.0pt;\">Daruich<\/td>\n<td>Araos<\/td>\n<td>Nicol\u00e1s Alejandro<\/td>\n<\/tr>\n<tr height=\"20\" style=\"height: 15.0pt;\">\n<td height=\"20\" style=\"height: 15.0pt;\">Gonz\u00e1lez<\/td>\n<td>Eyzaguirre<\/td>\n<td>Joaqu\u00edn Alonso<\/td>\n<\/tr>\n<tr height=\"20\" style=\"height: 15.0pt;\">\n<td height=\"20\" style=\"height: 15.0pt;\">Guzm\u00e1n<\/td>\n<td>P\u00e9rez<\/td>\n<td>Franco Robinson<\/td>\n<\/tr>\n<tr height=\"20\" style=\"height: 15.0pt;\">\n<td height=\"20\" style=\"height: 15.0pt;\">Lagos<\/td>\n<td>Delgado<\/td>\n<td>Matias Nicolas<\/td>\n<\/tr>\n<tr height=\"20\" style=\"height: 15.0pt;\">\n<td height=\"20\" style=\"height: 15.0pt;\">L\u00f3pez<\/td>\n<td>Araya<\/td>\n<td>Sebasti\u00e1n Michel<\/td>\n<\/tr>\n<tr height=\"20\" style=\"height: 15.0pt;\">\n<td height=\"20\" style=\"height: 15.0pt;\">L\u00f3pez<\/td>\n<td>Mena<\/td>\n<td>Sebasti\u00e1n Alfredo<\/td>\n<\/tr>\n<tr height=\"20\" style=\"height: 15.0pt;\">\n<td height=\"20\" style=\"height: 15.0pt;\">Machuca<\/td>\n<td>Jara<\/td>\n<td>Gonzalo Ignacio<\/td>\n<\/tr>\n<tr height=\"20\" style=\"height: 15.0pt;\">\n<td height=\"20\" style=\"height: 15.0pt;\">Machuca<\/td>\n<td>Pacheco<\/td>\n<td>Oscar Leandro<\/td>\n<\/tr>\n<tr height=\"20\" style=\"height: 15.0pt;\">\n<td height=\"20\" style=\"height: 15.0pt;\">Noguera<\/td>\n<td>V\u00e1squez<\/td>\n<td>Ra\u00fal Andr\u00e9s<\/td>\n<\/tr>\n<tr height=\"20\" style=\"height: 15.0pt;\">\n<td height=\"20\" style=\"height: 15.0pt;\">Ottermann<\/td>\n<td>Reyes<\/td>\n<td>Omar Alejandro<\/td>\n<\/tr>\n<tr height=\"20\" style=\"height: 15.0pt;\">\n<td height=\"20\" style=\"height: 15.0pt;\">Riquelme<\/td>\n<td>M\u00e9ndez<\/td>\n<td>Alejandro Esteban<\/td>\n<\/tr>\n<tr height=\"20\" style=\"height: 15.0pt;\">\n<td height=\"20\" style=\"height: 15.0pt;\">Varas<\/td>\n<td>Bernal<\/td>\n<td>Franco Esteban<\/td>\n<\/tr>\n<\/tbody>\n<\/table>\n<p>[\/et_pb_toggle][\/et_pb_column][et_pb_column type=\u00bb1_3&#8243; _builder_version=\u00bb4.17.6&#8243; _module_preset=\u00bbdefault\u00bb global_colors_info=\u00bb{}\u00bb][et_pb_toggle title=\u00bbTECNOLOG\u00cdA EN DEPORTE Y RECREACI\u00d3N\u00bb open_toggle_text_color=\u00bb#000000&#8243; open_toggle_background_color=\u00bb#FFFFFF\u00bb closed_toggle_background_color=\u00bb#FFFFFF\u00bb icon_color=\u00bb#009bdb\u00bb toggle_icon=\u00bb&#xe048;||divi||400&#8243; use_icon_font_size=\u00bbon\u00bb icon_font_size=\u00bb26px\u00bb open_icon_color=\u00bb#009bdb\u00bb open_toggle_icon=\u00bb&#xe047;||divi||400&#8243; open_use_icon_font_size=\u00bbon\u00bb open_icon_font_size=\u00bb26px\u00bb disabled_on=\u00bboff|off|off\u00bb admin_label=\u00bbEducador o Educadora de P\u00e1rvulos\u00bb _builder_version=\u00bb4.27.4&#8243; _module_preset=\u00bbdefault\u00bb title_text_color=\u00bb#000000&#8243; title_font=\u00bb|700||on|||||\u00bb border_radii=\u00bboff||20px||20px\u00bb global_colors_info=\u00bb{}\u00bb]<\/p>\n<table border=\"0\" cellpadding=\"0\" cellspacing=\"0\" width=\"100%\" style=\"border-collapse: collapse; width: 100%;\">\n<tbody>\n<tr height=\"20\" style=\"height: 15.0pt;\">\n<td height=\"20\" width=\"87\" style=\"height: 15.0pt; width: 65pt;\"><strong>Apellido paterno<\/strong><\/td>\n<td width=\"87\" style=\"width: 65pt;\"><strong>Apellido materno<\/strong><\/td>\n<td width=\"87\" style=\"width: 65pt;\"><strong>Nombres<\/strong><\/td>\n<\/tr>\n<tr height=\"20\" style=\"height: 15.0pt;\">\n<td height=\"20\" style=\"height: 15.0pt;\">Alayana<\/td>\n<td>Mu\u00f1oz<\/td>\n<td>Leandro Omar<\/td>\n<\/tr>\n<tr height=\"20\" style=\"height: 15.0pt;\">\n<td height=\"20\" style=\"height: 15.0pt;\">Barahona<\/td>\n<td>C\u00e1ceres<\/td>\n<td>Joaqu\u00edn Alberto<\/td>\n<\/tr>\n<tr height=\"20\" style=\"height: 15.0pt;\">\n<td height=\"20\" style=\"height: 15.0pt;\">Brito<\/td>\n<td>Ram\u00edrez<\/td>\n<td>Braian Enrique<\/td>\n<\/tr>\n<tr height=\"20\" style=\"height: 15.0pt;\">\n<td height=\"20\" style=\"height: 15.0pt;\">Cofr\u00e9<\/td>\n<td>Molina<\/td>\n<td>Vicente Ignacio<\/td>\n<\/tr>\n<tr height=\"20\" style=\"height: 15.0pt;\">\n<td height=\"20\" style=\"height: 15.0pt;\">Escobar<\/td>\n<td>Brice\u00f1o<\/td>\n<td>Rodrigo Alexander<\/td>\n<\/tr>\n<tr height=\"20\" style=\"height: 15.0pt;\">\n<td height=\"20\" style=\"height: 15.0pt;\">Gallardo<\/td>\n<td>Calvuen<\/td>\n<td>Javier Ignacio<\/td>\n<\/tr>\n<tr height=\"20\" style=\"height: 15.0pt;\">\n<td height=\"20\" style=\"height: 15.0pt;\">Huerta<\/td>\n<td>Padilla<\/td>\n<td>Gisselle Andrea<\/td>\n<\/tr>\n<tr height=\"20\" style=\"height: 15.0pt;\">\n<td height=\"20\" style=\"height: 15.0pt;\">L\u00f3pez<\/td>\n<td>Vallejos<\/td>\n<td>Michelle Francisca<\/td>\n<\/tr>\n<tr height=\"20\" style=\"height: 15.0pt;\">\n<td height=\"20\" style=\"height: 15.0pt;\">Mart\u00ednez<\/td>\n<td>Leiva<\/td>\n<td>Crist\u00f3bal Alexander<\/td>\n<\/tr>\n<tr height=\"20\" style=\"height: 15.0pt;\">\n<td height=\"20\" style=\"height: 15.0pt;\">Olivares<\/td>\n<td>Espejo<\/td>\n<td>Camilo Gabriel<\/td>\n<\/tr>\n<tr height=\"20\" style=\"height: 15.0pt;\">\n<td height=\"20\" style=\"height: 15.0pt;\">Osorio<\/td>\n<td>Guzm\u00e1n<\/td>\n<td>Fabi\u00e1n Esteban<\/td>\n<\/tr>\n<tr height=\"20\" style=\"height: 15.0pt;\">\n<td height=\"20\" style=\"height: 15.0pt;\">Silva<\/td>\n<td>Vera<\/td>\n<td>Marcos An\u00edbal<\/td>\n<\/tr>\n<tr height=\"20\" style=\"height: 15.0pt;\">\n<td height=\"20\" style=\"height: 15.0pt;\">Tapia<\/td>\n<td>Rojas<\/td>\n<td>Makarena Alejandra<\/td>\n<\/tr>\n<tr height=\"20\" style=\"height: 15.0pt;\">\n<td height=\"20\" style=\"height: 15.0pt;\">V\u00e1squez<\/td>\n<td>Jaure<\/td>\n<td>Diego Antonio<\/td>\n<\/tr>\n<tr height=\"20\" style=\"height: 15.0pt;\">\n<td height=\"20\" style=\"height: 15.0pt;\">Zambra<\/td>\n<td>Vergara<\/td>\n<td>Andrea Solange<\/td>\n<\/tr>\n<\/tbody>\n<\/table>\n<p>[\/et_pb_toggle][\/et_pb_column][et_pb_column type=\u00bb1_3&#8243; _builder_version=\u00bb4.17.6&#8243; _module_preset=\u00bbdefault\u00bb global_colors_info=\u00bb{}\u00bb][\/et_pb_column][\/et_pb_row][\/et_pb_section][et_pb_section fb_built=\u00bb1&#8243; disabled_on=\u00bboff|off|off\u00bb _builder_version=\u00bb4.27.0&#8243; _module_preset=\u00bbdefault\u00bb background_color=\u00bbRGBA(12,113,195,0.12)\u00bb width=\u00bb100%\u00bb max_width=\u00bb100%\u00bb custom_margin=\u00bb46px|||||\u00bb custom_padding=\u00bb5px|||||\u00bb global_colors_info=\u00bb{}\u00bb][et_pb_row use_custom_gutter=\u00bbon\u00bb gutter_width=\u00bb1&#8243; _builder_version=\u00bb4.25.2&#8243; _module_preset=\u00bbdefault\u00bb width=\u00bb96%\u00bb max_width=\u00bb2560px\u00bb module_alignment=\u00bbleft\u00bb custom_padding=\u00bb||9px|3%|false|false\u00bb global_colors_info=\u00bb{}\u00bb][et_pb_column type=\u00bb4_4&#8243; _builder_version=\u00bb4.17.6&#8243; _module_preset=\u00bbdefault\u00bb global_colors_info=\u00bb{}\u00bb][et_pb_blurb title=\u00bbFACULTAD DE CIENCIAS NATURALES Y EXACTAS\u00bb use_icon=\u00bbon\u00bb font_icon=\u00bb&#xf073;||fa||400&#8243; icon_color=\u00bb#009bdb\u00bb icon_placement=\u00bbleft\u00bb image_icon_width=\u00bb53px\u00bb content_max_width=\u00bb1100px\u00bb admin_label=\u00bbAnuncio: Ceremonia de titulaci\u00f3n: jueves 9 de noviembre de 2023 10.30 horas\u00bb _builder_version=\u00bb4.27.4&#8243; _module_preset=\u00bbdefault\u00bb header_font=\u00bb|800||on|||||\u00bb header_text_color=\u00bb#303030&#8243; header_font_size=\u00bb27px\u00bb body_font=\u00bb||||||||\u00bb body_text_color=\u00bb#0099cc\u00bb body_font_size=\u00bb16px\u00bb custom_margin=\u00bb||-1px|||\u00bb global_colors_info=\u00bb{}\u00bb]<\/p>\n<h1><strong>Martes 18 de noviembre, a las 15.30 horas<\/strong><\/h1>\n<p>Aula Dr. F\u00e9lix Morales Pettorino, Casa Central, Universidad de Playa Ancha.<\/p>\n<p>[\/et_pb_blurb][\/et_pb_column][\/et_pb_row][et_pb_row column_structure=\u00bb1_3,1_3,1_3&#8243; use_custom_gutter=\u00bbon\u00bb disabled_on=\u00bboff|off|off\u00bb _builder_version=\u00bb4.22.0&#8243; _module_preset=\u00bbdefault\u00bb width=\u00bb94%\u00bb max_width=\u00bb2560px\u00bb custom_padding=\u00bb18px||18px|||\u00bb global_colors_info=\u00bb{}\u00bb][et_pb_column type=\u00bb1_3&#8243; _builder_version=\u00bb4.17.6&#8243; _module_preset=\u00bbdefault\u00bb global_colors_info=\u00bb{}\u00bb][et_pb_toggle title=\u00bbGEOGRAF\u00cdA\u00bb open_toggle_text_color=\u00bb#000000&#8243; open_toggle_background_color=\u00bb#FFFFFF\u00bb closed_toggle_background_color=\u00bb#FFFFFF\u00bb icon_color=\u00bb#009bdb\u00bb toggle_icon=\u00bb&#xe048;||divi||400&#8243; use_icon_font_size=\u00bbon\u00bb icon_font_size=\u00bb26px\u00bb open_icon_color=\u00bb#009bdb\u00bb open_toggle_icon=\u00bb&#xe047;||divi||400&#8243; open_use_icon_font_size=\u00bbon\u00bb open_icon_font_size=\u00bb26px\u00bb disabled_on=\u00bboff|off|off\u00bb admin_label=\u00bbEducador o Educadora de P\u00e1rvulos\u00bb _builder_version=\u00bb4.27.4&#8243; _module_preset=\u00bbdefault\u00bb title_text_color=\u00bb#000000&#8243; title_font=\u00bb|700||on|||||\u00bb border_radii=\u00bboff||20px||20px\u00bb global_colors_info=\u00bb{}\u00bb]<\/p>\n<table border=\"0\" cellpadding=\"0\" cellspacing=\"0\" width=\"100%\" style=\"border-collapse: collapse; width: 100%;\">\n<tbody>\n<tr height=\"20\" style=\"height: 15.0pt;\">\n<td height=\"20\" width=\"87\" style=\"height: 15.0pt; width: 65pt;\"><strong>Apellido paterno<\/strong><\/td>\n<td width=\"87\" style=\"width: 65pt;\"><strong>Apellido materno<\/strong><\/td>\n<td width=\"87\" style=\"width: 65pt;\"><strong>Nombres<\/strong><\/td>\n<\/tr>\n<tr height=\"20\" style=\"height: 15.0pt;\">\n<td height=\"20\" style=\"height: 15.0pt;\">Gonz\u00e1lez<\/td>\n<td>Mu\u00f1oz<\/td>\n<td>Fabi\u00e1n Alejandro<\/td>\n<\/tr>\n<tr height=\"20\" style=\"height: 15.0pt;\">\n<td height=\"20\" style=\"height: 15.0pt;\">Mart\u00ednez<\/td>\n<td>Calder\u00f3n<\/td>\n<td>Debora Susana<\/td>\n<\/tr>\n<tr height=\"20\" style=\"height: 15.0pt;\">\n<td height=\"20\" style=\"height: 15.0pt;\">Mu\u00f1oz<\/td>\n<td>Vargas<\/td>\n<td>Gabriela Francisca<\/td>\n<\/tr>\n<tr height=\"20\" style=\"height: 15.0pt;\">\n<td height=\"20\" style=\"height: 15.0pt;\">Oyarzo<\/td>\n<td>Soto<\/td>\n<td>Nicol\u00e1s Andr\u00e9s<\/td>\n<\/tr>\n<tr height=\"20\" style=\"height: 15.0pt;\">\n<td height=\"20\" style=\"height: 15.0pt;\">Romero<\/td>\n<td>Aravena<\/td>\n<td>Fiorella Constanza<\/td>\n<\/tr>\n<tr height=\"20\" style=\"height: 15.0pt;\">\n<td height=\"20\" style=\"height: 15.0pt;\">Santana<\/td>\n<td>Sep\u00falveda<\/td>\n<td>Gabriel Alejandro<\/td>\n<\/tr>\n<tr height=\"20\" style=\"height: 15.0pt;\">\n<td height=\"20\" style=\"height: 15.0pt;\">Wilson<\/td>\n<td>Pulgar<\/td>\n<td>Mayra Susana<\/td>\n<\/tr>\n<\/tbody>\n<\/table>\n<p>[\/et_pb_toggle][\/et_pb_column][et_pb_column type=\u00bb1_3&#8243; _builder_version=\u00bb4.17.6&#8243; _module_preset=\u00bbdefault\u00bb global_colors_info=\u00bb{}\u00bb][et_pb_toggle title=\u00bbPEDAGOG\u00cdA EN BIOLOG\u00cdA Y CIENCIAS\u00bb open_toggle_text_color=\u00bb#000000&#8243; open_toggle_background_color=\u00bb#FFFFFF\u00bb closed_toggle_background_color=\u00bb#FFFFFF\u00bb icon_color=\u00bb#009bdb\u00bb toggle_icon=\u00bb&#xe048;||divi||400&#8243; use_icon_font_size=\u00bbon\u00bb icon_font_size=\u00bb26px\u00bb open_icon_color=\u00bb#009bdb\u00bb open_toggle_icon=\u00bb&#xe047;||divi||400&#8243; open_use_icon_font_size=\u00bbon\u00bb open_icon_font_size=\u00bb26px\u00bb disabled_on=\u00bboff|off|off\u00bb admin_label=\u00bbProfesor o profesora de Educaci\u00f3n B\u00e1sica\u00bb _builder_version=\u00bb4.27.4&#8243; _module_preset=\u00bbdefault\u00bb title_text_color=\u00bb#000000&#8243; title_font=\u00bb|700||on|||||\u00bb border_radii=\u00bboff||20px||20px\u00bb global_colors_info=\u00bb{}\u00bb]<\/p>\n<table border=\"0\" cellpadding=\"0\" cellspacing=\"0\" width=\"100%\" style=\"border-collapse: collapse; width: 100%;\">\n<tbody>\n<tr height=\"20\" style=\"height: 15.0pt;\">\n<td height=\"20\" width=\"87\" style=\"height: 15.0pt; width: 65pt;\"><strong>Apellido paterno<\/strong><\/td>\n<td width=\"87\" style=\"width: 65pt;\"><strong>Apellido materno<\/strong><\/td>\n<td width=\"87\" style=\"width: 65pt;\"><strong>Nombres<\/strong><\/td>\n<\/tr>\n<tr height=\"20\" style=\"height: 15.0pt;\">\n<td height=\"20\" style=\"height: 15.0pt;\">Aguirre<\/td>\n<td>Abarca<\/td>\n<td>Felipe Andr\u00e9s<\/td>\n<\/tr>\n<tr height=\"20\" style=\"height: 15.0pt;\">\n<td height=\"20\" style=\"height: 15.0pt;\">Ahumada<\/td>\n<td>Berr\u00edos<\/td>\n<td>Valentina Lorena<\/td>\n<\/tr>\n<tr height=\"20\" style=\"height: 15.0pt;\">\n<td height=\"20\" style=\"height: 15.0pt;\">Caballer\u00eda<\/td>\n<td>Morales<\/td>\n<td>Alejandra Andrea<\/td>\n<\/tr>\n<tr height=\"20\" style=\"height: 15.0pt;\">\n<td height=\"20\" style=\"height: 15.0pt;\">Contreras<\/td>\n<td>Montoya<\/td>\n<td>Exequiel Bruno<\/td>\n<\/tr>\n<tr height=\"20\" style=\"height: 15.0pt;\">\n<td height=\"20\" style=\"height: 15.0pt;\">Escudero<\/td>\n<td>Ortega<\/td>\n<td>Jordana Kryshna<\/td>\n<\/tr>\n<tr height=\"20\" style=\"height: 15.0pt;\">\n<td height=\"20\" style=\"height: 15.0pt;\">Gallardo<\/td>\n<td>Tapia<\/td>\n<td>Fernanda Ignacia<\/td>\n<\/tr>\n<tr height=\"20\" style=\"height: 15.0pt;\">\n<td height=\"20\" style=\"height: 15.0pt;\">Lazcano<\/td>\n<td>Arancibia<\/td>\n<td>Kevin Antonio<\/td>\n<\/tr>\n<tr height=\"20\" style=\"height: 15.0pt;\">\n<td height=\"20\" style=\"height: 15.0pt;\">Maga\u00f1a<\/td>\n<td>Aguilar<\/td>\n<td>Monserrat Paz<\/td>\n<\/tr>\n<tr height=\"20\" style=\"height: 15.0pt;\">\n<td height=\"20\" style=\"height: 15.0pt;\">Nogues<\/td>\n<td>Garrido<\/td>\n<td>Jeanne Marie<\/td>\n<\/tr>\n<tr height=\"20\" style=\"height: 15.0pt;\">\n<td height=\"20\" style=\"height: 15.0pt;\">Pailamilla<\/td>\n<td>Araya<\/td>\n<td>Alisson Andrea<\/td>\n<\/tr>\n<tr height=\"20\" style=\"height: 15.0pt;\">\n<td height=\"20\" style=\"height: 15.0pt;\">Pieper<\/td>\n<td>Sol\u00eds<\/td>\n<td>Tamara Antonia<\/td>\n<\/tr>\n<tr height=\"20\" style=\"height: 15.0pt;\">\n<td height=\"20\" style=\"height: 15.0pt;\">Robledo<\/td>\n<td>G\u00e1lvez<\/td>\n<td>Camila Fernanda<\/td>\n<\/tr>\n<tr height=\"20\" style=\"height: 15.0pt;\">\n<td height=\"20\" style=\"height: 15.0pt;\">Salinas<\/td>\n<td>D\u00edaz<\/td>\n<td>Catalina Bel\u00e9n<\/td>\n<\/tr>\n<tr height=\"20\" style=\"height: 15.0pt;\">\n<td height=\"20\" style=\"height: 15.0pt;\">Zamora<\/td>\n<td>S\u00e1ez<\/td>\n<td>Nathalia Francisca<\/td>\n<\/tr>\n<\/tbody>\n<\/table>\n<p>[\/et_pb_toggle][\/et_pb_column][et_pb_column type=\u00bb1_3&#8243; _builder_version=\u00bb4.17.6&#8243; _module_preset=\u00bbdefault\u00bb global_colors_info=\u00bb{}\u00bb][et_pb_toggle title=\u00bbPEDAGOG\u00cdA EN F\u00cdSICA\u00bb open_toggle_text_color=\u00bb#000000&#8243; open_toggle_background_color=\u00bb#FFFFFF\u00bb closed_toggle_background_color=\u00bb#FFFFFF\u00bb icon_color=\u00bb#009bdb\u00bb toggle_icon=\u00bb&#xe048;||divi||400&#8243; use_icon_font_size=\u00bbon\u00bb icon_font_size=\u00bb26px\u00bb open_icon_color=\u00bb#009bdb\u00bb open_toggle_icon=\u00bb&#xe047;||divi||400&#8243; open_use_icon_font_size=\u00bbon\u00bb open_icon_font_size=\u00bb26px\u00bb disabled_on=\u00bboff|off|off\u00bb admin_label=\u00bbEducador o Educadora de P\u00e1rvulos\u00bb _builder_version=\u00bb4.27.4&#8243; _module_preset=\u00bbdefault\u00bb title_text_color=\u00bb#000000&#8243; title_font=\u00bb|700||on|||||\u00bb border_radii=\u00bboff||20px||20px\u00bb global_colors_info=\u00bb{}\u00bb]<\/p>\n<table border=\"0\" cellpadding=\"0\" cellspacing=\"0\" width=\"100%\" style=\"border-collapse: collapse; width: 100%;\">\n<tbody>\n<tr height=\"20\" style=\"height: 15.0pt;\">\n<td height=\"20\" width=\"87\" style=\"height: 15.0pt; width: 65pt;\"><strong>Apellido paterno<\/strong><\/td>\n<td width=\"87\" style=\"width: 65pt;\"><strong>Apellido materno<\/strong><\/td>\n<td width=\"87\" style=\"width: 65pt;\"><strong>Nombres<\/strong><\/td>\n<\/tr>\n<tr height=\"20\" style=\"height: 15.0pt;\">\n<td height=\"20\" style=\"height: 15.0pt;\">D\u00edaz<\/td>\n<td>Gonz\u00e1lez<\/td>\n<td>Karen Bel\u00e9n<\/td>\n<\/tr>\n<tr height=\"20\" style=\"height: 15.0pt;\">\n<td height=\"20\" style=\"height: 15.0pt;\">Estay<\/td>\n<td>Estay<\/td>\n<td>Alicia Beatriz<\/td>\n<\/tr>\n<tr height=\"20\" style=\"height: 15.0pt;\">\n<td height=\"20\" style=\"height: 15.0pt;\">Gahona<\/td>\n<td>Barraza<\/td>\n<td>Ignacio Arturo<\/td>\n<\/tr>\n<tr height=\"20\" style=\"height: 15.0pt;\">\n<td height=\"20\" style=\"height: 15.0pt;\">N\u00fa\u00f1ez<\/td>\n<td>Mendoza<\/td>\n<td>Javiera Ignacia<\/td>\n<\/tr>\n<tr height=\"20\" style=\"height: 15.0pt;\">\n<td height=\"20\" style=\"height: 15.0pt;\">Silva<\/td>\n<td>Alvarado<\/td>\n<td>Marcela Del Pilar<\/td>\n<\/tr>\n<tr height=\"20\" style=\"height: 15.0pt;\">\n<td height=\"20\" style=\"height: 15.0pt;\">Villegas<\/td>\n<td>Hevia<\/td>\n<td>Mart\u00edn Gonzalo<\/td>\n<\/tr>\n<\/tbody>\n<\/table>\n<p>[\/et_pb_toggle][\/et_pb_column][\/et_pb_row][et_pb_row column_structure=\u00bb1_3,1_3,1_3&#8243; use_custom_gutter=\u00bbon\u00bb disabled_on=\u00bboff|off|off\u00bb _builder_version=\u00bb4.22.0&#8243; _module_preset=\u00bbdefault\u00bb width=\u00bb94%\u00bb max_width=\u00bb2560px\u00bb custom_padding=\u00bb18px||18px|||\u00bb global_colors_info=\u00bb{}\u00bb][et_pb_column type=\u00bb1_3&#8243; _builder_version=\u00bb4.17.6&#8243; _module_preset=\u00bbdefault\u00bb global_colors_info=\u00bb{}\u00bb][et_pb_toggle title=\u00bbPEDAGOG\u00cdA EN MATEM\u00c1TICA\u00bb open_toggle_text_color=\u00bb#000000&#8243; open_toggle_background_color=\u00bb#FFFFFF\u00bb closed_toggle_background_color=\u00bb#FFFFFF\u00bb icon_color=\u00bb#009bdb\u00bb toggle_icon=\u00bb&#xe048;||divi||400&#8243; use_icon_font_size=\u00bbon\u00bb icon_font_size=\u00bb26px\u00bb open_icon_color=\u00bb#009bdb\u00bb open_toggle_icon=\u00bb&#xe047;||divi||400&#8243; open_use_icon_font_size=\u00bbon\u00bb open_icon_font_size=\u00bb26px\u00bb disabled_on=\u00bboff|off|off\u00bb admin_label=\u00bbProfesor o profesora de Educaci\u00f3n B\u00e1sica, menci\u00f3n en Lengua Castellana y Comunicaci\u00f3n\u00bb _builder_version=\u00bb4.27.4&#8243; _module_preset=\u00bbdefault\u00bb title_text_color=\u00bb#000000&#8243; title_font=\u00bb|700||on|||||\u00bb border_radii=\u00bboff||20px||20px\u00bb global_colors_info=\u00bb{}\u00bb]<\/p>\n<table border=\"0\" cellpadding=\"0\" cellspacing=\"0\" width=\"100%\" style=\"border-collapse: collapse; width: 100%;\">\n<tbody>\n<tr height=\"20\" style=\"height: 15.0pt;\">\n<td height=\"20\" width=\"87\" style=\"height: 15.0pt; width: 65pt;\"><strong>Apellido paterno<\/strong><\/td>\n<td width=\"87\" style=\"width: 65pt;\"><strong>Apellido materno<\/strong><\/td>\n<td width=\"87\" style=\"width: 65pt;\"><strong>Nombres<\/strong><\/td>\n<\/tr>\n<tr height=\"20\" style=\"height: 15.0pt;\">\n<td height=\"20\" style=\"height: 15.0pt;\">Briones<\/td>\n<td>Fr\u00edas<\/td>\n<td>Francisca Alejandra<\/td>\n<\/tr>\n<tr height=\"20\" style=\"height: 15.0pt;\">\n<td height=\"20\" style=\"height: 15.0pt;\">Cabezas<\/td>\n<td>Garc\u00e9s<\/td>\n<td>Alison Ivvana<\/td>\n<\/tr>\n<tr height=\"20\" style=\"height: 15.0pt;\">\n<td height=\"20\" style=\"height: 15.0pt;\">Cerda<\/td>\n<td>Carrasco<\/td>\n<td>Sebasti\u00e1n Andr\u00e9s<\/td>\n<\/tr>\n<tr height=\"20\" style=\"height: 15.0pt;\">\n<td height=\"20\" style=\"height: 15.0pt;\">Cerda<\/td>\n<td>Garrido<\/td>\n<td>B\u00e1rbara Rosa Del Pilar<\/td>\n<\/tr>\n<tr height=\"20\" style=\"height: 15.0pt;\">\n<td height=\"20\" style=\"height: 15.0pt;\">Ledezma<\/td>\n<td>Olivares<\/td>\n<td>Yarella Fernanda<\/td>\n<\/tr>\n<tr height=\"20\" style=\"height: 15.0pt;\">\n<td height=\"20\" style=\"height: 15.0pt;\">Ortega<\/td>\n<td>Gonz\u00e1lez<\/td>\n<td>Brallian Andr\u00e9s<\/td>\n<\/tr>\n<tr height=\"20\" style=\"height: 15.0pt;\">\n<td height=\"20\" style=\"height: 15.0pt;\">Permonti<\/td>\n<td>Gil<\/td>\n<td>Gonzalo Esteban<\/td>\n<\/tr>\n<tr height=\"20\" style=\"height: 15.0pt;\">\n<td height=\"20\" style=\"height: 15.0pt;\">Sarrias<\/td>\n<td>S\u00e1nchez<\/td>\n<td>Evelyn Bel\u00e9n<\/td>\n<\/tr>\n<tr height=\"20\" style=\"height: 15.0pt;\">\n<td height=\"20\" style=\"height: 15.0pt;\">Vargas<\/td>\n<td>Morales<\/td>\n<td>Felipe Daniel<\/td>\n<\/tr>\n<tr height=\"20\" style=\"height: 15.0pt;\">\n<td height=\"20\" style=\"height: 15.0pt;\">Vergara<\/td>\n<td>Villarroel<\/td>\n<td>Camila Ignacia<\/td>\n<\/tr>\n<\/tbody>\n<\/table>\n<p>[\/et_pb_toggle][\/et_pb_column][et_pb_column type=\u00bb1_3&#8243; _builder_version=\u00bb4.17.6&#8243; _module_preset=\u00bbdefault\u00bb global_colors_info=\u00bb{}\u00bb][et_pb_toggle title=\u00bbPEDAGOG\u00cdA EN QU\u00cdMICA Y CIENCIAS \u00bb open_toggle_text_color=\u00bb#000000&#8243; open_toggle_background_color=\u00bb#FFFFFF\u00bb closed_toggle_background_color=\u00bb#FFFFFF\u00bb icon_color=\u00bb#009bdb\u00bb toggle_icon=\u00bb&#xe048;||divi||400&#8243; use_icon_font_size=\u00bbon\u00bb icon_font_size=\u00bb26px\u00bb open_icon_color=\u00bb#009bdb\u00bb open_toggle_icon=\u00bb&#xe047;||divi||400&#8243; open_use_icon_font_size=\u00bbon\u00bb open_icon_font_size=\u00bb26px\u00bb disabled_on=\u00bboff|off|off\u00bb admin_label=\u00bbProfesor o profesora de Educaci\u00f3n B\u00e1sica\u00bb _builder_version=\u00bb4.27.4&#8243; _module_preset=\u00bbdefault\u00bb title_text_color=\u00bb#000000&#8243; title_font=\u00bb|700||on|||||\u00bb border_radii=\u00bboff||20px||20px\u00bb global_colors_info=\u00bb{}\u00bb]<\/p>\n<table border=\"0\" cellpadding=\"0\" cellspacing=\"0\" width=\"100%\" style=\"border-collapse: collapse; width: 100%;\">\n<tbody>\n<tr height=\"20\" style=\"height: 15.0pt;\">\n<td height=\"20\" width=\"87\" style=\"height: 15.0pt; width: 65pt;\"><strong>Apellido paterno<\/strong><\/td>\n<td width=\"87\" style=\"width: 65pt;\"><strong>Apellido materno<\/strong><\/td>\n<td width=\"87\" style=\"width: 65pt;\"><strong>Nombres<\/strong><\/td>\n<\/tr>\n<tr height=\"20\" style=\"height: 15.0pt;\">\n<td height=\"20\" style=\"height: 15.0pt;\">Fuentes<\/td>\n<td>Vergara<\/td>\n<td>Javier Franco<\/td>\n<\/tr>\n<tr height=\"20\" style=\"height: 15.0pt;\">\n<td height=\"20\" style=\"height: 15.0pt;\">Guzm\u00e1n<\/td>\n<td>Astudillo<\/td>\n<td>Mat\u00edas Ignacio<\/td>\n<\/tr>\n<tr height=\"20\" style=\"height: 15.0pt;\">\n<td height=\"20\" style=\"height: 15.0pt;\">Mancilla<\/td>\n<td>Gonz\u00e1lez<\/td>\n<td>Constanza Genesis Irene<\/td>\n<\/tr>\n<tr height=\"20\" style=\"height: 15.0pt;\">\n<td height=\"20\" style=\"height: 15.0pt;\">Morales<\/td>\n<td>Canales<\/td>\n<td>Javiera Betsab\u00e9<\/td>\n<\/tr>\n<tr height=\"20\" style=\"height: 15.0pt;\">\n<td height=\"20\" style=\"height: 15.0pt;\">Pe\u00f1a<\/td>\n<td>Castro<\/td>\n<td>Marcelo Andr\u00e9s<\/td>\n<\/tr>\n<tr height=\"20\" style=\"height: 15.0pt;\">\n<td height=\"20\" style=\"height: 15.0pt;\">Vega<\/td>\n<td>Salazar<\/td>\n<td>Andrea Lidia<\/td>\n<\/tr>\n<\/tbody>\n<\/table>\n<p>[\/et_pb_toggle][\/et_pb_column][et_pb_column type=\u00bb1_3&#8243; _builder_version=\u00bb4.17.6&#8243; _module_preset=\u00bbdefault\u00bb global_colors_info=\u00bb{}\u00bb][\/et_pb_column][\/et_pb_row][\/et_pb_section][et_pb_section fb_built=\u00bb1&#8243; disabled_on=\u00bboff|off|off\u00bb _builder_version=\u00bb4.27.4&#8243; _module_preset=\u00bbdefault\u00bb width=\u00bb100%\u00bb max_width=\u00bb100%\u00bb custom_margin=\u00bb46px|||||\u00bb custom_padding=\u00bb5px|||||\u00bb hover_enabled=\u00bb0&#8243; global_colors_info=\u00bb{}\u00bb background_enable_color=\u00bboff\u00bb sticky_enabled=\u00bb0&#8243;][et_pb_row use_custom_gutter=\u00bbon\u00bb gutter_width=\u00bb1&#8243; _builder_version=\u00bb4.25.2&#8243; _module_preset=\u00bbdefault\u00bb width=\u00bb96%\u00bb max_width=\u00bb2560px\u00bb module_alignment=\u00bbleft\u00bb custom_padding=\u00bb||9px|3%|false|false\u00bb global_colors_info=\u00bb{}\u00bb][et_pb_column type=\u00bb4_4&#8243; _builder_version=\u00bb4.17.6&#8243; _module_preset=\u00bbdefault\u00bb global_colors_info=\u00bb{}\u00bb][et_pb_blurb title=\u00bbFACULTAD DE CIENCIAS DE LA SALUD\u00bb use_icon=\u00bbon\u00bb font_icon=\u00bb&#xf073;||fa||400&#8243; icon_color=\u00bb#009bdb\u00bb icon_placement=\u00bbleft\u00bb image_icon_width=\u00bb53px\u00bb content_max_width=\u00bb1100px\u00bb admin_label=\u00bbAnuncio: Ceremonia de titulaci\u00f3n: jueves 9 de noviembre de 2023 10.30 horas\u00bb _builder_version=\u00bb4.27.4&#8243; _module_preset=\u00bbdefault\u00bb header_font=\u00bb|800||on|||||\u00bb header_text_color=\u00bb#303030&#8243; header_font_size=\u00bb27px\u00bb body_font=\u00bb||||||||\u00bb body_text_color=\u00bb#0099cc\u00bb body_font_size=\u00bb16px\u00bb custom_margin=\u00bb||-1px|||\u00bb hover_enabled=\u00bb0&#8243; global_colors_info=\u00bb{}\u00bb sticky_enabled=\u00bb0&#8243;][\/et_pb_blurb][\/et_pb_column][\/et_pb_row][et_pb_row use_custom_gutter=\u00bbon\u00bb disabled_on=\u00bboff|off|off\u00bb _builder_version=\u00bb4.22.0&#8243; _module_preset=\u00bbdefault\u00bb width=\u00bb94%\u00bb max_width=\u00bb2560px\u00bb custom_padding=\u00bb18px||18px|||\u00bb global_colors_info=\u00bb{}\u00bb][et_pb_column type=\u00bb4_4&#8243; _builder_version=\u00bb4.17.6&#8243; _module_preset=\u00bbdefault\u00bb global_colors_info=\u00bb{}\u00bb][et_pb_blurb use_icon=\u00bbon\u00bb font_icon=\u00bb&#x45;||divi||400&#8243; icon_color=\u00bb#009bdb\u00bb icon_placement=\u00bbleft\u00bb image_icon_width=\u00bb53px\u00bb content_max_width=\u00bb1100px\u00bb admin_label=\u00bbAnuncio: Ceremonia de titulaci\u00f3n: jueves 9 de noviembre de 2023 10.30 horas\u00bb _builder_version=\u00bb4.27.4&#8243; _module_preset=\u00bbdefault\u00bb header_font=\u00bb|800||on|||||\u00bb header_text_color=\u00bb#303030&#8243; header_font_size=\u00bb27px\u00bb body_font=\u00bb||||||||\u00bb body_text_color=\u00bb#0099cc\u00bb body_font_size=\u00bb16px\u00bb custom_margin=\u00bb||-1px|||\u00bb global_colors_info=\u00bb{}\u00bb]<\/p>\n<h1><strong>Martes 25 de noviembre de 2025<\/strong><strong>, 10.30 horas<\/strong><\/h1>\n<p>Aula Dr. F\u00e9lix Morales Pettorino, Casa Central, Universidad de Playa Ancha.<\/p>\n<p>[\/et_pb_blurb][\/et_pb_column][\/et_pb_row][et_pb_row column_structure=\u00bb1_3,1_3,1_3&#8243; use_custom_gutter=\u00bbon\u00bb disabled_on=\u00bboff|off|off\u00bb _builder_version=\u00bb4.22.0&#8243; _module_preset=\u00bbdefault\u00bb width=\u00bb94%\u00bb max_width=\u00bb2560px\u00bb custom_padding=\u00bb18px||18px|||\u00bb global_colors_info=\u00bb{}\u00bb][et_pb_column type=\u00bb1_3&#8243; _builder_version=\u00bb4.17.6&#8243; _module_preset=\u00bbdefault\u00bb global_colors_info=\u00bb{}\u00bb][et_pb_toggle title=\u00bbKinesiolog\u00eda\u00bb open_toggle_text_color=\u00bb#000000&#8243; open_toggle_background_color=\u00bb#FFFFFF\u00bb closed_toggle_background_color=\u00bb#FFFFFF\u00bb icon_color=\u00bb#009bdb\u00bb toggle_icon=\u00bb&#xe048;||divi||400&#8243; use_icon_font_size=\u00bbon\u00bb icon_font_size=\u00bb26px\u00bb open_icon_color=\u00bb#009bdb\u00bb open_toggle_icon=\u00bb&#xe047;||divi||400&#8243; open_use_icon_font_size=\u00bbon\u00bb open_icon_font_size=\u00bb26px\u00bb disabled_on=\u00bboff|off|off\u00bb admin_label=\u00bbProfesor o profesora de Educaci\u00f3n B\u00e1sica\u00bb _builder_version=\u00bb4.27.4&#8243; _module_preset=\u00bbdefault\u00bb title_text_color=\u00bb#000000&#8243; title_font=\u00bb|700||on|||||\u00bb border_radii=\u00bboff||20px||20px\u00bb global_colors_info=\u00bb{}\u00bb]<\/p>\n<table width=\"100%\" style=\"width: 100%;\">\n<tbody>\n<tr>\n<td><strong>Apellido paterno<\/strong><\/td>\n<td><strong>Apellido materno<\/strong><\/td>\n<td><strong>Nombres<\/strong><\/td>\n<\/tr>\n<tr>\n<td width=\"87\">Aceituno<\/td>\n<td width=\"87\">Flores<\/td>\n<td width=\"87\">Marcelo Francisco<\/td>\n<\/tr>\n<tr>\n<td>Aguirre<\/td>\n<td>Cabeza<\/td>\n<td>Gladys Catalina<\/td>\n<\/tr>\n<tr>\n<td>Ahumada<\/td>\n<td>C\u00e9spedes<\/td>\n<td>Margarita Soledad<\/td>\n<\/tr>\n<tr>\n<td>Aravena<\/td>\n<td>Toro<\/td>\n<td>Constanza Valeska<\/td>\n<\/tr>\n<tr>\n<td>Araya<\/td>\n<td>Flores<\/td>\n<td>Bel\u00e9n Catalina<\/td>\n<\/tr>\n<tr>\n<td>Ar\u00f3stegui<\/td>\n<td>Morales<\/td>\n<td>Diego Ignacio<\/td>\n<\/tr>\n<tr>\n<td>Astudillo<\/td>\n<td>P\u00e9rez<\/td>\n<td>Vicente Javier<\/td>\n<\/tr>\n<tr>\n<td>Aubele<\/td>\n<td>Donoso<\/td>\n<td>Lukas Andre<\/td>\n<\/tr>\n<tr>\n<td>Bragazzi<\/td>\n<td>Toloza<\/td>\n<td>Sof\u00eda Bel\u00e9n<\/td>\n<\/tr>\n<tr>\n<td>Canto<\/td>\n<td>Arias<\/td>\n<td>Paulina Del Carmen<\/td>\n<\/tr>\n<tr>\n<td>Caro<\/td>\n<td>Bravo<\/td>\n<td>Daniela Alejandra<\/td>\n<\/tr>\n<tr>\n<td>Castillo<\/td>\n<td>Quintupurai<\/td>\n<td>Pablo Fernando<\/td>\n<\/tr>\n<tr>\n<td>Castillo<\/td>\n<td>Ram\u00edrez<\/td>\n<td>Rodolfo Daniel<\/td>\n<\/tr>\n<tr>\n<td>Castro<\/td>\n<td>Chamorro<\/td>\n<td>Dacha Paulina<\/td>\n<\/tr>\n<tr>\n<td>Contreras<\/td>\n<td>Talamilla<\/td>\n<td>Constanza Noelia<\/td>\n<\/tr>\n<tr>\n<td>Cueto<\/td>\n<td>Lagos<\/td>\n<td>Fernanda Bel\u00e9n<\/td>\n<\/tr>\n<tr>\n<td>D\u00edaz<\/td>\n<td>Acosta<\/td>\n<td>Javiera Fernanda<\/td>\n<\/tr>\n<tr>\n<td>Erices<\/td>\n<td>Silva<\/td>\n<td>Francisco Crist\u00f3bal<\/td>\n<\/tr>\n<tr>\n<td>Escobar<\/td>\n<td>Olivares<\/td>\n<td>Tom\u00e1s Esteban<\/td>\n<\/tr>\n<tr>\n<td>Far\u00edas<\/td>\n<td>Far\u00edas<\/td>\n<td>Mar\u00eda Ignacia<\/td>\n<\/tr>\n<tr>\n<td>Figueroa<\/td>\n<td>Alvarado<\/td>\n<td>Antonella Alessandra<\/td>\n<\/tr>\n<tr>\n<td>Fuentes<\/td>\n<td>Salinas<\/td>\n<td>Benjam\u00edn Andr\u00e9s<\/td>\n<\/tr>\n<tr>\n<td>Gonz\u00e1lez<\/td>\n<td>Astudillo<\/td>\n<td>Sebasti\u00e1n Alberto<\/td>\n<\/tr>\n<tr>\n<td>Gonz\u00e1lez<\/td>\n<td>Ciudad<\/td>\n<td>Ana Beatriz<\/td>\n<\/tr>\n<tr>\n<td>Gonz\u00e1lez<\/td>\n<td>Le\u00f3n<\/td>\n<td>Sebasti\u00e1n Ignacio<\/td>\n<\/tr>\n<tr>\n<td>Guerra<\/td>\n<td>Gonz\u00e1lez<\/td>\n<td>Solange Margarita<\/td>\n<\/tr>\n<tr>\n<td>Infante<\/td>\n<td>Fuentes<\/td>\n<td>Francisco Javier<\/td>\n<\/tr>\n<tr>\n<td>Inzunza<\/td>\n<td>Rojas<\/td>\n<td>Alessandro Marcello<\/td>\n<\/tr>\n<tr>\n<td>Jorquera<\/td>\n<td>Salazar<\/td>\n<td>Constanza Carolina\u00a0<\/td>\n<\/tr>\n<tr>\n<td>Leiva<\/td>\n<td>Castillo<\/td>\n<td>Sof\u00eda Bel\u00e9n<\/td>\n<\/tr>\n<tr>\n<td>Llanca<\/td>\n<td>Navarro<\/td>\n<td>Valentina Ang\u00e9lica<\/td>\n<\/tr>\n<tr>\n<td>Mart\u00ednez<\/td>\n<td>Contreras<\/td>\n<td>Paula Andrea<\/td>\n<\/tr>\n<tr>\n<td>Matamala<\/td>\n<td>Carvajal<\/td>\n<td>Javiera Alejandra<\/td>\n<\/tr>\n<tr>\n<td>Mayer<\/td>\n<td>Severino<\/td>\n<td>Carlos Andr\u00e9s<\/td>\n<\/tr>\n<tr>\n<td>Minio<\/td>\n<td>Contreras<\/td>\n<td>Javier Ignacio<\/td>\n<\/tr>\n<tr>\n<td>Moraga<\/td>\n<td>Villegas<\/td>\n<td>Constanza Bel\u00e9n<\/td>\n<\/tr>\n<tr>\n<td>Ocaranza<\/td>\n<td>Veas<\/td>\n<td>Pabla Bel\u00e9n<\/td>\n<\/tr>\n<tr>\n<td>Olivares<\/td>\n<td>Jeria<\/td>\n<td>Ricardo Ignacio<\/td>\n<\/tr>\n<tr>\n<td>O\u00f1ate<\/td>\n<td>Contreras<\/td>\n<td>Lisbeth Solange<\/td>\n<\/tr>\n<tr>\n<td>Padilla<\/td>\n<td>Gola<\/td>\n<td>Ricardo Andr\u00e9s<\/td>\n<\/tr>\n<tr>\n<td>Paganini<\/td>\n<td>Valencia<\/td>\n<td>Gabriel Alexander<\/td>\n<\/tr>\n<tr>\n<td>Pavez<\/td>\n<td>Mel\u00e9ndez<\/td>\n<td>Manuel Ignacio<\/td>\n<\/tr>\n<tr>\n<td>Pizarro<\/td>\n<td>Avil\u00e9s<\/td>\n<td>Karina Denise<\/td>\n<\/tr>\n<tr>\n<td>Plaza<\/td>\n<td>Madariaga<\/td>\n<td>Carolina Andrea<\/td>\n<\/tr>\n<tr>\n<td>Ponce<\/td>\n<td>Ferreira<\/td>\n<td>Crist\u00f3bal Antonio<\/td>\n<\/tr>\n<tr>\n<td>Quintero<\/td>\n<td>P\u00e9rez<\/td>\n<td>Nicol\u00e1s Felipe<\/td>\n<\/tr>\n<tr>\n<td>Rivera<\/td>\n<td>Ubeda<\/td>\n<td>Javiera Fernanda<\/td>\n<\/tr>\n<tr>\n<td>Rojas<\/td>\n<td>Soto<\/td>\n<td>Sof\u00eda Andrea<\/td>\n<\/tr>\n<tr>\n<td>Salazar<\/td>\n<td>Arancibia<\/td>\n<td>Mois\u00e9s Esteban<\/td>\n<\/tr>\n<tr>\n<td>Sep\u00falveda<\/td>\n<td>Guzm\u00e1n<\/td>\n<td>Juan Pablo<\/td>\n<\/tr>\n<tr>\n<td>Silva<\/td>\n<td>Rivera<\/td>\n<td>Marco Antonio<\/td>\n<\/tr>\n<tr>\n<td>Silva<\/td>\n<td>Sanhueza<\/td>\n<td>Elizabeth Marisol<\/td>\n<\/tr>\n<tr>\n<td>Troncoso<\/td>\n<td>\u00c1guila<\/td>\n<td>Janis Katrinna<\/td>\n<\/tr>\n<tr>\n<td>Vald\u00e9s<\/td>\n<td>C\u00e1ceres<\/td>\n<td>Valentina Andrea<\/td>\n<\/tr>\n<tr>\n<td>Valencia<\/td>\n<td>Mu\u00f1oz<\/td>\n<td>Tiare Alexandra<\/td>\n<\/tr>\n<tr>\n<td>Vargas<\/td>\n<td>Canales<\/td>\n<td>Mat\u00edas Alejandro<\/td>\n<\/tr>\n<tr>\n<td>Vargas<\/td>\n<td>Mansilla<\/td>\n<td>Ivette Andrea<\/td>\n<\/tr>\n<tr>\n<td>Vindigni<\/td>\n<td>Morales<\/td>\n<td>Milenna Francisca<\/td>\n<\/tr>\n<tr>\n<td>Yachan<\/td>\n<td>Galarce<\/td>\n<td>Pascal Andre<\/td>\n<\/tr>\n<tr>\n<td>Y\u00e1\u00f1ez<\/td>\n<td>Villalobos<\/td>\n<td>Lisbeth Ignacia<\/td>\n<\/tr>\n<tr>\n<td>Zamora<\/td>\n<td>Carrasco<\/td>\n<td>Sebasti\u00e1n Orlando<\/td>\n<\/tr>\n<\/tbody>\n<\/table>\n<p>[\/et_pb_toggle][\/et_pb_column][et_pb_column type=\u00bb1_3&#8243; _builder_version=\u00bb4.17.6&#8243; _module_preset=\u00bbdefault\u00bb global_colors_info=\u00bb{}\u00bb][\/et_pb_column][et_pb_column type=\u00bb1_3&#8243; _builder_version=\u00bb4.17.6&#8243; _module_preset=\u00bbdefault\u00bb global_colors_info=\u00bb{}\u00bb][\/et_pb_column][\/et_pb_row][et_pb_row use_custom_gutter=\u00bbon\u00bb disabled_on=\u00bboff|off|off\u00bb _builder_version=\u00bb4.22.0&#8243; _module_preset=\u00bbdefault\u00bb width=\u00bb94%\u00bb max_width=\u00bb2560px\u00bb custom_padding=\u00bb18px||18px|||\u00bb global_colors_info=\u00bb{}\u00bb][et_pb_column type=\u00bb4_4&#8243; _builder_version=\u00bb4.17.6&#8243; _module_preset=\u00bbdefault\u00bb global_colors_info=\u00bb{}\u00bb][et_pb_blurb use_icon=\u00bbon\u00bb font_icon=\u00bb&#x45;||divi||400&#8243; icon_color=\u00bb#009bdb\u00bb icon_placement=\u00bbleft\u00bb image_icon_width=\u00bb53px\u00bb content_max_width=\u00bb1100px\u00bb admin_label=\u00bbAnuncio: Ceremonia de titulaci\u00f3n: jueves 9 de noviembre de 2023 10.30 horas\u00bb _builder_version=\u00bb4.27.4&#8243; _module_preset=\u00bbdefault\u00bb header_font=\u00bb|800||on|||||\u00bb header_text_color=\u00bb#303030&#8243; header_font_size=\u00bb27px\u00bb body_font=\u00bb||||||||\u00bb body_text_color=\u00bb#0099cc\u00bb body_font_size=\u00bb16px\u00bb custom_margin=\u00bb||-1px|||\u00bb global_colors_info=\u00bb{}\u00bb]<\/p>\n<h1><strong>Martes 25 de noviembre de 2025<\/strong><strong>, 15.30 horas<\/strong><\/h1>\n<p>Aula Dr. F\u00e9lix Morales Pettorino, Casa Central, Universidad de Playa Ancha.<\/p>\n<p>[\/et_pb_blurb][\/et_pb_column][\/et_pb_row][et_pb_row column_structure=\u00bb1_3,1_3,1_3&#8243; use_custom_gutter=\u00bbon\u00bb disabled_on=\u00bboff|off|off\u00bb _builder_version=\u00bb4.22.0&#8243; _module_preset=\u00bbdefault\u00bb width=\u00bb94%\u00bb max_width=\u00bb2560px\u00bb custom_padding=\u00bb18px||18px|||\u00bb global_colors_info=\u00bb{}\u00bb][et_pb_column type=\u00bb1_3&#8243; _builder_version=\u00bb4.17.6&#8243; _module_preset=\u00bbdefault\u00bb global_colors_info=\u00bb{}\u00bb][et_pb_toggle title=\u00bbTerapia Ocupacional\u00bb open_toggle_text_color=\u00bb#000000&#8243; open_toggle_background_color=\u00bb#FFFFFF\u00bb closed_toggle_background_color=\u00bb#FFFFFF\u00bb icon_color=\u00bb#009bdb\u00bb toggle_icon=\u00bb&#xe048;||divi||400&#8243; use_icon_font_size=\u00bbon\u00bb icon_font_size=\u00bb26px\u00bb open_icon_color=\u00bb#009bdb\u00bb open_toggle_icon=\u00bb&#xe047;||divi||400&#8243; open_use_icon_font_size=\u00bbon\u00bb open_icon_font_size=\u00bb26px\u00bb disabled_on=\u00bboff|off|off\u00bb admin_label=\u00bbEducador o Educadora de P\u00e1rvulos\u00bb _builder_version=\u00bb4.27.4&#8243; _module_preset=\u00bbdefault\u00bb title_text_color=\u00bb#000000&#8243; title_font=\u00bb|700||on|||||\u00bb border_radii=\u00bboff||20px||20px\u00bb global_colors_info=\u00bb{}\u00bb]<\/p>\n<table width=\"100%\" style=\"width: 100%;\">\n<tbody>\n<tr>\n<td><strong>Apellido paterno<\/strong><\/td>\n<td><strong>Apellido materno<\/strong><\/td>\n<td><strong>Nombres<\/strong><\/td>\n<\/tr>\n<tr>\n<td width=\"87\">Adaros<\/td>\n<td width=\"87\">Castro<\/td>\n<td width=\"87\">Fernanda Beatriz<\/td>\n<\/tr>\n<tr>\n<td>Aguayo<\/td>\n<td>Fern\u00e1ndez<\/td>\n<td>Sof\u00eda Catalina<\/td>\n<\/tr>\n<tr>\n<td>Alarc\u00f3n<\/td>\n<td>Naranjo<\/td>\n<td>Javiera Valentina<\/td>\n<\/tr>\n<tr>\n<td>Albanez<\/td>\n<td>Pinilla<\/td>\n<td>Valeska Estefan\u00eda<\/td>\n<\/tr>\n<tr>\n<td>Albornoz<\/td>\n<td>Mu\u00f1oz<\/td>\n<td>Javiera Bel\u00e9n<\/td>\n<\/tr>\n<tr>\n<td>Arancibia<\/td>\n<td>Cabrera<\/td>\n<td>Millaray Aranis<\/td>\n<\/tr>\n<tr>\n<td>Arancibia<\/td>\n<td>Nahuelhual<\/td>\n<td>Nicol Denis<\/td>\n<\/tr>\n<tr>\n<td>Aravena<\/td>\n<td>Llanca<\/td>\n<td>Catalina Odethe<\/td>\n<\/tr>\n<tr>\n<td>\u00c1vila<\/td>\n<td>Quiroz<\/td>\n<td>Catalina Andrea<\/td>\n<\/tr>\n<tr>\n<td>Az\u00f3car<\/td>\n<td>Barahona<\/td>\n<td>Ignacio Andr\u00e9s<\/td>\n<\/tr>\n<tr>\n<td>Bahamondes<\/td>\n<td>Olivares<\/td>\n<td>Valentina Soledad<\/td>\n<\/tr>\n<tr>\n<td>Brito<\/td>\n<td>Pino<\/td>\n<td>Natalia Ivette<\/td>\n<\/tr>\n<tr>\n<td>Carrasco<\/td>\n<td>Aguirre<\/td>\n<td>Francisca Andrea<\/td>\n<\/tr>\n<tr>\n<td>Carvajal<\/td>\n<td>Alarc\u00f3n<\/td>\n<td>Catalina Andrea<\/td>\n<\/tr>\n<tr>\n<td>Dur\u00e1n<\/td>\n<td>Jercic<\/td>\n<td>Catalina De Jes\u00fas<\/td>\n<\/tr>\n<tr>\n<td>Fern\u00e1ndez<\/td>\n<td>Fern\u00e1ndez<\/td>\n<td>Mar\u00eda Ignacia<\/td>\n<\/tr>\n<tr>\n<td>Gonz\u00e1lez<\/td>\n<td>Araya<\/td>\n<td>Michelle Andrea<\/td>\n<\/tr>\n<tr>\n<td>Gonz\u00e1lez<\/td>\n<td>Vega<\/td>\n<td>V\u00edctor Omar<\/td>\n<\/tr>\n<tr>\n<td>Hermosilla<\/td>\n<td>Huilip\u00e1n<\/td>\n<td>Simone Elisa<\/td>\n<\/tr>\n<tr>\n<td>Hurtado<\/td>\n<td>Silva<\/td>\n<td>Alison Andrea<\/td>\n<\/tr>\n<tr>\n<td>Lopez<\/td>\n<td>Carmona<\/td>\n<td>Karla Paola<\/td>\n<\/tr>\n<tr>\n<td>L\u00f3pez<\/td>\n<td>Cort\u00e9s<\/td>\n<td>Catalina Danae<\/td>\n<\/tr>\n<tr>\n<td>L\u00f3pez<\/td>\n<td>Vargas<\/td>\n<td>Carolina Patricia<\/td>\n<\/tr>\n<tr>\n<td>Mendoza<\/td>\n<td>Espinoza<\/td>\n<td>Juan Carlos<\/td>\n<\/tr>\n<tr>\n<td>Miranda<\/td>\n<td>Silva<\/td>\n<td>Vania Alejandra<\/td>\n<\/tr>\n<tr>\n<td>Molina<\/td>\n<td>Ib\u00e1\u00f1ez<\/td>\n<td>Marcela Constanza\u00a0<\/td>\n<\/tr>\n<tr>\n<td>M\u00fcller<\/td>\n<td>Riquelme<\/td>\n<td>Luc\u00eda Bel\u00e9n<\/td>\n<\/tr>\n<tr>\n<td>Mu\u00f1oz<\/td>\n<td>Araya<\/td>\n<td>Thalia Almendra<\/td>\n<\/tr>\n<tr>\n<td>Mu\u00f1oz<\/td>\n<td>Fern\u00e1ndez<\/td>\n<td>Krishna Valentina<\/td>\n<\/tr>\n<tr>\n<td>Papagallo<\/td>\n<td>Caica<\/td>\n<td>Giovanna Polette<\/td>\n<\/tr>\n<tr>\n<td>Poblete<\/td>\n<td>Pe\u00f1a<\/td>\n<td>Catalina Elizabeth<\/td>\n<\/tr>\n<tr>\n<td>Poloni<\/td>\n<td>Guerrero<\/td>\n<td>Renata Antonia<\/td>\n<\/tr>\n<tr>\n<td>Prado<\/td>\n<td>Teno<\/td>\n<td>Pilar Angeles<\/td>\n<\/tr>\n<tr>\n<td>Ram\u00edrez<\/td>\n<td>Torres<\/td>\n<td>Diego Ignacio<\/td>\n<\/tr>\n<tr>\n<td>Roa<\/td>\n<td>Vidal<\/td>\n<td>Jessica Alejandra<\/td>\n<\/tr>\n<tr>\n<td>Rozas<\/td>\n<td>V\u00e1squez<\/td>\n<td>Daniela Paz<\/td>\n<\/tr>\n<tr>\n<td>Sarpi<\/td>\n<td>Ar\u00f3stica<\/td>\n<td>Atzenaht Shakira<\/td>\n<\/tr>\n<tr>\n<td>Soudre<\/td>\n<td>G\u00e1lvez<\/td>\n<td>Antonia Bel\u00e9n<\/td>\n<\/tr>\n<tr>\n<td>Tapia<\/td>\n<td>L\u00f3pez<\/td>\n<td>Constanza Kim Marisol<\/td>\n<\/tr>\n<tr>\n<td>Tapia<\/td>\n<td>P\u00e9rez<\/td>\n<td>Mar\u00eda Jes\u00fas<\/td>\n<\/tr>\n<tr>\n<td>Vega<\/td>\n<td>Manquemilla<\/td>\n<td>Andr\u00e9s An\u00edbal<\/td>\n<\/tr>\n<tr>\n<td>Vera<\/td>\n<td>Zamora<\/td>\n<td>Dolin Soledad<\/td>\n<\/tr>\n<tr>\n<td>Zamora<\/td>\n<td>Aguirre<\/td>\n<td>Vania Alejandra<\/td>\n<\/tr>\n<\/tbody>\n<\/table>\n<p>[\/et_pb_toggle][\/et_pb_column][et_pb_column type=\u00bb1_3&#8243; _builder_version=\u00bb4.17.6&#8243; _module_preset=\u00bbdefault\u00bb global_colors_info=\u00bb{}\u00bb][\/et_pb_column][et_pb_column type=\u00bb1_3&#8243; _builder_version=\u00bb4.17.6&#8243; _module_preset=\u00bbdefault\u00bb global_colors_info=\u00bb{}\u00bb][\/et_pb_column][\/et_pb_row][\/et_pb_section][et_pb_section fb_built=\u00bb1&#8243; specialty=\u00bbon\u00bb admin_label=\u00bbFooter\u00bb _builder_version=\u00bb4.16&#8243; use_background_color_gradient=\u00bbon\u00bb background_color_gradient_stops=\u00bbrgba(0,0,0,0.71) 0%|rgba(0,0,0,0.28) 100%\u00bb background_color_gradient_overlays_image=\u00bbon\u00bb background_color_gradient_start=\u00bbrgba(0,0,0,0.71)\u00bb background_color_gradient_end=\u00bbrgba(0,0,0,0.28)\u00bb background_image=\u00bbhttps:\/\/www.upla.cl\/titulosygrados\/wp-content\/uploads\/2018\/12\/prueba.png\u00bb custom_margin=\u00bb3px|||||\u00bb custom_padding=\u00bb30px|0px|6px|0px|false|false\u00bb background_color_gradient_stops_tablet=\u00bbrgba(0,0,0,0.71) 0%|rgba(0,0,0,0.28) 100%\u00bb background_color_gradient_stops_phone=\u00bbrgba(0,0,0,0.71) 0%|rgba(0,0,0,0.28) 100%\u00bb global_module=\u00bb1040&#8243; saved_tabs=\u00bball\u00bb collapsed=\u00bboff\u00bb global_colors_info=\u00bb{}\u00bb][et_pb_column type=\u00bb1_2&#8243; specialty_columns=\u00bb2&#8243; _builder_version=\u00bb4.16&#8243; custom_padding=\u00bb|||\u00bb global_colors_info=\u00bb{}\u00bb parallax__hover=\u00bboff\u00bb parallax_method__hover=\u00bbon\u00bb custom_padding__hover=\u00bb|||\u00bb][et_pb_row_inner _builder_version=\u00bb4.16&#8243; width=\u00bb90%\u00bb max_width=\u00bb2560px\u00bb global_colors_info=\u00bb{}\u00bb][et_pb_column_inner saved_specialty_column_type=\u00bb1_2&#8243; _builder_version=\u00bb4.16&#8243; custom_padding=\u00bb|||\u00bb global_colors_info=\u00bb{}\u00bb parallax__hover=\u00bboff\u00bb parallax_method__hover=\u00bbon\u00bb custom_padding__hover=\u00bb|||\u00bb][et_pb_text _builder_version=\u00bb4.16&#8243; text_font=\u00bbLato||||||||\u00bb text_font_size=\u00bb15px\u00bb text_line_height=\u00bb2em\u00bb ul_font=\u00bb||||||||\u00bb ol_font=\u00bb||||||||\u00bb header_font=\u00bbLato||||||||\u00bb header_2_font=\u00bbLato|700|||||||\u00bb header_2_font_size=\u00bb42px\u00bb header_2_line_height=\u00bb1.5em\u00bb header_3_font=\u00bbLato|500||on|||||\u00bb header_3_text_color=\u00bb#009bdb\u00bb header_3_font_size=\u00bb14px\u00bb header_3_letter_spacing=\u00bb2px\u00bb header_3_line_height=\u00bb2em\u00bb header_4_font=\u00bb||||||||\u00bb header_5_font=\u00bb||||||||\u00bb header_6_font=\u00bb||||||||\u00bb background_layout=\u00bbdark\u00bb max_width=\u00bb500px\u00bb text_font_size_tablet=\u00bb\u00bb text_font_size_phone=\u00bb14px\u00bb text_font_size_last_edited=\u00bbon|phone\u00bb header_2_font_size_tablet=\u00bb32px\u00bb header_2_font_size_phone=\u00bb22px\u00bb header_2_font_size_last_edited=\u00bbon|phone\u00bb locked=\u00bboff\u00bb global_colors_info=\u00bb{}\u00bb]<\/p>\n<h3>Dudas y consultas<\/h3>\n<h2>Cont\u00e1ctanos<\/h2>\n<p>[\/et_pb_text][\/et_pb_column_inner][\/et_pb_row_inner][et_pb_row_inner column_structure=\u00bb1_2,1_2&#8243; _builder_version=\u00bb4.16&#8243; global_colors_info=\u00bb{}\u00bb][et_pb_column_inner type=\u00bb1_2&#8243; saved_specialty_column_type=\u00bb1_2&#8243; _builder_version=\u00bb4.16&#8243; custom_padding=\u00bb|||\u00bb global_colors_info=\u00bb{}\u00bb parallax__hover=\u00bboff\u00bb parallax_method__hover=\u00bbon\u00bb custom_padding__hover=\u00bb|||\u00bb][et_pb_text _builder_version=\u00bb4.16&#8243; text_font=\u00bbLato||||||||\u00bb text_text_color=\u00bbrgba(255,255,255,0.7)\u00bb text_font_size=\u00bb16px\u00bb text_line_height=\u00bb2em\u00bb header_font=\u00bbLato||||||||\u00bb header_4_font=\u00bbLato|700|||||||\u00bb header_4_line_height=\u00bb1.5em\u00bb background_layout=\u00bbdark\u00bb global_colors_info=\u00bb{}\u00bb]<\/p>\n<h4>Documentos<\/h4>\n<p>Consulta aqu\u00ed sobre los documentos que podemos emitir<\/p>\n<p>[\/et_pb_text][et_pb_text _builder_version=\u00bb4.16&#8243; text_font=\u00bbLato||||||||\u00bb text_text_color=\u00bbrgba(255,255,255,0.7)\u00bb text_font_size=\u00bb16px\u00bb text_line_height=\u00bb2em\u00bb header_font=\u00bbLato||||||||\u00bb header_4_font=\u00bbLato|700|||||||\u00bb header_4_line_height=\u00bb1.5em\u00bb background_layout=\u00bbdark\u00bb global_colors_info=\u00bb{}\u00bb]<\/p>\n<h4>Legalizaci\u00f3n de documentos<\/h4>\n<p>Realiza aqu\u00ed tus comentarios si necesitas legalizar alg\u00fan documento para presentar en el extranjero o si necesitas utilizar un certificado proveniente de una instituci\u00f3n extranjera.<\/p>\n<p>[\/et_pb_text][\/et_pb_column_inner][et_pb_column_inner type=\u00bb1_2&#8243; saved_specialty_column_type=\u00bb1_2&#8243; _builder_version=\u00bb4.16&#8243; custom_padding=\u00bb|||\u00bb global_colors_info=\u00bb{}\u00bb parallax__hover=\u00bboff\u00bb parallax_method__hover=\u00bbon\u00bb custom_padding__hover=\u00bb|||\u00bb][et_pb_text _builder_version=\u00bb4.16&#8243; text_font=\u00bbLato||||||||\u00bb text_text_color=\u00bbrgba(255,255,255,0.7)\u00bb text_font_size=\u00bb16px\u00bb text_line_height=\u00bb2em\u00bb header_font=\u00bbLato||||||||\u00bb header_4_font=\u00bbLato|700|||||||\u00bb header_4_line_height=\u00bb1.5em\u00bb background_layout=\u00bbdark\u00bb global_colors_info=\u00bb{}\u00bb]<\/p>\n<h4>Plazos y fechas<\/h4>\n<p>Si tienes dudas con los plazos para la tramitaci\u00f3n de documentos, o fechas de realizaci\u00f3n de ceremonias, cont\u00e1ctanos.<\/p>\n<p>[\/et_pb_text][et_pb_text _builder_version=\u00bb4.16&#8243; text_font=\u00bbLato||||||||\u00bb text_text_color=\u00bbrgba(255,255,255,0.7)\u00bb text_font_size=\u00bb16px\u00bb text_line_height=\u00bb2em\u00bb header_font=\u00bbLato||||||||\u00bb header_4_font=\u00bbLato|700|||||||\u00bb header_4_line_height=\u00bb1.5em\u00bb background_layout=\u00bbdark\u00bb global_colors_info=\u00bb{}\u00bb]<\/p>\n<h4>Ceremonias<\/h4>\n<p>Cumples con los requisitos para participar de ceremonias de titulaci\u00f3n o graduaci\u00f3n y no apareces en el listado, cons\u00faltanos por esta v\u00eda.<\/p>\n<p>[\/et_pb_text][\/et_pb_column_inner][\/et_pb_row_inner][et_pb_row_inner column_structure=\u00bb1_2,1_2&#8243; _builder_version=\u00bb4.27.2&#8243; _module_preset=\u00bbdefault\u00bb global_colors_info=\u00bb{}\u00bb][et_pb_column_inner type=\u00bb1_2&#8243; saved_specialty_column_type=\u00bb1_2&#8243; _builder_version=\u00bb4.27.2&#8243; _module_preset=\u00bbdefault\u00bb global_colors_info=\u00bb{}\u00bb][et_pb_image src=\u00bbhttps:\/\/www.upla.cl\/normasgraficas\/wp-content\/uploads\/2024\/07\/logoupla_fondososcuros.png\u00bb _builder_version=\u00bb4.27.2&#8243; _module_preset=\u00bbdefault\u00bb custom_margin=\u00bb5%||||false|false\u00bb global_colors_info=\u00bb{}\u00bb][\/et_pb_image][\/et_pb_column_inner][et_pb_column_inner type=\u00bb1_2&#8243; saved_specialty_column_type=\u00bb1_2&#8243; _builder_version=\u00bb4.27.2&#8243; _module_preset=\u00bbdefault\u00bb global_colors_info=\u00bb{}\u00bb][et_pb_image src=\u00bbhttps:\/\/www.upla.cl\/portada\/wp-content\/uploads\/2025\/03\/20250311_upla_acreditada_2022-2027-monocromo-fondo-oscuro.png\u00bb title_text=\u00bbUPLA_acreditada_2022-2027-BLANCO\u00bb _builder_version=\u00bb4.27.4&#8243; _module_preset=\u00bbdefault\u00bb global_colors_info=\u00bb{}\u00bb][\/et_pb_image][\/et_pb_column_inner][\/et_pb_row_inner][\/et_pb_column][et_pb_column type=\u00bb1_2&#8243; _builder_version=\u00bb4.16&#8243; custom_padding=\u00bb|||\u00bb global_colors_info=\u00bb{}\u00bb parallax__hover=\u00bboff\u00bb parallax_method__hover=\u00bbon\u00bb custom_padding__hover=\u00bb|||\u00bb][et_pb_contact_form email=\u00bbhumberto.zapata@upla.cl\u00bb success_message=\u00bbExcelente. Hemos recibido tu solicitud de contacto. Nos comunicaremos a la brevedad.\u00bb submit_button_text=\u00bbEnviar\u00bb admin_label=\u00bbContacto\u00bb module_id=\u00bbet_pb_contact_form_0&#8243; _builder_version=\u00bb4.16&#8243; _unique_id=\u00bb23a1b4bb-6d62-4334-a83c-dbe35a86efa3&#8243; form_field_background_color=\u00bb#f5f9fa\u00bb form_field_text_color=\u00bb#000000&#8243; form_field_font=\u00bb||||||||\u00bb background_color=\u00bb#bce3fa\u00bb custom_button=\u00bbon\u00bb button_text_size=\u00bb12px\u00bb button_text_color=\u00bb#ffffff\u00bb button_bg_color=\u00bb#ef3b24&#8243; button_border_width=\u00bb14px\u00bb button_border_color=\u00bbrgba(0,0,0,0)\u00bb button_border_radius=\u00bb0px\u00bb button_letter_spacing=\u00bb2px\u00bb button_font=\u00bbRubik|500||on|||||\u00bb button_use_icon=\u00bboff\u00bb custom_padding=\u00bb60px|40px|60px|40px|true|true\u00bb animation_style=\u00bbzoom\u00bb animation_intensity_zoom=\u00bb20%\u00bb border_width_all=\u00bb2px\u00bb border_color_all=\u00bb#dee9ee\u00bb box_shadow_style_button=\u00bbpreset1&#8243; box_shadow_color_button=\u00bbrgba(239,59,36,0.1)\u00bb form_background_color=\u00bb#f5f9fa\u00bb global_colors_info=\u00bb{}\u00bb][et_pb_contact_field field_id=\u00bbNombre\u00bb field_title=\u00bbNombre\u00bb fullwidth_field=\u00bbon\u00bb _builder_version=\u00bb4.16&#8243; custom_margin=\u00bb||30px|\u00bb global_colors_info=\u00bb{}\u00bb button_text_size__hover_enabled=\u00bboff\u00bb button_one_text_size__hover_enabled=\u00bboff\u00bb button_two_text_size__hover_enabled=\u00bboff\u00bb button_text_color__hover_enabled=\u00bboff\u00bb button_one_text_color__hover_enabled=\u00bboff\u00bb button_two_text_color__hover_enabled=\u00bboff\u00bb button_border_width__hover_enabled=\u00bboff\u00bb button_one_border_width__hover_enabled=\u00bboff\u00bb button_two_border_width__hover_enabled=\u00bboff\u00bb button_border_color__hover_enabled=\u00bboff\u00bb button_one_border_color__hover_enabled=\u00bboff\u00bb button_two_border_color__hover_enabled=\u00bboff\u00bb button_border_radius__hover_enabled=\u00bboff\u00bb button_one_border_radius__hover_enabled=\u00bboff\u00bb button_two_border_radius__hover_enabled=\u00bboff\u00bb button_letter_spacing__hover_enabled=\u00bboff\u00bb button_one_letter_spacing__hover_enabled=\u00bboff\u00bb button_two_letter_spacing__hover_enabled=\u00bboff\u00bb button_bg_color__hover_enabled=\u00bboff\u00bb button_one_bg_color__hover_enabled=\u00bboff\u00bb button_two_bg_color__hover_enabled=\u00bboff\u00bb][\/et_pb_contact_field][et_pb_contact_field field_id=\u00bbCorreo_electr\u00f3nico\u00bb field_title=\u00bbCorreo electr\u00f3nico\u00bb field_type=\u00bbemail\u00bb fullwidth_field=\u00bbon\u00bb _builder_version=\u00bb4.16&#8243; form_field_font=\u00bb||||||||\u00bb custom_margin=\u00bb||30px|\u00bb global_colors_info=\u00bb{}\u00bb button_text_size__hover_enabled=\u00bboff\u00bb button_one_text_size__hover_enabled=\u00bboff\u00bb button_two_text_size__hover_enabled=\u00bboff\u00bb button_text_color__hover_enabled=\u00bboff\u00bb button_one_text_color__hover_enabled=\u00bboff\u00bb button_two_text_color__hover_enabled=\u00bboff\u00bb button_border_width__hover_enabled=\u00bboff\u00bb button_one_border_width__hover_enabled=\u00bboff\u00bb button_two_border_width__hover_enabled=\u00bboff\u00bb button_border_color__hover_enabled=\u00bboff\u00bb button_one_border_color__hover_enabled=\u00bboff\u00bb button_two_border_color__hover_enabled=\u00bboff\u00bb button_border_radius__hover_enabled=\u00bboff\u00bb button_one_border_radius__hover_enabled=\u00bboff\u00bb button_two_border_radius__hover_enabled=\u00bboff\u00bb button_letter_spacing__hover_enabled=\u00bboff\u00bb button_one_letter_spacing__hover_enabled=\u00bboff\u00bb button_two_letter_spacing__hover_enabled=\u00bboff\u00bb button_bg_color__hover_enabled=\u00bboff\u00bb button_one_bg_color__hover_enabled=\u00bboff\u00bb button_two_bg_color__hover_enabled=\u00bboff\u00bb][\/et_pb_contact_field][et_pb_contact_field field_id=\u00bbMensaje\u00bb field_title=\u00bbMensaje\u00bb field_type=\u00bbtext\u00bb fullwidth_field=\u00bbon\u00bb _builder_version=\u00bb4.16&#8243; custom_margin=\u00bb||30px|\u00bb global_colors_info=\u00bb{}\u00bb button_text_size__hover_enabled=\u00bboff\u00bb button_one_text_size__hover_enabled=\u00bboff\u00bb button_two_text_size__hover_enabled=\u00bboff\u00bb button_text_color__hover_enabled=\u00bboff\u00bb button_one_text_color__hover_enabled=\u00bboff\u00bb button_two_text_color__hover_enabled=\u00bboff\u00bb button_border_width__hover_enabled=\u00bboff\u00bb button_one_border_width__hover_enabled=\u00bboff\u00bb button_two_border_width__hover_enabled=\u00bboff\u00bb button_border_color__hover_enabled=\u00bboff\u00bb button_one_border_color__hover_enabled=\u00bboff\u00bb button_two_border_color__hover_enabled=\u00bboff\u00bb button_border_radius__hover_enabled=\u00bboff\u00bb button_one_border_radius__hover_enabled=\u00bboff\u00bb button_two_border_radius__hover_enabled=\u00bboff\u00bb button_letter_spacing__hover_enabled=\u00bboff\u00bb button_one_letter_spacing__hover_enabled=\u00bboff\u00bb button_two_letter_spacing__hover_enabled=\u00bboff\u00bb button_bg_color__hover_enabled=\u00bboff\u00bb button_one_bg_color__hover_enabled=\u00bboff\u00bb button_two_bg_color__hover_enabled=\u00bboff\u00bb][\/et_pb_contact_field][\/et_pb_contact_form][\/et_pb_column][\/et_pb_section]<\/p>\n","protected":false},"excerpt":{"rendered":"<p>La Oficina de T\u00edtulos y Grados de la Universidad de Playa Ancha (UPLA) da a conocer los listados de participantes de las ceremonias de titulaci\u00f3n que se llevar\u00e1n a efecto en octubre de 2025.<\/p>\n","protected":false},"author":2,"featured_media":1864,"comment_status":"closed","ping_status":"closed","sticky":false,"template":"","format":"standard","meta":{"_et_pb_use_builder":"on","_et_pb_old_content":"","_et_gb_content_width":"","footnotes":""},"categories":[15],"tags":[],"class_list":["post-2134","post","type-post","status-publish","format-standard","has-post-thumbnail","hentry","category-ceremonia-de-titulacion"],"_links":{"self":[{"href":"https:\/\/www.upla.cl\/titulosygrados\/wp-json\/wp\/v2\/posts\/2134","targetHints":{"allow":["GET"]}}],"collection":[{"href":"https:\/\/www.upla.cl\/titulosygrados\/wp-json\/wp\/v2\/posts"}],"about":[{"href":"https:\/\/www.upla.cl\/titulosygrados\/wp-json\/wp\/v2\/types\/post"}],"author":[{"embeddable":true,"href":"https:\/\/www.upla.cl\/titulosygrados\/wp-json\/wp\/v2\/users\/2"}],"replies":[{"embeddable":true,"href":"https:\/\/www.upla.cl\/titulosygrados\/wp-json\/wp\/v2\/comments?post=2134"}],"version-history":[{"count":25,"href":"https:\/\/www.upla.cl\/titulosygrados\/wp-json\/wp\/v2\/posts\/2134\/revisions"}],"predecessor-version":[{"id":2179,"href":"https:\/\/www.upla.cl\/titulosygrados\/wp-json\/wp\/v2\/posts\/2134\/revisions\/2179"}],"wp:featuredmedia":[{"embeddable":true,"href":"https:\/\/www.upla.cl\/titulosygrados\/wp-json\/wp\/v2\/media\/1864"}],"wp:attachment":[{"href":"https:\/\/www.upla.cl\/titulosygrados\/wp-json\/wp\/v2\/media?parent=2134"}],"wp:term":[{"taxonomy":"category","embeddable":true,"href":"https:\/\/www.upla.cl\/titulosygrados\/wp-json\/wp\/v2\/categories?post=2134"},{"taxonomy":"post_tag","embeddable":true,"href":"https:\/\/www.upla.cl\/titulosygrados\/wp-json\/wp\/v2\/tags?post=2134"}],"curies":[{"name":"wp","href":"https:\/\/api.w.org\/{rel}","templated":true}]}}