{"id":2109,"date":"2025-07-09T10:57:13","date_gmt":"2025-07-09T14:57:13","guid":{"rendered":"https:\/\/www.upla.cl\/titulosygrados\/?p=2109"},"modified":"2025-07-09T15:13:47","modified_gmt":"2025-07-09T19:13:47","slug":"revisa-las-fechas-y-listados-de-titulaciones-de-carreras-tecnicas-y-profesionales-campus-san-felipe-2025","status":"publish","type":"post","link":"https:\/\/www.upla.cl\/titulosygrados\/2025\/07\/09\/revisa-las-fechas-y-listados-de-titulaciones-de-carreras-tecnicas-y-profesionales-campus-san-felipe-2025\/","title":{"rendered":"Revisa las fechas y listados de titulaciones de carreras t\u00e9cnicas y profesionales (Campus San Felipe) 2025"},"content":{"rendered":"<p>[et_pb_section fb_built=\u00bb1&#8243; admin_label=\u00bbHeader\u00bb _builder_version=\u00bb4.27.4&#8243; background_image=\u00bbhttps:\/\/www.upla.cl\/titulosygrados\/wp-content\/uploads\/2025\/07\/20250709_titulaciones-sanfelipe.jpg\u00bb custom_margin=\u00bb|||\u00bb custom_padding=\u00bb20vw|0px|0|0px|false|false\u00bb global_colors_info=\u00bb{}\u00bb][et_pb_row column_structure=\u00bb3_4,1_4&#8243; padding_top_bottom_link_1=\u00bbfalse\u00bb padding_left_right_link_1=\u00bbtrue\u00bb _builder_version=\u00bb4.16&#8243; background_size=\u00bbinitial\u00bb background_position=\u00bbtop_left\u00bb background_repeat=\u00bbrepeat\u00bb max_width=\u00bb1160px\u00bb custom_margin=\u00bb|||||false\u00bb custom_padding=\u00bb27px|0px|0|0px|false|false\u00bb use_custom_width=\u00bbon\u00bb custom_width_px=\u00bb1160px\u00bb global_colors_info=\u00bb{}\u00bb][et_pb_column type=\u00bb3_4&#8243; _builder_version=\u00bb4.16&#8243; background_color=\u00bb#ffffff\u00bb custom_padding=\u00bb40px|40px|0px|40px\u00bb global_colors_info=\u00bb{}\u00bb custom_padding__hover=\u00bb|||\u00bb][et_pb_post_title author=\u00bboff\u00bb date_format=\u00bbj M Y\u00bb categories=\u00bboff\u00bb comments=\u00bboff\u00bb featured_image=\u00bboff\u00bb _builder_version=\u00bb4.27.4&#8243; _module_preset=\u00bbdefault\u00bb title_font=\u00bb|700|||||||\u00bb title_font_size=\u00bb30px\u00bb global_colors_info=\u00bb{}\u00bb][\/et_pb_post_title][et_pb_divider color=\u00bb#098cf2&#8243; divider_weight=\u00bb4px\u00bb _builder_version=\u00bb4.16&#8243; max_width=\u00bb140px\u00bb height=\u00bb4px\u00bb locked=\u00bboff\u00bb global_colors_info=\u00bb{}\u00bb][\/et_pb_divider][\/et_pb_column][et_pb_column type=\u00bb1_4&#8243; _builder_version=\u00bb4.16&#8243; custom_padding=\u00bb|||\u00bb global_colors_info=\u00bb{}\u00bb custom_padding__hover=\u00bb|||\u00bb][\/et_pb_column][\/et_pb_row][\/et_pb_section][et_pb_section fb_built=\u00bb1&#8243; disabled_on=\u00bboff|off|off\u00bb _builder_version=\u00bb4.22.0&#8243; _module_preset=\u00bbdefault\u00bb custom_padding=\u00bb5px|||||\u00bb global_colors_info=\u00bb{}\u00bb][et_pb_row use_custom_gutter=\u00bbon\u00bb gutter_width=\u00bb1&#8243; _builder_version=\u00bb4.22.2&#8243; _module_preset=\u00bbdefault\u00bb width=\u00bb90%\u00bb max_width=\u00bb2560px\u00bb custom_padding=\u00bb||9px|||\u00bb global_colors_info=\u00bb{}\u00bb][et_pb_column type=\u00bb4_4&#8243; _builder_version=\u00bb4.17.6&#8243; _module_preset=\u00bbdefault\u00bb global_colors_info=\u00bb{}\u00bb][et_pb_text admin_label=\u00bbTexto informativo\u00bb _builder_version=\u00bb4.27.4&#8243; _module_preset=\u00bbdefault\u00bb text_font_size=\u00bb16px\u00bb global_colors_info=\u00bb{}\u00bb]<\/p>\n<p>La <strong>Oficina de T\u00edtulos y Grados<\/strong> de la Universidad de Playa Ancha, informa las fechas y el listado de participantes de las <strong>Ceremonias de<\/strong> <strong>Titulaci\u00f3n 2025 de carreras t\u00e9cnicas y profesionales (Campus San Felipe)<\/strong>, eventos que se realizar\u00e1n en el Auditorio del campus, ubicado en Benigno Caldera 351, San Felipe.<\/p>\n<p>[\/et_pb_text][\/et_pb_column][\/et_pb_row][\/et_pb_section][et_pb_section fb_built=\u00bb1&#8243; disabled_on=\u00bboff|off|off\u00bb _builder_version=\u00bb4.22.0&#8243; _module_preset=\u00bbdefault\u00bb width=\u00bb100%\u00bb max_width=\u00bb100%\u00bb custom_padding=\u00bb5px|||||\u00bb global_colors_info=\u00bb{}\u00bb][et_pb_row use_custom_gutter=\u00bbon\u00bb gutter_width=\u00bb1&#8243; _builder_version=\u00bb4.25.2&#8243; _module_preset=\u00bbdefault\u00bb width=\u00bb96%\u00bb max_width=\u00bb2560px\u00bb module_alignment=\u00bbleft\u00bb custom_padding=\u00bb||9px|3%|false|false\u00bb global_colors_info=\u00bb{}\u00bb][et_pb_column type=\u00bb4_4&#8243; _builder_version=\u00bb4.17.6&#8243; _module_preset=\u00bbdefault\u00bb global_colors_info=\u00bb{}\u00bb][et_pb_blurb title=\u00bbCeremonia de Titulaci\u00f3n &#8211; Carreras Profesionales\u00bb use_icon=\u00bbon\u00bb font_icon=\u00bb&#xf073;||fa||400&#8243; icon_color=\u00bb#009bdb\u00bb icon_placement=\u00bbleft\u00bb image_icon_width=\u00bb53px\u00bb content_max_width=\u00bb1100px\u00bb admin_label=\u00bbAnuncio: Ceremonia de titulaci\u00f3n: jueves 9 de noviembre de 2023 10.30 horas\u00bb _builder_version=\u00bb4.27.4&#8243; _module_preset=\u00bbdefault\u00bb header_font=\u00bb|800||on|||||\u00bb header_text_color=\u00bb#303030&#8243; header_font_size=\u00bb27px\u00bb body_font=\u00bb||||||||\u00bb body_text_color=\u00bb#0099cc\u00bb body_font_size=\u00bb16px\u00bb custom_margin=\u00bb||-1px|||\u00bb global_colors_info=\u00bb{}\u00bb]<\/p>\n<h1><strong>Jueves 21 de agosto de 2025, a las 10.30 horas<\/strong><\/h1>\n<p>Auditorio, Universidad de Playa Ancha (Campus San Felipe).<\/p>\n<p>[\/et_pb_blurb][\/et_pb_column][\/et_pb_row][et_pb_row use_custom_gutter=\u00bbon\u00bb disabled_on=\u00bboff|off|off\u00bb _builder_version=\u00bb4.22.0&#8243; _module_preset=\u00bbdefault\u00bb width=\u00bb94%\u00bb max_width=\u00bb2560px\u00bb custom_padding=\u00bb18px||18px|||\u00bb global_colors_info=\u00bb{}\u00bb][et_pb_column type=\u00bb4_4&#8243; _builder_version=\u00bb4.17.6&#8243; _module_preset=\u00bbdefault\u00bb global_colors_info=\u00bb{}\u00bb][et_pb_toggle title=\u00bbPedagog\u00eda en Educaci\u00f3n Diferencial\u00bb open_toggle_text_color=\u00bb#000000&#8243; open_toggle_background_color=\u00bb#FFFFFF\u00bb closed_toggle_background_color=\u00bb#FFFFFF\u00bb icon_color=\u00bb#009bdb\u00bb toggle_icon=\u00bb&#xe048;||divi||400&#8243; use_icon_font_size=\u00bbon\u00bb icon_font_size=\u00bb26px\u00bb open_icon_color=\u00bb#009bdb\u00bb open_toggle_icon=\u00bb&#xe047;||divi||400&#8243; open_use_icon_font_size=\u00bbon\u00bb open_icon_font_size=\u00bb26px\u00bb disabled_on=\u00bboff|off|off\u00bb admin_label=\u00bbProfesor o profesora de Educaci\u00f3n Diferencial, menci\u00f3n en Dificultades Espec\u00edficas del Aprendizaje\u00bb _builder_version=\u00bb4.27.4&#8243; _module_preset=\u00bbdefault\u00bb title_text_color=\u00bb#000000&#8243; title_level=\u00bbh4&#8243; title_font=\u00bb|700||on|||||\u00bb global_colors_info=\u00bb{}\u00bb]<\/p>\n<p><google-sheets-html-origin><\/google-sheets-html-origin><\/p>\n<table xmlns=\"http:\/\/www.w3.org\/1999\/xhtml\" cellspacing=\"0\" cellpadding=\"0\" dir=\"ltr\" border=\"0\" data-sheets-root=\"1\" data-sheets-baot=\"1\" style=\"height: 1440px; border-style: hidden;\">\n<colgroup>\n<col width=\"41\" \/>\n<col width=\"346\" \/>\n<col width=\"136\" \/>\n<col width=\"182\" \/><\/colgroup>\n<tbody>\n<tr style=\"height: 24px;\">\n<td style=\"height: 24px; width: 18.984375px;\">N\u00b0<\/td>\n<td style=\"height: 24px; width: 118.65625px;\">Nombre<\/td>\n<td style=\"height: 24px; width: 106.015625px;\">Paterno<\/td>\n<td style=\"height: 24px; width: 96.96875px;\">Materno<\/td>\n<\/tr>\n<tr style=\"height: 24px;\">\n<td style=\"height: 24px; width: 18.984375px;\">1<\/td>\n<td style=\"height: 24px; width: 118.65625px;\">NICOL ISABEL<\/td>\n<td style=\"height: 24px; width: 106.015625px;\">ALVARADO<\/td>\n<td style=\"height: 24px; width: 96.96875px;\">GUZM\u00c1N<\/td>\n<\/tr>\n<tr style=\"height: 48px;\">\n<td style=\"height: 48px; width: 18.984375px;\">2<\/td>\n<td style=\"height: 48px; width: 118.65625px;\">VALENTINA ANDREA<\/td>\n<td style=\"height: 48px; width: 106.015625px;\">ASTARGO<\/td>\n<td style=\"height: 48px; width: 96.96875px;\">ORELLANA<\/td>\n<\/tr>\n<tr style=\"height: 48px;\">\n<td style=\"height: 48px; width: 18.984375px;\">3<\/td>\n<td style=\"height: 48px; width: 118.65625px;\">JAVIERA IGNACIA<\/td>\n<td style=\"height: 48px; width: 106.015625px;\">CALDER\u00d3N<\/td>\n<td style=\"height: 48px; width: 96.96875px;\">CARVALLO<\/td>\n<\/tr>\n<tr style=\"height: 48px;\">\n<td style=\"height: 48px; width: 18.984375px;\">4<\/td>\n<td style=\"height: 48px; width: 118.65625px;\">SOFHIA ENCARNACI\u00d3N<\/td>\n<td style=\"height: 48px; width: 106.015625px;\">CISTERNAS<\/td>\n<td style=\"height: 48px; width: 96.96875px;\">\u00c1VILA<\/td>\n<\/tr>\n<tr style=\"height: 72px;\">\n<td style=\"height: 72px; width: 18.984375px;\">5<\/td>\n<td style=\"height: 72px; width: 118.65625px;\">CATALINA ANTONIA ANA\u00cdS<\/td>\n<td style=\"height: 72px; width: 106.015625px;\">CISTERNAS<\/td>\n<td style=\"height: 72px; width: 96.96875px;\">CORT\u00c9S<\/td>\n<\/tr>\n<tr style=\"height: 48px;\">\n<td style=\"height: 48px; width: 18.984375px;\">6<\/td>\n<td style=\"height: 48px; width: 118.65625px;\">ROXANA XIMENA<\/td>\n<td style=\"height: 48px; width: 106.015625px;\">CONTRERAS<\/td>\n<td style=\"height: 48px; width: 96.96875px;\">ARMIJO<\/td>\n<\/tr>\n<tr style=\"height: 48px;\">\n<td style=\"height: 48px; width: 18.984375px;\">7<\/td>\n<td style=\"height: 48px; width: 118.65625px;\">ISIDORA BEL\u00c9N<\/td>\n<td style=\"height: 48px; width: 106.015625px;\">CORTEZ<\/td>\n<td style=\"height: 48px; width: 96.96875px;\">BERR\u00cdOS<\/td>\n<\/tr>\n<tr style=\"height: 48px;\">\n<td style=\"height: 48px; width: 18.984375px;\">8<\/td>\n<td style=\"height: 48px; width: 118.65625px;\">MACIEL PAULINA<\/td>\n<td style=\"height: 48px; width: 106.015625px;\">FERN\u00c1NDEZ<\/td>\n<td style=\"height: 48px; width: 96.96875px;\">HERRERA<\/td>\n<\/tr>\n<tr style=\"height: 48px;\">\n<td style=\"height: 48px; width: 18.984375px;\">9<\/td>\n<td style=\"height: 48px; width: 118.65625px;\">SOF\u00cdA IGNACIA<\/td>\n<td style=\"height: 48px; width: 106.015625px;\">FUENTES<\/td>\n<td style=\"height: 48px; width: 96.96875px;\">S\u00c1NCHEZ<\/td>\n<\/tr>\n<tr style=\"height: 48px;\">\n<td style=\"height: 48px; width: 18.984375px;\">10<\/td>\n<td style=\"height: 48px; width: 118.65625px;\">ANITA JAVIERA PAZ<\/td>\n<td style=\"height: 48px; width: 106.015625px;\">GALLARDO<\/td>\n<td style=\"height: 48px; width: 96.96875px;\">LAGOS<\/td>\n<\/tr>\n<tr style=\"height: 24px;\">\n<td style=\"height: 24px; width: 18.984375px;\">11<\/td>\n<td style=\"height: 24px; width: 118.65625px;\">KAROL MORIN<\/td>\n<td style=\"height: 24px; width: 106.015625px;\">GONZ\u00c1LEZ<\/td>\n<td style=\"height: 24px; width: 96.96875px;\">LAZCANO<\/td>\n<\/tr>\n<tr style=\"height: 24px;\">\n<td style=\"height: 24px; width: 18.984375px;\">12<\/td>\n<td style=\"height: 24px; width: 118.65625px;\">KIARA BEL\u00c9N<\/td>\n<td style=\"height: 24px; width: 106.015625px;\">GONZ\u00c1LEZ<\/td>\n<td style=\"height: 24px; width: 96.96875px;\">LAZO<\/td>\n<\/tr>\n<tr style=\"height: 48px;\">\n<td style=\"height: 48px; width: 18.984375px;\">13<\/td>\n<td style=\"height: 48px; width: 118.65625px;\">GIANNINA ITALIA<\/td>\n<td style=\"height: 48px; width: 106.015625px;\">HUEPE<\/td>\n<td style=\"height: 48px; width: 96.96875px;\">GARBARINO<\/td>\n<\/tr>\n<tr style=\"height: 48px;\">\n<td style=\"height: 48px; width: 18.984375px;\">14<\/td>\n<td style=\"height: 48px; width: 118.65625px;\">CAMILA ANDREA<\/td>\n<td style=\"height: 48px; width: 106.015625px;\">LABRA<\/td>\n<td style=\"height: 48px; width: 96.96875px;\">CALIZARIO<\/td>\n<\/tr>\n<tr style=\"height: 24px;\">\n<td style=\"height: 24px; width: 18.984375px;\">15<\/td>\n<td style=\"height: 24px; width: 118.65625px;\">CAMILA PAZ<\/td>\n<td style=\"height: 24px; width: 106.015625px;\">LAZCANO<\/td>\n<td style=\"height: 24px; width: 96.96875px;\">LAZCANO<\/td>\n<\/tr>\n<tr style=\"height: 48px;\">\n<td style=\"height: 48px; width: 18.984375px;\">16<\/td>\n<td style=\"height: 48px; width: 118.65625px;\">KRISTHY ISABEL<\/td>\n<td style=\"height: 48px; width: 106.015625px;\">LOBOS<\/td>\n<td style=\"height: 48px; width: 96.96875px;\">CARVAJAL<\/td>\n<\/tr>\n<tr style=\"height: 48px;\">\n<td style=\"height: 48px; width: 18.984375px;\">17<\/td>\n<td style=\"height: 48px; width: 118.65625px;\">ISIDORA ALEJANDRA<\/td>\n<td style=\"height: 48px; width: 106.015625px;\">MADRID<\/td>\n<td style=\"height: 48px; width: 96.96875px;\">CASTRO<\/td>\n<\/tr>\n<tr style=\"height: 48px;\">\n<td style=\"height: 48px; width: 18.984375px;\">18<\/td>\n<td style=\"height: 48px; width: 118.65625px;\">MAIRA DALLANE<\/td>\n<td style=\"height: 48px; width: 106.015625px;\">MADRID<\/td>\n<td style=\"height: 48px; width: 96.96875px;\">CIFUENTES<\/td>\n<\/tr>\n<tr style=\"height: 48px;\">\n<td style=\"height: 48px; width: 18.984375px;\">19<\/td>\n<td style=\"height: 48px; width: 118.65625px;\">GABRIELA ANTONIA<\/td>\n<td style=\"height: 48px; width: 106.015625px;\">MALDONADO<\/td>\n<td style=\"height: 48px; width: 96.96875px;\">POBLETE<\/td>\n<\/tr>\n<tr style=\"height: 48px;\">\n<td style=\"height: 48px; width: 18.984375px;\">20<\/td>\n<td style=\"height: 48px; width: 118.65625px;\">OMARA TAKARAY<\/td>\n<td style=\"height: 48px; width: 106.015625px;\">MATURANA<\/td>\n<td style=\"height: 48px; width: 96.96875px;\">CASTILLO<\/td>\n<\/tr>\n<tr style=\"height: 48px;\">\n<td style=\"height: 48px; width: 18.984375px;\">21<\/td>\n<td style=\"height: 48px; width: 118.65625px;\">STEFANIA VALENTINA<\/td>\n<td style=\"height: 48px; width: 106.015625px;\">MU\u00d1OZ<\/td>\n<td style=\"height: 48px; width: 96.96875px;\">FUENTES<\/td>\n<\/tr>\n<tr style=\"height: 48px;\">\n<td style=\"height: 48px; width: 18.984375px;\">22<\/td>\n<td style=\"height: 48px; width: 118.65625px;\">SCARLETH BEL\u00c9N<\/td>\n<td style=\"height: 48px; width: 106.015625px;\">OLIVARES<\/td>\n<td style=\"height: 48px; width: 96.96875px;\">ANDRADE<\/td>\n<\/tr>\n<tr style=\"height: 48px;\">\n<td style=\"height: 48px; width: 18.984375px;\">23<\/td>\n<td style=\"height: 48px; width: 118.65625px;\">LEONARDO ARIEL<\/td>\n<td style=\"height: 48px; width: 106.015625px;\">OROPESA<\/td>\n<td style=\"height: 48px; width: 96.96875px;\">CEPEDA<\/td>\n<\/tr>\n<tr style=\"height: 48px;\">\n<td style=\"height: 48px; width: 18.984375px;\">24<\/td>\n<td style=\"height: 48px; width: 118.65625px;\">MART\u00cdN ESTEBAN<\/td>\n<td style=\"height: 48px; width: 106.015625px;\">P\u00c1EZ<\/td>\n<td style=\"height: 48px; width: 96.96875px;\">DONOSO<\/td>\n<\/tr>\n<tr style=\"height: 24px;\">\n<td style=\"height: 24px; width: 18.984375px;\">25<\/td>\n<td style=\"height: 24px; width: 118.65625px;\">P\u00cdA DEL PILAR<\/td>\n<td style=\"height: 24px; width: 106.015625px;\">P\u00c9REZ<\/td>\n<td style=\"height: 24px; width: 96.96875px;\">FIERRO<\/td>\n<\/tr>\n<tr style=\"height: 48px;\">\n<td style=\"height: 48px; width: 18.984375px;\">26<\/td>\n<td style=\"height: 48px; width: 118.65625px;\">CATALINA JOHANA<\/td>\n<td style=\"height: 48px; width: 106.015625px;\">PIZARRO<\/td>\n<td style=\"height: 48px; width: 96.96875px;\">AHUMADA<\/td>\n<\/tr>\n<tr style=\"height: 48px;\">\n<td style=\"height: 48px; width: 18.984375px;\">27<\/td>\n<td style=\"height: 48px; width: 118.65625px;\">JAVIERA DEL PILAR<\/td>\n<td style=\"height: 48px; width: 106.015625px;\">QUIROZ<\/td>\n<td style=\"height: 48px; width: 96.96875px;\">CONTRERAS<\/td>\n<\/tr>\n<tr style=\"height: 24px;\">\n<td style=\"height: 24px; width: 18.984375px;\">28<\/td>\n<td style=\"height: 24px; width: 118.65625px;\">VALERIA PAZ<\/td>\n<td style=\"height: 24px; width: 106.015625px;\">REGULAR<\/td>\n<td style=\"height: 24px; width: 96.96875px;\">CASTILLO<\/td>\n<\/tr>\n<tr style=\"height: 48px;\">\n<td style=\"height: 48px; width: 18.984375px;\">29<\/td>\n<td style=\"height: 48px; width: 118.65625px;\">CARLA FERNANDA<\/td>\n<td style=\"height: 48px; width: 106.015625px;\">SAAVEDRA<\/td>\n<td style=\"height: 48px; width: 96.96875px;\">VERA<\/td>\n<\/tr>\n<tr style=\"height: 24px;\">\n<td style=\"height: 24px; width: 18.984375px;\">30<\/td>\n<td style=\"height: 24px; width: 118.65625px;\">MAR\u00cdA JES\u00daS<\/td>\n<td style=\"height: 24px; width: 106.015625px;\">SILVA<\/td>\n<td style=\"height: 24px; width: 96.96875px;\">HERRERA<\/td>\n<\/tr>\n<tr style=\"height: 48px;\">\n<td style=\"height: 48px; width: 18.984375px;\">31<\/td>\n<td style=\"height: 48px; width: 118.65625px;\">FERNANDA JAVIERA<\/td>\n<td style=\"height: 48px; width: 106.015625px;\">VENEGAS<\/td>\n<td style=\"height: 48px; width: 96.96875px;\">GALLARDO<\/td>\n<\/tr>\n<tr style=\"height: 24px;\">\n<td style=\"height: 24px; width: 18.984375px;\">32<\/td>\n<td style=\"height: 24px; width: 118.65625px;\">PAZ NATALIA<\/td>\n<td style=\"height: 24px; width: 106.015625px;\">VERGARA<\/td>\n<td style=\"height: 24px; width: 96.96875px;\">GONZ\u00c1LEZ<\/td>\n<\/tr>\n<tr style=\"height: 48px;\">\n<td style=\"height: 48px; width: 18.984375px;\">33<\/td>\n<td style=\"height: 48px; width: 118.65625px;\">DAMARIS LISSETT<\/td>\n<td style=\"height: 48px; width: 106.015625px;\">VILLAL\u00d3N<\/td>\n<td style=\"height: 48px; width: 96.96875px;\">PULGAR<\/td>\n<\/tr>\n<\/tbody>\n<\/table>\n<p>&nbsp;<\/p>\n<p>[\/et_pb_toggle][\/et_pb_column][\/et_pb_row][et_pb_row use_custom_gutter=\u00bbon\u00bb gutter_width=\u00bb1&#8243; _builder_version=\u00bb4.25.2&#8243; _module_preset=\u00bbdefault\u00bb width=\u00bb96%\u00bb max_width=\u00bb2560px\u00bb module_alignment=\u00bbleft\u00bb custom_padding=\u00bb||9px|3%|false|false\u00bb global_colors_info=\u00bb{}\u00bb][et_pb_column type=\u00bb4_4&#8243; _builder_version=\u00bb4.17.6&#8243; _module_preset=\u00bbdefault\u00bb global_colors_info=\u00bb{}\u00bb][et_pb_blurb use_icon=\u00bbon\u00bb font_icon=\u00bb&#xf073;||fa||400&#8243; icon_color=\u00bb#009bdb\u00bb icon_placement=\u00bbleft\u00bb image_icon_width=\u00bb53px\u00bb content_max_width=\u00bb1100px\u00bb admin_label=\u00bbAnuncio: Ceremonia de titulaci\u00f3n: jueves 9 de noviembre de 2023 10.30 horas\u00bb _builder_version=\u00bb4.27.4&#8243; _module_preset=\u00bbdefault\u00bb header_font=\u00bb|800||on|||||\u00bb header_text_color=\u00bb#303030&#8243; header_font_size=\u00bb27px\u00bb body_font=\u00bb||||||||\u00bb body_text_color=\u00bb#0099cc\u00bb body_font_size=\u00bb16px\u00bb custom_margin=\u00bb||-1px|||\u00bb global_colors_info=\u00bb{}\u00bb]<\/p>\n<h1><strong>Jueves 21 de agosto de 2025, a las 15.00 horas<\/strong><\/h1>\n<p>Auditorio, Universidad de Playa Ancha (Campus San Felipe).<\/p>\n<p>[\/et_pb_blurb][\/et_pb_column][\/et_pb_row][et_pb_row use_custom_gutter=\u00bbon\u00bb disabled_on=\u00bboff|off|off\u00bb _builder_version=\u00bb4.22.0&#8243; _module_preset=\u00bbdefault\u00bb width=\u00bb94%\u00bb max_width=\u00bb2560px\u00bb custom_padding=\u00bb18px||18px|||\u00bb global_colors_info=\u00bb{}\u00bb][et_pb_column type=\u00bb4_4&#8243; _builder_version=\u00bb4.17.6&#8243; _module_preset=\u00bbdefault\u00bb global_colors_info=\u00bb{}\u00bb][et_pb_toggle title=\u00bbPedagog\u00eda en Ingl\u00e9s\u00bb open_toggle_text_color=\u00bb#000000&#8243; open_toggle_background_color=\u00bb#FFFFFF\u00bb closed_toggle_background_color=\u00bb#FFFFFF\u00bb icon_color=\u00bb#009bdb\u00bb toggle_icon=\u00bb&#xe048;||divi||400&#8243; use_icon_font_size=\u00bbon\u00bb icon_font_size=\u00bb26px\u00bb open_icon_color=\u00bb#009bdb\u00bb open_toggle_icon=\u00bb&#xe047;||divi||400&#8243; open_use_icon_font_size=\u00bbon\u00bb open_icon_font_size=\u00bb26px\u00bb disabled_on=\u00bboff|off|off\u00bb admin_label=\u00bbPedagog\u00eda en Ingl\u00e9s\u00bb _builder_version=\u00bb4.27.4&#8243; _module_preset=\u00bbdefault\u00bb title_text_color=\u00bb#000000&#8243; title_level=\u00bbh4&#8243; title_font=\u00bb|700||on|||||\u00bb global_colors_info=\u00bb{}\u00bb]<\/p>\n<p>&nbsp;<\/p>\n<table dir=\"ltr\" style=\"border-style: hidden;\" border=\"0\" cellspacing=\"0\" cellpadding=\"0\" data-sheets-root=\"1\" data-sheets-baot=\"1\">\n<colgroup>\n<col width=\"41\" \/>\n<col width=\"346\" \/>\n<col width=\"136\" \/>\n<col width=\"182\" \/><\/colgroup>\n<tbody>\n<tr>\n<td>N\u00b0<\/td>\n<td>Nombre<\/td>\n<td>Paterno<\/td>\n<td>Materno<\/td>\n<\/tr>\n<tr>\n<td>1<\/td>\n<td>PAZ SALOM\u00c9<\/td>\n<td>CANCINO<\/td>\n<td>CASTILLO<\/td>\n<\/tr>\n<tr>\n<td>2<\/td>\n<td>RICARDO IGNACIO<\/td>\n<td>FIGUEROA<\/td>\n<td>PARRA<\/td>\n<\/tr>\n<tr>\n<td>3<\/td>\n<td>LUCAS MACDIEL<\/td>\n<td>HERRERA<\/td>\n<td>MU\u00d1OZ<\/td>\n<\/tr>\n<tr>\n<td>4<\/td>\n<td>ALONSO PAOLO<\/td>\n<td>JIL<\/td>\n<td>ROJAS<\/td>\n<\/tr>\n<tr>\n<td>5<\/td>\n<td>CONSTANZA MICHELE<\/td>\n<td>MORALES<\/td>\n<td>GONZ\u00c1LEZ<\/td>\n<\/tr>\n<tr>\n<td>6<\/td>\n<td>CATALINA ESPERANZA<\/td>\n<td>OYARZ\u00daN<\/td>\n<td>ALARC\u00d3N<\/td>\n<\/tr>\n<tr>\n<td>7<\/td>\n<td>LUKAS BENJAM\u00cdN<\/td>\n<td>PALOMINOS<\/td>\n<td>BRITO<\/td>\n<\/tr>\n<tr>\n<td>8<\/td>\n<td>ESCARLETT DANIELA<\/td>\n<td>PINEDA<\/td>\n<td>VILLARROEL<\/td>\n<\/tr>\n<tr>\n<td>9<\/td>\n<td>GABRIEL ABRAHAM<\/td>\n<td>PULGAR<\/td>\n<td>LEIVA<\/td>\n<\/tr>\n<tr>\n<td>10<\/td>\n<td>PAULINA VICTORIA DE LOURDES<\/td>\n<td>SEP\u00daLVEDA<\/td>\n<td>ROBLES<\/td>\n<\/tr>\n<tr>\n<td>11<\/td>\n<td>PABLO NICOL\u00c1S<\/td>\n<td>SILVA<\/td>\n<td>MALDINI<\/td>\n<\/tr>\n<tr>\n<td>12<\/td>\n<td>FRANCISCA KARINA<\/td>\n<td>SOTO<\/td>\n<td>NARV\u00c1EZ<\/td>\n<\/tr>\n<tr>\n<td>13<\/td>\n<td>KIARA VALENTINA<\/td>\n<td>ZAMORA<\/td>\n<td>JIL<\/td>\n<\/tr>\n<\/tbody>\n<\/table>\n<p>&nbsp;<\/p>\n<p>[\/et_pb_toggle][et_pb_toggle title=\u00bbINGENIER\u00cdA EN INFORM\u00c1TICA menci\u00f3n  GESTI\u00d3N DE LA INFORMACI\u00d3N\u00bb open_toggle_text_color=\u00bb#000000&#8243; open_toggle_background_color=\u00bb#FFFFFF\u00bb closed_toggle_background_color=\u00bb#FFFFFF\u00bb icon_color=\u00bb#009bdb\u00bb toggle_icon=\u00bb&#xe048;||divi||400&#8243; use_icon_font_size=\u00bbon\u00bb icon_font_size=\u00bb26px\u00bb open_icon_color=\u00bb#009bdb\u00bb open_toggle_icon=\u00bb&#xe047;||divi||400&#8243; open_use_icon_font_size=\u00bbon\u00bb open_icon_font_size=\u00bb26px\u00bb disabled_on=\u00bboff|off|off\u00bb admin_label=\u00bbINGENIER\u00cdA EN INFORM\u00c1TICA menci\u00f3n  GESTI\u00d3N DE LA INFORMACI\u00d3N\u00bb _builder_version=\u00bb4.27.4&#8243; _module_preset=\u00bbdefault\u00bb title_text_color=\u00bb#000000&#8243; title_level=\u00bbh4&#8243; title_font=\u00bb|700||on|||||\u00bb global_colors_info=\u00bb{}\u00bb]<\/p>\n<p>&nbsp;<\/p>\n<table dir=\"ltr\" style=\"border-style: hidden;\" border=\"0\" cellspacing=\"0\" cellpadding=\"0\" data-sheets-root=\"1\" data-sheets-baot=\"1\">\n<colgroup>\n<col width=\"41\" \/>\n<col width=\"346\" \/>\n<col width=\"136\" \/>\n<col width=\"182\" \/><\/colgroup>\n<tbody>\n<tr>\n<td>N\u00b0<\/td>\n<td>Nombre<\/td>\n<td>Paterno<\/td>\n<td>Materno<\/td>\n<\/tr>\n<tr>\n<td>1<\/td>\n<td>BYRON NICOL\u00c1S<\/td>\n<td>CORT\u00c9S<\/td>\n<td>QUIROZ<\/td>\n<\/tr>\n<tr>\n<td>2<\/td>\n<td>YANKO ANDRES<\/td>\n<td>DELGADO<\/td>\n<td>CANEO<\/td>\n<\/tr>\n<tr>\n<td>3<\/td>\n<td>JAIME ESTEBAN<\/td>\n<td>ESPINOZA<\/td>\n<td>LAZCANO<\/td>\n<\/tr>\n<tr>\n<td>4<\/td>\n<td>NICOL\u00c1S ANDR\u00c9S<\/td>\n<td>VARGAS<\/td>\n<td>VALDEBENITO<\/td>\n<\/tr>\n<tr>\n<td>5<\/td>\n<td>SEBASTI\u00c1N AN\u00cdBAL<\/td>\n<td>ZAPATA<\/td>\n<td>FUENZALIDA<\/td>\n<\/tr>\n<\/tbody>\n<\/table>\n<p>&nbsp;<\/p>\n<p>[\/et_pb_toggle][et_pb_toggle title=\u00bbPEDAGOG\u00cdA EN HISTORIA Y GEOGRAF\u00cdA\u00bb open_toggle_text_color=\u00bb#000000&#8243; open_toggle_background_color=\u00bb#FFFFFF\u00bb closed_toggle_background_color=\u00bb#FFFFFF\u00bb icon_color=\u00bb#009bdb\u00bb toggle_icon=\u00bb&#xe048;||divi||400&#8243; use_icon_font_size=\u00bbon\u00bb icon_font_size=\u00bb26px\u00bb open_icon_color=\u00bb#009bdb\u00bb open_toggle_icon=\u00bb&#xe047;||divi||400&#8243; open_use_icon_font_size=\u00bbon\u00bb open_icon_font_size=\u00bb26px\u00bb disabled_on=\u00bboff|off|off\u00bb admin_label=\u00bbPEDAGOG\u00cdA EN HISTORIA Y GEOGRAF\u00cdA\u00bb _builder_version=\u00bb4.27.4&#8243; _module_preset=\u00bbdefault\u00bb title_text_color=\u00bb#000000&#8243; title_level=\u00bbh4&#8243; title_font=\u00bb|700||on|||||\u00bb global_colors_info=\u00bb{}\u00bb]<\/p>\n<p>&nbsp;<\/p>\n<table dir=\"ltr\" style=\"border-style: hidden;\" border=\"0\" cellspacing=\"0\" cellpadding=\"0\" data-sheets-root=\"1\" data-sheets-baot=\"1\">\n<colgroup>\n<col width=\"41\" \/>\n<col width=\"346\" \/>\n<col width=\"136\" \/>\n<col width=\"182\" \/><\/colgroup>\n<tbody>\n<tr>\n<td>N\u00b0<\/td>\n<td>Nombre<\/td>\n<td>Paterno<\/td>\n<td>Materno<\/td>\n<\/tr>\n<tr>\n<td>1<\/td>\n<td>YANIRKA CLEMENTINA<\/td>\n<td>CALDER\u00d3N<\/td>\n<td>D\u00cdAZ<\/td>\n<\/tr>\n<tr>\n<td>2<\/td>\n<td>JORGE ANDR\u00c9S<\/td>\n<td>HEGER<\/td>\n<td>GARC\u00cdA<\/td>\n<\/tr>\n<tr>\n<td>3<\/td>\n<td>H\u00c9CTOR ANDR\u00c9S<\/td>\n<td>LOYOLA<\/td>\n<td>FERN\u00c1NDEZ<\/td>\n<\/tr>\n<tr>\n<td>4<\/td>\n<td>DIEGO FERNANDO<\/td>\n<td>P\u00c1EZ<\/td>\n<td>ESP\u00cdNDOLA<\/td>\n<\/tr>\n<tr>\n<td>5<\/td>\n<td>ANDREA NATALI<\/td>\n<td>P\u00c9REZ<\/td>\n<td>FERN\u00c1NDEZ<\/td>\n<\/tr>\n<tr>\n<td>6<\/td>\n<td>JANIS ENGEL JAVIERA<\/td>\n<td>SOTO<\/td>\n<td>MENA<\/td>\n<\/tr>\n<tr>\n<td>7<\/td>\n<td>BYRON ORLANDO<\/td>\n<td>VILLARROEL<\/td>\n<td>LARA<\/td>\n<\/tr>\n<\/tbody>\n<\/table>\n<p>&nbsp;<\/p>\n<p>[\/et_pb_toggle][et_pb_toggle title=\u00bbPEDAGOG\u00cdA EN CASTELLANO\u00bb open_toggle_text_color=\u00bb#000000&#8243; open_toggle_background_color=\u00bb#FFFFFF\u00bb closed_toggle_background_color=\u00bb#FFFFFF\u00bb icon_color=\u00bb#009bdb\u00bb toggle_icon=\u00bb&#xe048;||divi||400&#8243; use_icon_font_size=\u00bbon\u00bb icon_font_size=\u00bb26px\u00bb open_icon_color=\u00bb#009bdb\u00bb open_toggle_icon=\u00bb&#xe047;||divi||400&#8243; open_use_icon_font_size=\u00bbon\u00bb open_icon_font_size=\u00bb26px\u00bb disabled_on=\u00bboff|off|off\u00bb admin_label=\u00bbPEDAGOG\u00cdA EN CASTELLANO\u00bb _builder_version=\u00bb4.27.4&#8243; _module_preset=\u00bbdefault\u00bb title_text_color=\u00bb#000000&#8243; title_level=\u00bbh4&#8243; title_font=\u00bb|700||on|||||\u00bb global_colors_info=\u00bb{}\u00bb]<\/p>\n<p>&nbsp;<\/p>\n<table dir=\"ltr\" style=\"border-style: hidden;\" border=\"0\" cellspacing=\"0\" cellpadding=\"0\" data-sheets-root=\"1\" data-sheets-baot=\"1\">\n<colgroup>\n<col width=\"41\" \/>\n<col width=\"346\" \/>\n<col width=\"136\" \/>\n<col width=\"182\" \/><\/colgroup>\n<tbody>\n<tr>\n<td>N\u00b0<\/td>\n<td>Nombre<\/td>\n<td>Paterno<\/td>\n<td>Materno<\/td>\n<\/tr>\n<tr>\n<td>1<\/td>\n<td>TAMARA ANDREA<\/td>\n<td>ARIAS<\/td>\n<td>MENDOZA<\/td>\n<\/tr>\n<tr>\n<td>2<\/td>\n<td>JEREM\u00cdAS ISRAEL<\/td>\n<td>ARRU\u00c9<\/td>\n<td>GALLARDO<\/td>\n<\/tr>\n<tr>\n<td>3<\/td>\n<td>PATRICIO ALEJANDRO<\/td>\n<td>CARVAJAL<\/td>\n<td>CONTRERAS<\/td>\n<\/tr>\n<tr>\n<td>4<\/td>\n<td>VALLERY CONSTANZA<\/td>\n<td>CONTRERAS<\/td>\n<td>ESTAY<\/td>\n<\/tr>\n<tr>\n<td>5<\/td>\n<td>SOF\u00cdA ALEJANDRA<\/td>\n<td>ESTAY<\/td>\n<td>CONTRERAS<\/td>\n<\/tr>\n<tr>\n<td>6<\/td>\n<td>DANTE CRIST\u00d3BAL<\/td>\n<td>FERN\u00c1NDEZ<\/td>\n<td>VERGARA<\/td>\n<\/tr>\n<tr>\n<td>7<\/td>\n<td>PAULINA JES\u00daS<\/td>\n<td>FRANCO<\/td>\n<td>CARVALLO<\/td>\n<\/tr>\n<tr>\n<td>8<\/td>\n<td>NAYARETH MURIER<\/td>\n<td>HENR\u00cdQUEZ<\/td>\n<td>CARVAJAL<\/td>\n<\/tr>\n<tr>\n<td>9<\/td>\n<td>CAROL FRANCISCA<\/td>\n<td>LEIVA<\/td>\n<td>VILLARROEL<\/td>\n<\/tr>\n<tr>\n<td>10<\/td>\n<td>JENIFER AYLIEN<\/td>\n<td>TAPIA<\/td>\n<td>JELDES<\/td>\n<\/tr>\n<\/tbody>\n<\/table>\n<p>&nbsp;<\/p>\n<p>[\/et_pb_toggle][\/et_pb_column][\/et_pb_row][\/et_pb_section][et_pb_section fb_built=\u00bb1&#8243; disabled_on=\u00bboff|off|off\u00bb _builder_version=\u00bb4.22.0&#8243; _module_preset=\u00bbdefault\u00bb width=\u00bb100%\u00bb max_width=\u00bb100%\u00bb custom_padding=\u00bb5px|||||\u00bb global_colors_info=\u00bb{}\u00bb][et_pb_row use_custom_gutter=\u00bbon\u00bb gutter_width=\u00bb1&#8243; _builder_version=\u00bb4.25.2&#8243; _module_preset=\u00bbdefault\u00bb width=\u00bb96%\u00bb max_width=\u00bb2560px\u00bb module_alignment=\u00bbleft\u00bb custom_padding=\u00bb||9px|3%|false|false\u00bb global_colors_info=\u00bb{}\u00bb][et_pb_column type=\u00bb4_4&#8243; _builder_version=\u00bb4.17.6&#8243; _module_preset=\u00bbdefault\u00bb global_colors_info=\u00bb{}\u00bb][et_pb_blurb title=\u00bbCeremonia de Titulaci\u00f3n &#8211; Carreras T\u00e9cnicas\u00bb use_icon=\u00bbon\u00bb font_icon=\u00bb&#xf073;||fa||400&#8243; icon_color=\u00bb#009bdb\u00bb icon_placement=\u00bbleft\u00bb image_icon_width=\u00bb53px\u00bb content_max_width=\u00bb1100px\u00bb admin_label=\u00bbAnuncio: Ceremonia de titulaci\u00f3n: jueves 9 de noviembre de 2023 10.30 horas\u00bb _builder_version=\u00bb4.27.4&#8243; _module_preset=\u00bbdefault\u00bb header_font=\u00bb|800||on|||||\u00bb header_text_color=\u00bb#303030&#8243; header_font_size=\u00bb27px\u00bb body_font=\u00bb||||||||\u00bb body_text_color=\u00bb#0099cc\u00bb body_font_size=\u00bb16px\u00bb custom_margin=\u00bb||-1px|||\u00bb global_colors_info=\u00bb{}\u00bb]<\/p>\n<h1><strong>Mi\u00e9rcoles 27 de agosto de 2025, a las 10.30 horas<\/strong><\/h1>\n<p>Auditorio, Universidad de Playa Ancha (Campus San Felipe).<\/p>\n<p>[\/et_pb_blurb][\/et_pb_column][\/et_pb_row][et_pb_row use_custom_gutter=\u00bbon\u00bb disabled_on=\u00bboff|off|off\u00bb _builder_version=\u00bb4.22.0&#8243; _module_preset=\u00bbdefault\u00bb width=\u00bb94%\u00bb max_width=\u00bb2560px\u00bb custom_padding=\u00bb18px||18px|||\u00bb global_colors_info=\u00bb{}\u00bb][et_pb_column type=\u00bb4_4&#8243; _builder_version=\u00bb4.17.6&#8243; _module_preset=\u00bbdefault\u00bb global_colors_info=\u00bb{}\u00bb][et_pb_toggle title=\u00bbT\u00c9CNICO EN ADMINISTRACI\u00d3N DE RECURSOS HUMANOS\u00bb open_toggle_text_color=\u00bb#000000&#8243; open_toggle_background_color=\u00bb#FFFFFF\u00bb closed_toggle_background_color=\u00bb#FFFFFF\u00bb icon_color=\u00bb#009bdb\u00bb toggle_icon=\u00bb&#xe048;||divi||400&#8243; use_icon_font_size=\u00bbon\u00bb icon_font_size=\u00bb26px\u00bb open_icon_color=\u00bb#009bdb\u00bb open_toggle_icon=\u00bb&#xe047;||divi||400&#8243; open_use_icon_font_size=\u00bbon\u00bb open_icon_font_size=\u00bb26px\u00bb disabled_on=\u00bboff|off|off\u00bb admin_label=\u00bbT\u00c9CNICO EN ADMINISTRACI\u00d3N DE RECURSOS HUMANOS\u00bb _builder_version=\u00bb4.27.4&#8243; _module_preset=\u00bbdefault\u00bb title_text_color=\u00bb#000000&#8243; title_level=\u00bbh4&#8243; title_font=\u00bb|700||on|||||\u00bb global_colors_info=\u00bb{}\u00bb]<\/p>\n<table dir=\"ltr\" style=\"border-style: hidden;\" border=\"0\" cellspacing=\"0\" cellpadding=\"0\" data-sheets-root=\"1\" data-sheets-baot=\"1\">\n<colgroup>\n<col width=\"46\" \/>\n<col width=\"222\" \/>\n<col width=\"170\" \/>\n<col width=\"170\" \/><\/colgroup>\n<tbody>\n<tr>\n<td>N\u00b0<\/td>\n<td>Nombre<\/td>\n<td>Paterno<\/td>\n<td>Materno<\/td>\n<\/tr>\n<tr>\n<td>1<\/td>\n<td>JAVIERA IGNACIA<\/td>\n<td>ALFARO<\/td>\n<td>URETA<\/td>\n<\/tr>\n<tr>\n<td>2<\/td>\n<td>NAYELY FRANCHESCA<\/td>\n<td>ALLENDE<\/td>\n<td>CORT\u00c9S<\/td>\n<\/tr>\n<tr>\n<td>3<\/td>\n<td>GRACIELA ALEJANDRA<\/td>\n<td>CANABES<\/td>\n<td>LAZO<\/td>\n<\/tr>\n<tr>\n<td>4<\/td>\n<td>JAVIERA ALEJANDRA<\/td>\n<td>COLLADO<\/td>\n<td>LAZO<\/td>\n<\/tr>\n<tr>\n<td>5<\/td>\n<td>GLADYS ANG\u00c9LICA<\/td>\n<td>DUQUE<\/td>\n<td>MATURANA<\/td>\n<\/tr>\n<tr>\n<td>6<\/td>\n<td>JOCELYN VALERIA<\/td>\n<td>FREDES<\/td>\n<td>VEAS<\/td>\n<\/tr>\n<tr>\n<td>7<\/td>\n<td>ELISA DOMINIQUE<\/td>\n<td>GARAY<\/td>\n<td>D\u00cdAZ<\/td>\n<\/tr>\n<tr>\n<td>8<\/td>\n<td>PAULINA DENISSE<\/td>\n<td>GARAY<\/td>\n<td>D\u00cdAZ<\/td>\n<\/tr>\n<tr>\n<td>9<\/td>\n<td>CAMILA FERNANDA<\/td>\n<td>GONZ\u00c1LEZ<\/td>\n<td>ARMIJO<\/td>\n<\/tr>\n<tr>\n<td>10<\/td>\n<td>THIARE STHEFANIA<\/td>\n<td>GONZ\u00c1LEZ<\/td>\n<td>MORENO<\/td>\n<\/tr>\n<tr>\n<td>11<\/td>\n<td>YAIN ESPERANZA<\/td>\n<td>GONZ\u00c1LEZ<\/td>\n<td>TAPIA<\/td>\n<\/tr>\n<tr>\n<td>12<\/td>\n<td>LIDIA SAMIRA<\/td>\n<td>GORMAZ<\/td>\n<td>URBINA<\/td>\n<\/tr>\n<tr>\n<td>13<\/td>\n<td>KATHALINA ANAYAD<\/td>\n<td>HENR\u00cdQUEZ<\/td>\n<td>ZAVALA<\/td>\n<\/tr>\n<tr>\n<td>14<\/td>\n<td>PATRICIA ALEJANDRA<\/td>\n<td>HUALA<\/td>\n<td>PUGA<\/td>\n<\/tr>\n<tr>\n<td>15<\/td>\n<td>CONSTANZA ANDREA<\/td>\n<td>MEDINA<\/td>\n<td>ZAMORANO<\/td>\n<\/tr>\n<tr>\n<td>16<\/td>\n<td>CAMILA ALEJANDRA<\/td>\n<td>MONTENEGRO<\/td>\n<td>PULGAR<\/td>\n<\/tr>\n<tr>\n<td>17<\/td>\n<td>KAREN EDITH<\/td>\n<td>ORTIZ<\/td>\n<td>BARRERA<\/td>\n<\/tr>\n<tr>\n<td>18<\/td>\n<td>AHILYN SAMARA<\/td>\n<td>QUI\u00d1ONES<\/td>\n<td>CARVAJAL<\/td>\n<\/tr>\n<tr>\n<td>19<\/td>\n<td>MAGDALENA BEL\u00c9N<\/td>\n<td>RAMOS<\/td>\n<td>SANTANDER<\/td>\n<\/tr>\n<tr>\n<td>20<\/td>\n<td>CAMILA ANDREA<\/td>\n<td>REYES<\/td>\n<td>CASTILLO<\/td>\n<\/tr>\n<tr>\n<td>21<\/td>\n<td>CRISTINA WANDOLY<\/td>\n<td>ROJAS<\/td>\n<td>SOZA<\/td>\n<\/tr>\n<tr>\n<td>22<\/td>\n<td>VALENTINA ALEJANDRA<\/td>\n<td>S\u00c1EZ<\/td>\n<td>HIDALGO<\/td>\n<\/tr>\n<tr>\n<td>23<\/td>\n<td>KAINA ANDREA<\/td>\n<td>S\u00c1EZ<\/td>\n<td>OT\u00c1ROLA<\/td>\n<\/tr>\n<tr>\n<td>24<\/td>\n<td>RUBY MARGARITA<\/td>\n<td>S\u00c1NCHEZ<\/td>\n<td>COLINS<\/td>\n<\/tr>\n<tr>\n<td>25<\/td>\n<td>FRANCISCA IGNACIA<\/td>\n<td>SANDOVAL<\/td>\n<td>GARC\u00cdA<\/td>\n<\/tr>\n<tr>\n<td>26<\/td>\n<td>ALMENDRA ABRIL<\/td>\n<td>TAPIA<\/td>\n<td>FLORES<\/td>\n<\/tr>\n<tr>\n<td>27<\/td>\n<td>C\u00c9SAR EMILIANO<\/td>\n<td>VEGA<\/td>\n<td>BADILLA<\/td>\n<\/tr>\n<\/tbody>\n<\/table>\n<p>[\/et_pb_toggle][et_pb_toggle title=\u00bbT\u00c9CNICO EN ADMINISTRACI\u00d3N LOG\u00cdSTICA\u00bb open_toggle_text_color=\u00bb#000000&#8243; open_toggle_background_color=\u00bb#FFFFFF\u00bb closed_toggle_background_color=\u00bb#FFFFFF\u00bb icon_color=\u00bb#009bdb\u00bb toggle_icon=\u00bb&#xe048;||divi||400&#8243; use_icon_font_size=\u00bbon\u00bb icon_font_size=\u00bb26px\u00bb open_icon_color=\u00bb#009bdb\u00bb open_toggle_icon=\u00bb&#xe047;||divi||400&#8243; open_use_icon_font_size=\u00bbon\u00bb open_icon_font_size=\u00bb26px\u00bb disabled_on=\u00bboff|off|off\u00bb admin_label=\u00bbT\u00c9CNICO EN ADMINISTRACI\u00d3N LOG\u00cdSTICA\u00bb _builder_version=\u00bb4.27.4&#8243; _module_preset=\u00bbdefault\u00bb title_text_color=\u00bb#000000&#8243; title_level=\u00bbh4&#8243; title_font=\u00bb|700||on|||||\u00bb global_colors_info=\u00bb{}\u00bb]<\/p>\n<table dir=\"ltr\" style=\"border-style: hidden;\" border=\"0\" cellspacing=\"0\" cellpadding=\"0\" data-sheets-root=\"1\" data-sheets-baot=\"1\">\n<colgroup>\n<col width=\"46\" \/>\n<col width=\"222\" \/>\n<col width=\"170\" \/>\n<col width=\"170\" \/><\/colgroup>\n<tbody>\n<tr>\n<td>N\u00b0<\/td>\n<td>Nombre<\/td>\n<td>Paterno<\/td>\n<td>Materno<\/td>\n<\/tr>\n<tr>\n<td>1<\/td>\n<td>MARIELA ANDREA<\/td>\n<td>HABLARES<\/td>\n<td>BARRAZA<\/td>\n<\/tr>\n<tr>\n<td>2<\/td>\n<td>JOS\u00c9 DANIEL<\/td>\n<td>OLIVARES<\/td>\n<td>D\u00cdAZ<\/td>\n<\/tr>\n<tr>\n<td>3<\/td>\n<td>CONSTANZA ANAHIS<\/td>\n<td>P\u00c9REZ<\/td>\n<td>CLAVER\u00cdA<\/td>\n<\/tr>\n<tr>\n<td>4<\/td>\n<td>CRISHNA ANNABELLA<\/td>\n<td>REYES<\/td>\n<td>C\u00c1RCAMO<\/td>\n<\/tr>\n<tr>\n<td>5<\/td>\n<td>FABI\u00c1N ALEJANDRO<\/td>\n<td>REYES<\/td>\n<td>REINOSO<\/td>\n<\/tr>\n<tr>\n<td>6<\/td>\n<td>MART\u00cdN ALEJANDRO<\/td>\n<td>SOLAR<\/td>\n<td>SU\u00c1REZ<\/td>\n<\/tr>\n<tr>\n<td>7<\/td>\n<td>ANTONELA ANA\u00cdS<\/td>\n<td>URBINA<\/td>\n<td>CUEVAS<\/td>\n<\/tr>\n<\/tbody>\n<\/table>\n<p>[\/et_pb_toggle][et_pb_toggle title=\u00bbT\u00c9CNICO EN CONTABILIDAD GENERAL\u00bb open_toggle_text_color=\u00bb#000000&#8243; open_toggle_background_color=\u00bb#FFFFFF\u00bb closed_toggle_background_color=\u00bb#FFFFFF\u00bb icon_color=\u00bb#009bdb\u00bb toggle_icon=\u00bb&#xe048;||divi||400&#8243; use_icon_font_size=\u00bbon\u00bb icon_font_size=\u00bb26px\u00bb open_icon_color=\u00bb#009bdb\u00bb open_toggle_icon=\u00bb&#xe047;||divi||400&#8243; open_use_icon_font_size=\u00bbon\u00bb open_icon_font_size=\u00bb26px\u00bb disabled_on=\u00bboff|off|off\u00bb admin_label=\u00bbT\u00c9CNICO EN CONTABILIDAD GENERAL\u00bb _builder_version=\u00bb4.27.4&#8243; _module_preset=\u00bbdefault\u00bb title_text_color=\u00bb#000000&#8243; title_level=\u00bbh4&#8243; title_font=\u00bb|700||on|||||\u00bb global_colors_info=\u00bb{}\u00bb]<\/p>\n<table dir=\"ltr\" style=\"border-style: hidden;\" border=\"0\" cellspacing=\"0\" cellpadding=\"0\" data-sheets-root=\"1\" data-sheets-baot=\"1\">\n<colgroup>\n<col width=\"46\" \/>\n<col width=\"222\" \/>\n<col width=\"170\" \/>\n<col width=\"170\" \/><\/colgroup>\n<tbody>\n<tr>\n<td>N\u00b0<\/td>\n<td>Nombre<\/td>\n<td>Paterno<\/td>\n<td>Materno<\/td>\n<\/tr>\n<tr>\n<td>1<\/td>\n<td>KARLA ISABEL<\/td>\n<td>ARANDA<\/td>\n<td>BELLO<\/td>\n<\/tr>\n<tr>\n<td>2<\/td>\n<td>ANDREA GRICELDA<\/td>\n<td>BAEZA<\/td>\n<td>ZURITA<\/td>\n<\/tr>\n<tr>\n<td>3<\/td>\n<td>IVAN EDUARDO<\/td>\n<td>BASTI\u00c1N<\/td>\n<td>S\u00c1NCHEZ<\/td>\n<\/tr>\n<tr>\n<td>4<\/td>\n<td>PAULINA FERNANDA<\/td>\n<td>CASTILLO<\/td>\n<td>MOLINA<\/td>\n<\/tr>\n<tr>\n<td>5<\/td>\n<td>JANINA ROC\u00cdO<\/td>\n<td>CUEVAS<\/td>\n<td>ALFARO<\/td>\n<\/tr>\n<tr>\n<td>6<\/td>\n<td>LAURA DAYARI<\/td>\n<td>ORTEGA<\/td>\n<td>CASTILLO<\/td>\n<\/tr>\n<tr>\n<td>7<\/td>\n<td>DANIELA ANDREA<\/td>\n<td>QUIROGA<\/td>\n<td>SILVA<\/td>\n<\/tr>\n<tr>\n<td>8<\/td>\n<td>PAOLA ANGELINA<\/td>\n<td>SAZO<\/td>\n<td>VALVERDE<\/td>\n<\/tr>\n<\/tbody>\n<\/table>\n<p>[\/et_pb_toggle][et_pb_toggle title=\u00bbT\u00c9CNICO EN GEOLOG\u00cdA MINERA\u00bb open_toggle_text_color=\u00bb#000000&#8243; open_toggle_background_color=\u00bb#FFFFFF\u00bb closed_toggle_background_color=\u00bb#FFFFFF\u00bb icon_color=\u00bb#009bdb\u00bb toggle_icon=\u00bb&#xe048;||divi||400&#8243; use_icon_font_size=\u00bbon\u00bb icon_font_size=\u00bb26px\u00bb open_icon_color=\u00bb#009bdb\u00bb open_toggle_icon=\u00bb&#xe047;||divi||400&#8243; open_use_icon_font_size=\u00bbon\u00bb open_icon_font_size=\u00bb26px\u00bb disabled_on=\u00bboff|off|off\u00bb admin_label=\u00bbT\u00c9CNICO EN GEOLOG\u00cdA MINERA\u00bb _builder_version=\u00bb4.27.4&#8243; _module_preset=\u00bbdefault\u00bb title_text_color=\u00bb#000000&#8243; title_level=\u00bbh4&#8243; title_font=\u00bb|700||on|||||\u00bb global_colors_info=\u00bb{}\u00bb]<\/p>\n<table dir=\"ltr\" style=\"border-style: hidden;\" border=\"0\" cellspacing=\"0\" cellpadding=\"0\" data-sheets-root=\"1\" data-sheets-baot=\"1\">\n<colgroup>\n<col width=\"46\" \/>\n<col width=\"222\" \/>\n<col width=\"170\" \/>\n<col width=\"170\" \/><\/colgroup>\n<tbody>\n<tr>\n<td>N\u00b0<\/td>\n<td>Nombre<\/td>\n<td>Paterno<\/td>\n<td>Materno<\/td>\n<\/tr>\n<tr>\n<td>1<\/td>\n<td>M\u00c1XIMO YERAL<\/td>\n<td>MIRANDA<\/td>\n<td>BUSTAMANTE<\/td>\n<\/tr>\n<\/tbody>\n<\/table>\n<p>[\/et_pb_toggle][et_pb_toggle title=\u00bbT\u00c9CNICO EN PREVENCI\u00d3N DE RIESGOS\u00bb open_toggle_text_color=\u00bb#000000&#8243; open_toggle_background_color=\u00bb#FFFFFF\u00bb closed_toggle_background_color=\u00bb#FFFFFF\u00bb icon_color=\u00bb#009bdb\u00bb toggle_icon=\u00bb&#xe048;||divi||400&#8243; use_icon_font_size=\u00bbon\u00bb icon_font_size=\u00bb26px\u00bb open_icon_color=\u00bb#009bdb\u00bb open_toggle_icon=\u00bb&#xe047;||divi||400&#8243; open_use_icon_font_size=\u00bbon\u00bb open_icon_font_size=\u00bb26px\u00bb disabled_on=\u00bboff|off|off\u00bb admin_label=\u00bbT\u00c9CNICO EN PREVENCI\u00d3N DE RIESGOS\u00bb _builder_version=\u00bb4.27.4&#8243; _module_preset=\u00bbdefault\u00bb title_text_color=\u00bb#000000&#8243; title_level=\u00bbh4&#8243; title_font=\u00bb|700||on|||||\u00bb global_colors_info=\u00bb{}\u00bb]<\/p>\n<table dir=\"ltr\" style=\"border-style: hidden;\" border=\"0\" cellspacing=\"0\" cellpadding=\"0\" data-sheets-root=\"1\" data-sheets-baot=\"1\">\n<colgroup>\n<col width=\"46\" \/>\n<col width=\"222\" \/>\n<col width=\"170\" \/>\n<col width=\"170\" \/><\/colgroup>\n<tbody>\n<tr>\n<td>N\u00b0<\/td>\n<td>Nombre<\/td>\n<td>Paterno<\/td>\n<td>Materno<\/td>\n<\/tr>\n<tr>\n<td>1<\/td>\n<td>PEDRO ALEJANDRO<\/td>\n<td>MONTES<\/td>\n<td>VERGARA<\/td>\n<\/tr>\n<\/tbody>\n<\/table>\n<p>[\/et_pb_toggle][\/et_pb_column][\/et_pb_row][et_pb_row use_custom_gutter=\u00bbon\u00bb gutter_width=\u00bb1&#8243; disabled_on=\u00bboff|off|off\u00bb _builder_version=\u00bb4.25.2&#8243; _module_preset=\u00bbdefault\u00bb width=\u00bb96%\u00bb max_width=\u00bb2560px\u00bb module_alignment=\u00bbleft\u00bb custom_padding=\u00bb||9px|3%|false|false\u00bb global_colors_info=\u00bb{}\u00bb][et_pb_column type=\u00bb4_4&#8243; _builder_version=\u00bb4.17.6&#8243; _module_preset=\u00bbdefault\u00bb global_colors_info=\u00bb{}\u00bb][et_pb_blurb use_icon=\u00bbon\u00bb font_icon=\u00bb&#xf073;||fa||400&#8243; icon_color=\u00bb#009bdb\u00bb icon_placement=\u00bbleft\u00bb image_icon_width=\u00bb53px\u00bb content_max_width=\u00bb1100px\u00bb admin_label=\u00bbAnuncio: Ceremonia de titulaci\u00f3n: jueves 9 de noviembre de 2023 10.30 horas\u00bb _builder_version=\u00bb4.27.4&#8243; _module_preset=\u00bbdefault\u00bb header_font=\u00bb|800||on|||||\u00bb header_text_color=\u00bb#303030&#8243; header_font_size=\u00bb27px\u00bb body_font=\u00bb||||||||\u00bb body_text_color=\u00bb#0099cc\u00bb body_font_size=\u00bb16px\u00bb custom_margin=\u00bb||-1px|||\u00bb global_colors_info=\u00bb{}\u00bb]<\/p>\n<h1><strong>Mi\u00e9rcoles 27 de agosto<\/strong><strong>\u00a0de 2025, a las 15.00 horas<\/strong><\/h1>\n<p>Auditorio, Universidad de Playa Ancha (Campus San Felipe).<\/p>\n<p>[\/et_pb_blurb][\/et_pb_column][\/et_pb_row][et_pb_row use_custom_gutter=\u00bbon\u00bb disabled_on=\u00bboff|off|off\u00bb _builder_version=\u00bb4.22.0&#8243; _module_preset=\u00bbdefault\u00bb width=\u00bb94%\u00bb max_width=\u00bb2560px\u00bb custom_padding=\u00bb18px||18px|||\u00bb global_colors_info=\u00bb{}\u00bb][et_pb_column type=\u00bb4_4&#8243; _builder_version=\u00bb4.17.6&#8243; _module_preset=\u00bbdefault\u00bb global_colors_info=\u00bb{}\u00bb][et_pb_toggle title=\u00bbT\u00c9CNICO EN ELECTRICIDAD\u00bb open_toggle_text_color=\u00bb#000000&#8243; open_toggle_background_color=\u00bb#FFFFFF\u00bb closed_toggle_background_color=\u00bb#FFFFFF\u00bb icon_color=\u00bb#009bdb\u00bb toggle_icon=\u00bb&#xe048;||divi||400&#8243; use_icon_font_size=\u00bbon\u00bb icon_font_size=\u00bb26px\u00bb open_icon_color=\u00bb#009bdb\u00bb open_toggle_icon=\u00bb&#xe047;||divi||400&#8243; open_use_icon_font_size=\u00bbon\u00bb open_icon_font_size=\u00bb26px\u00bb disabled_on=\u00bboff|off|off\u00bb admin_label=\u00bbT\u00e9cnico en electricidad\u00bb _builder_version=\u00bb4.27.4&#8243; _module_preset=\u00bbdefault\u00bb title_text_color=\u00bb#000000&#8243; title_level=\u00bbh4&#8243; title_font=\u00bb|700||on|||||\u00bb global_colors_info=\u00bb{}\u00bb]<\/p>\n<table dir=\"ltr\" style=\"border-style: hidden;\" border=\"0\" cellspacing=\"0\" cellpadding=\"0\" data-sheets-root=\"1\" data-sheets-baot=\"1\">\n<colgroup>\n<col width=\"46\" \/>\n<col width=\"222\" \/>\n<col width=\"170\" \/>\n<col width=\"170\" \/><\/colgroup>\n<tbody>\n<tr>\n<td>N\u00b0<\/td>\n<td>Nombre<\/td>\n<td>Paterno<\/td>\n<td>Materno<\/td>\n<\/tr>\n<tr>\n<td>1<\/td>\n<td>MAT\u00cdAS ROLANDO<\/td>\n<td>ALISTE<\/td>\n<td>BARR\u00cdA<\/td>\n<\/tr>\n<tr>\n<td>2<\/td>\n<td>BRANDON SEBASTIAN<\/td>\n<td>ARAYA<\/td>\n<td>ROCHA<\/td>\n<\/tr>\n<tr>\n<td>3<\/td>\n<td>MAYCOL DANIEL<\/td>\n<td>BARRERA<\/td>\n<td>MANZANO<\/td>\n<\/tr>\n<tr>\n<td>4<\/td>\n<td>CAMILA IGNACIA<\/td>\n<td>CORDERO<\/td>\n<td>APABLAZA<\/td>\n<\/tr>\n<tr>\n<td>5<\/td>\n<td>ODILO NICOL\u00c1S<\/td>\n<td>FERN\u00c1NDEZ<\/td>\n<td>ESTAY<\/td>\n<\/tr>\n<tr>\n<td>6<\/td>\n<td>JEREM\u00cdAS ROM\u00c1N<\/td>\n<td>FLORES<\/td>\n<td>MACHUCA<\/td>\n<\/tr>\n<tr>\n<td>7<\/td>\n<td>JAVIERA CONSTANZA<\/td>\n<td>GONZ\u00c1LEZ<\/td>\n<td>PANGUE<\/td>\n<\/tr>\n<tr>\n<td>8<\/td>\n<td>EMANUEL ALEJANDRO<\/td>\n<td>LAZO<\/td>\n<td>SALINAS<\/td>\n<\/tr>\n<tr>\n<td>9<\/td>\n<td>FRANCO MAT\u00cdAS<\/td>\n<td>ORTEGA<\/td>\n<td>LABRA<\/td>\n<\/tr>\n<tr>\n<td>10<\/td>\n<td>MAT\u00cdAS IGNACIO<\/td>\n<td>PARRA<\/td>\n<td>VICENCIO<\/td>\n<\/tr>\n<tr>\n<td>11<\/td>\n<td>KEILA<\/td>\n<td>PINILLA<\/td>\n<td>ALCAYAGA<\/td>\n<\/tr>\n<tr>\n<td>12<\/td>\n<td>OSCAR ENRIQUE<\/td>\n<td>SEP\u00daLVEDA<\/td>\n<td>SALGADO<\/td>\n<\/tr>\n<tr>\n<td>13<\/td>\n<td>DEMIAN ELIAN<\/td>\n<td>TRIVICK<\/td>\n<td>L\u00d3PEZ<\/td>\n<\/tr>\n<tr>\n<td>14<\/td>\n<td>JOSHUA IV\u00c1N<\/td>\n<td>VILCHES<\/td>\n<td>GONZ\u00c1LEZ<\/td>\n<\/tr>\n<\/tbody>\n<\/table>\n<p>[\/et_pb_toggle][et_pb_toggle title=\u00bbT\u00c9CNICO EN CONSTRUCCI\u00d3N\u00bb open_toggle_text_color=\u00bb#000000&#8243; open_toggle_background_color=\u00bb#FFFFFF\u00bb closed_toggle_background_color=\u00bb#FFFFFF\u00bb icon_color=\u00bb#009bdb\u00bb toggle_icon=\u00bb&#xe048;||divi||400&#8243; use_icon_font_size=\u00bbon\u00bb icon_font_size=\u00bb26px\u00bb open_icon_color=\u00bb#009bdb\u00bb open_toggle_icon=\u00bb&#xe047;||divi||400&#8243; open_use_icon_font_size=\u00bbon\u00bb open_icon_font_size=\u00bb26px\u00bb disabled_on=\u00bboff|off|off\u00bb admin_label=\u00bbT\u00c9CNICO EN CONSTRUCCI\u00d3N\u00bb _builder_version=\u00bb4.27.4&#8243; _module_preset=\u00bbdefault\u00bb title_text_color=\u00bb#000000&#8243; title_level=\u00bbh4&#8243; title_font=\u00bb|700||on|||||\u00bb global_colors_info=\u00bb{}\u00bb]<\/p>\n<table dir=\"ltr\" style=\"border-style: hidden;\" border=\"0\" cellspacing=\"0\" cellpadding=\"0\" data-sheets-root=\"1\" data-sheets-baot=\"1\">\n<colgroup>\n<col width=\"46\" \/>\n<col width=\"222\" \/>\n<col width=\"170\" \/>\n<col width=\"170\" \/><\/colgroup>\n<tbody>\n<tr>\n<td>N\u00b0<\/td>\n<td>Nombre<\/td>\n<td>Paterno<\/td>\n<td>Materno<\/td>\n<\/tr>\n<tr>\n<td>1<\/td>\n<td>MIGUEL ANGEL<\/td>\n<td>ALLENDE<\/td>\n<td>CARVAJAL<\/td>\n<\/tr>\n<tr>\n<td>2<\/td>\n<td>CRISTIAN MARCELO<\/td>\n<td>ARACENA<\/td>\n<td>ARAYA<\/td>\n<\/tr>\n<tr>\n<td>3<\/td>\n<td>ELVIS EDUARDO<\/td>\n<td>FERN\u00c1NDEZ<\/td>\n<td>BRITO<\/td>\n<\/tr>\n<tr>\n<td>4<\/td>\n<td>DIEGO ALONSO<\/td>\n<td>HERRERA<\/td>\n<td>P\u00c9REZ<\/td>\n<\/tr>\n<tr>\n<td>5<\/td>\n<td>SAMUEL JESUS<\/td>\n<td>MALDONADO<\/td>\n<td>SAN MART\u00cdN<\/td>\n<\/tr>\n<tr>\n<td>6<\/td>\n<td>LUIS ANTONIO<\/td>\n<td>MORALES<\/td>\n<td>MANZANO<\/td>\n<\/tr>\n<tr>\n<td>7<\/td>\n<td>JOAQU\u00cdN ANDR\u00c9S<\/td>\n<td>RIQUELME<\/td>\n<td>MALDONADO<\/td>\n<\/tr>\n<tr>\n<td>8<\/td>\n<td>RODRIGO JORDANO GREGORIO<\/td>\n<td>RIVERA<\/td>\n<td>SAAVEDRA<\/td>\n<\/tr>\n<tr>\n<td>9<\/td>\n<td>JOAQU\u00cdN IGNACIO<\/td>\n<td>SALINAS<\/td>\n<td>BAHAMONDES<\/td>\n<\/tr>\n<tr>\n<td>10<\/td>\n<td>LUIS ANDR\u00c9S<\/td>\n<td>SALINAS<\/td>\n<td>MU\u00d1OZ<\/td>\n<\/tr>\n<tr>\n<td>11<\/td>\n<td>MELISSA BEL\u00c9N<\/td>\n<td>SALINAS<\/td>\n<td>PIZARRO<\/td>\n<\/tr>\n<tr>\n<td>12<\/td>\n<td>TAMARA MARGARITA<\/td>\n<td>TAPIA<\/td>\n<td>CALDER\u00d3N<\/td>\n<\/tr>\n<tr>\n<td>13<\/td>\n<td>SEBASTI\u00c1N JULIO<\/td>\n<td>VERGARA<\/td>\n<td>TRONCOSO<\/td>\n<\/tr>\n<tr>\n<td>14<\/td>\n<td>KEVIN ALBERTO<\/td>\n<td>VILLAGR\u00c1N<\/td>\n<td>RIVEROS<\/td>\n<\/tr>\n<tr>\n<td>15<\/td>\n<td>ALEJANDRO ANDR\u00c9S<\/td>\n<td>VILLALOBOS<\/td>\n<td>ARAVENA<\/td>\n<\/tr>\n<tr>\n<td>16<\/td>\n<td>V\u00cdCTOR JAVIER<\/td>\n<td>ZAMORA<\/td>\n<td>ESPINOZA<\/td>\n<\/tr>\n<\/tbody>\n<\/table>\n<p>[\/et_pb_toggle][et_pb_toggle title=\u00bbT\u00c9CNICO EN MINERIA\u00bb open_toggle_text_color=\u00bb#000000&#8243; open_toggle_background_color=\u00bb#FFFFFF\u00bb closed_toggle_background_color=\u00bb#FFFFFF\u00bb icon_color=\u00bb#009bdb\u00bb toggle_icon=\u00bb&#xe048;||divi||400&#8243; use_icon_font_size=\u00bbon\u00bb icon_font_size=\u00bb26px\u00bb open_icon_color=\u00bb#009bdb\u00bb open_toggle_icon=\u00bb&#xe047;||divi||400&#8243; open_use_icon_font_size=\u00bbon\u00bb open_icon_font_size=\u00bb26px\u00bb disabled_on=\u00bboff|off|off\u00bb admin_label=\u00bbT\u00c9CNICO EN MINERIA\u00bb _builder_version=\u00bb4.27.4&#8243; _module_preset=\u00bbdefault\u00bb title_text_color=\u00bb#000000&#8243; title_level=\u00bbh4&#8243; title_font=\u00bb|700||on|||||\u00bb global_colors_info=\u00bb{}\u00bb]<\/p>\n<table dir=\"ltr\" style=\"border-style: hidden;\" border=\"0\" cellspacing=\"0\" cellpadding=\"0\" data-sheets-root=\"1\" data-sheets-baot=\"1\">\n<colgroup>\n<col width=\"46\" \/>\n<col width=\"222\" \/>\n<col width=\"170\" \/>\n<col width=\"170\" \/><\/colgroup>\n<tbody>\n<tr>\n<td>N\u00b0<\/td>\n<td>Nombre<\/td>\n<td>Paterno<\/td>\n<td>Materno<\/td>\n<\/tr>\n<tr>\n<td>1<\/td>\n<td>INGER KAREN<\/td>\n<td>AEDO<\/td>\n<td>BAST\u00cdAS<\/td>\n<\/tr>\n<tr>\n<td>2<\/td>\n<td>SEBASTI\u00c1N NICOL\u00c1S<\/td>\n<td>CAMUS<\/td>\n<td>PONCE<\/td>\n<\/tr>\n<tr>\n<td>3<\/td>\n<td>DIEGO LEANDRO<\/td>\n<td>CARRASCO<\/td>\n<td>PAVEZ<\/td>\n<\/tr>\n<tr>\n<td>4<\/td>\n<td>DARLING GABRIELA<\/td>\n<td>CARVAJAL<\/td>\n<td>TAPIA<\/td>\n<\/tr>\n<tr>\n<td>5<\/td>\n<td>MARTINA ANDREA<\/td>\n<td>HERRERA<\/td>\n<td>LARA<\/td>\n<\/tr>\n<tr>\n<td>6<\/td>\n<td>NICOL\u00c1S ESTEBAN<\/td>\n<td>HUERTA<\/td>\n<td>GONZ\u00c1LEZ<\/td>\n<\/tr>\n<tr>\n<td>7<\/td>\n<td>GABRIEL IGNACIO<\/td>\n<td>MART\u00cdNEZ<\/td>\n<td>ZAPATA<\/td>\n<\/tr>\n<tr>\n<td>8<\/td>\n<td>ROLY ESTEBAN<\/td>\n<td>PARRA<\/td>\n<td>LOBOS<\/td>\n<\/tr>\n<tr>\n<td>9<\/td>\n<td>POLA ANDREA<\/td>\n<td>P\u00c9REZ<\/td>\n<td>HUERTA<\/td>\n<\/tr>\n<tr>\n<td>10<\/td>\n<td>RICARDO ANDR\u00c9S<\/td>\n<td>PULGAR<\/td>\n<td>PULGAR<\/td>\n<\/tr>\n<tr>\n<td>11<\/td>\n<td>CATALINA ALEJANDRA<\/td>\n<td>ROJAS<\/td>\n<td>ZAPATA<\/td>\n<\/tr>\n<tr>\n<td>12<\/td>\n<td>ISIDORA BEL\u00c9N<\/td>\n<td>SEGURA<\/td>\n<td>VERA<\/td>\n<\/tr>\n<tr>\n<td>13<\/td>\n<td>KEVIN NICOL\u00c1S<\/td>\n<td>VALD\u00c9S<\/td>\n<td>VARGAS<\/td>\n<\/tr>\n<tr>\n<td>14<\/td>\n<td>RENATO SEBASTI\u00c1N<\/td>\n<td>VENEGAS<\/td>\n<td>R\u00cdOS<\/td>\n<\/tr>\n<tr>\n<td>15<\/td>\n<td>STHEPHAN ANTHONIA<\/td>\n<td>ZAMORA<\/td>\n<td>IBACETA<\/td>\n<\/tr>\n<\/tbody>\n<\/table>\n<p>[\/et_pb_toggle][\/et_pb_column][\/et_pb_row][\/et_pb_section][et_pb_section fb_built=\u00bb1&#8243; disabled_on=\u00bboff|off|off\u00bb _builder_version=\u00bb4.22.0&#8243; _module_preset=\u00bbdefault\u00bb width=\u00bb100%\u00bb max_width=\u00bb100%\u00bb custom_padding=\u00bb5px|||||\u00bb global_colors_info=\u00bb{}\u00bb][et_pb_row use_custom_gutter=\u00bbon\u00bb gutter_width=\u00bb1&#8243; _builder_version=\u00bb4.25.2&#8243; _module_preset=\u00bbdefault\u00bb width=\u00bb96%\u00bb max_width=\u00bb2560px\u00bb module_alignment=\u00bbleft\u00bb custom_padding=\u00bb||9px|3%|false|false\u00bb global_colors_info=\u00bb{}\u00bb][et_pb_column type=\u00bb4_4&#8243; _builder_version=\u00bb4.17.6&#8243; _module_preset=\u00bbdefault\u00bb global_colors_info=\u00bb{}\u00bb][et_pb_blurb title=\u00bbCeremonia de Titulaci\u00f3n &#8211; Carreras T\u00e9cnicas\u00bb use_icon=\u00bbon\u00bb font_icon=\u00bb&#xf073;||fa||400&#8243; icon_color=\u00bb#009bdb\u00bb icon_placement=\u00bbleft\u00bb image_icon_width=\u00bb53px\u00bb content_max_width=\u00bb1100px\u00bb admin_label=\u00bbAnuncio: Ceremonia de titulaci\u00f3n: jueves 9 de noviembre de 2023 10.30 horas\u00bb _builder_version=\u00bb4.27.4&#8243; _module_preset=\u00bbdefault\u00bb header_font=\u00bb|800||on|||||\u00bb header_text_color=\u00bb#303030&#8243; header_font_size=\u00bb27px\u00bb body_font=\u00bb||||||||\u00bb body_text_color=\u00bb#0099cc\u00bb body_font_size=\u00bb16px\u00bb custom_margin=\u00bb||-1px|||\u00bb global_colors_info=\u00bb{}\u00bb]<\/p>\n<h1><strong>Viernes 29 de agosto de 2025, a las 10.30 horas<\/strong><\/h1>\n<p>Auditorio, Universidad de Playa Ancha (Campus San Felipe).<\/p>\n<p>[\/et_pb_blurb][\/et_pb_column][\/et_pb_row][et_pb_row use_custom_gutter=\u00bbon\u00bb disabled_on=\u00bboff|off|off\u00bb _builder_version=\u00bb4.22.0&#8243; _module_preset=\u00bbdefault\u00bb width=\u00bb94%\u00bb max_width=\u00bb2560px\u00bb custom_padding=\u00bb18px||18px|||\u00bb global_colors_info=\u00bb{}\u00bb][et_pb_column type=\u00bb4_4&#8243; _builder_version=\u00bb4.17.6&#8243; _module_preset=\u00bbdefault\u00bb global_colors_info=\u00bb{}\u00bb][et_pb_toggle title=\u00bbT\u00c9CNICO EN EDUCACI\u00d3N PARVULARIA\u00bb open_toggle_text_color=\u00bb#000000&#8243; open_toggle_background_color=\u00bb#FFFFFF\u00bb closed_toggle_background_color=\u00bb#FFFFFF\u00bb icon_color=\u00bb#009bdb\u00bb toggle_icon=\u00bb&#xe048;||divi||400&#8243; use_icon_font_size=\u00bbon\u00bb icon_font_size=\u00bb26px\u00bb open_icon_color=\u00bb#009bdb\u00bb open_toggle_icon=\u00bb&#xe047;||divi||400&#8243; open_use_icon_font_size=\u00bbon\u00bb open_icon_font_size=\u00bb26px\u00bb disabled_on=\u00bboff|off|off\u00bb admin_label=\u00bbT\u00c9CNICO EN EDUCACI\u00d3N PARVULARIA\u00bb _builder_version=\u00bb4.27.4&#8243; _module_preset=\u00bbdefault\u00bb title_text_color=\u00bb#000000&#8243; title_level=\u00bbh4&#8243; title_font=\u00bb|700||on|||||\u00bb global_colors_info=\u00bb{}\u00bb]<\/p>\n<table dir=\"ltr\" style=\"border-style: hidden;\" border=\"0\" cellspacing=\"0\" cellpadding=\"0\" data-sheets-root=\"1\" data-sheets-baot=\"1\">\n<colgroup>\n<col width=\"47\" \/>\n<col width=\"335\" \/>\n<col width=\"220\" \/>\n<col width=\"267\" \/><\/colgroup>\n<tbody>\n<tr>\n<td>N\u00b0<\/td>\n<td>Nombre<\/td>\n<td>Paterno<\/td>\n<td>Materno<\/td>\n<\/tr>\n<tr>\n<td>1<\/td>\n<td>EVANGELINA DEL CARMEN<\/td>\n<td>ANDRADA<\/td>\n<td>ZAMORA<\/td>\n<\/tr>\n<tr>\n<td>2<\/td>\n<td>VALENTINA ANDREA<\/td>\n<td>BURGOS<\/td>\n<td>POZO<\/td>\n<\/tr>\n<tr>\n<td>3<\/td>\n<td>DAFNE MILLARAY<\/td>\n<td>CABRERA<\/td>\n<td>AYALA<\/td>\n<\/tr>\n<tr>\n<td>4<\/td>\n<td>AVRIL HEYLIN<\/td>\n<td>CARIS<\/td>\n<td>FAR\u00cdAS<\/td>\n<\/tr>\n<tr>\n<td>5<\/td>\n<td>NICOLE ANTONELLA<\/td>\n<td>CRAVIOLATTI<\/td>\n<td>MANZUR<\/td>\n<\/tr>\n<tr>\n<td>6<\/td>\n<td>ISIDORA CONSTANZA<\/td>\n<td>DOM\u00cdNGUEZ<\/td>\n<td>SEGOVIA<\/td>\n<\/tr>\n<tr>\n<td>7<\/td>\n<td>VALENTINA ANTONIA<\/td>\n<td>ESPINOZA<\/td>\n<td>MAGNA<\/td>\n<\/tr>\n<tr>\n<td>8<\/td>\n<td>PRISCILLA ANDREA<\/td>\n<td>FLORES<\/td>\n<td>CONTRERAS<\/td>\n<\/tr>\n<tr>\n<td>9<\/td>\n<td>CAMILA ESPERANZA<\/td>\n<td>GARAY<\/td>\n<td>RIVERA<\/td>\n<\/tr>\n<tr>\n<td>10<\/td>\n<td>JAVIERA ANTONIA<\/td>\n<td>IBACETA<\/td>\n<td>MILLA<\/td>\n<\/tr>\n<tr>\n<td>11<\/td>\n<td>ISAMAR BRILLET<\/td>\n<td>JARA<\/td>\n<td>ORTIZ<\/td>\n<\/tr>\n<tr>\n<td>12<\/td>\n<td>ERIKA SUSANA<\/td>\n<td>MADRID<\/td>\n<td>PE\u00d1A<\/td>\n<\/tr>\n<tr>\n<td>13<\/td>\n<td>SUSANA EVELYN<\/td>\n<td>MILLANAO<\/td>\n<td>CA\u00d1UMIR<\/td>\n<\/tr>\n<tr>\n<td>14<\/td>\n<td>AHIDE VALERIA<\/td>\n<td>PIZARRO<\/td>\n<td>FUENZALIDA<\/td>\n<\/tr>\n<tr>\n<td>15<\/td>\n<td>ENYGER GUIANELLA<\/td>\n<td>PUEBLA<\/td>\n<td>PUEBLA<\/td>\n<\/tr>\n<tr>\n<td>16<\/td>\n<td>GABRIELA AILINE<\/td>\n<td>RAMIREZ<\/td>\n<td>RAM\u00cdREZ<\/td>\n<\/tr>\n<tr>\n<td>17<\/td>\n<td>MIANNAIS DANNA<\/td>\n<td>ROMO<\/td>\n<td>ORELLANA<\/td>\n<\/tr>\n<tr>\n<td>18<\/td>\n<td>VALESKA MACARENA<\/td>\n<td>SOL\u00cdS<\/td>\n<td>SOL\u00cdS<\/td>\n<\/tr>\n<tr>\n<td>19<\/td>\n<td>NAYADET IVONNE<\/td>\n<td>VALD\u00c9S<\/td>\n<td>BERR\u00cdOS<\/td>\n<\/tr>\n<tr>\n<td>20<\/td>\n<td>IRIS AUGUSTA<\/td>\n<td>VERGARA<\/td>\n<td>VARAS<\/td>\n<\/tr>\n<tr>\n<td>21<\/td>\n<td>CARLA ANDREA<\/td>\n<td>VILLALOBOS<\/td>\n<td>AGUILERA<\/td>\n<\/tr>\n<tr>\n<td>22<\/td>\n<td>PAOLA ANDREA<\/td>\n<td>VIRQUILAO<\/td>\n<td>FONSECA<\/td>\n<\/tr>\n<\/tbody>\n<\/table>\n<p>[\/et_pb_toggle][et_pb_toggle title=\u00bbT\u00c9CNICO EN INTERPRETACI\u00d3N LENGUA DE SE\u00d1AS\u00bb open_toggle_text_color=\u00bb#000000&#8243; open_toggle_background_color=\u00bb#FFFFFF\u00bb closed_toggle_background_color=\u00bb#FFFFFF\u00bb icon_color=\u00bb#009bdb\u00bb toggle_icon=\u00bb&#xe048;||divi||400&#8243; use_icon_font_size=\u00bbon\u00bb icon_font_size=\u00bb26px\u00bb open_icon_color=\u00bb#009bdb\u00bb open_toggle_icon=\u00bb&#xe047;||divi||400&#8243; open_use_icon_font_size=\u00bbon\u00bb open_icon_font_size=\u00bb26px\u00bb disabled_on=\u00bboff|off|off\u00bb admin_label=\u00bbT\u00c9CNICO EN INTERPRETACI\u00d3N LENGUA DE SE\u00d1AS\u00bb _builder_version=\u00bb4.27.4&#8243; _module_preset=\u00bbdefault\u00bb title_text_color=\u00bb#000000&#8243; title_level=\u00bbh4&#8243; title_font=\u00bb|700||on|||||\u00bb global_colors_info=\u00bb{}\u00bb]<\/p>\n<table dir=\"ltr\" style=\"border-style: hidden;\" border=\"0\" cellspacing=\"0\" cellpadding=\"0\" data-sheets-root=\"1\" data-sheets-baot=\"1\">\n<colgroup>\n<col width=\"47\" \/>\n<col width=\"335\" \/>\n<col width=\"220\" \/>\n<col width=\"267\" \/><\/colgroup>\n<tbody>\n<tr>\n<td>N\u00b0<\/td>\n<td>Nombre<\/td>\n<td>Paterno<\/td>\n<td>Materno<\/td>\n<\/tr>\n<tr>\n<td>1<\/td>\n<td>FABIOLA XIMENA<\/td>\n<td>AHUMADA<\/td>\n<td>OLAVE<\/td>\n<\/tr>\n<tr>\n<td>2<\/td>\n<td>DIANA ALEJANDRA<\/td>\n<td>ARAYA<\/td>\n<td>MONTENEGRO<\/td>\n<\/tr>\n<tr>\n<td>3<\/td>\n<td>JANETH ALEJANDRA<\/td>\n<td>ARCE<\/td>\n<td>SAA<\/td>\n<\/tr>\n<tr>\n<td>4<\/td>\n<td>KRISHNA SCARLETT<\/td>\n<td>FERREIRA<\/td>\n<td>MU\u00d1OZ<\/td>\n<\/tr>\n<tr>\n<td>5<\/td>\n<td>MARCELA JANETH<\/td>\n<td>FLORES<\/td>\n<td>MOLINA<\/td>\n<\/tr>\n<tr>\n<td>6<\/td>\n<td>MAR\u00cdA ANG\u00c9LICA<\/td>\n<td>GONZ\u00c1LEZ<\/td>\n<td>BRUNA<\/td>\n<\/tr>\n<tr>\n<td>7<\/td>\n<td>CLAUDIA VALERIA<\/td>\n<td>MU\u00d1OZ<\/td>\n<td>SU\u00c1REZ<\/td>\n<\/tr>\n<tr>\n<td>8<\/td>\n<td>GABRIELA CONSTANZA<\/td>\n<td>OLIVARES<\/td>\n<td>ARANCIBIA<\/td>\n<\/tr>\n<tr>\n<td>9<\/td>\n<td>NICOL\u00c1S JAVIER<\/td>\n<td>V\u00c1SQUEZ<\/td>\n<td>BERR\u00cdOS<\/td>\n<\/tr>\n<\/tbody>\n<\/table>\n<p>[\/et_pb_toggle][\/et_pb_column][\/et_pb_row][\/et_pb_section][et_pb_section fb_built=\u00bb1&#8243; specialty=\u00bbon\u00bb admin_label=\u00bbFooter\u00bb _builder_version=\u00bb4.16&#8243; use_background_color_gradient=\u00bbon\u00bb background_color_gradient_stops=\u00bbrgba(0,0,0,0.71) 0%|rgba(0,0,0,0.28) 100%\u00bb background_color_gradient_overlays_image=\u00bbon\u00bb background_color_gradient_start=\u00bbrgba(0,0,0,0.71)\u00bb background_color_gradient_end=\u00bbrgba(0,0,0,0.28)\u00bb background_image=\u00bbhttps:\/\/www.upla.cl\/titulosygrados\/wp-content\/uploads\/2018\/12\/prueba.png\u00bb custom_margin=\u00bb3px|||||\u00bb custom_padding=\u00bb30px|0px|6px|0px|false|false\u00bb background_color_gradient_stops_tablet=\u00bbrgba(0,0,0,0.71) 0%|rgba(0,0,0,0.28) 100%\u00bb background_color_gradient_stops_phone=\u00bbrgba(0,0,0,0.71) 0%|rgba(0,0,0,0.28) 100%\u00bb global_module=\u00bb1040&#8243; saved_tabs=\u00bball\u00bb collapsed=\u00bboff\u00bb global_colors_info=\u00bb{}\u00bb][et_pb_column type=\u00bb1_2&#8243; specialty_columns=\u00bb2&#8243; _builder_version=\u00bb4.16&#8243; custom_padding=\u00bb|||\u00bb global_colors_info=\u00bb{}\u00bb parallax__hover=\u00bboff\u00bb parallax_method__hover=\u00bbon\u00bb custom_padding__hover=\u00bb|||\u00bb][et_pb_row_inner _builder_version=\u00bb4.16&#8243; width=\u00bb90%\u00bb max_width=\u00bb2560px\u00bb global_colors_info=\u00bb{}\u00bb][et_pb_column_inner saved_specialty_column_type=\u00bb1_2&#8243; _builder_version=\u00bb4.16&#8243; custom_padding=\u00bb|||\u00bb global_colors_info=\u00bb{}\u00bb parallax__hover=\u00bboff\u00bb parallax_method__hover=\u00bbon\u00bb custom_padding__hover=\u00bb|||\u00bb][et_pb_text _builder_version=\u00bb4.16&#8243; text_font=\u00bbLato||||||||\u00bb text_font_size=\u00bb15px\u00bb text_line_height=\u00bb2em\u00bb ul_font=\u00bb||||||||\u00bb ol_font=\u00bb||||||||\u00bb header_font=\u00bbLato||||||||\u00bb header_2_font=\u00bbLato|700|||||||\u00bb header_2_font_size=\u00bb42px\u00bb header_2_line_height=\u00bb1.5em\u00bb header_3_font=\u00bbLato|500||on|||||\u00bb header_3_text_color=\u00bb#009bdb\u00bb header_3_font_size=\u00bb14px\u00bb header_3_letter_spacing=\u00bb2px\u00bb header_3_line_height=\u00bb2em\u00bb header_4_font=\u00bb||||||||\u00bb header_5_font=\u00bb||||||||\u00bb header_6_font=\u00bb||||||||\u00bb background_layout=\u00bbdark\u00bb max_width=\u00bb500px\u00bb text_font_size_tablet=\u00bb\u00bb text_font_size_phone=\u00bb14px\u00bb text_font_size_last_edited=\u00bbon|phone\u00bb header_2_font_size_tablet=\u00bb32px\u00bb header_2_font_size_phone=\u00bb22px\u00bb header_2_font_size_last_edited=\u00bbon|phone\u00bb locked=\u00bboff\u00bb global_colors_info=\u00bb{}\u00bb]<\/p>\n<h3>Dudas y consultas<\/h3>\n<h2>Cont\u00e1ctanos<\/h2>\n<p>[\/et_pb_text][\/et_pb_column_inner][\/et_pb_row_inner][et_pb_row_inner column_structure=\u00bb1_2,1_2&#8243; _builder_version=\u00bb4.16&#8243; global_colors_info=\u00bb{}\u00bb][et_pb_column_inner type=\u00bb1_2&#8243; saved_specialty_column_type=\u00bb1_2&#8243; _builder_version=\u00bb4.16&#8243; custom_padding=\u00bb|||\u00bb global_colors_info=\u00bb{}\u00bb parallax__hover=\u00bboff\u00bb parallax_method__hover=\u00bbon\u00bb custom_padding__hover=\u00bb|||\u00bb][et_pb_text _builder_version=\u00bb4.16&#8243; text_font=\u00bbLato||||||||\u00bb text_text_color=\u00bbrgba(255,255,255,0.7)\u00bb text_font_size=\u00bb16px\u00bb text_line_height=\u00bb2em\u00bb header_font=\u00bbLato||||||||\u00bb header_4_font=\u00bbLato|700|||||||\u00bb header_4_line_height=\u00bb1.5em\u00bb background_layout=\u00bbdark\u00bb global_colors_info=\u00bb{}\u00bb]<\/p>\n<h4>Documentos<\/h4>\n<p>Consulta aqu\u00ed sobre los documentos que podemos emitir<\/p>\n<p>[\/et_pb_text][et_pb_text _builder_version=\u00bb4.16&#8243; text_font=\u00bbLato||||||||\u00bb text_text_color=\u00bbrgba(255,255,255,0.7)\u00bb text_font_size=\u00bb16px\u00bb text_line_height=\u00bb2em\u00bb header_font=\u00bbLato||||||||\u00bb header_4_font=\u00bbLato|700|||||||\u00bb header_4_line_height=\u00bb1.5em\u00bb background_layout=\u00bbdark\u00bb global_colors_info=\u00bb{}\u00bb]<\/p>\n<h4>Legalizaci\u00f3n de documentos<\/h4>\n<p>Realiza aqu\u00ed tus comentarios si necesitas legalizar alg\u00fan documento para presentar en el extranjero o si necesitas utilizar un certificado proveniente de una instituci\u00f3n extranjera.<\/p>\n<p>[\/et_pb_text][\/et_pb_column_inner][et_pb_column_inner type=\u00bb1_2&#8243; saved_specialty_column_type=\u00bb1_2&#8243; _builder_version=\u00bb4.16&#8243; custom_padding=\u00bb|||\u00bb global_colors_info=\u00bb{}\u00bb parallax__hover=\u00bboff\u00bb parallax_method__hover=\u00bbon\u00bb custom_padding__hover=\u00bb|||\u00bb][et_pb_text _builder_version=\u00bb4.16&#8243; text_font=\u00bbLato||||||||\u00bb text_text_color=\u00bbrgba(255,255,255,0.7)\u00bb text_font_size=\u00bb16px\u00bb text_line_height=\u00bb2em\u00bb header_font=\u00bbLato||||||||\u00bb header_4_font=\u00bbLato|700|||||||\u00bb header_4_line_height=\u00bb1.5em\u00bb background_layout=\u00bbdark\u00bb global_colors_info=\u00bb{}\u00bb]<\/p>\n<h4>Plazos y fechas<\/h4>\n<p>Si tienes dudas con los plazos para la tramitaci\u00f3n de documentos, o fechas de realizaci\u00f3n de ceremonias, cont\u00e1ctanos.<\/p>\n<p>[\/et_pb_text][et_pb_text _builder_version=\u00bb4.16&#8243; text_font=\u00bbLato||||||||\u00bb text_text_color=\u00bbrgba(255,255,255,0.7)\u00bb text_font_size=\u00bb16px\u00bb text_line_height=\u00bb2em\u00bb header_font=\u00bbLato||||||||\u00bb header_4_font=\u00bbLato|700|||||||\u00bb header_4_line_height=\u00bb1.5em\u00bb background_layout=\u00bbdark\u00bb global_colors_info=\u00bb{}\u00bb]<\/p>\n<h4>Ceremonias<\/h4>\n<p>Cumples con los requisitos para participar de ceremonias de titulaci\u00f3n o graduaci\u00f3n y no apareces en el listado, cons\u00faltanos por esta v\u00eda.<\/p>\n<p>[\/et_pb_text][\/et_pb_column_inner][\/et_pb_row_inner][et_pb_row_inner column_structure=\u00bb1_2,1_2&#8243; _builder_version=\u00bb4.27.2&#8243; _module_preset=\u00bbdefault\u00bb global_colors_info=\u00bb{}\u00bb][et_pb_column_inner type=\u00bb1_2&#8243; saved_specialty_column_type=\u00bb1_2&#8243; _builder_version=\u00bb4.27.2&#8243; _module_preset=\u00bbdefault\u00bb global_colors_info=\u00bb{}\u00bb][et_pb_image src=\u00bbhttps:\/\/www.upla.cl\/normasgraficas\/wp-content\/uploads\/2024\/07\/logoupla_fondososcuros.png\u00bb _builder_version=\u00bb4.27.2&#8243; _module_preset=\u00bbdefault\u00bb custom_margin=\u00bb5%||||false|false\u00bb global_colors_info=\u00bb{}\u00bb][\/et_pb_image][\/et_pb_column_inner][et_pb_column_inner type=\u00bb1_2&#8243; saved_specialty_column_type=\u00bb1_2&#8243; _builder_version=\u00bb4.27.2&#8243; _module_preset=\u00bbdefault\u00bb global_colors_info=\u00bb{}\u00bb][et_pb_image src=\u00bbhttps:\/\/www.upla.cl\/portada\/wp-content\/uploads\/2025\/03\/20250311_upla_acreditada_2022-2027-monocromo-fondo-oscuro.png\u00bb title_text=\u00bbUPLA_acreditada_2022-2027-BLANCO\u00bb _builder_version=\u00bb4.27.4&#8243; _module_preset=\u00bbdefault\u00bb global_colors_info=\u00bb{}\u00bb][\/et_pb_image][\/et_pb_column_inner][\/et_pb_row_inner][\/et_pb_column][et_pb_column type=\u00bb1_2&#8243; _builder_version=\u00bb4.16&#8243; custom_padding=\u00bb|||\u00bb global_colors_info=\u00bb{}\u00bb parallax__hover=\u00bboff\u00bb parallax_method__hover=\u00bbon\u00bb custom_padding__hover=\u00bb|||\u00bb][et_pb_contact_form email=\u00bbhumberto.zapata@upla.cl\u00bb success_message=\u00bbExcelente. Hemos recibido tu solicitud de contacto. Nos comunicaremos a la brevedad.\u00bb submit_button_text=\u00bbEnviar\u00bb admin_label=\u00bbContacto\u00bb module_id=\u00bbet_pb_contact_form_0&#8243; _builder_version=\u00bb4.16&#8243; _unique_id=\u00bb23a1b4bb-6d62-4334-a83c-dbe35a86efa3&#8243; form_field_background_color=\u00bb#f5f9fa\u00bb form_field_text_color=\u00bb#000000&#8243; form_field_font=\u00bb||||||||\u00bb background_color=\u00bb#bce3fa\u00bb custom_button=\u00bbon\u00bb button_text_size=\u00bb12px\u00bb button_text_color=\u00bb#ffffff\u00bb button_bg_color=\u00bb#ef3b24&#8243; button_border_width=\u00bb14px\u00bb button_border_color=\u00bbrgba(0,0,0,0)\u00bb button_border_radius=\u00bb0px\u00bb button_letter_spacing=\u00bb2px\u00bb button_font=\u00bbRubik|500||on|||||\u00bb button_use_icon=\u00bboff\u00bb custom_padding=\u00bb60px|40px|60px|40px|true|true\u00bb animation_style=\u00bbzoom\u00bb animation_intensity_zoom=\u00bb20%\u00bb border_width_all=\u00bb2px\u00bb border_color_all=\u00bb#dee9ee\u00bb box_shadow_style_button=\u00bbpreset1&#8243; box_shadow_color_button=\u00bbrgba(239,59,36,0.1)\u00bb form_background_color=\u00bb#f5f9fa\u00bb global_colors_info=\u00bb{}\u00bb][et_pb_contact_field field_id=\u00bbNombre\u00bb field_title=\u00bbNombre\u00bb fullwidth_field=\u00bbon\u00bb _builder_version=\u00bb4.16&#8243; custom_margin=\u00bb||30px|\u00bb global_colors_info=\u00bb{}\u00bb button_text_size__hover_enabled=\u00bboff\u00bb button_one_text_size__hover_enabled=\u00bboff\u00bb button_two_text_size__hover_enabled=\u00bboff\u00bb button_text_color__hover_enabled=\u00bboff\u00bb button_one_text_color__hover_enabled=\u00bboff\u00bb button_two_text_color__hover_enabled=\u00bboff\u00bb button_border_width__hover_enabled=\u00bboff\u00bb button_one_border_width__hover_enabled=\u00bboff\u00bb button_two_border_width__hover_enabled=\u00bboff\u00bb button_border_color__hover_enabled=\u00bboff\u00bb button_one_border_color__hover_enabled=\u00bboff\u00bb button_two_border_color__hover_enabled=\u00bboff\u00bb button_border_radius__hover_enabled=\u00bboff\u00bb button_one_border_radius__hover_enabled=\u00bboff\u00bb button_two_border_radius__hover_enabled=\u00bboff\u00bb button_letter_spacing__hover_enabled=\u00bboff\u00bb button_one_letter_spacing__hover_enabled=\u00bboff\u00bb button_two_letter_spacing__hover_enabled=\u00bboff\u00bb button_bg_color__hover_enabled=\u00bboff\u00bb button_one_bg_color__hover_enabled=\u00bboff\u00bb button_two_bg_color__hover_enabled=\u00bboff\u00bb][\/et_pb_contact_field][et_pb_contact_field field_id=\u00bbCorreo_electr\u00f3nico\u00bb field_title=\u00bbCorreo electr\u00f3nico\u00bb field_type=\u00bbemail\u00bb fullwidth_field=\u00bbon\u00bb _builder_version=\u00bb4.16&#8243; form_field_font=\u00bb||||||||\u00bb custom_margin=\u00bb||30px|\u00bb global_colors_info=\u00bb{}\u00bb button_text_size__hover_enabled=\u00bboff\u00bb button_one_text_size__hover_enabled=\u00bboff\u00bb button_two_text_size__hover_enabled=\u00bboff\u00bb button_text_color__hover_enabled=\u00bboff\u00bb button_one_text_color__hover_enabled=\u00bboff\u00bb button_two_text_color__hover_enabled=\u00bboff\u00bb button_border_width__hover_enabled=\u00bboff\u00bb button_one_border_width__hover_enabled=\u00bboff\u00bb button_two_border_width__hover_enabled=\u00bboff\u00bb button_border_color__hover_enabled=\u00bboff\u00bb button_one_border_color__hover_enabled=\u00bboff\u00bb button_two_border_color__hover_enabled=\u00bboff\u00bb button_border_radius__hover_enabled=\u00bboff\u00bb button_one_border_radius__hover_enabled=\u00bboff\u00bb button_two_border_radius__hover_enabled=\u00bboff\u00bb button_letter_spacing__hover_enabled=\u00bboff\u00bb button_one_letter_spacing__hover_enabled=\u00bboff\u00bb button_two_letter_spacing__hover_enabled=\u00bboff\u00bb button_bg_color__hover_enabled=\u00bboff\u00bb button_one_bg_color__hover_enabled=\u00bboff\u00bb button_two_bg_color__hover_enabled=\u00bboff\u00bb][\/et_pb_contact_field][et_pb_contact_field field_id=\u00bbMensaje\u00bb field_title=\u00bbMensaje\u00bb field_type=\u00bbtext\u00bb fullwidth_field=\u00bbon\u00bb _builder_version=\u00bb4.16&#8243; custom_margin=\u00bb||30px|\u00bb global_colors_info=\u00bb{}\u00bb button_text_size__hover_enabled=\u00bboff\u00bb button_one_text_size__hover_enabled=\u00bboff\u00bb button_two_text_size__hover_enabled=\u00bboff\u00bb button_text_color__hover_enabled=\u00bboff\u00bb button_one_text_color__hover_enabled=\u00bboff\u00bb button_two_text_color__hover_enabled=\u00bboff\u00bb button_border_width__hover_enabled=\u00bboff\u00bb button_one_border_width__hover_enabled=\u00bboff\u00bb button_two_border_width__hover_enabled=\u00bboff\u00bb button_border_color__hover_enabled=\u00bboff\u00bb button_one_border_color__hover_enabled=\u00bboff\u00bb button_two_border_color__hover_enabled=\u00bboff\u00bb button_border_radius__hover_enabled=\u00bboff\u00bb button_one_border_radius__hover_enabled=\u00bboff\u00bb button_two_border_radius__hover_enabled=\u00bboff\u00bb button_letter_spacing__hover_enabled=\u00bboff\u00bb button_one_letter_spacing__hover_enabled=\u00bboff\u00bb button_two_letter_spacing__hover_enabled=\u00bboff\u00bb button_bg_color__hover_enabled=\u00bboff\u00bb button_one_bg_color__hover_enabled=\u00bboff\u00bb button_two_bg_color__hover_enabled=\u00bboff\u00bb][\/et_pb_contact_field][\/et_pb_contact_form][\/et_pb_column][\/et_pb_section]<\/p>\n","protected":false},"excerpt":{"rendered":"<p>La Oficina de T\u00edtulos y Grados de la Universidad de Playa Ancha, informa las fechas y el listado de participantes de las Ceremonias de Titulaci\u00f3n 2025 de carreras t\u00e9cnicas y profesionales (Campus San Felipe), eventos que se realizar\u00e1n en el Auditorio del campus, ubicado en Benigno Caldera 351, San Felipe.Jueves 21 de agosto de 2025, [&hellip;]<\/p>\n","protected":false},"author":4,"featured_media":2128,"comment_status":"closed","ping_status":"closed","sticky":false,"template":"","format":"standard","meta":{"_et_pb_use_builder":"on","_et_pb_old_content":"","_et_gb_content_width":"","footnotes":""},"categories":[15],"tags":[],"class_list":["post-2109","post","type-post","status-publish","format-standard","has-post-thumbnail","hentry","category-ceremonia-de-titulacion"],"_links":{"self":[{"href":"https:\/\/www.upla.cl\/titulosygrados\/wp-json\/wp\/v2\/posts\/2109","targetHints":{"allow":["GET"]}}],"collection":[{"href":"https:\/\/www.upla.cl\/titulosygrados\/wp-json\/wp\/v2\/posts"}],"about":[{"href":"https:\/\/www.upla.cl\/titulosygrados\/wp-json\/wp\/v2\/types\/post"}],"author":[{"embeddable":true,"href":"https:\/\/www.upla.cl\/titulosygrados\/wp-json\/wp\/v2\/users\/4"}],"replies":[{"embeddable":true,"href":"https:\/\/www.upla.cl\/titulosygrados\/wp-json\/wp\/v2\/comments?post=2109"}],"version-history":[{"count":13,"href":"https:\/\/www.upla.cl\/titulosygrados\/wp-json\/wp\/v2\/posts\/2109\/revisions"}],"predecessor-version":[{"id":2130,"href":"https:\/\/www.upla.cl\/titulosygrados\/wp-json\/wp\/v2\/posts\/2109\/revisions\/2130"}],"wp:featuredmedia":[{"embeddable":true,"href":"https:\/\/www.upla.cl\/titulosygrados\/wp-json\/wp\/v2\/media\/2128"}],"wp:attachment":[{"href":"https:\/\/www.upla.cl\/titulosygrados\/wp-json\/wp\/v2\/media?parent=2109"}],"wp:term":[{"taxonomy":"category","embeddable":true,"href":"https:\/\/www.upla.cl\/titulosygrados\/wp-json\/wp\/v2\/categories?post=2109"},{"taxonomy":"post_tag","embeddable":true,"href":"https:\/\/www.upla.cl\/titulosygrados\/wp-json\/wp\/v2\/tags?post=2109"}],"curies":[{"name":"wp","href":"https:\/\/api.w.org\/{rel}","templated":true}]}}