{"id":1942,"date":"2024-09-25T17:28:43","date_gmt":"2024-09-25T20:28:43","guid":{"rendered":"https:\/\/www.upla.cl\/titulosygrados\/?p=1942"},"modified":"2024-09-25T17:33:08","modified_gmt":"2024-09-25T20:33:08","slug":"revisa-las-fechas-y-listados-de-titulaciones-de-carreras-tecnicas-y-profesionales-campus-valparaiso","status":"publish","type":"post","link":"https:\/\/www.upla.cl\/titulosygrados\/2024\/09\/25\/revisa-las-fechas-y-listados-de-titulaciones-de-carreras-tecnicas-y-profesionales-campus-valparaiso\/","title":{"rendered":"Revisa las fechas y listados de titulaciones de carreras t\u00e9cnicas y profesionales (Campus Valpara\u00edso)"},"content":{"rendered":"<p>[et_pb_section fb_built=\u00bb1&#8243; admin_label=\u00bbHeader\u00bb _builder_version=\u00bb4.27.0&#8243; background_image=\u00bbhttps:\/\/www.upla.cl\/titulosygrados\/wp-content\/uploads\/2024\/09\/auladrfelixmorales-1.png\u00bb background_position=\u00bbcenter_left\u00bb custom_margin=\u00bb|||\u00bb custom_padding=\u00bb20vw|0px|0|0px|false|false\u00bb global_colors_info=\u00bb{}\u00bb][et_pb_row column_structure=\u00bb3_4,1_4&#8243; padding_top_bottom_link_1=\u00bbfalse\u00bb padding_left_right_link_1=\u00bbtrue\u00bb _builder_version=\u00bb4.16&#8243; background_size=\u00bbinitial\u00bb background_position=\u00bbtop_left\u00bb background_repeat=\u00bbrepeat\u00bb max_width=\u00bb1160px\u00bb custom_margin=\u00bb|||||false\u00bb custom_padding=\u00bb27px|0px|0|0px|false|false\u00bb use_custom_width=\u00bbon\u00bb custom_width_px=\u00bb1160px\u00bb global_colors_info=\u00bb{}\u00bb][et_pb_column type=\u00bb3_4&#8243; _builder_version=\u00bb4.16&#8243; background_color=\u00bb#ffffff\u00bb custom_padding=\u00bb40px|40px|0px|40px\u00bb global_colors_info=\u00bb{}\u00bb custom_padding__hover=\u00bb|||\u00bb][et_pb_post_title author=\u00bboff\u00bb date_format=\u00bbj M Y\u00bb categories=\u00bboff\u00bb comments=\u00bboff\u00bb featured_image=\u00bboff\u00bb _builder_version=\u00bb4.25.2&#8243; _module_preset=\u00bbdefault\u00bb title_font=\u00bb|700|||||||\u00bb title_font_size=\u00bb30px\u00bb global_colors_info=\u00bb{}\u00bb][\/et_pb_post_title][et_pb_divider color=\u00bb#098cf2&#8243; divider_weight=\u00bb4px\u00bb _builder_version=\u00bb4.16&#8243; max_width=\u00bb140px\u00bb height=\u00bb4px\u00bb locked=\u00bboff\u00bb global_colors_info=\u00bb{}\u00bb][\/et_pb_divider][\/et_pb_column][et_pb_column type=\u00bb1_4&#8243; _builder_version=\u00bb4.16&#8243; custom_padding=\u00bb|||\u00bb global_colors_info=\u00bb{}\u00bb custom_padding__hover=\u00bb|||\u00bb][\/et_pb_column][\/et_pb_row][\/et_pb_section][et_pb_section fb_built=\u00bb1&#8243; disabled_on=\u00bboff|off|off\u00bb _builder_version=\u00bb4.22.0&#8243; _module_preset=\u00bbdefault\u00bb custom_padding=\u00bb50px||70px|||\u00bb global_colors_info=\u00bb{}\u00bb][et_pb_row use_custom_gutter=\u00bbon\u00bb gutter_width=\u00bb1&#8243; _builder_version=\u00bb4.22.2&#8243; _module_preset=\u00bbdefault\u00bb width=\u00bb90%\u00bb max_width=\u00bb2560px\u00bb custom_padding=\u00bb||9px|||\u00bb global_colors_info=\u00bb{}\u00bb][et_pb_column type=\u00bb4_4&#8243; _builder_version=\u00bb4.17.6&#8243; _module_preset=\u00bbdefault\u00bb global_colors_info=\u00bb{}\u00bb][et_pb_text admin_label=\u00bbTexto informativo\u00bb _builder_version=\u00bb4.27.0&#8243; _module_preset=\u00bbdefault\u00bb text_font_size=\u00bb18px\u00bb hover_enabled=\u00bb0&#8243; global_colors_info=\u00bb{}\u00bb sticky_enabled=\u00bb0&#8243;]<\/p>\n<p>La <strong>Oficina de T\u00edtulos y Grados<\/strong> de la Universidad de Playa Ancha, informa las fechas y los listados de participantes de las <strong>Ceremonias de<\/strong> <strong>Titulaci\u00f3n 2024 de carreras t\u00e9cnicas y profesionales (Campus Valpara\u00edso)<\/strong>, eventos que se realizar\u00e1n en el Aula Dr. F\u00e9lix Morales Pettorino de Casa Central (Av. Playa Ancha 850, Playa Ancha, Valpara\u00edso).<\/p>\n<p>[\/et_pb_text][\/et_pb_column][\/et_pb_row][\/et_pb_section][et_pb_section fb_built=\u00bb1&#8243; disabled_on=\u00bboff|off|off\u00bb _builder_version=\u00bb4.27.0&#8243; _module_preset=\u00bbdefault\u00bb background_color=\u00bbrgba(12,113,195,0.12)\u00bb width=\u00bb100%\u00bb max_width=\u00bb100%\u00bb min_height=\u00bb423.7px\u00bb custom_padding=\u00bb48px||51px|||\u00bb global_colors_info=\u00bb{}\u00bb][et_pb_row use_custom_gutter=\u00bbon\u00bb gutter_width=\u00bb1&#8243; _builder_version=\u00bb4.25.2&#8243; _module_preset=\u00bbdefault\u00bb width=\u00bb96%\u00bb max_width=\u00bb2560px\u00bb module_alignment=\u00bbleft\u00bb min_height=\u00bb70.4px\u00bb custom_padding=\u00bb||9px|3%|false|false\u00bb global_colors_info=\u00bb{}\u00bb][et_pb_column type=\u00bb4_4&#8243; _builder_version=\u00bb4.17.6&#8243; _module_preset=\u00bbdefault\u00bb global_colors_info=\u00bb{}\u00bb][et_pb_blurb title=\u00bbCeremonia de Titulaci\u00f3n &#8211; Carreras T\u00e9cnicas de Nivel Superior (ITEC)\u00bb use_icon=\u00bbon\u00bb font_icon=\u00bb&#xf19d;||fa||900&#8243; icon_color=\u00bbrgba(0,0,0,0.47)\u00bb icon_placement=\u00bbleft\u00bb image_icon_width=\u00bb53px\u00bb content_max_width=\u00bb1100px\u00bb admin_label=\u00bbAnuncio: Ceremonia de titulaci\u00f3n: jueves 9 de noviembre de 2023 10.30 horas\u00bb _builder_version=\u00bb4.27.0&#8243; _module_preset=\u00bbdefault\u00bb header_font=\u00bb|800||on|||||\u00bb header_text_color=\u00bb#303030&#8243; header_font_size=\u00bb27px\u00bb body_font=\u00bb||||||||\u00bb body_text_color=\u00bb#0099cc\u00bb body_font_size=\u00bb16px\u00bb custom_margin=\u00bb||-1px|||\u00bb global_colors_info=\u00bb{}\u00bb]<\/p>\n<h1><strong>Mi\u00e9rcoles 23 de octubre de 2024, a las 16.00 horas<\/strong><\/h1>\n<p>Aula Dr. F\u00e9lix Morales Pettorino, Casa Central, Universidad de Playa Ancha.<\/p>\n<p>[\/et_pb_blurb][\/et_pb_column][\/et_pb_row][et_pb_row column_structure=\u00bb1_3,1_3,1_3&#8243; use_custom_gutter=\u00bbon\u00bb disabled_on=\u00bboff|off|off\u00bb _builder_version=\u00bb4.22.0&#8243; _module_preset=\u00bbdefault\u00bb width=\u00bb94%\u00bb max_width=\u00bb2560px\u00bb custom_padding=\u00bb48px||18px|||\u00bb global_colors_info=\u00bb{}\u00bb][et_pb_column type=\u00bb1_3&#8243; _builder_version=\u00bb4.17.6&#8243; _module_preset=\u00bbdefault\u00bb global_colors_info=\u00bb{}\u00bb][et_pb_toggle title=\u00bbT\u00c9CNICO EN INTERPRETACI\u00d3N EN LENGUA DE SE\u00d1AS\u00bb open_toggle_text_color=\u00bb#000000&#8243; open_toggle_background_color=\u00bb#FFFFFF\u00bb closed_toggle_background_color=\u00bb#FFFFFF\u00bb icon_color=\u00bb#009bdb\u00bb toggle_icon=\u00bb&#xe048;||divi||400&#8243; use_icon_font_size=\u00bbon\u00bb icon_font_size=\u00bb26px\u00bb open_icon_color=\u00bb#009bdb\u00bb open_toggle_icon=\u00bb&#xe047;||divi||400&#8243; open_use_icon_font_size=\u00bbon\u00bb open_icon_font_size=\u00bb26px\u00bb disabled_on=\u00bboff|off|off\u00bb admin_label=\u00bbIngeniera inform\u00e1tica o ingeniero inform\u00e1tico, menci\u00f3n en Gesti\u00f3n de la Informaci\u00f3n\u00bb _builder_version=\u00bb4.27.0&#8243; _module_preset=\u00bbdefault\u00bb title_text_color=\u00bb#000000&#8243; title_font=\u00bb|700||on|||||\u00bb border_radii=\u00bboff||20px||20px\u00bb global_colors_info=\u00bb{}\u00bb]<\/p>\n<table style=\"width: 90%; height: 216px;\" border=\"0\" width=\"90%\" cellspacing=\"0\" cellpadding=\"0\">\n<tbody>\n<tr style=\"height: 24px;\">\n<td style=\"height: 24px; width: 52.6245%;\" width=\"204\"><strong>NOMBRE<\/strong><\/td>\n<td style=\"height: 24px; width: 25.9758%;\" width=\"161\"><strong>APELLIDO PATERNO<\/strong><\/td>\n<td style=\"height: 24px; width: 21.2651%;\" width=\"131\"><strong>APELLIDO MATERNO<\/strong><\/td>\n<\/tr>\n<tr>\n<td width=\"171\" style=\"width: 52.6245%;\">FRANCISCA IGNACIA<\/td>\n<td width=\"276\" style=\"width: 25.9758%;\">ANDERSON<\/td>\n<td width=\"132\" style=\"width: 21.2651%;\">ORELLANA<\/td>\n<\/tr>\n<tr>\n<td style=\"width: 52.6245%;\">GLORIA EMERITA<\/td>\n<td style=\"width: 25.9758%;\">ARAUJO<\/td>\n<td style=\"width: 21.2651%;\">MATAMOROS<\/td>\n<\/tr>\n<tr>\n<td style=\"width: 52.6245%;\">VICTORIA DEL PILAR<\/td>\n<td style=\"width: 25.9758%;\">CHAMORRO<\/td>\n<td style=\"width: 21.2651%;\">OTERO<\/td>\n<\/tr>\n<tr>\n<td style=\"width: 52.6245%;\">CRISTOPHER MAURICIO<\/td>\n<td style=\"width: 25.9758%;\">CONSTANTINO<\/td>\n<td style=\"width: 21.2651%;\">VILLARROEL<\/td>\n<\/tr>\n<tr>\n<td style=\"width: 52.6245%;\">CARLA PATRICIA<\/td>\n<td style=\"width: 25.9758%;\">FIGUEROA<\/td>\n<td style=\"width: 21.2651%;\">OSORIO<\/td>\n<\/tr>\n<tr>\n<td style=\"width: 52.6245%;\">NICOL\u00c1S IGNACIO<\/td>\n<td style=\"width: 25.9758%;\">JAIME<\/td>\n<td style=\"width: 21.2651%;\">REYES<\/td>\n<\/tr>\n<tr>\n<td style=\"width: 52.6245%;\">CLAUDIA ANDREA<\/td>\n<td style=\"width: 25.9758%;\">MU\u00d1OZ<\/td>\n<td style=\"width: 21.2651%;\">BRAVO<\/td>\n<\/tr>\n<tr>\n<td style=\"width: 52.6245%;\">MARCELA ALEJANDRA<\/td>\n<td style=\"width: 25.9758%;\">MU\u00d1OZ<\/td>\n<td style=\"width: 21.2651%;\">BRAVO<\/td>\n<\/tr>\n<tr>\n<td style=\"width: 52.6245%;\">LEONORA AILIN<\/td>\n<td style=\"width: 25.9758%;\">MU\u00d1OZ<\/td>\n<td style=\"width: 21.2651%;\">OLIVERA<\/td>\n<\/tr>\n<tr>\n<td style=\"width: 52.6245%;\">MILDREN SOLANGE<\/td>\n<td style=\"width: 25.9758%;\">REYES<\/td>\n<td style=\"width: 21.2651%;\">OLAVE<\/td>\n<\/tr>\n<tr>\n<td style=\"width: 52.6245%;\">JOCELINE ANDREA<\/td>\n<td style=\"width: 25.9758%;\">RIQUELME<\/td>\n<td style=\"width: 21.2651%;\">BAS\u00c1EZ<\/td>\n<\/tr>\n<tr>\n<td style=\"width: 52.6245%;\">LENKA CAROLINA<\/td>\n<td style=\"width: 25.9758%;\">RIQUELME<\/td>\n<td style=\"width: 21.2651%;\">PI\u00d1A<\/td>\n<\/tr>\n<tr>\n<td style=\"width: 52.6245%;\">MARCELA ALEJANDRA<\/td>\n<td style=\"width: 25.9758%;\">ROJAS<\/td>\n<td style=\"width: 21.2651%;\">D\u00c1VILA<\/td>\n<\/tr>\n<tr>\n<td style=\"width: 52.6245%;\">LESLIE SHARON<\/td>\n<td style=\"width: 25.9758%;\">SEP\u00daLVEDA<\/td>\n<td style=\"width: 21.2651%;\">MU\u00d1OZ<\/td>\n<\/tr>\n<tr>\n<td style=\"width: 52.6245%;\">FRANCISCO JAVIER<\/td>\n<td style=\"width: 25.9758%;\">VILLARROEL<\/td>\n<td style=\"width: 21.2651%;\">MU\u00d1OZ<\/td>\n<\/tr>\n<\/tbody>\n<\/table>\n<p>[\/et_pb_toggle][et_pb_toggle title=\u00bbT\u00c9CNICO EN ENFERMER\u00cdA\u00bb open_toggle_text_color=\u00bb#000000&#8243; open_toggle_background_color=\u00bb#FFFFFF\u00bb closed_toggle_background_color=\u00bb#FFFFFF\u00bb icon_color=\u00bb#009bdb\u00bb toggle_icon=\u00bb&#xe048;||divi||400&#8243; use_icon_font_size=\u00bbon\u00bb icon_font_size=\u00bb26px\u00bb open_icon_color=\u00bb#009bdb\u00bb open_toggle_icon=\u00bb&#xe047;||divi||400&#8243; open_use_icon_font_size=\u00bbon\u00bb open_icon_font_size=\u00bb26px\u00bb disabled_on=\u00bboff|off|off\u00bb admin_label=\u00bbIngeniera inform\u00e1tica o ingeniero inform\u00e1tico, menci\u00f3n en Gesti\u00f3n de la Informaci\u00f3n\u00bb _builder_version=\u00bb4.27.0&#8243; _module_preset=\u00bbdefault\u00bb title_text_color=\u00bb#000000&#8243; title_font=\u00bb|700||on|||||\u00bb border_radii=\u00bboff||20px||20px\u00bb global_colors_info=\u00bb{}\u00bb]<\/p>\n<table style=\"width: 90%; height: 204px;\" border=\"0\" width=\"90%\" cellspacing=\"0\" cellpadding=\"0\">\n<tbody>\n<tr style=\"height: 24px;\">\n<td style=\"height: 24px; width: 52.6245%;\" width=\"204\"><strong>NOMBRE<\/strong><\/td>\n<td style=\"height: 24px; width: 25.9758%;\" width=\"161\"><strong>APELLIDO PATERNO<\/strong><\/td>\n<td style=\"height: 24px; width: 21.2651%;\" width=\"131\"><strong>APELLIDO MATERNO<\/strong><\/td>\n<\/tr>\n<tr>\n<td width=\"171\" style=\"width: 52.6245%;\">ANTONIA SIOMARA<\/td>\n<td width=\"276\" style=\"width: 25.9758%;\">HERVIA<\/td>\n<td width=\"132\" style=\"width: 21.2651%;\">ZAMORA<\/td>\n<\/tr>\n<\/tbody>\n<\/table>\n<p>[\/et_pb_toggle][\/et_pb_column][et_pb_column type=\u00bb1_3&#8243; _builder_version=\u00bb4.17.6&#8243; _module_preset=\u00bbdefault\u00bb global_colors_info=\u00bb{}\u00bb][et_pb_toggle title=\u00bbT\u00c9CNICO EN MINER\u00cdA\u00bb open_toggle_text_color=\u00bb#000000&#8243; open_toggle_background_color=\u00bb#FFFFFF\u00bb closed_toggle_background_color=\u00bb#FFFFFF\u00bb icon_color=\u00bb#009bdb\u00bb toggle_icon=\u00bb&#xe048;||divi||400&#8243; use_icon_font_size=\u00bbon\u00bb icon_font_size=\u00bb26px\u00bb open_icon_color=\u00bb#009bdb\u00bb open_toggle_icon=\u00bb&#xe047;||divi||400&#8243; open_use_icon_font_size=\u00bbon\u00bb open_icon_font_size=\u00bb26px\u00bb disabled_on=\u00bboff|off|off\u00bb admin_label=\u00bbIngeniera inform\u00e1tica o ingeniero inform\u00e1tico, menci\u00f3n en Gesti\u00f3n de la Informaci\u00f3n\u00bb _builder_version=\u00bb4.27.0&#8243; _module_preset=\u00bbdefault\u00bb title_text_color=\u00bb#000000&#8243; title_font=\u00bb|700||on|||||\u00bb border_radii=\u00bboff||20px||20px\u00bb global_colors_info=\u00bb{}\u00bb]<\/p>\n<table style=\"width: 90%; height: 216px;\" border=\"0\" width=\"90%\" cellspacing=\"0\" cellpadding=\"0\">\n<tbody>\n<tr style=\"height: 24px;\">\n<td style=\"height: 24px; width: 52.6245%;\" width=\"204\"><strong>NOMBRE<\/strong><\/td>\n<td style=\"height: 24px; width: 25.9758%;\" width=\"161\"><strong>APELLIDO PATERNO<\/strong><\/td>\n<td style=\"height: 24px; width: 21.2651%;\" width=\"131\"><strong>APELLIDO MATERNO<\/strong><\/td>\n<\/tr>\n<tr>\n<td width=\"171\" style=\"width: 52.6245%;\">OTTO ALEXIS<\/td>\n<td width=\"276\" style=\"width: 25.9758%;\">FICK<\/td>\n<td width=\"132\" style=\"width: 21.2651%;\">JOJOT<\/td>\n<\/tr>\n<\/tbody>\n<\/table>\n<p>[\/et_pb_toggle][et_pb_toggle title=\u00bbT\u00c9CNICO EN ADMINISTRACI\u00d3N DE LA GESTI\u00d3N P\u00daBLICA\u00bb open_toggle_text_color=\u00bb#000000&#8243; open_toggle_background_color=\u00bb#FFFFFF\u00bb closed_toggle_background_color=\u00bb#FFFFFF\u00bb icon_color=\u00bb#009bdb\u00bb toggle_icon=\u00bb&#xe048;||divi||400&#8243; use_icon_font_size=\u00bbon\u00bb icon_font_size=\u00bb26px\u00bb open_icon_color=\u00bb#009bdb\u00bb open_toggle_icon=\u00bb&#xe047;||divi||400&#8243; open_use_icon_font_size=\u00bbon\u00bb open_icon_font_size=\u00bb26px\u00bb disabled_on=\u00bboff|off|off\u00bb admin_label=\u00bbProfesor o profesora de Educaci\u00f3n Diferencial, menci\u00f3n en Dificultades Espec\u00edficas del Aprendizaje\u00bb _builder_version=\u00bb4.27.0&#8243; _module_preset=\u00bbdefault\u00bb title_text_color=\u00bb#000000&#8243; title_font=\u00bb|700||on|||||\u00bb border_radii=\u00bboff||20px||20px\u00bb global_colors_info=\u00bb{}\u00bb]<\/p>\n<table style=\"width: 90%; height: 346px;\" border=\"0\" width=\"90%\" cellspacing=\"0\" cellpadding=\"0\">\n<tbody>\n<tr style=\"height: 24px;\">\n<td style=\"height: 24px; width: 32%;\" width=\"204\"><strong>NOMBRE<\/strong><\/td>\n<td style=\"height: 24px; width: 36.6154%;\" width=\"161\"><strong>APELLIDO PATERNO<\/strong><\/td>\n<td style=\"height: 24px; width: 31.0769%;\" width=\"131\"><strong>APELLIDO MATERNO<\/strong><\/td>\n<\/tr>\n<tr style=\"height: 24px;\">\n<td width=\"171\" style=\"width: 32%; height: 24px;\">BETSABEL DE LOS \u00c1NGELES<\/td>\n<td width=\"276\" style=\"width: 36.6154%; height: 24px;\">CASTILLO<\/td>\n<td width=\"132\" style=\"width: 31.0769%; height: 24px;\">MALDONADO<\/td>\n<\/tr>\n<tr style=\"height: 24px;\">\n<td style=\"width: 32%; height: 24px;\">EL\u00cdAS RICARDO<\/td>\n<td style=\"width: 36.6154%; height: 24px;\">IGOR<\/td>\n<td style=\"width: 31.0769%; height: 24px;\">AGUILAR<\/td>\n<\/tr>\n<\/tbody>\n<\/table>\n<p>[\/et_pb_toggle][\/et_pb_column][et_pb_column type=\u00bb1_3&#8243; _builder_version=\u00bb4.17.6&#8243; _module_preset=\u00bbdefault\u00bb global_colors_info=\u00bb{}\u00bb][et_pb_toggle title=\u00bbANALISTA QU\u00cdMICO\u00bb open_toggle_text_color=\u00bb#000000&#8243; open_toggle_background_color=\u00bb#FFFFFF\u00bb closed_toggle_background_color=\u00bb#FFFFFF\u00bb icon_color=\u00bb#009bdb\u00bb toggle_icon=\u00bb&#xe048;||divi||400&#8243; use_icon_font_size=\u00bbon\u00bb icon_font_size=\u00bb26px\u00bb open_icon_color=\u00bb#009bdb\u00bb open_toggle_icon=\u00bb&#xe047;||divi||400&#8243; open_use_icon_font_size=\u00bbon\u00bb open_icon_font_size=\u00bb26px\u00bb disabled_on=\u00bboff|off|off\u00bb admin_label=\u00bbIngeniera inform\u00e1tica o ingeniero inform\u00e1tico, menci\u00f3n en Gesti\u00f3n de la Informaci\u00f3n\u00bb _builder_version=\u00bb4.27.0&#8243; _module_preset=\u00bbdefault\u00bb title_text_color=\u00bb#000000&#8243; title_font=\u00bb|700||on|||||\u00bb border_radii=\u00bboff||20px||20px\u00bb global_colors_info=\u00bb{}\u00bb]<\/p>\n<table style=\"width: 90%; height: 204px;\" border=\"0\" width=\"90%\" cellspacing=\"0\" cellpadding=\"0\">\n<tbody>\n<tr style=\"height: 24px;\">\n<td style=\"height: 24px; width: 52.6245%;\" width=\"204\"><strong>NOMBRE<\/strong><\/td>\n<td style=\"height: 24px; width: 25.9758%;\" width=\"161\"><strong>APELLIDO PATERNO<\/strong><\/td>\n<td style=\"height: 24px; width: 21.2651%;\" width=\"131\"><strong>APELLIDO MATERNO<\/strong><\/td>\n<\/tr>\n<tr>\n<td width=\"171\" style=\"width: 52.6245%;\">ROMINA VANESSA<\/td>\n<td width=\"276\" style=\"width: 25.9758%;\">LEIVA<\/td>\n<td width=\"132\" style=\"width: 21.2651%;\">ZAMORA<\/td>\n<\/tr>\n<\/tbody>\n<\/table>\n<p>[\/et_pb_toggle][\/et_pb_column][\/et_pb_row][\/et_pb_section][et_pb_section fb_built=\u00bb1&#8243; disabled_on=\u00bboff|off|off\u00bb _builder_version=\u00bb4.27.0&#8243; _module_preset=\u00bbdefault\u00bb background_color=\u00bbRGBA(255,255,255,0)\u00bb width=\u00bb100%\u00bb max_width=\u00bb100%\u00bb custom_margin=\u00bb||-39px|||\u00bb custom_padding=\u00bb5px||0px|||\u00bb global_colors_info=\u00bb{}\u00bb][et_pb_row use_custom_gutter=\u00bbon\u00bb gutter_width=\u00bb1&#8243; _builder_version=\u00bb4.25.2&#8243; _module_preset=\u00bbdefault\u00bb width=\u00bb96%\u00bb max_width=\u00bb2560px\u00bb module_alignment=\u00bbleft\u00bb custom_padding=\u00bb||9px|3%|false|false\u00bb global_colors_info=\u00bb{}\u00bb][et_pb_column type=\u00bb4_4&#8243; _builder_version=\u00bb4.17.6&#8243; _module_preset=\u00bbdefault\u00bb global_colors_info=\u00bb{}\u00bb][et_pb_blurb title=\u00bbCeremonias de Titulaci\u00f3n &#8211; Carreras Profesionales en Valpara\u00edso\u00bb use_icon=\u00bbon\u00bb font_icon=\u00bb&#xf501;||fa||900&#8243; icon_color=\u00bbrgba(0,0,0,0.47)\u00bb icon_placement=\u00bbleft\u00bb image_icon_width=\u00bb53px\u00bb content_max_width=\u00bb1100px\u00bb admin_label=\u00bbAnuncio: Ceremonia de titulaci\u00f3n: jueves 9 de noviembre de 2023 10.30 horas\u00bb _builder_version=\u00bb4.27.0&#8243; _module_preset=\u00bbdefault\u00bb header_font=\u00bb|800||on|||||\u00bb header_text_color=\u00bb#303030&#8243; header_font_size=\u00bb27px\u00bb body_font=\u00bb||||||||\u00bb body_text_color=\u00bb#0099cc\u00bb body_font_size=\u00bb16px\u00bb custom_margin=\u00bb||-1px|||\u00bb global_colors_info=\u00bb{}\u00bb][\/et_pb_blurb][\/et_pb_column][\/et_pb_row][\/et_pb_section][et_pb_section fb_built=\u00bb1&#8243; disabled_on=\u00bboff|off|off\u00bb _builder_version=\u00bb4.22.0&#8243; _module_preset=\u00bbdefault\u00bb width=\u00bb100%\u00bb max_width=\u00bb100%\u00bb custom_margin=\u00bb46px|||||\u00bb custom_padding=\u00bb5px|||||\u00bb global_colors_info=\u00bb{}\u00bb][et_pb_row use_custom_gutter=\u00bbon\u00bb gutter_width=\u00bb1&#8243; _builder_version=\u00bb4.25.2&#8243; _module_preset=\u00bbdefault\u00bb width=\u00bb96%\u00bb max_width=\u00bb2560px\u00bb module_alignment=\u00bbleft\u00bb custom_padding=\u00bb||9px|3%|false|false\u00bb global_colors_info=\u00bb{}\u00bb][et_pb_column type=\u00bb4_4&#8243; _builder_version=\u00bb4.17.6&#8243; _module_preset=\u00bbdefault\u00bb global_colors_info=\u00bb{}\u00bb][et_pb_blurb title=\u00bbFACULTAD DE ARTE\u00bb use_icon=\u00bbon\u00bb font_icon=\u00bb&#xf073;||fa||400&#8243; icon_color=\u00bb#009bdb\u00bb icon_placement=\u00bbleft\u00bb image_icon_width=\u00bb53px\u00bb content_max_width=\u00bb1100px\u00bb admin_label=\u00bbAnuncio: Ceremonia de titulaci\u00f3n: jueves 9 de noviembre de 2023 10.30 horas\u00bb _builder_version=\u00bb4.27.0&#8243; _module_preset=\u00bbdefault\u00bb header_font=\u00bb|800||on|||||\u00bb header_text_color=\u00bb#303030&#8243; header_font_size=\u00bb27px\u00bb body_font=\u00bb||||||||\u00bb body_text_color=\u00bb#0099cc\u00bb body_font_size=\u00bb16px\u00bb custom_margin=\u00bb||-1px|||\u00bb global_colors_info=\u00bb{}\u00bb]<\/p>\n<h1><strong>Lunes 7 de octubre de 2024, a las 10.30 horas<\/strong><\/h1>\n<p>Aula Dr. F\u00e9lix Morales Pettorino, Casa Central, Universidad de Playa Ancha.<\/p>\n<p>[\/et_pb_blurb][\/et_pb_column][\/et_pb_row][et_pb_row column_structure=\u00bb1_3,1_3,1_3&#8243; use_custom_gutter=\u00bbon\u00bb disabled_on=\u00bboff|off|off\u00bb _builder_version=\u00bb4.22.0&#8243; _module_preset=\u00bbdefault\u00bb width=\u00bb94%\u00bb max_width=\u00bb2560px\u00bb custom_padding=\u00bb18px||18px|||\u00bb global_colors_info=\u00bb{}\u00bb][et_pb_column type=\u00bb1_3&#8243; _builder_version=\u00bb4.17.6&#8243; _module_preset=\u00bbdefault\u00bb global_colors_info=\u00bb{}\u00bb][et_pb_toggle title=\u00bbPEDAGOG\u00cdA EN ARTES PL\u00c1STICAS\u00bb open_toggle_text_color=\u00bb#000000&#8243; open_toggle_background_color=\u00bb#FFFFFF\u00bb closed_toggle_background_color=\u00bb#FFFFFF\u00bb icon_color=\u00bb#009bdb\u00bb toggle_icon=\u00bb&#xe048;||divi||400&#8243; use_icon_font_size=\u00bbon\u00bb icon_font_size=\u00bb26px\u00bb open_icon_color=\u00bb#009bdb\u00bb open_toggle_icon=\u00bb&#xe047;||divi||400&#8243; open_use_icon_font_size=\u00bbon\u00bb open_icon_font_size=\u00bb26px\u00bb disabled_on=\u00bboff|off|off\u00bb admin_label=\u00bbEducador o Educadora de P\u00e1rvulos\u00bb _builder_version=\u00bb4.27.0&#8243; _module_preset=\u00bbdefault\u00bb title_text_color=\u00bb#000000&#8243; title_font=\u00bb|700||on|||||\u00bb border_radii=\u00bboff||20px||20px\u00bb global_colors_info=\u00bb{}\u00bb]<\/p>\n<table style=\"width: 90%;\" border=\"0\" width=\"90%\" cellspacing=\"0\" cellpadding=\"0\">\n<tbody>\n<tr>\n<td width=\"204\" style=\"width: 39.9381%;\"><strong>NOMBRE<\/strong><\/td>\n<td width=\"161\" style=\"width: 30.031%;\"><strong>APELLIDO PATERNO<\/strong><\/td>\n<td width=\"131\" style=\"width: 29.4118%;\"><strong>APELLIDO MATERNO<\/strong><\/td>\n<\/tr>\n<tr>\n<td width=\"228\" style=\"width: 39.9381%;\">KRISHNA VER\u00d3NICA<\/td>\n<td width=\"199\" style=\"width: 30.031%;\">ARAYA<\/td>\n<td width=\"308\" style=\"width: 29.4118%;\">BUGUE\u00d1O<\/td>\n<\/tr>\n<tr>\n<td style=\"width: 39.9381%;\">VICENTE NICOL\u00c1S<\/td>\n<td style=\"width: 30.031%;\">BRIONES<\/td>\n<td style=\"width: 29.4118%;\">RAVANAL<\/td>\n<\/tr>\n<tr>\n<td style=\"width: 39.9381%;\">JAVIERA BEL\u00c9N<\/td>\n<td style=\"width: 30.031%;\">CARIS<\/td>\n<td style=\"width: 29.4118%;\">CALVO<\/td>\n<\/tr>\n<tr>\n<td style=\"width: 39.9381%;\">CINDY TAHIS<\/td>\n<td style=\"width: 30.031%;\">CONTRERAS<\/td>\n<td style=\"width: 29.4118%;\">HOYNG<\/td>\n<\/tr>\n<tr>\n<td style=\"width: 39.9381%;\">SHAKIRA ANA\u00cdS<\/td>\n<td style=\"width: 30.031%;\">FIGUEROA<\/td>\n<td style=\"width: 29.4118%;\">ESPINOZA<\/td>\n<\/tr>\n<tr>\n<td style=\"width: 39.9381%;\">GABRIELA FERNANDA<\/td>\n<td style=\"width: 30.031%;\">FLORES<\/td>\n<td style=\"width: 29.4118%;\">TORRES<\/td>\n<\/tr>\n<tr>\n<td style=\"width: 39.9381%;\">GABRIELA PATRICIA<\/td>\n<td style=\"width: 30.031%;\">GALLEGUILLOS<\/td>\n<td style=\"width: 29.4118%;\">POZO<\/td>\n<\/tr>\n<tr>\n<td style=\"width: 39.9381%;\">DIVALLY CONSTANZA<\/td>\n<td style=\"width: 30.031%;\">GARRIDO<\/td>\n<td style=\"width: 29.4118%;\">HUERTA<\/td>\n<\/tr>\n<tr>\n<td style=\"width: 39.9381%;\">CATALINA PATRICIA<\/td>\n<td style=\"width: 30.031%;\">GOTUZZO<\/td>\n<td style=\"width: 29.4118%;\">RADOVIC<\/td>\n<\/tr>\n<tr>\n<td style=\"width: 39.9381%;\">CAROLINA ANDREA<\/td>\n<td style=\"width: 30.031%;\">HERRERA<\/td>\n<td style=\"width: 29.4118%;\">ORTIZ<\/td>\n<\/tr>\n<tr>\n<td style=\"width: 39.9381%;\">ALASKA RACHEL<\/td>\n<td style=\"width: 30.031%;\">LARENAS<\/td>\n<td style=\"width: 29.4118%;\">SAPIAIN<\/td>\n<\/tr>\n<tr>\n<td style=\"width: 39.9381%;\">CAROLINA IVONNE<\/td>\n<td style=\"width: 30.031%;\">N\u00da\u00d1EZ<\/td>\n<td style=\"width: 29.4118%;\">RAM\u00cdREZ<\/td>\n<\/tr>\n<tr>\n<td style=\"width: 39.9381%;\">SOF\u00cdA ISABELLA<\/td>\n<td style=\"width: 30.031%;\">OLMOS<\/td>\n<td style=\"width: 29.4118%;\">BRAVO<\/td>\n<\/tr>\n<tr>\n<td style=\"width: 39.9381%;\">NICOL\u00c1S LEANDRO<\/td>\n<td style=\"width: 30.031%;\">PACHECO<\/td>\n<td style=\"width: 29.4118%;\">VARGAS<\/td>\n<\/tr>\n<tr>\n<td style=\"width: 39.9381%;\">IMEI-MIKAELA BEL\u00c9N<\/td>\n<td style=\"width: 30.031%;\">POZO<\/td>\n<td style=\"width: 29.4118%;\">TABILO<\/td>\n<\/tr>\n<tr>\n<td style=\"width: 39.9381%;\">ANTONIETTA SOL ISABELLA<\/td>\n<td style=\"width: 30.031%;\">RIVERA<\/td>\n<td style=\"width: 29.4118%;\">MAYA<\/td>\n<\/tr>\n<tr>\n<td style=\"width: 39.9381%;\">B\u00c4RBEL ALICE<\/td>\n<td style=\"width: 30.031%;\">SCHOESS<\/td>\n<td style=\"width: 29.4118%;\">ORREGO<\/td>\n<\/tr>\n<tr>\n<td style=\"width: 39.9381%;\">ISIDORA MAR\u00cdA<\/td>\n<td style=\"width: 30.031%;\">VALD\u00c9S<\/td>\n<td style=\"width: 29.4118%;\">PIZARRO<\/td>\n<\/tr>\n<\/tbody>\n<\/table>\n<p>[\/et_pb_toggle][\/et_pb_column][et_pb_column type=\u00bb1_3&#8243; _builder_version=\u00bb4.17.6&#8243; _module_preset=\u00bbdefault\u00bb global_colors_info=\u00bb{}\u00bb][et_pb_toggle title=\u00bbLICENCIATURA EN ARTE\u00bb open_toggle_text_color=\u00bb#000000&#8243; open_toggle_background_color=\u00bb#FFFFFF\u00bb closed_toggle_background_color=\u00bb#FFFFFF\u00bb icon_color=\u00bb#009bdb\u00bb toggle_icon=\u00bb&#xe048;||divi||400&#8243; use_icon_font_size=\u00bbon\u00bb icon_font_size=\u00bb26px\u00bb open_icon_color=\u00bb#009bdb\u00bb open_toggle_icon=\u00bb&#xe047;||divi||400&#8243; open_use_icon_font_size=\u00bbon\u00bb open_icon_font_size=\u00bb26px\u00bb disabled_on=\u00bboff|off|off\u00bb admin_label=\u00bbProfesor o profesora de Educaci\u00f3n B\u00e1sica\u00bb _builder_version=\u00bb4.27.0&#8243; _module_preset=\u00bbdefault\u00bb title_text_color=\u00bb#000000&#8243; title_font=\u00bb|700||on|||||\u00bb border_radii=\u00bboff||20px||20px\u00bb global_colors_info=\u00bb{}\u00bb]<\/p>\n<table style=\"width: 90%; height: 312px;\" border=\"0\" width=\"90%\" cellspacing=\"0\" cellpadding=\"0\">\n<tbody>\n<tr style=\"height: 24px;\">\n<td width=\"204\" style=\"width: 50.9333%; height: 24px;\"><strong>NOMBRE<\/strong><\/td>\n<td width=\"161\" style=\"width: 26.8%; height: 24px;\"><strong>APELLIDO PATERNO<\/strong><\/td>\n<td width=\"131\" style=\"width: 21.8667%; height: 24px;\"><strong>APELLIDO MATERNO<\/strong><\/td>\n<\/tr>\n<tr>\n<td width=\"228\" style=\"width: 50.9333%;\">BRUCE ESTEBAN<\/td>\n<td width=\"199\" style=\"width: 26.8%;\">ABARCA<\/td>\n<td width=\"308\" style=\"width: 21.8667%;\">MEDINA<\/td>\n<\/tr>\n<tr>\n<td style=\"width: 50.9333%;\">ALONDRA LISET<\/td>\n<td style=\"width: 26.8%;\">ALAM<\/td>\n<td style=\"width: 21.8667%;\">C\u00c1RDENAS<\/td>\n<\/tr>\n<tr>\n<td style=\"width: 50.9333%;\">CATALINA ANTONIA<\/td>\n<td style=\"width: 26.8%;\">ARAVENA<\/td>\n<td style=\"width: 21.8667%;\">BARROS<\/td>\n<\/tr>\n<tr>\n<td style=\"width: 50.9333%;\">JENNY DANIELA<\/td>\n<td style=\"width: 26.8%;\">ARAYA<\/td>\n<td style=\"width: 21.8667%;\">CASTILLO<\/td>\n<\/tr>\n<tr>\n<td style=\"width: 50.9333%;\">DANILO ALBERTO<\/td>\n<td style=\"width: 26.8%;\">BERR\u00cdOS<\/td>\n<td style=\"width: 21.8667%;\">P\u00c9REZ<\/td>\n<\/tr>\n<tr>\n<td style=\"width: 50.9333%;\">ADOLFO ANTONIO<\/td>\n<td style=\"width: 26.8%;\">CALDER\u00d3N<\/td>\n<td style=\"width: 21.8667%;\">MORALES<\/td>\n<\/tr>\n<tr>\n<td style=\"width: 50.9333%;\">MAR\u00cdA JOS\u00c9<\/td>\n<td style=\"width: 26.8%;\">CASTILLO<\/td>\n<td style=\"width: 21.8667%;\">V\u00c1SQUEZ<\/td>\n<\/tr>\n<tr>\n<td style=\"width: 50.9333%;\">DIANA BEATRIZ<\/td>\n<td style=\"width: 26.8%;\">DAZA<\/td>\n<td style=\"width: 21.8667%;\">S\u00c1EZ<\/td>\n<\/tr>\n<tr>\n<td style=\"width: 50.9333%;\">EXEQUIEL ALEJANDRO<\/td>\n<td style=\"width: 26.8%;\">ESCOBAR<\/td>\n<td style=\"width: 21.8667%;\">BAZ\u00c1EZ<\/td>\n<\/tr>\n<tr>\n<td style=\"width: 50.9333%;\">VIVIANA KAREN<\/td>\n<td style=\"width: 26.8%;\">ESCOBAR<\/td>\n<td style=\"width: 21.8667%;\">ORTEGA<\/td>\n<\/tr>\n<tr>\n<td style=\"width: 50.9333%;\">CAMILA FERNANDA<\/td>\n<td style=\"width: 26.8%;\">ESTAY<\/td>\n<td style=\"width: 21.8667%;\">AGUIRRE<\/td>\n<\/tr>\n<tr>\n<td style=\"width: 50.9333%;\">NICOLE MAGDALENA<\/td>\n<td style=\"width: 26.8%;\">FUENTES<\/td>\n<td style=\"width: 21.8667%;\">BEAS<\/td>\n<\/tr>\n<tr>\n<td style=\"width: 50.9333%;\">MANUELA<\/td>\n<td style=\"width: 26.8%;\">GUTI\u00c9RREZ<\/td>\n<td style=\"width: 21.8667%;\">CAJIGAL<\/td>\n<\/tr>\n<tr>\n<td style=\"width: 50.9333%;\">JAVIERA FERNANDA MAITE<\/td>\n<td style=\"width: 26.8%;\">LEYTON<\/td>\n<td style=\"width: 21.8667%;\">G\u00d3MEZ<\/td>\n<\/tr>\n<tr>\n<td style=\"width: 50.9333%;\">MAR\u00cdA IGNACIA<\/td>\n<td style=\"width: 26.8%;\">LUEYZA<\/td>\n<td style=\"width: 21.8667%;\">MADARIAGA<\/td>\n<\/tr>\n<tr>\n<td style=\"width: 50.9333%;\">CRISTIAN ANDR\u00c9S<\/td>\n<td style=\"width: 26.8%;\">MAIDANA<\/td>\n<td style=\"width: 21.8667%;\">GONZ\u00c1LEZ<\/td>\n<\/tr>\n<tr>\n<td style=\"width: 50.9333%;\">THIARE CRISTAL<\/td>\n<td style=\"width: 26.8%;\">PONCE<\/td>\n<td style=\"width: 21.8667%;\">SANDOVAL<\/td>\n<\/tr>\n<tr>\n<td style=\"width: 50.9333%;\">KARELIA MAITE<\/td>\n<td style=\"width: 26.8%;\">RIVERA<\/td>\n<td style=\"width: 21.8667%;\">RUZ<\/td>\n<\/tr>\n<tr>\n<td style=\"width: 50.9333%;\">JEREM\u00cdAS LEANDRO<\/td>\n<td style=\"width: 26.8%;\">SANTIB\u00c1\u00d1EZ<\/td>\n<td style=\"width: 21.8667%;\">ROSALES<\/td>\n<\/tr>\n<tr>\n<td style=\"width: 50.9333%;\">AMARANTA CATALINA<\/td>\n<td style=\"width: 26.8%;\">SANTIS<\/td>\n<td style=\"width: 21.8667%;\">PINTO<\/td>\n<\/tr>\n<tr>\n<td style=\"width: 50.9333%;\">MARCOS ALEXIS<\/td>\n<td style=\"width: 26.8%;\">V\u00c1SQUEZ<\/td>\n<td style=\"width: 21.8667%;\">ALLENDE<\/td>\n<\/tr>\n<\/tbody>\n<\/table>\n<p>[\/et_pb_toggle][\/et_pb_column][et_pb_column type=\u00bb1_3&#8243; _builder_version=\u00bb4.17.6&#8243; _module_preset=\u00bbdefault\u00bb global_colors_info=\u00bb{}\u00bb][et_pb_toggle title=\u00bbPEDAGOG\u00cdA EN EDUCACI\u00d3N MUSICAL\u00bb open_toggle_text_color=\u00bb#000000&#8243; open_toggle_background_color=\u00bb#FFFFFF\u00bb closed_toggle_background_color=\u00bb#FFFFFF\u00bb icon_color=\u00bb#009bdb\u00bb toggle_icon=\u00bb&#xe048;||divi||400&#8243; use_icon_font_size=\u00bbon\u00bb icon_font_size=\u00bb26px\u00bb open_icon_color=\u00bb#009bdb\u00bb open_toggle_icon=\u00bb&#xe047;||divi||400&#8243; open_use_icon_font_size=\u00bbon\u00bb open_icon_font_size=\u00bb26px\u00bb disabled_on=\u00bboff|off|off\u00bb admin_label=\u00bbProfesor o profesora de Educaci\u00f3n B\u00e1sica, menci\u00f3n en Lengua Castellana y Comunicaci\u00f3n\u00bb _builder_version=\u00bb4.27.0&#8243; _module_preset=\u00bbdefault\u00bb title_text_color=\u00bb#000000&#8243; title_font=\u00bb|700||on|||||\u00bb border_radii=\u00bboff||20px||20px\u00bb global_colors_info=\u00bb{}\u00bb]<\/p>\n<table style=\"width: 90%;\" border=\"0\" width=\"90%\" cellspacing=\"0\" cellpadding=\"0\">\n<tbody>\n<tr>\n<td width=\"204\" style=\"width: 51.0094%;\"><strong>NOMBRE<\/strong><\/td>\n<td width=\"161\" style=\"width: 26.7833%;\"><strong>APELLIDO PATERNO<\/strong><\/td>\n<td width=\"131\" style=\"width: 21.9381%;\"><strong>APELLIDO MATERNO<\/strong><\/td>\n<\/tr>\n<tr>\n<td width=\"228\" style=\"width: 51.0094%;\">MAT\u00cdAS MAXIMILIANO<\/td>\n<td width=\"199\" style=\"width: 26.7833%;\">BURGOS<\/td>\n<td width=\"308\" style=\"width: 21.9381%;\">ENCINA<\/td>\n<\/tr>\n<tr>\n<td style=\"width: 51.0094%;\">SEBASTI\u00c1N IGNACIO<\/td>\n<td style=\"width: 26.7833%;\">CASANOVA<\/td>\n<td style=\"width: 21.9381%;\">D\u00cdAZ<\/td>\n<\/tr>\n<tr>\n<td style=\"width: 51.0094%;\">NICOL\u00c1S FRANCISCO<\/td>\n<td style=\"width: 26.7833%;\">COBB<\/td>\n<td style=\"width: 21.9381%;\">RIESCO<\/td>\n<\/tr>\n<tr>\n<td style=\"width: 51.0094%;\">ALEJANDRO DAR\u00cdO<\/td>\n<td style=\"width: 26.7833%;\">FIGUEROA<\/td>\n<td style=\"width: 21.9381%;\">JAURE<\/td>\n<\/tr>\n<tr>\n<td style=\"width: 51.0094%;\">ROXANA FERNANDA<\/td>\n<td style=\"width: 26.7833%;\">FLORES<\/td>\n<td style=\"width: 21.9381%;\">RAM\u00cdREZ<\/td>\n<\/tr>\n<tr>\n<td style=\"width: 51.0094%;\">ALEJANDRO IGNACIO<\/td>\n<td style=\"width: 26.7833%;\">HENR\u00cdQUEZ<\/td>\n<td style=\"width: 21.9381%;\">FUENZALIDA<\/td>\n<\/tr>\n<tr>\n<td style=\"width: 51.0094%;\">GABRIEL IV\u00c1N<\/td>\n<td style=\"width: 26.7833%;\">L\u00d3PEZ<\/td>\n<td style=\"width: 21.9381%;\">CARROZA<\/td>\n<\/tr>\n<tr>\n<td style=\"width: 51.0094%;\">FELIPE IGNACIO<\/td>\n<td style=\"width: 26.7833%;\">MARABOL\u00cd<\/td>\n<td style=\"width: 21.9381%;\">LILLO<\/td>\n<\/tr>\n<tr>\n<td style=\"width: 51.0094%;\">RODRIGO ESTEBAN<\/td>\n<td style=\"width: 26.7833%;\">M\u00c9NDEZ<\/td>\n<td style=\"width: 21.9381%;\">LEIVA<\/td>\n<\/tr>\n<tr>\n<td style=\"width: 51.0094%;\">GABRIEL HUMBERTO<\/td>\n<td style=\"width: 26.7833%;\">PLAZA<\/td>\n<td style=\"width: 21.9381%;\">Z\u00da\u00d1IGA<\/td>\n<\/tr>\n<tr>\n<td style=\"width: 51.0094%;\">NICOL\u00c1S ANDR\u00c9S<\/td>\n<td style=\"width: 26.7833%;\">RODR\u00cdGUEZ<\/td>\n<td style=\"width: 21.9381%;\">G\u00d3MEZ<\/td>\n<\/tr>\n<tr>\n<td style=\"width: 51.0094%;\">TOM\u00c1S JOCTAN<\/td>\n<td style=\"width: 26.7833%;\">RODR\u00cdGUEZ<\/td>\n<td style=\"width: 21.9381%;\">LEIVA<\/td>\n<\/tr>\n<tr>\n<td style=\"width: 51.0094%;\">PAULA CONSUELO<\/td>\n<td style=\"width: 26.7833%;\">SAAVEDRA<\/td>\n<td style=\"width: 21.9381%;\">GUERRA<\/td>\n<\/tr>\n<tr>\n<td style=\"width: 51.0094%;\">CATALINA FERNANDA<\/td>\n<td style=\"width: 26.7833%;\">SALAZAR<\/td>\n<td style=\"width: 21.9381%;\">PINO<\/td>\n<\/tr>\n<tr>\n<td style=\"width: 51.0094%;\">CONSTANZA ISIDORA<\/td>\n<td style=\"width: 26.7833%;\">SAN MART\u00cdN<\/td>\n<td style=\"width: 21.9381%;\">LARA<\/td>\n<\/tr>\n<tr>\n<td style=\"width: 51.0094%;\">NOEMY JEANNETTE<\/td>\n<td style=\"width: 26.7833%;\">VIDAL<\/td>\n<td style=\"width: 21.9381%;\">OLIVARES<\/td>\n<\/tr>\n<tr>\n<td style=\"width: 51.0094%;\">CAMILA FRANCISCA<\/td>\n<td style=\"width: 26.7833%;\">ZAVALA<\/td>\n<td style=\"width: 21.9381%;\">TAPIA<\/td>\n<\/tr>\n<\/tbody>\n<\/table>\n<p>[\/et_pb_toggle][\/et_pb_column][\/et_pb_row][et_pb_row column_structure=\u00bb1_3,1_3,1_3&#8243; use_custom_gutter=\u00bbon\u00bb disabled_on=\u00bboff|off|off\u00bb _builder_version=\u00bb4.22.0&#8243; _module_preset=\u00bbdefault\u00bb width=\u00bb94%\u00bb max_width=\u00bb2560px\u00bb custom_padding=\u00bb18px||18px|||\u00bb global_colors_info=\u00bb{}\u00bb][et_pb_column type=\u00bb1_3&#8243; _builder_version=\u00bb4.17.6&#8243; _module_preset=\u00bbdefault\u00bb global_colors_info=\u00bb{}\u00bb][et_pb_toggle title=\u00bbTEATRO\u00bb open_toggle_text_color=\u00bb#000000&#8243; open_toggle_background_color=\u00bb#FFFFFF\u00bb closed_toggle_background_color=\u00bb#FFFFFF\u00bb icon_color=\u00bb#009bdb\u00bb toggle_icon=\u00bb&#xe048;||divi||400&#8243; use_icon_font_size=\u00bbon\u00bb icon_font_size=\u00bb26px\u00bb open_icon_color=\u00bb#009bdb\u00bb open_toggle_icon=\u00bb&#xe047;||divi||400&#8243; open_use_icon_font_size=\u00bbon\u00bb open_icon_font_size=\u00bb26px\u00bb disabled_on=\u00bboff|off|off\u00bb admin_label=\u00bbEducador o Educadora de P\u00e1rvulos\u00bb _builder_version=\u00bb4.27.0&#8243; _module_preset=\u00bbdefault\u00bb title_text_color=\u00bb#000000&#8243; title_font=\u00bb|700||on|||||\u00bb border_radii=\u00bboff||20px||20px\u00bb global_colors_info=\u00bb{}\u00bb]<\/p>\n<table style=\"width: 90%; height: 466px;\" border=\"0\" width=\"90%\" cellspacing=\"0\" cellpadding=\"0\">\n<tbody>\n<tr style=\"height: 24px;\">\n<td width=\"204\" style=\"width: 39.9381%; height: 24px;\"><strong>NOMBRE<\/strong><\/td>\n<td width=\"161\" style=\"width: 30.031%; height: 24px;\"><strong>APELLIDO PATERNO<\/strong><\/td>\n<td width=\"131\" style=\"width: 29.4118%; height: 24px;\"><strong>APELLIDO MATERNO<\/strong><\/td>\n<\/tr>\n<tr style=\"height: 24px;\">\n<td width=\"228\" style=\"width: 39.9381%; height: 24px;\">IVANNA MONSERRAT<\/td>\n<td width=\"199\" style=\"width: 30.031%; height: 24px;\">CUEVAS<\/td>\n<td width=\"308\" style=\"width: 29.4118%; height: 24px;\">GARC\u00c9S<\/td>\n<\/tr>\n<tr style=\"height: 24px;\">\n<td style=\"width: 39.9381%; height: 24px;\">FRANCISCA MICHELLE<\/td>\n<td style=\"width: 30.031%; height: 24px;\">GARC\u00cdA<\/td>\n<td style=\"width: 29.4118%; height: 24px;\">GARC\u00cdA<\/td>\n<\/tr>\n<tr style=\"height: 24px;\">\n<td style=\"width: 39.9381%; height: 24px;\">JOSELINE ANDREA CATALINA<\/td>\n<td style=\"width: 30.031%; height: 24px;\">JARA<\/td>\n<td style=\"width: 29.4118%; height: 24px;\">RUIZ<\/td>\n<\/tr>\n<tr style=\"height: 24px;\">\n<td style=\"width: 39.9381%; height: 24px;\">VIVIANA ELIZABETH DE LOURDES<\/td>\n<td style=\"width: 30.031%; height: 24px;\">MU\u00d1OZ<\/td>\n<td style=\"width: 29.4118%; height: 24px;\">PERALTA<\/td>\n<\/tr>\n<tr style=\"height: 24px;\">\n<td style=\"width: 39.9381%; height: 24px;\">MICHELLE ALEJANDRA<\/td>\n<td style=\"width: 30.031%; height: 24px;\">POBLETE<\/td>\n<td style=\"width: 29.4118%; height: 24px;\">URIBE<\/td>\n<\/tr>\n<tr style=\"height: 24px;\">\n<td style=\"width: 39.9381%; height: 24px;\">CONSUELO JAVIERA<\/td>\n<td style=\"width: 30.031%; height: 24px;\">RIVEROS<\/td>\n<td style=\"width: 29.4118%; height: 24px;\">GALAZ<\/td>\n<\/tr>\n<\/tbody>\n<\/table>\n<p>[\/et_pb_toggle][\/et_pb_column][et_pb_column type=\u00bb1_3&#8243; _builder_version=\u00bb4.17.6&#8243; _module_preset=\u00bbdefault\u00bb global_colors_info=\u00bb{}\u00bb][et_pb_toggle title=\u00bbDIBUJANTE PROYECTISTA\u00bb open_toggle_text_color=\u00bb#000000&#8243; open_toggle_background_color=\u00bb#FFFFFF\u00bb closed_toggle_background_color=\u00bb#FFFFFF\u00bb icon_color=\u00bb#009bdb\u00bb toggle_icon=\u00bb&#xe048;||divi||400&#8243; use_icon_font_size=\u00bbon\u00bb icon_font_size=\u00bb26px\u00bb open_icon_color=\u00bb#009bdb\u00bb open_toggle_icon=\u00bb&#xe047;||divi||400&#8243; open_use_icon_font_size=\u00bbon\u00bb open_icon_font_size=\u00bb26px\u00bb disabled_on=\u00bboff|off|off\u00bb admin_label=\u00bbProfesor o profesora de Educaci\u00f3n B\u00e1sica\u00bb _builder_version=\u00bb4.27.0&#8243; _module_preset=\u00bbdefault\u00bb title_text_color=\u00bb#000000&#8243; title_font=\u00bb|700||on|||||\u00bb border_radii=\u00bboff||20px||20px\u00bb global_colors_info=\u00bb{}\u00bb]<\/p>\n<table style=\"width: 90%; height: 322px;\" border=\"0\" width=\"90%\" cellspacing=\"0\" cellpadding=\"0\">\n<tbody>\n<tr style=\"height: 24px;\">\n<td width=\"204\" style=\"width: 50.9333%; height: 24px;\"><strong>NOMBRE<\/strong><\/td>\n<td width=\"161\" style=\"width: 26.8%; height: 24px;\"><strong>APELLIDO PATERNO<\/strong><\/td>\n<td width=\"131\" style=\"width: 21.8667%; height: 24px;\"><strong>APELLIDO MATERNO<\/strong><\/td>\n<\/tr>\n<tr>\n<td width=\"228\" style=\"width: 50.9333%;\">JOSEFA YARITZA<\/td>\n<td width=\"199\" style=\"width: 26.8%;\">ARAYA<\/td>\n<td width=\"308\" style=\"width: 21.8667%;\">VILLAL\u00d3N<\/td>\n<\/tr>\n<tr>\n<td style=\"width: 50.9333%;\">SCARLETT ANA\u00cdS<\/td>\n<td style=\"width: 26.8%;\">GAJARDO<\/td>\n<td style=\"width: 21.8667%;\">AUGER<\/td>\n<\/tr>\n<tr>\n<td style=\"width: 50.9333%;\">FRANCHESCA YOLANDA<\/td>\n<td style=\"width: 26.8%;\">GALLARDO<\/td>\n<td style=\"width: 21.8667%;\">CATALDO<\/td>\n<\/tr>\n<tr>\n<td style=\"width: 50.9333%;\">YARINA ANDREA<\/td>\n<td style=\"width: 26.8%;\">RIVEROS<\/td>\n<td style=\"width: 21.8667%;\">FLORES<\/td>\n<\/tr>\n<\/tbody>\n<\/table>\n<p>[\/et_pb_toggle][\/et_pb_column][et_pb_column type=\u00bb1_3&#8243; _builder_version=\u00bb4.17.6&#8243; _module_preset=\u00bbdefault\u00bb global_colors_info=\u00bb{}\u00bb][et_pb_toggle title=\u00bbDISE\u00d1O\u00bb open_toggle_text_color=\u00bb#000000&#8243; open_toggle_background_color=\u00bb#FFFFFF\u00bb closed_toggle_background_color=\u00bb#FFFFFF\u00bb icon_color=\u00bb#009bdb\u00bb toggle_icon=\u00bb&#xe048;||divi||400&#8243; use_icon_font_size=\u00bbon\u00bb icon_font_size=\u00bb26px\u00bb open_icon_color=\u00bb#009bdb\u00bb open_toggle_icon=\u00bb&#xe047;||divi||400&#8243; open_use_icon_font_size=\u00bbon\u00bb open_icon_font_size=\u00bb26px\u00bb disabled_on=\u00bboff|off|off\u00bb admin_label=\u00bbProfesor o profesora de Educaci\u00f3n B\u00e1sica, menci\u00f3n en Lengua Castellana y Comunicaci\u00f3n\u00bb _builder_version=\u00bb4.27.0&#8243; _module_preset=\u00bbdefault\u00bb title_text_color=\u00bb#000000&#8243; title_font=\u00bb|700||on|||||\u00bb border_radii=\u00bboff||20px||20px\u00bb global_colors_info=\u00bb{}\u00bb]<\/p>\n<table style=\"width: 90%;\" border=\"0\" width=\"90%\" cellspacing=\"0\" cellpadding=\"0\">\n<tbody>\n<tr>\n<td width=\"204\" style=\"width: 51.0094%;\"><strong>NOMBRE<\/strong><\/td>\n<td width=\"161\" style=\"width: 26.7833%;\"><strong>APELLIDO PATERNO<\/strong><\/td>\n<td width=\"131\" style=\"width: 21.9381%;\"><strong>APELLIDO MATERNO<\/strong><\/td>\n<\/tr>\n<tr>\n<td width=\"228\" style=\"width: 51.0094%;\">YERALDINE DEL PILAR<\/td>\n<td width=\"199\" style=\"width: 26.7833%;\">ALCA\u00cdNO<\/td>\n<td width=\"308\" style=\"width: 21.9381%;\">BARR\u00cdA<\/td>\n<\/tr>\n<tr>\n<td style=\"width: 51.0094%;\">DANIELA ANDREA<\/td>\n<td style=\"width: 26.7833%;\">MU\u00d1OZ<\/td>\n<td style=\"width: 21.9381%;\">ARANIZ<\/td>\n<\/tr>\n<tr>\n<td style=\"width: 51.0094%;\">SOF\u00cdA MARIANA<\/td>\n<td style=\"width: 26.7833%;\">SIERRALTA<\/td>\n<td style=\"width: 21.9381%;\">D\u00cdAZ<\/td>\n<\/tr>\n<\/tbody>\n<\/table>\n<p>[\/et_pb_toggle][\/et_pb_column][\/et_pb_row][et_pb_row column_structure=\u00bb1_3,1_3,1_3&#8243; use_custom_gutter=\u00bbon\u00bb disabled_on=\u00bboff|off|off\u00bb _builder_version=\u00bb4.22.0&#8243; _module_preset=\u00bbdefault\u00bb width=\u00bb94%\u00bb max_width=\u00bb2560px\u00bb custom_padding=\u00bb18px||18px|||\u00bb global_colors_info=\u00bb{}\u00bb][et_pb_column type=\u00bb1_3&#8243; _builder_version=\u00bb4.17.6&#8243; _module_preset=\u00bbdefault\u00bb global_colors_info=\u00bb{}\u00bb][et_pb_toggle title=\u00bbDISE\u00d1O GR\u00c1FICO\u00bb open_toggle_text_color=\u00bb#000000&#8243; open_toggle_background_color=\u00bb#FFFFFF\u00bb closed_toggle_background_color=\u00bb#FFFFFF\u00bb icon_color=\u00bb#009bdb\u00bb toggle_icon=\u00bb&#xe048;||divi||400&#8243; use_icon_font_size=\u00bbon\u00bb icon_font_size=\u00bb26px\u00bb open_icon_color=\u00bb#009bdb\u00bb open_toggle_icon=\u00bb&#xe047;||divi||400&#8243; open_use_icon_font_size=\u00bbon\u00bb open_icon_font_size=\u00bb26px\u00bb disabled_on=\u00bboff|off|off\u00bb admin_label=\u00bbEducador o Educadora de P\u00e1rvulos\u00bb _builder_version=\u00bb4.27.0&#8243; _module_preset=\u00bbdefault\u00bb title_text_color=\u00bb#000000&#8243; title_font=\u00bb|700||on|||||\u00bb border_radii=\u00bboff||20px||20px\u00bb global_colors_info=\u00bb{}\u00bb]<\/p>\n<table style=\"width: 90%;\" border=\"0\" width=\"90%\" cellspacing=\"0\" cellpadding=\"0\">\n<tbody>\n<tr>\n<td width=\"204\" style=\"width: 39.9381%;\"><strong>NOMBRE<\/strong><\/td>\n<td width=\"161\" style=\"width: 30.031%;\"><strong>APELLIDO PATERNO<\/strong><\/td>\n<td width=\"131\" style=\"width: 29.4118%;\"><strong>APELLIDO MATERNO<\/strong><\/td>\n<\/tr>\n<tr>\n<td width=\"228\" style=\"width: 39.9381%;\">VANESSA VER\u00d3NICA<\/td>\n<td width=\"199\" style=\"width: 30.031%;\">BISO<\/td>\n<td width=\"308\" style=\"width: 29.4118%;\">BOBADILLA<\/td>\n<\/tr>\n<tr>\n<td style=\"width: 39.9381%;\">PAULINA NATALY<\/td>\n<td style=\"width: 30.031%;\">BUSTAMANTE<\/td>\n<td style=\"width: 29.4118%;\">FERN\u00c1NDEZ<\/td>\n<\/tr>\n<tr>\n<td style=\"width: 39.9381%;\">KARLA ANDREA<\/td>\n<td style=\"width: 30.031%;\">BUSTAMANTE<\/td>\n<td style=\"width: 29.4118%;\">VILLEGAS<\/td>\n<\/tr>\n<tr>\n<td style=\"width: 39.9381%;\">RAYEN AMANDA<\/td>\n<td style=\"width: 30.031%;\">FAR\u00cdAS<\/td>\n<td style=\"width: 29.4118%;\">FR\u00cdAS<\/td>\n<\/tr>\n<tr>\n<td style=\"width: 39.9381%;\">FELIPE IGNACIO<\/td>\n<td style=\"width: 30.031%;\">MEDINA<\/td>\n<td style=\"width: 29.4118%;\">ZAPATA<\/td>\n<\/tr>\n<tr>\n<td style=\"width: 39.9381%;\">CARMEN LIDIA<\/td>\n<td style=\"width: 30.031%;\">POLO<\/td>\n<td style=\"width: 29.4118%;\">VALENZUELA<\/td>\n<\/tr>\n<tr>\n<td style=\"width: 39.9381%;\">CONSTANZA MACARENA<\/td>\n<td style=\"width: 30.031%;\">VARGAS<\/td>\n<td style=\"width: 29.4118%;\">ALARC\u00d3N<\/td>\n<\/tr>\n<\/tbody>\n<\/table>\n<p>[\/et_pb_toggle][\/et_pb_column][et_pb_column type=\u00bb1_3&#8243; _builder_version=\u00bb4.17.6&#8243; _module_preset=\u00bbdefault\u00bb global_colors_info=\u00bb{}\u00bb][\/et_pb_column][et_pb_column type=\u00bb1_3&#8243; _builder_version=\u00bb4.17.6&#8243; _module_preset=\u00bbdefault\u00bb global_colors_info=\u00bb{}\u00bb][\/et_pb_column][\/et_pb_row][\/et_pb_section][et_pb_section fb_built=\u00bb1&#8243; disabled_on=\u00bboff|off|off\u00bb _builder_version=\u00bb4.27.0&#8243; _module_preset=\u00bbdefault\u00bb background_color=\u00bbRGBA(12,113,195,0.12)\u00bb width=\u00bb100%\u00bb max_width=\u00bb100%\u00bb custom_margin=\u00bb46px|||||\u00bb custom_padding=\u00bb5px|||||\u00bb global_colors_info=\u00bb{}\u00bb][et_pb_row use_custom_gutter=\u00bbon\u00bb gutter_width=\u00bb1&#8243; _builder_version=\u00bb4.25.2&#8243; _module_preset=\u00bbdefault\u00bb width=\u00bb96%\u00bb max_width=\u00bb2560px\u00bb module_alignment=\u00bbleft\u00bb custom_padding=\u00bb||9px|3%|false|false\u00bb global_colors_info=\u00bb{}\u00bb][et_pb_column type=\u00bb4_4&#8243; _builder_version=\u00bb4.17.6&#8243; _module_preset=\u00bbdefault\u00bb global_colors_info=\u00bb{}\u00bb][et_pb_blurb title=\u00bbFACULTAD DE CIENCIAS NATURALES Y EXACTAS\u00bb use_icon=\u00bbon\u00bb font_icon=\u00bb&#xf073;||fa||400&#8243; icon_color=\u00bb#009bdb\u00bb icon_placement=\u00bbleft\u00bb image_icon_width=\u00bb53px\u00bb content_max_width=\u00bb1100px\u00bb admin_label=\u00bbAnuncio: Ceremonia de titulaci\u00f3n: jueves 9 de noviembre de 2023 10.30 horas\u00bb _builder_version=\u00bb4.27.0&#8243; _module_preset=\u00bbdefault\u00bb header_font=\u00bb|800||on|||||\u00bb header_text_color=\u00bb#303030&#8243; header_font_size=\u00bb27px\u00bb body_font=\u00bb||||||||\u00bb body_text_color=\u00bb#0099cc\u00bb body_font_size=\u00bb16px\u00bb custom_margin=\u00bb||-1px|||\u00bb global_colors_info=\u00bb{}\u00bb]<\/p>\n<h1><strong>Lunes 7 de octubre de 2024, a las 15.30 horas<\/strong><\/h1>\n<p>Aula Dr. F\u00e9lix Morales Pettorino, Casa Central, Universidad de Playa Ancha.<\/p>\n<p>[\/et_pb_blurb][\/et_pb_column][\/et_pb_row][et_pb_row column_structure=\u00bb1_3,1_3,1_3&#8243; use_custom_gutter=\u00bbon\u00bb disabled_on=\u00bboff|off|off\u00bb _builder_version=\u00bb4.22.0&#8243; _module_preset=\u00bbdefault\u00bb width=\u00bb94%\u00bb max_width=\u00bb2560px\u00bb custom_padding=\u00bb18px||18px|||\u00bb global_colors_info=\u00bb{}\u00bb][et_pb_column type=\u00bb1_3&#8243; _builder_version=\u00bb4.17.6&#8243; _module_preset=\u00bbdefault\u00bb global_colors_info=\u00bb{}\u00bb][et_pb_toggle title=\u00bbGEOGRAF\u00cdA\u00bb open_toggle_text_color=\u00bb#000000&#8243; open_toggle_background_color=\u00bb#FFFFFF\u00bb closed_toggle_background_color=\u00bb#FFFFFF\u00bb icon_color=\u00bb#009bdb\u00bb toggle_icon=\u00bb&#xe048;||divi||400&#8243; use_icon_font_size=\u00bbon\u00bb icon_font_size=\u00bb26px\u00bb open_icon_color=\u00bb#009bdb\u00bb open_toggle_icon=\u00bb&#xe047;||divi||400&#8243; open_use_icon_font_size=\u00bbon\u00bb open_icon_font_size=\u00bb26px\u00bb disabled_on=\u00bboff|off|off\u00bb admin_label=\u00bbEducador o Educadora de P\u00e1rvulos\u00bb _builder_version=\u00bb4.27.0&#8243; _module_preset=\u00bbdefault\u00bb title_text_color=\u00bb#000000&#8243; title_font=\u00bb|700||on|||||\u00bb border_radii=\u00bboff||20px||20px\u00bb global_colors_info=\u00bb{}\u00bb]<\/p>\n<table style=\"width: 90%; height: 442px;\" border=\"0\" width=\"90%\" cellspacing=\"0\" cellpadding=\"0\">\n<tbody>\n<tr style=\"height: 24px;\">\n<td width=\"204\" style=\"width: 39.9381%; height: 24px;\"><strong>NOMBRE<\/strong><\/td>\n<td width=\"161\" style=\"width: 30.031%; height: 24px;\"><strong>APELLIDO PATERNO<\/strong><\/td>\n<td width=\"131\" style=\"width: 29.4118%; height: 24px;\"><strong>APELLIDO MATERNO<\/strong><\/td>\n<\/tr>\n<tr>\n<td width=\"236\" style=\"width: 39.9381%;\">PABLO ERNESTO<\/td>\n<td width=\"293\" style=\"width: 30.031%;\">ARANCIBIA<\/td>\n<td width=\"328\" style=\"width: 29.4118%;\">RAMOS<\/td>\n<\/tr>\n<tr>\n<td style=\"width: 39.9381%;\">CARLOS ANDR\u00c9S<\/td>\n<td style=\"width: 30.031%;\">AROS<\/td>\n<td style=\"width: 29.4118%;\">HERRERA<\/td>\n<\/tr>\n<tr>\n<td style=\"width: 39.9381%;\">FABI\u00c1N ALEJANDRO<\/td>\n<td style=\"width: 30.031%;\">GATICA<\/td>\n<td style=\"width: 29.4118%;\">C\u00c1RDENAS<\/td>\n<\/tr>\n<tr>\n<td style=\"width: 39.9381%;\">ERICK DAMI\u00c1N<\/td>\n<td style=\"width: 30.031%;\">TORRES<\/td>\n<td style=\"width: 29.4118%;\">ROZAS<\/td>\n<\/tr>\n<tr>\n<td style=\"width: 39.9381%;\">NATALIA ALMENDRA<\/td>\n<td style=\"width: 30.031%;\">UMA\u00d1A<\/td>\n<td style=\"width: 29.4118%;\">ESTEBAN<\/td>\n<\/tr>\n<\/tbody>\n<\/table>\n<p>[\/et_pb_toggle][\/et_pb_column][et_pb_column type=\u00bb1_3&#8243; _builder_version=\u00bb4.17.6&#8243; _module_preset=\u00bbdefault\u00bb global_colors_info=\u00bb{}\u00bb][et_pb_toggle title=\u00bbPEDAGOG\u00cdA EN BIOLOG\u00cdA Y CIENCIAS\u00bb open_toggle_text_color=\u00bb#000000&#8243; open_toggle_background_color=\u00bb#FFFFFF\u00bb closed_toggle_background_color=\u00bb#FFFFFF\u00bb icon_color=\u00bb#009bdb\u00bb toggle_icon=\u00bb&#xe048;||divi||400&#8243; use_icon_font_size=\u00bbon\u00bb icon_font_size=\u00bb26px\u00bb open_icon_color=\u00bb#009bdb\u00bb open_toggle_icon=\u00bb&#xe047;||divi||400&#8243; open_use_icon_font_size=\u00bbon\u00bb open_icon_font_size=\u00bb26px\u00bb disabled_on=\u00bboff|off|off\u00bb admin_label=\u00bbProfesor o profesora de Educaci\u00f3n B\u00e1sica\u00bb _builder_version=\u00bb4.27.0&#8243; _module_preset=\u00bbdefault\u00bb title_text_color=\u00bb#000000&#8243; title_font=\u00bb|700||on|||||\u00bb border_radii=\u00bboff||20px||20px\u00bb global_colors_info=\u00bb{}\u00bb]<\/p>\n<table style=\"width: 90%; height: 312px;\" border=\"0\" width=\"90%\" cellspacing=\"0\" cellpadding=\"0\">\n<tbody>\n<tr style=\"height: 24px;\">\n<td width=\"204\" style=\"width: 50.9333%; height: 24px;\"><strong>NOMBRE<\/strong><\/td>\n<td width=\"161\" style=\"width: 26.8%; height: 24px;\"><strong>APELLIDO PATERNO<\/strong><\/td>\n<td width=\"131\" style=\"width: 21.8667%; height: 24px;\"><strong>APELLIDO MATERNO<\/strong><\/td>\n<\/tr>\n<tr>\n<td width=\"236\" style=\"width: 50.9333%;\">JUAN MANUEL<\/td>\n<td width=\"293\" style=\"width: 26.8%;\">\u00c1LAMOS<\/td>\n<td width=\"328\" style=\"width: 21.8667%;\">MANOSALBA<\/td>\n<\/tr>\n<tr>\n<td style=\"width: 50.9333%;\">ROC\u00cdO JAZM\u00cdN<\/td>\n<td style=\"width: 26.8%;\">ALATA<\/td>\n<td style=\"width: 21.8667%;\">P\u00c9REZ<\/td>\n<\/tr>\n<tr>\n<td style=\"width: 50.9333%;\">GABRIELA JOSEFINA<\/td>\n<td style=\"width: 26.8%;\">ALFARO<\/td>\n<td style=\"width: 21.8667%;\">MATURANA<\/td>\n<\/tr>\n<tr>\n<td style=\"width: 50.9333%;\">FRANCO IGNACIO<\/td>\n<td style=\"width: 26.8%;\">\u00c1LVAREZ<\/td>\n<td style=\"width: 21.8667%;\">V\u00c9LIZ<\/td>\n<\/tr>\n<tr>\n<td style=\"width: 50.9333%;\">DANIELA PAZ<\/td>\n<td style=\"width: 26.8%;\">BAEZ<\/td>\n<td style=\"width: 21.8667%;\">ARAYA<\/td>\n<\/tr>\n<tr>\n<td style=\"width: 50.9333%;\">KAMILA ALEJANDRA<\/td>\n<td style=\"width: 26.8%;\">BARAHONA<\/td>\n<td style=\"width: 21.8667%;\">MENARES<\/td>\n<\/tr>\n<tr>\n<td style=\"width: 50.9333%;\">P\u00cdA MAR\u00cdA<\/td>\n<td style=\"width: 26.8%;\">BARR\u00cdA<\/td>\n<td style=\"width: 21.8667%;\">BOBADILLA<\/td>\n<\/tr>\n<tr>\n<td style=\"width: 50.9333%;\">CAMILA ANDREA<\/td>\n<td style=\"width: 26.8%;\">C\u00c1CERES<\/td>\n<td style=\"width: 21.8667%;\">MERCADO<\/td>\n<\/tr>\n<tr>\n<td style=\"width: 50.9333%;\">DIEGO ANDR\u00c9S<\/td>\n<td style=\"width: 26.8%;\">C\u00d3RDOVA<\/td>\n<td style=\"width: 21.8667%;\">VILCHES<\/td>\n<\/tr>\n<tr>\n<td style=\"width: 50.9333%;\">GISELLA DANITZA<\/td>\n<td style=\"width: 26.8%;\">CORT\u00c9S<\/td>\n<td style=\"width: 21.8667%;\">GUZM\u00c1N<\/td>\n<\/tr>\n<tr>\n<td style=\"width: 50.9333%;\">JESSICA ANDREA LIDIA<\/td>\n<td style=\"width: 26.8%;\">DONOSO<\/td>\n<td style=\"width: 21.8667%;\">FIGUEROA<\/td>\n<\/tr>\n<tr>\n<td style=\"width: 50.9333%;\">MART\u00cdN NICOL\u00c1S<\/td>\n<td style=\"width: 26.8%;\">GARAT<\/td>\n<td style=\"width: 21.8667%;\">CAMUS<\/td>\n<\/tr>\n<tr>\n<td style=\"width: 50.9333%;\">ALEXIS FELIPE<\/td>\n<td style=\"width: 26.8%;\">GONZ\u00c1LEZ<\/td>\n<td style=\"width: 21.8667%;\">P\u00c9REZ<\/td>\n<\/tr>\n<tr>\n<td style=\"width: 50.9333%;\">PAMELA AM\u00c9RICA<\/td>\n<td style=\"width: 26.8%;\">JOFR\u00c9<\/td>\n<td style=\"width: 21.8667%;\">ESCOBAR<\/td>\n<\/tr>\n<tr>\n<td style=\"width: 50.9333%;\">KEVIN ANTONIO<\/td>\n<td style=\"width: 26.8%;\">LAZCANO<\/td>\n<td style=\"width: 21.8667%;\">ARANCIBIA<\/td>\n<\/tr>\n<tr>\n<td style=\"width: 50.9333%;\">KEVIN ALEXANDER<\/td>\n<td style=\"width: 26.8%;\">LE\u00d3N<\/td>\n<td style=\"width: 21.8667%;\">CARRERA<\/td>\n<\/tr>\n<tr>\n<td style=\"width: 50.9333%;\">ALLYNSON JAVIERA<\/td>\n<td style=\"width: 26.8%;\">LE\u00d3N<\/td>\n<td style=\"width: 21.8667%;\">GODOY<\/td>\n<\/tr>\n<tr>\n<td style=\"width: 50.9333%;\">DANIEL EDUARDO<\/td>\n<td style=\"width: 26.8%;\">MAGA\u00d1A<\/td>\n<td style=\"width: 21.8667%;\">AGUILAR<\/td>\n<\/tr>\n<tr>\n<td style=\"width: 50.9333%;\">FELIPE ANDR\u00c9S<\/td>\n<td style=\"width: 26.8%;\">MART\u00cdNEZ<\/td>\n<td style=\"width: 21.8667%;\">MART\u00cdNEZ<\/td>\n<\/tr>\n<tr>\n<td style=\"width: 50.9333%;\">FERNANDA NOEL<\/td>\n<td style=\"width: 26.8%;\">MENARES<\/td>\n<td style=\"width: 21.8667%;\">ESPINOZA<\/td>\n<\/tr>\n<tr>\n<td style=\"width: 50.9333%;\">ARTURO ESTEBAN CRIST\u00d3BAL<\/td>\n<td style=\"width: 26.8%;\">OLAECHEA<\/td>\n<td style=\"width: 21.8667%;\">CHALCO<\/td>\n<\/tr>\n<tr>\n<td style=\"width: 50.9333%;\">CONSTANZA JAVIERA<\/td>\n<td style=\"width: 26.8%;\">PONCE<\/td>\n<td style=\"width: 21.8667%;\">ILLANES<\/td>\n<\/tr>\n<tr>\n<td style=\"width: 50.9333%;\">CHRISTIAN IGNACIO<\/td>\n<td style=\"width: 26.8%;\">ROSAL<\/td>\n<td style=\"width: 21.8667%;\">MONTENEGRO<\/td>\n<\/tr>\n<tr>\n<td style=\"width: 50.9333%;\">FRANCISCA ALEJANDRA<\/td>\n<td style=\"width: 26.8%;\">Y\u00c1\u00d1EZ<\/td>\n<td style=\"width: 21.8667%;\">BRAVO<\/td>\n<\/tr>\n<\/tbody>\n<\/table>\n<p>[\/et_pb_toggle][\/et_pb_column][et_pb_column type=\u00bb1_3&#8243; _builder_version=\u00bb4.17.6&#8243; _module_preset=\u00bbdefault\u00bb global_colors_info=\u00bb{}\u00bb][et_pb_toggle title=\u00bbPEDAGOG\u00cdA EN MATEM\u00c1TICA\u00bb open_toggle_text_color=\u00bb#000000&#8243; open_toggle_background_color=\u00bb#FFFFFF\u00bb closed_toggle_background_color=\u00bb#FFFFFF\u00bb icon_color=\u00bb#009bdb\u00bb toggle_icon=\u00bb&#xe048;||divi||400&#8243; use_icon_font_size=\u00bbon\u00bb icon_font_size=\u00bb26px\u00bb open_icon_color=\u00bb#009bdb\u00bb open_toggle_icon=\u00bb&#xe047;||divi||400&#8243; open_use_icon_font_size=\u00bbon\u00bb open_icon_font_size=\u00bb26px\u00bb disabled_on=\u00bboff|off|off\u00bb admin_label=\u00bbProfesor o profesora de Educaci\u00f3n B\u00e1sica, menci\u00f3n en Lengua Castellana y Comunicaci\u00f3n\u00bb _builder_version=\u00bb4.27.0&#8243; _module_preset=\u00bbdefault\u00bb title_text_color=\u00bb#000000&#8243; title_font=\u00bb|700||on|||||\u00bb border_radii=\u00bboff||20px||20px\u00bb global_colors_info=\u00bb{}\u00bb]<\/p>\n<table style=\"width: 90%;\" border=\"0\" width=\"90%\" cellspacing=\"0\" cellpadding=\"0\">\n<tbody>\n<tr>\n<td width=\"204\" style=\"width: 51.0094%;\"><strong>NOMBRE<\/strong><\/td>\n<td width=\"161\" style=\"width: 26.7833%;\"><strong>APELLIDO PATERNO<\/strong><\/td>\n<td width=\"131\" style=\"width: 21.9381%;\"><strong>APELLIDO MATERNO<\/strong><\/td>\n<\/tr>\n<tr>\n<td width=\"236\" style=\"width: 51.0094%;\">SOF\u00cdA CECILIA<\/td>\n<td width=\"293\" style=\"width: 26.7833%;\">AMPUERO<\/td>\n<td width=\"328\" style=\"width: 21.9381%;\">ABURTO<\/td>\n<\/tr>\n<tr>\n<td style=\"width: 51.0094%;\">VALENTINA PILAR<\/td>\n<td style=\"width: 26.7833%;\">ARANIS<\/td>\n<td style=\"width: 21.9381%;\">OLAVE<\/td>\n<\/tr>\n<tr>\n<td style=\"width: 51.0094%;\">CAMILA VALENTINA<\/td>\n<td style=\"width: 26.7833%;\">GONZ\u00c1LEZ<\/td>\n<td style=\"width: 21.9381%;\">VILLARROEL<\/td>\n<\/tr>\n<tr>\n<td style=\"width: 51.0094%;\">B\u00c1RBARA DEL ROSARIO<\/td>\n<td style=\"width: 26.7833%;\">JIM\u00c9NEZ<\/td>\n<td style=\"width: 21.9381%;\">MART\u00cdNEZ<\/td>\n<\/tr>\n<tr>\n<td style=\"width: 51.0094%;\">PAULA VER\u00d3NICA<\/td>\n<td style=\"width: 26.7833%;\">MALHUE<\/td>\n<td style=\"width: 21.9381%;\">BASUALTO<\/td>\n<\/tr>\n<tr>\n<td style=\"width: 51.0094%;\">MARCELA BEL\u00c9N<\/td>\n<td style=\"width: 26.7833%;\">MAYTA<\/td>\n<td style=\"width: 21.9381%;\">ROJAS<\/td>\n<\/tr>\n<tr>\n<td style=\"width: 51.0094%;\">GASPAR ISA\u00cdAS<\/td>\n<td style=\"width: 26.7833%;\">SAAVEDRA<\/td>\n<td style=\"width: 21.9381%;\">TRIGO<\/td>\n<\/tr>\n<\/tbody>\n<\/table>\n<p>[\/et_pb_toggle][\/et_pb_column][\/et_pb_row][et_pb_row column_structure=\u00bb1_3,1_3,1_3&#8243; use_custom_gutter=\u00bbon\u00bb disabled_on=\u00bboff|off|off\u00bb _builder_version=\u00bb4.22.0&#8243; _module_preset=\u00bbdefault\u00bb width=\u00bb94%\u00bb max_width=\u00bb2560px\u00bb custom_padding=\u00bb18px||18px|||\u00bb global_colors_info=\u00bb{}\u00bb][et_pb_column type=\u00bb1_3&#8243; _builder_version=\u00bb4.17.6&#8243; _module_preset=\u00bbdefault\u00bb global_colors_info=\u00bb{}\u00bb][et_pb_toggle title=\u00bbPEDAGOG\u00cdA EN F\u00cdSICA Y COMPUTACI\u00d3N\u00bb open_toggle_text_color=\u00bb#000000&#8243; open_toggle_background_color=\u00bb#FFFFFF\u00bb closed_toggle_background_color=\u00bb#FFFFFF\u00bb icon_color=\u00bb#009bdb\u00bb toggle_icon=\u00bb&#xe048;||divi||400&#8243; use_icon_font_size=\u00bbon\u00bb icon_font_size=\u00bb26px\u00bb open_icon_color=\u00bb#009bdb\u00bb open_toggle_icon=\u00bb&#xe047;||divi||400&#8243; open_use_icon_font_size=\u00bbon\u00bb open_icon_font_size=\u00bb26px\u00bb disabled_on=\u00bboff|off|off\u00bb admin_label=\u00bbEducador o Educadora de P\u00e1rvulos\u00bb _builder_version=\u00bb4.27.0&#8243; _module_preset=\u00bbdefault\u00bb title_text_color=\u00bb#000000&#8243; title_font=\u00bb|700||on|||||\u00bb border_radii=\u00bboff||20px||20px\u00bb global_colors_info=\u00bb{}\u00bb]<\/p>\n<table style=\"width: 90%; height: 466px;\" border=\"0\" width=\"90%\" cellspacing=\"0\" cellpadding=\"0\">\n<tbody>\n<tr style=\"height: 24px;\">\n<td width=\"204\" style=\"width: 39.9381%; height: 24px;\"><strong>NOMBRE<\/strong><\/td>\n<td width=\"161\" style=\"width: 30.031%; height: 24px;\"><strong>APELLIDO PATERNO<\/strong><\/td>\n<td width=\"131\" style=\"width: 29.4118%; height: 24px;\"><strong>APELLIDO MATERNO<\/strong><\/td>\n<\/tr>\n<tr>\n<td width=\"236\" style=\"width: 39.9381%;\">GIOVANNI PAOLO<\/td>\n<td width=\"293\" style=\"width: 30.031%;\">CARABELLI<\/td>\n<td width=\"328\" style=\"width: 29.4118%;\">GUTI\u00c9RREZ<\/td>\n<\/tr>\n<\/tbody>\n<\/table>\n<p>[\/et_pb_toggle][\/et_pb_column][et_pb_column type=\u00bb1_3&#8243; _builder_version=\u00bb4.17.6&#8243; _module_preset=\u00bbdefault\u00bb global_colors_info=\u00bb{}\u00bb][et_pb_toggle title=\u00bbPEDAGOG\u00cdA EN QU\u00cdMICA Y CIENCIAS \u00bb open_toggle_text_color=\u00bb#000000&#8243; open_toggle_background_color=\u00bb#FFFFFF\u00bb closed_toggle_background_color=\u00bb#FFFFFF\u00bb icon_color=\u00bb#009bdb\u00bb toggle_icon=\u00bb&#xe048;||divi||400&#8243; use_icon_font_size=\u00bbon\u00bb icon_font_size=\u00bb26px\u00bb open_icon_color=\u00bb#009bdb\u00bb open_toggle_icon=\u00bb&#xe047;||divi||400&#8243; open_use_icon_font_size=\u00bbon\u00bb open_icon_font_size=\u00bb26px\u00bb disabled_on=\u00bboff|off|off\u00bb admin_label=\u00bbProfesor o profesora de Educaci\u00f3n B\u00e1sica\u00bb _builder_version=\u00bb4.27.0&#8243; _module_preset=\u00bbdefault\u00bb title_text_color=\u00bb#000000&#8243; title_font=\u00bb|700||on|||||\u00bb border_radii=\u00bboff||20px||20px\u00bb global_colors_info=\u00bb{}\u00bb]<\/p>\n<table style=\"width: 90%; height: 322px;\" border=\"0\" width=\"90%\" cellspacing=\"0\" cellpadding=\"0\">\n<tbody>\n<tr style=\"height: 24px;\">\n<td width=\"204\" style=\"width: 50.9333%; height: 24px;\"><strong>NOMBRE<\/strong><\/td>\n<td width=\"161\" style=\"width: 26.8%; height: 24px;\"><strong>APELLIDO PATERNO<\/strong><\/td>\n<td width=\"131\" style=\"width: 21.8667%; height: 24px;\"><strong>APELLIDO MATERNO<\/strong><\/td>\n<\/tr>\n<tr>\n<td width=\"236\" style=\"width: 50.9333%;\">ANA GABRIELA ALEJANDRA<\/td>\n<td width=\"293\" style=\"width: 26.8%;\">GARAY<\/td>\n<td width=\"328\" style=\"width: 21.8667%;\">UGALDE<\/td>\n<\/tr>\n<\/tbody>\n<\/table>\n<p>[\/et_pb_toggle][\/et_pb_column][et_pb_column type=\u00bb1_3&#8243; _builder_version=\u00bb4.17.6&#8243; _module_preset=\u00bbdefault\u00bb global_colors_info=\u00bb{}\u00bb][\/et_pb_column][\/et_pb_row][\/et_pb_section][et_pb_section fb_built=\u00bb1&#8243; disabled_on=\u00bboff|off|off\u00bb _builder_version=\u00bb4.22.0&#8243; _module_preset=\u00bbdefault\u00bb width=\u00bb100%\u00bb max_width=\u00bb100%\u00bb min_height=\u00bb160.1px\u00bb custom_margin=\u00bb46px||-3px|||\u00bb custom_padding=\u00bb5px|||||\u00bb global_colors_info=\u00bb{}\u00bb][et_pb_row use_custom_gutter=\u00bbon\u00bb gutter_width=\u00bb1&#8243; _builder_version=\u00bb4.25.2&#8243; _module_preset=\u00bbdefault\u00bb width=\u00bb96%\u00bb max_width=\u00bb2560px\u00bb module_alignment=\u00bbleft\u00bb custom_padding=\u00bb||9px|3%|false|false\u00bb global_colors_info=\u00bb{}\u00bb][et_pb_column type=\u00bb4_4&#8243; _builder_version=\u00bb4.17.6&#8243; _module_preset=\u00bbdefault\u00bb global_colors_info=\u00bb{}\u00bb][et_pb_blurb title=\u00bbFACULTAD DE CIENCIAS SOCIALES\u00bb use_icon=\u00bbon\u00bb font_icon=\u00bb&#xf073;||fa||400&#8243; icon_color=\u00bb#009bdb\u00bb icon_placement=\u00bbleft\u00bb image_icon_width=\u00bb53px\u00bb content_max_width=\u00bb1100px\u00bb admin_label=\u00bbAnuncio: Ceremonia de titulaci\u00f3n: jueves 9 de noviembre de 2023 10.30 horas\u00bb _builder_version=\u00bb4.27.0&#8243; _module_preset=\u00bbdefault\u00bb header_font=\u00bb|800||on|||||\u00bb header_text_color=\u00bb#303030&#8243; header_font_size=\u00bb27px\u00bb body_font=\u00bb||||||||\u00bb body_text_color=\u00bb#0099cc\u00bb body_font_size=\u00bb16px\u00bb custom_margin=\u00bb||-1px|||\u00bb global_colors_info=\u00bb{}\u00bb]<\/p>\n<h1><strong>Martes 15 de octubre de 2024, a las 10.30 horas<\/strong><\/h1>\n<p>Aula Dr. F\u00e9lix Morales Pettorino, Casa Central, Universidad de Playa Ancha.<\/p>\n<p>[\/et_pb_blurb][\/et_pb_column][\/et_pb_row][et_pb_row column_structure=\u00bb1_3,1_3,1_3&#8243; use_custom_gutter=\u00bbon\u00bb disabled_on=\u00bboff|off|off\u00bb _builder_version=\u00bb4.22.0&#8243; _module_preset=\u00bbdefault\u00bb width=\u00bb94%\u00bb max_width=\u00bb2560px\u00bb custom_padding=\u00bb18px||18px|||\u00bb global_colors_info=\u00bb{}\u00bb][et_pb_column type=\u00bb1_3&#8243; _builder_version=\u00bb4.17.6&#8243; _module_preset=\u00bbdefault\u00bb global_colors_info=\u00bb{}\u00bb][et_pb_toggle title=\u00bbPSICOLOG\u00cdA\u00bb open_toggle_text_color=\u00bb#000000&#8243; open_toggle_background_color=\u00bb#FFFFFF\u00bb closed_toggle_background_color=\u00bb#FFFFFF\u00bb icon_color=\u00bb#009bdb\u00bb toggle_icon=\u00bb&#xe048;||divi||400&#8243; use_icon_font_size=\u00bbon\u00bb icon_font_size=\u00bb26px\u00bb open_icon_color=\u00bb#009bdb\u00bb open_toggle_icon=\u00bb&#xe047;||divi||400&#8243; open_use_icon_font_size=\u00bbon\u00bb open_icon_font_size=\u00bb26px\u00bb disabled_on=\u00bboff|off|off\u00bb admin_label=\u00bbEducador o Educadora de P\u00e1rvulos\u00bb _builder_version=\u00bb4.27.0&#8243; _module_preset=\u00bbdefault\u00bb title_text_color=\u00bb#000000&#8243; title_font=\u00bb|700||on|||||\u00bb border_radii=\u00bboff||20px||20px\u00bb global_colors_info=\u00bb{}\u00bb]<\/p>\n<table style=\"width: 90%; height: 442px;\" border=\"0\" width=\"90%\" cellspacing=\"0\" cellpadding=\"0\">\n<tbody>\n<tr style=\"height: 24px;\">\n<td width=\"204\" style=\"width: 39.9381%; height: 24px;\"><strong>NOMBRE<\/strong><\/td>\n<td width=\"161\" style=\"width: 30.031%; height: 24px;\"><strong>APELLIDO PATERNO<\/strong><\/td>\n<td width=\"131\" style=\"width: 29.4118%; height: 24px;\"><strong>APELLIDO MATERNO<\/strong><\/td>\n<\/tr>\n<tr>\n<td width=\"279\" style=\"width: 39.9381%;\">CINTHIA ELIZABETH<\/td>\n<td width=\"272\" style=\"width: 30.031%;\">ACU\u00d1A<\/td>\n<td width=\"220\" style=\"width: 29.4118%;\">CARRE\u00d1O<\/td>\n<\/tr>\n<tr>\n<td style=\"width: 39.9381%;\">KAREN ANAI<\/td>\n<td style=\"width: 30.031%;\">AGUILERA<\/td>\n<td style=\"width: 29.4118%;\">P\u00c9REZ<\/td>\n<\/tr>\n<tr>\n<td style=\"width: 39.9381%;\">JAVIERA ALONDRA<\/td>\n<td style=\"width: 30.031%;\">ALFARO<\/td>\n<td style=\"width: 29.4118%;\">FRITZ<\/td>\n<\/tr>\n<tr>\n<td style=\"width: 39.9381%;\">MAT\u00cdAS ALEXIS<\/td>\n<td style=\"width: 30.031%;\">ALFARO<\/td>\n<td style=\"width: 29.4118%;\">PIZARRO<\/td>\n<\/tr>\n<tr>\n<td style=\"width: 39.9381%;\">MAR\u00cdA JOS\u00c9<\/td>\n<td style=\"width: 30.031%;\">ALLENDES<\/td>\n<td style=\"width: 29.4118%;\">OLAVARR\u00cdA<\/td>\n<\/tr>\n<tr>\n<td style=\"width: 39.9381%;\">CATALINA ANDREA<\/td>\n<td style=\"width: 30.031%;\">ARANCIBIA<\/td>\n<td style=\"width: 29.4118%;\">D\u00cdAZ<\/td>\n<\/tr>\n<tr>\n<td style=\"width: 39.9381%;\">GERARDO EMILIO<\/td>\n<td style=\"width: 30.031%;\">ARAYA<\/td>\n<td style=\"width: 29.4118%;\">ESPINOSA<\/td>\n<\/tr>\n<tr>\n<td style=\"width: 39.9381%;\">GABRIEL HUMBERTO<\/td>\n<td style=\"width: 30.031%;\">ARRIAGADA<\/td>\n<td style=\"width: 29.4118%;\">ASTUDILLO<\/td>\n<\/tr>\n<tr>\n<td style=\"width: 39.9381%;\">CATALINA MARCELA<\/td>\n<td style=\"width: 30.031%;\">BARRAZA<\/td>\n<td style=\"width: 29.4118%;\">CUETO<\/td>\n<\/tr>\n<tr>\n<td style=\"width: 39.9381%;\">MAYRA SALOM\u00c9<\/td>\n<td style=\"width: 30.031%;\">BASUALTO<\/td>\n<td style=\"width: 29.4118%;\">COLLAO<\/td>\n<\/tr>\n<tr>\n<td style=\"width: 39.9381%;\">CAMILA ANA\u00cdS<\/td>\n<td style=\"width: 30.031%;\">CABRERA<\/td>\n<td style=\"width: 29.4118%;\">LEAL<\/td>\n<\/tr>\n<tr>\n<td style=\"width: 39.9381%;\">MAR\u00cdA IGNACIA<\/td>\n<td style=\"width: 30.031%;\">CALDER\u00d3N<\/td>\n<td style=\"width: 29.4118%;\">ZAVALA<\/td>\n<\/tr>\n<tr>\n<td style=\"width: 39.9381%;\">JOAQU\u00cdN ANTONIO<\/td>\n<td style=\"width: 30.031%;\">CAMPOS<\/td>\n<td style=\"width: 29.4118%;\">TAPIA<\/td>\n<\/tr>\n<tr>\n<td style=\"width: 39.9381%;\">ISIDORA FRANCISCA<\/td>\n<td style=\"width: 30.031%;\">CATALDO<\/td>\n<td style=\"width: 29.4118%;\">CAMPOS<\/td>\n<\/tr>\n<tr>\n<td style=\"width: 39.9381%;\">TIARE ANAKENA<\/td>\n<td style=\"width: 30.031%;\">CH\u00c1VEZ<\/td>\n<td style=\"width: 29.4118%;\">VERA<\/td>\n<\/tr>\n<tr>\n<td style=\"width: 39.9381%;\">JOESEFINE NIKITA<\/td>\n<td style=\"width: 30.031%;\">CID<\/td>\n<td style=\"width: 29.4118%;\">FLORES<\/td>\n<\/tr>\n<tr>\n<td style=\"width: 39.9381%;\">ZASHARY ALEXANDRA<\/td>\n<td style=\"width: 30.031%;\">CODELIA<\/td>\n<td style=\"width: 29.4118%;\">BRICE\u00d1O<\/td>\n<\/tr>\n<tr>\n<td style=\"width: 39.9381%;\">PAZ CATALINA<\/td>\n<td style=\"width: 30.031%;\">CORREA<\/td>\n<td style=\"width: 29.4118%;\">CORTEZ<\/td>\n<\/tr>\n<tr>\n<td style=\"width: 39.9381%;\">KARLA MACKARENA<\/td>\n<td style=\"width: 30.031%;\">CRUELLS<\/td>\n<td style=\"width: 29.4118%;\">REYES<\/td>\n<\/tr>\n<tr>\n<td style=\"width: 39.9381%;\">MAITE ROC\u00cdO<\/td>\n<td style=\"width: 30.031%;\">D\u00cdAZ<\/td>\n<td style=\"width: 29.4118%;\">GONZ\u00c1LEZ<\/td>\n<\/tr>\n<tr>\n<td style=\"width: 39.9381%;\">EMILY CAMILA<\/td>\n<td style=\"width: 30.031%;\">DROLETT<\/td>\n<td style=\"width: 29.4118%;\">VIDAL<\/td>\n<\/tr>\n<tr>\n<td style=\"width: 39.9381%;\">MACARENA PAZ<\/td>\n<td style=\"width: 30.031%;\">ESPINOZA<\/td>\n<td style=\"width: 29.4118%;\">OLIV\u00c1REZ<\/td>\n<\/tr>\n<tr>\n<td style=\"width: 39.9381%;\">PAZ BEL\u00c9N<\/td>\n<td style=\"width: 30.031%;\">ESPINOZA<\/td>\n<td style=\"width: 29.4118%;\">UTRERA<\/td>\n<\/tr>\n<tr>\n<td style=\"width: 39.9381%;\">VALENTINA IGNACIA<\/td>\n<td style=\"width: 30.031%;\">GALDAMES<\/td>\n<td style=\"width: 29.4118%;\">CARRASCO<\/td>\n<\/tr>\n<tr>\n<td style=\"width: 39.9381%;\">MAR\u00cdA CAROLINA<\/td>\n<td style=\"width: 30.031%;\">G\u00c1LVEZ<\/td>\n<td style=\"width: 29.4118%;\">G\u00c1LVEZ<\/td>\n<\/tr>\n<tr>\n<td style=\"width: 39.9381%;\">DIEGO NICOL\u00c1S<\/td>\n<td style=\"width: 30.031%;\">GARC\u00cdA<\/td>\n<td style=\"width: 29.4118%;\">VILLALOBOS<\/td>\n<\/tr>\n<tr>\n<td style=\"width: 39.9381%;\">LEONEL IGNACIO<\/td>\n<td style=\"width: 30.031%;\">GARRIDO<\/td>\n<td style=\"width: 29.4118%;\">MOLINA<\/td>\n<\/tr>\n<tr>\n<td style=\"width: 39.9381%;\">ALANYS BEL\u00c9N<\/td>\n<td style=\"width: 30.031%;\">GODOY<\/td>\n<td style=\"width: 29.4118%;\">CAMPUSANO<\/td>\n<\/tr>\n<tr>\n<td style=\"width: 39.9381%;\">CAMILA JOS\u00c9<\/td>\n<td style=\"width: 30.031%;\">G\u00d3MEZ<\/td>\n<td style=\"width: 29.4118%;\">PALMA<\/td>\n<\/tr>\n<tr>\n<td style=\"width: 39.9381%;\">CELESTE YLHENIA<\/td>\n<td style=\"width: 30.031%;\">GUERRA<\/td>\n<td style=\"width: 29.4118%;\">SALVADOR<\/td>\n<\/tr>\n<tr>\n<td style=\"width: 39.9381%;\">CATALINA ISABEL<\/td>\n<td style=\"width: 30.031%;\">GUZM\u00c1N<\/td>\n<td style=\"width: 29.4118%;\">VEGA<\/td>\n<\/tr>\n<tr>\n<td style=\"width: 39.9381%;\">NATALIA PATRICIA<\/td>\n<td style=\"width: 30.031%;\">HENR\u00cdQUEZ<\/td>\n<td style=\"width: 29.4118%;\">TORREJ\u00d3N<\/td>\n<\/tr>\n<tr>\n<td style=\"width: 39.9381%;\">CRIST\u00d3BAL IGNACIO<\/td>\n<td style=\"width: 30.031%;\">HIDALGO<\/td>\n<td style=\"width: 29.4118%;\">ORELLANA<\/td>\n<\/tr>\n<tr>\n<td style=\"width: 39.9381%;\">YULISSA NATALIA<\/td>\n<td style=\"width: 30.031%;\">HUERTA<\/td>\n<td style=\"width: 29.4118%;\">P\u00c9REZ<\/td>\n<\/tr>\n<tr>\n<td style=\"width: 39.9381%;\">ANDR\u00c9S MANUEL<\/td>\n<td style=\"width: 30.031%;\">IBACETA<\/td>\n<td style=\"width: 29.4118%;\">GONZ\u00c1LEZ<\/td>\n<\/tr>\n<tr>\n<td style=\"width: 39.9381%;\">NICOL\u00c1S IGNACIO<\/td>\n<td style=\"width: 30.031%;\">ITURRIETA<\/td>\n<td style=\"width: 29.4118%;\">GARC\u00cdA<\/td>\n<\/tr>\n<tr>\n<td style=\"width: 39.9381%;\">FERNANDO NICOL\u00c1S<\/td>\n<td style=\"width: 30.031%;\">JARA<\/td>\n<td style=\"width: 29.4118%;\">ACEITUNO<\/td>\n<\/tr>\n<tr>\n<td style=\"width: 39.9381%;\">VALERIA ANDREA<\/td>\n<td style=\"width: 30.031%;\">LE\u00d3N<\/td>\n<td style=\"width: 29.4118%;\">MART\u00cdNEZ<\/td>\n<\/tr>\n<tr>\n<td style=\"width: 39.9381%;\">NATALIE IGNACIA JOS\u00c9<\/td>\n<td style=\"width: 30.031%;\">MALDONADO<\/td>\n<td style=\"width: 29.4118%;\">ARAVENA<\/td>\n<\/tr>\n<tr>\n<td style=\"width: 39.9381%;\">ALE GAEL<\/td>\n<td style=\"width: 30.031%;\">MARDONES<\/td>\n<td style=\"width: 29.4118%;\">CORT\u00c9S<\/td>\n<\/tr>\n<tr>\n<td style=\"width: 39.9381%;\">ANTONIA ISABEL<\/td>\n<td style=\"width: 30.031%;\">M\u00c1RQUEZ<\/td>\n<td style=\"width: 29.4118%;\">FIGUEROA<\/td>\n<\/tr>\n<tr>\n<td style=\"width: 39.9381%;\">ANGELA ARACELI MACARENA<\/td>\n<td style=\"width: 30.031%;\">MONTERO<\/td>\n<td style=\"width: 29.4118%;\">BUGUE\u00d1O<\/td>\n<\/tr>\n<tr>\n<td style=\"width: 39.9381%;\">VALENTINA PAZ<\/td>\n<td style=\"width: 30.031%;\">MORALES<\/td>\n<td style=\"width: 29.4118%;\">HERN\u00c1NDEZ<\/td>\n<\/tr>\n<tr>\n<td style=\"width: 39.9381%;\">CAMILA ANTONIA<\/td>\n<td style=\"width: 30.031%;\">N\u00da\u00d1EZ<\/td>\n<td style=\"width: 29.4118%;\">BAZ\u00c1EZ<\/td>\n<\/tr>\n<tr>\n<td style=\"width: 39.9381%;\">ANGEL<\/td>\n<td style=\"width: 30.031%;\">N\u00da\u00d1EZ<\/td>\n<td style=\"width: 29.4118%;\">MU\u00d1OZ<\/td>\n<\/tr>\n<tr>\n<td style=\"width: 39.9381%;\">CATALINA TRINIDAD<\/td>\n<td style=\"width: 30.031%;\">\u00d3RDENES<\/td>\n<td style=\"width: 29.4118%;\">GUTI\u00c9RREZ<\/td>\n<\/tr>\n<tr>\n<td style=\"width: 39.9381%;\">VALENTINA ALEJANDRA<\/td>\n<td style=\"width: 30.031%;\">\u00d3RDENES<\/td>\n<td style=\"width: 29.4118%;\">TAPIA<\/td>\n<\/tr>\n<tr>\n<td style=\"width: 39.9381%;\">BENJAM\u00cdN IGNACIO<\/td>\n<td style=\"width: 30.031%;\">OSORIO<\/td>\n<td style=\"width: 29.4118%;\">GARRIDO<\/td>\n<\/tr>\n<tr>\n<td style=\"width: 39.9381%;\">MANUELA ANTONIA<\/td>\n<td style=\"width: 30.031%;\">OSORIO<\/td>\n<td style=\"width: 29.4118%;\">SILVA<\/td>\n<\/tr>\n<tr>\n<td style=\"width: 39.9381%;\">JAVIERA ESMERALDA AURORA<\/td>\n<td style=\"width: 30.031%;\">PE\u00d1A<\/td>\n<td style=\"width: 29.4118%;\">ARAYA<\/td>\n<\/tr>\n<tr>\n<td style=\"width: 39.9381%;\">BRIAN ANDR\u00c9S<\/td>\n<td style=\"width: 30.031%;\">P\u00c9REZ<\/td>\n<td style=\"width: 29.4118%;\">IPINZA<\/td>\n<\/tr>\n<tr>\n<td style=\"width: 39.9381%;\">DOMINIK ANTONELLA DEL CARMEN<\/td>\n<td style=\"width: 30.031%;\">PEZOA<\/td>\n<td style=\"width: 29.4118%;\">LILLO<\/td>\n<\/tr>\n<tr>\n<td style=\"width: 39.9381%;\">RUB\u00c9N IGNACIO<\/td>\n<td style=\"width: 30.031%;\">PINARES<\/td>\n<td style=\"width: 29.4118%;\">TAPIA<\/td>\n<\/tr>\n<tr>\n<td style=\"width: 39.9381%;\">FERNANDA ELISA<\/td>\n<td style=\"width: 30.031%;\">PIZARRO<\/td>\n<td style=\"width: 29.4118%;\">CONEJEROS<\/td>\n<\/tr>\n<tr>\n<td style=\"width: 39.9381%;\">MAXIMILIANO ANDR\u00c9S<\/td>\n<td style=\"width: 30.031%;\">PLAZA<\/td>\n<td style=\"width: 29.4118%;\">JU\u00c1REZ<\/td>\n<\/tr>\n<tr>\n<td style=\"width: 39.9381%;\">GIANELLA PAOLA<\/td>\n<td style=\"width: 30.031%;\">RAGGIO<\/td>\n<td style=\"width: 29.4118%;\">RIVERA<\/td>\n<\/tr>\n<tr>\n<td style=\"width: 39.9381%;\">DHIANDRA SOLEDAD<\/td>\n<td style=\"width: 30.031%;\">RAM\u00cdREZ<\/td>\n<td style=\"width: 29.4118%;\">NORAMBUENA<\/td>\n<\/tr>\n<tr>\n<td style=\"width: 39.9381%;\">GERONY RENEE<\/td>\n<td style=\"width: 30.031%;\">RAM\u00cdREZ<\/td>\n<td style=\"width: 29.4118%;\">SEGUEL<\/td>\n<\/tr>\n<tr>\n<td style=\"width: 39.9381%;\">DANIELA ALEJANDRA<\/td>\n<td style=\"width: 30.031%;\">RAMOS<\/td>\n<td style=\"width: 29.4118%;\">SARZOSA<\/td>\n<\/tr>\n<tr>\n<td style=\"width: 39.9381%;\">DIEGO HERN\u00c1N<\/td>\n<td style=\"width: 30.031%;\">RAMOS<\/td>\n<td style=\"width: 29.4118%;\">VEAS<\/td>\n<\/tr>\n<tr>\n<td style=\"width: 39.9381%;\">TOM\u00c1S IGNACIO<\/td>\n<td style=\"width: 30.031%;\">REYGADAS<\/td>\n<td style=\"width: 29.4118%;\">CASTRO<\/td>\n<\/tr>\n<tr>\n<td style=\"width: 39.9381%;\">MAT\u00cdAS ANDR\u00c9S<\/td>\n<td style=\"width: 30.031%;\">RIOSECO<\/td>\n<td style=\"width: 29.4118%;\">GALAZ<\/td>\n<\/tr>\n<tr>\n<td style=\"width: 39.9381%;\">AILEEN PAZ<\/td>\n<td style=\"width: 30.031%;\">RIQUELME<\/td>\n<td style=\"width: 29.4118%;\">CANELO<\/td>\n<\/tr>\n<tr>\n<td style=\"width: 39.9381%;\">DANIELA FERNANDA<\/td>\n<td style=\"width: 30.031%;\">RIVERA<\/td>\n<td style=\"width: 29.4118%;\">PINEDO<\/td>\n<\/tr>\n<tr>\n<td style=\"width: 39.9381%;\">DENISE ANDREA<\/td>\n<td style=\"width: 30.031%;\">ROJAS<\/td>\n<td style=\"width: 29.4118%;\">C\u00c1CERES<\/td>\n<\/tr>\n<tr>\n<td style=\"width: 39.9381%;\">CAMILA CONSTANZA<\/td>\n<td style=\"width: 30.031%;\">RUIZ<\/td>\n<td style=\"width: 29.4118%;\">FERN\u00c1NDEZ<\/td>\n<\/tr>\n<tr>\n<td style=\"width: 39.9381%;\">LUCAS BENJAM\u00cdN<\/td>\n<td style=\"width: 30.031%;\">SAAVEDRA<\/td>\n<td style=\"width: 29.4118%;\">GONZ\u00c1LEZ<\/td>\n<\/tr>\n<tr>\n<td style=\"width: 39.9381%;\">P\u00cdA FRANCISCA<\/td>\n<td style=\"width: 30.031%;\">SALVO<\/td>\n<td style=\"width: 29.4118%;\">SALGADO<\/td>\n<\/tr>\n<tr>\n<td style=\"width: 39.9381%;\">VALENTINA PAZ<\/td>\n<td style=\"width: 30.031%;\">SANDOVAL<\/td>\n<td style=\"width: 29.4118%;\">MALDONADO<\/td>\n<\/tr>\n<tr>\n<td style=\"width: 39.9381%;\">ANAYS ESCARLET<\/td>\n<td style=\"width: 30.031%;\">SANTANDER<\/td>\n<td style=\"width: 29.4118%;\">TAPIA<\/td>\n<\/tr>\n<tr>\n<td style=\"width: 39.9381%;\">ALAN EDUARDO<\/td>\n<td style=\"width: 30.031%;\">TAPIA<\/td>\n<td style=\"width: 29.4118%;\">LEIVA<\/td>\n<\/tr>\n<tr>\n<td style=\"width: 39.9381%;\">VALENTINA FERNANDA<\/td>\n<td style=\"width: 30.031%;\">TORRES<\/td>\n<td style=\"width: 29.4118%;\">CHACANA<\/td>\n<\/tr>\n<tr>\n<td style=\"width: 39.9381%;\">KARINA ALEJANDRA<\/td>\n<td style=\"width: 30.031%;\">TORRES<\/td>\n<td style=\"width: 29.4118%;\">VERGARA<\/td>\n<\/tr>\n<tr>\n<td style=\"width: 39.9381%;\">ESTEFFANYA LORENA<\/td>\n<td style=\"width: 30.031%;\">URBINA<\/td>\n<td style=\"width: 29.4118%;\">ASTUDILLO<\/td>\n<\/tr>\n<tr>\n<td style=\"width: 39.9381%;\">MELISSA ISIDORA<\/td>\n<td style=\"width: 30.031%;\">VARGAS<\/td>\n<td style=\"width: 29.4118%;\">PAREDES<\/td>\n<\/tr>\n<tr>\n<td style=\"width: 39.9381%;\">DIEGO IGNACIO<\/td>\n<td style=\"width: 30.031%;\">VARGAS<\/td>\n<td style=\"width: 29.4118%;\">VARGAS<\/td>\n<\/tr>\n<tr>\n<td style=\"width: 39.9381%;\">KHIMBERLEY FRANCHESCA ASCHLEY<\/td>\n<td style=\"width: 30.031%;\">VILLALOBOS<\/td>\n<td style=\"width: 29.4118%;\">ARAYA<\/td>\n<\/tr>\n<\/tbody>\n<\/table>\n<p>[\/et_pb_toggle][\/et_pb_column][et_pb_column type=\u00bb1_3&#8243; _builder_version=\u00bb4.17.6&#8243; _module_preset=\u00bbdefault\u00bb global_colors_info=\u00bb{}\u00bb][\/et_pb_column][et_pb_column type=\u00bb1_3&#8243; _builder_version=\u00bb4.17.6&#8243; _module_preset=\u00bbdefault\u00bb global_colors_info=\u00bb{}\u00bb][\/et_pb_column][\/et_pb_row][et_pb_row use_custom_gutter=\u00bbon\u00bb disabled_on=\u00bboff|off|off\u00bb _builder_version=\u00bb4.22.0&#8243; _module_preset=\u00bbdefault\u00bb width=\u00bb94%\u00bb max_width=\u00bb2560px\u00bb custom_padding=\u00bb18px||18px|||\u00bb global_colors_info=\u00bb{}\u00bb][et_pb_column type=\u00bb4_4&#8243; _builder_version=\u00bb4.17.6&#8243; _module_preset=\u00bbdefault\u00bb global_colors_info=\u00bb{}\u00bb][et_pb_blurb use_icon=\u00bbon\u00bb font_icon=\u00bb&#x45;||divi||400&#8243; icon_color=\u00bb#009bdb\u00bb icon_placement=\u00bbleft\u00bb image_icon_width=\u00bb53px\u00bb content_max_width=\u00bb1100px\u00bb admin_label=\u00bbAnuncio: Ceremonia de titulaci\u00f3n: jueves 9 de noviembre de 2023 10.30 horas\u00bb _builder_version=\u00bb4.27.0&#8243; _module_preset=\u00bbdefault\u00bb header_font=\u00bb|800||on|||||\u00bb header_text_color=\u00bb#303030&#8243; header_font_size=\u00bb27px\u00bb body_font=\u00bb||||||||\u00bb body_text_color=\u00bb#0099cc\u00bb body_font_size=\u00bb16px\u00bb custom_margin=\u00bb||-1px|||\u00bb global_colors_info=\u00bb{}\u00bb]<\/p>\n<h1><strong>Martes 15 de octubre de 2024, a las 15.30 horas<\/strong><\/h1>\n<p>Aula Dr. F\u00e9lix Morales Pettorino, Casa Central, Universidad de Playa Ancha.<\/p>\n<p>[\/et_pb_blurb][\/et_pb_column][\/et_pb_row][et_pb_row column_structure=\u00bb1_3,1_3,1_3&#8243; use_custom_gutter=\u00bbon\u00bb disabled_on=\u00bboff|off|off\u00bb _builder_version=\u00bb4.22.0&#8243; _module_preset=\u00bbdefault\u00bb width=\u00bb94%\u00bb max_width=\u00bb2560px\u00bb custom_padding=\u00bb18px||18px|||\u00bb global_colors_info=\u00bb{}\u00bb][et_pb_column type=\u00bb1_3&#8243; _builder_version=\u00bb4.17.6&#8243; _module_preset=\u00bbdefault\u00bb global_colors_info=\u00bb{}\u00bb][et_pb_toggle title=\u00bbSOCIOLOG\u00cdA\u00bb open_toggle_text_color=\u00bb#000000&#8243; open_toggle_background_color=\u00bb#FFFFFF\u00bb closed_toggle_background_color=\u00bb#FFFFFF\u00bb icon_color=\u00bb#009bdb\u00bb toggle_icon=\u00bb&#xe048;||divi||400&#8243; use_icon_font_size=\u00bbon\u00bb icon_font_size=\u00bb26px\u00bb open_icon_color=\u00bb#009bdb\u00bb open_toggle_icon=\u00bb&#xe047;||divi||400&#8243; open_use_icon_font_size=\u00bbon\u00bb open_icon_font_size=\u00bb26px\u00bb disabled_on=\u00bboff|off|off\u00bb admin_label=\u00bbEducador o Educadora de P\u00e1rvulos\u00bb _builder_version=\u00bb4.27.0&#8243; _module_preset=\u00bbdefault\u00bb title_text_color=\u00bb#000000&#8243; title_font=\u00bb|700||on|||||\u00bb border_radii=\u00bboff||20px||20px\u00bb global_colors_info=\u00bb{}\u00bb]<\/p>\n<table style=\"width: 90%; height: 1872px;\" border=\"0\" width=\"90%\" cellspacing=\"0\" cellpadding=\"0\">\n<tbody>\n<tr style=\"height: 24px;\">\n<td width=\"204\" style=\"width: 39.9381%; height: 24px;\"><strong>NOMBRE<\/strong><\/td>\n<td width=\"161\" style=\"width: 30.031%; height: 24px;\"><strong>APELLIDO PATERNO<\/strong><\/td>\n<td width=\"131\" style=\"width: 29.4118%; height: 24px;\"><strong>APELLIDO MATERNO<\/strong><\/td>\n<\/tr>\n<tr>\n<td width=\"279\" style=\"width: 39.9381%;\">MARCELO ANDR\u00c9S<\/td>\n<td width=\"272\" style=\"width: 30.031%;\">ALCAYAGA<\/td>\n<td width=\"220\" style=\"width: 29.4118%;\">CONTRERAS<\/td>\n<\/tr>\n<tr>\n<td style=\"width: 39.9381%;\">ISMAEL ENRIQUE<\/td>\n<td style=\"width: 30.031%;\">ALMONACID<\/td>\n<td style=\"width: 29.4118%;\">S\u00c1NCHEZ<\/td>\n<\/tr>\n<tr>\n<td style=\"width: 39.9381%;\">VICENTE ANTONIO<\/td>\n<td style=\"width: 30.031%;\">BRAVO<\/td>\n<td style=\"width: 29.4118%;\">TAGLE<\/td>\n<\/tr>\n<tr>\n<td style=\"width: 39.9381%;\">CATALINA IGNACIA<\/td>\n<td style=\"width: 30.031%;\">BRIONES<\/td>\n<td style=\"width: 29.4118%;\">MIRANDA<\/td>\n<\/tr>\n<tr>\n<td style=\"width: 39.9381%;\">ABEL ANDR\u00c9S<\/td>\n<td style=\"width: 30.031%;\">CASTA\u00d1EDA<\/td>\n<td style=\"width: 29.4118%;\">CASTILLO<\/td>\n<\/tr>\n<tr>\n<td style=\"width: 39.9381%;\">JONATHAN HOMERO<\/td>\n<td style=\"width: 30.031%;\">CORT\u00c9S<\/td>\n<td style=\"width: 29.4118%;\">G\u00d3MEZ<\/td>\n<\/tr>\n<tr>\n<td style=\"width: 39.9381%;\">DIEGO VICENTE<\/td>\n<td style=\"width: 30.031%;\">FUENZALIDA<\/td>\n<td style=\"width: 29.4118%;\">C\u00c1CERES<\/td>\n<\/tr>\n<tr>\n<td style=\"width: 39.9381%;\">YUYUNIS IGNACIA<\/td>\n<td style=\"width: 30.031%;\">GORIGOITIAGA<\/td>\n<td style=\"width: 29.4118%;\">MACHUCA<\/td>\n<\/tr>\n<tr>\n<td style=\"width: 39.9381%;\">JOAQU\u00cdN ISRAEL<\/td>\n<td style=\"width: 30.031%;\">LOO<\/td>\n<td style=\"width: 29.4118%;\">LIZANA<\/td>\n<\/tr>\n<tr>\n<td style=\"width: 39.9381%;\">CONSTANZA JAVIERA<\/td>\n<td style=\"width: 30.031%;\">MENA<\/td>\n<td style=\"width: 29.4118%;\">CAQUEO<\/td>\n<\/tr>\n<tr>\n<td style=\"width: 39.9381%;\">MARTHA PAZ<\/td>\n<td style=\"width: 30.031%;\">ROJAS<\/td>\n<td style=\"width: 29.4118%;\">FUENTES<\/td>\n<\/tr>\n<tr>\n<td style=\"width: 39.9381%;\">PAULINA TIARE<\/td>\n<td style=\"width: 30.031%;\">SOTO<\/td>\n<td style=\"width: 29.4118%;\">SU\u00c1REZ<\/td>\n<\/tr>\n<\/tbody>\n<\/table>\n<p>[\/et_pb_toggle][\/et_pb_column][et_pb_column type=\u00bb1_3&#8243; _builder_version=\u00bb4.17.6&#8243; _module_preset=\u00bbdefault\u00bb global_colors_info=\u00bb{}\u00bb][et_pb_toggle title=\u00bbBIBLIOTECOLOG\u00cdA\u00bb open_toggle_text_color=\u00bb#000000&#8243; open_toggle_background_color=\u00bb#FFFFFF\u00bb closed_toggle_background_color=\u00bb#FFFFFF\u00bb icon_color=\u00bb#009bdb\u00bb toggle_icon=\u00bb&#xe048;||divi||400&#8243; use_icon_font_size=\u00bbon\u00bb icon_font_size=\u00bb26px\u00bb open_icon_color=\u00bb#009bdb\u00bb open_toggle_icon=\u00bb&#xe047;||divi||400&#8243; open_use_icon_font_size=\u00bbon\u00bb open_icon_font_size=\u00bb26px\u00bb disabled_on=\u00bboff|off|off\u00bb admin_label=\u00bbProfesor o profesora de Educaci\u00f3n B\u00e1sica\u00bb _builder_version=\u00bb4.27.0&#8243; _module_preset=\u00bbdefault\u00bb title_text_color=\u00bb#000000&#8243; title_font=\u00bb|700||on|||||\u00bb border_radii=\u00bboff||20px||20px\u00bb global_colors_info=\u00bb{}\u00bb]<\/p>\n<table style=\"width: 90%; height: 312px;\" border=\"0\" width=\"90%\" cellspacing=\"0\" cellpadding=\"0\">\n<tbody>\n<tr style=\"height: 24px;\">\n<td width=\"204\" style=\"width: 50.9333%; height: 24px;\"><strong>NOMBRE<\/strong><\/td>\n<td width=\"161\" style=\"width: 26.8%; height: 24px;\"><strong>APELLIDO PATERNO<\/strong><\/td>\n<td width=\"131\" style=\"width: 21.8667%; height: 24px;\"><strong>APELLIDO MATERNO<\/strong><\/td>\n<\/tr>\n<tr>\n<td width=\"279\" style=\"width: 50.9333%;\">FRANCISCA ANDREA<\/td>\n<td width=\"272\" style=\"width: 26.8%;\">ARANCIBIA<\/td>\n<td width=\"220\" style=\"width: 21.8667%;\">SOTO<\/td>\n<\/tr>\n<tr>\n<td style=\"width: 50.9333%;\">CAMILO N\u00c9STOR<\/td>\n<td style=\"width: 26.8%;\">ARANCIBIA<\/td>\n<td style=\"width: 21.8667%;\">SOTO<\/td>\n<\/tr>\n<tr>\n<td style=\"width: 50.9333%;\">SOFIA ALESSANDRA<\/td>\n<td style=\"width: 26.8%;\">BRIGNARDELLO<\/td>\n<td style=\"width: 21.8667%;\">BURGOS<\/td>\n<\/tr>\n<tr>\n<td style=\"width: 50.9333%;\">GABRIEL TOM\u00c1S<\/td>\n<td style=\"width: 26.8%;\">CORT\u00c9S<\/td>\n<td style=\"width: 21.8667%;\">N\u00da\u00d1EZ<\/td>\n<\/tr>\n<tr>\n<td style=\"width: 50.9333%;\">PATRICIA ALEJANDRA<\/td>\n<td style=\"width: 26.8%;\">GONZ\u00c1LEZ<\/td>\n<td style=\"width: 21.8667%;\">GONZ\u00c1LEZ<\/td>\n<\/tr>\n<tr>\n<td style=\"width: 50.9333%;\">YERKO IGNACIO<\/td>\n<td style=\"width: 26.8%;\">GONZ\u00c1LEZ<\/td>\n<td style=\"width: 21.8667%;\">LAZCANO<\/td>\n<\/tr>\n<tr>\n<td style=\"width: 50.9333%;\">BEATRIZ DE LOS ANGELES<\/td>\n<td style=\"width: 26.8%;\">IBARRA<\/td>\n<td style=\"width: 21.8667%;\">ORELLANA<\/td>\n<\/tr>\n<tr>\n<td style=\"width: 50.9333%;\">MABEL ELIZABETH<\/td>\n<td style=\"width: 26.8%;\">LAGOS<\/td>\n<td style=\"width: 21.8667%;\">JIM\u00c9NEZ<\/td>\n<\/tr>\n<tr>\n<td style=\"width: 50.9333%;\">MARIANELA<\/td>\n<td style=\"width: 26.8%;\">MANCILLA<\/td>\n<td style=\"width: 21.8667%;\">CATAL\u00c1N<\/td>\n<\/tr>\n<tr>\n<td style=\"width: 50.9333%;\">GABRIELA JAZM\u00cdN<\/td>\n<td style=\"width: 26.8%;\">OSORIO<\/td>\n<td style=\"width: 21.8667%;\">CAMPILLAY<\/td>\n<\/tr>\n<tr>\n<td style=\"width: 50.9333%;\">MAYER ANDR\u00c9S<\/td>\n<td style=\"width: 26.8%;\">SALAS<\/td>\n<td style=\"width: 21.8667%;\">ALFARO<\/td>\n<\/tr>\n<tr>\n<td style=\"width: 50.9333%;\">CATALINA PAZ<\/td>\n<td style=\"width: 26.8%;\">SOTO<\/td>\n<td style=\"width: 21.8667%;\">CORT\u00c9S<\/td>\n<\/tr>\n<tr>\n<td style=\"width: 50.9333%;\">CONSTANZA ALEJANDRA<\/td>\n<td style=\"width: 26.8%;\">TAPIA<\/td>\n<td style=\"width: 21.8667%;\">QUIROZ<\/td>\n<\/tr>\n<tr>\n<td style=\"width: 50.9333%;\">DIEGO ANTONIO<\/td>\n<td style=\"width: 26.8%;\">VILLALOBOS<\/td>\n<td style=\"width: 21.8667%;\">GONZ\u00c1LEZ<\/td>\n<\/tr>\n<tr>\n<td style=\"width: 50.9333%;\">YOLANDA GABRIELA<\/td>\n<td style=\"width: 26.8%;\">VILLANUEVA<\/td>\n<td style=\"width: 21.8667%;\">SALINAS<\/td>\n<\/tr>\n<tr>\n<td style=\"width: 50.9333%;\">KATHERINE CONSTANZA<\/td>\n<td style=\"width: 26.8%;\">VILLAR<\/td>\n<td style=\"width: 21.8667%;\">LUCO<\/td>\n<\/tr>\n<\/tbody>\n<\/table>\n<p>[\/et_pb_toggle][\/et_pb_column][et_pb_column type=\u00bb1_3&#8243; _builder_version=\u00bb4.17.6&#8243; _module_preset=\u00bbdefault\u00bb global_colors_info=\u00bb{}\u00bb][et_pb_toggle title=\u00bbPERIODISMO\u00bb open_toggle_text_color=\u00bb#000000&#8243; open_toggle_background_color=\u00bb#FFFFFF\u00bb closed_toggle_background_color=\u00bb#FFFFFF\u00bb icon_color=\u00bb#009bdb\u00bb toggle_icon=\u00bb&#xe048;||divi||400&#8243; use_icon_font_size=\u00bbon\u00bb icon_font_size=\u00bb26px\u00bb open_icon_color=\u00bb#009bdb\u00bb open_toggle_icon=\u00bb&#xe047;||divi||400&#8243; open_use_icon_font_size=\u00bbon\u00bb open_icon_font_size=\u00bb26px\u00bb disabled_on=\u00bboff|off|off\u00bb admin_label=\u00bbProfesor o profesora de Educaci\u00f3n B\u00e1sica, menci\u00f3n en Lengua Castellana y Comunicaci\u00f3n\u00bb _builder_version=\u00bb4.27.0&#8243; _module_preset=\u00bbdefault\u00bb title_text_color=\u00bb#000000&#8243; title_font=\u00bb|700||on|||||\u00bb border_radii=\u00bboff||20px||20px\u00bb global_colors_info=\u00bb{}\u00bb]<\/p>\n<table style=\"width: 90%;\" border=\"0\" width=\"90%\" cellspacing=\"0\" cellpadding=\"0\">\n<tbody>\n<tr>\n<td width=\"204\" style=\"width: 51.0094%;\"><strong>NOMBRE<\/strong><\/td>\n<td width=\"161\" style=\"width: 26.7833%;\"><strong>APELLIDO PATERNO<\/strong><\/td>\n<td width=\"131\" style=\"width: 21.9381%;\"><strong>APELLIDO MATERNO<\/strong><\/td>\n<\/tr>\n<tr>\n<td width=\"279\" style=\"width: 51.0094%;\">YASSNA ROC\u00cdO<\/td>\n<td width=\"272\" style=\"width: 26.7833%;\">ACU\u00d1A<\/td>\n<td width=\"220\" style=\"width: 21.9381%;\">ARAYA<\/td>\n<\/tr>\n<tr>\n<td style=\"width: 51.0094%;\">CONSUELO<\/td>\n<td style=\"width: 26.7833%;\">AGUILL\u00d3N<\/td>\n<td style=\"width: 21.9381%;\">AR\u00c9VALO<\/td>\n<\/tr>\n<tr>\n<td style=\"width: 51.0094%;\">MAR\u00cdA IGNACIA<\/td>\n<td style=\"width: 26.7833%;\">ARAYA<\/td>\n<td style=\"width: 21.9381%;\">DUBO<\/td>\n<\/tr>\n<tr>\n<td style=\"width: 51.0094%;\">GERM\u00c1N RICARDO<\/td>\n<td style=\"width: 26.7833%;\">CONTRERAS<\/td>\n<td style=\"width: 21.9381%;\">QUIJANES<\/td>\n<\/tr>\n<tr>\n<td style=\"width: 51.0094%;\">BEL\u00c9N NAZARETH FELICIDAD<\/td>\n<td style=\"width: 26.7833%;\">CORT\u00c9S<\/td>\n<td style=\"width: 21.9381%;\">SAAVEDRA<\/td>\n<\/tr>\n<tr>\n<td style=\"width: 51.0094%;\">GABRIELA BEL\u00c9N<\/td>\n<td style=\"width: 26.7833%;\">FIGUEROA<\/td>\n<td style=\"width: 21.9381%;\">N\u00da\u00d1EZ<\/td>\n<\/tr>\n<tr>\n<td style=\"width: 51.0094%;\">VICCENZO JOS\u00c9<\/td>\n<td style=\"width: 26.7833%;\">FUENTES<\/td>\n<td style=\"width: 21.9381%;\">RIQUELME<\/td>\n<\/tr>\n<tr>\n<td style=\"width: 51.0094%;\">FERNANDA ANG\u00c9LICA<\/td>\n<td style=\"width: 26.7833%;\">GALLARDO<\/td>\n<td style=\"width: 21.9381%;\">SANTANDER<\/td>\n<\/tr>\n<tr>\n<td style=\"width: 51.0094%;\">MILAY FERNANDA<\/td>\n<td style=\"width: 26.7833%;\">GONCALVES<\/td>\n<td style=\"width: 21.9381%;\">LANDON<\/td>\n<\/tr>\n<tr>\n<td style=\"width: 51.0094%;\">ARTURO IGNACIO<\/td>\n<td style=\"width: 26.7833%;\">GONZ\u00c1LEZ<\/td>\n<td style=\"width: 21.9381%;\">ORELLANA<\/td>\n<\/tr>\n<tr>\n<td style=\"width: 51.0094%;\">GONZALO ENRIQUE<\/td>\n<td style=\"width: 26.7833%;\">HERN\u00c1NDEZ<\/td>\n<td style=\"width: 21.9381%;\">GONZ\u00c1LEZ<\/td>\n<\/tr>\n<tr>\n<td style=\"width: 51.0094%;\">MAR\u00cdA CRISTINA<\/td>\n<td style=\"width: 26.7833%;\">MENESES<\/td>\n<td style=\"width: 21.9381%;\">GALAZ<\/td>\n<\/tr>\n<tr>\n<td style=\"width: 51.0094%;\">JAVIERA ALMENDRA<\/td>\n<td style=\"width: 26.7833%;\">NARV\u00c1EZ<\/td>\n<td style=\"width: 21.9381%;\">OJEDA<\/td>\n<\/tr>\n<tr>\n<td style=\"width: 51.0094%;\">FRANCISCA DOMINIQUE<\/td>\n<td style=\"width: 26.7833%;\">ORTEGA<\/td>\n<td style=\"width: 21.9381%;\">ASTUDILLO<\/td>\n<\/tr>\n<tr>\n<td style=\"width: 51.0094%;\">FELIPE IGNACIO<\/td>\n<td style=\"width: 26.7833%;\">PARRAGUIRRE<\/td>\n<td style=\"width: 21.9381%;\">ARANDA<\/td>\n<\/tr>\n<tr>\n<td style=\"width: 51.0094%;\">ANTONIA FERNANDA<\/td>\n<td style=\"width: 26.7833%;\">PEREIRA<\/td>\n<td style=\"width: 21.9381%;\">ANDERS<\/td>\n<\/tr>\n<tr>\n<td style=\"width: 51.0094%;\">MAR\u00cdA PAZ<\/td>\n<td style=\"width: 26.7833%;\">REBOLLEDO<\/td>\n<td style=\"width: 21.9381%;\">CASTA\u00d1EDA<\/td>\n<\/tr>\n<tr>\n<td style=\"width: 51.0094%;\">LEONARDO ARIEL<\/td>\n<td style=\"width: 26.7833%;\">ROBLES<\/td>\n<td style=\"width: 21.9381%;\">BELMAR<\/td>\n<\/tr>\n<tr>\n<td style=\"width: 51.0094%;\">PAULA ARACELLY<\/td>\n<td style=\"width: 26.7833%;\">RODR\u00cdGUEZ<\/td>\n<td style=\"width: 21.9381%;\">CABRERA<\/td>\n<\/tr>\n<tr>\n<td style=\"width: 51.0094%;\">BEATRIZ ANDREA<\/td>\n<td style=\"width: 26.7833%;\">SAAVEDRA<\/td>\n<td style=\"width: 21.9381%;\">HIDALGO<\/td>\n<\/tr>\n<tr>\n<td style=\"width: 51.0094%;\">ROQUE ANTONIO<\/td>\n<td style=\"width: 26.7833%;\">SANTANA<\/td>\n<td style=\"width: 21.9381%;\">INOSTROZA<\/td>\n<\/tr>\n<tr>\n<td style=\"width: 51.0094%;\">FRANCISCA JOHANNA<\/td>\n<td style=\"width: 26.7833%;\">VALLE<\/td>\n<td style=\"width: 21.9381%;\">CATALDO<\/td>\n<\/tr>\n<tr>\n<td style=\"width: 51.0094%;\">FABIO EL\u00cdAS<\/td>\n<td style=\"width: 26.7833%;\">VILLARROEL<\/td>\n<td style=\"width: 21.9381%;\">AGUILAR<\/td>\n<\/tr>\n<\/tbody>\n<\/table>\n<p>[\/et_pb_toggle][\/et_pb_column][\/et_pb_row][\/et_pb_section][et_pb_section fb_built=\u00bb1&#8243; disabled_on=\u00bboff|off|off\u00bb _builder_version=\u00bb4.22.0&#8243; _module_preset=\u00bbdefault\u00bb width=\u00bb100%\u00bb max_width=\u00bb100%\u00bb min_height=\u00bb368.1px\u00bb custom_margin=\u00bb-16px|||||\u00bb custom_padding=\u00bb65px||0px|||\u00bb global_colors_info=\u00bb{}\u00bb][\/et_pb_section][et_pb_section fb_built=\u00bb1&#8243; disabled_on=\u00bboff|off|off\u00bb _builder_version=\u00bb4.27.0&#8243; _module_preset=\u00bbdefault\u00bb background_color=\u00bbrgba(12,113,195,0.12)\u00bb width=\u00bb100%\u00bb max_width=\u00bb100%\u00bb custom_margin=\u00bb-312px|||||\u00bb custom_padding=\u00bb5px|||||\u00bb global_colors_info=\u00bb{}\u00bb][et_pb_row use_custom_gutter=\u00bbon\u00bb gutter_width=\u00bb1&#8243; _builder_version=\u00bb4.25.2&#8243; _module_preset=\u00bbdefault\u00bb width=\u00bb96%\u00bb max_width=\u00bb2560px\u00bb module_alignment=\u00bbleft\u00bb custom_padding=\u00bb||9px|3%|false|false\u00bb global_colors_info=\u00bb{}\u00bb][et_pb_column type=\u00bb4_4&#8243; _builder_version=\u00bb4.17.6&#8243; _module_preset=\u00bbdefault\u00bb global_colors_info=\u00bb{}\u00bb][et_pb_blurb title=\u00bbFACULTAD DE CIENCIAS DE LA SALUD\u00bb use_icon=\u00bbon\u00bb font_icon=\u00bb&#xf073;||fa||400&#8243; icon_color=\u00bb#009bdb\u00bb icon_placement=\u00bbleft\u00bb image_icon_width=\u00bb53px\u00bb content_max_width=\u00bb1100px\u00bb admin_label=\u00bbAnuncio: Ceremonia de titulaci\u00f3n: jueves 9 de noviembre de 2023 10.30 horas\u00bb _builder_version=\u00bb4.27.0&#8243; _module_preset=\u00bbdefault\u00bb header_font=\u00bb|800||on|||||\u00bb header_text_color=\u00bb#303030&#8243; header_font_size=\u00bb27px\u00bb body_font=\u00bb||||||||\u00bb body_text_color=\u00bb#0099cc\u00bb body_font_size=\u00bb16px\u00bb custom_margin=\u00bb||-1px|||\u00bb global_colors_info=\u00bb{}\u00bb]<\/p>\n<h1><strong>Martes 22 de octubre de 2024, a las 10.30 horas<\/strong><\/h1>\n<p>Aula Dr. F\u00e9lix Morales Pettorino, Casa Central, Universidad de Playa Ancha.<\/p>\n<p>[\/et_pb_blurb][\/et_pb_column][\/et_pb_row][et_pb_row column_structure=\u00bb1_3,1_3,1_3&#8243; use_custom_gutter=\u00bbon\u00bb disabled_on=\u00bboff|off|off\u00bb _builder_version=\u00bb4.22.0&#8243; _module_preset=\u00bbdefault\u00bb width=\u00bb94%\u00bb max_width=\u00bb2560px\u00bb custom_padding=\u00bb18px||18px|||\u00bb global_colors_info=\u00bb{}\u00bb][et_pb_column type=\u00bb1_3&#8243; _builder_version=\u00bb4.17.6&#8243; _module_preset=\u00bbdefault\u00bb global_colors_info=\u00bb{}\u00bb][et_pb_toggle title=\u00bbFONOAUDIOLOG\u00cdA\u00bb open_toggle_text_color=\u00bb#000000&#8243; open_toggle_background_color=\u00bb#FFFFFF\u00bb closed_toggle_background_color=\u00bb#FFFFFF\u00bb icon_color=\u00bb#009bdb\u00bb toggle_icon=\u00bb&#xe048;||divi||400&#8243; use_icon_font_size=\u00bbon\u00bb icon_font_size=\u00bb26px\u00bb open_icon_color=\u00bb#009bdb\u00bb open_toggle_icon=\u00bb&#xe047;||divi||400&#8243; open_use_icon_font_size=\u00bbon\u00bb open_icon_font_size=\u00bb26px\u00bb disabled_on=\u00bboff|off|off\u00bb admin_label=\u00bbEducador o Educadora de P\u00e1rvulos\u00bb _builder_version=\u00bb4.27.0&#8243; _module_preset=\u00bbdefault\u00bb title_text_color=\u00bb#000000&#8243; title_font=\u00bb|700||on|||||\u00bb border_radii=\u00bboff||20px||20px\u00bb global_colors_info=\u00bb{}\u00bb]<\/p>\n<table style=\"width: 90%; height: 442px;\" border=\"0\" width=\"90%\" cellspacing=\"0\" cellpadding=\"0\">\n<tbody>\n<tr style=\"height: 24px;\">\n<td width=\"204\" style=\"width: 39.9381%; height: 24px;\"><strong>NOMBRE<\/strong><\/td>\n<td width=\"161\" style=\"width: 30.031%; height: 24px;\"><strong>APELLIDO PATERNO<\/strong><\/td>\n<td width=\"131\" style=\"width: 29.4118%; height: 24px;\"><strong>APELLIDO MATERNO<\/strong><\/td>\n<\/tr>\n<tr>\n<td width=\"251\" style=\"width: 39.9381%;\">CATALINA SOLEDAD ELENA<\/td>\n<td width=\"256\" style=\"width: 30.031%;\">ARAYA<\/td>\n<td width=\"199\" style=\"width: 29.4118%;\">QUEZADA<\/td>\n<\/tr>\n<tr>\n<td style=\"width: 39.9381%;\">TAMARA DENISSE<\/td>\n<td style=\"width: 30.031%;\">BADILLA<\/td>\n<td style=\"width: 29.4118%;\">D\u00cdAZ<\/td>\n<\/tr>\n<tr>\n<td style=\"width: 39.9381%;\">HAYLEEN NICOLE<\/td>\n<td style=\"width: 30.031%;\">DAZA<\/td>\n<td style=\"width: 29.4118%;\">GAMBOA<\/td>\n<\/tr>\n<tr>\n<td style=\"width: 39.9381%;\">DANIELA CRISTINA<\/td>\n<td style=\"width: 30.031%;\">DOCMAC<\/td>\n<td style=\"width: 29.4118%;\">GUERRERO<\/td>\n<\/tr>\n<tr>\n<td style=\"width: 39.9381%;\">SANDRA CAMILA<\/td>\n<td style=\"width: 30.031%;\">OGAZ<\/td>\n<td style=\"width: 29.4118%;\">ARANDA<\/td>\n<\/tr>\n<tr>\n<td style=\"width: 39.9381%;\">SIMONA ALEJANDRA<\/td>\n<td style=\"width: 30.031%;\">OTE\u00cdZA<\/td>\n<td style=\"width: 29.4118%;\">CAMPOS<\/td>\n<\/tr>\n<tr>\n<td style=\"width: 39.9381%;\">YANIRA BEL\u00c9N<\/td>\n<td style=\"width: 30.031%;\">PERALTA<\/td>\n<td style=\"width: 29.4118%;\">CORT\u00c9S<\/td>\n<\/tr>\n<tr>\n<td style=\"width: 39.9381%;\">FRANCISCA JAVIERA<\/td>\n<td style=\"width: 30.031%;\">P\u00c9REZ<\/td>\n<td style=\"width: 29.4118%;\">IBACETA<\/td>\n<\/tr>\n<tr>\n<td style=\"width: 39.9381%;\">DANIELA FRANCISCA<\/td>\n<td style=\"width: 30.031%;\">P\u00c9REZ<\/td>\n<td style=\"width: 29.4118%;\">PIZARRO<\/td>\n<\/tr>\n<tr>\n<td style=\"width: 39.9381%;\">YERLY ISABEL<\/td>\n<td style=\"width: 30.031%;\">PINOCHET<\/td>\n<td style=\"width: 29.4118%;\">CARMONA<\/td>\n<\/tr>\n<tr>\n<td style=\"width: 39.9381%;\">CONSTANZA CATALINA<\/td>\n<td style=\"width: 30.031%;\">PORTALES<\/td>\n<td style=\"width: 29.4118%;\">CORNEJO<\/td>\n<\/tr>\n<tr>\n<td style=\"width: 39.9381%;\">IGNACIA VICTORIA<\/td>\n<td style=\"width: 30.031%;\">RODR\u00cdGUEZ<\/td>\n<td style=\"width: 29.4118%;\">D\u00cdAZ<\/td>\n<\/tr>\n<tr>\n<td style=\"width: 39.9381%;\">VALENTINA CONSTANZA<\/td>\n<td style=\"width: 30.031%;\">SAFFIE<\/td>\n<td style=\"width: 29.4118%;\">D\u00cdAZ<\/td>\n<\/tr>\n<tr>\n<td style=\"width: 39.9381%;\">KAROL ELIZABETH<\/td>\n<td style=\"width: 30.031%;\">VALD\u00c9S<\/td>\n<td style=\"width: 29.4118%;\">GONZ\u00c1LEZ<\/td>\n<\/tr>\n<tr>\n<td style=\"width: 39.9381%;\">JOSELYN ALEJANDRA<\/td>\n<td style=\"width: 30.031%;\">VALLEJO<\/td>\n<td style=\"width: 29.4118%;\">HORMAZ\u00c1BAL<\/td>\n<\/tr>\n<tr>\n<td style=\"width: 39.9381%;\">PALOMA ANGELIKA<\/td>\n<td style=\"width: 30.031%;\">VIDAL<\/td>\n<td style=\"width: 29.4118%;\">MU\u00d1OZ<\/td>\n<\/tr>\n<tr>\n<td style=\"width: 39.9381%;\">KATHERINE FERNANDA<\/td>\n<td style=\"width: 30.031%;\">VIDELA<\/td>\n<td style=\"width: 29.4118%;\">ALVARADO<\/td>\n<\/tr>\n<\/tbody>\n<\/table>\n<p>[\/et_pb_toggle][\/et_pb_column][et_pb_column type=\u00bb1_3&#8243; _builder_version=\u00bb4.17.6&#8243; _module_preset=\u00bbdefault\u00bb global_colors_info=\u00bb{}\u00bb][et_pb_toggle title=\u00bbENFERMER\u00cdA\u00bb open_toggle_text_color=\u00bb#000000&#8243; open_toggle_background_color=\u00bb#FFFFFF\u00bb closed_toggle_background_color=\u00bb#FFFFFF\u00bb icon_color=\u00bb#009bdb\u00bb toggle_icon=\u00bb&#xe048;||divi||400&#8243; use_icon_font_size=\u00bbon\u00bb icon_font_size=\u00bb26px\u00bb open_icon_color=\u00bb#009bdb\u00bb open_toggle_icon=\u00bb&#xe047;||divi||400&#8243; open_use_icon_font_size=\u00bbon\u00bb open_icon_font_size=\u00bb26px\u00bb disabled_on=\u00bboff|off|off\u00bb admin_label=\u00bbProfesor o profesora de Educaci\u00f3n B\u00e1sica\u00bb _builder_version=\u00bb4.27.0&#8243; _module_preset=\u00bbdefault\u00bb title_text_color=\u00bb#000000&#8243; title_font=\u00bb|700||on|||||\u00bb border_radii=\u00bboff||20px||20px\u00bb global_colors_info=\u00bb{}\u00bb]<\/p>\n<table style=\"width: 90%; height: 312px;\" border=\"0\" width=\"90%\" cellspacing=\"0\" cellpadding=\"0\">\n<tbody>\n<tr style=\"height: 24px;\">\n<td width=\"204\" style=\"width: 50.9333%; height: 24px;\"><strong>NOMBRE<\/strong><\/td>\n<td width=\"161\" style=\"width: 26.8%; height: 24px;\"><strong>APELLIDO PATERNO<\/strong><\/td>\n<td width=\"131\" style=\"width: 21.8667%; height: 24px;\"><strong>APELLIDO MATERNO<\/strong><\/td>\n<\/tr>\n<tr>\n<td width=\"251\" style=\"width: 50.9333%;\">CATALINA ANTONIA<\/td>\n<td width=\"256\" style=\"width: 26.8%;\">ALVARADO<\/td>\n<td width=\"199\" style=\"width: 21.8667%;\">ITURRA<\/td>\n<\/tr>\n<tr>\n<td style=\"width: 50.9333%;\">DANAE ANTONIA<\/td>\n<td style=\"width: 26.8%;\">\u00c1LVAREZ<\/td>\n<td style=\"width: 21.8667%;\">BETANCOURT<\/td>\n<\/tr>\n<tr>\n<td style=\"width: 50.9333%;\">DIEGO JES\u00daS<\/td>\n<td style=\"width: 26.8%;\">ARANCIBIA<\/td>\n<td style=\"width: 21.8667%;\">OLGU\u00cdN<\/td>\n<\/tr>\n<tr>\n<td style=\"width: 50.9333%;\">MAR\u00cdA JOS\u00c9<\/td>\n<td style=\"width: 26.8%;\">ARREDONDO<\/td>\n<td style=\"width: 21.8667%;\">P\u00c9REZ<\/td>\n<\/tr>\n<tr>\n<td style=\"width: 50.9333%;\">BRAYAN JOS\u00c9<\/td>\n<td style=\"width: 26.8%;\">AZ\u00d3CAR<\/td>\n<td style=\"width: 21.8667%;\">CORNEJO<\/td>\n<\/tr>\n<tr>\n<td style=\"width: 50.9333%;\">NATALIA ANDREA<\/td>\n<td style=\"width: 26.8%;\">BENAVIDES<\/td>\n<td style=\"width: 21.8667%;\">MOLINA<\/td>\n<\/tr>\n<tr>\n<td style=\"width: 50.9333%;\">FRANCISCA CONSTANZA<\/td>\n<td style=\"width: 26.8%;\">CABALLERO<\/td>\n<td style=\"width: 21.8667%;\">LIRA<\/td>\n<\/tr>\n<tr>\n<td style=\"width: 50.9333%;\">ALONDRA DANAE<\/td>\n<td style=\"width: 26.8%;\">CANALES<\/td>\n<td style=\"width: 21.8667%;\">INOSTROZA<\/td>\n<\/tr>\n<tr>\n<td style=\"width: 50.9333%;\">FELIPE MAT\u00cdAS<\/td>\n<td style=\"width: 26.8%;\">COLLARTE<\/td>\n<td style=\"width: 21.8667%;\">BECERRA<\/td>\n<\/tr>\n<tr>\n<td style=\"width: 50.9333%;\">JAVIERA WLADENKA<\/td>\n<td style=\"width: 26.8%;\">CUELLAR<\/td>\n<td style=\"width: 21.8667%;\">TAMBLAY<\/td>\n<\/tr>\n<tr>\n<td style=\"width: 50.9333%;\">ANGELA BEL\u00c9N<\/td>\n<td style=\"width: 26.8%;\">GONZ\u00c1LEZ<\/td>\n<td style=\"width: 21.8667%;\">ESTRADA<\/td>\n<\/tr>\n<tr>\n<td style=\"width: 50.9333%;\">NOEM\u00cd RUTH<\/td>\n<td style=\"width: 26.8%;\">GONZ\u00c1LEZ<\/td>\n<td style=\"width: 21.8667%;\">GONZ\u00c1LEZ<\/td>\n<\/tr>\n<tr>\n<td style=\"width: 50.9333%;\">TANIA VALESCA<\/td>\n<td style=\"width: 26.8%;\">GONZ\u00c1LEZ<\/td>\n<td style=\"width: 21.8667%;\">P\u00c9REZ<\/td>\n<\/tr>\n<tr>\n<td style=\"width: 50.9333%;\">CHRISHNA VICTORIA<\/td>\n<td style=\"width: 26.8%;\">HECKERSDORF<\/td>\n<td style=\"width: 21.8667%;\">D\u00cdAZ<\/td>\n<\/tr>\n<tr>\n<td style=\"width: 50.9333%;\">NAYADE CHANTAL<\/td>\n<td style=\"width: 26.8%;\">HERRERA<\/td>\n<td style=\"width: 21.8667%;\">VERA<\/td>\n<\/tr>\n<tr>\n<td style=\"width: 50.9333%;\">MAR\u00cdA JOS\u00c9<\/td>\n<td style=\"width: 26.8%;\">JACKSON<\/td>\n<td style=\"width: 21.8667%;\">CRUZAT<\/td>\n<\/tr>\n<tr>\n<td style=\"width: 50.9333%;\">SUSANA DEL CARMEN<\/td>\n<td style=\"width: 26.8%;\">LIZAMA<\/td>\n<td style=\"width: 21.8667%;\">AVARIA<\/td>\n<\/tr>\n<tr>\n<td style=\"width: 50.9333%;\">YARIKZA ALEXANDRA<\/td>\n<td style=\"width: 26.8%;\">LIZAMA<\/td>\n<td style=\"width: 21.8667%;\">LABRA<\/td>\n<\/tr>\n<tr>\n<td style=\"width: 50.9333%;\">VALENTINA DEL PILAR<\/td>\n<td style=\"width: 26.8%;\">MALDONADO<\/td>\n<td style=\"width: 21.8667%;\">BEAS<\/td>\n<\/tr>\n<tr>\n<td style=\"width: 50.9333%;\">KATTY ALEJANDRA<\/td>\n<td style=\"width: 26.8%;\">MEZA<\/td>\n<td style=\"width: 21.8667%;\">POLANCO<\/td>\n<\/tr>\n<tr>\n<td style=\"width: 50.9333%;\">JAVIERA SOLEDAD<\/td>\n<td style=\"width: 26.8%;\">MIRANDA<\/td>\n<td style=\"width: 21.8667%;\">N\u00da\u00d1EZ<\/td>\n<\/tr>\n<tr>\n<td style=\"width: 50.9333%;\">MAR\u00cdA JOS\u00c9<\/td>\n<td style=\"width: 26.8%;\">MONDACA<\/td>\n<td style=\"width: 21.8667%;\">TORO<\/td>\n<\/tr>\n<tr>\n<td style=\"width: 50.9333%;\">JAVIERA ALEJANDRA<\/td>\n<td style=\"width: 26.8%;\">MU\u00d1OZ<\/td>\n<td style=\"width: 21.8667%;\">ROLD\u00c1N<\/td>\n<\/tr>\n<tr>\n<td style=\"width: 50.9333%;\">CAMILA ALEJANDRA<\/td>\n<td style=\"width: 26.8%;\">P\u00c9REZ<\/td>\n<td style=\"width: 21.8667%;\">V\u00c1SQUEZ<\/td>\n<\/tr>\n<tr>\n<td style=\"width: 50.9333%;\">JAVIERA ANDREA<\/td>\n<td style=\"width: 26.8%;\">PRADO<\/td>\n<td style=\"width: 21.8667%;\">MADARIAGA<\/td>\n<\/tr>\n<tr>\n<td style=\"width: 50.9333%;\">CONSTANZA ANDREA<\/td>\n<td style=\"width: 26.8%;\">QUERO<\/td>\n<td style=\"width: 21.8667%;\">SANHUEZA<\/td>\n<\/tr>\n<tr>\n<td style=\"width: 50.9333%;\">JAVIERA IGNACIA<\/td>\n<td style=\"width: 26.8%;\">SILVA<\/td>\n<td style=\"width: 21.8667%;\">MIRANDA<\/td>\n<\/tr>\n<tr>\n<td style=\"width: 50.9333%;\">LORENA MARISOL<\/td>\n<td style=\"width: 26.8%;\">SILVA<\/td>\n<td style=\"width: 21.8667%;\">POBLETE<\/td>\n<\/tr>\n<tr>\n<td style=\"width: 50.9333%;\">DANIELA PAZ<\/td>\n<td style=\"width: 26.8%;\">SOL\u00cdS<\/td>\n<td style=\"width: 21.8667%;\">HERN\u00c1NDEZ<\/td>\n<\/tr>\n<tr>\n<td style=\"width: 50.9333%;\">CARLA FRANCISCA VICTORIA<\/td>\n<td style=\"width: 26.8%;\">SOTO<\/td>\n<td style=\"width: 21.8667%;\">GUAJARDO<\/td>\n<\/tr>\n<tr>\n<td style=\"width: 50.9333%;\">CAMILA BEL\u00c9N<\/td>\n<td style=\"width: 26.8%;\">SOTO<\/td>\n<td style=\"width: 21.8667%;\">SAAVEDRA<\/td>\n<\/tr>\n<tr>\n<td style=\"width: 50.9333%;\">MAURA BEL\u00c9N<\/td>\n<td style=\"width: 26.8%;\">TAPIA<\/td>\n<td style=\"width: 21.8667%;\">ALARCANO<\/td>\n<\/tr>\n<tr>\n<td style=\"width: 50.9333%;\">MARIEL ISABELLA<\/td>\n<td style=\"width: 26.8%;\">UBEDA<\/td>\n<td style=\"width: 21.8667%;\">ARANCIBIA<\/td>\n<\/tr>\n<tr>\n<td style=\"width: 50.9333%;\">LISSETTE CAMILA<\/td>\n<td style=\"width: 26.8%;\">VERA<\/td>\n<td style=\"width: 21.8667%;\">PONCE<\/td>\n<\/tr>\n<tr>\n<td style=\"width: 50.9333%;\">SANDRA MARISEL<\/td>\n<td style=\"width: 26.8%;\">VERDEJO<\/td>\n<td style=\"width: 21.8667%;\">Z\u00da\u00d1IGA<\/td>\n<\/tr>\n<tr>\n<td style=\"width: 50.9333%;\">SUI-MEI<\/td>\n<td style=\"width: 26.8%;\">WONG<\/td>\n<td style=\"width: 21.8667%;\">AEDO<\/td>\n<\/tr>\n<tr>\n<td style=\"width: 50.9333%;\">MACARENA ELISABETH<\/td>\n<td style=\"width: 26.8%;\">ZAPATA<\/td>\n<td style=\"width: 21.8667%;\">TOBAR<\/td>\n<\/tr>\n<\/tbody>\n<\/table>\n<p>[\/et_pb_toggle][\/et_pb_column][et_pb_column type=\u00bb1_3&#8243; _builder_version=\u00bb4.17.6&#8243; _module_preset=\u00bbdefault\u00bb global_colors_info=\u00bb{}\u00bb][\/et_pb_column][\/et_pb_row][et_pb_row use_custom_gutter=\u00bbon\u00bb disabled_on=\u00bboff|off|off\u00bb _builder_version=\u00bb4.22.0&#8243; _module_preset=\u00bbdefault\u00bb width=\u00bb94%\u00bb max_width=\u00bb2560px\u00bb custom_padding=\u00bb18px||18px|||\u00bb global_colors_info=\u00bb{}\u00bb][et_pb_column type=\u00bb4_4&#8243; _builder_version=\u00bb4.17.6&#8243; _module_preset=\u00bbdefault\u00bb global_colors_info=\u00bb{}\u00bb][et_pb_blurb use_icon=\u00bbon\u00bb font_icon=\u00bb&#x45;||divi||400&#8243; icon_color=\u00bb#009bdb\u00bb icon_placement=\u00bbleft\u00bb image_icon_width=\u00bb53px\u00bb content_max_width=\u00bb1100px\u00bb admin_label=\u00bbAnuncio: Ceremonia de titulaci\u00f3n: jueves 9 de noviembre de 2023 10.30 horas\u00bb _builder_version=\u00bb4.27.0&#8243; _module_preset=\u00bbdefault\u00bb header_font=\u00bb|800||on|||||\u00bb header_text_color=\u00bb#303030&#8243; header_font_size=\u00bb27px\u00bb body_font=\u00bb||||||||\u00bb body_text_color=\u00bb#0099cc\u00bb body_font_size=\u00bb16px\u00bb custom_margin=\u00bb||-1px|||\u00bb global_colors_info=\u00bb{}\u00bb]<\/p>\n<h1><strong>Martes 22 de octubre de 2024, a las 15.30 horas<\/strong><\/h1>\n<p>Aula Dr. F\u00e9lix Morales Pettorino, Casa Central, Universidad de Playa Ancha.<\/p>\n<p>[\/et_pb_blurb][\/et_pb_column][\/et_pb_row][et_pb_row column_structure=\u00bb1_3,1_3,1_3&#8243; use_custom_gutter=\u00bbon\u00bb disabled_on=\u00bboff|off|off\u00bb _builder_version=\u00bb4.22.0&#8243; _module_preset=\u00bbdefault\u00bb width=\u00bb94%\u00bb max_width=\u00bb2560px\u00bb custom_padding=\u00bb18px||18px|||\u00bb global_colors_info=\u00bb{}\u00bb][et_pb_column type=\u00bb1_3&#8243; _builder_version=\u00bb4.17.6&#8243; _module_preset=\u00bbdefault\u00bb global_colors_info=\u00bb{}\u00bb][et_pb_toggle title=\u00bbNUTRICI\u00d3N Y DIET\u00c9TICA\u00bb open_toggle_text_color=\u00bb#000000&#8243; open_toggle_background_color=\u00bb#FFFFFF\u00bb closed_toggle_background_color=\u00bb#FFFFFF\u00bb icon_color=\u00bb#009bdb\u00bb toggle_icon=\u00bb&#xe048;||divi||400&#8243; use_icon_font_size=\u00bbon\u00bb icon_font_size=\u00bb26px\u00bb open_icon_color=\u00bb#009bdb\u00bb open_toggle_icon=\u00bb&#xe047;||divi||400&#8243; open_use_icon_font_size=\u00bbon\u00bb open_icon_font_size=\u00bb26px\u00bb disabled_on=\u00bboff|off|off\u00bb admin_label=\u00bbEducador o Educadora de P\u00e1rvulos\u00bb _builder_version=\u00bb4.27.0&#8243; _module_preset=\u00bbdefault\u00bb title_text_color=\u00bb#000000&#8243; title_font=\u00bb|700||on|||||\u00bb border_radii=\u00bboff||20px||20px\u00bb global_colors_info=\u00bb{}\u00bb]<\/p>\n<table style=\"width: 90%; height: 1872px;\" border=\"0\" width=\"90%\" cellspacing=\"0\" cellpadding=\"0\">\n<tbody>\n<tr style=\"height: 24px;\">\n<td width=\"204\" style=\"width: 39.9381%; height: 24px;\"><strong>NOMBRE<\/strong><\/td>\n<td width=\"161\" style=\"width: 30.031%; height: 24px;\"><strong>APELLIDO PATERNO<\/strong><\/td>\n<td width=\"131\" style=\"width: 29.4118%; height: 24px;\"><strong>APELLIDO MATERNO<\/strong><\/td>\n<\/tr>\n<tr>\n<td width=\"251\" style=\"width: 39.9381%;\">CAMILA ANG\u00c9LICA<\/td>\n<td width=\"256\" style=\"width: 30.031%;\">AIXALA<\/td>\n<td width=\"199\" style=\"width: 29.4118%;\">CHODIL<\/td>\n<\/tr>\n<tr>\n<td style=\"width: 39.9381%;\">FERNANDA ANDREA<\/td>\n<td style=\"width: 30.031%;\">ALFARO<\/td>\n<td style=\"width: 29.4118%;\">HOLM<\/td>\n<\/tr>\n<tr>\n<td style=\"width: 39.9381%;\">GIANNELLA DE LOURDES<\/td>\n<td style=\"width: 30.031%;\">AM\u00c9STICA<\/td>\n<td style=\"width: 29.4118%;\">GUERRA<\/td>\n<\/tr>\n<tr>\n<td style=\"width: 39.9381%;\">JOSEFA ALEJANDRA<\/td>\n<td style=\"width: 30.031%;\">ARANCIBIA<\/td>\n<td style=\"width: 29.4118%;\">FUENTES<\/td>\n<\/tr>\n<tr>\n<td style=\"width: 39.9381%;\">CRISHNNA FRANCHESKA<\/td>\n<td style=\"width: 30.031%;\">ARENAS<\/td>\n<td style=\"width: 29.4118%;\">ARAYA<\/td>\n<\/tr>\n<tr>\n<td style=\"width: 39.9381%;\">KAMILA ANDREA<\/td>\n<td style=\"width: 30.031%;\">CONTRERAS<\/td>\n<td style=\"width: 29.4118%;\">GONZ\u00c1LEZ<\/td>\n<\/tr>\n<tr>\n<td style=\"width: 39.9381%;\">CAMILA ANDREA<\/td>\n<td style=\"width: 30.031%;\">CONTRERAS<\/td>\n<td style=\"width: 29.4118%;\">TAPIA<\/td>\n<\/tr>\n<tr>\n<td style=\"width: 39.9381%;\">GISELLE SCARLETTE<\/td>\n<td style=\"width: 30.031%;\">D\u00cdAZ<\/td>\n<td style=\"width: 29.4118%;\">ROBLES<\/td>\n<\/tr>\n<tr>\n<td style=\"width: 39.9381%;\">MAITE ANDREA<\/td>\n<td style=\"width: 30.031%;\">FAJARDO<\/td>\n<td style=\"width: 29.4118%;\">GONZ\u00c1LEZ<\/td>\n<\/tr>\n<tr>\n<td style=\"width: 39.9381%;\">BIANCA TAMARA<\/td>\n<td style=\"width: 30.031%;\">FERNANDEZ<\/td>\n<td style=\"width: 29.4118%;\">RIVAS<\/td>\n<\/tr>\n<tr>\n<td style=\"width: 39.9381%;\">CLAUDIA ELIZABETH<\/td>\n<td style=\"width: 30.031%;\">FUENTES<\/td>\n<td style=\"width: 29.4118%;\">RETAMAL<\/td>\n<\/tr>\n<tr>\n<td style=\"width: 39.9381%;\">SOF\u00cdA JAVIERA<\/td>\n<td style=\"width: 30.031%;\">LADR\u00d3N DE GUEVARA<\/td>\n<td style=\"width: 29.4118%;\">GODOY<\/td>\n<\/tr>\n<tr>\n<td style=\"width: 39.9381%;\">JAVIERA LLANINA<\/td>\n<td style=\"width: 30.031%;\">LEYTON<\/td>\n<td style=\"width: 29.4118%;\">SEP\u00daLVEDA<\/td>\n<\/tr>\n<tr>\n<td style=\"width: 39.9381%;\">PAULINA BEL\u00c9N<\/td>\n<td style=\"width: 30.031%;\">LILLO<\/td>\n<td style=\"width: 29.4118%;\">MU\u00d1OZ<\/td>\n<\/tr>\n<tr>\n<td style=\"width: 39.9381%;\">JENNIFER TERESA<\/td>\n<td style=\"width: 30.031%;\">MONTOYA<\/td>\n<td style=\"width: 29.4118%;\">ARANDA<\/td>\n<\/tr>\n<tr>\n<td style=\"width: 39.9381%;\">CLAUDIA BEL\u00c9N<\/td>\n<td style=\"width: 30.031%;\">NARANJO<\/td>\n<td style=\"width: 29.4118%;\">MENDOZA<\/td>\n<\/tr>\n<tr>\n<td style=\"width: 39.9381%;\">CATALINA ANDREA<\/td>\n<td style=\"width: 30.031%;\">OLGU\u00cdN<\/td>\n<td style=\"width: 29.4118%;\">CEPEDA<\/td>\n<\/tr>\n<tr>\n<td style=\"width: 39.9381%;\">CRISTIAN RODRIGO<\/td>\n<td style=\"width: 30.031%;\">RAMIREZ<\/td>\n<td style=\"width: 29.4118%;\">LAM<\/td>\n<\/tr>\n<tr>\n<td style=\"width: 39.9381%;\">B\u00c1RBARA LIRA<\/td>\n<td style=\"width: 30.031%;\">RUIZ<\/td>\n<td style=\"width: 29.4118%;\">BURDILES<\/td>\n<\/tr>\n<tr>\n<td style=\"width: 39.9381%;\">ALEXANDRA VALERIA<\/td>\n<td style=\"width: 30.031%;\">SALAZAR<\/td>\n<td style=\"width: 29.4118%;\">CARVALLO<\/td>\n<\/tr>\n<tr>\n<td style=\"width: 39.9381%;\">LUKAS VICENTE<\/td>\n<td style=\"width: 30.031%;\">Y\u00c1\u00d1EZ<\/td>\n<td style=\"width: 29.4118%;\">Y\u00c1\u00d1EZ<\/td>\n<\/tr>\n<\/tbody>\n<\/table>\n<p>[\/et_pb_toggle][\/et_pb_column][et_pb_column type=\u00bb1_3&#8243; _builder_version=\u00bb4.17.6&#8243; _module_preset=\u00bbdefault\u00bb global_colors_info=\u00bb{}\u00bb][et_pb_toggle title=\u00bbKINESIOLOG\u00cdA\u00bb open_toggle_text_color=\u00bb#000000&#8243; open_toggle_background_color=\u00bb#FFFFFF\u00bb closed_toggle_background_color=\u00bb#FFFFFF\u00bb icon_color=\u00bb#009bdb\u00bb toggle_icon=\u00bb&#xe048;||divi||400&#8243; use_icon_font_size=\u00bbon\u00bb icon_font_size=\u00bb26px\u00bb open_icon_color=\u00bb#009bdb\u00bb open_toggle_icon=\u00bb&#xe047;||divi||400&#8243; open_use_icon_font_size=\u00bbon\u00bb open_icon_font_size=\u00bb26px\u00bb disabled_on=\u00bboff|off|off\u00bb admin_label=\u00bbProfesor o profesora de Educaci\u00f3n B\u00e1sica\u00bb _builder_version=\u00bb4.27.0&#8243; _module_preset=\u00bbdefault\u00bb title_text_color=\u00bb#000000&#8243; title_font=\u00bb|700||on|||||\u00bb border_radii=\u00bboff||20px||20px\u00bb global_colors_info=\u00bb{}\u00bb]<\/p>\n<table style=\"width: 90%; height: 408px;\" border=\"0\" width=\"90%\" cellspacing=\"0\" cellpadding=\"0\">\n<tbody>\n<tr style=\"height: 24px;\">\n<td width=\"204\" style=\"width: 50.9333%; height: 24px;\"><strong>NOMBRE<\/strong><\/td>\n<td width=\"161\" style=\"width: 26.8%; height: 24px;\"><strong>APELLIDO PATERNO<\/strong><\/td>\n<td width=\"131\" style=\"width: 21.8667%; height: 24px;\"><strong>APELLIDO MATERNO<\/strong><\/td>\n<\/tr>\n<tr>\n<td width=\"251\" style=\"width: 50.9333%;\">THOMAS FELIPE<\/td>\n<td width=\"256\" style=\"width: 26.8%;\">COBO<\/td>\n<td width=\"199\" style=\"width: 21.8667%;\">URRA<\/td>\n<\/tr>\n<tr>\n<td style=\"width: 50.9333%;\">FRANCISCO JAVIER<\/td>\n<td style=\"width: 26.8%;\">D\u00cdAZ<\/td>\n<td style=\"width: 21.8667%;\">BRIONES<\/td>\n<\/tr>\n<tr>\n<td style=\"width: 50.9333%;\">ANA PAULINA<\/td>\n<td style=\"width: 26.8%;\">D\u00cdAZ<\/td>\n<td style=\"width: 21.8667%;\">D\u00cdAZ<\/td>\n<\/tr>\n<tr>\n<td style=\"width: 50.9333%;\">FELIPE ALFONSO<\/td>\n<td style=\"width: 26.8%;\">GOMEZ<\/td>\n<td style=\"width: 21.8667%;\">MOLINA<\/td>\n<\/tr>\n<tr>\n<td style=\"width: 50.9333%;\">CATALINA ALEJANDRA<\/td>\n<td style=\"width: 26.8%;\">GONZ\u00c1LEZ<\/td>\n<td style=\"width: 21.8667%;\">RIFFO<\/td>\n<\/tr>\n<tr>\n<td style=\"width: 50.9333%;\">IGNACIO ANDR\u00c9S<\/td>\n<td style=\"width: 26.8%;\">HELLEC<\/td>\n<td style=\"width: 21.8667%;\">G\u00d3MEZ<\/td>\n<\/tr>\n<tr>\n<td style=\"width: 50.9333%;\">JUAN PABLO<\/td>\n<td style=\"width: 26.8%;\">HERN\u00c1NDEZ<\/td>\n<td style=\"width: 21.8667%;\">FIGUEROA<\/td>\n<\/tr>\n<tr>\n<td style=\"width: 50.9333%;\">DANNA KATIUSCA<\/td>\n<td style=\"width: 26.8%;\">IBACACHE<\/td>\n<td style=\"width: 21.8667%;\">RIVERA<\/td>\n<\/tr>\n<tr>\n<td style=\"width: 50.9333%;\">DENISSE ALEJANDRA<\/td>\n<td style=\"width: 26.8%;\">MIRANDA<\/td>\n<td style=\"width: 21.8667%;\">HERRERA<\/td>\n<\/tr>\n<tr>\n<td style=\"width: 50.9333%;\">SOF\u00cdA MARGARITA<\/td>\n<td style=\"width: 26.8%;\">MORA<\/td>\n<td style=\"width: 21.8667%;\">AGUILAR<\/td>\n<\/tr>\n<tr>\n<td style=\"width: 50.9333%;\">DANIELA PAULINA<\/td>\n<td style=\"width: 26.8%;\">NEYRA<\/td>\n<td style=\"width: 21.8667%;\">VALDIVIA<\/td>\n<\/tr>\n<tr>\n<td style=\"width: 50.9333%;\">KARINA VIVIANA<\/td>\n<td style=\"width: 26.8%;\">N\u00da\u00d1EZ<\/td>\n<td style=\"width: 21.8667%;\">CASTILLO<\/td>\n<\/tr>\n<tr>\n<td style=\"width: 50.9333%;\">VALENTINA PAZ<\/td>\n<td style=\"width: 26.8%;\">ORREGO<\/td>\n<td style=\"width: 21.8667%;\">FERN\u00c1NDEZ<\/td>\n<\/tr>\n<tr>\n<td style=\"width: 50.9333%;\">AN\u00cdBAL ALONSO<\/td>\n<td style=\"width: 26.8%;\">PACHECO<\/td>\n<td style=\"width: 21.8667%;\">CABALLERO<\/td>\n<\/tr>\n<tr>\n<td style=\"width: 50.9333%;\">DANIELA SOLEDAD<\/td>\n<td style=\"width: 26.8%;\">P\u00c9REZ<\/td>\n<td style=\"width: 21.8667%;\">CONTRERAS<\/td>\n<\/tr>\n<tr>\n<td style=\"width: 50.9333%;\">B\u00c1RBARA TERESA<\/td>\n<td style=\"width: 26.8%;\">PERUCICH<\/td>\n<td style=\"width: 21.8667%;\">CARLSON<\/td>\n<\/tr>\n<tr>\n<td style=\"width: 50.9333%;\">ALEJANDRO ANDR\u00c9S<\/td>\n<td style=\"width: 26.8%;\">RAMOS<\/td>\n<td style=\"width: 21.8667%;\">D\u00cdAZ<\/td>\n<\/tr>\n<tr>\n<td style=\"width: 50.9333%;\">MIGUEL ANDR\u00c9S<\/td>\n<td style=\"width: 26.8%;\">REVECO<\/td>\n<td style=\"width: 21.8667%;\">MARILEO<\/td>\n<\/tr>\n<tr>\n<td style=\"width: 50.9333%;\">NATALY PATRICIA<\/td>\n<td style=\"width: 26.8%;\">REYES<\/td>\n<td style=\"width: 21.8667%;\">SANTANA<\/td>\n<\/tr>\n<tr>\n<td style=\"width: 50.9333%;\">JAZM\u00cdN ALEJANDRA<\/td>\n<td style=\"width: 26.8%;\">RUBIO<\/td>\n<td style=\"width: 21.8667%;\">LIRA<\/td>\n<\/tr>\n<tr>\n<td style=\"width: 50.9333%;\">LUNA ANETTE<\/td>\n<td style=\"width: 26.8%;\">SOLIS<\/td>\n<td style=\"width: 21.8667%;\">G\u00d3MEZ<\/td>\n<\/tr>\n<tr>\n<td style=\"width: 50.9333%;\">MARTA JOSEFA<\/td>\n<td style=\"width: 26.8%;\">SOTO<\/td>\n<td style=\"width: 21.8667%;\">ORREGO<\/td>\n<\/tr>\n<tr>\n<td style=\"width: 50.9333%;\">ALLYSON KATIUSKA<\/td>\n<td style=\"width: 26.8%;\">URIGOIT\u00cdA<\/td>\n<td style=\"width: 21.8667%;\">GONZ\u00c1LEZ<\/td>\n<\/tr>\n<tr>\n<td style=\"width: 50.9333%;\">ARELY ALEJANDRA<\/td>\n<td style=\"width: 26.8%;\">VALLADARES<\/td>\n<td style=\"width: 21.8667%;\">V\u00c1SQUEZ<\/td>\n<\/tr>\n<tr>\n<td style=\"width: 50.9333%;\">NATALIA ANDREA<\/td>\n<td style=\"width: 26.8%;\">VILLALOBOS<\/td>\n<td style=\"width: 21.8667%;\">GONZ\u00c1LEZ<\/td>\n<\/tr>\n<tr>\n<td style=\"width: 50.9333%;\">POLETTE STEPHANIE<\/td>\n<td style=\"width: 26.8%;\">ZAMORA<\/td>\n<td style=\"width: 21.8667%;\">NAVARRO<\/td>\n<\/tr>\n<\/tbody>\n<\/table>\n<p>[\/et_pb_toggle][\/et_pb_column][et_pb_column type=\u00bb1_3&#8243; _builder_version=\u00bb4.17.6&#8243; _module_preset=\u00bbdefault\u00bb global_colors_info=\u00bb{}\u00bb][\/et_pb_column][\/et_pb_row][et_pb_row use_custom_gutter=\u00bbon\u00bb gutter_width=\u00bb1&#8243; _builder_version=\u00bb4.25.2&#8243; _module_preset=\u00bbdefault\u00bb width=\u00bb96%\u00bb max_width=\u00bb2560px\u00bb module_alignment=\u00bbleft\u00bb min_height=\u00bb64.4px\u00bb custom_padding=\u00bb||9px|3%|false|false\u00bb global_colors_info=\u00bb{}\u00bb][et_pb_column type=\u00bb4_4&#8243; _builder_version=\u00bb4.17.6&#8243; _module_preset=\u00bbdefault\u00bb global_colors_info=\u00bb{}\u00bb][et_pb_blurb use_icon=\u00bbon\u00bb font_icon=\u00bb&#x45;||divi||400&#8243; icon_color=\u00bb#009bdb\u00bb icon_placement=\u00bbleft\u00bb image_icon_width=\u00bb53px\u00bb content_max_width=\u00bb1100px\u00bb admin_label=\u00bbAnuncio: Ceremonia de titulaci\u00f3n: jueves 9 de noviembre de 2023 10.30 horas\u00bb _builder_version=\u00bb4.27.0&#8243; _module_preset=\u00bbdefault\u00bb header_font=\u00bb|800||on|||||\u00bb header_text_color=\u00bb#303030&#8243; header_font_size=\u00bb27px\u00bb body_font=\u00bb||||||||\u00bb body_text_color=\u00bb#0099cc\u00bb body_font_size=\u00bb16px\u00bb custom_margin=\u00bb||-1px|||\u00bb global_colors_info=\u00bb{}\u00bb]<\/p>\n<h1><strong>Mi\u00e9rcoles 23 de octubre de 2024, a las 10.30 horas<\/strong><\/h1>\n<p>Aula Dr. F\u00e9lix Morales Pettorino, Casa Central, Universidad de Playa Ancha.<\/p>\n<p>[\/et_pb_blurb][\/et_pb_column][\/et_pb_row][et_pb_row column_structure=\u00bb1_3,1_3,1_3&#8243; use_custom_gutter=\u00bbon\u00bb disabled_on=\u00bboff|off|off\u00bb _builder_version=\u00bb4.22.0&#8243; _module_preset=\u00bbdefault\u00bb width=\u00bb94%\u00bb max_width=\u00bb2560px\u00bb custom_padding=\u00bb18px||18px|||\u00bb global_colors_info=\u00bb{}\u00bb][et_pb_column type=\u00bb1_3&#8243; _builder_version=\u00bb4.17.6&#8243; _module_preset=\u00bbdefault\u00bb global_colors_info=\u00bb{}\u00bb][et_pb_toggle title=\u00bbTERAPIA OCUPACIONAL\u00bb open_toggle_text_color=\u00bb#000000&#8243; open_toggle_background_color=\u00bb#FFFFFF\u00bb closed_toggle_background_color=\u00bb#FFFFFF\u00bb icon_color=\u00bb#009bdb\u00bb toggle_icon=\u00bb&#xe048;||divi||400&#8243; use_icon_font_size=\u00bbon\u00bb icon_font_size=\u00bb26px\u00bb open_icon_color=\u00bb#009bdb\u00bb open_toggle_icon=\u00bb&#xe047;||divi||400&#8243; open_use_icon_font_size=\u00bbon\u00bb open_icon_font_size=\u00bb26px\u00bb disabled_on=\u00bboff|off|off\u00bb admin_label=\u00bbEducador o Educadora de P\u00e1rvulos\u00bb _builder_version=\u00bb4.27.0&#8243; _module_preset=\u00bbdefault\u00bb title_text_color=\u00bb#000000&#8243; title_font=\u00bb|700||on|||||\u00bb border_radii=\u00bboff||20px||20px\u00bb global_colors_info=\u00bb{}\u00bb]<\/p>\n<table style=\"width: 90%; height: 1872px;\" border=\"0\" width=\"90%\" cellspacing=\"0\" cellpadding=\"0\">\n<tbody>\n<tr style=\"height: 24px;\">\n<td width=\"204\" style=\"width: 39.9381%; height: 24px;\"><strong>NOMBRE<\/strong><\/td>\n<td width=\"161\" style=\"width: 30.031%; height: 24px;\"><strong>APELLIDO PATERNO<\/strong><\/td>\n<td width=\"131\" style=\"width: 29.4118%; height: 24px;\"><strong>APELLIDO MATERNO<\/strong><\/td>\n<\/tr>\n<tr>\n<td width=\"251\" style=\"width: 39.9381%;\">JAVIERA ANTONIA<\/td>\n<td width=\"256\" style=\"width: 30.031%;\">ACEVEDO<\/td>\n<td width=\"199\" style=\"width: 29.4118%;\">CONSTENLA<\/td>\n<\/tr>\n<tr>\n<td style=\"width: 39.9381%;\">JERIEL ROC\u00cdO<\/td>\n<td style=\"width: 30.031%;\">AGUILERA<\/td>\n<td style=\"width: 29.4118%;\">CORT\u00c9S<\/td>\n<\/tr>\n<tr>\n<td style=\"width: 39.9381%;\">JOSEFA PAZ<\/td>\n<td style=\"width: 30.031%;\">ALIAGA<\/td>\n<td style=\"width: 29.4118%;\">ZAMORA<\/td>\n<\/tr>\n<tr>\n<td style=\"width: 39.9381%;\">TAMARA PAOLA<\/td>\n<td style=\"width: 30.031%;\">ALTAMIRANO<\/td>\n<td style=\"width: 29.4118%;\">VIDAL<\/td>\n<\/tr>\n<tr>\n<td style=\"width: 39.9381%;\">FRANCISCA ALEXANDRA<\/td>\n<td style=\"width: 30.031%;\">ANDRADES<\/td>\n<td style=\"width: 29.4118%;\">ORELLANA<\/td>\n<\/tr>\n<tr>\n<td style=\"width: 39.9381%;\">ALISON FERNANDA<\/td>\n<td style=\"width: 30.031%;\">APABLAZA<\/td>\n<td style=\"width: 29.4118%;\">ARANCIBIA<\/td>\n<\/tr>\n<tr>\n<td style=\"width: 39.9381%;\">DAMI\u00c1N IGNACIO<\/td>\n<td style=\"width: 30.031%;\">ARANEDA<\/td>\n<td style=\"width: 29.4118%;\">RIVERA<\/td>\n<\/tr>\n<tr>\n<td style=\"width: 39.9381%;\">SCARLETT ANG\u00c9LICA<\/td>\n<td style=\"width: 30.031%;\">ARAYA<\/td>\n<td style=\"width: 29.4118%;\">CRUZ<\/td>\n<\/tr>\n<tr>\n<td style=\"width: 39.9381%;\">YADIRA IVONNE<\/td>\n<td style=\"width: 30.031%;\">ARAYA<\/td>\n<td style=\"width: 29.4118%;\">VILLALOBOS<\/td>\n<\/tr>\n<tr>\n<td style=\"width: 39.9381%;\">CRISTINA ALEJANDRA<\/td>\n<td style=\"width: 30.031%;\">ASTUDILLO<\/td>\n<td style=\"width: 29.4118%;\">FAR\u00cdAS<\/td>\n<\/tr>\n<tr>\n<td style=\"width: 39.9381%;\">CAMILA CONSTANZA<\/td>\n<td style=\"width: 30.031%;\">BAQUEDANO<\/td>\n<td style=\"width: 29.4118%;\">NAVIA<\/td>\n<\/tr>\n<tr>\n<td style=\"width: 39.9381%;\">GABRIELA PAZ<\/td>\n<td style=\"width: 30.031%;\">BASCUR<\/td>\n<td style=\"width: 29.4118%;\">OYANEDEL<\/td>\n<\/tr>\n<tr>\n<td style=\"width: 39.9381%;\">JAIME ANDR\u00c9S<\/td>\n<td style=\"width: 30.031%;\">BUSTAMANTE<\/td>\n<td style=\"width: 29.4118%;\">CASTRO<\/td>\n<\/tr>\n<tr>\n<td style=\"width: 39.9381%;\">CATALINA YUYUNIZ<\/td>\n<td style=\"width: 30.031%;\">CALDER\u00d3N<\/td>\n<td style=\"width: 29.4118%;\">REYES<\/td>\n<\/tr>\n<tr>\n<td style=\"width: 39.9381%;\">DIEGO IGNACIO<\/td>\n<td style=\"width: 30.031%;\">CATALDO<\/td>\n<td style=\"width: 29.4118%;\">RITZ<\/td>\n<\/tr>\n<tr>\n<td style=\"width: 39.9381%;\">LISETTE SOLANGE<\/td>\n<td style=\"width: 30.031%;\">CISTERNA<\/td>\n<td style=\"width: 29.4118%;\">ALARC\u00d3N<\/td>\n<\/tr>\n<tr>\n<td style=\"width: 39.9381%;\">SARA ISABEL<\/td>\n<td style=\"width: 30.031%;\">CONCHA<\/td>\n<td style=\"width: 29.4118%;\">CARRIEL<\/td>\n<\/tr>\n<tr>\n<td style=\"width: 39.9381%;\">CATALINA PAZ<\/td>\n<td style=\"width: 30.031%;\">CONCHA<\/td>\n<td style=\"width: 29.4118%;\">MART\u00cdNEZ<\/td>\n<\/tr>\n<tr>\n<td style=\"width: 39.9381%;\">KARLA ANDREA<\/td>\n<td style=\"width: 30.031%;\">CORNEJO<\/td>\n<td style=\"width: 29.4118%;\">VEJAR<\/td>\n<\/tr>\n<tr>\n<td style=\"width: 39.9381%;\">ALEXANDER JES\u00daS<\/td>\n<td style=\"width: 30.031%;\">DUR\u00c1N<\/td>\n<td style=\"width: 29.4118%;\">MONTERO<\/td>\n<\/tr>\n<tr>\n<td style=\"width: 39.9381%;\">MAR\u00cdA JOS\u00c9<\/td>\n<td style=\"width: 30.031%;\">ELGUETA<\/td>\n<td style=\"width: 29.4118%;\">ARAYA<\/td>\n<\/tr>\n<tr>\n<td style=\"width: 39.9381%;\">NADIA NAYRA<\/td>\n<td style=\"width: 30.031%;\">ESPINOZA<\/td>\n<td style=\"width: 29.4118%;\">ARCE<\/td>\n<\/tr>\n<tr>\n<td style=\"width: 39.9381%;\">GERALDINE VALENTINA<\/td>\n<td style=\"width: 30.031%;\">FUENZALIDA<\/td>\n<td style=\"width: 29.4118%;\">URZ\u00daA<\/td>\n<\/tr>\n<tr>\n<td style=\"width: 39.9381%;\">ISIDORA ANTONIA<\/td>\n<td style=\"width: 30.031%;\">GARAY<\/td>\n<td style=\"width: 29.4118%;\">CORTES<\/td>\n<\/tr>\n<tr>\n<td style=\"width: 39.9381%;\">NOELIA SOLEDAD<\/td>\n<td style=\"width: 30.031%;\">GARC\u00cdA<\/td>\n<td style=\"width: 29.4118%;\">SALGADO<\/td>\n<\/tr>\n<tr>\n<td style=\"width: 39.9381%;\">SIGRID TIARE<\/td>\n<td style=\"width: 30.031%;\">GONZ\u00c1LEZ<\/td>\n<td style=\"width: 29.4118%;\">LOBOS<\/td>\n<\/tr>\n<tr>\n<td style=\"width: 39.9381%;\">SUSAN MORE<\/td>\n<td style=\"width: 30.031%;\">GONZ\u00c1LEZ<\/td>\n<td style=\"width: 29.4118%;\">ROMERO<\/td>\n<\/tr>\n<tr>\n<td style=\"width: 39.9381%;\">SONIA MARLENE<\/td>\n<td style=\"width: 30.031%;\">JARA<\/td>\n<td style=\"width: 29.4118%;\">GUZM\u00c1N<\/td>\n<\/tr>\n<tr>\n<td style=\"width: 39.9381%;\">MARCELO ALEJANDRO<\/td>\n<td style=\"width: 30.031%;\">LE\u00d3N<\/td>\n<td style=\"width: 29.4118%;\">VILLALBA<\/td>\n<\/tr>\n<tr>\n<td style=\"width: 39.9381%;\">JAVIERA IGNACIA<\/td>\n<td style=\"width: 30.031%;\">L\u00c9ON<\/td>\n<td style=\"width: 29.4118%;\">VARGAS<\/td>\n<\/tr>\n<tr>\n<td style=\"width: 39.9381%;\">GABRIELA BEL\u00c9N<\/td>\n<td style=\"width: 30.031%;\">LUCERO<\/td>\n<td style=\"width: 29.4118%;\">BERNAL<\/td>\n<\/tr>\n<tr>\n<td style=\"width: 39.9381%;\">DANIELA ANNETTE<\/td>\n<td style=\"width: 30.031%;\">MART\u00cdNEZ<\/td>\n<td style=\"width: 29.4118%;\">ROA<\/td>\n<\/tr>\n<tr>\n<td style=\"width: 39.9381%;\">LISSETE ALEXANDRA<\/td>\n<td style=\"width: 30.031%;\">MENESES<\/td>\n<td style=\"width: 29.4118%;\">PEUCKER<\/td>\n<\/tr>\n<tr>\n<td style=\"width: 39.9381%;\">MARION IGNACIA<\/td>\n<td style=\"width: 30.031%;\">MOLINA<\/td>\n<td style=\"width: 29.4118%;\">LLANO<\/td>\n<\/tr>\n<tr>\n<td style=\"width: 39.9381%;\">JAVIERA CONSTANZA<\/td>\n<td style=\"width: 30.031%;\">MORALES<\/td>\n<td style=\"width: 29.4118%;\">CUETO<\/td>\n<\/tr>\n<tr>\n<td style=\"width: 39.9381%;\">ISIDORA PAZ<\/td>\n<td style=\"width: 30.031%;\">MOUAT<\/td>\n<td style=\"width: 29.4118%;\">PE\u00d1A<\/td>\n<\/tr>\n<tr>\n<td style=\"width: 39.9381%;\">ISABEL PATRICIA<\/td>\n<td style=\"width: 30.031%;\">MU\u00d1OZ<\/td>\n<td style=\"width: 29.4118%;\">MART\u00cdNEZ<\/td>\n<\/tr>\n<tr>\n<td style=\"width: 39.9381%;\">PAMELA BEATRIZ<\/td>\n<td style=\"width: 30.031%;\">N\u00da\u00d1EZ<\/td>\n<td style=\"width: 29.4118%;\">URTUBIA<\/td>\n<\/tr>\n<tr>\n<td style=\"width: 39.9381%;\">JAIME PATRICIO<\/td>\n<td style=\"width: 30.031%;\">OLIVARES<\/td>\n<td style=\"width: 29.4118%;\">VILLALOBOS<\/td>\n<\/tr>\n<tr>\n<td style=\"width: 39.9381%;\">PAMELA ANDREA<\/td>\n<td style=\"width: 30.031%;\">OLMOS<\/td>\n<td style=\"width: 29.4118%;\">RIVEROS<\/td>\n<\/tr>\n<tr>\n<td style=\"width: 39.9381%;\">MONSERRAT ANTONIA<\/td>\n<td style=\"width: 30.031%;\">ORTIZ<\/td>\n<td style=\"width: 29.4118%;\">S\u00c1EZ<\/td>\n<\/tr>\n<tr>\n<td style=\"width: 39.9381%;\">BERNARDITA SAUKA LOURDES<\/td>\n<td style=\"width: 30.031%;\">OSORIO<\/td>\n<td style=\"width: 29.4118%;\">PONCE<\/td>\n<\/tr>\n<tr>\n<td style=\"width: 39.9381%;\">GIANNI ANDR\u00c9S ABDALLA<\/td>\n<td style=\"width: 30.031%;\">PALACIOS<\/td>\n<td style=\"width: 29.4118%;\">MIGLIARO<\/td>\n<\/tr>\n<tr>\n<td style=\"width: 39.9381%;\">DANITZA DENISSE<\/td>\n<td style=\"width: 30.031%;\">PAST\u00c9N<\/td>\n<td style=\"width: 29.4118%;\">LAY<\/td>\n<\/tr>\n<tr>\n<td style=\"width: 39.9381%;\">CRISTHIAN STICK<\/td>\n<td style=\"width: 30.031%;\">PIZARRO<\/td>\n<td style=\"width: 29.4118%;\">MAR\u00cdN<\/td>\n<\/tr>\n<tr>\n<td style=\"width: 39.9381%;\">CINTHYA ESTER<\/td>\n<td style=\"width: 30.031%;\">QUIROZ<\/td>\n<td style=\"width: 29.4118%;\">PAREDES<\/td>\n<\/tr>\n<tr>\n<td style=\"width: 39.9381%;\">FERNANDA MARGARITA ANDREA<\/td>\n<td style=\"width: 30.031%;\">RIVERA<\/td>\n<td style=\"width: 29.4118%;\">L\u00d3PEZ<\/td>\n<\/tr>\n<tr>\n<td style=\"width: 39.9381%;\">YARICSA SOLEDAD<\/td>\n<td style=\"width: 30.031%;\">ROJAS<\/td>\n<td style=\"width: 29.4118%;\">ROBLES<\/td>\n<\/tr>\n<tr>\n<td style=\"width: 39.9381%;\">KAROLAY BEL\u00c9N<\/td>\n<td style=\"width: 30.031%;\">RUZ<\/td>\n<td style=\"width: 29.4118%;\">RIVAS<\/td>\n<\/tr>\n<tr>\n<td style=\"width: 39.9381%;\">JOVANNA ANNET<\/td>\n<td style=\"width: 30.031%;\">SAAVEDRA<\/td>\n<td style=\"width: 29.4118%;\">ATHUAN<\/td>\n<\/tr>\n<tr>\n<td style=\"width: 39.9381%;\">MAXIMILIANO GERM\u00c1N<\/td>\n<td style=\"width: 30.031%;\">SOTO<\/td>\n<td style=\"width: 29.4118%;\">MEZA<\/td>\n<\/tr>\n<tr>\n<td style=\"width: 39.9381%;\">FRANCISCA ANDREA<\/td>\n<td style=\"width: 30.031%;\">TAPIA<\/td>\n<td style=\"width: 29.4118%;\">ALFARO<\/td>\n<\/tr>\n<tr>\n<td style=\"width: 39.9381%;\">MARIATERESA ANTONIA<\/td>\n<td style=\"width: 30.031%;\">TORRES<\/td>\n<td style=\"width: 29.4118%;\">MOYA<\/td>\n<\/tr>\n<tr>\n<td style=\"width: 39.9381%;\">CAMILA MARICEL<\/td>\n<td style=\"width: 30.031%;\">VALENCIA<\/td>\n<td style=\"width: 29.4118%;\">CASTILLO<\/td>\n<\/tr>\n<tr>\n<td style=\"width: 39.9381%;\">CATALINA IGNACIA<\/td>\n<td style=\"width: 30.031%;\">VALENZUELA<\/td>\n<td style=\"width: 29.4118%;\">BRICE\u00d1O<\/td>\n<\/tr>\n<tr>\n<td style=\"width: 39.9381%;\">CAMILA FERNANDA<\/td>\n<td style=\"width: 30.031%;\">VARGAS<\/td>\n<td style=\"width: 29.4118%;\">CAMPOS<\/td>\n<\/tr>\n<tr>\n<td style=\"width: 39.9381%;\">CAMILA ALEXSANDRA<\/td>\n<td style=\"width: 30.031%;\">VIDELA<\/td>\n<td style=\"width: 29.4118%;\">VIDAL<\/td>\n<\/tr>\n<tr>\n<td style=\"width: 39.9381%;\">CATALINA ALEXIS<\/td>\n<td style=\"width: 30.031%;\">WITTO<\/td>\n<td style=\"width: 29.4118%;\">CARVAJAL<\/td>\n<\/tr>\n<tr>\n<td style=\"width: 39.9381%;\">SEBASTI\u00c1N ANDR\u00c9S<\/td>\n<td style=\"width: 30.031%;\">ZAMBRANO<\/td>\n<td style=\"width: 29.4118%;\">Z\u00c1RATE<\/td>\n<\/tr>\n<\/tbody>\n<\/table>\n<p>[\/et_pb_toggle][\/et_pb_column][et_pb_column type=\u00bb1_3&#8243; _builder_version=\u00bb4.17.6&#8243; _module_preset=\u00bbdefault\u00bb global_colors_info=\u00bb{}\u00bb][\/et_pb_column][et_pb_column type=\u00bb1_3&#8243; _builder_version=\u00bb4.17.6&#8243; _module_preset=\u00bbdefault\u00bb global_colors_info=\u00bb{}\u00bb][\/et_pb_column][\/et_pb_row][\/et_pb_section][et_pb_section fb_built=\u00bb1&#8243; disabled_on=\u00bboff|off|off\u00bb _builder_version=\u00bb4.27.0&#8243; _module_preset=\u00bbdefault\u00bb background_color=\u00bbRGBA(255,255,255,0)\u00bb width=\u00bb100%\u00bb max_width=\u00bb100%\u00bb min_height=\u00bb160.1px\u00bb custom_margin=\u00bb46px||-3px|||\u00bb custom_padding=\u00bb5px|||||\u00bb global_colors_info=\u00bb{}\u00bb][et_pb_row use_custom_gutter=\u00bbon\u00bb gutter_width=\u00bb1&#8243; _builder_version=\u00bb4.25.2&#8243; _module_preset=\u00bbdefault\u00bb width=\u00bb96%\u00bb max_width=\u00bb2560px\u00bb module_alignment=\u00bbleft\u00bb custom_padding=\u00bb||9px|3%|false|false\u00bb global_colors_info=\u00bb{}\u00bb][et_pb_column type=\u00bb4_4&#8243; _builder_version=\u00bb4.17.6&#8243; _module_preset=\u00bbdefault\u00bb global_colors_info=\u00bb{}\u00bb][et_pb_blurb title=\u00bbFACULTAD DE CIENCIAS DE LA EDUCACI\u00d3N\u00bb use_icon=\u00bbon\u00bb font_icon=\u00bb&#xf073;||fa||400&#8243; icon_color=\u00bb#009bdb\u00bb icon_placement=\u00bbleft\u00bb image_icon_width=\u00bb53px\u00bb content_max_width=\u00bb1100px\u00bb admin_label=\u00bbAnuncio: Ceremonia de titulaci\u00f3n: jueves 9 de noviembre de 2023 10.30 horas\u00bb _builder_version=\u00bb4.27.0&#8243; _module_preset=\u00bbdefault\u00bb header_font=\u00bb|800||on|||||\u00bb header_text_color=\u00bb#303030&#8243; header_font_size=\u00bb27px\u00bb body_font=\u00bb||||||||\u00bb body_text_color=\u00bb#0099cc\u00bb body_font_size=\u00bb16px\u00bb custom_margin=\u00bb||-1px|||\u00bb global_colors_info=\u00bb{}\u00bb]<\/p>\n<h1><strong>Mi\u00e9rcoles 6 de noviembre de 2024, a las 10.30 horas<\/strong><\/h1>\n<p>Aula Dr. F\u00e9lix Morales Pettorino, Casa Central, Universidad de Playa Ancha.<\/p>\n<p>[\/et_pb_blurb][\/et_pb_column][\/et_pb_row][et_pb_row column_structure=\u00bb1_3,1_3,1_3&#8243; use_custom_gutter=\u00bbon\u00bb disabled_on=\u00bboff|off|off\u00bb _builder_version=\u00bb4.22.0&#8243; _module_preset=\u00bbdefault\u00bb width=\u00bb94%\u00bb max_width=\u00bb2560px\u00bb custom_padding=\u00bb18px||18px|||\u00bb global_colors_info=\u00bb{}\u00bb][et_pb_column type=\u00bb1_3&#8243; _builder_version=\u00bb4.17.6&#8243; _module_preset=\u00bbdefault\u00bb global_colors_info=\u00bb{}\u00bb][et_pb_toggle title=\u00bbPEDAGOG\u00cdA EN EDUCACI\u00d3N B\u00c1SICA\u00bb open_toggle_text_color=\u00bb#000000&#8243; open_toggle_background_color=\u00bb#FFFFFF\u00bb closed_toggle_background_color=\u00bb#FFFFFF\u00bb icon_color=\u00bb#009bdb\u00bb toggle_icon=\u00bb&#xe048;||divi||400&#8243; use_icon_font_size=\u00bbon\u00bb icon_font_size=\u00bb26px\u00bb open_icon_color=\u00bb#009bdb\u00bb open_toggle_icon=\u00bb&#xe047;||divi||400&#8243; open_use_icon_font_size=\u00bbon\u00bb open_icon_font_size=\u00bb26px\u00bb disabled_on=\u00bboff|off|off\u00bb admin_label=\u00bbEducador o Educadora de P\u00e1rvulos\u00bb _builder_version=\u00bb4.27.0&#8243; _module_preset=\u00bbdefault\u00bb title_text_color=\u00bb#000000&#8243; title_font=\u00bb|700||on|||||\u00bb border_radii=\u00bboff||20px||20px\u00bb global_colors_info=\u00bb{}\u00bb]<\/p>\n<table style=\"width: 90%; height: 1858px;\" border=\"0\" width=\"90%\" cellspacing=\"0\" cellpadding=\"0\">\n<tbody>\n<tr style=\"height: 24px;\">\n<td width=\"204\" style=\"width: 39.9381%; height: 24px;\"><strong>NOMBRE<\/strong><\/td>\n<td width=\"161\" style=\"width: 30.031%; height: 24px;\"><strong>APELLIDO PATERNO<\/strong><\/td>\n<td width=\"131\" style=\"width: 29.4118%; height: 24px;\"><strong>APELLIDO MATERNO<\/strong><\/td>\n<\/tr>\n<tr>\n<td width=\"264\" style=\"width: 39.9381%;\">VALERIA RAYEN ARIANA<\/td>\n<td width=\"283\" style=\"width: 30.031%;\">ALBORNOZ<\/td>\n<td width=\"123\" style=\"width: 29.4118%;\">RIQUELME<\/td>\n<\/tr>\n<tr>\n<td style=\"width: 39.9381%;\">VALENTINA ISIDORA<\/td>\n<td style=\"width: 30.031%;\">ARAVENA<\/td>\n<td style=\"width: 29.4118%;\">HERN\u00c1NDEZ<\/td>\n<\/tr>\n<tr>\n<td style=\"width: 39.9381%;\">CATALINA ESPERANZA<\/td>\n<td style=\"width: 30.031%;\">ARAVENA<\/td>\n<td style=\"width: 29.4118%;\">PONCE<\/td>\n<\/tr>\n<tr>\n<td style=\"width: 39.9381%;\">ANGELA FERNANDA<\/td>\n<td style=\"width: 30.031%;\">ARENAS<\/td>\n<td style=\"width: 29.4118%;\">FIGUEROA<\/td>\n<\/tr>\n<tr>\n<td style=\"width: 39.9381%;\">PAULA ALEJANDRA<\/td>\n<td style=\"width: 30.031%;\">BECAR<\/td>\n<td style=\"width: 29.4118%;\">NEIRA<\/td>\n<\/tr>\n<tr>\n<td style=\"width: 39.9381%;\">VANNIA CAROLINA<\/td>\n<td style=\"width: 30.031%;\">DONOSO<\/td>\n<td style=\"width: 29.4118%;\">FLORES<\/td>\n<\/tr>\n<tr>\n<td style=\"width: 39.9381%;\">VALENTINA ISABEL ALEJANDRA<\/td>\n<td style=\"width: 30.031%;\">ESCOBAR<\/td>\n<td style=\"width: 29.4118%;\">V\u00c1SQUEZ<\/td>\n<\/tr>\n<tr>\n<td style=\"width: 39.9381%;\">EMILY JESSE<\/td>\n<td style=\"width: 30.031%;\">GAJARDO<\/td>\n<td style=\"width: 29.4118%;\">N\u00da\u00d1EZ<\/td>\n<\/tr>\n<tr>\n<td style=\"width: 39.9381%;\">DANICSSA YOLANDA<\/td>\n<td style=\"width: 30.031%;\">HIDALGO<\/td>\n<td style=\"width: 29.4118%;\">ALVARADO<\/td>\n<\/tr>\n<tr>\n<td style=\"width: 39.9381%;\">CONSTANZA JAVIERA POLET<\/td>\n<td style=\"width: 30.031%;\">JORQUERA<\/td>\n<td style=\"width: 29.4118%;\">FLORES<\/td>\n<\/tr>\n<tr>\n<td style=\"width: 39.9381%;\">JAVIERA BEL\u00c9N<\/td>\n<td style=\"width: 30.031%;\">LAGOS<\/td>\n<td style=\"width: 29.4118%;\">MORALES<\/td>\n<\/tr>\n<tr>\n<td style=\"width: 39.9381%;\">JAVIERA MONTSERRAT<\/td>\n<td style=\"width: 30.031%;\">LANDAHUR<\/td>\n<td style=\"width: 29.4118%;\">RIVEROS<\/td>\n<\/tr>\n<tr>\n<td style=\"width: 39.9381%;\">ROSA DEL CARMEN<\/td>\n<td style=\"width: 30.031%;\">LIZAMA<\/td>\n<td style=\"width: 29.4118%;\">CISTERNA<\/td>\n<\/tr>\n<tr>\n<td style=\"width: 39.9381%;\">SCARLET ALEJANDRA<\/td>\n<td style=\"width: 30.031%;\">MALDONADO<\/td>\n<td style=\"width: 29.4118%;\">Y\u00c1\u00d1EZ<\/td>\n<\/tr>\n<tr>\n<td style=\"width: 39.9381%;\">SOLEDAD DEL ROSARIO<\/td>\n<td style=\"width: 30.031%;\">MORALES<\/td>\n<td style=\"width: 29.4118%;\">CORDERO<\/td>\n<\/tr>\n<tr>\n<td style=\"width: 39.9381%;\">CAMILA ANDREA<\/td>\n<td style=\"width: 30.031%;\">MOSCOSO<\/td>\n<td style=\"width: 29.4118%;\">CORREA<\/td>\n<\/tr>\n<tr>\n<td style=\"width: 39.9381%;\">CAMILA ALEJANDRA<\/td>\n<td style=\"width: 30.031%;\">OLGU\u00cdN<\/td>\n<td style=\"width: 29.4118%;\">VARGAS<\/td>\n<\/tr>\n<tr>\n<td style=\"width: 39.9381%;\">KARLA JEANETTE<\/td>\n<td style=\"width: 30.031%;\">OSSAND\u00d3N<\/td>\n<td style=\"width: 29.4118%;\">CANO<\/td>\n<\/tr>\n<tr>\n<td style=\"width: 39.9381%;\">BIANCA ALEXANDRA<\/td>\n<td style=\"width: 30.031%;\">PACHECO<\/td>\n<td style=\"width: 29.4118%;\">CAMPOS<\/td>\n<\/tr>\n<tr>\n<td style=\"width: 39.9381%;\">PAMELA IVONNE<\/td>\n<td style=\"width: 30.031%;\">PAREDES<\/td>\n<td style=\"width: 29.4118%;\">MU\u00d1OZ<\/td>\n<\/tr>\n<tr>\n<td style=\"width: 39.9381%;\">JESSE SIBONEI<\/td>\n<td style=\"width: 30.031%;\">PARRAGUEZ<\/td>\n<td style=\"width: 29.4118%;\">CRUZ<\/td>\n<\/tr>\n<tr>\n<td style=\"width: 39.9381%;\">CATALINA VALERIA<\/td>\n<td style=\"width: 30.031%;\">QUINTEROS<\/td>\n<td style=\"width: 29.4118%;\">GODOY<\/td>\n<\/tr>\n<tr>\n<td style=\"width: 39.9381%;\">MILENA CECILIA<\/td>\n<td style=\"width: 30.031%;\">QUIROZ<\/td>\n<td style=\"width: 29.4118%;\">FERN\u00c1NDEZ<\/td>\n<\/tr>\n<tr>\n<td style=\"width: 39.9381%;\">CAMILA ANDREA<\/td>\n<td style=\"width: 30.031%;\">RODR\u00cdGUEZ<\/td>\n<td style=\"width: 29.4118%;\">RODR\u00cdGUEZ<\/td>\n<\/tr>\n<tr>\n<td style=\"width: 39.9381%;\">DAFHNNE FRANCISCA PIERA<\/td>\n<td style=\"width: 30.031%;\">ROJAS<\/td>\n<td style=\"width: 29.4118%;\">HIDALGO<\/td>\n<\/tr>\n<tr>\n<td style=\"width: 39.9381%;\">THIARE AYLIN<\/td>\n<td style=\"width: 30.031%;\">SILVA<\/td>\n<td style=\"width: 29.4118%;\">PINTO<\/td>\n<\/tr>\n<tr>\n<td style=\"width: 39.9381%;\">PAULINA JAZM\u00cdN<\/td>\n<td style=\"width: 30.031%;\">TOLEDO<\/td>\n<td style=\"width: 29.4118%;\">TOLEDO<\/td>\n<\/tr>\n<tr>\n<td style=\"width: 39.9381%;\">KATHINA GABRIELA<\/td>\n<td style=\"width: 30.031%;\">V\u00c1SQUEZ<\/td>\n<td style=\"width: 29.4118%;\">PALMA<\/td>\n<\/tr>\n<\/tbody>\n<\/table>\n<p>[\/et_pb_toggle][\/et_pb_column][et_pb_column type=\u00bb1_3&#8243; _builder_version=\u00bb4.17.6&#8243; _module_preset=\u00bbdefault\u00bb global_colors_info=\u00bb{}\u00bb][et_pb_toggle title=\u00bbEDUCACI\u00d3N PARVULARIA\u00bb open_toggle_text_color=\u00bb#000000&#8243; open_toggle_background_color=\u00bb#FFFFFF\u00bb closed_toggle_background_color=\u00bb#FFFFFF\u00bb icon_color=\u00bb#009bdb\u00bb toggle_icon=\u00bb&#xe048;||divi||400&#8243; use_icon_font_size=\u00bbon\u00bb icon_font_size=\u00bb26px\u00bb open_icon_color=\u00bb#009bdb\u00bb open_toggle_icon=\u00bb&#xe047;||divi||400&#8243; open_use_icon_font_size=\u00bbon\u00bb open_icon_font_size=\u00bb26px\u00bb disabled_on=\u00bboff|off|off\u00bb admin_label=\u00bbEducador o Educadora de P\u00e1rvulos\u00bb _builder_version=\u00bb4.27.0&#8243; _module_preset=\u00bbdefault\u00bb title_text_color=\u00bb#000000&#8243; title_font=\u00bb|700||on|||||\u00bb border_radii=\u00bboff||20px||20px\u00bb global_colors_info=\u00bb{}\u00bb]<\/p>\n<table style=\"width: 90%; height: 1858px;\" border=\"0\" width=\"90%\" cellspacing=\"0\" cellpadding=\"0\">\n<tbody>\n<tr style=\"height: 24px;\">\n<td width=\"204\" style=\"width: 39.9381%; height: 24px;\"><strong>NOMBRE<\/strong><\/td>\n<td width=\"161\" style=\"width: 30.031%; height: 24px;\"><strong>APELLIDO PATERNO<\/strong><\/td>\n<td width=\"131\" style=\"width: 29.4118%; height: 24px;\"><strong>APELLIDO MATERNO<\/strong><\/td>\n<\/tr>\n<tr style=\"height: 24px;\">\n<td width=\"264\" style=\"width: 39.9381%; height: 24px;\">ANA\u00cdS BEL\u00c9N<\/td>\n<td width=\"283\" style=\"width: 30.031%; height: 24px;\">CASANGA<\/td>\n<td width=\"123\" style=\"width: 29.4118%; height: 24px;\">TAPIA<\/td>\n<\/tr>\n<tr style=\"height: 24px;\">\n<td style=\"width: 39.9381%; height: 24px;\">ALMENDRA CAROLINA DEL CARMEN<\/td>\n<td style=\"width: 30.031%; height: 24px;\">GARC\u00cdA<\/td>\n<td style=\"width: 29.4118%; height: 24px;\">VEAS<\/td>\n<\/tr>\n<tr style=\"height: 24px;\">\n<td style=\"width: 39.9381%; height: 24px;\">GABRIELA CRISTINA<\/td>\n<td style=\"width: 30.031%; height: 24px;\">GONZ\u00c1LEZ<\/td>\n<td style=\"width: 29.4118%; height: 24px;\">LARA<\/td>\n<\/tr>\n<tr style=\"height: 24px;\">\n<td style=\"width: 39.9381%; height: 24px;\">NATALIA BEL\u00c9N<\/td>\n<td style=\"width: 30.031%; height: 24px;\">GUERRA<\/td>\n<td style=\"width: 29.4118%; height: 24px;\">RUBIO<\/td>\n<\/tr>\n<tr style=\"height: 24px;\">\n<td style=\"width: 39.9381%; height: 24px;\">MAR\u00cdA CRISTINA<\/td>\n<td style=\"width: 30.031%; height: 24px;\">IBACETA<\/td>\n<td style=\"width: 29.4118%; height: 24px;\">IBACETA<\/td>\n<\/tr>\n<tr style=\"height: 24px;\">\n<td style=\"width: 39.9381%; height: 24px;\">VALERIA NATALIA<\/td>\n<td style=\"width: 30.031%; height: 24px;\">JARA<\/td>\n<td style=\"width: 29.4118%; height: 24px;\">LIRA<\/td>\n<\/tr>\n<tr style=\"height: 24px;\">\n<td style=\"width: 39.9381%; height: 24px;\">JAVIERA IGNACIA<\/td>\n<td style=\"width: 30.031%; height: 24px;\">MIRANDA<\/td>\n<td style=\"width: 29.4118%; height: 24px;\">RODR\u00cdGUEZ<\/td>\n<\/tr>\n<tr style=\"height: 24px;\">\n<td style=\"width: 39.9381%; height: 24px;\">VALENTINA JOSEFA<\/td>\n<td style=\"width: 30.031%; height: 24px;\">N\u00da\u00d1EZ<\/td>\n<td style=\"width: 29.4118%; height: 24px;\">LINARES<\/td>\n<\/tr>\n<tr style=\"height: 24px;\">\n<td style=\"width: 39.9381%; height: 24px;\">ANTONELLA JOAN<\/td>\n<td style=\"width: 30.031%; height: 24px;\">PULLEGHINI<\/td>\n<td style=\"width: 29.4118%; height: 24px;\">S\u00c1NCHEZ<\/td>\n<\/tr>\n<tr style=\"height: 24px;\">\n<td style=\"width: 39.9381%; height: 24px;\">DANIELA FERNANDA<\/td>\n<td style=\"width: 30.031%; height: 24px;\">QUEZADA<\/td>\n<td style=\"width: 29.4118%; height: 24px;\">MOLINA<\/td>\n<\/tr>\n<tr style=\"height: 24px;\">\n<td style=\"width: 39.9381%; height: 24px;\">FRANCISCA ANA\u00cdS<\/td>\n<td style=\"width: 30.031%; height: 24px;\">SAAVEDRA<\/td>\n<td style=\"width: 29.4118%; height: 24px;\">VIORKLUMDS<\/td>\n<\/tr>\n<tr style=\"height: 24px;\">\n<td style=\"width: 39.9381%; height: 24px;\">VALERIA PAZ<\/td>\n<td style=\"width: 30.031%; height: 24px;\">SANTANA<\/td>\n<td style=\"width: 29.4118%; height: 24px;\">GONZ\u00c1LEZ<\/td>\n<\/tr>\n<tr style=\"height: 24px;\">\n<td style=\"width: 39.9381%; height: 24px;\">JAVIERA BEL\u00c9N<\/td>\n<td style=\"width: 30.031%; height: 24px;\">VALD\u00c9S<\/td>\n<td style=\"width: 29.4118%; height: 24px;\">TERRAZA<\/td>\n<\/tr>\n<\/tbody>\n<\/table>\n<p>[\/et_pb_toggle][\/et_pb_column][et_pb_column type=\u00bb1_3&#8243; _builder_version=\u00bb4.17.6&#8243; _module_preset=\u00bbdefault\u00bb global_colors_info=\u00bb{}\u00bb][et_pb_toggle title=\u00bbPEDAGOG\u00cdA EN EDUCACI\u00d3N B\u00c1SICA VESPERTINO\u00bb open_toggle_text_color=\u00bb#000000&#8243; open_toggle_background_color=\u00bb#FFFFFF\u00bb closed_toggle_background_color=\u00bb#FFFFFF\u00bb icon_color=\u00bb#009bdb\u00bb toggle_icon=\u00bb&#xe048;||divi||400&#8243; use_icon_font_size=\u00bbon\u00bb icon_font_size=\u00bb26px\u00bb open_icon_color=\u00bb#009bdb\u00bb open_toggle_icon=\u00bb&#xe047;||divi||400&#8243; open_use_icon_font_size=\u00bbon\u00bb open_icon_font_size=\u00bb26px\u00bb disabled_on=\u00bboff|off|off\u00bb admin_label=\u00bbEducador o Educadora de P\u00e1rvulos\u00bb _builder_version=\u00bb4.27.0&#8243; _module_preset=\u00bbdefault\u00bb title_text_color=\u00bb#000000&#8243; title_font=\u00bb|700||on|||||\u00bb border_radii=\u00bboff||20px||20px\u00bb global_colors_info=\u00bb{}\u00bb]<\/p>\n<table style=\"width: 90%; height: 1872px;\" border=\"0\" width=\"90%\" cellspacing=\"0\" cellpadding=\"0\">\n<tbody>\n<tr style=\"height: 24px;\">\n<td width=\"204\" style=\"width: 39.9381%; height: 24px;\"><strong>NOMBRE<\/strong><\/td>\n<td width=\"161\" style=\"width: 30.031%; height: 24px;\"><strong>APELLIDO PATERNO<\/strong><\/td>\n<td width=\"131\" style=\"width: 29.4118%; height: 24px;\"><strong>APELLIDO MATERNO<\/strong><\/td>\n<\/tr>\n<tr style=\"height: 24px;\">\n<td width=\"264\" style=\"width: 39.9381%; height: 24px;\">CAROLINA PAOLA<\/td>\n<td width=\"283\" style=\"width: 30.031%; height: 24px;\">CAMARA<\/td>\n<td width=\"123\" style=\"width: 29.4118%; height: 24px;\">TORREBLANCA<\/td>\n<\/tr>\n<tr style=\"height: 24px;\">\n<td style=\"width: 39.9381%; height: 24px;\">ANTONIO RODRIGO<\/td>\n<td style=\"width: 30.031%; height: 24px;\">FLORES<\/td>\n<td style=\"width: 29.4118%; height: 24px;\">GALLEGUILLOS<\/td>\n<\/tr>\n<tr style=\"height: 24px;\">\n<td style=\"width: 39.9381%; height: 24px;\">CONSUELO MONTSERRAT<\/td>\n<td style=\"width: 30.031%; height: 24px;\">HERN\u00c1NDEZ<\/td>\n<td style=\"width: 29.4118%; height: 24px;\">MEZA<\/td>\n<\/tr>\n<tr style=\"height: 24px;\">\n<td style=\"width: 39.9381%; height: 24px;\">TRINIDAD DEL ROSARIO<\/td>\n<td style=\"width: 30.031%; height: 24px;\">MALDONADO<\/td>\n<td style=\"width: 29.4118%; height: 24px;\">PIMENTEL<\/td>\n<\/tr>\n<tr style=\"height: 24px;\">\n<td style=\"width: 39.9381%; height: 24px;\">VALERIA PAZ<\/td>\n<td style=\"width: 30.031%; height: 24px;\">MENDOZA<\/td>\n<td style=\"width: 29.4118%; height: 24px;\">CARVAJAL<\/td>\n<\/tr>\n<tr style=\"height: 24px;\">\n<td style=\"width: 39.9381%; height: 24px;\">JENIFFER ELIZABETH<\/td>\n<td style=\"width: 30.031%; height: 24px;\">MOLINA<\/td>\n<td style=\"width: 29.4118%; height: 24px;\">MELLA<\/td>\n<\/tr>\n<tr style=\"height: 24px;\">\n<td style=\"width: 39.9381%; height: 24px;\">JIMY GARY<\/td>\n<td style=\"width: 30.031%; height: 24px;\">MONTA\u00d1O<\/td>\n<td style=\"width: 29.4118%; height: 24px;\">GONZ\u00c1LEZ<\/td>\n<\/tr>\n<tr style=\"height: 24px;\">\n<td style=\"width: 39.9381%; height: 24px;\">MILENKA NINOSKA<\/td>\n<td style=\"width: 30.031%; height: 24px;\">MU\u00d1OZ<\/td>\n<td style=\"width: 29.4118%; height: 24px;\">FALK<\/td>\n<\/tr>\n<tr style=\"height: 24px;\">\n<td style=\"width: 39.9381%; height: 24px;\">NICOL\u00c1S TIMOTTY<\/td>\n<td style=\"width: 30.031%; height: 24px;\">OLIVARES<\/td>\n<td style=\"width: 29.4118%; height: 24px;\">BENICIO<\/td>\n<\/tr>\n<tr style=\"height: 24px;\">\n<td style=\"width: 39.9381%; height: 24px;\">BELEM ESTEFAN\u00cdA<\/td>\n<td style=\"width: 30.031%; height: 24px;\">RAM\u00cdREZ<\/td>\n<td style=\"width: 29.4118%; height: 24px;\">VEJAR<\/td>\n<\/tr>\n<tr style=\"height: 24px;\">\n<td style=\"width: 39.9381%; height: 24px;\">MAR\u00cdA SOLEDAD<\/td>\n<td style=\"width: 30.031%; height: 24px;\">VARGAS<\/td>\n<td style=\"width: 29.4118%; height: 24px;\">PUENTE<\/td>\n<\/tr>\n<\/tbody>\n<\/table>\n<p>[\/et_pb_toggle][\/et_pb_column][\/et_pb_row][et_pb_row column_structure=\u00bb1_3,1_3,1_3&#8243; use_custom_gutter=\u00bbon\u00bb disabled_on=\u00bboff|off|off\u00bb _builder_version=\u00bb4.22.0&#8243; _module_preset=\u00bbdefault\u00bb width=\u00bb94%\u00bb max_width=\u00bb2560px\u00bb custom_padding=\u00bb18px||18px|||\u00bb global_colors_info=\u00bb{}\u00bb][et_pb_column type=\u00bb1_3&#8243; _builder_version=\u00bb4.17.6&#8243; _module_preset=\u00bbdefault\u00bb global_colors_info=\u00bb{}\u00bb][et_pb_toggle title=\u00bbPLAN DE FORMACI\u00d3N PEDAG\u00d3GICA &#8211;  EDUCACI\u00d3N T\u00c9CNICO PROFESIONAL\u00bb open_toggle_text_color=\u00bb#000000&#8243; open_toggle_background_color=\u00bb#FFFFFF\u00bb closed_toggle_background_color=\u00bb#FFFFFF\u00bb icon_color=\u00bb#009bdb\u00bb toggle_icon=\u00bb&#xe048;||divi||400&#8243; use_icon_font_size=\u00bbon\u00bb icon_font_size=\u00bb26px\u00bb open_icon_color=\u00bb#009bdb\u00bb open_toggle_icon=\u00bb&#xe047;||divi||400&#8243; open_use_icon_font_size=\u00bbon\u00bb open_icon_font_size=\u00bb26px\u00bb disabled_on=\u00bboff|off|off\u00bb admin_label=\u00bbEducador o Educadora de P\u00e1rvulos\u00bb _builder_version=\u00bb4.27.0&#8243; _module_preset=\u00bbdefault\u00bb title_text_color=\u00bb#000000&#8243; title_font=\u00bb|700||on|||||\u00bb border_radii=\u00bboff||20px||20px\u00bb global_colors_info=\u00bb{}\u00bb]<\/p>\n<table style=\"width: 90%; height: 1858px;\" border=\"0\" width=\"90%\" cellspacing=\"0\" cellpadding=\"0\">\n<tbody>\n<tr style=\"height: 24px;\">\n<td width=\"204\" style=\"width: 39.9381%; height: 24px;\"><strong>NOMBRE<\/strong><\/td>\n<td width=\"161\" style=\"width: 30.031%; height: 24px;\"><strong>APELLIDO PATERNO<\/strong><\/td>\n<td width=\"131\" style=\"width: 29.4118%; height: 24px;\"><strong>APELLIDO MATERNO<\/strong><\/td>\n<\/tr>\n<tr>\n<td width=\"264\" style=\"width: 39.9381%;\">GABRIEL ENRIQUE<\/td>\n<td width=\"283\" style=\"width: 30.031%;\">ARAYA<\/td>\n<td width=\"123\" style=\"width: 29.4118%;\">LONZA<\/td>\n<\/tr>\n<tr>\n<td style=\"width: 39.9381%;\">ALEX RODRIGO<\/td>\n<td style=\"width: 30.031%;\">CASTILLO<\/td>\n<td style=\"width: 29.4118%;\">VALENZUELA<\/td>\n<\/tr>\n<tr>\n<td style=\"width: 39.9381%;\">KARINA SOLEDAD<\/td>\n<td style=\"width: 30.031%;\">COFR\u00c9<\/td>\n<td style=\"width: 29.4118%;\">PONCE<\/td>\n<\/tr>\n<tr>\n<td style=\"width: 39.9381%;\">LUIS ALEJANDRO<\/td>\n<td style=\"width: 30.031%;\">UNZUETA<\/td>\n<td style=\"width: 29.4118%;\">CASTILLO<\/td>\n<\/tr>\n<\/tbody>\n<\/table>\n<p>[\/et_pb_toggle][\/et_pb_column][et_pb_column type=\u00bb1_3&#8243; _builder_version=\u00bb4.17.6&#8243; _module_preset=\u00bbdefault\u00bb global_colors_info=\u00bb{}\u00bb][\/et_pb_column][et_pb_column type=\u00bb1_3&#8243; _builder_version=\u00bb4.17.6&#8243; _module_preset=\u00bbdefault\u00bb global_colors_info=\u00bb{}\u00bb][\/et_pb_column][\/et_pb_row][et_pb_row use_custom_gutter=\u00bbon\u00bb gutter_width=\u00bb1&#8243; _builder_version=\u00bb4.27.0&#8243; _module_preset=\u00bbdefault\u00bb background_color=\u00bbRGBA(255,255,255,0)\u00bb width=\u00bb96%\u00bb max_width=\u00bb2560px\u00bb module_alignment=\u00bbleft\u00bb min_height=\u00bb114.2px\u00bb custom_padding=\u00bb||9px|3%|false|false\u00bb global_colors_info=\u00bb{}\u00bb][et_pb_column type=\u00bb4_4&#8243; _builder_version=\u00bb4.17.6&#8243; _module_preset=\u00bbdefault\u00bb global_colors_info=\u00bb{}\u00bb][et_pb_blurb use_icon=\u00bbon\u00bb font_icon=\u00bb&#x45;||divi||400&#8243; icon_color=\u00bb#009bdb\u00bb icon_placement=\u00bbleft\u00bb image_icon_width=\u00bb53px\u00bb content_max_width=\u00bb1100px\u00bb admin_label=\u00bbAnuncio: Ceremonia de titulaci\u00f3n: jueves 9 de noviembre de 2023 10.30 horas\u00bb _builder_version=\u00bb4.27.0&#8243; _module_preset=\u00bbdefault\u00bb header_font=\u00bb|800||on|||||\u00bb header_text_color=\u00bb#303030&#8243; header_font_size=\u00bb27px\u00bb body_font=\u00bb||||||||\u00bb body_text_color=\u00bb#0099cc\u00bb body_font_size=\u00bb16px\u00bb custom_margin=\u00bb||-1px|||\u00bb global_colors_info=\u00bb{}\u00bb]<\/p>\n<h1><strong>Mi\u00e9rcoles 6 de noviembre de 2024, a las 15.30 horas<\/strong><\/h1>\n<p>Aula Dr. F\u00e9lix Morales Pettorino, Casa Central, Universidad de Playa Ancha.<\/p>\n<p>[\/et_pb_blurb][\/et_pb_column][\/et_pb_row][et_pb_row column_structure=\u00bb1_3,1_3,1_3&#8243; use_custom_gutter=\u00bbon\u00bb disabled_on=\u00bboff|off|off\u00bb _builder_version=\u00bb4.22.0&#8243; _module_preset=\u00bbdefault\u00bb width=\u00bb94%\u00bb max_width=\u00bb2560px\u00bb custom_padding=\u00bb18px||18px|||\u00bb global_colors_info=\u00bb{}\u00bb][et_pb_column type=\u00bb1_3&#8243; _builder_version=\u00bb4.17.6&#8243; _module_preset=\u00bbdefault\u00bb global_colors_info=\u00bb{}\u00bb][et_pb_toggle title=\u00bbPEDAGOG\u00cdA EN EDUCACI\u00d3N DIFERENCIAL\u00bb open_toggle_text_color=\u00bb#000000&#8243; open_toggle_background_color=\u00bb#FFFFFF\u00bb closed_toggle_background_color=\u00bb#FFFFFF\u00bb icon_color=\u00bb#009bdb\u00bb toggle_icon=\u00bb&#xe048;||divi||400&#8243; use_icon_font_size=\u00bbon\u00bb icon_font_size=\u00bb26px\u00bb open_icon_color=\u00bb#009bdb\u00bb open_toggle_icon=\u00bb&#xe047;||divi||400&#8243; open_use_icon_font_size=\u00bbon\u00bb open_icon_font_size=\u00bb26px\u00bb disabled_on=\u00bboff|off|off\u00bb admin_label=\u00bbEducador o Educadora de P\u00e1rvulos\u00bb _builder_version=\u00bb4.27.0&#8243; _module_preset=\u00bbdefault\u00bb title_text_color=\u00bb#000000&#8243; title_font=\u00bb|700||on|||||\u00bb border_radii=\u00bboff||20px||20px\u00bb global_colors_info=\u00bb{}\u00bb]<\/p>\n<table style=\"width: 90%; height: 1872px;\" border=\"0\" width=\"90%\" cellspacing=\"0\" cellpadding=\"0\">\n<tbody>\n<tr style=\"height: 24px;\">\n<td width=\"204\" style=\"width: 39.9381%; height: 24px;\"><strong>NOMBRE<\/strong><\/td>\n<td width=\"161\" style=\"width: 30.031%; height: 24px;\"><strong>APELLIDO PATERNO<\/strong><\/td>\n<td width=\"131\" style=\"width: 29.4118%; height: 24px;\"><strong>APELLIDO MATERNO<\/strong><\/td>\n<\/tr>\n<tr>\n<td width=\"264\" style=\"width: 39.9381%;\">CATALINA ZHARABETH<\/td>\n<td width=\"283\" style=\"width: 30.031%;\">ABUYERES<\/td>\n<td width=\"123\" style=\"width: 29.4118%;\">VEGA<\/td>\n<\/tr>\n<tr>\n<td style=\"width: 39.9381%;\">ANA\u00cdS ALEJANDRA<\/td>\n<td style=\"width: 30.031%;\">AHONZO<\/td>\n<td style=\"width: 29.4118%;\">ROSALES<\/td>\n<\/tr>\n<tr>\n<td style=\"width: 39.9381%;\">SIU-LING DAMARIS ANTONIA<\/td>\n<td style=\"width: 30.031%;\">ALCARRAZ<\/td>\n<td style=\"width: 29.4118%;\">ALCARRAZ<\/td>\n<\/tr>\n<tr>\n<td style=\"width: 39.9381%;\">DARINKA ANAY<\/td>\n<td style=\"width: 30.031%;\">\u00c1LVAREZ<\/td>\n<td style=\"width: 29.4118%;\">D\u00cdAZ<\/td>\n<\/tr>\n<tr>\n<td style=\"width: 39.9381%;\">B\u00c1RBARA PAZ<\/td>\n<td style=\"width: 30.031%;\">\u00c1LVAREZ<\/td>\n<td style=\"width: 29.4118%;\">TEMPPLE<\/td>\n<\/tr>\n<tr>\n<td style=\"width: 39.9381%;\">CATALINA PAZ<\/td>\n<td style=\"width: 30.031%;\">AMPUERO<\/td>\n<td style=\"width: 29.4118%;\">HERN\u00c1NDEZ<\/td>\n<\/tr>\n<tr>\n<td style=\"width: 39.9381%;\">CRISTOPHER ANTONIO<\/td>\n<td style=\"width: 30.031%;\">ARANDA<\/td>\n<td style=\"width: 29.4118%;\">CERDA<\/td>\n<\/tr>\n<tr>\n<td style=\"width: 39.9381%;\">YUBITZA JOHANETT<\/td>\n<td style=\"width: 30.031%;\">ARAYA<\/td>\n<td style=\"width: 29.4118%;\">SEGOVIA<\/td>\n<\/tr>\n<tr>\n<td style=\"width: 39.9381%;\">CAMILA JAVIERA<\/td>\n<td style=\"width: 30.031%;\">ASTUDILLO<\/td>\n<td style=\"width: 29.4118%;\">JUSTINIANO<\/td>\n<\/tr>\n<tr>\n<td style=\"width: 39.9381%;\">SCARLETH SILVANA<\/td>\n<td style=\"width: 30.031%;\">AVENDA\u00d1O<\/td>\n<td style=\"width: 29.4118%;\">AHUMADA<\/td>\n<\/tr>\n<tr>\n<td style=\"width: 39.9381%;\">FRANCISCA BEL\u00c9N<\/td>\n<td style=\"width: 30.031%;\">BARAHONA<\/td>\n<td style=\"width: 29.4118%;\">V\u00c1SQUEZ<\/td>\n<\/tr>\n<tr>\n<td style=\"width: 39.9381%;\">CAMILA BEL\u00c9N<\/td>\n<td style=\"width: 30.031%;\">BRANTE<\/td>\n<td style=\"width: 29.4118%;\">ESCOBAR<\/td>\n<\/tr>\n<tr>\n<td style=\"width: 39.9381%;\">\u00c1MBAR YANARA<\/td>\n<td style=\"width: 30.031%;\">CAAMA\u00d1O<\/td>\n<td style=\"width: 29.4118%;\">C\u00c1CERES<\/td>\n<\/tr>\n<tr>\n<td style=\"width: 39.9381%;\">KRISHNA MORIEL<\/td>\n<td style=\"width: 30.031%;\">CAMPOS<\/td>\n<td style=\"width: 29.4118%;\">SANTIS<\/td>\n<\/tr>\n<tr>\n<td style=\"width: 39.9381%;\">ANGELO IGNACIO<\/td>\n<td style=\"width: 30.031%;\">C\u00c1RDENAS<\/td>\n<td style=\"width: 29.4118%;\">MORALES<\/td>\n<\/tr>\n<tr>\n<td style=\"width: 39.9381%;\">ANTUYEN ESPERANZA<\/td>\n<td style=\"width: 30.031%;\">CASTRO<\/td>\n<td style=\"width: 29.4118%;\">LEIGHTON<\/td>\n<\/tr>\n<tr>\n<td style=\"width: 39.9381%;\">KRISHNNA FERNANDA<\/td>\n<td style=\"width: 30.031%;\">CHOCANO<\/td>\n<td style=\"width: 29.4118%;\">TAPIA<\/td>\n<\/tr>\n<tr>\n<td style=\"width: 39.9381%;\">JAVIERA FRANCISCA<\/td>\n<td style=\"width: 30.031%;\">CIFUENTES<\/td>\n<td style=\"width: 29.4118%;\">GARAY<\/td>\n<\/tr>\n<tr>\n<td style=\"width: 39.9381%;\">JOSEFFA IGNACIA<\/td>\n<td style=\"width: 30.031%;\">CODOCEO<\/td>\n<td style=\"width: 29.4118%;\">ROBLES<\/td>\n<\/tr>\n<tr>\n<td style=\"width: 39.9381%;\">CAMILA BEL\u00c9N<\/td>\n<td style=\"width: 30.031%;\">COFR\u00c9<\/td>\n<td style=\"width: 29.4118%;\">FIGUEROA<\/td>\n<\/tr>\n<tr>\n<td style=\"width: 39.9381%;\">PAULA CATALINA<\/td>\n<td style=\"width: 30.031%;\">CORT\u00c9S<\/td>\n<td style=\"width: 29.4118%;\">R\u00cdOS<\/td>\n<\/tr>\n<tr>\n<td style=\"width: 39.9381%;\">ESTEFAN\u00cdA ARETHA<\/td>\n<td style=\"width: 30.031%;\">D\u00b4ALENCON<\/td>\n<td style=\"width: 29.4118%;\">MIRABAL<\/td>\n<\/tr>\n<tr>\n<td style=\"width: 39.9381%;\">JOSEFA BEL\u00c9N<\/td>\n<td style=\"width: 30.031%;\">D\u00cdAZ<\/td>\n<td style=\"width: 29.4118%;\">PERALTA<\/td>\n<\/tr>\n<tr>\n<td style=\"width: 39.9381%;\">CONSTANZA BEL\u00c9N<\/td>\n<td style=\"width: 30.031%;\">D\u00cdAZ<\/td>\n<td style=\"width: 29.4118%;\">PUEBLA<\/td>\n<\/tr>\n<tr>\n<td style=\"width: 39.9381%;\">DANIELA BEL\u00c9N<\/td>\n<td style=\"width: 30.031%;\">DONOSO<\/td>\n<td style=\"width: 29.4118%;\">CARRASCO<\/td>\n<\/tr>\n<tr>\n<td style=\"width: 39.9381%;\">PAULINA ANDREA<\/td>\n<td style=\"width: 30.031%;\">ESPINOZA<\/td>\n<td style=\"width: 29.4118%;\">BRUNA<\/td>\n<\/tr>\n<tr>\n<td style=\"width: 39.9381%;\">DAHIAN ESTEFANY<\/td>\n<td style=\"width: 30.031%;\">FLEMING<\/td>\n<td style=\"width: 29.4118%;\">LAMBERT<\/td>\n<\/tr>\n<tr>\n<td style=\"width: 39.9381%;\">NATALIA FERNANDA<\/td>\n<td style=\"width: 30.031%;\">FLORES<\/td>\n<td style=\"width: 29.4118%;\">ARMIJO<\/td>\n<\/tr>\n<tr>\n<td style=\"width: 39.9381%;\">JOCELYN ANDREA<\/td>\n<td style=\"width: 30.031%;\">GARC\u00cdA<\/td>\n<td style=\"width: 29.4118%;\">CONCHA<\/td>\n<\/tr>\n<tr>\n<td style=\"width: 39.9381%;\">CONY SCARLET<\/td>\n<td style=\"width: 30.031%;\">GUERRERO<\/td>\n<td style=\"width: 29.4118%;\">CASTRO<\/td>\n<\/tr>\n<tr>\n<td style=\"width: 39.9381%;\">ANTONIA BEL\u00c9N<\/td>\n<td style=\"width: 30.031%;\">HERN\u00c1NDEZ<\/td>\n<td style=\"width: 29.4118%;\">MILLAY<\/td>\n<\/tr>\n<tr>\n<td style=\"width: 39.9381%;\">MONSERRAT ANTONIA<\/td>\n<td style=\"width: 30.031%;\">HERN\u00c1NDEZ<\/td>\n<td style=\"width: 29.4118%;\">SANTIS<\/td>\n<\/tr>\n<tr>\n<td style=\"width: 39.9381%;\">BEL\u00c9N SCARLETT<\/td>\n<td style=\"width: 30.031%;\">HORMAZ\u00c1BAL<\/td>\n<td style=\"width: 29.4118%;\">LE\u00d3N<\/td>\n<\/tr>\n<tr>\n<td style=\"width: 39.9381%;\">HOLLY GINGER<\/td>\n<td style=\"width: 30.031%;\">KNIGHT<\/td>\n<td style=\"width: 29.4118%;\">CARVAJAL<\/td>\n<\/tr>\n<tr>\n<td style=\"width: 39.9381%;\">JAVIERA ALEJANDRA<\/td>\n<td style=\"width: 30.031%;\">LARA<\/td>\n<td style=\"width: 29.4118%;\">SANTIB\u00c1\u00d1EZ<\/td>\n<\/tr>\n<tr>\n<td style=\"width: 39.9381%;\">MELIZA VALENTINA<\/td>\n<td style=\"width: 30.031%;\">LAYANA<\/td>\n<td style=\"width: 29.4118%;\">RIVERA<\/td>\n<\/tr>\n<tr>\n<td style=\"width: 39.9381%;\">KATHERINE ANDREA<\/td>\n<td style=\"width: 30.031%;\">L\u00d3PEZ<\/td>\n<td style=\"width: 29.4118%;\">GUERRERO<\/td>\n<\/tr>\n<tr>\n<td style=\"width: 39.9381%;\">PAULA ARIAN<\/td>\n<td style=\"width: 30.031%;\">MANOSALVA<\/td>\n<td style=\"width: 29.4118%;\">RODR\u00cdGUEZ<\/td>\n<\/tr>\n<tr>\n<td style=\"width: 39.9381%;\">ANA\u00cdS FERNANDA<\/td>\n<td style=\"width: 30.031%;\">MART\u00cdNEZ<\/td>\n<td style=\"width: 29.4118%;\">PAREJA<\/td>\n<\/tr>\n<tr>\n<td style=\"width: 39.9381%;\">ANG\u00c9LICA PAZ<\/td>\n<td style=\"width: 30.031%;\">MATURANA<\/td>\n<td style=\"width: 29.4118%;\">SAAVEDRA<\/td>\n<\/tr>\n<tr>\n<td style=\"width: 39.9381%;\">CAMILA FERNANDA<\/td>\n<td style=\"width: 30.031%;\">MATUS<\/td>\n<td style=\"width: 29.4118%;\">JARA<\/td>\n<\/tr>\n<tr>\n<td style=\"width: 39.9381%;\">ROMINA ANDREA<\/td>\n<td style=\"width: 30.031%;\">M\u00c9RIDA<\/td>\n<td style=\"width: 29.4118%;\">YAKSIC<\/td>\n<\/tr>\n<tr>\n<td style=\"width: 39.9381%;\">ARESTTA ANA\u00cdS<\/td>\n<td style=\"width: 30.031%;\">PAREJAS<\/td>\n<td style=\"width: 29.4118%;\">DELGADO<\/td>\n<\/tr>\n<tr>\n<td style=\"width: 39.9381%;\">JAVIERA BEL\u00c9N<\/td>\n<td style=\"width: 30.031%;\">P\u00c9REZ<\/td>\n<td style=\"width: 29.4118%;\">AHUMADA<\/td>\n<\/tr>\n<tr>\n<td style=\"width: 39.9381%;\">PAULA ANTONELLA<\/td>\n<td style=\"width: 30.031%;\">P\u00c9REZ<\/td>\n<td style=\"width: 29.4118%;\">BERNAL<\/td>\n<\/tr>\n<tr>\n<td style=\"width: 39.9381%;\">IVETTE MAKARENA<\/td>\n<td style=\"width: 30.031%;\">P\u00c9REZ<\/td>\n<td style=\"width: 29.4118%;\">ESCOBAR<\/td>\n<\/tr>\n<tr>\n<td style=\"width: 39.9381%;\">CONSTANZA CECILIA<\/td>\n<td style=\"width: 30.031%;\">P\u00c9REZ<\/td>\n<td style=\"width: 29.4118%;\">ROJAS<\/td>\n<\/tr>\n<tr>\n<td style=\"width: 39.9381%;\">ANG\u00c9LICA ANDREA<\/td>\n<td style=\"width: 30.031%;\">QUINCHAVIL<\/td>\n<td style=\"width: 29.4118%;\">QUINCHAVIL<\/td>\n<\/tr>\n<tr>\n<td style=\"width: 39.9381%;\">FERNANDA JAVIERA<\/td>\n<td style=\"width: 30.031%;\">QUIROZ<\/td>\n<td style=\"width: 29.4118%;\">GAETE<\/td>\n<\/tr>\n<tr>\n<td style=\"width: 39.9381%;\">MILLARAY RACHEEL<\/td>\n<td style=\"width: 30.031%;\">REYES<\/td>\n<td style=\"width: 29.4118%;\">ARAYA<\/td>\n<\/tr>\n<tr>\n<td style=\"width: 39.9381%;\">BEATRIZ ISABEL<\/td>\n<td style=\"width: 30.031%;\">RIQUELME<\/td>\n<td style=\"width: 29.4118%;\">MU\u00d1OZ<\/td>\n<\/tr>\n<tr>\n<td style=\"width: 39.9381%;\">LIHA MICKAELA ALMENDRA<\/td>\n<td style=\"width: 30.031%;\">ROLD\u00c1N<\/td>\n<td style=\"width: 29.4118%;\">ESCOBAR<\/td>\n<\/tr>\n<tr>\n<td style=\"width: 39.9381%;\">MICHELLE STEFANY<\/td>\n<td style=\"width: 30.031%;\">SAAVEDRA<\/td>\n<td style=\"width: 29.4118%;\">PAVEZ<\/td>\n<\/tr>\n<tr>\n<td style=\"width: 39.9381%;\">CLAUDIA MARIANA<\/td>\n<td style=\"width: 30.031%;\">SOTO<\/td>\n<td style=\"width: 29.4118%;\">TAPIA<\/td>\n<\/tr>\n<tr>\n<td style=\"width: 39.9381%;\">CAROLINA ALEJANDRA<\/td>\n<td style=\"width: 30.031%;\">TOLEDO<\/td>\n<td style=\"width: 29.4118%;\">GONZ\u00c1LEZ<\/td>\n<\/tr>\n<tr>\n<td style=\"width: 39.9381%;\">CAMILA BEL\u00c9N<\/td>\n<td style=\"width: 30.031%;\">VALENZUELA<\/td>\n<td style=\"width: 29.4118%;\">MAUREIRA<\/td>\n<\/tr>\n<tr>\n<td style=\"width: 39.9381%;\">MAGDALENA ANA\u00cdS<\/td>\n<td style=\"width: 30.031%;\">VEGA<\/td>\n<td style=\"width: 29.4118%;\">SAAVEDRA<\/td>\n<\/tr>\n<tr>\n<td style=\"width: 39.9381%;\">BEATRIZ VICTORIA<\/td>\n<td style=\"width: 30.031%;\">VERDUGO<\/td>\n<td style=\"width: 29.4118%;\">GONZ\u00c1LEZ<\/td>\n<\/tr>\n<tr>\n<td style=\"width: 39.9381%;\">ABIGAIL KIANDRA MURIEL<\/td>\n<td style=\"width: 30.031%;\">VERGARA<\/td>\n<td style=\"width: 29.4118%;\">ROA<\/td>\n<\/tr>\n<tr>\n<td style=\"width: 39.9381%;\">B\u00c1RBARA ANDREA<\/td>\n<td style=\"width: 30.031%;\">ZAMORANO<\/td>\n<td style=\"width: 29.4118%;\">SU\u00c1REZ<\/td>\n<\/tr>\n<tr>\n<td style=\"width: 39.9381%;\">GABRIELA REGINA<\/td>\n<td style=\"width: 30.031%;\">ZAPATA<\/td>\n<td style=\"width: 29.4118%;\">LOYOLA<\/td>\n<\/tr>\n<\/tbody>\n<\/table>\n<p>[\/et_pb_toggle][\/et_pb_column][et_pb_column type=\u00bb1_3&#8243; _builder_version=\u00bb4.17.6&#8243; _module_preset=\u00bbdefault\u00bb global_colors_info=\u00bb{}\u00bb][\/et_pb_column][et_pb_column type=\u00bb1_3&#8243; _builder_version=\u00bb4.17.6&#8243; _module_preset=\u00bbdefault\u00bb global_colors_info=\u00bb{}\u00bb][\/et_pb_column][\/et_pb_row][\/et_pb_section][et_pb_section fb_built=\u00bb1&#8243; disabled_on=\u00bboff|off|off\u00bb _builder_version=\u00bb4.27.0&#8243; _module_preset=\u00bbdefault\u00bb background_color=\u00bbrgba(12,113,195,0.12)\u00bb width=\u00bb100%\u00bb max_width=\u00bb100%\u00bb min_height=\u00bb160.1px\u00bb custom_margin=\u00bb46px||-3px|||\u00bb custom_padding=\u00bb5px|||||\u00bb global_colors_info=\u00bb{}\u00bb][et_pb_row use_custom_gutter=\u00bbon\u00bb gutter_width=\u00bb1&#8243; _builder_version=\u00bb4.25.2&#8243; _module_preset=\u00bbdefault\u00bb width=\u00bb96%\u00bb max_width=\u00bb2560px\u00bb module_alignment=\u00bbleft\u00bb custom_padding=\u00bb||9px|3%|false|false\u00bb global_colors_info=\u00bb{}\u00bb][et_pb_column type=\u00bb4_4&#8243; _builder_version=\u00bb4.17.6&#8243; _module_preset=\u00bbdefault\u00bb global_colors_info=\u00bb{}\u00bb][et_pb_blurb title=\u00bbFACULTAD DE INGENIER\u00cdA\u00bb use_icon=\u00bbon\u00bb font_icon=\u00bb&#xf073;||fa||400&#8243; icon_color=\u00bb#009bdb\u00bb icon_placement=\u00bbleft\u00bb image_icon_width=\u00bb53px\u00bb content_max_width=\u00bb1100px\u00bb admin_label=\u00bbAnuncio: Ceremonia de titulaci\u00f3n: jueves 9 de noviembre de 2023 10.30 horas\u00bb _builder_version=\u00bb4.27.0&#8243; _module_preset=\u00bbdefault\u00bb header_font=\u00bb|800||on|||||\u00bb header_text_color=\u00bb#303030&#8243; header_font_size=\u00bb27px\u00bb body_font=\u00bb||||||||\u00bb body_text_color=\u00bb#0099cc\u00bb body_font_size=\u00bb16px\u00bb custom_margin=\u00bb||-1px|||\u00bb global_colors_info=\u00bb{}\u00bb]<\/p>\n<h1><strong>Jueves 7 de noviembre de 2024, a las 10.30 horas<\/strong><\/h1>\n<p>Aula Dr. F\u00e9lix Morales Pettorino, Casa Central, Universidad de Playa Ancha.<\/p>\n<p>[\/et_pb_blurb][\/et_pb_column][\/et_pb_row][et_pb_row column_structure=\u00bb1_3,1_3,1_3&#8243; use_custom_gutter=\u00bbon\u00bb disabled_on=\u00bboff|off|off\u00bb _builder_version=\u00bb4.22.0&#8243; _module_preset=\u00bbdefault\u00bb width=\u00bb94%\u00bb max_width=\u00bb2560px\u00bb custom_padding=\u00bb18px||18px|||\u00bb global_colors_info=\u00bb{}\u00bb][et_pb_column type=\u00bb1_3&#8243; _builder_version=\u00bb4.17.6&#8243; _module_preset=\u00bbdefault\u00bb global_colors_info=\u00bb{}\u00bb][et_pb_toggle title=\u00bbINGENIER\u00cdA CIVIL AMBIENTAL\u00bb open_toggle_text_color=\u00bb#000000&#8243; open_toggle_background_color=\u00bb#FFFFFF\u00bb closed_toggle_background_color=\u00bb#FFFFFF\u00bb icon_color=\u00bb#009bdb\u00bb toggle_icon=\u00bb&#xe048;||divi||400&#8243; use_icon_font_size=\u00bbon\u00bb icon_font_size=\u00bb26px\u00bb open_icon_color=\u00bb#009bdb\u00bb open_toggle_icon=\u00bb&#xe047;||divi||400&#8243; open_use_icon_font_size=\u00bbon\u00bb open_icon_font_size=\u00bb26px\u00bb disabled_on=\u00bboff|off|off\u00bb admin_label=\u00bbEducador o Educadora de P\u00e1rvulos\u00bb _builder_version=\u00bb4.27.0&#8243; _module_preset=\u00bbdefault\u00bb title_text_color=\u00bb#000000&#8243; title_font=\u00bb|700||on|||||\u00bb border_radii=\u00bboff||20px||20px\u00bb global_colors_info=\u00bb{}\u00bb]<\/p>\n<table style=\"width: 90%; height: 1858px;\" border=\"0\" width=\"90%\" cellspacing=\"0\" cellpadding=\"0\">\n<tbody>\n<tr style=\"height: 24px;\">\n<td width=\"204\" style=\"width: 39.9381%; height: 24px;\"><strong>NOMBRE<\/strong><\/td>\n<td width=\"161\" style=\"width: 30.031%; height: 24px;\"><strong>APELLIDO PATERNO<\/strong><\/td>\n<td width=\"131\" style=\"width: 29.4118%; height: 24px;\"><strong>APELLIDO MATERNO<\/strong><\/td>\n<\/tr>\n<tr>\n<td width=\"196\" style=\"width: 39.9381%;\">JESSICA ALEJANDRA<\/td>\n<td width=\"341\" style=\"width: 30.031%;\">ARAYA<\/td>\n<td width=\"163\" style=\"width: 29.4118%;\">LEYTON<\/td>\n<\/tr>\n<tr>\n<td style=\"width: 39.9381%;\">SERGIO ORLANDO<\/td>\n<td style=\"width: 30.031%;\">CABRERA<\/td>\n<td style=\"width: 29.4118%;\">DUQUE<\/td>\n<\/tr>\n<tr>\n<td style=\"width: 39.9381%;\">GABRIELA ANDREA<\/td>\n<td style=\"width: 30.031%;\">GUERRERO<\/td>\n<td style=\"width: 29.4118%;\">VARGAS<\/td>\n<\/tr>\n<tr>\n<td style=\"width: 39.9381%;\">JAVIER ANGEL EDUARDO<\/td>\n<td style=\"width: 30.031%;\">LEGAZA<\/td>\n<td style=\"width: 29.4118%;\">CARRASCO<\/td>\n<\/tr>\n<tr>\n<td style=\"width: 39.9381%;\">RONALD FRANCISCO<\/td>\n<td style=\"width: 30.031%;\">MORENO<\/td>\n<td style=\"width: 29.4118%;\">C\u00c9SPEDES<\/td>\n<\/tr>\n<tr>\n<td style=\"width: 39.9381%;\">RODRIGO MARCELO<\/td>\n<td style=\"width: 30.031%;\">SANTANDER<\/td>\n<td style=\"width: 29.4118%;\">DUBO<\/td>\n<\/tr>\n<tr>\n<td style=\"width: 39.9381%;\">LUIS FELIPE<\/td>\n<td style=\"width: 30.031%;\">VEAS<\/td>\n<td style=\"width: 29.4118%;\">TABILO<\/td>\n<\/tr>\n<tr>\n<td style=\"width: 39.9381%;\">B\u00c1RBARA JUDITH<\/td>\n<td style=\"width: 30.031%;\">VERGARA<\/td>\n<td style=\"width: 29.4118%;\">ARANDA<\/td>\n<\/tr>\n<\/tbody>\n<\/table>\n<p>[\/et_pb_toggle][\/et_pb_column][et_pb_column type=\u00bb1_3&#8243; _builder_version=\u00bb4.17.6&#8243; _module_preset=\u00bbdefault\u00bb global_colors_info=\u00bb{}\u00bb][et_pb_toggle title=\u00bbINGENIER\u00cdA CIVIL INDUSTRIAL\u00bb open_toggle_text_color=\u00bb#000000&#8243; open_toggle_background_color=\u00bb#FFFFFF\u00bb closed_toggle_background_color=\u00bb#FFFFFF\u00bb icon_color=\u00bb#009bdb\u00bb toggle_icon=\u00bb&#xe048;||divi||400&#8243; use_icon_font_size=\u00bbon\u00bb icon_font_size=\u00bb26px\u00bb open_icon_color=\u00bb#009bdb\u00bb open_toggle_icon=\u00bb&#xe047;||divi||400&#8243; open_use_icon_font_size=\u00bbon\u00bb open_icon_font_size=\u00bb26px\u00bb disabled_on=\u00bboff|off|off\u00bb admin_label=\u00bbEducador o Educadora de P\u00e1rvulos\u00bb _builder_version=\u00bb4.27.0&#8243; _module_preset=\u00bbdefault\u00bb title_text_color=\u00bb#000000&#8243; title_font=\u00bb|700||on|||||\u00bb border_radii=\u00bboff||20px||20px\u00bb global_colors_info=\u00bb{}\u00bb]<\/p>\n<table style=\"width: 90%; height: 1858px;\" border=\"0\" width=\"90%\" cellspacing=\"0\" cellpadding=\"0\">\n<tbody>\n<tr style=\"height: 24px;\">\n<td width=\"204\" style=\"width: 39.9381%; height: 24px;\"><strong>NOMBRE<\/strong><\/td>\n<td width=\"161\" style=\"width: 30.031%; height: 24px;\"><strong>APELLIDO PATERNO<\/strong><\/td>\n<td width=\"131\" style=\"width: 29.4118%; height: 24px;\"><strong>APELLIDO MATERNO<\/strong><\/td>\n<\/tr>\n<tr>\n<td width=\"196\" style=\"width: 39.9381%;\">SILENE SOLANGE<\/td>\n<td width=\"341\" style=\"width: 30.031%;\">ACEVEDO<\/td>\n<td width=\"163\" style=\"width: 29.4118%;\">FIGUEROA<\/td>\n<\/tr>\n<tr>\n<td style=\"width: 39.9381%;\">SANDRA PAULINA<\/td>\n<td style=\"width: 30.031%;\">APABLAZA<\/td>\n<td style=\"width: 29.4118%;\">ZAMORA<\/td>\n<\/tr>\n<tr>\n<td style=\"width: 39.9381%;\">CONSTANZA PILAR<\/td>\n<td style=\"width: 30.031%;\">CANDIA<\/td>\n<td style=\"width: 29.4118%;\">LAGOS<\/td>\n<\/tr>\n<tr>\n<td style=\"width: 39.9381%;\">DANIELLA BEATRIZ<\/td>\n<td style=\"width: 30.031%;\">CORT\u00c9S<\/td>\n<td style=\"width: 29.4118%;\">MORENO<\/td>\n<\/tr>\n<tr>\n<td style=\"width: 39.9381%;\">DANITZA ANDREA<\/td>\n<td style=\"width: 30.031%;\">INOSTROZA<\/td>\n<td style=\"width: 29.4118%;\">CH\u00c1VEZ<\/td>\n<\/tr>\n<tr>\n<td style=\"width: 39.9381%;\">BASTI\u00c1N GRECO<\/td>\n<td style=\"width: 30.031%;\">LAGREZE<\/td>\n<td style=\"width: 29.4118%;\">CORT\u00c9S<\/td>\n<\/tr>\n<tr>\n<td style=\"width: 39.9381%;\">JORGE SEBASTI\u00c1N<\/td>\n<td style=\"width: 30.031%;\">LARA<\/td>\n<td style=\"width: 29.4118%;\">SIELFELD<\/td>\n<\/tr>\n<tr>\n<td style=\"width: 39.9381%;\">MART\u00cdN IGNACIO<\/td>\n<td style=\"width: 30.031%;\">MIRANDA<\/td>\n<td style=\"width: 29.4118%;\">SALINAS<\/td>\n<\/tr>\n<tr>\n<td style=\"width: 39.9381%;\">ELIZABETH ANDREA<\/td>\n<td style=\"width: 30.031%;\">MORALES<\/td>\n<td style=\"width: 29.4118%;\">GONZ\u00c1LEZ<\/td>\n<\/tr>\n<tr>\n<td style=\"width: 39.9381%;\">ALFREDO JULIO<\/td>\n<td style=\"width: 30.031%;\">OSSAND\u00d3N<\/td>\n<td style=\"width: 29.4118%;\">SALD\u00cdVAR<\/td>\n<\/tr>\n<tr>\n<td style=\"width: 39.9381%;\">LEONARDO IV\u00c1N<\/td>\n<td style=\"width: 30.031%;\">RANTUL<\/td>\n<td style=\"width: 29.4118%;\">QUINTANILLA<\/td>\n<\/tr>\n<tr>\n<td style=\"width: 39.9381%;\">FRANCISCO MANUEL<\/td>\n<td style=\"width: 30.031%;\">RETAMAL<\/td>\n<td style=\"width: 29.4118%;\">CARVAJAL<\/td>\n<\/tr>\n<tr>\n<td style=\"width: 39.9381%;\">DANAE ANDREA<\/td>\n<td style=\"width: 30.031%;\">REYES<\/td>\n<td style=\"width: 29.4118%;\">PANDO<\/td>\n<\/tr>\n<tr>\n<td style=\"width: 39.9381%;\">BRANDIE ANDREA<\/td>\n<td style=\"width: 30.031%;\">RIVERA<\/td>\n<td style=\"width: 29.4118%;\">BETANCOURT<\/td>\n<\/tr>\n<tr>\n<td style=\"width: 39.9381%;\">IV\u00c1N IGNACIO<\/td>\n<td style=\"width: 30.031%;\">RIVERA<\/td>\n<td style=\"width: 29.4118%;\">CORT\u00c9S<\/td>\n<\/tr>\n<tr>\n<td style=\"width: 39.9381%;\">CAMILA ANDREA<\/td>\n<td style=\"width: 30.031%;\">ROSTION<\/td>\n<td style=\"width: 29.4118%;\">VERGARA<\/td>\n<\/tr>\n<tr>\n<td style=\"width: 39.9381%;\">JAVIERA FERNANDA<\/td>\n<td style=\"width: 30.031%;\">SEP\u00daLVEDA<\/td>\n<td style=\"width: 29.4118%;\">PERALTA<\/td>\n<\/tr>\n<tr>\n<td style=\"width: 39.9381%;\">SOF\u00cdA IGNACIA<\/td>\n<td style=\"width: 30.031%;\">TOLEDO<\/td>\n<td style=\"width: 29.4118%;\">PALMA<\/td>\n<\/tr>\n<\/tbody>\n<\/table>\n<p>[\/et_pb_toggle][\/et_pb_column][et_pb_column type=\u00bb1_3&#8243; _builder_version=\u00bb4.17.6&#8243; _module_preset=\u00bbdefault\u00bb global_colors_info=\u00bb{}\u00bb][et_pb_toggle title=\u00bbINGENIER\u00cdA AMBIENTAL\u00bb open_toggle_text_color=\u00bb#000000&#8243; open_toggle_background_color=\u00bb#FFFFFF\u00bb closed_toggle_background_color=\u00bb#FFFFFF\u00bb icon_color=\u00bb#009bdb\u00bb toggle_icon=\u00bb&#xe048;||divi||400&#8243; use_icon_font_size=\u00bbon\u00bb icon_font_size=\u00bb26px\u00bb open_icon_color=\u00bb#009bdb\u00bb open_toggle_icon=\u00bb&#xe047;||divi||400&#8243; open_use_icon_font_size=\u00bbon\u00bb open_icon_font_size=\u00bb26px\u00bb disabled_on=\u00bboff|off|off\u00bb admin_label=\u00bbEducador o Educadora de P\u00e1rvulos\u00bb _builder_version=\u00bb4.27.0&#8243; _module_preset=\u00bbdefault\u00bb title_text_color=\u00bb#000000&#8243; title_font=\u00bb|700||on|||||\u00bb border_radii=\u00bboff||20px||20px\u00bb global_colors_info=\u00bb{}\u00bb]<\/p>\n<table style=\"width: 90%; height: 1872px;\" border=\"0\" width=\"90%\" cellspacing=\"0\" cellpadding=\"0\">\n<tbody>\n<tr style=\"height: 24px;\">\n<td width=\"204\" style=\"width: 39.9381%; height: 24px;\"><strong>NOMBRE<\/strong><\/td>\n<td width=\"161\" style=\"width: 30.031%; height: 24px;\"><strong>APELLIDO PATERNO<\/strong><\/td>\n<td width=\"131\" style=\"width: 29.4118%; height: 24px;\"><strong>APELLIDO MATERNO<\/strong><\/td>\n<\/tr>\n<tr>\n<td width=\"196\" style=\"width: 39.9381%;\">LUZ MAR\u00cdA<\/td>\n<td width=\"341\" style=\"width: 30.031%;\">ALVARADO<\/td>\n<td width=\"163\" style=\"width: 29.4118%;\">FIGUEROA<\/td>\n<\/tr>\n<tr>\n<td style=\"width: 39.9381%;\">JEAN FRANCO<\/td>\n<td style=\"width: 30.031%;\">FERN\u00c1NDEZ<\/td>\n<td style=\"width: 29.4118%;\">HURTADO<\/td>\n<\/tr>\n<tr>\n<td style=\"width: 39.9381%;\">NICOLE STEFANIE<\/td>\n<td style=\"width: 30.031%;\">FUENTES<\/td>\n<td style=\"width: 29.4118%;\">ALVARADO<\/td>\n<\/tr>\n<tr>\n<td style=\"width: 39.9381%;\">KEVIN ALBERTT<\/td>\n<td style=\"width: 30.031%;\">GALLARDO<\/td>\n<td style=\"width: 29.4118%;\">PE\u00d1A<\/td>\n<\/tr>\n<tr>\n<td style=\"width: 39.9381%;\">CONSTANZA ALEJANDRA<\/td>\n<td style=\"width: 30.031%;\">GATICA<\/td>\n<td style=\"width: 29.4118%;\">MU\u00d1OZ<\/td>\n<\/tr>\n<tr>\n<td style=\"width: 39.9381%;\">DANIELA JOSEFA<\/td>\n<td style=\"width: 30.031%;\">GUZM\u00c1N<\/td>\n<td style=\"width: 29.4118%;\">VIDAL<\/td>\n<\/tr>\n<\/tbody>\n<\/table>\n<p>[\/et_pb_toggle][\/et_pb_column][\/et_pb_row][et_pb_row column_structure=\u00bb1_3,1_3,1_3&#8243; use_custom_gutter=\u00bbon\u00bb disabled_on=\u00bboff|off|off\u00bb _builder_version=\u00bb4.22.0&#8243; _module_preset=\u00bbdefault\u00bb width=\u00bb94%\u00bb max_width=\u00bb2560px\u00bb custom_padding=\u00bb18px||18px|||\u00bb global_colors_info=\u00bb{}\u00bb][et_pb_column type=\u00bb1_3&#8243; _builder_version=\u00bb4.17.6&#8243; _module_preset=\u00bbdefault\u00bb global_colors_info=\u00bb{}\u00bb][et_pb_toggle title=\u00bbINGENIER\u00cdA EN ESTAD\u00cdSTICA\u00bb open_toggle_text_color=\u00bb#000000&#8243; open_toggle_background_color=\u00bb#FFFFFF\u00bb closed_toggle_background_color=\u00bb#FFFFFF\u00bb icon_color=\u00bb#009bdb\u00bb toggle_icon=\u00bb&#xe048;||divi||400&#8243; use_icon_font_size=\u00bbon\u00bb icon_font_size=\u00bb26px\u00bb open_icon_color=\u00bb#009bdb\u00bb open_toggle_icon=\u00bb&#xe047;||divi||400&#8243; open_use_icon_font_size=\u00bbon\u00bb open_icon_font_size=\u00bb26px\u00bb disabled_on=\u00bboff|off|off\u00bb admin_label=\u00bbEducador o Educadora de P\u00e1rvulos\u00bb _builder_version=\u00bb4.27.0&#8243; _module_preset=\u00bbdefault\u00bb title_text_color=\u00bb#000000&#8243; title_font=\u00bb|700||on|||||\u00bb border_radii=\u00bboff||20px||20px\u00bb global_colors_info=\u00bb{}\u00bb]<\/p>\n<table style=\"width: 90%; height: 1858px;\" border=\"0\" width=\"90%\" cellspacing=\"0\" cellpadding=\"0\">\n<tbody>\n<tr style=\"height: 24px;\">\n<td width=\"204\" style=\"width: 39.9381%; height: 24px;\"><strong>NOMBRE<\/strong><\/td>\n<td width=\"161\" style=\"width: 30.031%; height: 24px;\"><strong>APELLIDO PATERNO<\/strong><\/td>\n<td width=\"131\" style=\"width: 29.4118%; height: 24px;\"><strong>APELLIDO MATERNO<\/strong><\/td>\n<\/tr>\n<tr>\n<td width=\"196\" style=\"width: 39.9381%;\">CAMILA ANDREA<\/td>\n<td width=\"341\" style=\"width: 30.031%;\">CASTILLO<\/td>\n<td width=\"163\" style=\"width: 29.4118%;\">PONCE<\/td>\n<\/tr>\n<tr>\n<td style=\"width: 39.9381%;\">MAR\u00cdA ALEJANDRA<\/td>\n<td style=\"width: 30.031%;\">LEIVA<\/td>\n<td style=\"width: 29.4118%;\">FIGUEROA<\/td>\n<\/tr>\n<tr>\n<td style=\"width: 39.9381%;\">JARED ISACAR<\/td>\n<td style=\"width: 30.031%;\">MACHUCA<\/td>\n<td style=\"width: 29.4118%;\">MOLINA<\/td>\n<\/tr>\n<\/tbody>\n<\/table>\n<p>[\/et_pb_toggle][\/et_pb_column][et_pb_column type=\u00bb1_3&#8243; _builder_version=\u00bb4.17.6&#8243; _module_preset=\u00bbdefault\u00bb global_colors_info=\u00bb{}\u00bb][et_pb_toggle title=\u00bbINGENIER\u00cdA EN INFORM\u00c1TICA\u00bb open_toggle_text_color=\u00bb#000000&#8243; open_toggle_background_color=\u00bb#FFFFFF\u00bb closed_toggle_background_color=\u00bb#FFFFFF\u00bb icon_color=\u00bb#009bdb\u00bb toggle_icon=\u00bb&#xe048;||divi||400&#8243; use_icon_font_size=\u00bbon\u00bb icon_font_size=\u00bb26px\u00bb open_icon_color=\u00bb#009bdb\u00bb open_toggle_icon=\u00bb&#xe047;||divi||400&#8243; open_use_icon_font_size=\u00bbon\u00bb open_icon_font_size=\u00bb26px\u00bb disabled_on=\u00bboff|off|off\u00bb admin_label=\u00bbEducador o Educadora de P\u00e1rvulos\u00bb _builder_version=\u00bb4.27.0&#8243; _module_preset=\u00bbdefault\u00bb title_text_color=\u00bb#000000&#8243; title_font=\u00bb|700||on|||||\u00bb border_radii=\u00bboff||20px||20px\u00bb global_colors_info=\u00bb{}\u00bb]<\/p>\n<table style=\"width: 90%; height: 1858px;\" border=\"0\" width=\"90%\" cellspacing=\"0\" cellpadding=\"0\">\n<tbody>\n<tr style=\"height: 24px;\">\n<td width=\"204\" style=\"width: 39.9381%; height: 24px;\"><strong>NOMBRE<\/strong><\/td>\n<td width=\"161\" style=\"width: 30.031%; height: 24px;\"><strong>APELLIDO PATERNO<\/strong><\/td>\n<td width=\"131\" style=\"width: 29.4118%; height: 24px;\"><strong>APELLIDO MATERNO<\/strong><\/td>\n<\/tr>\n<tr>\n<td width=\"196\" style=\"width: 39.9381%;\">DANIEL EDUARDO<\/td>\n<td width=\"341\" style=\"width: 30.031%;\">AGUILERA<\/td>\n<td width=\"163\" style=\"width: 29.4118%;\">CAMPUSANO<\/td>\n<\/tr>\n<tr>\n<td style=\"width: 39.9381%;\">GENESIS INGRID CELSA<\/td>\n<td style=\"width: 30.031%;\">\u00c1LVAREZ<\/td>\n<td style=\"width: 29.4118%;\">GAMBOA<\/td>\n<\/tr>\n<tr>\n<td style=\"width: 39.9381%;\">NICOL\u00c1S ERNESTO<\/td>\n<td style=\"width: 30.031%;\">BUSTAMANTE<\/td>\n<td style=\"width: 29.4118%;\">VILLEGAS<\/td>\n<\/tr>\n<tr>\n<td style=\"width: 39.9381%;\">\u00cdTALO ARTURO<\/td>\n<td style=\"width: 30.031%;\">LAMA<\/td>\n<td style=\"width: 29.4118%;\">GUERRA<\/td>\n<\/tr>\n<tr>\n<td style=\"width: 39.9381%;\">SEBASTI\u00c1N ANTONIO<\/td>\n<td style=\"width: 30.031%;\">OLIVARES<\/td>\n<td style=\"width: 29.4118%;\">HIDALGO<\/td>\n<\/tr>\n<tr>\n<td style=\"width: 39.9381%;\">CRIST\u00d3BAL SEBASTI\u00c1N<\/td>\n<td style=\"width: 30.031%;\">PARADA<\/td>\n<td style=\"width: 29.4118%;\">SOTO<\/td>\n<\/tr>\n<\/tbody>\n<\/table>\n<p>[\/et_pb_toggle][\/et_pb_column][et_pb_column type=\u00bb1_3&#8243; _builder_version=\u00bb4.17.6&#8243; _module_preset=\u00bbdefault\u00bb global_colors_info=\u00bb{}\u00bb][\/et_pb_column][\/et_pb_row][\/et_pb_section][et_pb_section fb_built=\u00bb1&#8243; disabled_on=\u00bboff|off|off\u00bb _builder_version=\u00bb4.27.0&#8243; _module_preset=\u00bbdefault\u00bb background_color=\u00bbRGBA(255,255,255,0)\u00bb width=\u00bb100%\u00bb max_width=\u00bb100%\u00bb min_height=\u00bb160.1px\u00bb custom_margin=\u00bb46px||-3px|||\u00bb custom_padding=\u00bb5px|||||\u00bb global_colors_info=\u00bb{}\u00bb][et_pb_row use_custom_gutter=\u00bbon\u00bb gutter_width=\u00bb1&#8243; _builder_version=\u00bb4.25.2&#8243; _module_preset=\u00bbdefault\u00bb width=\u00bb96%\u00bb max_width=\u00bb2560px\u00bb module_alignment=\u00bbleft\u00bb custom_padding=\u00bb||9px|3%|false|false\u00bb global_colors_info=\u00bb{}\u00bb][et_pb_column type=\u00bb4_4&#8243; _builder_version=\u00bb4.17.6&#8243; _module_preset=\u00bbdefault\u00bb global_colors_info=\u00bb{}\u00bb][et_pb_blurb title=\u00bbFACULTAD DE CIENCIAS DE LA ACTIVIDAD F\u00cdSICA Y DEL DEPORTE\u00bb use_icon=\u00bbon\u00bb font_icon=\u00bb&#xf073;||fa||400&#8243; icon_color=\u00bb#009bdb\u00bb icon_placement=\u00bbleft\u00bb image_icon_width=\u00bb53px\u00bb content_max_width=\u00bb1100px\u00bb admin_label=\u00bbAnuncio: Ceremonia de titulaci\u00f3n: jueves 9 de noviembre de 2023 10.30 horas\u00bb _builder_version=\u00bb4.27.0&#8243; _module_preset=\u00bbdefault\u00bb header_font=\u00bb|800||on|||||\u00bb header_text_color=\u00bb#303030&#8243; header_font_size=\u00bb27px\u00bb body_font=\u00bb||||||||\u00bb body_text_color=\u00bb#0099cc\u00bb body_font_size=\u00bb16px\u00bb custom_margin=\u00bb||-1px|||\u00bb global_colors_info=\u00bb{}\u00bb]<\/p>\n<h1><strong>Jueves 7 de noviembre de 2024, a las 15.30 horas<\/strong><\/h1>\n<p>Aula Dr. F\u00e9lix Morales Pettorino, Casa Central, Universidad de Playa Ancha.<\/p>\n<p>[\/et_pb_blurb][\/et_pb_column][\/et_pb_row][et_pb_row column_structure=\u00bb1_3,1_3,1_3&#8243; use_custom_gutter=\u00bbon\u00bb disabled_on=\u00bboff|off|off\u00bb _builder_version=\u00bb4.22.0&#8243; _module_preset=\u00bbdefault\u00bb width=\u00bb94%\u00bb max_width=\u00bb2560px\u00bb custom_padding=\u00bb18px||18px|||\u00bb global_colors_info=\u00bb{}\u00bb][et_pb_column type=\u00bb1_3&#8243; _builder_version=\u00bb4.17.6&#8243; _module_preset=\u00bbdefault\u00bb global_colors_info=\u00bb{}\u00bb][et_pb_toggle title=\u00bbPEDAGOG\u00cdA EN EDUCACI\u00d3N F\u00cdSICA\u00bb open_toggle_text_color=\u00bb#000000&#8243; open_toggle_background_color=\u00bb#FFFFFF\u00bb closed_toggle_background_color=\u00bb#FFFFFF\u00bb icon_color=\u00bb#009bdb\u00bb toggle_icon=\u00bb&#xe048;||divi||400&#8243; use_icon_font_size=\u00bbon\u00bb icon_font_size=\u00bb26px\u00bb open_icon_color=\u00bb#009bdb\u00bb open_toggle_icon=\u00bb&#xe047;||divi||400&#8243; open_use_icon_font_size=\u00bbon\u00bb open_icon_font_size=\u00bb26px\u00bb disabled_on=\u00bboff|off|off\u00bb admin_label=\u00bbEducador o Educadora de P\u00e1rvulos\u00bb _builder_version=\u00bb4.27.0&#8243; _module_preset=\u00bbdefault\u00bb title_text_color=\u00bb#000000&#8243; title_font=\u00bb|700||on|||||\u00bb border_radii=\u00bboff||20px||20px\u00bb global_colors_info=\u00bb{}\u00bb]<\/p>\n<table style=\"width: 90%; height: 1858px;\" border=\"0\" width=\"90%\" cellspacing=\"0\" cellpadding=\"0\">\n<tbody>\n<tr style=\"height: 24px;\">\n<td width=\"204\" style=\"width: 39.9381%; height: 24px;\"><strong>NOMBRE<\/strong><\/td>\n<td width=\"161\" style=\"width: 30.031%; height: 24px;\"><strong>APELLIDO PATERNO<\/strong><\/td>\n<td width=\"131\" style=\"width: 29.4118%; height: 24px;\"><strong>APELLIDO MATERNO<\/strong><\/td>\n<\/tr>\n<tr>\n<td width=\"269\" style=\"width: 39.9381%;\">MAURICIO RODOLFO<\/td>\n<td width=\"269\" style=\"width: 30.031%;\">ARELLANO<\/td>\n<td width=\"164\" style=\"width: 29.4118%;\">LE\u00d3N<\/td>\n<\/tr>\n<tr>\n<td style=\"width: 39.9381%;\">JAEL IGNACIA<\/td>\n<td style=\"width: 30.031%;\">BARRERA<\/td>\n<td style=\"width: 29.4118%;\">ESTAY<\/td>\n<\/tr>\n<tr>\n<td style=\"width: 39.9381%;\">KATHERINE ALEJANDRA<\/td>\n<td style=\"width: 30.031%;\">CABRERA<\/td>\n<td style=\"width: 29.4118%;\">D\u00cdAZ<\/td>\n<\/tr>\n<tr>\n<td style=\"width: 39.9381%;\">B\u00c1RBARA LEE<\/td>\n<td style=\"width: 30.031%;\">CALDER\u00d3N<\/td>\n<td style=\"width: 29.4118%;\">RODR\u00cdGUEZ<\/td>\n<\/tr>\n<tr>\n<td style=\"width: 39.9381%;\">OSVALDO ENRIQUE<\/td>\n<td style=\"width: 30.031%;\">CAMPOS<\/td>\n<td style=\"width: 29.4118%;\">QUIROZ<\/td>\n<\/tr>\n<tr>\n<td style=\"width: 39.9381%;\">CATALINA ANDREA<\/td>\n<td style=\"width: 30.031%;\">CARRANZA<\/td>\n<td style=\"width: 29.4118%;\">NAVARRO<\/td>\n<\/tr>\n<tr>\n<td style=\"width: 39.9381%;\">YULISSA ANDREA<\/td>\n<td style=\"width: 30.031%;\">CARVACHO<\/td>\n<td style=\"width: 29.4118%;\">BLANCO<\/td>\n<\/tr>\n<tr>\n<td style=\"width: 39.9381%;\">BASTI\u00c1N ALEJANDRO<\/td>\n<td style=\"width: 30.031%;\">CASTILLO<\/td>\n<td style=\"width: 29.4118%;\">IPINZA<\/td>\n<\/tr>\n<tr>\n<td style=\"width: 39.9381%;\">FRANCO PAOLO<\/td>\n<td style=\"width: 30.031%;\">CASTRO<\/td>\n<td style=\"width: 29.4118%;\">SEP\u00daLVEDA<\/td>\n<\/tr>\n<tr>\n<td style=\"width: 39.9381%;\">MAXIMILIANO HERN\u00c1N<\/td>\n<td style=\"width: 30.031%;\">CORT\u00c9S<\/td>\n<td style=\"width: 29.4118%;\">C\u00c1CERES<\/td>\n<\/tr>\n<tr>\n<td style=\"width: 39.9381%;\">JEHIEL VICENTE<\/td>\n<td style=\"width: 30.031%;\">DEL CANTO<\/td>\n<td style=\"width: 29.4118%;\">ACEVEDO<\/td>\n<\/tr>\n<tr>\n<td style=\"width: 39.9381%;\">NICOL\u00c1S FABI\u00c1N<\/td>\n<td style=\"width: 30.031%;\">D\u00cdAZ<\/td>\n<td style=\"width: 29.4118%;\">PACHECO<\/td>\n<\/tr>\n<tr>\n<td style=\"width: 39.9381%;\">NICOL\u00c1S IGNACIO<\/td>\n<td style=\"width: 30.031%;\">D\u00cdAZ<\/td>\n<td style=\"width: 29.4118%;\">TORRES<\/td>\n<\/tr>\n<tr>\n<td style=\"width: 39.9381%;\">MAR\u00cdA JOS\u00c9<\/td>\n<td style=\"width: 30.031%;\">DUBOS<\/td>\n<td style=\"width: 29.4118%;\">MENA<\/td>\n<\/tr>\n<tr>\n<td style=\"width: 39.9381%;\">SEBASTI\u00c1N IGNACIO<\/td>\n<td style=\"width: 30.031%;\">ESCOBAR<\/td>\n<td style=\"width: 29.4118%;\">FERN\u00c1NDEZ<\/td>\n<\/tr>\n<tr>\n<td style=\"width: 39.9381%;\">GABRIELA ALESSANDRA<\/td>\n<td style=\"width: 30.031%;\">ESPINOZA<\/td>\n<td style=\"width: 29.4118%;\">TAPIA<\/td>\n<\/tr>\n<tr>\n<td style=\"width: 39.9381%;\">NICOL\u00c1S ALEJANDRO<\/td>\n<td style=\"width: 30.031%;\">FIGUEROA<\/td>\n<td style=\"width: 29.4118%;\">SILVA<\/td>\n<\/tr>\n<tr>\n<td style=\"width: 39.9381%;\">EMILIO SEBASTI\u00c1N<\/td>\n<td style=\"width: 30.031%;\">GUERRERO<\/td>\n<td style=\"width: 29.4118%;\">GUERRERO<\/td>\n<\/tr>\n<tr>\n<td style=\"width: 39.9381%;\">ESTEFAN\u00cdA ELIANA<\/td>\n<td style=\"width: 30.031%;\">GUTI\u00c9RREZ<\/td>\n<td style=\"width: 29.4118%;\">HERMOSILLA<\/td>\n<\/tr>\n<tr>\n<td style=\"width: 39.9381%;\">GENESIS SELENA<\/td>\n<td style=\"width: 30.031%;\">HALLES<\/td>\n<td style=\"width: 29.4118%;\">CORDERO<\/td>\n<\/tr>\n<tr>\n<td style=\"width: 39.9381%;\">SERGIO FRANCISCO<\/td>\n<td style=\"width: 30.031%;\">HERN\u00c1NDEZ<\/td>\n<td style=\"width: 29.4118%;\">GONZ\u00c1LEZ<\/td>\n<\/tr>\n<tr>\n<td style=\"width: 39.9381%;\">ROY NICOL\u00c1S IGNACIO<\/td>\n<td style=\"width: 30.031%;\">HONORES<\/td>\n<td style=\"width: 29.4118%;\">MONDACA<\/td>\n<\/tr>\n<tr>\n<td style=\"width: 39.9381%;\">EMANUEL<\/td>\n<td style=\"width: 30.031%;\">JIM\u00c9NEZ<\/td>\n<td style=\"width: 29.4118%;\">GALAZ<\/td>\n<\/tr>\n<tr>\n<td style=\"width: 39.9381%;\">VALENTINA PAZ<\/td>\n<td style=\"width: 30.031%;\">LE\u00d3N<\/td>\n<td style=\"width: 29.4118%;\">MART\u00cdNEZ<\/td>\n<\/tr>\n<tr>\n<td style=\"width: 39.9381%;\">KENNETH WILLIAM<\/td>\n<td style=\"width: 30.031%;\">LETCHER<\/td>\n<td style=\"width: 29.4118%;\">PAVEZ<\/td>\n<\/tr>\n<tr>\n<td style=\"width: 39.9381%;\">JUAN CARLOS<\/td>\n<td style=\"width: 30.031%;\">LLANT\u00c9N<\/td>\n<td style=\"width: 29.4118%;\">RUZ<\/td>\n<\/tr>\n<tr>\n<td style=\"width: 39.9381%;\">GLOSIEL MARIE BEL\u00c9N<\/td>\n<td style=\"width: 30.031%;\">MART\u00cdNEZ<\/td>\n<td style=\"width: 29.4118%;\">BARCO<\/td>\n<\/tr>\n<tr>\n<td style=\"width: 39.9381%;\">MART\u00cdN ALONSO<\/td>\n<td style=\"width: 30.031%;\">MIRANDA<\/td>\n<td style=\"width: 29.4118%;\">MART\u00cdNEZ<\/td>\n<\/tr>\n<tr>\n<td style=\"width: 39.9381%;\">NICOL\u00c1S IGNACIO<\/td>\n<td style=\"width: 30.031%;\">MONSALVE<\/td>\n<td style=\"width: 29.4118%;\">AGUILAR<\/td>\n<\/tr>\n<tr>\n<td style=\"width: 39.9381%;\">GERALDY LORENA<\/td>\n<td style=\"width: 30.031%;\">MORAGA<\/td>\n<td style=\"width: 29.4118%;\">RAMOS<\/td>\n<\/tr>\n<tr>\n<td style=\"width: 39.9381%;\">MAT\u00cdAS EDUARDO<\/td>\n<td style=\"width: 30.031%;\">NARV\u00c1EZ<\/td>\n<td style=\"width: 29.4118%;\">DINAMARCA<\/td>\n<\/tr>\n<tr>\n<td style=\"width: 39.9381%;\">VANESA ALEJANDRA<\/td>\n<td style=\"width: 30.031%;\">OLIVARES<\/td>\n<td style=\"width: 29.4118%;\">VALD\u00c9S<\/td>\n<\/tr>\n<tr>\n<td style=\"width: 39.9381%;\">CAMILO IGNACIO<\/td>\n<td style=\"width: 30.031%;\">OVALLE<\/td>\n<td style=\"width: 29.4118%;\">FERN\u00c1NDEZ<\/td>\n<\/tr>\n<tr>\n<td style=\"width: 39.9381%;\">ELO\u00cdSA ANDREA<\/td>\n<td style=\"width: 30.031%;\">PACHECO<\/td>\n<td style=\"width: 29.4118%;\">AROS<\/td>\n<\/tr>\n<tr>\n<td style=\"width: 39.9381%;\">BRUNO ALEJANDRO<\/td>\n<td style=\"width: 30.031%;\">PASSALACQUA<\/td>\n<td style=\"width: 29.4118%;\">AHUMADA<\/td>\n<\/tr>\n<tr>\n<td style=\"width: 39.9381%;\">SEBASTI\u00c1N ALEJANDRO ATALA<\/td>\n<td style=\"width: 30.031%;\">PIZARRO<\/td>\n<td style=\"width: 29.4118%;\">ABACA<\/td>\n<\/tr>\n<tr>\n<td style=\"width: 39.9381%;\">EMILIO IGNACIO<\/td>\n<td style=\"width: 30.031%;\">QUIJADA<\/td>\n<td style=\"width: 29.4118%;\">OMAR<\/td>\n<\/tr>\n<tr>\n<td style=\"width: 39.9381%;\">MANUEL ANDR\u00c9S<\/td>\n<td style=\"width: 30.031%;\">REGUEIRO<\/td>\n<td style=\"width: 29.4118%;\">SALADRIGAS<\/td>\n<\/tr>\n<tr>\n<td style=\"width: 39.9381%;\">DEMETRIO ALONSO<\/td>\n<td style=\"width: 30.031%;\">REINOSO<\/td>\n<td style=\"width: 29.4118%;\">ROJAS<\/td>\n<\/tr>\n<tr>\n<td style=\"width: 39.9381%;\">YASSIR SIRHAM<\/td>\n<td style=\"width: 30.031%;\">SAA<\/td>\n<td style=\"width: 29.4118%;\">MATURANA<\/td>\n<\/tr>\n<tr>\n<td style=\"width: 39.9381%;\">\u00c1LVARO GUSTAVO<\/td>\n<td style=\"width: 30.031%;\">SAAVEDRA<\/td>\n<td style=\"width: 29.4118%;\">GALLEGUILLOS<\/td>\n<\/tr>\n<tr>\n<td style=\"width: 39.9381%;\">EDUARDO ANDR\u00c9S<\/td>\n<td style=\"width: 30.031%;\">SALDIVIA<\/td>\n<td style=\"width: 29.4118%;\">VERA<\/td>\n<\/tr>\n<tr>\n<td style=\"width: 39.9381%;\">CAMILO ANDR\u00c9S RODRIGO<\/td>\n<td style=\"width: 30.031%;\">SANDOVAL<\/td>\n<td style=\"width: 29.4118%;\">ALVEAR<\/td>\n<\/tr>\n<tr>\n<td style=\"width: 39.9381%;\">KEVIN ALEXANDER<\/td>\n<td style=\"width: 30.031%;\">SILVA<\/td>\n<td style=\"width: 29.4118%;\">ARREDONDO<\/td>\n<\/tr>\n<tr>\n<td style=\"width: 39.9381%;\">KARINA ALEJANDRA<\/td>\n<td style=\"width: 30.031%;\">VALD\u00c9S<\/td>\n<td style=\"width: 29.4118%;\">GONZ\u00c1LEZ<\/td>\n<\/tr>\n<tr>\n<td style=\"width: 39.9381%;\">ANDREA PAZ<\/td>\n<td style=\"width: 30.031%;\">V\u00c1SQUEZ<\/td>\n<td style=\"width: 29.4118%;\">ALLENDES<\/td>\n<\/tr>\n<tr>\n<td style=\"width: 39.9381%;\">EMANUEL IGNACIO<\/td>\n<td style=\"width: 30.031%;\">VEGA<\/td>\n<td style=\"width: 29.4118%;\">FERRERO<\/td>\n<\/tr>\n<tr>\n<td style=\"width: 39.9381%;\">LUIS EL\u00cdAS<\/td>\n<td style=\"width: 30.031%;\">VERGARA<\/td>\n<td style=\"width: 29.4118%;\">VILCHES<\/td>\n<\/tr>\n<tr>\n<td style=\"width: 39.9381%;\">KATALINA<\/td>\n<td style=\"width: 30.031%;\">VILLARROEL<\/td>\n<td style=\"width: 29.4118%;\">PALTA<\/td>\n<\/tr>\n<tr>\n<td style=\"width: 39.9381%;\">PAULA CAROLINA<\/td>\n<td style=\"width: 30.031%;\">VILLEGAS<\/td>\n<td style=\"width: 29.4118%;\">S\u00c1NCHEZ<\/td>\n<\/tr>\n<tr>\n<td style=\"width: 39.9381%;\">PABLO IGNACIO<\/td>\n<td style=\"width: 30.031%;\">YUNG<\/td>\n<td style=\"width: 29.4118%;\">ORREGO<\/td>\n<\/tr>\n<tr>\n<td style=\"width: 39.9381%;\">JASSMIN MARLENE<\/td>\n<td style=\"width: 30.031%;\">ZAMORA<\/td>\n<td style=\"width: 29.4118%;\">BECERRA<\/td>\n<\/tr>\n<\/tbody>\n<\/table>\n<p>[\/et_pb_toggle][\/et_pb_column][et_pb_column type=\u00bb1_3&#8243; _builder_version=\u00bb4.17.6&#8243; _module_preset=\u00bbdefault\u00bb global_colors_info=\u00bb{}\u00bb][et_pb_toggle title=\u00bbTECNOLOG\u00cdA EN DEPORTE Y RECREACI\u00d3N\u00bb open_toggle_text_color=\u00bb#000000&#8243; open_toggle_background_color=\u00bb#FFFFFF\u00bb closed_toggle_background_color=\u00bb#FFFFFF\u00bb icon_color=\u00bb#009bdb\u00bb toggle_icon=\u00bb&#xe048;||divi||400&#8243; use_icon_font_size=\u00bbon\u00bb icon_font_size=\u00bb26px\u00bb open_icon_color=\u00bb#009bdb\u00bb open_toggle_icon=\u00bb&#xe047;||divi||400&#8243; open_use_icon_font_size=\u00bbon\u00bb open_icon_font_size=\u00bb26px\u00bb disabled_on=\u00bboff|off|off\u00bb admin_label=\u00bbEducador o Educadora de P\u00e1rvulos\u00bb _builder_version=\u00bb4.27.0&#8243; _module_preset=\u00bbdefault\u00bb title_text_color=\u00bb#000000&#8243; title_font=\u00bb|700||on|||||\u00bb border_radii=\u00bboff||20px||20px\u00bb global_colors_info=\u00bb{}\u00bb]<\/p>\n<table style=\"width: 90%; height: 1858px;\" border=\"0\" width=\"90%\" cellspacing=\"0\" cellpadding=\"0\">\n<tbody>\n<tr style=\"height: 24px;\">\n<td width=\"204\" style=\"width: 39.9381%; height: 24px;\"><strong>NOMBRE<\/strong><\/td>\n<td width=\"161\" style=\"width: 30.031%; height: 24px;\"><strong>APELLIDO PATERNO<\/strong><\/td>\n<td width=\"131\" style=\"width: 29.4118%; height: 24px;\"><strong>APELLIDO MATERNO<\/strong><\/td>\n<\/tr>\n<tr>\n<td width=\"269\" style=\"width: 39.9381%;\">SEBASTI\u00c1N ALBERTO<\/td>\n<td width=\"269\" style=\"width: 30.031%;\">ALMEIDA<\/td>\n<td width=\"164\" style=\"width: 29.4118%;\">PE\u00d1A<\/td>\n<\/tr>\n<tr>\n<td style=\"width: 39.9381%;\">FERNANDO MAT\u00cdAS<\/td>\n<td style=\"width: 30.031%;\">ASPEE<\/td>\n<td style=\"width: 29.4118%;\">YUNIS<\/td>\n<\/tr>\n<tr>\n<td style=\"width: 39.9381%;\">BASTI\u00c1N GABRIEL<\/td>\n<td style=\"width: 30.031%;\">CONTRERAS<\/td>\n<td style=\"width: 29.4118%;\">Z\u00c1RATE<\/td>\n<\/tr>\n<tr>\n<td style=\"width: 39.9381%;\">DANIEL ALONSO<\/td>\n<td style=\"width: 30.031%;\">D\u00cdAZ<\/td>\n<td style=\"width: 29.4118%;\">FIGUEROA<\/td>\n<\/tr>\n<tr>\n<td style=\"width: 39.9381%;\">JUAN JOS\u00c9<\/td>\n<td style=\"width: 30.031%;\">FERN\u00c1NDEZ<\/td>\n<td style=\"width: 29.4118%;\">JELDRES<\/td>\n<\/tr>\n<tr>\n<td style=\"width: 39.9381%;\">FELIPE ANDR\u00c9S<\/td>\n<td style=\"width: 30.031%;\">GALLO<\/td>\n<td style=\"width: 29.4118%;\">LUNA<\/td>\n<\/tr>\n<tr>\n<td style=\"width: 39.9381%;\">JAVIER ALEJANDRO<\/td>\n<td style=\"width: 30.031%;\">G\u00c1LVEZ<\/td>\n<td style=\"width: 29.4118%;\">CATALDO<\/td>\n<\/tr>\n<tr>\n<td style=\"width: 39.9381%;\">JAVIER IGNACIO<\/td>\n<td style=\"width: 30.031%;\">L\u00d3PEZ<\/td>\n<td style=\"width: 29.4118%;\">ARAYA<\/td>\n<\/tr>\n<tr>\n<td style=\"width: 39.9381%;\">ARTURO C\u00c9SAR<\/td>\n<td style=\"width: 30.031%;\">MART\u00cdNEZ<\/td>\n<td style=\"width: 29.4118%;\">PERALTA<\/td>\n<\/tr>\n<tr>\n<td style=\"width: 39.9381%;\">DIANA STACEY<\/td>\n<td style=\"width: 30.031%;\">PINTO<\/td>\n<td style=\"width: 29.4118%;\">CALDER\u00d3N<\/td>\n<\/tr>\n<tr>\n<td style=\"width: 39.9381%;\">CATHERINE VIVIANA<\/td>\n<td style=\"width: 30.031%;\">RAM\u00cdREZ<\/td>\n<td style=\"width: 29.4118%;\">RAM\u00cdREZ<\/td>\n<\/tr>\n<tr>\n<td style=\"width: 39.9381%;\">EL\u00cdAS MANUEL<\/td>\n<td style=\"width: 30.031%;\">TAPIA<\/td>\n<td style=\"width: 29.4118%;\">TAPIA<\/td>\n<\/tr>\n<tr>\n<td style=\"width: 39.9381%;\">IGNACIO NICOL\u00c1S ROBERTO<\/td>\n<td style=\"width: 30.031%;\">VARGAS<\/td>\n<td style=\"width: 29.4118%;\">GUTI\u00c9RREZ<\/td>\n<\/tr>\n<tr>\n<td style=\"width: 39.9381%;\">KHYARA ELIZABETH<\/td>\n<td style=\"width: 30.031%;\">VERA<\/td>\n<td style=\"width: 29.4118%;\">CASTA\u00d1EDA<\/td>\n<\/tr>\n<tr>\n<td style=\"width: 39.9381%;\">JAVIERA BEL\u00c9N<\/td>\n<td style=\"width: 30.031%;\">VIDAL<\/td>\n<td style=\"width: 29.4118%;\">CAMARA<\/td>\n<\/tr>\n<tr>\n<td style=\"width: 39.9381%;\">VALENTINA LICETTE<\/td>\n<td style=\"width: 30.031%;\">Y\u00c1\u00d1EZ<\/td>\n<td style=\"width: 29.4118%;\">ALLENDES<\/td>\n<\/tr>\n<\/tbody>\n<\/table>\n<p>[\/et_pb_toggle][\/et_pb_column][et_pb_column type=\u00bb1_3&#8243; _builder_version=\u00bb4.17.6&#8243; _module_preset=\u00bbdefault\u00bb global_colors_info=\u00bb{}\u00bb][\/et_pb_column][\/et_pb_row][\/et_pb_section][et_pb_section fb_built=\u00bb1&#8243; disabled_on=\u00bboff|off|off\u00bb _builder_version=\u00bb4.27.0&#8243; _module_preset=\u00bbdefault\u00bb background_color=\u00bbrgba(12,113,195,0.12)\u00bb width=\u00bb100%\u00bb max_width=\u00bb100%\u00bb min_height=\u00bb160.1px\u00bb custom_margin=\u00bb46px||-3px|||\u00bb custom_padding=\u00bb5px||80px|||\u00bb global_colors_info=\u00bb{}\u00bb][et_pb_row use_custom_gutter=\u00bbon\u00bb gutter_width=\u00bb1&#8243; _builder_version=\u00bb4.25.2&#8243; _module_preset=\u00bbdefault\u00bb width=\u00bb96%\u00bb max_width=\u00bb2560px\u00bb module_alignment=\u00bbleft\u00bb custom_padding=\u00bb||9px|3%|false|false\u00bb global_colors_info=\u00bb{}\u00bb][et_pb_column type=\u00bb4_4&#8243; _builder_version=\u00bb4.17.6&#8243; _module_preset=\u00bbdefault\u00bb global_colors_info=\u00bb{}\u00bb][et_pb_blurb title=\u00bbFACULTAD DE HUMANIDADES\u00bb use_icon=\u00bbon\u00bb font_icon=\u00bb&#xf073;||fa||400&#8243; icon_color=\u00bb#009bdb\u00bb icon_placement=\u00bbleft\u00bb image_icon_width=\u00bb53px\u00bb content_max_width=\u00bb1100px\u00bb admin_label=\u00bbAnuncio: Ceremonia de titulaci\u00f3n: jueves 9 de noviembre de 2023 10.30 horas\u00bb _builder_version=\u00bb4.27.0&#8243; _module_preset=\u00bbdefault\u00bb header_font=\u00bb|800||on|||||\u00bb header_text_color=\u00bb#303030&#8243; header_font_size=\u00bb27px\u00bb body_font=\u00bb||||||||\u00bb body_text_color=\u00bb#0099cc\u00bb body_font_size=\u00bb16px\u00bb custom_margin=\u00bb||-1px|||\u00bb global_colors_info=\u00bb{}\u00bb]<\/p>\n<h1><strong>Martes 12 de noviembre de 2024, a las 10.30 horas<\/strong><\/h1>\n<p>Aula Dr. F\u00e9lix Morales Pettorino, Casa Central, Universidad de Playa Ancha.<\/p>\n<p>[\/et_pb_blurb][\/et_pb_column][\/et_pb_row][et_pb_row column_structure=\u00bb1_3,1_3,1_3&#8243; use_custom_gutter=\u00bbon\u00bb disabled_on=\u00bboff|off|off\u00bb _builder_version=\u00bb4.22.0&#8243; _module_preset=\u00bbdefault\u00bb width=\u00bb94%\u00bb max_width=\u00bb2560px\u00bb custom_padding=\u00bb18px||18px|||\u00bb global_colors_info=\u00bb{}\u00bb][et_pb_column type=\u00bb1_3&#8243; _builder_version=\u00bb4.17.6&#8243; _module_preset=\u00bbdefault\u00bb global_colors_info=\u00bb{}\u00bb][et_pb_toggle title=\u00bbPEDAGOG\u00cdA EN INGL\u00c9S\u00bb open_toggle_text_color=\u00bb#000000&#8243; open_toggle_background_color=\u00bb#FFFFFF\u00bb closed_toggle_background_color=\u00bb#FFFFFF\u00bb icon_color=\u00bb#009bdb\u00bb toggle_icon=\u00bb&#xe048;||divi||400&#8243; use_icon_font_size=\u00bbon\u00bb icon_font_size=\u00bb26px\u00bb open_icon_color=\u00bb#009bdb\u00bb open_toggle_icon=\u00bb&#xe047;||divi||400&#8243; open_use_icon_font_size=\u00bbon\u00bb open_icon_font_size=\u00bb26px\u00bb disabled_on=\u00bboff|off|off\u00bb admin_label=\u00bbEducador o Educadora de P\u00e1rvulos\u00bb _builder_version=\u00bb4.27.0&#8243; _module_preset=\u00bbdefault\u00bb title_text_color=\u00bb#000000&#8243; title_font=\u00bb|700||on|||||\u00bb border_radii=\u00bboff||20px||20px\u00bb global_colors_info=\u00bb{}\u00bb]<\/p>\n<table style=\"width: 90%; height: 1858px;\" border=\"0\" width=\"90%\" cellspacing=\"0\" cellpadding=\"0\">\n<tbody>\n<tr style=\"height: 24px;\">\n<td width=\"204\" style=\"width: 39.9381%; height: 24px;\"><strong>NOMBRE<\/strong><\/td>\n<td width=\"161\" style=\"width: 30.031%; height: 24px;\"><strong>APELLIDO PATERNO<\/strong><\/td>\n<td width=\"131\" style=\"width: 29.4118%; height: 24px;\"><strong>APELLIDO MATERNO<\/strong><\/td>\n<\/tr>\n<tr>\n<td width=\"205\" style=\"width: 39.9381%;\">AMPARO GABRIELA<\/td>\n<td width=\"269\" style=\"width: 30.031%;\">ABALLAY<\/td>\n<td width=\"164\" style=\"width: 29.4118%;\">VICENCIO<\/td>\n<\/tr>\n<tr>\n<td style=\"width: 39.9381%;\">BRAULIO ALEJANDRO<\/td>\n<td style=\"width: 30.031%;\">ABARCAS<\/td>\n<td style=\"width: 29.4118%;\">VIDAL<\/td>\n<\/tr>\n<tr>\n<td style=\"width: 39.9381%;\">KIARA SOF\u00cdA<\/td>\n<td style=\"width: 30.031%;\">ACEVEDO<\/td>\n<td style=\"width: 29.4118%;\">VALDIVIA<\/td>\n<\/tr>\n<tr>\n<td style=\"width: 39.9381%;\">CARLOS ANDR\u00c9S<\/td>\n<td style=\"width: 30.031%;\">AEDO<\/td>\n<td style=\"width: 29.4118%;\">BUGUE\u00d1O<\/td>\n<\/tr>\n<tr>\n<td style=\"width: 39.9381%;\">V\u00cdCTOR JAVIER<\/td>\n<td style=\"width: 30.031%;\">AGUILERA<\/td>\n<td style=\"width: 29.4118%;\">MALDONADO<\/td>\n<\/tr>\n<tr>\n<td style=\"width: 39.9381%;\">CATALINA MONTSERRAT<\/td>\n<td style=\"width: 30.031%;\">ALLENDES<\/td>\n<td style=\"width: 29.4118%;\">RETAMAL<\/td>\n<\/tr>\n<tr>\n<td style=\"width: 39.9381%;\">CONSTANZA ANDREA<\/td>\n<td style=\"width: 30.031%;\">BARR\u00cdA<\/td>\n<td style=\"width: 29.4118%;\">MAR\u00cdN<\/td>\n<\/tr>\n<tr>\n<td style=\"width: 39.9381%;\">CAMILA JAVIERA<\/td>\n<td style=\"width: 30.031%;\">CABRERA<\/td>\n<td style=\"width: 29.4118%;\">PARRAGUEZ<\/td>\n<\/tr>\n<tr>\n<td style=\"width: 39.9381%;\">JAVIERA SOLEDAD<\/td>\n<td style=\"width: 30.031%;\">C\u00c1CERES<\/td>\n<td style=\"width: 29.4118%;\">ESCOBAR<\/td>\n<\/tr>\n<tr>\n<td style=\"width: 39.9381%;\">CAROLINA DE LOURDES<\/td>\n<td style=\"width: 30.031%;\">CAMPOS<\/td>\n<td style=\"width: 29.4118%;\">DUR\u00c1N<\/td>\n<\/tr>\n<tr>\n<td style=\"width: 39.9381%;\">SAMANTHA ANASTASIA<\/td>\n<td style=\"width: 30.031%;\">DONOSO<\/td>\n<td style=\"width: 29.4118%;\">MUNIZAGA<\/td>\n<\/tr>\n<tr>\n<td style=\"width: 39.9381%;\">CECILIA ESCARLET<\/td>\n<td style=\"width: 30.031%;\">FUENTES<\/td>\n<td style=\"width: 29.4118%;\">OLIVERA<\/td>\n<\/tr>\n<tr>\n<td style=\"width: 39.9381%;\">ANTONIA LUZ<\/td>\n<td style=\"width: 30.031%;\">G\u00d3MEZ<\/td>\n<td style=\"width: 29.4118%;\">BERNAL<\/td>\n<\/tr>\n<tr>\n<td style=\"width: 39.9381%;\">BASTIAN IGNACIO<\/td>\n<td style=\"width: 30.031%;\">GONZALEZ<\/td>\n<td style=\"width: 29.4118%;\">RAMOGNINI<\/td>\n<\/tr>\n<tr>\n<td style=\"width: 39.9381%;\">JORGE PATRICIO<\/td>\n<td style=\"width: 30.031%;\">GONZ\u00c1LEZ<\/td>\n<td style=\"width: 29.4118%;\">FERN\u00c1NDEZ<\/td>\n<\/tr>\n<tr>\n<td style=\"width: 39.9381%;\">LUKAS MARCEL<\/td>\n<td style=\"width: 30.031%;\">GUZM\u00c1N<\/td>\n<td style=\"width: 29.4118%;\">C\u00d3RDOVA<\/td>\n<\/tr>\n<tr>\n<td style=\"width: 39.9381%;\">STEVEN ALEXANDER<\/td>\n<td style=\"width: 30.031%;\">JAMET<\/td>\n<td style=\"width: 29.4118%;\">SPITALIERI<\/td>\n<\/tr>\n<tr>\n<td style=\"width: 39.9381%;\">CONSUELO BERENISSE<\/td>\n<td style=\"width: 30.031%;\">LEWIS<\/td>\n<td style=\"width: 29.4118%;\">GAVIA<\/td>\n<\/tr>\n<tr>\n<td style=\"width: 39.9381%;\">GONZALO IGNACIO<\/td>\n<td style=\"width: 30.031%;\">LOYOLA<\/td>\n<td style=\"width: 29.4118%;\">CASANOVA<\/td>\n<\/tr>\n<tr>\n<td style=\"width: 39.9381%;\">JAVIERA VALENTINA<\/td>\n<td style=\"width: 30.031%;\">MU\u00d1OZ<\/td>\n<td style=\"width: 29.4118%;\">BERR\u00cdOS<\/td>\n<\/tr>\n<tr>\n<td style=\"width: 39.9381%;\">NICOL\u00c1S ALFREDO<\/td>\n<td style=\"width: 30.031%;\">PARADA<\/td>\n<td style=\"width: 29.4118%;\">GONZALEZ<\/td>\n<\/tr>\n<tr>\n<td style=\"width: 39.9381%;\">MARTINA PAZ<\/td>\n<td style=\"width: 30.031%;\">PIZARRO<\/td>\n<td style=\"width: 29.4118%;\">CONTRERAS<\/td>\n<\/tr>\n<tr>\n<td style=\"width: 39.9381%;\">LUCIANO ANDR\u00c9S<\/td>\n<td style=\"width: 30.031%;\">QUIROZ<\/td>\n<td style=\"width: 29.4118%;\">CID<\/td>\n<\/tr>\n<tr>\n<td style=\"width: 39.9381%;\">LIZBET<\/td>\n<td style=\"width: 30.031%;\">RIVERA<\/td>\n<td style=\"width: 29.4118%;\">HUKDHS<\/td>\n<\/tr>\n<tr>\n<td style=\"width: 39.9381%;\">KIMBERLY ROMINA<\/td>\n<td style=\"width: 30.031%;\">ROLD\u00c1N<\/td>\n<td style=\"width: 29.4118%;\">GONZ\u00c1LEZ<\/td>\n<\/tr>\n<tr>\n<td style=\"width: 39.9381%;\">TIHARE CAROLINA<\/td>\n<td style=\"width: 30.031%;\">SANDOVAL<\/td>\n<td style=\"width: 29.4118%;\">MEDINA<\/td>\n<\/tr>\n<tr>\n<td style=\"width: 39.9381%;\">SCARLETT<\/td>\n<td style=\"width: 30.031%;\">SIMONSEN<\/td>\n<td style=\"width: 29.4118%;\">MC FARLAN<\/td>\n<\/tr>\n<tr>\n<td style=\"width: 39.9381%;\">NICOLE STEFFANI<\/td>\n<td style=\"width: 30.031%;\">SUAZO<\/td>\n<td style=\"width: 29.4118%;\">GODOY<\/td>\n<\/tr>\n<tr>\n<td style=\"width: 39.9381%;\">KATHERINE ALEXANDRA<\/td>\n<td style=\"width: 30.031%;\">ULLOA<\/td>\n<td style=\"width: 29.4118%;\">TARIFE\u00d1O<\/td>\n<\/tr>\n<tr>\n<td style=\"width: 39.9381%;\">ELEAZAR FERNANDO<\/td>\n<td style=\"width: 30.031%;\">VALD\u00c9S<\/td>\n<td style=\"width: 29.4118%;\">CASTRO<\/td>\n<\/tr>\n<tr>\n<td style=\"width: 39.9381%;\">VALENTINA ANTONIA<\/td>\n<td style=\"width: 30.031%;\">VALLEJOS<\/td>\n<td style=\"width: 29.4118%;\">S\u00c1NCHEZ<\/td>\n<\/tr>\n<tr>\n<td style=\"width: 39.9381%;\">BASTI\u00c1N NICOL\u00c1S IGNACIO<\/td>\n<td style=\"width: 30.031%;\">VERDEJO<\/td>\n<td style=\"width: 29.4118%;\">ESTAY<\/td>\n<\/tr>\n<tr>\n<td style=\"width: 39.9381%;\">CRISTIAN MARCELO<\/td>\n<td style=\"width: 30.031%;\">VIDELA<\/td>\n<td style=\"width: 29.4118%;\">LIRA<\/td>\n<\/tr>\n<tr>\n<td style=\"width: 39.9381%;\">LUCIANO ANTONIO<\/td>\n<td style=\"width: 30.031%;\">VILCHES<\/td>\n<td style=\"width: 29.4118%;\">ALLIMANT<\/td>\n<\/tr>\n<tr>\n<td style=\"width: 39.9381%;\">JORGE ANDR\u00c9S<\/td>\n<td style=\"width: 30.031%;\">VILCHES<\/td>\n<td style=\"width: 29.4118%;\">\u00c1LVAREZ<\/td>\n<\/tr>\n<tr>\n<td style=\"width: 39.9381%;\">CONSTANZA ELLEN<\/td>\n<td style=\"width: 30.031%;\">VILLARROEL<\/td>\n<td style=\"width: 29.4118%;\">TIRAPEGUI<\/td>\n<\/tr>\n<\/tbody>\n<\/table>\n<p>[\/et_pb_toggle][\/et_pb_column][et_pb_column type=\u00bb1_3&#8243; _builder_version=\u00bb4.17.6&#8243; _module_preset=\u00bbdefault\u00bb global_colors_info=\u00bb{}\u00bb][et_pb_toggle title=\u00bbPEDAGOG\u00cdA EN INGL\u00c9S (VESPERTINO)\u00bb open_toggle_text_color=\u00bb#000000&#8243; open_toggle_background_color=\u00bb#FFFFFF\u00bb closed_toggle_background_color=\u00bb#FFFFFF\u00bb icon_color=\u00bb#009bdb\u00bb toggle_icon=\u00bb&#xe048;||divi||400&#8243; use_icon_font_size=\u00bbon\u00bb icon_font_size=\u00bb26px\u00bb open_icon_color=\u00bb#009bdb\u00bb open_toggle_icon=\u00bb&#xe047;||divi||400&#8243; open_use_icon_font_size=\u00bbon\u00bb open_icon_font_size=\u00bb26px\u00bb disabled_on=\u00bboff|off|off\u00bb admin_label=\u00bbEducador o Educadora de P\u00e1rvulos\u00bb _builder_version=\u00bb4.27.0&#8243; _module_preset=\u00bbdefault\u00bb title_text_color=\u00bb#000000&#8243; title_font=\u00bb|700||on|||||\u00bb border_radii=\u00bboff||20px||20px\u00bb global_colors_info=\u00bb{}\u00bb]<\/p>\n<table style=\"width: 90%; height: 1858px;\" border=\"0\" width=\"90%\" cellspacing=\"0\" cellpadding=\"0\">\n<tbody>\n<tr style=\"height: 24px;\">\n<td width=\"204\" style=\"width: 39.9381%; height: 24px;\"><strong>NOMBRE<\/strong><\/td>\n<td width=\"161\" style=\"width: 30.031%; height: 24px;\"><strong>APELLIDO PATERNO<\/strong><\/td>\n<td width=\"131\" style=\"width: 29.4118%; height: 24px;\"><strong>APELLIDO MATERNO<\/strong><\/td>\n<\/tr>\n<tr>\n<td width=\"205\" style=\"width: 39.9381%;\">PAULINA BEL\u00c9N<\/td>\n<td width=\"269\" style=\"width: 30.031%;\">AGUILAR<\/td>\n<td width=\"164\" style=\"width: 29.4118%;\">SOTO<\/td>\n<\/tr>\n<tr>\n<td style=\"width: 39.9381%;\">TAMARA NICOLE<\/td>\n<td style=\"width: 30.031%;\">TORRES<\/td>\n<td style=\"width: 29.4118%;\">MALDONADO<\/td>\n<\/tr>\n<\/tbody>\n<\/table>\n<p>[\/et_pb_toggle][\/et_pb_column][et_pb_column type=\u00bb1_3&#8243; _builder_version=\u00bb4.17.6&#8243; _module_preset=\u00bbdefault\u00bb global_colors_info=\u00bb{}\u00bb][et_pb_toggle title=\u00bbPEDAGOG\u00cdA EN HISTORIA Y GEOGRAF\u00cdA\u00bb open_toggle_text_color=\u00bb#000000&#8243; open_toggle_background_color=\u00bb#FFFFFF\u00bb closed_toggle_background_color=\u00bb#FFFFFF\u00bb icon_color=\u00bb#009bdb\u00bb toggle_icon=\u00bb&#xe048;||divi||400&#8243; use_icon_font_size=\u00bbon\u00bb icon_font_size=\u00bb26px\u00bb open_icon_color=\u00bb#009bdb\u00bb open_toggle_icon=\u00bb&#xe047;||divi||400&#8243; open_use_icon_font_size=\u00bbon\u00bb open_icon_font_size=\u00bb26px\u00bb disabled_on=\u00bboff|off|off\u00bb admin_label=\u00bbEducador o Educadora de P\u00e1rvulos\u00bb _builder_version=\u00bb4.27.0&#8243; _module_preset=\u00bbdefault\u00bb title_text_color=\u00bb#000000&#8243; title_font=\u00bb|700||on|||||\u00bb border_radii=\u00bboff||20px||20px\u00bb global_colors_info=\u00bb{}\u00bb]<\/p>\n<table style=\"width: 90%; height: 1858px;\" border=\"0\" width=\"90%\" cellspacing=\"0\" cellpadding=\"0\">\n<tbody>\n<tr style=\"height: 24px;\">\n<td width=\"204\" style=\"width: 39.9381%; height: 24px;\"><strong>NOMBRE<\/strong><\/td>\n<td width=\"161\" style=\"width: 30.031%; height: 24px;\"><strong>APELLIDO PATERNO<\/strong><\/td>\n<td width=\"131\" style=\"width: 29.4118%; height: 24px;\"><strong>APELLIDO MATERNO<\/strong><\/td>\n<\/tr>\n<tr>\n<td width=\"205\" style=\"width: 39.9381%;\">JAVIER IGNACIO<\/td>\n<td width=\"269\" style=\"width: 30.031%;\">AGUILERA<\/td>\n<td width=\"164\" style=\"width: 29.4118%;\">V\u00c1SQUEZ<\/td>\n<\/tr>\n<tr>\n<td style=\"width: 39.9381%;\">CAMILA ALEJANDRA<\/td>\n<td style=\"width: 30.031%;\">AGUIRRE<\/td>\n<td style=\"width: 29.4118%;\">RIQUELME<\/td>\n<\/tr>\n<tr>\n<td style=\"width: 39.9381%;\">JAIME AUGUSTO<\/td>\n<td style=\"width: 30.031%;\">ARAVENA<\/td>\n<td style=\"width: 29.4118%;\">JIM\u00c9NEZ<\/td>\n<\/tr>\n<tr>\n<td style=\"width: 39.9381%;\">NAYARETH ALEJANDRA<\/td>\n<td style=\"width: 30.031%;\">ASTUDILLO<\/td>\n<td style=\"width: 29.4118%;\">OJEDA<\/td>\n<\/tr>\n<tr>\n<td style=\"width: 39.9381%;\">AYELEN AIXA<\/td>\n<td style=\"width: 30.031%;\">ATHUAN<\/td>\n<td style=\"width: 29.4118%;\">M\u00c9NDEZ<\/td>\n<\/tr>\n<tr>\n<td style=\"width: 39.9381%;\">CARLOS ALBERTO<\/td>\n<td style=\"width: 30.031%;\">BARROS<\/td>\n<td style=\"width: 29.4118%;\">SOTO<\/td>\n<\/tr>\n<tr>\n<td style=\"width: 39.9381%;\">MARCELINO AGUSTO<\/td>\n<td style=\"width: 30.031%;\">CALDER\u00d3N<\/td>\n<td style=\"width: 29.4118%;\">SILVA<\/td>\n<\/tr>\n<tr>\n<td style=\"width: 39.9381%;\">MARCELO AARON<\/td>\n<td style=\"width: 30.031%;\">CARRASCO<\/td>\n<td style=\"width: 29.4118%;\">ORTIZ<\/td>\n<\/tr>\n<tr>\n<td style=\"width: 39.9381%;\">ESTEBAN ANDR\u00c9S<\/td>\n<td style=\"width: 30.031%;\">CARVAJAL<\/td>\n<td style=\"width: 29.4118%;\">MIRANDA<\/td>\n<\/tr>\n<tr>\n<td style=\"width: 39.9381%;\">CRISTIAN MARCELO<\/td>\n<td style=\"width: 30.031%;\">CORT\u00c9S<\/td>\n<td style=\"width: 29.4118%;\">OPAZO<\/td>\n<\/tr>\n<tr>\n<td style=\"width: 39.9381%;\">DIEGO EDUARDO<\/td>\n<td style=\"width: 30.031%;\">ESCOBEDO<\/td>\n<td style=\"width: 29.4118%;\">MI\u00d1O<\/td>\n<\/tr>\n<tr>\n<td style=\"width: 39.9381%;\">ANA MAR\u00cdA DEL CARMEN<\/td>\n<td style=\"width: 30.031%;\">GARROTE<\/td>\n<td style=\"width: 29.4118%;\">P\u00c9REZ<\/td>\n<\/tr>\n<tr>\n<td style=\"width: 39.9381%;\">ALEX ANTONIO<\/td>\n<td style=\"width: 30.031%;\">GONZ\u00c1LEZ<\/td>\n<td style=\"width: 29.4118%;\">JARA<\/td>\n<\/tr>\n<tr>\n<td style=\"width: 39.9381%;\">NAZARET PAZ<\/td>\n<td style=\"width: 30.031%;\">LEIVA<\/td>\n<td style=\"width: 29.4118%;\">MILLACARIS<\/td>\n<\/tr>\n<tr>\n<td style=\"width: 39.9381%;\">JES\u00daS BEL\u00c9N VALENTINA<\/td>\n<td style=\"width: 30.031%;\">MAMANI<\/td>\n<td style=\"width: 29.4118%;\">HERMOSILLA<\/td>\n<\/tr>\n<tr>\n<td style=\"width: 39.9381%;\">DIEGO EL\u00cdAS<\/td>\n<td style=\"width: 30.031%;\">MAR\u00cdN<\/td>\n<td style=\"width: 29.4118%;\">MU\u00d1OZ<\/td>\n<\/tr>\n<tr>\n<td style=\"width: 39.9381%;\">GONZALO ANDR\u00c9S<\/td>\n<td style=\"width: 30.031%;\">NOVOA<\/td>\n<td style=\"width: 29.4118%;\">AGUIRRE<\/td>\n<\/tr>\n<tr>\n<td style=\"width: 39.9381%;\">MANUEL EDUARDO<\/td>\n<td style=\"width: 30.031%;\">PARDO<\/td>\n<td style=\"width: 29.4118%;\">LAGOS<\/td>\n<\/tr>\n<tr>\n<td style=\"width: 39.9381%;\">GREGORY IGNACIO<\/td>\n<td style=\"width: 30.031%;\">PAREDES<\/td>\n<td style=\"width: 29.4118%;\">ARREDONDO<\/td>\n<\/tr>\n<tr>\n<td style=\"width: 39.9381%;\">DANIELLA PAULETTE<\/td>\n<td style=\"width: 30.031%;\">REYES<\/td>\n<td style=\"width: 29.4118%;\">GUARDIA<\/td>\n<\/tr>\n<tr>\n<td style=\"width: 39.9381%;\">CHRISTIAN REINALDO<\/td>\n<td style=\"width: 30.031%;\">RIOBO<\/td>\n<td style=\"width: 29.4118%;\">ARAYA<\/td>\n<\/tr>\n<tr>\n<td style=\"width: 39.9381%;\">MICKAELA ESTEFAN\u00cdA<\/td>\n<td style=\"width: 30.031%;\">ROJAS<\/td>\n<td style=\"width: 29.4118%;\">CORT\u00c9S<\/td>\n<\/tr>\n<tr>\n<td style=\"width: 39.9381%;\">TYFFANY MICAELA<\/td>\n<td style=\"width: 30.031%;\">SAAVEDRA<\/td>\n<td style=\"width: 29.4118%;\">MU\u00d1OZ<\/td>\n<\/tr>\n<tr>\n<td style=\"width: 39.9381%;\">RODRIGO ERNESTO<\/td>\n<td style=\"width: 30.031%;\">SANDOVAL<\/td>\n<td style=\"width: 29.4118%;\">CORNEJO<\/td>\n<\/tr>\n<tr>\n<td style=\"width: 39.9381%;\">RODRIGO ANDR\u00c9S<\/td>\n<td style=\"width: 30.031%;\">SEP\u00daLVEDA<\/td>\n<td style=\"width: 29.4118%;\">RUBILAR<\/td>\n<\/tr>\n<tr>\n<td style=\"width: 39.9381%;\">CINDY CRISTINA<\/td>\n<td style=\"width: 30.031%;\">VALD\u00c9S<\/td>\n<td style=\"width: 29.4118%;\">PINTO<\/td>\n<\/tr>\n<tr>\n<td style=\"width: 39.9381%;\">VICTORIA ANG\u00c9LICA<\/td>\n<td style=\"width: 30.031%;\">Z\u00da\u00d1IGA<\/td>\n<td style=\"width: 29.4118%;\">C\u00c9SPEDES<\/td>\n<\/tr>\n<\/tbody>\n<\/table>\n<p>[\/et_pb_toggle][\/et_pb_column][\/et_pb_row][et_pb_row column_structure=\u00bb1_3,1_3,1_3&#8243; use_custom_gutter=\u00bbon\u00bb disabled_on=\u00bboff|off|off\u00bb _builder_version=\u00bb4.22.0&#8243; _module_preset=\u00bbdefault\u00bb width=\u00bb94%\u00bb max_width=\u00bb2560px\u00bb custom_padding=\u00bb18px||18px|||\u00bb global_colors_info=\u00bb{}\u00bb][et_pb_column type=\u00bb1_3&#8243; _builder_version=\u00bb4.17.6&#8243; _module_preset=\u00bbdefault\u00bb global_colors_info=\u00bb{}\u00bb][et_pb_toggle title=\u00bbLICENCIATURA EN HISTORIA\u00bb open_toggle_text_color=\u00bb#000000&#8243; open_toggle_background_color=\u00bb#FFFFFF\u00bb closed_toggle_background_color=\u00bb#FFFFFF\u00bb icon_color=\u00bb#009bdb\u00bb toggle_icon=\u00bb&#xe048;||divi||400&#8243; use_icon_font_size=\u00bbon\u00bb icon_font_size=\u00bb26px\u00bb open_icon_color=\u00bb#009bdb\u00bb open_toggle_icon=\u00bb&#xe047;||divi||400&#8243; open_use_icon_font_size=\u00bbon\u00bb open_icon_font_size=\u00bb26px\u00bb disabled_on=\u00bboff|off|off\u00bb admin_label=\u00bbEducador o Educadora de P\u00e1rvulos\u00bb _builder_version=\u00bb4.27.0&#8243; _module_preset=\u00bbdefault\u00bb title_text_color=\u00bb#000000&#8243; title_font=\u00bb|700||on|||||\u00bb border_radii=\u00bboff||20px||20px\u00bb global_colors_info=\u00bb{}\u00bb]<\/p>\n<table style=\"width: 90%; height: 1858px;\" border=\"0\" width=\"90%\" cellspacing=\"0\" cellpadding=\"0\">\n<tbody>\n<tr style=\"height: 24px;\">\n<td width=\"204\" style=\"width: 39.9381%; height: 24px;\"><strong>NOMBRE<\/strong><\/td>\n<td width=\"161\" style=\"width: 30.031%; height: 24px;\"><strong>APELLIDO PATERNO<\/strong><\/td>\n<td width=\"131\" style=\"width: 29.4118%; height: 24px;\"><strong>APELLIDO MATERNO<\/strong><\/td>\n<\/tr>\n<tr>\n<td width=\"205\" style=\"width: 39.9381%;\">ALDO SEBASTI\u00c1N<\/td>\n<td width=\"269\" style=\"width: 30.031%;\">MENESES<\/td>\n<td width=\"164\" style=\"width: 29.4118%;\">INOSTROZA<\/td>\n<\/tr>\n<\/tbody>\n<\/table>\n<p>[\/et_pb_toggle][\/et_pb_column][et_pb_column type=\u00bb1_3&#8243; _builder_version=\u00bb4.17.6&#8243; _module_preset=\u00bbdefault\u00bb global_colors_info=\u00bb{}\u00bb][et_pb_toggle title=\u00bbPEDAGOG\u00cdA EN FILOSOF\u00cdA\u00bb open_toggle_text_color=\u00bb#000000&#8243; open_toggle_background_color=\u00bb#FFFFFF\u00bb closed_toggle_background_color=\u00bb#FFFFFF\u00bb icon_color=\u00bb#009bdb\u00bb toggle_icon=\u00bb&#xe048;||divi||400&#8243; use_icon_font_size=\u00bbon\u00bb icon_font_size=\u00bb26px\u00bb open_icon_color=\u00bb#009bdb\u00bb open_toggle_icon=\u00bb&#xe047;||divi||400&#8243; open_use_icon_font_size=\u00bbon\u00bb open_icon_font_size=\u00bb26px\u00bb disabled_on=\u00bboff|off|off\u00bb admin_label=\u00bbEducador o Educadora de P\u00e1rvulos\u00bb _builder_version=\u00bb4.27.0&#8243; _module_preset=\u00bbdefault\u00bb title_text_color=\u00bb#000000&#8243; title_font=\u00bb|700||on|||||\u00bb border_radii=\u00bboff||20px||20px\u00bb global_colors_info=\u00bb{}\u00bb]<\/p>\n<table style=\"width: 90%; height: 1858px;\" border=\"0\" width=\"90%\" cellspacing=\"0\" cellpadding=\"0\">\n<tbody>\n<tr style=\"height: 24px;\">\n<td width=\"204\" style=\"width: 39.9381%; height: 24px;\"><strong>NOMBRE<\/strong><\/td>\n<td width=\"161\" style=\"width: 30.031%; height: 24px;\"><strong>APELLIDO PATERNO<\/strong><\/td>\n<td width=\"131\" style=\"width: 29.4118%; height: 24px;\"><strong>APELLIDO MATERNO<\/strong><\/td>\n<\/tr>\n<tr>\n<td width=\"205\" style=\"width: 39.9381%;\">ESTEBAN ANDR\u00c9S<\/td>\n<td width=\"269\" style=\"width: 30.031%;\">CARROZA<\/td>\n<td width=\"164\" style=\"width: 29.4118%;\">TAPIA<\/td>\n<\/tr>\n<tr>\n<td style=\"width: 39.9381%;\">RODRIGO IGNACIO<\/td>\n<td style=\"width: 30.031%;\">CARVAJAL<\/td>\n<td style=\"width: 29.4118%;\">CAPECHI<\/td>\n<\/tr>\n<tr>\n<td style=\"width: 39.9381%;\">CAROLINA YOHANA<\/td>\n<td style=\"width: 30.031%;\">CASTILLO<\/td>\n<td style=\"width: 29.4118%;\">ARAYA<\/td>\n<\/tr>\n<tr>\n<td style=\"width: 39.9381%;\">ELENA CATALINA<\/td>\n<td style=\"width: 30.031%;\">RIVAS<\/td>\n<td style=\"width: 29.4118%;\">CAMBISE<\/td>\n<\/tr>\n<tr>\n<td style=\"width: 39.9381%;\">MACARENA DEL PILAR<\/td>\n<td style=\"width: 30.031%;\">YUPANQUI<\/td>\n<td style=\"width: 29.4118%;\">ROA<\/td>\n<\/tr>\n<\/tbody>\n<\/table>\n<p>[\/et_pb_toggle][\/et_pb_column][et_pb_column type=\u00bb1_3&#8243; _builder_version=\u00bb4.17.6&#8243; _module_preset=\u00bbdefault\u00bb global_colors_info=\u00bb{}\u00bb][et_pb_toggle title=\u00bbLICENCIATURA EN FILOSOF\u00cdA\u00bb open_toggle_text_color=\u00bb#000000&#8243; open_toggle_background_color=\u00bb#FFFFFF\u00bb closed_toggle_background_color=\u00bb#FFFFFF\u00bb icon_color=\u00bb#009bdb\u00bb toggle_icon=\u00bb&#xe048;||divi||400&#8243; use_icon_font_size=\u00bbon\u00bb icon_font_size=\u00bb26px\u00bb open_icon_color=\u00bb#009bdb\u00bb open_toggle_icon=\u00bb&#xe047;||divi||400&#8243; open_use_icon_font_size=\u00bbon\u00bb open_icon_font_size=\u00bb26px\u00bb disabled_on=\u00bboff|off|off\u00bb admin_label=\u00bbEducador o Educadora de P\u00e1rvulos\u00bb _builder_version=\u00bb4.27.0&#8243; _module_preset=\u00bbdefault\u00bb title_text_color=\u00bb#000000&#8243; title_font=\u00bb|700||on|||||\u00bb border_radii=\u00bboff||20px||20px\u00bb global_colors_info=\u00bb{}\u00bb]<\/p>\n<table style=\"width: 90%; height: 1858px;\" border=\"0\" width=\"90%\" cellspacing=\"0\" cellpadding=\"0\">\n<tbody>\n<tr style=\"height: 24px;\">\n<td width=\"204\" style=\"width: 39.9381%; height: 24px;\"><strong>NOMBRE<\/strong><\/td>\n<td width=\"161\" style=\"width: 30.031%; height: 24px;\"><strong>APELLIDO PATERNO<\/strong><\/td>\n<td width=\"131\" style=\"width: 29.4118%; height: 24px;\"><strong>APELLIDO MATERNO<\/strong><\/td>\n<\/tr>\n<tr>\n<td width=\"205\" style=\"width: 39.9381%;\">LUIS ESTEBAN<\/td>\n<td width=\"269\" style=\"width: 30.031%;\">MANZO<\/td>\n<td width=\"164\" style=\"width: 29.4118%;\">GUAQUIL<\/td>\n<\/tr>\n<\/tbody>\n<\/table>\n<p>[\/et_pb_toggle][\/et_pb_column][\/et_pb_row][et_pb_row column_structure=\u00bb1_3,1_3,1_3&#8243; use_custom_gutter=\u00bbon\u00bb disabled_on=\u00bboff|off|off\u00bb _builder_version=\u00bb4.22.0&#8243; _module_preset=\u00bbdefault\u00bb width=\u00bb94%\u00bb max_width=\u00bb2560px\u00bb custom_padding=\u00bb18px||18px|||\u00bb global_colors_info=\u00bb{}\u00bb][et_pb_column type=\u00bb1_3&#8243; _builder_version=\u00bb4.17.6&#8243; _module_preset=\u00bbdefault\u00bb global_colors_info=\u00bb{}\u00bb][et_pb_toggle title=\u00bbTRADUCCI\u00d3N FRANC\u00c9S &#8211; ESPA\u00d1OL\u00bb open_toggle_text_color=\u00bb#000000&#8243; open_toggle_background_color=\u00bb#FFFFFF\u00bb closed_toggle_background_color=\u00bb#FFFFFF\u00bb icon_color=\u00bb#009bdb\u00bb toggle_icon=\u00bb&#xe048;||divi||400&#8243; use_icon_font_size=\u00bbon\u00bb icon_font_size=\u00bb26px\u00bb open_icon_color=\u00bb#009bdb\u00bb open_toggle_icon=\u00bb&#xe047;||divi||400&#8243; open_use_icon_font_size=\u00bbon\u00bb open_icon_font_size=\u00bb26px\u00bb disabled_on=\u00bboff|off|off\u00bb admin_label=\u00bbEducador o Educadora de P\u00e1rvulos\u00bb _builder_version=\u00bb4.27.0&#8243; _module_preset=\u00bbdefault\u00bb title_text_color=\u00bb#000000&#8243; title_font=\u00bb|700||on|||||\u00bb border_radii=\u00bboff||20px||20px\u00bb global_colors_info=\u00bb{}\u00bb]<\/p>\n<table style=\"width: 90%; height: 1858px;\" border=\"0\" width=\"90%\" cellspacing=\"0\" cellpadding=\"0\">\n<tbody>\n<tr style=\"height: 24px;\">\n<td width=\"204\" style=\"width: 39.9381%; height: 24px;\"><strong>NOMBRE<\/strong><\/td>\n<td width=\"161\" style=\"width: 30.031%; height: 24px;\"><strong>APELLIDO PATERNO<\/strong><\/td>\n<td width=\"131\" style=\"width: 29.4118%; height: 24px;\"><strong>APELLIDO MATERNO<\/strong><\/td>\n<\/tr>\n<tr>\n<td width=\"205\" style=\"width: 39.9381%;\">ERIKA JACQUELINE<\/td>\n<td width=\"269\" style=\"width: 30.031%;\">AGUILERA<\/td>\n<td width=\"164\" style=\"width: 29.4118%;\">GONZ\u00c1LEZ<\/td>\n<\/tr>\n<\/tbody>\n<\/table>\n<p>[\/et_pb_toggle][\/et_pb_column][et_pb_column type=\u00bb1_3&#8243; _builder_version=\u00bb4.17.6&#8243; _module_preset=\u00bbdefault\u00bb global_colors_info=\u00bb{}\u00bb][\/et_pb_column][et_pb_column type=\u00bb1_3&#8243; _builder_version=\u00bb4.17.6&#8243; _module_preset=\u00bbdefault\u00bb global_colors_info=\u00bb{}\u00bb][\/et_pb_column][\/et_pb_row][et_pb_row use_custom_gutter=\u00bbon\u00bb disabled_on=\u00bboff|off|off\u00bb _builder_version=\u00bb4.22.0&#8243; _module_preset=\u00bbdefault\u00bb width=\u00bb94%\u00bb max_width=\u00bb2560px\u00bb custom_padding=\u00bb18px||18px|||\u00bb global_colors_info=\u00bb{}\u00bb][et_pb_column type=\u00bb4_4&#8243; _builder_version=\u00bb4.17.6&#8243; _module_preset=\u00bbdefault\u00bb global_colors_info=\u00bb{}\u00bb][et_pb_blurb use_icon=\u00bbon\u00bb font_icon=\u00bb&#x45;||divi||400&#8243; icon_color=\u00bb#009bdb\u00bb icon_placement=\u00bbleft\u00bb image_icon_width=\u00bb53px\u00bb content_max_width=\u00bb1100px\u00bb admin_label=\u00bbAnuncio: Ceremonia de titulaci\u00f3n: jueves 9 de noviembre de 2023 10.30 horas\u00bb _builder_version=\u00bb4.27.0&#8243; _module_preset=\u00bbdefault\u00bb header_font=\u00bb|800||on|||||\u00bb header_text_color=\u00bb#303030&#8243; header_font_size=\u00bb27px\u00bb body_font=\u00bb||||||||\u00bb body_text_color=\u00bb#0099cc\u00bb body_font_size=\u00bb16px\u00bb custom_margin=\u00bb||-1px|||\u00bb global_colors_info=\u00bb{}\u00bb]<\/p>\n<h1><strong>Martes 12 de noviembre de 2024, a las 15.30 horas<\/strong><\/h1>\n<p>Aula Dr. F\u00e9lix Morales Pettorino, Casa Central, Universidad de Playa Ancha.<\/p>\n<p>[\/et_pb_blurb][\/et_pb_column][\/et_pb_row][et_pb_row column_structure=\u00bb1_3,1_3,1_3&#8243; use_custom_gutter=\u00bbon\u00bb disabled_on=\u00bboff|off|off\u00bb _builder_version=\u00bb4.22.0&#8243; _module_preset=\u00bbdefault\u00bb width=\u00bb94%\u00bb max_width=\u00bb2560px\u00bb custom_padding=\u00bb18px||18px|||\u00bb global_colors_info=\u00bb{}\u00bb][et_pb_column type=\u00bb1_3&#8243; _builder_version=\u00bb4.17.6&#8243; _module_preset=\u00bbdefault\u00bb global_colors_info=\u00bb{}\u00bb][et_pb_toggle title=\u00bbPEDAGOG\u00cdA EN CASTELLANO\u00bb open_toggle_text_color=\u00bb#000000&#8243; open_toggle_background_color=\u00bb#FFFFFF\u00bb closed_toggle_background_color=\u00bb#FFFFFF\u00bb icon_color=\u00bb#009bdb\u00bb toggle_icon=\u00bb&#xe048;||divi||400&#8243; use_icon_font_size=\u00bbon\u00bb icon_font_size=\u00bb26px\u00bb open_icon_color=\u00bb#009bdb\u00bb open_toggle_icon=\u00bb&#xe047;||divi||400&#8243; open_use_icon_font_size=\u00bbon\u00bb open_icon_font_size=\u00bb26px\u00bb disabled_on=\u00bboff|off|off\u00bb admin_label=\u00bbEducador o Educadora de P\u00e1rvulos\u00bb _builder_version=\u00bb4.27.0&#8243; _module_preset=\u00bbdefault\u00bb title_text_color=\u00bb#000000&#8243; title_font=\u00bb|700||on|||||\u00bb border_radii=\u00bboff||20px||20px\u00bb global_colors_info=\u00bb{}\u00bb]<\/p>\n<table style=\"width: 90%; height: 1872px;\" border=\"0\" width=\"90%\" cellspacing=\"0\" cellpadding=\"0\">\n<tbody>\n<tr style=\"height: 24px;\">\n<td width=\"204\" style=\"width: 39.9381%; height: 24px;\"><strong>NOMBRE<\/strong><\/td>\n<td width=\"161\" style=\"width: 30.031%; height: 24px;\"><strong>APELLIDO PATERNO<\/strong><\/td>\n<td width=\"131\" style=\"width: 29.4118%; height: 24px;\"><strong>APELLIDO MATERNO<\/strong><\/td>\n<\/tr>\n<tr>\n<td width=\"205\" style=\"width: 39.9381%;\">LLANCA RAYEN<\/td>\n<td width=\"269\" style=\"width: 30.031%;\">AILLAP\u00c1N<\/td>\n<td width=\"164\" style=\"width: 29.4118%;\">FIGUEROA<\/td>\n<\/tr>\n<tr>\n<td style=\"width: 39.9381%;\">LUZ MAR\u00cdA<\/td>\n<td style=\"width: 30.031%;\">ALPUY<\/td>\n<td style=\"width: 29.4118%;\">MORAGA<\/td>\n<\/tr>\n<tr>\n<td style=\"width: 39.9381%;\">DIEGO ANDR\u00c9S<\/td>\n<td style=\"width: 30.031%;\">ARACENA<\/td>\n<td style=\"width: 29.4118%;\">FERN\u00c1NDEZ<\/td>\n<\/tr>\n<tr>\n<td style=\"width: 39.9381%;\">CATALINA ANTONIA<\/td>\n<td style=\"width: 30.031%;\">ARAYA<\/td>\n<td style=\"width: 29.4118%;\">BUGUE\u00d1O<\/td>\n<\/tr>\n<tr>\n<td style=\"width: 39.9381%;\">CATALINA MARCELA BEL\u00c9N<\/td>\n<td style=\"width: 30.031%;\">BARCENA<\/td>\n<td style=\"width: 29.4118%;\">CARVAJAL<\/td>\n<\/tr>\n<tr>\n<td style=\"width: 39.9381%;\">CLAUDIO FELIPE<\/td>\n<td style=\"width: 30.031%;\">BARRAZA<\/td>\n<td style=\"width: 29.4118%;\">BUSTAMANTE<\/td>\n<\/tr>\n<tr>\n<td style=\"width: 39.9381%;\">TAMARA ALEJANDRA<\/td>\n<td style=\"width: 30.031%;\">BERNALES<\/td>\n<td style=\"width: 29.4118%;\">PEIRANO<\/td>\n<\/tr>\n<tr>\n<td style=\"width: 39.9381%;\">LORENA ANDREA<\/td>\n<td style=\"width: 30.031%;\">CARCEY<\/td>\n<td style=\"width: 29.4118%;\">BERM\u00daDEZ<\/td>\n<\/tr>\n<tr>\n<td style=\"width: 39.9381%;\">ISIDORA ALEJANDRA<\/td>\n<td style=\"width: 30.031%;\">CARO<\/td>\n<td style=\"width: 29.4118%;\">FERN\u00c1NDEZ<\/td>\n<\/tr>\n<tr>\n<td style=\"width: 39.9381%;\">MART\u00cdN EMILIO<\/td>\n<td style=\"width: 30.031%;\">CARRE\u00d1O<\/td>\n<td style=\"width: 29.4118%;\">N\u00da\u00d1EZ<\/td>\n<\/tr>\n<tr>\n<td style=\"width: 39.9381%;\">JAVIERA IGNACIA<\/td>\n<td style=\"width: 30.031%;\">CUMPLIDO<\/td>\n<td style=\"width: 29.4118%;\">V\u00c1SQUEZ<\/td>\n<\/tr>\n<tr>\n<td style=\"width: 39.9381%;\">JOAQU\u00cdN AN\u00cdBAL<\/td>\n<td style=\"width: 30.031%;\">DELGADILLO<\/td>\n<td style=\"width: 29.4118%;\">CH\u00c1VEZ<\/td>\n<\/tr>\n<tr>\n<td style=\"width: 39.9381%;\">JACKELINE MARIANA<\/td>\n<td style=\"width: 30.031%;\">DUR\u00c1N<\/td>\n<td style=\"width: 29.4118%;\">AG\u00dcERO<\/td>\n<\/tr>\n<tr>\n<td style=\"width: 39.9381%;\">PABLO ANDR\u00c9S<\/td>\n<td style=\"width: 30.031%;\">ESPINOZA<\/td>\n<td style=\"width: 29.4118%;\">CASTILLO<\/td>\n<\/tr>\n<tr>\n<td style=\"width: 39.9381%;\">ELKALN JAVIER<\/td>\n<td style=\"width: 30.031%;\">FAJARDO<\/td>\n<td style=\"width: 29.4118%;\">ARAYA<\/td>\n<\/tr>\n<tr>\n<td style=\"width: 39.9381%;\">DYLAN ANDR\u00c9S<\/td>\n<td style=\"width: 30.031%;\">GATICA<\/td>\n<td style=\"width: 29.4118%;\">GUERRA<\/td>\n<\/tr>\n<tr>\n<td style=\"width: 39.9381%;\">GERALDINNE ESTEFAN\u00cdA<\/td>\n<td style=\"width: 30.031%;\">GONZ\u00c1LEZ<\/td>\n<td style=\"width: 29.4118%;\">ROCCO<\/td>\n<\/tr>\n<tr>\n<td style=\"width: 39.9381%;\">JOSEPH CHRIS<\/td>\n<td style=\"width: 30.031%;\">GUERRERO<\/td>\n<td style=\"width: 29.4118%;\">OLIVARES<\/td>\n<\/tr>\n<tr>\n<td style=\"width: 39.9381%;\">CATALINA ALEJANDRA<\/td>\n<td style=\"width: 30.031%;\">HERRERA<\/td>\n<td style=\"width: 29.4118%;\">ALFARO<\/td>\n<\/tr>\n<tr>\n<td style=\"width: 39.9381%;\">DIANA BEL\u00c9N<\/td>\n<td style=\"width: 30.031%;\">MALDONADO<\/td>\n<td style=\"width: 29.4118%;\">TORRES<\/td>\n<\/tr>\n<tr>\n<td style=\"width: 39.9381%;\">ROMINA SCARLETTE<\/td>\n<td style=\"width: 30.031%;\">M\u00c1RQUEZ<\/td>\n<td style=\"width: 29.4118%;\">DUARTE<\/td>\n<\/tr>\n<tr>\n<td style=\"width: 39.9381%;\">MARIANA FERNANDA<\/td>\n<td style=\"width: 30.031%;\">MART\u00cdNEZ<\/td>\n<td style=\"width: 29.4118%;\">MARAMBIO<\/td>\n<\/tr>\n<tr>\n<td style=\"width: 39.9381%;\">AYLENE YAMILE<\/td>\n<td style=\"width: 30.031%;\">MEZA<\/td>\n<td style=\"width: 29.4118%;\">GONZ\u00c1LEZ<\/td>\n<\/tr>\n<tr>\n<td style=\"width: 39.9381%;\">CLAUDIA ANDREA<\/td>\n<td style=\"width: 30.031%;\">MONTENEGRO<\/td>\n<td style=\"width: 29.4118%;\">RIVAS<\/td>\n<\/tr>\n<tr>\n<td style=\"width: 39.9381%;\">ALEJANDRO MARCELO<\/td>\n<td style=\"width: 30.031%;\">MONTT<\/td>\n<td style=\"width: 29.4118%;\">COLLAO<\/td>\n<\/tr>\n<tr>\n<td style=\"width: 39.9381%;\">MONSERRAT VALENTINA<\/td>\n<td style=\"width: 30.031%;\">MORAGA<\/td>\n<td style=\"width: 29.4118%;\">JIM\u00c9NEZ<\/td>\n<\/tr>\n<tr>\n<td style=\"width: 39.9381%;\">TANYA PAMELA<\/td>\n<td style=\"width: 30.031%;\">MU\u00d1OZ<\/td>\n<td style=\"width: 29.4118%;\">VALDEBENITO<\/td>\n<\/tr>\n<tr>\n<td style=\"width: 39.9381%;\">DANIELA FERNANDA<\/td>\n<td style=\"width: 30.031%;\">OLIVARES<\/td>\n<td style=\"width: 29.4118%;\">MOLINA<\/td>\n<\/tr>\n<tr>\n<td style=\"width: 39.9381%;\">NOELIA BEATRIZ<\/td>\n<td style=\"width: 30.031%;\">OLIVARES<\/td>\n<td style=\"width: 29.4118%;\">SERRANO<\/td>\n<\/tr>\n<tr>\n<td style=\"width: 39.9381%;\">PALOMA JANIS<\/td>\n<td style=\"width: 30.031%;\">PALMA<\/td>\n<td style=\"width: 29.4118%;\">V\u00c1SQUEZ<\/td>\n<\/tr>\n<tr>\n<td style=\"width: 39.9381%;\">JAVIERA PAZ<\/td>\n<td style=\"width: 30.031%;\">PATELLI<\/td>\n<td style=\"width: 29.4118%;\">NARV\u00c1EZ<\/td>\n<\/tr>\n<tr>\n<td style=\"width: 39.9381%;\">PAULA FRANCISCA<\/td>\n<td style=\"width: 30.031%;\">PATI\u00d1O<\/td>\n<td style=\"width: 29.4118%;\">SOTO<\/td>\n<\/tr>\n<tr>\n<td style=\"width: 39.9381%;\">MARIA JESUS<\/td>\n<td style=\"width: 30.031%;\">PEDEMONTE<\/td>\n<td style=\"width: 29.4118%;\">LOPEZ<\/td>\n<\/tr>\n<tr>\n<td style=\"width: 39.9381%;\">MARION IN\u00c9S<\/td>\n<td style=\"width: 30.031%;\">PINO<\/td>\n<td style=\"width: 29.4118%;\">MALDONADO<\/td>\n<\/tr>\n<tr>\n<td style=\"width: 39.9381%;\">FRANCA JAVIERA<\/td>\n<td style=\"width: 30.031%;\">RAM\u00cdREZ<\/td>\n<td style=\"width: 29.4118%;\">SALINAS<\/td>\n<\/tr>\n<tr>\n<td style=\"width: 39.9381%;\">TIARE ALEJANDRA<\/td>\n<td style=\"width: 30.031%;\">REYES<\/td>\n<td style=\"width: 29.4118%;\">VALENZUELA<\/td>\n<\/tr>\n<tr>\n<td style=\"width: 39.9381%;\">JEIMMY ANTONIA<\/td>\n<td style=\"width: 30.031%;\">ROJAS<\/td>\n<td style=\"width: 29.4118%;\">D\u00cdAZ<\/td>\n<\/tr>\n<tr>\n<td style=\"width: 39.9381%;\">GABRIELA VALENTINA<\/td>\n<td style=\"width: 30.031%;\">ROMERO<\/td>\n<td style=\"width: 29.4118%;\">C\u00c1RDENAS<\/td>\n<\/tr>\n<tr>\n<td style=\"width: 39.9381%;\">MARTINA AMANDA<\/td>\n<td style=\"width: 30.031%;\">SANHUEZA<\/td>\n<td style=\"width: 29.4118%;\">SAAVEDRA<\/td>\n<\/tr>\n<tr>\n<td style=\"width: 39.9381%;\">TIARE DAYANA<\/td>\n<td style=\"width: 30.031%;\">SILVA<\/td>\n<td style=\"width: 29.4118%;\">GRONDONA<\/td>\n<\/tr>\n<tr>\n<td style=\"width: 39.9381%;\">CAROLINA BEL\u00c9N<\/td>\n<td style=\"width: 30.031%;\">SILVA<\/td>\n<td style=\"width: 29.4118%;\">P\u00c9REZ<\/td>\n<\/tr>\n<tr>\n<td style=\"width: 39.9381%;\">JAVIERA ANDREA<\/td>\n<td style=\"width: 30.031%;\">SOTO<\/td>\n<td style=\"width: 29.4118%;\">ALFARO<\/td>\n<\/tr>\n<tr>\n<td style=\"width: 39.9381%;\">CONIE ELIZABETH<\/td>\n<td style=\"width: 30.031%;\">SOTO<\/td>\n<td style=\"width: 29.4118%;\">MORALES<\/td>\n<\/tr>\n<tr>\n<td style=\"width: 39.9381%;\">CELINE CLAIRE<\/td>\n<td style=\"width: 30.031%;\">THIBAUT<\/td>\n<td style=\"width: 29.4118%;\">HERN\u00c1NDEZ<\/td>\n<\/tr>\n<tr>\n<td style=\"width: 39.9381%;\">VANESSA EKATHERINA<\/td>\n<td style=\"width: 30.031%;\">TORRES<\/td>\n<td style=\"width: 29.4118%;\">CORT\u00c9S<\/td>\n<\/tr>\n<tr>\n<td style=\"width: 39.9381%;\">FERNANDA CONSTANZA<\/td>\n<td style=\"width: 30.031%;\">TRONCOSO<\/td>\n<td style=\"width: 29.4118%;\">AMACHE<\/td>\n<\/tr>\n<tr>\n<td style=\"width: 39.9381%;\">CATHALINA IGNACIA<\/td>\n<td style=\"width: 30.031%;\">UGALDE<\/td>\n<td style=\"width: 29.4118%;\">LUFIN<\/td>\n<\/tr>\n<tr>\n<td style=\"width: 39.9381%;\">CAMILA ALEJANDRA<\/td>\n<td style=\"width: 30.031%;\">URETA<\/td>\n<td style=\"width: 29.4118%;\">CUELLO<\/td>\n<\/tr>\n<tr>\n<td style=\"width: 39.9381%;\">DANIELA FERNANDA<\/td>\n<td style=\"width: 30.031%;\">VALD\u00c9S<\/td>\n<td style=\"width: 29.4118%;\">CONTRERAS<\/td>\n<\/tr>\n<tr>\n<td style=\"width: 39.9381%;\">YULISSA PAMELA<\/td>\n<td style=\"width: 30.031%;\">VARGAS<\/td>\n<td style=\"width: 29.4118%;\">REYES<\/td>\n<\/tr>\n<tr>\n<td style=\"width: 39.9381%;\">LISBETH CELENA<\/td>\n<td style=\"width: 30.031%;\">VIDAL<\/td>\n<td style=\"width: 29.4118%;\">ALCAYAGA<\/td>\n<\/tr>\n<tr>\n<td style=\"width: 39.9381%;\">DANIELA FERNANDA<\/td>\n<td style=\"width: 30.031%;\">VIDAL<\/td>\n<td style=\"width: 29.4118%;\">MATURANA<\/td>\n<\/tr>\n<\/tbody>\n<\/table>\n<p>[\/et_pb_toggle][\/et_pb_column][et_pb_column type=\u00bb1_3&#8243; _builder_version=\u00bb4.17.6&#8243; _module_preset=\u00bbdefault\u00bb global_colors_info=\u00bb{}\u00bb][et_pb_toggle title=\u00bbADMINISTRACI\u00d3N TUR\u00cdSTICA MULTILING\u00dcE\u00bb open_toggle_text_color=\u00bb#000000&#8243; open_toggle_background_color=\u00bb#FFFFFF\u00bb closed_toggle_background_color=\u00bb#FFFFFF\u00bb icon_color=\u00bb#009bdb\u00bb toggle_icon=\u00bb&#xe048;||divi||400&#8243; use_icon_font_size=\u00bbon\u00bb icon_font_size=\u00bb26px\u00bb open_icon_color=\u00bb#009bdb\u00bb open_toggle_icon=\u00bb&#xe047;||divi||400&#8243; open_use_icon_font_size=\u00bbon\u00bb open_icon_font_size=\u00bb26px\u00bb disabled_on=\u00bboff|off|off\u00bb admin_label=\u00bbEducador o Educadora de P\u00e1rvulos\u00bb _builder_version=\u00bb4.27.0&#8243; _module_preset=\u00bbdefault\u00bb title_text_color=\u00bb#000000&#8243; title_font=\u00bb|700||on|||||\u00bb border_radii=\u00bboff||20px||20px\u00bb global_colors_info=\u00bb{}\u00bb]<\/p>\n<table style=\"width: 90%; height: 1872px;\" border=\"0\" width=\"90%\" cellspacing=\"0\" cellpadding=\"0\">\n<tbody>\n<tr style=\"height: 24px;\">\n<td width=\"204\" style=\"width: 39.9381%; height: 24px;\"><strong>NOMBRE<\/strong><\/td>\n<td width=\"161\" style=\"width: 30.031%; height: 24px;\"><strong>APELLIDO PATERNO<\/strong><\/td>\n<td width=\"131\" style=\"width: 29.4118%; height: 24px;\"><strong>APELLIDO MATERNO<\/strong><\/td>\n<\/tr>\n<tr>\n<td width=\"205\" style=\"width: 39.9381%;\">LEONARDO ESTEBAN<\/td>\n<td width=\"269\" style=\"width: 30.031%;\">BRAVO<\/td>\n<td width=\"164\" style=\"width: 29.4118%;\">HORMAZ\u00c1BAL<\/td>\n<\/tr>\n<tr>\n<td style=\"width: 39.9381%;\">CAROLINA ALEJANDRA<\/td>\n<td style=\"width: 30.031%;\">BUSTOS<\/td>\n<td style=\"width: 29.4118%;\">VILLARROEL<\/td>\n<\/tr>\n<tr>\n<td style=\"width: 39.9381%;\">TIARE SCARLETT<\/td>\n<td style=\"width: 30.031%;\">CELIS<\/td>\n<td style=\"width: 29.4118%;\">CASTILLO<\/td>\n<\/tr>\n<tr>\n<td style=\"width: 39.9381%;\">DANIELA FERNANDA<\/td>\n<td style=\"width: 30.031%;\">CORT\u00c9S<\/td>\n<td style=\"width: 29.4118%;\">\u00c1LVAREZ<\/td>\n<\/tr>\n<tr>\n<td style=\"width: 39.9381%;\">NADIA VALENTINA<\/td>\n<td style=\"width: 30.031%;\">LIBERONA<\/td>\n<td style=\"width: 29.4118%;\">PINCHEIRA<\/td>\n<\/tr>\n<tr>\n<td style=\"width: 39.9381%;\">B\u00c1RBARA ANTONIA<\/td>\n<td style=\"width: 30.031%;\">ORTEGA<\/td>\n<td style=\"width: 29.4118%;\">ALLENDE<\/td>\n<\/tr>\n<tr>\n<td style=\"width: 39.9381%;\">KARINA ANDREA<\/td>\n<td style=\"width: 30.031%;\">PUEBLA<\/td>\n<td style=\"width: 29.4118%;\">JAQUE<\/td>\n<\/tr>\n<\/tbody>\n<\/table>\n<p>[\/et_pb_toggle][\/et_pb_column][et_pb_column type=\u00bb1_3&#8243; _builder_version=\u00bb4.17.6&#8243; _module_preset=\u00bbdefault\u00bb global_colors_info=\u00bb{}\u00bb][et_pb_toggle title=\u00bbTRADUCCI\u00d3N E INTERPRETACI\u00d3N INGL\u00c9S-ESPA\u00d1OL\u00bb open_toggle_text_color=\u00bb#000000&#8243; open_toggle_background_color=\u00bb#FFFFFF\u00bb closed_toggle_background_color=\u00bb#FFFFFF\u00bb icon_color=\u00bb#009bdb\u00bb toggle_icon=\u00bb&#xe048;||divi||400&#8243; use_icon_font_size=\u00bbon\u00bb icon_font_size=\u00bb26px\u00bb open_icon_color=\u00bb#009bdb\u00bb open_toggle_icon=\u00bb&#xe047;||divi||400&#8243; open_use_icon_font_size=\u00bbon\u00bb open_icon_font_size=\u00bb26px\u00bb disabled_on=\u00bboff|off|off\u00bb admin_label=\u00bbEducador o Educadora de P\u00e1rvulos\u00bb _builder_version=\u00bb4.27.0&#8243; _module_preset=\u00bbdefault\u00bb title_text_color=\u00bb#000000&#8243; title_font=\u00bb|700||on|||||\u00bb border_radii=\u00bboff||20px||20px\u00bb global_colors_info=\u00bb{}\u00bb]<\/p>\n<table style=\"width: 90%; height: 1872px;\" border=\"0\" width=\"90%\" cellspacing=\"0\" cellpadding=\"0\">\n<tbody>\n<tr style=\"height: 24px;\">\n<td width=\"204\" style=\"width: 39.9381%; height: 24px;\"><strong>NOMBRE<\/strong><\/td>\n<td width=\"161\" style=\"width: 30.031%; height: 24px;\"><strong>APELLIDO PATERNO<\/strong><\/td>\n<td width=\"131\" style=\"width: 29.4118%; height: 24px;\"><strong>APELLIDO MATERNO<\/strong><\/td>\n<\/tr>\n<tr>\n<td width=\"205\" style=\"width: 39.9381%;\">RAYZA ANDREA<\/td>\n<td width=\"269\" style=\"width: 30.031%;\">ALVARADO<\/td>\n<td width=\"164\" style=\"width: 29.4118%;\">GAMBOA<\/td>\n<\/tr>\n<tr>\n<td style=\"width: 39.9381%;\">DIEGO REN\u00c9<\/td>\n<td style=\"width: 30.031%;\">ARAOS<\/td>\n<td style=\"width: 29.4118%;\">DEL VALLE<\/td>\n<\/tr>\n<tr>\n<td style=\"width: 39.9381%;\">FRANCISCA CAMILA<\/td>\n<td style=\"width: 30.031%;\">ARAYA<\/td>\n<td style=\"width: 29.4118%;\">CONCHA<\/td>\n<\/tr>\n<tr>\n<td style=\"width: 39.9381%;\">JUAN JOS\u00c9<\/td>\n<td style=\"width: 30.031%;\">BAST\u00cdAS<\/td>\n<td style=\"width: 29.4118%;\">VALD\u00c9S<\/td>\n<\/tr>\n<tr>\n<td style=\"width: 39.9381%;\">JAVIERA PATRICIA<\/td>\n<td style=\"width: 30.031%;\">CASTILLO<\/td>\n<td style=\"width: 29.4118%;\">PAVEZ<\/td>\n<\/tr>\n<tr>\n<td style=\"width: 39.9381%;\">CAMILA ANDREA<\/td>\n<td style=\"width: 30.031%;\">FIGUEROA<\/td>\n<td style=\"width: 29.4118%;\">FEBRE<\/td>\n<\/tr>\n<tr>\n<td style=\"width: 39.9381%;\">GIANNINA ANTONELLA<\/td>\n<td style=\"width: 30.031%;\">GRIMALDI<\/td>\n<td style=\"width: 29.4118%;\">OLEA<\/td>\n<\/tr>\n<tr>\n<td style=\"width: 39.9381%;\">FRANCISCA PAZ<\/td>\n<td style=\"width: 30.031%;\">MONSALVE<\/td>\n<td style=\"width: 29.4118%;\">RODR\u00cdGUEZ<\/td>\n<\/tr>\n<tr>\n<td style=\"width: 39.9381%;\">MART\u00cdN IGNACIO<\/td>\n<td style=\"width: 30.031%;\">OLIVARES<\/td>\n<td style=\"width: 29.4118%;\">GALLARDO<\/td>\n<\/tr>\n<tr>\n<td style=\"width: 39.9381%;\">CONSTANZA ANDREA<\/td>\n<td style=\"width: 30.031%;\">PALOMINOS<\/td>\n<td style=\"width: 29.4118%;\">GONZ\u00c1LEZ<\/td>\n<\/tr>\n<tr>\n<td style=\"width: 39.9381%;\">LUIS FRANCISCO<\/td>\n<td style=\"width: 30.031%;\">PIZARRO<\/td>\n<td style=\"width: 29.4118%;\">PAREJA<\/td>\n<\/tr>\n<tr>\n<td style=\"width: 39.9381%;\">VALENTINA PAMELA<\/td>\n<td style=\"width: 30.031%;\">PROVOSTE<\/td>\n<td style=\"width: 29.4118%;\">ANDRADE<\/td>\n<\/tr>\n<tr>\n<td style=\"width: 39.9381%;\">ANDREA BEL\u00c9N<\/td>\n<td style=\"width: 30.031%;\">RAM\u00cdREZ<\/td>\n<td style=\"width: 29.4118%;\">MART\u00cdNEZ<\/td>\n<\/tr>\n<tr>\n<td style=\"width: 39.9381%;\">KEVIN ANTONIO<\/td>\n<td style=\"width: 30.031%;\">TOLEDO<\/td>\n<td style=\"width: 29.4118%;\">ACU\u00d1A<\/td>\n<\/tr>\n<tr>\n<td style=\"width: 39.9381%;\">JAVIERA IGNACIA<\/td>\n<td style=\"width: 30.031%;\">VARELA<\/td>\n<td style=\"width: 29.4118%;\">SOTO<\/td>\n<\/tr>\n<tr>\n<td style=\"width: 39.9381%;\">VANESSA VALERIA<\/td>\n<td style=\"width: 30.031%;\">VARGAS<\/td>\n<td style=\"width: 29.4118%;\">ZEPEDA<\/td>\n<\/tr>\n<\/tbody>\n<\/table>\n<p>[\/et_pb_toggle][\/et_pb_column][\/et_pb_row][et_pb_row column_structure=\u00bb1_3,1_3,1_3&#8243; use_custom_gutter=\u00bbon\u00bb disabled_on=\u00bboff|off|off\u00bb _builder_version=\u00bb4.22.0&#8243; _module_preset=\u00bbdefault\u00bb width=\u00bb94%\u00bb max_width=\u00bb2560px\u00bb custom_padding=\u00bb18px||18px|||\u00bb global_colors_info=\u00bb{}\u00bb][et_pb_column type=\u00bb1_3&#8243; _builder_version=\u00bb4.17.6&#8243; _module_preset=\u00bbdefault\u00bb global_colors_info=\u00bb{}\u00bb][et_pb_toggle title=\u00bbT\u00c9CNICO EN TURISMO\u00bb open_toggle_text_color=\u00bb#000000&#8243; open_toggle_background_color=\u00bb#FFFFFF\u00bb closed_toggle_background_color=\u00bb#FFFFFF\u00bb icon_color=\u00bb#009bdb\u00bb toggle_icon=\u00bb&#xe048;||divi||400&#8243; use_icon_font_size=\u00bbon\u00bb icon_font_size=\u00bb26px\u00bb open_icon_color=\u00bb#009bdb\u00bb open_toggle_icon=\u00bb&#xe047;||divi||400&#8243; open_use_icon_font_size=\u00bbon\u00bb open_icon_font_size=\u00bb26px\u00bb disabled_on=\u00bboff|off|off\u00bb admin_label=\u00bbEducador o Educadora de P\u00e1rvulos\u00bb _builder_version=\u00bb4.27.0&#8243; _module_preset=\u00bbdefault\u00bb title_text_color=\u00bb#000000&#8243; title_font=\u00bb|700||on|||||\u00bb border_radii=\u00bboff||20px||20px\u00bb global_colors_info=\u00bb{}\u00bb]<\/p>\n<table style=\"width: 90%; height: 1872px;\" border=\"0\" width=\"90%\" cellspacing=\"0\" cellpadding=\"0\">\n<tbody>\n<tr style=\"height: 24px;\">\n<td width=\"204\" style=\"width: 39.9381%; height: 24px;\"><strong>NOMBRE<\/strong><\/td>\n<td width=\"161\" style=\"width: 30.031%; height: 24px;\"><strong>APELLIDO PATERNO<\/strong><\/td>\n<td width=\"131\" style=\"width: 29.4118%; height: 24px;\"><strong>APELLIDO MATERNO<\/strong><\/td>\n<\/tr>\n<tr>\n<td width=\"205\" style=\"width: 39.9381%;\">LUIS ALBERTO<\/td>\n<td width=\"269\" style=\"width: 30.031%;\">ARENAS<\/td>\n<td width=\"164\" style=\"width: 29.4118%;\">ARAYA<\/td>\n<\/tr>\n<tr>\n<td style=\"width: 39.9381%;\">PAULETTE CONSTANZA<\/td>\n<td style=\"width: 30.031%;\">QUINTEROS<\/td>\n<td style=\"width: 29.4118%;\">CORREA<\/td>\n<\/tr>\n<tr>\n<td style=\"width: 39.9381%;\">MAR\u00cdA CRISTINA<\/td>\n<td style=\"width: 30.031%;\">ROJAS<\/td>\n<td style=\"width: 29.4118%;\">ARCE<\/td>\n<\/tr>\n<\/tbody>\n<\/table>\n<p>[\/et_pb_toggle][\/et_pb_column][et_pb_column type=\u00bb1_3&#8243; _builder_version=\u00bb4.17.6&#8243; _module_preset=\u00bbdefault\u00bb global_colors_info=\u00bb{}\u00bb][\/et_pb_column][et_pb_column type=\u00bb1_3&#8243; _builder_version=\u00bb4.17.6&#8243; _module_preset=\u00bbdefault\u00bb global_colors_info=\u00bb{}\u00bb][\/et_pb_column][\/et_pb_row][\/et_pb_section][et_pb_section fb_built=\u00bb1&#8243; specialty=\u00bbon\u00bb admin_label=\u00bbFooter\u00bb _builder_version=\u00bb4.16&#8243; use_background_color_gradient=\u00bbon\u00bb background_color_gradient_stops=\u00bbrgba(0,0,0,0.71) 0%|rgba(0,0,0,0.28) 100%\u00bb background_color_gradient_overlays_image=\u00bbon\u00bb background_color_gradient_start=\u00bbrgba(0,0,0,0.71)\u00bb background_color_gradient_end=\u00bbrgba(0,0,0,0.28)\u00bb background_image=\u00bbhttps:\/\/www.upla.cl\/titulosygrados\/wp-content\/uploads\/2018\/12\/prueba.png\u00bb custom_margin=\u00bb3px|||||\u00bb custom_padding=\u00bb30px|0px|6px|0px|false|false\u00bb background_color_gradient_stops_tablet=\u00bbrgba(0,0,0,0.71) 0%|rgba(0,0,0,0.28) 100%\u00bb background_color_gradient_stops_phone=\u00bbrgba(0,0,0,0.71) 0%|rgba(0,0,0,0.28) 100%\u00bb global_module=\u00bb1040&#8243; saved_tabs=\u00bball\u00bb collapsed=\u00bboff\u00bb global_colors_info=\u00bb{}\u00bb][et_pb_column type=\u00bb1_2&#8243; specialty_columns=\u00bb2&#8243; _builder_version=\u00bb4.16&#8243; custom_padding=\u00bb|||\u00bb global_colors_info=\u00bb{}\u00bb parallax__hover=\u00bboff\u00bb parallax_method__hover=\u00bbon\u00bb custom_padding__hover=\u00bb|||\u00bb][et_pb_row_inner _builder_version=\u00bb4.16&#8243; width=\u00bb90%\u00bb max_width=\u00bb2560px\u00bb global_colors_info=\u00bb{}\u00bb][et_pb_column_inner saved_specialty_column_type=\u00bb1_2&#8243; _builder_version=\u00bb4.16&#8243; custom_padding=\u00bb|||\u00bb global_colors_info=\u00bb{}\u00bb parallax__hover=\u00bboff\u00bb parallax_method__hover=\u00bbon\u00bb custom_padding__hover=\u00bb|||\u00bb][et_pb_text _builder_version=\u00bb4.16&#8243; text_font=\u00bbLato||||||||\u00bb text_font_size=\u00bb15px\u00bb text_line_height=\u00bb2em\u00bb ul_font=\u00bb||||||||\u00bb ol_font=\u00bb||||||||\u00bb header_font=\u00bbLato||||||||\u00bb header_2_font=\u00bbLato|700|||||||\u00bb header_2_font_size=\u00bb42px\u00bb header_2_line_height=\u00bb1.5em\u00bb header_3_font=\u00bbLato|500||on|||||\u00bb header_3_text_color=\u00bb#009bdb\u00bb header_3_font_size=\u00bb14px\u00bb header_3_letter_spacing=\u00bb2px\u00bb header_3_line_height=\u00bb2em\u00bb header_4_font=\u00bb||||||||\u00bb header_5_font=\u00bb||||||||\u00bb header_6_font=\u00bb||||||||\u00bb background_layout=\u00bbdark\u00bb max_width=\u00bb500px\u00bb text_font_size_tablet=\u00bb\u00bb text_font_size_phone=\u00bb14px\u00bb text_font_size_last_edited=\u00bbon|phone\u00bb header_2_font_size_tablet=\u00bb32px\u00bb header_2_font_size_phone=\u00bb22px\u00bb header_2_font_size_last_edited=\u00bbon|phone\u00bb locked=\u00bboff\u00bb global_colors_info=\u00bb{}\u00bb]<\/p>\n<h3>Dudas y consultas<\/h3>\n<h2>Cont\u00e1ctanos<\/h2>\n<p>[\/et_pb_text][\/et_pb_column_inner][\/et_pb_row_inner][et_pb_row_inner column_structure=\u00bb1_2,1_2&#8243; _builder_version=\u00bb4.16&#8243; global_colors_info=\u00bb{}\u00bb][et_pb_column_inner type=\u00bb1_2&#8243; saved_specialty_column_type=\u00bb1_2&#8243; _builder_version=\u00bb4.16&#8243; custom_padding=\u00bb|||\u00bb global_colors_info=\u00bb{}\u00bb parallax__hover=\u00bboff\u00bb parallax_method__hover=\u00bbon\u00bb custom_padding__hover=\u00bb|||\u00bb][et_pb_text _builder_version=\u00bb4.16&#8243; text_font=\u00bbLato||||||||\u00bb text_text_color=\u00bbrgba(255,255,255,0.7)\u00bb text_font_size=\u00bb16px\u00bb text_line_height=\u00bb2em\u00bb header_font=\u00bbLato||||||||\u00bb header_4_font=\u00bbLato|700|||||||\u00bb header_4_line_height=\u00bb1.5em\u00bb background_layout=\u00bbdark\u00bb global_colors_info=\u00bb{}\u00bb]<\/p>\n<h4>Documentos<\/h4>\n<p>Consulta aqu\u00ed sobre los documentos que podemos emitir<\/p>\n<p>[\/et_pb_text][et_pb_text _builder_version=\u00bb4.16&#8243; text_font=\u00bbLato||||||||\u00bb text_text_color=\u00bbrgba(255,255,255,0.7)\u00bb text_font_size=\u00bb16px\u00bb text_line_height=\u00bb2em\u00bb header_font=\u00bbLato||||||||\u00bb header_4_font=\u00bbLato|700|||||||\u00bb header_4_line_height=\u00bb1.5em\u00bb background_layout=\u00bbdark\u00bb global_colors_info=\u00bb{}\u00bb]<\/p>\n<h4>Legalizaci\u00f3n de documentos<\/h4>\n<p>Realiza aqu\u00ed tus comentarios si necesitas legalizar alg\u00fan documento para presentar en el extranjero o si necesitas utilizar un certificado proveniente de una instituci\u00f3n extranjera.<\/p>\n<p>[\/et_pb_text][\/et_pb_column_inner][et_pb_column_inner type=\u00bb1_2&#8243; saved_specialty_column_type=\u00bb1_2&#8243; _builder_version=\u00bb4.16&#8243; custom_padding=\u00bb|||\u00bb global_colors_info=\u00bb{}\u00bb parallax__hover=\u00bboff\u00bb parallax_method__hover=\u00bbon\u00bb custom_padding__hover=\u00bb|||\u00bb][et_pb_text _builder_version=\u00bb4.16&#8243; text_font=\u00bbLato||||||||\u00bb text_text_color=\u00bbrgba(255,255,255,0.7)\u00bb text_font_size=\u00bb16px\u00bb text_line_height=\u00bb2em\u00bb header_font=\u00bbLato||||||||\u00bb header_4_font=\u00bbLato|700|||||||\u00bb header_4_line_height=\u00bb1.5em\u00bb background_layout=\u00bbdark\u00bb global_colors_info=\u00bb{}\u00bb]<\/p>\n<h4>Plazos y fechas<\/h4>\n<p>Si tienes dudas con los plazos para la tramitaci\u00f3n de documentos, o fechas de realizaci\u00f3n de ceremonias, cont\u00e1ctanos.<\/p>\n<p>[\/et_pb_text][et_pb_text _builder_version=\u00bb4.16&#8243; text_font=\u00bbLato||||||||\u00bb text_text_color=\u00bbrgba(255,255,255,0.7)\u00bb text_font_size=\u00bb16px\u00bb text_line_height=\u00bb2em\u00bb header_font=\u00bbLato||||||||\u00bb header_4_font=\u00bbLato|700|||||||\u00bb header_4_line_height=\u00bb1.5em\u00bb background_layout=\u00bbdark\u00bb global_colors_info=\u00bb{}\u00bb]<\/p>\n<h4>Ceremonias<\/h4>\n<p>Cumples con los requisitos para participar de ceremonias de titulaci\u00f3n o graduaci\u00f3n y no apareces en el listado, cons\u00faltanos por esta v\u00eda.<\/p>\n<p>[\/et_pb_text][\/et_pb_column_inner][\/et_pb_row_inner][\/et_pb_column][et_pb_column type=\u00bb1_2&#8243; _builder_version=\u00bb4.16&#8243; custom_padding=\u00bb|||\u00bb global_colors_info=\u00bb{}\u00bb parallax__hover=\u00bboff\u00bb parallax_method__hover=\u00bbon\u00bb custom_padding__hover=\u00bb|||\u00bb][et_pb_contact_form email=\u00bbhumberto.zapata@upla.cl\u00bb success_message=\u00bbExcelente. Hemos recibido tu solicitud de contacto. Nos comunicaremos a la brevedad.\u00bb submit_button_text=\u00bbEnviar\u00bb admin_label=\u00bbContacto\u00bb module_id=\u00bbet_pb_contact_form_0&#8243; _builder_version=\u00bb4.16&#8243; _unique_id=\u00bb23a1b4bb-6d62-4334-a83c-dbe35a86efa3&#8243; form_field_background_color=\u00bb#f5f9fa\u00bb form_field_text_color=\u00bb#000000&#8243; form_field_font=\u00bb||||||||\u00bb background_color=\u00bb#bce3fa\u00bb custom_button=\u00bbon\u00bb button_text_size=\u00bb12px\u00bb button_text_color=\u00bb#ffffff\u00bb button_bg_color=\u00bb#ef3b24&#8243; button_border_width=\u00bb14px\u00bb button_border_color=\u00bbrgba(0,0,0,0)\u00bb button_border_radius=\u00bb0px\u00bb button_letter_spacing=\u00bb2px\u00bb button_font=\u00bbRubik|500||on|||||\u00bb button_use_icon=\u00bboff\u00bb custom_padding=\u00bb60px|40px|60px|40px|true|true\u00bb animation_style=\u00bbzoom\u00bb animation_intensity_zoom=\u00bb20%\u00bb border_width_all=\u00bb2px\u00bb border_color_all=\u00bb#dee9ee\u00bb box_shadow_style_button=\u00bbpreset1&#8243; box_shadow_color_button=\u00bbrgba(239,59,36,0.1)\u00bb form_background_color=\u00bb#f5f9fa\u00bb global_colors_info=\u00bb{}\u00bb][et_pb_contact_field field_id=\u00bbNombre\u00bb field_title=\u00bbNombre\u00bb fullwidth_field=\u00bbon\u00bb _builder_version=\u00bb4.16&#8243; custom_margin=\u00bb||30px|\u00bb global_colors_info=\u00bb{}\u00bb button_text_size__hover_enabled=\u00bboff\u00bb button_one_text_size__hover_enabled=\u00bboff\u00bb button_two_text_size__hover_enabled=\u00bboff\u00bb button_text_color__hover_enabled=\u00bboff\u00bb button_one_text_color__hover_enabled=\u00bboff\u00bb button_two_text_color__hover_enabled=\u00bboff\u00bb button_border_width__hover_enabled=\u00bboff\u00bb button_one_border_width__hover_enabled=\u00bboff\u00bb button_two_border_width__hover_enabled=\u00bboff\u00bb button_border_color__hover_enabled=\u00bboff\u00bb button_one_border_color__hover_enabled=\u00bboff\u00bb button_two_border_color__hover_enabled=\u00bboff\u00bb button_border_radius__hover_enabled=\u00bboff\u00bb button_one_border_radius__hover_enabled=\u00bboff\u00bb button_two_border_radius__hover_enabled=\u00bboff\u00bb button_letter_spacing__hover_enabled=\u00bboff\u00bb button_one_letter_spacing__hover_enabled=\u00bboff\u00bb button_two_letter_spacing__hover_enabled=\u00bboff\u00bb button_bg_color__hover_enabled=\u00bboff\u00bb button_one_bg_color__hover_enabled=\u00bboff\u00bb button_two_bg_color__hover_enabled=\u00bboff\u00bb][\/et_pb_contact_field][et_pb_contact_field field_id=\u00bbCorreo_electr\u00f3nico\u00bb field_title=\u00bbCorreo electr\u00f3nico\u00bb field_type=\u00bbemail\u00bb fullwidth_field=\u00bbon\u00bb _builder_version=\u00bb4.16&#8243; form_field_font=\u00bb||||||||\u00bb custom_margin=\u00bb||30px|\u00bb global_colors_info=\u00bb{}\u00bb button_text_size__hover_enabled=\u00bboff\u00bb button_one_text_size__hover_enabled=\u00bboff\u00bb button_two_text_size__hover_enabled=\u00bboff\u00bb button_text_color__hover_enabled=\u00bboff\u00bb button_one_text_color__hover_enabled=\u00bboff\u00bb button_two_text_color__hover_enabled=\u00bboff\u00bb button_border_width__hover_enabled=\u00bboff\u00bb button_one_border_width__hover_enabled=\u00bboff\u00bb button_two_border_width__hover_enabled=\u00bboff\u00bb button_border_color__hover_enabled=\u00bboff\u00bb button_one_border_color__hover_enabled=\u00bboff\u00bb button_two_border_color__hover_enabled=\u00bboff\u00bb button_border_radius__hover_enabled=\u00bboff\u00bb button_one_border_radius__hover_enabled=\u00bboff\u00bb button_two_border_radius__hover_enabled=\u00bboff\u00bb button_letter_spacing__hover_enabled=\u00bboff\u00bb button_one_letter_spacing__hover_enabled=\u00bboff\u00bb button_two_letter_spacing__hover_enabled=\u00bboff\u00bb button_bg_color__hover_enabled=\u00bboff\u00bb button_one_bg_color__hover_enabled=\u00bboff\u00bb button_two_bg_color__hover_enabled=\u00bboff\u00bb][\/et_pb_contact_field][et_pb_contact_field field_id=\u00bbMensaje\u00bb field_title=\u00bbMensaje\u00bb field_type=\u00bbtext\u00bb fullwidth_field=\u00bbon\u00bb _builder_version=\u00bb4.16&#8243; custom_margin=\u00bb||30px|\u00bb global_colors_info=\u00bb{}\u00bb button_text_size__hover_enabled=\u00bboff\u00bb button_one_text_size__hover_enabled=\u00bboff\u00bb button_two_text_size__hover_enabled=\u00bboff\u00bb button_text_color__hover_enabled=\u00bboff\u00bb button_one_text_color__hover_enabled=\u00bboff\u00bb button_two_text_color__hover_enabled=\u00bboff\u00bb button_border_width__hover_enabled=\u00bboff\u00bb button_one_border_width__hover_enabled=\u00bboff\u00bb button_two_border_width__hover_enabled=\u00bboff\u00bb button_border_color__hover_enabled=\u00bboff\u00bb button_one_border_color__hover_enabled=\u00bboff\u00bb button_two_border_color__hover_enabled=\u00bboff\u00bb button_border_radius__hover_enabled=\u00bboff\u00bb button_one_border_radius__hover_enabled=\u00bboff\u00bb button_two_border_radius__hover_enabled=\u00bboff\u00bb button_letter_spacing__hover_enabled=\u00bboff\u00bb button_one_letter_spacing__hover_enabled=\u00bboff\u00bb button_two_letter_spacing__hover_enabled=\u00bboff\u00bb button_bg_color__hover_enabled=\u00bboff\u00bb button_one_bg_color__hover_enabled=\u00bboff\u00bb button_two_bg_color__hover_enabled=\u00bboff\u00bb][\/et_pb_contact_field][\/et_pb_contact_form][\/et_pb_column][\/et_pb_section]<\/p>\n","protected":false},"excerpt":{"rendered":"<p>La Oficina de T\u00edtulos y Grados de la Universidad de Playa Ancha, informa las fechas y los listados de participantes de las Ceremonias de Titulaci\u00f3n 2024 de carreras t\u00e9cnicas y profesionales (Campus Valpara\u00edso), eventos que se realizar\u00e1n en el Aula Dr. F\u00e9lix Morales Pettorino de Casa Central (Av. Playa Ancha 850, Playa Ancha, Valpara\u00edso).Mi\u00e9rcoles 23 [&hellip;]<\/p>\n","protected":false},"author":5,"featured_media":2039,"comment_status":"closed","ping_status":"closed","sticky":false,"template":"","format":"standard","meta":{"_et_pb_use_builder":"on","_et_pb_old_content":"","_et_gb_content_width":"","footnotes":""},"categories":[14,15],"tags":[],"class_list":["post-1942","post","type-post","status-publish","format-standard","has-post-thumbnail","hentry","category-ceremonia-de-graduacion","category-ceremonia-de-titulacion"],"_links":{"self":[{"href":"https:\/\/www.upla.cl\/titulosygrados\/wp-json\/wp\/v2\/posts\/1942","targetHints":{"allow":["GET"]}}],"collection":[{"href":"https:\/\/www.upla.cl\/titulosygrados\/wp-json\/wp\/v2\/posts"}],"about":[{"href":"https:\/\/www.upla.cl\/titulosygrados\/wp-json\/wp\/v2\/types\/post"}],"author":[{"embeddable":true,"href":"https:\/\/www.upla.cl\/titulosygrados\/wp-json\/wp\/v2\/users\/5"}],"replies":[{"embeddable":true,"href":"https:\/\/www.upla.cl\/titulosygrados\/wp-json\/wp\/v2\/comments?post=1942"}],"version-history":[{"count":68,"href":"https:\/\/www.upla.cl\/titulosygrados\/wp-json\/wp\/v2\/posts\/1942\/revisions"}],"predecessor-version":[{"id":2043,"href":"https:\/\/www.upla.cl\/titulosygrados\/wp-json\/wp\/v2\/posts\/1942\/revisions\/2043"}],"wp:featuredmedia":[{"embeddable":true,"href":"https:\/\/www.upla.cl\/titulosygrados\/wp-json\/wp\/v2\/media\/2039"}],"wp:attachment":[{"href":"https:\/\/www.upla.cl\/titulosygrados\/wp-json\/wp\/v2\/media?parent=1942"}],"wp:term":[{"taxonomy":"category","embeddable":true,"href":"https:\/\/www.upla.cl\/titulosygrados\/wp-json\/wp\/v2\/categories?post=1942"},{"taxonomy":"post_tag","embeddable":true,"href":"https:\/\/www.upla.cl\/titulosygrados\/wp-json\/wp\/v2\/tags?post=1942"}],"curies":[{"name":"wp","href":"https:\/\/api.w.org\/{rel}","templated":true}]}}