{"id":1724,"date":"2023-10-04T17:29:04","date_gmt":"2023-10-04T20:29:04","guid":{"rendered":"https:\/\/www.upla.cl\/titulosygrados\/?p=1724"},"modified":"2023-11-09T09:27:55","modified_gmt":"2023-11-09T12:27:55","slug":"ya-estan-disponibles-las-fechas-y-listados-de-titulaciones-del-9-al-29-de-noviembre-2023","status":"publish","type":"post","link":"https:\/\/www.upla.cl\/titulosygrados\/2023\/10\/04\/ya-estan-disponibles-las-fechas-y-listados-de-titulaciones-del-9-al-29-de-noviembre-2023\/","title":{"rendered":"Ya est\u00e1n disponibles las fechas y listados de titulaciones del 9 al 29 de noviembre, y 5 de diciembre 2023"},"content":{"rendered":"<p>[et_pb_section fb_built=\u00bb1&#8243; admin_label=\u00bbHeader\u00bb _builder_version=\u00bb4.22.2&#8243; background_image=\u00bbhttps:\/\/www.upla.cl\/titulosygrados\/wp-content\/uploads\/2023\/10\/jardinesaula.jpg\u00bb background_position=\u00bbbottom_center\u00bb custom_margin=\u00bb|||\u00bb custom_padding=\u00bb20vw|0px|0|0px|false|false\u00bb global_colors_info=\u00bb{}\u00bb][et_pb_row column_structure=\u00bb3_4,1_4&#8243; padding_top_bottom_link_1=\u00bbfalse\u00bb padding_left_right_link_1=\u00bbtrue\u00bb _builder_version=\u00bb4.16&#8243; background_size=\u00bbinitial\u00bb background_position=\u00bbtop_left\u00bb background_repeat=\u00bbrepeat\u00bb max_width=\u00bb1160px\u00bb custom_margin=\u00bb|||||false\u00bb custom_padding=\u00bb27px|0px|0|0px|false|false\u00bb use_custom_width=\u00bbon\u00bb custom_width_px=\u00bb1160px\u00bb global_colors_info=\u00bb{}\u00bb][et_pb_column type=\u00bb3_4&#8243; _builder_version=\u00bb4.16&#8243; background_color=\u00bb#ffffff\u00bb custom_padding=\u00bb40px|40px|0px|40px\u00bb global_colors_info=\u00bb{}\u00bb custom_padding__hover=\u00bb|||\u00bb][et_pb_post_title author=\u00bboff\u00bb date_format=\u00bbj M Y\u00bb categories=\u00bboff\u00bb comments=\u00bboff\u00bb featured_image=\u00bboff\u00bb _builder_version=\u00bb4.22.0&#8243; _module_preset=\u00bbdefault\u00bb title_font=\u00bb|700|||||||\u00bb title_font_size=\u00bb30px\u00bb global_colors_info=\u00bb{}\u00bb][\/et_pb_post_title][et_pb_divider color=\u00bb#098cf2&#8243; divider_weight=\u00bb4px\u00bb _builder_version=\u00bb4.16&#8243; max_width=\u00bb140px\u00bb height=\u00bb4px\u00bb locked=\u00bboff\u00bb global_colors_info=\u00bb{}\u00bb][\/et_pb_divider][\/et_pb_column][et_pb_column type=\u00bb1_4&#8243; _builder_version=\u00bb4.16&#8243; custom_padding=\u00bb|||\u00bb global_colors_info=\u00bb{}\u00bb custom_padding__hover=\u00bb|||\u00bb][\/et_pb_column][\/et_pb_row][\/et_pb_section][et_pb_section fb_built=\u00bb1&#8243; disabled_on=\u00bboff|off|off\u00bb _builder_version=\u00bb4.22.0&#8243; _module_preset=\u00bbdefault\u00bb custom_padding=\u00bb5px|||||\u00bb global_colors_info=\u00bb{}\u00bb][et_pb_row use_custom_gutter=\u00bbon\u00bb gutter_width=\u00bb1&#8243; _builder_version=\u00bb4.22.2&#8243; _module_preset=\u00bbdefault\u00bb width=\u00bb90%\u00bb max_width=\u00bb2560px\u00bb custom_padding=\u00bb||9px|||\u00bb global_colors_info=\u00bb{}\u00bb][et_pb_column type=\u00bb4_4&#8243; _builder_version=\u00bb4.17.6&#8243; _module_preset=\u00bbdefault\u00bb global_colors_info=\u00bb{}\u00bb][et_pb_text admin_label=\u00bbTexto informativo\u00bb _builder_version=\u00bb4.22.2&#8243; _module_preset=\u00bbdefault\u00bb text_font_size=\u00bb16px\u00bb global_colors_info=\u00bb{}\u00bb]<\/p>\n<p>La <strong>Oficina de T\u00edtulos y Grados<\/strong> de la Universidad de Playa Ancha, inform\u00f3 las fechas y listado de participantes de las ceremonias de titulaci\u00f3n 2023, que se realizar\u00e1n desde el 9 de noviembre hasta el 5 de diciembre de 2023, tanto en Valpara\u00edso como en San Felipe, de las carreras profesionales y t\u00e9cnicas impartidas por nuestra casa de estudio a trav\u00e9s de las distintas facultades y del Instituto Tecnol\u00f3gico.<\/p>\n<p>[\/et_pb_text][\/et_pb_column][\/et_pb_row][\/et_pb_section][et_pb_section fb_built=\u00bb1&#8243; disabled_on=\u00bboff|off|off\u00bb _builder_version=\u00bb4.22.0&#8243; _module_preset=\u00bbdefault\u00bb width=\u00bb100%\u00bb max_width=\u00bb100%\u00bb custom_padding=\u00bb5px|||||\u00bb global_colors_info=\u00bb{}\u00bb][et_pb_row use_custom_gutter=\u00bbon\u00bb gutter_width=\u00bb1&#8243; _builder_version=\u00bb4.17.6&#8243; _module_preset=\u00bbdefault\u00bb width=\u00bb96%\u00bb max_width=\u00bb2560px\u00bb module_alignment=\u00bbleft\u00bb custom_padding=\u00bb||9px|||\u00bb global_colors_info=\u00bb{}\u00bb][et_pb_column type=\u00bb4_4&#8243; _builder_version=\u00bb4.17.6&#8243; _module_preset=\u00bbdefault\u00bb global_colors_info=\u00bb{}\u00bb][et_pb_blurb title=\u00bbCeremonia de titulaci\u00f3n: jueves 9 de noviembre de 2023 10.30 horas\u00bb use_icon=\u00bbon\u00bb font_icon=\u00bb&#xf073;||fa||400&#8243; icon_color=\u00bb#009bdb\u00bb icon_placement=\u00bbleft\u00bb image_icon_width=\u00bb53px\u00bb content_max_width=\u00bb1100px\u00bb admin_label=\u00bbAnuncio: Ceremonia de titulaci\u00f3n: jueves 9 de noviembre de 2023 10.30 horas\u00bb _builder_version=\u00bb4.22.2&#8243; _module_preset=\u00bbdefault\u00bb header_font=\u00bb|800||on|||||\u00bb header_text_color=\u00bb#303030&#8243; header_font_size=\u00bb27px\u00bb body_font=\u00bb||||||||\u00bb body_text_color=\u00bb#0099cc\u00bb body_font_size=\u00bb16px\u00bb custom_margin=\u00bb||-1px|||\u00bb global_colors_info=\u00bb{}\u00bb]<\/p>\n<h2>Facultad de Ciencias de la Educaci\u00f3n<\/h2>\n<p>Aula Dr. F\u00e9lix Morales Pettorino, Casa Central, Valpara\u00edso.<\/p>\n<p>[\/et_pb_blurb][\/et_pb_column][\/et_pb_row][et_pb_row column_structure=\u00bb1_3,1_3,1_3&#8243; use_custom_gutter=\u00bbon\u00bb disabled_on=\u00bboff|off|off\u00bb _builder_version=\u00bb4.22.0&#8243; _module_preset=\u00bbdefault\u00bb width=\u00bb94%\u00bb max_width=\u00bb2560px\u00bb custom_padding=\u00bb18px||18px|||\u00bb global_colors_info=\u00bb{}\u00bb][et_pb_column type=\u00bb1_3&#8243; _builder_version=\u00bb4.17.6&#8243; _module_preset=\u00bbdefault\u00bb global_colors_info=\u00bb{}\u00bb][et_pb_toggle title=\u00bbProfesor o profesora de Educaci\u00f3n Diferencial, menci\u00f3n en Dificultades Espec\u00edficas del Aprendizaje\u00bb open_toggle_text_color=\u00bb#000000&#8243; open_toggle_background_color=\u00bb#FFFFFF\u00bb closed_toggle_background_color=\u00bb#FFFFFF\u00bb icon_color=\u00bb#009bdb\u00bb toggle_icon=\u00bb&#xe048;||divi||400&#8243; use_icon_font_size=\u00bbon\u00bb icon_font_size=\u00bb26px\u00bb open_icon_color=\u00bb#009bdb\u00bb open_toggle_icon=\u00bb&#xe047;||divi||400&#8243; open_use_icon_font_size=\u00bbon\u00bb open_icon_font_size=\u00bb26px\u00bb disabled_on=\u00bboff|off|off\u00bb admin_label=\u00bbProfesor o profesora de Educaci\u00f3n Diferencial, menci\u00f3n en Dificultades Espec\u00edficas del Aprendizaje\u00bb _builder_version=\u00bb4.22.2&#8243; _module_preset=\u00bbdefault\u00bb title_text_color=\u00bb#000000&#8243; title_font=\u00bb|700||on|||||\u00bb global_colors_info=\u00bb{}\u00bb]<\/p>\n<table style=\"width: 90%;\" border=\"0\" width=\"90%\" cellspacing=\"0\" cellpadding=\"0\">\n<tbody>\n<tr>\n<td width=\"204\"><strong>NOMBRE<\/strong><\/td>\n<td width=\"161\"><strong>PATERNO<\/strong><\/td>\n<td width=\"131\"><strong>MATERNO<\/strong><\/td>\n<\/tr>\n<tr>\n<td>DIEGO ANTONIO<\/td>\n<td>ACEVEDO<\/td>\n<td>RUZ<\/td>\n<\/tr>\n<tr>\n<td>ANDREA VALENTINA<\/td>\n<td>BARR\u00cdA<\/td>\n<td>BASCU\u00d1\u00c1N<\/td>\n<\/tr>\n<tr>\n<td>CATALINA ANDREI<\/td>\n<td>BRICE\u00d1O<\/td>\n<td>CISTERNAS<\/td>\n<\/tr>\n<tr>\n<td>FELIPE ANDR\u00c9S PATRICIO<\/td>\n<td>CASTRO<\/td>\n<td>CASTRO<\/td>\n<\/tr>\n<tr>\n<td>MONSERRATT KATHALINA<\/td>\n<td>CONTRERAS<\/td>\n<td>SILVA<\/td>\n<\/tr>\n<tr>\n<td>FERNANDA ROMANET<\/td>\n<td>CRUZ<\/td>\n<td>TORO<\/td>\n<\/tr>\n<tr>\n<td>YARELA CONSTANZA<\/td>\n<td>DELLACASA<\/td>\n<td>G\u00d3MEZ<\/td>\n<\/tr>\n<tr>\n<td>FRANCISCA ANTONIA<\/td>\n<td>FUENTES<\/td>\n<td>MOSQUEIRA<\/td>\n<\/tr>\n<tr>\n<td>NATHALIA SOLEDAD<\/td>\n<td>GARNAHM<\/td>\n<td>LEAL<\/td>\n<\/tr>\n<tr>\n<td>MABEL LILIANA<\/td>\n<td>GATILL\u00d3N<\/td>\n<td>O\u00d1ATE<\/td>\n<\/tr>\n<tr>\n<td>AHYLIN CAMILA<\/td>\n<td>GONZ\u00c1LEZ<\/td>\n<td>AHUMADA<\/td>\n<\/tr>\n<tr>\n<td>JAVIERA LISETTE<\/td>\n<td>GONZ\u00c1LEZ<\/td>\n<td>FUENZALIDA<\/td>\n<\/tr>\n<tr>\n<td>JAVIERA IGNACIA<\/td>\n<td>HENR\u00cdQUEZ<\/td>\n<td>ESPINOZA<\/td>\n<\/tr>\n<tr>\n<td>MARGARITA AURORA<\/td>\n<td>HENR\u00cdQUEZ<\/td>\n<td>SILVA<\/td>\n<\/tr>\n<tr>\n<td>PAULA ANTONIA<\/td>\n<td>LABARCA<\/td>\n<td>ABARCA<\/td>\n<\/tr>\n<tr>\n<td>AYLEEN\u00a0 BEL\u00c9N<\/td>\n<td>L\u00d3PEZ<\/td>\n<td>GALLARDO<\/td>\n<\/tr>\n<tr>\n<td>GIANNINA PIERINA<\/td>\n<td>MACELLARI<\/td>\n<td>ARANCIBIA<\/td>\n<\/tr>\n<tr>\n<td>P\u00cdA IGNACIA<\/td>\n<td>PRADO<\/td>\n<td>AYALA<\/td>\n<\/tr>\n<tr>\n<td>CONSTANZA MACKARENA<\/td>\n<td>QUIROZ<\/td>\n<td>ARANCIBIA<\/td>\n<\/tr>\n<tr>\n<td>KAREN ELIZABET<\/td>\n<td>RIVERA<\/td>\n<td>NAVARRO<\/td>\n<\/tr>\n<tr>\n<td>PAMELA ANDREA<\/td>\n<td>TORRES<\/td>\n<td>CIFUENTES<\/td>\n<\/tr>\n<tr>\n<td>JORGE RODRIGO<\/td>\n<td>URRUTIA<\/td>\n<td>RIVERA<\/td>\n<\/tr>\n<tr>\n<td>TAMARA JAVIERA<\/td>\n<td>VARGAS<\/td>\n<td>LILLO<\/td>\n<\/tr>\n<tr>\n<td>NATALIA DEL CARMEN<\/td>\n<td>VERA<\/td>\n<td>ROJAS<\/td>\n<\/tr>\n<tr>\n<td>JAVIERA SOF\u00cdA<\/td>\n<td>VILLARROEL<\/td>\n<td>ORTIZ<\/td>\n<\/tr>\n<\/tbody>\n<\/table>\n<p>[\/et_pb_toggle][\/et_pb_column][et_pb_column type=\u00bb1_3&#8243; _builder_version=\u00bb4.17.6&#8243; _module_preset=\u00bbdefault\u00bb global_colors_info=\u00bb{}\u00bb][et_pb_toggle title=\u00bbProfesor o profesora de Educaci\u00f3n Diferencial, menci\u00f3n en Discapacidad Intelectual\u00bb open_toggle_text_color=\u00bb#000000&#8243; open_toggle_background_color=\u00bb#FFFFFF\u00bb closed_toggle_background_color=\u00bb#FFFFFF\u00bb icon_color=\u00bb#009bdb\u00bb toggle_icon=\u00bb&#xe048;||divi||400&#8243; use_icon_font_size=\u00bbon\u00bb icon_font_size=\u00bb26px\u00bb open_icon_color=\u00bb#009bdb\u00bb open_toggle_icon=\u00bb&#xe047;||divi||400&#8243; open_use_icon_font_size=\u00bbon\u00bb open_icon_font_size=\u00bb26px\u00bb disabled_on=\u00bboff|off|off\u00bb admin_label=\u00bbProfesor o profesora de Educaci\u00f3n Diferencial, menci\u00f3n en Discapacidad Intelectual\u00bb _builder_version=\u00bb4.22.2&#8243; _module_preset=\u00bbdefault\u00bb title_text_color=\u00bb#000000&#8243; title_font=\u00bb|700||on|||||\u00bb global_colors_info=\u00bb{}\u00bb]<\/p>\n<table style=\"width: 90%;\" border=\"0\" width=\"90%\" cellspacing=\"0\" cellpadding=\"0\">\n<tbody>\n<tr>\n<td width=\"204\"><strong>NOMBRE<\/strong><\/td>\n<td width=\"161\"><strong>PATERNO<\/strong><\/td>\n<td width=\"131\"><strong>MATERNO<\/strong><\/td>\n<\/tr>\n<tr>\n<td>JHAVIERA LUC\u00cdA<\/td>\n<td>ARACENA<\/td>\n<td>FERN\u00c1NDEZ<\/td>\n<\/tr>\n<tr>\n<td>JAVIERA PAZ<\/td>\n<td>ARAYA<\/td>\n<td>ZAMORA<\/td>\n<\/tr>\n<tr>\n<td>JAVIERA CRISTINA<\/td>\n<td>AZ\u00daA<\/td>\n<td>MEDINA<\/td>\n<\/tr>\n<tr>\n<td>LOREN SKARLET<\/td>\n<td>BARRERA<\/td>\n<td>ORREGO<\/td>\n<\/tr>\n<tr>\n<td>NANCY SOLANGE<\/td>\n<td>CALDER\u00d3N<\/td>\n<td>CORT\u00c9S<\/td>\n<\/tr>\n<tr>\n<td>DAFNNE FRANCISCA<\/td>\n<td>CID<\/td>\n<td>ARMIJO<\/td>\n<\/tr>\n<tr>\n<td>DANAE ALEJANDRA<\/td>\n<td>CISTERNAS<\/td>\n<td>FIGUEROA<\/td>\n<\/tr>\n<tr>\n<td>CAROLINA ANDREA<\/td>\n<td>CORT\u00c9S<\/td>\n<td>HENR\u00cdQUEZ<\/td>\n<\/tr>\n<tr>\n<td>NICOLE DANIELA<\/td>\n<td>COSMELLI<\/td>\n<td>CAMPOS<\/td>\n<\/tr>\n<tr>\n<td>CINDY LAURA<\/td>\n<td>COVARRUBIAS<\/td>\n<td>OLIVERO<\/td>\n<\/tr>\n<tr>\n<td>ANDREA CAMILA<\/td>\n<td>ESC\u00c1RATE<\/td>\n<td>CALZADA<\/td>\n<\/tr>\n<tr>\n<td>CAMILA ALEJANDRA<\/td>\n<td>FA\u00daNDEZ<\/td>\n<td>VEAS<\/td>\n<\/tr>\n<tr>\n<td>CATALINA IGNACIA ELENA<\/td>\n<td>FERN\u00c1NDEZ<\/td>\n<td>PINO<\/td>\n<\/tr>\n<tr>\n<td>TATIANA DEL PILAR<\/td>\n<td>FIGUEROA<\/td>\n<td>FIGUEROA<\/td>\n<\/tr>\n<tr>\n<td>MAR\u00cdA JOS\u00c9<\/td>\n<td>GODOY<\/td>\n<td>DUE\u00d1AS<\/td>\n<\/tr>\n<tr>\n<td>SOF\u00cdA ANTONIA<\/td>\n<td>MALHUE<\/td>\n<td>FIGUEROA<\/td>\n<\/tr>\n<tr>\n<td>FIORELLA VALENTINA<\/td>\n<td>MIANO<\/td>\n<td>L\u00d3PEZ<\/td>\n<\/tr>\n<tr>\n<td>SOF\u00cdA CAROLINA<\/td>\n<td>MIRANDA<\/td>\n<td>\u00c1VILA<\/td>\n<\/tr>\n<tr>\n<td>FRANCISCA IGNACIA<\/td>\n<td>MORENO<\/td>\n<td>TELLO<\/td>\n<\/tr>\n<tr>\n<td>TIARE IRENE<\/td>\n<td>OLGU\u00cdN<\/td>\n<td>HERN\u00c1NDEZ<\/td>\n<\/tr>\n<tr>\n<td>IGNACIA BEL\u00c9N<\/td>\n<td>OLIVARES<\/td>\n<td>BRITO<\/td>\n<\/tr>\n<tr>\n<td>PAULA ANTONIA<\/td>\n<td>OLIVARES<\/td>\n<td>VILLANUEVA<\/td>\n<\/tr>\n<tr>\n<td>KATHERINE ALEJANDRA<\/td>\n<td>PACHECO<\/td>\n<td>GARAY<\/td>\n<\/tr>\n<tr>\n<td>BEL\u00c9N AURORA<\/td>\n<td>RAM\u00cdREZ<\/td>\n<td>TAPIA<\/td>\n<\/tr>\n<tr>\n<td>MAIRA ALARCIA<\/td>\n<td>RETAMALES<\/td>\n<td>VALENZUELA<\/td>\n<\/tr>\n<tr>\n<td>CONSTANZA PAZ<\/td>\n<td>RISOPATR\u00d3N<\/td>\n<td>PALMA<\/td>\n<\/tr>\n<tr>\n<td>BEATRIZ ANTONIA<\/td>\n<td>ROJAS<\/td>\n<td>CABRERA<\/td>\n<\/tr>\n<tr>\n<td>MAKARENA ANDREA<\/td>\n<td>T\u00c9LLEZ<\/td>\n<td>GALEAS<\/td>\n<\/tr>\n<tr>\n<td>P\u00cdA CAROLINA<\/td>\n<td>TOLEDO<\/td>\n<td>GRAND\u00d3N<\/td>\n<\/tr>\n<tr>\n<td>ANAIN SOLEDAD<\/td>\n<td>TORREBLANCA<\/td>\n<td>AHUMADA<\/td>\n<\/tr>\n<\/tbody>\n<\/table>\n<p>[\/et_pb_toggle][\/et_pb_column][et_pb_column type=\u00bb1_3&#8243; _builder_version=\u00bb4.17.6&#8243; _module_preset=\u00bbdefault\u00bb global_colors_info=\u00bb{}\u00bb][\/et_pb_column][\/et_pb_row][\/et_pb_section][et_pb_section fb_built=\u00bb1&#8243; disabled_on=\u00bboff|off|off\u00bb _builder_version=\u00bb4.22.0&#8243; _module_preset=\u00bbdefault\u00bb width=\u00bb100%\u00bb max_width=\u00bb100%\u00bb custom_padding=\u00bb5px|||||\u00bb global_colors_info=\u00bb{}\u00bb][et_pb_row use_custom_gutter=\u00bbon\u00bb gutter_width=\u00bb1&#8243; _builder_version=\u00bb4.17.6&#8243; _module_preset=\u00bbdefault\u00bb width=\u00bb96%\u00bb max_width=\u00bb2560px\u00bb module_alignment=\u00bbleft\u00bb custom_padding=\u00bb||9px|||\u00bb global_colors_info=\u00bb{}\u00bb][et_pb_column type=\u00bb4_4&#8243; _builder_version=\u00bb4.17.6&#8243; _module_preset=\u00bbdefault\u00bb global_colors_info=\u00bb{}\u00bb][et_pb_blurb title=\u00bbCeremonia de titulaci\u00f3n: jueves 9 de noviembre de 2023 15.30 horas\u00bb use_icon=\u00bbon\u00bb font_icon=\u00bb&#xf073;||fa||400&#8243; icon_color=\u00bb#009bdb\u00bb icon_placement=\u00bbleft\u00bb image_icon_width=\u00bb53px\u00bb content_max_width=\u00bb1100px\u00bb admin_label=\u00bbAnuncio: Ceremonia de titulaci\u00f3n: jueves 9 de noviembre de 2023 15.30 horas\u00bb _builder_version=\u00bb4.22.2&#8243; _module_preset=\u00bbdefault\u00bb header_font=\u00bb|800||on|||||\u00bb header_text_color=\u00bb#303030&#8243; header_font_size=\u00bb27px\u00bb body_font=\u00bb||||||||\u00bb body_text_color=\u00bb#0099cc\u00bb body_font_size=\u00bb16px\u00bb custom_margin=\u00bb||-1px|||\u00bb global_colors_info=\u00bb{}\u00bb]<\/p>\n<h2>Facultad de Ciencias de la Educaci\u00f3n<\/h2>\n<p>Aula Dr. F\u00e9lix Morales Pettorino, Casa Central, Valpara\u00edso.<\/p>\n<p>[\/et_pb_blurb][\/et_pb_column][\/et_pb_row][et_pb_row column_structure=\u00bb1_3,1_3,1_3&#8243; use_custom_gutter=\u00bbon\u00bb disabled_on=\u00bboff|off|off\u00bb _builder_version=\u00bb4.22.0&#8243; _module_preset=\u00bbdefault\u00bb width=\u00bb94%\u00bb max_width=\u00bb2560px\u00bb custom_padding=\u00bb18px||18px|||\u00bb global_colors_info=\u00bb{}\u00bb][et_pb_column type=\u00bb1_3&#8243; _builder_version=\u00bb4.17.6&#8243; _module_preset=\u00bbdefault\u00bb global_colors_info=\u00bb{}\u00bb][et_pb_toggle title=\u00bbEducador o Educadora de P\u00e1rvulos\u00bb open_toggle_text_color=\u00bb#000000&#8243; open_toggle_background_color=\u00bb#FFFFFF\u00bb closed_toggle_background_color=\u00bb#FFFFFF\u00bb icon_color=\u00bb#009bdb\u00bb toggle_icon=\u00bb&#xe048;||divi||400&#8243; use_icon_font_size=\u00bbon\u00bb icon_font_size=\u00bb26px\u00bb open_icon_color=\u00bb#009bdb\u00bb open_toggle_icon=\u00bb&#xe047;||divi||400&#8243; open_use_icon_font_size=\u00bbon\u00bb open_icon_font_size=\u00bb26px\u00bb disabled_on=\u00bboff|off|off\u00bb admin_label=\u00bbEducador o Educadora de P\u00e1rvulos\u00bb _builder_version=\u00bb4.22.2&#8243; _module_preset=\u00bbdefault\u00bb title_text_color=\u00bb#000000&#8243; title_font=\u00bb|700||on|||||\u00bb global_colors_info=\u00bb{}\u00bb]<\/p>\n<table style=\"width: 90%;\" border=\"0\" width=\"90%\" cellspacing=\"0\" cellpadding=\"0\">\n<tbody>\n<tr>\n<td width=\"204\"><strong>NOMBRE<\/strong><\/td>\n<td width=\"161\"><strong>PATERNO<\/strong><\/td>\n<td width=\"131\"><strong>MATERNO<\/strong><\/td>\n<\/tr>\n<tr>\n<td>YULIANA ALEXANDRA<\/td>\n<td>ARAOS<\/td>\n<td>MONTOYA<\/td>\n<\/tr>\n<tr>\n<td>YESSENIA NASSELLY<\/td>\n<td>BADILLA<\/td>\n<td>HERN\u00c1NDEZ<\/td>\n<\/tr>\n<tr>\n<td>ANA MAR\u00cdA<\/td>\n<td>BERNALES<\/td>\n<td>ALTAMIRANO<\/td>\n<\/tr>\n<tr>\n<td>ROMINA BEL\u00c9N<\/td>\n<td>CATRIL<\/td>\n<td>GALLARDO<\/td>\n<\/tr>\n<tr>\n<td>JAVIERA ALMENDRA<\/td>\n<td>CORVAL\u00c1N<\/td>\n<td>MEZA<\/td>\n<\/tr>\n<tr>\n<td>VER\u00d3NICA CONSTANZA<\/td>\n<td>D\u00cdAZ<\/td>\n<td>GONZ\u00c1LEZ<\/td>\n<\/tr>\n<tr>\n<td>CATALINA BEATRIZ<\/td>\n<td>FA\u00daNDEZ<\/td>\n<td>PE\u00d1ALOZA<\/td>\n<\/tr>\n<tr>\n<td>JAVIERA ALEXANDRA<\/td>\n<td>FERN\u00c1NDEZ<\/td>\n<td>VALENZUELA<\/td>\n<\/tr>\n<tr>\n<td>CAMILA IGNACIA<\/td>\n<td>FERN\u00c1NDEZ<\/td>\n<td>VERA<\/td>\n<\/tr>\n<tr>\n<td>FRANCISCA ANDREA<\/td>\n<td>FIGUEROA<\/td>\n<td>S\u00c1NCHEZ<\/td>\n<\/tr>\n<tr>\n<td>MARCELA ISABEL<\/td>\n<td>IBACACHE<\/td>\n<td>VILLALOBOS<\/td>\n<\/tr>\n<tr>\n<td>SDANKA MILENKA<\/td>\n<td>KURSAN<\/td>\n<td>NOVACOVIC<\/td>\n<\/tr>\n<tr>\n<td>SOF\u00cdA PAZ<\/td>\n<td>MARINA<\/td>\n<td>SANTANDER<\/td>\n<\/tr>\n<tr>\n<td>GENESIS FRANCISCA<\/td>\n<td>MILLA<\/td>\n<td>BRAVO<\/td>\n<\/tr>\n<tr>\n<td>TIARE IVETTE<\/td>\n<td>MIRANDA<\/td>\n<td>INFANTE<\/td>\n<\/tr>\n<tr>\n<td>CRISTINA BEL\u00c9N<\/td>\n<td>OPAZO<\/td>\n<td>ARAYA<\/td>\n<\/tr>\n<tr>\n<td>ARANZASU GABRIELA<\/td>\n<td>ORELLANA<\/td>\n<td>BARRAZA<\/td>\n<\/tr>\n<tr>\n<td>VALENTINA IGNACIA<\/td>\n<td>REBOLLEDO<\/td>\n<td>ALLENDES<\/td>\n<\/tr>\n<tr>\n<td>JAVIERA DAYANA<\/td>\n<td>REYES<\/td>\n<td>SOTO<\/td>\n<\/tr>\n<tr>\n<td>VALENTINA CONSTANZA<\/td>\n<td>RIQUELME<\/td>\n<td>VILCHES<\/td>\n<\/tr>\n<tr>\n<td>BIANCA CATALINA<\/td>\n<td>SCOPINICH<\/td>\n<td>GUARDIA<\/td>\n<\/tr>\n<tr>\n<td>CATALINA ALEJANDRA<\/td>\n<td>SU\u00c1REZ<\/td>\n<td>AGUILAR<\/td>\n<\/tr>\n<tr>\n<td>LISETT ESTEFANY<\/td>\n<td>TAPIA<\/td>\n<td>DELGADO<\/td>\n<\/tr>\n<tr>\n<td>FRANCISCA IGNACIA<\/td>\n<td>TORRES<\/td>\n<td>COLLANTE<\/td>\n<\/tr>\n<tr>\n<td>AYLIN PAOLA<\/td>\n<td>UTRERAS<\/td>\n<td>BRIONES<\/td>\n<\/tr>\n<tr>\n<td>NICOLE ELISA<\/td>\n<td>V\u00c1SQUEZ<\/td>\n<td>BUSTAMANTE<\/td>\n<\/tr>\n<tr>\n<td>DEBORA NOEM\u00cd<\/td>\n<td>Z\u00da\u00d1IGA<\/td>\n<td>LAMPEREIN<\/td>\n<\/tr>\n<\/tbody>\n<\/table>\n<p>[\/et_pb_toggle][\/et_pb_column][et_pb_column type=\u00bb1_3&#8243; _builder_version=\u00bb4.17.6&#8243; _module_preset=\u00bbdefault\u00bb global_colors_info=\u00bb{}\u00bb][et_pb_toggle title=\u00bbProfesor o profesora de Educaci\u00f3n B\u00e1sica\u00bb open_toggle_text_color=\u00bb#000000&#8243; open_toggle_background_color=\u00bb#FFFFFF\u00bb closed_toggle_background_color=\u00bb#FFFFFF\u00bb icon_color=\u00bb#009bdb\u00bb toggle_icon=\u00bb&#xe048;||divi||400&#8243; use_icon_font_size=\u00bbon\u00bb icon_font_size=\u00bb26px\u00bb open_icon_color=\u00bb#009bdb\u00bb open_toggle_icon=\u00bb&#xe047;||divi||400&#8243; open_use_icon_font_size=\u00bbon\u00bb open_icon_font_size=\u00bb26px\u00bb disabled_on=\u00bboff|off|off\u00bb admin_label=\u00bbProfesor o profesora de Educaci\u00f3n B\u00e1sica\u00bb _builder_version=\u00bb4.22.2&#8243; _module_preset=\u00bbdefault\u00bb title_text_color=\u00bb#000000&#8243; title_font=\u00bb|700||on|||||\u00bb global_colors_info=\u00bb{}\u00bb]<\/p>\n<table style=\"width: 90%;\" border=\"0\" width=\"90%\" cellspacing=\"0\" cellpadding=\"0\">\n<tbody>\n<tr>\n<td width=\"204\"><strong>NOMBRE<\/strong><\/td>\n<td width=\"161\"><strong>PATERNO<\/strong><\/td>\n<td width=\"131\"><strong>MATERNO<\/strong><\/td>\n<\/tr>\n<tr>\n<td>MAR\u00cdA FERNANDA<\/td>\n<td>LIZAMA<\/td>\n<td>RIVEROS<\/td>\n<\/tr>\n<tr>\n<td>CLAUDIA YANINA<\/td>\n<td>MARAMBIO<\/td>\n<td>CLAVIJO<\/td>\n<\/tr>\n<tr>\n<td>JENNEFER IBEL<\/td>\n<td>S\u00c1NCHEZ<\/td>\n<td>VERA<\/td>\n<\/tr>\n<tr>\n<td>PALOMA DEL CARMEN<\/td>\n<td>V\u00c1SQUEZ<\/td>\n<td>NAVARRO<\/td>\n<\/tr>\n<\/tbody>\n<\/table>\n<p>[\/et_pb_toggle][\/et_pb_column][et_pb_column type=\u00bb1_3&#8243; _builder_version=\u00bb4.17.6&#8243; _module_preset=\u00bbdefault\u00bb global_colors_info=\u00bb{}\u00bb][et_pb_toggle title=\u00bbProfesor o profesora de Educaci\u00f3n B\u00e1sica, menci\u00f3n en Lengua Castellana y Comunicaci\u00f3n\u00bb open_toggle_text_color=\u00bb#000000&#8243; open_toggle_background_color=\u00bb#FFFFFF\u00bb closed_toggle_background_color=\u00bb#FFFFFF\u00bb icon_color=\u00bb#009bdb\u00bb toggle_icon=\u00bb&#xe048;||divi||400&#8243; use_icon_font_size=\u00bbon\u00bb icon_font_size=\u00bb26px\u00bb open_icon_color=\u00bb#009bdb\u00bb open_toggle_icon=\u00bb&#xe047;||divi||400&#8243; open_use_icon_font_size=\u00bbon\u00bb open_icon_font_size=\u00bb26px\u00bb disabled_on=\u00bboff|off|off\u00bb admin_label=\u00bbProfesor o profesora de Educaci\u00f3n B\u00e1sica, menci\u00f3n en Lengua Castellana y Comunicaci\u00f3n\u00bb _builder_version=\u00bb4.22.2&#8243; _module_preset=\u00bbdefault\u00bb title_text_color=\u00bb#000000&#8243; title_font=\u00bb|700||on|||||\u00bb global_colors_info=\u00bb{}\u00bb]<\/p>\n<table style=\"width: 90%;\" border=\"0\" width=\"90%\" cellspacing=\"0\" cellpadding=\"0\">\n<tbody>\n<tr>\n<td width=\"204\"><strong>NOMBRE<\/strong><\/td>\n<td width=\"161\"><strong>PATERNO<\/strong><\/td>\n<td width=\"131\"><strong>MATERNO<\/strong><\/td>\n<\/tr>\n<tr>\n<td>VALENTINA JAVIERA<\/td>\n<td>ARANCIBIA<\/td>\n<td>JARA<\/td>\n<\/tr>\n<tr>\n<td>PATRICIO IGNACIO<\/td>\n<td>BARRA<\/td>\n<td>RIVERA<\/td>\n<\/tr>\n<tr>\n<td>JAVIERA FERNANDA<\/td>\n<td>G\u00d3MEZ<\/td>\n<td>TORO<\/td>\n<\/tr>\n<tr>\n<td>CAROLINA VANESSA<\/td>\n<td>LEDESMA<\/td>\n<td>LAZCANO<\/td>\n<\/tr>\n<tr>\n<td>JAVIERA ANTONIA<\/td>\n<td>L\u00d3PEZ<\/td>\n<td>BARRERA<\/td>\n<\/tr>\n<tr>\n<td>MAYRA GABRIELA CONSTANZA<\/td>\n<td>MONTECINOS<\/td>\n<td>TORRES<\/td>\n<\/tr>\n<tr>\n<td>CONSTANZA PAULINA<\/td>\n<td>RUBIO<\/td>\n<td>CONTRERAS<\/td>\n<\/tr>\n<tr>\n<td>CONSTANZA JAVIERA<\/td>\n<td>WILDE<\/td>\n<td>VARAS<\/td>\n<\/tr>\n<tr>\n<td>KIMBERLY ALEJANDRA<\/td>\n<td>Z\u00da\u00d1IGA<\/td>\n<td>GONZ\u00c1LEZ<\/td>\n<\/tr>\n<\/tbody>\n<\/table>\n<p>[\/et_pb_toggle][\/et_pb_column][\/et_pb_row][et_pb_row column_structure=\u00bb1_3,1_3,1_3&#8243; use_custom_gutter=\u00bbon\u00bb disabled_on=\u00bboff|off|off\u00bb _builder_version=\u00bb4.22.0&#8243; _module_preset=\u00bbdefault\u00bb width=\u00bb94%\u00bb max_width=\u00bb2560px\u00bb custom_padding=\u00bb18px||18px|||\u00bb global_colors_info=\u00bb{}\u00bb][et_pb_column type=\u00bb1_3&#8243; _builder_version=\u00bb4.17.6&#8243; _module_preset=\u00bbdefault\u00bb global_colors_info=\u00bb{}\u00bb][et_pb_toggle title=\u00bbProfesor o profesora de Educaci\u00f3n B\u00e1sica, menci\u00f3n en Matem\u00e1tica\u00bb open_toggle_text_color=\u00bb#000000&#8243; open_toggle_background_color=\u00bb#FFFFFF\u00bb closed_toggle_background_color=\u00bb#FFFFFF\u00bb icon_color=\u00bb#009bdb\u00bb toggle_icon=\u00bb&#xe048;||divi||400&#8243; use_icon_font_size=\u00bbon\u00bb icon_font_size=\u00bb26px\u00bb open_icon_color=\u00bb#009bdb\u00bb open_toggle_icon=\u00bb&#xe047;||divi||400&#8243; open_use_icon_font_size=\u00bbon\u00bb open_icon_font_size=\u00bb26px\u00bb disabled_on=\u00bboff|off|off\u00bb admin_label=\u00bbProfesor o profesora de Educaci\u00f3n B\u00e1sica, menci\u00f3n en Matem\u00e1tica\u00bb _builder_version=\u00bb4.22.2&#8243; _module_preset=\u00bbdefault\u00bb title_text_color=\u00bb#000000&#8243; title_font=\u00bb|700||on|||||\u00bb global_colors_info=\u00bb{}\u00bb]<\/p>\n<table style=\"width: 90%;\" border=\"0\" width=\"90%\" cellspacing=\"0\" cellpadding=\"0\">\n<tbody>\n<tr style=\"height: 24px;\">\n<td style=\"height: 24px; width: 193.391px;\"><strong>NOMBRE<\/strong><\/td>\n<td style=\"height: 24px; width: 154.312px;\"><strong>PATERNO<\/strong><\/td>\n<td style=\"height: 24px; width: 126.297px;\"><strong>MATERNO<\/strong><\/td>\n<\/tr>\n<tr style=\"height: 24px;\">\n<td style=\"height: 24px; width: 193.391px;\">KATALINA FLORENCIA<\/td>\n<td style=\"height: 24px; width: 154.312px;\">BERNAL<\/td>\n<td style=\"height: 24px; width: 126.297px;\">LILLO<\/td>\n<\/tr>\n<tr style=\"height: 24px;\">\n<td style=\"height: 24px; width: 193.391px;\">JUAN CARLOS ENRIQUE<\/td>\n<td style=\"height: 24px; width: 154.312px;\">BRIONES<\/td>\n<td style=\"height: 24px; width: 126.297px;\">TOBAR<\/td>\n<\/tr>\n<tr style=\"height: 24px;\">\n<td style=\"height: 24px; width: 193.391px;\">CAMILA FERNANDA<\/td>\n<td style=\"height: 24px; width: 154.312px;\">GONZ\u00c1LEZ<\/td>\n<td style=\"height: 24px; width: 126.297px;\">SILVA<\/td>\n<\/tr>\n<\/tbody>\n<\/table>\n<p>[\/et_pb_toggle][\/et_pb_column][et_pb_column type=\u00bb1_3&#8243; _builder_version=\u00bb4.17.6&#8243; _module_preset=\u00bbdefault\u00bb global_colors_info=\u00bb{}\u00bb][et_pb_toggle title=\u00bbProfesor o profesora de Educaci\u00f3n T\u00e9cnico-Profesional\u00bb open_toggle_text_color=\u00bb#000000&#8243; open_toggle_background_color=\u00bb#FFFFFF\u00bb closed_toggle_background_color=\u00bb#FFFFFF\u00bb icon_color=\u00bb#009bdb\u00bb toggle_icon=\u00bb&#xe048;||divi||400&#8243; use_icon_font_size=\u00bbon\u00bb icon_font_size=\u00bb26px\u00bb open_icon_color=\u00bb#009bdb\u00bb open_toggle_icon=\u00bb&#xe047;||divi||400&#8243; open_use_icon_font_size=\u00bbon\u00bb open_icon_font_size=\u00bb26px\u00bb disabled_on=\u00bboff|off|off\u00bb admin_label=\u00bbProfesor o profesora de Educaci\u00f3n T\u00e9cnico-Profesional\u00bb _builder_version=\u00bb4.22.2&#8243; _module_preset=\u00bbdefault\u00bb title_text_color=\u00bb#000000&#8243; title_font=\u00bb|700||on|||||\u00bb global_colors_info=\u00bb{}\u00bb]<\/p>\n<table style=\"width: 90%;\" border=\"0\" width=\"90%\" cellspacing=\"0\" cellpadding=\"0\">\n<tbody>\n<tr>\n<td width=\"204\"><strong>GUILLERMO EDGARDO<\/strong><\/td>\n<td width=\"161\"><strong>RODR\u00cdGUEZ<\/strong><\/td>\n<td width=\"131\"><strong>RODR\u00cdGUEZ<\/strong><\/td>\n<\/tr>\n<tr>\n<td>PAOLA ANDREA<\/td>\n<td>ROSAS<\/td>\n<td>QUINTANILLA<\/td>\n<\/tr>\n<tr>\n<td>LUISA LILIBETH<\/td>\n<td>VARGAS<\/td>\n<td>BARR\u00cdA<\/td>\n<\/tr>\n<\/tbody>\n<\/table>\n<p>[\/et_pb_toggle][\/et_pb_column][et_pb_column type=\u00bb1_3&#8243; _builder_version=\u00bb4.17.6&#8243; _module_preset=\u00bbdefault\u00bb global_colors_info=\u00bb{}\u00bb][\/et_pb_column][\/et_pb_row][\/et_pb_section][et_pb_section fb_built=\u00bb1&#8243; disabled_on=\u00bboff|off|off\u00bb _builder_version=\u00bb4.22.0&#8243; _module_preset=\u00bbdefault\u00bb width=\u00bb100%\u00bb max_width=\u00bb100%\u00bb custom_padding=\u00bb5px|||||\u00bb global_colors_info=\u00bb{}\u00bb][et_pb_row use_custom_gutter=\u00bbon\u00bb gutter_width=\u00bb1&#8243; _builder_version=\u00bb4.17.6&#8243; _module_preset=\u00bbdefault\u00bb width=\u00bb96%\u00bb max_width=\u00bb2560px\u00bb module_alignment=\u00bbleft\u00bb custom_padding=\u00bb||9px|||\u00bb global_colors_info=\u00bb{}\u00bb][et_pb_column type=\u00bb4_4&#8243; _builder_version=\u00bb4.17.6&#8243; _module_preset=\u00bbdefault\u00bb global_colors_info=\u00bb{}\u00bb][et_pb_blurb title=\u00bbCeremonia de titulaci\u00f3n: viernes 10 de noviembre, 11.00 horas\u00bb use_icon=\u00bbon\u00bb font_icon=\u00bb&#xf073;||fa||400&#8243; icon_color=\u00bb#009bdb\u00bb icon_placement=\u00bbleft\u00bb image_icon_width=\u00bb53px\u00bb content_max_width=\u00bb1100px\u00bb admin_label=\u00bbAnuncio: Ceremonia de titulaci\u00f3n: viernes 10 de noviembre, 11.00 horas\u00bb _builder_version=\u00bb4.22.2&#8243; _module_preset=\u00bbdefault\u00bb header_font=\u00bb|800||on|||||\u00bb header_text_color=\u00bb#303030&#8243; header_font_size=\u00bb27px\u00bb body_font=\u00bb||||||||\u00bb body_text_color=\u00bb#0099cc\u00bb body_font_size=\u00bb16px\u00bb custom_margin=\u00bb||-1px|||\u00bb global_colors_info=\u00bb{}\u00bb]<\/p>\n<h2>Campus San Felipe<\/h2>\n<p>Sal\u00f3n Auditorio<\/p>\n<p>[\/et_pb_blurb][\/et_pb_column][\/et_pb_row][et_pb_row column_structure=\u00bb1_3,1_3,1_3&#8243; use_custom_gutter=\u00bbon\u00bb disabled_on=\u00bboff|off|off\u00bb _builder_version=\u00bb4.22.0&#8243; _module_preset=\u00bbdefault\u00bb width=\u00bb94%\u00bb max_width=\u00bb2560px\u00bb custom_padding=\u00bb18px||18px|||\u00bb global_colors_info=\u00bb{}\u00bb][et_pb_column type=\u00bb1_3&#8243; _builder_version=\u00bb4.17.6&#8243; _module_preset=\u00bbdefault\u00bb global_colors_info=\u00bb{}\u00bb][et_pb_toggle title=\u00bbEducador o Educadora de P\u00e1rvulos\u00bb open_toggle_text_color=\u00bb#000000&#8243; open_toggle_background_color=\u00bb#FFFFFF\u00bb closed_toggle_background_color=\u00bb#FFFFFF\u00bb icon_color=\u00bb#009bdb\u00bb toggle_icon=\u00bb&#xe048;||divi||400&#8243; use_icon_font_size=\u00bbon\u00bb icon_font_size=\u00bb26px\u00bb open_icon_color=\u00bb#009bdb\u00bb open_toggle_icon=\u00bb&#xe047;||divi||400&#8243; open_use_icon_font_size=\u00bbon\u00bb open_icon_font_size=\u00bb26px\u00bb disabled_on=\u00bboff|off|off\u00bb admin_label=\u00bbEducador o Educadora de P\u00e1rvulos\u00bb _builder_version=\u00bb4.22.2&#8243; _module_preset=\u00bbdefault\u00bb title_text_color=\u00bb#000000&#8243; title_font=\u00bb|700||on|||||\u00bb global_colors_info=\u00bb{}\u00bb]<\/p>\n<table style=\"width: 90%;\" border=\"0\" width=\"90%\" cellspacing=\"0\" cellpadding=\"0\">\n<tbody>\n<tr>\n<td width=\"204\"><strong>NOMBRE<\/strong><\/td>\n<td width=\"161\"><strong>PATERNO<\/strong><\/td>\n<td width=\"131\"><strong>MATERNO<\/strong><\/td>\n<\/tr>\n<tr>\n<td>CONSTANZA IGNACIA<\/td>\n<td>AGUILERA<\/td>\n<td>MENDOZA<\/td>\n<\/tr>\n<tr>\n<td>CAROLINA PATRICIA<\/td>\n<td>CARVALLO<\/td>\n<td>VALENCIA<\/td>\n<\/tr>\n<tr>\n<td>CONSTANZA ANA\u00cdS<\/td>\n<td>FIGUEROA<\/td>\n<td>D\u00cdAZ<\/td>\n<\/tr>\n<tr>\n<td>PIERA CAROLINA<\/td>\n<td>HERRERA<\/td>\n<td>V\u00c1SQUEZ<\/td>\n<\/tr>\n<tr>\n<td>LISSETE SCARLETT<\/td>\n<td>N\u00da\u00d1EZ<\/td>\n<td>GONZ\u00c1LEZ<\/td>\n<\/tr>\n<tr>\n<td>FERNANDA LUCILA AURORA<\/td>\n<td>P\u00c9REZ<\/td>\n<td>RETAMAL<\/td>\n<\/tr>\n<tr>\n<td>VIVIANA ANDREA<\/td>\n<td>PUGA<\/td>\n<td>ROMERO<\/td>\n<\/tr>\n<tr>\n<td>STEFFI IGNACIA<\/td>\n<td>RIQUELME<\/td>\n<td>ALLENDES<\/td>\n<\/tr>\n<tr>\n<td>NATALIA EUGENIA<\/td>\n<td>SALINAS<\/td>\n<td>PAVEZ<\/td>\n<\/tr>\n<tr>\n<td>PAOLA CECILIA<\/td>\n<td>VILIA<\/td>\n<td>MALDONADO<\/td>\n<\/tr>\n<\/tbody>\n<\/table>\n<p>[\/et_pb_toggle][\/et_pb_column][et_pb_column type=\u00bb1_3&#8243; _builder_version=\u00bb4.17.6&#8243; _module_preset=\u00bbdefault\u00bb global_colors_info=\u00bb{}\u00bb][et_pb_toggle title=\u00bbProfesor o profesora de Castellano\u00bb open_toggle_text_color=\u00bb#000000&#8243; open_toggle_background_color=\u00bb#FFFFFF\u00bb closed_toggle_background_color=\u00bb#FFFFFF\u00bb icon_color=\u00bb#009bdb\u00bb toggle_icon=\u00bb&#xe048;||divi||400&#8243; use_icon_font_size=\u00bbon\u00bb icon_font_size=\u00bb26px\u00bb open_icon_color=\u00bb#009bdb\u00bb open_toggle_icon=\u00bb&#xe047;||divi||400&#8243; open_use_icon_font_size=\u00bbon\u00bb open_icon_font_size=\u00bb26px\u00bb disabled_on=\u00bboff|off|off\u00bb admin_label=\u00bbProfesor o profesora de Castellano\u00bb _builder_version=\u00bb4.22.2&#8243; _module_preset=\u00bbdefault\u00bb title_text_color=\u00bb#000000&#8243; title_font=\u00bb|700||on|||||\u00bb global_colors_info=\u00bb{}\u00bb]<\/p>\n<table style=\"width: 90%;\" border=\"0\" width=\"90%\" cellspacing=\"0\" cellpadding=\"0\">\n<tbody>\n<tr>\n<td width=\"204\"><strong>NOMBRE<\/strong><\/td>\n<td width=\"161\"><strong>PATERNO<\/strong><\/td>\n<td width=\"131\"><strong>MATERNO<\/strong><\/td>\n<\/tr>\n<tr>\n<td>ALICIA ALINKA SOLANGE<\/td>\n<td>ARAYA<\/td>\n<td>CRUZ<\/td>\n<\/tr>\n<tr>\n<td>GONZALO FRANCISCO<\/td>\n<td>GONZ\u00c1LEZ<\/td>\n<td>SOTO<\/td>\n<\/tr>\n<tr>\n<td>VALENTINA PAZ<\/td>\n<td>IBACETA<\/td>\n<td>PIZARRO<\/td>\n<\/tr>\n<tr>\n<td>JAVIERA ANDREA<\/td>\n<td>MATURANA<\/td>\n<td>P\u00c9REZ<\/td>\n<\/tr>\n<tr>\n<td>MAXIMILIANO ANDR\u00c9S<\/td>\n<td>MENESES<\/td>\n<td>CARRASCO<\/td>\n<\/tr>\n<tr>\n<td>CARLA SALOM\u00c9<\/td>\n<td>TORO<\/td>\n<td>GAJARDO<\/td>\n<\/tr>\n<tr>\n<td>JUAN ANDR\u00c9S<\/td>\n<td>Z\u00da\u00d1IGA<\/td>\n<td>S\u00c1NCHEZ<\/td>\n<\/tr>\n<\/tbody>\n<\/table>\n<p>[\/et_pb_toggle][\/et_pb_column][et_pb_column type=\u00bb1_3&#8243; _builder_version=\u00bb4.17.6&#8243; _module_preset=\u00bbdefault\u00bb global_colors_info=\u00bb{}\u00bb][et_pb_toggle title=\u00bbProfesor o profesora de Educaci\u00f3n B\u00e1sica, menci\u00f3n en Educaci\u00f3n Rural y Desarrollo\u00bb open_toggle_text_color=\u00bb#000000&#8243; open_toggle_background_color=\u00bb#FFFFFF\u00bb closed_toggle_background_color=\u00bb#FFFFFF\u00bb icon_color=\u00bb#009bdb\u00bb toggle_icon=\u00bb&#xe048;||divi||400&#8243; use_icon_font_size=\u00bbon\u00bb icon_font_size=\u00bb26px\u00bb open_icon_color=\u00bb#009bdb\u00bb open_toggle_icon=\u00bb&#xe047;||divi||400&#8243; open_use_icon_font_size=\u00bbon\u00bb open_icon_font_size=\u00bb26px\u00bb disabled_on=\u00bboff|off|off\u00bb admin_label=\u00bbProfesor o profesora de Educaci\u00f3n B\u00e1sica, menci\u00f3n en Educaci\u00f3n Rural y Desarrollo\u00bb _builder_version=\u00bb4.22.2&#8243; _module_preset=\u00bbdefault\u00bb title_text_color=\u00bb#000000&#8243; title_font=\u00bb|700||on|||||\u00bb global_colors_info=\u00bb{}\u00bb]<\/p>\n<table style=\"width: 90%;\" border=\"0\" width=\"90%\" cellspacing=\"0\" cellpadding=\"0\">\n<tbody>\n<tr>\n<td style=\"width: 40.9091%;\" width=\"204\"><strong>NOMBRE<\/strong><\/td>\n<td style=\"width: 32.3347%;\" width=\"161\"><strong>PATERNO<\/strong><\/td>\n<td style=\"width: 26.4463%;\" width=\"131\"><strong>MATERNO<\/strong><\/td>\n<\/tr>\n<tr>\n<td style=\"width: 40.9091%;\">KATHERINE PAOLA<\/td>\n<td style=\"width: 32.3347%;\">CASTRO<\/td>\n<td style=\"width: 26.4463%;\">OLIVARES<\/td>\n<\/tr>\n<\/tbody>\n<\/table>\n<p>[\/et_pb_toggle][\/et_pb_column][\/et_pb_row][et_pb_row column_structure=\u00bb1_3,1_3,1_3&#8243; use_custom_gutter=\u00bbon\u00bb disabled_on=\u00bboff|off|off\u00bb _builder_version=\u00bb4.22.0&#8243; _module_preset=\u00bbdefault\u00bb width=\u00bb94%\u00bb max_width=\u00bb2560px\u00bb custom_padding=\u00bb18px||18px|||\u00bb global_colors_info=\u00bb{}\u00bb][et_pb_column type=\u00bb1_3&#8243; _builder_version=\u00bb4.17.6&#8243; _module_preset=\u00bbdefault\u00bb global_colors_info=\u00bb{}\u00bb][et_pb_toggle title=\u00bbProfesor o profesora de Historia y Geograf\u00eda\u00bb open_toggle_text_color=\u00bb#000000&#8243; open_toggle_background_color=\u00bb#FFFFFF\u00bb closed_toggle_background_color=\u00bb#FFFFFF\u00bb icon_color=\u00bb#009bdb\u00bb toggle_icon=\u00bb&#xe048;||divi||400&#8243; use_icon_font_size=\u00bbon\u00bb icon_font_size=\u00bb26px\u00bb open_icon_color=\u00bb#009bdb\u00bb open_toggle_icon=\u00bb&#xe047;||divi||400&#8243; open_use_icon_font_size=\u00bbon\u00bb open_icon_font_size=\u00bb26px\u00bb disabled_on=\u00bboff|off|off\u00bb admin_label=\u00bbProfesor o profesora de Historia y Geograf\u00eda\u00bb _builder_version=\u00bb4.22.2&#8243; _module_preset=\u00bbdefault\u00bb title_text_color=\u00bb#000000&#8243; title_font=\u00bb|700||on|||||\u00bb global_colors_info=\u00bb{}\u00bb]<\/p>\n<table style=\"width: 90%;\" border=\"0\" width=\"90%\" cellspacing=\"0\" cellpadding=\"0\">\n<tbody>\n<tr>\n<td width=\"204\"><strong>NOMBRE<\/strong><\/td>\n<td width=\"161\"><strong>PATERNO<\/strong><\/td>\n<td width=\"131\"><strong>MATERNO<\/strong><\/td>\n<\/tr>\n<tr>\n<td>MISCHKA OXIEL<\/td>\n<td>BARRAZA<\/td>\n<td>VARGAS<\/td>\n<\/tr>\n<tr>\n<td>IGNACIO ANDR\u00c9S<\/td>\n<td>FERN\u00c1NDEZ<\/td>\n<td>LEIVA<\/td>\n<\/tr>\n<tr>\n<td>NICOLE FRANCESCA<\/td>\n<td>FUENTES<\/td>\n<td>SAA<\/td>\n<\/tr>\n<tr>\n<td>JOS\u00c9 IGNACIO<\/td>\n<td>HERRERA<\/td>\n<td>JIM\u00c9NEZ<\/td>\n<\/tr>\n<tr>\n<td>CATALINA VICTORIA<\/td>\n<td>PAREDES<\/td>\n<td>GUTI\u00c9RREZ<\/td>\n<\/tr>\n<tr>\n<td>V\u00cdCTOR MANUEL JES\u00daS<\/td>\n<td>PI\u00d1A<\/td>\n<td>D\u00cdAZ<\/td>\n<\/tr>\n<tr>\n<td>GABRIELA MARYSOL<\/td>\n<td>VELASCO<\/td>\n<td>REYES<\/td>\n<\/tr>\n<tr>\n<td>EFRA\u00cdN MICAIAS<\/td>\n<td>VILCHES<\/td>\n<td>D\u00cdAZ<\/td>\n<\/tr>\n<\/tbody>\n<\/table>\n<p>[\/et_pb_toggle][\/et_pb_column][et_pb_column type=\u00bb1_3&#8243; _builder_version=\u00bb4.17.6&#8243; _module_preset=\u00bbdefault\u00bb global_colors_info=\u00bb{}\u00bb][et_pb_toggle title=\u00bbProfesor o profesora de Ingl\u00e9s\u00bb open_toggle_text_color=\u00bb#000000&#8243; open_toggle_background_color=\u00bb#FFFFFF\u00bb closed_toggle_background_color=\u00bb#FFFFFF\u00bb icon_color=\u00bb#009bdb\u00bb toggle_icon=\u00bb&#xe048;||divi||400&#8243; use_icon_font_size=\u00bbon\u00bb icon_font_size=\u00bb26px\u00bb open_icon_color=\u00bb#009bdb\u00bb open_toggle_icon=\u00bb&#xe047;||divi||400&#8243; open_use_icon_font_size=\u00bbon\u00bb open_icon_font_size=\u00bb26px\u00bb disabled_on=\u00bboff|off|off\u00bb admin_label=\u00bbProfesor o profesora de Ingl\u00e9s\u00bb _builder_version=\u00bb4.22.2&#8243; _module_preset=\u00bbdefault\u00bb title_text_color=\u00bb#000000&#8243; title_font=\u00bb|700||on|||||\u00bb global_colors_info=\u00bb{}\u00bb]<\/p>\n<table style=\"width: 90%;\" border=\"0\" width=\"90%\" cellspacing=\"0\" cellpadding=\"0\">\n<tbody>\n<tr>\n<td width=\"204\"><strong>NOMBRE<\/strong><\/td>\n<td width=\"161\"><strong>PATERNO<\/strong><\/td>\n<td width=\"131\"><strong>MATERNO<\/strong><\/td>\n<\/tr>\n<tr>\n<td>JOHAN MATHIAS IGNACIO<\/td>\n<td>CIFUENTES<\/td>\n<td>GIL<\/td>\n<\/tr>\n<tr>\n<td>BRUNO DARWIN<\/td>\n<td>D\u00cdAZ<\/td>\n<td>ARANCIBIA<\/td>\n<\/tr>\n<tr>\n<td>CARLA MARTA YESSENIA<\/td>\n<td>D\u00cdAZ<\/td>\n<td>CASTRO<\/td>\n<\/tr>\n<tr>\n<td>MATHIAS MANUEL<\/td>\n<td>FAR\u00cdAS<\/td>\n<td>LUFIN<\/td>\n<\/tr>\n<tr>\n<td>TAMARA BEL\u00c9N<\/td>\n<td>GONZ\u00c1LEZ<\/td>\n<td>ALAM<\/td>\n<\/tr>\n<tr>\n<td>ANDREA BEL\u00c9N<\/td>\n<td>MADARIAGA<\/td>\n<td>TORRES<\/td>\n<\/tr>\n<tr>\n<td>CRISTINA ELIZABETH<\/td>\n<td>ORELLANA<\/td>\n<td>ARAOS<\/td>\n<\/tr>\n<tr>\n<td>FELIPE ANDR\u00c9S<\/td>\n<td>PAVEZ<\/td>\n<td>PINTO<\/td>\n<\/tr>\n<tr>\n<td>JUAN FRANCISCO<\/td>\n<td>RODR\u00cdGUEZ<\/td>\n<td>IBACETA<\/td>\n<\/tr>\n<\/tbody>\n<\/table>\n<p>[\/et_pb_toggle][\/et_pb_column][et_pb_column type=\u00bb1_3&#8243; _builder_version=\u00bb4.17.6&#8243; _module_preset=\u00bbdefault\u00bb global_colors_info=\u00bb{}\u00bb][\/et_pb_column][\/et_pb_row][\/et_pb_section][et_pb_section fb_built=\u00bb1&#8243; disabled_on=\u00bboff|off|off\u00bb _builder_version=\u00bb4.22.0&#8243; _module_preset=\u00bbdefault\u00bb width=\u00bb100%\u00bb max_width=\u00bb100%\u00bb custom_padding=\u00bb5px|||||\u00bb global_colors_info=\u00bb{}\u00bb][et_pb_row use_custom_gutter=\u00bbon\u00bb gutter_width=\u00bb1&#8243; _builder_version=\u00bb4.17.6&#8243; _module_preset=\u00bbdefault\u00bb width=\u00bb96%\u00bb max_width=\u00bb2560px\u00bb module_alignment=\u00bbleft\u00bb custom_padding=\u00bb||9px|||\u00bb global_colors_info=\u00bb{}\u00bb][et_pb_column type=\u00bb4_4&#8243; _builder_version=\u00bb4.17.6&#8243; _module_preset=\u00bbdefault\u00bb global_colors_info=\u00bb{}\u00bb][et_pb_blurb title=\u00bbCeremonia de titulaci\u00f3n: viernes 10 de noviembre, 16.00 horas\u00bb use_icon=\u00bbon\u00bb font_icon=\u00bb&#xf073;||fa||400&#8243; icon_color=\u00bb#009bdb\u00bb icon_placement=\u00bbleft\u00bb image_icon_width=\u00bb53px\u00bb content_max_width=\u00bb1100px\u00bb admin_label=\u00bbCeremonia de titulaci\u00f3n: viernes 10 de noviembre, 16.00 horas\u00bb _builder_version=\u00bb4.22.2&#8243; _module_preset=\u00bbdefault\u00bb header_font=\u00bb|800||on|||||\u00bb header_text_color=\u00bb#303030&#8243; header_font_size=\u00bb27px\u00bb body_font=\u00bb||||||||\u00bb body_text_color=\u00bb#0099cc\u00bb body_font_size=\u00bb16px\u00bb custom_margin=\u00bb||-1px|||\u00bb global_colors_info=\u00bb{}\u00bb]<\/p>\n<h2>Campus San Felipe<\/h2>\n<p>Salon Auditorio<\/p>\n<p>[\/et_pb_blurb][\/et_pb_column][\/et_pb_row][et_pb_row column_structure=\u00bb1_3,1_3,1_3&#8243; use_custom_gutter=\u00bbon\u00bb disabled_on=\u00bboff|off|off\u00bb _builder_version=\u00bb4.22.0&#8243; _module_preset=\u00bbdefault\u00bb width=\u00bb94%\u00bb max_width=\u00bb2560px\u00bb custom_padding=\u00bb18px||18px|||\u00bb global_colors_info=\u00bb{}\u00bb][et_pb_column type=\u00bb1_3&#8243; _builder_version=\u00bb4.17.6&#8243; _module_preset=\u00bbdefault\u00bb global_colors_info=\u00bb{}\u00bb][et_pb_toggle title=\u00bbIngeniera inform\u00e1tica o ingeniero inform\u00e1tico, menci\u00f3n en Gesti\u00f3n de la Informaci\u00f3n\u00bb open_toggle_text_color=\u00bb#000000&#8243; open_toggle_background_color=\u00bb#FFFFFF\u00bb closed_toggle_background_color=\u00bb#FFFFFF\u00bb icon_color=\u00bb#009bdb\u00bb toggle_icon=\u00bb&#xe048;||divi||400&#8243; use_icon_font_size=\u00bbon\u00bb icon_font_size=\u00bb26px\u00bb open_icon_color=\u00bb#009bdb\u00bb open_toggle_icon=\u00bb&#xe047;||divi||400&#8243; open_use_icon_font_size=\u00bbon\u00bb open_icon_font_size=\u00bb26px\u00bb disabled_on=\u00bboff|off|off\u00bb admin_label=\u00bbIngeniera inform\u00e1tica o ingeniero inform\u00e1tico, menci\u00f3n en Gesti\u00f3n de la Informaci\u00f3n\u00bb _builder_version=\u00bb4.22.2&#8243; _module_preset=\u00bbdefault\u00bb title_text_color=\u00bb#000000&#8243; title_font=\u00bb|700||on|||||\u00bb global_colors_info=\u00bb{}\u00bb]<\/p>\n<table style=\"width: 90%; height: 216px;\" border=\"0\" width=\"90%\" cellspacing=\"0\" cellpadding=\"0\">\n<tbody>\n<tr style=\"height: 24px;\">\n<td style=\"height: 24px;\" width=\"204\"><strong>NOMBRE<\/strong><\/td>\n<td style=\"height: 24px;\" width=\"161\"><strong>PATERNO<\/strong><\/td>\n<td style=\"height: 24px;\" width=\"131\"><strong>MATERNO<\/strong><\/td>\n<\/tr>\n<tr style=\"height: 24px;\">\n<td style=\"height: 24px;\">MARCELO IGNACIO<\/td>\n<td style=\"height: 24px;\">CARVAJAL<\/td>\n<td style=\"height: 24px;\">ORTIZ<\/td>\n<\/tr>\n<tr style=\"height: 24px;\">\n<td style=\"height: 24px;\">JORGE LUIS<\/td>\n<td style=\"height: 24px;\">HERRERA<\/td>\n<td style=\"height: 24px;\">OT\u00c1ROLA<\/td>\n<\/tr>\n<tr style=\"height: 24px;\">\n<td style=\"height: 24px;\">CAMILO IGNACIO<\/td>\n<td style=\"height: 24px;\">MEZA<\/td>\n<td style=\"height: 24px;\">BADILLA<\/td>\n<\/tr>\n<tr style=\"height: 24px;\">\n<td style=\"height: 24px;\">DANIEL JIOHVANI<\/td>\n<td style=\"height: 24px;\">OYANEDEL<\/td>\n<td style=\"height: 24px;\">AGUILAR<\/td>\n<\/tr>\n<tr style=\"height: 24px;\">\n<td style=\"height: 24px;\">GONZALO IV\u00c1N<\/td>\n<td style=\"height: 24px;\">P\u00c9REZ<\/td>\n<td style=\"height: 24px;\">AVELLO<\/td>\n<\/tr>\n<tr style=\"height: 24px;\">\n<td style=\"height: 24px;\">JEAN PAUL ALEXANDER<\/td>\n<td style=\"height: 24px;\">RUSQUE<\/td>\n<td style=\"height: 24px;\">MORALES<\/td>\n<\/tr>\n<tr style=\"height: 24px;\">\n<td style=\"height: 24px;\">MANUEL IGNACIO<\/td>\n<td style=\"height: 24px;\">TAPIA<\/td>\n<td style=\"height: 24px;\">VALERO<\/td>\n<\/tr>\n<tr style=\"height: 24px;\">\n<td style=\"height: 24px;\">JOS\u00c9 IGNACIO<\/td>\n<td style=\"height: 24px;\">TOBAR<\/td>\n<td style=\"height: 24px;\">LEIVA<\/td>\n<\/tr>\n<\/tbody>\n<\/table>\n<p>[\/et_pb_toggle][\/et_pb_column][et_pb_column type=\u00bb1_3&#8243; _builder_version=\u00bb4.17.6&#8243; _module_preset=\u00bbdefault\u00bb global_colors_info=\u00bb{}\u00bb][et_pb_toggle title=\u00bbProfesor o profesora de Educaci\u00f3n Diferencial, menci\u00f3n en Dificultades Espec\u00edficas del Aprendizaje\u00bb open_toggle_text_color=\u00bb#000000&#8243; open_toggle_background_color=\u00bb#FFFFFF\u00bb closed_toggle_background_color=\u00bb#FFFFFF\u00bb icon_color=\u00bb#009bdb\u00bb toggle_icon=\u00bb&#xe048;||divi||400&#8243; use_icon_font_size=\u00bbon\u00bb icon_font_size=\u00bb26px\u00bb open_icon_color=\u00bb#009bdb\u00bb open_toggle_icon=\u00bb&#xe047;||divi||400&#8243; open_use_icon_font_size=\u00bbon\u00bb open_icon_font_size=\u00bb26px\u00bb disabled_on=\u00bboff|off|off\u00bb admin_label=\u00bbProfesor o profesora de Educaci\u00f3n Diferencial, menci\u00f3n en Dificultades Espec\u00edficas del Aprendizaje\u00bb _builder_version=\u00bb4.22.2&#8243; _module_preset=\u00bbdefault\u00bb title_text_color=\u00bb#000000&#8243; title_font=\u00bb|700||on|||||\u00bb global_colors_info=\u00bb{}\u00bb]<\/p>\n<table style=\"width: 90%; height: 264px;\" border=\"0\" width=\"90%\" cellspacing=\"0\" cellpadding=\"0\">\n<tbody>\n<tr style=\"height: 24px;\">\n<td style=\"height: 24px; width: 32%;\" width=\"204\"><strong>NOMBRE<\/strong><\/td>\n<td style=\"height: 24px; width: 36.6154%;\" width=\"161\"><strong>PATERNO<\/strong><\/td>\n<td style=\"height: 24px; width: 31.0769%;\" width=\"131\"><strong>MATERNO<\/strong><\/td>\n<\/tr>\n<tr style=\"height: 24px;\">\n<td style=\"height: 24px; width: 32%;\">MONSERRAT CAROLINA<\/td>\n<td style=\"height: 24px; width: 36.6154%;\">AHUMADA<\/td>\n<td style=\"height: 24px; width: 31.0769%;\">L\u00d3PEZ<\/td>\n<\/tr>\n<tr style=\"height: 24px;\">\n<td style=\"height: 24px; width: 32%;\">B\u00c1RBARA DANIELA<\/td>\n<td style=\"height: 24px; width: 36.6154%;\">ARAYA<\/td>\n<td style=\"height: 24px; width: 31.0769%;\">ESTAY<\/td>\n<\/tr>\n<tr style=\"height: 24px;\">\n<td style=\"height: 24px; width: 32%;\">NICOL PAZ<\/td>\n<td style=\"height: 24px; width: 36.6154%;\">IBACETA<\/td>\n<td style=\"height: 24px; width: 31.0769%;\">FERN\u00c1NDEZ<\/td>\n<\/tr>\n<tr style=\"height: 24px;\">\n<td style=\"height: 24px; width: 32%;\">DANIELA ALEJANDRA<\/td>\n<td style=\"height: 24px; width: 36.6154%;\">LIZAMA<\/td>\n<td style=\"height: 24px; width: 31.0769%;\">SAA<\/td>\n<\/tr>\n<tr style=\"height: 24px;\">\n<td style=\"height: 24px; width: 32%;\">SKISNA DANAE<\/td>\n<td style=\"height: 24px; width: 36.6154%;\">MAGNA<\/td>\n<td style=\"height: 24px; width: 31.0769%;\">VALENCIA<\/td>\n<\/tr>\n<tr style=\"height: 24px;\">\n<td style=\"height: 24px; width: 32%;\">VALERIA ANDREA<\/td>\n<td style=\"height: 24px; width: 36.6154%;\">MONTENEGRO<\/td>\n<td style=\"height: 24px; width: 31.0769%;\">MORENO<\/td>\n<\/tr>\n<tr style=\"height: 24px;\">\n<td style=\"height: 24px; width: 32%;\">CAROL DANIELA<\/td>\n<td style=\"height: 24px; width: 36.6154%;\">\u00d3RDENES<\/td>\n<td style=\"height: 24px; width: 31.0769%;\">FIGUEROA<\/td>\n<\/tr>\n<tr style=\"height: 24px;\">\n<td style=\"height: 24px; width: 32%;\">MILCA ELISABET<\/td>\n<td style=\"height: 24px; width: 36.6154%;\">VALENZUELA<\/td>\n<td style=\"height: 24px; width: 31.0769%;\">TAPIA<\/td>\n<\/tr>\n<tr style=\"height: 24px;\">\n<td style=\"height: 24px; width: 32%;\">VALENTINA TAMARA<\/td>\n<td style=\"height: 24px; width: 36.6154%;\">VALLE<\/td>\n<td style=\"height: 24px; width: 31.0769%;\">GODOY<\/td>\n<\/tr>\n<tr style=\"height: 24px;\">\n<td style=\"height: 24px; width: 32%;\">CAMILA IGNACIA<\/td>\n<td style=\"height: 24px; width: 36.6154%;\">ZAMORA<\/td>\n<td style=\"height: 24px; width: 31.0769%;\">ESTAY<\/td>\n<\/tr>\n<\/tbody>\n<\/table>\n<p>[\/et_pb_toggle][\/et_pb_column][et_pb_column type=\u00bb1_3&#8243; _builder_version=\u00bb4.17.6&#8243; _module_preset=\u00bbdefault\u00bb global_colors_info=\u00bb{}\u00bb][et_pb_toggle title=\u00bbProfesor o profesora de Educaci\u00f3n Diferencial, menci\u00f3n en Discapacidad Intelectual\u00bb open_toggle_text_color=\u00bb#000000&#8243; open_toggle_background_color=\u00bb#FFFFFF\u00bb closed_toggle_background_color=\u00bb#FFFFFF\u00bb icon_color=\u00bb#009bdb\u00bb toggle_icon=\u00bb&#xe048;||divi||400&#8243; use_icon_font_size=\u00bbon\u00bb icon_font_size=\u00bb26px\u00bb open_icon_color=\u00bb#009bdb\u00bb open_toggle_icon=\u00bb&#xe047;||divi||400&#8243; open_use_icon_font_size=\u00bbon\u00bb open_icon_font_size=\u00bb26px\u00bb disabled_on=\u00bboff|off|off\u00bb admin_label=\u00bbProfesor o profesora de Educaci\u00f3n Diferencial, menci\u00f3n en Discapacidad Intelectual\u00bb _builder_version=\u00bb4.22.2&#8243; _module_preset=\u00bbdefault\u00bb title_text_color=\u00bb#000000&#8243; title_font=\u00bb|700||on|||||\u00bb global_colors_info=\u00bb{}\u00bb]<\/p>\n<table style=\"width: 90%;\" border=\"0\" width=\"90%\" cellspacing=\"0\" cellpadding=\"0\">\n<tbody>\n<tr>\n<td width=\"204\"><strong>NOMBRE<\/strong><\/td>\n<td width=\"161\"><strong>PATERNO<\/strong><\/td>\n<td width=\"131\"><strong>MATERNO<\/strong><\/td>\n<\/tr>\n<tr>\n<td>ALONSO PATRICIO<\/td>\n<td>AGUILERA<\/td>\n<td>GALAZ<\/td>\n<\/tr>\n<tr>\n<td>REN\u00c9 MANUEL<\/td>\n<td>CAMPUSANO<\/td>\n<td>SALAS<\/td>\n<\/tr>\n<tr>\n<td>B\u00c1RBARA ERIKA<\/td>\n<td>CASTRO<\/td>\n<td>FUENZALIDA<\/td>\n<\/tr>\n<tr>\n<td>PAULA IGNACIA<\/td>\n<td>C\u00c9SPEDES<\/td>\n<td>FUENTEALBA<\/td>\n<\/tr>\n<tr>\n<td>PAMELA ESTEFAN\u00cdA<\/td>\n<td>D\u00cdAZ<\/td>\n<td>RAMOS<\/td>\n<\/tr>\n<tr>\n<td>YESSENIA ESTEFANY<\/td>\n<td>FUENZALIDA<\/td>\n<td>FERN\u00c1NDEZ<\/td>\n<\/tr>\n<tr>\n<td>SHALON CELINDA<\/td>\n<td>GUERRERO<\/td>\n<td>C\u00c1DIZ<\/td>\n<\/tr>\n<tr>\n<td>ELISET ROMAN\u00c9<\/td>\n<td>IBACETA<\/td>\n<td>RODR\u00cdGUEZ<\/td>\n<\/tr>\n<tr>\n<td>JOSEFA ANTONIA MARTINA<\/td>\n<td>MEDEL<\/td>\n<td>PALACIOS<\/td>\n<\/tr>\n<tr>\n<td>CONSTANZA FERNANDA<\/td>\n<td>MONTENEGRO<\/td>\n<td>ROCCO<\/td>\n<\/tr>\n<tr>\n<td>SILVANA ALEJANDRA<\/td>\n<td>MORENO<\/td>\n<td>AYALA<\/td>\n<\/tr>\n<tr>\n<td>CAMILA AYLEEN<\/td>\n<td>OR\u00d3STICA<\/td>\n<td>CASTILLO<\/td>\n<\/tr>\n<tr>\n<td>CLAUDIA ALEXA<\/td>\n<td>OT\u00c1ROLA<\/td>\n<td>MEZA<\/td>\n<\/tr>\n<tr>\n<td>M\u00d3NICA ANDREA<\/td>\n<td>PARRA<\/td>\n<td>CORT\u00c9S<\/td>\n<\/tr>\n<tr>\n<td>DANIELA ANTONIA<\/td>\n<td>SILVA<\/td>\n<td>CARROZZA<\/td>\n<\/tr>\n<tr>\n<td>CONSUELO IVELICE<\/td>\n<td>URRUTIA<\/td>\n<td>FERN\u00c1NDEZ<\/td>\n<\/tr>\n<tr>\n<td>DIANA ROMINA<\/td>\n<td>VARAS<\/td>\n<td>MENA<\/td>\n<\/tr>\n<\/tbody>\n<\/table>\n<p>[\/et_pb_toggle][\/et_pb_column][\/et_pb_row][\/et_pb_section][et_pb_section fb_built=\u00bb1&#8243; disabled_on=\u00bboff|off|off\u00bb _builder_version=\u00bb4.22.0&#8243; _module_preset=\u00bbdefault\u00bb width=\u00bb100%\u00bb max_width=\u00bb100%\u00bb custom_padding=\u00bb5px|||||\u00bb global_colors_info=\u00bb{}\u00bb][et_pb_row use_custom_gutter=\u00bbon\u00bb gutter_width=\u00bb1&#8243; _builder_version=\u00bb4.17.6&#8243; _module_preset=\u00bbdefault\u00bb width=\u00bb96%\u00bb max_width=\u00bb2560px\u00bb module_alignment=\u00bbleft\u00bb custom_padding=\u00bb||9px|||\u00bb global_colors_info=\u00bb{}\u00bb][et_pb_column type=\u00bb4_4&#8243; _builder_version=\u00bb4.17.6&#8243; _module_preset=\u00bbdefault\u00bb global_colors_info=\u00bb{}\u00bb][et_pb_blurb title=\u00bbCeremonia de titulaci\u00f3n: Lunes 13 de noviembre de 2023, 10.30 horas\u00bb use_icon=\u00bbon\u00bb font_icon=\u00bb&#xf073;||fa||400&#8243; icon_color=\u00bb#009bdb\u00bb icon_placement=\u00bbleft\u00bb image_icon_width=\u00bb53px\u00bb content_max_width=\u00bb1100px\u00bb admin_label=\u00bbCeremonia de titulaci\u00f3n: Lunes 13 de noviembre de 2023, 10.30 horas\u00bb _builder_version=\u00bb4.22.2&#8243; _module_preset=\u00bbdefault\u00bb header_font=\u00bb|800||on|||||\u00bb header_text_color=\u00bb#303030&#8243; header_font_size=\u00bb27px\u00bb body_font=\u00bb||||||||\u00bb body_text_color=\u00bb#0099cc\u00bb body_font_size=\u00bb16px\u00bb custom_margin=\u00bb||-1px|||\u00bb global_colors_info=\u00bb{}\u00bb]<\/p>\n<h2>Facultad de Arte<\/h2>\n<p>Aula Dr. F\u00e9lix Morales Pettorino, Casa Central, Valpara\u00edso.<\/p>\n<p>[\/et_pb_blurb][\/et_pb_column][\/et_pb_row][et_pb_row column_structure=\u00bb1_3,1_3,1_3&#8243; use_custom_gutter=\u00bbon\u00bb disabled_on=\u00bboff|off|off\u00bb _builder_version=\u00bb4.22.0&#8243; _module_preset=\u00bbdefault\u00bb width=\u00bb94%\u00bb max_width=\u00bb2560px\u00bb custom_padding=\u00bb18px||18px|||\u00bb global_colors_info=\u00bb{}\u00bb][et_pb_column type=\u00bb1_3&#8243; _builder_version=\u00bb4.17.6&#8243; _module_preset=\u00bbdefault\u00bb global_colors_info=\u00bb{}\u00bb][et_pb_toggle title=\u00bbActor o actriz\u00bb open_toggle_text_color=\u00bb#000000&#8243; open_toggle_background_color=\u00bb#FFFFFF\u00bb closed_toggle_background_color=\u00bb#FFFFFF\u00bb icon_color=\u00bb#009bdb\u00bb toggle_icon=\u00bb&#xe048;||divi||400&#8243; use_icon_font_size=\u00bbon\u00bb icon_font_size=\u00bb26px\u00bb open_icon_color=\u00bb#009bdb\u00bb open_toggle_icon=\u00bb&#xe047;||divi||400&#8243; open_use_icon_font_size=\u00bbon\u00bb open_icon_font_size=\u00bb26px\u00bb disabled_on=\u00bboff|off|off\u00bb admin_label=\u00bbActor o actriz\u00bb _builder_version=\u00bb4.22.2&#8243; _module_preset=\u00bbdefault\u00bb title_text_color=\u00bb#000000&#8243; title_font=\u00bb|700||on|||||\u00bb global_colors_info=\u00bb{}\u00bb]<\/p>\n<table style=\"width: 90%;\" border=\"0\" width=\"90%\" cellspacing=\"0\" cellpadding=\"0\">\n<tbody>\n<tr>\n<td width=\"204\"><strong>NOMBRE<\/strong><\/td>\n<td width=\"161\"><strong>PATERNO<\/strong><\/td>\n<td width=\"131\"><strong>MATERNO<\/strong><\/td>\n<\/tr>\n<tr>\n<td>SARA<\/td>\n<td>ANDRADA<\/td>\n<td>MU\u00d1OZ<\/td>\n<\/tr>\n<tr>\n<td>VICENTE IGNACIO<\/td>\n<td>ARMIJO<\/td>\n<td>VERA<\/td>\n<\/tr>\n<tr>\n<td>ALFONSINA MAGDALENA<\/td>\n<td>ECHEGOYEN<\/td>\n<td>ULLOA<\/td>\n<\/tr>\n<tr>\n<td>CHANTAL DAMARIS ALINNA<\/td>\n<td>GAS<\/td>\n<td>ABARCA<\/td>\n<\/tr>\n<tr>\n<td>GIOVANNI ALEXANDER<\/td>\n<td>MAUREIRA<\/td>\n<td>SANDOVAL<\/td>\n<\/tr>\n<tr>\n<td>CAMILA ANDREA<\/td>\n<td>MONTINO<\/td>\n<td>MENA<\/td>\n<\/tr>\n<tr>\n<td>SOF\u00cdA CATALINA<\/td>\n<td>MORALES<\/td>\n<td>FLORES<\/td>\n<\/tr>\n<tr>\n<td>DIEGO IGNACIO<\/td>\n<td>PACHECO<\/td>\n<td>V\u00c9LIZ<\/td>\n<\/tr>\n<tr>\n<td>JULIA<\/td>\n<td>PATTILLO<\/td>\n<td>T\u00c9LLEZ<\/td>\n<\/tr>\n<\/tbody>\n<\/table>\n<p>[\/et_pb_toggle][\/et_pb_column][et_pb_column type=\u00bb1_3&#8243; _builder_version=\u00bb4.17.6&#8243; _module_preset=\u00bbdefault\u00bb global_colors_info=\u00bb{}\u00bb][et_pb_toggle title=\u00bbDibujante proyectista\u00bb open_toggle_text_color=\u00bb#000000&#8243; open_toggle_background_color=\u00bb#FFFFFF\u00bb closed_toggle_background_color=\u00bb#FFFFFF\u00bb icon_color=\u00bb#009bdb\u00bb toggle_icon=\u00bb&#xe048;||divi||400&#8243; use_icon_font_size=\u00bbon\u00bb icon_font_size=\u00bb26px\u00bb open_icon_color=\u00bb#009bdb\u00bb open_toggle_icon=\u00bb&#xe047;||divi||400&#8243; open_use_icon_font_size=\u00bbon\u00bb open_icon_font_size=\u00bb26px\u00bb disabled_on=\u00bboff|off|off\u00bb admin_label=\u00bbDibujante proyectista\u00bb _builder_version=\u00bb4.22.2&#8243; _module_preset=\u00bbdefault\u00bb title_text_color=\u00bb#000000&#8243; title_font=\u00bb|700||on|||||\u00bb global_colors_info=\u00bb{}\u00bb]<\/p>\n<table style=\"width: 90%;\" border=\"0\" width=\"90%\" cellspacing=\"0\" cellpadding=\"0\">\n<tbody>\n<tr>\n<td width=\"204\"><strong>NOMBRE<\/strong><\/td>\n<td width=\"161\"><strong>PATERNO<\/strong><\/td>\n<td width=\"131\"><strong>MATERNO<\/strong><\/td>\n<\/tr>\n<tr>\n<td>NICOL\u00c1S IGNACIO<\/td>\n<td>BERNAL<\/td>\n<td>LILLO<\/td>\n<\/tr>\n<tr>\n<td>V\u00cdCTOR MANUEL<\/td>\n<td>CARRASCO<\/td>\n<td>GARAY<\/td>\n<\/tr>\n<tr>\n<td>MAT\u00cdAS ANTONIO<\/td>\n<td>FERN\u00c1NDEZ<\/td>\n<td>ORREGO<\/td>\n<\/tr>\n<tr>\n<td>RODRIGO ANDR\u00c9S<\/td>\n<td>MOLINA<\/td>\n<td>DELGADO<\/td>\n<\/tr>\n<tr>\n<td>FERNANDO FELIPE<\/td>\n<td>PACHECO<\/td>\n<td>GATICA<\/td>\n<\/tr>\n<tr>\n<td>VALENTINA MITCHELLE<\/td>\n<td>VERGARA<\/td>\n<td>GALAZ<\/td>\n<\/tr>\n<\/tbody>\n<\/table>\n<p>[\/et_pb_toggle][\/et_pb_column][et_pb_column type=\u00bb1_3&#8243; _builder_version=\u00bb4.17.6&#8243; _module_preset=\u00bbdefault\u00bb global_colors_info=\u00bb{}\u00bb][et_pb_toggle title=\u00bbDise\u00f1ador o dise\u00f1adora\u00bb open_toggle_text_color=\u00bb#000000&#8243; open_toggle_background_color=\u00bb#FFFFFF\u00bb closed_toggle_background_color=\u00bb#FFFFFF\u00bb icon_color=\u00bb#009bdb\u00bb toggle_icon=\u00bb&#xe048;||divi||400&#8243; use_icon_font_size=\u00bbon\u00bb icon_font_size=\u00bb26px\u00bb open_icon_color=\u00bb#009bdb\u00bb open_toggle_icon=\u00bb&#xe047;||divi||400&#8243; open_use_icon_font_size=\u00bbon\u00bb open_icon_font_size=\u00bb26px\u00bb disabled_on=\u00bboff|off|off\u00bb admin_label=\u00bbDise\u00f1ador o dise\u00f1adora\u00bb _builder_version=\u00bb4.22.2&#8243; _module_preset=\u00bbdefault\u00bb title_text_color=\u00bb#000000&#8243; title_font=\u00bb|700||on|||||\u00bb global_colors_info=\u00bb{}\u00bb]<\/p>\n<table style=\"width: 90%;\" border=\"0\" width=\"90%\" cellspacing=\"0\" cellpadding=\"0\">\n<tbody>\n<tr style=\"height: 24px;\">\n<td style=\"height: 24px; width: 192.656px;\"><strong>NOMBRE<\/strong><\/td>\n<td style=\"height: 24px; width: 153.75px;\"><strong>PATERNO<\/strong><\/td>\n<td style=\"height: 24px; width: 127.594px;\"><strong>MATERNO<\/strong><\/td>\n<\/tr>\n<tr style=\"height: 24px;\">\n<td style=\"height: 24px; width: 192.656px;\">KEYLA CONSTANZA<\/td>\n<td style=\"height: 24px; width: 153.75px;\">BRANTT<\/td>\n<td style=\"height: 24px; width: 127.594px;\">CONTRERAS<\/td>\n<\/tr>\n<tr style=\"height: 24px;\">\n<td style=\"height: 24px; width: 192.656px;\">KRISHNA LISETTE<\/td>\n<td style=\"height: 24px; width: 153.75px;\">JARA<\/td>\n<td style=\"height: 24px; width: 127.594px;\">CASANGA<\/td>\n<\/tr>\n<tr style=\"height: 24px;\">\n<td style=\"height: 24px; width: 192.656px;\">CAMILA VICTORIA PAZ<\/td>\n<td style=\"height: 24px; width: 153.75px;\">MATURANA<\/td>\n<td style=\"height: 24px; width: 127.594px;\">RUZ<\/td>\n<\/tr>\n<tr style=\"height: 24px;\">\n<td style=\"height: 24px; width: 192.656px;\">NAYARETH ALEJANDRA<\/td>\n<td style=\"height: 24px; width: 153.75px;\">ROJAS<\/td>\n<td style=\"height: 24px; width: 127.594px;\">GUERRERO<\/td>\n<\/tr>\n<tr style=\"height: 24px;\">\n<td style=\"height: 24px; width: 192.656px;\">CONSTANZA ANDREA<\/td>\n<td style=\"height: 24px; width: 153.75px;\">VIDAL<\/td>\n<td style=\"height: 24px; width: 127.594px;\">FERN\u00c1NDEZ<\/td>\n<\/tr>\n<\/tbody>\n<\/table>\n<p>[\/et_pb_toggle][\/et_pb_column][\/et_pb_row][et_pb_row column_structure=\u00bb1_3,1_3,1_3&#8243; use_custom_gutter=\u00bbon\u00bb disabled_on=\u00bboff|off|off\u00bb _builder_version=\u00bb4.22.0&#8243; _module_preset=\u00bbdefault\u00bb width=\u00bb94%\u00bb max_width=\u00bb2560px\u00bb custom_padding=\u00bb18px||18px|||\u00bb global_colors_info=\u00bb{}\u00bb][et_pb_column type=\u00bb1_3&#8243; _builder_version=\u00bb4.17.6&#8243; _module_preset=\u00bbdefault\u00bb global_colors_info=\u00bb{}\u00bb][et_pb_toggle title=\u00bbDise\u00f1adora gr\u00e1fica o dise\u00f1ador gr\u00e1fico\u00bb open_toggle_text_color=\u00bb#000000&#8243; open_toggle_background_color=\u00bb#FFFFFF\u00bb closed_toggle_background_color=\u00bb#FFFFFF\u00bb icon_color=\u00bb#009bdb\u00bb toggle_icon=\u00bb&#xe048;||divi||400&#8243; use_icon_font_size=\u00bbon\u00bb icon_font_size=\u00bb26px\u00bb open_icon_color=\u00bb#009bdb\u00bb open_toggle_icon=\u00bb&#xe047;||divi||400&#8243; open_use_icon_font_size=\u00bbon\u00bb open_icon_font_size=\u00bb26px\u00bb disabled_on=\u00bboff|off|off\u00bb admin_label=\u00bbDise\u00f1ador o dise\u00f1adora\u00bb _builder_version=\u00bb4.22.2&#8243; _module_preset=\u00bbdefault\u00bb title_text_color=\u00bb#000000&#8243; title_font=\u00bb|700||on|||||\u00bb global_colors_info=\u00bb{}\u00bb]<\/p>\n<table style=\"width: 90%;\" border=\"0\" width=\"90%\" cellspacing=\"0\" cellpadding=\"0\">\n<tbody>\n<tr>\n<td width=\"204\"><strong>NOMBRE<\/strong><\/td>\n<td width=\"161\"><strong>PATERNO<\/strong><\/td>\n<td width=\"131\"><strong>MATERNO<\/strong><\/td>\n<\/tr>\n<tr>\n<td>DANIEL ANDR\u00c9S<\/td>\n<td>GONZ\u00c1LEZ<\/td>\n<td>LAGOS<\/td>\n<\/tr>\n<tr>\n<td>DEBORAH CONSTANZA<\/td>\n<td>LILLO<\/td>\n<td>CARTAJENA<\/td>\n<\/tr>\n<tr>\n<td>JAVIERA ALEJANDRA<\/td>\n<td>P\u00c9REZ<\/td>\n<td>RAMOS<\/td>\n<\/tr>\n<tr>\n<td>SANTI ALEKSANDER<\/td>\n<td>SAAVEDRA<\/td>\n<td>LE\u00d3N<\/td>\n<\/tr>\n<tr>\n<td>AMANDA AUSTRAL<\/td>\n<td>S\u00c1NCHEZ<\/td>\n<td>TORREALBA<\/td>\n<\/tr>\n<\/tbody>\n<\/table>\n<p>[\/et_pb_toggle][\/et_pb_column][et_pb_column type=\u00bb1_3&#8243; _builder_version=\u00bb4.17.6&#8243; _module_preset=\u00bbdefault\u00bb global_colors_info=\u00bb{}\u00bb][et_pb_toggle title=\u00bbLicenciada o licenciado en Arte\u00bb open_toggle_text_color=\u00bb#000000&#8243; open_toggle_background_color=\u00bb#FFFFFF\u00bb closed_toggle_background_color=\u00bb#FFFFFF\u00bb icon_color=\u00bb#009bdb\u00bb toggle_icon=\u00bb&#xe048;||divi||400&#8243; use_icon_font_size=\u00bbon\u00bb icon_font_size=\u00bb26px\u00bb open_icon_color=\u00bb#009bdb\u00bb open_toggle_icon=\u00bb&#xe047;||divi||400&#8243; open_use_icon_font_size=\u00bbon\u00bb open_icon_font_size=\u00bb26px\u00bb disabled_on=\u00bboff|off|off\u00bb admin_label=\u00bbLicenciada o licenciado en Arte\u00bb _builder_version=\u00bb4.22.2&#8243; _module_preset=\u00bbdefault\u00bb title_text_color=\u00bb#000000&#8243; title_font=\u00bb|700||on|||||\u00bb global_colors_info=\u00bb{}\u00bb]<\/p>\n<table style=\"width: 90%;\" border=\"0\" width=\"90%\" cellspacing=\"0\" cellpadding=\"0\">\n<tbody>\n<tr>\n<td width=\"204\"><strong>NOMBRE<\/strong><\/td>\n<td width=\"161\"><strong>PATERNO<\/strong><\/td>\n<td width=\"131\"><strong>MATERNO<\/strong><\/td>\n<\/tr>\n<tr>\n<td>VALENTINA MAKARENA<\/td>\n<td>AGUIRRE<\/td>\n<td>MOLINA<\/td>\n<\/tr>\n<tr>\n<td>YERKO BRANDON<\/td>\n<td>AYALA<\/td>\n<td>QUEZADA<\/td>\n<\/tr>\n<tr>\n<td>MART\u00cdN ANTONIO<\/td>\n<td>BARTROLI<\/td>\n<td>PUGA<\/td>\n<\/tr>\n<tr>\n<td>BENJAM\u00cdN IGNACIO<\/td>\n<td>BUSTAMANTE<\/td>\n<td>GARAY<\/td>\n<\/tr>\n<tr>\n<td>SERGIO YAIR<\/td>\n<td>CHAPARRO<\/td>\n<td>LAZO<\/td>\n<\/tr>\n<tr>\n<td>MAR\u00cdA VICTORIA<\/td>\n<td>CONEJEROS<\/td>\n<td>RUSQUE<\/td>\n<\/tr>\n<tr>\n<td>MAT\u00cdAS JES\u00daS<\/td>\n<td>D\u00cdAZ<\/td>\n<td>ORELLANA<\/td>\n<\/tr>\n<tr>\n<td>EL\u00cdAS BRANCO<\/td>\n<td>GONZ\u00c1LEZ<\/td>\n<td>BARRAZA<\/td>\n<\/tr>\n<tr>\n<td>PILAR BEL\u00c9N<\/td>\n<td>GUAJARDO<\/td>\n<td>ARAYA<\/td>\n<\/tr>\n<tr>\n<td>CATALINA FERNANDA<\/td>\n<td>ILLANES<\/td>\n<td>VARAS<\/td>\n<\/tr>\n<tr>\n<td>RUB\u00c9N FRANCISCO<\/td>\n<td>IRIARTE<\/td>\n<td>GONZ\u00c1LEZ<\/td>\n<\/tr>\n<tr>\n<td>MAR\u00cdA FERNANDA<\/td>\n<td>MANSILLA<\/td>\n<td>SOENKSEN<\/td>\n<\/tr>\n<tr>\n<td>TAMARA GETSEMANI<\/td>\n<td>MATELUNA<\/td>\n<td>ARQUERO<\/td>\n<\/tr>\n<tr>\n<td>FRANCISCO ANTONIO<\/td>\n<td>MORALES<\/td>\n<td>SANTANA<\/td>\n<\/tr>\n<tr>\n<td>JAVIERA ALEJANDRA<\/td>\n<td>NAVARRO<\/td>\n<td>VALD\u00c9S<\/td>\n<\/tr>\n<tr>\n<td>NICOL PAULINA<\/td>\n<td>PALAMARA<\/td>\n<td>ABARCA<\/td>\n<\/tr>\n<tr>\n<td>BEL\u00c9N IGNACIA<\/td>\n<td>SEP\u00daLVEDA<\/td>\n<td>MATUS<\/td>\n<\/tr>\n<tr>\n<td>MAURICIO ANDR\u00c9S<\/td>\n<td>SERRA<\/td>\n<td>IZAZA<\/td>\n<\/tr>\n<tr>\n<td>CAMILA RACHEL<\/td>\n<td>VICENCIO<\/td>\n<td>VICENCIO<\/td>\n<\/tr>\n<tr>\n<td>SUSANA ANDREA<\/td>\n<td>VIVEROS<\/td>\n<td>ARANEDA<\/td>\n<\/tr>\n<\/tbody>\n<\/table>\n<p>[\/et_pb_toggle][\/et_pb_column][et_pb_column type=\u00bb1_3&#8243; _builder_version=\u00bb4.17.6&#8243; _module_preset=\u00bbdefault\u00bb global_colors_info=\u00bb{}\u00bb][et_pb_toggle title=\u00bbProfesor o profesora en Artes Pl\u00e1sticas\u00bb open_toggle_text_color=\u00bb#000000&#8243; open_toggle_background_color=\u00bb#FFFFFF\u00bb closed_toggle_background_color=\u00bb#FFFFFF\u00bb icon_color=\u00bb#009bdb\u00bb toggle_icon=\u00bb&#xe048;||divi||400&#8243; use_icon_font_size=\u00bbon\u00bb icon_font_size=\u00bb26px\u00bb open_icon_color=\u00bb#009bdb\u00bb open_toggle_icon=\u00bb&#xe047;||divi||400&#8243; open_use_icon_font_size=\u00bbon\u00bb open_icon_font_size=\u00bb26px\u00bb disabled_on=\u00bboff|off|off\u00bb admin_label=\u00bbProfesor o profesora en Artes Pl\u00e1sticas\u00bb _builder_version=\u00bb4.22.2&#8243; _module_preset=\u00bbdefault\u00bb title_text_color=\u00bb#000000&#8243; title_font=\u00bb|700||on|||||\u00bb global_colors_info=\u00bb{}\u00bb]<\/p>\n<table style=\"width: 90%;\" border=\"0\" width=\"90%\" cellspacing=\"0\" cellpadding=\"0\">\n<tbody>\n<tr>\n<td width=\"204\"><strong>NOMBRE<\/strong><\/td>\n<td width=\"161\"><strong>PATERNO<\/strong><\/td>\n<td width=\"131\"><strong>MATERNO<\/strong><\/td>\n<\/tr>\n<tr>\n<td>PAULINA MARCELA<\/td>\n<td>CATR\u00d3N<\/td>\n<td>HENR\u00cdQUEZ<\/td>\n<\/tr>\n<tr>\n<td>FRANCISCA JAVIERA<\/td>\n<td>D\u00cdAZ<\/td>\n<td>VILLARROEL<\/td>\n<\/tr>\n<tr>\n<td>RUB\u00c9N ALEJANDRO<\/td>\n<td>FAR\u00cdAS<\/td>\n<td>PARADA<\/td>\n<\/tr>\n<tr>\n<td>ARACELI BEL\u00c9N<\/td>\n<td>MATURANA<\/td>\n<td>MART\u00cdNEZ<\/td>\n<\/tr>\n<tr>\n<td>TABATA KARINA<\/td>\n<td>MIRANDA<\/td>\n<td>HERN\u00c1NDEZ<\/td>\n<\/tr>\n<tr>\n<td>MAR\u00cdA IGNACIA<\/td>\n<td>MONTECINO<\/td>\n<td>MALVINO<\/td>\n<\/tr>\n<tr>\n<td>FELIPE IGNACIO<\/td>\n<td>MORENO<\/td>\n<td>SOTO<\/td>\n<\/tr>\n<tr>\n<td>MAKARENA AYLIN<\/td>\n<td>P\u00c9REZ<\/td>\n<td>CERDA<\/td>\n<\/tr>\n<tr>\n<td>NATHALY ANDREA<\/td>\n<td>RIQUELME<\/td>\n<td>ESPINOZA<\/td>\n<\/tr>\n<tr>\n<td>ROC\u00cdO BEL\u00c9N<\/td>\n<td>ROJAS<\/td>\n<td>OSSES<\/td>\n<\/tr>\n<\/tbody>\n<\/table>\n<p>[\/et_pb_toggle][\/et_pb_column][\/et_pb_row][et_pb_row column_structure=\u00bb1_3,1_3,1_3&#8243; use_custom_gutter=\u00bbon\u00bb disabled_on=\u00bboff|off|off\u00bb _builder_version=\u00bb4.22.0&#8243; _module_preset=\u00bbdefault\u00bb width=\u00bb94%\u00bb max_width=\u00bb2560px\u00bb custom_padding=\u00bb18px||18px|||\u00bb global_colors_info=\u00bb{}\u00bb][et_pb_column type=\u00bb1_3&#8243; _builder_version=\u00bb4.17.6&#8243; _module_preset=\u00bbdefault\u00bb global_colors_info=\u00bb{}\u00bb][et_pb_toggle title=\u00bbProfesor o profesora de Educaci\u00f3n Musical\u00bb open_toggle_text_color=\u00bb#000000&#8243; open_toggle_background_color=\u00bb#FFFFFF\u00bb closed_toggle_background_color=\u00bb#FFFFFF\u00bb icon_color=\u00bb#009bdb\u00bb toggle_icon=\u00bb&#xe048;||divi||400&#8243; use_icon_font_size=\u00bbon\u00bb icon_font_size=\u00bb26px\u00bb open_icon_color=\u00bb#009bdb\u00bb open_toggle_icon=\u00bb&#xe047;||divi||400&#8243; open_use_icon_font_size=\u00bbon\u00bb open_icon_font_size=\u00bb26px\u00bb disabled_on=\u00bboff|off|off\u00bb admin_label=\u00bbProfesor o profesora de Educaci\u00f3n Musical\u00bb _builder_version=\u00bb4.22.2&#8243; _module_preset=\u00bbdefault\u00bb title_text_color=\u00bb#000000&#8243; title_font=\u00bb|700||on|||||\u00bb global_colors_info=\u00bb{}\u00bb]<\/p>\n<table style=\"width: 90%;\" border=\"0\" width=\"90%\" cellspacing=\"0\" cellpadding=\"0\">\n<tbody>\n<tr>\n<td width=\"204\"><strong>NOMBRE<\/strong><\/td>\n<td width=\"161\"><strong>PATERNO<\/strong><\/td>\n<td width=\"131\"><strong>MATERNO<\/strong><\/td>\n<\/tr>\n<tr>\n<td>DANIELA PAZ<\/td>\n<td>ALEUY<\/td>\n<td>YOUNG<\/td>\n<\/tr>\n<tr>\n<td>EMILIA ANAI<\/td>\n<td>BELMAR<\/td>\n<td>HUENUFIL<\/td>\n<\/tr>\n<tr>\n<td>ADAM NICOL\u00c1S<\/td>\n<td>BUSTIOS<\/td>\n<td>JARA<\/td>\n<\/tr>\n<tr>\n<td>DORIAN ALEXANDER<\/td>\n<td>CIFUENTES<\/td>\n<td>ESCOBAR<\/td>\n<\/tr>\n<tr>\n<td>IGNACIO JAVIER<\/td>\n<td>CORT\u00c9S<\/td>\n<td>LATORRE<\/td>\n<\/tr>\n<tr>\n<td>INGRID ALEJANDRA<\/td>\n<td>COTTON<\/td>\n<td>SANTANA<\/td>\n<\/tr>\n<tr>\n<td>PATRICIA NICOLE<\/td>\n<td>HAVLICZEK<\/td>\n<td>GONZ\u00c1LEZ<\/td>\n<\/tr>\n<tr>\n<td>CONSTANZA CAMILA<\/td>\n<td>LOBOS<\/td>\n<td>ASTUDILLO<\/td>\n<\/tr>\n<tr>\n<td>DIEGO ALFREDO<\/td>\n<td>OCHOA<\/td>\n<td>MEDEL<\/td>\n<\/tr>\n<tr>\n<td>JAEL JES\u00daS<\/td>\n<td>PINTO<\/td>\n<td>PEREIRA<\/td>\n<\/tr>\n<tr>\n<td>ALEXIS CRIST\u00d3BAL<\/td>\n<td>RODR\u00cdGUEZ<\/td>\n<td>MATURANA<\/td>\n<\/tr>\n<tr>\n<td>RODRIGO IGNACIO<\/td>\n<td>SEP\u00daLVEDA<\/td>\n<td>SEP\u00daLVEDA<\/td>\n<\/tr>\n<tr>\n<td>JAVIER ALBERTO DE JES\u00daS<\/td>\n<td>VILLALOBOS<\/td>\n<td>SANTELICES<\/td>\n<\/tr>\n<\/tbody>\n<\/table>\n<p>[\/et_pb_toggle][\/et_pb_column][et_pb_column type=\u00bb1_3&#8243; _builder_version=\u00bb4.17.6&#8243; _module_preset=\u00bbdefault\u00bb global_colors_info=\u00bb{}\u00bb][\/et_pb_column][et_pb_column type=\u00bb1_3&#8243; _builder_version=\u00bb4.17.6&#8243; _module_preset=\u00bbdefault\u00bb global_colors_info=\u00bb{}\u00bb][\/et_pb_column][\/et_pb_row][\/et_pb_section][et_pb_section fb_built=\u00bb1&#8243; disabled_on=\u00bboff|off|off\u00bb _builder_version=\u00bb4.22.0&#8243; _module_preset=\u00bbdefault\u00bb width=\u00bb100%\u00bb max_width=\u00bb100%\u00bb custom_padding=\u00bb5px|||||\u00bb global_colors_info=\u00bb{}\u00bb][et_pb_row use_custom_gutter=\u00bbon\u00bb gutter_width=\u00bb1&#8243; _builder_version=\u00bb4.17.6&#8243; _module_preset=\u00bbdefault\u00bb width=\u00bb96%\u00bb max_width=\u00bb2560px\u00bb module_alignment=\u00bbleft\u00bb custom_padding=\u00bb||9px|||\u00bb global_colors_info=\u00bb{}\u00bb][et_pb_column type=\u00bb4_4&#8243; _builder_version=\u00bb4.17.6&#8243; _module_preset=\u00bbdefault\u00bb global_colors_info=\u00bb{}\u00bb][et_pb_blurb title=\u00bbCeremonia de titulaci\u00f3n: Lunes 13 de noviembre de 2023, 15.30 horas\u00bb use_icon=\u00bbon\u00bb font_icon=\u00bb&#xf073;||fa||400&#8243; icon_color=\u00bb#009bdb\u00bb icon_placement=\u00bbleft\u00bb image_icon_width=\u00bb53px\u00bb content_max_width=\u00bb1100px\u00bb admin_label=\u00bbCeremonia de titulaci\u00f3n: Lunes 13 de noviembre de 2023, 15.30 horas\u00bb _builder_version=\u00bb4.22.2&#8243; _module_preset=\u00bbdefault\u00bb header_font=\u00bb|800||on|||||\u00bb header_text_color=\u00bb#303030&#8243; header_font_size=\u00bb27px\u00bb body_font=\u00bb||||||||\u00bb body_text_color=\u00bb#0099cc\u00bb body_font_size=\u00bb16px\u00bb custom_margin=\u00bb||-1px|||\u00bb global_colors_info=\u00bb{}\u00bb]<\/p>\n<h2>Facultad de Ciencias Naturales y Exactas<\/h2>\n<p>Aula Dr. F\u00e9lix Morales Pettorino, Casa Central, Valpara\u00edso.<\/p>\n<p>[\/et_pb_blurb][\/et_pb_column][\/et_pb_row][et_pb_row column_structure=\u00bb1_3,1_3,1_3&#8243; use_custom_gutter=\u00bbon\u00bb disabled_on=\u00bboff|off|off\u00bb _builder_version=\u00bb4.22.0&#8243; _module_preset=\u00bbdefault\u00bb width=\u00bb94%\u00bb max_width=\u00bb2560px\u00bb custom_padding=\u00bb18px||18px|||\u00bb global_colors_info=\u00bb{}\u00bb][et_pb_column type=\u00bb1_3&#8243; _builder_version=\u00bb4.17.6&#8243; _module_preset=\u00bbdefault\u00bb global_colors_info=\u00bb{}\u00bb][et_pb_toggle title=\u00bbGe\u00f3grafa o ge\u00f3grafo\u00bb open_toggle_text_color=\u00bb#000000&#8243; open_toggle_background_color=\u00bb#FFFFFF\u00bb closed_toggle_background_color=\u00bb#FFFFFF\u00bb icon_color=\u00bb#009bdb\u00bb toggle_icon=\u00bb&#xe048;||divi||400&#8243; use_icon_font_size=\u00bbon\u00bb icon_font_size=\u00bb26px\u00bb open_icon_color=\u00bb#009bdb\u00bb open_toggle_icon=\u00bb&#xe047;||divi||400&#8243; open_use_icon_font_size=\u00bbon\u00bb open_icon_font_size=\u00bb26px\u00bb disabled_on=\u00bboff|off|off\u00bb admin_label=\u00bbGe\u00f3grafa o ge\u00f3grafo\u00bb _builder_version=\u00bb4.22.2&#8243; _module_preset=\u00bbdefault\u00bb title_text_color=\u00bb#000000&#8243; title_font=\u00bb|700||on|||||\u00bb global_colors_info=\u00bb{}\u00bb]<\/p>\n<table style=\"width: 90%;\" border=\"0\" width=\"90%\" cellspacing=\"0\" cellpadding=\"0\">\n<tbody>\n<tr>\n<td width=\"204\"><strong>NOMBRE<\/strong><\/td>\n<td width=\"161\"><strong>PATERNO<\/strong><\/td>\n<td width=\"131\"><strong>MATERNO<\/strong><\/td>\n<\/tr>\n<tr>\n<td>MAURICIO GONZALO<\/td>\n<td>AGUIRRE<\/td>\n<td>SEGOVIA<\/td>\n<\/tr>\n<tr>\n<td>NATALIA NICOLE<\/td>\n<td>CARVAJAL<\/td>\n<td>OLIVARES<\/td>\n<\/tr>\n<tr>\n<td>MARCEL ALEJANDRO<\/td>\n<td>GALLEGOS<\/td>\n<td>CONCHA<\/td>\n<\/tr>\n<tr>\n<td>JULI\u00c1N ERNESTO<\/td>\n<td>GONZ\u00c1LEZ<\/td>\n<td>URQUIZA<\/td>\n<\/tr>\n<tr>\n<td>GONZALO IGNACIO<\/td>\n<td>LARRA\u00d1AGA<\/td>\n<td>BARRIENTOS<\/td>\n<\/tr>\n<tr>\n<td>MARCELA ANDREA<\/td>\n<td>ORTIZ<\/td>\n<td>SILVA<\/td>\n<\/tr>\n<tr>\n<td>MACARENA BEL\u00c9N<\/td>\n<td>OSSAND\u00d3N<\/td>\n<td>VARGAS<\/td>\n<\/tr>\n<tr>\n<td>CINDY MADELAINE<\/td>\n<td>PE\u00d1A<\/td>\n<td>NIETO<\/td>\n<\/tr>\n<tr>\n<td>MACARENA CONSTANZA<\/td>\n<td>S\u00c1EZ<\/td>\n<td>SOTO<\/td>\n<\/tr>\n<tr>\n<td>MILENKA ALEJANDRA<\/td>\n<td>SGOMBICH<\/td>\n<td>VIVAR<\/td>\n<\/tr>\n<tr>\n<td>MISAEL ANDR\u00c9S<\/td>\n<td>VEGA<\/td>\n<td>CABELLO<\/td>\n<\/tr>\n<tr>\n<td>VANIA BEL\u00c9N<\/td>\n<td>VEGA<\/td>\n<td>CALDER\u00d3N<\/td>\n<\/tr>\n<tr>\n<td>MAXIMILIANO ESTEBAN<\/td>\n<td>VERGARA<\/td>\n<td>SALINAS<\/td>\n<\/tr>\n<\/tbody>\n<\/table>\n<p>[\/et_pb_toggle][\/et_pb_column][et_pb_column type=\u00bb1_3&#8243; _builder_version=\u00bb4.17.6&#8243; _module_preset=\u00bbdefault\u00bb global_colors_info=\u00bb{}\u00bb][et_pb_toggle title=\u00bbLicenciado en F\u00edsica Aplicada\u00bb open_toggle_text_color=\u00bb#000000&#8243; open_toggle_background_color=\u00bb#FFFFFF\u00bb closed_toggle_background_color=\u00bb#FFFFFF\u00bb icon_color=\u00bb#009bdb\u00bb toggle_icon=\u00bb&#xe048;||divi||400&#8243; use_icon_font_size=\u00bbon\u00bb icon_font_size=\u00bb26px\u00bb open_icon_color=\u00bb#009bdb\u00bb open_toggle_icon=\u00bb&#xe047;||divi||400&#8243; open_use_icon_font_size=\u00bbon\u00bb open_icon_font_size=\u00bb26px\u00bb disabled_on=\u00bboff|off|off\u00bb admin_label=\u00bbLicenciado en F\u00edsica Aplicada\u00bb _builder_version=\u00bb4.22.2&#8243; _module_preset=\u00bbdefault\u00bb title_text_color=\u00bb#000000&#8243; title_font=\u00bb|700||on|||||\u00bb global_colors_info=\u00bb{}\u00bb]<\/p>\n<table style=\"width: 90%;\" border=\"0\" width=\"90%\" cellspacing=\"0\" cellpadding=\"0\">\n<tbody>\n<tr>\n<td width=\"204\"><strong>NOMBRE<\/strong><\/td>\n<td width=\"161\"><strong>PATERNO<\/strong><\/td>\n<td width=\"131\"><strong>MATERNO<\/strong><\/td>\n<\/tr>\n<tr>\n<td>SAMUEL ESTEBAN<\/td>\n<td>ARANCIBIA<\/td>\n<td>ESTAY<\/td>\n<\/tr>\n<tr>\n<td>FELIPE ANDR\u00c9S<\/td>\n<td>S\u00c1NCHEZ<\/td>\n<td>CERDA<\/td>\n<\/tr>\n<\/tbody>\n<\/table>\n<p>[\/et_pb_toggle][\/et_pb_column][et_pb_column type=\u00bb1_3&#8243; _builder_version=\u00bb4.17.6&#8243; _module_preset=\u00bbdefault\u00bb global_colors_info=\u00bb{}\u00bb][et_pb_toggle title=\u00bbProfesor o profesora de Biolog\u00eda y Ciencias\u00bb open_toggle_text_color=\u00bb#000000&#8243; open_toggle_background_color=\u00bb#FFFFFF\u00bb closed_toggle_background_color=\u00bb#FFFFFF\u00bb icon_color=\u00bb#009bdb\u00bb toggle_icon=\u00bb&#xe048;||divi||400&#8243; use_icon_font_size=\u00bbon\u00bb icon_font_size=\u00bb26px\u00bb open_icon_color=\u00bb#009bdb\u00bb open_toggle_icon=\u00bb&#xe047;||divi||400&#8243; open_use_icon_font_size=\u00bbon\u00bb open_icon_font_size=\u00bb26px\u00bb disabled_on=\u00bboff|off|off\u00bb admin_label=\u00bbProfesor o profesora de Biolog\u00eda y Ciencias\u00bb _builder_version=\u00bb4.22.2&#8243; _module_preset=\u00bbdefault\u00bb title_text_color=\u00bb#000000&#8243; title_font=\u00bb|700||on|||||\u00bb global_colors_info=\u00bb{}\u00bb]<\/p>\n<table style=\"width: 90%;\" border=\"0\" width=\"90%\" cellspacing=\"0\" cellpadding=\"0\">\n<tbody>\n<tr>\n<td width=\"204\"><strong>NOMBRE<\/strong><\/td>\n<td width=\"161\"><strong>PATERNO<\/strong><\/td>\n<td width=\"131\"><strong>MATERNO<\/strong><\/td>\n<\/tr>\n<tr>\n<td>YOSELIN FRANCHESCA<\/td>\n<td>BECERRA<\/td>\n<td>HUERTA<\/td>\n<\/tr>\n<tr>\n<td>CAMILA ALONDRA<\/td>\n<td>GAETE<\/td>\n<td>P\u00c9REZ<\/td>\n<\/tr>\n<tr>\n<td>MARCELA ANDREA<\/td>\n<td>HERRERA<\/td>\n<td>NILO<\/td>\n<\/tr>\n<tr>\n<td>VARINIA MICHELLE<\/td>\n<td>HOUSSET<\/td>\n<td>REVECO<\/td>\n<\/tr>\n<tr>\n<td>PABLO ESTEBAN<\/td>\n<td>LLERENA<\/td>\n<td>SERRA<\/td>\n<\/tr>\n<tr>\n<td>VALENTINA ANDREA<\/td>\n<td>M\u00c1NQUEZ<\/td>\n<td>HIDALGO<\/td>\n<\/tr>\n<tr>\n<td>RA\u00daL ANTONIO<\/td>\n<td>MARILLANCA<\/td>\n<td>CA\u00d1ETE<\/td>\n<\/tr>\n<tr>\n<td>CAMILA CONSTANZA<\/td>\n<td>MU\u00d1OZ<\/td>\n<td>PINTO<\/td>\n<\/tr>\n<tr>\n<td>JAVIERA PAZ<\/td>\n<td>ZELADA<\/td>\n<td>GREZ<\/td>\n<\/tr>\n<\/tbody>\n<\/table>\n<p>[\/et_pb_toggle][\/et_pb_column][\/et_pb_row][et_pb_row column_structure=\u00bb1_3,1_3,1_3&#8243; use_custom_gutter=\u00bbon\u00bb disabled_on=\u00bboff|off|off\u00bb _builder_version=\u00bb4.22.0&#8243; _module_preset=\u00bbdefault\u00bb width=\u00bb94%\u00bb max_width=\u00bb2560px\u00bb custom_padding=\u00bb18px||18px|||\u00bb global_colors_info=\u00bb{}\u00bb][et_pb_column type=\u00bb1_3&#8243; _builder_version=\u00bb4.17.6&#8243; _module_preset=\u00bbdefault\u00bb global_colors_info=\u00bb{}\u00bb][et_pb_toggle title=\u00bbProfesor o profesora de F\u00edsica\u00bb open_toggle_text_color=\u00bb#000000&#8243; open_toggle_background_color=\u00bb#FFFFFF\u00bb closed_toggle_background_color=\u00bb#FFFFFF\u00bb icon_color=\u00bb#009bdb\u00bb toggle_icon=\u00bb&#xe048;||divi||400&#8243; use_icon_font_size=\u00bbon\u00bb icon_font_size=\u00bb26px\u00bb open_icon_color=\u00bb#009bdb\u00bb open_toggle_icon=\u00bb&#xe047;||divi||400&#8243; open_use_icon_font_size=\u00bbon\u00bb open_icon_font_size=\u00bb26px\u00bb disabled_on=\u00bboff|off|off\u00bb admin_label=\u00bbProfesor o profesora de F\u00edsica\u00bb _builder_version=\u00bb4.22.2&#8243; _module_preset=\u00bbdefault\u00bb title_text_color=\u00bb#000000&#8243; title_font=\u00bb|700||on|||||\u00bb global_colors_info=\u00bb{}\u00bb]<\/p>\n<table style=\"width: 90%;\" border=\"0\" width=\"90%\" cellspacing=\"0\" cellpadding=\"0\">\n<tbody>\n<tr>\n<td width=\"204\"><strong>NOMBRE<\/strong><\/td>\n<td width=\"161\"><strong>PATERNO<\/strong><\/td>\n<td width=\"131\"><strong>MATERNO<\/strong><\/td>\n<\/tr>\n<tr>\n<td>FERNANDA GABRIELA<\/td>\n<td>ALARC\u00d3N<\/td>\n<td>GONZ\u00c1LEZ<\/td>\n<\/tr>\n<tr>\n<td>ANGELO PATRICIO<\/td>\n<td>BUSTAMANTE<\/td>\n<td>FLORES<\/td>\n<\/tr>\n<tr>\n<td>NATHALY MARIE<\/td>\n<td>FUENTEALBA<\/td>\n<td>REYES<\/td>\n<\/tr>\n<\/tbody>\n<\/table>\n<p>[\/et_pb_toggle][\/et_pb_column][et_pb_column type=\u00bb1_3&#8243; _builder_version=\u00bb4.17.6&#8243; _module_preset=\u00bbdefault\u00bb global_colors_info=\u00bb{}\u00bb][et_pb_toggle title=\u00bbProfesor o profesora de Matem\u00e1tica\u00bb open_toggle_text_color=\u00bb#000000&#8243; open_toggle_background_color=\u00bb#FFFFFF\u00bb closed_toggle_background_color=\u00bb#FFFFFF\u00bb icon_color=\u00bb#009bdb\u00bb toggle_icon=\u00bb&#xe048;||divi||400&#8243; use_icon_font_size=\u00bbon\u00bb icon_font_size=\u00bb26px\u00bb open_icon_color=\u00bb#009bdb\u00bb open_toggle_icon=\u00bb&#xe047;||divi||400&#8243; open_use_icon_font_size=\u00bbon\u00bb open_icon_font_size=\u00bb26px\u00bb disabled_on=\u00bboff|off|off\u00bb admin_label=\u00bbProfesor o profesora de Matem\u00e1tica\u00bb _builder_version=\u00bb4.22.2&#8243; _module_preset=\u00bbdefault\u00bb title_text_color=\u00bb#000000&#8243; title_font=\u00bb|700||on|||||\u00bb global_colors_info=\u00bb{}\u00bb]<\/p>\n<table style=\"width: 90%; height: 240px;\" border=\"0\" width=\"90%\" cellspacing=\"0\" cellpadding=\"0\">\n<tbody>\n<tr style=\"height: 24px;\">\n<td style=\"height: 24px;\" width=\"204\"><strong>NOMBRE<\/strong><\/td>\n<td style=\"height: 24px;\" width=\"161\"><strong>PATERNO<\/strong><\/td>\n<td style=\"height: 24px;\" width=\"131\"><strong>MATERNO<\/strong><\/td>\n<\/tr>\n<tr style=\"height: 24px;\">\n<td style=\"height: 24px;\">GUILLERMO ALEJANDRO<\/td>\n<td style=\"height: 24px;\">C\u00d3RDOVA<\/td>\n<td style=\"height: 24px;\">SAAVEDRA<\/td>\n<\/tr>\n<tr style=\"height: 24px;\">\n<td style=\"height: 24px;\">JOSELINE CAMILA<\/td>\n<td style=\"height: 24px;\">GONZ\u00c1LEZ<\/td>\n<td style=\"height: 24px;\">NAVARRETE<\/td>\n<\/tr>\n<tr style=\"height: 24px;\">\n<td style=\"height: 24px;\">PALOMA ANDREA<\/td>\n<td style=\"height: 24px;\">GUAJARDO<\/td>\n<td style=\"height: 24px;\">BARRA<\/td>\n<\/tr>\n<tr style=\"height: 24px;\">\n<td style=\"height: 24px;\">JAIME EDUARDO<\/td>\n<td style=\"height: 24px;\">MORAGA<\/td>\n<td style=\"height: 24px;\">CARLO<\/td>\n<\/tr>\n<tr style=\"height: 24px;\">\n<td style=\"height: 24px;\">PAULA JAVIERA<\/td>\n<td style=\"height: 24px;\">MUTIS<\/td>\n<td style=\"height: 24px;\">MEZA<\/td>\n<\/tr>\n<tr style=\"height: 24px;\">\n<td style=\"height: 24px;\">BENJAM\u00cdN ANDRE<\/td>\n<td style=\"height: 24px;\">OT\u00c1ROLA<\/td>\n<td style=\"height: 24px;\">QUIJADA<\/td>\n<\/tr>\n<tr style=\"height: 24px;\">\n<td style=\"height: 24px;\">JAVIER ANTONIO<\/td>\n<td style=\"height: 24px;\">PACHECO<\/td>\n<td style=\"height: 24px;\">ESPINOZA<\/td>\n<\/tr>\n<tr style=\"height: 24px;\">\n<td style=\"height: 24px;\">DAVID MICHELE<\/td>\n<td style=\"height: 24px;\">VALENZUELA<\/td>\n<td style=\"height: 24px;\">FORMOLO<\/td>\n<\/tr>\n<tr style=\"height: 24px;\">\n<td style=\"height: 24px;\">ANTONIA MONSERRAT<\/td>\n<td style=\"height: 24px;\">VERA<\/td>\n<td style=\"height: 24px;\">VILLARROEL<\/td>\n<\/tr>\n<\/tbody>\n<\/table>\n<p>[\/et_pb_toggle][\/et_pb_column][et_pb_column type=\u00bb1_3&#8243; _builder_version=\u00bb4.17.6&#8243; _module_preset=\u00bbdefault\u00bb global_colors_info=\u00bb{}\u00bb][et_pb_toggle title=\u00bbProfesor o profesora de Qu\u00edmica y Ciencias\u00bb open_toggle_text_color=\u00bb#000000&#8243; open_toggle_background_color=\u00bb#FFFFFF\u00bb closed_toggle_background_color=\u00bb#FFFFFF\u00bb icon_color=\u00bb#009bdb\u00bb toggle_icon=\u00bb&#xe048;||divi||400&#8243; use_icon_font_size=\u00bbon\u00bb icon_font_size=\u00bb26px\u00bb open_icon_color=\u00bb#009bdb\u00bb open_toggle_icon=\u00bb&#xe047;||divi||400&#8243; open_use_icon_font_size=\u00bbon\u00bb open_icon_font_size=\u00bb26px\u00bb disabled_on=\u00bboff|off|off\u00bb admin_label=\u00bbProfesor o profesora de Qu\u00edmica y Ciencias\u00bb _builder_version=\u00bb4.22.2&#8243; _module_preset=\u00bbdefault\u00bb title_text_color=\u00bb#000000&#8243; title_font=\u00bb|700||on|||||\u00bb global_colors_info=\u00bb{}\u00bb]<\/p>\n<table style=\"width: 90%;\" border=\"0\" width=\"90%\" cellspacing=\"0\" cellpadding=\"0\">\n<tbody>\n<tr>\n<td width=\"204\"><strong>NOMBRE<\/strong><\/td>\n<td width=\"161\"><strong>PATERNO<\/strong><\/td>\n<td width=\"131\"><strong>MATERNO<\/strong><\/td>\n<\/tr>\n<tr>\n<td>SEBASTI\u00c1N ALEJANDRO<\/td>\n<td>ALFARO<\/td>\n<td>ORTIZ<\/td>\n<\/tr>\n<tr>\n<td>KARINA IN\u00c9S<\/td>\n<td>CORT\u00c9S<\/td>\n<td>PALACIOS<\/td>\n<\/tr>\n<tr>\n<td>CHRISTOPHER IGNACIO<\/td>\n<td>Z\u00da\u00d1IGA<\/td>\n<td>VERGARA<\/td>\n<\/tr>\n<\/tbody>\n<\/table>\n<p>[\/et_pb_toggle][\/et_pb_column][\/et_pb_row][\/et_pb_section][et_pb_section fb_built=\u00bb1&#8243; disabled_on=\u00bboff|off|off\u00bb _builder_version=\u00bb4.22.0&#8243; _module_preset=\u00bbdefault\u00bb width=\u00bb100%\u00bb max_width=\u00bb100%\u00bb custom_padding=\u00bb5px|||||\u00bb global_colors_info=\u00bb{}\u00bb][et_pb_row use_custom_gutter=\u00bbon\u00bb gutter_width=\u00bb1&#8243; _builder_version=\u00bb4.17.6&#8243; _module_preset=\u00bbdefault\u00bb width=\u00bb96%\u00bb max_width=\u00bb2560px\u00bb module_alignment=\u00bbleft\u00bb custom_padding=\u00bb||9px|||\u00bb global_colors_info=\u00bb{}\u00bb][et_pb_column type=\u00bb4_4&#8243; _builder_version=\u00bb4.17.6&#8243; _module_preset=\u00bbdefault\u00bb global_colors_info=\u00bb{}\u00bb][et_pb_blurb title=\u00bbCeremonia de titulaci\u00f3n: Martes 14 de noviembre de 2023, 10.30 horas\u00bb use_icon=\u00bbon\u00bb font_icon=\u00bb&#xf073;||fa||400&#8243; icon_color=\u00bb#009bdb\u00bb icon_placement=\u00bbleft\u00bb image_icon_width=\u00bb53px\u00bb content_max_width=\u00bb1100px\u00bb admin_label=\u00bbAnuncio: Ceremonia de titulaci\u00f3n: Martes 14 de noviembre de 2023, 10.30 horas\u00bb _builder_version=\u00bb4.22.2&#8243; _module_preset=\u00bbdefault\u00bb header_font=\u00bb|800||on|||||\u00bb header_text_color=\u00bb#303030&#8243; header_font_size=\u00bb27px\u00bb body_font=\u00bb||||||||\u00bb body_text_color=\u00bb#0099cc\u00bb body_font_size=\u00bb16px\u00bb custom_margin=\u00bb||-1px|||\u00bb global_colors_info=\u00bb{}\u00bb]<\/p>\n<h2>Facultad de Ciencias de la Actividad F\u00edsica y del Deporte<\/h2>\n<p>Aula Dr. F\u00e9lix Morales Pettorino, Casa Central, Valpara\u00edso.<\/p>\n<p>[\/et_pb_blurb][\/et_pb_column][\/et_pb_row][et_pb_row column_structure=\u00bb1_3,1_3,1_3&#8243; use_custom_gutter=\u00bbon\u00bb disabled_on=\u00bboff|off|off\u00bb _builder_version=\u00bb4.22.0&#8243; _module_preset=\u00bbdefault\u00bb width=\u00bb94%\u00bb max_width=\u00bb2560px\u00bb custom_padding=\u00bb18px||18px|||\u00bb global_colors_info=\u00bb{}\u00bb][et_pb_column type=\u00bb1_3&#8243; _builder_version=\u00bb4.17.6&#8243; _module_preset=\u00bbdefault\u00bb global_colors_info=\u00bb{}\u00bb][et_pb_toggle title=\u00bbProfesor o profesora de Educaci\u00f3n F\u00edsica\u00bb open_toggle_text_color=\u00bb#000000&#8243; open_toggle_background_color=\u00bb#FFFFFF\u00bb closed_toggle_background_color=\u00bb#FFFFFF\u00bb icon_color=\u00bb#009bdb\u00bb toggle_icon=\u00bb&#xe048;||divi||400&#8243; use_icon_font_size=\u00bbon\u00bb icon_font_size=\u00bb26px\u00bb open_icon_color=\u00bb#009bdb\u00bb open_toggle_icon=\u00bb&#xe047;||divi||400&#8243; open_use_icon_font_size=\u00bbon\u00bb open_icon_font_size=\u00bb26px\u00bb disabled_on=\u00bboff|off|off\u00bb admin_label=\u00bbProfesor o profesora de Educaci\u00f3n F\u00edsica\u00bb _builder_version=\u00bb4.22.2&#8243; _module_preset=\u00bbdefault\u00bb title_text_color=\u00bb#000000&#8243; title_font=\u00bb|700||on|||||\u00bb global_colors_info=\u00bb{}\u00bb]<\/p>\n<table style=\"width: 90%;\" border=\"0\" width=\"90%\" cellspacing=\"0\" cellpadding=\"0\">\n<colgroup>\n<col width=\"204\" \/>\n<col width=\"161\" \/>\n<col width=\"131\" \/><\/colgroup>\n<tbody>\n<tr>\n<td class=\"xl66\" width=\"204\" height=\"20\"><strong>NOMBRE<\/strong><\/td>\n<td class=\"xl66\" width=\"161\"><strong>PATERNO<\/strong><\/td>\n<td class=\"xl66\" width=\"131\"><strong>MATERNO<\/strong><\/td>\n<\/tr>\n<tr>\n<td height=\"20\">MANUEL ALFREDO<\/td>\n<td>AHUMADA<\/td>\n<td>P\u00c1EZ<\/td>\n<\/tr>\n<tr>\n<td height=\"20\">JULIANA ANTONIA<\/td>\n<td>ARAG\u00d3N<\/td>\n<td>CANIU<\/td>\n<\/tr>\n<tr>\n<td height=\"20\">VER\u00d3NICA DEL PILAR<\/td>\n<td>ARANDA<\/td>\n<td>SEGURA<\/td>\n<\/tr>\n<tr>\n<td height=\"20\">ALEJANDRO NICOL\u00c1S<\/td>\n<td>BLANCO<\/td>\n<td>LUCERO<\/td>\n<\/tr>\n<tr>\n<td height=\"20\">DYLAN JACEN<\/td>\n<td>BURGOS<\/td>\n<td>DELGADO<\/td>\n<\/tr>\n<tr>\n<td height=\"20\">CRIST\u00d3BAL FABI\u00c1N<\/td>\n<td>CAMPILLAY<\/td>\n<td>MIRANDA<\/td>\n<\/tr>\n<tr>\n<td height=\"20\">ANTONIA ISIDORA<\/td>\n<td>CASTRO<\/td>\n<td>OGALDE<\/td>\n<\/tr>\n<tr>\n<td height=\"20\">CRISTIAN ALFREDO<\/td>\n<td>CORTEZ<\/td>\n<td>PERALTA<\/td>\n<\/tr>\n<tr>\n<td height=\"20\">EDISON MARCELO<\/td>\n<td>D\u00cdAZ<\/td>\n<td>VELASQUEZ<\/td>\n<\/tr>\n<tr>\n<td height=\"20\">VALERIA PAULINA<\/td>\n<td>DONOSO<\/td>\n<td>RUBILAR<\/td>\n<\/tr>\n<tr>\n<td height=\"20\">JOSUE ARMANDO<\/td>\n<td>ESPINOZA<\/td>\n<td>D\u00cdAZ<\/td>\n<\/tr>\n<tr>\n<td height=\"20\">ANDREA ISABEL<\/td>\n<td>FERN\u00c1NDEZ<\/td>\n<td>VARGAS<\/td>\n<\/tr>\n<tr>\n<td height=\"20\">IGNACIO SEBASTI\u00c1N<\/td>\n<td>FIGUEROA<\/td>\n<td>PINTO<\/td>\n<\/tr>\n<tr>\n<td height=\"20\">DIEGO ALEJANDRO<\/td>\n<td>HUN<\/td>\n<td>RIVERA<\/td>\n<\/tr>\n<tr>\n<td height=\"20\">MARGARITA ELIZABETH<\/td>\n<td>IBACETA<\/td>\n<td>QUIJANES<\/td>\n<\/tr>\n<tr>\n<td height=\"20\">AM\u00c9RICA<\/td>\n<td>ITURRIETA<\/td>\n<td>PABST<\/td>\n<\/tr>\n<tr>\n<td height=\"20\">CLAUDIO ANDR\u00c9S<\/td>\n<td>JIM\u00c9NEZ<\/td>\n<td>FUENTES<\/td>\n<\/tr>\n<tr>\n<td height=\"20\">VALENTINA LISSETTE<\/td>\n<td>LANDEROS<\/td>\n<td>D\u00cdAZ<\/td>\n<\/tr>\n<tr>\n<td height=\"20\">PHILLIPPE ANDRE<\/td>\n<td>LEIVA<\/td>\n<td>PACHECO<\/td>\n<\/tr>\n<tr>\n<td height=\"20\">LUIS MIGUEL<\/td>\n<td>LEMUS<\/td>\n<td>MORALES<\/td>\n<\/tr>\n<tr>\n<td height=\"20\">TAMARA CONSTANZA<\/td>\n<td>L\u00d3PEZ<\/td>\n<td>MOLINA<\/td>\n<\/tr>\n<tr>\n<td height=\"20\">MAR\u00cdA FRANCISCA<\/td>\n<td>MACHUCA<\/td>\n<td>L\u00d3PEZ<\/td>\n<\/tr>\n<tr>\n<td height=\"20\">TAMARA ELIZABETH<\/td>\n<td>MATURANA<\/td>\n<td>SOTO<\/td>\n<\/tr>\n<tr>\n<td height=\"20\">IGNACIO ADONNYS<\/td>\n<td>MERI\u00d1O<\/td>\n<td>FERN\u00c1NDEZ<\/td>\n<\/tr>\n<tr>\n<td height=\"20\">EDUARDO STEFANO<\/td>\n<td>MORI<\/td>\n<td>MONTIEL<\/td>\n<\/tr>\n<tr>\n<td height=\"20\">MICHELLE ANG\u00c9LICA<\/td>\n<td>NAVARRETE<\/td>\n<td>APABLAZA<\/td>\n<\/tr>\n<tr>\n<td height=\"20\">ALONSO EDUARDO<\/td>\n<td>PE\u00d1ALOZA<\/td>\n<td>MOYA<\/td>\n<\/tr>\n<tr>\n<td height=\"20\">GABRIEL REINALDO<\/td>\n<td>PIZARRO<\/td>\n<td>VALERO<\/td>\n<\/tr>\n<tr>\n<td height=\"20\">MANUEL ANDR\u00c9S<\/td>\n<td>REGUEIRO<\/td>\n<td>SALADRIGAS<\/td>\n<\/tr>\n<tr>\n<td height=\"20\">BRUNO<\/td>\n<td>RIVAS<\/td>\n<td>CARVAJAL<\/td>\n<\/tr>\n<tr>\n<td height=\"20\">DIEGO EDUARDO<\/td>\n<td>ROJAS<\/td>\n<td>BARRAZA<\/td>\n<\/tr>\n<tr>\n<td height=\"20\">MAT\u00cdAS NICOL\u00c1S<\/td>\n<td>SILVA\u00a0<\/td>\n<td>MORALES<\/td>\n<\/tr>\n<tr>\n<td height=\"20\">STEPHANY ANDREA<\/td>\n<td>SOL\u00cdS<\/td>\n<td>ZELADA<\/td>\n<\/tr>\n<tr>\n<td height=\"20\">POLA KARINA<\/td>\n<td>TORRES<\/td>\n<td>ESTAY<\/td>\n<\/tr>\n<tr>\n<td height=\"20\">PAULO MILENKO ANDR\u00c9S<\/td>\n<td>VALD\u00c9S<\/td>\n<td>VERDUGO<\/td>\n<\/tr>\n<tr>\n<td height=\"20\">NICOL\u00c1S ANTONIO<\/td>\n<td>ZORRICUETA<\/td>\n<td>BARRAZA<\/td>\n<\/tr>\n<\/tbody>\n<\/table>\n<p>[\/et_pb_toggle][\/et_pb_column][et_pb_column type=\u00bb1_3&#8243; _builder_version=\u00bb4.17.6&#8243; _module_preset=\u00bbdefault\u00bb global_colors_info=\u00bb{}\u00bb][et_pb_toggle title=\u00bbTecn\u00f3logo o tecn\u00f3loga en Deportes y Recreaci\u00f3n, menci\u00f3n en Actividad F\u00edsica Adaptada a la Salud\u00bb open_toggle_text_color=\u00bb#000000&#8243; open_toggle_background_color=\u00bb#FFFFFF\u00bb closed_toggle_background_color=\u00bb#FFFFFF\u00bb icon_color=\u00bb#009bdb\u00bb toggle_icon=\u00bb&#xe048;||divi||400&#8243; use_icon_font_size=\u00bbon\u00bb icon_font_size=\u00bb26px\u00bb open_icon_color=\u00bb#009bdb\u00bb open_toggle_icon=\u00bb&#xe047;||divi||400&#8243; open_use_icon_font_size=\u00bbon\u00bb open_icon_font_size=\u00bb26px\u00bb disabled_on=\u00bboff|off|off\u00bb admin_label=\u00bbTecn\u00f3logo o tecn\u00f3loga en Deportes y Recreaci\u00f3n, menci\u00f3n en Actividad F\u00edsica Adaptada a la Salud\u00bb _builder_version=\u00bb4.22.2&#8243; _module_preset=\u00bbdefault\u00bb title_text_color=\u00bb#000000&#8243; title_font=\u00bb|700||on|||||\u00bb global_colors_info=\u00bb{}\u00bb]<\/p>\n<table style=\"width: 90%;\" border=\"0\" width=\"90%\" cellspacing=\"0\" cellpadding=\"0\">\n<colgroup>\n<col width=\"204\" \/>\n<col width=\"161\" \/>\n<col width=\"131\" \/><\/colgroup>\n<tbody>\n<tr>\n<td class=\"xl66\" width=\"204\" height=\"20\"><strong>NOMBRE<\/strong><\/td>\n<td class=\"xl66\" width=\"161\"><strong>PATERNO<\/strong><\/td>\n<td class=\"xl66\" width=\"131\"><strong>MATERNO<\/strong><\/td>\n<\/tr>\n<tr>\n<td height=\"20\">CRIST\u00d3BAL FERNANDO<\/td>\n<td>ALLENDES<\/td>\n<td>BUSTOS<\/td>\n<\/tr>\n<tr>\n<td height=\"20\">EVER SEBASTI\u00c1N<\/td>\n<td>D\u00cdAZ<\/td>\n<td>ROBLES<\/td>\n<\/tr>\n<tr>\n<td height=\"20\">RENATO ANDR\u00c9S<\/td>\n<td>GONZ\u00c1LEZ<\/td>\n<td>BAVESTRELLO<\/td>\n<\/tr>\n<tr>\n<td height=\"20\">MARCELO ANDR\u00c9S<\/td>\n<td>GONZ\u00c1LEZ<\/td>\n<td>FUENTES<\/td>\n<\/tr>\n<tr>\n<td height=\"20\">SEBASTI\u00c1N ANDR\u00c9S<\/td>\n<td>MONTECINOS<\/td>\n<td>LOBOS<\/td>\n<\/tr>\n<tr>\n<td height=\"20\">CAMILA ALEJANDRA<\/td>\n<td>OLIVARES<\/td>\n<td>MENA<\/td>\n<\/tr>\n<tr>\n<td height=\"20\">CAROLINA ALEJANDRA<\/td>\n<td>OYARZ\u00daN<\/td>\n<td>NIETO<\/td>\n<\/tr>\n<tr>\n<td height=\"20\">SEBASTI\u00c1N ALEJANDRO<\/td>\n<td>PARRA<\/td>\n<td>SEP\u00daLVEDA<\/td>\n<\/tr>\n<tr>\n<td height=\"20\">ANDR\u00c9S<\/td>\n<td>SAAVEDRA<\/td>\n<td>FUENTES<\/td>\n<\/tr>\n<tr>\n<td height=\"20\">ESTEFAN\u00cdA ANDREA<\/td>\n<td>SALAS<\/td>\n<td>SCHIAFFINO<\/td>\n<\/tr>\n<tr>\n<td height=\"20\">MAR\u00cdA IGNACIA<\/td>\n<td>SALVADOR<\/td>\n<td>SEP\u00daLVEDA<\/td>\n<\/tr>\n<\/tbody>\n<\/table>\n<p>[\/et_pb_toggle][\/et_pb_column][et_pb_column type=\u00bb1_3&#8243; _builder_version=\u00bb4.17.6&#8243; _module_preset=\u00bbdefault\u00bb global_colors_info=\u00bb{}\u00bb][\/et_pb_column][\/et_pb_row][\/et_pb_section][et_pb_section fb_built=\u00bb1&#8243; disabled_on=\u00bboff|off|off\u00bb _builder_version=\u00bb4.22.0&#8243; _module_preset=\u00bbdefault\u00bb width=\u00bb100%\u00bb max_width=\u00bb100%\u00bb custom_padding=\u00bb5px|||||\u00bb global_colors_info=\u00bb{}\u00bb][et_pb_row use_custom_gutter=\u00bbon\u00bb gutter_width=\u00bb1&#8243; _builder_version=\u00bb4.17.6&#8243; _module_preset=\u00bbdefault\u00bb width=\u00bb96%\u00bb max_width=\u00bb2560px\u00bb module_alignment=\u00bbleft\u00bb custom_padding=\u00bb||9px|||\u00bb global_colors_info=\u00bb{}\u00bb][et_pb_column type=\u00bb4_4&#8243; _builder_version=\u00bb4.17.6&#8243; _module_preset=\u00bbdefault\u00bb global_colors_info=\u00bb{}\u00bb][et_pb_blurb title=\u00bbCeremonia de titulaci\u00f3n: Martes 14 de noviembre de 2023, 15.30 horas\u00bb use_icon=\u00bbon\u00bb font_icon=\u00bb&#xf073;||fa||400&#8243; icon_color=\u00bb#009bdb\u00bb icon_placement=\u00bbleft\u00bb image_icon_width=\u00bb53px\u00bb content_max_width=\u00bb1100px\u00bb admin_label=\u00bbAnuncio: Ceremonia de titulaci\u00f3n: Martes 14 de noviembre de 2023, 15.30 horas\u00bb _builder_version=\u00bb4.22.2&#8243; _module_preset=\u00bbdefault\u00bb header_font=\u00bb|800||on|||||\u00bb header_text_color=\u00bb#303030&#8243; header_font_size=\u00bb27px\u00bb body_font=\u00bb||||||||\u00bb body_text_color=\u00bb#0099cc\u00bb body_font_size=\u00bb16px\u00bb custom_margin=\u00bb||-1px|||\u00bb global_colors_info=\u00bb{}\u00bb]<\/p>\n<h2>Facultad de Ingenier\u00eda<\/h2>\n<p>Aula Dr. F\u00e9lix Morales Pettorino, Casa Central, Valpara\u00edso.<\/p>\n<p>[\/et_pb_blurb][\/et_pb_column][\/et_pb_row][et_pb_row column_structure=\u00bb1_3,1_3,1_3&#8243; use_custom_gutter=\u00bbon\u00bb disabled_on=\u00bboff|off|off\u00bb _builder_version=\u00bb4.22.0&#8243; _module_preset=\u00bbdefault\u00bb width=\u00bb94%\u00bb max_width=\u00bb2560px\u00bb custom_padding=\u00bb18px||18px|||\u00bb global_colors_info=\u00bb{}\u00bb][et_pb_column type=\u00bb1_3&#8243; _builder_version=\u00bb4.17.6&#8243; _module_preset=\u00bbdefault\u00bb global_colors_info=\u00bb{}\u00bb][et_pb_toggle title=\u00bbIngeniera o ingeniero Ambiental\u00bb open_toggle_text_color=\u00bb#000000&#8243; open_toggle_background_color=\u00bb#FFFFFF\u00bb closed_toggle_background_color=\u00bb#FFFFFF\u00bb icon_color=\u00bb#009bdb\u00bb toggle_icon=\u00bb&#xe048;||divi||400&#8243; use_icon_font_size=\u00bbon\u00bb icon_font_size=\u00bb26px\u00bb open_icon_color=\u00bb#009bdb\u00bb open_toggle_icon=\u00bb&#xe047;||divi||400&#8243; open_use_icon_font_size=\u00bbon\u00bb open_icon_font_size=\u00bb26px\u00bb disabled_on=\u00bboff|off|off\u00bb admin_label=\u00bbIngeniera o ingeniero Ambiental\u00bb _builder_version=\u00bb4.22.2&#8243; _module_preset=\u00bbdefault\u00bb title_text_color=\u00bb#000000&#8243; title_font=\u00bb|700||on|||||\u00bb global_colors_info=\u00bb{}\u00bb]<\/p>\n<table style=\"width: 90%;\" border=\"0\" width=\"90%\" cellspacing=\"0\" cellpadding=\"0\">\n<colgroup>\n<col width=\"204\" \/>\n<col width=\"161\" \/>\n<col width=\"131\" \/><\/colgroup>\n<tbody>\n<tr>\n<td class=\"xl66\" width=\"204\" height=\"20\"><strong>NOMBRE<\/strong><\/td>\n<td class=\"xl66\" width=\"161\"><strong>PATERNO<\/strong><\/td>\n<td class=\"xl66\" width=\"131\"><strong>MATERNO<\/strong><\/td>\n<\/tr>\n<tr>\n<td height=\"20\">MARIANA JAVIERA<\/td>\n<td>ACEVEDO<\/td>\n<td>S\u00c1EZ<\/td>\n<\/tr>\n<tr>\n<td height=\"20\">P\u00cdA BEL\u00c9N<\/td>\n<td>ALVARADO<\/td>\n<td>POIRIER<\/td>\n<\/tr>\n<tr>\n<td height=\"20\">AGUST\u00cdN IGNACIO<\/td>\n<td>ASTUDILLO<\/td>\n<td>MORALEDA<\/td>\n<\/tr>\n<tr>\n<td height=\"20\">VALENTINA LORETO<\/td>\n<td>CASTRO<\/td>\n<td>ASPE<\/td>\n<\/tr>\n<tr>\n<td height=\"20\">KARINA ANA\u00cdS<\/td>\n<td>HENR\u00cdQUEZ<\/td>\n<td>G\u00d3MEZ<\/td>\n<\/tr>\n<tr>\n<td height=\"20\">CONSUELO CONSTANSA<\/td>\n<td>LOBOS<\/td>\n<td>HENR\u00cdQUEZ<\/td>\n<\/tr>\n<tr>\n<td height=\"20\">FABIANNA NINA<\/td>\n<td>MELLA<\/td>\n<td>PACHECO<\/td>\n<\/tr>\n<tr>\n<td height=\"20\">FRANCISCA ALEJANDRA<\/td>\n<td>MERI\u00d1O<\/td>\n<td>FLORES<\/td>\n<\/tr>\n<tr>\n<td height=\"20\">SOF\u00cdA DIANA<\/td>\n<td>PEDRAZA<\/td>\n<td>D\u00cdAZ<\/td>\n<\/tr>\n<tr>\n<td height=\"20\">VELANTINA SARAI DE JES\u00daS<\/td>\n<td>SEGOVIA<\/td>\n<td>GARAY<\/td>\n<\/tr>\n<tr>\n<td height=\"20\">VANESSA ANGELA<\/td>\n<td>SOTO<\/td>\n<td>REYES<\/td>\n<\/tr>\n<tr>\n<td height=\"20\">IGNACIA ALEXANDRA<\/td>\n<td>TORO<\/td>\n<td>ARAYA<\/td>\n<\/tr>\n<\/tbody>\n<\/table>\n<p>[\/et_pb_toggle][\/et_pb_column][et_pb_column type=\u00bb1_3&#8243; _builder_version=\u00bb4.17.6&#8243; _module_preset=\u00bbdefault\u00bb global_colors_info=\u00bb{}\u00bb][et_pb_toggle title=\u00bbIngeniera o ingeniero Civil Ambiental\u00bb open_toggle_text_color=\u00bb#000000&#8243; open_toggle_background_color=\u00bb#FFFFFF\u00bb closed_toggle_background_color=\u00bb#FFFFFF\u00bb icon_color=\u00bb#009bdb\u00bb toggle_icon=\u00bb&#xe048;||divi||400&#8243; use_icon_font_size=\u00bbon\u00bb icon_font_size=\u00bb26px\u00bb open_icon_color=\u00bb#009bdb\u00bb open_toggle_icon=\u00bb&#xe047;||divi||400&#8243; open_use_icon_font_size=\u00bbon\u00bb open_icon_font_size=\u00bb26px\u00bb disabled_on=\u00bboff|off|off\u00bb admin_label=\u00bbIngeniera o ingeniero Civil Ambiental\u00bb _builder_version=\u00bb4.22.2&#8243; _module_preset=\u00bbdefault\u00bb title_text_color=\u00bb#000000&#8243; title_font=\u00bb|700||on|||||\u00bb global_colors_info=\u00bb{}\u00bb]<\/p>\n<table style=\"width: 90%;\" border=\"0\" width=\"90%\" cellspacing=\"0\" cellpadding=\"0\">\n<colgroup>\n<col width=\"204\" \/>\n<col width=\"161\" \/>\n<col width=\"131\" \/><\/colgroup>\n<tbody>\n<tr>\n<td class=\"xl66\" width=\"204\" height=\"20\"><strong>NOMBRE<\/strong><\/td>\n<td class=\"xl66\" width=\"161\"><strong>PATERNO<\/strong><\/td>\n<td class=\"xl66\" width=\"131\"><strong>MATERNO<\/strong><\/td>\n<\/tr>\n<tr>\n<td height=\"20\">JAVIERA IGNACIA<\/td>\n<td>ARQUERO<\/td>\n<td>CARRASCO<\/td>\n<\/tr>\n<tr>\n<td height=\"20\">EMILIO NICOL\u00c1S<\/td>\n<td>ESTAY<\/td>\n<td>ROJAS<\/td>\n<\/tr>\n<tr>\n<td height=\"20\">MAR\u00cdA JOS\u00c9<\/td>\n<td>FERRADA<\/td>\n<td>ZEPEDA<\/td>\n<\/tr>\n<tr>\n<td height=\"20\">CATALINA BEATRIZ<\/td>\n<td>VENEGAS<\/td>\n<td>CONTRERAS<\/td>\n<\/tr>\n<\/tbody>\n<\/table>\n<p>[\/et_pb_toggle][\/et_pb_column][et_pb_column type=\u00bb1_3&#8243; _builder_version=\u00bb4.17.6&#8243; _module_preset=\u00bbdefault\u00bb global_colors_info=\u00bb{}\u00bb][et_pb_toggle title=\u00bbIngeniera o ingeniero Civil Industrial\u00bb open_toggle_text_color=\u00bb#000000&#8243; open_toggle_background_color=\u00bb#FFFFFF\u00bb closed_toggle_background_color=\u00bb#FFFFFF\u00bb icon_color=\u00bb#009bdb\u00bb toggle_icon=\u00bb&#xe048;||divi||400&#8243; use_icon_font_size=\u00bbon\u00bb icon_font_size=\u00bb26px\u00bb open_icon_color=\u00bb#009bdb\u00bb open_toggle_icon=\u00bb&#xe047;||divi||400&#8243; open_use_icon_font_size=\u00bbon\u00bb open_icon_font_size=\u00bb26px\u00bb disabled_on=\u00bboff|off|off\u00bb admin_label=\u00bbIngeniera o ingeniero Civil Industrial\u00bb _builder_version=\u00bb4.22.2&#8243; _module_preset=\u00bbdefault\u00bb title_text_color=\u00bb#000000&#8243; title_font=\u00bb|700||on|||||\u00bb global_colors_info=\u00bb{}\u00bb]<\/p>\n<table style=\"width: 90%; height: 479px;\" border=\"0\" width=\"90%\" cellspacing=\"0\" cellpadding=\"0\">\n<colgroup>\n<col width=\"204\" \/>\n<col width=\"161\" \/>\n<col width=\"131\" \/><\/colgroup>\n<tbody>\n<tr style=\"height: 24px;\">\n<td class=\"xl66\" style=\"height: 24px;\" width=\"204\" height=\"20\"><strong>NOMBRE<\/strong><\/td>\n<td class=\"xl66\" style=\"height: 24px;\" width=\"161\"><strong>PATERNO<\/strong><\/td>\n<td class=\"xl66\" style=\"height: 24px;\" width=\"131\"><strong>MATERNO<\/strong><\/td>\n<\/tr>\n<tr style=\"height: 24px;\">\n<td style=\"height: 24px;\" height=\"20\">MONTSERRAT BETZAB\u00c9<\/td>\n<td style=\"height: 24px;\">BASCUR<\/td>\n<td style=\"height: 24px;\">PEREIRA<\/td>\n<\/tr>\n<tr style=\"height: 24px;\">\n<td style=\"height: 24px;\" height=\"20\">ARTURO MAXIMILIANO<\/td>\n<td style=\"height: 24px;\">CARRASCO<\/td>\n<td style=\"height: 24px;\">TORRES<\/td>\n<\/tr>\n<tr style=\"height: 23px;\">\n<td style=\"height: 23px;\" height=\"20\">DIEGO WLADIMIR<\/td>\n<td style=\"height: 23px;\">CARRERE<\/td>\n<td style=\"height: 23px;\">BERR\u00cdOS<\/td>\n<\/tr>\n<tr style=\"height: 24px;\">\n<td style=\"height: 24px;\" height=\"20\">PEDRO HORACIO<\/td>\n<td style=\"height: 24px;\">COLLAO<\/td>\n<td style=\"height: 24px;\">ARAYA<\/td>\n<\/tr>\n<tr style=\"height: 24px;\">\n<td style=\"height: 24px;\" height=\"20\">ELIECER ALFREDO<\/td>\n<td style=\"height: 24px;\">DELGADO<\/td>\n<td style=\"height: 24px;\">SOZA<\/td>\n<\/tr>\n<tr style=\"height: 24px;\">\n<td style=\"height: 24px;\" height=\"20\">IGNACIO ESTEBAN<\/td>\n<td style=\"height: 24px;\">D\u00cdAZ<\/td>\n<td style=\"height: 24px;\">FERN\u00c1NDEZ<\/td>\n<\/tr>\n<tr style=\"height: 24px;\">\n<td style=\"height: 24px;\" height=\"20\">V\u00cdCTOR MANUEL ARTURO<\/td>\n<td style=\"height: 24px;\">FERN\u00c1NDEZ<\/td>\n<td style=\"height: 24px;\">NAVARRETE<\/td>\n<\/tr>\n<tr style=\"height: 24px;\">\n<td style=\"height: 24px;\" height=\"20\">CRIST\u00d3BAL IGNACIO<\/td>\n<td style=\"height: 24px;\">GONZ\u00c1LEZ<\/td>\n<td style=\"height: 24px;\">VARGAS<\/td>\n<\/tr>\n<tr style=\"height: 24px;\">\n<td style=\"height: 24px;\" height=\"20\">MARCOS ALEXIS<\/td>\n<td style=\"height: 24px;\">HERN\u00c1NDEZ<\/td>\n<td style=\"height: 24px;\">HERRERA<\/td>\n<\/tr>\n<tr style=\"height: 24px;\">\n<td style=\"height: 24px;\" height=\"20\">PATRICIO ALEJANDRO<\/td>\n<td style=\"height: 24px;\">K\u00d6NIG<\/td>\n<td style=\"height: 24px;\">COFR\u00c9<\/td>\n<\/tr>\n<tr style=\"height: 24px;\">\n<td style=\"height: 24px;\" height=\"20\">SEBASTI\u00c1N ANDR\u00c9S<\/td>\n<td style=\"height: 24px;\">LEIVA<\/td>\n<td style=\"height: 24px;\">CABRERA<\/td>\n<\/tr>\n<tr style=\"height: 24px;\">\n<td style=\"height: 24px;\" height=\"20\">STHEFFI NICOL<\/td>\n<td style=\"height: 24px;\">LETELIER<\/td>\n<td style=\"height: 24px;\">LEIVA<\/td>\n<\/tr>\n<tr style=\"height: 24px;\">\n<td style=\"height: 24px;\" height=\"20\">DIEGO IGNACIO<\/td>\n<td style=\"height: 24px;\">L\u00d3PEZ<\/td>\n<td style=\"height: 24px;\">RAM\u00cdREZ<\/td>\n<\/tr>\n<tr style=\"height: 24px;\">\n<td style=\"height: 24px;\" height=\"20\">NICOL\u00c1S RANDALL<\/td>\n<td style=\"height: 24px;\">NAVARRO<\/td>\n<td style=\"height: 24px;\">N\u00da\u00d1EZ<\/td>\n<\/tr>\n<tr style=\"height: 24px;\">\n<td style=\"height: 24px;\" height=\"20\">OSCAR SEBASTI\u00c1N<\/td>\n<td style=\"height: 24px;\">N\u00da\u00d1EZ<\/td>\n<td style=\"height: 24px;\">SILVA<\/td>\n<\/tr>\n<tr style=\"height: 24px;\">\n<td style=\"height: 24px;\" height=\"20\">JOSE IGNACIO<\/td>\n<td style=\"height: 24px;\">PAREDES<\/td>\n<td style=\"height: 24px;\">INOSTROZA<\/td>\n<\/tr>\n<tr style=\"height: 24px;\">\n<td style=\"height: 24px;\" height=\"20\">ALEXANDER JAVIER<\/td>\n<td style=\"height: 24px;\">ROJAS<\/td>\n<td style=\"height: 24px;\">ROJAS<\/td>\n<\/tr>\n<tr style=\"height: 24px;\">\n<td style=\"height: 24px;\" height=\"20\">NICOL\u00c1S ANDR\u00c9S<\/td>\n<td style=\"height: 24px;\">SELVAGGI<\/td>\n<td style=\"height: 24px;\">AMAYA<\/td>\n<\/tr>\n<tr style=\"height: 24px;\">\n<td style=\"height: 24px;\" height=\"20\">MICHAEL LEANDRO<\/td>\n<td style=\"height: 24px;\">V\u00c1SQUEZ<\/td>\n<td style=\"height: 24px;\">VEL\u00c1SQUEZ<\/td>\n<\/tr>\n<\/tbody>\n<\/table>\n<p>[\/et_pb_toggle][\/et_pb_column][\/et_pb_row][et_pb_row column_structure=\u00bb1_3,1_3,1_3&#8243; use_custom_gutter=\u00bbon\u00bb disabled_on=\u00bboff|off|off\u00bb _builder_version=\u00bb4.22.0&#8243; _module_preset=\u00bbdefault\u00bb width=\u00bb94%\u00bb max_width=\u00bb2560px\u00bb custom_padding=\u00bb18px||18px|||\u00bb global_colors_info=\u00bb{}\u00bb][et_pb_column type=\u00bb1_3&#8243; _builder_version=\u00bb4.17.6&#8243; _module_preset=\u00bbdefault\u00bb global_colors_info=\u00bb{}\u00bb][et_pb_toggle title=\u00bbIngeniera o ingeniero Estad\u00edstico\u00bb open_toggle_text_color=\u00bb#000000&#8243; open_toggle_background_color=\u00bb#FFFFFF\u00bb closed_toggle_background_color=\u00bb#FFFFFF\u00bb icon_color=\u00bb#009bdb\u00bb toggle_icon=\u00bb&#xe048;||divi||400&#8243; use_icon_font_size=\u00bbon\u00bb icon_font_size=\u00bb26px\u00bb open_icon_color=\u00bb#009bdb\u00bb open_toggle_icon=\u00bb&#xe047;||divi||400&#8243; open_use_icon_font_size=\u00bbon\u00bb open_icon_font_size=\u00bb26px\u00bb disabled_on=\u00bboff|off|off\u00bb admin_label=\u00bbIngeniera o ingeniero Estad\u00edstico\u00bb _builder_version=\u00bb4.22.2&#8243; _module_preset=\u00bbdefault\u00bb title_text_color=\u00bb#000000&#8243; title_font=\u00bb|700||on|||||\u00bb global_colors_info=\u00bb{}\u00bb]<\/p>\n<table style=\"width: 90%;\" border=\"0\" width=\"90%\" cellspacing=\"0\" cellpadding=\"0\">\n<colgroup>\n<col width=\"204\" \/>\n<col width=\"161\" \/>\n<col width=\"131\" \/><\/colgroup>\n<tbody>\n<tr>\n<td class=\"xl66\" width=\"204\" height=\"20\"><strong>NOMBRE<\/strong><\/td>\n<td class=\"xl66\" width=\"161\"><strong>PATERNO<\/strong><\/td>\n<td class=\"xl66\" width=\"131\"><strong>MATERNO<\/strong><\/td>\n<\/tr>\n<tr>\n<td height=\"20\">SOLANGE AYLIN<\/td>\n<td>GUTI\u00c9RREZ<\/td>\n<td>FLORES<\/td>\n<\/tr>\n<tr>\n<td height=\"20\">JUAN IGNACIO<\/td>\n<td>PAST\u00c9N<\/td>\n<td>FLORES<\/td>\n<\/tr>\n<tr>\n<td height=\"20\">PIERO SALVATORE<\/td>\n<td>P\u00c9NDOLA<\/td>\n<td>RAM\u00cdREZ<\/td>\n<\/tr>\n<tr>\n<td height=\"20\">FRANCISCA IGNACIA<\/td>\n<td>QUIROZ<\/td>\n<td>TORO<\/td>\n<\/tr>\n<tr>\n<td height=\"20\">LINETTE VANESSA<\/td>\n<td>TORO<\/td>\n<td>MART\u00cdNEZ<\/td>\n<\/tr>\n<\/tbody>\n<\/table>\n<p>[\/et_pb_toggle][\/et_pb_column][et_pb_column type=\u00bb1_3&#8243; _builder_version=\u00bb4.17.6&#8243; _module_preset=\u00bbdefault\u00bb global_colors_info=\u00bb{}\u00bb][et_pb_toggle title=\u00bbIngeniera inform\u00e1tica o ingeniero Inform\u00e1tico, menci\u00f3n en Gesti\u00f3n de la Informaci\u00f3n\u00bb open_toggle_text_color=\u00bb#000000&#8243; open_toggle_background_color=\u00bb#FFFFFF\u00bb closed_toggle_background_color=\u00bb#FFFFFF\u00bb icon_color=\u00bb#009bdb\u00bb toggle_icon=\u00bb&#xe048;||divi||400&#8243; use_icon_font_size=\u00bbon\u00bb icon_font_size=\u00bb26px\u00bb open_icon_color=\u00bb#009bdb\u00bb open_toggle_icon=\u00bb&#xe047;||divi||400&#8243; open_use_icon_font_size=\u00bbon\u00bb open_icon_font_size=\u00bb26px\u00bb disabled_on=\u00bboff|off|off\u00bb admin_label=\u00bbIngeniera inform\u00e1tica o ingeniero Inform\u00e1tico, menci\u00f3n en Gesti\u00f3n de la Informaci\u00f3n\u00bb _builder_version=\u00bb4.22.2&#8243; _module_preset=\u00bbdefault\u00bb title_text_color=\u00bb#000000&#8243; title_font=\u00bb|700||on|||||\u00bb global_colors_info=\u00bb{}\u00bb]<\/p>\n<table style=\"width: 90%;\" border=\"0\" width=\"90%\" cellspacing=\"0\" cellpadding=\"0\">\n<colgroup>\n<col width=\"204\" \/>\n<col width=\"161\" \/>\n<col width=\"131\" \/><\/colgroup>\n<tbody>\n<tr>\n<td class=\"xl66\" width=\"204\" height=\"20\"><strong>NOMBRE<\/strong><\/td>\n<td class=\"xl66\" width=\"161\"><strong>PATERNO<\/strong><\/td>\n<td class=\"xl66\" width=\"131\"><strong>MATERNO<\/strong><\/td>\n<\/tr>\n<tr>\n<td height=\"20\">ALEJANDRO ANDR\u00c9S<\/td>\n<td>ESPINOZA<\/td>\n<td>GALLARDO<\/td>\n<\/tr>\n<tr>\n<td height=\"20\">KARLA ANDREA<\/td>\n<td>INOSTROZA<\/td>\n<td>URBINA<\/td>\n<\/tr>\n<tr>\n<td height=\"20\">ANDR\u00c9S YOVANNE<\/td>\n<td>SHRANKA<\/td>\n<td>SHRANKA<\/td>\n<\/tr>\n<tr>\n<td height=\"20\">PRISCILA RACHEL<\/td>\n<td>TAPIA<\/td>\n<td>CASTILLO<\/td>\n<\/tr>\n<tr>\n<td height=\"20\">MAT\u00cdAS IGNACIO<\/td>\n<td>TAPIA<\/td>\n<td>FLORES<\/td>\n<\/tr>\n<\/tbody>\n<\/table>\n<p>[\/et_pb_toggle][\/et_pb_column][et_pb_column type=\u00bb1_3&#8243; _builder_version=\u00bb4.17.6&#8243; _module_preset=\u00bbdefault\u00bb global_colors_info=\u00bb{}\u00bb][et_pb_toggle title=\u00bbT\u00e9cnica de Nivel Superior en Administraci\u00f3n Log\u00edstica\u00bb open_toggle_text_color=\u00bb#000000&#8243; open_toggle_background_color=\u00bb#FFFFFF\u00bb closed_toggle_background_color=\u00bb#FFFFFF\u00bb icon_color=\u00bb#009bdb\u00bb toggle_icon=\u00bb&#xe048;||divi||400&#8243; use_icon_font_size=\u00bbon\u00bb icon_font_size=\u00bb26px\u00bb open_icon_color=\u00bb#009bdb\u00bb open_toggle_icon=\u00bb&#xe047;||divi||400&#8243; open_use_icon_font_size=\u00bbon\u00bb open_icon_font_size=\u00bb26px\u00bb disabled_on=\u00bboff|off|off\u00bb admin_label=\u00bbT\u00e9cnica de Nivel Superior en Administraci\u00f3n Log\u00edstica\u00bb _builder_version=\u00bb4.22.2&#8243; _module_preset=\u00bbdefault\u00bb title_text_color=\u00bb#000000&#8243; title_font=\u00bb|700||on|||||\u00bb global_colors_info=\u00bb{}\u00bb]<\/p>\n<table style=\"width: 90%;\" border=\"0\" width=\"90%\" cellspacing=\"0\" cellpadding=\"0\">\n<colgroup>\n<col width=\"204\" \/>\n<col width=\"161\" \/>\n<col width=\"131\" \/><\/colgroup>\n<tbody>\n<tr>\n<td class=\"xl66\" width=\"204\" height=\"20\"><strong>NOMBRE<\/strong><\/td>\n<td class=\"xl66\" width=\"161\"><strong>PATERNO<\/strong><\/td>\n<td class=\"xl66\" width=\"131\"><strong>MATERNO<\/strong><\/td>\n<\/tr>\n<tr>\n<td height=\"20\">JESSICA EDITH DANAE<\/td>\n<td>\u00d3RDENES<\/td>\n<td>MORALES<\/td>\n<\/tr>\n<\/tbody>\n<\/table>\n<p>[\/et_pb_toggle][\/et_pb_column][\/et_pb_row][et_pb_row column_structure=\u00bb1_3,1_3,1_3&#8243; use_custom_gutter=\u00bbon\u00bb disabled_on=\u00bboff|off|off\u00bb _builder_version=\u00bb4.22.0&#8243; _module_preset=\u00bbdefault\u00bb width=\u00bb94%\u00bb max_width=\u00bb2560px\u00bb custom_padding=\u00bb18px||18px|||\u00bb global_colors_info=\u00bb{}\u00bb][et_pb_column type=\u00bb1_3&#8243; _builder_version=\u00bb4.17.6&#8243; _module_preset=\u00bbdefault\u00bb global_colors_info=\u00bb{}\u00bb][et_pb_toggle title=\u00bbT\u00e9cnico en Miner\u00eda\u00bb open_toggle_text_color=\u00bb#000000&#8243; open_toggle_background_color=\u00bb#FFFFFF\u00bb closed_toggle_background_color=\u00bb#FFFFFF\u00bb icon_color=\u00bb#009bdb\u00bb toggle_icon=\u00bb&#xe048;||divi||400&#8243; use_icon_font_size=\u00bbon\u00bb icon_font_size=\u00bb26px\u00bb open_icon_color=\u00bb#009bdb\u00bb open_toggle_icon=\u00bb&#xe047;||divi||400&#8243; open_use_icon_font_size=\u00bbon\u00bb open_icon_font_size=\u00bb26px\u00bb disabled_on=\u00bboff|off|off\u00bb admin_label=\u00bbT\u00e9cnico en Miner\u00eda\u00bb _builder_version=\u00bb4.22.2&#8243; _module_preset=\u00bbdefault\u00bb title_text_color=\u00bb#000000&#8243; title_font=\u00bb|700||on|||||\u00bb global_colors_info=\u00bb{}\u00bb]<\/p>\n<table style=\"width: 90%;\" border=\"0\" width=\"90%\" cellspacing=\"0\" cellpadding=\"0\">\n<colgroup>\n<col width=\"204\" \/>\n<col width=\"161\" \/>\n<col width=\"131\" \/><\/colgroup>\n<tbody>\n<tr>\n<td class=\"xl66\" width=\"204\" height=\"20\"><strong>NOMBRE<\/strong><\/td>\n<td class=\"xl66\" width=\"161\"><strong>PATERNO<\/strong><\/td>\n<td class=\"xl66\" width=\"131\"><strong>MATERNO<\/strong><\/td>\n<\/tr>\n<tr>\n<td height=\"20\">BENJAM\u00cdN ESTEBAN<\/td>\n<td>FERN\u00c1NDEZ<\/td>\n<td>GONZ\u00c1LEZ<\/td>\n<\/tr>\n<\/tbody>\n<\/table>\n<p>[\/et_pb_toggle][\/et_pb_column][et_pb_column type=\u00bb1_3&#8243; _builder_version=\u00bb4.17.6&#8243; _module_preset=\u00bbdefault\u00bb global_colors_info=\u00bb{}\u00bb][\/et_pb_column][et_pb_column type=\u00bb1_3&#8243; _builder_version=\u00bb4.17.6&#8243; _module_preset=\u00bbdefault\u00bb global_colors_info=\u00bb{}\u00bb][\/et_pb_column][\/et_pb_row][\/et_pb_section][et_pb_section fb_built=\u00bb1&#8243; disabled_on=\u00bboff|off|off\u00bb _builder_version=\u00bb4.22.0&#8243; _module_preset=\u00bbdefault\u00bb width=\u00bb100%\u00bb max_width=\u00bb100%\u00bb custom_padding=\u00bb5px|||||\u00bb global_colors_info=\u00bb{}\u00bb][et_pb_row use_custom_gutter=\u00bbon\u00bb gutter_width=\u00bb1&#8243; _builder_version=\u00bb4.17.6&#8243; _module_preset=\u00bbdefault\u00bb width=\u00bb96%\u00bb max_width=\u00bb2560px\u00bb module_alignment=\u00bbleft\u00bb custom_padding=\u00bb||9px|||\u00bb global_colors_info=\u00bb{}\u00bb][et_pb_column type=\u00bb4_4&#8243; _builder_version=\u00bb4.17.6&#8243; _module_preset=\u00bbdefault\u00bb global_colors_info=\u00bb{}\u00bb][et_pb_blurb title=\u00bbCeremonia de titulaci\u00f3n: Mi\u00e9rcoles 15 de noviembre de 2023, 10.30 horas\u00bb use_icon=\u00bbon\u00bb font_icon=\u00bb&#xf073;||fa||400&#8243; icon_color=\u00bb#009bdb\u00bb icon_placement=\u00bbleft\u00bb image_icon_width=\u00bb53px\u00bb content_max_width=\u00bb1100px\u00bb admin_label=\u00bbAnuncio: Ceremonia de titulaci\u00f3n: Mi\u00e9rcoles 15 de noviembre de 2023, 10.30 horas\u00bb _builder_version=\u00bb4.22.2&#8243; _module_preset=\u00bbdefault\u00bb header_font=\u00bb|800||on|||||\u00bb header_text_color=\u00bb#303030&#8243; header_font_size=\u00bb27px\u00bb body_font=\u00bb||||||||\u00bb body_text_color=\u00bb#0099cc\u00bb body_font_size=\u00bb16px\u00bb custom_margin=\u00bb||-1px|||\u00bb global_colors_info=\u00bb{}\u00bb]<\/p>\n<h2>Facultad de Ciencias Sociales<\/h2>\n<p>Aula Dr. F\u00e9lix Morales Pettorino, Casa Central, Valpara\u00edso.<\/p>\n<p>[\/et_pb_blurb][\/et_pb_column][\/et_pb_row][et_pb_row column_structure=\u00bb1_3,1_3,1_3&#8243; use_custom_gutter=\u00bbon\u00bb disabled_on=\u00bboff|off|off\u00bb _builder_version=\u00bb4.22.0&#8243; _module_preset=\u00bbdefault\u00bb width=\u00bb94%\u00bb max_width=\u00bb2560px\u00bb custom_padding=\u00bb18px||18px|||\u00bb global_colors_info=\u00bb{}\u00bb][et_pb_column type=\u00bb1_3&#8243; _builder_version=\u00bb4.17.6&#8243; _module_preset=\u00bbdefault\u00bb global_colors_info=\u00bb{}\u00bb][et_pb_toggle title=\u00bbBibliotecologa o bibliotec\u00f3logo\u00bb open_toggle_text_color=\u00bb#000000&#8243; open_toggle_background_color=\u00bb#FFFFFF\u00bb closed_toggle_background_color=\u00bb#FFFFFF\u00bb icon_color=\u00bb#009bdb\u00bb toggle_icon=\u00bb&#xe048;||divi||400&#8243; use_icon_font_size=\u00bbon\u00bb icon_font_size=\u00bb26px\u00bb open_icon_color=\u00bb#009bdb\u00bb open_toggle_icon=\u00bb&#xe047;||divi||400&#8243; open_use_icon_font_size=\u00bbon\u00bb open_icon_font_size=\u00bb26px\u00bb disabled_on=\u00bboff|off|off\u00bb admin_label=\u00bbBibliotecologa o bibliotec\u00f3logo\u00bb _builder_version=\u00bb4.22.2&#8243; _module_preset=\u00bbdefault\u00bb title_text_color=\u00bb#000000&#8243; title_font=\u00bb|700||on|||||\u00bb global_colors_info=\u00bb{}\u00bb]<\/p>\n<table style=\"width: 90%;\" border=\"0\" width=\"90%\" cellspacing=\"0\" cellpadding=\"0\">\n<colgroup>\n<col width=\"204\" \/>\n<col width=\"161\" \/>\n<col width=\"131\" \/><\/colgroup>\n<tbody>\n<tr>\n<td class=\"xl66\" width=\"204\" height=\"20\"><strong>NOMBRE<\/strong><\/td>\n<td class=\"xl66\" width=\"161\"><strong>PATERNO<\/strong><\/td>\n<td class=\"xl66\" width=\"131\"><strong>MATERNO<\/strong><\/td>\n<\/tr>\n<tr>\n<td height=\"20\">TAMARA ELIZABETH<\/td>\n<td>\u00c1LVAREZ<\/td>\n<td>GAMBOA<\/td>\n<\/tr>\n<tr>\n<td height=\"20\">LESLIE VALENTINA<\/td>\n<td>ARAYA<\/td>\n<td>HERRERA<\/td>\n<\/tr>\n<tr>\n<td height=\"20\">FIORELLA ANTONIA<\/td>\n<td>BRAGAZZI<\/td>\n<td>TORRES<\/td>\n<\/tr>\n<tr>\n<td height=\"20\">IN\u00c9S MARGARITA<\/td>\n<td>BRAVO<\/td>\n<td>CARMONA<\/td>\n<\/tr>\n<tr>\n<td height=\"20\">MONTSERRAT ELIZABETH<\/td>\n<td>CASTILLO<\/td>\n<td>NAVARRO<\/td>\n<\/tr>\n<tr>\n<td height=\"20\">CARLOS MAURICIO<\/td>\n<td>GONZ\u00c1LEZ<\/td>\n<td>CAMPOS<\/td>\n<\/tr>\n<tr>\n<td height=\"20\">ANTONIA BEL\u00c9N<\/td>\n<td>KROGER<\/td>\n<td>SCHULZ<\/td>\n<\/tr>\n<tr>\n<td height=\"20\">CLAUDIO ESTEBAN<\/td>\n<td>MANCILLA<\/td>\n<td>VALENZUELA<\/td>\n<\/tr>\n<tr>\n<td height=\"20\">ALEXIA VALENTINA<\/td>\n<td>MU\u00d1OZ<\/td>\n<td>MU\u00d1OZ<\/td>\n<\/tr>\n<tr>\n<td height=\"20\">DANIELA ANDREA<\/td>\n<td>NAVARRO<\/td>\n<td>CANALES<\/td>\n<\/tr>\n<tr>\n<td height=\"20\">JAVIERA IGNACIA<\/td>\n<td>OSORIO<\/td>\n<td>PULGAR<\/td>\n<\/tr>\n<tr>\n<td height=\"20\">GABRIELA CONSTANZA<\/td>\n<td>RODR\u00cdGUEZ<\/td>\n<td>CUEVAS<\/td>\n<\/tr>\n<tr>\n<td height=\"20\">GABRIELA NATALIA<\/td>\n<td>SOLAR<\/td>\n<td>SAAVEDRA<\/td>\n<\/tr>\n<\/tbody>\n<\/table>\n<p>[\/et_pb_toggle][\/et_pb_column][et_pb_column type=\u00bb1_3&#8243; _builder_version=\u00bb4.17.6&#8243; _module_preset=\u00bbdefault\u00bb global_colors_info=\u00bb{}\u00bb][et_pb_toggle title=\u00bbPeriodista\u00bb open_toggle_text_color=\u00bb#000000&#8243; open_toggle_background_color=\u00bb#FFFFFF\u00bb closed_toggle_background_color=\u00bb#FFFFFF\u00bb icon_color=\u00bb#009bdb\u00bb toggle_icon=\u00bb&#xe048;||divi||400&#8243; use_icon_font_size=\u00bbon\u00bb icon_font_size=\u00bb26px\u00bb open_icon_color=\u00bb#009bdb\u00bb open_toggle_icon=\u00bb&#xe047;||divi||400&#8243; open_use_icon_font_size=\u00bbon\u00bb open_icon_font_size=\u00bb26px\u00bb disabled_on=\u00bboff|off|off\u00bb admin_label=\u00bbPeriodista\u00bb _builder_version=\u00bb4.22.2&#8243; _module_preset=\u00bbdefault\u00bb title_text_color=\u00bb#000000&#8243; title_font=\u00bb|700||on|||||\u00bb global_colors_info=\u00bb{}\u00bb]<\/p>\n<table style=\"width: 90%;\" border=\"0\" width=\"90%\" cellspacing=\"0\" cellpadding=\"0\">\n<colgroup>\n<col width=\"204\" \/>\n<col width=\"161\" \/>\n<col width=\"131\" \/><\/colgroup>\n<tbody>\n<tr>\n<td class=\"xl66\" width=\"204\" height=\"20\"><strong>NOMBRE<\/strong><\/td>\n<td class=\"xl66\" width=\"161\"><strong>PATERNO<\/strong><\/td>\n<td class=\"xl66\" width=\"131\"><strong>MATERNO<\/strong><\/td>\n<\/tr>\n<tr>\n<td height=\"20\">MARCELO IV\u00c1N\u00a0<\/td>\n<td>\u00c1LVAREZ<\/td>\n<td>DE LA BARRA<\/td>\n<\/tr>\n<tr>\n<td height=\"20\">GUILLERMO NICOL\u00c1S<\/td>\n<td>AMOR<\/td>\n<td>ALARC\u00d3N<\/td>\n<\/tr>\n<tr>\n<td height=\"20\">FLORENCIA MAR\u00cdA<\/td>\n<td>ANDRADE<\/td>\n<td>C\u00c1CERES<\/td>\n<\/tr>\n<tr>\n<td height=\"20\">KATHALINA PAZ<\/td>\n<td>ARAYA<\/td>\n<td>JORQUERA<\/td>\n<\/tr>\n<tr>\n<td height=\"20\">ANTONIA PAZ<\/td>\n<td>AVENDA\u00d1O<\/td>\n<td>TORREBLANCA<\/td>\n<\/tr>\n<tr>\n<td height=\"20\">CAMILA SCANDRA<\/td>\n<td>BENAVIDES<\/td>\n<td>EL-FAR<\/td>\n<\/tr>\n<tr>\n<td height=\"20\">LESLIE ARIAM<\/td>\n<td>BERR\u00cdOS<\/td>\n<td>OLIVARES<\/td>\n<\/tr>\n<tr>\n<td height=\"20\">CAROLINA FERNANDA<\/td>\n<td>CABRERA<\/td>\n<td>P\u00c9REZ<\/td>\n<\/tr>\n<tr>\n<td height=\"20\">JAVIER IGNACIO<\/td>\n<td>CALDERA<\/td>\n<td>DEL R\u00cdO<\/td>\n<\/tr>\n<tr>\n<td height=\"20\">VALERIA CONSTANZA<\/td>\n<td>CARRASCO<\/td>\n<td>ROJAS<\/td>\n<\/tr>\n<tr>\n<td height=\"20\">FELIPE IGNACIO DE JES\u00daS<\/td>\n<td>CASTRO<\/td>\n<td>BARRA<\/td>\n<\/tr>\n<tr>\n<td height=\"20\">FELIPE ROBERTO ANTONIO<\/td>\n<td>CAVIEDES<\/td>\n<td>BUSTOS<\/td>\n<\/tr>\n<tr>\n<td height=\"20\">CONTANZA ROZZANA<\/td>\n<td>DONOSO<\/td>\n<td>\u00c1LVAREZ<\/td>\n<\/tr>\n<tr>\n<td height=\"20\">YERCO ALESSANDRO<\/td>\n<td>FIGUEROA<\/td>\n<td>MU\u00d1OZ<\/td>\n<\/tr>\n<tr>\n<td height=\"20\">VANESSA NICOLE<\/td>\n<td>FRANCESCONI<\/td>\n<td>CORREA<\/td>\n<\/tr>\n<tr>\n<td height=\"20\">AXZEL GABRIEL<\/td>\n<td>FUSTER<\/td>\n<td>ARACENA<\/td>\n<\/tr>\n<tr>\n<td height=\"20\">RODRIGO ANDR\u00c9S<\/td>\n<td>GARAY<\/td>\n<td>OLAVARR\u00cdA<\/td>\n<\/tr>\n<tr>\n<td height=\"20\">\u00cdTALO FRANCO<\/td>\n<td>GARBARINI<\/td>\n<td>RIVAS<\/td>\n<\/tr>\n<tr>\n<td height=\"20\">JOS\u00c9 IGNACIO<\/td>\n<td>GATICA<\/td>\n<td>FLORES<\/td>\n<\/tr>\n<tr>\n<td height=\"20\">OSCAR ROBERTO<\/td>\n<td>JUICA<\/td>\n<td>ZULETA<\/td>\n<\/tr>\n<tr>\n<td height=\"20\">RAFAEL HERN\u00c1N<\/td>\n<td>L\u00d3PEZ<\/td>\n<td>ESPINOZA<\/td>\n<\/tr>\n<tr>\n<td height=\"20\">AUGUSTO ANDR\u00c9S<\/td>\n<td>MEDINA<\/td>\n<td>PINOCHET<\/td>\n<\/tr>\n<tr>\n<td height=\"20\">GENESIS ESPERANZA ALEJANDRA<\/td>\n<td>MUGA<\/td>\n<td>EULUFI<\/td>\n<\/tr>\n<tr>\n<td height=\"20\">LORETO VALENTINA<\/td>\n<td>MU\u00d1OZ<\/td>\n<td>FERMANDOIS<\/td>\n<\/tr>\n<tr>\n<td height=\"20\">MAXIMILIANO ADOLFO<\/td>\n<td>NAVARRO<\/td>\n<td>BUSTAMANTE<\/td>\n<\/tr>\n<tr>\n<td height=\"20\">SOF\u00cdA BEL\u00c9N<\/td>\n<td>NAVARRO<\/td>\n<td>SAAVEDRA<\/td>\n<\/tr>\n<tr>\n<td height=\"20\">HUGO IGNACIO<\/td>\n<td>P\u00c9REZ<\/td>\n<td>TORREJ\u00d3N<\/td>\n<\/tr>\n<tr>\n<td height=\"20\">ELMER BLADIMIR<\/td>\n<td>REYES<\/td>\n<td>CISTERNAS<\/td>\n<\/tr>\n<tr>\n<td height=\"20\">VALENTINA ALMENDRA<\/td>\n<td>RIFF<\/td>\n<td>CA\u00d1ETE<\/td>\n<\/tr>\n<tr>\n<td height=\"20\">MICHELE ANNICK<\/td>\n<td>ROTH<\/td>\n<td>CARRILLO<\/td>\n<\/tr>\n<tr>\n<td height=\"20\">H\u00c9CTOR DANIEL<\/td>\n<td>SEGUEL<\/td>\n<td>PE\u00d1A<\/td>\n<\/tr>\n<tr>\n<td height=\"20\">DANIEL ESTEBAN<\/td>\n<td>VERGARA<\/td>\n<td>ORREGO<\/td>\n<\/tr>\n<tr>\n<td height=\"20\">CATALINA JAVIERA<\/td>\n<td>Z\u00da\u00d1IGA<\/td>\n<td>ORTIZ<\/td>\n<\/tr>\n<\/tbody>\n<\/table>\n<p>[\/et_pb_toggle][\/et_pb_column][et_pb_column type=\u00bb1_3&#8243; _builder_version=\u00bb4.17.6&#8243; _module_preset=\u00bbdefault\u00bb global_colors_info=\u00bb{}\u00bb][\/et_pb_column][\/et_pb_row][\/et_pb_section][et_pb_section fb_built=\u00bb1&#8243; disabled_on=\u00bboff|off|off\u00bb _builder_version=\u00bb4.22.0&#8243; _module_preset=\u00bbdefault\u00bb width=\u00bb100%\u00bb max_width=\u00bb100%\u00bb custom_padding=\u00bb5px|||||\u00bb global_colors_info=\u00bb{}\u00bb][et_pb_row use_custom_gutter=\u00bbon\u00bb gutter_width=\u00bb1&#8243; _builder_version=\u00bb4.17.6&#8243; _module_preset=\u00bbdefault\u00bb width=\u00bb96%\u00bb max_width=\u00bb2560px\u00bb module_alignment=\u00bbleft\u00bb custom_padding=\u00bb||9px|||\u00bb global_colors_info=\u00bb{}\u00bb][et_pb_column type=\u00bb4_4&#8243; _builder_version=\u00bb4.17.6&#8243; _module_preset=\u00bbdefault\u00bb global_colors_info=\u00bb{}\u00bb][et_pb_blurb title=\u00bbCeremonia de titulaci\u00f3n: Mi\u00e9rcoles 15 de noviembre de 2023, 15.30 horas\u00bb use_icon=\u00bbon\u00bb font_icon=\u00bb&#xf073;||fa||400&#8243; icon_color=\u00bb#009bdb\u00bb icon_placement=\u00bbleft\u00bb image_icon_width=\u00bb53px\u00bb content_max_width=\u00bb1100px\u00bb admin_label=\u00bbAnuncio: Ceremonia de titulaci\u00f3n: Mi\u00e9rcoles 15 de noviembre de 2023, 15.30 horas\u00bb _builder_version=\u00bb4.22.2&#8243; _module_preset=\u00bbdefault\u00bb header_font=\u00bb|800||on|||||\u00bb header_text_color=\u00bb#303030&#8243; header_font_size=\u00bb27px\u00bb body_font=\u00bb||||||||\u00bb body_text_color=\u00bb#0099cc\u00bb body_font_size=\u00bb16px\u00bb custom_margin=\u00bb||-1px|||\u00bb global_colors_info=\u00bb{}\u00bb]<\/p>\n<h2>Facultad de Ciencias Sociales<\/h2>\n<p>Aula Dr. F\u00e9lix Morales Pettorino, Casa Central, Valpara\u00edso.<\/p>\n<p>[\/et_pb_blurb][\/et_pb_column][\/et_pb_row][et_pb_row column_structure=\u00bb1_3,1_3,1_3&#8243; use_custom_gutter=\u00bbon\u00bb disabled_on=\u00bboff|off|off\u00bb _builder_version=\u00bb4.22.0&#8243; _module_preset=\u00bbdefault\u00bb width=\u00bb94%\u00bb max_width=\u00bb2560px\u00bb custom_padding=\u00bb18px||18px|||\u00bb global_colors_info=\u00bb{}\u00bb][et_pb_column type=\u00bb1_3&#8243; _builder_version=\u00bb4.17.6&#8243; _module_preset=\u00bbdefault\u00bb global_colors_info=\u00bb{}\u00bb][et_pb_toggle title=\u00bbPsic\u00f3loga o psic\u00f3logo\u00bb open_toggle_text_color=\u00bb#000000&#8243; open_toggle_background_color=\u00bb#FFFFFF\u00bb closed_toggle_background_color=\u00bb#FFFFFF\u00bb icon_color=\u00bb#009bdb\u00bb toggle_icon=\u00bb&#xe048;||divi||400&#8243; use_icon_font_size=\u00bbon\u00bb icon_font_size=\u00bb26px\u00bb open_icon_color=\u00bb#009bdb\u00bb open_toggle_icon=\u00bb&#xe047;||divi||400&#8243; open_use_icon_font_size=\u00bbon\u00bb open_icon_font_size=\u00bb26px\u00bb disabled_on=\u00bboff|off|off\u00bb admin_label=\u00bbPsic\u00f3loga o psic\u00f3logo\u00bb _builder_version=\u00bb4.22.2&#8243; _module_preset=\u00bbdefault\u00bb title_text_color=\u00bb#000000&#8243; title_font=\u00bb|700||on|||||\u00bb global_colors_info=\u00bb{}\u00bb]<\/p>\n<table style=\"width: 90%; height: 1200px;\" border=\"0\" width=\"90%\" cellspacing=\"0\" cellpadding=\"0\">\n<colgroup>\n<col width=\"204\" \/>\n<col width=\"161\" \/>\n<col width=\"131\" \/><\/colgroup>\n<tbody>\n<tr style=\"height: 24px;\">\n<td class=\"xl66\" style=\"height: 24px;\" width=\"204\" height=\"20\"><strong>NOMBRE<\/strong><\/td>\n<td class=\"xl66\" style=\"height: 24px;\" width=\"161\"><strong>PATERNO<\/strong><\/td>\n<td class=\"xl66\" style=\"height: 24px;\" width=\"131\"><strong>MATERNO<\/strong><\/td>\n<\/tr>\n<tr style=\"height: 24px;\">\n<td style=\"height: 24px;\" height=\"20\">ANGELO JES\u00daS<\/td>\n<td style=\"height: 24px;\">ALVARADO<\/td>\n<td style=\"height: 24px;\">PE\u00d1A<\/td>\n<\/tr>\n<tr style=\"height: 24px;\">\n<td style=\"height: 24px;\" height=\"20\">SEBASTI\u00c1N PABLO ANDR\u00c9S<\/td>\n<td style=\"height: 24px;\">ARANCIBIA<\/td>\n<td style=\"height: 24px;\">PIZARRO<\/td>\n<\/tr>\n<tr style=\"height: 24px;\">\n<td style=\"height: 24px;\" height=\"20\">FRANCISCA DONATILA<\/td>\n<td style=\"height: 24px;\">ARANDA<\/td>\n<td style=\"height: 24px;\">S\u00c1NCHEZ<\/td>\n<\/tr>\n<tr style=\"height: 24px;\">\n<td style=\"height: 24px;\" height=\"20\">ANDREA IVONNE<\/td>\n<td style=\"height: 24px;\">BAZAES<\/td>\n<td style=\"height: 24px;\">TAPIA<\/td>\n<\/tr>\n<tr style=\"height: 24px;\">\n<td style=\"height: 24px;\" height=\"20\">BYRON EL\u00cdAS<\/td>\n<td style=\"height: 24px;\">BERNALES<\/td>\n<td style=\"height: 24px;\">BOZO<\/td>\n<\/tr>\n<tr style=\"height: 24px;\">\n<td style=\"height: 24px;\" height=\"20\">KARLA MONSERRAT<\/td>\n<td style=\"height: 24px;\">BUSTOS<\/td>\n<td style=\"height: 24px;\">ARENAS<\/td>\n<\/tr>\n<tr style=\"height: 24px;\">\n<td style=\"height: 24px;\" height=\"20\">CAMILLE<\/td>\n<td style=\"height: 24px;\">BUSTOS<\/td>\n<td style=\"height: 24px;\">SUAZO<\/td>\n<\/tr>\n<tr style=\"height: 24px;\">\n<td style=\"height: 24px;\" height=\"20\">JOCELYN AMADA<\/td>\n<td style=\"height: 24px;\">CARVAJAL<\/td>\n<td style=\"height: 24px;\">NILO<\/td>\n<\/tr>\n<tr style=\"height: 24px;\">\n<td style=\"height: 24px;\" height=\"20\">ARANTZAZU XAVIERA<\/td>\n<td style=\"height: 24px;\">CEBALLOS<\/td>\n<td style=\"height: 24px;\">GIL<\/td>\n<\/tr>\n<tr style=\"height: 24px;\">\n<td style=\"height: 24px;\" height=\"20\">ALMENDRA TULSI<\/td>\n<td style=\"height: 24px;\">CERDA<\/td>\n<td style=\"height: 24px;\">SEP\u00daLVEDA<\/td>\n<\/tr>\n<tr style=\"height: 24px;\">\n<td style=\"height: 24px;\" height=\"20\">JAVIERA ALEJANDRA<\/td>\n<td style=\"height: 24px;\">COLLAO<\/td>\n<td style=\"height: 24px;\">ASTUDILLO<\/td>\n<\/tr>\n<tr style=\"height: 24px;\">\n<td style=\"height: 24px;\" height=\"20\">LAURA IGNACIA<\/td>\n<td style=\"height: 24px;\">ESPINA<\/td>\n<td style=\"height: 24px;\">PE\u00d1A<\/td>\n<\/tr>\n<tr style=\"height: 24px;\">\n<td style=\"height: 24px;\" height=\"20\">JAVIERA CONSTANZA<\/td>\n<td style=\"height: 24px;\">FERN\u00c1NDEZ<\/td>\n<td style=\"height: 24px;\">FERN\u00c1NDEZ<\/td>\n<\/tr>\n<tr style=\"height: 24px;\">\n<td style=\"height: 24px;\" height=\"20\">ANTONIA IGNACIA<\/td>\n<td style=\"height: 24px;\">G\u00c1RATE<\/td>\n<td style=\"height: 24px;\">D\u00cdAZ<\/td>\n<\/tr>\n<tr style=\"height: 24px;\">\n<td style=\"height: 24px;\" height=\"20\">CARLA IGNACIA<\/td>\n<td style=\"height: 24px;\">GARRIDO<\/td>\n<td style=\"height: 24px;\">GALLARDO<\/td>\n<\/tr>\n<tr style=\"height: 24px;\">\n<td style=\"height: 24px;\" height=\"20\">MAT\u00cdAS FERNANDO<\/td>\n<td style=\"height: 24px;\">GUAJARDO<\/td>\n<td style=\"height: 24px;\">MAR\u00cdN<\/td>\n<\/tr>\n<tr style=\"height: 24px;\">\n<td style=\"height: 24px;\" height=\"20\">MAT\u00cdAS ANTONIO<\/td>\n<td style=\"height: 24px;\">GUERRA<\/td>\n<td style=\"height: 24px;\">RAM\u00cdREZ<\/td>\n<\/tr>\n<tr style=\"height: 24px;\">\n<td style=\"height: 24px;\" height=\"20\">C\u00c9SAR AN\u00cdBAL<\/td>\n<td style=\"height: 24px;\">HENR\u00cdQUEZ<\/td>\n<td style=\"height: 24px;\">BACIGALUPPI<\/td>\n<\/tr>\n<tr style=\"height: 24px;\">\n<td style=\"height: 24px;\" height=\"20\">DAHIANA<\/td>\n<td style=\"height: 24px;\">JARAMILLO<\/td>\n<td style=\"height: 24px;\">GIRALDO<\/td>\n<\/tr>\n<tr style=\"height: 24px;\">\n<td style=\"height: 24px;\" height=\"20\">MAT\u00cdAS BENJAM\u00cdN<\/td>\n<td style=\"height: 24px;\">LATTES<\/td>\n<td style=\"height: 24px;\">LEIBRECHT<\/td>\n<\/tr>\n<tr style=\"height: 24px;\">\n<td style=\"height: 24px;\" height=\"20\">YERKA MARIELA<\/td>\n<td style=\"height: 24px;\">LUKE<\/td>\n<td style=\"height: 24px;\">CASTRO<\/td>\n<\/tr>\n<tr style=\"height: 24px;\">\n<td style=\"height: 24px;\" height=\"20\">YAEL ANARLY<\/td>\n<td style=\"height: 24px;\">MADRID<\/td>\n<td style=\"height: 24px;\">G\u00c1LVEZ<\/td>\n<\/tr>\n<tr style=\"height: 24px;\">\n<td style=\"height: 24px;\" height=\"20\">SEBASTI\u00c1N IGNACIO<\/td>\n<td style=\"height: 24px;\">MAGA\u00d1A<\/td>\n<td style=\"height: 24px;\">CAMPUSANO<\/td>\n<\/tr>\n<tr style=\"height: 24px;\">\n<td style=\"height: 24px;\" height=\"20\">MAXIMILIANO AMADOR<\/td>\n<td style=\"height: 24px;\">MEDINA<\/td>\n<td style=\"height: 24px;\">G\u00d3MEZ<\/td>\n<\/tr>\n<tr style=\"height: 24px;\">\n<td style=\"height: 24px;\" height=\"20\">JONATHAN CRISTOFER<\/td>\n<td style=\"height: 24px;\">MIRANDA<\/td>\n<td style=\"height: 24px;\">CASTRO<\/td>\n<\/tr>\n<tr style=\"height: 24px;\">\n<td style=\"height: 24px;\" height=\"20\">DANIELA IGNACIA<\/td>\n<td style=\"height: 24px;\">MONTECINOS<\/td>\n<td style=\"height: 24px;\">ROJAS<\/td>\n<\/tr>\n<tr style=\"height: 24px;\">\n<td style=\"height: 24px;\" height=\"20\">AGUSTINA SOLEDAD<\/td>\n<td style=\"height: 24px;\">MONTOYA<\/td>\n<td style=\"height: 24px;\">MAIDANA<\/td>\n<\/tr>\n<tr style=\"height: 24px;\">\n<td style=\"height: 24px;\" height=\"20\">CAROLINA ANDREA<\/td>\n<td style=\"height: 24px;\">MORALES<\/td>\n<td style=\"height: 24px;\">TRIBI\u00d1O<\/td>\n<\/tr>\n<tr style=\"height: 24px;\">\n<td style=\"height: 24px;\" height=\"20\">NELLY MACKARENA<\/td>\n<td style=\"height: 24px;\">MOYA<\/td>\n<td style=\"height: 24px;\">URIBE<\/td>\n<\/tr>\n<tr style=\"height: 24px;\">\n<td style=\"height: 24px;\" height=\"20\">JAVIERA IGNACIA<\/td>\n<td style=\"height: 24px;\">OLIVARES<\/td>\n<td style=\"height: 24px;\">FUENTES<\/td>\n<\/tr>\n<tr style=\"height: 24px;\">\n<td style=\"height: 24px;\" height=\"20\">CLAUDIA LORENA<\/td>\n<td style=\"height: 24px;\">OROZCO<\/td>\n<td style=\"height: 24px;\">JERIA<\/td>\n<\/tr>\n<tr style=\"height: 24px;\">\n<td style=\"height: 24px;\" height=\"20\">FRANCISCO IGNACIO<\/td>\n<td style=\"height: 24px;\">PALACIOS<\/td>\n<td style=\"height: 24px;\">OTELO<\/td>\n<\/tr>\n<tr style=\"height: 24px;\">\n<td style=\"height: 24px;\" height=\"20\">JAVIERA ESTER<\/td>\n<td style=\"height: 24px;\">PE\u00d1A<\/td>\n<td style=\"height: 24px;\">JARA<\/td>\n<\/tr>\n<tr style=\"height: 24px;\">\n<td style=\"height: 24px;\" height=\"20\">AMARU ANDR\u00c9S<\/td>\n<td style=\"height: 24px;\">P\u00c9REZ<\/td>\n<td style=\"height: 24px;\">HIDALGO<\/td>\n<\/tr>\n<tr style=\"height: 24px;\">\n<td style=\"height: 24px;\" height=\"20\">JOAQU\u00cdN ANDR\u00c9S<\/td>\n<td style=\"height: 24px;\">PINO<\/td>\n<td style=\"height: 24px;\">OLIVARES<\/td>\n<\/tr>\n<tr style=\"height: 24px;\">\n<td style=\"height: 24px;\" height=\"20\">ALEXIS FRANCO<\/td>\n<td style=\"height: 24px;\">PINTO<\/td>\n<td style=\"height: 24px;\">OLIVARES<\/td>\n<\/tr>\n<tr style=\"height: 24px;\">\n<td style=\"height: 24px;\" height=\"20\">MARGOT KRISTEL<\/td>\n<td style=\"height: 24px;\">QUEZADA<\/td>\n<td style=\"height: 24px;\">HELBIG<\/td>\n<\/tr>\n<tr style=\"height: 24px;\">\n<td style=\"height: 24px;\" height=\"20\">FRANCISCA ISABEL<\/td>\n<td style=\"height: 24px;\">ROJAS<\/td>\n<td style=\"height: 24px;\">HERRERA<\/td>\n<\/tr>\n<tr style=\"height: 24px;\">\n<td style=\"height: 24px;\" height=\"20\">BYRON SEBASTI\u00c1N<\/td>\n<td style=\"height: 24px;\">RUBIO<\/td>\n<td style=\"height: 24px;\">FERRADA<\/td>\n<\/tr>\n<tr style=\"height: 24px;\">\n<td style=\"height: 24px;\" height=\"20\">JORGE IGNACIO<\/td>\n<td style=\"height: 24px;\">SAAVEDRA<\/td>\n<td style=\"height: 24px;\">CANELO<\/td>\n<\/tr>\n<tr style=\"height: 24px;\">\n<td style=\"height: 24px;\" height=\"20\">MART\u00cdN ALBERTO<\/td>\n<td style=\"height: 24px;\">SCHWEYER<\/td>\n<td style=\"height: 24px;\">ESCOBAR<\/td>\n<\/tr>\n<tr style=\"height: 24px;\">\n<td style=\"height: 24px;\" height=\"20\">REN\u00c9 FRANCISCO<\/td>\n<td style=\"height: 24px;\">SEP\u00daLVEDA<\/td>\n<td style=\"height: 24px;\">BRAVO<\/td>\n<\/tr>\n<tr style=\"height: 24px;\">\n<td style=\"height: 24px;\" height=\"20\">JAIME FRANCISCO<\/td>\n<td style=\"height: 24px;\">TAPIA<\/td>\n<td style=\"height: 24px;\">FUENTES<\/td>\n<\/tr>\n<tr style=\"height: 24px;\">\n<td style=\"height: 24px;\" height=\"20\">MANUEL ALEJANDRO<\/td>\n<td style=\"height: 24px;\">TEJADA<\/td>\n<td style=\"height: 24px;\">R\u00cdOS<\/td>\n<\/tr>\n<tr style=\"height: 24px;\">\n<td style=\"height: 24px;\" height=\"20\">ESPERANZA SOF\u00cdA<\/td>\n<td style=\"height: 24px;\">URZ\u00daA<\/td>\n<td style=\"height: 24px;\">VARAS<\/td>\n<\/tr>\n<tr style=\"height: 24px;\">\n<td style=\"height: 24px;\" height=\"20\">B\u00c1RBARA MARIEL<\/td>\n<td style=\"height: 24px;\">VALENZUELA<\/td>\n<td style=\"height: 24px;\">MANCILLA<\/td>\n<\/tr>\n<tr style=\"height: 24px;\">\n<td style=\"height: 24px;\" height=\"20\">JAVIER ANTONIO<\/td>\n<td style=\"height: 24px;\">VASCONCELO<\/td>\n<td style=\"height: 24px;\">CUEVAS<\/td>\n<\/tr>\n<tr style=\"height: 24px;\">\n<td style=\"height: 24px;\" height=\"20\">ALESSANDRA KARINA<\/td>\n<td style=\"height: 24px;\">VERGARA<\/td>\n<td style=\"height: 24px;\">CONTENLA<\/td>\n<\/tr>\n<tr style=\"height: 24px;\">\n<td style=\"height: 24px;\" height=\"20\">JOAQU\u00cdN ALEJANDRO<\/td>\n<td style=\"height: 24px;\">ZAMORANO<\/td>\n<td style=\"height: 24px;\">MU\u00d1OZ<\/td>\n<\/tr>\n<\/tbody>\n<\/table>\n<p>[\/et_pb_toggle][\/et_pb_column][et_pb_column type=\u00bb1_3&#8243; _builder_version=\u00bb4.17.6&#8243; _module_preset=\u00bbdefault\u00bb global_colors_info=\u00bb{}\u00bb][et_pb_toggle title=\u00bbSoci\u00f3loga o soci\u00f3logo\u00bb open_toggle_text_color=\u00bb#000000&#8243; open_toggle_background_color=\u00bb#FFFFFF\u00bb closed_toggle_background_color=\u00bb#FFFFFF\u00bb icon_color=\u00bb#009bdb\u00bb toggle_icon=\u00bb&#xe048;||divi||400&#8243; use_icon_font_size=\u00bbon\u00bb icon_font_size=\u00bb26px\u00bb open_icon_color=\u00bb#009bdb\u00bb open_toggle_icon=\u00bb&#xe047;||divi||400&#8243; open_use_icon_font_size=\u00bbon\u00bb open_icon_font_size=\u00bb26px\u00bb disabled_on=\u00bboff|off|off\u00bb admin_label=\u00bbSoci\u00f3loga o soci\u00f3logo\u00bb _builder_version=\u00bb4.22.2&#8243; _module_preset=\u00bbdefault\u00bb title_text_color=\u00bb#000000&#8243; title_font=\u00bb|700||on|||||\u00bb global_colors_info=\u00bb{}\u00bb]<\/p>\n<table style=\"width: 90%;\" border=\"0\" width=\"90%\" cellspacing=\"0\" cellpadding=\"0\">\n<colgroup>\n<col width=\"204\" \/>\n<col width=\"161\" \/>\n<col width=\"131\" \/><\/colgroup>\n<tbody>\n<tr>\n<td class=\"xl66\" width=\"204\" height=\"20\"><strong>NOMBRE<\/strong><\/td>\n<td class=\"xl66\" width=\"161\"><strong>PATERNO<\/strong><\/td>\n<td class=\"xl66\" width=\"131\"><strong>MATERNO<\/strong><\/td>\n<\/tr>\n<tr>\n<td height=\"20\">CARLA ALEXANDRA<\/td>\n<td>BRITO<\/td>\n<td>MANZO<\/td>\n<\/tr>\n<tr>\n<td height=\"20\">DANIELA MACARENA<\/td>\n<td>FERN\u00c1NDEZ<\/td>\n<td>MOLINA<\/td>\n<\/tr>\n<tr>\n<td height=\"20\">KARINA SOPHIA ELIZABETH<\/td>\n<td>GANGA<\/td>\n<td>CUEVAS<\/td>\n<\/tr>\n<tr>\n<td height=\"20\">KIMBERLY ANDREA<\/td>\n<td>GARC\u00cdA<\/td>\n<td>VILLAR<\/td>\n<\/tr>\n<tr>\n<td height=\"20\">DANIELA LICETTE<\/td>\n<td>JAURE<\/td>\n<td>MANZANO<\/td>\n<\/tr>\n<tr>\n<td height=\"20\">ROMINA MARION<\/td>\n<td>PE\u00d1A<\/td>\n<td>QUIROZ<\/td>\n<\/tr>\n<tr>\n<td height=\"20\">NELYOHN MARCELO<\/td>\n<td>RAM\u00cdREZ<\/td>\n<td>PULGAR<\/td>\n<\/tr>\n<tr>\n<td height=\"20\">P\u00cdA FERNANDA<\/td>\n<td>ROMERO<\/td>\n<td>L\u00d3PEZ<\/td>\n<\/tr>\n<tr>\n<td height=\"20\">GISSELL ANTONIETA<\/td>\n<td>SALVADOR<\/td>\n<td>TAPIA<\/td>\n<\/tr>\n<tr>\n<td height=\"20\">VICENTE MARCELO\u00a0 ANDR\u00c9S<\/td>\n<td>TAPIA<\/td>\n<td>CASTRO<\/td>\n<\/tr>\n<\/tbody>\n<\/table>\n<p>[\/et_pb_toggle][\/et_pb_column][et_pb_column type=\u00bb1_3&#8243; _builder_version=\u00bb4.17.6&#8243; _module_preset=\u00bbdefault\u00bb global_colors_info=\u00bb{}\u00bb][\/et_pb_column][\/et_pb_row][\/et_pb_section][et_pb_section fb_built=\u00bb1&#8243; disabled_on=\u00bboff|off|off\u00bb _builder_version=\u00bb4.22.0&#8243; _module_preset=\u00bbdefault\u00bb width=\u00bb100%\u00bb max_width=\u00bb100%\u00bb custom_padding=\u00bb5px|||||\u00bb global_colors_info=\u00bb{}\u00bb][et_pb_row use_custom_gutter=\u00bbon\u00bb gutter_width=\u00bb1&#8243; _builder_version=\u00bb4.17.6&#8243; _module_preset=\u00bbdefault\u00bb width=\u00bb96%\u00bb max_width=\u00bb2560px\u00bb module_alignment=\u00bbleft\u00bb custom_padding=\u00bb||9px|||\u00bb global_colors_info=\u00bb{}\u00bb][et_pb_column type=\u00bb4_4&#8243; _builder_version=\u00bb4.17.6&#8243; _module_preset=\u00bbdefault\u00bb global_colors_info=\u00bb{}\u00bb][et_pb_blurb title=\u00bbCeremonia de titulaci\u00f3n: Lunes 20 de noviembre de 2023, 10.30 horas\u00bb use_icon=\u00bbon\u00bb font_icon=\u00bb&#xf073;||fa||400&#8243; icon_color=\u00bb#009bdb\u00bb icon_placement=\u00bbleft\u00bb image_icon_width=\u00bb53px\u00bb content_max_width=\u00bb1100px\u00bb admin_label=\u00bbAnuncio: Ceremonia de titulaci\u00f3n: Lunes 20 de noviembre de 2023, 10.30 horas\u00bb _builder_version=\u00bb4.22.2&#8243; _module_preset=\u00bbdefault\u00bb header_font=\u00bb|800||on|||||\u00bb header_text_color=\u00bb#303030&#8243; header_font_size=\u00bb27px\u00bb body_font=\u00bb||||||||\u00bb body_text_color=\u00bb#0099cc\u00bb body_font_size=\u00bb16px\u00bb custom_margin=\u00bb||-1px|||\u00bb global_colors_info=\u00bb{}\u00bb]<\/p>\n<h2>Facultad de Ciencias de la Salud<\/h2>\n<p>Aula Dr. F\u00e9lix Morales Pettorino, Casa Central, Valpara\u00edso.<\/p>\n<p>[\/et_pb_blurb][\/et_pb_column][\/et_pb_row][et_pb_row column_structure=\u00bb1_3,1_3,1_3&#8243; use_custom_gutter=\u00bbon\u00bb disabled_on=\u00bboff|off|off\u00bb _builder_version=\u00bb4.22.0&#8243; _module_preset=\u00bbdefault\u00bb width=\u00bb94%\u00bb max_width=\u00bb2560px\u00bb custom_padding=\u00bb18px||18px|||\u00bb global_colors_info=\u00bb{}\u00bb][et_pb_column type=\u00bb1_3&#8243; _builder_version=\u00bb4.17.6&#8243; _module_preset=\u00bbdefault\u00bb global_colors_info=\u00bb{}\u00bb][et_pb_toggle title=\u00bbFonoaudi\u00f3loga o fonoaudi\u00f3logo\u00bb open_toggle_text_color=\u00bb#000000&#8243; open_toggle_background_color=\u00bb#FFFFFF\u00bb closed_toggle_background_color=\u00bb#FFFFFF\u00bb icon_color=\u00bb#009bdb\u00bb toggle_icon=\u00bb&#xe048;||divi||400&#8243; use_icon_font_size=\u00bbon\u00bb icon_font_size=\u00bb26px\u00bb open_icon_color=\u00bb#009bdb\u00bb open_toggle_icon=\u00bb&#xe047;||divi||400&#8243; open_use_icon_font_size=\u00bbon\u00bb open_icon_font_size=\u00bb26px\u00bb disabled_on=\u00bboff|off|off\u00bb admin_label=\u00bbFonoaudi\u00f3loga o fonoaudi\u00f3logo\u00bb _builder_version=\u00bb4.22.2&#8243; _module_preset=\u00bbdefault\u00bb title_text_color=\u00bb#000000&#8243; title_font=\u00bb|700||on|||||\u00bb global_colors_info=\u00bb{}\u00bb]<\/p>\n<table style=\"width: 90%;\" border=\"0\" width=\"90%\" cellspacing=\"0\" cellpadding=\"0\">\n<colgroup>\n<col width=\"204\" \/>\n<col width=\"161\" \/>\n<col width=\"131\" \/><\/colgroup>\n<tbody>\n<tr>\n<td class=\"xl66\" width=\"204\" height=\"20\"><strong>NOMBRE<\/strong><\/td>\n<td class=\"xl66\" width=\"161\"><strong>PATERNO<\/strong><\/td>\n<td class=\"xl66\" width=\"131\"><strong>MATERNO<\/strong><\/td>\n<\/tr>\n<tr>\n<td height=\"20\">KIARA ALEJANDRA<\/td>\n<td>ABARCA<\/td>\n<td>RIQUELME<\/td>\n<\/tr>\n<tr>\n<td height=\"20\">FRANCISCA CHANTAL<\/td>\n<td>ALVARADO<\/td>\n<td>HERRERA<\/td>\n<\/tr>\n<tr>\n<td height=\"20\">MAR\u00cdA FERNANDA<\/td>\n<td>\u00c1LVAREZ<\/td>\n<td>FAR\u00cdAS<\/td>\n<\/tr>\n<tr>\n<td height=\"20\">DANIEL JES\u00daS<\/td>\n<td>ARACENA<\/td>\n<td>P\u00c9REZ<\/td>\n<\/tr>\n<tr>\n<td height=\"20\">CAMILA FERNANDA<\/td>\n<td>ASTUDILLO<\/td>\n<td>TAPIA<\/td>\n<\/tr>\n<tr>\n<td height=\"20\">MAR\u00cdA FERNANDA<\/td>\n<td>BAEZA<\/td>\n<td>GUERRERO<\/td>\n<\/tr>\n<tr>\n<td height=\"20\">VALENTINA FERNANDA<\/td>\n<td>BARBA<\/td>\n<td>C\u00c1CERES<\/td>\n<\/tr>\n<tr>\n<td height=\"20\">TATIANA CAROLINA<\/td>\n<td>BEIZA<\/td>\n<td>MATURANA<\/td>\n<\/tr>\n<tr>\n<td height=\"20\">CAMILA FERNANDA<\/td>\n<td>BUSTAMANTE<\/td>\n<td>P\u00c9REZ<\/td>\n<\/tr>\n<tr>\n<td height=\"20\">CHRISTIAN FRANCISCO<\/td>\n<td>CARVAJAL<\/td>\n<td>GONZ\u00c1LEZ<\/td>\n<\/tr>\n<tr>\n<td height=\"20\">CATALINA BEL\u00c9N<\/td>\n<td>CHAPARRO<\/td>\n<td>CASTILLO<\/td>\n<\/tr>\n<tr>\n<td height=\"20\">AHILYN ALEJANDRA<\/td>\n<td>CISTERNAS<\/td>\n<td>CHACANA<\/td>\n<\/tr>\n<tr>\n<td height=\"20\">AMANDA<\/td>\n<td>CONEJERO<\/td>\n<td>DE LA FUENTE<\/td>\n<\/tr>\n<tr>\n<td height=\"20\">CATALINA ANDREA<\/td>\n<td>C\u00d3RDOVA<\/td>\n<td>GONZ\u00c1LEZ<\/td>\n<\/tr>\n<tr>\n<td height=\"20\">TERESA ANDREA<\/td>\n<td>CORT\u00c9S<\/td>\n<td>PI\u00d1ONES<\/td>\n<\/tr>\n<tr>\n<td height=\"20\">JAVIERA BEL\u00c9N<\/td>\n<td>D\u00cdAZ<\/td>\n<td>MENA<\/td>\n<\/tr>\n<tr>\n<td height=\"20\">ALEJANDRA IGNACIA<\/td>\n<td>FERREIRA<\/td>\n<td>OLIVARES<\/td>\n<\/tr>\n<tr>\n<td height=\"20\">CAMILA ANDREA<\/td>\n<td>FLORES<\/td>\n<td>D\u00cdAZ<\/td>\n<\/tr>\n<tr>\n<td height=\"20\">SILVANA DEL CARMEN<\/td>\n<td>FUENTES<\/td>\n<td>ARAVENA<\/td>\n<\/tr>\n<tr>\n<td height=\"20\">KONNY ALEJANDRA<\/td>\n<td>GUALA<\/td>\n<td>LAZCANO<\/td>\n<\/tr>\n<tr>\n<td height=\"20\">CAMILA KARINA ABRIL<\/td>\n<td>GUTI\u00c9RREZ<\/td>\n<td>BERR\u00cdOS<\/td>\n<\/tr>\n<tr>\n<td height=\"20\">FERNANDA SOLEDAD<\/td>\n<td>HERMOSILLA<\/td>\n<td>RIQUELME<\/td>\n<\/tr>\n<tr>\n<td height=\"20\">CONSTANZA NICOLE<\/td>\n<td>HERRERA<\/td>\n<td>BEN\u00cdTEZ<\/td>\n<\/tr>\n<tr>\n<td height=\"20\">KATTERINE YAIRA<\/td>\n<td>HIDALGO<\/td>\n<td>GONZ\u00c1LEZ<\/td>\n<\/tr>\n<tr>\n<td height=\"20\">MAIDA FRANCISCA<\/td>\n<td>ITURRIETA<\/td>\n<td>MOYA<\/td>\n<\/tr>\n<tr>\n<td height=\"20\">SHARON JOICE<\/td>\n<td>LE\u00d3N<\/td>\n<td>RIVERA<\/td>\n<\/tr>\n<tr>\n<td height=\"20\">ROC\u00cdO VALENTINA<\/td>\n<td>LETELIER<\/td>\n<td>VALENZUELA<\/td>\n<\/tr>\n<tr>\n<td height=\"20\">STEPHANIE ANDREA<\/td>\n<td>LOBOS<\/td>\n<td>CORT\u00c9S<\/td>\n<\/tr>\n<tr>\n<td height=\"20\">DANIELA CONSTANZA<\/td>\n<td>L\u00d3PEZ<\/td>\n<td>FERN\u00c1NDEZ<\/td>\n<\/tr>\n<tr>\n<td height=\"20\">FERNANDA ANDREA<\/td>\n<td>MACELLARI<\/td>\n<td>VEGA<\/td>\n<\/tr>\n<tr>\n<td height=\"20\">JAVIERA BEL\u00c9N<\/td>\n<td>MADARIAGA<\/td>\n<td>CAMPOS<\/td>\n<\/tr>\n<tr>\n<td height=\"20\">LOAMMI ESCANDRA<\/td>\n<td>MARCHANT<\/td>\n<td>ARAVENA<\/td>\n<\/tr>\n<tr>\n<td height=\"20\">JAVIERA IGNACIA<\/td>\n<td>MART\u00cdNEZ<\/td>\n<td>CELED\u00d3N<\/td>\n<\/tr>\n<tr>\n<td height=\"20\">CONSTANZA ANDREA<\/td>\n<td>MOLINA<\/td>\n<td>ARAYA<\/td>\n<\/tr>\n<tr>\n<td height=\"20\">KRISHNA B\u00c1RBARA<\/td>\n<td>MORENO<\/td>\n<td>GONZ\u00c1LEZ<\/td>\n<\/tr>\n<tr>\n<td height=\"20\">DAVID ESTEBAN<\/td>\n<td>OGAZ<\/td>\n<td>P\u00c9REZ<\/td>\n<\/tr>\n<tr>\n<td height=\"20\">FRANCISCA ALEJANDRA<\/td>\n<td>OLIVARES<\/td>\n<td>UBEDA<\/td>\n<\/tr>\n<tr>\n<td height=\"20\">JAVIERA CONSTANZA<\/td>\n<td>\u00d3RDENES<\/td>\n<td>RAM\u00cdREZ<\/td>\n<\/tr>\n<tr>\n<td height=\"20\">KAREN MILBA<\/td>\n<td>ORELLANA<\/td>\n<td>VALENCIA<\/td>\n<\/tr>\n<tr>\n<td height=\"20\">MAR\u00cdA FRANCISCA<\/td>\n<td>PANGUE<\/td>\n<td>PINO<\/td>\n<\/tr>\n<tr>\n<td height=\"20\">CAROLINA ISABEL<\/td>\n<td>PARRA<\/td>\n<td>P\u00c9REZ<\/td>\n<\/tr>\n<tr>\n<td height=\"20\">GABRIELA ALEXANDRA<\/td>\n<td>P\u00c9REZ<\/td>\n<td>BERNAL<\/td>\n<\/tr>\n<tr>\n<td height=\"20\">CLAUDIA GABRIELA<\/td>\n<td>PIZARRO<\/td>\n<td>LEMUS<\/td>\n<\/tr>\n<tr>\n<td height=\"20\">FRANCISCA ALEXANDRA<\/td>\n<td>PONCE<\/td>\n<td>RAM\u00cdREZ<\/td>\n<\/tr>\n<tr>\n<td height=\"20\">ELIZABETH BETZABETH\u00a0<\/td>\n<td>RAM\u00cdREZ<\/td>\n<td>AGUILAR<\/td>\n<\/tr>\n<tr>\n<td height=\"20\">CONSTANZA ELIEDETH<\/td>\n<td>RIVAS<\/td>\n<td>CARTES<\/td>\n<\/tr>\n<tr>\n<td height=\"20\">MAR\u00cdA BEATRIZ<\/td>\n<td>ROJAS<\/td>\n<td>MOREIRA<\/td>\n<\/tr>\n<tr>\n<td height=\"20\">NICOLE STEPHANIE<\/td>\n<td>ROMO<\/td>\n<td>OVALLE<\/td>\n<\/tr>\n<tr>\n<td height=\"20\">FRANCISCA ALEJANDRA<\/td>\n<td>TAPIA<\/td>\n<td>HERRERA<\/td>\n<\/tr>\n<tr>\n<td height=\"20\">GLADYS JOHANA<\/td>\n<td>TOBAR<\/td>\n<td>EPU\u00d1\u00c1N<\/td>\n<\/tr>\n<tr>\n<td height=\"20\">SARA DONA DEL CARMEN<\/td>\n<td>TOLEDO<\/td>\n<td>TOLEDO<\/td>\n<\/tr>\n<tr>\n<td height=\"20\">JAVIERA ANDREA<\/td>\n<td>URREJOLA<\/td>\n<td>ARANCIBIA<\/td>\n<\/tr>\n<tr>\n<td height=\"20\">MAR\u00cdA IGNACIA<\/td>\n<td>VENEGAS<\/td>\n<td>VARGAS<\/td>\n<\/tr>\n<tr>\n<td height=\"20\">ANGIE CATALINA<\/td>\n<td>VILLARROEL<\/td>\n<td>MOYANO<\/td>\n<\/tr>\n<\/tbody>\n<\/table>\n<p>[\/et_pb_toggle][\/et_pb_column][et_pb_column type=\u00bb1_3&#8243; _builder_version=\u00bb4.17.6&#8243; _module_preset=\u00bbdefault\u00bb global_colors_info=\u00bb{}\u00bb][\/et_pb_column][et_pb_column type=\u00bb1_3&#8243; _builder_version=\u00bb4.17.6&#8243; _module_preset=\u00bbdefault\u00bb global_colors_info=\u00bb{}\u00bb][\/et_pb_column][\/et_pb_row][\/et_pb_section][et_pb_section fb_built=\u00bb1&#8243; disabled_on=\u00bboff|off|off\u00bb _builder_version=\u00bb4.22.0&#8243; _module_preset=\u00bbdefault\u00bb width=\u00bb100%\u00bb max_width=\u00bb100%\u00bb custom_padding=\u00bb5px|||||\u00bb global_colors_info=\u00bb{}\u00bb][et_pb_row use_custom_gutter=\u00bbon\u00bb gutter_width=\u00bb1&#8243; _builder_version=\u00bb4.17.6&#8243; _module_preset=\u00bbdefault\u00bb width=\u00bb96%\u00bb max_width=\u00bb2560px\u00bb module_alignment=\u00bbleft\u00bb custom_padding=\u00bb||9px|||\u00bb global_colors_info=\u00bb{}\u00bb][et_pb_column type=\u00bb4_4&#8243; _builder_version=\u00bb4.17.6&#8243; _module_preset=\u00bbdefault\u00bb global_colors_info=\u00bb{}\u00bb][et_pb_blurb title=\u00bbCeremonia de titulaci\u00f3n: Lunes 20 de noviembre de 2023, 15.30 horas\u00bb use_icon=\u00bbon\u00bb font_icon=\u00bb&#xf073;||fa||400&#8243; icon_color=\u00bb#009bdb\u00bb icon_placement=\u00bbleft\u00bb image_icon_width=\u00bb53px\u00bb content_max_width=\u00bb1100px\u00bb admin_label=\u00bbAnuncio:Ceremonia de titulaci\u00f3n: Lunes 20 de noviembre de 2023, 15.30 horas\u00bb _builder_version=\u00bb4.22.2&#8243; _module_preset=\u00bbdefault\u00bb header_font=\u00bb|800||on|||||\u00bb header_text_color=\u00bb#303030&#8243; header_font_size=\u00bb27px\u00bb body_font=\u00bb||||||||\u00bb body_text_color=\u00bb#0099cc\u00bb body_font_size=\u00bb16px\u00bb custom_margin=\u00bb||-1px|||\u00bb global_colors_info=\u00bb{}\u00bb]<\/p>\n<h2>Facultad de Ciencias de la Salud<\/h2>\n<p>Aula Dr. F\u00e9lix Morales Pettorino, Casa Central, Valpara\u00edso.<\/p>\n<p>[\/et_pb_blurb][\/et_pb_column][\/et_pb_row][et_pb_row column_structure=\u00bb1_3,1_3,1_3&#8243; use_custom_gutter=\u00bbon\u00bb disabled_on=\u00bboff|off|off\u00bb _builder_version=\u00bb4.22.0&#8243; _module_preset=\u00bbdefault\u00bb width=\u00bb94%\u00bb max_width=\u00bb2560px\u00bb custom_padding=\u00bb18px||18px|||\u00bb global_colors_info=\u00bb{}\u00bb][et_pb_column type=\u00bb1_3&#8243; _builder_version=\u00bb4.17.6&#8243; _module_preset=\u00bbdefault\u00bb global_colors_info=\u00bb{}\u00bb][et_pb_toggle title=\u00bbNutricionista\u00bb open_toggle_text_color=\u00bb#000000&#8243; open_toggle_background_color=\u00bb#FFFFFF\u00bb closed_toggle_background_color=\u00bb#FFFFFF\u00bb icon_color=\u00bb#009bdb\u00bb toggle_icon=\u00bb&#xe048;||divi||400&#8243; use_icon_font_size=\u00bbon\u00bb icon_font_size=\u00bb26px\u00bb open_icon_color=\u00bb#009bdb\u00bb open_toggle_icon=\u00bb&#xe047;||divi||400&#8243; open_use_icon_font_size=\u00bbon\u00bb open_icon_font_size=\u00bb26px\u00bb disabled_on=\u00bboff|off|off\u00bb admin_label=\u00bbNutricionista\u00bb _builder_version=\u00bb4.22.2&#8243; _module_preset=\u00bbdefault\u00bb title_text_color=\u00bb#000000&#8243; title_font=\u00bb|700||on|||||\u00bb global_colors_info=\u00bb{}\u00bb]<\/p>\n<table style=\"width: 90%;\" border=\"0\" width=\"90%\" cellspacing=\"0\" cellpadding=\"0\">\n<colgroup>\n<col width=\"204\" \/>\n<col width=\"161\" \/>\n<col width=\"131\" \/><\/colgroup>\n<tbody>\n<tr>\n<td class=\"xl66\" width=\"204\" height=\"20\"><strong>NOMBRE<\/strong><\/td>\n<td class=\"xl66\" width=\"161\"><strong>PATERNO<\/strong><\/td>\n<td class=\"xl66\" width=\"131\"><strong>MATERNO<\/strong><\/td>\n<\/tr>\n<tr>\n<td height=\"20\">MICAELA LUCILA<\/td>\n<td>ACIAR<\/td>\n<td>CALDER\u00d3N<\/td>\n<\/tr>\n<tr>\n<td height=\"20\">TAMARA KIMBERLY<\/td>\n<td>ALLENDE<\/td>\n<td>MIERES<\/td>\n<\/tr>\n<tr>\n<td height=\"20\">PAULA FERNANDA<\/td>\n<td>ARANCIBIA<\/td>\n<td>PALMA<\/td>\n<\/tr>\n<tr>\n<td height=\"20\">B\u00c1RBARA SARAI<\/td>\n<td>ARAVENA<\/td>\n<td>SEP\u00daLVEDA<\/td>\n<\/tr>\n<tr>\n<td height=\"20\">KRISSNA CONSTANZA<\/td>\n<td>BAEZA<\/td>\n<td>FUNES<\/td>\n<\/tr>\n<tr>\n<td height=\"20\">ROMINA NICOLE<\/td>\n<td>BERNALES<\/td>\n<td>B\u00d3RQUEZ<\/td>\n<\/tr>\n<tr>\n<td height=\"20\">AYLINE CONSTANZA<\/td>\n<td>BRICE\u00d1O<\/td>\n<td>PE\u00d1AILILLO<\/td>\n<\/tr>\n<tr>\n<td height=\"20\">PAULA ANTONIA<\/td>\n<td>CAMPOS<\/td>\n<td>CONTRERAS<\/td>\n<\/tr>\n<tr>\n<td height=\"20\">SUSAN FERNANDA<\/td>\n<td>CASTRO<\/td>\n<td>ESC\u00c1RATE<\/td>\n<\/tr>\n<tr>\n<td height=\"20\">LORENA AYLIN<\/td>\n<td>CHACANA<\/td>\n<td>GONZ\u00c1LEZ<\/td>\n<\/tr>\n<tr>\n<td height=\"20\">NATHALIE GABRIELA<\/td>\n<td>COLLAO<\/td>\n<td>CISTERNAS<\/td>\n<\/tr>\n<tr>\n<td height=\"20\">JONATHAN DANIEL<\/td>\n<td>COMAS<\/td>\n<td>ASTORGA<\/td>\n<\/tr>\n<tr>\n<td height=\"20\">CATALINA FERNANDA<\/td>\n<td>CONTRERAS<\/td>\n<td>SEGUEL<\/td>\n<\/tr>\n<tr>\n<td height=\"20\">CARLA FRANCISCA<\/td>\n<td>COO<\/td>\n<td>BARRAZA<\/td>\n<\/tr>\n<tr>\n<td height=\"20\">CATALINA ANDREA<\/td>\n<td>CORTEZ<\/td>\n<td>\u00c1LVAREZ<\/td>\n<\/tr>\n<tr>\n<td height=\"20\">CONSTANZA MARIOLY<\/td>\n<td>CRUZ<\/td>\n<td>PALACIOS<\/td>\n<\/tr>\n<tr>\n<td height=\"20\">JAVIERA PAZ<\/td>\n<td>ESPINOZA<\/td>\n<td>ROJAS<\/td>\n<\/tr>\n<tr>\n<td height=\"20\">KATERYNNE FERNANDA<\/td>\n<td>EUROLO<\/td>\n<td>GODOY<\/td>\n<\/tr>\n<tr>\n<td height=\"20\">CAROLINA ESTEFANY<\/td>\n<td>FERN\u00c1NDEZ<\/td>\n<td>HERN\u00c1NDEZ<\/td>\n<\/tr>\n<tr>\n<td height=\"20\">YANELA ALEJANDRA<\/td>\n<td>GONZ\u00c1LEZ<\/td>\n<td>SOTO<\/td>\n<\/tr>\n<tr>\n<td height=\"20\">JESSICA SOLANGE<\/td>\n<td>L\u00d3PEZ<\/td>\n<td>VERDUGO<\/td>\n<\/tr>\n<tr>\n<td height=\"20\">YARISSA ANDREA<\/td>\n<td>MONJE<\/td>\n<td>TORRIJO<\/td>\n<\/tr>\n<tr>\n<td height=\"20\">P\u00cdA ALEJANDRA<\/td>\n<td>MOYA<\/td>\n<td>MEDINA<\/td>\n<\/tr>\n<tr>\n<td height=\"20\">FRANCISCO GABRIEL<\/td>\n<td>MU\u00d1OZ<\/td>\n<td>ARANDA<\/td>\n<\/tr>\n<tr>\n<td height=\"20\">KRISTY EILEEN<\/td>\n<td>NAVARRO<\/td>\n<td>ALEGR\u00cdA<\/td>\n<\/tr>\n<tr>\n<td height=\"20\">JAZM\u00cdN SCARLETT<\/td>\n<td>ORME\u00d1O<\/td>\n<td>ROJAS<\/td>\n<\/tr>\n<tr>\n<td height=\"20\">CONSTANZA ISIDORA<\/td>\n<td>PARRA<\/td>\n<td>GONZ\u00c1LEZ<\/td>\n<\/tr>\n<tr>\n<td height=\"20\">VALENTINA ALEJANDRA<\/td>\n<td>PAVEZ<\/td>\n<td>LEIVA<\/td>\n<\/tr>\n<tr>\n<td height=\"20\">VALERIA CONSTANZA<\/td>\n<td>PORRA<\/td>\n<td>ALMONACID<\/td>\n<\/tr>\n<tr>\n<td height=\"20\">TATTIANA NINOSKA<\/td>\n<td>ROJAS<\/td>\n<td>PANTOJA<\/td>\n<\/tr>\n<tr>\n<td height=\"20\">NATALIA BEL\u00c9N<\/td>\n<td>SAAVEDRA<\/td>\n<td>GUZM\u00c1N<\/td>\n<\/tr>\n<tr>\n<td height=\"20\">VALENTINA PAZ<\/td>\n<td>SALINAS<\/td>\n<td>ORTEGA<\/td>\n<\/tr>\n<tr>\n<td height=\"20\">KATHERINE DENISSE<\/td>\n<td>SANTIS<\/td>\n<td>D\u00cdAZ<\/td>\n<\/tr>\n<tr>\n<td height=\"20\">VALERIA CONSTANZA<\/td>\n<td>SEGURA<\/td>\n<td>D\u00cdAZ<\/td>\n<\/tr>\n<tr>\n<td height=\"20\">ELIZABETH ALEJANDRA<\/td>\n<td>SEP\u00daLVEDA<\/td>\n<td>TAPIA<\/td>\n<\/tr>\n<tr>\n<td height=\"20\">PRISCILLA MAYEN<\/td>\n<td>SILVA<\/td>\n<td>CHACANA<\/td>\n<\/tr>\n<tr>\n<td height=\"20\">MAR\u00cdA PAZ<\/td>\n<td>SOBARZO<\/td>\n<td>LAGOS<\/td>\n<\/tr>\n<tr>\n<td height=\"20\">NICOL\u00c1S ANTONIO<\/td>\n<td>TORRES<\/td>\n<td>FIGUEROA<\/td>\n<\/tr>\n<tr>\n<td height=\"20\">NAZARETH BEL\u00c9N<\/td>\n<td>VARAS<\/td>\n<td>SALINAS<\/td>\n<\/tr>\n<tr>\n<td height=\"20\">FRANCISCA JAVIERA<\/td>\n<td>VEGA<\/td>\n<td>CARRE\u00d1O<\/td>\n<\/tr>\n<tr>\n<td height=\"20\">SILVANA SOPHIA<\/td>\n<td>VENEGAS<\/td>\n<td>ARAOS<\/td>\n<\/tr>\n<tr>\n<td height=\"20\">VIVIANA ELIZABETH NATHALIE<\/td>\n<td>VILLARROEL<\/td>\n<td>P\u00c9REZ<\/td>\n<\/tr>\n<tr>\n<td height=\"20\">MAITE ANTONIA<\/td>\n<td>ZAMORA<\/td>\n<td>SALOMON<\/td>\n<\/tr>\n<\/tbody>\n<\/table>\n<p>[\/et_pb_toggle][\/et_pb_column][et_pb_column type=\u00bb1_3&#8243; _builder_version=\u00bb4.17.6&#8243; _module_preset=\u00bbdefault\u00bb global_colors_info=\u00bb{}\u00bb][et_pb_toggle title=\u00bbTerapeuta ocupacional (promociones desde 2013 a 2016)\u00bb open_toggle_text_color=\u00bb#000000&#8243; open_toggle_background_color=\u00bb#FFFFFF\u00bb closed_toggle_background_color=\u00bb#FFFFFF\u00bb icon_color=\u00bb#009bdb\u00bb toggle_icon=\u00bb&#xe048;||divi||400&#8243; use_icon_font_size=\u00bbon\u00bb icon_font_size=\u00bb26px\u00bb open_icon_color=\u00bb#009bdb\u00bb open_toggle_icon=\u00bb&#xe047;||divi||400&#8243; open_use_icon_font_size=\u00bbon\u00bb open_icon_font_size=\u00bb26px\u00bb disabled_on=\u00bboff|off|off\u00bb admin_label=\u00bbTerapeuta ocupacional (promociones desde 2013 a 2016)\u00bb _builder_version=\u00bb4.22.2&#8243; _module_preset=\u00bbdefault\u00bb title_text_color=\u00bb#000000&#8243; title_font=\u00bb|700||on|||||\u00bb global_colors_info=\u00bb{}\u00bb]<\/p>\n<table style=\"width: 90%;\" border=\"0\" width=\"90%\" cellspacing=\"0\" cellpadding=\"0\">\n<colgroup>\n<col width=\"204\" \/>\n<col width=\"161\" \/>\n<col width=\"131\" \/><\/colgroup>\n<tbody>\n<tr>\n<td class=\"xl66\" width=\"204\" height=\"20\"><strong>NOMBRE<\/strong><\/td>\n<td class=\"xl66\" width=\"161\"><strong>PATERNO<\/strong><\/td>\n<td class=\"xl66\" width=\"131\"><strong>MATERNO<\/strong><\/td>\n<\/tr>\n<tr>\n<td height=\"20\">JOS\u00c9 ENRIQUE<\/td>\n<td>ABURTO<\/td>\n<td>RIQUELME<\/td>\n<\/tr>\n<tr>\n<td height=\"20\">JOSEFINA VICTORIA<\/td>\n<td>ARANCIBIA<\/td>\n<td>GAETE<\/td>\n<\/tr>\n<tr>\n<td height=\"20\">SUSANA MAKARENA<\/td>\n<td>ARAYA<\/td>\n<td>ARAYA<\/td>\n<\/tr>\n<tr>\n<td height=\"20\">CAMILA FRANCISCA<\/td>\n<td>ATENAS<\/td>\n<td>IB\u00c1\u00d1EZ<\/td>\n<\/tr>\n<tr>\n<td height=\"20\">ISABEU ANDREA IVANA<\/td>\n<td>AYALA<\/td>\n<td>VIDAL<\/td>\n<\/tr>\n<tr>\n<td height=\"20\">STEFANY CAROLINA<\/td>\n<td>BAEZ<\/td>\n<td>ROJAS<\/td>\n<\/tr>\n<tr>\n<td height=\"20\">NATALIA ELIZABETH<\/td>\n<td>BROWN<\/td>\n<td>SALINAS<\/td>\n<\/tr>\n<tr>\n<td height=\"20\">ALLYSON VALENTINA<\/td>\n<td>CANIVILO<\/td>\n<td>MOYANO<\/td>\n<\/tr>\n<tr>\n<td height=\"20\">JACQUELINE ANDREA<\/td>\n<td>CARRASCO<\/td>\n<td>N\u00da\u00d1EZ<\/td>\n<\/tr>\n<tr>\n<td height=\"20\">ELIANA ANDREA<\/td>\n<td>CASTILLO<\/td>\n<td>REBOLLEDO<\/td>\n<\/tr>\n<tr>\n<td height=\"20\">FRANCISCA FERNANDA<\/td>\n<td>CASTILLO<\/td>\n<td>REYES<\/td>\n<\/tr>\n<tr>\n<td height=\"20\">CAMILA MONTSERRAT<\/td>\n<td>CORT\u00c9S<\/td>\n<td>AGUILERA<\/td>\n<\/tr>\n<tr>\n<td height=\"20\">MICAELA MELANI<\/td>\n<td>ENCINA<\/td>\n<td>ENCINA<\/td>\n<\/tr>\n<tr>\n<td height=\"20\">MAR\u00cdA PAZ<\/td>\n<td>FAR\u00cdAS<\/td>\n<td>BECERRA<\/td>\n<\/tr>\n<tr>\n<td height=\"20\">RODRIGO<\/td>\n<td>FUENTES<\/td>\n<td>ROJAS<\/td>\n<\/tr>\n<tr>\n<td height=\"20\">MAT\u00cdAS NICOL\u00c1S<\/td>\n<td>GAETE<\/td>\n<td>MORALES<\/td>\n<\/tr>\n<tr>\n<td height=\"20\">PAULINA ANDREA<\/td>\n<td>JOFR\u00c9<\/td>\n<td>BRICE\u00d1O<\/td>\n<\/tr>\n<tr>\n<td height=\"20\">DANIELA IGNACIA<\/td>\n<td>L\u00d3PEZ<\/td>\n<td>BRIONES<\/td>\n<\/tr>\n<tr>\n<td height=\"20\">BEL\u00c9N FRANCESCA<\/td>\n<td>LUCERO<\/td>\n<td>ARAYA<\/td>\n<\/tr>\n<tr>\n<td class=\"xl67\" height=\"20\">OMAR ALEJANDRO<\/td>\n<td class=\"xl67\">MATAMALA<\/td>\n<td class=\"xl67\">ALBORNOZ<\/td>\n<\/tr>\n<tr>\n<td height=\"20\">GUSTAVO ANTONIO<\/td>\n<td>N\u00da\u00d1EZ<\/td>\n<td>P\u00c9REZ<\/td>\n<\/tr>\n<tr>\n<td height=\"20\">DENISSE BEL\u00c9N<\/td>\n<td>ORTIZ<\/td>\n<td>C\u00c1CERES<\/td>\n<\/tr>\n<tr>\n<td class=\"xl67\" height=\"20\">LESLIE NATALIA<\/td>\n<td class=\"xl67\">PAREDES<\/td>\n<td class=\"xl67\">GONZ\u00c1LEZ<\/td>\n<\/tr>\n<tr>\n<td height=\"20\">MARIELA JAVIERA<\/td>\n<td>P\u00c9REZ<\/td>\n<td>PAVEZ<\/td>\n<\/tr>\n<tr>\n<td height=\"20\">JAVIERA PAZ<\/td>\n<td>RAM\u00cdREZ<\/td>\n<td>PINOCHET<\/td>\n<\/tr>\n<tr>\n<td height=\"20\">VALERIA CATALINA<\/td>\n<td>RIVAS<\/td>\n<td>RIQUELME<\/td>\n<\/tr>\n<tr>\n<td height=\"20\">ROMINA PAOLA<\/td>\n<td>SANDOVAL<\/td>\n<td>AEDO<\/td>\n<\/tr>\n<tr>\n<td height=\"20\">CATALINA JAVIERA<\/td>\n<td>VALERO<\/td>\n<td>GANDOLFO<\/td>\n<\/tr>\n<tr>\n<td height=\"20\">SELENA BEATRIZ<\/td>\n<td>V\u00c9LIZ<\/td>\n<td>ZENTENO<\/td>\n<\/tr>\n<tr>\n<td height=\"20\">CRISTINA BEL\u00c9N<\/td>\n<td>VICENCIO<\/td>\n<td>ARRIAGADA<\/td>\n<\/tr>\n<tr>\n<td height=\"20\">CATALINA ESTEFANI<\/td>\n<td>VILLEGAS<\/td>\n<td>GALD\u00c1MEZ<\/td>\n<\/tr>\n<\/tbody>\n<\/table>\n<p>[\/et_pb_toggle][\/et_pb_column][et_pb_column type=\u00bb1_3&#8243; _builder_version=\u00bb4.17.6&#8243; _module_preset=\u00bbdefault\u00bb global_colors_info=\u00bb{}\u00bb][\/et_pb_column][\/et_pb_row][\/et_pb_section][et_pb_section fb_built=\u00bb1&#8243; disabled_on=\u00bboff|off|off\u00bb _builder_version=\u00bb4.22.0&#8243; _module_preset=\u00bbdefault\u00bb width=\u00bb100%\u00bb max_width=\u00bb100%\u00bb custom_padding=\u00bb5px|||||\u00bb global_colors_info=\u00bb{}\u00bb][et_pb_row use_custom_gutter=\u00bbon\u00bb gutter_width=\u00bb1&#8243; _builder_version=\u00bb4.17.6&#8243; _module_preset=\u00bbdefault\u00bb width=\u00bb96%\u00bb max_width=\u00bb2560px\u00bb module_alignment=\u00bbleft\u00bb custom_padding=\u00bb||9px|||\u00bb global_colors_info=\u00bb{}\u00bb][et_pb_column type=\u00bb4_4&#8243; _builder_version=\u00bb4.17.6&#8243; _module_preset=\u00bbdefault\u00bb global_colors_info=\u00bb{}\u00bb][et_pb_blurb title=\u00bbCeremonia de titulaci\u00f3n: Martes 21 de noviembre de 2023, 10.30 horas\u00bb use_icon=\u00bbon\u00bb font_icon=\u00bb&#xf073;||fa||400&#8243; icon_color=\u00bb#009bdb\u00bb icon_placement=\u00bbleft\u00bb image_icon_width=\u00bb53px\u00bb content_max_width=\u00bb1100px\u00bb admin_label=\u00bbAnuncio: Ceremonia de titulaci\u00f3n: Martes 21 de noviembre de 2023, 10.30 horas\u00bb _builder_version=\u00bb4.22.2&#8243; _module_preset=\u00bbdefault\u00bb header_font=\u00bb|800||on|||||\u00bb header_text_color=\u00bb#303030&#8243; header_font_size=\u00bb27px\u00bb body_font=\u00bb||||||||\u00bb body_text_color=\u00bb#0099cc\u00bb body_font_size=\u00bb16px\u00bb custom_margin=\u00bb||-1px|||\u00bb global_colors_info=\u00bb{}\u00bb]<\/p>\n<h2>Facultad de Ciencias de la Salud<\/h2>\n<p>Aula Dr. F\u00e9lix Morales Pettorino, Casa Central, Valpara\u00edso.<\/p>\n<p>[\/et_pb_blurb][\/et_pb_column][\/et_pb_row][et_pb_row column_structure=\u00bb1_3,1_3,1_3&#8243; use_custom_gutter=\u00bbon\u00bb disabled_on=\u00bboff|off|off\u00bb _builder_version=\u00bb4.22.0&#8243; _module_preset=\u00bbdefault\u00bb width=\u00bb94%\u00bb max_width=\u00bb2560px\u00bb custom_padding=\u00bb18px||18px|||\u00bb global_colors_info=\u00bb{}\u00bb][et_pb_column type=\u00bb1_3&#8243; _builder_version=\u00bb4.17.6&#8243; _module_preset=\u00bbdefault\u00bb global_colors_info=\u00bb{}\u00bb][et_pb_toggle title=\u00bbEnfermera o enfermero\u00bb open_toggle_text_color=\u00bb#000000&#8243; open_toggle_background_color=\u00bb#FFFFFF\u00bb closed_toggle_background_color=\u00bb#FFFFFF\u00bb icon_color=\u00bb#009bdb\u00bb toggle_icon=\u00bb&#xe048;||divi||400&#8243; use_icon_font_size=\u00bbon\u00bb icon_font_size=\u00bb26px\u00bb open_icon_color=\u00bb#009bdb\u00bb open_toggle_icon=\u00bb&#xe047;||divi||400&#8243; open_use_icon_font_size=\u00bbon\u00bb open_icon_font_size=\u00bb26px\u00bb disabled_on=\u00bboff|off|off\u00bb admin_label=\u00bbEnfermera o enfermero\u00bb _builder_version=\u00bb4.22.2&#8243; _module_preset=\u00bbdefault\u00bb title_text_color=\u00bb#000000&#8243; title_font=\u00bb|700||on|||||\u00bb global_colors_info=\u00bb{}\u00bb]<\/p>\n<table style=\"width: 90%;\" border=\"0\" width=\"90%\" cellspacing=\"0\" cellpadding=\"0\">\n<colgroup>\n<col width=\"204\" \/>\n<col width=\"161\" \/>\n<col width=\"131\" \/><\/colgroup>\n<tbody>\n<tr>\n<td class=\"xl66\" width=\"204\" height=\"20\"><strong>NOMBRE<\/strong><\/td>\n<td class=\"xl66\" width=\"161\"><strong>PATERNO<\/strong><\/td>\n<td class=\"xl66\" width=\"131\"><strong>MATERNO<\/strong><\/td>\n<\/tr>\n<tr>\n<td height=\"20\">CAMILA PAZ<\/td>\n<td>ALLENDES<\/td>\n<td>CASTILLO<\/td>\n<\/tr>\n<tr>\n<td height=\"20\">MICHELLE CONSTANZA<\/td>\n<td>ARAYA<\/td>\n<td>SALAS<\/td>\n<\/tr>\n<tr>\n<td height=\"20\">ESTEBAN JAVIER<\/td>\n<td>ARIAS<\/td>\n<td>ARELLANO<\/td>\n<\/tr>\n<tr>\n<td height=\"20\">CATERIN NERIS<\/td>\n<td>BAEZA<\/td>\n<td>AGUIRRE<\/td>\n<\/tr>\n<tr>\n<td height=\"20\">EMILIO ANDR\u00c9S<\/td>\n<td>BAEZA<\/td>\n<td>HUERTA<\/td>\n<\/tr>\n<tr>\n<td height=\"20\">GERALDINE PAZ<\/td>\n<td>BELLENGER<\/td>\n<td>VALENZUELA<\/td>\n<\/tr>\n<tr>\n<td height=\"20\">CONSTANZA ANDREA<\/td>\n<td>CALQU\u00cdN<\/td>\n<td>OLIVARES<\/td>\n<\/tr>\n<tr>\n<td height=\"20\">GLORIA GERALDINA<\/td>\n<td>CAMPOS<\/td>\n<td>FIGUEROA<\/td>\n<\/tr>\n<tr>\n<td height=\"20\">JORGE IGNACIO<\/td>\n<td>CARRILLO<\/td>\n<td>MU\u00d1OZ<\/td>\n<\/tr>\n<tr>\n<td class=\"xl67\" height=\"20\">PAOLA DE LOS ANGELES<\/td>\n<td class=\"xl67\">CARVAJAL<\/td>\n<td class=\"xl67\">SOTO<\/td>\n<\/tr>\n<tr>\n<td height=\"20\">KRISHNA TIARE<\/td>\n<td>CAVIEDES<\/td>\n<td>MU\u00d1OZ<\/td>\n<\/tr>\n<tr>\n<td height=\"20\">CYNTHIA LORENA<\/td>\n<td>CEA<\/td>\n<td>GUTI\u00c9RREZ<\/td>\n<\/tr>\n<tr>\n<td height=\"20\">MAT\u00cdAS ESTEBAN<\/td>\n<td>D\u00cdAZ<\/td>\n<td>CALBULLANCA<\/td>\n<\/tr>\n<tr>\n<td height=\"20\">JOAQU\u00cdN ISMAEL<\/td>\n<td>ESPINOZA<\/td>\n<td>ALEGR\u00cdA<\/td>\n<\/tr>\n<tr>\n<td height=\"20\">JEDIDA ADAIAS<\/td>\n<td>FLETCHER<\/td>\n<td>CASTILLO<\/td>\n<\/tr>\n<tr>\n<td height=\"20\">ROXANA BEL\u00c9N<\/td>\n<td>GAETE<\/td>\n<td>CASTILLO<\/td>\n<\/tr>\n<tr>\n<td height=\"20\">VALENTINA BEL\u00c9N<\/td>\n<td>GALLARDO<\/td>\n<td>CABALLERO<\/td>\n<\/tr>\n<tr>\n<td height=\"20\">CANELA AMALIA<\/td>\n<td>GUERRA<\/td>\n<td>TORRES<\/td>\n<\/tr>\n<tr>\n<td height=\"20\">CAROLINA ESTER<\/td>\n<td>GUERRERO<\/td>\n<td>SIANCAS<\/td>\n<\/tr>\n<tr>\n<td height=\"20\">JOSEFA SCARLETT<\/td>\n<td>HENR\u00cdQUEZ<\/td>\n<td>ARAYA<\/td>\n<\/tr>\n<tr>\n<td height=\"20\">SALVADOR CAMILO<\/td>\n<td>HENR\u00cdQUEZ<\/td>\n<td>BACIGALUPPI<\/td>\n<\/tr>\n<tr>\n<td height=\"20\">ASTRID LISE<\/td>\n<td>HEYL<\/td>\n<td>CIAMPI<\/td>\n<\/tr>\n<tr>\n<td height=\"20\">JAVIERA ALINE<\/td>\n<td>HIDALGO<\/td>\n<td>CARVAJAL<\/td>\n<\/tr>\n<tr>\n<td height=\"20\">FERNANDA NICOLE<\/td>\n<td>HIDALGO<\/td>\n<td>SILVA<\/td>\n<\/tr>\n<tr>\n<td height=\"20\">B\u00c1RBARA BEL\u00c9N<\/td>\n<td>IBACETA<\/td>\n<td>INOSTROZA<\/td>\n<\/tr>\n<tr>\n<td height=\"20\">ALMENDRA STELLA<\/td>\n<td>ILLANES<\/td>\n<td>ANDRADE<\/td>\n<\/tr>\n<tr>\n<td height=\"20\">TABATHA STEPHANIA<\/td>\n<td>INOSTROZA<\/td>\n<td>ALVARADO<\/td>\n<\/tr>\n<tr>\n<td height=\"20\">PAULINA MARIBEL<\/td>\n<td>JARA<\/td>\n<td>SALD\u00cdVAR<\/td>\n<\/tr>\n<tr>\n<td height=\"20\">SOF\u00cdA SOLEDAD<\/td>\n<td>JIRA<\/td>\n<td>TORRES<\/td>\n<\/tr>\n<tr>\n<td height=\"20\">ANDREA ALEJANDRA<\/td>\n<td>LABARCA<\/td>\n<td>MORAL<\/td>\n<\/tr>\n<tr>\n<td height=\"20\">FERNANDA BEL\u00c9N<\/td>\n<td>LABARCA<\/td>\n<td>PAST\u00c9N<\/td>\n<\/tr>\n<tr>\n<td height=\"20\">CRIST\u00d3BAL IGNACIO<\/td>\n<td>LESPAY<\/td>\n<td>ALFARO<\/td>\n<\/tr>\n<tr>\n<td height=\"20\">JAVIERA CONSTANZA<\/td>\n<td>LEYTON<\/td>\n<td>GUTI\u00c9RREZ<\/td>\n<\/tr>\n<tr>\n<td height=\"20\">JAVIERA ALEXANDRA<\/td>\n<td>L\u00d3PEZ<\/td>\n<td>RIQUELME<\/td>\n<\/tr>\n<tr>\n<td height=\"20\">GABRIELA ALEJANDRA<\/td>\n<td>MARDONES\u00a0<\/td>\n<td>ISLA<\/td>\n<\/tr>\n<tr>\n<td height=\"20\">FERNANDA MACARENA<\/td>\n<td>MAR\u00cdN<\/td>\n<td>ALVARADO<\/td>\n<\/tr>\n<tr>\n<td height=\"20\">VALENTINA ALEJANDRA<\/td>\n<td>MART\u00cdNEZ<\/td>\n<td>N\u00da\u00d1EZ<\/td>\n<\/tr>\n<tr>\n<td height=\"20\">VANESSA MICHELLE ROSARIO<\/td>\n<td>MATURANA<\/td>\n<td>CISTERNAS<\/td>\n<\/tr>\n<tr>\n<td height=\"20\">MAT\u00cdAS IGNACIO<\/td>\n<td>MONTANER<\/td>\n<td>SOTOMAYOR<\/td>\n<\/tr>\n<tr>\n<td height=\"20\">KATERINA CONSTANZA<\/td>\n<td>MORANT<\/td>\n<td>CANALES<\/td>\n<\/tr>\n<tr>\n<td height=\"20\">GISELLE ANDREA<\/td>\n<td>MU\u00d1OZ<\/td>\n<td>PINCHEIRA<\/td>\n<\/tr>\n<tr>\n<td height=\"20\">NICOLETTE DAYANE<\/td>\n<td>N\u00da\u00d1EZ<\/td>\n<td>GONZ\u00c1LEZ<\/td>\n<\/tr>\n<tr>\n<td height=\"20\">PATRICIA ELIZABETH<\/td>\n<td>OLAECHEA<\/td>\n<td>MOLINA<\/td>\n<\/tr>\n<tr>\n<td height=\"20\">TOM\u00c1S FRANCISCO<\/td>\n<td>OLIVARES<\/td>\n<td>ZAMORA<\/td>\n<\/tr>\n<tr>\n<td height=\"20\">NINOSKA FRANCISCA<\/td>\n<td>ORTIZ<\/td>\n<td>ABARCA<\/td>\n<\/tr>\n<tr>\n<td height=\"20\">NICOL\u00c1S IGNACIO<\/td>\n<td>PAST\u00c9N<\/td>\n<td>BASUALTO<\/td>\n<\/tr>\n<tr>\n<td height=\"20\">ROC\u00cdO NICOLE<\/td>\n<td>P\u00c9REZ<\/td>\n<td>BAEZA<\/td>\n<\/tr>\n<tr>\n<td height=\"20\">CLAUDIA YASM\u00cdN<\/td>\n<td>P\u00c9REZ<\/td>\n<td>VILLALOBOS<\/td>\n<\/tr>\n<tr>\n<td height=\"20\">DANIELA RAQUEL<\/td>\n<td>PINTO<\/td>\n<td>MARCHANT<\/td>\n<\/tr>\n<tr>\n<td height=\"20\">MAT\u00cdAS SEGUNDO<\/td>\n<td>PONCE<\/td>\n<td>ARAYA<\/td>\n<\/tr>\n<tr>\n<td height=\"20\">ARACELY ANTONIA<\/td>\n<td>PULGAR<\/td>\n<td>NANJAR\u00cd<\/td>\n<\/tr>\n<tr>\n<td height=\"20\">KATALINA MONSERRAT<\/td>\n<td>REYES<\/td>\n<td>GUARDIA<\/td>\n<\/tr>\n<tr>\n<td height=\"20\">TRACY ANNETE<\/td>\n<td>RIVERA<\/td>\n<td>L\u00d3PEZ<\/td>\n<\/tr>\n<tr>\n<td height=\"20\">DIEGO SEBASTI\u00c1N<\/td>\n<td>ROJAS<\/td>\n<td>CAYUPIL<\/td>\n<\/tr>\n<tr>\n<td height=\"20\">JESSENIA ELIZABETH<\/td>\n<td>ROJAS<\/td>\n<td>MAR\u00cdN<\/td>\n<\/tr>\n<tr>\n<td height=\"20\">FRANCESCA FERNANDA<\/td>\n<td>SALINAS<\/td>\n<td>SOTO<\/td>\n<\/tr>\n<tr>\n<td height=\"20\">CAMILA OLIVIA<\/td>\n<td>S\u00c1NCHEZ<\/td>\n<td>MORALES<\/td>\n<\/tr>\n<tr>\n<td height=\"20\">SEBASTIAN IGNACIO<\/td>\n<td>S\u00c1NCHEZ<\/td>\n<td>SAZO<\/td>\n<\/tr>\n<tr>\n<td height=\"20\">SOF\u00cdA CATALINA<\/td>\n<td>SANTANDER<\/td>\n<td>CORT\u00c9S<\/td>\n<\/tr>\n<tr>\n<td height=\"20\">JAVIERA PAZ<\/td>\n<td>SANTIS<\/td>\n<td>SILVA<\/td>\n<\/tr>\n<tr>\n<td height=\"20\">KATHERINE SOLANGE<\/td>\n<td>SCHOFIELD<\/td>\n<td>OT\u00c1ROLA<\/td>\n<\/tr>\n<tr>\n<td height=\"20\">PALOMA BEL\u00c9N<\/td>\n<td>SILVA<\/td>\n<td>MELO<\/td>\n<\/tr>\n<tr>\n<td height=\"20\">MAR\u00cdA FRANCISCA<\/td>\n<td>TRIGO<\/td>\n<td>PIZARRO<\/td>\n<\/tr>\n<tr>\n<td height=\"20\">KATJA ISIDORA<\/td>\n<td>VELARDE<\/td>\n<td>HINOJOSA<\/td>\n<\/tr>\n<tr>\n<td height=\"20\">DANIELA BEL\u00c9N<\/td>\n<td>VERA<\/td>\n<td>MORAGA<\/td>\n<\/tr>\n<tr>\n<td height=\"20\">CATALINA PAZ<\/td>\n<td>VILLASECA<\/td>\n<td>GAETE<\/td>\n<\/tr>\n<tr>\n<td height=\"20\">ALEJANDRA BEL\u00c9N<\/td>\n<td>YISSI<\/td>\n<td>MERCURIO<\/td>\n<\/tr>\n<tr>\n<td height=\"20\">FRANCISCA ALEJANDRA<\/td>\n<td>YUTRONIC<\/td>\n<td>\u00d3RDENES<\/td>\n<\/tr>\n<\/tbody>\n<\/table>\n<p>[\/et_pb_toggle][\/et_pb_column][et_pb_column type=\u00bb1_3&#8243; _builder_version=\u00bb4.17.6&#8243; _module_preset=\u00bbdefault\u00bb global_colors_info=\u00bb{}\u00bb][\/et_pb_column][et_pb_column type=\u00bb1_3&#8243; _builder_version=\u00bb4.17.6&#8243; _module_preset=\u00bbdefault\u00bb global_colors_info=\u00bb{}\u00bb][\/et_pb_column][\/et_pb_row][\/et_pb_section][et_pb_section fb_built=\u00bb1&#8243; disabled_on=\u00bboff|off|off\u00bb _builder_version=\u00bb4.22.0&#8243; _module_preset=\u00bbdefault\u00bb width=\u00bb100%\u00bb max_width=\u00bb100%\u00bb custom_padding=\u00bb5px|||||\u00bb global_colors_info=\u00bb{}\u00bb][et_pb_row use_custom_gutter=\u00bbon\u00bb gutter_width=\u00bb1&#8243; _builder_version=\u00bb4.17.6&#8243; _module_preset=\u00bbdefault\u00bb width=\u00bb96%\u00bb max_width=\u00bb2560px\u00bb module_alignment=\u00bbleft\u00bb custom_padding=\u00bb||9px|||\u00bb global_colors_info=\u00bb{}\u00bb][et_pb_column type=\u00bb4_4&#8243; _builder_version=\u00bb4.17.6&#8243; _module_preset=\u00bbdefault\u00bb global_colors_info=\u00bb{}\u00bb][et_pb_blurb title=\u00bbCeremonia de titulaci\u00f3n: Martes 21 de noviembre de 2023, 15.30 horas\u00bb use_icon=\u00bbon\u00bb font_icon=\u00bb&#xf073;||fa||400&#8243; icon_color=\u00bb#009bdb\u00bb icon_placement=\u00bbleft\u00bb image_icon_width=\u00bb53px\u00bb content_max_width=\u00bb1100px\u00bb admin_label=\u00bbAnuncio: Ceremonia de titulaci\u00f3n: Martes 21 de noviembre de 2023, 15.30 horas\u00bb _builder_version=\u00bb4.22.2&#8243; _module_preset=\u00bbdefault\u00bb header_font=\u00bb|800||on|||||\u00bb header_text_color=\u00bb#303030&#8243; header_font_size=\u00bb27px\u00bb body_font=\u00bb||||||||\u00bb body_text_color=\u00bb#0099cc\u00bb body_font_size=\u00bb16px\u00bb custom_margin=\u00bb||-1px|||\u00bb global_colors_info=\u00bb{}\u00bb]<\/p>\n<h2>Facultad de Ciencias de la Salud<\/h2>\n<p>Aula Dr. F\u00e9lix Morales Pettorino, Casa Central, Valpara\u00edso.<\/p>\n<p>[\/et_pb_blurb][\/et_pb_column][\/et_pb_row][et_pb_row column_structure=\u00bb1_3,1_3,1_3&#8243; use_custom_gutter=\u00bbon\u00bb disabled_on=\u00bboff|off|off\u00bb _builder_version=\u00bb4.22.0&#8243; _module_preset=\u00bbdefault\u00bb width=\u00bb94%\u00bb max_width=\u00bb2560px\u00bb custom_padding=\u00bb18px||18px|||\u00bb global_colors_info=\u00bb{}\u00bb][et_pb_column type=\u00bb1_3&#8243; _builder_version=\u00bb4.17.6&#8243; _module_preset=\u00bbdefault\u00bb global_colors_info=\u00bb{}\u00bb][et_pb_toggle title=\u00bbTerapeuta ocupacional (promociones 2017 y 2018)\u00bb open_toggle_text_color=\u00bb#000000&#8243; open_toggle_background_color=\u00bb#FFFFFF\u00bb closed_toggle_background_color=\u00bb#FFFFFF\u00bb icon_color=\u00bb#009bdb\u00bb toggle_icon=\u00bb&#xe048;||divi||400&#8243; use_icon_font_size=\u00bbon\u00bb icon_font_size=\u00bb26px\u00bb open_icon_color=\u00bb#009bdb\u00bb open_toggle_icon=\u00bb&#xe047;||divi||400&#8243; open_use_icon_font_size=\u00bbon\u00bb open_icon_font_size=\u00bb26px\u00bb disabled_on=\u00bboff|off|off\u00bb admin_label=\u00bbTerapeuta ocupacional (promociones 2017 y 2018)\u00bb _builder_version=\u00bb4.22.2&#8243; _module_preset=\u00bbdefault\u00bb title_text_color=\u00bb#000000&#8243; title_font=\u00bb|700||on|||||\u00bb global_colors_info=\u00bb{}\u00bb]<\/p>\n<table style=\"width: 90%;\" border=\"0\" width=\"90%\" cellspacing=\"0\" cellpadding=\"0\">\n<colgroup>\n<col width=\"204\" \/>\n<col width=\"161\" \/>\n<col width=\"131\" \/><\/colgroup>\n<tbody>\n<tr>\n<td class=\"xl66\" width=\"204\" height=\"20\"><strong>NOMBRE<\/strong><\/td>\n<td class=\"xl66\" width=\"161\"><strong>PATERNO<\/strong><\/td>\n<td class=\"xl66\" width=\"131\"><strong>MATERNO<\/strong><\/td>\n<\/tr>\n<tr>\n<td height=\"20\">DANIELA ANDREA<\/td>\n<td>ACOSTA<\/td>\n<td>ANTEN<\/td>\n<\/tr>\n<tr>\n<td height=\"20\">MAUREEN ANDREA<\/td>\n<td>AGUAD<\/td>\n<td>PIZARRO<\/td>\n<\/tr>\n<tr>\n<td height=\"20\">MARCELA ISABEL<\/td>\n<td>ALCAYAGA<\/td>\n<td>ASTORGA<\/td>\n<\/tr>\n<tr>\n<td height=\"20\">VANESSA VICTORIA<\/td>\n<td>AMPUERO<\/td>\n<td>MIRANDA<\/td>\n<\/tr>\n<tr>\n<td height=\"20\">PRISCILA ANG\u00c9LICA<\/td>\n<td>ARACENA<\/td>\n<td>MOLINA<\/td>\n<\/tr>\n<tr>\n<td height=\"20\">NATALIA CAROLINA<\/td>\n<td>ARRA\u00d1O<\/td>\n<td>CARRE\u00d1O<\/td>\n<\/tr>\n<tr>\n<td height=\"20\">CATALINA ANDREA<\/td>\n<td>\u00c1VILA<\/td>\n<td>ARELLANO<\/td>\n<\/tr>\n<tr>\n<td height=\"20\">PAMELA MONSERRAT<\/td>\n<td>AZ\u00daA<\/td>\n<td>PICH\u00daN<\/td>\n<\/tr>\n<tr>\n<td height=\"20\">MAR\u00cdA BEL\u00c9N<\/td>\n<td>BARRERA<\/td>\n<td>PALACIOS<\/td>\n<\/tr>\n<tr>\n<td height=\"20\">FERNANDA CAMILA<\/td>\n<td>CALDER\u00d3N<\/td>\n<td>CONTRERAS<\/td>\n<\/tr>\n<tr>\n<td height=\"20\">JAVIERA VALENTINA<\/td>\n<td>CALDER\u00d3N<\/td>\n<td>VICU\u00d1A<\/td>\n<\/tr>\n<tr>\n<td height=\"20\">KIMBERLY MARISEL<\/td>\n<td>CARMONA<\/td>\n<td>ALFARO<\/td>\n<\/tr>\n<tr>\n<td height=\"20\">RENATO ALEPH<\/td>\n<td>CARVAJAL<\/td>\n<td>MONTERO<\/td>\n<\/tr>\n<tr>\n<td height=\"20\">CAMILA PAZ<\/td>\n<td>CASTRO<\/td>\n<td>GUERRA<\/td>\n<\/tr>\n<tr>\n<td height=\"20\">FERNANDA MONTSERRAT<\/td>\n<td>CASTRO<\/td>\n<td>MALDONADO<\/td>\n<\/tr>\n<tr>\n<td height=\"20\">NATALIA NOEM\u00cd<\/td>\n<td>CATAL\u00c1N<\/td>\n<td>ROJAS<\/td>\n<\/tr>\n<tr>\n<td height=\"20\">CAMILA IVANIA<\/td>\n<td>CH\u00c1VEZ<\/td>\n<td>LIRA<\/td>\n<\/tr>\n<tr>\n<td height=\"20\">KARLA PATRICIA<\/td>\n<td>CIFUENTES<\/td>\n<td>CABELLO<\/td>\n<\/tr>\n<tr>\n<td height=\"20\">PRISCILA LORENA<\/td>\n<td>COLLANTE<\/td>\n<td>PIZARRO<\/td>\n<\/tr>\n<tr>\n<td height=\"20\">LESSLY VALENTINA JES\u00daS<\/td>\n<td>CUELLO<\/td>\n<td>OLIVARES<\/td>\n<\/tr>\n<tr>\n<td height=\"20\">JAVIERA ALMENDRA<\/td>\n<td>DELGADO<\/td>\n<td>MEDINA<\/td>\n<\/tr>\n<tr>\n<td height=\"20\">DENISSE FRANCESCA<\/td>\n<td>DEVIA<\/td>\n<td>DEVIA<\/td>\n<\/tr>\n<tr>\n<td height=\"20\">CECILIA YESENIA<\/td>\n<td>D\u00cdAZ<\/td>\n<td>GUAJARDO<\/td>\n<\/tr>\n<tr>\n<td height=\"20\">AYLINE FERNANDA<\/td>\n<td>D\u00cdAZ<\/td>\n<td>LOBOS<\/td>\n<\/tr>\n<tr>\n<td height=\"20\">MILCA ESTER<\/td>\n<td>D\u00cdAZ<\/td>\n<td>URRUTIA<\/td>\n<\/tr>\n<tr>\n<td height=\"20\">KRISHNA TIARE<\/td>\n<td>ELGUETA<\/td>\n<td>TORRES<\/td>\n<\/tr>\n<tr>\n<td height=\"20\">ANTONIA MIKAELLA<\/td>\n<td>FUENTEALBA<\/td>\n<td>RUBIO<\/td>\n<\/tr>\n<tr>\n<td height=\"20\">ABIGAIL CATALINA<\/td>\n<td>FUENTES<\/td>\n<td>JORQUERA<\/td>\n<\/tr>\n<tr>\n<td height=\"20\">PAZ RAYEN<\/td>\n<td>G\u00d3MEZ<\/td>\n<td>MIRANDA<\/td>\n<\/tr>\n<tr>\n<td height=\"20\">MAR\u00cdA FERNANDA<\/td>\n<td>GONZ\u00c1LEZ<\/td>\n<td>ARAVENA<\/td>\n<\/tr>\n<tr>\n<td height=\"20\">LILIANA CECILIA<\/td>\n<td>GONZ\u00c1LEZ<\/td>\n<td>SOTO<\/td>\n<\/tr>\n<tr>\n<td height=\"20\">NICOLE MACKARENA<\/td>\n<td>HERRERA<\/td>\n<td>GATICA<\/td>\n<\/tr>\n<tr>\n<td height=\"20\">CAROLINA FERNANDA<\/td>\n<td>JARAQUEMADA<\/td>\n<td>ROJAS<\/td>\n<\/tr>\n<tr>\n<td height=\"20\">ROC\u00cdO FRANCISCA<\/td>\n<td>JEREZ<\/td>\n<td>URRUTIA<\/td>\n<\/tr>\n<tr>\n<td height=\"20\">FRANCISCA ELISHET<\/td>\n<td>MALDONADO<\/td>\n<td>HERRERA<\/td>\n<\/tr>\n<tr>\n<td height=\"20\">DIEGO MARCELO<\/td>\n<td>MARDONES<\/td>\n<td>SOL\u00cdS<\/td>\n<\/tr>\n<tr>\n<td height=\"20\">MIGUEL ECSEKIEL<\/td>\n<td>MIRANDA<\/td>\n<td>FUENTES<\/td>\n<\/tr>\n<tr>\n<td height=\"20\">MARISELA NICOLE<\/td>\n<td>MONTECINOS<\/td>\n<td>RIVAS<\/td>\n<\/tr>\n<tr>\n<td height=\"20\">NICOL\u00c1S JAVIER<\/td>\n<td>MU\u00d1OZ<\/td>\n<td>LASNIER<\/td>\n<\/tr>\n<tr>\n<td height=\"20\">PRISCILA BEL\u00c9N<\/td>\n<td>MU\u00d1OZ<\/td>\n<td>LEIVA<\/td>\n<\/tr>\n<tr>\n<td height=\"20\">CONSTANZA CATALINA<\/td>\n<td>MU\u00d1OZ<\/td>\n<td>S\u00c1NCHEZ<\/td>\n<\/tr>\n<tr>\n<td height=\"20\">ESTRELLA BEL\u00c9N<\/td>\n<td>MU\u00d1OZ<\/td>\n<td>TAPIA<\/td>\n<\/tr>\n<tr>\n<td height=\"20\">HIROMI CONSTANZA<\/td>\n<td>NAKADA<\/td>\n<td>CASTRO<\/td>\n<\/tr>\n<tr>\n<td height=\"20\">CAMILA GERALDINE<\/td>\n<td>N\u00da\u00d1EZ<\/td>\n<td>MU\u00d1OZ<\/td>\n<\/tr>\n<tr>\n<td height=\"20\">TAMARA FRANCISCA<\/td>\n<td>N\u00da\u00d1EZ<\/td>\n<td>RODR\u00cdGUEZ<\/td>\n<\/tr>\n<tr>\n<td height=\"20\">KHIMBERLY SCARLETTE<\/td>\n<td>OGAS<\/td>\n<td>VEGA<\/td>\n<\/tr>\n<tr>\n<td height=\"20\">FRANCISCA RACHEL<\/td>\n<td>OLATE<\/td>\n<td>CONCHA<\/td>\n<\/tr>\n<tr>\n<td height=\"20\">BEL\u00c9N IGNACIA<\/td>\n<td>OLIVARES<\/td>\n<td>OLIVARES<\/td>\n<\/tr>\n<tr>\n<td height=\"20\">MAT\u00cdAS NICOL\u00c1S<\/td>\n<td>OLIVARES<\/td>\n<td>RIFFO<\/td>\n<\/tr>\n<tr>\n<td height=\"20\">MAT\u00cdAS JAVIER<\/td>\n<td>OLMOS<\/td>\n<td>GONZ\u00c1LEZ<\/td>\n<\/tr>\n<tr>\n<td height=\"20\">FERNANDA JAVIERA<\/td>\n<td>ORELLANA<\/td>\n<td>OPAZO<\/td>\n<\/tr>\n<tr>\n<td height=\"20\">FRANCISCA CAROLINA<\/td>\n<td>OROZCO<\/td>\n<td>CH\u00c1VEZ<\/td>\n<\/tr>\n<tr>\n<td height=\"20\">SEBASTI\u00c1N IGNACIO<\/td>\n<td>OYANEDER<\/td>\n<td>LEIVA<\/td>\n<\/tr>\n<tr>\n<td height=\"20\">NAHOMY AILLEN<\/td>\n<td>P\u00c9REZ<\/td>\n<td>BEIZA<\/td>\n<\/tr>\n<tr>\n<td height=\"20\">VANESSA ALEXANDRA<\/td>\n<td>RAMOS<\/td>\n<td>ORO<\/td>\n<\/tr>\n<tr>\n<td height=\"20\">CONSUELO<\/td>\n<td>ROD\u00d3<\/td>\n<td>DONOSO<\/td>\n<\/tr>\n<tr>\n<td height=\"20\">CHARLOTTE ANDREA<\/td>\n<td>ROJAS<\/td>\n<td>CUBILLOS<\/td>\n<\/tr>\n<tr>\n<td height=\"20\">FRANCISCA JAVIERA<\/td>\n<td>ROJAS<\/td>\n<td>SU\u00c1REZ<\/td>\n<\/tr>\n<tr>\n<td height=\"20\">ALISON MELISSA ANASTASIA<\/td>\n<td>SAAVEDRA<\/td>\n<td>MALHUE<\/td>\n<\/tr>\n<tr>\n<td height=\"20\">ALFONSO GUILLERMO<\/td>\n<td>SALINAS<\/td>\n<td>JIM\u00c9NEZ<\/td>\n<\/tr>\n<tr>\n<td height=\"20\">GABRIEL ISRAEL<\/td>\n<td>SALINAS<\/td>\n<td>MU\u00d1OZ<\/td>\n<\/tr>\n<tr>\n<td height=\"20\">CATALINA MONSERRAT<\/td>\n<td>SU\u00c1REZ<\/td>\n<td>D\u00cdAZ<\/td>\n<\/tr>\n<tr>\n<td height=\"20\">MONSERRAT DEL CARMEN<\/td>\n<td>TOLEDO<\/td>\n<td>RODR\u00cdGUEZ<\/td>\n<\/tr>\n<tr>\n<td height=\"20\">CAMILA ANDREA<\/td>\n<td>VALD\u00c9S<\/td>\n<td>QUISPE<\/td>\n<\/tr>\n<tr>\n<td height=\"20\">FERNANDO ENRIQUE<\/td>\n<td>VALDIVIA<\/td>\n<td>BRITO<\/td>\n<\/tr>\n<tr>\n<td height=\"20\">GUISSEL FRANCISCA<\/td>\n<td>VARAS<\/td>\n<td>CAYO<\/td>\n<\/tr>\n<tr>\n<td height=\"20\">CAMILA ALEJANDRA<\/td>\n<td>V\u00c1SQUEZ<\/td>\n<td>BARAHONA<\/td>\n<\/tr>\n<tr>\n<td height=\"20\">CONSUELO CATALINA<\/td>\n<td>VEGA<\/td>\n<td>ORELLANA<\/td>\n<\/tr>\n<tr>\n<td height=\"20\">ISIDORA FABIOLA<\/td>\n<td>VEL\u00c1SQUEZ<\/td>\n<td>NARANJO<\/td>\n<\/tr>\n<tr>\n<td height=\"20\">CAROL ALEXANDRA<\/td>\n<td>VICENCIO<\/td>\n<td>FAR\u00cdAS<\/td>\n<\/tr>\n<\/tbody>\n<\/table>\n<p>[\/et_pb_toggle][\/et_pb_column][et_pb_column type=\u00bb1_3&#8243; _builder_version=\u00bb4.17.6&#8243; _module_preset=\u00bbdefault\u00bb global_colors_info=\u00bb{}\u00bb][\/et_pb_column][et_pb_column type=\u00bb1_3&#8243; _builder_version=\u00bb4.17.6&#8243; _module_preset=\u00bbdefault\u00bb global_colors_info=\u00bb{}\u00bb][\/et_pb_column][\/et_pb_row][\/et_pb_section][et_pb_section fb_built=\u00bb1&#8243; disabled_on=\u00bboff|off|off\u00bb _builder_version=\u00bb4.22.0&#8243; _module_preset=\u00bbdefault\u00bb width=\u00bb100%\u00bb max_width=\u00bb100%\u00bb custom_padding=\u00bb5px|||||\u00bb global_colors_info=\u00bb{}\u00bb][et_pb_row use_custom_gutter=\u00bbon\u00bb gutter_width=\u00bb1&#8243; _builder_version=\u00bb4.17.6&#8243; _module_preset=\u00bbdefault\u00bb width=\u00bb96%\u00bb max_width=\u00bb2560px\u00bb module_alignment=\u00bbleft\u00bb custom_padding=\u00bb||9px|||\u00bb global_colors_info=\u00bb{}\u00bb][et_pb_column type=\u00bb4_4&#8243; _builder_version=\u00bb4.17.6&#8243; _module_preset=\u00bbdefault\u00bb global_colors_info=\u00bb{}\u00bb][et_pb_blurb title=\u00bbCeremonia de titulaci\u00f3n: Martes 22 de noviembre de 2023, 10.30 horas\u00bb use_icon=\u00bbon\u00bb font_icon=\u00bb&#xf073;||fa||400&#8243; icon_color=\u00bb#009bdb\u00bb icon_placement=\u00bbleft\u00bb image_icon_width=\u00bb53px\u00bb content_max_width=\u00bb1100px\u00bb admin_label=\u00bbAnuncio: Ceremonia de titulaci\u00f3n: Martes 22 de noviembre de 2023, 10.30 horas\u00bb _builder_version=\u00bb4.22.2&#8243; _module_preset=\u00bbdefault\u00bb header_font=\u00bb|800||on|||||\u00bb header_text_color=\u00bb#303030&#8243; header_font_size=\u00bb27px\u00bb body_font=\u00bb||||||||\u00bb body_text_color=\u00bb#0099cc\u00bb body_font_size=\u00bb16px\u00bb custom_margin=\u00bb||-1px|||\u00bb global_colors_info=\u00bb{}\u00bb]<\/p>\n<h2>Facultad de Ciencias de la Salud<\/h2>\n<p>Aula Dr. F\u00e9lix Morales Pettorino, Casa Central, Valpara\u00edso.<\/p>\n<p>[\/et_pb_blurb][\/et_pb_column][\/et_pb_row][et_pb_row column_structure=\u00bb1_3,1_3,1_3&#8243; use_custom_gutter=\u00bbon\u00bb disabled_on=\u00bboff|off|off\u00bb _builder_version=\u00bb4.22.0&#8243; _module_preset=\u00bbdefault\u00bb width=\u00bb94%\u00bb max_width=\u00bb2560px\u00bb custom_padding=\u00bb18px||18px|||\u00bb global_colors_info=\u00bb{}\u00bb][et_pb_column type=\u00bb1_3&#8243; _builder_version=\u00bb4.17.6&#8243; _module_preset=\u00bbdefault\u00bb global_colors_info=\u00bb{}\u00bb][et_pb_toggle title=\u00bbKinesi\u00f3loga o kinesi\u00f3logo\u00bb open_toggle_text_color=\u00bb#000000&#8243; open_toggle_background_color=\u00bb#FFFFFF\u00bb closed_toggle_background_color=\u00bb#FFFFFF\u00bb icon_color=\u00bb#009bdb\u00bb toggle_icon=\u00bb&#xe048;||divi||400&#8243; use_icon_font_size=\u00bbon\u00bb icon_font_size=\u00bb26px\u00bb open_icon_color=\u00bb#009bdb\u00bb open_toggle_icon=\u00bb&#xe047;||divi||400&#8243; open_use_icon_font_size=\u00bbon\u00bb open_icon_font_size=\u00bb26px\u00bb disabled_on=\u00bboff|off|off\u00bb admin_label=\u00bbKinesi\u00f3loga o kinesi\u00f3logo\u00bb _builder_version=\u00bb4.22.2&#8243; _module_preset=\u00bbdefault\u00bb title_text_color=\u00bb#000000&#8243; title_font=\u00bb|700||on|||||\u00bb global_colors_info=\u00bb{}\u00bb]<\/p>\n<table style=\"width: 90%;\" border=\"0\" width=\"90%\" cellspacing=\"0\" cellpadding=\"0\">\n<colgroup>\n<col width=\"204\" \/>\n<col width=\"161\" \/>\n<col width=\"131\" \/><\/colgroup>\n<tbody>\n<tr>\n<td>NOMBRE<\/td>\n<td>APELLIDO PATERNO<\/td>\n<td>APELLIDO MATERNO<\/td>\n<\/tr>\n<tr>\n<td width=\"204\" height=\"20\">B\u00c1RBARA ANAHI<\/td>\n<td width=\"161\">AGUILAR<\/td>\n<td width=\"131\">VERGARA<\/td>\n<\/tr>\n<tr>\n<td height=\"20\">DILAN MAT\u00cdAS<\/td>\n<td>ALFARO<\/td>\n<td>N\u00da\u00d1EZ<\/td>\n<\/tr>\n<tr>\n<td height=\"20\">RODRIGO GABRIEL<\/td>\n<td>ARANCIBIA<\/td>\n<td>LAZO<\/td>\n<\/tr>\n<tr>\n<td height=\"20\">BASTI\u00c1N IGNACIO<\/td>\n<td>ASPEE<\/td>\n<td>ABURTO<\/td>\n<\/tr>\n<tr>\n<td height=\"20\">AYRTON ALAIN<\/td>\n<td>BADILLA<\/td>\n<td>HERN\u00c1NDEZ<\/td>\n<\/tr>\n<tr>\n<td height=\"20\">ANGEL CAMILO<\/td>\n<td>BAEZ<\/td>\n<td>P\u00c9REZ<\/td>\n<\/tr>\n<tr>\n<td height=\"20\">CAMILA ALEJANDRA<\/td>\n<td>BARRERA<\/td>\n<td>ARAYA<\/td>\n<\/tr>\n<tr>\n<td height=\"20\">YANEL FERNANDA<\/td>\n<td>BERR\u00cdOS<\/td>\n<td>VALLE<\/td>\n<\/tr>\n<tr>\n<td height=\"20\">CAROL STEFANI<\/td>\n<td>CATAL\u00c1N<\/td>\n<td>GONZ\u00c1LEZ<\/td>\n<\/tr>\n<tr>\n<td class=\"xl64\" height=\"20\">YOSSELYN ANGELINA<\/td>\n<td class=\"xl64\">CIFUENTES<\/td>\n<td class=\"xl64\">HERN\u00c1NDEZ<\/td>\n<\/tr>\n<tr>\n<td height=\"20\">LUIS BASTI\u00c1N<\/td>\n<td>D\u00cdAZ<\/td>\n<td>SAAVEDRA<\/td>\n<\/tr>\n<tr>\n<td height=\"20\">MELANIE SCARLETT<\/td>\n<td>DUBO<\/td>\n<td>LOBOS<\/td>\n<\/tr>\n<tr>\n<td height=\"20\">CLAUDIO ANDR\u00c9S<\/td>\n<td>ELGUETA<\/td>\n<td>SILVA<\/td>\n<\/tr>\n<tr>\n<td height=\"20\">ALEXIS FABI\u00c1N<\/td>\n<td>ESCOBAR<\/td>\n<td>CASTRO<\/td>\n<\/tr>\n<tr>\n<td height=\"20\">PAULA VIVIANA JANNINA<\/td>\n<td>ESPINOZA<\/td>\n<td>ALBORNOZ<\/td>\n<\/tr>\n<tr>\n<td height=\"20\">JAVIERA PAZ<\/td>\n<td>FERREIRA<\/td>\n<td>ESPINOZA<\/td>\n<\/tr>\n<tr>\n<td height=\"20\">JAVIERA ALEJANDRA<\/td>\n<td>FUENTES<\/td>\n<td>MENA<\/td>\n<\/tr>\n<tr>\n<td height=\"20\">DANITZA ANDREA<\/td>\n<td>GALLARDO<\/td>\n<td>TORO<\/td>\n<\/tr>\n<tr>\n<td class=\"xl64\" height=\"20\">FERNANDO VLADIMIR<\/td>\n<td class=\"xl64\">GONZ\u00c1LEZ<\/td>\n<td class=\"xl64\">CALLEJAS<\/td>\n<\/tr>\n<tr>\n<td height=\"20\">CAMILA JOSEFA<\/td>\n<td>GONZ\u00c1LEZ<\/td>\n<td>MOLINA<\/td>\n<\/tr>\n<tr>\n<td height=\"20\">CAMILA STEFANY<\/td>\n<td>GONZ\u00c1LEZ<\/td>\n<td>SUAZO<\/td>\n<\/tr>\n<tr>\n<td height=\"20\">ROC\u00cdO JAVIERA<\/td>\n<td>GUERRERO<\/td>\n<td>CORT\u00c9S<\/td>\n<\/tr>\n<tr>\n<td height=\"20\">ALEXANDRA BEL\u00c9N<\/td>\n<td>GUZM\u00c1N<\/td>\n<td>MU\u00d1OZ<\/td>\n<\/tr>\n<tr>\n<td height=\"20\">JAVIERA MACARENA<\/td>\n<td>HERMOSILLA<\/td>\n<td>CARVAJAL<\/td>\n<\/tr>\n<tr>\n<td height=\"20\">LISETTE SOLEDAD<\/td>\n<td>HERRERA<\/td>\n<td>FLORES<\/td>\n<\/tr>\n<tr>\n<td height=\"20\">JOS\u00c9 ANTONIO<\/td>\n<td>HIDALGO<\/td>\n<td>ARANCIBIA<\/td>\n<\/tr>\n<tr>\n<td height=\"20\">SOF\u00cdA CAROLINA<\/td>\n<td>HIDALGO<\/td>\n<td>CARRASCO<\/td>\n<\/tr>\n<tr>\n<td height=\"20\">DIVANNY ALEJANDRA<\/td>\n<td>IBACACHE<\/td>\n<td>FLORES<\/td>\n<\/tr>\n<tr>\n<td height=\"20\">JOS\u00c9 PATRICIO<\/td>\n<td>JOFR\u00c9<\/td>\n<td>VERA<\/td>\n<\/tr>\n<tr>\n<td height=\"20\">FRANCISCA ANDREA<\/td>\n<td>LOBOS<\/td>\n<td>FAR\u00cdAS<\/td>\n<\/tr>\n<tr>\n<td height=\"20\">TAMARA HILDA<\/td>\n<td>L\u00d3PEZ<\/td>\n<td>CASTRO<\/td>\n<\/tr>\n<tr>\n<td height=\"20\">CAROLINE ALEJANDRA<\/td>\n<td>L\u00d3PEZ<\/td>\n<td>VALENCIA<\/td>\n<\/tr>\n<tr>\n<td height=\"20\">CARLOS ANDR\u00c9S<\/td>\n<td>MONDACA<\/td>\n<td>PE\u00d1A<\/td>\n<\/tr>\n<tr>\n<td height=\"20\">DYLAN ISAAC<\/td>\n<td>OGAZ<\/td>\n<td>CAMPOS<\/td>\n<\/tr>\n<tr>\n<td height=\"20\">CAMILA FRANCHESCA<\/td>\n<td>OLIVARES<\/td>\n<td>HERN\u00c1NDEZ<\/td>\n<\/tr>\n<tr>\n<td height=\"20\">B\u00c1RBARA CAMILA<\/td>\n<td>ORTIZ<\/td>\n<td>DONOSO<\/td>\n<\/tr>\n<tr>\n<td height=\"20\">DAMARIS BEL\u00c9N<\/td>\n<td>PIRIZ<\/td>\n<td>NEIRA<\/td>\n<\/tr>\n<tr>\n<td height=\"20\">ANTONIO ALEJANDRO<\/td>\n<td>QUIROZ<\/td>\n<td>CALDER\u00d3N<\/td>\n<\/tr>\n<tr>\n<td height=\"20\">MAR\u00cdA JOS\u00c9<\/td>\n<td>REYES<\/td>\n<td>MERCADO<\/td>\n<\/tr>\n<tr>\n<td class=\"xl64\" height=\"20\">PAULINA BEATRIZ<\/td>\n<td class=\"xl64\">REYES<\/td>\n<td class=\"xl64\">P\u00c9REZ<\/td>\n<\/tr>\n<tr>\n<td class=\"xl64\" height=\"20\">GABRIELA ANDREA<\/td>\n<td class=\"xl64\">RIVERO<\/td>\n<td class=\"xl64\">ROJAS<\/td>\n<\/tr>\n<tr>\n<td height=\"20\">NINOSKA ARASELI<\/td>\n<td>RODR\u00cdGUEZ<\/td>\n<td>HERRERA<\/td>\n<\/tr>\n<tr>\n<td height=\"20\">CLAUDIA NICOL<\/td>\n<td>ROM\u00c1N<\/td>\n<td>OLMOS<\/td>\n<\/tr>\n<tr>\n<td height=\"20\">ESTEFAN\u00cdA NICOL<\/td>\n<td>ROMBADO<\/td>\n<td>RETAMALES<\/td>\n<\/tr>\n<tr>\n<td height=\"20\">CONSTANZA ANDREA<\/td>\n<td>ROMERO<\/td>\n<td>CARO<\/td>\n<\/tr>\n<tr>\n<td height=\"20\">DANIELA PAZ<\/td>\n<td>SALAZAR<\/td>\n<td>PONCE<\/td>\n<\/tr>\n<tr>\n<td height=\"20\">DANIELA ANG\u00c9LICA<\/td>\n<td>SALDA\u00d1A<\/td>\n<td>PI\u00d1A<\/td>\n<\/tr>\n<tr>\n<td height=\"20\">FRANCISCO VALENT\u00cdN<\/td>\n<td>SAN MART\u00cdN<\/td>\n<td>SALINAS<\/td>\n<\/tr>\n<tr>\n<td height=\"20\">ESTEBAN JES\u00daS<\/td>\n<td>SILVA<\/td>\n<td>BERNAL<\/td>\n<\/tr>\n<tr>\n<td height=\"20\">B\u00c1RBARA FRANCISCA<\/td>\n<td>TELLO<\/td>\n<td>AHUMADA<\/td>\n<\/tr>\n<tr>\n<td height=\"20\">ESTEBAN ANDR\u00c9S<\/td>\n<td>TOBAR<\/td>\n<td>ARANCIBIA<\/td>\n<\/tr>\n<tr>\n<td height=\"20\">PAULA JAVIERA<\/td>\n<td>VELOZO<\/td>\n<td>OLIVARES<\/td>\n<\/tr>\n<tr>\n<td height=\"20\">MARITZA ALEJANDRA<\/td>\n<td>VICENCIO<\/td>\n<td>VIVAR<\/td>\n<\/tr>\n<tr>\n<td height=\"20\">JAVIER IGNACIO<\/td>\n<td>VILCHES<\/td>\n<td>PI\u00d1ONES<\/td>\n<\/tr>\n<tr>\n<td height=\"20\">GISELL ESTEFAN\u00cdA<\/td>\n<td>ZAPATA<\/td>\n<td>VERGARA<\/td>\n<\/tr>\n<\/tbody>\n<\/table>\n<p>[\/et_pb_toggle][\/et_pb_column][et_pb_column type=\u00bb1_3&#8243; _builder_version=\u00bb4.17.6&#8243; _module_preset=\u00bbdefault\u00bb global_colors_info=\u00bb{}\u00bb][\/et_pb_column][et_pb_column type=\u00bb1_3&#8243; _builder_version=\u00bb4.17.6&#8243; _module_preset=\u00bbdefault\u00bb global_colors_info=\u00bb{}\u00bb][\/et_pb_column][\/et_pb_row][\/et_pb_section][et_pb_section fb_built=\u00bb1&#8243; disabled_on=\u00bboff|off|off\u00bb _builder_version=\u00bb4.22.0&#8243; _module_preset=\u00bbdefault\u00bb width=\u00bb100%\u00bb max_width=\u00bb100%\u00bb custom_padding=\u00bb5px|||||\u00bb global_colors_info=\u00bb{}\u00bb][et_pb_row use_custom_gutter=\u00bbon\u00bb gutter_width=\u00bb1&#8243; _builder_version=\u00bb4.17.6&#8243; _module_preset=\u00bbdefault\u00bb width=\u00bb96%\u00bb max_width=\u00bb2560px\u00bb module_alignment=\u00bbleft\u00bb custom_padding=\u00bb||9px|||\u00bb global_colors_info=\u00bb{}\u00bb][et_pb_column type=\u00bb4_4&#8243; _builder_version=\u00bb4.17.6&#8243; _module_preset=\u00bbdefault\u00bb global_colors_info=\u00bb{}\u00bb][et_pb_blurb title=\u00bbCeremonia de titulaci\u00f3n: Lunes 27 de noviembre de 2023, 10.30 horas\u00bb use_icon=\u00bbon\u00bb font_icon=\u00bb&#xf073;||fa||400&#8243; icon_color=\u00bb#009bdb\u00bb icon_placement=\u00bbleft\u00bb image_icon_width=\u00bb53px\u00bb content_max_width=\u00bb1100px\u00bb admin_label=\u00bbAnuncio: Ceremonia de titulaci\u00f3n: Lunes 27 de noviembre de 2023, 10.30 horas\u00bb _builder_version=\u00bb4.22.2&#8243; _module_preset=\u00bbdefault\u00bb header_font=\u00bb|800||on|||||\u00bb header_text_color=\u00bb#303030&#8243; header_font_size=\u00bb27px\u00bb body_font=\u00bb||||||||\u00bb body_text_color=\u00bb#0099cc\u00bb body_font_size=\u00bb16px\u00bb custom_margin=\u00bb||-1px|||\u00bb global_colors_info=\u00bb{}\u00bb]<\/p>\n<h2>Facultad de Humanidades<\/h2>\n<p>Aula Dr. F\u00e9lix Morales Pettorino, Casa Central, Valpara\u00edso.<\/p>\n<p>[\/et_pb_blurb][\/et_pb_column][\/et_pb_row][et_pb_row column_structure=\u00bb1_3,1_3,1_3&#8243; use_custom_gutter=\u00bbon\u00bb disabled_on=\u00bboff|off|off\u00bb _builder_version=\u00bb4.22.0&#8243; _module_preset=\u00bbdefault\u00bb width=\u00bb94%\u00bb max_width=\u00bb2560px\u00bb custom_padding=\u00bb18px||18px|||\u00bb global_colors_info=\u00bb{}\u00bb][et_pb_column type=\u00bb1_3&#8243; _builder_version=\u00bb4.17.6&#8243; _module_preset=\u00bbdefault\u00bb global_colors_info=\u00bb{}\u00bb][et_pb_toggle title=\u00bbProfesor o profesora de Ingl\u00e9s\u00bb open_toggle_text_color=\u00bb#000000&#8243; open_toggle_background_color=\u00bb#FFFFFF\u00bb closed_toggle_background_color=\u00bb#FFFFFF\u00bb icon_color=\u00bb#009bdb\u00bb toggle_icon=\u00bb&#xe048;||divi||400&#8243; use_icon_font_size=\u00bbon\u00bb icon_font_size=\u00bb26px\u00bb open_icon_color=\u00bb#009bdb\u00bb open_toggle_icon=\u00bb&#xe047;||divi||400&#8243; open_use_icon_font_size=\u00bbon\u00bb open_icon_font_size=\u00bb26px\u00bb disabled_on=\u00bboff|off|off\u00bb admin_label=\u00bbProfesor o profesora de Ingl\u00e9s\u00bb _builder_version=\u00bb4.22.2&#8243; _module_preset=\u00bbdefault\u00bb title_text_color=\u00bb#000000&#8243; title_font=\u00bb|700||on|||||\u00bb global_colors_info=\u00bb{}\u00bb]<\/p>\n<table style=\"width: 90%;\" border=\"0\" width=\"90%\" cellspacing=\"0\" cellpadding=\"0\">\n<colgroup>\n<col width=\"204\" \/>\n<col width=\"161\" \/>\n<col width=\"131\" \/><\/colgroup>\n<tbody>\n<tr>\n<td class=\"xl66\" width=\"204\" height=\"20\"><strong>NOMBRE<\/strong><\/td>\n<td class=\"xl66\" width=\"161\"><strong>PATERNO<\/strong><\/td>\n<td class=\"xl66\" width=\"131\"><strong>MATERNO<\/strong><\/td>\n<\/tr>\n<tr>\n<td height=\"20\">PABLO ANDR\u00c9S<\/td>\n<td>BADILLO<\/td>\n<td>FUENZALIDA<\/td>\n<\/tr>\n<tr>\n<td height=\"20\">CAMILA MACARENA<\/td>\n<td>BERR\u00cdOS<\/td>\n<td>C\u00c1RCAMO<\/td>\n<\/tr>\n<tr>\n<td height=\"20\">MARIO ANDR\u00c9S<\/td>\n<td>BERR\u00cdOS<\/td>\n<td>RIFFO<\/td>\n<\/tr>\n<tr>\n<td height=\"20\">CLAUDIA SOF\u00cdA<\/td>\n<td>CABRERA<\/td>\n<td>VILLARROEL<\/td>\n<\/tr>\n<tr>\n<td height=\"20\">PAMELA ANDREA<\/td>\n<td>CARTAJENA<\/td>\n<td>MORALES<\/td>\n<\/tr>\n<tr>\n<td height=\"20\">NICOLE DANISSA<\/td>\n<td>CISTERNA<\/td>\n<td>AGUIRRE<\/td>\n<\/tr>\n<tr>\n<td height=\"20\">FERNANDA CONSTANZA<\/td>\n<td>CONTRERAS<\/td>\n<td>SEP\u00daLVEDA<\/td>\n<\/tr>\n<tr>\n<td height=\"20\">CATALINA FERNANDA<\/td>\n<td>CUELLO<\/td>\n<td>D\u00cdAZ<\/td>\n<\/tr>\n<tr>\n<td height=\"20\">FLORENCIA KATHERINA<\/td>\n<td>D\u00cdAZ<\/td>\n<td>C\u00c1RDENAS<\/td>\n<\/tr>\n<tr>\n<td height=\"20\">LARITZA JANNET<\/td>\n<td>D\u00cdAZ<\/td>\n<td>M\u00c9NDEZ<\/td>\n<\/tr>\n<tr>\n<td height=\"20\">CAROLINA IVONNE<\/td>\n<td>FAR\u00cdAS<\/td>\n<td>BRITO<\/td>\n<\/tr>\n<tr>\n<td height=\"20\">ALEJANDRO IGNACIO<\/td>\n<td>GALLARDO<\/td>\n<td>GALLARDO<\/td>\n<\/tr>\n<tr>\n<td height=\"20\">SUSANA CAROLINA<\/td>\n<td>GARC\u00cdA<\/td>\n<td>ALQUEINO<\/td>\n<\/tr>\n<tr>\n<td height=\"20\">MACARENA LISETTE<\/td>\n<td>L\u00d3PEZ<\/td>\n<td>LAGOS<\/td>\n<\/tr>\n<tr>\n<td height=\"20\">GLORIA BEATRIZ<\/td>\n<td>MENA<\/td>\n<td>ROJAS<\/td>\n<\/tr>\n<tr>\n<td height=\"20\">LISSETTE ANDREA<\/td>\n<td>MU\u00d1OZ<\/td>\n<td>CRUZ<\/td>\n<\/tr>\n<tr>\n<td height=\"20\">ELIANA XIMENA<\/td>\n<td>OT\u00c1ROLA<\/td>\n<td>MORALES<\/td>\n<\/tr>\n<tr>\n<td height=\"20\">CATALINA FRANCISCA<\/td>\n<td>P\u00c9REZ<\/td>\n<td>VARGAS<\/td>\n<\/tr>\n<tr>\n<td height=\"20\">FLORENCIA CATALINA<\/td>\n<td>SALAS<\/td>\n<td>ARELLANO<\/td>\n<\/tr>\n<tr>\n<td height=\"20\">ROBERTO ANTONIO<\/td>\n<td>VALENZUELA<\/td>\n<td>LOBOS<\/td>\n<\/tr>\n<\/tbody>\n<\/table>\n<p>[\/et_pb_toggle][\/et_pb_column][et_pb_column type=\u00bb1_3&#8243; _builder_version=\u00bb4.17.6&#8243; _module_preset=\u00bbdefault\u00bb global_colors_info=\u00bb{}\u00bb][et_pb_toggle title=\u00bbTraductor o traductora e int\u00e9rprete de Ingl\u00e9s-Espa\u00f1ol\u00bb open_toggle_text_color=\u00bb#000000&#8243; open_toggle_background_color=\u00bb#FFFFFF\u00bb closed_toggle_background_color=\u00bb#FFFFFF\u00bb icon_color=\u00bb#009bdb\u00bb toggle_icon=\u00bb&#xe048;||divi||400&#8243; use_icon_font_size=\u00bbon\u00bb icon_font_size=\u00bb26px\u00bb open_icon_color=\u00bb#009bdb\u00bb open_toggle_icon=\u00bb&#xe047;||divi||400&#8243; open_use_icon_font_size=\u00bbon\u00bb open_icon_font_size=\u00bb26px\u00bb disabled_on=\u00bboff|off|off\u00bb admin_label=\u00bbTraductor o traductora e int\u00e9rprete de Ingl\u00e9s-Espa\u00f1ol\u00bb _builder_version=\u00bb4.22.2&#8243; _module_preset=\u00bbdefault\u00bb title_text_color=\u00bb#000000&#8243; title_font=\u00bb|700||on|||||\u00bb global_colors_info=\u00bb{}\u00bb]<\/p>\n<table style=\"width: 100%; height: 1148px;\" border=\"0\" width=\"100%\" cellspacing=\"0\" cellpadding=\"0\">\n<colgroup>\n<col width=\"204\" \/>\n<col width=\"161\" \/>\n<col width=\"131\" \/><\/colgroup>\n<tbody>\n<tr style=\"height: 24px;\">\n<td class=\"xl66\" style=\"height: 24px; width: 199.171875px;\" height=\"20\"><strong>NOMBRE<\/strong><\/td>\n<td class=\"xl66\" style=\"height: 24px; width: 158.890625px;\"><strong>PATERNO<\/strong><\/td>\n<td class=\"xl66\" style=\"height: 24px; width: 129.953125px;\"><strong>MATERNO<\/strong><\/td>\n<\/tr>\n<tr style=\"height: 24px;\">\n<td style=\"height: 24px; width: 199.171875px;\" height=\"20\">JEANINE ANDREA<\/td>\n<td style=\"height: 24px; width: 158.890625px;\">AEDO<\/td>\n<td style=\"height: 24px; width: 129.953125px;\">OLMOS<\/td>\n<\/tr>\n<tr style=\"height: 24px;\">\n<td style=\"height: 24px; width: 199.171875px;\" height=\"20\">PILAR CONSTANZA<\/td>\n<td style=\"height: 24px; width: 158.890625px;\">AMPUERO<\/td>\n<td style=\"height: 24px; width: 129.953125px;\">V\u00c1SQUEZ<\/td>\n<\/tr>\n<tr style=\"height: 24px;\">\n<td style=\"height: 24px; width: 199.171875px;\" height=\"20\">DANIELA ANDREA<\/td>\n<td style=\"height: 24px; width: 158.890625px;\">ARAYA<\/td>\n<td style=\"height: 24px; width: 129.953125px;\">RECABARREN<\/td>\n<\/tr>\n<tr style=\"height: 24px;\">\n<td style=\"height: 24px; width: 199.171875px;\" height=\"20\">CARLA SOF\u00cdA<\/td>\n<td style=\"height: 24px; width: 158.890625px;\">AROS<\/td>\n<td style=\"height: 24px; width: 129.953125px;\">ZAPATA<\/td>\n<\/tr>\n<tr style=\"height: 24px;\">\n<td style=\"height: 24px; width: 199.171875px;\" height=\"20\">CONSTANZA FERNANDA<\/td>\n<td style=\"height: 24px; width: 158.890625px;\">BERNAL<\/td>\n<td style=\"height: 24px; width: 129.953125px;\">VENEGAS<\/td>\n<\/tr>\n<tr style=\"height: 24px;\">\n<td style=\"height: 24px; width: 199.171875px;\" height=\"20\">ARANTXA ALEXIA<\/td>\n<td style=\"height: 24px; width: 158.890625px;\">BOL\u00cdVAR<\/td>\n<td style=\"height: 24px; width: 129.953125px;\">OBLITAS<\/td>\n<\/tr>\n<tr style=\"height: 24px;\">\n<td style=\"height: 24px; width: 199.171875px;\" height=\"20\">KARINA PAZ<\/td>\n<td style=\"height: 24px; width: 158.890625px;\">BUSTOS<\/td>\n<td style=\"height: 24px; width: 129.953125px;\">MUJICA<\/td>\n<\/tr>\n<tr style=\"height: 24px;\">\n<td style=\"height: 24px; width: 199.171875px;\" height=\"20\">JAVIERA ANDREA<\/td>\n<td style=\"height: 24px; width: 158.890625px;\">CARVAJAL<\/td>\n<td style=\"height: 24px; width: 129.953125px;\">TORO<\/td>\n<\/tr>\n<tr style=\"height: 24px;\">\n<td style=\"height: 24px; width: 199.171875px;\" height=\"20\">IBAR ALEJANDRO<\/td>\n<td style=\"height: 24px; width: 158.890625px;\">CATAL\u00c1N<\/td>\n<td style=\"height: 24px; width: 129.953125px;\">GONZ\u00c1LEZ<\/td>\n<\/tr>\n<tr style=\"height: 24px;\">\n<td style=\"height: 24px; width: 199.171875px;\" height=\"20\">NICOL\u00c1S EDUARDO<\/td>\n<td style=\"height: 24px; width: 158.890625px;\">CERPA<\/td>\n<td style=\"height: 24px; width: 129.953125px;\">MORALES<\/td>\n<\/tr>\n<tr style=\"height: 24px;\">\n<td style=\"height: 24px; width: 199.171875px;\" height=\"20\">L\u00cdA MACARENA<\/td>\n<td style=\"height: 24px; width: 158.890625px;\">CORTEZ<\/td>\n<td style=\"height: 24px; width: 129.953125px;\">BERR\u00cdOS<\/td>\n<\/tr>\n<tr style=\"height: 24px;\">\n<td style=\"height: 24px; width: 199.171875px;\" height=\"20\">ROMYNA RUTH<\/td>\n<td style=\"height: 24px; width: 158.890625px;\">CUBILLOS<\/td>\n<td style=\"height: 24px; width: 129.953125px;\">ROJAS<\/td>\n<\/tr>\n<tr style=\"height: 24px;\">\n<td style=\"height: 24px; width: 199.171875px;\" height=\"20\">EDUARDO BASTI\u00c1N<\/td>\n<td style=\"height: 24px; width: 158.890625px;\">D\u00cdAZ<\/td>\n<td style=\"height: 24px; width: 129.953125px;\">ILABACA<\/td>\n<\/tr>\n<tr style=\"height: 24px;\">\n<td style=\"height: 24px; width: 199.171875px;\" height=\"20\">YASNA KARINA<\/td>\n<td style=\"height: 24px; width: 158.890625px;\">D\u00cdAZ<\/td>\n<td style=\"height: 24px; width: 129.953125px;\">SAAVEDRA<\/td>\n<\/tr>\n<tr style=\"height: 24px;\">\n<td style=\"height: 24px; width: 199.171875px;\" height=\"20\">JOSEFA ALEXA<\/td>\n<td style=\"height: 24px; width: 158.890625px;\">FONT DE LA VALL<\/td>\n<td style=\"height: 24px; width: 129.953125px;\">ASTORGA<\/td>\n<\/tr>\n<tr style=\"height: 24px;\">\n<td style=\"height: 24px; width: 199.171875px;\" height=\"20\">SOF\u00cdA ANDREA<\/td>\n<td style=\"height: 24px; width: 158.890625px;\">GARC\u00cdA<\/td>\n<td style=\"height: 24px; width: 129.953125px;\">SALINAS<\/td>\n<\/tr>\n<tr style=\"height: 24px;\">\n<td style=\"height: 24px; width: 199.171875px;\" height=\"20\">BEL\u00c9N ROC\u00cdO<\/td>\n<td style=\"height: 24px; width: 158.890625px;\">GODOY<\/td>\n<td style=\"height: 24px; width: 129.953125px;\">MANSILLA<\/td>\n<\/tr>\n<tr style=\"height: 24px;\">\n<td style=\"height: 24px; width: 199.171875px;\" height=\"20\">PILAR JAVIERA<\/td>\n<td style=\"height: 24px; width: 158.890625px;\">GONZ\u00c1LEZ<\/td>\n<td style=\"height: 24px; width: 129.953125px;\">MOSLER<\/td>\n<\/tr>\n<tr style=\"height: 24px;\">\n<td style=\"height: 24px; width: 199.171875px;\" height=\"20\">EDUARDO ESTEBAN<\/td>\n<td style=\"height: 24px; width: 158.890625px;\">GUAJARDO<\/td>\n<td style=\"height: 24px; width: 129.953125px;\">L\u00d3PEZ<\/td>\n<\/tr>\n<tr style=\"height: 24px;\">\n<td style=\"height: 24px; width: 199.171875px;\" height=\"20\">JAVIERA BEL\u00c9N<\/td>\n<td style=\"height: 24px; width: 158.890625px;\">JORQUERA<\/td>\n<td style=\"height: 24px; width: 129.953125px;\">POBLETE<\/td>\n<\/tr>\n<tr style=\"height: 24px;\">\n<td style=\"height: 24px; width: 199.171875px;\" height=\"20\">JAVIERA PAZ<\/td>\n<td style=\"height: 24px; width: 158.890625px;\">LAZCANO<\/td>\n<td style=\"height: 24px; width: 129.953125px;\">GUERRERO<\/td>\n<\/tr>\n<tr style=\"height: 24px;\">\n<td style=\"height: 24px; width: 199.171875px;\" height=\"20\">CAMILA MARLEN<\/td>\n<td style=\"height: 24px; width: 158.890625px;\">LLAITUL<\/td>\n<td style=\"height: 24px; width: 129.953125px;\">CANCINO<\/td>\n<\/tr>\n<tr style=\"height: 24px;\">\n<td style=\"height: 24px; width: 199.171875px;\" height=\"20\">CAMILA FERNANDA<\/td>\n<td style=\"height: 24px; width: 158.890625px;\">LLAUCO<\/td>\n<td style=\"height: 24px; width: 129.953125px;\">CORT\u00c9S<\/td>\n<\/tr>\n<tr style=\"height: 10px;\">\n<td style=\"height: 10px; width: 199.171875px;\" height=\"20\">CATALINA DE LOS ANGELES<\/td>\n<td style=\"height: 10px; width: 158.890625px;\">L\u00d3PEZ<\/td>\n<td style=\"height: 10px; width: 129.953125px;\">SANTIB\u00c1\u00d1EZ<\/td>\n<\/tr>\n<tr style=\"height: 24px;\">\n<td style=\"height: 24px; width: 199.171875px;\" height=\"20\">IGNACIA BEL\u00c9N<\/td>\n<td style=\"height: 24px; width: 158.890625px;\">MAURET<\/td>\n<td style=\"height: 24px; width: 129.953125px;\">MEDINA<\/td>\n<\/tr>\n<tr style=\"height: 24px;\">\n<td style=\"height: 24px; width: 199.171875px;\" height=\"20\">JAVIERA PAZ<\/td>\n<td style=\"height: 24px; width: 158.890625px;\">MENDOZA<\/td>\n<td style=\"height: 24px; width: 129.953125px;\">ALARC\u00d3N<\/td>\n<\/tr>\n<tr style=\"height: 24px;\">\n<td style=\"height: 24px; width: 199.171875px;\" height=\"20\">VALENTINA<\/td>\n<td style=\"height: 24px; width: 158.890625px;\">MERINO<\/td>\n<td style=\"height: 24px; width: 129.953125px;\">CAVIERES<\/td>\n<\/tr>\n<tr style=\"height: 24px;\">\n<td style=\"height: 24px; width: 199.171875px;\" height=\"20\">ALEJANDRA JES\u00daS<\/td>\n<td style=\"height: 24px; width: 158.890625px;\">MICHEA<\/td>\n<td style=\"height: 24px; width: 129.953125px;\">IB\u00c1\u00d1EZ<\/td>\n<\/tr>\n<tr style=\"height: 24px;\">\n<td class=\"xl67\" style=\"height: 24px; width: 199.171875px;\" height=\"20\">CARLA\u00a0 PIERA<\/td>\n<td class=\"xl67\" style=\"height: 24px; width: 158.890625px;\">MONTENEGRO<\/td>\n<td class=\"xl67\" style=\"height: 24px; width: 129.953125px;\">CASTRO<\/td>\n<\/tr>\n<tr style=\"height: 10px;\">\n<td style=\"height: 10px; width: 199.171875px;\" height=\"20\">DAMARIS ANDREA NOEM\u00cd<\/td>\n<td style=\"height: 10px; width: 158.890625px;\">MOR\u00c1N<\/td>\n<td style=\"height: 10px; width: 129.953125px;\">V\u00c1SQUEZ<\/td>\n<\/tr>\n<tr style=\"height: 24px;\">\n<td style=\"height: 24px; width: 199.171875px;\" height=\"20\">CAMILA FRANCISCA<\/td>\n<td style=\"height: 24px; width: 158.890625px;\">MUNILLA<\/td>\n<td style=\"height: 24px; width: 129.953125px;\">ROJAS<\/td>\n<\/tr>\n<tr style=\"height: 24px;\">\n<td style=\"height: 24px; width: 199.171875px;\" height=\"20\">NAOM\u00cd CAMILA<\/td>\n<td style=\"height: 24px; width: 158.890625px;\">MU\u00d1OZ<\/td>\n<td style=\"height: 24px; width: 129.953125px;\">OLIVA<\/td>\n<\/tr>\n<tr style=\"height: 24px;\">\n<td style=\"height: 24px; width: 199.171875px;\" height=\"20\">VANNIA MAGDALENA<\/td>\n<td style=\"height: 24px; width: 158.890625px;\">NOGUEROL<\/td>\n<td style=\"height: 24px; width: 129.953125px;\">SILVA<\/td>\n<\/tr>\n<tr style=\"height: 24px;\">\n<td style=\"height: 24px; width: 199.171875px;\" height=\"20\">HERIN ZUSSAN<\/td>\n<td style=\"height: 24px; width: 158.890625px;\">NOURI<\/td>\n<td style=\"height: 24px; width: 129.953125px;\">P\u00c9REZ<\/td>\n<\/tr>\n<tr style=\"height: 24px;\">\n<td style=\"height: 24px; width: 199.171875px;\" height=\"20\">GABRIELA ANDREA<\/td>\n<td style=\"height: 24px; width: 158.890625px;\">ORTIZ<\/td>\n<td style=\"height: 24px; width: 129.953125px;\">FLORES<\/td>\n<\/tr>\n<tr style=\"height: 24px;\">\n<td style=\"height: 24px; width: 199.171875px;\" height=\"20\">DIEGO ALEJANDRO<\/td>\n<td style=\"height: 24px; width: 158.890625px;\">RAM\u00cdREZ<\/td>\n<td style=\"height: 24px; width: 129.953125px;\">BRAVO<\/td>\n<\/tr>\n<tr style=\"height: 24px;\">\n<td style=\"height: 24px; width: 199.171875px;\" height=\"20\">JENNY VIRGINIA<\/td>\n<td style=\"height: 24px; width: 158.890625px;\">RAM\u00cdREZ<\/td>\n<td style=\"height: 24px; width: 129.953125px;\">TRONCOSO<\/td>\n<\/tr>\n<tr style=\"height: 24px;\">\n<td style=\"height: 24px; width: 199.171875px;\" height=\"20\">CAMILA PAZ<\/td>\n<td style=\"height: 24px; width: 158.890625px;\">REYES<\/td>\n<td style=\"height: 24px; width: 129.953125px;\">VERA<\/td>\n<\/tr>\n<tr style=\"height: 24px;\">\n<td style=\"height: 24px; width: 199.171875px;\" height=\"20\">FERNANDA CAROLINA<\/td>\n<td style=\"height: 24px; width: 158.890625px;\">ROJAS<\/td>\n<td style=\"height: 24px; width: 129.953125px;\">LANGUIS<\/td>\n<\/tr>\n<tr style=\"height: 24px;\">\n<td style=\"height: 24px; width: 199.171875px;\" height=\"20\">FERNANDA ALTAGRACIA<\/td>\n<td style=\"height: 24px; width: 158.890625px;\">SILVA<\/td>\n<td style=\"height: 24px; width: 129.953125px;\">ARCAYA<\/td>\n<\/tr>\n<tr style=\"height: 24px;\">\n<td style=\"height: 24px; width: 199.171875px;\" height=\"20\">BEL\u00c9N JAZM\u00cdN<\/td>\n<td style=\"height: 24px; width: 158.890625px;\">TAPIA<\/td>\n<td style=\"height: 24px; width: 129.953125px;\">FERN\u00c1NDEZ<\/td>\n<\/tr>\n<tr style=\"height: 24px;\">\n<td style=\"height: 24px; width: 199.171875px;\" height=\"20\">SIM\u00d3N PABLO<\/td>\n<td style=\"height: 24px; width: 158.890625px;\">TAPIA<\/td>\n<td style=\"height: 24px; width: 129.953125px;\">GODOY<\/td>\n<\/tr>\n<tr style=\"height: 24px;\">\n<td style=\"height: 24px; width: 199.171875px;\" height=\"20\">ROMINA PILAR<\/td>\n<td style=\"height: 24px; width: 158.890625px;\">TAPIA<\/td>\n<td style=\"height: 24px; width: 129.953125px;\">MORENO<\/td>\n<\/tr>\n<tr style=\"height: 24px;\">\n<td style=\"height: 24px; width: 199.171875px;\" height=\"20\">JAVIERA MAITTE<\/td>\n<td style=\"height: 24px; width: 158.890625px;\">TORTEROLO<\/td>\n<td style=\"height: 24px; width: 129.953125px;\">V\u00c1SQUEZ<\/td>\n<\/tr>\n<tr style=\"height: 24px;\">\n<td style=\"height: 24px; width: 199.171875px;\" height=\"20\">FERNANDA CATALINA<\/td>\n<td style=\"height: 24px; width: 158.890625px;\">VALD\u00c9S<\/td>\n<td style=\"height: 24px; width: 129.953125px;\">MOSCOSO<\/td>\n<\/tr>\n<tr style=\"height: 24px;\">\n<td style=\"height: 24px; width: 199.171875px;\" height=\"20\">FRANCISCA KAROL<\/td>\n<td style=\"height: 24px; width: 158.890625px;\">V\u00c9LIZ<\/td>\n<td style=\"height: 24px; width: 129.953125px;\">REINOSO<\/td>\n<\/tr>\n<tr style=\"height: 24px;\">\n<td style=\"height: 24px; width: 199.171875px;\" height=\"20\">ELIZABETH ANG\u00c9LICA<\/td>\n<td style=\"height: 24px; width: 158.890625px;\">VICENCIO<\/td>\n<td style=\"height: 24px; width: 129.953125px;\">CALDER\u00d3N<\/td>\n<\/tr>\n<tr style=\"height: 24px;\">\n<td style=\"height: 24px; width: 199.171875px;\" height=\"20\">CATALINA ANDREA<\/td>\n<td style=\"height: 24px; width: 158.890625px;\">Y\u00c1\u00d1EZ<\/td>\n<td style=\"height: 24px; width: 129.953125px;\">P\u00c9REZ<\/td>\n<\/tr>\n<\/tbody>\n<\/table>\n<p>[\/et_pb_toggle][\/et_pb_column][et_pb_column type=\u00bb1_3&#8243; _builder_version=\u00bb4.17.6&#8243; _module_preset=\u00bbdefault\u00bb global_colors_info=\u00bb{}\u00bb][et_pb_toggle title=\u00bbTraductor Alem\u00e1n-Espa\u00f1ol\u00bb open_toggle_text_color=\u00bb#000000&#8243; open_toggle_background_color=\u00bb#FFFFFF\u00bb closed_toggle_background_color=\u00bb#FFFFFF\u00bb icon_color=\u00bb#009bdb\u00bb toggle_icon=\u00bb&#xe048;||divi||400&#8243; use_icon_font_size=\u00bbon\u00bb icon_font_size=\u00bb26px\u00bb open_icon_color=\u00bb#009bdb\u00bb open_toggle_icon=\u00bb&#xe047;||divi||400&#8243; open_use_icon_font_size=\u00bbon\u00bb open_icon_font_size=\u00bb26px\u00bb disabled_on=\u00bboff|off|off\u00bb admin_label=\u00bbTraductor Alem\u00e1n-Espa\u00f1ol\u00bb _builder_version=\u00bb4.22.2&#8243; _module_preset=\u00bbdefault\u00bb title_text_color=\u00bb#000000&#8243; title_font=\u00bb|700||on|||||\u00bb global_colors_info=\u00bb{}\u00bb]<\/p>\n<table style=\"width: 90%; height: 48px;\" border=\"0\" width=\"90%\" cellspacing=\"0\" cellpadding=\"0\">\n<colgroup>\n<col width=\"204\" \/>\n<col width=\"161\" \/>\n<col width=\"131\" \/><\/colgroup>\n<tbody>\n<tr style=\"height: 24px;\">\n<td class=\"xl66\" style=\"height: 24px;\" width=\"204\" height=\"20\"><strong>NOMBRE<\/strong><\/td>\n<td class=\"xl66\" style=\"height: 24px;\" width=\"161\"><strong>PATERNO<\/strong><\/td>\n<td class=\"xl66\" style=\"height: 24px;\" width=\"131\"><strong>MATERNO<\/strong><\/td>\n<\/tr>\n<tr style=\"height: 24px;\">\n<td style=\"height: 24px;\" height=\"20\">HELGA ALEJANDRA<\/td>\n<td style=\"height: 24px;\">VICENCIO<\/td>\n<td style=\"height: 24px;\">CALDER\u00d3N<\/td>\n<\/tr>\n<\/tbody>\n<\/table>\n<p>[\/et_pb_toggle][\/et_pb_column][\/et_pb_row][\/et_pb_section][et_pb_section fb_built=\u00bb1&#8243; disabled_on=\u00bboff|off|off\u00bb _builder_version=\u00bb4.22.0&#8243; _module_preset=\u00bbdefault\u00bb width=\u00bb100%\u00bb max_width=\u00bb100%\u00bb custom_padding=\u00bb5px|||||\u00bb global_colors_info=\u00bb{}\u00bb][et_pb_row use_custom_gutter=\u00bbon\u00bb gutter_width=\u00bb1&#8243; _builder_version=\u00bb4.17.6&#8243; _module_preset=\u00bbdefault\u00bb width=\u00bb96%\u00bb max_width=\u00bb2560px\u00bb module_alignment=\u00bbleft\u00bb custom_padding=\u00bb||9px|||\u00bb global_colors_info=\u00bb{}\u00bb][et_pb_column type=\u00bb4_4&#8243; _builder_version=\u00bb4.17.6&#8243; _module_preset=\u00bbdefault\u00bb global_colors_info=\u00bb{}\u00bb][et_pb_blurb title=\u00bbCeremonia de titulaci\u00f3n: Lunes 27 de noviembre de 2023, 15.30 horas\u00bb use_icon=\u00bbon\u00bb font_icon=\u00bb&#xf073;||fa||400&#8243; icon_color=\u00bb#009bdb\u00bb icon_placement=\u00bbleft\u00bb image_icon_width=\u00bb53px\u00bb content_max_width=\u00bb1100px\u00bb admin_label=\u00bbAnuncio: Ceremonia de titulaci\u00f3n: Lunes 27 de noviembre de 2023, 15.30 horas\u00bb _builder_version=\u00bb4.22.2&#8243; _module_preset=\u00bbdefault\u00bb header_font=\u00bb|800||on|||||\u00bb header_text_color=\u00bb#303030&#8243; header_font_size=\u00bb27px\u00bb body_font=\u00bb||||||||\u00bb body_text_color=\u00bb#0099cc\u00bb body_font_size=\u00bb16px\u00bb custom_margin=\u00bb||-1px|||\u00bb global_colors_info=\u00bb{}\u00bb]<\/p>\n<h2>Facultad de Humanidades<\/h2>\n<p>Aula Dr. F\u00e9lix Morales Pettorino, Casa Central, Valpara\u00edso.<\/p>\n<p>[\/et_pb_blurb][\/et_pb_column][\/et_pb_row][et_pb_row column_structure=\u00bb1_3,1_3,1_3&#8243; use_custom_gutter=\u00bbon\u00bb disabled_on=\u00bboff|off|off\u00bb _builder_version=\u00bb4.22.0&#8243; _module_preset=\u00bbdefault\u00bb width=\u00bb94%\u00bb max_width=\u00bb2560px\u00bb custom_padding=\u00bb18px||18px|||\u00bb global_colors_info=\u00bb{}\u00bb][et_pb_column type=\u00bb1_3&#8243; _builder_version=\u00bb4.17.6&#8243; _module_preset=\u00bbdefault\u00bb global_colors_info=\u00bb{}\u00bb][et_pb_toggle title=\u00bbAdministrador o administradora tur\u00edstica multiling\u00fce\u00bb open_toggle_text_color=\u00bb#000000&#8243; open_toggle_background_color=\u00bb#FFFFFF\u00bb closed_toggle_background_color=\u00bb#FFFFFF\u00bb icon_color=\u00bb#009bdb\u00bb toggle_icon=\u00bb&#xe048;||divi||400&#8243; use_icon_font_size=\u00bbon\u00bb icon_font_size=\u00bb26px\u00bb open_icon_color=\u00bb#009bdb\u00bb open_toggle_icon=\u00bb&#xe047;||divi||400&#8243; open_use_icon_font_size=\u00bbon\u00bb open_icon_font_size=\u00bb26px\u00bb disabled_on=\u00bboff|off|off\u00bb admin_label=\u00bbAdministrador o administradora tur\u00edstica multiling\u00fce\u00bb _builder_version=\u00bb4.22.2&#8243; _module_preset=\u00bbdefault\u00bb title_text_color=\u00bb#000000&#8243; title_font=\u00bb|700||on|||||\u00bb global_colors_info=\u00bb{}\u00bb]<\/p>\n<table style=\"width: 90%;\" border=\"0\" width=\"90%\" cellspacing=\"0\" cellpadding=\"0\">\n<colgroup>\n<col width=\"204\" \/>\n<col width=\"161\" \/>\n<col width=\"131\" \/><\/colgroup>\n<tbody>\n<tr>\n<td class=\"xl66\" width=\"204\" height=\"20\"><strong>NOMBRE<\/strong><\/td>\n<td class=\"xl66\" width=\"161\"><strong>PATERNO<\/strong><\/td>\n<td class=\"xl66\" width=\"131\"><strong>MATERNO<\/strong><\/td>\n<\/tr>\n<tr>\n<td height=\"20\">MARIEL CATALINA<\/td>\n<td>AR\u00c9VALO<\/td>\n<td>VILLALOBOS<\/td>\n<\/tr>\n<tr>\n<td height=\"20\">SOF\u00cdA CAROLINA<\/td>\n<td>AZ\u00d3CAR<\/td>\n<td>GONZ\u00c1LEZ<\/td>\n<\/tr>\n<tr>\n<td height=\"20\">NICOL\u00c1S IGNACIO<\/td>\n<td>BEN\u00cdTEZ<\/td>\n<td>HERN\u00c1NDEZ<\/td>\n<\/tr>\n<tr>\n<td height=\"20\">JAVIERA PAZ<\/td>\n<td>CORSI<\/td>\n<td>FLORES<\/td>\n<\/tr>\n<tr>\n<td height=\"20\">BEL\u00c9N ELISABETH<\/td>\n<td>GARC\u00cdA<\/td>\n<td>FLORES<\/td>\n<\/tr>\n<tr>\n<td height=\"20\">PATRICIA DANIELA<\/td>\n<td>GONZ\u00c1LEZ<\/td>\n<td>M\u00c9NDEZ<\/td>\n<\/tr>\n<tr>\n<td height=\"20\">KIARA DANAE<\/td>\n<td>LECAROS<\/td>\n<td>VARGAS<\/td>\n<\/tr>\n<tr>\n<td height=\"20\">VICTORIA ALEJANDRA<\/td>\n<td>LEIVA<\/td>\n<td>ARANCIBIA<\/td>\n<\/tr>\n<tr>\n<td height=\"20\">LESLIE DAYANA<\/td>\n<td>M\u00c1RQUEZ<\/td>\n<td>CARRE\u00d1O<\/td>\n<\/tr>\n<tr>\n<td height=\"20\">JAVIERA PAZ MARISOL<\/td>\n<td>MENARES<\/td>\n<td>LE\u00d3N<\/td>\n<\/tr>\n<tr>\n<td height=\"20\">CATALINA LORETO<\/td>\n<td>MURGA<\/td>\n<td>RAMOS<\/td>\n<\/tr>\n<tr>\n<td height=\"20\">CRIST\u00d3BAL ALFREDO<\/td>\n<td>NILO<\/td>\n<td>GONZ\u00c1LEZ<\/td>\n<\/tr>\n<tr>\n<td height=\"20\">NAYRA PAZ<\/td>\n<td>RIVERA<\/td>\n<td>CUELLO<\/td>\n<\/tr>\n<tr>\n<td height=\"20\">ALDO MIGUEL IGNACIO<\/td>\n<td>SEP\u00daLVEDA<\/td>\n<td>FERN\u00c1NDEZ<\/td>\n<\/tr>\n<tr>\n<td height=\"20\">NICOLE PAOLA<\/td>\n<td>VALENZUELA<\/td>\n<td>PIMENTEL<\/td>\n<\/tr>\n<tr>\n<td height=\"20\">CAMILA FERNANDA<\/td>\n<td>ZAMORA<\/td>\n<td>CALDER\u00d3N<\/td>\n<\/tr>\n<\/tbody>\n<\/table>\n<p>[\/et_pb_toggle][\/et_pb_column][et_pb_column type=\u00bb1_3&#8243; _builder_version=\u00bb4.17.6&#8243; _module_preset=\u00bbdefault\u00bb global_colors_info=\u00bb{}\u00bb][et_pb_toggle title=\u00bbProfesor o profesora de Castellano\u00bb open_toggle_text_color=\u00bb#000000&#8243; open_toggle_background_color=\u00bb#FFFFFF\u00bb closed_toggle_background_color=\u00bb#FFFFFF\u00bb icon_color=\u00bb#009bdb\u00bb toggle_icon=\u00bb&#xe048;||divi||400&#8243; use_icon_font_size=\u00bbon\u00bb icon_font_size=\u00bb26px\u00bb open_icon_color=\u00bb#009bdb\u00bb open_toggle_icon=\u00bb&#xe047;||divi||400&#8243; open_use_icon_font_size=\u00bbon\u00bb open_icon_font_size=\u00bb26px\u00bb disabled_on=\u00bboff|off|off\u00bb admin_label=\u00bbProfesor o profesora de Castellano\u00bb _builder_version=\u00bb4.22.2&#8243; _module_preset=\u00bbdefault\u00bb title_text_color=\u00bb#000000&#8243; title_font=\u00bb|700||on|||||\u00bb global_colors_info=\u00bb{}\u00bb]<\/p>\n<table style=\"width: 90%;\" border=\"0\" width=\"90%\" cellspacing=\"0\" cellpadding=\"0\">\n<colgroup>\n<col width=\"204\" \/>\n<col width=\"161\" \/>\n<col width=\"131\" \/><\/colgroup>\n<tbody>\n<tr>\n<td class=\"xl66\" width=\"204\" height=\"20\"><strong>NOMBRE<\/strong><\/td>\n<td class=\"xl66\" width=\"161\"><strong>PATERNO<\/strong><\/td>\n<td class=\"xl66\" width=\"131\"><strong>MATERNO<\/strong><\/td>\n<\/tr>\n<tr>\n<td height=\"20\">TAMARA JAZM\u00cdN<\/td>\n<td>ALCAYAGA<\/td>\n<td>FLORES<\/td>\n<\/tr>\n<tr>\n<td height=\"20\">LUIS ANGEL<\/td>\n<td>ALFARO<\/td>\n<td>ROJAS<\/td>\n<\/tr>\n<tr>\n<td height=\"20\">MACARENA STEPHANIE<\/td>\n<td>ARAYA<\/td>\n<td>OLIVARES<\/td>\n<\/tr>\n<tr>\n<td height=\"20\">FELIPE IGNACIO<\/td>\n<td>ARRIAGADA<\/td>\n<td>ARANCIBIA<\/td>\n<\/tr>\n<tr>\n<td height=\"20\">MARIO FRANCISCO<\/td>\n<td>C\u00c1RCAMO<\/td>\n<td>C\u00c1DIZ<\/td>\n<\/tr>\n<tr>\n<td height=\"20\">NATALY TERESITA<\/td>\n<td>COFR\u00c9<\/td>\n<td>VALENCIA<\/td>\n<\/tr>\n<tr>\n<td height=\"20\">IGNACIO JAVIER<\/td>\n<td>DELGADO<\/td>\n<td>ORELLANA<\/td>\n<\/tr>\n<tr>\n<td height=\"20\">MAR\u00cdA VALENTINA<\/td>\n<td>FERN\u00c1NDEZ<\/td>\n<td>LIZANA<\/td>\n<\/tr>\n<tr>\n<td height=\"20\">DIEGO ALEXIS<\/td>\n<td>FIGUEROA<\/td>\n<td>PASCHKE<\/td>\n<\/tr>\n<tr>\n<td height=\"20\">XAVIERA MICHELLE<\/td>\n<td>GUZM\u00c1N<\/td>\n<td>G\u00d3NGORA<\/td>\n<\/tr>\n<tr>\n<td height=\"20\">DIEGO ALEJANDRO<\/td>\n<td>JARA<\/td>\n<td>FIGUEROA<\/td>\n<\/tr>\n<tr>\n<td height=\"20\">CAROL LIU<\/td>\n<td>JORQUERA<\/td>\n<td>SALVATIERRA<\/td>\n<\/tr>\n<tr>\n<td height=\"20\">MARCELO FABI\u00c1N<\/td>\n<td>LATORRE<\/td>\n<td>VERA<\/td>\n<\/tr>\n<tr>\n<td height=\"20\">SOF\u00cdA RENATA<\/td>\n<td>MONTOYA<\/td>\n<td>RAM\u00cdREZ<\/td>\n<\/tr>\n<tr>\n<td height=\"20\">NICOL\u00c1S JAVIER<\/td>\n<td>MU\u00d1OZ<\/td>\n<td>S\u00c1EZ<\/td>\n<\/tr>\n<tr>\n<td height=\"20\">CAMILLA FERNANDA<\/td>\n<td>NAVARRETE<\/td>\n<td>HENR\u00cdQUEZ<\/td>\n<\/tr>\n<tr>\n<td height=\"20\">DENIS MARCELO<\/td>\n<td>OJEDA<\/td>\n<td>GUZM\u00c1N<\/td>\n<\/tr>\n<tr>\n<td height=\"20\">KATRINA FRANCCESCA<\/td>\n<td>OSES<\/td>\n<td>VARGAS<\/td>\n<\/tr>\n<tr>\n<td height=\"20\">VALENTINA PAZ<\/td>\n<td>OT\u00c1ROLA<\/td>\n<td>Z\u00da\u00d1IGA<\/td>\n<\/tr>\n<tr>\n<td height=\"20\">JOS\u00c9 MANUEL<\/td>\n<td>PEREIRA<\/td>\n<td>FLORES<\/td>\n<\/tr>\n<tr>\n<td height=\"20\">SEBASTI\u00c1N IGNACIO<\/td>\n<td>PIMENTEL<\/td>\n<td>BERNAL<\/td>\n<\/tr>\n<tr>\n<td height=\"20\">DANITZA VALERIA<\/td>\n<td>PIZARRO<\/td>\n<td>MATURANA<\/td>\n<\/tr>\n<tr>\n<td height=\"20\">H\u00c9CTOR EL\u00cdAS<\/td>\n<td>REYES<\/td>\n<td>NAVIA<\/td>\n<\/tr>\n<tr>\n<td height=\"20\">BEL\u00c9N CONSTANZA<\/td>\n<td>RUFATT<\/td>\n<td>RODR\u00cdGUEZ<\/td>\n<\/tr>\n<tr>\n<td height=\"20\">KATHERINE ALEJANDRA<\/td>\n<td>S\u00c1NCHEZ<\/td>\n<td>PINCHEIRA<\/td>\n<\/tr>\n<tr>\n<td height=\"20\">MIGUEL ANGEL<\/td>\n<td>VALD\u00c9S<\/td>\n<td>CARO<\/td>\n<\/tr>\n<tr>\n<td height=\"20\">SEBASTI\u00c1N BENJAM\u00cdN<\/td>\n<td>VALLEJOS<\/td>\n<td>JERIA<\/td>\n<\/tr>\n<tr>\n<td height=\"20\">PALOMA JUDITH<\/td>\n<td>VIDELA<\/td>\n<td>FIGUEROA<\/td>\n<\/tr>\n<tr>\n<td height=\"20\">ALEXANDRA JAVIERA<\/td>\n<td>VILLARROEL<\/td>\n<td>ARAOS<\/td>\n<\/tr>\n<\/tbody>\n<\/table>\n<p>[\/et_pb_toggle][\/et_pb_column][et_pb_column type=\u00bb1_3&#8243; _builder_version=\u00bb4.17.6&#8243; _module_preset=\u00bbdefault\u00bb global_colors_info=\u00bb{}\u00bb][et_pb_toggle title=\u00bbProfesor de Filosof\u00eda\u00bb open_toggle_text_color=\u00bb#000000&#8243; open_toggle_background_color=\u00bb#FFFFFF\u00bb closed_toggle_background_color=\u00bb#FFFFFF\u00bb icon_color=\u00bb#009bdb\u00bb toggle_icon=\u00bb&#xe048;||divi||400&#8243; use_icon_font_size=\u00bbon\u00bb icon_font_size=\u00bb26px\u00bb open_icon_color=\u00bb#009bdb\u00bb open_toggle_icon=\u00bb&#xe047;||divi||400&#8243; open_use_icon_font_size=\u00bbon\u00bb open_icon_font_size=\u00bb26px\u00bb disabled_on=\u00bboff|off|off\u00bb admin_label=\u00bbProfesor de Filosof\u00eda\u00bb _builder_version=\u00bb4.22.2&#8243; _module_preset=\u00bbdefault\u00bb title_text_color=\u00bb#000000&#8243; title_font=\u00bb|700||on|||||\u00bb global_colors_info=\u00bb{}\u00bb]<\/p>\n<table style=\"width: 90%; height: 48px;\" border=\"0\" width=\"90%\" cellspacing=\"0\" cellpadding=\"0\">\n<colgroup>\n<col width=\"204\" \/>\n<col width=\"161\" \/>\n<col width=\"131\" \/><\/colgroup>\n<tbody>\n<tr style=\"height: 24px;\">\n<td class=\"xl66\" style=\"height: 24px;\" width=\"204\" height=\"20\"><strong>NOMBRE<\/strong><\/td>\n<td class=\"xl66\" style=\"height: 24px;\" width=\"161\"><strong>PATERNO<\/strong><\/td>\n<td class=\"xl66\" style=\"height: 24px;\" width=\"131\"><strong>MATERNO<\/strong><\/td>\n<\/tr>\n<tr style=\"height: 24px;\">\n<td style=\"height: 24px;\" height=\"20\">GABRIEL ALEJANDRO<\/td>\n<td style=\"height: 24px;\">V\u00c1SQUEZ<\/td>\n<td style=\"height: 24px;\">UTRERA<\/td>\n<\/tr>\n<\/tbody>\n<\/table>\n<p>[\/et_pb_toggle][\/et_pb_column][\/et_pb_row][et_pb_row column_structure=\u00bb1_3,1_3,1_3&#8243; use_custom_gutter=\u00bbon\u00bb disabled_on=\u00bboff|off|off\u00bb _builder_version=\u00bb4.22.0&#8243; _module_preset=\u00bbdefault\u00bb width=\u00bb94%\u00bb max_width=\u00bb2560px\u00bb custom_padding=\u00bb18px||18px|||\u00bb global_colors_info=\u00bb{}\u00bb][et_pb_column type=\u00bb1_3&#8243; _builder_version=\u00bb4.17.6&#8243; _module_preset=\u00bbdefault\u00bb global_colors_info=\u00bb{}\u00bb][et_pb_toggle title=\u00bbProfesor o profesora de Historia y Geograf\u00eda\u00bb open_toggle_text_color=\u00bb#000000&#8243; open_toggle_background_color=\u00bb#FFFFFF\u00bb closed_toggle_background_color=\u00bb#FFFFFF\u00bb icon_color=\u00bb#009bdb\u00bb toggle_icon=\u00bb&#xe048;||divi||400&#8243; use_icon_font_size=\u00bbon\u00bb icon_font_size=\u00bb26px\u00bb open_icon_color=\u00bb#009bdb\u00bb open_toggle_icon=\u00bb&#xe047;||divi||400&#8243; open_use_icon_font_size=\u00bbon\u00bb open_icon_font_size=\u00bb26px\u00bb disabled_on=\u00bboff|off|off\u00bb admin_label=\u00bbProfesor o profesora de Historia y Geograf\u00eda\u00bb _builder_version=\u00bb4.22.2&#8243; _module_preset=\u00bbdefault\u00bb title_text_color=\u00bb#000000&#8243; title_font=\u00bb|700||on|||||\u00bb global_colors_info=\u00bb{}\u00bb]<\/p>\n<table style=\"width: 90%;\" border=\"0\" width=\"90%\" cellspacing=\"0\" cellpadding=\"0\">\n<colgroup>\n<col width=\"204\" \/>\n<col width=\"161\" \/>\n<col width=\"131\" \/><\/colgroup>\n<tbody>\n<tr>\n<td class=\"xl66\" width=\"204\" height=\"20\"><strong>NOMBRE<\/strong><\/td>\n<td class=\"xl66\" width=\"161\"><strong>PATERNO<\/strong><\/td>\n<td class=\"xl66\" width=\"131\"><strong>MATERNO<\/strong><\/td>\n<\/tr>\n<tr>\n<td height=\"20\">FRANCESCA ANDREA<\/td>\n<td>ARANCIBIA<\/td>\n<td>ESTAI<\/td>\n<\/tr>\n<tr>\n<td height=\"20\">JAVIERA IGNACIA<\/td>\n<td>ARANCIBIA<\/td>\n<td>SILVA<\/td>\n<\/tr>\n<tr>\n<td height=\"20\">TALIA DIANNE<\/td>\n<td>CARMONA<\/td>\n<td>PACHECO<\/td>\n<\/tr>\n<tr>\n<td height=\"20\">GUSTAVO ESTEBAN<\/td>\n<td>DUPRAT<\/td>\n<td>FERN\u00c1NDEZ<\/td>\n<\/tr>\n<tr>\n<td height=\"20\">HERN\u00c1N IGNACIO<\/td>\n<td>FAR\u00cdAS<\/td>\n<td>\u00c1LVAREZ<\/td>\n<\/tr>\n<tr>\n<td height=\"20\">DIEGO IGNACIO<\/td>\n<td>FUENTES<\/td>\n<td>MADARIAGA<\/td>\n<\/tr>\n<tr>\n<td height=\"20\">RODRIGO IGNACIO<\/td>\n<td>GARC\u00cdA<\/td>\n<td>REYMER<\/td>\n<\/tr>\n<tr>\n<td height=\"20\">NICOL\u00c1S IGNACIO<\/td>\n<td>IBACACHE<\/td>\n<td>TAPIA<\/td>\n<\/tr>\n<tr>\n<td height=\"20\">SEBASTI\u00c1N ANDR\u00c9S<\/td>\n<td>LEIVA<\/td>\n<td>URBINA<\/td>\n<\/tr>\n<tr>\n<td height=\"20\">RICHARD ALEX<\/td>\n<td>L\u00d3PEZ<\/td>\n<td>GAJARDO<\/td>\n<\/tr>\n<tr>\n<td height=\"20\">JAEL ELIZABETH<\/td>\n<td>MART\u00cdNEZ<\/td>\n<td>MU\u00d1OZ<\/td>\n<\/tr>\n<tr>\n<td height=\"20\">LIBERTAD<\/td>\n<td>MOIROUX<\/td>\n<td>MU\u00d1OZ<\/td>\n<\/tr>\n<tr>\n<td height=\"20\">ESTEBAN ANTONIO<\/td>\n<td>OPAZO<\/td>\n<td>AZ\u00d3CAR<\/td>\n<\/tr>\n<\/tbody>\n<\/table>\n<p>[\/et_pb_toggle][\/et_pb_column][et_pb_column type=\u00bb1_3&#8243; _builder_version=\u00bb4.17.6&#8243; _module_preset=\u00bbdefault\u00bb global_colors_info=\u00bb{}\u00bb][et_pb_toggle title=\u00bbT\u00e9cnica en turismo\u00bb open_toggle_text_color=\u00bb#000000&#8243; open_toggle_background_color=\u00bb#FFFFFF\u00bb closed_toggle_background_color=\u00bb#FFFFFF\u00bb icon_color=\u00bb#009bdb\u00bb toggle_icon=\u00bb&#xe048;||divi||400&#8243; use_icon_font_size=\u00bbon\u00bb icon_font_size=\u00bb26px\u00bb open_icon_color=\u00bb#009bdb\u00bb open_toggle_icon=\u00bb&#xe047;||divi||400&#8243; open_use_icon_font_size=\u00bbon\u00bb open_icon_font_size=\u00bb26px\u00bb disabled_on=\u00bboff|off|off\u00bb admin_label=\u00bbT\u00e9cnica en turismo\u00bb _builder_version=\u00bb4.22.2&#8243; _module_preset=\u00bbdefault\u00bb title_text_color=\u00bb#000000&#8243; title_font=\u00bb|700||on|||||\u00bb global_colors_info=\u00bb{}\u00bb]<\/p>\n<table style=\"width: 90%;\" border=\"0\" width=\"90%\" cellspacing=\"0\" cellpadding=\"0\">\n<colgroup>\n<col width=\"204\" \/>\n<col width=\"161\" \/>\n<col width=\"131\" \/><\/colgroup>\n<tbody>\n<tr>\n<td class=\"xl66\" width=\"204\" height=\"20\"><strong>NOMBRE<\/strong><\/td>\n<td class=\"xl66\" width=\"161\"><strong>PATERNO<\/strong><\/td>\n<td class=\"xl66\" width=\"131\"><strong>MATERNO<\/strong><\/td>\n<\/tr>\n<tr>\n<td height=\"20\">VALERIA ANDREA<\/td>\n<td>RIVERA<\/td>\n<td>D\u00cdAZ<\/td>\n<\/tr>\n<\/tbody>\n<\/table>\n<p>[\/et_pb_toggle][\/et_pb_column][et_pb_column type=\u00bb1_3&#8243; _builder_version=\u00bb4.17.6&#8243; _module_preset=\u00bbdefault\u00bb global_colors_info=\u00bb{}\u00bb][\/et_pb_column][\/et_pb_row][\/et_pb_section][et_pb_section fb_built=\u00bb1&#8243; disabled_on=\u00bboff|off|off\u00bb _builder_version=\u00bb4.22.0&#8243; _module_preset=\u00bbdefault\u00bb width=\u00bb100%\u00bb max_width=\u00bb100%\u00bb custom_padding=\u00bb5px|||||\u00bb global_colors_info=\u00bb{}\u00bb][et_pb_row use_custom_gutter=\u00bbon\u00bb gutter_width=\u00bb1&#8243; _builder_version=\u00bb4.17.6&#8243; _module_preset=\u00bbdefault\u00bb width=\u00bb96%\u00bb max_width=\u00bb2560px\u00bb module_alignment=\u00bbleft\u00bb custom_padding=\u00bb||9px|||\u00bb global_colors_info=\u00bb{}\u00bb][et_pb_column type=\u00bb4_4&#8243; _builder_version=\u00bb4.17.6&#8243; _module_preset=\u00bbdefault\u00bb global_colors_info=\u00bb{}\u00bb][et_pb_blurb title=\u00bbCeremonia de titulaci\u00f3n: Martes 5 de diciembre de 2023, 10.30 horas\u00bb use_icon=\u00bbon\u00bb font_icon=\u00bb&#xf073;||fa||400&#8243; icon_color=\u00bb#009bdb\u00bb icon_placement=\u00bbleft\u00bb image_icon_width=\u00bb53px\u00bb content_max_width=\u00bb1100px\u00bb admin_label=\u00bbCeremonia de titulaci\u00f3n: Martes 5 de diciembre de 2023, 10.30 horas\u00bb _builder_version=\u00bb4.22.2&#8243; _module_preset=\u00bbdefault\u00bb header_font=\u00bb|800||on|||||\u00bb header_text_color=\u00bb#303030&#8243; header_font_size=\u00bb27px\u00bb body_font=\u00bb||||||||\u00bb body_text_color=\u00bb#0099cc\u00bb body_font_size=\u00bb16px\u00bb custom_margin=\u00bb||-1px|||\u00bb global_colors_info=\u00bb{}\u00bb]<\/p>\n<h2>Instituto Tecnol\u00f3gico, Campus San Felipe<\/h2>\n<p>Sal\u00f3n Auditorio del Campus.<\/p>\n<p>[\/et_pb_blurb][\/et_pb_column][\/et_pb_row][et_pb_row column_structure=\u00bb1_3,1_3,1_3&#8243; use_custom_gutter=\u00bbon\u00bb disabled_on=\u00bboff|off|off\u00bb _builder_version=\u00bb4.22.0&#8243; _module_preset=\u00bbdefault\u00bb width=\u00bb94%\u00bb max_width=\u00bb2560px\u00bb custom_padding=\u00bb18px||18px|||\u00bb global_colors_info=\u00bb{}\u00bb][et_pb_column type=\u00bb1_3&#8243; _builder_version=\u00bb4.17.6&#8243; _module_preset=\u00bbdefault\u00bb global_colors_info=\u00bb{}\u00bb][et_pb_toggle title=\u00bbT\u00e9cnico o t\u00e9cnica en Administraci\u00f3n Log\u00edstica\u00bb open_toggle_text_color=\u00bb#000000&#8243; open_toggle_background_color=\u00bb#FFFFFF\u00bb closed_toggle_background_color=\u00bb#FFFFFF\u00bb icon_color=\u00bb#009bdb\u00bb toggle_icon=\u00bb&#xe048;||divi||400&#8243; use_icon_font_size=\u00bbon\u00bb icon_font_size=\u00bb26px\u00bb open_icon_color=\u00bb#009bdb\u00bb open_toggle_icon=\u00bb&#xe047;||divi||400&#8243; open_use_icon_font_size=\u00bbon\u00bb open_icon_font_size=\u00bb26px\u00bb disabled_on=\u00bboff|off|off\u00bb admin_label=\u00bbT\u00e9cnico o t\u00e9cnica en Administraci\u00f3n Log\u00edstica\u00bb _builder_version=\u00bb4.22.2&#8243; _module_preset=\u00bbdefault\u00bb title_text_color=\u00bb#000000&#8243; title_font=\u00bb|700||on|||||\u00bb global_colors_info=\u00bb{}\u00bb]<\/p>\n<table border=\"0\" width=\"496\" cellspacing=\"0\" cellpadding=\"0\">\n<colgroup>\n<col width=\"204\" \/>\n<col width=\"161\" \/>\n<col width=\"131\" \/><\/colgroup>\n<tbody>\n<tr>\n<td class=\"xl66\" width=\"204\" height=\"20\"><strong>NOMBRE<\/strong><\/td>\n<td class=\"xl66\" width=\"161\"><strong>PATERNO<\/strong><\/td>\n<td class=\"xl66\" width=\"131\"><strong>MATERNO<\/strong><\/td>\n<\/tr>\n<tr>\n<td height=\"20\">ELIZABETH ELIANA<\/td>\n<td>ABARCA<\/td>\n<td>HONORATO<\/td>\n<\/tr>\n<tr>\n<td height=\"20\">JOAQU\u00cdN ANDR\u00c9S<\/td>\n<td>ALEGR\u00cdA<\/td>\n<td>D\u00cdAZ<\/td>\n<\/tr>\n<tr>\n<td height=\"20\">MACARENA ALEJANDRA<\/td>\n<td>ALVARADO<\/td>\n<td>MONTENEGRO<\/td>\n<\/tr>\n<tr>\n<td height=\"20\">LUIS ALBERTO<\/td>\n<td>ARIAS<\/td>\n<td>ROCHA<\/td>\n<\/tr>\n<tr>\n<td height=\"20\">THYARE FRANCISCA<\/td>\n<td>AROS<\/td>\n<td>AGUILERA<\/td>\n<\/tr>\n<tr>\n<td height=\"20\">CATALINA ORNELLA<\/td>\n<td>CABRERA<\/td>\n<td>VARGAS<\/td>\n<\/tr>\n<tr>\n<td height=\"20\">ALEXIS YAMIL<\/td>\n<td>C\u00c1CERES<\/td>\n<td>RAM\u00cdREZ<\/td>\n<\/tr>\n<tr>\n<td height=\"20\">WENDY PAOLA<\/td>\n<td>COLLAO<\/td>\n<td>DELGADO<\/td>\n<\/tr>\n<tr>\n<td height=\"20\">VALENTINA NAZARET<\/td>\n<td>CRUZ<\/td>\n<td>LIRA<\/td>\n<\/tr>\n<tr>\n<td class=\"xl67\" height=\"20\">HOLIBERTHO<\/td>\n<td class=\"xl67\">DESIRE<\/td>\n<td class=\"xl67\">REBECA<\/td>\n<\/tr>\n<tr>\n<td height=\"20\">PAULA IVONNE<\/td>\n<td>D\u00cdAZ<\/td>\n<td>MU\u00d1OZ<\/td>\n<\/tr>\n<tr>\n<td height=\"20\">BASTTIAN ALEJANDRO<\/td>\n<td>ESCALA<\/td>\n<td>BRIONES<\/td>\n<\/tr>\n<tr>\n<td height=\"20\">CONSTANZA MACARENA<\/td>\n<td>ESCOBAR<\/td>\n<td>TAPIA<\/td>\n<\/tr>\n<tr>\n<td height=\"20\">EULALIA JULIETA<\/td>\n<td>FERNANDES<\/td>\n<td>NETA<\/td>\n<\/tr>\n<tr>\n<td height=\"20\">ORIEL ALEXANDER<\/td>\n<td>FUENTES<\/td>\n<td>OCARES<\/td>\n<\/tr>\n<tr>\n<td height=\"20\">JAVIERA FRANCISCA<\/td>\n<td>GONZ\u00c1LEZ<\/td>\n<td>CATALDO<\/td>\n<\/tr>\n<tr>\n<td height=\"20\">GABRIEL IGNACIO<\/td>\n<td>GUZM\u00c1N<\/td>\n<td>GARC\u00cdA<\/td>\n<\/tr>\n<tr>\n<td height=\"20\">ELIZABETH JAVIERA<\/td>\n<td>HERRERA<\/td>\n<td>ESCAR<\/td>\n<\/tr>\n<tr>\n<td height=\"20\">NOELIA GIANINA<\/td>\n<td>IBACETA<\/td>\n<td>GUSTAVO<\/td>\n<\/tr>\n<tr>\n<td height=\"20\">EL\u00cdAS IGNACIO<\/td>\n<td>ISAMI<\/td>\n<td>FERN\u00c1NDEZ<\/td>\n<\/tr>\n<tr>\n<td height=\"20\">CAMILA SCARLETH<\/td>\n<td>JIM\u00c9NEZ<\/td>\n<td>BARRERA<\/td>\n<\/tr>\n<tr>\n<td height=\"20\">ESTRELLA CASANDRA<\/td>\n<td>LOBOS<\/td>\n<td>CATALDO<\/td>\n<\/tr>\n<tr>\n<td height=\"20\">ANDREA CAMILA<\/td>\n<td>MILLAQUEO<\/td>\n<td>MILLAQUEO<\/td>\n<\/tr>\n<tr>\n<td height=\"20\">DIEGO ANDR\u00c9S<\/td>\n<td>NAVARRO<\/td>\n<td>URZ\u00daA<\/td>\n<\/tr>\n<tr>\n<td height=\"20\">BASTI\u00c1N AN\u00cdBAL<\/td>\n<td>NECULQUEO<\/td>\n<td>ESCUDERO<\/td>\n<\/tr>\n<tr>\n<td height=\"20\">JESSICA EDITH DANAE<\/td>\n<td>\u00d3RDENES<\/td>\n<td>MORALES<\/td>\n<\/tr>\n<tr>\n<td height=\"20\">MAR\u00cdA FERNANDA POLLETTE<\/td>\n<td>OSAND\u00d3N<\/td>\n<td>PALACIOS<\/td>\n<\/tr>\n<tr>\n<td height=\"20\">ROXANA EUGENIA<\/td>\n<td>OSSAND\u00d3N<\/td>\n<td>GONZ\u00c1LEZ<\/td>\n<\/tr>\n<tr>\n<td height=\"20\">MAR\u00cdA LAURA<\/td>\n<td>PARRA<\/td>\n<td>OLIVARES<\/td>\n<\/tr>\n<tr>\n<td height=\"20\">MAR\u00cdA ADRIANA<\/td>\n<td>P\u00c9REZ<\/td>\n<td>CATRILEF<\/td>\n<\/tr>\n<tr>\n<td height=\"20\">DANIEL ISAAC<\/td>\n<td>PUEL<\/td>\n<td>RIVERA<\/td>\n<\/tr>\n<tr>\n<td height=\"20\">TALIA DEL CARMEN<\/td>\n<td>REYES<\/td>\n<td>AHUMADA<\/td>\n<\/tr>\n<tr>\n<td height=\"20\">JENNIFER ALEXANDRA<\/td>\n<td>ROJAS<\/td>\n<td>MORALES<\/td>\n<\/tr>\n<tr>\n<td height=\"20\">STEFANI ALEJANDRA<\/td>\n<td>RUBILAR<\/td>\n<td>TAPIA<\/td>\n<\/tr>\n<tr>\n<td height=\"20\">ALEJANDRA KATEREIN<\/td>\n<td>S\u00c1NCHEZ<\/td>\n<td>GARAY<\/td>\n<\/tr>\n<tr>\n<td height=\"20\">FRANCISCO JAVIER<\/td>\n<td>SOTO<\/td>\n<td>GUERRERO<\/td>\n<\/tr>\n<tr>\n<td height=\"20\">RODRIGO NICOL\u00c1S<\/td>\n<td>SOTO<\/td>\n<td>SOTO<\/td>\n<\/tr>\n<tr>\n<td height=\"20\">IGNACIA ALEXANDRA<\/td>\n<td>TOBAR<\/td>\n<td>LEIVA<\/td>\n<\/tr>\n<tr>\n<td height=\"20\">CHRISTIAN BYRON<\/td>\n<td>ULLOA<\/td>\n<td>OLGU\u00cdN<\/td>\n<\/tr>\n<tr>\n<td height=\"20\">CONSTANZA ANDREA<\/td>\n<td>VALENCIA<\/td>\n<td>MOLINA<\/td>\n<\/tr>\n<tr>\n<td height=\"20\">MARIANA JAVIERA<\/td>\n<td>VEGAS<\/td>\n<td>OLGU\u00cdN<\/td>\n<\/tr>\n<tr>\n<td height=\"20\">JAVIER IGNACIO<\/td>\n<td>VICENCIO<\/td>\n<td>OLAVARR\u00cdA<\/td>\n<\/tr>\n<\/tbody>\n<\/table>\n<p>[\/et_pb_toggle][\/et_pb_column][et_pb_column type=\u00bb1_3&#8243; _builder_version=\u00bb4.17.6&#8243; _module_preset=\u00bbdefault\u00bb global_colors_info=\u00bb{}\u00bb][\/et_pb_column][et_pb_column type=\u00bb1_3&#8243; _builder_version=\u00bb4.17.6&#8243; _module_preset=\u00bbdefault\u00bb global_colors_info=\u00bb{}\u00bb][\/et_pb_column][\/et_pb_row][\/et_pb_section][et_pb_section fb_built=\u00bb1&#8243; disabled_on=\u00bboff|off|off\u00bb _builder_version=\u00bb4.22.0&#8243; _module_preset=\u00bbdefault\u00bb width=\u00bb100%\u00bb max_width=\u00bb100%\u00bb custom_padding=\u00bb5px|||||\u00bb global_colors_info=\u00bb{}\u00bb][et_pb_row use_custom_gutter=\u00bbon\u00bb gutter_width=\u00bb1&#8243; _builder_version=\u00bb4.17.6&#8243; _module_preset=\u00bbdefault\u00bb width=\u00bb96%\u00bb max_width=\u00bb2560px\u00bb module_alignment=\u00bbleft\u00bb custom_padding=\u00bb||9px|||\u00bb global_colors_info=\u00bb{}\u00bb][et_pb_column type=\u00bb4_4&#8243; _builder_version=\u00bb4.17.6&#8243; _module_preset=\u00bbdefault\u00bb global_colors_info=\u00bb{}\u00bb][et_pb_blurb title=\u00bbCeremonia de titulaci\u00f3n: Martes 5 de diciembre de 2023, 14.30 horas\u00bb use_icon=\u00bbon\u00bb font_icon=\u00bb&#xf073;||fa||400&#8243; icon_color=\u00bb#009bdb\u00bb icon_placement=\u00bbleft\u00bb image_icon_width=\u00bb53px\u00bb content_max_width=\u00bb1100px\u00bb admin_label=\u00bbCeremonia de titulaci\u00f3n: Martes 5 de diciembre de 2023, 14.30 horas\u00bb _builder_version=\u00bb4.22.2&#8243; _module_preset=\u00bbdefault\u00bb header_font=\u00bb|800||on|||||\u00bb header_text_color=\u00bb#303030&#8243; header_font_size=\u00bb27px\u00bb body_font=\u00bb||||||||\u00bb body_text_color=\u00bb#0099cc\u00bb body_font_size=\u00bb16px\u00bb custom_margin=\u00bb||-1px|||\u00bb global_colors_info=\u00bb{}\u00bb]<\/p>\n<h2>Instituto Tecnol\u00f3gico, Campus San Felipe<\/h2>\n<p>Sal\u00f3n Auditorio del Campus.<\/p>\n<p>[\/et_pb_blurb][\/et_pb_column][\/et_pb_row][et_pb_row column_structure=\u00bb1_3,1_3,1_3&#8243; use_custom_gutter=\u00bbon\u00bb disabled_on=\u00bboff|off|off\u00bb _builder_version=\u00bb4.22.0&#8243; _module_preset=\u00bbdefault\u00bb width=\u00bb94%\u00bb max_width=\u00bb2560px\u00bb custom_padding=\u00bb18px||18px|||\u00bb global_colors_info=\u00bb{}\u00bb][et_pb_column type=\u00bb1_3&#8243; _builder_version=\u00bb4.17.6&#8243; _module_preset=\u00bbdefault\u00bb global_colors_info=\u00bb{}\u00bb][et_pb_toggle title=\u00bbT\u00e9cnico o t\u00e9cnica en Miner\u00eda\u00bb open_toggle_text_color=\u00bb#000000&#8243; open_toggle_background_color=\u00bb#FFFFFF\u00bb closed_toggle_background_color=\u00bb#FFFFFF\u00bb icon_color=\u00bb#009bdb\u00bb toggle_icon=\u00bb&#xe048;||divi||400&#8243; use_icon_font_size=\u00bbon\u00bb icon_font_size=\u00bb26px\u00bb open_icon_color=\u00bb#009bdb\u00bb open_toggle_icon=\u00bb&#xe047;||divi||400&#8243; open_use_icon_font_size=\u00bbon\u00bb open_icon_font_size=\u00bb26px\u00bb disabled_on=\u00bboff|off|off\u00bb admin_label=\u00bbT\u00e9cnico o t\u00e9cnica en Miner\u00eda\u00bb _builder_version=\u00bb4.22.2&#8243; _module_preset=\u00bbdefault\u00bb title_text_color=\u00bb#000000&#8243; title_font=\u00bb|700||on|||||\u00bb global_colors_info=\u00bb{}\u00bb]<\/p>\n<table style=\"width: 90%;\" border=\"0\" width=\"90%\" cellspacing=\"0\" cellpadding=\"0\">\n<colgroup>\n<col width=\"204\" \/>\n<col width=\"161\" \/>\n<col width=\"131\" \/><\/colgroup>\n<tbody>\n<tr>\n<td class=\"xl66\" width=\"204\" height=\"20\">NOMBRE<\/td>\n<td class=\"xl66\" width=\"161\">PATERNO<\/td>\n<td class=\"xl66\" width=\"131\">MATERNO<\/td>\n<\/tr>\n<tr>\n<td height=\"20\">PERCY BERNARDO<\/td>\n<td>ALVEAR<\/td>\n<td>HERMOSILLA<\/td>\n<\/tr>\n<tr>\n<td height=\"20\">PIERO ALEJANDRO<\/td>\n<td>ARAYA<\/td>\n<td>GARC\u00cdA<\/td>\n<\/tr>\n<tr>\n<td height=\"20\">SHAIWA BRISA<\/td>\n<td>ARREDONDO<\/td>\n<td>ARREDONDO<\/td>\n<\/tr>\n<tr>\n<td height=\"20\">ORNELLA ISAMAR<\/td>\n<td>CARVAJAL<\/td>\n<td>FAR\u00cdAS<\/td>\n<\/tr>\n<tr>\n<td height=\"20\">BRYAN GERVASIO<\/td>\n<td>COFR\u00c9<\/td>\n<td>CEPEDA<\/td>\n<\/tr>\n<tr>\n<td height=\"20\">FELICIANO ALEJANDRO<\/td>\n<td>CONTRERAS<\/td>\n<td>ASPEE<\/td>\n<\/tr>\n<tr>\n<td height=\"20\">RUBY CASANDRA<\/td>\n<td>CONTRERAS<\/td>\n<td>MATURANA<\/td>\n<\/tr>\n<tr>\n<td height=\"20\">IV\u00d3N ALEJANDRA<\/td>\n<td>DONOSO<\/td>\n<td>TAPIA<\/td>\n<\/tr>\n<tr>\n<td height=\"20\">BENJAM\u00cdN ESTEBAN<\/td>\n<td>FERN\u00c1NDEZ<\/td>\n<td>GONZ\u00c1LEZ<\/td>\n<\/tr>\n<tr>\n<td height=\"20\">DIEGO BENJAM\u00cdN<\/td>\n<td>GALLEGUILLOS<\/td>\n<td>HERRERA<\/td>\n<\/tr>\n<tr>\n<td height=\"20\">MICHAEL ALBERTO<\/td>\n<td>G\u00d3MEZ<\/td>\n<td>LEP\u00cdN<\/td>\n<\/tr>\n<tr>\n<td height=\"20\">PAULA JOSEFA<\/td>\n<td>HERN\u00c1NDEZ<\/td>\n<td>CRUZ<\/td>\n<\/tr>\n<tr>\n<td height=\"20\">FRANCISCO JAVIER<\/td>\n<td>HOSIMA<\/td>\n<td>GARC\u00cdA<\/td>\n<\/tr>\n<tr>\n<td height=\"20\">YESENIA ANDREA<\/td>\n<td>HURTUBIA<\/td>\n<td>ARANCIBIA<\/td>\n<\/tr>\n<tr>\n<td height=\"20\">AURELIO ANDR\u00c9S<\/td>\n<td>JARA<\/td>\n<td>GAMBOA<\/td>\n<\/tr>\n<tr>\n<td height=\"20\">VALENT\u00cdN VICENTE<\/td>\n<td>MATURANA<\/td>\n<td>P\u00c9REZ<\/td>\n<\/tr>\n<tr>\n<td height=\"20\">ISABEAU YARELIS<\/td>\n<td>MENESES<\/td>\n<td>PIZARRO<\/td>\n<\/tr>\n<tr>\n<td height=\"20\">V\u00cdCTOR OMAR<\/td>\n<td>MILL\u00c1N<\/td>\n<td>MILL\u00c1N<\/td>\n<\/tr>\n<tr>\n<td height=\"20\">GABRIEL FABI\u00c1N<\/td>\n<td>MONTENEGRO<\/td>\n<td>CANALES<\/td>\n<\/tr>\n<tr>\n<td height=\"20\">MORONI<\/td>\n<td>OLVERA<\/td>\n<td>DE LA CRUZ<\/td>\n<\/tr>\n<tr>\n<td height=\"20\">VALENT\u00cdN ENRIQUE<\/td>\n<td>PALACIOS<\/td>\n<td>REINOSO<\/td>\n<\/tr>\n<tr>\n<td height=\"20\">BRENDA SCARLETT<\/td>\n<td>PE\u00d1A<\/td>\n<td>GUTI\u00c9RREZ<\/td>\n<\/tr>\n<tr>\n<td height=\"20\">MARITZA DEL CARMEN<\/td>\n<td>ROMERO<\/td>\n<td>OLIVARES<\/td>\n<\/tr>\n<tr>\n<td height=\"20\">GABRIEL IGNACIO<\/td>\n<td>URRUTIA<\/td>\n<td>MARCOLETA<\/td>\n<\/tr>\n<tr>\n<td height=\"20\">MICHAEL ANDR\u00c9S<\/td>\n<td>VICENCIO<\/td>\n<td>\u00c1LAMOS<\/td>\n<\/tr>\n<\/tbody>\n<\/table>\n<p>[\/et_pb_toggle][\/et_pb_column][et_pb_column type=\u00bb1_3&#8243; _builder_version=\u00bb4.17.6&#8243; _module_preset=\u00bbdefault\u00bb global_colors_info=\u00bb{}\u00bb][et_pb_toggle title=\u00bbT\u00e9cnico o t\u00e9cnica en Geolog\u00eda, menci\u00f3n en Miner\u00eda\u00bb open_toggle_text_color=\u00bb#000000&#8243; open_toggle_background_color=\u00bb#FFFFFF\u00bb closed_toggle_background_color=\u00bb#FFFFFF\u00bb icon_color=\u00bb#009bdb\u00bb toggle_icon=\u00bb&#xe048;||divi||400&#8243; use_icon_font_size=\u00bbon\u00bb icon_font_size=\u00bb26px\u00bb open_icon_color=\u00bb#009bdb\u00bb open_toggle_icon=\u00bb&#xe047;||divi||400&#8243; open_use_icon_font_size=\u00bbon\u00bb open_icon_font_size=\u00bb26px\u00bb disabled_on=\u00bboff|off|off\u00bb admin_label=\u00bbT\u00e9cnico o t\u00e9cnica en Geolog\u00eda, menci\u00f3n en Miner\u00eda\u00bb _builder_version=\u00bb4.22.2&#8243; _module_preset=\u00bbdefault\u00bb title_text_color=\u00bb#000000&#8243; title_font=\u00bb|700||on|||||\u00bb global_colors_info=\u00bb{}\u00bb]<\/p>\n<table style=\"width: 90%;\" border=\"0\" width=\"90%\" cellspacing=\"0\" cellpadding=\"0\">\n<colgroup>\n<col width=\"204\" \/>\n<col width=\"161\" \/>\n<col width=\"131\" \/><\/colgroup>\n<tbody>\n<tr>\n<td class=\"xl66\" width=\"204\" height=\"20\"><strong>NOMBRE<\/strong><\/td>\n<td class=\"xl66\" width=\"161\"><strong>PATERNO<\/strong><\/td>\n<td class=\"xl66\" width=\"131\"><strong>MATERNO<\/strong><\/td>\n<\/tr>\n<tr>\n<td height=\"20\">SCARLETTE POULETT<\/td>\n<td>ALVARADO<\/td>\n<td>PONCE<\/td>\n<\/tr>\n<tr>\n<td height=\"20\">PABLO ANTONIO<\/td>\n<td>JOFR\u00c9<\/td>\n<td>GONZ\u00c1LEZ<\/td>\n<\/tr>\n<\/tbody>\n<\/table>\n<p>[\/et_pb_toggle][\/et_pb_column][et_pb_column type=\u00bb1_3&#8243; _builder_version=\u00bb4.17.6&#8243; _module_preset=\u00bbdefault\u00bb global_colors_info=\u00bb{}\u00bb][et_pb_toggle title=\u00bbT\u00e9cnico o t\u00e9cnica en Construcci\u00f3n\u00bb open_toggle_text_color=\u00bb#000000&#8243; open_toggle_background_color=\u00bb#FFFFFF\u00bb closed_toggle_background_color=\u00bb#FFFFFF\u00bb icon_color=\u00bb#009bdb\u00bb toggle_icon=\u00bb&#xe048;||divi||400&#8243; use_icon_font_size=\u00bbon\u00bb icon_font_size=\u00bb26px\u00bb open_icon_color=\u00bb#009bdb\u00bb open_toggle_icon=\u00bb&#xe047;||divi||400&#8243; open_use_icon_font_size=\u00bbon\u00bb open_icon_font_size=\u00bb26px\u00bb disabled_on=\u00bboff|off|off\u00bb admin_label=\u00bbT\u00e9cnico o t\u00e9cnica en Construcci\u00f3n\u00bb _builder_version=\u00bb4.22.2&#8243; _module_preset=\u00bbdefault\u00bb title_text_color=\u00bb#000000&#8243; title_font=\u00bb|700||on|||||\u00bb global_colors_info=\u00bb{}\u00bb]<\/p>\n<table style=\"width: 90%;\" border=\"0\" width=\"90%\" cellspacing=\"0\" cellpadding=\"0\">\n<colgroup>\n<col width=\"204\" \/>\n<col width=\"161\" \/>\n<col width=\"131\" \/><\/colgroup>\n<tbody>\n<tr>\n<td class=\"xl66\" width=\"204\" height=\"20\"><strong>NOMBRE<\/strong><\/td>\n<td class=\"xl66\" width=\"161\"><strong>PATERNO<\/strong><\/td>\n<td class=\"xl66\" width=\"131\"><strong>MATERNO<\/strong><\/td>\n<\/tr>\n<tr>\n<td height=\"20\">JORGE HERN\u00c1N<\/td>\n<td>CASTRO<\/td>\n<td>CASTRO<\/td>\n<\/tr>\n<tr>\n<td height=\"20\">JOS\u00c9 ANDR\u00c9S<\/td>\n<td>ESPINOZA<\/td>\n<td>SILVA<\/td>\n<\/tr>\n<tr>\n<td height=\"20\">DIEGO FRANCISCO<\/td>\n<td>FUENTES<\/td>\n<td>MONTENEGRO<\/td>\n<\/tr>\n<tr>\n<td height=\"20\">FELIPE EUGENIO<\/td>\n<td>GALLARDO<\/td>\n<td>ZAMORA<\/td>\n<\/tr>\n<tr>\n<td height=\"20\">KEVIN PATRICIO<\/td>\n<td>JARA<\/td>\n<td>HINOJOSA<\/td>\n<\/tr>\n<tr>\n<td height=\"20\">CARLOS ADOLFO<\/td>\n<td>MENESES<\/td>\n<td>VICENCIO<\/td>\n<\/tr>\n<tr>\n<td height=\"20\">JUAN PABLO<\/td>\n<td>NAVEAS<\/td>\n<td>MURRAY<\/td>\n<\/tr>\n<tr>\n<td height=\"20\">DANIEL ISAAC<\/td>\n<td>PERALTA<\/td>\n<td>SILVA<\/td>\n<\/tr>\n<tr>\n<td height=\"20\">RODRIGO ADRI\u00c1N<\/td>\n<td>PONCE<\/td>\n<td>SOTO<\/td>\n<\/tr>\n<tr>\n<td height=\"20\">BRIAN NICOL\u00c1S<\/td>\n<td>RUBIO<\/td>\n<td>TAPIA<\/td>\n<\/tr>\n<tr>\n<td height=\"20\">BASTI\u00c1N ALEXANDER<\/td>\n<td>TELLO<\/td>\n<td>REIMERS<\/td>\n<\/tr>\n<tr>\n<td height=\"20\">CLAUDIO IGNACIO ALEXANDER<\/td>\n<td>VARAS<\/td>\n<td>ZAMORA<\/td>\n<\/tr>\n<tr>\n<td height=\"20\">JOS\u00c9 DANIEL<\/td>\n<td>ZAMORA<\/td>\n<td>CARVAJAL<\/td>\n<\/tr>\n<\/tbody>\n<\/table>\n<p>[\/et_pb_toggle][\/et_pb_column][\/et_pb_row][et_pb_row column_structure=\u00bb1_3,1_3,1_3&#8243; use_custom_gutter=\u00bbon\u00bb disabled_on=\u00bboff|off|off\u00bb _builder_version=\u00bb4.22.0&#8243; _module_preset=\u00bbdefault\u00bb width=\u00bb94%\u00bb max_width=\u00bb2560px\u00bb custom_padding=\u00bb18px||18px|||\u00bb global_colors_info=\u00bb{}\u00bb][et_pb_column type=\u00bb1_3&#8243; _builder_version=\u00bb4.17.6&#8243; _module_preset=\u00bbdefault\u00bb global_colors_info=\u00bb{}\u00bb][et_pb_toggle title=\u00bbAnalista Qu\u00edmica o Analista Qu\u00edmico\u00bb open_toggle_text_color=\u00bb#000000&#8243; open_toggle_background_color=\u00bb#FFFFFF\u00bb closed_toggle_background_color=\u00bb#FFFFFF\u00bb icon_color=\u00bb#009bdb\u00bb toggle_icon=\u00bb&#xe048;||divi||400&#8243; use_icon_font_size=\u00bbon\u00bb icon_font_size=\u00bb26px\u00bb open_icon_color=\u00bb#009bdb\u00bb open_toggle_icon=\u00bb&#xe047;||divi||400&#8243; open_use_icon_font_size=\u00bbon\u00bb open_icon_font_size=\u00bb26px\u00bb disabled_on=\u00bboff|off|off\u00bb admin_label=\u00bbAnalista Qu\u00edmica o Analista Qu\u00edmico\u00bb _builder_version=\u00bb4.22.2&#8243; _module_preset=\u00bbdefault\u00bb title_text_color=\u00bb#000000&#8243; title_font=\u00bb|700||on|||||\u00bb global_colors_info=\u00bb{}\u00bb]<\/p>\n<table style=\"width: 90%;\" border=\"0\" width=\"90%\" cellspacing=\"0\" cellpadding=\"0\">\n<colgroup>\n<col width=\"204\" \/>\n<col width=\"161\" \/>\n<col width=\"131\" \/><\/colgroup>\n<tbody>\n<tr>\n<td class=\"xl66\" width=\"204\" height=\"20\"><strong>NOMBRE<\/strong><\/td>\n<td class=\"xl66\" width=\"161\"><strong>PATERNO<\/strong><\/td>\n<td class=\"xl66\" width=\"131\"><strong>MATERNO<\/strong><\/td>\n<\/tr>\n<tr>\n<td height=\"20\">SCARLET HELENA<\/td>\n<td>PACHECO<\/td>\n<td>CISTERNAS<\/td>\n<\/tr>\n<tr>\n<td height=\"20\">LEA DAMARIS<\/td>\n<td>P\u00c9REZ<\/td>\n<td>ARAOZ<\/td>\n<\/tr>\n<tr>\n<td height=\"20\">KIARA SCARLETT<\/td>\n<td>PINEDA<\/td>\n<td>PLAZA<\/td>\n<\/tr>\n<tr>\n<td height=\"20\">IGNACIA ANTONIA<\/td>\n<td>ROJAS<\/td>\n<td>CUEVAS<\/td>\n<\/tr>\n<\/tbody>\n<\/table>\n<p>[\/et_pb_toggle][\/et_pb_column][et_pb_column type=\u00bb1_3&#8243; _builder_version=\u00bb4.17.6&#8243; _module_preset=\u00bbdefault\u00bb global_colors_info=\u00bb{}\u00bb][\/et_pb_column][et_pb_column type=\u00bb1_3&#8243; _builder_version=\u00bb4.17.6&#8243; _module_preset=\u00bbdefault\u00bb global_colors_info=\u00bb{}\u00bb][\/et_pb_column][\/et_pb_row][\/et_pb_section][et_pb_section fb_built=\u00bb1&#8243; disabled_on=\u00bboff|off|off\u00bb _builder_version=\u00bb4.22.0&#8243; _module_preset=\u00bbdefault\u00bb width=\u00bb100%\u00bb max_width=\u00bb100%\u00bb custom_padding=\u00bb5px|||||\u00bb global_colors_info=\u00bb{}\u00bb][et_pb_row use_custom_gutter=\u00bbon\u00bb gutter_width=\u00bb1&#8243; _builder_version=\u00bb4.17.6&#8243; _module_preset=\u00bbdefault\u00bb width=\u00bb96%\u00bb max_width=\u00bb2560px\u00bb module_alignment=\u00bbleft\u00bb custom_padding=\u00bb||9px|||\u00bb global_colors_info=\u00bb{}\u00bb][et_pb_column type=\u00bb4_4&#8243; _builder_version=\u00bb4.17.6&#8243; _module_preset=\u00bbdefault\u00bb global_colors_info=\u00bb{}\u00bb][et_pb_blurb title=\u00bbCeremonia de titulaci\u00f3n: Martes 5 de diciembre de 2023, 17.00 horas\u00bb use_icon=\u00bbon\u00bb font_icon=\u00bb&#xf073;||fa||400&#8243; icon_color=\u00bb#009bdb\u00bb icon_placement=\u00bbleft\u00bb image_icon_width=\u00bb53px\u00bb content_max_width=\u00bb1100px\u00bb admin_label=\u00bbCeremonia de titulaci\u00f3n: Martes 5 de diciembre de 2023, 17.00 horas\u00bb _builder_version=\u00bb4.22.2&#8243; _module_preset=\u00bbdefault\u00bb header_font=\u00bb|800||on|||||\u00bb header_text_color=\u00bb#303030&#8243; header_font_size=\u00bb27px\u00bb body_font=\u00bb||||||||\u00bb body_text_color=\u00bb#0099cc\u00bb body_font_size=\u00bb16px\u00bb custom_margin=\u00bb||-1px|||\u00bb global_colors_info=\u00bb{}\u00bb]<\/p>\n<h2>Instituto Tecnol\u00f3gico, Campus San Felipe<\/h2>\n<p>Sal\u00f3n Auditorio del Campus.<\/p>\n<p>[\/et_pb_blurb][\/et_pb_column][\/et_pb_row][et_pb_row column_structure=\u00bb1_3,1_3,1_3&#8243; use_custom_gutter=\u00bbon\u00bb disabled_on=\u00bboff|off|off\u00bb _builder_version=\u00bb4.22.0&#8243; _module_preset=\u00bbdefault\u00bb width=\u00bb94%\u00bb max_width=\u00bb2560px\u00bb custom_padding=\u00bb18px||18px|||\u00bb global_colors_info=\u00bb{}\u00bb][et_pb_column type=\u00bb1_3&#8243; _builder_version=\u00bb4.17.6&#8243; _module_preset=\u00bbdefault\u00bb global_colors_info=\u00bb{}\u00bb][et_pb_toggle title=\u00bbT\u00e9cnico o t\u00e9cnica en Administraci\u00f3n de Recursos Humanos\u00bb open_toggle_text_color=\u00bb#000000&#8243; open_toggle_background_color=\u00bb#FFFFFF\u00bb closed_toggle_background_color=\u00bb#FFFFFF\u00bb icon_color=\u00bb#009bdb\u00bb toggle_icon=\u00bb&#xe048;||divi||400&#8243; use_icon_font_size=\u00bbon\u00bb icon_font_size=\u00bb26px\u00bb open_icon_color=\u00bb#009bdb\u00bb open_toggle_icon=\u00bb&#xe047;||divi||400&#8243; open_use_icon_font_size=\u00bbon\u00bb open_icon_font_size=\u00bb26px\u00bb disabled_on=\u00bboff|off|off\u00bb admin_label=\u00bbT\u00e9cnico o t\u00e9cnica en Administraci\u00f3n de Recursos Humanos\u00bb _builder_version=\u00bb4.22.2&#8243; _module_preset=\u00bbdefault\u00bb title_text_color=\u00bb#000000&#8243; title_font=\u00bb|700||on|||||\u00bb global_colors_info=\u00bb{}\u00bb]<\/p>\n<table style=\"width: 90%;\" border=\"0\" width=\"90%\" cellspacing=\"0\" cellpadding=\"0\">\n<colgroup>\n<col width=\"204\" \/>\n<col width=\"161\" \/>\n<col width=\"131\" \/><\/colgroup>\n<tbody>\n<tr>\n<td class=\"xl66\" width=\"204\" height=\"20\"><strong>NOMBRE<\/strong><\/td>\n<td class=\"xl66\" width=\"161\"><strong>PATERNO<\/strong><\/td>\n<td class=\"xl66\" width=\"131\"><strong>MATERNO<\/strong><\/td>\n<\/tr>\n<tr>\n<td height=\"20\">KATTIA ALEXANDRA SCARLET<\/td>\n<td>AGUILERA<\/td>\n<td>TAPIA<\/td>\n<\/tr>\n<tr>\n<td height=\"20\">ALEJANDRA JOAQUINA<\/td>\n<td>ALCAYAGA<\/td>\n<td>FA\u00daNDEZ<\/td>\n<\/tr>\n<tr>\n<td height=\"20\">JAME KAREN<\/td>\n<td>ALUCEMA<\/td>\n<td>S\u00c1NCHEZ<\/td>\n<\/tr>\n<tr>\n<td height=\"20\">MARICELA ANDREA<\/td>\n<td>ARANCIBIA<\/td>\n<td>ORTIZ<\/td>\n<\/tr>\n<tr>\n<td height=\"20\">MAR\u00cdA JOS\u00c9<\/td>\n<td>BARRERA<\/td>\n<td>\u00c1VALOS<\/td>\n<\/tr>\n<tr>\n<td height=\"20\">TALIA ALEJANDRA<\/td>\n<td>CARILAO<\/td>\n<td>TORI<\/td>\n<\/tr>\n<tr>\n<td height=\"20\">DARLA BEL\u00c9N<\/td>\n<td>CASTRO<\/td>\n<td>GONZ\u00c1LEZ<\/td>\n<\/tr>\n<tr>\n<td height=\"20\">MAGALY NATALIE<\/td>\n<td>CELED\u00d3N<\/td>\n<td>SU\u00c1REZ<\/td>\n<\/tr>\n<tr>\n<td height=\"20\">BENJAM\u00cdN ANDR\u00c9S<\/td>\n<td>CLAVERO<\/td>\n<td>MONTENEGRO<\/td>\n<\/tr>\n<tr>\n<td height=\"20\">MAR\u00cdA JOS\u00c9<\/td>\n<td>CONTRERAS<\/td>\n<td>LEIVA<\/td>\n<\/tr>\n<tr>\n<td height=\"20\">KATHERIN ANDREA<\/td>\n<td>CORTEZ<\/td>\n<td>FERN\u00c1NDEZ<\/td>\n<\/tr>\n<tr>\n<td height=\"20\">ARTUR<\/td>\n<td>COSTA<\/td>\n<td>MENEZES JUNIOR<\/td>\n<\/tr>\n<tr>\n<td height=\"20\">BRYAN ALEJANDRO<\/td>\n<td>CUEVAS<\/td>\n<td>MATURANA<\/td>\n<\/tr>\n<tr>\n<td height=\"20\">VALERIA ALEJANDRA<\/td>\n<td>D\u00cdAZ<\/td>\n<td>LEGER<\/td>\n<\/tr>\n<tr>\n<td height=\"20\">DAYHANNE CYNTHIA LUCERO<\/td>\n<td>D\u00cdAZ<\/td>\n<td>MANCILLA<\/td>\n<\/tr>\n<tr>\n<td height=\"20\">V\u00cdCTOR ISAAC<\/td>\n<td>ESCUDERO<\/td>\n<td>TAPIA<\/td>\n<\/tr>\n<tr>\n<td height=\"20\">GISLAINE MORELIA<\/td>\n<td>ESPINOZA<\/td>\n<td>RIVAS<\/td>\n<\/tr>\n<tr>\n<td height=\"20\">YENEDY FRANCISCA<\/td>\n<td>ESTAY<\/td>\n<td>ARAVENA<\/td>\n<\/tr>\n<tr>\n<td height=\"20\">CARLA DEL PILAR<\/td>\n<td>FAR\u00cdAS<\/td>\n<td>ARANCIBIA<\/td>\n<\/tr>\n<tr>\n<td height=\"20\">SEBASTI\u00c1N ALBERTO<\/td>\n<td>FIERRO<\/td>\n<td>MADARIAGA<\/td>\n<\/tr>\n<tr>\n<td height=\"20\">IV\u00c1N KEVIN<\/td>\n<td>FLORES<\/td>\n<td>URREA<\/td>\n<\/tr>\n<tr>\n<td height=\"20\">MAR\u00cdA JES\u00daS<\/td>\n<td>GANA<\/td>\n<td>SOTO<\/td>\n<\/tr>\n<tr>\n<td height=\"20\">PAULINA VANESSA<\/td>\n<td>GUTI\u00c9RREZ<\/td>\n<td>DELGADO<\/td>\n<\/tr>\n<tr>\n<td height=\"20\">MAR\u00cdA ELIANA<\/td>\n<td>GUTI\u00c9RREZ<\/td>\n<td>GONZ\u00c1LEZ<\/td>\n<\/tr>\n<tr>\n<td height=\"20\">CATALINA ANDREA<\/td>\n<td>HENR\u00cdQUEZ<\/td>\n<td>Z\u00da\u00d1IGA<\/td>\n<\/tr>\n<tr>\n<td height=\"20\">JOHANNA FRANCHESCA<\/td>\n<td>HERN\u00c1NDEZ<\/td>\n<td>REINOSO<\/td>\n<\/tr>\n<tr>\n<td height=\"20\">VALENTINA FERNANDA<\/td>\n<td>HERRERA<\/td>\n<td>CANABES<\/td>\n<\/tr>\n<tr>\n<td height=\"20\">SOF\u00cdA CATALINA<\/td>\n<td>HERRERA<\/td>\n<td>FERN\u00c1NDEZ<\/td>\n<\/tr>\n<tr>\n<td height=\"20\">M\u00d3NICA KATSUMI<\/td>\n<td>HOSIMA<\/td>\n<td>GARC\u00cdA<\/td>\n<\/tr>\n<tr>\n<td height=\"20\">PAMELA JACQUELINE<\/td>\n<td>LAZCANO<\/td>\n<td>ESCUDERO<\/td>\n<\/tr>\n<tr>\n<td height=\"20\">BRODIES RICARDO<\/td>\n<td>LEIVA<\/td>\n<td>COCCIO<\/td>\n<\/tr>\n<tr>\n<td height=\"20\">DANIELA ELIZABETH<\/td>\n<td>LE\u00d3N<\/td>\n<td>ARANCIBIA<\/td>\n<\/tr>\n<tr>\n<td height=\"20\">DEMI BETZAB\u00c9<\/td>\n<td>L\u00d3PEZ<\/td>\n<td>BAST\u00cdAS<\/td>\n<\/tr>\n<tr>\n<td height=\"20\">ALYSON MACARENA<\/td>\n<td>MART\u00cdNEZ<\/td>\n<td>CATALDO<\/td>\n<\/tr>\n<tr>\n<td height=\"20\">DAYANA ARLEY<\/td>\n<td>MART\u00cdNEZ<\/td>\n<td>SALINAS<\/td>\n<\/tr>\n<tr>\n<td height=\"20\">MAXIMILIANO ALONSO<\/td>\n<td>MART\u00cdNEZ<\/td>\n<td>SOTO<\/td>\n<\/tr>\n<tr>\n<td height=\"20\">FRANCISCA ALEXANDRA<\/td>\n<td>MU\u00d1OZ<\/td>\n<td>ROBLES<\/td>\n<\/tr>\n<tr>\n<td height=\"20\">B\u00c1RBARA ALEJANDRA<\/td>\n<td>NARANJO<\/td>\n<td>S\u00c1NCHEZ<\/td>\n<\/tr>\n<tr>\n<td height=\"20\">CAMILA ESTEFAN\u00cdA<\/td>\n<td>NAVARRO<\/td>\n<td>ANTRIS<\/td>\n<\/tr>\n<tr>\n<td height=\"20\">CATALINA FRANCISCA<\/td>\n<td>ORREGO<\/td>\n<td>P\u00c9REZ<\/td>\n<\/tr>\n<tr>\n<td height=\"20\">ANA\u00cdS MILLARAY<\/td>\n<td>PE\u00d1A<\/td>\n<td>SALINAS<\/td>\n<\/tr>\n<tr>\n<td height=\"20\">AYLEEN PATRICIA<\/td>\n<td>PE\u00d1ALOZA<\/td>\n<td>FIGUEROA<\/td>\n<\/tr>\n<tr>\n<td height=\"20\">ELIANA ANDREA<\/td>\n<td>PRADENAS<\/td>\n<td>POZA<\/td>\n<\/tr>\n<tr>\n<td height=\"20\">JAVIERA IGNACIA<\/td>\n<td>REYES<\/td>\n<td>CABALLERO<\/td>\n<\/tr>\n<tr>\n<td height=\"20\">VALENTINA IGNACIA<\/td>\n<td>SAAVEDRA<\/td>\n<td>VILLARROEL<\/td>\n<\/tr>\n<tr>\n<td height=\"20\">KRISNA SIBONEY<\/td>\n<td>SALINAS<\/td>\n<td>MARCHANT<\/td>\n<\/tr>\n<tr>\n<td height=\"20\">POLETT ESTEFAN\u00cdA<\/td>\n<td>S\u00c1NCHEZ<\/td>\n<td>GARC\u00cdA<\/td>\n<\/tr>\n<tr>\n<td height=\"20\">RODRIGO NICOL\u00c1S<\/td>\n<td>SANDOVAL<\/td>\n<td>GARC\u00cdA<\/td>\n<\/tr>\n<tr>\n<td height=\"20\">FLORENCIA CATALINA<\/td>\n<td>SEGURA<\/td>\n<td>OLMEDO<\/td>\n<\/tr>\n<tr>\n<td height=\"20\">CONTANSA PAZ DE JES\u00daS<\/td>\n<td>TAMBLAY<\/td>\n<td>PE\u00d1A<\/td>\n<\/tr>\n<tr>\n<td height=\"20\">ARIADNA DEYANIRA<\/td>\n<td>TERRAZA<\/td>\n<td>PINILLA<\/td>\n<\/tr>\n<tr>\n<td height=\"20\">PAULINA ANDREA<\/td>\n<td>URZ\u00daA<\/td>\n<td>L\u00d3PEZ<\/td>\n<\/tr>\n<tr>\n<td height=\"20\">GABRIELA SOLEDAD<\/td>\n<td>VERGARA<\/td>\n<td>MENARES<\/td>\n<\/tr>\n<tr>\n<td height=\"20\">LILIANA MARIBEL<\/td>\n<td>VILLANUEVA<\/td>\n<td>RIVERO<\/td>\n<\/tr>\n<tr>\n<td height=\"20\">FRANCISCA DENISSE<\/td>\n<td>VIVAR<\/td>\n<td>CABEZAS<\/td>\n<\/tr>\n<tr>\n<td height=\"20\">DAVID ALEJANDRO<\/td>\n<td>ZAGAL<\/td>\n<td>RAM\u00cdREZ<\/td>\n<\/tr>\n<tr>\n<td height=\"20\">AMELIA MARINA<\/td>\n<td>ZAMORA<\/td>\n<td>KLEIN<\/td>\n<\/tr>\n<\/tbody>\n<\/table>\n<p>[\/et_pb_toggle][\/et_pb_column][et_pb_column type=\u00bb1_3&#8243; _builder_version=\u00bb4.17.6&#8243; _module_preset=\u00bbdefault\u00bb global_colors_info=\u00bb{}\u00bb][\/et_pb_column][et_pb_column type=\u00bb1_3&#8243; _builder_version=\u00bb4.17.6&#8243; _module_preset=\u00bbdefault\u00bb global_colors_info=\u00bb{}\u00bb][\/et_pb_column][\/et_pb_row][\/et_pb_section][et_pb_section fb_built=\u00bb1&#8243; specialty=\u00bbon\u00bb admin_label=\u00bbFooter\u00bb _builder_version=\u00bb4.16&#8243; use_background_color_gradient=\u00bbon\u00bb background_color_gradient_stops=\u00bbrgba(0,0,0,0.71) 0%|rgba(0,0,0,0.28) 100%\u00bb background_color_gradient_overlays_image=\u00bbon\u00bb background_color_gradient_start=\u00bbrgba(0,0,0,0.71)\u00bb background_color_gradient_end=\u00bbrgba(0,0,0,0.28)\u00bb background_image=\u00bbhttps:\/\/www.upla.cl\/titulosygrados\/wp-content\/uploads\/2018\/12\/prueba.png\u00bb custom_margin=\u00bb3px|||||\u00bb custom_padding=\u00bb30px|0px|6px|0px|false|false\u00bb background_color_gradient_stops_tablet=\u00bbrgba(0,0,0,0.71) 0%|rgba(0,0,0,0.28) 100%\u00bb background_color_gradient_stops_phone=\u00bbrgba(0,0,0,0.71) 0%|rgba(0,0,0,0.28) 100%\u00bb global_module=\u00bb1040&#8243; saved_tabs=\u00bball\u00bb collapsed=\u00bboff\u00bb global_colors_info=\u00bb{}\u00bb][et_pb_column type=\u00bb1_2&#8243; specialty_columns=\u00bb2&#8243; _builder_version=\u00bb4.16&#8243; custom_padding=\u00bb|||\u00bb global_colors_info=\u00bb{}\u00bb parallax__hover=\u00bboff\u00bb parallax_method__hover=\u00bbon\u00bb custom_padding__hover=\u00bb|||\u00bb][et_pb_row_inner _builder_version=\u00bb4.16&#8243; width=\u00bb90%\u00bb max_width=\u00bb2560px\u00bb global_colors_info=\u00bb{}\u00bb][et_pb_column_inner saved_specialty_column_type=\u00bb1_2&#8243; _builder_version=\u00bb4.16&#8243; custom_padding=\u00bb|||\u00bb global_colors_info=\u00bb{}\u00bb parallax__hover=\u00bboff\u00bb parallax_method__hover=\u00bbon\u00bb custom_padding__hover=\u00bb|||\u00bb][et_pb_text _builder_version=\u00bb4.16&#8243; text_font=\u00bbLato||||||||\u00bb text_font_size=\u00bb15px\u00bb text_line_height=\u00bb2em\u00bb ul_font=\u00bb||||||||\u00bb ol_font=\u00bb||||||||\u00bb header_font=\u00bbLato||||||||\u00bb header_2_font=\u00bbLato|700|||||||\u00bb header_2_font_size=\u00bb42px\u00bb header_2_line_height=\u00bb1.5em\u00bb header_3_font=\u00bbLato|500||on|||||\u00bb header_3_text_color=\u00bb#009bdb\u00bb header_3_font_size=\u00bb14px\u00bb header_3_letter_spacing=\u00bb2px\u00bb header_3_line_height=\u00bb2em\u00bb header_4_font=\u00bb||||||||\u00bb header_5_font=\u00bb||||||||\u00bb header_6_font=\u00bb||||||||\u00bb background_layout=\u00bbdark\u00bb max_width=\u00bb500px\u00bb text_font_size_tablet=\u00bb\u00bb text_font_size_phone=\u00bb14px\u00bb text_font_size_last_edited=\u00bbon|phone\u00bb header_2_font_size_tablet=\u00bb32px\u00bb header_2_font_size_phone=\u00bb22px\u00bb header_2_font_size_last_edited=\u00bbon|phone\u00bb locked=\u00bboff\u00bb global_colors_info=\u00bb{}\u00bb]<\/p>\n<h3>Dudas y consultas<\/h3>\n<h2>Cont\u00e1ctanos<\/h2>\n<p>[\/et_pb_text][\/et_pb_column_inner][\/et_pb_row_inner][et_pb_row_inner column_structure=\u00bb1_2,1_2&#8243; _builder_version=\u00bb4.16&#8243; global_colors_info=\u00bb{}\u00bb][et_pb_column_inner type=\u00bb1_2&#8243; saved_specialty_column_type=\u00bb1_2&#8243; _builder_version=\u00bb4.16&#8243; custom_padding=\u00bb|||\u00bb global_colors_info=\u00bb{}\u00bb parallax__hover=\u00bboff\u00bb parallax_method__hover=\u00bbon\u00bb custom_padding__hover=\u00bb|||\u00bb][et_pb_text _builder_version=\u00bb4.16&#8243; text_font=\u00bbLato||||||||\u00bb text_text_color=\u00bbrgba(255,255,255,0.7)\u00bb text_font_size=\u00bb16px\u00bb text_line_height=\u00bb2em\u00bb header_font=\u00bbLato||||||||\u00bb header_4_font=\u00bbLato|700|||||||\u00bb header_4_line_height=\u00bb1.5em\u00bb background_layout=\u00bbdark\u00bb global_colors_info=\u00bb{}\u00bb]<\/p>\n<h4>Documentos<\/h4>\n<p>Consulta aqu\u00ed sobre los documentos que podemos emitir<\/p>\n<p>[\/et_pb_text][et_pb_text _builder_version=\u00bb4.16&#8243; text_font=\u00bbLato||||||||\u00bb text_text_color=\u00bbrgba(255,255,255,0.7)\u00bb text_font_size=\u00bb16px\u00bb text_line_height=\u00bb2em\u00bb header_font=\u00bbLato||||||||\u00bb header_4_font=\u00bbLato|700|||||||\u00bb header_4_line_height=\u00bb1.5em\u00bb background_layout=\u00bbdark\u00bb global_colors_info=\u00bb{}\u00bb]<\/p>\n<h4>Legalizaci\u00f3n de documentos<\/h4>\n<p>Realiza aqu\u00ed tus comentarios si necesitas legalizar alg\u00fan documento para presentar en el extranjero o si necesitas utilizar un certificado proveniente de una instituci\u00f3n extranjera.<\/p>\n<p>[\/et_pb_text][\/et_pb_column_inner][et_pb_column_inner type=\u00bb1_2&#8243; saved_specialty_column_type=\u00bb1_2&#8243; _builder_version=\u00bb4.16&#8243; custom_padding=\u00bb|||\u00bb global_colors_info=\u00bb{}\u00bb parallax__hover=\u00bboff\u00bb parallax_method__hover=\u00bbon\u00bb custom_padding__hover=\u00bb|||\u00bb][et_pb_text _builder_version=\u00bb4.16&#8243; text_font=\u00bbLato||||||||\u00bb text_text_color=\u00bbrgba(255,255,255,0.7)\u00bb text_font_size=\u00bb16px\u00bb text_line_height=\u00bb2em\u00bb header_font=\u00bbLato||||||||\u00bb header_4_font=\u00bbLato|700|||||||\u00bb header_4_line_height=\u00bb1.5em\u00bb background_layout=\u00bbdark\u00bb global_colors_info=\u00bb{}\u00bb]<\/p>\n<h4>Plazos y fechas<\/h4>\n<p>Si tienes dudas con los plazos para la tramitaci\u00f3n de documentos, o fechas de realizaci\u00f3n de ceremonias, cont\u00e1ctanos.<\/p>\n<p>[\/et_pb_text][et_pb_text _builder_version=\u00bb4.16&#8243; text_font=\u00bbLato||||||||\u00bb text_text_color=\u00bbrgba(255,255,255,0.7)\u00bb text_font_size=\u00bb16px\u00bb text_line_height=\u00bb2em\u00bb header_font=\u00bbLato||||||||\u00bb header_4_font=\u00bbLato|700|||||||\u00bb header_4_line_height=\u00bb1.5em\u00bb background_layout=\u00bbdark\u00bb global_colors_info=\u00bb{}\u00bb]<\/p>\n<h4>Ceremonias<\/h4>\n<p>Cumples con los requisitos para participar de ceremonias de titulaci\u00f3n o graduaci\u00f3n y no apareces en el listado, cons\u00faltanos por esta v\u00eda.<\/p>\n<p>[\/et_pb_text][\/et_pb_column_inner][\/et_pb_row_inner][\/et_pb_column][et_pb_column type=\u00bb1_2&#8243; _builder_version=\u00bb4.16&#8243; custom_padding=\u00bb|||\u00bb global_colors_info=\u00bb{}\u00bb parallax__hover=\u00bboff\u00bb parallax_method__hover=\u00bbon\u00bb custom_padding__hover=\u00bb|||\u00bb][et_pb_contact_form email=\u00bbhumberto.zapata@upla.cl\u00bb success_message=\u00bbExcelente. Hemos recibido tu solicitud de contacto. Nos comunicaremos a la brevedad.\u00bb submit_button_text=\u00bbEnviar\u00bb admin_label=\u00bbContacto\u00bb module_id=\u00bbet_pb_contact_form_0&#8243; _builder_version=\u00bb4.16&#8243; _unique_id=\u00bb23a1b4bb-6d62-4334-a83c-dbe35a86efa3&#8243; form_field_background_color=\u00bb#f5f9fa\u00bb form_field_text_color=\u00bb#000000&#8243; form_field_font=\u00bb||||||||\u00bb background_color=\u00bb#bce3fa\u00bb custom_button=\u00bbon\u00bb button_text_size=\u00bb12px\u00bb button_text_color=\u00bb#ffffff\u00bb button_bg_color=\u00bb#ef3b24&#8243; button_border_width=\u00bb14px\u00bb button_border_color=\u00bbrgba(0,0,0,0)\u00bb button_border_radius=\u00bb0px\u00bb button_letter_spacing=\u00bb2px\u00bb button_font=\u00bbRubik|500||on|||||\u00bb button_use_icon=\u00bboff\u00bb custom_padding=\u00bb60px|40px|60px|40px|true|true\u00bb animation_style=\u00bbzoom\u00bb animation_intensity_zoom=\u00bb20%\u00bb border_width_all=\u00bb2px\u00bb border_color_all=\u00bb#dee9ee\u00bb box_shadow_style_button=\u00bbpreset1&#8243; box_shadow_color_button=\u00bbrgba(239,59,36,0.1)\u00bb form_background_color=\u00bb#f5f9fa\u00bb global_colors_info=\u00bb{}\u00bb][et_pb_contact_field field_id=\u00bbNombre\u00bb field_title=\u00bbNombre\u00bb fullwidth_field=\u00bbon\u00bb _builder_version=\u00bb4.16&#8243; custom_margin=\u00bb||30px|\u00bb global_colors_info=\u00bb{}\u00bb button_text_size__hover_enabled=\u00bboff\u00bb button_one_text_size__hover_enabled=\u00bboff\u00bb button_two_text_size__hover_enabled=\u00bboff\u00bb button_text_color__hover_enabled=\u00bboff\u00bb button_one_text_color__hover_enabled=\u00bboff\u00bb button_two_text_color__hover_enabled=\u00bboff\u00bb button_border_width__hover_enabled=\u00bboff\u00bb button_one_border_width__hover_enabled=\u00bboff\u00bb button_two_border_width__hover_enabled=\u00bboff\u00bb button_border_color__hover_enabled=\u00bboff\u00bb button_one_border_color__hover_enabled=\u00bboff\u00bb button_two_border_color__hover_enabled=\u00bboff\u00bb button_border_radius__hover_enabled=\u00bboff\u00bb button_one_border_radius__hover_enabled=\u00bboff\u00bb button_two_border_radius__hover_enabled=\u00bboff\u00bb button_letter_spacing__hover_enabled=\u00bboff\u00bb button_one_letter_spacing__hover_enabled=\u00bboff\u00bb button_two_letter_spacing__hover_enabled=\u00bboff\u00bb button_bg_color__hover_enabled=\u00bboff\u00bb button_one_bg_color__hover_enabled=\u00bboff\u00bb button_two_bg_color__hover_enabled=\u00bboff\u00bb][\/et_pb_contact_field][et_pb_contact_field field_id=\u00bbCorreo_electr\u00f3nico\u00bb field_title=\u00bbCorreo electr\u00f3nico\u00bb field_type=\u00bbemail\u00bb fullwidth_field=\u00bbon\u00bb _builder_version=\u00bb4.16&#8243; form_field_font=\u00bb||||||||\u00bb custom_margin=\u00bb||30px|\u00bb global_colors_info=\u00bb{}\u00bb button_text_size__hover_enabled=\u00bboff\u00bb button_one_text_size__hover_enabled=\u00bboff\u00bb button_two_text_size__hover_enabled=\u00bboff\u00bb button_text_color__hover_enabled=\u00bboff\u00bb button_one_text_color__hover_enabled=\u00bboff\u00bb button_two_text_color__hover_enabled=\u00bboff\u00bb button_border_width__hover_enabled=\u00bboff\u00bb button_one_border_width__hover_enabled=\u00bboff\u00bb button_two_border_width__hover_enabled=\u00bboff\u00bb button_border_color__hover_enabled=\u00bboff\u00bb button_one_border_color__hover_enabled=\u00bboff\u00bb button_two_border_color__hover_enabled=\u00bboff\u00bb button_border_radius__hover_enabled=\u00bboff\u00bb button_one_border_radius__hover_enabled=\u00bboff\u00bb button_two_border_radius__hover_enabled=\u00bboff\u00bb button_letter_spacing__hover_enabled=\u00bboff\u00bb button_one_letter_spacing__hover_enabled=\u00bboff\u00bb button_two_letter_spacing__hover_enabled=\u00bboff\u00bb button_bg_color__hover_enabled=\u00bboff\u00bb button_one_bg_color__hover_enabled=\u00bboff\u00bb button_two_bg_color__hover_enabled=\u00bboff\u00bb][\/et_pb_contact_field][et_pb_contact_field field_id=\u00bbMensaje\u00bb field_title=\u00bbMensaje\u00bb field_type=\u00bbtext\u00bb fullwidth_field=\u00bbon\u00bb _builder_version=\u00bb4.16&#8243; custom_margin=\u00bb||30px|\u00bb global_colors_info=\u00bb{}\u00bb button_text_size__hover_enabled=\u00bboff\u00bb button_one_text_size__hover_enabled=\u00bboff\u00bb button_two_text_size__hover_enabled=\u00bboff\u00bb button_text_color__hover_enabled=\u00bboff\u00bb button_one_text_color__hover_enabled=\u00bboff\u00bb button_two_text_color__hover_enabled=\u00bboff\u00bb button_border_width__hover_enabled=\u00bboff\u00bb button_one_border_width__hover_enabled=\u00bboff\u00bb button_two_border_width__hover_enabled=\u00bboff\u00bb button_border_color__hover_enabled=\u00bboff\u00bb button_one_border_color__hover_enabled=\u00bboff\u00bb button_two_border_color__hover_enabled=\u00bboff\u00bb button_border_radius__hover_enabled=\u00bboff\u00bb button_one_border_radius__hover_enabled=\u00bboff\u00bb button_two_border_radius__hover_enabled=\u00bboff\u00bb button_letter_spacing__hover_enabled=\u00bboff\u00bb button_one_letter_spacing__hover_enabled=\u00bboff\u00bb button_two_letter_spacing__hover_enabled=\u00bboff\u00bb button_bg_color__hover_enabled=\u00bboff\u00bb button_one_bg_color__hover_enabled=\u00bboff\u00bb button_two_bg_color__hover_enabled=\u00bboff\u00bb][\/et_pb_contact_field][\/et_pb_contact_form][\/et_pb_column][\/et_pb_section]<\/p>\n","protected":false},"excerpt":{"rendered":"<p>Revisa aqu\u00ed la programaci\u00f3n y participantes<\/p>\n","protected":false},"author":2,"featured_media":1727,"comment_status":"closed","ping_status":"closed","sticky":false,"template":"","format":"standard","meta":{"_et_pb_use_builder":"on","_et_pb_old_content":"","_et_gb_content_width":"","footnotes":""},"categories":[15],"tags":[],"class_list":["post-1724","post","type-post","status-publish","format-standard","has-post-thumbnail","hentry","category-ceremonia-de-titulacion"],"_links":{"self":[{"href":"https:\/\/www.upla.cl\/titulosygrados\/wp-json\/wp\/v2\/posts\/1724","targetHints":{"allow":["GET"]}}],"collection":[{"href":"https:\/\/www.upla.cl\/titulosygrados\/wp-json\/wp\/v2\/posts"}],"about":[{"href":"https:\/\/www.upla.cl\/titulosygrados\/wp-json\/wp\/v2\/types\/post"}],"author":[{"embeddable":true,"href":"https:\/\/www.upla.cl\/titulosygrados\/wp-json\/wp\/v2\/users\/2"}],"replies":[{"embeddable":true,"href":"https:\/\/www.upla.cl\/titulosygrados\/wp-json\/wp\/v2\/comments?post=1724"}],"version-history":[{"count":31,"href":"https:\/\/www.upla.cl\/titulosygrados\/wp-json\/wp\/v2\/posts\/1724\/revisions"}],"predecessor-version":[{"id":1792,"href":"https:\/\/www.upla.cl\/titulosygrados\/wp-json\/wp\/v2\/posts\/1724\/revisions\/1792"}],"wp:featuredmedia":[{"embeddable":true,"href":"https:\/\/www.upla.cl\/titulosygrados\/wp-json\/wp\/v2\/media\/1727"}],"wp:attachment":[{"href":"https:\/\/www.upla.cl\/titulosygrados\/wp-json\/wp\/v2\/media?parent=1724"}],"wp:term":[{"taxonomy":"category","embeddable":true,"href":"https:\/\/www.upla.cl\/titulosygrados\/wp-json\/wp\/v2\/categories?post=1724"},{"taxonomy":"post_tag","embeddable":true,"href":"https:\/\/www.upla.cl\/titulosygrados\/wp-json\/wp\/v2\/tags?post=1724"}],"curies":[{"name":"wp","href":"https:\/\/api.w.org\/{rel}","templated":true}]}}