{"id":1705,"date":"2023-08-11T16:19:47","date_gmt":"2023-08-11T20:19:47","guid":{"rendered":"https:\/\/www.upla.cl\/titulosygrados\/?p=1705"},"modified":"2023-08-11T16:28:24","modified_gmt":"2023-08-11T20:28:24","slug":"revisa-aqui-las-fechas-y-participantes-de-las-ceremonias-de-graduacion-de-postitulos-doctorados-magisteres-y-diplomados-de-agosto-de-2023","status":"publish","type":"post","link":"https:\/\/www.upla.cl\/titulosygrados\/2023\/08\/11\/revisa-aqui-las-fechas-y-participantes-de-las-ceremonias-de-graduacion-de-postitulos-doctorados-magisteres-y-diplomados-de-agosto-de-2023\/","title":{"rendered":"Revisa aqu\u00ed las fechas y participantes de las ceremonias de graduaci\u00f3n de post\u00edtulos, doctorados, mag\u00edsteres y diplomados de agosto de 2023"},"content":{"rendered":"<p>[et_pb_section fb_built=\u00bb1&#8243; admin_label=\u00bbHeader\u00bb _builder_version=\u00bb4.22.0&#8243; background_image=\u00bbhttps:\/\/www.upla.cl\/titulosygrados\/wp-content\/uploads\/2023\/08\/2017_0118_portada_titulaciones2016.jpg\u00bb parallax=\u00bbon\u00bb custom_margin=\u00bb|||\u00bb custom_padding=\u00bb20vw|0px|0|0px|false|false\u00bb global_colors_info=\u00bb{}\u00bb][et_pb_row column_structure=\u00bb3_4,1_4&#8243; padding_top_bottom_link_1=\u00bbfalse\u00bb padding_left_right_link_1=\u00bbtrue\u00bb _builder_version=\u00bb4.16&#8243; background_size=\u00bbinitial\u00bb background_position=\u00bbtop_left\u00bb background_repeat=\u00bbrepeat\u00bb max_width=\u00bb1160px\u00bb custom_margin=\u00bb|||||false\u00bb custom_padding=\u00bb27px|0px|0|0px|false|false\u00bb use_custom_width=\u00bbon\u00bb custom_width_px=\u00bb1160px\u00bb global_colors_info=\u00bb{}\u00bb][et_pb_column type=\u00bb3_4&#8243; _builder_version=\u00bb4.16&#8243; background_color=\u00bb#ffffff\u00bb custom_padding=\u00bb40px|40px|0px|40px\u00bb global_colors_info=\u00bb{}\u00bb custom_padding__hover=\u00bb|||\u00bb][et_pb_post_title author=\u00bboff\u00bb date_format=\u00bbj M Y\u00bb categories=\u00bboff\u00bb comments=\u00bboff\u00bb _builder_version=\u00bb4.22.0&#8243; _module_preset=\u00bbdefault\u00bb title_font=\u00bb|700|||||||\u00bb title_font_size=\u00bb30px\u00bb hover_enabled=\u00bb0&#8243; global_colors_info=\u00bb{}\u00bb featured_image=\u00bboff\u00bb sticky_enabled=\u00bb0&#8243;][\/et_pb_post_title][et_pb_divider color=\u00bb#098cf2&#8243; divider_weight=\u00bb4px\u00bb _builder_version=\u00bb4.16&#8243; max_width=\u00bb140px\u00bb height=\u00bb4px\u00bb locked=\u00bboff\u00bb global_colors_info=\u00bb{}\u00bb][\/et_pb_divider][\/et_pb_column][et_pb_column type=\u00bb1_4&#8243; _builder_version=\u00bb4.16&#8243; custom_padding=\u00bb|||\u00bb global_colors_info=\u00bb{}\u00bb custom_padding__hover=\u00bb|||\u00bb][\/et_pb_column][\/et_pb_row][\/et_pb_section][et_pb_section fb_built=\u00bb1&#8243; disabled_on=\u00bboff|off|off\u00bb _builder_version=\u00bb4.22.0&#8243; _module_preset=\u00bbdefault\u00bb custom_padding=\u00bb5px|||||\u00bb global_colors_info=\u00bb{}\u00bb][et_pb_row use_custom_gutter=\u00bbon\u00bb gutter_width=\u00bb1&#8243; _builder_version=\u00bb4.17.6&#8243; _module_preset=\u00bbdefault\u00bb width=\u00bb96%\u00bb max_width=\u00bb2560px\u00bb module_alignment=\u00bbleft\u00bb custom_padding=\u00bb||9px|||\u00bb global_colors_info=\u00bb{}\u00bb][et_pb_column type=\u00bb4_4&#8243; _builder_version=\u00bb4.17.6&#8243; _module_preset=\u00bbdefault\u00bb global_colors_info=\u00bb{}\u00bb][et_pb_text _builder_version=\u00bb4.22.0&#8243; _module_preset=\u00bbdefault\u00bb global_colors_info=\u00bb{}\u00bb]<\/p>\n<p>La <strong>Oficina de T\u00edtulos y Grados<\/strong> de la Universidad de Playa Ancha, da a conocer el listado de participantes de las ceremonias de graduaci\u00f3n que llevar\u00e1n a efecto los d\u00edas 18 y 25 de agosto, para los programas de doctorado, mag\u00edster, diplomado y post\u00edtulo que se dictan a trav\u00e9s de las distintas facultades y unidades acad\u00e9micas de nuestra casa de estudios.<\/p>\n<p>Cualquier duda respecto de esta informaci\u00f3n debe ser dirigida al correo electr\u00f3nico <a href=\"mailto:titulosygrados@upla.cl\">titulosygrados@upla.cl<\/a><\/p>\n<p>[\/et_pb_text][\/et_pb_column][\/et_pb_row][\/et_pb_section][et_pb_section fb_built=\u00bb1&#8243; disabled_on=\u00bboff|off|off\u00bb _builder_version=\u00bb4.22.0&#8243; _module_preset=\u00bbdefault\u00bb width=\u00bb100%\u00bb max_width=\u00bb100%\u00bb custom_padding=\u00bb5px|||||\u00bb global_colors_info=\u00bb{}\u00bb][et_pb_row use_custom_gutter=\u00bbon\u00bb gutter_width=\u00bb1&#8243; _builder_version=\u00bb4.17.6&#8243; _module_preset=\u00bbdefault\u00bb width=\u00bb96%\u00bb max_width=\u00bb2560px\u00bb module_alignment=\u00bbleft\u00bb custom_padding=\u00bb||9px|||\u00bb global_colors_info=\u00bb{}\u00bb][et_pb_column type=\u00bb4_4&#8243; _builder_version=\u00bb4.17.6&#8243; _module_preset=\u00bbdefault\u00bb global_colors_info=\u00bb{}\u00bb][et_pb_blurb title=\u00bbCeremonia de titulaci\u00f3n del 18 de agosto, a las 17.00 horas\u00bb use_icon=\u00bbon\u00bb font_icon=\u00bb&#xf073;||fa||400&#8243; icon_color=\u00bb#004562&#8243; icon_placement=\u00bbleft\u00bb image_icon_width=\u00bb53px\u00bb content_max_width=\u00bb1100px\u00bb _builder_version=\u00bb4.22.0&#8243; _module_preset=\u00bbdefault\u00bb header_font=\u00bb|800||on|||||\u00bb header_text_color=\u00bb#004562&#8243; header_font_size=\u00bb27px\u00bb body_font=\u00bb|700|||||||\u00bb body_text_color=\u00bb#316d1e\u00bb body_font_size=\u00bb26px\u00bb custom_margin=\u00bb||-1px|||\u00bb global_colors_info=\u00bb{}\u00bb][\/et_pb_blurb][\/et_pb_column][\/et_pb_row][et_pb_row column_structure=\u00bb1_3,1_3,1_3&#8243; use_custom_gutter=\u00bbon\u00bb disabled_on=\u00bboff|off|off\u00bb _builder_version=\u00bb4.22.0&#8243; _module_preset=\u00bbdefault\u00bb width=\u00bb94%\u00bb max_width=\u00bb2560px\u00bb custom_padding=\u00bb18px||18px|||\u00bb global_colors_info=\u00bb{}\u00bb][et_pb_column type=\u00bb1_3&#8243; _builder_version=\u00bb4.17.6&#8243; _module_preset=\u00bbdefault\u00bb global_colors_info=\u00bb{}\u00bb][et_pb_toggle title=\u00bbDoctorado en Educaci\u00f3n\u00bb open_toggle_text_color=\u00bb#004562&#8243; open_toggle_background_color=\u00bb#FFFFFF\u00bb closed_toggle_background_color=\u00bb#FFFFFF\u00bb icon_color=\u00bb#004562&#8243; use_icon_font_size=\u00bbon\u00bb icon_font_size=\u00bb26px\u00bb open_icon_color=\u00bb#004562&#8243; open_use_icon_font_size=\u00bbon\u00bb open_icon_font_size=\u00bb26px\u00bb disabled_on=\u00bboff|off|off\u00bb _builder_version=\u00bb4.22.0&#8243; _module_preset=\u00bbdefault\u00bb title_text_color=\u00bb#004562&#8243; title_font=\u00bb|700||on|||||\u00bb global_colors_info=\u00bb{}\u00bb]<\/p>\n<table width=\"90%\" style=\"width: 90%;\">\n<tbody>\n<tr>\n<td style=\"width: 97.1641px;\">Apellido paterno<\/td>\n<td style=\"width: 76.9219px;\">Apell materno<\/td>\n<td style=\"width: 80.9141px;\">Nombres<\/td>\n<\/tr>\n<tr>\n<td style=\"width: 97.1641px;\">Santelices<\/td>\n<td style=\"width: 76.9219px;\">Werchez<\/td>\n<td style=\"width: 80.9141px;\">Carolina Alejandra<\/td>\n<\/tr>\n<\/tbody>\n<\/table>\n<p>[\/et_pb_toggle][\/et_pb_column][et_pb_column type=\u00bb1_3&#8243; _builder_version=\u00bb4.17.6&#8243; _module_preset=\u00bbdefault\u00bb global_colors_info=\u00bb{}\u00bb][et_pb_toggle title=\u00bbDoctorado en Pol\u00edticas y Gesti\u00f3n Educativa\u00bb open_toggle_text_color=\u00bb#004562&#8243; open_toggle_background_color=\u00bb#FFFFFF\u00bb closed_toggle_background_color=\u00bb#FFFFFF\u00bb icon_color=\u00bb#004562&#8243; use_icon_font_size=\u00bbon\u00bb icon_font_size=\u00bb26px\u00bb open_icon_color=\u00bb#004562&#8243; open_use_icon_font_size=\u00bbon\u00bb open_icon_font_size=\u00bb26px\u00bb _builder_version=\u00bb4.22.0&#8243; _module_preset=\u00bbdefault\u00bb title_text_color=\u00bb#004562&#8243; title_font=\u00bb|700||on|||||\u00bb global_colors_info=\u00bb{}\u00bb]<\/p>\n<table width=\"90%\" border=\"0\" cellpadding=\"0\" cellspacing=\"0\" style=\"width: 90%;\">\n<tbody>\n<tr>\n<td width=\"107\">Apellido paterno<\/td>\n<td width=\"85\">Apellido materno<\/td>\n<td width=\"85\">Nombres<\/td>\n<\/tr>\n<tr>\n<td>Alzola<\/td>\n<td>Cavieres<\/td>\n<td>Cristian Alberto<\/td>\n<\/tr>\n<tr>\n<td>Herrera<\/td>\n<td>D\u00edaz<\/td>\n<td>Pamela Del Carmen<\/td>\n<\/tr>\n<tr>\n<td>Plaza<\/td>\n<td>Maldonado<\/td>\n<td>Esteban Rodrigo<\/td>\n<\/tr>\n<tr>\n<td>Vega<\/td>\n<td>L\u00f3pez<\/td>\n<td>Rodrigo Alejandro<\/td>\n<\/tr>\n<tr>\n<td>Verdugo<\/td>\n<td>Plaza<\/td>\n<td>Fernando Andr\u00e9s<\/td>\n<\/tr>\n<\/tbody>\n<\/table>\n<p>[\/et_pb_toggle][\/et_pb_column][et_pb_column type=\u00bb1_3&#8243; _builder_version=\u00bb4.17.6&#8243; _module_preset=\u00bbdefault\u00bb global_colors_info=\u00bb{}\u00bb][et_pb_toggle title=\u00bbDoctorado en Literatura Hispanoamericana Contempor\u00e1nea\u00bb open_toggle_text_color=\u00bb#004562&#8243; open_toggle_background_color=\u00bb#FFFFFF\u00bb closed_toggle_background_color=\u00bb#FFFFFF\u00bb icon_color=\u00bb#004562&#8243; use_icon_font_size=\u00bbon\u00bb icon_font_size=\u00bb26px\u00bb open_icon_color=\u00bb#004562&#8243; open_use_icon_font_size=\u00bbon\u00bb open_icon_font_size=\u00bb26px\u00bb _builder_version=\u00bb4.22.0&#8243; _module_preset=\u00bbdefault\u00bb title_text_color=\u00bb#004562&#8243; title_font=\u00bb|700||on|||||\u00bb global_colors_info=\u00bb{}\u00bb]<\/p>\n<table width=\"90%\" border=\"0\" cellpadding=\"0\" cellspacing=\"0\" style=\"width: 90%;\">\n<tbody>\n<tr>\n<td width=\"107\">Apellido paterno<\/td>\n<td width=\"85\">Apelido materno<\/td>\n<td width=\"85\">Nombres<\/td>\n<\/tr>\n<tr>\n<td>Olivares<\/td>\n<td>Koyck<\/td>\n<td>Cecilia Ximena<\/td>\n<\/tr>\n<tr>\n<td>Salinas<\/td>\n<td>Herrera<\/td>\n<td>Lilian Joscelyne<\/td>\n<\/tr>\n<\/tbody>\n<\/table>\n<p>[\/et_pb_toggle][\/et_pb_column][\/et_pb_row][et_pb_row column_structure=\u00bb1_3,1_3,1_3&#8243; use_custom_gutter=\u00bbon\u00bb disabled_on=\u00bboff|off|off\u00bb _builder_version=\u00bb4.22.0&#8243; _module_preset=\u00bbdefault\u00bb width=\u00bb94%\u00bb max_width=\u00bb2560px\u00bb custom_padding=\u00bb18px||18px|||\u00bb global_colors_info=\u00bb{}\u00bb][et_pb_column type=\u00bb1_3&#8243; _builder_version=\u00bb4.17.6&#8243; _module_preset=\u00bbdefault\u00bb global_colors_info=\u00bb{}\u00bb][et_pb_toggle title=\u00bbMag\u00edster en Administraci\u00f3n Educacional, menci\u00f3n en Gesti\u00f3n de Sistemas Educativos\u00bb open_toggle_text_color=\u00bb#004562&#8243; open_toggle_background_color=\u00bb#FFFFFF\u00bb closed_toggle_background_color=\u00bb#FFFFFF\u00bb icon_color=\u00bb#004562&#8243; use_icon_font_size=\u00bbon\u00bb icon_font_size=\u00bb26px\u00bb open_icon_color=\u00bb#004562&#8243; open_use_icon_font_size=\u00bbon\u00bb open_icon_font_size=\u00bb26px\u00bb disabled_on=\u00bboff|off|off\u00bb _builder_version=\u00bb4.22.0&#8243; _module_preset=\u00bbdefault\u00bb title_text_color=\u00bb#004562&#8243; title_font=\u00bb|700||on|||||\u00bb global_colors_info=\u00bb{}\u00bb]<\/p>\n<table width=\"90%\" border=\"0\" cellpadding=\"0\" cellspacing=\"0\" style=\"width: 90%;\">\n<tbody>\n<tr>\n<td width=\"107\">Apellido paterno<\/td>\n<td width=\"85\">Apellido materno<\/td>\n<td width=\"85\">Nombres<\/td>\n<\/tr>\n<tr>\n<td>\u00c1vila<\/td>\n<td>S\u00e1ez<\/td>\n<td>Patricia Armida<\/td>\n<\/tr>\n<tr>\n<td>Fuentes<\/td>\n<td>Melo<\/td>\n<td>Camila Muriel<\/td>\n<\/tr>\n<tr>\n<td>Leiva<\/td>\n<td>Sabaj<\/td>\n<td>Juan Gerardo<\/td>\n<\/tr>\n<tr>\n<td>Mardones<\/td>\n<td>Carmona<\/td>\n<td>Mabel Andrea<\/td>\n<\/tr>\n<tr>\n<td>S\u00e1nchez<\/td>\n<td>Pereira<\/td>\n<td>\u00d3scar Mauricio<\/td>\n<\/tr>\n<tr>\n<td>Vald\u00e9s<\/td>\n<td>Garrido<\/td>\n<td>Grace Catherine<\/td>\n<\/tr>\n<\/tbody>\n<\/table>\n<p>[\/et_pb_toggle][\/et_pb_column][et_pb_column type=\u00bb1_3&#8243; _builder_version=\u00bb4.17.6&#8243; _module_preset=\u00bbdefault\u00bb global_colors_info=\u00bb{}\u00bb][et_pb_toggle title=\u00bbMag\u00edster en Arte, menci\u00f3n en Patrimonio\u00bb open_toggle_text_color=\u00bb#004562&#8243; open_toggle_background_color=\u00bb#FFFFFF\u00bb closed_toggle_background_color=\u00bb#FFFFFF\u00bb icon_color=\u00bb#004562&#8243; use_icon_font_size=\u00bbon\u00bb icon_font_size=\u00bb26px\u00bb open_icon_color=\u00bb#004562&#8243; open_use_icon_font_size=\u00bbon\u00bb open_icon_font_size=\u00bb26px\u00bb _builder_version=\u00bb4.22.0&#8243; _module_preset=\u00bbdefault\u00bb title_text_color=\u00bb#004562&#8243; title_font=\u00bb|700||on|||||\u00bb global_colors_info=\u00bb{}\u00bb]<\/p>\n<table width=\"90%\" border=\"0\" cellpadding=\"0\" cellspacing=\"0\" style=\"width: 90%; height: 216px;\">\n<caption><\/caption>\n<tbody>\n<tr style=\"height: 24px;\">\n<td width=\"107\" style=\"height: 24px;\">Apellido paterno<\/td>\n<td width=\"85\" style=\"height: 24px;\">Apellido materno<\/td>\n<td width=\"85\" style=\"height: 24px;\">Nombres<\/td>\n<\/tr>\n<tr style=\"height: 24px;\">\n<td style=\"height: 24px;\">Alarc\u00f3n<\/td>\n<td style=\"height: 24px;\">Biggio<\/td>\n<td style=\"height: 24px;\">Andr\u00e9s Alejandro<\/td>\n<\/tr>\n<tr style=\"height: 24px;\">\n<td style=\"height: 24px;\">Brizuela<\/td>\n<td style=\"height: 24px;\">Hurtado<\/td>\n<td style=\"height: 24px;\">Valentina Marisol<\/td>\n<\/tr>\n<tr style=\"height: 24px;\">\n<td style=\"height: 24px;\">Lobos<\/td>\n<td style=\"height: 24px;\">Abarca<\/td>\n<td style=\"height: 24px;\">Ricardo Eliseo<\/td>\n<\/tr>\n<tr style=\"height: 24px;\">\n<td style=\"height: 24px;\">Mena<\/td>\n<td style=\"height: 24px;\">Urtubia<\/td>\n<td style=\"height: 24px;\">Jacqueline Andrea<\/td>\n<\/tr>\n<tr style=\"height: 24px;\">\n<td style=\"height: 24px;\">Morales<\/td>\n<td style=\"height: 24px;\">Aguirre<\/td>\n<td style=\"height: 24px;\">Karimme Gabriela<\/td>\n<\/tr>\n<tr style=\"height: 24px;\">\n<td style=\"height: 24px;\">Rodr\u00edguez<\/td>\n<td style=\"height: 24px;\">Droguett<\/td>\n<td style=\"height: 24px;\">Jocelyne Ang\u00e9lica<\/td>\n<\/tr>\n<tr style=\"height: 24px;\">\n<td style=\"height: 24px;\">Trincado<\/td>\n<td style=\"height: 24px;\">Pinilla<\/td>\n<td style=\"height: 24px;\">Paola Romanette<\/td>\n<\/tr>\n<tr style=\"height: 24px;\">\n<td style=\"height: 24px;\">Ubeda<\/td>\n<td style=\"height: 24px;\">Reyes<\/td>\n<td style=\"height: 24px;\">Sebasti\u00e1n Andr\u00e9s<\/td>\n<\/tr>\n<\/tbody>\n<\/table>\n<p>[\/et_pb_toggle][\/et_pb_column][et_pb_column type=\u00bb1_3&#8243; _builder_version=\u00bb4.17.6&#8243; _module_preset=\u00bbdefault\u00bb global_colors_info=\u00bb{}\u00bb][et_pb_toggle title=\u00bbMag\u00edster en Bibliotecolog\u00eda e Informaci\u00f3n\u00bb open_toggle_text_color=\u00bb#004562&#8243; open_toggle_background_color=\u00bb#FFFFFF\u00bb closed_toggle_background_color=\u00bb#FFFFFF\u00bb icon_color=\u00bb#004562&#8243; use_icon_font_size=\u00bbon\u00bb icon_font_size=\u00bb26px\u00bb open_icon_color=\u00bb#004562&#8243; open_use_icon_font_size=\u00bbon\u00bb open_icon_font_size=\u00bb26px\u00bb _builder_version=\u00bb4.22.0&#8243; _module_preset=\u00bbdefault\u00bb title_text_color=\u00bb#004562&#8243; title_font=\u00bb|700||on|||||\u00bb global_colors_info=\u00bb{}\u00bb]<\/p>\n<table width=\"90%\" border=\"0\" cellpadding=\"0\" cellspacing=\"0\" style=\"width: 90%;\">\n<tbody>\n<tr>\n<td width=\"107\">Apellido paterno<\/td>\n<td width=\"85\">Apellido materno<\/td>\n<td width=\"85\">Nombres<\/td>\n<\/tr>\n<tr>\n<td>Oliveros<\/td>\n<td>Castro<\/td>\n<td>Sergio Alberto<\/td>\n<\/tr>\n<tr>\n<td>San Mart\u00edn<\/td>\n<td>Avello<\/td>\n<td>Olivia Dolores<\/td>\n<\/tr>\n<\/tbody>\n<\/table>\n<p>[\/et_pb_toggle][\/et_pb_column][\/et_pb_row][et_pb_row column_structure=\u00bb1_3,1_3,1_3&#8243; use_custom_gutter=\u00bbon\u00bb disabled_on=\u00bboff|off|off\u00bb _builder_version=\u00bb4.22.0&#8243; _module_preset=\u00bbdefault\u00bb width=\u00bb94%\u00bb max_width=\u00bb2560px\u00bb custom_padding=\u00bb18px||18px|||\u00bb global_colors_info=\u00bb{}\u00bb][et_pb_column type=\u00bb1_3&#8243; _builder_version=\u00bb4.17.6&#8243; _module_preset=\u00bbdefault\u00bb global_colors_info=\u00bb{}\u00bb][et_pb_toggle title=\u00bbMag\u00edster en Ciencias de la Actividad F\u00edsica y del Deporte\u00bb open_toggle_text_color=\u00bb#004562&#8243; open_toggle_background_color=\u00bb#FFFFFF\u00bb closed_toggle_background_color=\u00bb#FFFFFF\u00bb icon_color=\u00bb#004562&#8243; use_icon_font_size=\u00bbon\u00bb icon_font_size=\u00bb26px\u00bb open_icon_color=\u00bb#004562&#8243; open_use_icon_font_size=\u00bbon\u00bb open_icon_font_size=\u00bb26px\u00bb disabled_on=\u00bboff|off|off\u00bb _builder_version=\u00bb4.22.0&#8243; _module_preset=\u00bbdefault\u00bb title_text_color=\u00bb#004562&#8243; title_font=\u00bb|700||on|||||\u00bb global_colors_info=\u00bb{}\u00bb]<\/p>\n<table width=\"277\">\n<tbody>\n<tr>\n<td width=\"107\">Apellido paterno<\/td>\n<td width=\"85\">Apellido materno<\/td>\n<td width=\"85\">Nombres<\/td>\n<\/tr>\n<tr>\n<td>Burgos<\/td>\n<td>Henr\u00edquez<\/td>\n<td>Sandra Francesca<\/td>\n<\/tr>\n<tr>\n<td>C\u00e1nepa<\/td>\n<td>Castillo<\/td>\n<td>Paolo Ignacio<\/td>\n<\/tr>\n<tr>\n<td>Duzic<\/td>\n<td>Silva<\/td>\n<td>Mirko Fabi\u00e1n<\/td>\n<\/tr>\n<tr>\n<td>Figueroa<\/td>\n<td>Inostroza<\/td>\n<td>Emmanuel El\u00edas<\/td>\n<\/tr>\n<tr>\n<td>Mena<\/td>\n<td>Rojas<\/td>\n<td>Pablo Antonio<\/td>\n<\/tr>\n<tr>\n<td>Ram\u00edrez<\/td>\n<td>Fern\u00e1ndez<\/td>\n<td>\u00a0Genesis Azar &#8211; Azmavett<\/td>\n<\/tr>\n<tr>\n<td>Sep\u00falveda<\/td>\n<td>Figueroa<\/td>\n<td>Felipe Esteban<\/td>\n<\/tr>\n<\/tbody>\n<\/table>\n<p>[\/et_pb_toggle][\/et_pb_column][et_pb_column type=\u00bb1_3&#8243; _builder_version=\u00bb4.17.6&#8243; _module_preset=\u00bbdefault\u00bb global_colors_info=\u00bb{}\u00bb][et_pb_toggle title=\u00bbMag\u00edster en Comunicaci\u00f3n, menci\u00f3n en Comunicaci\u00f3n Organizacional\u00bb open_toggle_text_color=\u00bb#004562&#8243; open_toggle_background_color=\u00bb#FFFFFF\u00bb closed_toggle_background_color=\u00bb#FFFFFF\u00bb icon_color=\u00bb#004562&#8243; use_icon_font_size=\u00bbon\u00bb icon_font_size=\u00bb26px\u00bb open_icon_color=\u00bb#004562&#8243; open_use_icon_font_size=\u00bbon\u00bb open_icon_font_size=\u00bb26px\u00bb _builder_version=\u00bb4.22.0&#8243; _module_preset=\u00bbdefault\u00bb title_text_color=\u00bb#004562&#8243; title_font=\u00bb|700||on|||||\u00bb global_colors_info=\u00bb{}\u00bb]<\/p>\n<table width=\"277\">\n<tbody>\n<tr>\n<td width=\"107\">Apellido paterno<\/td>\n<td width=\"85\">Apellido materno<\/td>\n<td width=\"85\">Nombres<\/td>\n<\/tr>\n<tr>\n<td>Palacios<\/td>\n<td>L\u00f3pez<\/td>\n<td>Susana<\/td>\n<\/tr>\n<\/tbody>\n<\/table>\n<p>[\/et_pb_toggle][\/et_pb_column][et_pb_column type=\u00bb1_3&#8243; _builder_version=\u00bb4.17.6&#8243; _module_preset=\u00bbdefault\u00bb global_colors_info=\u00bb{}\u00bb][et_pb_toggle title=\u00bbMag\u00edster en Creaci\u00f3n de Ambientes Propicios para el Aprendizaje, menci\u00f3n en Convivencia Escolar\u00bb open_toggle_text_color=\u00bb#004562&#8243; open_toggle_background_color=\u00bb#FFFFFF\u00bb closed_toggle_background_color=\u00bb#FFFFFF\u00bb icon_color=\u00bb#004562&#8243; use_icon_font_size=\u00bbon\u00bb icon_font_size=\u00bb26px\u00bb open_icon_color=\u00bb#004562&#8243; open_use_icon_font_size=\u00bbon\u00bb open_icon_font_size=\u00bb26px\u00bb _builder_version=\u00bb4.22.0&#8243; _module_preset=\u00bbdefault\u00bb title_text_color=\u00bb#004562&#8243; title_font=\u00bb|700||on|||||\u00bb global_colors_info=\u00bb{}\u00bb]<\/p>\n<table width=\"277\">\n<tbody>\n<tr>\n<td width=\"107\">Apellido paterno<\/td>\n<td width=\"85\">Apell materno<\/td>\n<td width=\"85\">Nombres<\/td>\n<\/tr>\n<tr>\n<td>Carrasco<\/td>\n<td>Rivera<\/td>\n<td>Nuvia Del Carmen<\/td>\n<\/tr>\n<tr>\n<td>Casagrande\u00a0\u00a0<\/td>\n<td>Trujillo<\/td>\n<td>Nadia Elizabeth<\/td>\n<\/tr>\n<tr>\n<td>Gonz\u00e1lez<\/td>\n<td>Castro<\/td>\n<td>Sergio Sebasti\u00e1n<\/td>\n<\/tr>\n<tr>\n<td>M\u00e1rquez<\/td>\n<td>Tapia<\/td>\n<td>Natalia Ester<\/td>\n<\/tr>\n<tr>\n<td>Mondaca<\/td>\n<td>Brito<\/td>\n<td>Cristina Andrea<\/td>\n<\/tr>\n<\/tbody>\n<\/table>\n<p>[\/et_pb_toggle][\/et_pb_column][\/et_pb_row][et_pb_row column_structure=\u00bb1_3,1_3,1_3&#8243; use_custom_gutter=\u00bbon\u00bb disabled_on=\u00bboff|off|off\u00bb _builder_version=\u00bb4.22.0&#8243; _module_preset=\u00bbdefault\u00bb width=\u00bb94%\u00bb max_width=\u00bb2560px\u00bb custom_padding=\u00bb18px||18px|||\u00bb global_colors_info=\u00bb{}\u00bb][et_pb_column type=\u00bb1_3&#8243; _builder_version=\u00bb4.17.6&#8243; _module_preset=\u00bbdefault\u00bb global_colors_info=\u00bb{}\u00bb][et_pb_toggle title=\u00bbMag\u00edster en Educaci\u00f3n Art\u00edstica\u00bb open_toggle_text_color=\u00bb#004562&#8243; open_toggle_background_color=\u00bb#FFFFFF\u00bb closed_toggle_background_color=\u00bb#FFFFFF\u00bb icon_color=\u00bb#004562&#8243; use_icon_font_size=\u00bbon\u00bb icon_font_size=\u00bb26px\u00bb open_icon_color=\u00bb#004562&#8243; open_use_icon_font_size=\u00bbon\u00bb open_icon_font_size=\u00bb26px\u00bb disabled_on=\u00bboff|off|off\u00bb _builder_version=\u00bb4.22.0&#8243; _module_preset=\u00bbdefault\u00bb title_text_color=\u00bb#004562&#8243; title_font=\u00bb|700||on|||||\u00bb global_colors_info=\u00bb{}\u00bb]<\/p>\n<table width=\"90%\" border=\"0\" cellpadding=\"0\" cellspacing=\"0\" style=\"width: 90%;\">\n<tbody>\n<tr>\n<td width=\"107\">Apellido paterno<\/td>\n<td width=\"85\">Apellido materno<\/td>\n<td width=\"85\">Nombres<\/td>\n<\/tr>\n<tr>\n<td>C\u00e1ceres<\/td>\n<td>Donoso<\/td>\n<td>Noelia Ludcinda<\/td>\n<\/tr>\n<tr>\n<td>Layi<\/td>\n<td>Fredes<\/td>\n<td>Roberto Claudio<\/td>\n<\/tr>\n<tr>\n<td>Sepulveda<\/td>\n<td>Quezada<\/td>\n<td>Alvaro Esteban<\/td>\n<\/tr>\n<\/tbody>\n<\/table>\n<p>[\/et_pb_toggle][\/et_pb_column][et_pb_column type=\u00bb1_3&#8243; _builder_version=\u00bb4.17.6&#8243; _module_preset=\u00bbdefault\u00bb global_colors_info=\u00bb{}\u00bb][et_pb_toggle title=\u00bbMag\u00edster en Educaci\u00f3n de Adultos y Procesos Formativos\u00bb open_toggle_text_color=\u00bb#004562&#8243; open_toggle_background_color=\u00bb#FFFFFF\u00bb closed_toggle_background_color=\u00bb#FFFFFF\u00bb icon_color=\u00bb#004562&#8243; use_icon_font_size=\u00bbon\u00bb icon_font_size=\u00bb26px\u00bb open_icon_color=\u00bb#004562&#8243; open_use_icon_font_size=\u00bbon\u00bb open_icon_font_size=\u00bb26px\u00bb _builder_version=\u00bb4.22.0&#8243; _module_preset=\u00bbdefault\u00bb title_text_color=\u00bb#004562&#8243; title_font=\u00bb|700||on|||||\u00bb global_colors_info=\u00bb{}\u00bb]<\/p>\n<table width=\"90%\" border=\"0\" cellpadding=\"0\" cellspacing=\"0\" style=\"width: 90%;\">\n<tbody>\n<tr>\n<td width=\"107\">Apellido paterno<\/td>\n<td width=\"85\">Apellido materno<\/td>\n<td width=\"85\">Nombres<\/td>\n<\/tr>\n<tr>\n<td>Guti\u00e9rrez<\/td>\n<td>Morales<\/td>\n<td>Juan Carlos<\/td>\n<\/tr>\n<tr>\n<td>Ib\u00e1\u00f1ez<\/td>\n<td>Salgado<\/td>\n<td>Marcelo Segundo<\/td>\n<\/tr>\n<tr>\n<td>Ibarra<\/td>\n<td>Osorio<\/td>\n<td>Francisca Alejandra<\/td>\n<\/tr>\n<tr>\n<td>Morales<\/td>\n<td>Danton<\/td>\n<td>Carmen Luz<\/td>\n<\/tr>\n<tr>\n<td>Palma<\/td>\n<td>Luna<\/td>\n<td>Antonio Vicente De Paul<\/td>\n<\/tr>\n<tr>\n<td>Zamora<\/td>\n<td>Osorio<\/td>\n<td>Constanza Ignacia<\/td>\n<\/tr>\n<\/tbody>\n<\/table>\n<p>[\/et_pb_toggle][\/et_pb_column][et_pb_column type=\u00bb1_3&#8243; _builder_version=\u00bb4.17.6&#8243; _module_preset=\u00bbdefault\u00bb global_colors_info=\u00bb{}\u00bb][et_pb_toggle title=\u00bbMag\u00edster en Ense\u00f1anza de las Ciencias\u00bb open_toggle_text_color=\u00bb#004562&#8243; open_toggle_background_color=\u00bb#FFFFFF\u00bb closed_toggle_background_color=\u00bb#FFFFFF\u00bb icon_color=\u00bb#004562&#8243; use_icon_font_size=\u00bbon\u00bb icon_font_size=\u00bb26px\u00bb open_icon_color=\u00bb#004562&#8243; open_use_icon_font_size=\u00bbon\u00bb open_icon_font_size=\u00bb26px\u00bb _builder_version=\u00bb4.22.0&#8243; _module_preset=\u00bbdefault\u00bb title_text_color=\u00bb#004562&#8243; title_font=\u00bb|700||on|||||\u00bb global_colors_info=\u00bb{}\u00bb]<\/p>\n<table width=\"90%\" border=\"0\" cellpadding=\"0\" cellspacing=\"0\" style=\"width: 90%;\">\n<tbody>\n<tr>\n<td width=\"107\">Apellido paterno<\/td>\n<td width=\"85\">Apellido materno<\/td>\n<td width=\"85\">Nombres<\/td>\n<\/tr>\n<tr>\n<td>Berr\u00edos<\/td>\n<td>Boza<\/td>\n<td>Katherine Fernanda<\/td>\n<\/tr>\n<tr>\n<td>Cort\u00e9s<\/td>\n<td>Mella<\/td>\n<td>Jorge Humberto<\/td>\n<\/tr>\n<tr>\n<td>Fuentes<\/td>\n<td>M\u00e9ndez<\/td>\n<td>Ignacio Andr\u00e9s<\/td>\n<\/tr>\n<tr>\n<td>L\u00f3pez<\/td>\n<td>Jeria<\/td>\n<td>Domingo Andr\u00e9s<\/td>\n<\/tr>\n<tr>\n<td>Ponce\u00a0\u00a0<\/td>\n<td>Pereira<\/td>\n<td>Carolina Ester<\/td>\n<\/tr>\n<tr>\n<td>Rocha\u00a0\u00a0<\/td>\n<td>Rojas<\/td>\n<td>Daniel Gabriel<\/td>\n<\/tr>\n<\/tbody>\n<\/table>\n<p>[\/et_pb_toggle][\/et_pb_column][\/et_pb_row][et_pb_row column_structure=\u00bb1_3,1_3,1_3&#8243; use_custom_gutter=\u00bbon\u00bb disabled_on=\u00bboff|off|off\u00bb _builder_version=\u00bb4.22.0&#8243; _module_preset=\u00bbdefault\u00bb width=\u00bb94%\u00bb max_width=\u00bb2560px\u00bb custom_padding=\u00bb18px||18px|||\u00bb global_colors_info=\u00bb{}\u00bb][et_pb_column type=\u00bb1_3&#8243; _builder_version=\u00bb4.17.6&#8243; _module_preset=\u00bbdefault\u00bb global_colors_info=\u00bb{}\u00bb][et_pb_toggle title=\u00bbMag\u00edster en Educaci\u00f3n Ambiental\u00bb open_toggle_text_color=\u00bb#004562&#8243; open_toggle_background_color=\u00bb#FFFFFF\u00bb closed_toggle_background_color=\u00bb#FFFFFF\u00bb icon_color=\u00bb#004562&#8243; use_icon_font_size=\u00bbon\u00bb icon_font_size=\u00bb26px\u00bb open_icon_color=\u00bb#004562&#8243; open_use_icon_font_size=\u00bbon\u00bb open_icon_font_size=\u00bb26px\u00bb disabled_on=\u00bboff|off|off\u00bb _builder_version=\u00bb4.22.0&#8243; _module_preset=\u00bbdefault\u00bb title_text_color=\u00bb#004562&#8243; title_font=\u00bb|700||on|||||\u00bb global_colors_info=\u00bb{}\u00bb]<\/p>\n<table width=\"277\">\n<tbody>\n<tr>\n<td width=\"107\">Apellido paterno<\/td>\n<td width=\"85\">Apellido materno<\/td>\n<td width=\"85\">Nombres<\/td>\n<\/tr>\n<tr>\n<td>Jara<\/td>\n<td>Ram\u00edrez<\/td>\n<td>Eduardo Joaqu\u00edn<\/td>\n<\/tr>\n<\/tbody>\n<\/table>\n<p>[\/et_pb_toggle][\/et_pb_column][et_pb_column type=\u00bb1_3&#8243; _builder_version=\u00bb4.17.6&#8243; _module_preset=\u00bbdefault\u00bb global_colors_info=\u00bb{}\u00bb][et_pb_toggle title=\u00bbMag\u00edster en Evaluaci\u00f3n Educacional\u00bb open_toggle_text_color=\u00bb#004562&#8243; open_toggle_background_color=\u00bb#FFFFFF\u00bb closed_toggle_background_color=\u00bb#FFFFFF\u00bb icon_color=\u00bb#004562&#8243; use_icon_font_size=\u00bbon\u00bb icon_font_size=\u00bb26px\u00bb open_icon_color=\u00bb#004562&#8243; open_use_icon_font_size=\u00bbon\u00bb open_icon_font_size=\u00bb26px\u00bb _builder_version=\u00bb4.22.0&#8243; _module_preset=\u00bbdefault\u00bb title_text_color=\u00bb#004562&#8243; title_font=\u00bb|700||on|||||\u00bb global_colors_info=\u00bb{}\u00bb]<\/p>\n<table width=\"90%\" border=\"0\" cellpadding=\"0\" cellspacing=\"0\" style=\"width: 90%;\">\n<tbody>\n<tr>\n<td width=\"107\">Apellido paterno<\/td>\n<td width=\"85\">Apellido materno<\/td>\n<td width=\"85\">Nombres<\/td>\n<\/tr>\n<tr>\n<td>Aranda<\/td>\n<td>Donoso<\/td>\n<td>Paula Victoria<\/td>\n<\/tr>\n<tr>\n<td>Barr\u00eda<\/td>\n<td>Leuqu\u00e9n<\/td>\n<td>Hellen Xiomara<\/td>\n<\/tr>\n<tr>\n<td>Bravo<\/td>\n<td>Lepe<\/td>\n<td>Juan Carlos<\/td>\n<\/tr>\n<tr>\n<td>Briones<\/td>\n<td>Vega<\/td>\n<td>Jorge Enrique<\/td>\n<\/tr>\n<tr>\n<td>Campos<\/td>\n<td>Vega<\/td>\n<td>Luisa Isabel<\/td>\n<\/tr>\n<tr>\n<td>D\u00edaz<\/td>\n<td>Barraza<\/td>\n<td>Carolina Elizabeth<\/td>\n<\/tr>\n<tr>\n<td>Escobar<\/td>\n<td>Jara<\/td>\n<td>Natalia Alejandra<\/td>\n<\/tr>\n<tr>\n<td>Fontaine<\/td>\n<td>Aguayo<\/td>\n<td>Mercedes Hilda<\/td>\n<\/tr>\n<tr>\n<td>Garc\u00eda<\/td>\n<td>Pastene<\/td>\n<td>Paola Solfelia<\/td>\n<\/tr>\n<tr>\n<td>Gatica<\/td>\n<td>Oyola<\/td>\n<td>Valeska Andrea<\/td>\n<\/tr>\n<tr>\n<td>Gonz\u00e1lez<\/td>\n<td>Marchant<\/td>\n<td>Leonardo Yans<\/td>\n<\/tr>\n<tr>\n<td>Hepp<\/td>\n<td>Marchant<\/td>\n<td>Hans Rudolf<\/td>\n<\/tr>\n<tr>\n<td>Lagos<\/td>\n<td>Ram\u00edrez<\/td>\n<td>Michael Alfonso<\/td>\n<\/tr>\n<tr>\n<td>Mu\u00f1oz<\/td>\n<td>Stuardo<\/td>\n<td>Pamela Del Carmen<\/td>\n<\/tr>\n<tr>\n<td>Odales<\/td>\n<td>Vargas<\/td>\n<td>Claudia Advy<\/td>\n<\/tr>\n<tr>\n<td>Ohrens<\/td>\n<td>Bueno<\/td>\n<td>Gabriela Francisca<\/td>\n<\/tr>\n<tr>\n<td>Parra<\/td>\n<td>Pacheco<\/td>\n<td>Nicole Ivanna<\/td>\n<\/tr>\n<tr>\n<td>Torres<\/td>\n<td>Valenzuela<\/td>\n<td>Jennifer Francisca<\/td>\n<\/tr>\n<tr>\n<td>Ubilla<\/td>\n<td>Carmona<\/td>\n<td>Andrea<\/td>\n<\/tr>\n<tr>\n<td>V\u00e1squez<\/td>\n<td>Orrego<\/td>\n<td>Gerardo Andr\u00e9s<\/td>\n<\/tr>\n<tr>\n<td>V\u00e1squez<\/td>\n<td>Tovar<\/td>\n<td>Alejandro Enrique<\/td>\n<\/tr>\n<\/tbody>\n<\/table>\n<p>[\/et_pb_toggle][\/et_pb_column][et_pb_column type=\u00bb1_3&#8243; _builder_version=\u00bb4.17.6&#8243; _module_preset=\u00bbdefault\u00bb global_colors_info=\u00bb{}\u00bb][\/et_pb_column][\/et_pb_row][\/et_pb_section][et_pb_section fb_built=\u00bb1&#8243; disabled_on=\u00bboff|off|off\u00bb _builder_version=\u00bb4.22.0&#8243; _module_preset=\u00bbdefault\u00bb width=\u00bb100%\u00bb max_width=\u00bb100%\u00bb custom_padding=\u00bb5px|||||\u00bb global_colors_info=\u00bb{}\u00bb][et_pb_row use_custom_gutter=\u00bbon\u00bb gutter_width=\u00bb1&#8243; _builder_version=\u00bb4.17.6&#8243; _module_preset=\u00bbdefault\u00bb width=\u00bb96%\u00bb max_width=\u00bb2560px\u00bb module_alignment=\u00bbleft\u00bb custom_padding=\u00bb||9px|||\u00bb global_colors_info=\u00bb{}\u00bb][et_pb_column type=\u00bb4_4&#8243; _builder_version=\u00bb4.17.6&#8243; _module_preset=\u00bbdefault\u00bb global_colors_info=\u00bb{}\u00bb][et_pb_blurb title=\u00bbCeremonia de titulaci\u00f3n del 25 de agosto, a las 11.00 horas\u00bb use_icon=\u00bbon\u00bb font_icon=\u00bb&#xf073;||fa||400&#8243; icon_color=\u00bb#004562&#8243; icon_placement=\u00bbleft\u00bb image_icon_width=\u00bb53px\u00bb content_max_width=\u00bb1100px\u00bb _builder_version=\u00bb4.22.0&#8243; _module_preset=\u00bbdefault\u00bb header_font=\u00bb|800||on|||||\u00bb header_text_color=\u00bb#004562&#8243; header_font_size=\u00bb27px\u00bb body_font=\u00bb|700|||||||\u00bb body_text_color=\u00bb#316d1e\u00bb body_font_size=\u00bb26px\u00bb custom_margin=\u00bb||-1px|||\u00bb global_colors_info=\u00bb{}\u00bb][\/et_pb_blurb][\/et_pb_column][\/et_pb_row][et_pb_row use_custom_gutter=\u00bbon\u00bb disabled_on=\u00bboff|off|off\u00bb _builder_version=\u00bb4.22.0&#8243; _module_preset=\u00bbdefault\u00bb width=\u00bb94%\u00bb max_width=\u00bb2560px\u00bb custom_padding=\u00bb18px||18px|||\u00bb global_colors_info=\u00bb{}\u00bb][et_pb_column type=\u00bb4_4&#8243; _builder_version=\u00bb4.17.6&#8243; _module_preset=\u00bbdefault\u00bb global_colors_info=\u00bb{}\u00bb][et_pb_toggle title=\u00bbMag\u00edster en Educaci\u00f3n Inclusiva\u00bb open_toggle_text_color=\u00bb#004562&#8243; open_toggle_background_color=\u00bb#FFFFFF\u00bb closed_toggle_background_color=\u00bb#FFFFFF\u00bb icon_color=\u00bb#004562&#8243; use_icon_font_size=\u00bbon\u00bb icon_font_size=\u00bb26px\u00bb open_icon_color=\u00bb#004562&#8243; open_use_icon_font_size=\u00bbon\u00bb open_icon_font_size=\u00bb26px\u00bb disabled_on=\u00bboff|off|off\u00bb _builder_version=\u00bb4.22.0&#8243; _module_preset=\u00bbdefault\u00bb title_text_color=\u00bb#004562&#8243; title_font=\u00bb|700||on|||||\u00bb title_font_size=\u00bb16px\u00bb global_colors_info=\u00bb{}\u00bb]<\/p>\n<table width=\"261\">\n<tbody>\n<tr>\n<td width=\"87\">Apellido paterno<\/td>\n<td width=\"87\">Apell materno<\/td>\n<td width=\"87\">Nombres<\/td>\n<\/tr>\n<tr>\n<td>Amigo<\/td>\n<td>Araya<\/td>\n<td>Antonio Armando<\/td>\n<\/tr>\n<tr>\n<td>Araya<\/td>\n<td>Salinas<\/td>\n<td>Francisca Andrea<\/td>\n<\/tr>\n<tr>\n<td>Arriagada<\/td>\n<td>Astudillo<\/td>\n<td>Fernanda Paz<\/td>\n<\/tr>\n<tr>\n<td>Bahamondes<\/td>\n<td>D\u00edaz<\/td>\n<td>Cristian Eduardo<\/td>\n<\/tr>\n<tr>\n<td>Barra<\/td>\n<td>Villanueva<\/td>\n<td>Javiera De Los Angeles<\/td>\n<\/tr>\n<tr>\n<td>Barrera<\/td>\n<td>Olivares<\/td>\n<td>Francisca Javiera<\/td>\n<\/tr>\n<tr>\n<td>Buglioni<\/td>\n<td>Calder\u00f3n<\/td>\n<td>Isabella Constanza<\/td>\n<\/tr>\n<tr>\n<td>Bustamante<\/td>\n<td>L\u00f3pez<\/td>\n<td>Kahomy Kimberly<\/td>\n<\/tr>\n<tr>\n<td>Canouet<\/td>\n<td>Montenegro<\/td>\n<td>Javiera Paz<\/td>\n<\/tr>\n<tr>\n<td>Carvajal<\/td>\n<td>Jorquera<\/td>\n<td>Carla Ignacia<\/td>\n<\/tr>\n<tr>\n<td>Cisternas<\/td>\n<td>Herrera<\/td>\n<td>Carla Andrea<\/td>\n<\/tr>\n<tr>\n<td>Cofr\u00e9<\/td>\n<td>Cofr\u00e9<\/td>\n<td>Mar\u00edajos\u00e9 Constanza<\/td>\n<\/tr>\n<tr>\n<td>D\u00edaz<\/td>\n<td>P\u00e9rez<\/td>\n<td>Carla Francisca<\/td>\n<\/tr>\n<tr>\n<td>Donoso<\/td>\n<td>Nanjari<\/td>\n<td>Claudia Andrea<\/td>\n<\/tr>\n<tr>\n<td>Esperguen<\/td>\n<td>Cataldo<\/td>\n<td>Priscilla Eliana<\/td>\n<\/tr>\n<tr>\n<td>Estay<\/td>\n<td>Olivares<\/td>\n<td>Laura Constanza<\/td>\n<\/tr>\n<tr>\n<td>Gajardo<\/td>\n<td>Henr\u00edquez<\/td>\n<td>Katty Carla<\/td>\n<\/tr>\n<tr>\n<td>Gallardo<\/td>\n<td>Carvajal<\/td>\n<td>Daniela Andrea<\/td>\n<\/tr>\n<tr>\n<td>Gonz\u00e1lez<\/td>\n<td>Parra<\/td>\n<td>Brithania Alejandra<\/td>\n<\/tr>\n<tr>\n<td>Grand\u00f3n<\/td>\n<td>Castro<\/td>\n<td>Michelle Jacqueline Aline<\/td>\n<\/tr>\n<tr>\n<td>Guajardo<\/td>\n<td>Far\u00edas<\/td>\n<td>Paulina Fernanda<\/td>\n<\/tr>\n<tr>\n<td>Guti\u00e9rrez<\/td>\n<td>Vera<\/td>\n<td>Camila Nicole<\/td>\n<\/tr>\n<tr>\n<td>Hern\u00e1ndez<\/td>\n<td>Hern\u00e1ndez<\/td>\n<td>B\u00e1rbara Victoria<\/td>\n<\/tr>\n<tr>\n<td>Izidoro<\/td>\n<td>Ibaceta<\/td>\n<td>Maira Pilar<\/td>\n<\/tr>\n<tr>\n<td>Jim\u00e9nez<\/td>\n<td>Hern\u00e1ndez<\/td>\n<td>Javiera Paola<\/td>\n<\/tr>\n<tr>\n<td>Junker<\/td>\n<td>Silva<\/td>\n<td>Fanny Laetitia<\/td>\n<\/tr>\n<tr>\n<td>Leyton<\/td>\n<td>Fern\u00e1ndez<\/td>\n<td>Camila Bel\u00e9n<\/td>\n<\/tr>\n<tr>\n<td>Lillo<\/td>\n<td>Cort\u00e9s<\/td>\n<td>Fernanda Fabiola<\/td>\n<\/tr>\n<tr>\n<td>Lira<\/td>\n<td>Parra<\/td>\n<td>Marcela Constanza<\/td>\n<\/tr>\n<tr>\n<td>L\u00f3pez<\/td>\n<td>Sep\u00falveda<\/td>\n<td>Daniela Francesca<\/td>\n<\/tr>\n<tr>\n<td>Manzo<\/td>\n<td>Neumann<\/td>\n<td>Greycel Karina<\/td>\n<\/tr>\n<tr>\n<td>Mart\u00ednez<\/td>\n<td>Delgado<\/td>\n<td>Camila Andrea<\/td>\n<\/tr>\n<tr>\n<td>Matallana<\/td>\n<td>Past\u00e9n<\/td>\n<td>Catalina Alejandra<\/td>\n<\/tr>\n<tr>\n<td>Menc\u00eda<\/td>\n<td>Menc\u00eda<\/td>\n<td>Teresa Andrea<\/td>\n<\/tr>\n<tr>\n<td>Meneses<\/td>\n<td>Vilches<\/td>\n<td>Brayan Danilo<\/td>\n<\/tr>\n<tr>\n<td>Muena<\/td>\n<td>Levil<\/td>\n<td>Anita Luisa<\/td>\n<\/tr>\n<tr>\n<td>Mu\u00f1oz<\/td>\n<td>Cerda<\/td>\n<td>Paloma Monserrat<\/td>\n<\/tr>\n<tr>\n<td>Mu\u00f1oz<\/td>\n<td>Mesa<\/td>\n<td>Ver\u00f3nica Ingeborg<\/td>\n<\/tr>\n<tr>\n<td>Necul\u00f1ir<\/td>\n<td>Bull<\/td>\n<td>Francisca Paola<\/td>\n<\/tr>\n<tr>\n<td>Olivera<\/td>\n<td>Cofr\u00e9<\/td>\n<td>Sof\u00eda Stella<\/td>\n<\/tr>\n<tr>\n<td>Olivier<\/td>\n<td>Vidal<\/td>\n<td>Francheska Soledad<\/td>\n<\/tr>\n<tr>\n<td>Oyaneder<\/td>\n<td>Montenegro<\/td>\n<td>Jennifer Danitza<\/td>\n<\/tr>\n<tr>\n<td>Pailla<\/td>\n<td>Rozas<\/td>\n<td>Ang\u00e9lica Ingrid<\/td>\n<\/tr>\n<tr>\n<td>Palma<\/td>\n<td>Caradeux<\/td>\n<td>Nahime Francisca<\/td>\n<\/tr>\n<tr>\n<td>Partal<\/td>\n<td>Rocco<\/td>\n<td>Pamela Elizabeth<\/td>\n<\/tr>\n<tr>\n<td>Pinilla<\/td>\n<td>Elgueta<\/td>\n<td>Yaritza Nicol<\/td>\n<\/tr>\n<tr>\n<td>Ponce<\/td>\n<td>Lara<\/td>\n<td>Mariela Natalia<\/td>\n<\/tr>\n<tr>\n<td>Pozo<\/td>\n<td>Orellana<\/td>\n<td>B\u00e1rbara Orfilia<\/td>\n<\/tr>\n<tr>\n<td>R\u00edos<\/td>\n<td>Aranda<\/td>\n<td>Ximena Alejandra<\/td>\n<\/tr>\n<tr>\n<td>Rojas<\/td>\n<td>Garc\u00eda<\/td>\n<td>Tiara Bel\u00e9n<\/td>\n<\/tr>\n<tr>\n<td>Rojas<\/td>\n<td>Urrutia<\/td>\n<td>Felipe Ignacio<\/td>\n<\/tr>\n<tr>\n<td>Rubio<\/td>\n<td>Abarca<\/td>\n<td>Ivonne De Las Mercedes<\/td>\n<\/tr>\n<tr>\n<td>Saavedra<\/td>\n<td>S\u00e1nchez<\/td>\n<td>Catalina Alejandra<\/td>\n<\/tr>\n<tr>\n<td>S\u00e1nchez<\/td>\n<td>Gonz\u00e1lez<\/td>\n<td>Tatiana Ivonne<\/td>\n<\/tr>\n<tr>\n<td>Santander<\/td>\n<td>Lobos<\/td>\n<td>Aylen Yanira<\/td>\n<\/tr>\n<tr>\n<td>Sarmiento<\/td>\n<td>Astorga<\/td>\n<td>P\u00eda Carolina<\/td>\n<\/tr>\n<tr>\n<td>Toledo<\/td>\n<td>Fern\u00e1ndez<\/td>\n<td>Alexandra Carolina<\/td>\n<\/tr>\n<tr>\n<td>Tondro<\/td>\n<td>Acu\u00f1a<\/td>\n<td>Francia Thanay Margarita<\/td>\n<\/tr>\n<tr>\n<td>Toro<\/td>\n<td>Aguilera<\/td>\n<td>Catalina Monserrat<\/td>\n<\/tr>\n<tr>\n<td>Valencia<\/td>\n<td>Saavedra<\/td>\n<td>Laura Josefa<\/td>\n<\/tr>\n<tr>\n<td>Vega<\/td>\n<td>Elgueta<\/td>\n<td>Nadia Valin<\/td>\n<\/tr>\n<tr>\n<td>Vega<\/td>\n<td>Aspe<\/td>\n<td>Francisca Andrea<\/td>\n<\/tr>\n<tr>\n<td>Vega<\/td>\n<td>P\u00e9rez<\/td>\n<td>Paulina Constanza<\/td>\n<\/tr>\n<tr>\n<td>Vergara<\/td>\n<td>Sep\u00falveda<\/td>\n<td>Katherine Yazm\u00edn<\/td>\n<\/tr>\n<tr>\n<td>Vidal<\/td>\n<td>Varas<\/td>\n<td>Jocelyn Anacet<\/td>\n<\/tr>\n<tr>\n<td>Villaseca<\/td>\n<td>Rojas<\/td>\n<td>Laura Jes\u00fas<\/td>\n<\/tr>\n<\/tbody>\n<\/table>\n<p>[\/et_pb_toggle][\/et_pb_column][\/et_pb_row][\/et_pb_section][et_pb_section fb_built=\u00bb1&#8243; disabled_on=\u00bboff|off|off\u00bb _builder_version=\u00bb4.22.0&#8243; _module_preset=\u00bbdefault\u00bb width=\u00bb100%\u00bb max_width=\u00bb100%\u00bb custom_padding=\u00bb5px|||||\u00bb global_colors_info=\u00bb{}\u00bb][et_pb_row use_custom_gutter=\u00bbon\u00bb gutter_width=\u00bb1&#8243; _builder_version=\u00bb4.17.6&#8243; _module_preset=\u00bbdefault\u00bb width=\u00bb96%\u00bb max_width=\u00bb2560px\u00bb module_alignment=\u00bbleft\u00bb custom_padding=\u00bb||9px|||\u00bb global_colors_info=\u00bb{}\u00bb][et_pb_column type=\u00bb4_4&#8243; _builder_version=\u00bb4.17.6&#8243; _module_preset=\u00bbdefault\u00bb global_colors_info=\u00bb{}\u00bb][et_pb_blurb title=\u00bbCeremonia de titulaci\u00f3n del 25 de agosto, a las 17.00 horas\u00bb use_icon=\u00bbon\u00bb font_icon=\u00bb&#xf073;||fa||400&#8243; icon_color=\u00bb#004562&#8243; icon_placement=\u00bbleft\u00bb image_icon_width=\u00bb53px\u00bb content_max_width=\u00bb1100px\u00bb _builder_version=\u00bb4.22.0&#8243; _module_preset=\u00bbdefault\u00bb header_font=\u00bb|800||on|||||\u00bb header_text_color=\u00bb#004562&#8243; header_font_size=\u00bb27px\u00bb body_font=\u00bb|700|||||||\u00bb body_text_color=\u00bb#316d1e\u00bb body_font_size=\u00bb26px\u00bb custom_margin=\u00bb||-1px|||\u00bb global_colors_info=\u00bb{}\u00bb][\/et_pb_blurb][\/et_pb_column][\/et_pb_row][et_pb_row column_structure=\u00bb1_3,1_3,1_3&#8243; use_custom_gutter=\u00bbon\u00bb disabled_on=\u00bboff|off|off\u00bb _builder_version=\u00bb4.22.0&#8243; _module_preset=\u00bbdefault\u00bb width=\u00bb94%\u00bb max_width=\u00bb2560px\u00bb custom_padding=\u00bb18px||18px|||\u00bb global_colors_info=\u00bb{}\u00bb][et_pb_column type=\u00bb1_3&#8243; _builder_version=\u00bb4.17.6&#8243; _module_preset=\u00bbdefault\u00bb global_colors_info=\u00bb{}\u00bb][et_pb_toggle title=\u00bbMag\u00edster en Gesti\u00f3n Cultural\u00bb open_toggle_text_color=\u00bb#004562&#8243; open_toggle_background_color=\u00bb#FFFFFF\u00bb closed_toggle_background_color=\u00bb#FFFFFF\u00bb icon_color=\u00bb#004562&#8243; use_icon_font_size=\u00bbon\u00bb icon_font_size=\u00bb26px\u00bb open_icon_color=\u00bb#004562&#8243; open_use_icon_font_size=\u00bbon\u00bb open_icon_font_size=\u00bb26px\u00bb disabled_on=\u00bboff|off|off\u00bb _builder_version=\u00bb4.22.0&#8243; _module_preset=\u00bbdefault\u00bb title_text_color=\u00bb#004562&#8243; title_font=\u00bb|700||on|||||\u00bb title_font_size=\u00bb16px\u00bb global_colors_info=\u00bb{}\u00bb]<\/p>\n<table width=\"90%\" border=\"0\" cellpadding=\"0\" cellspacing=\"0\" style=\"width: 90%;\">\n<tbody>\n<tr>\n<td width=\"143\">Apellido paterno<\/td>\n<td width=\"87\">Apellido materno<\/td>\n<td width=\"87\">Nombres<\/td>\n<\/tr>\n<tr>\n<td>C\u00e1diz<\/td>\n<td>Ram\u00edrez<\/td>\n<td>Natalia Paz<\/td>\n<\/tr>\n<tr>\n<td>Camus<\/td>\n<td>L\u00f3pez<\/td>\n<td>Amanda Catalina<\/td>\n<\/tr>\n<tr>\n<td>Carvajal<\/td>\n<td>Guzm\u00e1n<\/td>\n<td>Joselyn Nora<\/td>\n<\/tr>\n<tr>\n<td>Figueroa<\/td>\n<td>Neira<\/td>\n<td>Enoc Osvaldo<\/td>\n<\/tr>\n<tr>\n<td>Fuentes<\/td>\n<td>Olmedo<\/td>\n<td>Carola Del Carmen<\/td>\n<\/tr>\n<tr>\n<td>Jara<\/td>\n<td>P\u00e9rez<\/td>\n<td>Francisca De Los Angeles<\/td>\n<\/tr>\n<tr>\n<td>Morales<\/td>\n<td>Z\u00fa\u00f1iga<\/td>\n<td>Karem Cecilia<\/td>\n<\/tr>\n<\/tbody>\n<\/table>\n<p>[\/et_pb_toggle][\/et_pb_column][et_pb_column type=\u00bb1_3&#8243; _builder_version=\u00bb4.17.6&#8243; _module_preset=\u00bbdefault\u00bb global_colors_info=\u00bb{}\u00bb][et_pb_toggle title=\u00bbMag\u00edster en Ling\u00fc\u00edstica, menci\u00f3n en Dialectolog\u00eda Hispanoamericana y Chilena\u00bb open_toggle_text_color=\u00bb#004562&#8243; open_toggle_background_color=\u00bb#FFFFFF\u00bb closed_toggle_background_color=\u00bb#FFFFFF\u00bb icon_color=\u00bb#004562&#8243; use_icon_font_size=\u00bbon\u00bb icon_font_size=\u00bb26px\u00bb open_icon_color=\u00bb#004562&#8243; open_use_icon_font_size=\u00bbon\u00bb open_icon_font_size=\u00bb26px\u00bb disabled_on=\u00bboff|off|off\u00bb _builder_version=\u00bb4.22.0&#8243; _module_preset=\u00bbdefault\u00bb title_text_color=\u00bb#004562&#8243; title_font=\u00bb|700||on|||||\u00bb title_font_size=\u00bb16px\u00bb global_colors_info=\u00bb{}\u00bb]<\/p>\n<table width=\"90%\" border=\"0\" cellpadding=\"0\" cellspacing=\"0\" style=\"width: 90%;\">\n<tbody>\n<tr>\n<td width=\"143\">Apellido paterno<\/td>\n<td width=\"87\">Apellido materno<\/td>\n<td width=\"87\">Nombres<\/td>\n<\/tr>\n<tr>\n<td>Araneda<\/td>\n<td>Araneda<\/td>\n<td>Daniel Ignacio<\/td>\n<\/tr>\n<tr>\n<td>Brown<\/td>\n<td>Caro<\/td>\n<td>Nicole Michelle<\/td>\n<\/tr>\n<tr>\n<td>Guerra<\/td>\n<td>Gallardo<\/td>\n<td>Javier Ignacio<\/td>\n<\/tr>\n<\/tbody>\n<\/table>\n<p>[\/et_pb_toggle][\/et_pb_column][et_pb_column type=\u00bb1_3&#8243; _builder_version=\u00bb4.17.6&#8243; _module_preset=\u00bbdefault\u00bb global_colors_info=\u00bb{}\u00bb][et_pb_toggle title=\u00bbMag\u00edster en Ling\u00fc\u00edstica, menci\u00f3n en Ling\u00fc\u00edstica Aplicada a la Ense\u00f1anza de Idiomas\u00bb open_toggle_text_color=\u00bb#004562&#8243; open_toggle_background_color=\u00bb#FFFFFF\u00bb closed_toggle_background_color=\u00bb#FFFFFF\u00bb icon_color=\u00bb#004562&#8243; use_icon_font_size=\u00bbon\u00bb icon_font_size=\u00bb26px\u00bb open_icon_color=\u00bb#004562&#8243; open_use_icon_font_size=\u00bbon\u00bb open_icon_font_size=\u00bb26px\u00bb disabled_on=\u00bboff|off|off\u00bb _builder_version=\u00bb4.22.0&#8243; _module_preset=\u00bbdefault\u00bb title_text_color=\u00bb#004562&#8243; title_font=\u00bb|700||on|||||\u00bb title_font_size=\u00bb16px\u00bb global_colors_info=\u00bb{}\u00bb]<\/p>\n<table width=\"90%\" border=\"0\" cellpadding=\"0\" cellspacing=\"0\" style=\"width: 90%;\">\n<tbody>\n<tr>\n<td width=\"143\">Apellido paterno<\/td>\n<td width=\"87\">Apellido materno<\/td>\n<td width=\"87\">Nombres<\/td>\n<\/tr>\n<tr>\n<td>Abarca<\/td>\n<td>Letelier<\/td>\n<td>Lorena Marcela<\/td>\n<\/tr>\n<tr>\n<td>Cuadra\u00a0\u00a0<\/td>\n<td>Portilla<\/td>\n<td>Macarena Andrea<\/td>\n<\/tr>\n<tr>\n<td>Guevara<\/td>\n<td>Olgu\u00edn<\/td>\n<td>Juan Manuel<\/td>\n<\/tr>\n<tr>\n<td>Sanhueza<\/td>\n<td>Mansilla<\/td>\n<td>Jimena Ivonne<\/td>\n<\/tr>\n<\/tbody>\n<\/table>\n<p>[\/et_pb_toggle][\/et_pb_column][\/et_pb_row][et_pb_row column_structure=\u00bb1_3,1_3,1_3&#8243; use_custom_gutter=\u00bbon\u00bb disabled_on=\u00bboff|off|off\u00bb _builder_version=\u00bb4.22.0&#8243; _module_preset=\u00bbdefault\u00bb width=\u00bb94%\u00bb max_width=\u00bb2560px\u00bb custom_padding=\u00bb18px||18px|||\u00bb global_colors_info=\u00bb{}\u00bb][et_pb_column type=\u00bb1_3&#8243; _builder_version=\u00bb4.17.6&#8243; _module_preset=\u00bbdefault\u00bb global_colors_info=\u00bb{}\u00bb][et_pb_toggle title=\u00bbMag\u00edster en Literatura, menci\u00f3n en Literatura Inglesa y Norteamericana\u00bb open_toggle_text_color=\u00bb#004562&#8243; open_toggle_background_color=\u00bb#FFFFFF\u00bb closed_toggle_background_color=\u00bb#FFFFFF\u00bb icon_color=\u00bb#004562&#8243; use_icon_font_size=\u00bbon\u00bb icon_font_size=\u00bb26px\u00bb open_icon_color=\u00bb#004562&#8243; open_use_icon_font_size=\u00bbon\u00bb open_icon_font_size=\u00bb26px\u00bb disabled_on=\u00bboff|off|off\u00bb _builder_version=\u00bb4.22.0&#8243; _module_preset=\u00bbdefault\u00bb title_text_color=\u00bb#004562&#8243; title_font=\u00bb|700||on|||||\u00bb title_font_size=\u00bb16px\u00bb global_colors_info=\u00bb{}\u00bb]<\/p>\n<table width=\"317\">\n<tbody>\n<tr>\n<td width=\"143\">Apellido paterno<\/td>\n<td width=\"87\">Apellido materna<\/td>\n<td width=\"87\">Nombres<\/td>\n<\/tr>\n<tr>\n<td>Erices<\/td>\n<td>Mu\u00f1oz<\/td>\n<td>Fernanda Gabriela<\/td>\n<\/tr>\n<tr>\n<td>Jim\u00e9nez<\/td>\n<td>Albornoz<\/td>\n<td>Juan Jes\u00fas<\/td>\n<\/tr>\n<\/tbody>\n<\/table>\n<p>[\/et_pb_toggle][\/et_pb_column][et_pb_column type=\u00bb1_3&#8243; _builder_version=\u00bb4.17.6&#8243; _module_preset=\u00bbdefault\u00bb global_colors_info=\u00bb{}\u00bb][et_pb_toggle title=\u00bbMag\u00edster en Orientaci\u00f3n Educacional\u00bb open_toggle_text_color=\u00bb#004562&#8243; open_toggle_background_color=\u00bb#FFFFFF\u00bb closed_toggle_background_color=\u00bb#FFFFFF\u00bb icon_color=\u00bb#004562&#8243; use_icon_font_size=\u00bbon\u00bb icon_font_size=\u00bb26px\u00bb open_icon_color=\u00bb#004562&#8243; open_use_icon_font_size=\u00bbon\u00bb open_icon_font_size=\u00bb26px\u00bb disabled_on=\u00bboff|off|off\u00bb _builder_version=\u00bb4.22.0&#8243; _module_preset=\u00bbdefault\u00bb title_text_color=\u00bb#004562&#8243; title_font=\u00bb|700||on|||||\u00bb title_font_size=\u00bb16px\u00bb global_colors_info=\u00bb{}\u00bb]<\/p>\n<table width=\"90%\" border=\"0\" cellpadding=\"0\" cellspacing=\"0\" style=\"width: 90%;\">\n<tbody>\n<tr>\n<td width=\"143\">Apellido paterno<\/td>\n<td width=\"87\">Apellido materno<\/td>\n<td width=\"87\">Nombres<\/td>\n<\/tr>\n<tr>\n<td>Alvarado<\/td>\n<td>Vergara<\/td>\n<td>Ver\u00f3nica Andrea<\/td>\n<\/tr>\n<tr>\n<td>Araya<\/td>\n<td>Gonz\u00e1lez<\/td>\n<td>Mar\u00eda Ang\u00e9lica<\/td>\n<\/tr>\n<tr>\n<td>Escobar<\/td>\n<td>L\u00f3pez<\/td>\n<td>Katherine Alejandra<\/td>\n<\/tr>\n<tr>\n<td>Flores<\/td>\n<td>Gajardo<\/td>\n<td>Jos\u00e9 Enrique<\/td>\n<\/tr>\n<tr>\n<td>Rodr\u00edguez<\/td>\n<td>G\u00f3mez<\/td>\n<td>Ver\u00f3nica De Jes\u00fas<\/td>\n<\/tr>\n<tr>\n<td>Rusque<\/td>\n<td>Mart\u00ednez<\/td>\n<td>Victoria Alejandra<\/td>\n<\/tr>\n<\/tbody>\n<\/table>\n<p>[\/et_pb_toggle][\/et_pb_column][et_pb_column type=\u00bb1_3&#8243; _builder_version=\u00bb4.17.6&#8243; _module_preset=\u00bbdefault\u00bb global_colors_info=\u00bb{}\u00bb][et_pb_toggle title=\u00bbMag\u00edster en Primer Ciclo de la Educaci\u00f3n Parvularia\u00bb open_toggle_text_color=\u00bb#004562&#8243; open_toggle_background_color=\u00bb#FFFFFF\u00bb closed_toggle_background_color=\u00bb#FFFFFF\u00bb icon_color=\u00bb#004562&#8243; use_icon_font_size=\u00bbon\u00bb icon_font_size=\u00bb26px\u00bb open_icon_color=\u00bb#004562&#8243; open_use_icon_font_size=\u00bbon\u00bb open_icon_font_size=\u00bb26px\u00bb disabled_on=\u00bboff|off|off\u00bb _builder_version=\u00bb4.22.0&#8243; _module_preset=\u00bbdefault\u00bb title_text_color=\u00bb#004562&#8243; title_font=\u00bb|700||on|||||\u00bb title_font_size=\u00bb16px\u00bb global_colors_info=\u00bb{}\u00bb]<\/p>\n<table width=\"317\">\n<tbody>\n<tr>\n<td width=\"143\">Apellido paterno<\/td>\n<td width=\"87\">Apellido materno<\/td>\n<td width=\"87\">Nombres<\/td>\n<\/tr>\n<tr>\n<td>Mu\u00f1oz<\/td>\n<td>Ponce<\/td>\n<td>Yennifer Charlotte<\/td>\n<\/tr>\n<\/tbody>\n<\/table>\n<p>[\/et_pb_toggle][\/et_pb_column][\/et_pb_row][et_pb_row column_structure=\u00bb1_3,1_3,1_3&#8243; use_custom_gutter=\u00bbon\u00bb disabled_on=\u00bboff|off|off\u00bb _builder_version=\u00bb4.22.0&#8243; _module_preset=\u00bbdefault\u00bb width=\u00bb94%\u00bb max_width=\u00bb2560px\u00bb custom_padding=\u00bb18px||18px|||\u00bb global_colors_info=\u00bb{}\u00bb][et_pb_column type=\u00bb1_3&#8243; _builder_version=\u00bb4.17.6&#8243; _module_preset=\u00bbdefault\u00bb global_colors_info=\u00bb{}\u00bb][et_pb_toggle title=\u00bbPost\u00edtulo en Orientaci\u00f3n Educacional\u00bb open_toggle_text_color=\u00bb#004562&#8243; open_toggle_background_color=\u00bb#FFFFFF\u00bb closed_toggle_background_color=\u00bb#FFFFFF\u00bb icon_color=\u00bb#004562&#8243; use_icon_font_size=\u00bbon\u00bb icon_font_size=\u00bb26px\u00bb open_icon_color=\u00bb#004562&#8243; open_use_icon_font_size=\u00bbon\u00bb open_icon_font_size=\u00bb26px\u00bb disabled_on=\u00bboff|off|off\u00bb _builder_version=\u00bb4.22.0&#8243; _module_preset=\u00bbdefault\u00bb title_text_color=\u00bb#004562&#8243; title_font=\u00bb|700||on|||||\u00bb title_font_size=\u00bb16px\u00bb global_colors_info=\u00bb{}\u00bb]<\/p>\n<table width=\"90%\" border=\"0\" cellpadding=\"0\" cellspacing=\"0\" style=\"width: 90%;\">\n<tbody>\n<tr>\n<td width=\"143\">Apellido paterno<\/td>\n<td width=\"87\">Apell materno<\/td>\n<td width=\"87\">Nombres<\/td>\n<\/tr>\n<tr>\n<td>Aicon<\/td>\n<td>Asencio<\/td>\n<td>Miriam Alejandra<\/td>\n<\/tr>\n<tr>\n<td>Aicon<\/td>\n<td>Asencio<\/td>\n<td>Macarena Abigail<\/td>\n<\/tr>\n<tr>\n<td>\u00c1lvarez<\/td>\n<td>Beiza<\/td>\n<td>Silvia Teresa<\/td>\n<\/tr>\n<tr>\n<td>Arce<\/td>\n<td>Inojosa<\/td>\n<td>\u00a0Natalia<\/td>\n<\/tr>\n<tr>\n<td>Arias<\/td>\n<td>Quiroga<\/td>\n<td>Ra\u00fal Alberto<\/td>\n<\/tr>\n<tr>\n<td>Ayala<\/td>\n<td>Catal\u00e1n<\/td>\n<td>Fernanda Esperanza Viviana<\/td>\n<\/tr>\n<tr>\n<td>Cabello<\/td>\n<td>Montecinos<\/td>\n<td>Angel Adri\u00e1n<\/td>\n<\/tr>\n<tr>\n<td>Cabrera<\/td>\n<td>Soto<\/td>\n<td>Zaida Nancy Del Carmen<\/td>\n<\/tr>\n<tr>\n<td>C\u00e1rdenas<\/td>\n<td>Gonz\u00e1lez<\/td>\n<td>Yasna Victoria<\/td>\n<\/tr>\n<tr>\n<td>Cataldo<\/td>\n<td>Madrid<\/td>\n<td>Claudia Andrea<\/td>\n<\/tr>\n<tr>\n<td>C\u00f3rdova<\/td>\n<td>Veas<\/td>\n<td>Carolina Andrea<\/td>\n<\/tr>\n<tr>\n<td>Cueto<\/td>\n<td>D\u00edaz<\/td>\n<td>Daniel<\/td>\n<\/tr>\n<tr>\n<td>Dur\u00e1n<\/td>\n<td>Saavedra<\/td>\n<td>Daniella Valeska<\/td>\n<\/tr>\n<tr>\n<td>Escobar<\/td>\n<td>Valencia<\/td>\n<td>Paulina Edith<\/td>\n<\/tr>\n<tr>\n<td>Figueroa<\/td>\n<td>Ansaldi<\/td>\n<td>Carla Andrea<\/td>\n<\/tr>\n<tr>\n<td>Foster<\/td>\n<td>C\u00e1ceres<\/td>\n<td>Allison Roberta<\/td>\n<\/tr>\n<tr>\n<td>Gonz\u00e1lez<\/td>\n<td>S\u00e1ez<\/td>\n<td>Carolina Ester<\/td>\n<\/tr>\n<tr>\n<td>Jorquera<\/td>\n<td>Mu\u00f1oz<\/td>\n<td>Johanna Mabel<\/td>\n<\/tr>\n<tr>\n<td>Le\u00f3n<\/td>\n<td>Lizana<\/td>\n<td>Amanda Bernardita<\/td>\n<\/tr>\n<tr>\n<td>Lillo<\/td>\n<td>Carmona<\/td>\n<td>Mar\u00eda Eugenia<\/td>\n<\/tr>\n<tr>\n<td>L\u00f3pez<\/td>\n<td>Pe\u00f1a<\/td>\n<td>Claudia Andrea<\/td>\n<\/tr>\n<tr>\n<td>Madariaga<\/td>\n<td>Boza<\/td>\n<td>Mar\u00eda De Los Angeles<\/td>\n<\/tr>\n<tr>\n<td>M\u00e9ndez<\/td>\n<td>Gonz\u00e1lez<\/td>\n<td>Diego Camilo<\/td>\n<\/tr>\n<tr>\n<td>Morales<\/td>\n<td>D\u00edaz<\/td>\n<td>Ruth Elizabeth<\/td>\n<\/tr>\n<tr>\n<td>Moscoso<\/td>\n<td>Carrasco<\/td>\n<td>Carolina Judith<\/td>\n<\/tr>\n<tr>\n<td>Mu\u00f1oz<\/td>\n<td>Ram\u00edrez<\/td>\n<td>Eugenia Francisca<\/td>\n<\/tr>\n<tr>\n<td>Mu\u00f1oz<\/td>\n<td>Zamudio<\/td>\n<td>Victor Rene<\/td>\n<\/tr>\n<tr>\n<td>Orbenes<\/td>\n<td>Cuellar<\/td>\n<td>Manuel Alejandro<\/td>\n<\/tr>\n<tr>\n<td>Osorio<\/td>\n<td>Leiva<\/td>\n<td>Mar\u00eda Alejandra<\/td>\n<\/tr>\n<tr>\n<td>Ossand\u00f3n<\/td>\n<td>Barraza<\/td>\n<td>Hilda Margarita<\/td>\n<\/tr>\n<tr>\n<td>Peschke<\/td>\n<td>Valladares<\/td>\n<td>Cherie Ang\u00e9lica<\/td>\n<\/tr>\n<tr>\n<td>Pimentel<\/td>\n<td>Day<\/td>\n<td>Jorge Andr\u00e9s<\/td>\n<\/tr>\n<tr>\n<td>Ram\u00edrez<\/td>\n<td>Mura<\/td>\n<td>Andrea<\/td>\n<\/tr>\n<tr>\n<td>Salgado<\/td>\n<td>Leiva<\/td>\n<td>Tayna Jacqueline<\/td>\n<\/tr>\n<tr>\n<td>S\u00e1nchez<\/td>\n<td>S\u00e1nchez<\/td>\n<td>Mayte Yoseline<\/td>\n<\/tr>\n<tr>\n<td>Suazo<\/td>\n<td>Olgu\u00edn<\/td>\n<td>Alejandra Andrea<\/td>\n<\/tr>\n<tr>\n<td>Ugarte<\/td>\n<td>Olivares<\/td>\n<td>Flavia Estefan\u00eda<\/td>\n<\/tr>\n<tr>\n<td>Vidal<\/td>\n<td>Olivero<\/td>\n<td>Ana Blanca<\/td>\n<\/tr>\n<\/tbody>\n<\/table>\n<p>[\/et_pb_toggle][\/et_pb_column][et_pb_column type=\u00bb1_3&#8243; _builder_version=\u00bb4.17.6&#8243; _module_preset=\u00bbdefault\u00bb global_colors_info=\u00bb{}\u00bb][et_pb_toggle title=\u00bbDiplomado en Formaci\u00f3n Pedag\u00f3gica\u00bb open_toggle_text_color=\u00bb#004562&#8243; open_toggle_background_color=\u00bb#FFFFFF\u00bb closed_toggle_background_color=\u00bb#FFFFFF\u00bb icon_color=\u00bb#004562&#8243; use_icon_font_size=\u00bbon\u00bb icon_font_size=\u00bb26px\u00bb open_icon_color=\u00bb#004562&#8243; open_use_icon_font_size=\u00bbon\u00bb open_icon_font_size=\u00bb26px\u00bb disabled_on=\u00bboff|off|off\u00bb _builder_version=\u00bb4.22.0&#8243; _module_preset=\u00bbdefault\u00bb title_text_color=\u00bb#004562&#8243; title_font=\u00bb|700||on|||||\u00bb title_font_size=\u00bb16px\u00bb global_colors_info=\u00bb{}\u00bb]<\/p>\n<table width=\"317\">\n<tbody>\n<tr>\n<td width=\"143\">Apellido paterno<\/td>\n<td width=\"87\">Apellido materno<\/td>\n<td width=\"87\">Nombres<\/td>\n<\/tr>\n<tr>\n<td>Nettle<\/td>\n<td>Valenzuela<\/td>\n<td>Alejandro Horacio<\/td>\n<\/tr>\n<\/tbody>\n<\/table>\n<p>&nbsp;<\/p>\n<p>[\/et_pb_toggle][\/et_pb_column][et_pb_column type=\u00bb1_3&#8243; _builder_version=\u00bb4.17.6&#8243; _module_preset=\u00bbdefault\u00bb global_colors_info=\u00bb{}\u00bb][et_pb_toggle title=\u00bbDiplomado en Gesti\u00f3n Cultural\u00bb open_toggle_text_color=\u00bb#004562&#8243; open_toggle_background_color=\u00bb#FFFFFF\u00bb closed_toggle_background_color=\u00bb#FFFFFF\u00bb icon_color=\u00bb#004562&#8243; use_icon_font_size=\u00bbon\u00bb icon_font_size=\u00bb26px\u00bb open_icon_color=\u00bb#004562&#8243; open_use_icon_font_size=\u00bbon\u00bb open_icon_font_size=\u00bb26px\u00bb disabled_on=\u00bboff|off|off\u00bb _builder_version=\u00bb4.22.0&#8243; _module_preset=\u00bbdefault\u00bb title_text_color=\u00bb#004562&#8243; title_font=\u00bb|700||on|||||\u00bb title_font_size=\u00bb16px\u00bb global_colors_info=\u00bb{}\u00bb]<\/p>\n<table width=\"90%\" border=\"0\" cellpadding=\"0\" cellspacing=\"0\" style=\"width: 90%;\">\n<tbody>\n<tr>\n<td width=\"143\">Apellido paterno<\/td>\n<td width=\"87\">Apellido materno<\/td>\n<td width=\"87\">Nombres<\/td>\n<\/tr>\n<tr>\n<td>Tapia<\/td>\n<td>Lehmann<\/td>\n<td>Ingrid Gloria<\/td>\n<\/tr>\n<\/tbody>\n<\/table>\n<p>&nbsp;<\/p>\n<p>[\/et_pb_toggle][\/et_pb_column][\/et_pb_row][et_pb_row column_structure=\u00bb1_3,1_3,1_3&#8243; use_custom_gutter=\u00bbon\u00bb disabled_on=\u00bboff|off|off\u00bb _builder_version=\u00bb4.22.0&#8243; _module_preset=\u00bbdefault\u00bb width=\u00bb94%\u00bb max_width=\u00bb2560px\u00bb custom_padding=\u00bb18px||18px|||\u00bb global_colors_info=\u00bb{}\u00bb][et_pb_column type=\u00bb1_3&#8243; _builder_version=\u00bb4.17.6&#8243; _module_preset=\u00bbdefault\u00bb global_colors_info=\u00bb{}\u00bb][et_pb_toggle title=\u00bbLicenciatura en Educaci\u00f3n\u00bb open_toggle_text_color=\u00bb#004562&#8243; open_toggle_background_color=\u00bb#FFFFFF\u00bb closed_toggle_background_color=\u00bb#FFFFFF\u00bb icon_color=\u00bb#004562&#8243; use_icon_font_size=\u00bbon\u00bb icon_font_size=\u00bb26px\u00bb open_icon_color=\u00bb#004562&#8243; open_use_icon_font_size=\u00bbon\u00bb open_icon_font_size=\u00bb26px\u00bb disabled_on=\u00bboff|off|off\u00bb _builder_version=\u00bb4.22.0&#8243; _module_preset=\u00bbdefault\u00bb title_text_color=\u00bb#004562&#8243; title_font=\u00bb|700||on|||||\u00bb title_font_size=\u00bb16px\u00bb global_colors_info=\u00bb{}\u00bb]<\/p>\n<table width=\"90%\" border=\"0\" cellpadding=\"0\" cellspacing=\"0\" style=\"width: 90%;\">\n<tbody>\n<tr>\n<td width=\"143\">Apellido paterno<\/td>\n<td width=\"87\">Apellido materno<\/td>\n<td width=\"87\">Nombres<\/td>\n<\/tr>\n<tr>\n<td>Fleming<\/td>\n<td>Lopez<\/td>\n<td>Pamela Ester<\/td>\n<\/tr>\n<tr>\n<td>Mercado<\/td>\n<td>Iglesias<\/td>\n<td>Monica Alejandra<\/td>\n<\/tr>\n<\/tbody>\n<\/table>\n<p>[\/et_pb_toggle][\/et_pb_column][et_pb_column type=\u00bb1_3&#8243; _builder_version=\u00bb4.17.6&#8243; _module_preset=\u00bbdefault\u00bb global_colors_info=\u00bb{}\u00bb][\/et_pb_column][et_pb_column type=\u00bb1_3&#8243; _builder_version=\u00bb4.17.6&#8243; _module_preset=\u00bbdefault\u00bb global_colors_info=\u00bb{}\u00bb][\/et_pb_column][\/et_pb_row][\/et_pb_section][et_pb_section fb_built=\u00bb1&#8243; specialty=\u00bbon\u00bb admin_label=\u00bbFooter\u00bb _builder_version=\u00bb4.16&#8243; use_background_color_gradient=\u00bbon\u00bb background_color_gradient_stops=\u00bbrgba(0,0,0,0.71) 0%|rgba(0,0,0,0.28) 100%\u00bb background_color_gradient_overlays_image=\u00bbon\u00bb background_color_gradient_start=\u00bbrgba(0,0,0,0.71)\u00bb background_color_gradient_end=\u00bbrgba(0,0,0,0.28)\u00bb background_image=\u00bbhttps:\/\/www.upla.cl\/titulosygrados\/wp-content\/uploads\/2018\/12\/prueba.png\u00bb custom_margin=\u00bb3px|||||\u00bb custom_padding=\u00bb30px|0px|6px|0px|false|false\u00bb background_color_gradient_stops_tablet=\u00bbrgba(0,0,0,0.71) 0%|rgba(0,0,0,0.28) 100%\u00bb background_color_gradient_stops_phone=\u00bbrgba(0,0,0,0.71) 0%|rgba(0,0,0,0.28) 100%\u00bb global_module=\u00bb1040&#8243; saved_tabs=\u00bball\u00bb collapsed=\u00bboff\u00bb global_colors_info=\u00bb{}\u00bb][et_pb_column type=\u00bb1_2&#8243; specialty_columns=\u00bb2&#8243; _builder_version=\u00bb4.16&#8243; custom_padding=\u00bb|||\u00bb global_colors_info=\u00bb{}\u00bb parallax__hover=\u00bboff\u00bb parallax_method__hover=\u00bbon\u00bb custom_padding__hover=\u00bb|||\u00bb][et_pb_row_inner _builder_version=\u00bb4.16&#8243; width=\u00bb90%\u00bb max_width=\u00bb2560px\u00bb global_colors_info=\u00bb{}\u00bb][et_pb_column_inner saved_specialty_column_type=\u00bb1_2&#8243; _builder_version=\u00bb4.16&#8243; custom_padding=\u00bb|||\u00bb global_colors_info=\u00bb{}\u00bb parallax__hover=\u00bboff\u00bb parallax_method__hover=\u00bbon\u00bb custom_padding__hover=\u00bb|||\u00bb][et_pb_text _builder_version=\u00bb4.16&#8243; text_font=\u00bbLato||||||||\u00bb text_font_size=\u00bb15px\u00bb text_line_height=\u00bb2em\u00bb ul_font=\u00bb||||||||\u00bb ol_font=\u00bb||||||||\u00bb header_font=\u00bbLato||||||||\u00bb header_2_font=\u00bbLato|700|||||||\u00bb header_2_font_size=\u00bb42px\u00bb header_2_line_height=\u00bb1.5em\u00bb header_3_font=\u00bbLato|500||on|||||\u00bb header_3_text_color=\u00bb#009bdb\u00bb header_3_font_size=\u00bb14px\u00bb header_3_letter_spacing=\u00bb2px\u00bb header_3_line_height=\u00bb2em\u00bb header_4_font=\u00bb||||||||\u00bb header_5_font=\u00bb||||||||\u00bb header_6_font=\u00bb||||||||\u00bb background_layout=\u00bbdark\u00bb max_width=\u00bb500px\u00bb text_font_size_tablet=\u00bb\u00bb text_font_size_phone=\u00bb14px\u00bb text_font_size_last_edited=\u00bbon|phone\u00bb header_2_font_size_tablet=\u00bb32px\u00bb header_2_font_size_phone=\u00bb22px\u00bb header_2_font_size_last_edited=\u00bbon|phone\u00bb locked=\u00bboff\u00bb global_colors_info=\u00bb{}\u00bb]<\/p>\n<h3>Dudas y consultas<\/h3>\n<h2>Cont\u00e1ctanos<\/h2>\n<p>[\/et_pb_text][\/et_pb_column_inner][\/et_pb_row_inner][et_pb_row_inner column_structure=\u00bb1_2,1_2&#8243; _builder_version=\u00bb4.16&#8243; global_colors_info=\u00bb{}\u00bb][et_pb_column_inner type=\u00bb1_2&#8243; saved_specialty_column_type=\u00bb1_2&#8243; _builder_version=\u00bb4.16&#8243; custom_padding=\u00bb|||\u00bb global_colors_info=\u00bb{}\u00bb parallax__hover=\u00bboff\u00bb parallax_method__hover=\u00bbon\u00bb custom_padding__hover=\u00bb|||\u00bb][et_pb_text _builder_version=\u00bb4.16&#8243; text_font=\u00bbLato||||||||\u00bb text_text_color=\u00bbrgba(255,255,255,0.7)\u00bb text_font_size=\u00bb16px\u00bb text_line_height=\u00bb2em\u00bb header_font=\u00bbLato||||||||\u00bb header_4_font=\u00bbLato|700|||||||\u00bb header_4_line_height=\u00bb1.5em\u00bb background_layout=\u00bbdark\u00bb global_colors_info=\u00bb{}\u00bb]<\/p>\n<h4>Documentos<\/h4>\n<p>Consulta aqu\u00ed sobre los documentos que podemos emitir<\/p>\n<p>[\/et_pb_text][et_pb_text _builder_version=\u00bb4.16&#8243; text_font=\u00bbLato||||||||\u00bb text_text_color=\u00bbrgba(255,255,255,0.7)\u00bb text_font_size=\u00bb16px\u00bb text_line_height=\u00bb2em\u00bb header_font=\u00bbLato||||||||\u00bb header_4_font=\u00bbLato|700|||||||\u00bb header_4_line_height=\u00bb1.5em\u00bb background_layout=\u00bbdark\u00bb global_colors_info=\u00bb{}\u00bb]<\/p>\n<h4>Legalizaci\u00f3n de documentos<\/h4>\n<p>Realiza aqu\u00ed tus comentarios si necesitas legalizar alg\u00fan documento para presentar en el extranjero o si necesitas utilizar un certificado proveniente de una instituci\u00f3n extranjera.<\/p>\n<p>[\/et_pb_text][\/et_pb_column_inner][et_pb_column_inner type=\u00bb1_2&#8243; saved_specialty_column_type=\u00bb1_2&#8243; _builder_version=\u00bb4.16&#8243; custom_padding=\u00bb|||\u00bb global_colors_info=\u00bb{}\u00bb parallax__hover=\u00bboff\u00bb parallax_method__hover=\u00bbon\u00bb custom_padding__hover=\u00bb|||\u00bb][et_pb_text _builder_version=\u00bb4.16&#8243; text_font=\u00bbLato||||||||\u00bb text_text_color=\u00bbrgba(255,255,255,0.7)\u00bb text_font_size=\u00bb16px\u00bb text_line_height=\u00bb2em\u00bb header_font=\u00bbLato||||||||\u00bb header_4_font=\u00bbLato|700|||||||\u00bb header_4_line_height=\u00bb1.5em\u00bb background_layout=\u00bbdark\u00bb global_colors_info=\u00bb{}\u00bb]<\/p>\n<h4>Plazos y fechas<\/h4>\n<p>Si tienes dudas con los plazos para la tramitaci\u00f3n de documentos, o fechas de realizaci\u00f3n de ceremonias, cont\u00e1ctanos.<\/p>\n<p>[\/et_pb_text][et_pb_text _builder_version=\u00bb4.16&#8243; text_font=\u00bbLato||||||||\u00bb text_text_color=\u00bbrgba(255,255,255,0.7)\u00bb text_font_size=\u00bb16px\u00bb text_line_height=\u00bb2em\u00bb header_font=\u00bbLato||||||||\u00bb header_4_font=\u00bbLato|700|||||||\u00bb header_4_line_height=\u00bb1.5em\u00bb background_layout=\u00bbdark\u00bb global_colors_info=\u00bb{}\u00bb]<\/p>\n<h4>Ceremonias<\/h4>\n<p>Cumples con los requisitos para participar de ceremonias de titulaci\u00f3n o graduaci\u00f3n y no apareces en el listado, cons\u00faltanos por esta v\u00eda.<\/p>\n<p>[\/et_pb_text][\/et_pb_column_inner][\/et_pb_row_inner][\/et_pb_column][et_pb_column type=\u00bb1_2&#8243; _builder_version=\u00bb4.16&#8243; custom_padding=\u00bb|||\u00bb global_colors_info=\u00bb{}\u00bb parallax__hover=\u00bboff\u00bb parallax_method__hover=\u00bbon\u00bb custom_padding__hover=\u00bb|||\u00bb][et_pb_contact_form email=\u00bbhumberto.zapata@upla.cl\u00bb success_message=\u00bbExcelente. Hemos recibido tu solicitud de contacto. Nos comunicaremos a la brevedad.\u00bb submit_button_text=\u00bbEnviar\u00bb admin_label=\u00bbContacto\u00bb module_id=\u00bbet_pb_contact_form_0&#8243; _builder_version=\u00bb4.16&#8243; _unique_id=\u00bb23a1b4bb-6d62-4334-a83c-dbe35a86efa3&#8243; form_field_background_color=\u00bb#f5f9fa\u00bb form_field_text_color=\u00bb#000000&#8243; form_field_font=\u00bb||||||||\u00bb background_color=\u00bb#bce3fa\u00bb custom_button=\u00bbon\u00bb button_text_size=\u00bb12px\u00bb button_text_color=\u00bb#ffffff\u00bb button_bg_color=\u00bb#ef3b24&#8243; button_border_width=\u00bb14px\u00bb button_border_color=\u00bbrgba(0,0,0,0)\u00bb button_border_radius=\u00bb0px\u00bb button_letter_spacing=\u00bb2px\u00bb button_font=\u00bbRubik|500||on|||||\u00bb button_use_icon=\u00bboff\u00bb custom_padding=\u00bb60px|40px|60px|40px|true|true\u00bb animation_style=\u00bbzoom\u00bb animation_intensity_zoom=\u00bb20%\u00bb border_width_all=\u00bb2px\u00bb border_color_all=\u00bb#dee9ee\u00bb box_shadow_style_button=\u00bbpreset1&#8243; box_shadow_color_button=\u00bbrgba(239,59,36,0.1)\u00bb form_background_color=\u00bb#f5f9fa\u00bb global_colors_info=\u00bb{}\u00bb][et_pb_contact_field field_id=\u00bbNombre\u00bb field_title=\u00bbNombre\u00bb fullwidth_field=\u00bbon\u00bb _builder_version=\u00bb4.16&#8243; custom_margin=\u00bb||30px|\u00bb global_colors_info=\u00bb{}\u00bb button_text_size__hover_enabled=\u00bboff\u00bb button_one_text_size__hover_enabled=\u00bboff\u00bb button_two_text_size__hover_enabled=\u00bboff\u00bb button_text_color__hover_enabled=\u00bboff\u00bb button_one_text_color__hover_enabled=\u00bboff\u00bb button_two_text_color__hover_enabled=\u00bboff\u00bb button_border_width__hover_enabled=\u00bboff\u00bb button_one_border_width__hover_enabled=\u00bboff\u00bb button_two_border_width__hover_enabled=\u00bboff\u00bb button_border_color__hover_enabled=\u00bboff\u00bb button_one_border_color__hover_enabled=\u00bboff\u00bb button_two_border_color__hover_enabled=\u00bboff\u00bb button_border_radius__hover_enabled=\u00bboff\u00bb button_one_border_radius__hover_enabled=\u00bboff\u00bb button_two_border_radius__hover_enabled=\u00bboff\u00bb button_letter_spacing__hover_enabled=\u00bboff\u00bb button_one_letter_spacing__hover_enabled=\u00bboff\u00bb button_two_letter_spacing__hover_enabled=\u00bboff\u00bb button_bg_color__hover_enabled=\u00bboff\u00bb button_one_bg_color__hover_enabled=\u00bboff\u00bb button_two_bg_color__hover_enabled=\u00bboff\u00bb][\/et_pb_contact_field][et_pb_contact_field field_id=\u00bbCorreo_electr\u00f3nico\u00bb field_title=\u00bbCorreo electr\u00f3nico\u00bb field_type=\u00bbemail\u00bb fullwidth_field=\u00bbon\u00bb _builder_version=\u00bb4.16&#8243; form_field_font=\u00bb||||||||\u00bb custom_margin=\u00bb||30px|\u00bb global_colors_info=\u00bb{}\u00bb button_text_size__hover_enabled=\u00bboff\u00bb button_one_text_size__hover_enabled=\u00bboff\u00bb button_two_text_size__hover_enabled=\u00bboff\u00bb button_text_color__hover_enabled=\u00bboff\u00bb button_one_text_color__hover_enabled=\u00bboff\u00bb button_two_text_color__hover_enabled=\u00bboff\u00bb button_border_width__hover_enabled=\u00bboff\u00bb button_one_border_width__hover_enabled=\u00bboff\u00bb button_two_border_width__hover_enabled=\u00bboff\u00bb button_border_color__hover_enabled=\u00bboff\u00bb button_one_border_color__hover_enabled=\u00bboff\u00bb button_two_border_color__hover_enabled=\u00bboff\u00bb button_border_radius__hover_enabled=\u00bboff\u00bb button_one_border_radius__hover_enabled=\u00bboff\u00bb button_two_border_radius__hover_enabled=\u00bboff\u00bb button_letter_spacing__hover_enabled=\u00bboff\u00bb button_one_letter_spacing__hover_enabled=\u00bboff\u00bb button_two_letter_spacing__hover_enabled=\u00bboff\u00bb button_bg_color__hover_enabled=\u00bboff\u00bb button_one_bg_color__hover_enabled=\u00bboff\u00bb button_two_bg_color__hover_enabled=\u00bboff\u00bb][\/et_pb_contact_field][et_pb_contact_field field_id=\u00bbMensaje\u00bb field_title=\u00bbMensaje\u00bb field_type=\u00bbtext\u00bb fullwidth_field=\u00bbon\u00bb _builder_version=\u00bb4.16&#8243; custom_margin=\u00bb||30px|\u00bb global_colors_info=\u00bb{}\u00bb button_text_size__hover_enabled=\u00bboff\u00bb button_one_text_size__hover_enabled=\u00bboff\u00bb button_two_text_size__hover_enabled=\u00bboff\u00bb button_text_color__hover_enabled=\u00bboff\u00bb button_one_text_color__hover_enabled=\u00bboff\u00bb button_two_text_color__hover_enabled=\u00bboff\u00bb button_border_width__hover_enabled=\u00bboff\u00bb button_one_border_width__hover_enabled=\u00bboff\u00bb button_two_border_width__hover_enabled=\u00bboff\u00bb button_border_color__hover_enabled=\u00bboff\u00bb button_one_border_color__hover_enabled=\u00bboff\u00bb button_two_border_color__hover_enabled=\u00bboff\u00bb button_border_radius__hover_enabled=\u00bboff\u00bb button_one_border_radius__hover_enabled=\u00bboff\u00bb button_two_border_radius__hover_enabled=\u00bboff\u00bb button_letter_spacing__hover_enabled=\u00bboff\u00bb button_one_letter_spacing__hover_enabled=\u00bboff\u00bb button_two_letter_spacing__hover_enabled=\u00bboff\u00bb button_bg_color__hover_enabled=\u00bboff\u00bb button_one_bg_color__hover_enabled=\u00bboff\u00bb button_two_bg_color__hover_enabled=\u00bboff\u00bb][\/et_pb_contact_field][\/et_pb_contact_form][\/et_pb_column][\/et_pb_section]<\/p>\n","protected":false},"excerpt":{"rendered":"<p>224 estudiantes recibir\u00e1n la documentaci\u00f3n correspondiente a los programas cursados en la Universidad de Playa Ancha.<\/p>\n","protected":false},"author":2,"featured_media":1712,"comment_status":"closed","ping_status":"closed","sticky":false,"template":"","format":"standard","meta":{"_et_pb_use_builder":"on","_et_pb_old_content":"","_et_gb_content_width":"","footnotes":""},"categories":[14,1],"tags":[],"class_list":["post-1705","post","type-post","status-publish","format-standard","has-post-thumbnail","hentry","category-ceremonia-de-graduacion","category-sin-categoria"],"_links":{"self":[{"href":"https:\/\/www.upla.cl\/titulosygrados\/wp-json\/wp\/v2\/posts\/1705","targetHints":{"allow":["GET"]}}],"collection":[{"href":"https:\/\/www.upla.cl\/titulosygrados\/wp-json\/wp\/v2\/posts"}],"about":[{"href":"https:\/\/www.upla.cl\/titulosygrados\/wp-json\/wp\/v2\/types\/post"}],"author":[{"embeddable":true,"href":"https:\/\/www.upla.cl\/titulosygrados\/wp-json\/wp\/v2\/users\/2"}],"replies":[{"embeddable":true,"href":"https:\/\/www.upla.cl\/titulosygrados\/wp-json\/wp\/v2\/comments?post=1705"}],"version-history":[{"count":10,"href":"https:\/\/www.upla.cl\/titulosygrados\/wp-json\/wp\/v2\/posts\/1705\/revisions"}],"predecessor-version":[{"id":1720,"href":"https:\/\/www.upla.cl\/titulosygrados\/wp-json\/wp\/v2\/posts\/1705\/revisions\/1720"}],"wp:featuredmedia":[{"embeddable":true,"href":"https:\/\/www.upla.cl\/titulosygrados\/wp-json\/wp\/v2\/media\/1712"}],"wp:attachment":[{"href":"https:\/\/www.upla.cl\/titulosygrados\/wp-json\/wp\/v2\/media?parent=1705"}],"wp:term":[{"taxonomy":"category","embeddable":true,"href":"https:\/\/www.upla.cl\/titulosygrados\/wp-json\/wp\/v2\/categories?post=1705"},{"taxonomy":"post_tag","embeddable":true,"href":"https:\/\/www.upla.cl\/titulosygrados\/wp-json\/wp\/v2\/tags?post=1705"}],"curies":[{"name":"wp","href":"https:\/\/api.w.org\/{rel}","templated":true}]}}