{"id":1822,"date":"2025-03-26T15:04:27","date_gmt":"2025-03-26T18:04:27","guid":{"rendered":"https:\/\/www.upla.cl\/selloeditorial\/?p=1822"},"modified":"2025-03-26T15:05:36","modified_gmt":"2025-03-26T18:05:36","slug":"el-derecho-a-la-palabra-m-teresa-nunez-y-maritza-farlora-editoras","status":"publish","type":"post","link":"https:\/\/www.upla.cl\/selloeditorial\/2025\/03\/26\/el-derecho-a-la-palabra-m-teresa-nunez-y-maritza-farlora-editoras\/","title":{"rendered":"El derecho a la palabra \/ M.Teresa N\u00fa\u00f1ez y Maritza Farlora \/ Eds."},"content":{"rendered":"<p class=\"p1\">Formato: 20 x 21 cm<br \/>\nTexto: 258 p\u00e1ginas<br \/>\nISBN: 978-956-296-237-7<\/p>\n<p>El lenguaje adquiere nuevas din\u00e1micas de uso a partir de los discursos contextualizados de las distintas comunidades de hablantes que integran una lengua. Por tanto, este libro es un compendio de diferentes investigaciones ling\u00fc\u00edsticas que se realizan hoy en el pa\u00eds, en las que se destaca el rol de las comunidades y del posicionamiento de sus integrantes. Desde estas aproximaciones al an\u00e1lisis ling\u00fc\u00edstico, los lectores encontrar\u00e1n diversas tem\u00e1ticas como estudios focalizados en lenguas de herencia y L2, como tambi\u00e9n t\u00f3picos centrados en la comunidad Sorda, la LGBTQA+, los discursos acad\u00e9micos, entre otros.<br \/>\nEl prop\u00f3sito de este libro es incitar al di\u00e1logo de los lectores, ya sean estudiantes universitarios, acad\u00e9micos e investigadores, sobre lo que significa el uso del lenguaje como una herramienta que promueve la expresi\u00f3n y la libertad.<\/p>\n<p><strong><a href=\"https:\/\/drive.google.com\/file\/d\/1UubzdwOsMWIAInTMgqL6DpksWqZHEYHb\/view?usp=drive_link\" target=\"_blank\" rel=\"noopener\">DESCARGAR PDF<\/a><\/strong><\/p>\n","protected":false},"excerpt":{"rendered":"<p>Formato: 20 x 21 cm Texto: 258 p\u00e1ginas ISBN: 978-956-296-237-7 El lenguaje adquiere nuevas din\u00e1micas de uso a partir de los discursos contextualizados de las distintas comunidades de hablantes que integran una lengua. Por tanto, este libro es un compendio de diferentes investigaciones ling\u00fc\u00edsticas que se realizan hoy en el pa\u00eds, en las que se [&hellip;]<\/p>\n","protected":false},"author":3,"featured_media":1823,"comment_status":"closed","ping_status":"open","sticky":false,"template":"","format":"standard","meta":{"_et_pb_use_builder":"","_et_pb_old_content":"","_et_gb_content_width":"","footnotes":""},"categories":[8,38,36,12],"tags":[],"class_list":["post-1822","post","type-post","status-publish","format-standard","has-post-thumbnail","hentry","category-catalogo","category-libros","category-libros-libres","category-linguistica"],"_links":{"self":[{"href":"https:\/\/www.upla.cl\/selloeditorial\/wp-json\/wp\/v2\/posts\/1822","targetHints":{"allow":["GET"]}}],"collection":[{"href":"https:\/\/www.upla.cl\/selloeditorial\/wp-json\/wp\/v2\/posts"}],"about":[{"href":"https:\/\/www.upla.cl\/selloeditorial\/wp-json\/wp\/v2\/types\/post"}],"author":[{"embeddable":true,"href":"https:\/\/www.upla.cl\/selloeditorial\/wp-json\/wp\/v2\/users\/3"}],"replies":[{"embeddable":true,"href":"https:\/\/www.upla.cl\/selloeditorial\/wp-json\/wp\/v2\/comments?post=1822"}],"version-history":[{"count":3,"href":"https:\/\/www.upla.cl\/selloeditorial\/wp-json\/wp\/v2\/posts\/1822\/revisions"}],"predecessor-version":[{"id":1826,"href":"https:\/\/www.upla.cl\/selloeditorial\/wp-json\/wp\/v2\/posts\/1822\/revisions\/1826"}],"wp:featuredmedia":[{"embeddable":true,"href":"https:\/\/www.upla.cl\/selloeditorial\/wp-json\/wp\/v2\/media\/1823"}],"wp:attachment":[{"href":"https:\/\/www.upla.cl\/selloeditorial\/wp-json\/wp\/v2\/media?parent=1822"}],"wp:term":[{"taxonomy":"category","embeddable":true,"href":"https:\/\/www.upla.cl\/selloeditorial\/wp-json\/wp\/v2\/categories?post=1822"},{"taxonomy":"post_tag","embeddable":true,"href":"https:\/\/www.upla.cl\/selloeditorial\/wp-json\/wp\/v2\/tags?post=1822"}],"curies":[{"name":"wp","href":"https:\/\/api.w.org\/{rel}","templated":true}]}}