{"id":2733,"date":"2025-07-17T12:56:04","date_gmt":"2025-07-17T16:56:04","guid":{"rendered":"https:\/\/www.upla.cl\/secretariadeestudios\/?p=2733"},"modified":"2025-08-06T10:24:03","modified_gmt":"2025-08-06T14:24:03","slug":"atencion-estudiantes-aqui-esta-disponible-el-instructivo-de-matriculas-para-el-segundo-semestre-de-2025","status":"publish","type":"post","link":"https:\/\/www.upla.cl\/secretariadeestudios\/2025\/07\/17\/atencion-estudiantes-aqui-esta-disponible-el-instructivo-de-matriculas-para-el-segundo-semestre-de-2025\/","title":{"rendered":"Atenci\u00f3n estudiantes: Aqu\u00ed est\u00e1 disponible el instructivo de matr\u00edculas para el segundo semestre de 2025"},"content":{"rendered":"<p>[et_pb_section fb_built=\u00bb1&#8243; fullwidth=\u00bbon\u00bb _builder_version=\u00bb4.27.4&#8243; _module_preset=\u00bbdefault\u00bb background_color=\u00bb#0C71C3&#8243; background_blend=\u00bbmultiply\u00bb custom_padding=\u00bb||||false|false\u00bb global_colors_info=\u00bb{}\u00bb][et_pb_fullwidth_post_title meta=\u00bboff\u00bb featured_placement=\u00bbbackground\u00bb _builder_version=\u00bb4.27.4&#8243; _module_preset=\u00bbdefault\u00bb title_text_color=\u00bb#FFFFFF\u00bb title_font_size=\u00bb33px\u00bb background_color=\u00bb#0C71C3&#8243; background_blend=\u00bbmultiply\u00bb custom_padding=\u00bb15%||15%||true|false\u00bb global_colors_info=\u00bb{}\u00bb][\/et_pb_fullwidth_post_title][\/et_pb_section][et_pb_section fb_built=\u00bb1&#8243; _builder_version=\u00bb4.16&#8243; global_colors_info=\u00bb{}\u00bb][et_pb_row column_structure=\u00bb1_3,1_3,1_3&#8243; _builder_version=\u00bb4.16&#8243; background_size=\u00bbinitial\u00bb background_position=\u00bbtop_left\u00bb background_repeat=\u00bbrepeat\u00bb global_colors_info=\u00bb{}\u00bb][et_pb_column type=\u00bb1_3&#8243; _builder_version=\u00bb4.16&#8243; custom_padding=\u00bb|||\u00bb global_colors_info=\u00bb{}\u00bb custom_padding__hover=\u00bb|||\u00bb][et_pb_text _builder_version=\u00bb4.27.4&#8243; global_colors_info=\u00bb{}\u00bb]<\/p>\n<p>La Secretar\u00eda de Estudios de la Universidad de Playa Ancha (UPLA) informa pone a disposici\u00f3n de la comunidad las fechas y procedimientos correspondientes al proceso de matr\u00edcula del primer semestre de 2025, para las y los estudiantes de pregrado (carreras t\u00e9cnicas y profesionales).<\/p>\n<p>[\/et_pb_text][\/et_pb_column][et_pb_column type=\u00bb1_3&#8243; _builder_version=\u00bb4.16&#8243; custom_padding=\u00bb|||\u00bb global_colors_info=\u00bb{}\u00bb custom_padding__hover=\u00bb|||\u00bb][et_pb_blurb title=\u00bbEtapa 1&#8243; use_icon=\u00bbon\u00bb font_icon=\u00bb&#xf543;||fa||900&#8243; icon_color=\u00bb#009bdb\u00bb icon_placement=\u00bbleft\u00bb image_icon_width=\u00bb60px\u00bb _builder_version=\u00bb4.20.0&#8243; _module_preset=\u00bbdefault\u00bb header_font=\u00bb|800||on|||||\u00bb header_font_size=\u00bb30px\u00bb global_colors_info=\u00bb{}\u00bb]<\/p>\n<p><strong>Matr\u00edcula administrativa.<\/strong><\/p>\n<p>Verificaci\u00f3n de la situaci\u00f3n arancelaria.<\/p>\n<p>[\/et_pb_blurb][\/et_pb_column][et_pb_column type=\u00bb1_3&#8243; _builder_version=\u00bb4.16&#8243; custom_padding=\u00bb|||\u00bb global_colors_info=\u00bb{}\u00bb custom_padding__hover=\u00bb|||\u00bb][et_pb_blurb title=\u00bbEtapa 2&#8243; use_icon=\u00bbon\u00bb font_icon=\u00bb&#xf0ae;||fa||900&#8243; icon_color=\u00bb#009bdb\u00bb icon_placement=\u00bbleft\u00bb image_icon_width=\u00bb60px\u00bb _builder_version=\u00bb4.27.0&#8243; _module_preset=\u00bbdefault\u00bb header_font=\u00bb|800||on|||||\u00bb header_font_size=\u00bb30px\u00bb global_colors_info=\u00bb{}\u00bb]<\/p>\n<p><strong>Matr\u00edcula Acad\u00e9mica<\/strong><\/p>\n<p>Inscripci\u00f3n de asignaturas en l\u00ednea.<\/p>\n<p>[\/et_pb_blurb][\/et_pb_column][\/et_pb_row][et_pb_row column_structure=\u00bb2_3,1_3&#8243; _builder_version=\u00bb4.16&#8243; background_size=\u00bbinitial\u00bb background_position=\u00bbtop_left\u00bb background_repeat=\u00bbrepeat\u00bb global_colors_info=\u00bb{}\u00bb][et_pb_column type=\u00bb2_3&#8243; _builder_version=\u00bb4.16&#8243; custom_padding=\u00bb|||\u00bb global_colors_info=\u00bb{}\u00bb custom_padding__hover=\u00bb|||\u00bb][et_pb_text admin_label=\u00bbTexto informaciones\u00bb _builder_version=\u00bb4.27.4&#8243; global_colors_info=\u00bb{}\u00bb]<\/p>\n<h3>Importante<\/h3>\n<ul>\n<li>Consulte el d\u00eda que le corresponde realizar su tr\u00e1mite.<\/li>\n<li>Si no se ha realizado la matr\u00edcula administrativa, no se podr\u00e1n inscribir los cursos correspondientes al semestre.<\/li>\n<li>Toda consulta relacionada con su Matr\u00edcula Acad\u00e9mica debe dirigirla a las encargadas de carrera, Progresi\u00f3n Curricular y Titulaci\u00f3n de la Secretar\u00eda de Estudios, de acuerdo con la carrera correspondiente que encontrar\u00e1 en el siguiente enlace:<\/li>\n<\/ul>\n<p>[\/et_pb_text][\/et_pb_column][et_pb_column type=\u00bb1_3&#8243; _builder_version=\u00bb4.16&#8243; custom_padding=\u00bb|||\u00bb global_colors_info=\u00bb{}\u00bb custom_padding__hover=\u00bb|||\u00bb][et_pb_button button_url=\u00bbhttps:\/\/acceso.upla.cl\/matricula_enlinea\u00bb url_new_window=\u00bbon\u00bb button_text=\u00bbPortal de Matr\u00edcula en L\u00ednea\u00bb admin_label=\u00bbPortal de Matr\u00edcula en L\u00ednea\u00bb _builder_version=\u00bb4.27.4&#8243; custom_button=\u00bbon\u00bb button_text_size=\u00bb22px\u00bb button_text_color=\u00bb#FFFFFF\u00bb button_bg_color=\u00bb#009bdb\u00bb button_border_radius=\u00bb7px\u00bb button_font=\u00bb|600|||||||\u00bb hover_enabled=\u00bb0&#8243; global_colors_info=\u00bb{}\u00bb sticky_enabled=\u00bb0&#8243; custom_margin=\u00bb||||false|false\u00bb][\/et_pb_button][\/et_pb_column][\/et_pb_row][et_pb_row column_structure=\u00bb1_3,1_3,1_3&#8243; _builder_version=\u00bb4.27.4&#8243; _module_preset=\u00bbdefault\u00bb global_colors_info=\u00bb{}\u00bb][et_pb_column type=\u00bb1_3&#8243; _builder_version=\u00bb4.27.4&#8243; _module_preset=\u00bbdefault\u00bb global_colors_info=\u00bb{}\u00bb][et_pb_button button_url=\u00bbhttps:\/\/acceso.upla.cl\/sinte\/\u00bb url_new_window=\u00bbon\u00bb button_text=\u00bbSistema Integrado Institucional (SINTE)\u00bb admin_label=\u00bbBot\u00f3n SINTE UPLA\u00bb _builder_version=\u00bb4.27.0&#8243; custom_button=\u00bbon\u00bb button_text_size=\u00bb22px\u00bb button_text_color=\u00bb#FFFFFF\u00bb button_bg_color=\u00bb#009bdb\u00bb button_border_radius=\u00bb7px\u00bb button_font=\u00bb|600|||||||\u00bb global_colors_info=\u00bb{}\u00bb][\/et_pb_button][\/et_pb_column][et_pb_column type=\u00bb1_3&#8243; _builder_version=\u00bb4.27.4&#8243; _module_preset=\u00bbdefault\u00bb global_colors_info=\u00bb{}\u00bb][et_pb_button button_url=\u00bbhttps:\/\/www.upla.cl\/secretariadeestudios\/encargadas-por-carreras\/\u00bb url_new_window=\u00bbon\u00bb button_text=\u00bbEncargadas por carrera\u00bb admin_label=\u00bbEncargadas por carrera\u00bb _builder_version=\u00bb4.20.0&#8243; global_colors_info=\u00bb{}\u00bb][\/et_pb_button][\/et_pb_column][et_pb_column type=\u00bb1_3&#8243; _builder_version=\u00bb4.27.4&#8243; _module_preset=\u00bbdefault\u00bb global_colors_info=\u00bb{}\u00bb][et_pb_button button_url=\u00bbhttps:\/\/sitios.upla.cl\/aranceles\/personal.html\u00bb url_new_window=\u00bbon\u00bb button_text=\u00bbContactos de Aranceles\u00bb admin_label=\u00bbContactos de aranceles\u00bb _builder_version=\u00bb4.21.2&#8243; global_colors_info=\u00bb{}\u00bb][\/et_pb_button][\/et_pb_column][\/et_pb_row][\/et_pb_section][et_pb_section fb_built=\u00bb1&#8243; _builder_version=\u00bb4.20.0&#8243; background_color=\u00bb#bce3fa\u00bb global_colors_info=\u00bb{}\u00bb][et_pb_row _builder_version=\u00bb4.16&#8243; background_size=\u00bbinitial\u00bb background_position=\u00bbtop_left\u00bb background_repeat=\u00bbrepeat\u00bb global_colors_info=\u00bb{}\u00bb][et_pb_column type=\u00bb4_4&#8243; _builder_version=\u00bb4.16&#8243; custom_padding=\u00bb|||\u00bb global_colors_info=\u00bb{}\u00bb custom_padding__hover=\u00bb|||\u00bb][et_pb_blurb title=\u00bb\u00bfQu\u00e9 d\u00eda me corresponde realizar mi matr\u00edcula\u00bb use_icon=\u00bbon\u00bb font_icon=\u00bb&#xe612;||divi||400&#8243; icon_color=\u00bb#009bdb\u00bb icon_placement=\u00bbleft\u00bb image_icon_width=\u00bb60px\u00bb _builder_version=\u00bb4.20.0&#8243; _module_preset=\u00bbdefault\u00bb header_font=\u00bb|800||on|||||\u00bb header_font_size=\u00bb30px\u00bb global_colors_info=\u00bb{}\u00bb]<\/p>\n<p><strong>Revisa a continuaci\u00f3n el listado de fechas por carrera:<\/strong><\/p>\n<p>[\/et_pb_blurb][et_pb_text _builder_version=\u00bb4.20.0&#8243; global_colors_info=\u00bb{}\u00bb]Teniendo en cuenta estas 2 etapas, ingrese al Portal de Matr\u00edcula en L\u00ednea (MEL), a trav\u00e9s del Sistema Integrado Institucional y seleccione opci\u00f3n Matr\u00edcula y desde all\u00ed siga los pasos que se le indican.[\/et_pb_text][\/et_pb_column][\/et_pb_row][et_pb_row use_custom_gutter=\u00bbon\u00bb gutter_width=\u00bb1&#8243; _builder_version=\u00bb4.21.2&#8243; background_size=\u00bbinitial\u00bb background_position=\u00bbtop_left\u00bb background_repeat=\u00bbrepeat\u00bb width=\u00bb95%\u00bb max_width=\u00bb2560px\u00bb global_colors_info=\u00bb{}\u00bb][et_pb_column type=\u00bb4_4&#8243; _builder_version=\u00bb4.16&#8243; custom_padding=\u00bb|||\u00bb global_colors_info=\u00bb{}\u00bb custom_padding__hover=\u00bb|||\u00bb][et_pb_toggle title=\u00bbCalendario de habilitaci\u00f3n de sistemas inform\u00e1ticos para el segundo semestre de 2025&#8243; open_toggle_text_color=\u00bb#009bdb\u00bb icon_color=\u00bb#009bdb\u00bb toggle_icon=\u00bb&#x3f;||divi||400&#8243; use_icon_font_size=\u00bbon\u00bb icon_font_size=\u00bb36px\u00bb open_icon_color=\u00bb#009bdb\u00bb open_toggle_icon=\u00bb&#x3e;||divi||400&#8243; open_use_icon_font_size=\u00bbon\u00bb open_icon_font_size=\u00bb36px\u00bb _builder_version=\u00bb4.27.4&#8243; _module_preset=\u00bbdefault\u00bb title_text_color=\u00bb#009bdb\u00bb title_font_size=\u00bb18px\u00bb text_orientation=\u00bbcenter\u00bb hover_enabled=\u00bb0&#8243; global_colors_info=\u00bb{}\u00bb sticky_enabled=\u00bb0&#8243;]<\/p>\n\n<table id=\"tablepress-13\" class=\"tablepress tablepress-id-13\">\n<thead>\n<tr class=\"row-1\">\n\t<th class=\"column-1\"><strong>C\u00f3digo de la carrera<\/strong><\/th><th class=\"column-2\"><strong>Nombre de la carrera<\/strong><\/th><th class=\"column-3\"><strong>S\u00e1bado<br \/>\n9\/8\/2025<\/strong><\/th><th class=\"column-4\"><strong>Domingo<br \/>\n10\/8\/2025<\/strong><\/th><th class=\"column-5\"><strong>Lunes<br \/>\n11\/8\/2025<\/strong><\/th><th class=\"column-6\"><strong>Martes<br \/>\n12\/8\/2025<\/strong><\/th><th class=\"column-7\"><strong>Mi\u00e9rcoles<br \/>\n13\/8\/2025<\/strong><\/th><th class=\"column-8\"><strong>Inicio de clases  <br \/>\n<\/strong><\/th><th class=\"column-9\"><strong>T\u00e9rmino del semestre<\/strong><\/th>\n<\/tr>\n<\/thead>\n<tbody class=\"row-striping row-hover\">\n<tr class=\"row-2\">\n\t<td class=\"column-1\"><strong>2625<\/strong><\/td><td class=\"column-2\">PED.EN INGL\u00c9S\/VALPO.<\/td><td class=\"column-3\">2025<\/td><td class=\"column-4\">2024<br \/>\n2025<\/td><td class=\"column-5\">2023<br \/>\n2024<br \/>\n2025<\/td><td class=\"column-6\">2022<br \/>\n2023<br \/>\n2024<br \/>\n2025<\/td><td class=\"column-7\">2021 hacia atr\u00e1s<br \/>\n2022<br \/>\n2023<br \/>\n2024<br \/>\n2025<\/td><td class=\"column-8\">8\/18\/2025 9:00<\/td><td class=\"column-9\">12\/26\/2025 23:59<\/td>\n<\/tr>\n<tr class=\"row-3\">\n\t<td class=\"column-1\"><strong>2629<\/strong><\/td><td class=\"column-2\">TRAD.E INTERP.INGLES-ESPA\u00d1OL<\/td><td class=\"column-3\">2025<\/td><td class=\"column-4\">2024<\/td><td class=\"column-5\">2023<\/td><td class=\"column-6\">2022<\/td><td class=\"column-7\">2021 hacia atr\u00e1s<\/td><td class=\"column-8\">8\/18\/2025 9:00<\/td><td class=\"column-9\">12\/26\/2025 23:59<\/td>\n<\/tr>\n<tr class=\"row-4\">\n\t<td class=\"column-1\"><strong>2650<\/strong><\/td><td class=\"column-2\">PED.EN HRIA Y GEOG. VALPARAISO<\/td><td class=\"column-3\">2025<\/td><td class=\"column-4\">2024<\/td><td class=\"column-5\">2023<\/td><td class=\"column-6\">2022<\/td><td class=\"column-7\">2021 hacia atr\u00e1s<\/td><td class=\"column-8\">8\/18\/2025 9:00<\/td><td class=\"column-9\">12\/26\/2025 23:59<\/td>\n<\/tr>\n<tr class=\"row-5\">\n\t<td class=\"column-1\"><strong>2655<\/strong><\/td><td class=\"column-2\">PED.EN FILOSOFIA<\/td><td class=\"column-3\">2025<\/td><td class=\"column-4\">2024<\/td><td class=\"column-5\">2023<\/td><td class=\"column-6\">2022<\/td><td class=\"column-7\">2021 hacia atr\u00e1s<\/td><td class=\"column-8\">8\/18\/2025 9:00<\/td><td class=\"column-9\">12\/26\/2025 23:59<\/td>\n<\/tr>\n<tr class=\"row-6\">\n\t<td class=\"column-1\"><strong>2683<\/strong><\/td><td class=\"column-2\">ADM. TURISTICA MULTILING\u00dcE<\/td><td class=\"column-3\">2025<\/td><td class=\"column-4\">2024<\/td><td class=\"column-5\">2023<\/td><td class=\"column-6\">2022<\/td><td class=\"column-7\">2021 hacia atr\u00e1s<\/td><td class=\"column-8\">8\/18\/2025 9:00<\/td><td class=\"column-9\">12\/26\/2025 23:59<\/td>\n<\/tr>\n<tr class=\"row-7\">\n\t<td class=\"column-1\"><strong>2642<\/strong><\/td><td class=\"column-2\">PED.EN INGLES\/VESPERTINA<\/td><td class=\"column-3\">2025<\/td><td class=\"column-4\">2024<\/td><td class=\"column-5\">2023<\/td><td class=\"column-6\">2022<\/td><td class=\"column-7\">2021 hacia atr\u00e1s<\/td><td class=\"column-8\">8\/18\/2025 9:00<\/td><td class=\"column-9\">12\/26\/2025 23:59<\/td>\n<\/tr>\n<tr class=\"row-8\">\n\t<td class=\"column-1\"><strong>2653<\/strong><\/td><td class=\"column-2\">PED.EN HIST.Y GEOG.\/VESPERTINA<\/td><td class=\"column-3\">2025<\/td><td class=\"column-4\">2024<\/td><td class=\"column-5\">2023<\/td><td class=\"column-6\">2022<\/td><td class=\"column-7\">2021 hacia atr\u00e1s<\/td><td class=\"column-8\">8\/18\/2025 9:00<\/td><td class=\"column-9\">12\/26\/2025 23:59<\/td>\n<\/tr>\n<tr class=\"row-9\">\n\t<td class=\"column-1\"><strong>2658<\/strong><\/td><td class=\"column-2\">PED.EN CASTELLANO\/VESPERTINA<\/td><td class=\"column-3\">2025<\/td><td class=\"column-4\">2024<\/td><td class=\"column-5\">2023<\/td><td class=\"column-6\">2022<\/td><td class=\"column-7\">2021 hacia atr\u00e1s<\/td><td class=\"column-8\">8\/18\/2025 9:00<\/td><td class=\"column-9\">12\/26\/2025 23:59<\/td>\n<\/tr>\n<tr class=\"row-10\">\n\t<td class=\"column-1\"><strong>2610<\/strong><\/td><td class=\"column-2\">PED.EN CASTELLANO\/DIURNO<\/td><td class=\"column-3\">2025<\/td><td class=\"column-4\">2024<\/td><td class=\"column-5\">2023<\/td><td class=\"column-6\">2022<\/td><td class=\"column-7\">2021 hacia atr\u00e1s<\/td><td class=\"column-8\">8\/18\/2025 9:00<\/td><td class=\"column-9\">12\/26\/2025 23:59<\/td>\n<\/tr>\n<tr class=\"row-11\">\n\t<td class=\"column-1\"><strong>2645<\/strong><\/td><td class=\"column-2\">PED.EN ED.FISICA-DAMAS<\/td><td class=\"column-3\">2025<\/td><td class=\"column-4\">2024<\/td><td class=\"column-5\">2023<\/td><td class=\"column-6\">2022<\/td><td class=\"column-7\">2021 hacia atr\u00e1s<\/td><td class=\"column-8\">8\/18\/2025 9:00<\/td><td class=\"column-9\">12\/26\/2025 23:59<\/td>\n<\/tr>\n<tr class=\"row-12\">\n\t<td class=\"column-1\"><strong>2647<\/strong><\/td><td class=\"column-2\">PED.EN ED.FISICA-VARONES<\/td><td class=\"column-3\">2025<\/td><td class=\"column-4\">2024<\/td><td class=\"column-5\">2023<\/td><td class=\"column-6\">2022<\/td><td class=\"column-7\">2021 hacia atr\u00e1s<\/td><td class=\"column-8\">8\/18\/2025 9:00<\/td><td class=\"column-9\">12\/26\/2025 23:59<\/td>\n<\/tr>\n<tr class=\"row-13\">\n\t<td class=\"column-1\"><strong>2695<\/strong><\/td><td class=\"column-2\">TECN.EN DEPORTES Y RECREACION<\/td><td class=\"column-3\">2025<\/td><td class=\"column-4\">2024<\/td><td class=\"column-5\">2023<\/td><td class=\"column-6\">2022<\/td><td class=\"column-7\">2021 hacia atr\u00e1s<\/td><td class=\"column-8\">8\/18\/2025 9:00<\/td><td class=\"column-9\">12\/26\/2025 23:59<\/td>\n<\/tr>\n<tr class=\"row-14\">\n\t<td class=\"column-1\"><strong>2654<\/strong><\/td><td class=\"column-2\">GEOGRAF\u00cdA<\/td><td class=\"column-3\">2025<\/td><td class=\"column-4\">2024<\/td><td class=\"column-5\">2023<\/td><td class=\"column-6\">2022<\/td><td class=\"column-7\">2021 hacia atr\u00e1s<\/td><td class=\"column-8\">8\/18\/2025 9:00<\/td><td class=\"column-9\">12\/26\/2025 23:59<\/td>\n<\/tr>\n<tr class=\"row-15\">\n\t<td class=\"column-1\"><strong>2660<\/strong><\/td><td class=\"column-2\">PED.EN BIOLOG\u00cdA Y CIENCIAS<\/td><td class=\"column-3\">2025<\/td><td class=\"column-4\">2024<\/td><td class=\"column-5\">2023<\/td><td class=\"column-6\">2022<\/td><td class=\"column-7\">2021 hacia atr\u00e1s<\/td><td class=\"column-8\">8\/18\/2025 9:00<\/td><td class=\"column-9\">12\/26\/2025 23:59<\/td>\n<\/tr>\n<tr class=\"row-16\">\n\t<td class=\"column-1\"><strong>2666<\/strong><\/td><td class=\"column-2\">PED.EN F\u00cdSICA<\/td><td class=\"column-3\">2025<\/td><td class=\"column-4\">2024<\/td><td class=\"column-5\">2023<\/td><td class=\"column-6\">2022<\/td><td class=\"column-7\">2021 hacia atr\u00e1s<\/td><td class=\"column-8\">8\/18\/2025 9:00<\/td><td class=\"column-9\">12\/26\/2025 23:59<\/td>\n<\/tr>\n<tr class=\"row-17\">\n\t<td class=\"column-1\"><strong>2670<\/strong><\/td><td class=\"column-2\">PED.EN QU\u00cdMICA Y CIENCIAS<\/td><td class=\"column-3\">2025<\/td><td class=\"column-4\">2024<\/td><td class=\"column-5\">2023<\/td><td class=\"column-6\">2022<\/td><td class=\"column-7\">2021 hacia atr\u00e1s<\/td><td class=\"column-8\">8\/18\/2025 9:00<\/td><td class=\"column-9\">12\/26\/2025 23:59<\/td>\n<\/tr>\n<tr class=\"row-18\">\n\t<td class=\"column-1\"><strong>2673<\/strong><\/td><td class=\"column-2\">PED.EN MATEM\u00c1TICA VALPARAISO<\/td><td class=\"column-3\">2025<\/td><td class=\"column-4\">2024<\/td><td class=\"column-5\">2023<\/td><td class=\"column-6\">2022<\/td><td class=\"column-7\">2021 hacia atr\u00e1s<\/td><td class=\"column-8\">8\/18\/2025 9:00<\/td><td class=\"column-9\">12\/26\/2025 23:59<\/td>\n<\/tr>\n<tr class=\"row-19\">\n\t<td class=\"column-1\"><strong>2630<\/strong><\/td><td class=\"column-2\">PED.EN ARTES PL\u00c1STICAS<\/td><td class=\"column-3\">2025<\/td><td class=\"column-4\">2024<\/td><td class=\"column-5\">2023<\/td><td class=\"column-6\">2022<\/td><td class=\"column-7\">2021 hacia atr\u00e1s<\/td><td class=\"column-8\">8\/18\/2025 9:00<\/td><td class=\"column-9\">12\/26\/2025 23:59<\/td>\n<\/tr>\n<tr class=\"row-20\">\n\t<td class=\"column-1\"><strong>2632<\/strong><\/td><td class=\"column-2\">LIC.EN ARTE<\/td><td class=\"column-3\">2025<\/td><td class=\"column-4\">2024<\/td><td class=\"column-5\">2023<\/td><td class=\"column-6\">2022<\/td><td class=\"column-7\">2021 hacia atr\u00e1s<\/td><td class=\"column-8\">8\/18\/2025 9:00<\/td><td class=\"column-9\">12\/26\/2025 23:59<\/td>\n<\/tr>\n<tr class=\"row-21\">\n\t<td class=\"column-1\"><strong>2638<\/strong><\/td><td class=\"column-2\">DIBUJANTE PROYECTISTA<\/td><td class=\"column-3\">2025<\/td><td class=\"column-4\">2024<\/td><td class=\"column-5\">2023<\/td><td class=\"column-6\">2022<\/td><td class=\"column-7\">2021 hacia atr\u00e1s<\/td><td class=\"column-8\">8\/18\/2025 9:00<\/td><td class=\"column-9\">12\/26\/2025 23:59<\/td>\n<\/tr>\n<tr class=\"row-22\">\n\t<td class=\"column-1\"><strong>2639<\/strong><\/td><td class=\"column-2\">DISE\u00d1O GR\u00c1FICO<\/td><td class=\"column-3\">2025<\/td><td class=\"column-4\">2024<\/td><td class=\"column-5\">2023<\/td><td class=\"column-6\">2022<\/td><td class=\"column-7\">2021 hacia atr\u00e1s<\/td><td class=\"column-8\">8\/18\/2025 9:00<\/td><td class=\"column-9\">12\/26\/2025 23:59<\/td>\n<\/tr>\n<tr class=\"row-23\">\n\t<td class=\"column-1\"><strong>2640<\/strong><\/td><td class=\"column-2\">PED.EN EDUCACION MUSICAL<\/td><td class=\"column-3\">2025<\/td><td class=\"column-4\">2024<\/td><td class=\"column-5\">2023<\/td><td class=\"column-6\">2022<\/td><td class=\"column-7\">2021 hacia atr\u00e1s<\/td><td class=\"column-8\">8\/18\/2025 9:00<\/td><td class=\"column-9\">12\/26\/2025 23:59<\/td>\n<\/tr>\n<tr class=\"row-24\">\n\t<td class=\"column-1\"><strong>2643<\/strong><\/td><td class=\"column-2\">PED.EN ED.TECNOL\u00d3GICA<\/td><td class=\"column-3\">2025<\/td><td class=\"column-4\">2024<\/td><td class=\"column-5\">2023<\/td><td class=\"column-6\">2022<\/td><td class=\"column-7\">2021 hacia atr\u00e1s<\/td><td class=\"column-8\">8\/18\/2025 9:00<\/td><td class=\"column-9\">12\/26\/2025 23:59<\/td>\n<\/tr>\n<tr class=\"row-25\">\n\t<td class=\"column-1\"><strong>2697<\/strong><\/td><td class=\"column-2\">TEATRO<\/td><td class=\"column-3\">2025<\/td><td class=\"column-4\">2024<\/td><td class=\"column-5\">2023<\/td><td class=\"column-6\">2022<\/td><td class=\"column-7\">2021 hacia atr\u00e1s<\/td><td class=\"column-8\">8\/18\/2025 9:00<\/td><td class=\"column-9\">12\/26\/2025 23:59<\/td>\n<\/tr>\n<tr class=\"row-26\">\n\t<td class=\"column-1\"><strong>6300<\/strong><\/td><td class=\"column-2\">DISE\u00d1O<\/td><td class=\"column-3\">2025<\/td><td class=\"column-4\">2024<\/td><td class=\"column-5\">2023<\/td><td class=\"column-6\">2022<\/td><td class=\"column-7\">2021 hacia atr\u00e1s<\/td><td class=\"column-8\">8\/18\/2025 9:00<\/td><td class=\"column-9\">12\/26\/2025 23:59<\/td>\n<\/tr>\n<tr class=\"row-27\">\n\t<td class=\"column-1\"><strong>6305<\/strong><\/td><td class=\"column-2\">PED.EN ARTES VISUALES <\/td><td class=\"column-3\">2025<\/td><td class=\"column-4\">2024<\/td><td class=\"column-5\">2023<\/td><td class=\"column-6\">2022<\/td><td class=\"column-7\">2021 hacia atr\u00e1s<\/td><td class=\"column-8\">8\/18\/2025 9:00<\/td><td class=\"column-9\">12\/26\/2025 23:59<\/td>\n<\/tr>\n<tr class=\"row-28\">\n\t<td class=\"column-1\"><strong>2600<\/strong><\/td><td class=\"column-2\">ED.PARVULARIA \/VALPSO.<\/td><td class=\"column-3\">2025<\/td><td class=\"column-4\">2024<\/td><td class=\"column-5\">2023<\/td><td class=\"column-6\">2022<\/td><td class=\"column-7\">2021 hacia atr\u00e1s<\/td><td class=\"column-8\">8\/18\/2025 9:00<\/td><td class=\"column-9\">12\/26\/2025 23:59<\/td>\n<\/tr>\n<tr class=\"row-29\">\n\t<td class=\"column-1\"><strong>2605<\/strong><\/td><td class=\"column-2\">PED.EN ED.BASICA\/VALPSO.<\/td><td class=\"column-3\">2025<\/td><td class=\"column-4\">2024<\/td><td class=\"column-5\">2023<\/td><td class=\"column-6\">2022<\/td><td class=\"column-7\">2021 hacia atr\u00e1s<\/td><td class=\"column-8\">8\/18\/2025 9:00<\/td><td class=\"column-9\">12\/26\/2025 23:59<\/td>\n<\/tr>\n<tr class=\"row-30\">\n\t<td class=\"column-1\"><strong>2607<\/strong><\/td><td class=\"column-2\">PED.EN ED.DIFERENCIAL\/VALPSO<\/td><td class=\"column-3\">2025<\/td><td class=\"column-4\">2024<\/td><td class=\"column-5\">2023<\/td><td class=\"column-6\">2022<\/td><td class=\"column-7\">2021 hacia atr\u00e1s<\/td><td class=\"column-8\">8\/18\/2025 9:00<\/td><td class=\"column-9\">12\/26\/2025 23:59<\/td>\n<\/tr>\n<tr class=\"row-31\">\n\t<td class=\"column-1\"><strong>2634<\/strong><\/td><td class=\"column-2\">PED.EN ED.B\u00c1SICA\/VESPERTINA<\/td><td class=\"column-3\">2025<\/td><td class=\"column-4\">2024<\/td><td class=\"column-5\">2023<\/td><td class=\"column-6\">2022<\/td><td class=\"column-7\">2021 hacia atr\u00e1s<\/td><td class=\"column-8\">8\/18\/2025 9:00<\/td><td class=\"column-9\">12\/26\/2025 23:59<\/td>\n<\/tr>\n<tr class=\"row-32\">\n\t<td class=\"column-1\"><strong>2652<\/strong><\/td><td class=\"column-2\">FONOAUDIOLOGIA<\/td><td class=\"column-3\">2025<\/td><td class=\"column-4\">2024<\/td><td class=\"column-5\">2023<\/td><td class=\"column-6\">2022<\/td><td class=\"column-7\">2021 hacia atr\u00e1s<\/td><td class=\"column-8\">8\/18\/2025 9:00<\/td><td class=\"column-9\">12\/26\/2025 23:59<\/td>\n<\/tr>\n<tr class=\"row-33\">\n\t<td class=\"column-1\"><strong>2671<\/strong><\/td><td class=\"column-2\">NUTRICI\u00d3N Y DIET\u00c9TICA<\/td><td class=\"column-3\">2025<\/td><td class=\"column-4\">2024<\/td><td class=\"column-5\">2023<\/td><td class=\"column-6\">2022<\/td><td class=\"column-7\">2021 hacia atr\u00e1s<\/td><td class=\"column-8\">8\/18\/2025 9:00<\/td><td class=\"column-9\">12\/26\/2025 23:59<\/td>\n<\/tr>\n<tr class=\"row-34\">\n\t<td class=\"column-1\"><strong>2693<\/strong><\/td><td class=\"column-2\">TERAPIA OCUPACIONAL<\/td><td class=\"column-3\">2025<\/td><td class=\"column-4\">2024<\/td><td class=\"column-5\">2023<\/td><td class=\"column-6\">2022<\/td><td class=\"column-7\">2021 hacia atr\u00e1s<\/td><td class=\"column-8\">8\/18\/2025 9:00<\/td><td class=\"column-9\">12\/26\/2025 23:59<\/td>\n<\/tr>\n<tr class=\"row-35\">\n\t<td class=\"column-1\"><strong>2694<\/strong><\/td><td class=\"column-2\">KINESIOLOG\u00cdA<\/td><td class=\"column-3\">2025<\/td><td class=\"column-4\">2024<\/td><td class=\"column-5\">2023<\/td><td class=\"column-6\">2022<\/td><td class=\"column-7\">2021 hacia atr\u00e1s<\/td><td class=\"column-8\">8\/18\/2025 9:00<\/td><td class=\"column-9\">12\/26\/2025 23:59<\/td>\n<\/tr>\n<tr class=\"row-36\">\n\t<td class=\"column-1\"><strong>2692<\/strong><\/td><td class=\"column-2\">ENFERMERIA<\/td><td class=\"column-3\">2025<\/td><td class=\"column-4\">2024<\/td><td class=\"column-5\">2023<\/td><td class=\"column-6\">2022<\/td><td class=\"column-7\">2021 hacia atr\u00e1s<\/td><td class=\"column-8\">8\/18\/2025 9:00<\/td><td class=\"column-9\">12\/26\/2025 23:59<\/td>\n<\/tr>\n<tr class=\"row-37\">\n\t<td class=\"column-1\"><strong>2696<\/strong><\/td><td class=\"column-2\">SOCIOLOGIA<\/td><td class=\"column-3\">2025<\/td><td class=\"column-4\">2024<\/td><td class=\"column-5\">2023<\/td><td class=\"column-6\">2022<\/td><td class=\"column-7\">2021 hacia atr\u00e1s<\/td><td class=\"column-8\">8\/18\/2025 9:00<\/td><td class=\"column-9\">12\/26\/2025 23:59<\/td>\n<\/tr>\n<tr class=\"row-38\">\n\t<td class=\"column-1\"><strong>2680<\/strong><\/td><td class=\"column-2\">BIBLIOTECOLOGIA<\/td><td class=\"column-3\">2025<\/td><td class=\"column-4\">2024<\/td><td class=\"column-5\">2023<\/td><td class=\"column-6\">2022<\/td><td class=\"column-7\">2021 hacia atr\u00e1s<\/td><td class=\"column-8\">8\/18\/2025 9:00<\/td><td class=\"column-9\">12\/26\/2025 23:59<\/td>\n<\/tr>\n<tr class=\"row-39\">\n\t<td class=\"column-1\"><strong>2682<\/strong><\/td><td class=\"column-2\">PERIODISMO<\/td><td class=\"column-3\">2025<\/td><td class=\"column-4\">2024<\/td><td class=\"column-5\">2023<\/td><td class=\"column-6\">2022<\/td><td class=\"column-7\">2021 hacia atr\u00e1s<\/td><td class=\"column-8\">8\/18\/2025 9:00<\/td><td class=\"column-9\">12\/26\/2025 23:59<\/td>\n<\/tr>\n<tr class=\"row-40\">\n\t<td class=\"column-1\"><strong>6303<\/strong><\/td><td class=\"column-2\">DERECHO<\/td><td class=\"column-3\">2025<\/td><td class=\"column-4\">2024<\/td><td class=\"column-5\">2023<\/td><td class=\"column-6\">2022<\/td><td class=\"column-7\">2021 hacia atr\u00e1s<\/td><td class=\"column-8\">8\/18\/2025 9:00<\/td><td class=\"column-9\">12\/26\/2025 23:59<\/td>\n<\/tr>\n<tr class=\"row-41\">\n\t<td class=\"column-1\"><strong>2684<\/strong><\/td><td class=\"column-2\">PSICOLOGIA<\/td><td class=\"column-3\">2025<\/td><td class=\"column-4\">2024<\/td><td class=\"column-5\">2023<\/td><td class=\"column-6\">2022<\/td><td class=\"column-7\">2021 hacia atr\u00e1s<\/td><td class=\"column-8\">8\/18\/2025 9:00<\/td><td class=\"column-9\">12\/26\/2025 23:59<\/td>\n<\/tr>\n<tr class=\"row-42\">\n\t<td class=\"column-1\"><strong>2663<\/strong><\/td><td class=\"column-2\">ING.CIVIL INDUSTRIAL<\/td><td class=\"column-3\">2025<\/td><td class=\"column-4\">2024<\/td><td class=\"column-5\">2023<\/td><td class=\"column-6\">2022<\/td><td class=\"column-7\">2021 hacia atr\u00e1s<\/td><td class=\"column-8\">8\/18\/2025 9:00<\/td><td class=\"column-9\">12\/26\/2025 23:59<\/td>\n<\/tr>\n<tr class=\"row-43\">\n\t<td class=\"column-1\"><strong>2662<\/strong><\/td><td class=\"column-2\">ING.CIVIL AMBIENTAL<\/td><td class=\"column-3\">2025<\/td><td class=\"column-4\">2024<\/td><td class=\"column-5\">2023<\/td><td class=\"column-6\">2022<\/td><td class=\"column-7\">2021 hacia atr\u00e1s<\/td><td class=\"column-8\">8\/18\/2025 9:00<\/td><td class=\"column-9\">12\/26\/2025 23:59<\/td>\n<\/tr>\n<tr class=\"row-44\">\n\t<td class=\"column-1\"><strong>2664<\/strong><\/td><td class=\"column-2\">ING.AMBIENTAL<\/td><td class=\"column-3\">2025<\/td><td class=\"column-4\">2024<\/td><td class=\"column-5\">2023<\/td><td class=\"column-6\">2022<\/td><td class=\"column-7\">2021 hacia atr\u00e1s<\/td><td class=\"column-8\">8\/18\/2025 9:00<\/td><td class=\"column-9\">12\/26\/2025 23:59<\/td>\n<\/tr>\n<tr class=\"row-45\">\n\t<td class=\"column-1\"><strong>2667<\/strong><\/td><td class=\"column-2\">ING.EN INFORMATICA C\/M<\/td><td class=\"column-3\">2025<\/td><td class=\"column-4\">2024<\/td><td class=\"column-5\">2023<\/td><td class=\"column-6\">2022<\/td><td class=\"column-7\">2021 hacia atr\u00e1s<\/td><td class=\"column-8\">8\/18\/2025 9:00<\/td><td class=\"column-9\">12\/26\/2025 23:59<\/td>\n<\/tr>\n<tr class=\"row-46\">\n\t<td class=\"column-1\"><strong>2668<\/strong><\/td><td class=\"column-2\">ING.EN ESTADISTICA<\/td><td class=\"column-3\">2025<\/td><td class=\"column-4\">2024<\/td><td class=\"column-5\">2023<\/td><td class=\"column-6\">2022<\/td><td class=\"column-7\">2021 hacia atr\u00e1s<\/td><td class=\"column-8\">8\/18\/2025 9:00<\/td><td class=\"column-9\">12\/26\/2025 23:59<\/td>\n<\/tr>\n<tr class=\"row-47\">\n\t<td class=\"column-1\"><strong>6301<\/strong><\/td><td class=\"column-2\">INGENIERIA CIVIL INFORMATICA<\/td><td class=\"column-3\">2025<\/td><td class=\"column-4\">2024<\/td><td class=\"column-5\">2023<\/td><td class=\"column-6\">2022<\/td><td class=\"column-7\">2021 hacia atr\u00e1s<\/td><td class=\"column-8\">8\/18\/2025 9:00<\/td><td class=\"column-9\">12\/26\/2025 23:59<\/td>\n<\/tr>\n<tr class=\"row-48\">\n\t<td class=\"column-1\"><strong>6302<\/strong><\/td><td class=\"column-2\">INGENIERIA COMERCIAL<\/td><td class=\"column-3\">2025<\/td><td class=\"column-4\">2024<\/td><td class=\"column-5\">2023<\/td><td class=\"column-6\">2022<\/td><td class=\"column-7\">2021 hacia atr\u00e1s<\/td><td class=\"column-8\">8\/18\/2025 9:00<\/td><td class=\"column-9\">12\/26\/2025 23:59<\/td>\n<\/tr>\n<\/tbody>\n<\/table>\n<!-- #tablepress-13 from cache -->\n<p>[\/et_pb_toggle][et_pb_text _builder_version=\u00bb4.21.2&#8243; custom_margin=\u00bb25px||||false|false\u00bb global_colors_info=\u00bb{}\u00bb]<\/p>\n<p>Teniendo en cuenta estas 2 etapas, ingrese al Portal de Matr\u00edcula en L\u00ednea (MEL), a trav\u00e9s del Sistema Integrado Institucional y seleccione opci\u00f3n Matr\u00edcula y desde all\u00ed siga los pasos que se le indican.<\/p>\n<p>[\/et_pb_text][\/et_pb_column][\/et_pb_row][\/et_pb_section][et_pb_section fb_built=\u00bb1&#8243; _builder_version=\u00bb4.16&#8243; global_colors_info=\u00bb{}\u00bb][et_pb_row _builder_version=\u00bb4.16&#8243; background_size=\u00bbinitial\u00bb background_position=\u00bbtop_left\u00bb background_repeat=\u00bbrepeat\u00bb global_colors_info=\u00bb{}\u00bb][et_pb_column type=\u00bb4_4&#8243; _builder_version=\u00bb4.16&#8243; custom_padding=\u00bb|||\u00bb global_colors_info=\u00bb{}\u00bb custom_padding__hover=\u00bb|||\u00bb][et_pb_blurb title=\u00bbEtapa 1&#8243; use_icon=\u00bbon\u00bb font_icon=\u00bb&#xf543;||fa||900&#8243; icon_color=\u00bb#009bdb\u00bb icon_placement=\u00bbleft\u00bb image_icon_width=\u00bb60px\u00bb content_max_width=\u00bb1100px\u00bb _builder_version=\u00bb4.27.0&#8243; _module_preset=\u00bbdefault\u00bb header_font=\u00bb|800||on|||||\u00bb header_font_size=\u00bb30px\u00bb global_colors_info=\u00bb{}\u00bb]<\/p>\n<p><strong>Matr\u00edcula administrativa: <\/strong>Verificaci\u00f3n de la situaci\u00f3n arancelaria.<\/p>\n<p>[\/et_pb_blurb][et_pb_text _builder_version=\u00bb4.27.4&#8243; global_colors_info=\u00bb{}\u00bb]<\/p>\n<p>La matr\u00edcula administrativa se inicia con el pago de sus deudas anteriores y\/o Derechos B\u00e1sicos. El pago se realizar\u00e1 a trav\u00e9s de Webpay o de caja institucional.<\/p>\n<p>La regularizaci\u00f3n de deudas se debe realizar a trav\u00e9s del siguiente enlace: <a href=\"https:\/\/acceso.upla.cl\/portal_pagosU\/\" target=\"_blank\" rel=\"noopener\">https:\/\/acceso.upla.cl\/portal_pagosU\/<\/a><\/p>\n<p>Si utiliza WebPay -debe tener habilitadas las pesta\u00f1as emergentes en su navegador- su situaci\u00f3n se actualizar\u00e1 en l\u00ednea y esto permitir\u00e1 optimizar el tiempo de su inscripci\u00f3n. Si no es posible realizar el pago por esta v\u00eda, puede utilizar transferencia bancaria, considerando para ello los siguientes datos:<\/p>\n<ul>\n<li>Titular de la cuenta: Universidad de Playa Ancha<\/li>\n<li>Banco: Banco de Chile<\/li>\n<li>Tipo de cuenta: Cuenta corriente<\/li>\n<li>N\u00ba de la cuenta: 101.73151.05<\/li>\n<li>Rut 70.754.700-6<\/li>\n<li>Correo electr\u00f3nico: enviar comprobante al correo electr\u00f3nico del ejecutivo que notific\u00f3 la situaci\u00f3n arancelaria.<\/li>\n<\/ul>\n<p>El equipo del Departamento de Aranceles atender\u00e1 presencial y virtualmente, de lunes a viernes, en horario de oficina, es decir, durante la ma\u00f1ana, de 9.00 a 13.00 horas y, en la tarde, desde las 14.00 hasta las 16.30 horas.<\/p>\n<p>En el caso de que al ingresar al Portal de Matr\u00edcula en L\u00ednea (MeL) se encuentre con un estado distinto a \u00abACTIVO\u00bb, y no tenga deudas asociadas, debe tomar contacto con Secretar\u00eda de Estudios, con las encargadas de carrera del \u00e1rea de Progresi\u00f3n Curricular y Titulaci\u00f3n para proceder regularizar su situaci\u00f3n. Esto lo debe realizar antes de comenzar su proceso de matr\u00edcula.<\/p>\n<p>[\/et_pb_text][et_pb_blurb title=\u00bbAcceda aqu\u00ed al Portal de Pagos\u00bb url=\u00bbhttps:\/\/acceso.upla.cl\/portal_pagosU\/\u00bb url_new_window=\u00bbon\u00bb use_icon=\u00bbon\u00bb font_icon=\u00bb&#xf09d;||fa||900&#8243; icon_color=\u00bb#000000&#8243; icon_placement=\u00bbleft\u00bb image_icon_width=\u00bb40px\u00bb _builder_version=\u00bb4.20.0&#8243; _module_preset=\u00bbdefault\u00bb header_font=\u00bb|800||on|||||\u00bb header_text_color=\u00bb#009bdb\u00bb header_font_size=\u00bb25px\u00bb custom_padding=\u00bb15px||15px||true|false\u00bb link_option_url=\u00bbhttps:\/\/acceso.upla.cl\/portal_pagosU\/\u00bb link_option_url_new_window=\u00bbon\u00bb border_width_all=\u00bb1px\u00bb border_color_all=\u00bb#009bdb\u00bb global_colors_info=\u00bb{}\u00bb][\/et_pb_blurb][\/et_pb_column][\/et_pb_row][\/et_pb_section][et_pb_section fb_built=\u00bb1&#8243; _builder_version=\u00bb4.20.0&#8243; background_color=\u00bb#eaeaea\u00bb global_colors_info=\u00bb{}\u00bb][et_pb_row _builder_version=\u00bb4.16&#8243; background_size=\u00bbinitial\u00bb background_position=\u00bbtop_left\u00bb background_repeat=\u00bbrepeat\u00bb global_colors_info=\u00bb{}\u00bb][et_pb_column type=\u00bb4_4&#8243; _builder_version=\u00bb4.16&#8243; custom_padding=\u00bb|||\u00bb global_colors_info=\u00bb{}\u00bb custom_padding__hover=\u00bb|||\u00bb][et_pb_blurb title=\u00bbEtapa 2&#8243; use_icon=\u00bbon\u00bb font_icon=\u00bb&#xf0ae;||fa||900&#8243; icon_color=\u00bb#009bdb\u00bb icon_placement=\u00bbleft\u00bb image_icon_width=\u00bb60px\u00bb content_max_width=\u00bb1100px\u00bb _builder_version=\u00bb4.27.0&#8243; _module_preset=\u00bbdefault\u00bb header_font=\u00bb|800||on|||||\u00bb header_font_size=\u00bb30px\u00bb global_colors_info=\u00bb{}\u00bb]<\/p>\n<p><strong>Matr\u00edcula acad\u00e9mica<\/strong><\/p>\n<p>[\/et_pb_blurb][\/et_pb_column][\/et_pb_row][et_pb_row _builder_version=\u00bb4.16&#8243; background_size=\u00bbinitial\u00bb background_position=\u00bbtop_left\u00bb background_repeat=\u00bbrepeat\u00bb global_colors_info=\u00bb{}\u00bb][et_pb_column type=\u00bb4_4&#8243; _builder_version=\u00bb4.16&#8243; custom_padding=\u00bb|||\u00bb global_colors_info=\u00bb{}\u00bb custom_padding__hover=\u00bb|||\u00bb][et_pb_text _builder_version=\u00bb4.27.4&#8243; global_colors_info=\u00bb{}\u00bb]<\/p>\n<p><strong>Regularizada la Matr\u00edcula Administrativa<\/strong>, se podr\u00e1 realizar la <strong>inscripci\u00f3n de asignaturas (Matr\u00edcula Acad\u00e9mica)<\/strong>, a trav\u00e9s del Portal del studiante, secci\u00f3n Matr\u00edcula en Linea (MeL), seleccionando el \u00edcono <img loading=\"lazy\" decoding=\"async\" class=\"wp-image-487 alignnone size-full\" src=\"https:\/\/www.upla.cl\/secretariadeestudios\/wp-content\/uploads\/2016\/09\/asignaturas.png\" alt=\"\" width=\"30\" height=\"29\" \/>.<\/p>\n<p>En esta opci\u00f3n, debe seleccionar la o las asignaturas que le corresponda inscribir en el semestre de acuerdo a su avance curricular. Debe dar prioridad a las asignaturas reprobadas y\/o atrasadas, siempre y cuando est\u00e9n debidamente programadas para el primer semestre.<\/p>\n<p>Una vez finalizada la inscripci\u00f3n de sus asignaturas, recuerde siempre guardar, descargar e imprimir el <strong>\u00abReporte de Inscripci\u00f3n de Asignaturas V\u00eda Web\u00bb<\/strong>, como respaldo al procedimiento efectuado. Este proceso se debe realizar cada vez que se modifique la inscripci\u00f3n, siendo la \u00faltima versi\u00f3n la definitiva. El reporte ser\u00e1 su comprobante de matr\u00edcula acad\u00e9mica. Este documento no se podr\u00e1 descargar luego de cerrado el proceso de verificaci\u00f3n.<\/p>\n<p>[\/et_pb_text][\/et_pb_column][\/et_pb_row][et_pb_row _builder_version=\u00bb4.16&#8243; background_size=\u00bbinitial\u00bb background_position=\u00bbtop_left\u00bb background_repeat=\u00bbrepeat\u00bb global_colors_info=\u00bb{}\u00bb][et_pb_column type=\u00bb4_4&#8243; _builder_version=\u00bb4.16&#8243; custom_padding=\u00bb|||\u00bb global_colors_info=\u00bb{}\u00bb custom_padding__hover=\u00bb|||\u00bb][et_pb_blurb title=\u00bbConsideraciones relevantes\u00bb use_icon=\u00bbon\u00bb font_icon=\u00bb&#xe061;||divi||400&#8243; icon_color=\u00bb#009bdb\u00bb icon_placement=\u00bbleft\u00bb image_icon_width=\u00bb60px\u00bb content_max_width=\u00bb1100px\u00bb _builder_version=\u00bb4.27.0&#8243; _module_preset=\u00bbdefault\u00bb header_font=\u00bb|800||on|||||\u00bb header_font_size=\u00bb30px\u00bb global_colors_info=\u00bb{}\u00bb][\/et_pb_blurb][et_pb_text admin_label=\u00bbTexto\u00bb _builder_version=\u00bb4.27.4&#8243; global_colors_info=\u00bb{}\u00bb]<\/p>\n<p>Las fechas del proceso ser\u00e1n las siguientes:<\/p>\n<table style=\"width: 100%; height: 61px;\" border=\"1\" width=\"100%\">\n<tbody>\n<tr style=\"height: 24px;\">\n<td style=\"width: 17.127%; height: 24px;\"><strong>Proceso<\/strong><\/td>\n<td style=\"width: 33.1493%; height: 24px;\"><strong>Carreras que NO se movilizaron durante el primer semestre de 2025<\/strong><\/td>\n<td style=\"width: 32.5659%; height: 24px;\"><strong>Carreras que SI se movilizaron durante el primer semestre de 2025<\/strong><\/td>\n<\/tr>\n<tr style=\"height: 56px;\">\n<td style=\"height: 10px; width: 17.127%;\"><strong>Matr\u00edcula acad\u00e9mica y administrativa<\/strong><\/td>\n<td style=\"height: 10px; width: 33.1493%;\">21 al 25 de julio de 2025 (MeL)<\/td>\n<td style=\"width: 32.5659%; height: 10px;\">9 al 13 de agosto de 2025 (MeL)<\/td>\n<\/tr>\n<tr style=\"height: 56px;\">\n<td style=\"height: 10px; width: 17.127%;\"><strong>Verificaci\u00f3n de matr\u00edcula\u00a0 <\/strong><\/td>\n<td style=\"height: 10px; width: 65.7152%; text-align: center;\" colspan=\"2\">Se informar\u00e1 luego del proceso de matr\u00edcula<\/td>\n<\/tr>\n<\/tbody>\n<\/table>\n<p>Recuerde que si usted no realiza su matr\u00edcula administrativa (chequear su situaci\u00f3n arancelaria), no podr\u00e1 inscribir las asignaturas (matr\u00edcula acad\u00e9mica) porque son procesos interconectados. El Certificado de Estudiante Regular correspondiente al segundo semestre de 2025 solo podr\u00e1 ser descargado -a trav\u00e9s del SINTE- si dichos procedimientos fueron desarrollados con \u00e9xito.<\/p>\n<p>Para las y los estudiantes que hagan su matr\u00edcula de manera manual (tesistas, pr\u00e1cticas y\/o matriculas adelantadas) deber\u00e1n solicitar su Certificado de Alumno Regular en Secretar\u00eda de Estudios al correo <a href=\"mailto:mluna@upla.cl\">mluna@upla.cl<\/a><\/p>\n<p>Para quienes realicen su matr\u00edcula de manera manual ante su respectiva Direcci\u00f3n de Carrera (seminaristas, tesistas, practicantes y\/o quienes realicen su matr\u00edcula adelantada) deber\u00e1n solicitar su certificado de Estudiante Regular en la Secretar\u00eda de Estudios con Marianela Luna, a trav\u00e9s del correo electr\u00f3nico <a href=\"mailto:mluna@upla.cl\">mluna@upla.cl<\/a><\/p>\n<p>Toda consulta relacionada con la matr\u00edcula acad\u00e9mica tiene que dirigirla a las encargadas de carrera del \u00e1rea de Progresi\u00f3n Curricular y Titulaci\u00f3n de la Secretar\u00eda de Estudios.<\/p>\n<p>Ante cualquier consulta externa al proceso de matr\u00edcula debe contactarse directamente, v\u00eda correo electr\u00f3nico, con su Direcci\u00f3n de Carrera.<\/p>\n<p>[\/et_pb_text][\/et_pb_column][\/et_pb_row][\/et_pb_section]<\/p>\n","protected":false},"excerpt":{"rendered":"<p>Revisa las fechas correspondientes al Instituto Tecnol\u00f3gico y carreras profesionales de los campus Valpara\u00edso y San Felipe.<\/p>\n","protected":false},"author":1,"featured_media":2747,"comment_status":"closed","ping_status":"open","sticky":false,"template":"","format":"standard","meta":{"_et_pb_use_builder":"on","_et_pb_old_content":"","_et_gb_content_width":"","footnotes":""},"categories":[14],"tags":[],"class_list":["post-2733","post","type-post","status-publish","format-standard","has-post-thumbnail","hentry","category-novedades"],"_links":{"self":[{"href":"https:\/\/www.upla.cl\/secretariadeestudios\/wp-json\/wp\/v2\/posts\/2733","targetHints":{"allow":["GET"]}}],"collection":[{"href":"https:\/\/www.upla.cl\/secretariadeestudios\/wp-json\/wp\/v2\/posts"}],"about":[{"href":"https:\/\/www.upla.cl\/secretariadeestudios\/wp-json\/wp\/v2\/types\/post"}],"author":[{"embeddable":true,"href":"https:\/\/www.upla.cl\/secretariadeestudios\/wp-json\/wp\/v2\/users\/1"}],"replies":[{"embeddable":true,"href":"https:\/\/www.upla.cl\/secretariadeestudios\/wp-json\/wp\/v2\/comments?post=2733"}],"version-history":[{"count":0,"href":"https:\/\/www.upla.cl\/secretariadeestudios\/wp-json\/wp\/v2\/posts\/2733\/revisions"}],"wp:featuredmedia":[{"embeddable":true,"href":"https:\/\/www.upla.cl\/secretariadeestudios\/wp-json\/wp\/v2\/media\/2747"}],"wp:attachment":[{"href":"https:\/\/www.upla.cl\/secretariadeestudios\/wp-json\/wp\/v2\/media?parent=2733"}],"wp:term":[{"taxonomy":"category","embeddable":true,"href":"https:\/\/www.upla.cl\/secretariadeestudios\/wp-json\/wp\/v2\/categories?post=2733"},{"taxonomy":"post_tag","embeddable":true,"href":"https:\/\/www.upla.cl\/secretariadeestudios\/wp-json\/wp\/v2\/tags?post=2733"}],"curies":[{"name":"wp","href":"https:\/\/api.w.org\/{rel}","templated":true}]}}