{"id":603,"date":"2019-12-13T18:01:24","date_gmt":"2019-12-13T21:01:24","guid":{"rendered":"https:\/\/www.upla.cl\/prevencion\/?p=603"},"modified":"2019-12-16T18:02:53","modified_gmt":"2019-12-16T21:02:53","slug":"funcionarios-upla-participaron-de-curso-formativo-relacionado-con-el-protocolo-suseso-istas-21","status":"publish","type":"post","link":"https:\/\/www.upla.cl\/prevencion\/2019\/12\/13\/funcionarios-upla-participaron-de-curso-formativo-relacionado-con-el-protocolo-suseso-istas-21\/","title":{"rendered":"Funcionarios UPLA participaron de curso formativo relacionado con el Protocolo Suseso Istas 21"},"content":{"rendered":"<p>[et_pb_section fb_built=\u00bb1&#8243; _builder_version=\u00bb4.0.9&#8243;][et_pb_row _builder_version=\u00bb4.0.9&#8243;][et_pb_column type=\u00bb4_4&#8243; _builder_version=\u00bb4.0.9&#8243;][et_pb_text _builder_version=\u00bb4.0.9&#8243;]<\/p>\n<p>Los integrantes del <strong>Comit\u00e9 de Aplicaci\u00f3n del Protocolo Suseso Istas 21<\/strong>, comit\u00e9 formado recientemente en las dependencias del Laboratorio Cl\u00ednico y \u00e1rea de Kinesiolog\u00eda del hospital IST, participaron del curso formativo dictado por la <strong>profesional del IST, Solange Galaz Arias<\/strong>.<\/p>\n<p>La actividad se realiz\u00f3 en dependencias de esa mutualidad, el viernes 13 de diciembre, y tuvo por objetivo preparar a los participantes en la aplicaci\u00f3n de todas las etapas del <strong>Protocolo Suseso Istas 21<\/strong>.<\/p>\n<p>Este protocolo es obligatorio y corresponde a uno de varios requerimientos legales exigidos por el estado, con el fin de determinar el nivel de Riesgo Psicosocial existente, y se lleva a cabo fundamentalmente a trav\u00e9s de la aplicaci\u00f3n de una encuesta a los funcionarios, para luego de conocer los resultados, desarrollar las actividades pertinentes para controlar eventuales riesgos.<\/p>\n<p>Seg\u00fan lo inform\u00f3 el <strong>director general de Prevenci\u00f3n de Riesgos de la UPLA, Luis Fuentes Espinoza<\/strong>, \u00abPr\u00f3ximamente se constituir\u00e1n los comit\u00e9s de las restantes instalaciones de la Universidad, los que formados paritariamente por representantes de la universidad y de los funcionarios, tendr\u00e1n una importante participaci\u00f3n en el tema\u00bb.<\/p>\n<p>[\/et_pb_text][\/et_pb_column][\/et_pb_row][\/et_pb_section]<\/p>\n","protected":false},"excerpt":{"rendered":"<p>Capacitaci\u00f3n se realiz\u00f3 en dependencias del IST de Vi\u00f1a del Mar el viernes 13 de diciembre<\/p>\n","protected":false},"author":1,"featured_media":607,"comment_status":"closed","ping_status":"open","sticky":false,"template":"","format":"standard","meta":{"_et_pb_use_builder":"on","_et_pb_old_content":"","_et_gb_content_width":"","footnotes":""},"categories":[9],"tags":[],"class_list":["post-603","post","type-post","status-publish","format-standard","has-post-thumbnail","hentry","category-novedades"],"_links":{"self":[{"href":"https:\/\/www.upla.cl\/prevencion\/wp-json\/wp\/v2\/posts\/603","targetHints":{"allow":["GET"]}}],"collection":[{"href":"https:\/\/www.upla.cl\/prevencion\/wp-json\/wp\/v2\/posts"}],"about":[{"href":"https:\/\/www.upla.cl\/prevencion\/wp-json\/wp\/v2\/types\/post"}],"author":[{"embeddable":true,"href":"https:\/\/www.upla.cl\/prevencion\/wp-json\/wp\/v2\/users\/1"}],"replies":[{"embeddable":true,"href":"https:\/\/www.upla.cl\/prevencion\/wp-json\/wp\/v2\/comments?post=603"}],"version-history":[{"count":5,"href":"https:\/\/www.upla.cl\/prevencion\/wp-json\/wp\/v2\/posts\/603\/revisions"}],"predecessor-version":[{"id":611,"href":"https:\/\/www.upla.cl\/prevencion\/wp-json\/wp\/v2\/posts\/603\/revisions\/611"}],"wp:featuredmedia":[{"embeddable":true,"href":"https:\/\/www.upla.cl\/prevencion\/wp-json\/wp\/v2\/media\/607"}],"wp:attachment":[{"href":"https:\/\/www.upla.cl\/prevencion\/wp-json\/wp\/v2\/media?parent=603"}],"wp:term":[{"taxonomy":"category","embeddable":true,"href":"https:\/\/www.upla.cl\/prevencion\/wp-json\/wp\/v2\/categories?post=603"},{"taxonomy":"post_tag","embeddable":true,"href":"https:\/\/www.upla.cl\/prevencion\/wp-json\/wp\/v2\/tags?post=603"}],"curies":[{"name":"wp","href":"https:\/\/api.w.org\/{rel}","templated":true}]}}