{"id":595,"date":"2019-11-21T11:04:34","date_gmt":"2019-11-21T14:04:34","guid":{"rendered":"https:\/\/www.upla.cl\/prevencion\/?p=595"},"modified":"2019-11-28T11:15:17","modified_gmt":"2019-11-28T14:15:17","slug":"recomendaciones-generales-para-prevencion-de-accidentes-del-trayecto","status":"publish","type":"post","link":"https:\/\/www.upla.cl\/prevencion\/2019\/11\/21\/recomendaciones-generales-para-prevencion-de-accidentes-del-trayecto\/","title":{"rendered":"Recomendaciones generales para prevenci\u00f3n de accidentes del trayecto"},"content":{"rendered":"<p>[et_pb_section fb_built=\u00bb1&#8243; _builder_version=\u00bb4.0.7&#8243;][et_pb_row _builder_version=\u00bb4.0.7&#8243;][et_pb_column _builder_version=\u00bb4.0.7&#8243; type=\u00bb4_4&#8243;][et_pb_text _builder_version=\u00bb4.0.7&#8243; hover_enabled=\u00bb0&#8243;]<\/p>\n<p>Debido a la situaci\u00f3n que afecta al pa\u00eds, nuestro entorno puede verse alterado brusca o paulatinamente, y en ese escenario, cobran mucha importancia aquellos aspectos relacionados con el autocuidado, especialmente durante el trayecto entre el hogar y el trabajo.<\/p>\n<p>Con el fin de evitar accidentes que pueden agravar la situaci\u00f3n de cada uno, la Direcci\u00f3n General de Prevenci\u00f3n de Riesgos de la Universidad de Playa Ancha y el Instituto de Seguridad del Trabajo (IST), invitan a prestar atenci\u00f3n a lo siguiente:<\/p>\n<ul>\n<li>Ausencia de se\u00f1al\u00e9tica y\/o sem\u00e1foros en los sectores por donde transita.<\/li>\n<li>Deterioro de v\u00edas de circulaci\u00f3n; veredas o calzadas.<\/li>\n<li>Alteraci\u00f3n del estado de \u00e1nimo de conductores y peatones.<\/li>\n<li>Cambio de la frecuencia del transporte p\u00fablico y disminuci\u00f3n de alternativas de traslado.<\/li>\n<li>Alteraci\u00f3n de espacios p\u00fablicos que le obliguen a cambiar su recorrido habitual.<\/li>\n<li>Encuentros con aglomeraciones, manifestaciones o grupos violentos.<\/li>\n<\/ul>\n<p>Recomendaciones<\/p>\n<ul>\n<li>Tome conciencia del estado emocional con el que se traslada hacia y desde el lugar de trabajo, asimismo asuma que otros usuarios de las v\u00edas pueden presentar estados emocionales alterados, no se exponga a conflictos. Al\u00e9jese de aglomeraciones o turbas.<\/li>\n<li>Despl\u00e1cese atento a las condiciones del tr\u00e1nsito. Si est\u00e1 conduciendo evite distracciones tales como uso del tel\u00e9fono u otras. Aplique conceptos de manejo defensivo.<\/li>\n<li>Si es peat\u00f3n y usa aud\u00edfonos, ajuste el volumen de manera que pueda o\u00edr el ruido ambiente. Mant\u00e9ngase alerta a lo que ocurra en el entorno.<\/li>\n<li>Ante ausencia de sem\u00e1foros o se\u00f1al\u00e9tica vial aumente las precauciones al conducir, especialmente en intersecciones viales. Como peat\u00f3n, mire ambos lados y aseg\u00farese antes de cruzar.<\/li>\n<li>Inf\u00f3rmese con tiempo respecto del estado de rutas y eventuales manifestaciones.<\/li>\n<li>Si su ruta se ve interrumpida por barricadas, mantenga la calma, si las condiciones lo permiten devu\u00e9lvase, busque alternativas, evite confrontaciones.<\/li>\n<li>Finalmente, recuerde que el autocuidado, corresponde a aquellas acciones que cada uno puede hacer para cuidarse, a pesar de las condiciones que existan y de lo que otros hagan.<\/li>\n<\/ul>\n<p>[\/et_pb_text][\/et_pb_column][\/et_pb_row][\/et_pb_section]<\/p>\n","protected":false},"excerpt":{"rendered":"<p>IST y Direcci\u00f3n General de Prevenci\u00f3n de Riesgos de la UPLA invitan a considerar algunos factores relacionados con los desplazamientos.<\/p>\n","protected":false},"author":1,"featured_media":598,"comment_status":"closed","ping_status":"open","sticky":false,"template":"","format":"standard","meta":{"_et_pb_use_builder":"on","_et_pb_old_content":"","_et_gb_content_width":"","footnotes":""},"categories":[9],"tags":[],"class_list":["post-595","post","type-post","status-publish","format-standard","has-post-thumbnail","hentry","category-novedades"],"_links":{"self":[{"href":"https:\/\/www.upla.cl\/prevencion\/wp-json\/wp\/v2\/posts\/595","targetHints":{"allow":["GET"]}}],"collection":[{"href":"https:\/\/www.upla.cl\/prevencion\/wp-json\/wp\/v2\/posts"}],"about":[{"href":"https:\/\/www.upla.cl\/prevencion\/wp-json\/wp\/v2\/types\/post"}],"author":[{"embeddable":true,"href":"https:\/\/www.upla.cl\/prevencion\/wp-json\/wp\/v2\/users\/1"}],"replies":[{"embeddable":true,"href":"https:\/\/www.upla.cl\/prevencion\/wp-json\/wp\/v2\/comments?post=595"}],"version-history":[{"count":3,"href":"https:\/\/www.upla.cl\/prevencion\/wp-json\/wp\/v2\/posts\/595\/revisions"}],"predecessor-version":[{"id":600,"href":"https:\/\/www.upla.cl\/prevencion\/wp-json\/wp\/v2\/posts\/595\/revisions\/600"}],"wp:featuredmedia":[{"embeddable":true,"href":"https:\/\/www.upla.cl\/prevencion\/wp-json\/wp\/v2\/media\/598"}],"wp:attachment":[{"href":"https:\/\/www.upla.cl\/prevencion\/wp-json\/wp\/v2\/media?parent=595"}],"wp:term":[{"taxonomy":"category","embeddable":true,"href":"https:\/\/www.upla.cl\/prevencion\/wp-json\/wp\/v2\/categories?post=595"},{"taxonomy":"post_tag","embeddable":true,"href":"https:\/\/www.upla.cl\/prevencion\/wp-json\/wp\/v2\/tags?post=595"}],"curies":[{"name":"wp","href":"https:\/\/api.w.org\/{rel}","templated":true}]}}