{"id":986,"date":"2014-12-10T20:10:45","date_gmt":"2014-12-10T23:10:45","guid":{"rendered":"http:\/\/www.upla.cl\/postgrado\/?p=986"},"modified":"2014-12-10T20:10:45","modified_gmt":"2014-12-10T23:10:45","slug":"postulantes-a-magisteres-en-evaluacion-educacional-defenderan-su-grado","status":"publish","type":"post","link":"https:\/\/www.upla.cl\/postgrado\/2014\/12\/10\/postulantes-a-magisteres-en-evaluacion-educacional-defenderan-su-grado\/","title":{"rendered":"Postulantes a Mag\u00edsteres en Evaluaci\u00f3n Educacional defender\u00e1n su grado"},"content":{"rendered":"<p>La coordinadora del Mag\u00edster en Evaluaci\u00f3n Educacional, Dra. Marcela Lara Catal\u00e1n, dio a conocer este mi\u00e9rcoles el listado de estudiantes del programa que defender\u00e1n su grado este jueves y viernes.<\/p>\n<h3>Programaci\u00f3n<\/h3>\n\n<table id=\"tablepress-45\" class=\"tablepress tablepress-id-45\">\n<thead>\n<tr class=\"row-1\">\n\t<th class=\"column-1\">Postulante<\/th><th class=\"column-2\">Tema<\/th><th class=\"column-3\">D\u00eda<\/th><th class=\"column-4\">Hora<\/th><th class=\"column-5\">Lugar<\/th>\n<\/tr>\n<\/thead>\n<tbody class=\"row-striping row-hover\">\n<tr class=\"row-2\">\n\t<td class=\"column-1\">Ximena<br \/>\nMiranda Cruz<\/td><td class=\"column-2\">Relaci\u00f3n entre los estilos de aprendizajes<br \/>\ny habilidades cognitivas y experimentales<br \/>\nen ciencias naturales en estudiantes de quinto<br \/>\nb\u00e1sico de establecimientos educacionales<br \/>\nde la Regi\u00f3n de Valpara\u00edso<\/td><td class=\"column-3\">Jueves 11<br \/>\nde diciembre<\/td><td class=\"column-4\">14.00 horas.<\/td><td class=\"column-5\">Sala \"Teresita Flores\"<br \/>\nQuinto piso del Edificio Institucional.<br \/>\nAvenida Gonz\u00e1lez de Hontaneda 855<br \/>\nPlaya Ancha, Valpara\u00edso.<\/td>\n<\/tr>\n<tr class=\"row-3\">\n\t<td class=\"column-1\">Katherinne<br \/>\nCartes Riffo<\/td><td class=\"column-2\">Coherencia entre planificaci\u00f3n, estrategias<br \/>\nde ense\u00f1anza y evaluaci\u00f3n declarados y<br \/>\naplicados por docentes de la asignatura<br \/>\nde matem\u00e1tica de quinto b\u00e1sico de cinco<br \/>\nestablecimientos de la comuna de La Calera<\/td><td class=\"column-3\">Jueves 11<br \/>\nde diciembre<\/td><td class=\"column-4\">15.00 horas.<\/td><td class=\"column-5\">Sala \"Teresita Flores\"<br \/>\nQuinto piso del Edificio Institucional.<br \/>\nAvenida Gonz\u00e1lez de Hontaneda 855<br \/>\nPlaya Ancha, Valpara\u00edso.<\/td>\n<\/tr>\n<tr class=\"row-4\">\n\t<td class=\"column-1\">Carolina<br \/>\nEspinoza Quezada<\/td><td class=\"column-2\">Percepci\u00f3n del nivel de desarrollo de los<br \/>\nest\u00e1ndares pedag\u00f3gicos de los estudiantes<br \/>\nde cuarto y quinto a\u00f1o de la carrera de<br \/>\nPedagog\u00eda en Castellano de la<br \/>\nUniversidad de Playa Ancha<\/td><td class=\"column-3\">Jueves 11<br \/>\nde diciembre<\/td><td class=\"column-4\">16.00 horas.<\/td><td class=\"column-5\">Sala \"Teresita Flores\"<br \/>\nQuinto piso del Edificio Institucional.<br \/>\nAvenida Gonz\u00e1lez de Hontaneda 855<br \/>\nPlaya Ancha, Valpara\u00edso.<\/td>\n<\/tr>\n<tr class=\"row-5\">\n\t<td class=\"column-1\">Marcela<br \/>\nEscobar Mel\u00e9ndez<\/td><td class=\"column-2\">Grado de satisfacci\u00f3n de los estudiantes<br \/>\nde pedagog\u00eda respecto a las estrategias creativas<br \/>\nde ense\u00f1anza y la pertinencia de los<br \/>\nprocedimientos evaluativos aplicados por<br \/>\nlos docentes en su formaci\u00f3n profesional<\/td><td class=\"column-3\">Viernes 12<br \/>\nde diciembre<\/td><td class=\"column-4\">09.00 horas.<\/td><td class=\"column-5\">Facultad de Ciencias de la Educaci\u00f3n<br \/>\nTercer piso de la Casa Central.<br \/>\nAvenida Playa Ancha 850<br \/>\nValpara\u00edso.<\/td>\n<\/tr>\n<tr class=\"row-6\">\n\t<td class=\"column-1\">Patricia<br \/>\nRaddatz Torres<\/td><td class=\"column-2\">Apreciaci\u00f3n de objetivos fundamentales<br \/>\ntransversales en estudiantes de<br \/>\nEnse\u00f1anza Media<\/td><td class=\"column-3\">Viernes 12<br \/>\nde diciembre<\/td><td class=\"column-4\">10.30 horas.<\/td><td class=\"column-5\">Facultad de Ciencias de la Educaci\u00f3n<br \/>\nTercer piso de la Casa Central.<br \/>\nAvenida Playa Ancha 850<br \/>\nValpara\u00edso.<\/td>\n<\/tr>\n<tr class=\"row-7\">\n\t<td class=\"column-1\">Leyla<br \/>\nUmanzor G\u00e1lvez<\/td><td class=\"column-2\">Relaci\u00f3n entre programa oficial de estudios<br \/>\nen el eje ciencias de la vida,<br \/>\nplanificaciones de los docentes y los<br \/>\ninstrumentos evaluativos aplicados<\/td><td class=\"column-3\">Viernes 12<br \/>\nde diciembre<\/td><td class=\"column-4\">15.30 horas.<\/td><td class=\"column-5\">Facultad de Ciencias de la Educaci\u00f3n<br \/>\nTercer piso de la Casa Central.<br \/>\nAvenida Playa Ancha 850<br \/>\nValpara\u00edso.<\/td>\n<\/tr>\n<tr class=\"row-8\">\n\t<td class=\"column-1\">Carolina<br \/>\nArredondo D\u00edaz<\/td><td class=\"column-2\">Vinculaci\u00f3n entre los est\u00e1ndares propuestos<br \/>\nen la Prueba Inicia y los programas de<br \/>\nestudio de la carrera de Educaci\u00f3n Parvularia<\/td><td class=\"column-3\">Viernes 12<br \/>\nde diciembre<\/td><td class=\"column-4\">16.30 horas.<\/td><td class=\"column-5\">Facultad de Ciencias de la Educaci\u00f3n<br \/>\nTercer piso de la Casa Central.<br \/>\nAvenida Playa Ancha 850<br \/>\nValpara\u00edso.<\/td>\n<\/tr>\n<\/tbody>\n<\/table>\n\n","protected":false},"excerpt":{"rendered":"<p>Siete estudiantes presentar\u00e1n sus tesis entre el 11 y el 12 de diciembre en la UPLA<\/p>\n","protected":false},"author":2,"featured_media":55,"comment_status":"closed","ping_status":"closed","sticky":false,"template":"","format":"standard","meta":{"_et_pb_use_builder":"","_et_pb_old_content":"","_et_gb_content_width":"","footnotes":""},"categories":[5],"tags":[],"class_list":["post-986","post","type-post","status-publish","format-standard","has-post-thumbnail","hentry","category-novedades"],"_links":{"self":[{"href":"https:\/\/www.upla.cl\/postgrado\/wp-json\/wp\/v2\/posts\/986","targetHints":{"allow":["GET"]}}],"collection":[{"href":"https:\/\/www.upla.cl\/postgrado\/wp-json\/wp\/v2\/posts"}],"about":[{"href":"https:\/\/www.upla.cl\/postgrado\/wp-json\/wp\/v2\/types\/post"}],"author":[{"embeddable":true,"href":"https:\/\/www.upla.cl\/postgrado\/wp-json\/wp\/v2\/users\/2"}],"replies":[{"embeddable":true,"href":"https:\/\/www.upla.cl\/postgrado\/wp-json\/wp\/v2\/comments?post=986"}],"version-history":[{"count":1,"href":"https:\/\/www.upla.cl\/postgrado\/wp-json\/wp\/v2\/posts\/986\/revisions"}],"predecessor-version":[{"id":989,"href":"https:\/\/www.upla.cl\/postgrado\/wp-json\/wp\/v2\/posts\/986\/revisions\/989"}],"wp:featuredmedia":[{"embeddable":true,"href":"https:\/\/www.upla.cl\/postgrado\/wp-json\/wp\/v2\/media\/55"}],"wp:attachment":[{"href":"https:\/\/www.upla.cl\/postgrado\/wp-json\/wp\/v2\/media?parent=986"}],"wp:term":[{"taxonomy":"category","embeddable":true,"href":"https:\/\/www.upla.cl\/postgrado\/wp-json\/wp\/v2\/categories?post=986"},{"taxonomy":"post_tag","embeddable":true,"href":"https:\/\/www.upla.cl\/postgrado\/wp-json\/wp\/v2\/tags?post=986"}],"curies":[{"name":"wp","href":"https:\/\/api.w.org\/{rel}","templated":true}]}}