{"id":930,"date":"2014-11-12T13:15:19","date_gmt":"2014-11-12T16:15:19","guid":{"rendered":"http:\/\/www.upla.cl\/postgrado\/?p=930"},"modified":"2014-11-12T13:15:19","modified_gmt":"2014-11-12T16:15:19","slug":"futura-magister-defendera-tesis-sobre-cultura-salud-y-bienestar","status":"publish","type":"post","link":"https:\/\/www.upla.cl\/postgrado\/2014\/11\/12\/futura-magister-defendera-tesis-sobre-cultura-salud-y-bienestar\/","title":{"rendered":"Futura mag\u00edster defender\u00e1 tesis sobre cultura, salud y bienestar"},"content":{"rendered":"<p>La estudiante del programa de Mag\u00edster en Gesti\u00f3n Cultural, Nicole Mazzuchelli Olmedo defender\u00e1 este jueves la tesis denominada \u00abCultura, salud y bienestar: estudio descriptivo de las representaciones sociales de la cultura organizacional de los funcionarios del Cesfam de Quebrada Verde, comuna de Valpara\u00edso\u00bb.<\/p>\n<p>La presentaci\u00f3n se realizar\u00e1 a las 9.30 horas en la sala de conferencias de la Facultad de Ciencias de la Educaci\u00f3n (tercer piso Casa Central.<\/p>\n","protected":false},"excerpt":{"rendered":"<p>Se trata de la estudiante del programa de maestr\u00eda en Gesti\u00f3n Cultural, Nicole Mazzuchelli.<\/p>\n","protected":false},"author":2,"featured_media":908,"comment_status":"closed","ping_status":"closed","sticky":false,"template":"","format":"standard","meta":{"_et_pb_use_builder":"","_et_pb_old_content":"","_et_gb_content_width":"","footnotes":""},"categories":[5],"tags":[],"class_list":["post-930","post","type-post","status-publish","format-standard","has-post-thumbnail","hentry","category-novedades"],"_links":{"self":[{"href":"https:\/\/www.upla.cl\/postgrado\/wp-json\/wp\/v2\/posts\/930","targetHints":{"allow":["GET"]}}],"collection":[{"href":"https:\/\/www.upla.cl\/postgrado\/wp-json\/wp\/v2\/posts"}],"about":[{"href":"https:\/\/www.upla.cl\/postgrado\/wp-json\/wp\/v2\/types\/post"}],"author":[{"embeddable":true,"href":"https:\/\/www.upla.cl\/postgrado\/wp-json\/wp\/v2\/users\/2"}],"replies":[{"embeddable":true,"href":"https:\/\/www.upla.cl\/postgrado\/wp-json\/wp\/v2\/comments?post=930"}],"version-history":[{"count":1,"href":"https:\/\/www.upla.cl\/postgrado\/wp-json\/wp\/v2\/posts\/930\/revisions"}],"predecessor-version":[{"id":931,"href":"https:\/\/www.upla.cl\/postgrado\/wp-json\/wp\/v2\/posts\/930\/revisions\/931"}],"wp:featuredmedia":[{"embeddable":true,"href":"https:\/\/www.upla.cl\/postgrado\/wp-json\/wp\/v2\/media\/908"}],"wp:attachment":[{"href":"https:\/\/www.upla.cl\/postgrado\/wp-json\/wp\/v2\/media?parent=930"}],"wp:term":[{"taxonomy":"category","embeddable":true,"href":"https:\/\/www.upla.cl\/postgrado\/wp-json\/wp\/v2\/categories?post=930"},{"taxonomy":"post_tag","embeddable":true,"href":"https:\/\/www.upla.cl\/postgrado\/wp-json\/wp\/v2\/tags?post=930"}],"curies":[{"name":"wp","href":"https:\/\/api.w.org\/{rel}","templated":true}]}}