{"id":915,"date":"2014-11-06T16:32:11","date_gmt":"2014-11-06T19:32:11","guid":{"rendered":"http:\/\/www.upla.cl\/postgrado\/?p=915"},"modified":"2014-11-06T16:32:11","modified_gmt":"2014-11-06T19:32:11","slug":"decano-elias-marin-valenzuela-defendera-tesis-para-optar-al-grado-de-doctor-en-politicas-y-gestion-educativa","status":"publish","type":"post","link":"https:\/\/www.upla.cl\/postgrado\/2014\/11\/06\/decano-elias-marin-valenzuela-defendera-tesis-para-optar-al-grado-de-doctor-en-politicas-y-gestion-educativa\/","title":{"rendered":"Decano El\u00edas Mar\u00edn Valenzuela defender\u00e1 tesis para optar al grado de Doctor en Pol\u00edticas y Gesti\u00f3n Educativa"},"content":{"rendered":"<p>El candidato a doctor en Pol\u00edticas y Gesti\u00f3n Educativa, El\u00edas Mar\u00edn Valenzuela, defender\u00e1 el pr\u00f3ximo 10 de noviembre su tesis \u00abPrevalencia del sedentarismo, percepciones de causalidad y cambio, desde una perspectiva transte\u00f3rica\u00bb.<\/p>\n<p>El decano de la Facultad de Ciencias de la Actividad F\u00edsica realizar\u00e1 su presentaci\u00f3n a las 15.00 horas, en la sala Seminario de la Facultad de Ciencias de la Educaci\u00f3n, ubicada en el tercer piso de la Casa Central.<\/p>\n","protected":false},"excerpt":{"rendered":"<p>Su investigaci\u00f3n trata sobre sedentarismo, percepciones de causalidad y cambio.<\/p>\n","protected":false},"author":2,"featured_media":908,"comment_status":"closed","ping_status":"closed","sticky":false,"template":"","format":"standard","meta":{"_et_pb_use_builder":"","_et_pb_old_content":"","_et_gb_content_width":"","footnotes":""},"categories":[5],"tags":[],"class_list":["post-915","post","type-post","status-publish","format-standard","has-post-thumbnail","hentry","category-novedades"],"_links":{"self":[{"href":"https:\/\/www.upla.cl\/postgrado\/wp-json\/wp\/v2\/posts\/915","targetHints":{"allow":["GET"]}}],"collection":[{"href":"https:\/\/www.upla.cl\/postgrado\/wp-json\/wp\/v2\/posts"}],"about":[{"href":"https:\/\/www.upla.cl\/postgrado\/wp-json\/wp\/v2\/types\/post"}],"author":[{"embeddable":true,"href":"https:\/\/www.upla.cl\/postgrado\/wp-json\/wp\/v2\/users\/2"}],"replies":[{"embeddable":true,"href":"https:\/\/www.upla.cl\/postgrado\/wp-json\/wp\/v2\/comments?post=915"}],"version-history":[{"count":1,"href":"https:\/\/www.upla.cl\/postgrado\/wp-json\/wp\/v2\/posts\/915\/revisions"}],"predecessor-version":[{"id":917,"href":"https:\/\/www.upla.cl\/postgrado\/wp-json\/wp\/v2\/posts\/915\/revisions\/917"}],"wp:featuredmedia":[{"embeddable":true,"href":"https:\/\/www.upla.cl\/postgrado\/wp-json\/wp\/v2\/media\/908"}],"wp:attachment":[{"href":"https:\/\/www.upla.cl\/postgrado\/wp-json\/wp\/v2\/media?parent=915"}],"wp:term":[{"taxonomy":"category","embeddable":true,"href":"https:\/\/www.upla.cl\/postgrado\/wp-json\/wp\/v2\/categories?post=915"},{"taxonomy":"post_tag","embeddable":true,"href":"https:\/\/www.upla.cl\/postgrado\/wp-json\/wp\/v2\/tags?post=915"}],"curies":[{"name":"wp","href":"https:\/\/api.w.org\/{rel}","templated":true}]}}