{"id":911,"date":"2014-11-06T16:19:50","date_gmt":"2014-11-06T19:19:50","guid":{"rendered":"http:\/\/www.upla.cl\/postgrado\/?p=911"},"modified":"2014-11-06T16:19:50","modified_gmt":"2014-11-06T19:19:50","slug":"tesis-analizara-politica-nacional-de-fomento-lector","status":"publish","type":"post","link":"https:\/\/www.upla.cl\/postgrado\/2014\/11\/06\/tesis-analizara-politica-nacional-de-fomento-lector\/","title":{"rendered":"Tesis analizar\u00e1 pol\u00edtica nacional de fomento lector"},"content":{"rendered":"<p>El estudiante del programa de Mag\u00edster en Gesti\u00f3n de Pol\u00edticas Nacionales, menci\u00f3n Educaci\u00f3n y Cultura, Christian Malhue V\u00e1squez defender\u00e1 su investigaci\u00f3n \u00abAn\u00e1lisis de la pol\u00edtica nacional de fomento lector del Gobierno de Chile en el periodo 1993 &#8211; 2014\u00bb este viernes.<\/p>\n<p>El futuro postgraduado realizar\u00e1 su presentaci\u00f3n a las 9.30 horas en la Escuela de Postgrado, ubicada en calle Traslavi\u00f1a 450, Vi\u00f1a del Mar.<\/p>\n","protected":false},"excerpt":{"rendered":"<p>El futuro mag\u00edster en Gesti\u00f3n de Pol\u00edticas Nacionales, menci\u00f3n Educaci\u00f3n y Cultura, Christian Malhue defender\u00e1 su investigaci\u00f3n este viernes.<\/p>\n","protected":false},"author":2,"featured_media":326,"comment_status":"closed","ping_status":"closed","sticky":false,"template":"","format":"standard","meta":{"_et_pb_use_builder":"","_et_pb_old_content":"","_et_gb_content_width":"","footnotes":""},"categories":[5],"tags":[],"class_list":["post-911","post","type-post","status-publish","format-standard","has-post-thumbnail","hentry","category-novedades"],"_links":{"self":[{"href":"https:\/\/www.upla.cl\/postgrado\/wp-json\/wp\/v2\/posts\/911","targetHints":{"allow":["GET"]}}],"collection":[{"href":"https:\/\/www.upla.cl\/postgrado\/wp-json\/wp\/v2\/posts"}],"about":[{"href":"https:\/\/www.upla.cl\/postgrado\/wp-json\/wp\/v2\/types\/post"}],"author":[{"embeddable":true,"href":"https:\/\/www.upla.cl\/postgrado\/wp-json\/wp\/v2\/users\/2"}],"replies":[{"embeddable":true,"href":"https:\/\/www.upla.cl\/postgrado\/wp-json\/wp\/v2\/comments?post=911"}],"version-history":[{"count":1,"href":"https:\/\/www.upla.cl\/postgrado\/wp-json\/wp\/v2\/posts\/911\/revisions"}],"predecessor-version":[{"id":912,"href":"https:\/\/www.upla.cl\/postgrado\/wp-json\/wp\/v2\/posts\/911\/revisions\/912"}],"wp:featuredmedia":[{"embeddable":true,"href":"https:\/\/www.upla.cl\/postgrado\/wp-json\/wp\/v2\/media\/326"}],"wp:attachment":[{"href":"https:\/\/www.upla.cl\/postgrado\/wp-json\/wp\/v2\/media?parent=911"}],"wp:term":[{"taxonomy":"category","embeddable":true,"href":"https:\/\/www.upla.cl\/postgrado\/wp-json\/wp\/v2\/categories?post=911"},{"taxonomy":"post_tag","embeddable":true,"href":"https:\/\/www.upla.cl\/postgrado\/wp-json\/wp\/v2\/tags?post=911"}],"curies":[{"name":"wp","href":"https:\/\/api.w.org\/{rel}","templated":true}]}}