{"id":907,"date":"2014-11-06T16:15:03","date_gmt":"2014-11-06T19:15:03","guid":{"rendered":"http:\/\/www.upla.cl\/postgrado\/?p=907"},"modified":"2014-11-06T16:15:28","modified_gmt":"2014-11-06T19:15:28","slug":"futuro-doctor-defendera-tesis-sobre-satisfaccion-laboral-de-los-directores-de-establecimientos-municipales","status":"publish","type":"post","link":"https:\/\/www.upla.cl\/postgrado\/2014\/11\/06\/futuro-doctor-defendera-tesis-sobre-satisfaccion-laboral-de-los-directores-de-establecimientos-municipales\/","title":{"rendered":"Futura doctora defender\u00e1 tesis sobre satisfacci\u00f3n laboral de los directores de establecimientos municipales"},"content":{"rendered":"<p>\u00abModelo de factores que contribuyen a la satisfacci\u00f3n laboral de los directores de establecimientos municipales pertenecientes a la Corporaci\u00f3n Municipal de Vi\u00f1a del Mar, en un contexto de transformaci\u00f3n de las pol\u00edticas  de gesti\u00f3n educativa chilena\u00bb es el t\u00edtulo de la defensa que desarrollar\u00e1 la estudiante del Doctorado en Pol\u00edticas y Gesti\u00f3n Educativa, Pamela Mart\u00ednez Andunce.<\/p>\n<p>La presentaci\u00f3n se realizar\u00e1 en la sala Carlos Pantoja de la Casa Central de la Universidad de Playa Ancha el viernes 7 de noviembre a las 14.30 horas.<\/p>\n","protected":false},"excerpt":{"rendered":"<p> Se trata de la doctorando en Pol\u00edticas y Gesti\u00f3n Educativa, Pamela Mart\u00ednez Andunce.<\/p>\n","protected":false},"author":2,"featured_media":908,"comment_status":"closed","ping_status":"closed","sticky":false,"template":"","format":"standard","meta":{"_et_pb_use_builder":"","_et_pb_old_content":"","_et_gb_content_width":"","footnotes":""},"categories":[5],"tags":[],"class_list":["post-907","post","type-post","status-publish","format-standard","has-post-thumbnail","hentry","category-novedades"],"_links":{"self":[{"href":"https:\/\/www.upla.cl\/postgrado\/wp-json\/wp\/v2\/posts\/907","targetHints":{"allow":["GET"]}}],"collection":[{"href":"https:\/\/www.upla.cl\/postgrado\/wp-json\/wp\/v2\/posts"}],"about":[{"href":"https:\/\/www.upla.cl\/postgrado\/wp-json\/wp\/v2\/types\/post"}],"author":[{"embeddable":true,"href":"https:\/\/www.upla.cl\/postgrado\/wp-json\/wp\/v2\/users\/2"}],"replies":[{"embeddable":true,"href":"https:\/\/www.upla.cl\/postgrado\/wp-json\/wp\/v2\/comments?post=907"}],"version-history":[{"count":2,"href":"https:\/\/www.upla.cl\/postgrado\/wp-json\/wp\/v2\/posts\/907\/revisions"}],"predecessor-version":[{"id":910,"href":"https:\/\/www.upla.cl\/postgrado\/wp-json\/wp\/v2\/posts\/907\/revisions\/910"}],"wp:featuredmedia":[{"embeddable":true,"href":"https:\/\/www.upla.cl\/postgrado\/wp-json\/wp\/v2\/media\/908"}],"wp:attachment":[{"href":"https:\/\/www.upla.cl\/postgrado\/wp-json\/wp\/v2\/media?parent=907"}],"wp:term":[{"taxonomy":"category","embeddable":true,"href":"https:\/\/www.upla.cl\/postgrado\/wp-json\/wp\/v2\/categories?post=907"},{"taxonomy":"post_tag","embeddable":true,"href":"https:\/\/www.upla.cl\/postgrado\/wp-json\/wp\/v2\/tags?post=907"}],"curies":[{"name":"wp","href":"https:\/\/api.w.org\/{rel}","templated":true}]}}