{"id":1232,"date":"2015-12-15T15:42:12","date_gmt":"2015-12-15T18:42:12","guid":{"rendered":"http:\/\/www.upla.cl\/postgrado\/?p=1232"},"modified":"2015-12-15T15:42:12","modified_gmt":"2015-12-15T18:42:12","slug":"estudiante-defendera-grado-con-investigacion-sobre-estandares-de-velocidad-comprensiva-en-ingles","status":"publish","type":"post","link":"https:\/\/www.upla.cl\/postgrado\/2015\/12\/15\/estudiante-defendera-grado-con-investigacion-sobre-estandares-de-velocidad-comprensiva-en-ingles\/","title":{"rendered":"Estudiante defender\u00e1 grado con investigaci\u00f3n sobre est\u00e1ndares de velocidad comprensiva en ingl\u00e9s\u00bb"},"content":{"rendered":"<p>La <strong>coordinadora del Mag\u00edster en Evaluaci\u00f3n Educacional, doctora Marcela Lara Catal\u00e1n<\/strong> invita a la comunidad a presenciar la <strong>defensa de grado<\/strong> de la estudiante del programa, <strong>Alejandra Campillay<\/strong>, quien presentar\u00e1 la investigaci\u00f3n\u00a0<strong>\u00abExplorando\u00a0en la fijaci\u00f3n de est\u00e1ndares de velocidad comprensiva en la asignatura de ingl\u00e9s para estudiantes de quinto y sexto a\u00f1os b\u00e1sicos pertenecientes a dependencias particular pagada y particular subvencionada\u00bb<\/strong>.<\/p>\n<p>La actividad acad\u00e9mica se realizar\u00e1 este\u00a0mi\u00e9rcoles a las 12.00 horas, en la sala Conferencia de la Facultad\u00a0de Ciencias de la Educaci\u00f3n, (tercer piso de la Casa Central).<\/p>\n<p>&nbsp;<\/p>\n","protected":false},"excerpt":{"rendered":"<p>Se trata de la estudiante del Mag\u00edster en Evaluaci\u00f3n Educacional, Alejandra Campillay.<\/p>\n","protected":false},"author":2,"featured_media":908,"comment_status":"closed","ping_status":"closed","sticky":false,"template":"","format":"standard","meta":{"_et_pb_use_builder":"","_et_pb_old_content":"","_et_gb_content_width":"","footnotes":""},"categories":[5],"tags":[],"class_list":["post-1232","post","type-post","status-publish","format-standard","has-post-thumbnail","hentry","category-novedades"],"_links":{"self":[{"href":"https:\/\/www.upla.cl\/postgrado\/wp-json\/wp\/v2\/posts\/1232","targetHints":{"allow":["GET"]}}],"collection":[{"href":"https:\/\/www.upla.cl\/postgrado\/wp-json\/wp\/v2\/posts"}],"about":[{"href":"https:\/\/www.upla.cl\/postgrado\/wp-json\/wp\/v2\/types\/post"}],"author":[{"embeddable":true,"href":"https:\/\/www.upla.cl\/postgrado\/wp-json\/wp\/v2\/users\/2"}],"replies":[{"embeddable":true,"href":"https:\/\/www.upla.cl\/postgrado\/wp-json\/wp\/v2\/comments?post=1232"}],"version-history":[{"count":1,"href":"https:\/\/www.upla.cl\/postgrado\/wp-json\/wp\/v2\/posts\/1232\/revisions"}],"predecessor-version":[{"id":1233,"href":"https:\/\/www.upla.cl\/postgrado\/wp-json\/wp\/v2\/posts\/1232\/revisions\/1233"}],"wp:featuredmedia":[{"embeddable":true,"href":"https:\/\/www.upla.cl\/postgrado\/wp-json\/wp\/v2\/media\/908"}],"wp:attachment":[{"href":"https:\/\/www.upla.cl\/postgrado\/wp-json\/wp\/v2\/media?parent=1232"}],"wp:term":[{"taxonomy":"category","embeddable":true,"href":"https:\/\/www.upla.cl\/postgrado\/wp-json\/wp\/v2\/categories?post=1232"},{"taxonomy":"post_tag","embeddable":true,"href":"https:\/\/www.upla.cl\/postgrado\/wp-json\/wp\/v2\/tags?post=1232"}],"curies":[{"name":"wp","href":"https:\/\/api.w.org\/{rel}","templated":true}]}}