{"id":1062,"date":"2015-01-15T18:03:00","date_gmt":"2015-01-15T21:03:00","guid":{"rendered":"http:\/\/www.upla.cl\/postgrado\/?p=1062"},"modified":"2015-01-20T14:15:06","modified_gmt":"2015-01-20T17:15:06","slug":"dos-studiantes-del-magister-en-ciencias-de-la-actividad-fisica-y-del-deporte-defenderan-tesis-este-sabado","status":"publish","type":"post","link":"https:\/\/www.upla.cl\/postgrado\/2015\/01\/15\/dos-studiantes-del-magister-en-ciencias-de-la-actividad-fisica-y-del-deporte-defenderan-tesis-este-sabado\/","title":{"rendered":"Dos estudiantes del Mag\u00edster en Ciencias de la Actividad F\u00edsica y del Deporte defender\u00e1n tesis este s\u00e1bado"},"content":{"rendered":"<p>Dos de los estudiantes de la Escuela de Postgrado de la Universidad de Playa Ancha defender\u00e1n este 17 de enero sus trabajos de tesis para optar al grado\u00a0de Mag\u00edster en Ciencias de la Actividad F\u00edsica y del Deporte.<\/p>\n<p>A las 9.00 horas, en el Aula Media de la Facultad de Ciencias de la Actividad F\u00edsica y del Deporte (ubicada en el quinto piso del Edificio Punt\u00e1ngeles de la UPLA) comienza la presentaci\u00f3n de Constanza Rita Vicencio Veloso, quien dar\u00e1 a conocer\u00a0los principales alcances de su tesis titulada \u00abModelo de formaci\u00f3n de entrenadores exitosos en Gimnasia Art\u00edstica en Valpara\u00edso, Vi\u00f1a del Mar y Santiago\u00bb.<\/p>\n<p>A las 11.00 horas, en el mismo espacio, expondr\u00e1 sobre su investigaci\u00f3n \u00abPr\u00e1ctica profesional en Educaci\u00f3n F\u00edsica, experiencias en la formaci\u00f3n de profesores\u00bb, el estudiante Germ\u00e1n Alfonso N\u00fa\u00f1ez Rubio.<\/p>\n<p>En ambos casos, el\u00a0Tribunal Acad\u00e9mico ser\u00e1 conformado por:<\/p>\n<ul>\n<li>Doctor Nelson Castillo Hern\u00e1ndez (director de Tesis);<\/li>\n<li>Doctora Nelly Orellana Arduiz (profesora metod\u00f3loga);<\/li>\n<li>Doctor Jorge P\u00e9rez Gallardo (profesor de la especialidad);<\/li>\n<li>Profesora Amada Fuentealba Benavides (ministra de fe).<\/li>\n<\/ul>\n<p>&nbsp;<\/p>\n","protected":false},"excerpt":{"rendered":"<p>Se trata de Constanza Vicencio y Germ\u00e1n N\u00fa\u00f1ez, quienes presentar\u00e1n sus respectivos trabajos al tribunal acad\u00e9mico.<\/p>\n","protected":false},"author":2,"featured_media":67,"comment_status":"closed","ping_status":"closed","sticky":false,"template":"","format":"standard","meta":{"_et_pb_use_builder":"","_et_pb_old_content":"","_et_gb_content_width":"","footnotes":""},"categories":[5],"tags":[],"class_list":["post-1062","post","type-post","status-publish","format-standard","has-post-thumbnail","hentry","category-novedades"],"_links":{"self":[{"href":"https:\/\/www.upla.cl\/postgrado\/wp-json\/wp\/v2\/posts\/1062","targetHints":{"allow":["GET"]}}],"collection":[{"href":"https:\/\/www.upla.cl\/postgrado\/wp-json\/wp\/v2\/posts"}],"about":[{"href":"https:\/\/www.upla.cl\/postgrado\/wp-json\/wp\/v2\/types\/post"}],"author":[{"embeddable":true,"href":"https:\/\/www.upla.cl\/postgrado\/wp-json\/wp\/v2\/users\/2"}],"replies":[{"embeddable":true,"href":"https:\/\/www.upla.cl\/postgrado\/wp-json\/wp\/v2\/comments?post=1062"}],"version-history":[{"count":2,"href":"https:\/\/www.upla.cl\/postgrado\/wp-json\/wp\/v2\/posts\/1062\/revisions"}],"predecessor-version":[{"id":1067,"href":"https:\/\/www.upla.cl\/postgrado\/wp-json\/wp\/v2\/posts\/1062\/revisions\/1067"}],"wp:featuredmedia":[{"embeddable":true,"href":"https:\/\/www.upla.cl\/postgrado\/wp-json\/wp\/v2\/media\/67"}],"wp:attachment":[{"href":"https:\/\/www.upla.cl\/postgrado\/wp-json\/wp\/v2\/media?parent=1062"}],"wp:term":[{"taxonomy":"category","embeddable":true,"href":"https:\/\/www.upla.cl\/postgrado\/wp-json\/wp\/v2\/categories?post=1062"},{"taxonomy":"post_tag","embeddable":true,"href":"https:\/\/www.upla.cl\/postgrado\/wp-json\/wp\/v2\/tags?post=1062"}],"curies":[{"name":"wp","href":"https:\/\/api.w.org\/{rel}","templated":true}]}}