{"id":1023,"date":"2014-12-22T17:29:34","date_gmt":"2014-12-22T20:29:34","guid":{"rendered":"http:\/\/www.upla.cl\/postgrado\/?p=1023"},"modified":"2014-12-22T17:29:34","modified_gmt":"2014-12-22T20:29:34","slug":"nuevos-graduados-en-magister-en-evaluacion-educacional","status":"publish","type":"post","link":"https:\/\/www.upla.cl\/postgrado\/2014\/12\/22\/nuevos-graduados-en-magister-en-evaluacion-educacional\/","title":{"rendered":"Nuevos graduados en Mag\u00edster en Evaluaci\u00f3n Educacional"},"content":{"rendered":"<p><a href=\"https:\/\/www.upla.cl\/postgrado\/wp-content\/uploads\/2014\/12\/defensas.jpg\"><img loading=\"lazy\" decoding=\"async\" class=\"alignright size-medium wp-image-1024\" src=\"https:\/\/www.upla.cl\/postgrado\/wp-content\/uploads\/2014\/12\/defensas-300x173.jpg\" alt=\"Universidad de Playa Ancha - Postgrado\" width=\"300\" height=\"173\" srcset=\"https:\/\/www.upla.cl\/postgrado\/wp-content\/uploads\/2014\/12\/defensas-300x173.jpg 300w, https:\/\/www.upla.cl\/postgrado\/wp-content\/uploads\/2014\/12\/defensas.jpg 485w\" sizes=\"(max-width: 300px) 100vw, 300px\" \/><\/a>Siete estudiantes del programa de <a title=\"Evaluaci\u00f3n Educacional\" href=\"https:\/\/www.upla.cl\/postgrado\/magisteres\/evaluacion-educacional\/\" target=\"_blank\">Mag\u00edster en Evaluaci\u00f3n Educacional<\/a> de la Universidad de Playa Ancha finalizaron con \u00e9xito su proceso formativo, defendiendo sus tesis de grado ante el tribunal evaluador. Con ellos ya suman trece los graduados del programa 2014.<\/p>\n<h3>Listado de graduados<\/h3>\n\n<table id=\"tablepress-47\" class=\"tablepress tablepress-id-47\">\n<thead>\n<tr class=\"row-1\">\n\t<th class=\"column-1\">Nombre Estudiante<\/th><th class=\"column-2\">Profesor Gu\u00eda <\/th><th class=\"column-3\">T\u00edtulo de Tesis<\/th>\n<\/tr>\n<\/thead>\n<tbody class=\"row-striping row-hover\">\n<tr class=\"row-2\">\n\t<td class=\"column-1\">Arredondo D\u00edaz<br \/>\nCarolina<\/td><td class=\"column-2\">Doctora<br \/>\nMarcela Lara Catal\u00e1n<\/td><td class=\"column-3\">Vinculaci\u00f3n entre los est\u00e1ndares propuestos en la Prueba Inicia y los Programas de estudio de la Carrera de Educaci\u00f3n Parvularia.<\/td>\n<\/tr>\n<tr class=\"row-3\">\n\t<td class=\"column-1\">Cartes Riffo<br \/>\nKatherine<\/td><td class=\"column-2\">Doctora<br \/>\nM\u00f3nica Toledo Pereira<\/td><td class=\"column-3\">\u201cCoherencia entre Planificaci\u00f3n, Estrategias de ense\u00f1anza y Evaluaci\u00f3n declarados y aplicados por docentes de la asignatura de Matem\u00e1tica de quinto b\u00e1sico de cinco establecimientos municipales de la comuna de La Calera\u201d<\/td>\n<\/tr>\n<tr class=\"row-4\">\n\t<td class=\"column-1\">Escobar Mel\u00e9ndez<br \/>\nMarcela<\/td><td class=\"column-2\">Doctora<br \/>\nM\u00f3nica Toledo Pereira<\/td><td class=\"column-3\">Grado de satisfacci\u00f3n de los estudiantes de Pedagog\u00eda responsable de las estrategias creativas de ense\u00f1anza y la pertinencia de los procedimientos evaluativos aplicados por los docentes en su formaci\u00f3n profesional.<\/td>\n<\/tr>\n<tr class=\"row-5\">\n\t<td class=\"column-1\">Espinoza Quezada<br \/>\nCarolina<\/td><td class=\"column-2\">Mag\u00edster<br \/>\nMiguel Mu\u00f1oz Baquedano<\/td><td class=\"column-3\">Percepci\u00f3n del Nivel de Desarrollo de los  Est\u00e1ndares Pedag\u00f3gicos de los estudiantes de cuarto y quinto a\u00f1o de la Carrera de Pedagog\u00eda en Castellano de la Universidad de Playa Ancha.<\/td>\n<\/tr>\n<tr class=\"row-6\">\n\t<td class=\"column-1\">Miranda Cruz<br \/>\nXimena<\/td><td class=\"column-2\">Mag\u00edster<br \/>\nMiguel Mu\u00f1oz Baquedano<\/td><td class=\"column-3\">Relaci\u00f3n entre los estilos de aprendizajes y Habilidades cognitivas y experimentales en Ciencias Naturales en estudiantes de 5\u00b0 B\u00e1sico de Establecimientos Educacionales de la Regi\u00f3n de Valpara\u00edso.<\/td>\n<\/tr>\n<tr class=\"row-7\">\n\t<td class=\"column-1\">Raddatz Torres<br \/>\nPatricia<\/td><td class=\"column-2\">Doctor<br \/>\nTito Larrondo Gonz\u00e1lez<\/td><td class=\"column-3\">Apreciaci\u00f3n de objetivos Fundamentales transversales en Estudiantes de Educaci\u00f3n Media.<\/td>\n<\/tr>\n<tr class=\"row-8\">\n\t<td class=\"column-1\">Umanzor Mu\u00f1oz<br \/>\nLeyla<\/td><td class=\"column-2\">Doctor<br \/>\nTito Larrondo Gonz\u00e1lez<\/td><td class=\"column-3\">Congruencia del programa de estudios del Ministerio de Educaci\u00f3n en el eje Ciencias de la Vida con las planificaciones e instrumentos de evaluaci\u00f3n constituidos por los docentes en primer ciclo de Educaci\u00f3n B\u00e1sica.<\/td>\n<\/tr>\n<\/tbody>\n<\/table>\n<!-- #tablepress-47 from cache -->\n<p>El Consejo de Programa y su coordinadora, Dra. Marcela Lara Catal\u00e1n, felicitan a los nuevos graduados del Mag\u00edster en Evaluaci\u00f3n Educacional y los invitan a continuar vinculados con la esta casa de estudios.<\/p>\n<h3>Sobre el programa<\/h3>\n<p>El objetivo del\u00a0Mag\u00edster en Evaluaci\u00f3n Educacional apunta a formar graduados del m\u00e1s alto nivel de excelencia, capaces de contribuir de forma eficaz y efectiva al desarrollo de la evaluaci\u00f3n educacional y a la consolidaci\u00f3n del conocimiento propio de la disciplina.<\/p>\n<p>Este programa se encuentra en proceso de acreditaci\u00f3n por parte de la <a href=\"http:\/\/www.cnachile.cl\/Paginas\/Inicio.aspx\" target=\"_blank\" rel=\"noopener\">Comisi\u00f3n Nacional de Acreditaci\u00f3n (CNA)<\/a>. La universidad ya emiti\u00f3 el informe, se realiz\u00f3 la visita de pares evaluadores y se est\u00e1 a la espera el dictamen final.<\/p>\n<p>&nbsp;<\/p>\n<p>&nbsp;<\/p>\n","protected":false},"excerpt":{"rendered":"<p>Siete profesionales defendieron sus tesis para optar al grado de mag\u00edster.<\/p>\n","protected":false},"author":2,"featured_media":1024,"comment_status":"closed","ping_status":"closed","sticky":false,"template":"","format":"standard","meta":{"_et_pb_use_builder":"","_et_pb_old_content":"","_et_gb_content_width":"","footnotes":""},"categories":[5],"tags":[],"class_list":["post-1023","post","type-post","status-publish","format-standard","has-post-thumbnail","hentry","category-novedades"],"_links":{"self":[{"href":"https:\/\/www.upla.cl\/postgrado\/wp-json\/wp\/v2\/posts\/1023","targetHints":{"allow":["GET"]}}],"collection":[{"href":"https:\/\/www.upla.cl\/postgrado\/wp-json\/wp\/v2\/posts"}],"about":[{"href":"https:\/\/www.upla.cl\/postgrado\/wp-json\/wp\/v2\/types\/post"}],"author":[{"embeddable":true,"href":"https:\/\/www.upla.cl\/postgrado\/wp-json\/wp\/v2\/users\/2"}],"replies":[{"embeddable":true,"href":"https:\/\/www.upla.cl\/postgrado\/wp-json\/wp\/v2\/comments?post=1023"}],"version-history":[{"count":2,"href":"https:\/\/www.upla.cl\/postgrado\/wp-json\/wp\/v2\/posts\/1023\/revisions"}],"predecessor-version":[{"id":1029,"href":"https:\/\/www.upla.cl\/postgrado\/wp-json\/wp\/v2\/posts\/1023\/revisions\/1029"}],"wp:featuredmedia":[{"embeddable":true,"href":"https:\/\/www.upla.cl\/postgrado\/wp-json\/wp\/v2\/media\/1024"}],"wp:attachment":[{"href":"https:\/\/www.upla.cl\/postgrado\/wp-json\/wp\/v2\/media?parent=1023"}],"wp:term":[{"taxonomy":"category","embeddable":true,"href":"https:\/\/www.upla.cl\/postgrado\/wp-json\/wp\/v2\/categories?post=1023"},{"taxonomy":"post_tag","embeddable":true,"href":"https:\/\/www.upla.cl\/postgrado\/wp-json\/wp\/v2\/tags?post=1023"}],"curies":[{"name":"wp","href":"https:\/\/api.w.org\/{rel}","templated":true}]}}