{"id":98825,"date":"2026-04-29T10:42:06","date_gmt":"2026-04-29T14:42:06","guid":{"rendered":"https:\/\/www.upla.cl\/investigacion\/?p=98825"},"modified":"2026-04-29T13:29:38","modified_gmt":"2026-04-29T17:29:38","slug":"nucleo-de-innovacion-upla-participa-en-asamblea-cuech-y-proyecta-nueva-etapa-de-trabajo-2026-2028","status":"publish","type":"post","link":"https:\/\/www.upla.cl\/investigacion\/2026\/04\/29\/nucleo-de-innovacion-upla-participa-en-asamblea-cuech-y-proyecta-nueva-etapa-de-trabajo-2026-2028\/","title":{"rendered":"N\u00facleo de Innovaci\u00f3n UPLA participa en Asamblea CUECH y proyecta nueva etapa de trabajo 2026-2028"},"content":{"rendered":"<p><span style=\"font-weight: 400\">El equipo de la Universidad de Playa Ancha fue parte de la 11\u00b0 Asamblea Plenaria de la Red de Innovaci\u00f3n del CUECH, instancia que reuni\u00f3 a universidades estatales y marc\u00f3 definiciones clave para el fortalecimiento de la innovaci\u00f3n p\u00fablica a nivel nacional.<\/span><\/p>\n<h3><b>Articulaci\u00f3n nacional y definiciones estrat\u00e9gicas<\/b><\/h3>\n<p><span style=\"font-weight: 400\">El <\/span><a href=\"https:\/\/upla.cl\/innovacion\/\" target=\"_blank\" rel=\"noopener\"><b>N\u00facleo de Innovaci\u00f3n<\/b><\/a><span style=\"font-weight: 400\"> de la <\/span><b>Universidad de Playa Ancha<\/b><span style=\"font-weight: 400\"> particip\u00f3 en la 11\u00b0 Asamblea Plenaria de la <\/span><a href=\"https:\/\/redinnovacion.uestatales.cl\/home\/\" target=\"_blank\" rel=\"noopener\"><b>Red de Innovaci\u00f3n del Consorcio de Universidades del Estado de Chile<\/b><\/a><span style=\"font-weight: 400\"> (CUECH), instancia clave para la articulaci\u00f3n del sistema universitario estatal, en la que se defini\u00f3 la nueva gobernanza de la Red para el per\u00edodo 2026-2028.<\/span><\/p>\n<p><span style=\"font-weight: 400\">La jornada, realizada el 23 de abril en <\/span><b>Startuplab.01<\/b><span style=\"font-weight: 400\"> \u2014espacio donde tambi\u00e9n operan las oficinas de <\/span><a href=\"https:\/\/innovo.usach.cl\/\" target=\"_blank\" rel=\"noopener\"><b>Innovo USACH<\/b><\/a><span style=\"font-weight: 400\">, incubadora de negocios de la Universidad de Santiago de Chile\u2014, reuni\u00f3 de forma presencial y remota a directivos, jefaturas de unidades y representantes institucionales de las universidades del Estado.<\/span><\/p>\n<p><span style=\"font-weight: 400\">Durante la Asamblea se present\u00f3 la gesti\u00f3n 2023-2025, se defini\u00f3 el nuevo Comit\u00e9 y la Coordinaci\u00f3n Ejecutiva 2026-2028, y se revisaron avances de las comisiones tem\u00e1ticas por macrozonas, del Proyecto RED 23994 y del modelo de gesti\u00f3n de innovaci\u00f3n para universidades estatales. Asimismo, se realiz\u00f3 el lanzamiento del libro \u201cInnovar en Clave P\u00fablica: Principios y pr\u00e1cticas para gestionar la innovaci\u00f3n desde las Universidades Estatales\u201d.<\/span><\/p>\n<p><span style=\"font-weight: 400\"><img loading=\"lazy\" decoding=\"async\" class=\"size-medium wp-image-98827 alignright\" src=\"https:\/\/www.upla.cl\/investigacion\/wp-content\/uploads\/2026\/04\/cuech-70-300x200.jpg\" alt=\"Anah\u00ed Urquiza, Coordinadora Ejecutiva saliente de la Red y Directora de Innovaci\u00f3n de la Universidad de Chile,\" width=\"300\" height=\"200\" \/><\/span><\/p>\n<p><span style=\"font-weight: 400\">Durante la apertura de la Asamblea, <\/span><b>Anah\u00ed Urquiza<\/b><span style=\"font-weight: 400\">, Coordinadora Ejecutiva saliente de la Red y Directora de Innovaci\u00f3n de la Universidad de Chile, destac\u00f3 los avances del per\u00edodo anterior, relevando el rol de la Red como un espacio de asesor\u00eda t\u00e9cnica, cooperaci\u00f3n interinstitucional, aprendizaje compartido e incidencia en el ecosistema de innovaci\u00f3n p\u00fablica.<\/span><\/p>\n<p><span style=\"font-weight: 400\">El nuevo Comit\u00e9 qued\u00f3 conformado por representantes de seis macrozonas del pa\u00eds: Universidad de Atacama (Carolina Blanco), Universidad de La Serena (Macarena Varas), Universidad de O\u2019Higgins (Alejandra Cuevas), Universidad de La Frontera (Paola Dur\u00e1n), Universidad de Magallanes (Yasna Segura) y Universidad Tecnol\u00f3gica Metropolitana (H\u00e9ctor Torres), fortaleciendo una gobernanza con representaci\u00f3n territorial.<\/span><\/p>\n<p><span style=\"font-weight: 400\">En tanto, la Coordinaci\u00f3n Ejecutiva 2026-2028 ser\u00e1 liderada por la Universidad de Santiago de Chile, representada por Leonidas Ibarra, Director de Innovaci\u00f3n y Emprendimiento, electo con mayor\u00eda absoluta de las instituciones participantes.<\/span><\/p>\n<h3><b>Nueva etapa del N\u00facleo de Innovaci\u00f3n UPLA<\/b><\/h3>\n<p><span style=\"font-weight: 400\">La participaci\u00f3n en esta instancia se enmarca en una nueva etapa del N\u00facleo de Innovaci\u00f3n UPLA, ahora bajo la coordinaci\u00f3n de la <\/span><b>Mg. Paulina Arellano Rojas<\/b><span style=\"font-weight: 400\">, quien destac\u00f3 los aprendizajes generados en la Red y su impacto en el desarrollo institucional. \u201cSe entregaron resultados de gesti\u00f3n de la Red para el per\u00edodo 2023-2025, destacando acciones en asesor\u00eda t\u00e9cnica, incidencia p\u00fablica, cooperaci\u00f3n interinstitucional, intercambio y aprendizaje, junto con la presentaci\u00f3n de avances del modelo de gesti\u00f3n de innovaci\u00f3n para las universidades estatales\u201d, se\u00f1al\u00f3.<\/span><\/p>\n<p><span style=\"font-weight: 400\">Respecto a su nuevo rol, agreg\u00f3: \u201cAsumo este desaf\u00edo con muchas ganas de poner mi experiencia t\u00e9cnica como bibliotec\u00f3loga y mi camino como investigadora al servicio de la innovaci\u00f3n en la universidad. Hoy es clave conectar el conocimiento y las capacidades que existen en las universidades con las necesidades y el potencial de innovaci\u00f3n de la industria\u201d.<img loading=\"lazy\" decoding=\"async\" class=\"size-medium wp-image-98831 alignright\" src=\"https:\/\/www.upla.cl\/investigacion\/wp-content\/uploads\/2026\/04\/1000186361-300x200.jpg\" alt=\"N\u00facleo de Innovaci\u00f3n UPLA participa en Asamblea CUECH y proyecta nueva etapa de trabajo 2026-2028\" width=\"300\" height=\"200\" \/><\/span><\/p>\n<h3><b>Desaf\u00edos: institucionalidad e impacto en la innovaci\u00f3n p\u00fablica<\/b><\/h3>\n<p><span style=\"font-weight: 400\">En relaci\u00f3n con las proyecciones del N\u00facleo, Arellano subray\u00f3: \u201cPara avanzar en esa y otras l\u00edneas clave es prioritario para nosotras\/os construir una infraestructura institucional robusta mediante la creaci\u00f3n e instalaci\u00f3n de la OTL, de manera que la innovaci\u00f3n en la UPLA no sea un esfuerzo aislado, sino un proceso sistem\u00e1tico y abierto\u201d.<\/span><\/p>\n<p><span style=\"font-weight: 400\"><img loading=\"lazy\" decoding=\"async\" class=\"size-medium wp-image-98828 alignleft\" src=\"https:\/\/www.upla.cl\/investigacion\/wp-content\/uploads\/2026\/04\/cuech-19-300x200.jpg\" alt=\"Anah\u00ed Urquiza, Coordinadora Ejecutiva saliente de la Red y Directora de Innovaci\u00f3n de la Universidad de Chile,\" width=\"300\" height=\"200\" \/>Asimismo, enfatiz\u00f3 la importancia del impacto social: \u201cEs fundamental analizar c\u00f3mo nuestras soluciones est\u00e1n impactando socialmente, teniendo siempre presente nuestra misi\u00f3n como universidad p\u00fablica y regional en el acceso democr\u00e1tico al conocimiento y en que la ciencia generada sea una herramienta real de progreso social y desarrollo\u201d.<br \/>\n<\/span><\/p>\n<p><span style=\"font-weight: 400\">El equipo del N\u00facleo de Innovaci\u00f3n UPLA tambi\u00e9n est\u00e1 integrado por <\/span><b>Mart\u00edn Davis Komlos<\/b><span style=\"font-weight: 400\">, consultor jur\u00eddico, y <\/span><b>Edgardo Emmanuel Mendoza Sagard\u00eda<\/b><span style=\"font-weight: 400\">, colaborador del N\u00facleo.<\/span><\/p>\n<p><span style=\"font-weight: 400\">La participaci\u00f3n de la Universidad de Playa Ancha en esta instancia reafirma as\u00ed su compromiso con el fortalecimiento de la innovaci\u00f3n p\u00fablica desde una perspectiva colaborativa, territorial y orientada al desarrollo social.<\/span><\/p>\n<p><br style=\"font-weight: 400\" \/><br style=\"font-weight: 400\" \/><\/p>\n","protected":false},"excerpt":{"rendered":"<p>El equipo de la Universidad de Playa Ancha fue parte de la 11\u00b0 Asamblea Plenaria de la Red de Innovaci\u00f3n del CUECH, instancia que reuni\u00f3 a universidades estatales y marc\u00f3 definiciones clave para el fortalecimiento de la innovaci\u00f3n p\u00fablica a nivel nacional. Articulaci\u00f3n nacional y definiciones estrat\u00e9gicas El N\u00facleo de Innovaci\u00f3n de la Universidad de [&hellip;]<\/p>\n","protected":false},"author":7,"featured_media":98826,"comment_status":"closed","ping_status":"open","sticky":false,"template":"","format":"standard","meta":{"_et_pb_use_builder":"","_et_pb_old_content":"","_et_gb_content_width":"","footnotes":""},"categories":[13],"tags":[],"class_list":["post-98825","post","type-post","status-publish","format-standard","has-post-thumbnail","hentry","category-noticias"],"_links":{"self":[{"href":"https:\/\/www.upla.cl\/investigacion\/wp-json\/wp\/v2\/posts\/98825","targetHints":{"allow":["GET"]}}],"collection":[{"href":"https:\/\/www.upla.cl\/investigacion\/wp-json\/wp\/v2\/posts"}],"about":[{"href":"https:\/\/www.upla.cl\/investigacion\/wp-json\/wp\/v2\/types\/post"}],"author":[{"embeddable":true,"href":"https:\/\/www.upla.cl\/investigacion\/wp-json\/wp\/v2\/users\/7"}],"replies":[{"embeddable":true,"href":"https:\/\/www.upla.cl\/investigacion\/wp-json\/wp\/v2\/comments?post=98825"}],"version-history":[{"count":4,"href":"https:\/\/www.upla.cl\/investigacion\/wp-json\/wp\/v2\/posts\/98825\/revisions"}],"predecessor-version":[{"id":98833,"href":"https:\/\/www.upla.cl\/investigacion\/wp-json\/wp\/v2\/posts\/98825\/revisions\/98833"}],"wp:featuredmedia":[{"embeddable":true,"href":"https:\/\/www.upla.cl\/investigacion\/wp-json\/wp\/v2\/media\/98826"}],"wp:attachment":[{"href":"https:\/\/www.upla.cl\/investigacion\/wp-json\/wp\/v2\/media?parent=98825"}],"wp:term":[{"taxonomy":"category","embeddable":true,"href":"https:\/\/www.upla.cl\/investigacion\/wp-json\/wp\/v2\/categories?post=98825"},{"taxonomy":"post_tag","embeddable":true,"href":"https:\/\/www.upla.cl\/investigacion\/wp-json\/wp\/v2\/tags?post=98825"}],"curies":[{"name":"wp","href":"https:\/\/api.w.org\/{rel}","templated":true}]}}