{"id":93218,"date":"2019-08-21T13:04:18","date_gmt":"2019-08-21T17:04:18","guid":{"rendered":"https:\/\/www.upla.cl\/investigacion\/?p=93218"},"modified":"2019-08-21T13:57:22","modified_gmt":"2019-08-21T17:57:22","slug":"programa-horizonte-2020-presentaria-oportunidades-para-investigadores-en-la-upla","status":"publish","type":"post","link":"https:\/\/www.upla.cl\/investigacion\/2019\/08\/21\/programa-horizonte-2020-presentaria-oportunidades-para-investigadores-en-la-upla\/","title":{"rendered":"Programa \u00abHorizonte 2020\u00bb presentar\u00eda oportunidades para investigadores en la UPLA"},"content":{"rendered":"<p>[et_pb_section fb_built=\u00bb1&#8243; _builder_version=\u00bb3.27.2&#8243;][et_pb_row _builder_version=\u00bb3.27.2&#8243;][et_pb_column _builder_version=\u00bb3.27.2&#8243; type=\u00bb4_4&#8243;][et_pb_text _builder_version=\u00bb3.27.2&#8243; hover_enabled=\u00bb0&#8243;]<\/p>\n<p>Presentar oportunidades que la Uni\u00f3n Europea ofrece a los investigadores ser\u00e1 el centro de la actividad que propone el <strong>Programa Integral de Desarrollo Acad\u00e9mico (Proidea) de la Direcci\u00f3n General de Investigaci\u00f3n<\/strong> para este jueves 22 de agosto.<\/p>\n<p>El evento se enmarca en las <strong>Jornadas Europeas en Valpara\u00edso<\/strong> que organiza el programa <strong>Horizonte 2020<\/strong>, y se llevar\u00e1 a efecto a partir de las 11.00 horas en la sala Atenea, ubicada en Traslavi\u00f1a 450, Vi\u00f1a del Mar.<\/p>\n<p>[\/et_pb_text][\/et_pb_column][\/et_pb_row][\/et_pb_section]<\/p>\n","protected":false},"excerpt":{"rendered":"<p>El jueves 22 de agosto, a partir de las 11.00 horas en Vi\u00f1a del Mar.<\/p>\n","protected":false},"author":1,"featured_media":93221,"comment_status":"closed","ping_status":"open","sticky":false,"template":"","format":"standard","meta":{"_et_pb_use_builder":"on","_et_pb_old_content":"","_et_gb_content_width":"","footnotes":""},"categories":[13],"tags":[],"class_list":["post-93218","post","type-post","status-publish","format-standard","has-post-thumbnail","hentry","category-noticias"],"_links":{"self":[{"href":"https:\/\/www.upla.cl\/investigacion\/wp-json\/wp\/v2\/posts\/93218","targetHints":{"allow":["GET"]}}],"collection":[{"href":"https:\/\/www.upla.cl\/investigacion\/wp-json\/wp\/v2\/posts"}],"about":[{"href":"https:\/\/www.upla.cl\/investigacion\/wp-json\/wp\/v2\/types\/post"}],"author":[{"embeddable":true,"href":"https:\/\/www.upla.cl\/investigacion\/wp-json\/wp\/v2\/users\/1"}],"replies":[{"embeddable":true,"href":"https:\/\/www.upla.cl\/investigacion\/wp-json\/wp\/v2\/comments?post=93218"}],"version-history":[{"count":2,"href":"https:\/\/www.upla.cl\/investigacion\/wp-json\/wp\/v2\/posts\/93218\/revisions"}],"predecessor-version":[{"id":93222,"href":"https:\/\/www.upla.cl\/investigacion\/wp-json\/wp\/v2\/posts\/93218\/revisions\/93222"}],"wp:featuredmedia":[{"embeddable":true,"href":"https:\/\/www.upla.cl\/investigacion\/wp-json\/wp\/v2\/media\/93221"}],"wp:attachment":[{"href":"https:\/\/www.upla.cl\/investigacion\/wp-json\/wp\/v2\/media?parent=93218"}],"wp:term":[{"taxonomy":"category","embeddable":true,"href":"https:\/\/www.upla.cl\/investigacion\/wp-json\/wp\/v2\/categories?post=93218"},{"taxonomy":"post_tag","embeddable":true,"href":"https:\/\/www.upla.cl\/investigacion\/wp-json\/wp\/v2\/tags?post=93218"}],"curies":[{"name":"wp","href":"https:\/\/api.w.org\/{rel}","templated":true}]}}