{"id":93121,"date":"2019-06-05T15:58:19","date_gmt":"2019-06-05T19:58:19","guid":{"rendered":"https:\/\/www.upla.cl\/investigacion\/?p=93121"},"modified":"2019-06-05T15:58:19","modified_gmt":"2019-06-05T19:58:19","slug":"digi-y-programa-proidea-realizaran-taller-interdisciplinario-sobre-innovacion-de-excelencia","status":"publish","type":"post","link":"https:\/\/www.upla.cl\/investigacion\/2019\/06\/05\/digi-y-programa-proidea-realizaran-taller-interdisciplinario-sobre-innovacion-de-excelencia\/","title":{"rendered":"DiGI y programa ProIdea realizar\u00e1n taller interdisciplinario sobre innovaci\u00f3n de excelencia"},"content":{"rendered":"<p>[et_pb_section fb_built=\u00bb1&#8243; _builder_version=\u00bb3.23.3&#8243;][et_pb_row _builder_version=\u00bb3.23.3&#8243;][et_pb_column type=\u00bb3_4&#8243; _builder_version=\u00bb3.23.3&#8243;][et_pb_text _builder_version=\u00bb3.23.3&#8243;]<\/p>\n<p>La <b>Direcci\u00f3n General de Investigaci\u00f3n<\/b> y el <b>programa ProIdea de la Universidad de Playa Ancha<\/b> invitan a los interesados en participar del <b>Taller Interdisciplinario sobre Innovaci\u00f3n de Excelencia<\/b>, que dictar\u00e1 el <b>coordinador de Centros de Excelencia e Institutos Tecnol\u00f3gicos P\u00fablicos de la Corporaci\u00f3n de Fomento de la Producci\u00f3n (CORFO), Mauricio Bulnes Carrasco<\/b>.<\/p>\n<p>El taller est\u00e1 dirigido a la comunidad universitaria, y abordar\u00e1 las siguientes tem\u00e1ticas:<\/p>\n<ul>\n<li>Centros de excelencia internacional.<\/li>\n<li>Centros tecnol\u00f3gicos para la innovaci\u00f3n (centros de prototipaje)<\/li>\n<li>Institutos tecnol\u00f3gicos p\u00fablicos.<\/li>\n<li>Ecosistema de centros tecnol\u00f3gicos.<\/li>\n<\/ul>\n<p>La actividad est\u00e1 programada para el jueves 6 de junio de 2019, a partir de las 11.00 horas, y se realizar\u00e1 en la sala Atenea de la sede Vi\u00f1a del Mar de la Universidad de Playa Ancha, ubicada en calle Traslavi\u00f1a 450, Vi\u00f1a del Mar.<\/p>\n<p>Se agradecer\u00e1 confirmar asistencia al correo ana.santibanez@upla.c.<\/p>\n<p>[\/et_pb_text][\/et_pb_column][et_pb_column type=\u00bb1_4&#8243; _builder_version=\u00bb3.23.3&#8243;][et_pb_text _builder_version=\u00bb3.23.3&#8243; background_color=\u00bb#bce3fa\u00bb custom_padding=\u00bb20px|20px|20px|20px|true|true\u00bb]<\/p>\n<ul>\n<li>Jueves 6 de junio de 2019<\/li>\n<li>A partir de las 11.00 horas,<\/li>\n<li>Sala Atenea UPLA.<\/li>\n<li>Traslavi\u00f1a 450, Vi\u00f1a del Mar.<\/li>\n<\/ul>\n<p>[\/et_pb_text][\/et_pb_column][\/et_pb_row][\/et_pb_section]<\/p>\n","protected":false},"excerpt":{"rendered":"<p>Actividad se llevar\u00e1 a efecto el 6 de junio en la sede Traslavi\u00f1a de la Universidad de Playa Ancha<\/p>\n","protected":false},"author":1,"featured_media":92993,"comment_status":"closed","ping_status":"open","sticky":false,"template":"","format":"standard","meta":{"_et_pb_use_builder":"on","_et_pb_old_content":"","_et_gb_content_width":"","footnotes":""},"categories":[13],"tags":[],"class_list":["post-93121","post","type-post","status-publish","format-standard","has-post-thumbnail","hentry","category-noticias"],"_links":{"self":[{"href":"https:\/\/www.upla.cl\/investigacion\/wp-json\/wp\/v2\/posts\/93121","targetHints":{"allow":["GET"]}}],"collection":[{"href":"https:\/\/www.upla.cl\/investigacion\/wp-json\/wp\/v2\/posts"}],"about":[{"href":"https:\/\/www.upla.cl\/investigacion\/wp-json\/wp\/v2\/types\/post"}],"author":[{"embeddable":true,"href":"https:\/\/www.upla.cl\/investigacion\/wp-json\/wp\/v2\/users\/1"}],"replies":[{"embeddable":true,"href":"https:\/\/www.upla.cl\/investigacion\/wp-json\/wp\/v2\/comments?post=93121"}],"version-history":[{"count":3,"href":"https:\/\/www.upla.cl\/investigacion\/wp-json\/wp\/v2\/posts\/93121\/revisions"}],"predecessor-version":[{"id":93126,"href":"https:\/\/www.upla.cl\/investigacion\/wp-json\/wp\/v2\/posts\/93121\/revisions\/93126"}],"wp:featuredmedia":[{"embeddable":true,"href":"https:\/\/www.upla.cl\/investigacion\/wp-json\/wp\/v2\/media\/92993"}],"wp:attachment":[{"href":"https:\/\/www.upla.cl\/investigacion\/wp-json\/wp\/v2\/media?parent=93121"}],"wp:term":[{"taxonomy":"category","embeddable":true,"href":"https:\/\/www.upla.cl\/investigacion\/wp-json\/wp\/v2\/categories?post=93121"},{"taxonomy":"post_tag","embeddable":true,"href":"https:\/\/www.upla.cl\/investigacion\/wp-json\/wp\/v2\/tags?post=93121"}],"curies":[{"name":"wp","href":"https:\/\/api.w.org\/{rel}","templated":true}]}}