{"id":92873,"date":"2018-09-06T13:16:38","date_gmt":"2018-09-06T16:16:38","guid":{"rendered":"http:\/\/www.upla.cl\/investigacion\/?p=92873"},"modified":"2018-09-06T14:41:50","modified_gmt":"2018-09-06T17:41:50","slug":"programa-proidea-realizara-conferencia-sobre-etica-de-la-investigacion-en-ciencias-sociales","status":"publish","type":"post","link":"https:\/\/www.upla.cl\/investigacion\/2018\/09\/06\/programa-proidea-realizara-conferencia-sobre-etica-de-la-investigacion-en-ciencias-sociales\/","title":{"rendered":"Programa PROIDEA realizar\u00e1 conferencia sobre \u00e9tica de la investigaci\u00f3n en ciencias sociales"},"content":{"rendered":"<p>[et_pb_section bb_built=\u00bb1&#8243; _builder_version=\u00bb3.0.47&#8243;][et_pb_row _builder_version=\u00bb3.0.48&#8243; background_size=\u00bbinitial\u00bb background_position=\u00bbtop_left\u00bb background_repeat=\u00bbrepeat\u00bb][et_pb_column type=\u00bb3_4&#8243;][et_pb_text _builder_version=\u00bb3.13.1&#8243;]<\/p>\n<p>El <strong>Programa Integral de Desarrollo Acad\u00e9mico (PROIDEA)<\/strong>, dependiente de la Direcci\u00f3n General de Investigaci\u00f3n de la Universidad de Playa Ancha, llevar\u00e1 a efecto el<strong> jueves 13 de septiembre<\/strong> la<strong> conferencia \u00abParticularidades de la \u00e9tica de la investigaci\u00f3n en ciencias sociales\u00bb<\/strong>, que realizar\u00e1 la doctora en Salud P\u00fablica, Marcela Ferrer L\u00faes, acad\u00e9mica de la Universidad de Chile.<\/p>\n<p>La actividad iniciar\u00e1 a las 15.00 horas y tiene programado su cierre para las 17.00 horas, y se desarrollar\u00e1 en la sala Atenea de la UPLA, ubicada en Traslavi\u00f1a 450, Vi\u00f1a del Mar.<\/p>\n<p>[\/et_pb_text][et_pb_button admin_label=\u00bbBot\u00f3n inscripciones\u00bb button_url=\u00bbhttps:\/\/docs.google.com\/forms\/d\/e\/1FAIpQLScpoEXdpAQIM-fZS7HJXQEpma9BCXcLLcUpZcbzqWunzMmkiA\/viewform\u00bb url_new_window=\u00bbon\u00bb button_text=\u00bbInscripciones aqu\u00ed\u00bb _builder_version=\u00bb3.13.1&#8243;]<br \/>\n[\/et_pb_button][\/et_pb_column][et_pb_column type=\u00bb1_4&#8243;][et_pb_image src=\u00bbhttps:\/\/www.upla.cl\/investigacion\/wp-content\/uploads\/2018\/09\/2018_0906_investigacion_conferencia_ferrer.jpg\u00bb _builder_version=\u00bb3.13.1&#8243;]<br \/>\n[\/et_pb_image][\/et_pb_column][\/et_pb_row][\/et_pb_section]<\/p>\n","protected":false},"excerpt":{"rendered":"<p>Estar\u00e1 a cargo de la doctora Marcela Ferrer, acad\u00e9mica de la Universidad de Chile, y se realizar\u00e1 el jueves 13 de septiembre en Vi\u00f1a del Mar.<\/p>\n","protected":false},"author":1,"featured_media":91666,"comment_status":"closed","ping_status":"open","sticky":false,"template":"","format":"standard","meta":{"_et_pb_use_builder":"on","_et_pb_old_content":"","_et_gb_content_width":"","footnotes":""},"categories":[13],"tags":[],"class_list":["post-92873","post","type-post","status-publish","format-standard","has-post-thumbnail","hentry","category-noticias"],"_links":{"self":[{"href":"https:\/\/www.upla.cl\/investigacion\/wp-json\/wp\/v2\/posts\/92873","targetHints":{"allow":["GET"]}}],"collection":[{"href":"https:\/\/www.upla.cl\/investigacion\/wp-json\/wp\/v2\/posts"}],"about":[{"href":"https:\/\/www.upla.cl\/investigacion\/wp-json\/wp\/v2\/types\/post"}],"author":[{"embeddable":true,"href":"https:\/\/www.upla.cl\/investigacion\/wp-json\/wp\/v2\/users\/1"}],"replies":[{"embeddable":true,"href":"https:\/\/www.upla.cl\/investigacion\/wp-json\/wp\/v2\/comments?post=92873"}],"version-history":[{"count":4,"href":"https:\/\/www.upla.cl\/investigacion\/wp-json\/wp\/v2\/posts\/92873\/revisions"}],"predecessor-version":[{"id":92881,"href":"https:\/\/www.upla.cl\/investigacion\/wp-json\/wp\/v2\/posts\/92873\/revisions\/92881"}],"wp:featuredmedia":[{"embeddable":true,"href":"https:\/\/www.upla.cl\/investigacion\/wp-json\/wp\/v2\/media\/91666"}],"wp:attachment":[{"href":"https:\/\/www.upla.cl\/investigacion\/wp-json\/wp\/v2\/media?parent=92873"}],"wp:term":[{"taxonomy":"category","embeddable":true,"href":"https:\/\/www.upla.cl\/investigacion\/wp-json\/wp\/v2\/categories?post=92873"},{"taxonomy":"post_tag","embeddable":true,"href":"https:\/\/www.upla.cl\/investigacion\/wp-json\/wp\/v2\/tags?post=92873"}],"curies":[{"name":"wp","href":"https:\/\/api.w.org\/{rel}","templated":true}]}}