{"id":92846,"date":"2018-07-30T12:26:54","date_gmt":"2018-07-30T16:26:54","guid":{"rendered":"http:\/\/www.upla.cl\/investigacion\/?p=92846"},"modified":"2018-07-30T12:26:54","modified_gmt":"2018-07-30T16:26:54","slug":"proidea-realizara-conferencia-sobre-analisis-cienciometrico-de-la-region-de-valparaiso","status":"publish","type":"post","link":"https:\/\/www.upla.cl\/investigacion\/2018\/07\/30\/proidea-realizara-conferencia-sobre-analisis-cienciometrico-de-la-region-de-valparaiso\/","title":{"rendered":"PROIDEA realizar\u00e1 conferencia sobre an\u00e1lisis cienciom\u00e9trico de la Regi\u00f3n de Valpara\u00edso"},"content":{"rendered":"<p>[et_pb_section bb_built=\u00bb1&#8243;][et_pb_row][et_pb_column type=\u00bb2_3&#8243;][et_pb_text]<\/p>\n<p>El investigador asociado del <a title=\"grupo SCImago\" href=\"https:\/\/www.scimagoir.com\" target=\"_blank\" rel=\"noopener\">grupo SCImago<\/a>, doctor en Ciencias de la Informaci\u00f3n, Atilio Bustos Gonz\u00e1lez dictar\u00e1 la conferencia<b> \u00abAn\u00e1lisis cienciom\u00e9trico de la Regi\u00f3n de Valpara\u00edso\u00bb<\/b>, actividad que se llevar\u00e1 a efecto en la sala Atenea de la sede Vi\u00f1a del Mar de la Universidad de Playa Ancha (Traslavi\u00f1a 450, Vi\u00f1a del Mar) el martes 7 de agosto, a partir de las 15.00 horas.<\/p>\n<p>La conferencia del doctor Bustos permitir\u00e1 observar la\u00a0situaci\u00f3n regional en los \u00e1mbitos de la productividad cient\u00edfica, por lo que se espera la participaci\u00f3n de investigadores e interesados en esta materia.<\/p>\n<p>[\/et_pb_text][\/et_pb_column][et_pb_column type=\u00bb1_3&#8243;][et_pb_button admin_label=\u00bbBot\u00f3n inscripciones\u00bb _builder_version=\u00bb3.11&#8243; button_text=\u00bbInscripciones aqu\u00ed\u00bb button_url=\u00bbhttps:\/\/goo.gl\/forms\/C8mJX2p8HRdnuXDm2&#8243; url_new_window=\u00bbon\u00bb \/][\/et_pb_column][\/et_pb_row][\/et_pb_section]<\/p>\n","protected":false},"excerpt":{"rendered":"<p>Actividad se llevar\u00e1 a efecto el martes 7 de agosto, a partir de las 15.00 horas, en la sede Vi\u00f1a del Mar de la UPLA<\/p>\n","protected":false},"author":1,"featured_media":92802,"comment_status":"closed","ping_status":"open","sticky":false,"template":"","format":"standard","meta":{"_et_pb_use_builder":"on","_et_pb_old_content":"<p>El investigador asociado del <a title=\"grupo SCImago\" href=\"https:\/\/www.scimagoir.com\" target=\"_blank\" rel=\"noopener\">grupo SCImago<\/a>, doctor en Ciencias de la Informaci\u00f3n, Atilio Bustos Gonz\u00e1lez dictar\u00e1 la conferencia<b> \"An\u00e1lisis cienciom\u00e9trico de la Regi\u00f3n de Valpara\u00edso\"<\/b>, actividad que se llevar\u00e1 a efecto en la sala Atenea de la sede Vi\u00f1a del Mar de la Universidad de Playa Ancha (Traslavi\u00f1a 450, Vi\u00f1a del Mar) el martes 7 de agosto, a partir de las 15.00 horas.<\/p><p>La conferencia del doctor Bustos permitir\u00e1 observar la\u00a0situaci\u00f3n regional en los \u00e1mbitos de la productividad cient\u00edfica, por lo que se espera la participaci\u00f3n de investigadores e interesados en esta materia.<\/p>","_et_gb_content_width":"","footnotes":""},"categories":[13],"tags":[],"class_list":["post-92846","post","type-post","status-publish","format-standard","has-post-thumbnail","hentry","category-noticias"],"_links":{"self":[{"href":"https:\/\/www.upla.cl\/investigacion\/wp-json\/wp\/v2\/posts\/92846","targetHints":{"allow":["GET"]}}],"collection":[{"href":"https:\/\/www.upla.cl\/investigacion\/wp-json\/wp\/v2\/posts"}],"about":[{"href":"https:\/\/www.upla.cl\/investigacion\/wp-json\/wp\/v2\/types\/post"}],"author":[{"embeddable":true,"href":"https:\/\/www.upla.cl\/investigacion\/wp-json\/wp\/v2\/users\/1"}],"replies":[{"embeddable":true,"href":"https:\/\/www.upla.cl\/investigacion\/wp-json\/wp\/v2\/comments?post=92846"}],"version-history":[{"count":1,"href":"https:\/\/www.upla.cl\/investigacion\/wp-json\/wp\/v2\/posts\/92846\/revisions"}],"predecessor-version":[{"id":92847,"href":"https:\/\/www.upla.cl\/investigacion\/wp-json\/wp\/v2\/posts\/92846\/revisions\/92847"}],"wp:featuredmedia":[{"embeddable":true,"href":"https:\/\/www.upla.cl\/investigacion\/wp-json\/wp\/v2\/media\/92802"}],"wp:attachment":[{"href":"https:\/\/www.upla.cl\/investigacion\/wp-json\/wp\/v2\/media?parent=92846"}],"wp:term":[{"taxonomy":"category","embeddable":true,"href":"https:\/\/www.upla.cl\/investigacion\/wp-json\/wp\/v2\/categories?post=92846"},{"taxonomy":"post_tag","embeddable":true,"href":"https:\/\/www.upla.cl\/investigacion\/wp-json\/wp\/v2\/tags?post=92846"}],"curies":[{"name":"wp","href":"https:\/\/api.w.org\/{rel}","templated":true}]}}