{"id":92815,"date":"2018-07-24T11:24:39","date_gmt":"2018-07-24T15:24:39","guid":{"rendered":"http:\/\/www.upla.cl\/investigacion\/?p=92815"},"modified":"2018-07-24T11:24:39","modified_gmt":"2018-07-24T15:24:39","slug":"grupo-giia-invita-a-participar-en-segundo-coloquio-sobre-inmigrantes-refugiados-desplazados","status":"publish","type":"post","link":"https:\/\/www.upla.cl\/investigacion\/2018\/07\/24\/grupo-giia-invita-a-participar-en-segundo-coloquio-sobre-inmigrantes-refugiados-desplazados\/","title":{"rendered":"Grupo GIIA invita a participar en segundo coloquio sobre inmigrantes, refugiados, desplazados"},"content":{"rendered":"<p>[et_pb_section bb_built=\u00bb1&#8243;][et_pb_row][et_pb_column type=\u00bb1_3&#8243;][et_pb_text _builder_version=\u00bb3.10.2&#8243;]<\/p>\n<p>El <b>coordinador del Grupo de Investigaci\u00f3n Interdisciplinario Avanzada (GIIA): \u00abPatrimonio, Espacio Social y Desarrollo Territorial\u00bb de la Universidad de Playa Ancha. Juan Ignacio Arias Krause<\/b> invita a la comunidad universitaria a participar del <b>\u201cSegundo Coloquio Euro-Latino-Americano: Inmigrantes, refugiados, desplazados\u201d<\/b>, en el que el GIIA es co-organizador en conjunto con investigadores de la PUCV.<\/p>\n<p>En el evento participaran integrantes del Grupo junto a destacados investigadores nacionales e internacionales, quienes expondr\u00e1n sobre problemas \u00e9tnico-pol\u00edticos de gran importancia social.<\/p>\n<p>El encuentro se llevar\u00e1 a efecto en el Palacio Rioja de Vi\u00f1a del Mar y en la Pontificia Universidad Cat\u00f3lica de Valpara\u00edso, desde el 25 al 27 de julio, siguiendo la planificaci\u00f3n propuesta en el programa.<\/p>\n<p>[\/et_pb_text][\/et_pb_column][et_pb_column type=\u00bb2_3&#8243;][et_pb_text _builder_version=\u00bb3.10.2&#8243;]<\/p>\n<p>[su_document url=\u00bbhttps:\/\/www.upla.cl\/investigacion\/wp-content\/uploads\/2018\/07\/2018_0724_investigacion_segundocoloquio_eurolatam.pdf\u00bb width=\u00bb160080&#8243; height=\u00bb1600&#8243;]<\/p>\n<p>[\/et_pb_text][\/et_pb_column][\/et_pb_row][\/et_pb_section]<\/p>\n","protected":false},"excerpt":{"rendered":"<p>Encuentro se llevar\u00e1 a cabo en el Palacio Rioja de Vi\u00f1a del Mar y en la Pontificia Universidad Cat\u00f3lica de Valpara\u00edso, desde el 25 al 27 de julio.<\/p>\n","protected":false},"author":1,"featured_media":92817,"comment_status":"closed","ping_status":"open","sticky":false,"template":"","format":"standard","meta":{"_et_pb_use_builder":"on","_et_pb_old_content":"","_et_gb_content_width":"","footnotes":""},"categories":[13],"tags":[],"class_list":["post-92815","post","type-post","status-publish","format-standard","has-post-thumbnail","hentry","category-noticias"],"_links":{"self":[{"href":"https:\/\/www.upla.cl\/investigacion\/wp-json\/wp\/v2\/posts\/92815","targetHints":{"allow":["GET"]}}],"collection":[{"href":"https:\/\/www.upla.cl\/investigacion\/wp-json\/wp\/v2\/posts"}],"about":[{"href":"https:\/\/www.upla.cl\/investigacion\/wp-json\/wp\/v2\/types\/post"}],"author":[{"embeddable":true,"href":"https:\/\/www.upla.cl\/investigacion\/wp-json\/wp\/v2\/users\/1"}],"replies":[{"embeddable":true,"href":"https:\/\/www.upla.cl\/investigacion\/wp-json\/wp\/v2\/comments?post=92815"}],"version-history":[{"count":1,"href":"https:\/\/www.upla.cl\/investigacion\/wp-json\/wp\/v2\/posts\/92815\/revisions"}],"predecessor-version":[{"id":92818,"href":"https:\/\/www.upla.cl\/investigacion\/wp-json\/wp\/v2\/posts\/92815\/revisions\/92818"}],"wp:featuredmedia":[{"embeddable":true,"href":"https:\/\/www.upla.cl\/investigacion\/wp-json\/wp\/v2\/media\/92817"}],"wp:attachment":[{"href":"https:\/\/www.upla.cl\/investigacion\/wp-json\/wp\/v2\/media?parent=92815"}],"wp:term":[{"taxonomy":"category","embeddable":true,"href":"https:\/\/www.upla.cl\/investigacion\/wp-json\/wp\/v2\/categories?post=92815"},{"taxonomy":"post_tag","embeddable":true,"href":"https:\/\/www.upla.cl\/investigacion\/wp-json\/wp\/v2\/tags?post=92815"}],"curies":[{"name":"wp","href":"https:\/\/api.w.org\/{rel}","templated":true}]}}