{"id":92433,"date":"2017-08-04T16:34:18","date_gmt":"2017-08-04T20:34:18","guid":{"rendered":"http:\/\/www.upla.cl\/investigacion\/?p=92433"},"modified":"2017-09-07T16:34:52","modified_gmt":"2017-09-07T19:34:52","slug":"miercoles-6-de-septiembre-de-9-30-a-17-30-horas-seminario-internacional-gestion-y-difusion-de-las-investigaciones-la-mirada-de-los-actores","status":"publish","type":"post","link":"https:\/\/www.upla.cl\/investigacion\/2017\/08\/04\/miercoles-6-de-septiembre-de-9-30-a-17-30-horas-seminario-internacional-gestion-y-difusion-de-las-investigaciones-la-mirada-de-los-actores\/","title":{"rendered":"Mi\u00e9rcoles 6 de septiembre, de 9.30 a 17.30 horas: Seminario internacional: \u00abGesti\u00f3n y difusi\u00f3n de las investigaciones: la mirada de los actores\u00bb"},"content":{"rendered":"<p>[et_pb_section bb_built=\u00bb1&#8243; _builder_version=\u00bb3.0.66&#8243;][et_pb_row _builder_version=\u00bb3.0.66&#8243; background_position_1=\u00bbtop_left\u00bb background_repeat_1=\u00bbno-repeat\u00bb background_position_2=\u00bbtop_left\u00bb background_repeat_2=\u00bbno-repeat\u00bb background_position_3=\u00bbtop_left\u00bb background_repeat_3=\u00bbno-repeat\u00bb make_fullwidth=\u00bbon\u00bb use_custom_gutter=\u00bbon\u00bb][et_pb_column type=\u00bb1_4&#8243;][et_pb_text _builder_version=\u00bb3.0.66&#8243; background_layout=\u00bblight\u00bb text_orientation=\u00bbleft\u00bb border_style=\u00bbsolid\u00bb]<\/p>\n<p>Sala Atenea, Traslavi\u00f1a 450, Vi\u00f1a del Mar.<\/p>\n<p>[\/et_pb_text][et_pb_image _builder_version=\u00bb3.0.66&#8243; src=\u00bbhttps:\/\/www.upla.cl\/investigacion\/wp-content\/uploads\/2016\/06\/UPLA-2015-828.jpg\u00bb show_in_lightbox=\u00bboff\u00bb url_new_window=\u00bboff\u00bb use_overlay=\u00bboff\u00bb sticky=\u00bboff\u00bb align=\u00bbleft\u00bb always_center_on_mobile=\u00bbon\u00bb border_style=\u00bbsolid\u00bb force_fullwidth=\u00bboff\u00bb \/][\/et_pb_column][et_pb_column type=\u00bb1_4&#8243;][et_pb_map _builder_version=\u00bb3.0.66&#8243; address=\u00bbTraslavi\u00f1a 450, Vi\u00f1a del Mar, Regi\u00f3n de Valpara\u00edso, Chile\u00bb zoom_level=\u00bb17&#8243; address_lat=\u00bb-33.028079711499764&#8243; address_lng=\u00bb-71.5582388037991&#8243; mouse_wheel=\u00bbon\u00bb mobile_dragging=\u00bbon\u00bb use_grayscale_filter=\u00bboff\u00bb grayscale_filter_amount=\u00bb0&#8243;] [et_pb_map_pin title=\u00bbSede Traslavi\u00f1a\u00bb pin_address=\u00bbTraslavi\u00f1a 450, Vi\u00f1a del Mar, Regi\u00f3n de Valpara\u00edso, Chile\u00bb pin_address_lat=\u00bb-33.0285339&#8243; pin_address_lng=\u00bb-71.55852579999998&#8243; \/] [\/et_pb_map][\/et_pb_column][et_pb_column type=\u00bb1_2&#8243;][et_pb_button admin_label=\u00bbInscripci\u00f3n en l\u00ednea\u00bb _builder_version=\u00bb3.0.69&#8243; button_text=\u00bbInscripci\u00f3n en l\u00ednea (abrir\u00e1 una p\u00e1gina o pesta\u00f1a nueva)\u00bb button_url=\u00bbhttps:\/\/docs.google.com\/forms\/d\/e\/1FAIpQLSdFBanPXrUCF1fRJVbKCPohKThlMFfe_OpTNE6nX3WNviK2-w\/viewform\u00bb url_new_window=\u00bbon\u00bb button_alignment=\u00bbleft\u00bb background_layout=\u00bblight\u00bb custom_button=\u00bboff\u00bb button_letter_spacing=\u00bb0&#8243; button_icon_placement=\u00bbright\u00bb button_letter_spacing_hover=\u00bb0&#8243; \/][\/et_pb_column][\/et_pb_row][et_pb_row][et_pb_column type=\u00bb4_4&#8243;][et_pb_text admin_label=\u00bbPrograma\u00bb _builder_version=\u00bb3.0.71&#8243; background_layout=\u00bblight\u00bb text_orientation=\u00bbleft\u00bb border_style=\u00bbsolid\u00bb]<\/p>\n<h3>Programa<\/h3>\n<p><strong>9.30 horas:<\/strong>\u00a0Recepci\u00f3n de participantes y acreditaci\u00f3n.<\/p>\n<p><strong>9.50 horas:<\/strong> Acto de inauguraci\u00f3n. Palabras del vicerrector de Investigaci\u00f3n, Postgrado e Innovaci\u00f3n, doctor Daniel L\u00f3pez Stefoni.<\/p>\n<p><strong>10.00 horas:<\/strong> Primera mesa: <strong>\u00abErrores m\u00e1s comunes detectados en los art\u00edculos por las revistas acad\u00e9micas\u00bb.<\/strong><\/p>\n<ul>\n<li>Doctora Wendolin Su\u00e1rez, de la Revista Venezolana de Gerencia (<a title=\"Universidad del Zulia\" href=\"http:\/\/www.luz.edu.ve\/\" target=\"_blank\" rel=\"noopener\">Universidad del Zulia<\/a>)<\/li>\n<li>Mag\u00edster Esteban Geoffroy Pitta, coordinador de Investigaciones en el Departamento de Investigaci\u00f3n e Informaci\u00f3n P\u00fablica del <a title=\"Consejo Nacional de Educaci\u00f3n (CNED)\" href=\"http:\/\/www.cned.cl\/\" target=\"_blank\" rel=\"noopener\">Consejo Nacional de Educaci\u00f3n (CNED)<\/a>. Editor de la revista Calidad de la Educaci\u00f3n.<\/li>\n<li>Giovanni Parodi, editor de la <a title=\"revista Signos\" href=\"http:\/\/www.scielo.cl\/scielo.php?script=sci_serial&amp;pid=0718-0934&amp;lng=es&amp;nrm=iso\" target=\"_blank\" rel=\"noopener\">revista Signos<\/a>, de la Pontificia Universidad Cat\u00f3lica de Valpara\u00edso (PUCV)<\/li>\n<li>Mag\u00edster Patricio Arana Espina, coeditor de la <a title=\"Latin American Journal of Aquatic Research - LAJAR\" href=\"http:\/\/www.lajar.cl\/home_es.html\" target=\"_blank\" rel=\"noopener\">Revista Latinoamericana de Investigaciones Acu\u00e1ticas (Latin American Journal of Aquatic Research &#8211; LAJAR)<\/a> de la Pontificia Universidad Cat\u00f3lica de Valpara\u00edso (PUCV)<\/li>\n<li>Modera el doctor Alexis Candia C\u00e1ceres, director del <a title=\"Centro de Estudios Avanzados de la Universidad de Playa Ancha (CEA-UPLA)\" href=\"http:\/\/www.upla.cl\/estudiosavanzados\" target=\"_blank\" rel=\"noopener\">Centro de Estudios Avanzados de la Universidad de Playa Ancha (CEA-UPLA)<\/a><\/li>\n<\/ul>\n<p><strong>11.20 horas:<\/strong> Ronda de preguntas.<\/p>\n<p><strong>11.40 horas:<\/strong> Caf\u00e9.<\/p>\n<p><strong>12.00 horas:<\/strong>\u00a0Conferencia:\u00a0<strong>El imperativo de investigar en las universidades<\/strong>, a cargo del doctor Adri\u00e1n Palacios, director de <a title=\"Investigaci\u00f3n de la Universidad de Valpara\u00edso (UV)\" href=\"http:\/\/investigacion.uv.cl\/\" target=\"_blank\" rel=\"noopener\">Investigaci\u00f3n de la Universidad de Valpara\u00edso (UV)<\/a>.<\/p>\n<p><strong>12.45 horas:<\/strong> Ronda de preguntas.<\/p>\n<p><strong>13.00 horas:<\/strong> Almuerzo libre.<\/p>\n<p><strong>15.00 horas:<\/strong>\u00a0Segunda mesa: \u00abExperiencias en la publicaci\u00f3n de art\u00edculos cient\u00edficos: \u00abLa mirada de los autores\u00bb.<\/p>\n<ul>\n<li>Doctor Jos\u00e9 Antonio Mu\u00f1oz Reyes, investigador del CEA-UPLA.<\/li>\n<li>Doctor \u00d3scar Espinoza D\u00edaz, investigador del <a title=\"Programa Interdisciplinario de Investigaciones en Educaci\u00f3n (PIIE)\" href=\"http:\/\/www.piie.cl\/\" target=\"_blank\" rel=\"noopener\">Programa Interdisciplinario de Investigaciones en Educaci\u00f3n (PIIE)<\/a><\/li>\n<li>Doctora (C) Hildegard Susana Jung, investigadora de la <a title=\"Universidad de La Salle, Brasil.\" href=\"http:\/\/www.unilasalle.edu.br\/\" target=\"_blank\" rel=\"noopener\">Universidad de La Salle, Brasil.<\/a><\/li>\n<li>Doctor Miguel Pita Dom\u00ednguez, investigador de la <a title=\"Universidad Aut\u00f3noma de Madrid\" href=\"http:\/\/www.uam.es\/UAM\/Home.htm?language=es\" target=\"_blank\" rel=\"noopener\">Universidad Aut\u00f3noma de Madrid.<\/a><\/li>\n<li>Modera el doctor Francisco Ganga Valenzuela, <a title=\"acad\u00e9mico de la Universidad de Los Lagos\" href=\"http:\/\/docente.ulagos.cl\/franciscoganga\/\" target=\"_blank\" rel=\"noopener\">acad\u00e9mico de la Universidad de Los Lagos.<\/a><\/li>\n<\/ul>\n<p><strong>16.20 horas:<\/strong> Ronda de preguntas<\/p>\n<p><strong>16.40 horas:<\/strong>\u00a0Cierre. Palabras del doctor Francisco Ganga Valenzuela, investigador del proyecto FONDECYT Regular N\u00ba 1161353.<\/p>\n<p><strong>16.50 horas:<\/strong>\u00a0Caf\u00e9.<\/p>\n<h4>Organizan<\/h4>\n<p>Programa ProIdea, Direcci\u00f3n General de Investigaci\u00f3n Universidad de Playa Ancha y Proyecto FONDECYT-Regular N\u00ba 1161353.<\/p>\n<p>[\/et_pb_text][\/et_pb_column][\/et_pb_row][\/et_pb_section]<\/p>\n","protected":false},"excerpt":{"rendered":"<p>Programa ProIdea, Direcci\u00f3n General de Investigaci\u00f3n Universidad de Playa Ancha y Proyecto FONDECYT-Regular N\u00ba 1161353<\/p>\n","protected":false},"author":1,"featured_media":0,"comment_status":"closed","ping_status":"open","sticky":false,"template":"","format":"standard","meta":{"_et_pb_use_builder":"on","_et_pb_old_content":"","_et_gb_content_width":"","footnotes":""},"categories":[13],"tags":[],"class_list":["post-92433","post","type-post","status-publish","format-standard","hentry","category-noticias"],"_links":{"self":[{"href":"https:\/\/www.upla.cl\/investigacion\/wp-json\/wp\/v2\/posts\/92433","targetHints":{"allow":["GET"]}}],"collection":[{"href":"https:\/\/www.upla.cl\/investigacion\/wp-json\/wp\/v2\/posts"}],"about":[{"href":"https:\/\/www.upla.cl\/investigacion\/wp-json\/wp\/v2\/types\/post"}],"author":[{"embeddable":true,"href":"https:\/\/www.upla.cl\/investigacion\/wp-json\/wp\/v2\/users\/1"}],"replies":[{"embeddable":true,"href":"https:\/\/www.upla.cl\/investigacion\/wp-json\/wp\/v2\/comments?post=92433"}],"version-history":[{"count":11,"href":"https:\/\/www.upla.cl\/investigacion\/wp-json\/wp\/v2\/posts\/92433\/revisions"}],"predecessor-version":[{"id":92508,"href":"https:\/\/www.upla.cl\/investigacion\/wp-json\/wp\/v2\/posts\/92433\/revisions\/92508"}],"wp:attachment":[{"href":"https:\/\/www.upla.cl\/investigacion\/wp-json\/wp\/v2\/media?parent=92433"}],"wp:term":[{"taxonomy":"category","embeddable":true,"href":"https:\/\/www.upla.cl\/investigacion\/wp-json\/wp\/v2\/categories?post=92433"},{"taxonomy":"post_tag","embeddable":true,"href":"https:\/\/www.upla.cl\/investigacion\/wp-json\/wp\/v2\/tags?post=92433"}],"curies":[{"name":"wp","href":"https:\/\/api.w.org\/{rel}","templated":true}]}}