{"id":92431,"date":"2017-08-04T17:26:45","date_gmt":"2017-08-04T21:26:45","guid":{"rendered":"http:\/\/www.upla.cl\/investigacion\/?p=92431"},"modified":"2017-08-16T16:44:27","modified_gmt":"2017-08-16T20:44:27","slug":"viernes-11-de-agosto-de-10-15-a-12-30-horas-conversatorio-sobre-diseno-de-proyectos-de-tesis-en-el-ambito-del-postgrados","status":"publish","type":"post","link":"https:\/\/www.upla.cl\/investigacion\/2017\/08\/04\/viernes-11-de-agosto-de-10-15-a-12-30-horas-conversatorio-sobre-diseno-de-proyectos-de-tesis-en-el-ambito-del-postgrados\/","title":{"rendered":"Viernes 11 de agosto, desde las 15 horas. Conversatorio sobre dise\u00f1o de proyectos de tesis en el \u00e1mbito del postgrados"},"content":{"rendered":"<p>[et_pb_section bb_built=\u00bb1&#8243; _builder_version=\u00bb3.0.66&#8243;][et_pb_row _builder_version=\u00bb3.0.66&#8243; background_position_1=\u00bbtop_left\u00bb background_repeat_1=\u00bbno-repeat\u00bb background_position_2=\u00bbtop_left\u00bb background_repeat_2=\u00bbno-repeat\u00bb background_position_3=\u00bbtop_left\u00bb background_repeat_3=\u00bbno-repeat\u00bb make_fullwidth=\u00bbon\u00bb use_custom_gutter=\u00bbon\u00bb][et_pb_column type=\u00bb1_4&#8243;][et_pb_text _builder_version=\u00bb3.0.66&#8243; background_layout=\u00bblight\u00bb text_orientation=\u00bbleft\u00bb border_style=\u00bbsolid\u00bb]<\/p>\n<p>Sala Atenea, Traslavi\u00f1a 450, Vi\u00f1a del Mar.<\/p>\n<p>[\/et_pb_text][et_pb_image _builder_version=\u00bb3.0.66&#8243; src=\u00bbhttps:\/\/www.upla.cl\/investigacion\/wp-content\/uploads\/2016\/06\/UPLA-2015-828.jpg\u00bb show_in_lightbox=\u00bboff\u00bb url_new_window=\u00bboff\u00bb use_overlay=\u00bboff\u00bb sticky=\u00bboff\u00bb align=\u00bbleft\u00bb always_center_on_mobile=\u00bbon\u00bb border_style=\u00bbsolid\u00bb force_fullwidth=\u00bboff\u00bb \/][\/et_pb_column][et_pb_column type=\u00bb1_4&#8243;][et_pb_map _builder_version=\u00bb3.0.66&#8243; address=\u00bbTraslavi\u00f1a 450, Vi\u00f1a del Mar, Regi\u00f3n de Valpara\u00edso, Chile\u00bb zoom_level=\u00bb17&#8243; address_lat=\u00bb-33.028079711499764&#8243; address_lng=\u00bb-71.5582388037991&#8243; mouse_wheel=\u00bbon\u00bb mobile_dragging=\u00bbon\u00bb use_grayscale_filter=\u00bboff\u00bb grayscale_filter_amount=\u00bb0&#8243;] [et_pb_map_pin title=\u00bbSede Traslavi\u00f1a\u00bb pin_address=\u00bbTraslavi\u00f1a 450, Vi\u00f1a del Mar, Regi\u00f3n de Valpara\u00edso, Chile\u00bb pin_address_lat=\u00bb-33.0285339&#8243; pin_address_lng=\u00bb-71.55852579999998&#8243; \/] [\/et_pb_map][\/et_pb_column][et_pb_column type=\u00bb1_2&#8243;][et_pb_text admin_label=\u00bbPrograma\u00bb _builder_version=\u00bb3.0.66&#8243; background_layout=\u00bblight\u00bb text_orientation=\u00bbleft\u00bb border_style=\u00bbsolid\u00bb]<\/p>\n<p><strong>15.30 a 17.00 horas:<\/strong>\u00a0Conversatorio en torno al dise\u00f1o de los proyectos de tesis en el \u00e1mbito de los postgrados.<\/p>\n<p>Organiza el programa PRO &#8211; IDEA de la Universidad de Playa Ancha.<\/p>\n<p>[\/et_pb_text][\/et_pb_column][\/et_pb_row][\/et_pb_section]<\/p>\n","protected":false},"excerpt":{"rendered":"<p>Con el doctor Norberto Fern\u00e1ndez Lamarra. Organiza el programa PROIDEA de la Universidad de Playa Ancha.<\/p>\n","protected":false},"author":1,"featured_media":0,"comment_status":"closed","ping_status":"open","sticky":false,"template":"","format":"standard","meta":{"_et_pb_use_builder":"on","_et_pb_old_content":"","_et_gb_content_width":"","footnotes":""},"categories":[13],"tags":[],"class_list":["post-92431","post","type-post","status-publish","format-standard","hentry","category-noticias"],"_links":{"self":[{"href":"https:\/\/www.upla.cl\/investigacion\/wp-json\/wp\/v2\/posts\/92431","targetHints":{"allow":["GET"]}}],"collection":[{"href":"https:\/\/www.upla.cl\/investigacion\/wp-json\/wp\/v2\/posts"}],"about":[{"href":"https:\/\/www.upla.cl\/investigacion\/wp-json\/wp\/v2\/types\/post"}],"author":[{"embeddable":true,"href":"https:\/\/www.upla.cl\/investigacion\/wp-json\/wp\/v2\/users\/1"}],"replies":[{"embeddable":true,"href":"https:\/\/www.upla.cl\/investigacion\/wp-json\/wp\/v2\/comments?post=92431"}],"version-history":[{"count":3,"href":"https:\/\/www.upla.cl\/investigacion\/wp-json\/wp\/v2\/posts\/92431\/revisions"}],"predecessor-version":[{"id":92438,"href":"https:\/\/www.upla.cl\/investigacion\/wp-json\/wp\/v2\/posts\/92431\/revisions\/92438"}],"wp:attachment":[{"href":"https:\/\/www.upla.cl\/investigacion\/wp-json\/wp\/v2\/media?parent=92431"}],"wp:term":[{"taxonomy":"category","embeddable":true,"href":"https:\/\/www.upla.cl\/investigacion\/wp-json\/wp\/v2\/categories?post=92431"},{"taxonomy":"post_tag","embeddable":true,"href":"https:\/\/www.upla.cl\/investigacion\/wp-json\/wp\/v2\/tags?post=92431"}],"curies":[{"name":"wp","href":"https:\/\/api.w.org\/{rel}","templated":true}]}}