{"id":92415,"date":"2017-08-03T18:55:43","date_gmt":"2017-08-03T22:55:43","guid":{"rendered":"http:\/\/www.upla.cl\/investigacion\/?p=92415"},"modified":"2017-08-08T16:28:47","modified_gmt":"2017-08-08T20:28:47","slug":"doctor-norberto-fernandez-dialogara-sobre-sistemas-de-aseguramiento-de-calidad-y-disenos-de-programas-de-tesis-en-la-upla","status":"publish","type":"post","link":"https:\/\/www.upla.cl\/investigacion\/2017\/08\/03\/doctor-norberto-fernandez-dialogara-sobre-sistemas-de-aseguramiento-de-calidad-y-disenos-de-programas-de-tesis-en-la-upla\/","title":{"rendered":"Doctor Norberto Fern\u00e1ndez dialogar\u00e1 sobre sistemas de aseguramiento de calidad y dise\u00f1os de proyectos de tesis en la UPLA"},"content":{"rendered":"<p>La Facultad de Ciencias de la Educaci\u00f3n, la Direcci\u00f3n General de Investigaci\u00f3n, \u00a0y el Centro de Estudios Avanzados de la Universidad de Playa Ancha invitan a la comunidad universitaria y p\u00fablico interesado a participar de la jornada de actividades que se realizar\u00e1 con motivo de la visita del doctor en Educaci\u00f3n Norberto Fern\u00e1ndez Lamarra, experto en el \u00e1rea de las pol\u00edticas, la planificaci\u00f3n y la gesti\u00f3n de la educaci\u00f3n, adem\u00e1s de director de postgrados en la <a href=\"https:\/\/www.untref.edu.ar\/\" target=\"_blank\" rel=\"noopener\">Universidad Nacional de Tres de Febrero (UNTREF)<\/a><\/p>\n<p>El doctor Fern\u00e1ndez Lamarra liderar\u00e1 el viernes 11 de agosto en la sala Atenea (Traslavi\u00f1a 450, Vi\u00f1a del Mar) en primer lugar la conferencia titulada <strong>\u00abLos sistemas de aseguramiento de la calidad en Am\u00e9rica Latina, Am\u00e9rica del Norte y Europa: Perspectivas comparadas\u00bb<\/strong>, la que iniciar\u00e1 a las 10.15 horas.<\/p>\n<p>Posteriormente, a las 15.30 horas, y bajo la organizaci\u00f3n del proyecto ProIdea de la Direcci\u00f3n General de Investigaci\u00f3n de la UPLA, se realizar\u00e1 un conversatorio en torno al dise\u00f1o de proyectos de tesis en el \u00e1mbito de los postgrados.<\/p>\n","protected":false},"excerpt":{"rendered":"<p>Experto en el \u00e1rea de las pol\u00edticas, la planificaci\u00f3n y la gesti\u00f3n de la educaci\u00f3n fue invitado por la Universidad de Playa Ancha para realizar un conversatorio y una conferencia el viernes 11 de agosto en Vi\u00f1a del Mar.<\/p>\n","protected":false},"author":1,"featured_media":92416,"comment_status":"closed","ping_status":"open","sticky":false,"template":"","format":"standard","meta":{"_et_pb_use_builder":"","_et_pb_old_content":"","_et_gb_content_width":"","footnotes":""},"categories":[13],"tags":[],"class_list":["post-92415","post","type-post","status-publish","format-standard","has-post-thumbnail","hentry","category-noticias"],"_links":{"self":[{"href":"https:\/\/www.upla.cl\/investigacion\/wp-json\/wp\/v2\/posts\/92415","targetHints":{"allow":["GET"]}}],"collection":[{"href":"https:\/\/www.upla.cl\/investigacion\/wp-json\/wp\/v2\/posts"}],"about":[{"href":"https:\/\/www.upla.cl\/investigacion\/wp-json\/wp\/v2\/types\/post"}],"author":[{"embeddable":true,"href":"https:\/\/www.upla.cl\/investigacion\/wp-json\/wp\/v2\/users\/1"}],"replies":[{"embeddable":true,"href":"https:\/\/www.upla.cl\/investigacion\/wp-json\/wp\/v2\/comments?post=92415"}],"version-history":[{"count":4,"href":"https:\/\/www.upla.cl\/investigacion\/wp-json\/wp\/v2\/posts\/92415\/revisions"}],"predecessor-version":[{"id":92444,"href":"https:\/\/www.upla.cl\/investigacion\/wp-json\/wp\/v2\/posts\/92415\/revisions\/92444"}],"wp:featuredmedia":[{"embeddable":true,"href":"https:\/\/www.upla.cl\/investigacion\/wp-json\/wp\/v2\/media\/92416"}],"wp:attachment":[{"href":"https:\/\/www.upla.cl\/investigacion\/wp-json\/wp\/v2\/media?parent=92415"}],"wp:term":[{"taxonomy":"category","embeddable":true,"href":"https:\/\/www.upla.cl\/investigacion\/wp-json\/wp\/v2\/categories?post=92415"},{"taxonomy":"post_tag","embeddable":true,"href":"https:\/\/www.upla.cl\/investigacion\/wp-json\/wp\/v2\/tags?post=92415"}],"curies":[{"name":"wp","href":"https:\/\/api.w.org\/{rel}","templated":true}]}}