{"id":92349,"date":"2017-05-19T17:17:07","date_gmt":"2017-05-19T21:17:07","guid":{"rendered":"http:\/\/www.upla.cl\/investigacion\/?p=92349"},"modified":"2017-05-19T17:17:07","modified_gmt":"2017-05-19T21:17:07","slug":"nucleo-de-innovacion-realizo-participativo-cafe-de-innovacion-de-proyectos-fic-2017","status":"publish","type":"post","link":"https:\/\/www.upla.cl\/investigacion\/2017\/05\/19\/nucleo-de-innovacion-realizo-participativo-cafe-de-innovacion-de-proyectos-fic-2017\/","title":{"rendered":"N\u00facleo de Innovaci\u00f3n realiz\u00f3 participativo \u00abCaf\u00e9 de Innovaci\u00f3n de Proyectos FIC 2017\u00bb"},"content":{"rendered":"<p>En el edificio de Ciencias e Ingenier\u00eda de la Universidad de Playa Ancha\u00a0se desarroll\u00f3 el jueves 18 de mayo, el <strong>\u201cCaf\u00e9 de Innovaci\u00f3n de Proyectos FIC 2017\u201d<\/strong>, organizado por el <strong>N\u00facleo de Innovaci\u00f3n de la Direcci\u00f3n General de Investigaci\u00f3n<\/strong>, actividad que tuvo por objetivo compartir iniciativas UPLA que se preparan para ser presentadas a esta convocatoria.<\/p>\n<p><img loading=\"lazy\" decoding=\"async\" class=\"alignright size-medium wp-image-92351\" src=\"https:\/\/www.upla.cl\/investigacion\/wp-content\/uploads\/2017\/05\/2017_0519_investigacion_cafeinnovacionfic-300x168.png\" alt=\"\" width=\"300\" height=\"168\" srcset=\"https:\/\/www.upla.cl\/investigacion\/wp-content\/uploads\/2017\/05\/2017_0519_investigacion_cafeinnovacionfic-300x168.png 300w, https:\/\/www.upla.cl\/investigacion\/wp-content\/uploads\/2017\/05\/2017_0519_investigacion_cafeinnovacionfic.png 386w\" sizes=\"(max-width: 300px) 100vw, 300px\" \/>El doctor Miguel Guevara, coordinador del N\u00facleo, fue quien moder\u00f3 la actividad, destacando en la ocasi\u00f3n\u00a0la disposici\u00f3n de la unidad para\u00a0apoyar iniciativas que se orienten a la postulaci\u00f3n al concurso y en generar vinculaci\u00f3n entre acad\u00e9micos e investigadores para potenciar las propuestas.<\/p>\n<p>En la jornada, la Unidad de Innovaci\u00f3n Social, comparti\u00f3 su experiencia de trabajo a trav\u00e9s del Convenio de Desempe\u00f1o que le estableci\u00f3, enfatizando en la importancia de los aspectos territoriales del trabajo y la vinculaci\u00f3n con el medio.<\/p>\n<p>La actividad cont\u00f3 con la presencia de acad\u00e9micos e investigadores de diversas \u00e1reas y l\u00edneas de investigaci\u00f3n, entre quienes se encontraban la participaci\u00f3n de la decana (S) de la Facultad de Ingenier\u00eda, Ver\u00f3nica Meza Ram\u00edrez y la recientemente reelecta decana de la\u00a0Facultad de Ciencias de la Salud, Mirta Crovetto Mattassi.<\/p>\n<p>El desarrollo de esta actividad, busca cumplir con el objetivo de la Vicerrector\u00eda de Investigaci\u00f3n, Postgrado e Innovaci\u00f3n, de aumentar la concursabilidad de proyectos vinculados a I+D+i.<\/p>\n","protected":false},"excerpt":{"rendered":"<p>Se realiz\u00f3 el jueves 18 de mayo en el edificio de Ciencias e Ingenier\u00eda.<\/p>\n","protected":false},"author":1,"featured_media":87679,"comment_status":"closed","ping_status":"open","sticky":false,"template":"","format":"standard","meta":{"_et_pb_use_builder":"","_et_pb_old_content":"","_et_gb_content_width":"","footnotes":""},"categories":[13],"tags":[],"class_list":["post-92349","post","type-post","status-publish","format-standard","has-post-thumbnail","hentry","category-noticias"],"_links":{"self":[{"href":"https:\/\/www.upla.cl\/investigacion\/wp-json\/wp\/v2\/posts\/92349","targetHints":{"allow":["GET"]}}],"collection":[{"href":"https:\/\/www.upla.cl\/investigacion\/wp-json\/wp\/v2\/posts"}],"about":[{"href":"https:\/\/www.upla.cl\/investigacion\/wp-json\/wp\/v2\/types\/post"}],"author":[{"embeddable":true,"href":"https:\/\/www.upla.cl\/investigacion\/wp-json\/wp\/v2\/users\/1"}],"replies":[{"embeddable":true,"href":"https:\/\/www.upla.cl\/investigacion\/wp-json\/wp\/v2\/comments?post=92349"}],"version-history":[{"count":1,"href":"https:\/\/www.upla.cl\/investigacion\/wp-json\/wp\/v2\/posts\/92349\/revisions"}],"predecessor-version":[{"id":92352,"href":"https:\/\/www.upla.cl\/investigacion\/wp-json\/wp\/v2\/posts\/92349\/revisions\/92352"}],"wp:featuredmedia":[{"embeddable":true,"href":"https:\/\/www.upla.cl\/investigacion\/wp-json\/wp\/v2\/media\/87679"}],"wp:attachment":[{"href":"https:\/\/www.upla.cl\/investigacion\/wp-json\/wp\/v2\/media?parent=92349"}],"wp:term":[{"taxonomy":"category","embeddable":true,"href":"https:\/\/www.upla.cl\/investigacion\/wp-json\/wp\/v2\/categories?post=92349"},{"taxonomy":"post_tag","embeddable":true,"href":"https:\/\/www.upla.cl\/investigacion\/wp-json\/wp\/v2\/tags?post=92349"}],"curies":[{"name":"wp","href":"https:\/\/api.w.org\/{rel}","templated":true}]}}