{"id":92321,"date":"2017-05-01T14:11:24","date_gmt":"2017-05-01T18:11:24","guid":{"rendered":"http:\/\/www.upla.cl\/investigacion\/?p=92321"},"modified":"2017-05-01T14:11:49","modified_gmt":"2017-05-01T18:11:49","slug":"invitan-a-participar-de-charla-informativa-sobre-septimo-concurso-viu","status":"publish","type":"post","link":"https:\/\/www.upla.cl\/investigacion\/2017\/05\/01\/invitan-a-participar-de-charla-informativa-sobre-septimo-concurso-viu\/","title":{"rendered":"Invitan a participar de charla informativa sobre S\u00e9ptimo Concurso VIU"},"content":{"rendered":"<p>La Direcci\u00f3n General de Investigaci\u00f3n de la Universidad de Playa Ancha extiende la invitaci\u00f3n de su par de la Universidad de Valpara\u00edso, para participar de una\u00a0charla informativa sobre el <a title=\"VII Concurso de Valorizaci\u00f3n de la Investigaci\u00f3n en la Universidad (VIU)\" href=\"http:\/\/www.conicyt.cl\/fondef\/2017\/04\/24\/septimo-concurso-de-valorizacion-de-la-investigacion-en-la-universidad\/\" target=\"_blank\" rel=\"noopener noreferrer\">VII Concurso de Valorizaci\u00f3n de la Investigaci\u00f3n en la Universidad (VIU)<\/a>,\u00a0organizado por el Programa FONDEF de CONICYT.<\/p>\n<p>La actividad se realizar\u00e1 el\u00a0<strong>lunes 8 de mayo\u00a0a las\u00a015.15 horas\u00a0en la\u00a0Sala Music\u00e1mara\u00a0del Centro de Extensi\u00f3n de la Universidad de Valpara\u00edso<\/strong> (Err\u00e1zuriz 1108, Valpara\u00edso).<\/p>\n<p>Este concurso est\u00e1 dirigido a quienes cumplan con los siguientes requisitos:<\/p>\n<ul>\n<li>Ser, o haber sido alumno(a) regular de pregrado de una universidad chilena acreditada, en que su memoria o proyecto de titulaci\u00f3n est\u00e9 en proceso de t\u00e9rmino, y que se comprometan a entregarlas para su revisi\u00f3n final a la universidad en un plazo no superior a 6 meses a contar de la fecha de la convocatoria o en que esa memoria o proyecto de titulaci\u00f3n haya sido aprobado dentro de los \u00faltimos 12 meses contados hacia atr\u00e1s de la fecha de convocatoria del Concurso, o<\/li>\n<li>Ser, o haber sido alumno(a) regular de un posgrado acreditado que est\u00e9 desarrollando una tesis o memoria, o haberlo sido de un programa de posgrado acreditado en el que se haya desarrollado y aprobado una tesis en los \u00faltimos 12 meses anteriores a la fecha de apertura de la convocatoria, o que se comprometan a entregarlas para su revisi\u00f3n final a la universidad en un plazo no superior a 12 meses a contar de la fecha de la convocatoria.<\/li>\n<\/ul>\n<p>Interesados en participar, pueden inscribirse a trav\u00e9s de este formulario en l\u00ednea:<\/p>\n<p><iframe loading=\"lazy\" src=\"https:\/\/docs.google.com\/a\/upla.cl\/forms\/d\/e\/1FAIpQLSfC3sBJiBmeDoo1YxaCTlrXD8tSNulF4UC5KaP4JMzUMMcJzw\/viewform?embedded=true#start=embed\" width=\"1100\" height=\"1080\" frameborder=\"0\" marginwidth=\"0\" marginheight=\"0\">Cargando&#8230;<\/iframe><\/p>\n","protected":false},"excerpt":{"rendered":"<p>La actividad se realizar\u00e1 el lunes 8 de mayo a las 15.15 horas en la Sala Music\u00e1mara del Centro de Extensi\u00f3n de la Universidad de Valpara\u00edso.<\/p>\n","protected":false},"author":1,"featured_media":92323,"comment_status":"closed","ping_status":"open","sticky":false,"template":"","format":"standard","meta":{"_et_pb_use_builder":"","_et_pb_old_content":"","_et_gb_content_width":"","footnotes":""},"categories":[13],"tags":[],"class_list":["post-92321","post","type-post","status-publish","format-standard","has-post-thumbnail","hentry","category-noticias"],"_links":{"self":[{"href":"https:\/\/www.upla.cl\/investigacion\/wp-json\/wp\/v2\/posts\/92321","targetHints":{"allow":["GET"]}}],"collection":[{"href":"https:\/\/www.upla.cl\/investigacion\/wp-json\/wp\/v2\/posts"}],"about":[{"href":"https:\/\/www.upla.cl\/investigacion\/wp-json\/wp\/v2\/types\/post"}],"author":[{"embeddable":true,"href":"https:\/\/www.upla.cl\/investigacion\/wp-json\/wp\/v2\/users\/1"}],"replies":[{"embeddable":true,"href":"https:\/\/www.upla.cl\/investigacion\/wp-json\/wp\/v2\/comments?post=92321"}],"version-history":[{"count":3,"href":"https:\/\/www.upla.cl\/investigacion\/wp-json\/wp\/v2\/posts\/92321\/revisions"}],"predecessor-version":[{"id":92325,"href":"https:\/\/www.upla.cl\/investigacion\/wp-json\/wp\/v2\/posts\/92321\/revisions\/92325"}],"wp:featuredmedia":[{"embeddable":true,"href":"https:\/\/www.upla.cl\/investigacion\/wp-json\/wp\/v2\/media\/92323"}],"wp:attachment":[{"href":"https:\/\/www.upla.cl\/investigacion\/wp-json\/wp\/v2\/media?parent=92321"}],"wp:term":[{"taxonomy":"category","embeddable":true,"href":"https:\/\/www.upla.cl\/investigacion\/wp-json\/wp\/v2\/categories?post=92321"},{"taxonomy":"post_tag","embeddable":true,"href":"https:\/\/www.upla.cl\/investigacion\/wp-json\/wp\/v2\/tags?post=92321"}],"curies":[{"name":"wp","href":"https:\/\/api.w.org\/{rel}","templated":true}]}}