{"id":92317,"date":"2017-04-27T10:00:24","date_gmt":"2017-04-27T14:00:24","guid":{"rendered":"http:\/\/www.upla.cl\/investigacion\/?p=92317"},"modified":"2017-04-27T10:00:24","modified_gmt":"2017-04-27T14:00:24","slug":"museo-de-la-memoria-invita-a-participar-del-concurso-tesis-de-derechos-humanos","status":"publish","type":"post","link":"https:\/\/www.upla.cl\/investigacion\/2017\/04\/27\/museo-de-la-memoria-invita-a-participar-del-concurso-tesis-de-derechos-humanos\/","title":{"rendered":"Museo de la Memoria invita a participar del Concurso Tesis de Derechos Humanos"},"content":{"rendered":"<p>La Direcci\u00f3n General de Investigaci\u00f3n informa que el Museo de la Memoria y los Derechos Humanos inicia el per\u00edodo de postulaci\u00f3n a la sexta convocatoria del Concurso de Tesis, destinada a promover la utilizaci\u00f3n del patrimonio material e inmaterial del museo en la investigaci\u00f3n sobre derechos humanos y memoria.<\/p>\n<p>Este concurso est\u00e1 dirigido a estudiantes de pregrado, mag\u00edster o doctorado de universidades nacionales o extranjeras y su objetivo principal es contribuir a la generaci\u00f3n de conocimiento y reflexi\u00f3n sobre las violaciones a los derechos humanos ocurridas durante la dictadura (1973-1990) y los procesos de memoria generados a partir de este per\u00edodo.<\/p>\n<p>Se seleccionar\u00e1n diez trabajos que tendr\u00e1n acceso a las colecciones del museo y recibir\u00e1n un est\u00edmulo econ\u00f3mico para desarrollar su investigaci\u00f3n, adem\u00e1s, el jurado de la convocatoria elegir\u00e1 una de las tesis y\/o memorias para ser publicada en la Colecci\u00f3n Tesis de Memoria del Museo.<\/p>\n<h3>Bases y formulario<\/h3>\n<p><a title=\"Museo de la Memoria\" href=\"http:\/\/www.museodelamemoria.cl\" target=\"_blank\" rel=\"noopener noreferrer\">Museodelamemoria.cl<\/a><\/p>\n<p>Las investigaciones deben enviarse hasta el mi\u00e9rcoles 31 de mayo de 2017. La entrega de los resultados se realizar\u00e1 el 30 de junio.<\/p>\n<h3>M\u00e1s informaci\u00f3n<\/h3>\n<p><a title=\"concursotesis@museodelamemoria.cl\" href=\"mailto:concursotesis@museodelamemoria.cl\" target=\"_blank\" rel=\"noopener noreferrer\">concursotesis@museodelamemoria.cl<\/a><\/p>\n","protected":false},"excerpt":{"rendered":"<p>Este concurso est\u00e1 dirigido a estudiantes de pregrado, mag\u00edster o doctorado de universidades nacionales o extranjeras.<\/p>\n","protected":false},"author":1,"featured_media":92100,"comment_status":"closed","ping_status":"open","sticky":false,"template":"","format":"standard","meta":{"_et_pb_use_builder":"","_et_pb_old_content":"","_et_gb_content_width":"","footnotes":""},"categories":[13],"tags":[],"class_list":["post-92317","post","type-post","status-publish","format-standard","has-post-thumbnail","hentry","category-noticias"],"_links":{"self":[{"href":"https:\/\/www.upla.cl\/investigacion\/wp-json\/wp\/v2\/posts\/92317","targetHints":{"allow":["GET"]}}],"collection":[{"href":"https:\/\/www.upla.cl\/investigacion\/wp-json\/wp\/v2\/posts"}],"about":[{"href":"https:\/\/www.upla.cl\/investigacion\/wp-json\/wp\/v2\/types\/post"}],"author":[{"embeddable":true,"href":"https:\/\/www.upla.cl\/investigacion\/wp-json\/wp\/v2\/users\/1"}],"replies":[{"embeddable":true,"href":"https:\/\/www.upla.cl\/investigacion\/wp-json\/wp\/v2\/comments?post=92317"}],"version-history":[{"count":1,"href":"https:\/\/www.upla.cl\/investigacion\/wp-json\/wp\/v2\/posts\/92317\/revisions"}],"predecessor-version":[{"id":92318,"href":"https:\/\/www.upla.cl\/investigacion\/wp-json\/wp\/v2\/posts\/92317\/revisions\/92318"}],"wp:featuredmedia":[{"embeddable":true,"href":"https:\/\/www.upla.cl\/investigacion\/wp-json\/wp\/v2\/media\/92100"}],"wp:attachment":[{"href":"https:\/\/www.upla.cl\/investigacion\/wp-json\/wp\/v2\/media?parent=92317"}],"wp:term":[{"taxonomy":"category","embeddable":true,"href":"https:\/\/www.upla.cl\/investigacion\/wp-json\/wp\/v2\/categories?post=92317"},{"taxonomy":"post_tag","embeddable":true,"href":"https:\/\/www.upla.cl\/investigacion\/wp-json\/wp\/v2\/tags?post=92317"}],"curies":[{"name":"wp","href":"https:\/\/api.w.org\/{rel}","templated":true}]}}