{"id":92311,"date":"2017-04-25T13:06:52","date_gmt":"2017-04-25T17:06:52","guid":{"rendered":"http:\/\/www.upla.cl\/investigacion\/?p=92311"},"modified":"2017-04-25T13:06:52","modified_gmt":"2017-04-25T17:06:52","slug":"invitan-a-participar-en-encuentro-latinoamericano-de-eciencia","status":"publish","type":"post","link":"https:\/\/www.upla.cl\/investigacion\/2017\/04\/25\/invitan-a-participar-en-encuentro-latinoamericano-de-eciencia\/","title":{"rendered":"Invitan a participar en Encuentro Latinoamericano de eCiencia"},"content":{"rendered":"<p>El <strong>proyecto BELLA-T (Building the Europe Link to Latin America, Construyendo el enlace de Europa con Am\u00e9rica Latina)<\/strong> tiene por objetivo lograr una mejora significativa a largo plazo de la red en Sudam\u00e9rica- RedCLARA-, permiti\u00e9ndole a las redes nacionales de Am\u00e9rica Latina y a los grupos de investigaci\u00f3n que las integran, el acceso de directo y de alta velocidad a las capacidades ofrecidas por el cable submarino que se instalar\u00e1 entre Europa y la regi\u00f3n.<\/p>\n<p><img loading=\"lazy\" decoding=\"async\" class=\"alignright\" src=\"https:\/\/eventos.redclara.net\/indico\/event\/788\/logo\" alt=\"Encuentro Latinoamericano de eCiencia BELLA-T\" width=\"160\" height=\"160\" \/>Con el <a title=\"Encuentro Latinoamericano de eCiencia\" href=\"https:\/\/eventos.redclara.net\/indico\/event\/788\/overview\" target=\"_blank\" rel=\"noopener noreferrer\">Encuentro Latinoamericano de eCiencia<\/a>\u00a0que se realizar\u00e1 entre los d\u00edas 3 y 5 de julio en San Jos\u00e9 de Costa Rica, BELLA-T busca ofrecer un nuevo espacio para el intercambio de conocimientos y buenas pr\u00e1cticas en el uso de Tecnolog\u00eda de informaci\u00f3n y comunicaciones (TIC) en las labores de investigaci\u00f3n, con vistas a contribuir a la mejora y optimizaci\u00f3n de la gesti\u00f3n y quehacer de los grupos cient\u00edficos de la regi\u00f3n.<\/p>\n<p>Para quienes quieran participar de la convocatoria de trabajos, el plazo de env\u00edo es hasta las 00.00\u00a0horas GMT del s\u00e1bado 29 de abril, siendo las tem\u00e1ticas prioritarias las siguientes:<\/p>\n<ul>\n<li>Biodiversidad.<\/li>\n<li>e-Salud.<\/li>\n<li>Medioambiente.<\/li>\n<li>Astronom\u00eda.<\/li>\n<li>Arte y cultura en red.<\/li>\n<li>F\u00edsica de altas energ\u00edas: aceleradores de part\u00edculas.<\/li>\n<\/ul>\n<p>M\u00e1s informaci\u00f3n se puede revisar en la web del Encuentro: <a title=\"Encuentro Latinoamericano de eCiencia BELLA-T\" href=\"https:\/\/eventos.redclara.net\/indico\/event\/788\/overview\" target=\"_blank\" rel=\"noopener noreferrer\">https:\/\/eventos.redclara.net\/indico\/event\/788\/overview<\/a><\/p>\n","protected":false},"excerpt":{"rendered":"<p>Jornada se realizar\u00e1 entre el 3 y el 5 de julio en San Jos\u00e9 de Costa Rica.<\/p>\n","protected":false},"author":1,"featured_media":92312,"comment_status":"closed","ping_status":"open","sticky":false,"template":"","format":"standard","meta":{"_et_pb_use_builder":"","_et_pb_old_content":"","_et_gb_content_width":"","footnotes":""},"categories":[13],"tags":[],"class_list":["post-92311","post","type-post","status-publish","format-standard","has-post-thumbnail","hentry","category-noticias"],"_links":{"self":[{"href":"https:\/\/www.upla.cl\/investigacion\/wp-json\/wp\/v2\/posts\/92311","targetHints":{"allow":["GET"]}}],"collection":[{"href":"https:\/\/www.upla.cl\/investigacion\/wp-json\/wp\/v2\/posts"}],"about":[{"href":"https:\/\/www.upla.cl\/investigacion\/wp-json\/wp\/v2\/types\/post"}],"author":[{"embeddable":true,"href":"https:\/\/www.upla.cl\/investigacion\/wp-json\/wp\/v2\/users\/1"}],"replies":[{"embeddable":true,"href":"https:\/\/www.upla.cl\/investigacion\/wp-json\/wp\/v2\/comments?post=92311"}],"version-history":[{"count":1,"href":"https:\/\/www.upla.cl\/investigacion\/wp-json\/wp\/v2\/posts\/92311\/revisions"}],"predecessor-version":[{"id":92313,"href":"https:\/\/www.upla.cl\/investigacion\/wp-json\/wp\/v2\/posts\/92311\/revisions\/92313"}],"wp:featuredmedia":[{"embeddable":true,"href":"https:\/\/www.upla.cl\/investigacion\/wp-json\/wp\/v2\/media\/92312"}],"wp:attachment":[{"href":"https:\/\/www.upla.cl\/investigacion\/wp-json\/wp\/v2\/media?parent=92311"}],"wp:term":[{"taxonomy":"category","embeddable":true,"href":"https:\/\/www.upla.cl\/investigacion\/wp-json\/wp\/v2\/categories?post=92311"},{"taxonomy":"post_tag","embeddable":true,"href":"https:\/\/www.upla.cl\/investigacion\/wp-json\/wp\/v2\/tags?post=92311"}],"curies":[{"name":"wp","href":"https:\/\/api.w.org\/{rel}","templated":true}]}}