{"id":92283,"date":"2017-04-05T11:36:26","date_gmt":"2017-04-05T14:36:26","guid":{"rendered":"http:\/\/www.upla.cl\/investigacion\/?p=92283"},"modified":"2017-04-17T09:31:50","modified_gmt":"2017-04-17T12:31:50","slug":"12-de-abril-cierre-de-recepcion-de-antecedentes-para-concurso-de-atraccion-de-capital-humano-avanzado-del-extranjero-modalidad-estadias-cortas-mec","status":"publish","type":"post","link":"https:\/\/www.upla.cl\/investigacion\/2017\/04\/05\/12-de-abril-cierre-de-recepcion-de-antecedentes-para-concurso-de-atraccion-de-capital-humano-avanzado-del-extranjero-modalidad-estadias-cortas-mec\/","title":{"rendered":"12 de abril: Cierre de recepci\u00f3n de antecedentes para Concurso de Atracci\u00f3n de Capital Humano Avanzado del Extranjero, Modalidad Estad\u00edas Cortas (MEC)"},"content":{"rendered":"<p>El concurso est\u00e1 destinado a financiar estad\u00edas de corta duraci\u00f3n de cient\u00edficos\/as de excelencia del extranjero en Chile, en universidades acreditadas regionales,\u00a0a fin de fortalecer en especial el postgrado y la investigaci\u00f3n, en colaboraci\u00f3n directa con investigadores y estudiantes chilenos.<\/p>\n<p>La estad\u00eda de el\/la cient\u00edfico\/a del extranjero tendr\u00e1 una duraci\u00f3n m\u00ednima de\u00a0dos (2) meses y una m\u00e1xima de diez (10) meses. La estad\u00eda se podr\u00e1 dividir en m\u00f3dulos de duraci\u00f3n m\u00ednima de un (1) mes cada uno y estos deber\u00e1n realizarse en un plazo que no podr\u00e1 exceder los dieciocho (18) meses contados a partir del inicio de la estad\u00eda.<\/p>\n<p>Las estad\u00edas deber\u00e1n comenzar entre\u00a0marzo y diciembre de 2018.<\/p>\n<p>M\u00e1s informaci\u00f3n en <a title=\"Conycit.cl\" href=\"http:\/\/www.conicyt.cl\/pci\/2017\/01\/concurso-de-atraccion-de-capital-humano-avanzado-del-extranjero-modalidad-estadias-cortas-mec\/\" target=\"_blank\" rel=\"noopener\">Conycit.cl<\/a><\/p>\n<p>Si bien los plazos de la convocatoria por parte de la organizaci\u00f3n convocante precisan que la fecha m\u00e1xima es el 21 de abril, la Direcci\u00f3n General de Investigaci\u00f3n de la Universidad recuerda que es preciso entregar los antecedentes el 12 de abril, a fin de solicitar patrocinio o apoyo institucional.<\/p>\n","protected":false},"excerpt":{"rendered":"<p>El principal objetivo de esta convocatoria es fortalecer en especial el postgrado y la investigaci\u00f3n, en colaboraci\u00f3n directa con investigadores y estudiantes chilenos.<\/p>\n","protected":false},"author":1,"featured_media":92284,"comment_status":"closed","ping_status":"open","sticky":false,"template":"","format":"standard","meta":{"_et_pb_use_builder":"","_et_pb_old_content":"","_et_gb_content_width":"","footnotes":""},"categories":[13],"tags":[],"class_list":["post-92283","post","type-post","status-publish","format-standard","has-post-thumbnail","hentry","category-noticias"],"_links":{"self":[{"href":"https:\/\/www.upla.cl\/investigacion\/wp-json\/wp\/v2\/posts\/92283","targetHints":{"allow":["GET"]}}],"collection":[{"href":"https:\/\/www.upla.cl\/investigacion\/wp-json\/wp\/v2\/posts"}],"about":[{"href":"https:\/\/www.upla.cl\/investigacion\/wp-json\/wp\/v2\/types\/post"}],"author":[{"embeddable":true,"href":"https:\/\/www.upla.cl\/investigacion\/wp-json\/wp\/v2\/users\/1"}],"replies":[{"embeddable":true,"href":"https:\/\/www.upla.cl\/investigacion\/wp-json\/wp\/v2\/comments?post=92283"}],"version-history":[{"count":1,"href":"https:\/\/www.upla.cl\/investigacion\/wp-json\/wp\/v2\/posts\/92283\/revisions"}],"predecessor-version":[{"id":92285,"href":"https:\/\/www.upla.cl\/investigacion\/wp-json\/wp\/v2\/posts\/92283\/revisions\/92285"}],"wp:featuredmedia":[{"embeddable":true,"href":"https:\/\/www.upla.cl\/investigacion\/wp-json\/wp\/v2\/media\/92284"}],"wp:attachment":[{"href":"https:\/\/www.upla.cl\/investigacion\/wp-json\/wp\/v2\/media?parent=92283"}],"wp:term":[{"taxonomy":"category","embeddable":true,"href":"https:\/\/www.upla.cl\/investigacion\/wp-json\/wp\/v2\/categories?post=92283"},{"taxonomy":"post_tag","embeddable":true,"href":"https:\/\/www.upla.cl\/investigacion\/wp-json\/wp\/v2\/tags?post=92283"}],"curies":[{"name":"wp","href":"https:\/\/api.w.org\/{rel}","templated":true}]}}