{"id":92241,"date":"2017-03-06T16:43:13","date_gmt":"2017-03-06T19:43:13","guid":{"rendered":"http:\/\/www.upla.cl\/investigacion\/?p=92241"},"modified":"2017-03-06T16:43:13","modified_gmt":"2017-03-06T19:43:13","slug":"iniciativa-cientifica-milenio-abrira-concursos-para-institutos-y-nucleos-de-ciencias-naturales-y-exactas-y-ciencias-sociales","status":"publish","type":"post","link":"https:\/\/www.upla.cl\/investigacion\/2017\/03\/06\/iniciativa-cientifica-milenio-abrira-concursos-para-institutos-y-nucleos-de-ciencias-naturales-y-exactas-y-ciencias-sociales\/","title":{"rendered":"Iniciativa Cient\u00edfica Milenio abrir\u00e1 concursos para institutos y n\u00facleos de Ciencias Naturales y Exactas y Ciencias Sociales"},"content":{"rendered":"<p>La directora general de Investigaci\u00f3n, Mar\u00eda Jacqueline Rojas R\u00edos informa a la comunidad universitaria que la <a title=\"Iniciativa Cient\u00edfica Milenio\" href=\"http:\/\/www.iniciativamilenio.cl\/\" target=\"_blank\" rel=\"noopener\">Iniciativa Cient\u00edfica Milenio<\/a>, programa dependiente del Ministerio de Econom\u00eda, Fomento y Turismo, d<strong>urante el a\u00f1o 2017 abrir\u00e1 tres\u00a0concursos durante el primer semestre para Institutos de Ciencias Naturales y Exactas, N\u00facleos de Ciencias Sociales y N\u00facleos de Ciencias Naturales y Exactas<\/strong>, en fechas que se dar\u00e1n a conocer a trav\u00e9s de su sitio web.<\/p>\n<p>Seg\u00fan adelant\u00f3 la doctora Rojas, las postulaciones para estos concursos deber\u00e1n realizarse a trav\u00e9s de una nueva plataforma en l\u00ednea, la que tiene por objetivo ser m\u00e1s eficiente en cuanto a la entrega de informaci\u00f3n y m\u00e1s f\u00e1cil de utilizar por parte de los postulantes. En esta misma plataforma la instituci\u00f3n patrocinante podr\u00e1 aprobar o rechazar una postulaci\u00f3n.<\/p>\n<p>En cuanto la organizaci\u00f3n rebele fechas y otros antecedentes para las convocatorias se transmitir\u00e1n detalles para los investigadores y gestores interesados.<\/p>\n","protected":false},"excerpt":{"rendered":"<p>Directora general de investigaci\u00f3n espera que la convocatoria se realice el primer semestre de 2017.<\/p>\n","protected":false},"author":1,"featured_media":91566,"comment_status":"closed","ping_status":"open","sticky":false,"template":"","format":"standard","meta":{"_et_pb_use_builder":"","_et_pb_old_content":"","_et_gb_content_width":"","footnotes":""},"categories":[13],"tags":[],"class_list":["post-92241","post","type-post","status-publish","format-standard","has-post-thumbnail","hentry","category-noticias"],"_links":{"self":[{"href":"https:\/\/www.upla.cl\/investigacion\/wp-json\/wp\/v2\/posts\/92241","targetHints":{"allow":["GET"]}}],"collection":[{"href":"https:\/\/www.upla.cl\/investigacion\/wp-json\/wp\/v2\/posts"}],"about":[{"href":"https:\/\/www.upla.cl\/investigacion\/wp-json\/wp\/v2\/types\/post"}],"author":[{"embeddable":true,"href":"https:\/\/www.upla.cl\/investigacion\/wp-json\/wp\/v2\/users\/1"}],"replies":[{"embeddable":true,"href":"https:\/\/www.upla.cl\/investigacion\/wp-json\/wp\/v2\/comments?post=92241"}],"version-history":[{"count":1,"href":"https:\/\/www.upla.cl\/investigacion\/wp-json\/wp\/v2\/posts\/92241\/revisions"}],"predecessor-version":[{"id":92242,"href":"https:\/\/www.upla.cl\/investigacion\/wp-json\/wp\/v2\/posts\/92241\/revisions\/92242"}],"wp:featuredmedia":[{"embeddable":true,"href":"https:\/\/www.upla.cl\/investigacion\/wp-json\/wp\/v2\/media\/91566"}],"wp:attachment":[{"href":"https:\/\/www.upla.cl\/investigacion\/wp-json\/wp\/v2\/media?parent=92241"}],"wp:term":[{"taxonomy":"category","embeddable":true,"href":"https:\/\/www.upla.cl\/investigacion\/wp-json\/wp\/v2\/categories?post=92241"},{"taxonomy":"post_tag","embeddable":true,"href":"https:\/\/www.upla.cl\/investigacion\/wp-json\/wp\/v2\/tags?post=92241"}],"curies":[{"name":"wp","href":"https:\/\/api.w.org\/{rel}","templated":true}]}}