{"id":92052,"date":"2016-10-13T12:32:49","date_gmt":"2016-10-13T15:32:49","guid":{"rendered":"http:\/\/www.upla.cl\/noticias\/?p=92052"},"modified":"2016-10-14T16:41:49","modified_gmt":"2016-10-14T19:41:49","slug":"academicos-oscar-caneo-y-hugo-vergara-reciben-titulo-de-doctor","status":"publish","type":"post","link":"https:\/\/www.upla.cl\/investigacion\/2016\/10\/13\/academicos-oscar-caneo-y-hugo-vergara-reciben-titulo-de-doctor\/","title":{"rendered":"Acad\u00e9micos Oscar Caneo y Hugo Vergara reciben t\u00edtulo de doctor"},"content":{"rendered":"<p><a href=\"http:\/\/www.upla.cl\/noticias\/wp-content\/uploads\/2016\/10\/entrega-titulos-doctor6-e1476372341519.jpg\"><img loading=\"lazy\" decoding=\"async\" class=\"wp-image-92057 alignleft\" src=\"http:\/\/www.upla.cl\/noticias\/wp-content\/uploads\/2016\/10\/entrega-titulos-doctor6-e1476372341519.jpg\" alt=\"entrega-titulos-doctor6\" width=\"197\" height=\"131\" \/><\/a>Muy satisfechos y orgullosos por el \u00e9xito acad\u00e9mico logrado, el que se hizo patente con la recepci\u00f3n de sus diplomas que los acreditan como doctores de la <strong>Universidad de Oviedo,<\/strong> se manifestaron los acad\u00e9micos <strong>Oscar Caneo Salinas, de la Facultad de Ciencias Naturales y Exactas y Hugo Vergara Astudillo de la Facultad de Arte<\/strong> de nuestra universidad.<\/p>\n<p><a href=\"http:\/\/www.upla.cl\/noticias\/wp-content\/uploads\/2016\/10\/entrega-titulos-doctor7-e1476372069429.jpg\"><img loading=\"lazy\" decoding=\"async\" class=\" wp-image-92055 alignright\" src=\"http:\/\/www.upla.cl\/noticias\/wp-content\/uploads\/2016\/10\/entrega-titulos-doctor7-300x200.jpg\" alt=\"entrega-titulos-doctor7\" width=\"156\" height=\"104\" \/><\/a>Los diplomas fueron enviados por el acad\u00e9mico de la universidad espa\u00f1ola <strong>Fernando Ram\u00f3n P\u00e9rez P\u00e9rez,<\/strong> director de las tesis doctorales de ambos acad\u00e9micos. Los t\u00edtulos fueron recibidos por el rector de la <strong>UPLA, Patricio Sanhueza Vivanco<\/strong> quien, en una sencilla ceremonia, los entreg\u00f3 a los profesores.<\/p>\n<p><a href=\"http:\/\/www.upla.cl\/noticias\/wp-content\/uploads\/2016\/10\/entrega-titulos-doctor13.jpg\"><img loading=\"lazy\" decoding=\"async\" class=\" wp-image-92056 alignleft\" src=\"http:\/\/www.upla.cl\/noticias\/wp-content\/uploads\/2016\/10\/entrega-titulos-doctor13-300x200.jpg\" alt=\"entrega-titulos-doctor13\" width=\"149\" height=\"99\" \/><\/a>Tanto <strong>Oscar Caneo<\/strong> como <strong>Hugo Vergara,<\/strong> expresaron su alegr\u00eda por el recibimiento de sus diplomas y la culminaci\u00f3n de su etapa de especializaci\u00f3n en el programa de <strong>Did\u00e1ctica en Ciencias de la Educaci\u00f3n <\/strong>impartido por la <strong>Universidad de Oviedo.<\/strong><\/p>\n<p>El rector, a su vez, felicit\u00f3 a los nuevos doctores y destac\u00f3 que este grado los posiciona en otra etapa del desarrollo acad\u00e9mico, otorg\u00e1ndole un valor agregado a su desarrollo acad\u00e9mico y tambi\u00e9n a nuestra casa de estudio.<\/p>\n","protected":false},"excerpt":{"rendered":"<p>Universidad de Oviedo envi\u00f3 los documentos que fueron entregados por el rector Patricio Sanhueza.<\/p>\n","protected":false},"author":1,"featured_media":92128,"comment_status":"closed","ping_status":"closed","sticky":false,"template":"","format":"standard","meta":{"_et_pb_use_builder":"","_et_pb_old_content":"","_et_gb_content_width":"","footnotes":""},"categories":[13],"tags":[],"class_list":["post-92052","post","type-post","status-publish","format-standard","has-post-thumbnail","hentry","category-noticias"],"_links":{"self":[{"href":"https:\/\/www.upla.cl\/investigacion\/wp-json\/wp\/v2\/posts\/92052","targetHints":{"allow":["GET"]}}],"collection":[{"href":"https:\/\/www.upla.cl\/investigacion\/wp-json\/wp\/v2\/posts"}],"about":[{"href":"https:\/\/www.upla.cl\/investigacion\/wp-json\/wp\/v2\/types\/post"}],"author":[{"embeddable":true,"href":"https:\/\/www.upla.cl\/investigacion\/wp-json\/wp\/v2\/users\/1"}],"replies":[{"embeddable":true,"href":"https:\/\/www.upla.cl\/investigacion\/wp-json\/wp\/v2\/comments?post=92052"}],"version-history":[{"count":1,"href":"https:\/\/www.upla.cl\/investigacion\/wp-json\/wp\/v2\/posts\/92052\/revisions"}],"predecessor-version":[{"id":92120,"href":"https:\/\/www.upla.cl\/investigacion\/wp-json\/wp\/v2\/posts\/92052\/revisions\/92120"}],"wp:featuredmedia":[{"embeddable":true,"href":"https:\/\/www.upla.cl\/investigacion\/wp-json\/wp\/v2\/media\/92128"}],"wp:attachment":[{"href":"https:\/\/www.upla.cl\/investigacion\/wp-json\/wp\/v2\/media?parent=92052"}],"wp:term":[{"taxonomy":"category","embeddable":true,"href":"https:\/\/www.upla.cl\/investigacion\/wp-json\/wp\/v2\/categories?post=92052"},{"taxonomy":"post_tag","embeddable":true,"href":"https:\/\/www.upla.cl\/investigacion\/wp-json\/wp\/v2\/tags?post=92052"}],"curies":[{"name":"wp","href":"https:\/\/api.w.org\/{rel}","templated":true}]}}