{"id":91739,"date":"2016-09-13T08:35:48","date_gmt":"2016-09-13T11:35:48","guid":{"rendered":"http:\/\/www.upla.cl\/noticias\/?p=90947"},"modified":"2016-09-13T08:35:48","modified_gmt":"2016-09-13T11:35:48","slug":"invitan-a-la-comunidad-a-construir-archivo-fotografico-de-playa-ancha-2","status":"publish","type":"post","link":"https:\/\/www.upla.cl\/investigacion\/2016\/09\/13\/invitan-a-la-comunidad-a-construir-archivo-fotografico-de-playa-ancha-2\/","title":{"rendered":"Invitan a la comunidad a construir archivo fotogr\u00e1fico de Playa Ancha"},"content":{"rendered":"<p><a href=\"http:\/\/www.upla.cl\/noticias\/wp-content\/uploads\/2016\/09\/archivo_fotografico_cdplayancha_2.jpg\"><img loading=\"lazy\" decoding=\"async\" class=\"alignright size-medium wp-image-90950\" src=\"http:\/\/www.upla.cl\/noticias\/wp-content\/uploads\/2016\/09\/archivo_fotografico_cdplayancha_2-300x203.jpg\" alt=\"archivo_fotografico_cdplayancha_2\" width=\"300\" height=\"203\" \/><\/a>Hasta fines de octubre, hay plazo para que vecinos, estudiantes y personas en general, participen en la convocatoria del<strong> proyecto \u201cPlaya Ancha a la vista\u201d<\/strong>, iniciativa que invita a la comunidad a compartir a trav\u00e9s del sitio web <a href=\"http:\/\/www.soyplayanchino.cl\" target=\"_blank\" rel=\"noopener\">www.soyplayanchino.cl<\/a>, fotograf\u00edas representativas de este popular cerro porte\u00f1o.<\/p>\n<p>La idea surge de los profesores de la carrera de Dise\u00f1o Gr\u00e1fico de la Universidad de Playa Ancha (UPLA), <strong>Guido Olivares<\/strong> y <strong>\u00c1lvaro Huirimilla<\/strong>, quienes desde 2014 trabajan junto a los estudiantes <strong>Iv\u00e1n Toledo<\/strong> y <strong>Maritza Rivera<\/strong> en la construcci\u00f3n de un archivo fotogr\u00e1fico para poner en valor el patrimonio y la identidad de los diversos barrios de la denominada \u201cRep\u00fablica Independiente\u201d, un concepto que, de hecho, se busca fundamentar y potenciar.<\/p>\n<p><a href=\"http:\/\/www.upla.cl\/noticias\/wp-content\/uploads\/2016\/09\/archivo_fotografico_cdplayancha_4.jpg\"><img loading=\"lazy\" decoding=\"async\" class=\"alignright size-medium wp-image-90952\" src=\"http:\/\/www.upla.cl\/noticias\/wp-content\/uploads\/2016\/09\/archivo_fotografico_cdplayancha_4-300x200.jpg\" alt=\"archivo_fotografico_cdplayancha_4\" width=\"300\" height=\"200\" \/><\/a>Se trata de una propuesta impulsada a trav\u00e9s del <strong>Convenio de Desempe\u00f1o \u201cInnovaci\u00f3n Social para el desarrollo territorial de Playa Ancha\u201d<\/strong> -implementado por la UPLA y financiado por el Ministerio de Educaci\u00f3n- cuya finalidad ha sido justamente llevar a cabo diferentes instancias de vinculaci\u00f3n entre la Casa de Estudios y su entorno playanchino.<\/p>\n<p>\u201cMediante la participaci\u00f3n y el aporte de las personas podemos construir colectivamente esta mirada, por ello es importante la participaci\u00f3n amplia, de ese modo nos aseguramos que muchas \u2018voces\u2019 se expresen en torno a lo que cada uno reconoce como elementos que identifican a Playa Ancha\u201d, manifest\u00f3 el <strong>profesor Guido Olivares, investigador responsable del proyecto<\/strong>.<\/p>\n<p><a href=\"http:\/\/www.upla.cl\/noticias\/wp-content\/uploads\/2016\/09\/archivo_fotografico_cdplayancha_3.jpg\"><img loading=\"lazy\" decoding=\"async\" class=\"alignright size-medium wp-image-90951\" src=\"http:\/\/www.upla.cl\/noticias\/wp-content\/uploads\/2016\/09\/archivo_fotografico_cdplayancha_3-300x200.jpg\" alt=\"archivo_fotografico_cdplayancha_3\" width=\"300\" height=\"200\" \/><\/a>Las im\u00e1genes se deben subir al sitio web <a href=\"http:\/\/www.soyplayanchino.cl\" target=\"_blank\" rel=\"noopener\">soyplayanchino.cl<\/a>, donde ya hay cerca de 200 de diferentes caracter\u00edsticas, algunas con un enfoque m\u00e1s documental de algunas costumbres, actividades propias de Playa Ancha y otras m\u00e1s art\u00edsticas, que realzan personajes y lugares t\u00edpicos del territorio.<\/p>\n<p>Sin embargo, la iniciativa no s\u00f3lo apunta a que la gente publique sus fotos, sino tambi\u00e9n a que las comenten, ya que todo lo que resulte de este proceso, ser\u00e1 plasmado en un libro.<\/p>\n<p>Cabe se\u00f1alar que durante el tiempo de ejecuci\u00f3n de \u201cPlaya Ancha a la vista\u201d, se han realizado diferentes actividades de difusi\u00f3n en los establecimientos educacionales del cerro, en la Biblioteca P\u00fablica y en el Telecentro y Cesfam de Puertas Negras.<\/p>\n","protected":false},"excerpt":{"rendered":"<p>Esta propuesta nace de acad\u00e9micos de la carrera de Dise\u00f1o Gr\u00e1fico de la UPLA y es impulsada a trav\u00e9s de un Convenio de Desempe\u00f1o, financiado por el Ministerio de Educaci\u00f3n.  <\/p>\n","protected":false},"author":1,"featured_media":90949,"comment_status":"closed","ping_status":"closed","sticky":false,"template":"","format":"standard","meta":{"_et_pb_use_builder":"","_et_pb_old_content":"","_et_gb_content_width":"","footnotes":""},"categories":[13],"tags":[56],"class_list":["post-91739","post","type-post","status-publish","format-standard","has-post-thumbnail","hentry","category-noticias","tag-upa-1301"],"_links":{"self":[{"href":"https:\/\/www.upla.cl\/investigacion\/wp-json\/wp\/v2\/posts\/91739","targetHints":{"allow":["GET"]}}],"collection":[{"href":"https:\/\/www.upla.cl\/investigacion\/wp-json\/wp\/v2\/posts"}],"about":[{"href":"https:\/\/www.upla.cl\/investigacion\/wp-json\/wp\/v2\/types\/post"}],"author":[{"embeddable":true,"href":"https:\/\/www.upla.cl\/investigacion\/wp-json\/wp\/v2\/users\/1"}],"replies":[{"embeddable":true,"href":"https:\/\/www.upla.cl\/investigacion\/wp-json\/wp\/v2\/comments?post=91739"}],"version-history":[{"count":0,"href":"https:\/\/www.upla.cl\/investigacion\/wp-json\/wp\/v2\/posts\/91739\/revisions"}],"wp:featuredmedia":[{"embeddable":true,"href":"https:\/\/www.upla.cl\/investigacion\/wp-json\/"}],"wp:attachment":[{"href":"https:\/\/www.upla.cl\/investigacion\/wp-json\/wp\/v2\/media?parent=91739"}],"wp:term":[{"taxonomy":"category","embeddable":true,"href":"https:\/\/www.upla.cl\/investigacion\/wp-json\/wp\/v2\/categories?post=91739"},{"taxonomy":"post_tag","embeddable":true,"href":"https:\/\/www.upla.cl\/investigacion\/wp-json\/wp\/v2\/tags?post=91739"}],"curies":[{"name":"wp","href":"https:\/\/api.w.org\/{rel}","templated":true}]}}