{"id":91364,"date":"2016-09-29T12:17:47","date_gmt":"2016-09-29T15:17:47","guid":{"rendered":"http:\/\/www.upla.cl\/noticias\/?p=91364"},"modified":"2016-10-03T20:52:00","modified_gmt":"2016-10-03T23:52:00","slug":"decana-mirta-crovetto-participo-en-congreso-internacional-de-nutricionistas","status":"publish","type":"post","link":"https:\/\/www.upla.cl\/investigacion\/2016\/09\/29\/decana-mirta-crovetto-participo-en-congreso-internacional-de-nutricionistas\/","title":{"rendered":"Decana Mirta Crovetto particip\u00f3 en congreso internacional de nutricionistas"},"content":{"rendered":"<p><a href=\"http:\/\/www.upla.cl\/noticias\/wp-content\/uploads\/2016\/09\/Decana-Crovetto-congreso-espa\u00f1a-.jpg\"><img loading=\"lazy\" decoding=\"async\" class=\"alignright wp-image-91367 size-medium\" src=\"http:\/\/www.upla.cl\/noticias\/wp-content\/uploads\/2016\/09\/Decana-Crovetto-congreso-espa\u00f1a--262x300.jpg\" alt=\"decana-crovetto-congreso-espana\" width=\"262\" height=\"300\" \/><\/a>Una nutrida agenda de trabajo cumpli\u00f3 la <strong>Decana de la Facultad de Ciencias de la Salud de la UPLA, Mirta Crovetto,<\/strong> en el marco de su participaci\u00f3n en el <strong>17 Congreso Internacional de Dietistas (ICD)<\/strong> realizado recientemente en <strong>Granada, Espa\u00f1a.<\/strong><\/p>\n<p>La Decana particip\u00f3, en primer lugar, como conferencista en la mesa redonda <strong>\u201cAlimentaci\u00f3n sustentable y enfermedades no transmisibles\u201d,<\/strong> con la ponencia titulada: <strong>\u201cDieta y cambios en los patrones alimentarios y su relaci\u00f3n con las enfermedades cr\u00f3nicas no trasmisibles en Chile\u201d,<\/strong> tem\u00e1tica que forma parte de su l\u00ednea investigativa, teniendo la oportunidad de retroalimentarse con especialistas en nutrici\u00f3n de pa\u00edses como India, Suiza e Israel.<\/p>\n<p><a href=\"http:\/\/www.upla.cl\/noticias\/wp-content\/uploads\/2016\/09\/Decana-Crovetto-congreso-espa\u00f1a-3-1.jpg\"><img loading=\"lazy\" decoding=\"async\" class=\"alignleft wp-image-91369 size-medium\" src=\"http:\/\/www.upla.cl\/noticias\/wp-content\/uploads\/2016\/09\/Decana-Crovetto-congreso-espa\u00f1a-3-1-176x300.jpg\" alt=\"decana-crovetto-congreso-espana-3\" width=\"176\" height=\"300\" \/><\/a>Tambi\u00e9n presidi\u00f3 el panel denominado <strong>\u201cDietista &#8211; Nutricionistas en la Atenci\u00f3n Diet\u00e9tica de la Poblaci\u00f3n<\/strong>\u201d, en que profesionales del \u00e1rea provenientes de <strong>Canad\u00e1, Grecia e Israel p<\/strong>resentaron la dietoterapia aplicada a la obesidad, diabetes y s\u00edndrome metab\u00f3lico.<\/p>\n<p>Paralelamente, dos trabajos de investigaciones realizadas en formato posters: <strong>Recommendations from the World Cancer Research Fund (WCRF) and the case of Chile y Nutritional status and food patterns children ( as) transition level integra gardens of Valparaiso, Chile,<\/strong> fueron seleccionados para ser exhibidos durante el desarrollo de este congreso.<\/p>\n<p>Finalmente, en su calidad de presidenta del <strong>Colegio de Nutricionistas Universitarios de Chile,<\/strong> regi\u00f3n de Valpara\u00edso y past president del <strong>Colegio Nacional<\/strong>, particip\u00f3 en reuniones que abordaron aspectos gremiales y disciplinares de la profesi\u00f3n. Tambi\u00e9n concurri\u00f3 a encuentros con la <strong>Red Iberoamericana de Nutricionistas y Dietistas<\/strong> y realiz\u00f3 las gestiones para incorporar a la <strong>carrera de nutrici\u00f3n y diet\u00e9tica de la Facultad de Ciencias de la Salud<\/strong> a la red internacional de carreras de esta especialidad.<\/p>\n","protected":false},"excerpt":{"rendered":"<p>Autoridad m\u00e1xima de la facultad de Ciencias de la Salud particip\u00f3 como panelista, moderadora y form\u00f3 alianzas con redes internacionales de la especialidad, entre otras actividades.<\/p>\n","protected":false},"author":1,"featured_media":91646,"comment_status":"closed","ping_status":"closed","sticky":false,"template":"","format":"standard","meta":{"_et_pb_use_builder":"","_et_pb_old_content":"","_et_gb_content_width":"","footnotes":""},"categories":[13],"tags":[],"class_list":["post-91364","post","type-post","status-publish","format-standard","has-post-thumbnail","hentry","category-noticias"],"_links":{"self":[{"href":"https:\/\/www.upla.cl\/investigacion\/wp-json\/wp\/v2\/posts\/91364","targetHints":{"allow":["GET"]}}],"collection":[{"href":"https:\/\/www.upla.cl\/investigacion\/wp-json\/wp\/v2\/posts"}],"about":[{"href":"https:\/\/www.upla.cl\/investigacion\/wp-json\/wp\/v2\/types\/post"}],"author":[{"embeddable":true,"href":"https:\/\/www.upla.cl\/investigacion\/wp-json\/wp\/v2\/users\/1"}],"replies":[{"embeddable":true,"href":"https:\/\/www.upla.cl\/investigacion\/wp-json\/wp\/v2\/comments?post=91364"}],"version-history":[{"count":1,"href":"https:\/\/www.upla.cl\/investigacion\/wp-json\/wp\/v2\/posts\/91364\/revisions"}],"predecessor-version":[{"id":91647,"href":"https:\/\/www.upla.cl\/investigacion\/wp-json\/wp\/v2\/posts\/91364\/revisions\/91647"}],"wp:featuredmedia":[{"embeddable":true,"href":"https:\/\/www.upla.cl\/investigacion\/wp-json\/wp\/v2\/media\/91646"}],"wp:attachment":[{"href":"https:\/\/www.upla.cl\/investigacion\/wp-json\/wp\/v2\/media?parent=91364"}],"wp:term":[{"taxonomy":"category","embeddable":true,"href":"https:\/\/www.upla.cl\/investigacion\/wp-json\/wp\/v2\/categories?post=91364"},{"taxonomy":"post_tag","embeddable":true,"href":"https:\/\/www.upla.cl\/investigacion\/wp-json\/wp\/v2\/tags?post=91364"}],"curies":[{"name":"wp","href":"https:\/\/api.w.org\/{rel}","templated":true}]}}