{"id":90204,"date":"2016-08-30T08:00:17","date_gmt":"2016-08-30T12:00:17","guid":{"rendered":"http:\/\/www.upla.cl\/noticias\/?p=90204"},"modified":"2016-08-30T08:00:17","modified_gmt":"2016-08-30T12:00:17","slug":"proponen-playas-artificiales-para-proteger-los-servicios-ambientales-de-las-naturales","status":"publish","type":"post","link":"https:\/\/www.upla.cl\/investigacion\/2016\/08\/30\/proponen-playas-artificiales-para-proteger-los-servicios-ambientales-de-las-naturales\/","title":{"rendered":"Proponen playas artificiales para proteger los servicios ambientales de las naturales"},"content":{"rendered":"<p><a href=\"http:\/\/www.upla.cl\/noticias\/wp-content\/uploads\/2016\/08\/playa-artificial.jpg\"><img loading=\"lazy\" decoding=\"async\" class=\"aligncenter size-full wp-image-90212\" src=\"http:\/\/www.upla.cl\/noticias\/wp-content\/uploads\/2016\/08\/playa-artificial.jpg\" alt=\"playa artificial\" width=\"640\" height=\"426\" \/><\/a>Modificar el concepto de turismo de playa ante oleajes extremos producidos por el cambio clim\u00e1tico, y considerar la construcci\u00f3n de playas artificiales o piscinas con olas, fue la propuesta del <strong>ocean\u00f3grafo y acad\u00e9mico de la Universidad Aut\u00f3noma Metropolitana, Unidad Xochimilco, M\u00e9xico, Dr. Javier Aldeco Ram\u00edrez<\/strong>, en el <strong>coloquio \u201cZonas Costeras\u201d<\/strong> realizado en la Universidad de Playa Ancha.<\/p>\n<p><a href=\"http:\/\/www.upla.cl\/noticias\/wp-content\/uploads\/2016\/08\/Dr.-Javier-Aldeco_upla.jpg\"><img loading=\"lazy\" decoding=\"async\" class=\"alignright size-medium wp-image-90215\" src=\"http:\/\/www.upla.cl\/noticias\/wp-content\/uploads\/2016\/08\/Dr.-Javier-Aldeco_upla-300x181.jpg\" alt=\"Dr. Javier Aldeco_upla\" width=\"300\" height=\"181\" \/><\/a>En el<strong> Centro de Estudios Avanzados (CEA)<\/strong> de esta casa de estudios, el Dr. Aldeco explic\u00f3 que en los pr\u00f3ximos 50 a\u00f1os la energ\u00eda del oleaje aumentar\u00e1, as\u00ed como se elevar\u00e1 en 2 grados Celsius la temperatura de los oc\u00e9anos, situaci\u00f3n que impactar\u00e1 en los destinos tur\u00edsticos, afectando la infraestructura y operaciones del servicio hotelero.<\/p>\n<p>\u201cEl alto oleaje barre la arena y deshace las estructuras de la costa. Para su reparaci\u00f3n se trae arena de regiones lejanas, acabando con la flora y fauna de la playa original. A veces, el relleno de playas es <a href=\"http:\/\/www.upla.cl\/noticias\/wp-content\/uploads\/2016\/08\/relleno-de-arena-en-playa-natural.jpg\"><img loading=\"lazy\" decoding=\"async\" class=\"alignright size-medium wp-image-90213\" src=\"http:\/\/www.upla.cl\/noticias\/wp-content\/uploads\/2016\/08\/relleno-de-arena-en-playa-natural-300x195.jpg\" alt=\"relleno de arena en playa natural\" width=\"300\" height=\"195\" \/><\/a>financiado por la administraci\u00f3n local, con recursos de los mismos usuarios, resultando un gasto costoso por cada vez que ocurren estos eventos\u201d, dijo el ocean\u00f3grafo.<\/p>\n<p>En M\u00e9xico el turismo en bah\u00edas cerradas se ha extendido a playas abiertas, expuestas al oleaje y huracanes, invadiendo terrenos utilizados por otros sectores como el pesquero. \u201cEl punto es que estas playas dan servicios ambientales, es decir, generan nutrientes, hay moradores referidos a organismos vivos como jaibas, almejas o tortugas. Cuando llegan las grandes hoteleras esto desaparece y los antiguos usuarios de dichas riquezas quedan despojados de ellas\u201d.<\/p>\n<p><a href=\"http:\/\/www.upla.cl\/noticias\/wp-content\/uploads\/2016\/08\/Dr.-Javier-Aldeco_2_upla.jpg\"><img loading=\"lazy\" decoding=\"async\" class=\"alignright size-medium wp-image-90214\" src=\"http:\/\/www.upla.cl\/noticias\/wp-content\/uploads\/2016\/08\/Dr.-Javier-Aldeco_2_upla-300x154.jpg\" alt=\"Dr. Javier Aldeco_2_upla\" width=\"300\" height=\"154\" \/><\/a>La idea, manifest\u00f3\u00a0el acad\u00e9mico mexicano, es ver un nuevo uso de las playas, sin afectar el entorno natural.<\/p>\n<p>\u201cEstoy proponiendo el uso de playas artificiales, que en M\u00e9xico ya existen y en Antofagasta tambi\u00e9n, as\u00ed como centros acu\u00e1ticos con olas. Las playas artificiales no afectan los servicios ambientales. En ellas hay m\u00e1s control de la calidad del agua y entonces, el beneficio a la sociedad se sigue dando, pero respetamos el entorno natural\u201d, precis\u00f3.<\/p>\n<p><a href=\"http:\/\/www.upla.cl\/noticias\/wp-content\/uploads\/2016\/08\/piscina-con-oleaje.jpg\"><img loading=\"lazy\" decoding=\"async\" class=\"alignright size-medium wp-image-90211\" src=\"http:\/\/www.upla.cl\/noticias\/wp-content\/uploads\/2016\/08\/piscina-con-oleaje-300x180.jpg\" alt=\"piscina con oleaje\" width=\"300\" height=\"180\" \/><\/a>Se trata de que el mismo turista acceda a estos espacios y que el gobierno incentive la construcci\u00f3n de dichas obras.<\/p>\n<p>\u201cLos servicios ambientales a la regi\u00f3n, a la naturaleza y a la conservaci\u00f3n de especies se van a mantener. Eso es lo que se est\u00e1 ganando y ojal\u00e1 las compa\u00f1\u00edas hoteleras invirtieran m\u00e1s en los entornos de las regiones donde se desarrollan. El valor del principio del respeto y la equidad es lo que debiera primar\u201d, sostuvo Aldeco.<\/p>\n<h5><strong>Trabajo en humedales<\/strong><\/h5>\n<p>La estada corta del ocean\u00f3grafo en la UPLA respondi\u00f3 al convenio de colaboraci\u00f3n firmado en 2015 entre esta instituci\u00f3n y la Universidad Aut\u00f3noma Metropolitana, Unidad Xochimilco, M\u00e9xico.<\/p>\n<p>Actualmente, acad\u00e9micos e investigadores de ambas entidades trabajan en proyectos en conjunto, con el objetivo de escribir un trabajo comparativo sobre humedales costeros de Chile, como El Yali y Mandinga en M\u00e9xico, de manera de evaluar el impacto del cambio clim\u00e1tico sobre lagunas costeras.<\/p>\n<p>Dicho estudio lo efect\u00faa el Dr. Aldeco junto al Dr. Manuel Contreras, investigador del CEA y docente de la Facultad de Ingenier\u00eda\u00a0de la UPLA.<\/p>\n","protected":false},"excerpt":{"rendered":"<p>Ocean\u00f3grafo y acad\u00e9mico de la Universidad Aut\u00f3noma Metropolitana, Unidad Xochimilco, M\u00e9xico, Dr. Javier Aldeco Ram\u00edrez, expuso en el CEA.<\/p>\n","protected":false},"author":1,"featured_media":90212,"comment_status":"closed","ping_status":"closed","sticky":false,"template":"","format":"standard","meta":{"_et_pb_use_builder":"","_et_pb_old_content":"","_et_gb_content_width":"","footnotes":""},"categories":[13],"tags":[],"class_list":["post-90204","post","type-post","status-publish","format-standard","has-post-thumbnail","hentry","category-noticias"],"_links":{"self":[{"href":"https:\/\/www.upla.cl\/investigacion\/wp-json\/wp\/v2\/posts\/90204","targetHints":{"allow":["GET"]}}],"collection":[{"href":"https:\/\/www.upla.cl\/investigacion\/wp-json\/wp\/v2\/posts"}],"about":[{"href":"https:\/\/www.upla.cl\/investigacion\/wp-json\/wp\/v2\/types\/post"}],"author":[{"embeddable":true,"href":"https:\/\/www.upla.cl\/investigacion\/wp-json\/wp\/v2\/users\/1"}],"replies":[{"embeddable":true,"href":"https:\/\/www.upla.cl\/investigacion\/wp-json\/wp\/v2\/comments?post=90204"}],"version-history":[{"count":0,"href":"https:\/\/www.upla.cl\/investigacion\/wp-json\/wp\/v2\/posts\/90204\/revisions"}],"wp:featuredmedia":[{"embeddable":true,"href":"https:\/\/www.upla.cl\/investigacion\/wp-json\/"}],"wp:attachment":[{"href":"https:\/\/www.upla.cl\/investigacion\/wp-json\/wp\/v2\/media?parent=90204"}],"wp:term":[{"taxonomy":"category","embeddable":true,"href":"https:\/\/www.upla.cl\/investigacion\/wp-json\/wp\/v2\/categories?post=90204"},{"taxonomy":"post_tag","embeddable":true,"href":"https:\/\/www.upla.cl\/investigacion\/wp-json\/wp\/v2\/tags?post=90204"}],"curies":[{"name":"wp","href":"https:\/\/api.w.org\/{rel}","templated":true}]}}