{"id":90138,"date":"2016-08-26T15:10:44","date_gmt":"2016-08-26T19:10:44","guid":{"rendered":"http:\/\/www.upla.cl\/noticias\/?p=90138"},"modified":"2016-08-26T15:10:44","modified_gmt":"2016-08-26T19:10:44","slug":"academico-upla-participa-en-taller-de-imaginacion-moral-en-la-universidad-del-pacifico-de-peru","status":"publish","type":"post","link":"https:\/\/www.upla.cl\/investigacion\/2016\/08\/26\/academico-upla-participa-en-taller-de-imaginacion-moral-en-la-universidad-del-pacifico-de-peru\/","title":{"rendered":"Acad\u00e9mico UPLA participa en Taller de Imaginaci\u00f3n Moral en la Universidad del Pac\u00edfico de Per\u00fa"},"content":{"rendered":"<p><a href=\"http:\/\/www.upla.cl\/noticias\/wp-content\/uploads\/2016\/08\/taller-Universidad-de-Peru-acad\u00e9mico-humanidades.jpg\"><img loading=\"lazy\" decoding=\"async\" class=\"aligncenter size-full wp-image-90140\" src=\"http:\/\/www.upla.cl\/noticias\/wp-content\/uploads\/2016\/08\/taller-Universidad-de-Peru-acad\u00e9mico-humanidades.jpg\" alt=\"taller Universidad de Peru acad\u00e9mico humanidades\" width=\"640\" height=\"249\" \/><\/a>El alcance de la imaginaci\u00f3n moral en la formaci\u00f3n de docente universitarios fue la tem\u00e1tica central del <strong>\u201cTaller de Imaginaci\u00f3n Moral\u201d<\/strong> que se realiz\u00f3 en la <strong>Universidad del Pac\u00edfico de Lima, Per\u00fa<\/strong>, instancia que cont\u00f3 con la participaci\u00f3n del acad\u00e9mico Departamento de Filosof\u00eda de la <strong>Facultad de Humanidades de la UPLA, Dr. Pablo Mart\u00ednez Becerra,<\/strong> en la que adem\u00e1s estuvo presente el destacado especialista nacional en \u00e9tica aplicada, <strong>Dr. Mauricio Correa Casanova.<\/strong><\/p>\n<p>Los principales expositores de este taller fueron <strong>Fran\u00e7ois Vallaeys de la Universidad del Pac\u00edfico y Queralt Prat i Pubill de Saint Gallen University,<\/strong> quienes destacaron que la formaci\u00f3n integral \u00e9tica y ciudadana es de vital importancia para los futuros formadores, quienes necesitan estar preparados para asumir los desaf\u00edos axiol\u00f3gicos que los riesgos sociales y ambientales del ejercicio de la ciencia y la actividad profesional requieren, los que son de orden sist\u00e9mico, tanto locales como globales.<\/p>\n<p>Tambi\u00e9n, se dio a conocer la fundaci\u00f3n de la Red Latinoamericana de \u00c9ticas aplicadas, cuya gestaci\u00f3n nace gracias a los v\u00ednculos interuniversitarios establecidos en el <strong>I Congreso de \u00c9ticas Aplicadas (CIEA<\/strong>) celebrado en <strong>Santiago de Chile<\/strong>, a fines del a\u00f1o pasado, en el cual nuestra universidad se hizo presente como instituci\u00f3n patrocinadora.<\/p>\n","protected":false},"excerpt":{"rendered":"<p>Dr. Pablo Mart\u00ednez Becerra adem\u00e1s estuvo presente en la puesta en marcha de la Red Latinoamericana de \u00c9ticas Aplicadas.<\/p>\n","protected":false},"author":1,"featured_media":90140,"comment_status":"closed","ping_status":"closed","sticky":false,"template":"","format":"standard","meta":{"_et_pb_use_builder":"","_et_pb_old_content":"","_et_gb_content_width":"","footnotes":""},"categories":[13],"tags":[],"class_list":["post-90138","post","type-post","status-publish","format-standard","has-post-thumbnail","hentry","category-noticias"],"_links":{"self":[{"href":"https:\/\/www.upla.cl\/investigacion\/wp-json\/wp\/v2\/posts\/90138","targetHints":{"allow":["GET"]}}],"collection":[{"href":"https:\/\/www.upla.cl\/investigacion\/wp-json\/wp\/v2\/posts"}],"about":[{"href":"https:\/\/www.upla.cl\/investigacion\/wp-json\/wp\/v2\/types\/post"}],"author":[{"embeddable":true,"href":"https:\/\/www.upla.cl\/investigacion\/wp-json\/wp\/v2\/users\/1"}],"replies":[{"embeddable":true,"href":"https:\/\/www.upla.cl\/investigacion\/wp-json\/wp\/v2\/comments?post=90138"}],"version-history":[{"count":0,"href":"https:\/\/www.upla.cl\/investigacion\/wp-json\/wp\/v2\/posts\/90138\/revisions"}],"wp:featuredmedia":[{"embeddable":true,"href":"https:\/\/www.upla.cl\/investigacion\/wp-json\/"}],"wp:attachment":[{"href":"https:\/\/www.upla.cl\/investigacion\/wp-json\/wp\/v2\/media?parent=90138"}],"wp:term":[{"taxonomy":"category","embeddable":true,"href":"https:\/\/www.upla.cl\/investigacion\/wp-json\/wp\/v2\/categories?post=90138"},{"taxonomy":"post_tag","embeddable":true,"href":"https:\/\/www.upla.cl\/investigacion\/wp-json\/wp\/v2\/tags?post=90138"}],"curies":[{"name":"wp","href":"https:\/\/api.w.org\/{rel}","templated":true}]}}