{"id":89540,"date":"2016-08-10T17:02:30","date_gmt":"2016-08-10T21:02:30","guid":{"rendered":"http:\/\/www.upla.cl\/noticias\/?p=89540"},"modified":"2016-10-14T16:10:04","modified_gmt":"2016-10-14T19:10:04","slug":"abordaran-poetica-narrativa-y-estetica-de-la-escritora-diamela-eltit","status":"publish","type":"post","link":"https:\/\/www.upla.cl\/investigacion\/2016\/08\/10\/abordaran-poetica-narrativa-y-estetica-de-la-escritora-diamela-eltit\/","title":{"rendered":"Abordar\u00e1n po\u00e9tica narrativa y est\u00e9tica de la escritora Diamela Eltit"},"content":{"rendered":"<p><strong><a href=\"http:\/\/www.upla.cl\/noticias\/wp-content\/uploads\/2016\/08\/Laura-Scarabelli.jpg\"><img loading=\"lazy\" decoding=\"async\" class=\"alignleft size-full wp-image-89544\" src=\"http:\/\/www.upla.cl\/noticias\/wp-content\/uploads\/2016\/08\/Laura-Scarabelli.jpg\" alt=\"Laura Scarabelli\" width=\"200\" height=\"200\" \/><\/a><\/strong>Un conversatorio sobre sobre la po\u00e9tica narrativa y la est\u00e9tica de la transgresi\u00f3n de la escritora <strong>Diamela Eltit<\/strong> se realizar\u00e1 el viernes 12 agosto a las 16:30 horas en dependencias del <strong>Centro de Estudios Avanzados, CEA,<\/strong> de la universidad.<\/p>\n<p>La actividad, organizada por la coordinaci\u00f3n del programa de <strong>Doctorado en Literatura Hispanoamericana Contempor\u00e1nea,<\/strong> contar\u00e1 con la participaci\u00f3n de la <strong>Dra. Laura Scarabelli,<\/strong> acad\u00e9mica de la <strong>Universidad degli Studi de Mil\u00e1n, Italia.<\/strong><\/p>\n<p>La <strong>Dra. Scarabelli<\/strong> posee una destacada trayectoria en el \u00e1rea de la Lengua y Literatura hispanoamericana, comparada y extranjera. Sus investigaciones se centran en las formas de representaci\u00f3n del negro y la mulata en la narrativa antiesclavista cubana y de la obra de <strong>Alejo Carpentier<\/strong>, como tambi\u00e9n en la reflexi\u00f3n sobre la modernidad y posmodernidad de Am\u00e9rica latina.<\/p>\n<p>Actualmente, su \u00e1mbito de inter\u00e9s abarca el estudio de la narrativa de la postdictadura del <strong>Cono Sur (Chile)<\/strong> y de la producci\u00f3n literaria de la escritora chilena <strong>Diamela Eltit.<\/strong><\/p>\n","protected":false},"excerpt":{"rendered":"<p>Doctorado en Literatura Hispanoamericana Contempor\u00e1nea organiza actividad en la que participar\u00e1 la Dra. Laura Scarabelli de la Universidad degli  Studi  de Mil\u00e1n.<\/p>\n","protected":false},"author":1,"featured_media":91667,"comment_status":"closed","ping_status":"closed","sticky":false,"template":"","format":"standard","meta":{"_et_pb_use_builder":"","_et_pb_old_content":"","_et_gb_content_width":"","footnotes":""},"categories":[13],"tags":[],"class_list":["post-89540","post","type-post","status-publish","format-standard","has-post-thumbnail","hentry","category-noticias"],"_links":{"self":[{"href":"https:\/\/www.upla.cl\/investigacion\/wp-json\/wp\/v2\/posts\/89540","targetHints":{"allow":["GET"]}}],"collection":[{"href":"https:\/\/www.upla.cl\/investigacion\/wp-json\/wp\/v2\/posts"}],"about":[{"href":"https:\/\/www.upla.cl\/investigacion\/wp-json\/wp\/v2\/types\/post"}],"author":[{"embeddable":true,"href":"https:\/\/www.upla.cl\/investigacion\/wp-json\/wp\/v2\/users\/1"}],"replies":[{"embeddable":true,"href":"https:\/\/www.upla.cl\/investigacion\/wp-json\/wp\/v2\/comments?post=89540"}],"version-history":[{"count":1,"href":"https:\/\/www.upla.cl\/investigacion\/wp-json\/wp\/v2\/posts\/89540\/revisions"}],"predecessor-version":[{"id":92099,"href":"https:\/\/www.upla.cl\/investigacion\/wp-json\/wp\/v2\/posts\/89540\/revisions\/92099"}],"wp:featuredmedia":[{"embeddable":true,"href":"https:\/\/www.upla.cl\/investigacion\/wp-json\/wp\/v2\/media\/91667"}],"wp:attachment":[{"href":"https:\/\/www.upla.cl\/investigacion\/wp-json\/wp\/v2\/media?parent=89540"}],"wp:term":[{"taxonomy":"category","embeddable":true,"href":"https:\/\/www.upla.cl\/investigacion\/wp-json\/wp\/v2\/categories?post=89540"},{"taxonomy":"post_tag","embeddable":true,"href":"https:\/\/www.upla.cl\/investigacion\/wp-json\/wp\/v2\/tags?post=89540"}],"curies":[{"name":"wp","href":"https:\/\/api.w.org\/{rel}","templated":true}]}}