{"id":89492,"date":"2016-08-09T17:24:01","date_gmt":"2016-08-09T21:24:01","guid":{"rendered":"http:\/\/www.upla.cl\/noticias\/?p=89492"},"modified":"2016-10-14T16:11:02","modified_gmt":"2016-10-14T19:11:02","slug":"presentacion-de-numero-especial-de-otras-modernidades","status":"publish","type":"post","link":"https:\/\/www.upla.cl\/investigacion\/2016\/08\/09\/presentacion-de-numero-especial-de-otras-modernidades\/","title":{"rendered":"Presentaci\u00f3n de n\u00famero especial de \u00abOtras Modernidades\u00bb"},"content":{"rendered":"<p><a href=\"http:\/\/www.upla.cl\/noticias\/wp-content\/uploads\/2016\/08\/Invitaci\u00f3n.jpg\"><img loading=\"lazy\" decoding=\"async\" class=\"alignright size-medium wp-image-89499\" src=\"http:\/\/www.upla.cl\/noticias\/wp-content\/uploads\/2016\/08\/Invitaci\u00f3n-185x300.jpg\" alt=\"Invitaci\u00f3n\" width=\"185\" height=\"300\" \/><\/a>Este viernes 12, a las 12 horas, se realizar\u00e1 en la Universidad de Playa Ancha la presentaci\u00f3n de la revista \u00abOtras Modernidades\u00bb (Altre Modernit\u00e0), coeditada por expertos de esta casa de estudios y de la Universidad de Mil\u00e1n, Italia.<\/p>\n<p>Se trata de un n\u00famero especial de la revista electr\u00f3nica que habitualmente edita la Secci\u00f3n de Estudios Culturales de la Facultad de Letras de esa universidad italiana. Por la UPLA participaron el Centro de Estudios Avanzados y la Direcci\u00f3n General de Relaciones Internacionales.<\/p>\n<p>Trata sobre \u00abNuevos movimientos sociales. Pol\u00edtica y derecho a la educaci\u00f3n\u00bb, tem\u00e1tica que se recoge a trav\u00e9s de trabajos de 17 investigadores de Am\u00e9rica Latina y Europa (seis de ellos de la propia UPLA).<\/p>\n<p>En la presentaci\u00f3n, que tendr\u00e1 lugar en el Auditorio de la Facultad de Ciencias Naturales y Exactas, participar\u00e1n la doctora Laura Scarabelli, una de las coordinadoras de la publicaci\u00f3n en la Universidad de Mil\u00e1n; la doctora Mar\u00eda Ang\u00e9lica Oliva, una de las coordinadoras en la Universidad de Playa Ancha; y el doctor Ricardo Viscardi, de la Universidad de la Rep\u00fablica (Uruguay), quien aport\u00f3 uno de los ensayos de la revista.<\/p>\n<p>Invitan al encuentro acad\u00e9mico el rector Patricio Sanhueza Vivanco; el vicerrector de Investigaci\u00f3n, Postgrado e Innovaci\u00f3n, Daniel L\u00f3pez Stefoni; y el director general de Relaciones Internacionales, Jos\u00e9 Manuel Olivares.<\/p>\n<p>Los asistentes podr\u00e1n disfrutar de un c\u00f3ctel y de la m\u00fasica del pianista Nicol\u00e1s Galaz, acad\u00e9mico de la Facultad de Arte de nuestra universidad.<\/p>\n<p>&nbsp;<\/p>\n<p>&nbsp;<\/p>\n","protected":false},"excerpt":{"rendered":"<p>Revista fue editada en conjunto entre la Universidad de Playa Ancha y la Universidad de Mil\u00e1n, Italia.<\/p>\n","protected":false},"author":1,"featured_media":92100,"comment_status":"closed","ping_status":"closed","sticky":false,"template":"","format":"standard","meta":{"_et_pb_use_builder":"","_et_pb_old_content":"","_et_gb_content_width":"","footnotes":""},"categories":[13],"tags":[],"class_list":["post-89492","post","type-post","status-publish","format-standard","has-post-thumbnail","hentry","category-noticias"],"_links":{"self":[{"href":"https:\/\/www.upla.cl\/investigacion\/wp-json\/wp\/v2\/posts\/89492","targetHints":{"allow":["GET"]}}],"collection":[{"href":"https:\/\/www.upla.cl\/investigacion\/wp-json\/wp\/v2\/posts"}],"about":[{"href":"https:\/\/www.upla.cl\/investigacion\/wp-json\/wp\/v2\/types\/post"}],"author":[{"embeddable":true,"href":"https:\/\/www.upla.cl\/investigacion\/wp-json\/wp\/v2\/users\/1"}],"replies":[{"embeddable":true,"href":"https:\/\/www.upla.cl\/investigacion\/wp-json\/wp\/v2\/comments?post=89492"}],"version-history":[{"count":1,"href":"https:\/\/www.upla.cl\/investigacion\/wp-json\/wp\/v2\/posts\/89492\/revisions"}],"predecessor-version":[{"id":92101,"href":"https:\/\/www.upla.cl\/investigacion\/wp-json\/wp\/v2\/posts\/89492\/revisions\/92101"}],"wp:featuredmedia":[{"embeddable":true,"href":"https:\/\/www.upla.cl\/investigacion\/wp-json\/wp\/v2\/media\/92100"}],"wp:attachment":[{"href":"https:\/\/www.upla.cl\/investigacion\/wp-json\/wp\/v2\/media?parent=89492"}],"wp:term":[{"taxonomy":"category","embeddable":true,"href":"https:\/\/www.upla.cl\/investigacion\/wp-json\/wp\/v2\/categories?post=89492"},{"taxonomy":"post_tag","embeddable":true,"href":"https:\/\/www.upla.cl\/investigacion\/wp-json\/wp\/v2\/tags?post=89492"}],"curies":[{"name":"wp","href":"https:\/\/api.w.org\/{rel}","templated":true}]}}