{"id":1629,"date":"2007-09-06T16:34:53","date_gmt":"2007-09-06T20:34:53","guid":{"rendered":"http:\/\/sitios.upla.cl\/contenidos\/?p=1629"},"modified":"2007-09-06T16:34:53","modified_gmt":"2007-09-06T20:34:53","slug":"mundo-academico-publicara-en-revista-de-didactologia","status":"publish","type":"post","link":"https:\/\/www.upla.cl\/investigacion\/2007\/09\/06\/mundo-academico-publicara-en-revista-de-didactologia\/","title":{"rendered":"Mundo acad\u00e9mico publicar\u00e1 en Revista de Didactolog\u00eda"},"content":{"rendered":"<p>Con el prop\u00f3sito de publicar art\u00edculos acerca de las \u201cPol\u00edticas ling\u00fc\u00edsticas para el desarrollo nacional\u201d, la <strong>Revista de Did\u00e1ctica de las Lenguas y las Culturas Synergies Chile<\/strong> se encuentra en pleno proceso de convocatoria, dirigido a acad\u00e9micos de universidades chilenas, p\u00fablicas y privadas, interesados en exhibir sus trabajos en el volumen n\u00famero4, correspondiente al a\u00f1o 2008, del prestigioso medio.<\/p>\n<p>Esta nueva edici\u00f3n, a cargo del Agregado de Cooperaci\u00f3n de la Embajada de Francia en Chile,  Joseph Alonso (joseph.ALONSO@diplomatie.gouv.fr) y coordinada por el Director del Departamento de Ciencias del Lenguaje de la Universidad de Playa Ancha, \u00d3scar Valenzuela (oscar.valenzuela@upla.cl), es impulsada por el Grupo de Estudios e Investigaciones de Franc\u00e9s Lengua Internacional (GERFLINT).<\/p>\n<p>Los art\u00edculos son publicados con una versi\u00f3n en franc\u00e9s y espa\u00f1ol. Si el colaborador no es especialista en lengua francesa, puede presentar su trabajo en espa\u00f1ol. En caso de ser aceptado para su publicaci\u00f3n, el Comit\u00e9 Editorial dispondr\u00e1 su traducci\u00f3n al franc\u00e9s. <strong>El plazo de recepci\u00f3n de trabajos para el Volumen 5 vence el 31 de octubre de 2007.<\/strong><\/p>\n<p><em>Synergies Chili<\/em> es auspiciada por los siguientes organismos: Universidad Metropolitana de Ciencias de la Educaci\u00f3n, Universidad de Playa Ancha, Universidad de Concepci\u00f3n, Instituto Franco-Chileno de Santiago, Direcci\u00f3n de Relaciones Internacionales y de Cooperaci\u00f3n del Ministerio Franc\u00e9s de la Juventud, de la Educaci\u00f3n Nacional y de la Investigaci\u00f3n, Maison des Sciences de l\u2019Homme de Paris y FIAP Jean Monnet de Paris.<\/p>\n","protected":false},"excerpt":{"rendered":"<p>Con el prop\u00f3sito de publicar art\u00edculos acerca de las \u201cPol\u00edticas ling\u00fc\u00edsticas para el desarrollo nacional\u201d, la Revista de Did\u00e1ctica de las Lenguas y las Culturas Synergies Chile se encuentra en pleno proceso de convocatoria, dirigido a acad\u00e9micos de universidades chilenas, p\u00fablicas y privadas, interesados en exhibir sus trabajos en el volumen n\u00famero4, correspondiente al a\u00f1o [&hellip;]<\/p>\n","protected":false},"author":1,"featured_media":0,"comment_status":"closed","ping_status":"closed","sticky":false,"template":"","format":"standard","meta":{"_et_pb_use_builder":"","_et_pb_old_content":"","_et_gb_content_width":"","footnotes":""},"categories":[13],"tags":[],"class_list":["post-1629","post","type-post","status-publish","format-standard","hentry","category-noticias"],"_links":{"self":[{"href":"https:\/\/www.upla.cl\/investigacion\/wp-json\/wp\/v2\/posts\/1629","targetHints":{"allow":["GET"]}}],"collection":[{"href":"https:\/\/www.upla.cl\/investigacion\/wp-json\/wp\/v2\/posts"}],"about":[{"href":"https:\/\/www.upla.cl\/investigacion\/wp-json\/wp\/v2\/types\/post"}],"author":[{"embeddable":true,"href":"https:\/\/www.upla.cl\/investigacion\/wp-json\/wp\/v2\/users\/1"}],"replies":[{"embeddable":true,"href":"https:\/\/www.upla.cl\/investigacion\/wp-json\/wp\/v2\/comments?post=1629"}],"version-history":[{"count":0,"href":"https:\/\/www.upla.cl\/investigacion\/wp-json\/wp\/v2\/posts\/1629\/revisions"}],"wp:attachment":[{"href":"https:\/\/www.upla.cl\/investigacion\/wp-json\/wp\/v2\/media?parent=1629"}],"wp:term":[{"taxonomy":"category","embeddable":true,"href":"https:\/\/www.upla.cl\/investigacion\/wp-json\/wp\/v2\/categories?post=1629"},{"taxonomy":"post_tag","embeddable":true,"href":"https:\/\/www.upla.cl\/investigacion\/wp-json\/wp\/v2\/tags?post=1629"}],"curies":[{"name":"wp","href":"https:\/\/api.w.org\/{rel}","templated":true}]}}