{"id":154,"date":"2008-06-27T12:33:18","date_gmt":"2008-06-27T16:33:18","guid":{"rendered":"http:\/\/sitios.upla.cl\/contenidos\/?p=89"},"modified":"2008-06-27T12:33:18","modified_gmt":"2008-06-27T16:33:18","slug":"realizaron-jornada-de-investigacion-2008","status":"publish","type":"post","link":"https:\/\/www.upla.cl\/investigacion\/2008\/06\/27\/realizaron-jornada-de-investigacion-2008\/","title":{"rendered":"Realizaron Jornada de Investigaci\u00f3n 2008"},"content":{"rendered":"<p><a href=\"http:\/\/sitios.upla.cl\/contenidos\/wp-content\/uploads\/2008\/06\/investigacion.jpg\" target=\"_blank\" rel=\"noopener\"><img loading=\"lazy\" decoding=\"async\" class=\"alignright size-medium wp-image-90\" title=\"investigacion\" src=\"http:\/\/sitios.upla.cl\/contenidos\/wp-content\/uploads\/2008\/06\/investigacion-280x229.jpg\" alt=\"\" width=\"280\" height=\"229\" \/><\/a>Con el objetivo de exponer, intercambiar y analizar el quehacer intelectual del mundo acad\u00e9mico de la Universidad de Playa Ancha, en junio se realiz\u00f3 en la Sala Multimedios de la Casa Central la <strong><em>Jornada de Investigaci\u00f3n 2008<\/em><\/strong>, organizada por la Direcci\u00f3n General de Investigaci\u00f3n y Postgrado, que dirige la profesora, Dra. Marcela Prado Traverso.<\/p>\n<p>El espacio acad\u00e9mico reunir\u00e1 lo m\u00e1s importante del trabajo y an\u00e1lisis que los acad\u00e9micos han generado en torno a diversos tem\u00e1ticas del saber humano, entre las que destacan las vinculadas al artes, el proceso educativo, las ciencias exactas y sociales, el deporte, y otros temas de inter\u00e9s.<\/p>\n<p>A partir de 1992 la jornada universitaria se ha constituido en un importante espacio de reflexi\u00f3n, creaci\u00f3n y an\u00e1lisis intelectual, en el cual se han exhibido investigaciones en diversas disciplinas. Este a\u00f1o, se expondr\u00e1n 39 trabajos de investigaci\u00f3n de profesores pertenecientes a las facultades de Ciencias Naturales y Exactas, Educaci\u00f3n, Humanidades, Arte y Educaci\u00f3n F\u00edsica (ver programa adjunto).<\/p>\n<p><a href=\"http:\/\/sitios.upla.cl\/contenidos\/wp-content\/uploads\/2008\/06\/programacion-_modificada_.pdf\" target=\"_blank\" rel=\"noopener\">Ver exposiciones<\/a><\/p>\n","protected":false},"excerpt":{"rendered":"<p>Estudios y an\u00e1lisis cr\u00edticos realizados por acad\u00e9micos de nuestra Universidad fueron expuestos en junio.<\/p>\n","protected":false},"author":1,"featured_media":0,"comment_status":"closed","ping_status":"closed","sticky":false,"template":"","format":"standard","meta":{"_et_pb_use_builder":"","_et_pb_old_content":"","_et_gb_content_width":"","footnotes":""},"categories":[13],"tags":[],"class_list":["post-154","post","type-post","status-publish","format-standard","hentry","category-noticias"],"_links":{"self":[{"href":"https:\/\/www.upla.cl\/investigacion\/wp-json\/wp\/v2\/posts\/154","targetHints":{"allow":["GET"]}}],"collection":[{"href":"https:\/\/www.upla.cl\/investigacion\/wp-json\/wp\/v2\/posts"}],"about":[{"href":"https:\/\/www.upla.cl\/investigacion\/wp-json\/wp\/v2\/types\/post"}],"author":[{"embeddable":true,"href":"https:\/\/www.upla.cl\/investigacion\/wp-json\/wp\/v2\/users\/1"}],"replies":[{"embeddable":true,"href":"https:\/\/www.upla.cl\/investigacion\/wp-json\/wp\/v2\/comments?post=154"}],"version-history":[{"count":0,"href":"https:\/\/www.upla.cl\/investigacion\/wp-json\/wp\/v2\/posts\/154\/revisions"}],"wp:attachment":[{"href":"https:\/\/www.upla.cl\/investigacion\/wp-json\/wp\/v2\/media?parent=154"}],"wp:term":[{"taxonomy":"category","embeddable":true,"href":"https:\/\/www.upla.cl\/investigacion\/wp-json\/wp\/v2\/categories?post=154"},{"taxonomy":"post_tag","embeddable":true,"href":"https:\/\/www.upla.cl\/investigacion\/wp-json\/wp\/v2\/tags?post=154"}],"curies":[{"name":"wp","href":"https:\/\/api.w.org\/{rel}","templated":true}]}}