{"id":79448,"date":"2018-04-26T11:53:46","date_gmt":"2018-04-26T14:53:46","guid":{"rendered":"http:\/\/www.upla.cl\/institutotecnologico\/?p=79448"},"modified":"2018-05-22T12:16:34","modified_gmt":"2018-05-22T16:16:34","slug":"estudiante-del-instituto-tecnologico-gano-duatlon-del-complejo-penitenciario-de-valparaiso","status":"publish","type":"post","link":"https:\/\/www.upla.cl\/institutotecnologico\/2018\/04\/26\/estudiante-del-instituto-tecnologico-gano-duatlon-del-complejo-penitenciario-de-valparaiso\/","title":{"rendered":"Estudiante del Instituto Tecnol\u00f3gico gan\u00f3 duatl\u00f3n del Complejo Penitenciario de Valpara\u00edso"},"content":{"rendered":"<p>[et_pb_section bb_built=\u00bb1&#8243;][et_pb_row][et_pb_column type=\u00bb3_4&#8243;][et_pb_text]<\/p>\n<p>23 internos del Centro Penitenciario de Valpara\u00edso participaron el 25 de abril de la segunda edici\u00f3n de la corrida y primera duatl\u00f3n del recinto, actividad que contempl\u00f3 un circuito total de 8 kil\u00f3metros y en la que triunf\u00f3 el estudiante del Instituto Tecnol\u00f3gico Allan Banda.<\/p>\n<p>La actividad consisti\u00f3 en cuatro vueltas trotando alrededor de la l\u00ednea de fuego del CP Valpara\u00edso, -algo que en general no se habilita a los internos-, adem\u00e1s de cuatro vueltas m\u00e1s de bicicleta, las que fueron\u00a0aportadas por el <a href=\"https:\/\/movimientofuriososciclistas.cl\" target=\"_blank\" rel=\"noopener\">Movimiento Furiosos Ciclistas<\/a>, adem\u00e1s de una vuelta m\u00e1s de trote. Al antes mencionado estudiante interno de la UPLA, le secundaron\u00a0Joaqu\u00edn Campos y Juan Sandoval.<\/p>\n<p>En la ocasi\u00f3n, la secretaria regional ministerial de Justicia, Amaia Arraztoa Larrondo manifest\u00f3 que \u201cEn primer lugar me gustar\u00eda felicitar esta iniciativa,\u00a0que une a instituciones p\u00fablicas y privadas con un mismo fin, que es entregar un momento de\u00a0entretenimiento, deporte y vida sana, y trabajar por la reinserci\u00f3n social. El deporte es una<br \/>\nherramienta para cambiar el destino de muchas personas\u201d.<\/p>\n<p>La diputada Erika Olivera destac\u00f3\u00a0la iniciativa, precisando que \u00able\u00a0sirve mucho a los internos y a quienes presencian esto. Los chiquillos demostraron que disfrutan\u00a0con esto, que lo pasan bien y es rico compartir con ellos sobre todo en algo deporte. El deporte en\u00a0la vida de las personas significa mucho, y no solo en mantenerse bien sino como herramienta de\u00a0movilidad de superaci\u00f3n y eso es algo que ellos necesitan\u201d.<\/p>\n<p>Alan Banda, ganador de la competencia, es estudiante de segundo a\u00f1o de la carrera de T\u00e9cnico en Administraci\u00f3n Log\u00edstica del Instituto Tecnol\u00f3gico de la UPLA y al respecto detall\u00f3 que \u201cel a\u00f1o pasado sal\u00ed segundo en los 10 kil\u00f3metros, y esta vez pude ganar. Se lo dedico a mi hermano que est\u00e1 en el cielo. Lo m\u00e1s dif\u00edcil fue la \u00faltima vuelta, ya que ven\u00eda de cuatro vueltas en bicicleta. Di el m\u00e1ximo y pude ganar. Yo quer\u00eda llegar a la meta y estaba mentalmente preparado que pod\u00eda ganar y adem\u00e1s gan\u00e9 muchas apuestas que hab\u00eda hecho. Ojala esto se siga repitiendo. Es un poco de libertad que nos regalan, y el deporte hace muy bien\u201d.<\/p>\n<p>El coronel Eduardo Mu\u00f1oz, Director Regional de Gendarmer\u00eda, hizo un balance de la actividad al afirmar que\u00a0\u201cEsta es la segunda vez que se realiza esta actividad in\u00e9dita en Chile y tuvo una magnifica\u00a0organizaci\u00f3n. El desempe\u00f1o de los internos fue reconocido por todos as\u00ed que estamos muy\u00a0contentos. Todo lo que tenga que ver con la intervenci\u00f3n en arte, cultura y deporte siempre va ser\u00a0bienvenido por lo que son espacios que generan identidad, trabajo en equipo y responsabilidad\u201d.<\/p>\n<p>[\/et_pb_text][\/et_pb_column][et_pb_column type=\u00bb1_4&#8243;][et_pb_image admin_label=\u00bbImagen Duatl\u00f3n Complejo Penitenciario de Valpara\u00edso\u00bb _builder_version=\u00bb3.3.1&#8243; src=\u00bbhttps:\/\/www.upla.cl\/institutotecnologico\/wp-content\/uploads\/2018\/05\/IMG_4896-e1524842235446-1024&#215;531.jpg\u00bb show_in_lightbox=\u00bbon\u00bb use_overlay=\u00bbon\u00bb overlay_icon_color=\u00bb#ffffff\u00bb hover_overlay_color=\u00bbrgba(0,155,219,0.39)\u00bb hover_icon=\u00bb%%51%%\u00bb align=\u00bbright\u00bb force_fullwidth=\u00bbon\u00bb \/][et_pb_text _builder_version=\u00bb3.3.1&#8243;]<\/p>\n<h3>Organizaciones participantes<\/h3>\n<p>[\/et_pb_text][et_pb_button admin_label=\u00bbBot\u00f3n Triatletas\u00bb _builder_version=\u00bb3.3.1&#8243; button_text=\u00bbOrganizaci\u00f3n Deportiva Triatletas\u00bb button_url=\u00bb#\u00bb \/][et_pb_button admin_label=\u00bbBot\u00f3n Compressport\u00bb _builder_version=\u00bb3.3.1&#8243; button_text=\u00bbCompressport Chile\u00bb button_url=\u00bbhttp:\/\/www.compressportchile.cl\u00bb url_new_window=\u00bbon\u00bb \/][et_pb_button admin_label=\u00bbBot\u00f3n Furiosos\u00bb _builder_version=\u00bb3.3.1&#8243; button_text=\u00bbMovimiento Furiosos Ciclistas\u00bb button_url=\u00bbhttps:\/\/www.furiosos.cl\u00bb url_new_window=\u00bbon\u00bb \/][et_pb_button admin_label=\u00bbBot\u00f3n Gendarmer\u00eda\u00bb _builder_version=\u00bb3.3.1&#8243; button_text=\u00bbGendarmer\u00eda de Chile\u00bb button_url=\u00bbhttp:\/\/www.gendarmeria.gob.cl\u00bb url_new_window=\u00bbon\u00bb \/][et_pb_button admin_label=\u00bbBot\u00f3n IND\u00bb _builder_version=\u00bb3.3.1&#8243; button_text=\u00bbInstituto Nacional del Deporte (IND), \u00e1rea de Participaci\u00f3n Social\u00bb button_url=\u00bbhttp:\/\/www.ind.cl\u00bb url_new_window=\u00bbon\u00bb \/][\/et_pb_column][\/et_pb_row][\/et_pb_section]<\/p>\n","protected":false},"excerpt":{"rendered":"<p>Prueba incluy\u00f3 trote y bicicleta en un radio de 8 k.<\/p>\n","protected":false},"author":1,"featured_media":79449,"comment_status":"closed","ping_status":"closed","sticky":false,"template":"","format":"standard","meta":{"_et_pb_use_builder":"on","_et_pb_old_content":"<p>23 internos del Centro Penitenciario de Valpara\u00edso participaron el 25 de abril de la segunda edici\u00f3n de la corrida y primera duatl\u00f3n del recinto, actividad que contempl\u00f3 un circuito total de 8 kil\u00f3metros y en la que triunf\u00f3 el estudiante del Instituto Tecnol\u00f3gico Allan Banda.<\/p><p>La actividad consisti\u00f3 en cuatro vueltas trotando alrededor de la l\u00ednea de fuego del CP Valpara\u00edso, -algo que en general no se habilita a los internos-, adem\u00e1s de cuatro vueltas m\u00e1s de bicicleta, las que fueron\u00a0aportadas por el <a href=\"https:\/\/movimientofuriososciclistas.cl\" target=\"_blank\" rel=\"noopener\">Movimiento Furiosos Ciclistas<\/a>, adem\u00e1s de una vuelta m\u00e1s de trote. Al antes mencionado estudiante interno de la UPLA, le secundaron\u00a0Joaqu\u00edn Campos y Juan Sandoval.<\/p><p>En la ocasi\u00f3n, la secretaria regional ministerial de Justicia, Amaia Arraztoa Larrondo manifest\u00f3 que \u201cEn primer lugar me gustar\u00eda felicitar esta iniciativa,\u00a0que une a instituciones p\u00fablicas y privadas con un mismo fin, que es entregar un momento de\u00a0entretenimiento, deporte y vida sana, y trabajar por la reinserci\u00f3n social. El deporte es una<br \/>herramienta para cambiar el destino de muchas personas\u201d.<\/p><p>La diputada Erika Olivera destac\u00f3\u00a0la iniciativa, precisando que \"le\u00a0sirve mucho a los internos y a quienes presencian esto. Los chiquillos demostraron que disfrutan\u00a0con esto, que lo pasan bien y es rico compartir con ellos sobre todo en algo deporte. El deporte en\u00a0la vida de las personas significa mucho, y no solo en mantenerse bien sino como herramienta de\u00a0movilidad de superaci\u00f3n y eso es algo que ellos necesitan\u201d.<\/p><p>Alan Banda, ganador de la competencia, es estudiante de segundo a\u00f1o de la carrera de T\u00e9cnico en Administraci\u00f3n Log\u00edstica del Instituto Tecnol\u00f3gico de la UPLA y al respecto detall\u00f3 que \u201cel a\u00f1o pasado sal\u00ed segundo en los 10 kil\u00f3metros, y esta vez pude ganar. Se lo dedico a mi hermano que est\u00e1 en el cielo. Lo m\u00e1s dif\u00edcil fue la \u00faltima vuelta, ya que ven\u00eda de cuatro vueltas en bicicleta. Di el m\u00e1ximo y pude ganar. Yo quer\u00eda llegar a la meta y estaba mentalmente preparado que pod\u00eda ganar y adem\u00e1s gan\u00e9 muchas apuestas que hab\u00eda hecho. Ojala esto se siga repitiendo. Es un poco de libertad que nos regalan, y el deporte hace muy bien\u201d.<\/p><p>El coronel Eduardo Mu\u00f1oz, Director Regional de Gendarmer\u00eda, hizo un balance de la actividad al afirmar que\u00a0\u201cEsta es la segunda vez que se realiza esta actividad in\u00e9dita en Chile y tuvo una magnifica\u00a0organizaci\u00f3n. El desempe\u00f1o de los internos fue reconocido por todos as\u00ed que estamos muy\u00a0contentos. Todo lo que tenga que ver con la intervenci\u00f3n en arte, cultura y deporte siempre va ser\u00a0bienvenido por lo que son espacios que generan identidad, trabajo en equipo y responsabilidad\u201d.<\/p>","_et_gb_content_width":"","_joinchat":[],"footnotes":""},"categories":[2,8],"tags":[],"class_list":["post-79448","post","type-post","status-publish","format-standard","has-post-thumbnail","hentry","category-noticias","category-novedades"],"_links":{"self":[{"href":"https:\/\/www.upla.cl\/institutotecnologico\/wp-json\/wp\/v2\/posts\/79448","targetHints":{"allow":["GET"]}}],"collection":[{"href":"https:\/\/www.upla.cl\/institutotecnologico\/wp-json\/wp\/v2\/posts"}],"about":[{"href":"https:\/\/www.upla.cl\/institutotecnologico\/wp-json\/wp\/v2\/types\/post"}],"author":[{"embeddable":true,"href":"https:\/\/www.upla.cl\/institutotecnologico\/wp-json\/wp\/v2\/users\/1"}],"replies":[{"embeddable":true,"href":"https:\/\/www.upla.cl\/institutotecnologico\/wp-json\/wp\/v2\/comments?post=79448"}],"version-history":[{"count":1,"href":"https:\/\/www.upla.cl\/institutotecnologico\/wp-json\/wp\/v2\/posts\/79448\/revisions"}],"predecessor-version":[{"id":79451,"href":"https:\/\/www.upla.cl\/institutotecnologico\/wp-json\/wp\/v2\/posts\/79448\/revisions\/79451"}],"wp:featuredmedia":[{"embeddable":true,"href":"https:\/\/www.upla.cl\/institutotecnologico\/wp-json\/wp\/v2\/media\/79449"}],"wp:attachment":[{"href":"https:\/\/www.upla.cl\/institutotecnologico\/wp-json\/wp\/v2\/media?parent=79448"}],"wp:term":[{"taxonomy":"category","embeddable":true,"href":"https:\/\/www.upla.cl\/institutotecnologico\/wp-json\/wp\/v2\/categories?post=79448"},{"taxonomy":"post_tag","embeddable":true,"href":"https:\/\/www.upla.cl\/institutotecnologico\/wp-json\/wp\/v2\/tags?post=79448"}],"curies":[{"name":"wp","href":"https:\/\/api.w.org\/{rel}","templated":true}]}}