{"id":79441,"date":"2018-04-24T17:57:17","date_gmt":"2018-04-24T20:57:17","guid":{"rendered":"http:\/\/www.upla.cl\/institutotecnologico\/?p=79441"},"modified":"2018-04-24T17:57:17","modified_gmt":"2018-04-24T20:57:17","slug":"este-miercoles-daremos-la-bienvenida-oficial-a-nuestros-estudiantes-del-instituto-tecnologico","status":"publish","type":"post","link":"https:\/\/www.upla.cl\/institutotecnologico\/2018\/04\/24\/este-miercoles-daremos-la-bienvenida-oficial-a-nuestros-estudiantes-del-instituto-tecnologico\/","title":{"rendered":"Este mi\u00e9rcoles daremos la bienvenida oficial a nuestros estudiantes del Instituto Tecnol\u00f3gico"},"content":{"rendered":"<p>[et_pb_section bb_built=\u00bb1&#8243;][et_pb_row _builder_version=\u00bb3.1.1&#8243; use_custom_gutter=\u00bbon\u00bb gutter_width=\u00bb3&#8243;][et_pb_column type=\u00bb3_4&#8243;][et_pb_text _builder_version=\u00bb3.1.1&#8243;]<\/p>\n<p>El encargado de Vinculaci\u00f3n con el Medio del Instituto Tecnol\u00f3gico de la Universidad de Playa Ancha, Rodrigo Alarc\u00f3n Mandujano, dio a conocer que la tradicional Celebraci\u00f3n de Bienvenida a los Estudiantes de las carreras t\u00e9cnicas se llevar\u00e1 a efecto el mi\u00e9rcoles 25 de abril, a partir de las 20.00 horas.<\/p>\n<p>De acuerdo a lo informado, la actividad se realizar\u00e1 en el Patio de Piedra del edificio de Ciencias e Ingenier\u00eda, y se tiene contemplado en el programa la realizaci\u00f3n de concursos y degustaciones, para agasajar a los asistente. En palabras de Alarc\u00f3n, \u00abinvitamos a toda la comunidad universitaria a compartir este momento de encuentro entre nuestros estudiantes, cuerpo docente y administrativo y equipo de gesti\u00f3n del Instituto.\u00bb<\/p>\n<p>[\/et_pb_text][\/et_pb_column][et_pb_column type=\u00bb1_4&#8243;][et_pb_text _builder_version=\u00bb3.1.1&#8243; text_orientation=\u00bbright\u00bb]<\/p>\n<h4>Mi\u00e9rcoles 25 de abril.<\/h4>\n<h4>A partir de las 20.00 horas.<\/h4>\n<h4>Patio de Piedra del edificio de Ciencias e Ingenier\u00eda<\/h4>\n<p>[\/et_pb_text][\/et_pb_column][\/et_pb_row][\/et_pb_section]<\/p>\n","protected":false},"excerpt":{"rendered":"<p>As\u00ed lo inform\u00f3 el encargado de Vinculaci\u00f3n con el Medio, Rodrigo Alarc\u00f3n Mandujano.<\/p>\n","protected":false},"author":1,"featured_media":79442,"comment_status":"closed","ping_status":"closed","sticky":false,"template":"","format":"standard","meta":{"_et_pb_use_builder":"on","_et_pb_old_content":"","_et_gb_content_width":"","_joinchat":[],"footnotes":""},"categories":[2,8],"tags":[],"class_list":["post-79441","post","type-post","status-publish","format-standard","has-post-thumbnail","hentry","category-noticias","category-novedades"],"_links":{"self":[{"href":"https:\/\/www.upla.cl\/institutotecnologico\/wp-json\/wp\/v2\/posts\/79441","targetHints":{"allow":["GET"]}}],"collection":[{"href":"https:\/\/www.upla.cl\/institutotecnologico\/wp-json\/wp\/v2\/posts"}],"about":[{"href":"https:\/\/www.upla.cl\/institutotecnologico\/wp-json\/wp\/v2\/types\/post"}],"author":[{"embeddable":true,"href":"https:\/\/www.upla.cl\/institutotecnologico\/wp-json\/wp\/v2\/users\/1"}],"replies":[{"embeddable":true,"href":"https:\/\/www.upla.cl\/institutotecnologico\/wp-json\/wp\/v2\/comments?post=79441"}],"version-history":[{"count":1,"href":"https:\/\/www.upla.cl\/institutotecnologico\/wp-json\/wp\/v2\/posts\/79441\/revisions"}],"predecessor-version":[{"id":79443,"href":"https:\/\/www.upla.cl\/institutotecnologico\/wp-json\/wp\/v2\/posts\/79441\/revisions\/79443"}],"wp:featuredmedia":[{"embeddable":true,"href":"https:\/\/www.upla.cl\/institutotecnologico\/wp-json\/wp\/v2\/media\/79442"}],"wp:attachment":[{"href":"https:\/\/www.upla.cl\/institutotecnologico\/wp-json\/wp\/v2\/media?parent=79441"}],"wp:term":[{"taxonomy":"category","embeddable":true,"href":"https:\/\/www.upla.cl\/institutotecnologico\/wp-json\/wp\/v2\/categories?post=79441"},{"taxonomy":"post_tag","embeddable":true,"href":"https:\/\/www.upla.cl\/institutotecnologico\/wp-json\/wp\/v2\/tags?post=79441"}],"curies":[{"name":"wp","href":"https:\/\/api.w.org\/{rel}","templated":true}]}}