{"id":78923,"date":"2016-07-29T18:51:26","date_gmt":"2016-07-29T22:51:26","guid":{"rendered":"http:\/\/www.upla.cl\/institutotecnologico\/?p=78923"},"modified":"2016-07-29T18:51:26","modified_gmt":"2016-07-29T22:51:26","slug":"estudiantes-de-tecnico-en-mineria-del-instituto-tecnologico-de-la-upla-visitaron-mina-patricia","status":"publish","type":"post","link":"https:\/\/www.upla.cl\/institutotecnologico\/2016\/07\/29\/estudiantes-de-tecnico-en-mineria-del-instituto-tecnologico-de-la-upla-visitaron-mina-patricia\/","title":{"rendered":"Estudiantes de T\u00e9cnico en Miner\u00eda del Instituto Tecnol\u00f3gico de la UPLA visitaron \u201cMina Patricia\u201d"},"content":{"rendered":"<p>Un grupo de estudiantes de segundo y tercer a\u00f1o de la carrera de T\u00e9cnico en Miner\u00eda de Valpara\u00edso del Instituto Tecnol\u00f3gico Universidad de Playa Ancha visitaron el martes 26 de julio la \u00abMina Patricia\u00bb, ubicada en la comuna de Catemu.<\/p>\n<p>Los alumnos salieron desde Playa Ancha para comenzar su primera visita pr\u00e1ctica a un yacimiento minero, acompa\u00f1ados por el docente C\u00e9sar Ib\u00e1\u00f1ez, quien dirigi\u00f3 la expedici\u00f3n.<\/p>\n<p>Los estudiantes se mostraron muy interesados en\u00a0conocer y vivir la experiencia de estar en una mina de cobre subterr\u00e1nea, agradeciendo la oportunidad que les entreg\u00f3 el Instituto.<\/p>\n<p>De acuerdo a los organizadores de la visita a terreno, el objeto de estas salidas\u00a0es acercar a los estudiantes al mundo laboral y entregarles las herramientas con las que\u00a0se puedan desempe\u00f1ar en un futuro.<\/p>\n<p>Aqu\u00ed la galer\u00eda de im\u00e1genes de la visita:<\/p>\n<div class=\"et_pb_slider et_pb_slider_fullwidth_off et_pb_gallery_post_type\">\n\t\t\t\t<div class=\"et_pb_slides\">\n\t\t\t\t\t<div class=\"et_pb_slide\" style=\"background: url(https:\/\/www.upla.cl\/institutotecnologico\/wp-content\/uploads\/2016\/07\/20160726_115425-e1469832669724.jpg);\"><\/div><div class=\"et_pb_slide\" style=\"background: url(https:\/\/www.upla.cl\/institutotecnologico\/wp-content\/uploads\/2016\/07\/20160726_104756.jpg);\"><\/div><div class=\"et_pb_slide\" style=\"background: url(https:\/\/www.upla.cl\/institutotecnologico\/wp-content\/uploads\/2016\/07\/20160726_104805.jpg);\"><\/div><div class=\"et_pb_slide\" style=\"background: url(https:\/\/www.upla.cl\/institutotecnologico\/wp-content\/uploads\/2016\/07\/20160726_104809.jpg);\"><\/div><div class=\"et_pb_slide\" style=\"background: url(https:\/\/www.upla.cl\/institutotecnologico\/wp-content\/uploads\/2016\/07\/20160726_112222.jpg);\"><\/div><div class=\"et_pb_slide\" style=\"background: url(https:\/\/www.upla.cl\/institutotecnologico\/wp-content\/uploads\/2016\/07\/20160726_112256.jpg);\"><\/div><div class=\"et_pb_slide\" style=\"background: url(https:\/\/www.upla.cl\/institutotecnologico\/wp-content\/uploads\/2016\/07\/20160726_112316.jpg);\"><\/div><div class=\"et_pb_slide\" style=\"background: url(https:\/\/www.upla.cl\/institutotecnologico\/wp-content\/uploads\/2016\/07\/20160726_112952.jpg);\"><\/div>\n\t\t\t\t<\/div>\n\t\t\t<\/div>\n","protected":false},"excerpt":{"rendered":"<p>El 26 de julio, acompa\u00f1ados por el docente C\u00e9sar Ib\u00e1\u00f1ez, el curso se traslad\u00f3 a la localidad de Catemu para una experiencia en terreno. <\/p>\n","protected":false},"author":1,"featured_media":78931,"comment_status":"closed","ping_status":"closed","sticky":false,"template":"","format":"standard","meta":{"_et_pb_use_builder":"","_et_pb_old_content":"","_et_gb_content_width":"","_joinchat":[],"footnotes":""},"categories":[2,8],"tags":[],"class_list":["post-78923","post","type-post","status-publish","format-standard","has-post-thumbnail","hentry","category-noticias","category-novedades"],"_links":{"self":[{"href":"https:\/\/www.upla.cl\/institutotecnologico\/wp-json\/wp\/v2\/posts\/78923","targetHints":{"allow":["GET"]}}],"collection":[{"href":"https:\/\/www.upla.cl\/institutotecnologico\/wp-json\/wp\/v2\/posts"}],"about":[{"href":"https:\/\/www.upla.cl\/institutotecnologico\/wp-json\/wp\/v2\/types\/post"}],"author":[{"embeddable":true,"href":"https:\/\/www.upla.cl\/institutotecnologico\/wp-json\/wp\/v2\/users\/1"}],"replies":[{"embeddable":true,"href":"https:\/\/www.upla.cl\/institutotecnologico\/wp-json\/wp\/v2\/comments?post=78923"}],"version-history":[{"count":1,"href":"https:\/\/www.upla.cl\/institutotecnologico\/wp-json\/wp\/v2\/posts\/78923\/revisions"}],"predecessor-version":[{"id":78932,"href":"https:\/\/www.upla.cl\/institutotecnologico\/wp-json\/wp\/v2\/posts\/78923\/revisions\/78932"}],"wp:featuredmedia":[{"embeddable":true,"href":"https:\/\/www.upla.cl\/institutotecnologico\/wp-json\/wp\/v2\/media\/78931"}],"wp:attachment":[{"href":"https:\/\/www.upla.cl\/institutotecnologico\/wp-json\/wp\/v2\/media?parent=78923"}],"wp:term":[{"taxonomy":"category","embeddable":true,"href":"https:\/\/www.upla.cl\/institutotecnologico\/wp-json\/wp\/v2\/categories?post=78923"},{"taxonomy":"post_tag","embeddable":true,"href":"https:\/\/www.upla.cl\/institutotecnologico\/wp-json\/wp\/v2\/tags?post=78923"}],"curies":[{"name":"wp","href":"https:\/\/api.w.org\/{rel}","templated":true}]}}