{"id":165,"date":"2014-11-25T17:07:08","date_gmt":"2014-11-25T20:07:08","guid":{"rendered":"http:\/\/www.upla.cl\/institutotecnologico\/?p=165"},"modified":"2014-11-25T17:07:08","modified_gmt":"2014-11-25T20:07:08","slug":"anuncian-matricula-gratuita-para-primer-ano-de-carreras-tecnicas-de-la-upla","status":"publish","type":"post","link":"https:\/\/www.upla.cl\/institutotecnologico\/2014\/11\/25\/anuncian-matricula-gratuita-para-primer-ano-de-carreras-tecnicas-de-la-upla\/","title":{"rendered":"Anuncian matr\u00edcula gratuita para primer a\u00f1o de carreras t\u00e9cnicas de la UPLA"},"content":{"rendered":"<p><img loading=\"lazy\" decoding=\"async\" class=\"alignright  wp-image-67956\" src=\"http:\/\/www.upla.cl\/noticias\/wp-content\/uploads\/2014\/11\/Fernando-Rouliez1-240x300.jpg\" alt=\"Fernando Rouliez1\" width=\"286\" height=\"358\" \/>Con una in\u00e9dita medida, el Instituto Tecnol\u00f3gico de la Universidad de Playa Ancha \u201cIgnacio Domeyko\u201d, recibir\u00e1 a la pr\u00f3xima promoci\u00f3n de estudiantes que pasar\u00e1n a formar parte de esta unidad educativa. Y es que a todos quienes se inscriban a primer a\u00f1o entre noviembre\u00a0 y diciembre de este a\u00f1o (2015), se les aplicar\u00e1 una matr\u00edcula con costo cero. Mientras que, quienes se inscriban\u00a0 entre enero y marzo del pr\u00f3ximo a\u00f1o, deber\u00e1n cancelar solo el 50 por ciento del valor de la matr\u00edcula.<\/p>\n<p>La informaci\u00f3n la dio a conocer Fernando Rouliez, director del instituto, quien precis\u00f3 que dicha medida se adopt\u00f3 para entregar mayores facilidades a quienes quieran iniciar una carrera t\u00e9cnica en la Universidad de Playa Ancha y, adem\u00e1s, para desarrollar una propuesta m\u00e1s competitiva entre quienes imparten educaci\u00f3n t\u00e9cnica superior en la zona.<\/p>\n<p>\u201cComo Universidad de Playa Ancha estamos siempre buscando todos los mecanismos que permitan generar las mejores oportunidades a quienes desean ingresar a alguna de nuestras carreras. Por ello, contaremos con esta gratuidad en la matr\u00edcula en un per\u00edodo determinado. Sin duda, es una medida que nos permite ser m\u00e1s competitivos frente a otras ofertas de instituciones de educaci\u00f3n superior, que no necesariamente son p\u00fablicas\u201d.<\/p>\n<p><strong>-Cu\u00e1l es el mensaje que hace entonces a los j\u00f3venes que est\u00e1n evaluando seguir una carrera t\u00e9cnica?<\/strong><\/p>\n<p>\u201cQue se acerquen y conversemos. Que conozcan nuestra oferta acad\u00e9mica, tanto\u00a0 en Valpara\u00edso como en San Felipe, porque como universidad p\u00fablica queremos\u00a0 que no haya obst\u00e1culos para el acceso. Ya est\u00e1n los mecanismos para recibir su matr\u00edcula costo cero y ser parte del Instituto Tecnol\u00f3gico de la Universidad de Playa Ancha. Este esp\u00edritu responde a nuestra misi\u00f3n p\u00fablica, la que queremos fortalecer porque estamos comprometidos\u00a0 con el sue\u00f1o de superaci\u00f3n de las personas\u201d.<\/p>\n<ul>\n<li>Sigue leyendo la entrevista al director del Instituto <a href=\"http:\/\/www.upla.cl\/noticias\/2014\/11\/10\/anuncian-matricula-gratuita-para-primer-ano-de-carreras-tecnicas-de-la-upla\/\" target=\"_blank\">en www.upla.cl\/noticias<\/a>.<\/li>\n<li><a href=\"https:\/\/www.upla.cl\/institutotecnologico\/carreras\/\" target=\"_blank\">Conoce la oferta de carreras t\u00e9cnicas para el a\u00f1o 2015.<\/a><\/li>\n<\/ul>\n","protected":false},"excerpt":{"rendered":"<p>Director, Fernando Rouliez, subray\u00f3 que in\u00e9dita medida, se resolvi\u00f3 para hacer m\u00e1s competitiva la oferta acad\u00e9mica del Instituto Tecnol\u00f3gico.<\/p>\n","protected":false},"author":1,"featured_media":166,"comment_status":"closed","ping_status":"closed","sticky":false,"template":"","format":"standard","meta":{"_et_pb_use_builder":"","_et_pb_old_content":"","_et_gb_content_width":"","_joinchat":[],"footnotes":""},"categories":[8],"tags":[],"class_list":["post-165","post","type-post","status-publish","format-standard","has-post-thumbnail","hentry","category-novedades"],"_links":{"self":[{"href":"https:\/\/www.upla.cl\/institutotecnologico\/wp-json\/wp\/v2\/posts\/165","targetHints":{"allow":["GET"]}}],"collection":[{"href":"https:\/\/www.upla.cl\/institutotecnologico\/wp-json\/wp\/v2\/posts"}],"about":[{"href":"https:\/\/www.upla.cl\/institutotecnologico\/wp-json\/wp\/v2\/types\/post"}],"author":[{"embeddable":true,"href":"https:\/\/www.upla.cl\/institutotecnologico\/wp-json\/wp\/v2\/users\/1"}],"replies":[{"embeddable":true,"href":"https:\/\/www.upla.cl\/institutotecnologico\/wp-json\/wp\/v2\/comments?post=165"}],"version-history":[{"count":1,"href":"https:\/\/www.upla.cl\/institutotecnologico\/wp-json\/wp\/v2\/posts\/165\/revisions"}],"predecessor-version":[{"id":168,"href":"https:\/\/www.upla.cl\/institutotecnologico\/wp-json\/wp\/v2\/posts\/165\/revisions\/168"}],"wp:featuredmedia":[{"embeddable":true,"href":"https:\/\/www.upla.cl\/institutotecnologico\/wp-json\/wp\/v2\/media\/166"}],"wp:attachment":[{"href":"https:\/\/www.upla.cl\/institutotecnologico\/wp-json\/wp\/v2\/media?parent=165"}],"wp:term":[{"taxonomy":"category","embeddable":true,"href":"https:\/\/www.upla.cl\/institutotecnologico\/wp-json\/wp\/v2\/categories?post=165"},{"taxonomy":"post_tag","embeddable":true,"href":"https:\/\/www.upla.cl\/institutotecnologico\/wp-json\/wp\/v2\/tags?post=165"}],"curies":[{"name":"wp","href":"https:\/\/api.w.org\/{rel}","templated":true}]}}