{"id":121553,"date":"2019-01-24T12:24:11","date_gmt":"2019-01-24T15:24:11","guid":{"rendered":"https:\/\/www.upla.cl\/noticias\/?p=121553"},"modified":"2019-01-24T12:24:11","modified_gmt":"2019-01-24T15:24:11","slug":"con-gran-solemnidad-upla-titulo-a-sus-nuevos-profesionales","status":"publish","type":"post","link":"https:\/\/www.upla.cl\/institutotecnologico\/2019\/01\/24\/con-gran-solemnidad-upla-titulo-a-sus-nuevos-profesionales\/","title":{"rendered":"Con gran solemnidad UPLA titul\u00f3 a sus nuevos profesionales"},"content":{"rendered":"<p>&nbsp;<\/p>\n<p><a href=\"https:\/\/www.upla.cl\/noticias\/wp-content\/uploads\/2019\/01\/31Facultad-de-Arte-8.01-16.00-horas.jpg\"><img loading=\"lazy\" decoding=\"async\" class=\"aligncenter wp-image-121586 size-full\" src=\"https:\/\/www.upla.cl\/noticias\/wp-content\/uploads\/2019\/01\/31Facultad-de-Arte-8.01-16.00-horas.jpg\" alt=\"\" width=\"640\" height=\"392\" \/><\/a>Veintitr\u00e9s ceremonias, realizadas entre el 5 y el 21 de enero, concretaron la entrega de sus t\u00edtulos a los nuevos profesionales de la <a href=\"https:\/\/www.upla.cl\/portada\/\"><strong>Universidad de Playa Ancha.<\/strong><\/a><\/p>\n<p>Fueron en total 1210 graduados contemplando las carreras de pregrado y t\u00e9cnicas de los <strong>campus Valpara\u00edso y San Felipe<\/strong>, entre ellos destacaron quienes obtuvieron las m\u00e1s altas calificaciones de su promoci\u00f3n, haci\u00e9ndose merecedores de la medalla UPLA, ellos fueron <strong>Mar\u00eda Fernanda N\u00fa\u00f1ez Westermerier, t\u00edtulo de profesor de Educaci\u00f3n B\u00e1sica con menci\u00f3n en Lengua Castellana y Comunicaci\u00f3n; Nelson Enrique Atienza Cruz, t\u00edtulo de T\u00e9cnico de Nivel Superior en Enfermer\u00eda; Valeria de Lourdes Mu\u00f1oz Ticona, el t\u00edtulo de Profesor de Castellano, premio Upla San Felipe y Soledad del Pilar Tapia Olivares, t\u00edtulo de T\u00e9cnico de Nivel Superior en Administraci\u00f3n de Recursos Humanos, San Felipe.<\/strong><\/p>\n<p><strong>Eliana Pe\u00f1a, <a href=\"https:\/\/www.upla.cl\/titulosygrados\/\">Jefa de la Oficina de T\u00edtulos y Grados<\/a><\/strong> de la universidad, unidad encargada de realizar las titulaciones, se manifest\u00f3 satisfecha por la solemnidad reflejada en cada una de las ceremonias y el orgullo de los graduados y familiares: \u201cQuiero destacar, sobre todo, en los discursos de agradecimiento de los titulados la satisfacci\u00f3n y alegr\u00eda por finalizar una etapa, y por sobre todo la calidad humana que se reconoce como una impronta de nuestra universidad\u201d.<\/p>\n<p>Finalmente, <strong>Eliana Pe\u00f1a,<\/strong> explic\u00f3 que uno de los momentos m\u00e1s importantes de las ceremonias lo constituy\u00f3 la toma de juramento, por parte <strong>Secretario General de la universidad, Jorge S\u00e1nchez Valencia,<\/strong> quien en su calidad de ministro de fe, insta a los nuevos profesionales a ejercer con \u00e9tica y pensando en el bien com\u00fan.<\/p>\n<p>&nbsp;<\/p>\n<h5><strong>Galer\u00eda de los\u00a0 nuevos graduados<\/strong><\/h5>\n<div class=\"et_pb_slider et_pb_slider_fullwidth_off et_pb_gallery_post_type\">\n\t\t\t\t<div class=\"et_pb_slides\">\n\t\t\t\t\t\n\t\t\t\t<\/div>\n\t\t\t<\/div>\n","protected":false},"excerpt":{"rendered":"<p>Campus Valpara\u00edso y San Felipe realizaron sus ceremonias de titulaci\u00f3n de los estudiantes de pregrado y de las carreras t\u00e9cnicas.<\/p>\n","protected":false},"author":1,"featured_media":121667,"comment_status":"closed","ping_status":"closed","sticky":false,"template":"","format":"standard","meta":{"_et_pb_use_builder":"","_et_pb_old_content":"","_et_gb_content_width":"","_joinchat":[],"footnotes":""},"categories":[8],"tags":[],"class_list":["post-121553","post","type-post","status-publish","format-standard","has-post-thumbnail","hentry","category-novedades"],"_links":{"self":[{"href":"https:\/\/www.upla.cl\/institutotecnologico\/wp-json\/wp\/v2\/posts\/121553","targetHints":{"allow":["GET"]}}],"collection":[{"href":"https:\/\/www.upla.cl\/institutotecnologico\/wp-json\/wp\/v2\/posts"}],"about":[{"href":"https:\/\/www.upla.cl\/institutotecnologico\/wp-json\/wp\/v2\/types\/post"}],"author":[{"embeddable":true,"href":"https:\/\/www.upla.cl\/institutotecnologico\/wp-json\/wp\/v2\/users\/1"}],"replies":[{"embeddable":true,"href":"https:\/\/www.upla.cl\/institutotecnologico\/wp-json\/wp\/v2\/comments?post=121553"}],"version-history":[{"count":0,"href":"https:\/\/www.upla.cl\/institutotecnologico\/wp-json\/wp\/v2\/posts\/121553\/revisions"}],"wp:featuredmedia":[{"embeddable":true,"href":"https:\/\/www.upla.cl\/institutotecnologico\/wp-json\/"}],"wp:attachment":[{"href":"https:\/\/www.upla.cl\/institutotecnologico\/wp-json\/wp\/v2\/media?parent=121553"}],"wp:term":[{"taxonomy":"category","embeddable":true,"href":"https:\/\/www.upla.cl\/institutotecnologico\/wp-json\/wp\/v2\/categories?post=121553"},{"taxonomy":"post_tag","embeddable":true,"href":"https:\/\/www.upla.cl\/institutotecnologico\/wp-json\/wp\/v2\/tags?post=121553"}],"curies":[{"name":"wp","href":"https:\/\/api.w.org\/{rel}","templated":true}]}}