{"id":553,"date":"2023-06-13T09:56:55","date_gmt":"2023-06-13T13:56:55","guid":{"rendered":"https:\/\/www.upla.cl\/higieneyseguridad\/?p=553"},"modified":"2023-06-13T10:04:07","modified_gmt":"2023-06-13T14:04:07","slug":"concurso-viviendo-la-prevencion-2023","status":"publish","type":"post","link":"https:\/\/www.upla.cl\/higieneyseguridad\/2023\/06\/13\/concurso-viviendo-la-prevencion-2023\/","title":{"rendered":"Concurso Viviendo la Prevenci\u00f3n 2023"},"content":{"rendered":"\n<figure class=\"wp-block-image size-large\"><img loading=\"lazy\" decoding=\"async\" width=\"683\" height=\"1024\" src=\"https:\/\/www.upla.cl\/higieneyseguridad\/wp-content\/uploads\/2023\/06\/20230613_aficheconcursoits2023-683x1024.png\" alt=\"Afiche concurso Viviendo la prevenci\u00f3n 2023\" class=\"wp-image-558\" srcset=\"https:\/\/www.upla.cl\/higieneyseguridad\/wp-content\/uploads\/2023\/06\/20230613_aficheconcursoits2023-683x1024.png 683w, https:\/\/www.upla.cl\/higieneyseguridad\/wp-content\/uploads\/2023\/06\/20230613_aficheconcursoits2023-200x300.png 200w, https:\/\/www.upla.cl\/higieneyseguridad\/wp-content\/uploads\/2023\/06\/20230613_aficheconcursoits2023-768x1152.png 768w, https:\/\/www.upla.cl\/higieneyseguridad\/wp-content\/uploads\/2023\/06\/20230613_aficheconcursoits2023-1024x1536.png 1024w, https:\/\/www.upla.cl\/higieneyseguridad\/wp-content\/uploads\/2023\/06\/20230613_aficheconcursoits2023.png 1134w\" sizes=\"auto, (max-width: 683px) 100vw, 683px\" \/><\/figure>\n\n\n\n<p>En su&nbsp; b\u00fasqueda de promover la prevenci\u00f3n a todo nivel y sobre la base de la participaci\u00f3n de nuestras organizaciones adherentes, los Comit\u00e9s Paritarios de Higiene y Seguridad, los trabajadores y sus familias, IST invita a participar en el concurso anual \u201cViviendo la Prevenci\u00f3n\u201d en sus cuatro categor\u00edas<strong>:&nbsp;&nbsp;<\/strong><\/p>\n\n\n\n<ul class=\"wp-block-list\">\n<li><strong>Prevenci\u00f3n en Colores<\/strong>, Concurso de Afiches Preventivos<\/li>\n\n\n\n<li><strong>Prevenci\u00f3n en Palabras<\/strong>, Concurso de Cuentos Preventivos<\/li>\n\n\n\n<li><strong>Prevenci\u00f3n de Pel\u00edcula<\/strong>, Concurso de Microvideos Preventivos<\/li>\n\n\n\n<li><strong>Fortalecimiento del cuidado<\/strong>, Concurso de acciones preventivas<\/li>\n<\/ul>\n\n\n\n<p>Los trabajos se pueden entregar hasta las 18:00 horas del&nbsp;<strong>23 de junio de 2023<\/strong>,&nbsp;en la oficina zonal del IST o a la siguiente direcci\u00f3n mail:&nbsp;<a href=\"mailto:viviendolaprevencion@ist.cl\">viviendolaprevencion@ist.cl<\/a>&nbsp;&nbsp; o se pueden entregar directamente al profesional de prevenci\u00f3n de IST que atiende la empresa.<\/p>\n\n\n\n<ul class=\"wp-block-list\">\n<li><a href=\"https:\/\/ist.cl\/wp-content\/uploads\/2023\/03\/Bases-Concurso-2023.pdf\" target=\"_blank\" rel=\"noreferrer noopener\">Bases del concurso<\/a><\/li>\n\n\n\n<li><a href=\"https:\/\/ist.cl\/wp-content\/uploads\/2023\/03\/Ficha-Postulacion-Viviendo-la-Prevencion-2023.docx\" target=\"_blank\" rel=\"noreferrer noopener\">Ficha de postulaci\u00f3n<\/a><\/li>\n\n\n\n<li><a href=\"https:\/\/ist.cl\/concurso-viviendo-la-prevencion-2023\/\" target=\"_blank\" rel=\"noopener\">informaci\u00f3n en la web de IST<\/a><\/li>\n<\/ul>\n","protected":false},"excerpt":{"rendered":"<p>En su&nbsp; b\u00fasqueda de promover la prevenci\u00f3n a todo nivel y sobre la base de la participaci\u00f3n de nuestras organizaciones adherentes, los Comit\u00e9s Paritarios de Higiene y Seguridad, los trabajadores y sus familias, IST invita a participar en el concurso anual \u201cViviendo la Prevenci\u00f3n\u201d en sus cuatro categor\u00edas:&nbsp;&nbsp; Los trabajos se pueden entregar hasta las 18:00 horas del&nbsp;23 de junio de 2023,&nbsp;en la oficina zonal del IST o a la siguiente direcci\u00f3n mail:&nbsp;viviendolaprevencion@ist.cl&nbsp;&nbsp; o se pueden entregar directamente al profesional de prevenci\u00f3n de IST que atiende la empresa.<\/p>\n","protected":false},"author":3,"featured_media":0,"comment_status":"closed","ping_status":"closed","sticky":false,"template":"","format":"standard","meta":{"footnotes":""},"categories":[2],"tags":[],"class_list":["post-553","post","type-post","status-publish","format-standard","hentry","category-novedades"],"_links":{"self":[{"href":"https:\/\/www.upla.cl\/higieneyseguridad\/wp-json\/wp\/v2\/posts\/553","targetHints":{"allow":["GET"]}}],"collection":[{"href":"https:\/\/www.upla.cl\/higieneyseguridad\/wp-json\/wp\/v2\/posts"}],"about":[{"href":"https:\/\/www.upla.cl\/higieneyseguridad\/wp-json\/wp\/v2\/types\/post"}],"author":[{"embeddable":true,"href":"https:\/\/www.upla.cl\/higieneyseguridad\/wp-json\/wp\/v2\/users\/3"}],"replies":[{"embeddable":true,"href":"https:\/\/www.upla.cl\/higieneyseguridad\/wp-json\/wp\/v2\/comments?post=553"}],"version-history":[{"count":3,"href":"https:\/\/www.upla.cl\/higieneyseguridad\/wp-json\/wp\/v2\/posts\/553\/revisions"}],"predecessor-version":[{"id":560,"href":"https:\/\/www.upla.cl\/higieneyseguridad\/wp-json\/wp\/v2\/posts\/553\/revisions\/560"}],"wp:attachment":[{"href":"https:\/\/www.upla.cl\/higieneyseguridad\/wp-json\/wp\/v2\/media?parent=553"}],"wp:term":[{"taxonomy":"category","embeddable":true,"href":"https:\/\/www.upla.cl\/higieneyseguridad\/wp-json\/wp\/v2\/categories?post=553"},{"taxonomy":"post_tag","embeddable":true,"href":"https:\/\/www.upla.cl\/higieneyseguridad\/wp-json\/wp\/v2\/tags?post=553"}],"curies":[{"name":"wp","href":"https:\/\/api.w.org\/{rel}","templated":true}]}}