{"id":124323,"date":"2021-07-13T12:01:49","date_gmt":"2021-07-13T16:01:49","guid":{"rendered":"https:\/\/www.upla.cl\/desarrolloestudiantil\/?p=124323"},"modified":"2021-07-13T14:20:05","modified_gmt":"2021-07-13T18:20:05","slug":"conoce-a-los-ganadores-del-concurso-memes-conscientes","status":"publish","type":"post","link":"https:\/\/www.upla.cl\/desarrolloestudiantil\/2021\/07\/13\/conoce-a-los-ganadores-del-concurso-memes-conscientes\/","title":{"rendered":"Conoce a los ganadores del concurso \u201cMemes Conscientes\u201d"},"content":{"rendered":"<p>Con \u00e9xito culmin\u00f3 el concurso <strong>\u201cMemes Conscientes\u201d<\/strong>, organizado por el Programa Interuniversitario Consciente, dependiente del Consejo de Rectores de Valpara\u00edso (CRUV). Esta iniciativa cont\u00f3 con la participaci\u00f3n de 56 estudiantes de la Pontificia Universidad Cat\u00f3lica de Valpara\u00edso, Universidad T\u00e9cnica Federico Santa Mar\u00eda, Universidad de Valpara\u00edso y Universidad de Playa Ancha, quienes enviaron un total de 92 propuestas de memes.<\/p>\n<p>La oportunidad tuvo la finalidad de propiciar en los y las estudiantes la reflexi\u00f3n sobre el consumo problem\u00e1tico de alcohol y otras sustancias, y de una manera socio-l\u00fadica, generar material gr\u00e1fico que constituya un insumo para promover la gesti\u00f3n de riesgo en esta materia.<\/p>\n<p>Los resultados del concurso fueron publicados a trav\u00e9s de las redes sociales del programa, adem\u00e1s contactar a cada uno de los ganadores para la coordinaci\u00f3n de la entrega de sus premios. Se destaca que el primer lugar se adjudic\u00f3 $40.000 (cuarenta mil pesos), el segundo $30.000 (treinta mil pesos) y el tercero $20.000 (veinte mil pesos); mientras que las dos menciones honrosas obtuvieron $15.000 (quince mil pesos) cada una.<\/p>\n<p><strong><u>Ganadores:<\/u><\/strong><\/p>\n<ul>\n<li><strong>1\u00b0 lugar: Francisca Tapia Herrera, estudiante de la Universidad de Playa Ancha.<\/strong><\/li>\n<li><strong>2\u00b0 lugar:<\/strong> Natalia Alarc\u00f3n Leiva, estudiante de la Universidad de Valpara\u00edso.<\/li>\n<li><strong>3\u00b0 lugar:<\/strong> Benjam\u00edn Marambio Cruzat, estudiante de la Universidad de Valpara\u00edso.<\/li>\n<li><strong>Menci\u00f3n honrosa:<\/strong> Catarina Silva Godoy, estudiante de la Pontificia Universidad Cat\u00f3lica de Valpara\u00edso.<\/li>\n<li><strong>Menci\u00f3n honrosa<\/strong>: Nicole Duarte Aros, estudiante de la Universidad de Valpara\u00edso.<\/li>\n<\/ul>\n<p>A lo largo de este 2021, el Programa Interuniversitario Consciente CRUV continuar\u00e1 realizando concursos, por lo que invita a los y las estudiantes a mantenerse atentos y atentas a sus publicaciones.<\/p>\n<p>&nbsp;<\/p>\n<div id=\"attachment_124324\" style=\"width: 1090px\" class=\"wp-caption aligncenter\"><img loading=\"lazy\" decoding=\"async\" aria-describedby=\"caption-attachment-124324\" class=\"wp-image-124324 size-full\" src=\"https:\/\/www.upla.cl\/desarrolloestudiantil\/wp-content\/uploads\/2021\/07\/primer-lugar-upla.png\" alt=\"\" width=\"1080\" height=\"1080\" srcset=\"https:\/\/www.upla.cl\/desarrolloestudiantil\/wp-content\/uploads\/2021\/07\/primer-lugar-upla.png 1080w, https:\/\/www.upla.cl\/desarrolloestudiantil\/wp-content\/uploads\/2021\/07\/primer-lugar-upla-980x980.png 980w, https:\/\/www.upla.cl\/desarrolloestudiantil\/wp-content\/uploads\/2021\/07\/primer-lugar-upla-480x480.png 480w\" sizes=\"(min-width: 0px) and (max-width: 480px) 480px, (min-width: 481px) and (max-width: 980px) 980px, (min-width: 981px) 1080px, 100vw\" \/><p id=\"caption-attachment-124324\" class=\"wp-caption-text\"><strong>Primer Lugar<\/strong><\/p><\/div>\n<p>&nbsp;<\/p>\n<div id=\"attachment_124327\" style=\"width: 310px\" class=\"wp-caption aligncenter\"><img loading=\"lazy\" decoding=\"async\" aria-describedby=\"caption-attachment-124327\" class=\"size-medium wp-image-124327\" src=\"https:\/\/www.upla.cl\/desarrolloestudiantil\/wp-content\/uploads\/2021\/07\/segundo-lugar-UV-300x300.png\" alt=\"Segundo Lugar\" width=\"300\" height=\"300\" \/><p id=\"caption-attachment-124327\" class=\"wp-caption-text\"><strong>Segundo Lugar<\/strong><\/p><\/div>\n<div id=\"attachment_124328\" style=\"width: 310px\" class=\"wp-caption aligncenter\"><img loading=\"lazy\" decoding=\"async\" aria-describedby=\"caption-attachment-124328\" class=\"size-medium wp-image-124328\" src=\"https:\/\/www.upla.cl\/desarrolloestudiantil\/wp-content\/uploads\/2021\/07\/tercer-lugar-UV-300x300.png\" alt=\"\" width=\"300\" height=\"300\" \/><p id=\"caption-attachment-124328\" class=\"wp-caption-text\"><strong>Tercer Lugar<\/strong><\/p><\/div>\n<div id=\"attachment_124325\" style=\"width: 310px\" class=\"wp-caption aligncenter\"><img loading=\"lazy\" decoding=\"async\" aria-describedby=\"caption-attachment-124325\" class=\"size-medium wp-image-124325\" src=\"https:\/\/www.upla.cl\/desarrolloestudiantil\/wp-content\/uploads\/2021\/07\/mencion-honrosa-PUCV-300x300.jpg\" alt=\"\" width=\"300\" height=\"300\" \/><p id=\"caption-attachment-124325\" class=\"wp-caption-text\"><strong>Menci\u00f3n Honrosa 1<\/strong><\/p><\/div>\n<div id=\"attachment_124326\" style=\"width: 310px\" class=\"wp-caption aligncenter\"><img loading=\"lazy\" decoding=\"async\" aria-describedby=\"caption-attachment-124326\" class=\"size-medium wp-image-124326\" src=\"https:\/\/www.upla.cl\/desarrolloestudiantil\/wp-content\/uploads\/2021\/07\/mencion-honrosa-UV-300x300.png\" alt=\"\" width=\"300\" height=\"300\" \/><p id=\"caption-attachment-124326\" class=\"wp-caption-text\"><strong>Menci\u00f3n Honrosa 2<\/strong><\/p><\/div>\n<p>&nbsp;<\/p>\n<p>&nbsp;<\/p>\n","protected":false},"excerpt":{"rendered":"<p>Con \u00e9xito culmin\u00f3 el concurso \u201cMemes Conscientes\u201d, organizado por el Programa Interuniversitario Consciente, dependiente del Consejo de Rectores de Valpara\u00edso (CRUV). Esta iniciativa cont\u00f3 con la participaci\u00f3n de 56 estudiantes de la Pontificia Universidad Cat\u00f3lica de Valpara\u00edso, Universidad T\u00e9cnica Federico Santa Mar\u00eda, Universidad de Valpara\u00edso y Universidad de Playa Ancha, quienes enviaron un total de [&hellip;]<\/p>\n","protected":false},"author":2,"featured_media":124318,"comment_status":"closed","ping_status":"open","sticky":false,"template":"","format":"standard","meta":{"_et_pb_use_builder":"","_et_pb_old_content":"","_et_gb_content_width":"","footnotes":""},"categories":[8],"tags":[],"class_list":["post-124323","post","type-post","status-publish","format-standard","has-post-thumbnail","hentry","category-noticias"],"_links":{"self":[{"href":"https:\/\/www.upla.cl\/desarrolloestudiantil\/wp-json\/wp\/v2\/posts\/124323","targetHints":{"allow":["GET"]}}],"collection":[{"href":"https:\/\/www.upla.cl\/desarrolloestudiantil\/wp-json\/wp\/v2\/posts"}],"about":[{"href":"https:\/\/www.upla.cl\/desarrolloestudiantil\/wp-json\/wp\/v2\/types\/post"}],"author":[{"embeddable":true,"href":"https:\/\/www.upla.cl\/desarrolloestudiantil\/wp-json\/wp\/v2\/users\/2"}],"replies":[{"embeddable":true,"href":"https:\/\/www.upla.cl\/desarrolloestudiantil\/wp-json\/wp\/v2\/comments?post=124323"}],"version-history":[{"count":0,"href":"https:\/\/www.upla.cl\/desarrolloestudiantil\/wp-json\/wp\/v2\/posts\/124323\/revisions"}],"wp:featuredmedia":[{"embeddable":true,"href":"https:\/\/www.upla.cl\/desarrolloestudiantil\/wp-json\/wp\/v2\/media\/124318"}],"wp:attachment":[{"href":"https:\/\/www.upla.cl\/desarrolloestudiantil\/wp-json\/wp\/v2\/media?parent=124323"}],"wp:term":[{"taxonomy":"category","embeddable":true,"href":"https:\/\/www.upla.cl\/desarrolloestudiantil\/wp-json\/wp\/v2\/categories?post=124323"},{"taxonomy":"post_tag","embeddable":true,"href":"https:\/\/www.upla.cl\/desarrolloestudiantil\/wp-json\/wp\/v2\/tags?post=124323"}],"curies":[{"name":"wp","href":"https:\/\/api.w.org\/{rel}","templated":true}]}}