{"id":1171,"date":"2012-10-02T10:03:23","date_gmt":"2012-10-02T13:03:23","guid":{"rendered":"http:\/\/sitios.upla.cl\/dirgecal\/?p=1171"},"modified":"2020-01-15T13:19:18","modified_gmt":"2020-01-15T16:19:18","slug":"1171","status":"publish","type":"post","link":"https:\/\/www.upla.cl\/calidad\/2012\/10\/02\/1171\/","title":{"rendered":"Hasta el viernes 26 de octubre los estudiantes podr\u00e1n participar del Proceso de Evaluaci\u00f3n de la Docencia"},"content":{"rendered":"<p style=\"text-align: justify;\">\n<p style=\"text-align: justify;\">En el marco del<strong>\u00a0<\/strong><span style=\"color: #000000;\">Proceso de Evaluaci\u00f3n de la Docencia 2012<strong>,<\/strong><\/span>\u00a0iniciado el pasado 4 de septiembre con la autoevaluaci\u00f3n de la docencia, se informa que <span style=\"color: #000000;\">entre el 1 y <strong>26 de octubre<\/strong> se aplicar\u00e1 el <strong>\u201cCuestionario de Evaluaci\u00f3n de la Docencia a trav\u00e9s de la opini\u00f3n de los estudiantes\u201d<\/strong><\/span>. Este procedimiento forma parte del Proceso de Evaluaci\u00f3n y Calificaci\u00f3n del Desempe\u00f1o Acad\u00e9mico en cumplimiento del Decreto Exento 0417\/2007 , modificado por el Decreto Exento N\u00ba 1861\/2012.<\/p>\n<p style=\"text-align: justify;\"><span style=\"color: #000000;\">El cuestionario \u201cen l\u00ednea\u201d, estar\u00e1 disponible en el<\/span> <a href=\"http:\/\/sistemas.upla.cl\/portal_alumnos\/\" target=\"_blank\" rel=\"noopener noreferrer\">\u201cPortal del Alumno\u201d<\/a>, al cual cada usuario podr\u00e1 acceder con su respectiva cuenta. Tras ingresar al portal, el estudiante podr\u00e1 evaluar a cada docente que le realiz\u00f3 c\u00e1tedra durante el primer semestre de 2012.<\/p>\n<p style=\"text-align: justify;\">Dudas y consultas ser\u00e1n solucionadas y atendidas en correo <a href=\"mailto:evaluaciondocente@upla.cl\" target=\"_blank\" rel=\"noopener noreferrer\">evaluaciondocente@upla.cl<\/a><\/p>\n<p style=\"text-align: justify;\">Esta evaluaci\u00f3n es un deber, y tambi\u00e9n, un derecho de los estudiantes de la universidad, principales fuentes para comunicar la calidad de nuestra docencia.<\/p>\n<p style=\"text-align: justify;\">Este proceso se lleva a cabo semestralmente en la UPLA y permite determinar, por una parte, el trazado de objetivos, responsabilidades y carga acad\u00e9mica a mediano y largo plazo para los profesores de las distintas disciplinas impartidas por la Universidad, y por la otra, servir de base anal\u00edtica de la gesti\u00f3n y la calidad de los procesos de cada \u00e1rea del quehacer universitario.<\/p>\n<p style=\"text-align: justify;\">De gran importancia ser\u00e1, entonces, la participaci\u00f3n, de estudiantes y docentes, en estos procesos evaluativos ya que contribuyen al mejoramiento continuo del quehacer acad\u00e9mico de la\u00a0<span style=\"color: #000000;\">Universidad de Playa Ancha<strong>.<\/strong><\/span><\/p>\n","protected":false},"excerpt":{"rendered":"<p>Procedimiento forma parte del Proceso de Evaluaci\u00f3n y Calificaci\u00f3n del Desempe\u00f1o Acad\u00e9mico.<\/p>\n","protected":false},"author":2,"featured_media":0,"comment_status":"closed","ping_status":"closed","sticky":false,"template":"","format":"standard","meta":{"_et_pb_use_builder":"","_et_pb_old_content":"","_et_gb_content_width":"","footnotes":""},"categories":[2],"tags":[],"class_list":["post-1171","post","type-post","status-publish","format-standard","hentry","category-novedades"],"_links":{"self":[{"href":"https:\/\/www.upla.cl\/calidad\/wp-json\/wp\/v2\/posts\/1171","targetHints":{"allow":["GET"]}}],"collection":[{"href":"https:\/\/www.upla.cl\/calidad\/wp-json\/wp\/v2\/posts"}],"about":[{"href":"https:\/\/www.upla.cl\/calidad\/wp-json\/wp\/v2\/types\/post"}],"author":[{"embeddable":true,"href":"https:\/\/www.upla.cl\/calidad\/wp-json\/wp\/v2\/users\/2"}],"replies":[{"embeddable":true,"href":"https:\/\/www.upla.cl\/calidad\/wp-json\/wp\/v2\/comments?post=1171"}],"version-history":[{"count":2,"href":"https:\/\/www.upla.cl\/calidad\/wp-json\/wp\/v2\/posts\/1171\/revisions"}],"predecessor-version":[{"id":127790,"href":"https:\/\/www.upla.cl\/calidad\/wp-json\/wp\/v2\/posts\/1171\/revisions\/127790"}],"wp:attachment":[{"href":"https:\/\/www.upla.cl\/calidad\/wp-json\/wp\/v2\/media?parent=1171"}],"wp:term":[{"taxonomy":"category","embeddable":true,"href":"https:\/\/www.upla.cl\/calidad\/wp-json\/wp\/v2\/categories?post=1171"},{"taxonomy":"post_tag","embeddable":true,"href":"https:\/\/www.upla.cl\/calidad\/wp-json\/wp\/v2\/tags?post=1171"}],"curies":[{"name":"wp","href":"https:\/\/api.w.org\/{rel}","templated":true}]}}