{"id":4425,"date":"2016-03-29T10:35:26","date_gmt":"2016-03-29T13:35:26","guid":{"rendered":"http:\/\/www.upla.cl\/bibliotecas\/?p=4425"},"modified":"2016-07-08T10:48:26","modified_gmt":"2016-07-08T14:48:26","slug":"4425-2","status":"publish","type":"post","link":"https:\/\/www.upla.cl\/bibliotecas\/4425-2\/","title":{"rendered":"Exposici\u00f3n Francesa DESSINES EN LIBERT\u00c9"},"content":{"rendered":"<p>&nbsp;<\/p>\n<p>Exposici\u00f3n en la Galeria \u00abCrearte\u00bb del Sistema de Biblioteca,Universidad de Playa<\/p>\n<p>Ancha UPLA<\/p>\n<p>&nbsp;<\/p>\n<p>Muestra que\u00a0 llega desde\u00a0 Par\u00eds, Francia a trav\u00e9s del director de la Alianza<\/p>\n<p>Francesa y C\u00f3nsul de Francia el se\u00f1or Quentin Sonneville con el cual<\/p>\n<p>mantenemos una colaboraci\u00f3n exitosa y permanente de vinculaci\u00f3n e<\/p>\n<p>intercambio art\u00edstico y cultural.<\/p>\n<p>&nbsp;<\/p>\n<p>La muestra consiste en\u00a0 12 paneles de 1.20 X 2 m. con ilustraciones de diferentes<\/p>\n<p>de dise\u00f1adores y caricaturistas de prensa del mundo, con\u00a0 temas referidos a<\/p>\n<p>las tem\u00e1tica de; Libertad y Prensa, Libertad de Expresi\u00f3n y Derechos<\/p>\n<p>Humanos,Cambio Clim\u00e1tico,Racismo, Corrupci\u00f3n, Redes sociales Internet<\/p>\n<p>entre otros t\u00f3picos interesantes y muy actuales.<\/p>\n<p>&nbsp;<\/p>\n<p>Cito:<\/p>\n<p>\u201cDessines en libert\u00e9\u201d<\/p>\n<p>&nbsp;<\/p>\n<p>\u201cLa historia comienza en 1789 con la Declaraci\u00f3n de los derechos del hombre y<\/p>\n<p>del ciudadano. El art\u00edculo 11 reconoce \u201cLa libre comunicaci\u00f3n de pensamientos<\/p>\n<p>y opiniones\u201d, un derecho definitivamente adquirido por la ley sobre libertad<\/p>\n<p>de\u00a0 Prensa del 29 de julio de 1881\u2026\u201d<\/p>\n<p>&nbsp;<\/p>\n<p>Definitivamente temas de la m\u00e1s reciente contingencia que invade al planeta en<\/p>\n<p>sus desigualdades e injusticias terrenales y divinas, algo que capturan<\/p>\n<p>perfectamente el esp\u00edritu del ser humano estos artista e ilustradores del mundo,<\/p>\n<p>con geniales ilustraciones que evidencian el estado actual de nuestra sociedad por<\/p>\n<p>esta raz\u00f3n y muchas m\u00e1s se transforma en una visita obligada para toda nuestra<\/p>\n<p>comunidad, acad\u00e9micos, funcionarios alumnos y p\u00fablico en general en esta<\/p>\n<p>interesante actividad para el comienzo del a\u00f1o acad\u00e9mico, que sin duda ser\u00e1 de<\/p>\n<p>gran impacto para nuestra comunidad.<\/p>\n<p>&nbsp;<\/p>\n<p>La exposici\u00f3n est\u00e1 abierta al p\u00fablico desde 21de marzo hasta el 20 de abril en<\/p>\n<p>horarios de lunes a viernes de 9:00 a 21:00 horas y s\u00e1bados de 9:00 a 19:00<\/p>\n<p>horas continuas.<\/p>\n<p>&nbsp;<\/p>\n<p>\u201cGaleria Crearte\u201d Sistemas de Biblioteca UPLA.<\/p>\n<p>&nbsp;<\/p>\n<p>&nbsp;<\/p>\n<p>A continuaci\u00f3n una muestra de lo que ver\u00e1 en la galer\u00eda de la Biblioteca Central UPLA:<\/p>\n<ul>\n<li>\u201c<a href=\"http:\/\/www.upla.cl\/noticias\/wp-content\/uploads\/2016\/03\/dessins_en_liberte.pdf\">Dessins en libert\u00e9<\/a>\u201c<\/li>\n<li><a href=\"http:\/\/www.upla.cl\/noticias\/wp-content\/uploads\/2016\/03\/caricaturasenlibertad.pdf\">Traducci\u00f3n de textos<\/a>.<\/li>\n<\/ul>\n<p>&nbsp;<\/p>\n<div class=\"et_pb_slider et_pb_slider_fullwidth_off et_pb_gallery_post_type\">\n\t\t\t\t<div class=\"et_pb_slides\">\n\t\t\t\t\t<div class=\"et_pb_slide\" style=\"background: url(https:\/\/www.upla.cl\/bibliotecas\/wp-content\/uploads\/crearte.jpg);\"><\/div><div class=\"et_pb_slide\" style=\"background: url(https:\/\/www.upla.cl\/bibliotecas\/wp-content\/uploads\/crearte-6.jpg);\"><\/div><div class=\"et_pb_slide\" style=\"background: url(https:\/\/www.upla.cl\/bibliotecas\/wp-content\/uploads\/crearte-4.jpg);\"><\/div><div class=\"et_pb_slide\" style=\"background: url(https:\/\/www.upla.cl\/bibliotecas\/wp-content\/uploads\/crearte-3.jpg);\"><\/div><div class=\"et_pb_slide\" style=\"background: url(https:\/\/www.upla.cl\/bibliotecas\/wp-content\/uploads\/crearte-2.jpg);\"><\/div>\n\t\t\t\t<\/div>\n\t\t\t<\/div>\n<p>&nbsp;<br \/>\n<!-- INICIO DE BOTON DE TWITTER --><\/p>\n<p><a class=\"twitter-share-button\" href=\"https:\/\/twitter.com\/share\" data-url=\"https:\/\/www.upla.cl\/bibliotecas\/4425-2\/\" data-lang=\"es\" target=\"_blank\" rel=\"noopener\">Twittear<\/a><br \/>\n<script>\/\/ <![CDATA[\n!function(d,s,id){var js,fjs=d.getElementsByTagName(s)[0],p=\/^http:\/.test(d.location)?'http':'https';if(!d.getElementById(id)){js=d.createElement(s);js.id=id;js.src=p+':\/\/platform.twitter.com\/widgets.js';fjs.parentNode.insertBefore(js,fjs);}}(document, 'script', 'twitter-wjs');\n\/\/ ]]><\/script><\/p>\n<p><!-- FIN DEL BOTON DE TWITTER --><\/p>\n<p><!-- INICIO DEL BOTON DE FACEBOOK --><\/p>\n<div id=\"fb-root\"><\/div>\n<p><script>\/\/ <![CDATA[\n(function(d, s, id) {\n  var js, fjs = d.getElementsByTagName(s)[0];\n  if (d.getElementById(id)) return;\n  js = d.createElement(s); js.id = id;\n  js.src = \"\/\/connect.facebook.net\/es_LA\/sdk.js#xfbml=1&#038;version=v2.6\";\n  fjs.parentNode.insertBefore(js, fjs);\n}(document, 'script', 'facebook-jssdk'));\n\/\/ ]]><\/script><\/p>\n<div class=\"fb-like\" data-href=\"https:\/\/www.upla.cl\/bibliotecas\/4425-2\/\" data-layout=\"standard\" data-action=\"like\" data-show-faces=\"true\" data-share=\"true\"><\/div>\n<p><!-- FIN DEL BOTON DE FACEBOOK --><\/p>\n<p><!-- INICIO DEL BOTON DE GOOGLE + --><\/p>\n<p><!-- Inserta esta etiqueta en la secci\u00f3n \"head\" o justo antes de la etiqueta \"body\" de cierre. --><br \/>\n<script src=\"https:\/\/apis.google.com\/js\/platform.js\" async=\"\" defer=\"defer\">\/\/ <![CDATA[\n  {lang: 'es'}\n\/\/ ]]><\/script><\/p>\n<p><!-- Inserta esta etiqueta donde quieras que aparezca Bot\u00f3n +1. --><\/p>\n<div class=\"g-plusone\" data-size=\"medium\" data-annotation=\"inline\" data-width=\"300\" data-href=\"https:\/\/www.upla.cl\/bibliotecas\/4425-2\/\"><\/div>\n<p><!-- FIN DEL BOTON DE GOOGLE + --><\/p>\n<p>&nbsp;<\/p>\n","protected":false},"excerpt":{"rendered":"<p>&nbsp; Exposici\u00f3n en la Galeria \u00abCrearte\u00bb del Sistema de Biblioteca,Universidad de Playa Ancha UPLA &nbsp; Muestra que\u00a0 llega desde\u00a0 Par\u00eds, Francia a trav\u00e9s del director de la Alianza Francesa y C\u00f3nsul de Francia el se\u00f1or Quentin Sonneville con el cual mantenemos una colaboraci\u00f3n exitosa y permanente de vinculaci\u00f3n e intercambio art\u00edstico y cultural. &nbsp; La [&hellip;]<\/p>\n","protected":false},"author":15,"featured_media":4441,"comment_status":"closed","ping_status":"closed","sticky":false,"template":"","format":"standard","meta":{"_et_pb_use_builder":"","_et_pb_old_content":"","_et_gb_content_width":"","_uf_show_specific_survey":0,"_uf_disable_surveys":false,"footnotes":""},"categories":[1],"tags":[],"class_list":["post-4425","post","type-post","status-publish","format-standard","has-post-thumbnail","hentry","category-galeria"],"_links":{"self":[{"href":"https:\/\/www.upla.cl\/bibliotecas\/wp-json\/wp\/v2\/posts\/4425","targetHints":{"allow":["GET"]}}],"collection":[{"href":"https:\/\/www.upla.cl\/bibliotecas\/wp-json\/wp\/v2\/posts"}],"about":[{"href":"https:\/\/www.upla.cl\/bibliotecas\/wp-json\/wp\/v2\/types\/post"}],"author":[{"embeddable":true,"href":"https:\/\/www.upla.cl\/bibliotecas\/wp-json\/wp\/v2\/users\/15"}],"replies":[{"embeddable":true,"href":"https:\/\/www.upla.cl\/bibliotecas\/wp-json\/wp\/v2\/comments?post=4425"}],"version-history":[{"count":65,"href":"https:\/\/www.upla.cl\/bibliotecas\/wp-json\/wp\/v2\/posts\/4425\/revisions"}],"predecessor-version":[{"id":5472,"href":"https:\/\/www.upla.cl\/bibliotecas\/wp-json\/wp\/v2\/posts\/4425\/revisions\/5472"}],"wp:featuredmedia":[{"embeddable":true,"href":"https:\/\/www.upla.cl\/bibliotecas\/wp-json\/wp\/v2\/media\/4441"}],"wp:attachment":[{"href":"https:\/\/www.upla.cl\/bibliotecas\/wp-json\/wp\/v2\/media?parent=4425"}],"wp:term":[{"taxonomy":"category","embeddable":true,"href":"https:\/\/www.upla.cl\/bibliotecas\/wp-json\/wp\/v2\/categories?post=4425"},{"taxonomy":"post_tag","embeddable":true,"href":"https:\/\/www.upla.cl\/bibliotecas\/wp-json\/wp\/v2\/tags?post=4425"}],"curies":[{"name":"wp","href":"https:\/\/api.w.org\/{rel}","templated":true}]}}